{"data":[{"id":"9782322424986","title":"Hernani ou l'Honneur castillan : C\u00e9l\u00e8bre pi\u00e8ce de th\u00e9\u00e2tre de Victor Hugo","description":"R\u00c9SUM\u00c9 :\r\n\"Hernani ou l'Honneur castillan\" est une pi\u00e8ce de th\u00e9\u00e2tre embl\u00e9matique de Victor Hugo, qui incarne l'esprit du romantisme fran\u00e7ais du XIXe si\u00e8cle. L'intrigue se d\u00e9roule en Espagne et tourne autour de l'amour interdit entre Hernani, un noble banni devenu bandit, et Do\u00f1a Sol, promise au vieux duc Ruy Gomez. L'oeuvre explore les th\u00e8mes de l'honneur, de la vengeance et de la passion, tout en critiquant les conventions sociales et politiques de l'\u00e9poque. Hernani, en qu\u00eate de vengeance pour la mort de son p\u00e8re, est poursuivi par le roi Don Carlos, qui nourrit \u00e9galement des sentiments pour Do\u00f1a Sol. Les tensions montent alors que les personnages se retrouvent pris dans un tourbillon de trahisons et d'alliances inattendues. Le d\u00e9nouement tragique de la pi\u00e8ce, marqu\u00e9 par des dilemmes moraux et des sacrifices, illustre la complexit\u00e9 des \u00e9motions humaines et les paradoxes de l'honneur. La pi\u00e8ce est c\u00e9l\u00e8bre pour son style lyrique et son audace formelle, qui ont provoqu\u00e9 de vives r\u00e9actions lors de sa premi\u00e8re repr\u00e9sentation en 1830, marquant un tournant d\u00e9cisif dans l'histoire du th\u00e9\u00e2tre fran\u00e7ais.\r\nL'AUTEUR :\r\nVictor Hugo, n\u00e9 le 26 f\u00e9vrier 1802 \u00e0 Besan\u00e7on, est l'une des figures litt\u00e9raires les plus illustres de la France. Po\u00e8te, dramaturge, romancier et homme politique, Hugo a jou\u00e9 un r\u00f4le central dans le mouvement romantique. Son oeuvre prolifique inclut des chefs-d'oeuvre tels que \"Les Mis\u00e9rables\" et \"Notre-Dame de Paris\". En 1830, la premi\u00e8re de \"Hernani\" provoque une v\u00e9ritable \"bataille\" au sein de la Com\u00e9die-Fran\u00e7aise, symbolisant la rupture avec les r\u00e8gles classiques du th\u00e9\u00e2tre. Hugo a \u00e9galement \u00e9t\u00e9 un ardent d\u00e9fenseur des droits de l'homme et de la libert\u00e9 d'expression, s'opposant fermement \u00e0 Napol\u00e9on III, ce qui l'a conduit \u00e0 un exil volontaire \u00e0 Guernesey. Sa carri\u00e8re politique est marqu\u00e9e par son engagement en faveur de l'abolition de la peine de mort et de l'\u00e9ducation pour tous. Victor Hugo est d\u00e9c\u00e9d\u00e9 le 22 mai 1885 \u00e0 Paris, laissant derri\u00e8re lui un h\u00e9ritage litt\u00e9raire et humaniste inestimable, c\u00e9l\u00e9br\u00e9 \u00e0 travers le monde pour sa profondeur et sa vision.","authors":["Victor Hugo"],"category_codes":["1000000","1080000"],"visuals":{"large":"https:\/\/images.epagine.fr\/986\/9782322424986_1_75.jpg","medium":"https:\/\/images.epagine.fr\/986\/9782322424986_1_m.jpg","thumbnail":"https:\/\/images.epagine.fr\/986\/9782322424986_1_v.jpg"},"orderable":true,"show_badge":true,"formatted_price":"16,00&nbsp;\u20ac","formatted_published_date":"12 ao\u00fbt 2022","publisher_availability_label":"Sur commande","short_details":"Victor Hugo \u2014 Books on Demand","translator":null,"weight":233,"page_count":126,"readership":null,"editor":"Books on Demand","price":1600,"published_date":"2022-08-11T22:00:00.000000Z","support":"Grand format","publisher_availability":1,"stock":0,"editions":[],"url":"https:\/\/quaidesbrumes.com\/ouvrage\/9782322424986\/hernani-ou-lhonneur-castillan-celebre-piece-de-theatre-de-victor-hugo"},{"id":"9782812451140","title":"Th\u00e9\u00e2tre complet Tome 1 ; trag\u00e9dies","description":"Avant de ne se consacrer plus qu'\u00e0 l'op\u00e9ra, Philippe Quinault servit abondamment le th\u00e9\u00e2tre d\u00e9clam\u00e9 et composa, entre 1658 et 1671, quatre trag\u00e9dies: La Mort de Cyrus, Astrate, Pausanias et Bell\u00e9rophon. Ces pi\u00e8ces m\u00e9ritent d'\u00eatre r\u00e9examin\u00e9es \u00e0 l'aune de la th\u00e9orie et de la pratique dramatiques des ann\u00e9es 1660.","authors":["Philippe Quinault"],"category_codes":["1000000","1080000","1080200"],"visuals":{"large":"https:\/\/images.epagine.fr\/140\/9782812451140_1_75.jpg","medium":"https:\/\/images.epagine.fr\/140\/9782812451140_1_m.jpg","thumbnail":"https:\/\/images.epagine.fr\/140\/9782812451140_1_v.jpg"},"orderable":true,"show_badge":true,"formatted_price":"109,00&nbsp;\u20ac","formatted_published_date":"27 janvier 2016","publisher_availability_label":"Sur commande","short_details":"Philippe Quinault \u2014 CLASSIQUES GARNIER","translator":null,"weight":934,"page_count":613,"readership":null,"editor":"CLASSIQUES GARNIER","price":10900,"published_date":"2016-01-26T23:00:00.000000Z","support":"Grand format","publisher_availability":1,"stock":0,"editions":["9782812451133"],"url":"https:\/\/quaidesbrumes.com\/ouvrage\/9782812451140\/theatre-complet-tome-1-tragedies"},{"id":"9782322233717","title":"Secrets d'histoire Tome 10 ; la mort de C\u00e9sar - trag\u00e9die en trois actes de Voltaire","description":"Oeuvre peu connue de Voltaire, La Mort de C\u00e9sar est une trag\u00e9die de Voltaire de 1736, en 3 actes, et dont l'action se d\u00e9roule au capitole de Rome.  R\u00e9sum\u00e9 :  Jules C\u00e9sar est sur le point de prendre le pouvoir au S\u00e9nat de Rome. Il se confie \u00e0 Marc-Antoine, son fid\u00e8le ami, et lui r\u00e9v\u00e8le qu'il a eu un fils avec la soeur de Caton : Brutus. Ce dernier, ignorant son lien de paternit\u00e9 avec C\u00e9sar, est un disciple de Caton, fier et intransigeant d\u00e9fenseur de la R\u00e9publique de Rome. Il voit donc C\u00e9sar en futur dictateur et complote \u00e0 son assassinat.   Apr\u00e8s avoir pr\u00eat\u00e9 serment avec son sang avec les conjur\u00e9s, C\u00e9sar lui avoue sa paternit\u00e9. Mais il est trop tard, Brutus tente de convaincre C\u00e9sar d'abandonner son projet de devenir empereur, sans succ\u00e8s. Brutus, garant des valeurs de Rome, se trouve donc dans un profond dilemme, celui de laisser un dictateur prendre la t\u00eate de Rome ou commettre un parricide.  Ainsi, le jour du sacre de C\u00e9sar, C\u00e9sar est assassin\u00e9 par les conjur\u00e9s dont Brutus. Ensuite, devant la foule, les conjur\u00e9s ont le soutien du peuple qui dispara\u00eet apr\u00e8s le discours de Marc-Antoine qui vante les bienfaits et la grandeur de C\u00e9sar. La foule reconna\u00eet en C\u00e9sar le  p\u00e8re de l'\u00c9tat  et d\u00e9cide de  venger son tr\u00e9pas  par la mort des conjur\u00e9s...","authors":["Voltaire"],"category_codes":["1000000","1080000"],"visuals":{"large":"https:\/\/images.epagine.fr\/717\/9782322233717_1_75.jpg","medium":"https:\/\/images.epagine.fr\/717\/9782322233717_1_m.jpg","thumbnail":"https:\/\/images.epagine.fr\/717\/9782322233717_1_v.jpg"},"orderable":true,"show_badge":true,"formatted_price":"13,00&nbsp;\u20ac","formatted_published_date":"18 juin 2020","publisher_availability_label":"Sur commande","short_details":"Voltaire \u2014 Books on Demand","translator":null,"weight":301,"page_count":40,"readership":null,"editor":"Books on Demand","price":1300,"published_date":"2020-06-17T22:00:00.000000Z","support":"Grand format","publisher_availability":1,"stock":0,"editions":[],"url":"https:\/\/quaidesbrumes.com\/ouvrage\/9782322233717\/secrets-dhistoire-tome-10-la-mort-de-cesar-tragedie-en-trois-actes-de-voltaire"},{"id":"9782959513039","title":"Europa","description":"Davos, 1937. Alors que la menace d'un conflit arm\u00e9 g\u00e9n\u00e9ralis\u00e9 se pr\u00e9cise chaque jour, une femme apatride, en convalescence au sanatorium 'Europa',","authors":["Laurent Kiefer"],"category_codes":["1000000","1080000","1080500"],"visuals":{"large":"https:\/\/images.epagine.fr\/039\/9782959513039_1_75.jpg","medium":"https:\/\/images.epagine.fr\/039\/9782959513039_1_m.jpg","thumbnail":"https:\/\/images.epagine.fr\/039\/9782959513039_1_v.jpg"},"orderable":true,"show_badge":true,"formatted_price":"13,00&nbsp;\u20ac","formatted_published_date":"19 juillet 2025","publisher_availability_label":"Sur commande","short_details":"Laurent Kiefer \u2014 Laurent Kiefer","translator":null,"weight":174,"page_count":132,"readership":"Tout public","editor":"Laurent Kiefer","price":1300,"published_date":"2025-07-18T22:00:00.000000Z","support":"Grand format","publisher_availability":1,"stock":0,"editions":[],"url":"https:\/\/quaidesbrumes.com\/ouvrage\/9782959513039\/europa"},{"id":"9782810627226","title":"Le m\u00e9decin malgr\u00e9 lui : une pi\u00e8ce sur la pratique ill\u00e9gale de la m\u00e9decine et le charlatanisme m\u00e9dical au temps de Moli\u00e8re","description":"Le M\u00e9decin malgr\u00e9 lui est une pi\u00e8ce de th\u00e9\u00e2tre de Moli\u00e8re en trois actes de respectivement 5, 5 et 11 sc\u00e8nes en prose repr\u00e9sent\u00e9e pour la premi\u00e8re fois le 6 ao\u00fbt 1666 au Th\u00e9\u00e2tre du Palais-Royal, o\u00f9 elle obtint un grand succ\u00e8s. Reprenant des motifs issus de la com\u00e9die italienne d\u00e9j\u00e0 utilis\u00e9s dans Le M\u00e9decin volant et L'Amour m\u00e9decin, Moli\u00e8re y ajoute des \u00e9l\u00e9ments tir\u00e9s de la tradition de la farce fran\u00e7aise et de celle des fabliaux du Moyen \u00c2ge. La grivoiserie de certaines situations et la parodie des pratiques m\u00e9dicales de l'\u00e9poque, qui constituent les principaux th\u00e8mes du M\u00e9decin malgr\u00e9 lui, dissimulent une d\u00e9nonciation du charlatanisme, une satire de la cr\u00e9dulit\u00e9, voire une critique de la religion.Liste des personnagesSganarelle : mari de MartineMartine : femme de SganarelleMonsieur Robert : voisin de SganarelleVal\u00e8re : domestique de G\u00e9ronteLucas : mari de Jacqueline et domestique de G\u00e9ronteG\u00e9ronte : p\u00e8re de LucindeJacqueline : nourrice chez G\u00e9ronte et femme de LucasLucinde : fille de G\u00e9rontePerrin : fils de Thibaut, paysanThibaut : p\u00e8re de PerrinL\u00e9andre : amant de LucindeR\u00e9sum\u00e9Acte I : Une dispute \u00e9clate entre Sganarelle et Martine, querelle qui se termine par une bastonnade appliqu\u00e9e par le mari \u00e0 la femme. L'arriv\u00e9e de M. Robert, un voisin venu r\u00e9concilier les \u00e9poux, met un terme \u00e0 la dispute, Sganarelle et Martine se retournant contre lui. Celle-ci promet toutefois de se venger, tandis que son mari part chercher du bois. L'occasion lui en est donn\u00e9e par l'arriv\u00e9e de Val\u00e8re et de Lucas, les valets de G\u00e9ronte, \u00e0 la recherche d'un m\u00e9decin pour la fille de leur maitre. Martine leur d\u00e9signe Sganarelle, expliquant que ce dernier est un m\u00e9decin hors du commun, mais excentrique : il refuse en effet d'avouer ses talents en mati\u00e8re de m\u00e9decine \u00e0 moins de recevoir des coups de b\u00e2tons.Lorsque Sganarelle revient, les deux valets lui ayant demand\u00e9 s'il \u00e9tait bien m\u00e9decin, et Sganarelle l'ayant ni\u00e9, il re\u00e7oit une bastonnade \u00e0 l'issue de laquelle il accepte d'\u00eatre reconnu comme tel. Il sort en suivant les deux hommes.Acte II : G\u00e9ronte se lamente de la maladie de sa fille Lucinde, devenue muette, ce qui retarde son mariage avec Horace, l'\u00e9poux qu'il lui destine. Il refuse d'\u00e9couter les sages avis de Jacqueline, la nourrice de Lucinde (et femme de Lucas), qui tente de lui expliquer que la jeune femme se porterait mieux si son p\u00e8re lui permettait de se marier avec L\u00e9andre, le jeune homme dont elle est amoureuse. Mais L\u00e9andre n'est pas suffisamment riche aux yeux de G\u00e9ro","authors":["Moli\u00e8re"],"category_codes":["1000000","1080000"],"visuals":{"large":"https:\/\/images.epagine.fr\/226\/9782810627226_1_75.jpg","medium":"https:\/\/images.epagine.fr\/226\/9782810627226_1_m.jpg","thumbnail":"https:\/\/images.epagine.fr\/226\/9782810627226_1_v.jpg"},"orderable":true,"show_badge":true,"formatted_price":"9,00&nbsp;\u20ac","formatted_published_date":"12 juin 2021","publisher_availability_label":"Sur commande","short_details":"Moli\u00e8re \u2014 Books on Demand","translator":null,"weight":166,"page_count":106,"readership":null,"editor":"Books on Demand","price":900,"published_date":"2021-06-11T22:00:00.000000Z","support":"Grand format","publisher_availability":1,"stock":0,"editions":[],"url":"https:\/\/quaidesbrumes.com\/ouvrage\/9782810627226\/le-medecin-malgre-lui-une-piece-sur-la-pratique-illegale-de-la-medecine-et-le-charlatanisme-medical-au-temps-de-moliere"},{"id":"9782810626465","title":"Le Cid : une pi\u00e8ce de th\u00e9\u00e2tre en vers et alexandrins de Pierre Corneille","description":"Le Cid est une pi\u00e8ce de th\u00e9\u00e2tre tragi-comique en vers (alexandrins essentiellement) de Pierre Corneille dont la premi\u00e8re repr\u00e9sentation eut lieu le 7 janvier 1637 au th\u00e9\u00e2tre du Marais.Origine et inspirationSelon une tradition peu convaincante rapport\u00e9e par l'historien du th\u00e9\u00e2tre Pierre-Fran\u00e7ois Godard de Beauchamps, un conseiller \u00e0 la cour des comptes de Rouen, Rodrigue de Chalon, issu d'une famille espagnole, aurait initi\u00e9 Corneille \u00e0 la langue et la litt\u00e9rature espagnoles et lui aurait sugg\u00e9r\u00e9 la lecture d'une pi\u00e8ce de th\u00e9\u00e2tre de Guill\u00e9n de Castro Las Mocedades del Cid (Les Enfances du Cid) parue en 1631 et qui aurait inspir\u00e9 le dramaturge fran\u00e7ais.\r\n\r\nL'influence de Rodrigue de Chalon est incertaine, mais il est attest\u00e9 que Le Cid s'inspire fortement de la pi\u00e8ce de Guill\u00e9n de Castro, au point que Jean Mairet, dans une \u00e9p\u00eetre en vers anonyme, l'\u00ab Auteur du vrai Cid espagnol \u00bb, \u00e9crite au traducteur fran\u00e7ais de Guill\u00e9n de Castro, accuse Corneille de plagiat en mars 1637.\r\n\r\nPersonnages : Don Rodrigue (Rodrigue) : fils de Don Di\u00e8gue et amant de Chim\u00e8ne. Cid est un surnom de guerre qui ne sera rappel\u00e9 qu'aux actes IV et V et uniquement par le roi et l'Infante. Le personnage s'inspire de Rodrigo Diaz de Vivar.Chim\u00e8ne : fille de Don Gom\u00e8s et ma\u00eetresse de Don Sanche et de Don Rodrigue dont elle est aussi l'amante.Don Gom\u00e8s (le comte) : comte de Gormas et p\u00e8re de Chim\u00e8ne.Don Di\u00e8gue [de Bivar] : p\u00e8re de Don Rodrigue. Dona Urraque (l'Infante) : Infante de Castille, secr\u00e8tement amoureuse de Don Rodrigue.Don Fernand : premier roi de Castille.Don Sanche : amoureux de Chim\u00e8ne.Elvire : gouvernante de Chim\u00e8ne.L\u00e9onor : gouvernante de l'Infante. Don Arias et Don Alonse : gentilshommes castillans. Lors de la cr\u00e9ation, le r\u00f4le de Rodrigue \u00e9tait tenu par Montdory qui dirigeait la troupe du Marais. \u00c0 quarante-six ans, il \u00e9tait consid\u00e9r\u00e9 comme le plus grand acteur de son temps. Chim\u00e8ne \u00e9tait jou\u00e9e par la Villiers, l'Infante par la Beauchasteau, don Sanche par le Montrouge. \r\n\r\nR\u00e9sum\u00e9:\r\n\r\nDon Di\u00e8gue et Don Gom\u00e8s (comte de Gormas) projettent d'unir leurs enfants Rodrigue et Chim\u00e8ne, qui s'aiment. Mais le comte, jaloux de se voir pr\u00e9f\u00e9rer le vieux Don Di\u00e8gue pour le poste de pr\u00e9cepteur du prince, offense ce dernier en lui donnant une gifle (un \u00ab soufflet \u00bb dans le langage de l'\u00e9poque). Don Di\u00e8gue, trop vieux pour se venger par lui-m\u00eame, remet sa vengeance entre les mains de son fils Rodrigue qui, d\u00e9chir\u00e9 entre son amour et son devoir, finit par \u00e9couter...","authors":["Pierre Corneille"],"category_codes":["1000000","1080000","1080400"],"visuals":{"large":"https:\/\/images.epagine.fr\/465\/9782810626465_1_75.jpg","medium":"https:\/\/images.epagine.fr\/465\/9782810626465_1_m.jpg","thumbnail":"https:\/\/images.epagine.fr\/465\/9782810626465_1_v.jpg"},"orderable":true,"show_badge":true,"formatted_price":"9,99&nbsp;\u20ac","formatted_published_date":"21 juin 2021","publisher_availability_label":"Sur commande","short_details":"Pierre Corneille \u2014 Books on Demand","translator":null,"weight":132,"page_count":82,"readership":null,"editor":"Books on Demand","price":999,"published_date":"2021-06-20T22:00:00.000000Z","support":"Grand format","publisher_availability":1,"stock":0,"editions":[],"url":"https:\/\/quaidesbrumes.com\/ouvrage\/9782810626465\/le-cid-une-piece-de-theatre-en-vers-et-alexandrins-de-pierre-corneille"},{"id":"9782322425884","title":"Britannicus : une grande trag\u00e9die de 1669","description":"Agrippine, au petit matin, attend une entrevue avec son fils, l'empereur N\u00e9ron, qui, sans pr\u00e9venir sa m\u00e8re, vient d'enlever Junie, l'amante de Britannicus ; celui-ci, fils de Messaline et de Claude. Il est \u00e0 ce titre pr\u00e9tendant l\u00e9gitime au tr\u00f4ne ; mais Agrippine l'a \u00e9cart\u00e9 du pouvoir au profit de Neron, n\u00e9 d'un premier mariage avec Ahenobarbe.","authors":["Jean Racine"],"category_codes":["1000000","1080000"],"visuals":{"large":"https:\/\/images.epagine.fr\/884\/9782322425884_1_75.jpg","medium":"https:\/\/images.epagine.fr\/884\/9782322425884_1_m.jpg","thumbnail":"https:\/\/images.epagine.fr\/884\/9782322425884_1_v.jpg"},"orderable":true,"show_badge":true,"formatted_price":"14,00&nbsp;\u20ac","formatted_published_date":"22 juin 2022","publisher_availability_label":"Sur commande","short_details":"Jean Racine \u2014 Books on Demand","translator":null,"weight":135,"page_count":68,"readership":"\u00e0 partir de 12 ANS","editor":"Books on Demand","price":1400,"published_date":"2022-06-21T22:00:00.000000Z","support":"Grand format","publisher_availability":1,"stock":0,"editions":[],"url":"https:\/\/quaidesbrumes.com\/ouvrage\/9782322425884\/britannicus-une-grande-tragedie-de-1669"},{"id":"9782322425891","title":"Ph\u00e8dre : Ph\u00e8dre et Hippolyte","description":"Ph\u00e8dre, seconde femme de Th\u00e9s\u00e9e, roi d'Ath\u00e8nes, \u00e9prouve un amour criminel pour Hippolyte.  Cependant, Hippolyte annonce \u00e0 son gouverneur, Th\u00e9ram\u00e8ne, qu'il s'appr\u00eate \u00e0 quitter Tr\u00e9z\u00e8ne afin de se lancer \u00e0 la recherche de son p\u00e8re, le roi Th\u00e9s\u00e9e. Il lui confie \u00e9galement son amour interdit pour Aricie.","authors":["Jean Racine"],"category_codes":["1000000","1080000"],"visuals":{"large":"https:\/\/images.epagine.fr\/891\/9782322425891_1_75.jpg","medium":"https:\/\/images.epagine.fr\/891\/9782322425891_1_m.jpg","thumbnail":"https:\/\/images.epagine.fr\/891\/9782322425891_1_v.jpg"},"orderable":true,"show_badge":true,"formatted_price":"15,00&nbsp;\u20ac","formatted_published_date":"23 juin 2022","publisher_availability_label":"Sur commande","short_details":"Jean Racine \u2014 Books on Demand","translator":null,"weight":149,"page_count":76,"readership":"\u00e0 partir de 12 ANS","editor":"Books on Demand","price":1500,"published_date":"2022-06-22T22:00:00.000000Z","support":"Grand format","publisher_availability":1,"stock":0,"editions":[],"url":"https:\/\/quaidesbrumes.com\/ouvrage\/9782322425891\/phedre-phedre-et-hippolyte"},{"id":"9782322426133","title":"Cyrano de Bergerac : l'une des pi\u00e8ces les plus populaires du th\u00e9\u00e2tre fran\u00e7ais","description":"La sc\u00e8ne se d\u00e9roule en 1640 dans l'h\u00f4tel de Bourgogne, o\u00f9 un public nombreux et vari\u00e9 compos\u00e9 de bourgeois, de soldats, de voleurs et de petits marquis, va assister \u00e0 une repr\u00e9sentation de La Clorise, une pastorale de Balthazar Baro. On d\u00e9couvre Roxane, une jeune femme belle et distingu\u00e9e, Christian de Neuvillette, un jeune noble qui l'aime en secret et le comte De Guiche, qui cherche \u00e0 faire de Roxane sa ma\u00eetresse et veut la marier au vicomte de Valvert, ce \u00e0 quoi la jeune femme ne souscrit pas.","authors":["Edmond Rostand"],"category_codes":["1000000","1080000"],"visuals":{"large":"https:\/\/images.epagine.fr\/133\/9782322426133_1_75.jpg","medium":"https:\/\/images.epagine.fr\/133\/9782322426133_1_m.jpg","thumbnail":"https:\/\/images.epagine.fr\/133\/9782322426133_1_v.jpg"},"orderable":true,"show_badge":true,"formatted_price":"19,00&nbsp;\u20ac","formatted_published_date":"23 juin 2022","publisher_availability_label":"Sur commande","short_details":"Edmond Rostand \u2014 Books on Demand","translator":null,"weight":446,"page_count":252,"readership":"\u00e0 partir de 12 ANS","editor":"Books on Demand","price":1900,"published_date":"2022-06-22T22:00:00.000000Z","support":"Grand format","publisher_availability":1,"stock":0,"editions":[],"url":"https:\/\/quaidesbrumes.com\/ouvrage\/9782322426133\/cyrano-de-bergerac-lune-des-pieces-les-plus-populaires-du-theatre-francais"},{"id":"9782322457274","title":"Arlequin poli par l'amour","description":"Arlequin poli par l'amour met en sc\u00e8ne une f\u00e9e qui s'est \u00e9prise d'Arlequin. Il est si beau que la nature s'est retrouv\u00e9e \u00e9puis\u00e9e lorsqu'il a fallut lui donner une \u00e2me. La f\u00e9e cherche \u00e0 lui donner de l'esprit et, en d\u00e9finitive, fait le travail d'une autre.  La f\u00e9e, amoureuse d'Arlequin l'a fait transporter sur son \u00eele. Elle \u00e9pie son r\u00e9veil. Arlequin baille, et se rendort. Peu apr\u00e8s, il se r\u00e9veille et dit qu'il a faim. La f\u00e9e lui demande s'il n'est pas surpris de se retrouver dans un palais aupr\u00e8s d'elle. Mais Arlequin s'en moque   la f\u00e9e lui chante une chanson tendre mais il ne ressent en l'\u00e9coutant qu'un grand app\u00e9tit. Lorsqu'on danse pour l'amuser, il s'endort. Mais la balourdise d'Arlequin qui ne s'aper\u00e7oit pas de ses bont\u00e9s ne rebute pas la f\u00e9e.  La Berg\u00e8re Silvia est aim\u00e9 d'un berger qu'elle n'aime pas. Lorsqu'Arlequin et Silvia se rencontrent ils sont charm\u00e9s l'un par l'autre. Arlequin ramasse le mouchoir que Silvia laisse tomber en partant et le couvre de baiser. Lorsqu'Arlequin demande \u00e0 la f\u00e9e ce que l'on ressent quand on aime quelqu'un, il saute de joie car c'est exactement ce qu'il \u00e9prouve pour la berg\u00e8re. De son c\u00f4t\u00e9 Silvia demande au berger si une jeune fille peux se d\u00e9clarer \u00e0 celui qu'elle aime. Il lui r\u00e9pond qu'elle peut le laisser le deviner. Silvia dit \u00e0 Arlequin de ne pas croire ses refus s'il la courtise. La f\u00e9e jalouse tente de faire d\u00e9clarer \u00e0 Silvia qu'elle n'aime pas Arlequin. Cette derni\u00e8re voyant Arlequin pleurer finit par avouer qu'on lui fait dire des mensonges. Trivelin vient alors en aide aux deux amants en d\u00e9robant sa baguette \u00e0 la f\u00e9e. Les amants se marient alors devant elle sans qu'elle puisse s'y opposer.","authors":["Marivaux"],"category_codes":["1000000","1080000","1080500"],"visuals":{"large":"https:\/\/images.epagine.fr\/274\/9782322457274_1_75.jpg","medium":"https:\/\/images.epagine.fr\/274\/9782322457274_1_m.jpg","thumbnail":"https:\/\/images.epagine.fr\/274\/9782322457274_1_v.jpg"},"orderable":true,"show_badge":true,"formatted_price":"9,99&nbsp;\u20ac","formatted_published_date":"24 septembre 2022","publisher_availability_label":"Sur commande","short_details":"Marivaux \u2014 Books on Demand","translator":null,"weight":65,"page_count":34,"readership":null,"editor":"Books on Demand","price":999,"published_date":"2022-09-23T22:00:00.000000Z","support":"Grand format","publisher_availability":1,"stock":0,"editions":[],"url":"https:\/\/quaidesbrumes.com\/ouvrage\/9782322457274\/arlequin-poli-par-lamour"},{"id":"9782342015782","title":"La terre des sept","description":"\u00ab Dans une contr\u00e9e lointaine, sept grands royaumes vivaient en harmonie, se c\u00f4toyant lors des grandes c\u00e9l\u00e9brations et se r\u00e9unissant en assembl\u00e9e lorsqu'il y avait un probl\u00e8me \u00e9pineux \u00e0 r\u00e9soudre. \u00c0 l'ouest vivait le sultan Bamu ; au centre r\u00e9gnait l'\u00e9mir Abdul ; le couple du roi Denu et de la reine Posu poss\u00e9dait le nord ; le chef Sanku se contentait du sud ; la princesse Lumbu, la divine Gosu et l'imp\u00e9ratrice Hosu se partageaient les terres de l'est. Malheureusement, un matin, les souverains de ces sept royaumes se retrouvent dans un endroit inconnu, ils cherchent leurs terres respectives. Nous sommes en 2021, l'action se d\u00e9roule dans la ville disparue. \u00bb Une pi\u00e8ce de th\u00e9\u00e2tre o\u00f9 les assonances et les r\u00e9p\u00e9titions font office de langage proph\u00e9tique. De cette mani\u00e8re, l'auteure donne \u00e0 ses personnages des vertus symboliques, qu'ils se mettent vite \u00e0 exploiter malgr\u00e9 eux, au fil de dialogues dramatiques versifi\u00e9s. Marina Ondo aborde dans cette parabole, avec talent et humour, les th\u00e8mes de la survie de l'esp\u00e8ce et du vivre ensemble.","authors":["Marina Ondo"],"category_codes":["1000000","1080000"],"visuals":{"large":"https:\/\/images.epagine.fr\/782\/9782342015782_1_75.jpg","medium":"https:\/\/images.epagine.fr\/782\/9782342015782_1_m.jpg","thumbnail":"https:\/\/images.epagine.fr\/782\/9782342015782_1_v.jpg"},"orderable":true,"show_badge":true,"formatted_price":"12,00&nbsp;\u20ac","formatted_published_date":"19 novembre 2013","publisher_availability_label":"Sur commande","short_details":"Marina Ondo \u2014 Societe Des Ecrivains","translator":null,"weight":160,"page_count":118,"readership":null,"editor":"Societe Des Ecrivains","price":1200,"published_date":"2013-11-18T23:00:00.000000Z","support":"Grand format","publisher_availability":1,"stock":0,"editions":[],"url":"https:\/\/quaidesbrumes.com\/ouvrage\/9782342015782\/la-terre-des-sept"},{"id":"9782342023862","title":"La der des ders","description":"Manipulation, soumission ou incr\u00e9dulit\u00e9\u00a0: la guerre comme en 14, d'un petit village du bord de Marne jusqu'aux tombeaux ouverts du front... \u00ab\u00a0Ce que j'ai pu consommer de Bretons...\u00a0\u00bb disait Nivelle sans la moindre \u00e9motion, oubliant un peu vite que dans la poitrine de chacun d'entre eux, battait un coeur d'homme, qui avait tout autant que le sien le droit de continuer de battre... \u00c0 la veille du centenaire de cette grande boucherie de notre histoire nationale que fut la guerre de 1914-18, Alain Rou\u00e9 d\u00e9nonce avec un humour grin\u00e7ant la fa\u00e7on dont une fois de plus l'\u00c9tat s'est permis de consommer \u00e0 souhait la vie de centaines de milliers d'hommes. C'est sous la forme d'une pi\u00e8ce en cinq tableaux que l'auteur nous livre cette \u00ab Der des ders \u00bb, qui donne \u00e0 r\u00e9fl\u00e9chir sur ces mots de libert\u00e9, d'\u00e9galit\u00e9 et de fraternit\u00e9 dont notre r\u00e9publique semble si fi\u00e8re. Un bel hommage aux poilus sacrifi\u00e9s le plus souvent inutilement, par des officiers parfois incomp\u00e9tents, \u00e0 la botte de politiciens trop souvent cyniques et carri\u00e9ristes.","authors":["Alain Rou\u00e9"],"category_codes":["1000000","1080000"],"visuals":{"large":"https:\/\/images.epagine.fr\/862\/9782342023862_1_75.jpg","medium":"https:\/\/images.epagine.fr\/862\/9782342023862_1_m.jpg","thumbnail":"https:\/\/images.epagine.fr\/862\/9782342023862_1_v.jpg"},"orderable":true,"show_badge":true,"formatted_price":"13,95&nbsp;\u20ac","formatted_published_date":"18 mai 2014","publisher_availability_label":"Sur commande","short_details":"Alain Rou\u00e9 \u2014 Societe Des Ecrivains","translator":null,"weight":210,"page_count":136,"readership":null,"editor":"Societe Des Ecrivains","price":1395,"published_date":"2014-05-17T22:00:00.000000Z","support":"Grand format","publisher_availability":1,"stock":0,"editions":[],"url":"https:\/\/quaidesbrumes.com\/ouvrage\/9782342023862\/la-der-des-ders"},{"id":"9782734906872","title":"Le d\u00eener de Cond\u00e9","description":"Le Grand Cond\u00e9, tomb\u00e9 en disgr\u00e2ce, esp\u00e8re regagner les faveurs de son cousin Louis XIV en le conviant, lui et sa cour, en son ch\u00e2teau de Chantilly pour trois jours de festivit\u00e9s. Deux mille couverts doivent \u00eatre pr\u00eats en un temps record. Afin d'organiser cette somptueuse r\u00e9ception, Cond\u00e9 peut compter sur la cr\u00e8me des ma\u00eetres d'h\u00f4tel : Fran\u00e7ois Vatel. Mais ce dernier, flanqu\u00e9 d'une \u00e9quipe incontr\u00f4lable, n'est pas au bout de ses surprises. Entre coups tordus et coups du sort, les pr\u00e9paratifs s'av\u00e8rent plus tumultueux que pr\u00e9vu... Le Grand Cond\u00e9 rentrera-t-il en gr\u00e2ce ? Vatel parviendra-t-il \u00e0 relever le d\u00e9fi ? Et \u00e0 quel prix ?\r\n\r\nUne com\u00e9die (hyst\u00e9rique) historique qui nous plonge dans les coulisses de la grande cuisine fran\u00e7aise du XVIIe si\u00e8cle et rend hommage \u00e0 un personnage au destin exceptionnel : Fran\u00e7ois Vatel.","authors":["Sandrine Campese"],"category_codes":["1000000","1080000"],"visuals":{"large":"https:\/\/images.epagine.fr\/872\/9782734906872_1_75.jpg","medium":"https:\/\/images.epagine.fr\/872\/9782734906872_1_m.jpg","thumbnail":"https:\/\/images.epagine.fr\/872\/9782734906872_1_v.jpg"},"orderable":true,"show_badge":true,"formatted_price":"14,00&nbsp;\u20ac","formatted_published_date":"29 ao\u00fbt 2024","publisher_availability_label":"Sur commande","short_details":"Sandrine Campese \u2014 Librairie th\u00e9\u00e2trale","translator":null,"weight":198,"page_count":128,"readership":null,"editor":"Librairie th\u00e9\u00e2trale","price":1400,"published_date":"2024-08-28T22:00:00.000000Z","support":"Grand format","publisher_availability":1,"stock":0,"editions":[],"url":"https:\/\/quaidesbrumes.com\/ouvrage\/9782734906872\/le-diner-de-conde"},{"id":"9782322426393","title":"Chatterton : un drame romantique","description":"Cette pi\u00e8ce d'Alfred de Vigny se d\u00e9roule \u00e0 Londres, au XVIIIe si\u00e8cle. Elle retrace les derniers moments de Thomas Chatterton, personnage inspir\u00e9 du c\u00e9l\u00e8bre \u00e9crivain anglais, qui se suicide \u00e0 la veille de ses 18 ans parce qu'il n'arrive pas \u00e0 vivre de sa passion : la po\u00e9sie. Vigny transpose les faits historiques en pla\u00e7ant son h\u00e9ros dans une modeste chambre au sein d'une pension bourgeoise tenue par un industriel londonien terriblement mat\u00e9rialiste (John Bell), o\u00f9 d\u00e9filent de nobles universitaires imbus d'eux-m\u00eames.","authors":["Alfred de Vigny"],"category_codes":["1000000","1080000","1080500"],"visuals":{"large":"https:\/\/images.epagine.fr\/393\/9782322426393_1_75.jpg","medium":"https:\/\/images.epagine.fr\/393\/9782322426393_1_m.jpg","thumbnail":"https:\/\/images.epagine.fr\/393\/9782322426393_1_v.jpg"},"orderable":true,"show_badge":true,"formatted_price":"15,00&nbsp;\u20ac","formatted_published_date":"14 juin 2022","publisher_availability_label":"Sur commande","short_details":"Alfred de Vigny \u2014 Books on Demand","translator":null,"weight":139,"page_count":70,"readership":"\u00e0 partir de 12 ANS","editor":"Books on Demand","price":1500,"published_date":"2022-06-13T22:00:00.000000Z","support":"Grand format","publisher_availability":1,"stock":0,"editions":[],"url":"https:\/\/quaidesbrumes.com\/ouvrage\/9782322426393\/chatterton-un-drame-romantique"},{"id":"9782322425754","title":"Le chandelier : une piece de th\u00e9\u00e2tre d'Alfred Musset","description":"Le Chandelier est paru dans la Revue des deux Mondes en 1835. Il a ensuite \u00e9t\u00e9 mont\u00e9 au Th\u00e9\u00e2tre-Historique le 10 ao\u00fbt 1848. Une jeune actrice prometteuse, mademoiselle Maillet, remplissait le r\u00f4le de Jacqueline. Elle mourut quelques mois plus tard. La distribution des autres r\u00f4les \u00e9tait si d\u00e9fectueuse et l'ex\u00e9cution si insuffisante, que le public put \u00e0 peine comprendre la pi\u00e8ce. C'\u00e9tait une oeuvre trop d\u00e9licate pour attirer la foule au boulevard du Temple, elle disparut apr\u00e8s quelques repr\u00e9sentations. Le 29 juin 1850, il reparut sur l'affiche de la Com\u00e9die-Fran\u00e7aise, avec Delaunay dans le r\u00f4le de Fortunio et Allan dans le r\u00f4le de Jacqueline, et cette fois elle fut jou\u00e9e avec une rare perfection. C'est pourquoi on a consid\u00e9r\u00e9 les artistes de la Com\u00e9die-Fran\u00e7aise comme ayant cr\u00e9\u00e9 les r\u00f4les.\r\n\r\nCette histoire est celle du chandelier qui br\u00fble les doigts de celui qui l'avait allum\u00e9 : le notaire ma\u00eetre Andr\u00e9 est courrouc\u00e9 contre sa femme, la jeune et jolie Jacqueline, car un de ses clercs a vu un homme escalader son balcon. Il veut en acqu\u00e9rir la preuve pour mener la coupable en justice...\r\n\r\nAdaptations : \r\n\r\n\u00c0 l'op\u00e9ra-comique : \r\n\r\nEn 1861, Jacques Offenbach, qui a \u00e9crit la musique de sc\u00e8ne pour la production de la Com\u00e9die-Fran\u00e7aise, donne une suite \u00e0 la pi\u00e8ce sous la forme d'un op\u00e9ra-comique intitul\u00e9 La Chanson de Fortunio.\r\nEn 1907, Andr\u00e9 Messager \u00e9crit Fortunio, un op\u00e9ra-comique adapt\u00e9 de la pi\u00e8ce.\r\n\r\nAu cin\u00e9ma : \r\n\r\nEn 1910, Andr\u00e9 Calmettes r\u00e9alise pour le cin\u00e9ma une adaptation de la pi\u00e8ce sous le titre La M\u00e9saventure du capitaine Clavaroche.\r\n\r\n\u00c0 la t\u00e9l\u00e9vision : \r\n\r\nEn 1974, Paul Blouin r\u00e9alise pour la t\u00e9l\u00e9vision de Radio-Canada le t\u00e9l\u00e9th\u00e9\u00e2tre Le Chandelier, avec Daniel Gadouas.\r\nClaude Santelli r\u00e9alise Le Chandelier, un t\u00e9l\u00e9film diffus\u00e9 pour la premi\u00e8re fois le 17 d\u00e9cembre 1977.","authors":["Alfred de Musset"],"category_codes":["1000000","1080000"],"visuals":{"large":"https:\/\/images.epagine.fr\/754\/9782322425754_1_75.jpg","medium":"https:\/\/images.epagine.fr\/754\/9782322425754_1_m.jpg","thumbnail":"https:\/\/images.epagine.fr\/754\/9782322425754_1_v.jpg"},"orderable":true,"show_badge":true,"formatted_price":"8,50&nbsp;\u20ac","formatted_published_date":"11 juillet 2022","publisher_availability_label":"Sur commande","short_details":"Alfred de Musset \u2014 Books on Demand","translator":null,"weight":135,"page_count":68,"readership":null,"editor":"Books on Demand","price":850,"published_date":"2022-07-10T22:00:00.000000Z","support":"Grand format","publisher_availability":1,"stock":0,"editions":[],"url":"https:\/\/quaidesbrumes.com\/ouvrage\/9782322425754\/le-chandelier-une-piece-de-theatre-dalfred-musset"},{"id":"9782734907107","title":"Le premier homme","description":"Lui est prof de philo. Ma\u00eetre de la pens\u00e9e et du verbe, habitu\u00e9 \u00e0 discourir sur la sagesse et la vanit\u00e9 des choses, content de son quotidien en somme. Elle est cheffe d'entreprise. Elle m\u00e8ne de front une vie de d\u00e9cisions, d'action, et aussi de m\u00e8re et femme \u00ab parfaite \u00bb facilitant la vie de tous, sans qu'aucun des membres de la famille n'en ait vraiment conscience. Tout est normal. Et puis... Elle est nomm\u00e9e ministre. Presque par accident, pense-t-on, ou par jeu politique - il faut bien mettre des femmes, n'est-ce pas ? -, \u00e0 l'occasion d'un remaniement qui a conduit le pr\u00e9sident en place \u00e0 puiser dans le vivier de la soci\u00e9t\u00e9 civile. L'irruption inopin\u00e9e de la politique dans leur quotidien va rebattre les cartes de leurs identit\u00e9s masculines f\u00e9minines... et politiques ! Il va devenir \u00ab le premier homme \u00bb, comme d'autres \u00ab la premi\u00e8re dame \u00bb.\r\nBref, \u00e7a va piquer...\r\n","authors":["Hugues Leforestier"],"category_codes":["1000000","1080000"],"visuals":{"large":"https:\/\/images.epagine.fr\/107\/9782734907107_1_75.jpg","medium":"https:\/\/images.epagine.fr\/107\/9782734907107_1_m.jpg","thumbnail":"https:\/\/images.epagine.fr\/107\/9782734907107_1_v.jpg"},"orderable":true,"show_badge":true,"formatted_price":"10,00&nbsp;\u20ac","formatted_published_date":"11 juillet 2025","publisher_availability_label":"Sur commande","short_details":"Hugues Leforestier \u2014 Librairie th\u00e9\u00e2trale","translator":null,"weight":112,"page_count":66,"readership":"Tout public","editor":"Librairie th\u00e9\u00e2trale","price":1000,"published_date":"2025-07-10T22:00:00.000000Z","support":"Grand format","publisher_availability":1,"stock":0,"editions":[],"url":"https:\/\/quaidesbrumes.com\/ouvrage\/9782734907107\/le-premier-homme"},{"id":"9782296560963","title":"Le n\u00e8gre","description":"Suspendue entre le m\u00e9lodrame et la trag\u00e9die romantique, l'intrigue du N\u00e8gre qui se consomme dans le huis clos de la vie conjugale et dans le path\u00e9tique du secret des biens\u00e9ances, reprend le th\u00e8me de la jeune ma\u00eetresse Emilie vou\u00e9e au silence et au sacrifice et du jeune aspirant George dont l'amour ne conna\u00eet pas de r\u00e9ciprocit\u00e9. Horace St Aubin, pseudonyme du jeune Balzac, met en sc\u00e8ne un homme noir vivant les tourments de l'amour dans une soci\u00e9t\u00e9 blanche.","authors":["Honor\u00e9 de Balzac"],"category_codes":["1000000","1080000"],"visuals":{"large":"https:\/\/images.epagine.fr\/963\/9782296560963_1_75.jpg","medium":"https:\/\/images.epagine.fr\/963\/9782296560963_1_m.jpg","thumbnail":"https:\/\/images.epagine.fr\/963\/9782296560963_1_v.jpg"},"orderable":true,"show_badge":true,"formatted_price":"17,50&nbsp;\u20ac","formatted_published_date":"31 octobre 2011","publisher_availability_label":"Sur commande","short_details":"Honor\u00e9 de Balzac \u2014 \u00c9ditions L'Harmattan","translator":null,"weight":205,"page_count":118,"readership":null,"editor":"\u00c9ditions L'Harmattan","price":1750,"published_date":"2011-10-30T23:00:00.000000Z","support":"Grand format","publisher_availability":1,"stock":0,"editions":[],"url":"https:\/\/quaidesbrumes.com\/ouvrage\/9782296560963\/le-negre"},{"id":"9782747582780","title":"La com\u00e9die classique : L'alt\u00e9rit\u00e9 en proc\u00e8s","description":"Cet ouvrage examine le proc\u00e8s intent\u00e9, par la soci\u00e9t\u00e9 comique, au personnage excentrique de la com\u00e9die traditionnelle. L'auteur introduit son propos en se r\u00e9f\u00e9rant au mod\u00e8le d'un trait\u00e9 latin anonyme: Le tractarus Coislinianus (1er s.av.J.C) qui d\u00e9finit la com\u00e9die \u00e0 la mani\u00e8re d'une proc\u00e9dure juridique, telle qu'elle est expos\u00e9e dans La Rh\u00e9torique d'Aristote. Par le biais du th\u00e9\u00e2tre fran\u00e7ais (Corneille, Moli\u00e8re, Marivaux) et anglais (Shakespeare, Congreve, Wilde), l'auteur trace aussi un parall\u00e8le entre l'\u00e9volution du genre comique, celle du socio-\u00e9conomique et celle des mentalit\u00e9s.","authors":["Th\u00e9r\u00e8se Malachy-krol"],"category_codes":["9000000","9070000","9070200"],"visuals":{"large":"https:\/\/images.epagine.fr\/780\/9782747582780_1_75.jpg","medium":"https:\/\/images.epagine.fr\/780\/9782747582780_1_m.jpg","thumbnail":"https:\/\/images.epagine.fr\/780\/9782747582780_1_v.jpg"},"orderable":true,"show_badge":true,"formatted_price":"13,00&nbsp;\u20ac","formatted_published_date":"2 mai 2005","publisher_availability_label":"Sur commande","short_details":"Th\u00e9r\u00e8se Malachy-krol \u2014 \u00c9ditions L'Harmattan","translator":null,"weight":135,"page_count":116,"readership":null,"editor":"\u00c9ditions L'Harmattan","price":1300,"published_date":"2005-05-01T22:00:00.000000Z","support":"Grand format","publisher_availability":1,"stock":0,"editions":[],"url":"https:\/\/quaidesbrumes.com\/ouvrage\/9782747582780\/la-comedie-classique-lalterite-en-proces"},{"id":"9783631678435","title":"\u00catre et avoir un corps : Corps quotidien, corps sc\u00e9nique","description":"Cette recherche th\u00e9orico-empirique d\u00e9sarticule le corps et l'\u00e9tudie dans ses dimensions anthropologique, anatomophysiologique, neuroscientifique, sc\u00e9nique. Le jeu est dans la com\u00e9die sociale et le com\u00e9dien le transporte sur la sc\u00e8ne. Les r\u00f4les d\u00e9pendent de la structure de la soci\u00e9t\u00e9, de la place de l'acteur et de son individualit\u00e9. Ils \u00e9voluent selon des facteurs ext\u00e9rieurs et int\u00e9rieurs \u00e0 l'humain. Certains acteurs s'approprient plus facilement leur r\u00f4le que d'autres, \u00e9pousent gestuelle et discours de chaque classe, abandonnent un costume pour en rev\u00eatir un autre. Le th\u00e9\u00e2tre est le domaine qui \u00e9rige ce jeu des r\u00f4les en profession. D\u00e8s lors, l'interrogation sur la latitude du com\u00e9dien \u00e0 jouer requiert une contextualisation et appelle la question de l'inn\u00e9 et de l'acquis. L'humain joue-t-il d'embl\u00e9e ou apprend-il \u00e0 jouer ? Dans quelle mesure le corps est-il un instrument expressif th\u00e9\u00e2tral et social?","authors":["Nadia Foisil"],"category_codes":["1000000","1080000"],"visuals":{"large":"https:\/\/images.epagine.fr\/435\/9783631678435_1_75.jpg","medium":"https:\/\/images.epagine.fr\/435\/9783631678435_1_m.jpg","thumbnail":"https:\/\/images.epagine.fr\/435\/9783631678435_1_v.jpg"},"orderable":true,"show_badge":true,"formatted_price":"68,15&nbsp;\u20ac","formatted_published_date":"20 janvier 2011","publisher_availability_label":"Sur commande","short_details":"Nadia Foisil \u2014 Peter Lang Gmbh","translator":null,"weight":341,"page_count":281,"readership":null,"editor":"Peter Lang Gmbh","price":6815,"published_date":"2011-01-19T23:00:00.000000Z","support":"Grand format","publisher_availability":1,"stock":0,"editions":[],"url":"https:\/\/quaidesbrumes.com\/ouvrage\/9783631678435\/etre-et-avoir-un-corps-corps-quotidien-corps-scenique"},{"id":"9782745358820","title":"Oeuvres compl\u00e8tes t.IV : les trag\u00e9dies","description":"Tristan L'Hermite, que ses trag\u00e9dies ont rendu c\u00e9l\u00e8bre au XVIIe si\u00e8cle, est l'un des premiers dramaturges \u00e0 restaurer le genre, avec le succ\u00e8s de La Mariane en 1636. Ses cinq trag\u00e9dies, sur des sujets historiques, puisent aux trois grandes sources d'inspiration de la trag\u00e9die fran\u00e7aise. L'inspiration romaine est repr\u00e9sent\u00e9e par La Mort de S\u00e9n\u00e8que, \u00e9vocation d'une conspiration avort\u00e9e contre N\u00e9ron, o\u00f9 se d\u00e9tache la figure \u00e9mouvante du philosophe sto\u00efcien ; et par La Mort de Chrispe, drame de l'\u00e9pouse de Constantin, \u00e9prise de son beau-fils et provoquant sa mort, nouvelle Ph\u00e8dre plus jalouse qu'incestueuse. \u00c0 l'inspiration biblique se rattache La Mariane, o\u00f9 l'int\u00e9r\u00eat se porte moins sur la path\u00e9tique jeune femme que sur son \u00e9poux, H\u00e9rode, tyran cruel et jaloux, mais \u00e9pris de celle dont la mort le plongera dans la folie. L'inspiration orientale nous vaudra Panth\u00e9e, pi\u00e8ce m\u00e9connue, o\u00f9 l'int\u00e9r\u00eat se partage entre le destin tragique de l'h\u00e9ro\u00efne, qui cause la perte d'un \u00e9poux aim\u00e9 en le ralliant \u00e0 Cyrus, et l'amour sans espoir d'Araspe, qui se suicide en apprenant sa mort ; et Osman, sujet moderne, qui repr\u00e9sente la fin h\u00e9ro\u00efque du sultan, victime des janissaires r\u00e9volt\u00e9s, anim\u00e9s par la fille du muphti, qui se venge ainsi de ses d\u00e9dains, mais ne lui survit pas.\r\n\r\nCes cinq trag\u00e9dies illustrent des th\u00e8mes chers \u00e0 Tristan : l'impuissance de l'homme face \u00e0 un destin aveugle, le pessimisme temp\u00e9r\u00e9 parfois par une esp\u00e9rance chr\u00e9tienne (Mariane, S\u00e9n\u00e8que, Constantin) ; et la solitude de l'individu tragiquement incompris par les autres (H\u00e9rode, Araspe, Fauste, la fille du muphti).\r\n\r\nCette \u00e9dition est due \u00e0 Roger Guichemerre, professeur \u00e9m\u00e9rite \u00e0 la Sorbonne, ainsi qu'\u00e0 Claude Abraham, professeur honoraire des universit\u00e9s am\u00e9ricaines ; Jean-Pierre Chauveau, ma\u00eetre de conf\u00e9rences honoraire \u00e0 l'Universit\u00e9 de Nantes ; Daniella Dalla Valle, professeur \u00e0 l'Universit\u00e9 de Turin ; Nicole Mallet, professeur honoraire \u00e0 l'Universit\u00e9 d'Alberta (Canada) ; et Jacques Morel, professeur \u00e9m\u00e9rite \u00e0 l'Universit\u00e9 de la Sorbonne Nouvelle.","authors":["Tristan L'hermite"],"category_codes":["1000000","1080000","1080200","1080203"],"visuals":{"large":"https:\/\/images.epagine.fr\/820\/9782745358820_1_75.jpg","medium":"https:\/\/images.epagine.fr\/820\/9782745358820_1_m.jpg","thumbnail":"https:\/\/images.epagine.fr\/820\/9782745358820_1_v.jpg"},"orderable":true,"show_badge":true,"formatted_price":"65,00&nbsp;\u20ac","formatted_published_date":"17 mai 2022","publisher_availability_label":"Sur commande","short_details":"Tristan L'hermite \u2014 HONORE CHAMPION","translator":null,"weight":1301,"page_count":556,"readership":null,"editor":"HONORE CHAMPION","price":6500,"published_date":"2022-05-16T22:00:00.000000Z","support":"Grand format","publisher_availability":1,"stock":0,"editions":[],"url":"https:\/\/quaidesbrumes.com\/ouvrage\/9782745358820\/oeuvres-completes-tiv-les-tragedies"},{"id":"9791095280156","title":"Lovecraft, My Love","description":"Tweety-three scenes in Sonia Greene's and Howard Philipps Lovecraft's conjugal life. A fantastic theatrical biopic, written for the centenary (1921-2021) of the meeting of H.P. Lovacraft and Sonia Greene, his only wife. The play begins in 1947, when Sonia Greene learns of the passing of her husband H.P. Lovecraft, ten years after his death. This news upsets her ans causes memories to flood back. But then a strange feeling grows - Is Howard here ? From recollections to confidences, these two people reconstruct the course of their thwarted love, so extraordinary and overwhelming. Will Sonia understand Howard at last ? Is love stronger than death ? The french version of the play appeared in 2018, and was acclaimed by S.T. Joshi who found it delightful. The play, created in 2021, at Clermont Opera goes on the theaters and has been adapted for the cinema by its author. The play starred Christophe Pardon, Martine Chifflot, Beatrice Berne, Pierre Courthiade. The music was composed by Beatrice Berne.","authors":["Martine Chifflot"],"category_codes":["1000000","1080000","1080500"],"visuals":{"large":"https:\/\/images.epagine.fr\/156\/9791095280156_1_75.jpg","medium":"https:\/\/images.epagine.fr\/156\/9791095280156_1_m.jpg","thumbnail":"https:\/\/images.epagine.fr\/156\/9791095280156_1_v.jpg"},"orderable":true,"show_badge":true,"formatted_price":"14,50&nbsp;\u20ac","formatted_published_date":"15 novembre 2022","publisher_availability_label":"Sur commande","short_details":"Martine Chifflot \u2014 Aigle Botte","translator":null,"weight":140,"page_count":132,"readership":"Tout public","editor":"Aigle Botte","price":1450,"published_date":"2022-11-14T23:00:00.000000Z","support":"Grand format","publisher_availability":1,"stock":0,"editions":[],"url":"https:\/\/quaidesbrumes.com\/ouvrage\/9791095280156\/lovecraft-my-love"},{"id":"9782735110773","title":"Le th\u00e9\u00e2tre en transition ; de la rda aux nouveaux l\u00e4nder","description":"Au moment de la r\u00e9unification, en 1990, la r\u00e9putation du th\u00e9\u00e2tre est-allemand n'est pas \u00e0 faire. Elle s'incarne, entre autres, dans l'h\u00e9ritage de Brecht, dans la rigueur d'une formation th\u00e9\u00e2trale ou encore dans la renomm\u00e9e de certains ensembles. N\u00e9anmoins, le monde th\u00e9\u00e2tral est-allemand conna\u00eet des bouleversements apr\u00e8s l'effondrement du r\u00e9gime socialiste. Certes, les deux Allemagnes disposent d'un pass\u00e9 culturel commun, qui se traduit notamment par l'existence d'un tissu th\u00e9\u00e2tral public organis\u00e9 autour de troupes fixes, mais les diff\u00e9rences organisationnelles restent flagrantes. Elles se manifestent d'autant plus que les conditions de la r\u00e9unification imposent, ici comme dans d'autres domaines de la vie sociale, l'application des r\u00e8gles ouest-allemandes. L'ouvrage dresse un \u00e9tat des lieux du th\u00e9\u00e2tre est-allemand dix ans apr\u00e8s la r\u00e9unification. Le travail d'enqu\u00eate men\u00e9 par l'auteure en Saxe, en Thuringe et dans le Brandebourg permet de retracer le lent processus de restructuration du monde th\u00e9\u00e2tral de l'ex-RDA. \u00c0 travers le prisme des destins individuels et des recompositions structurelles, l'auteure interroge d'abord l'originalit\u00e9 de la transition est-allemande. Mais le choc de la r\u00e9unification pose aussi plus largement la question de la place de l'art et des artistes dans la soci\u00e9t\u00e9.","authors":["Laure de Verdalle"],"category_codes":["1000000","1080000"],"visuals":{"large":"https:\/\/images.epagine.fr\/773\/9782735110773_1_75.jpg","medium":"https:\/\/images.epagine.fr\/773\/9782735110773_1_m.jpg","thumbnail":"https:\/\/images.epagine.fr\/773\/9782735110773_1_v.jpg"},"orderable":true,"show_badge":true,"formatted_price":"22,00&nbsp;\u20ac","formatted_published_date":"1er mai 2006","publisher_availability_label":"Sur commande","short_details":"Laure de Verdalle \u2014 Maison Des Sciences De L'Homme","translator":null,"weight":464,"page_count":324,"readership":null,"editor":"Maison Des Sciences De L'Homme","price":2200,"published_date":"2006-04-30T22:00:00.000000Z","support":"Grand format","publisher_availability":1,"stock":0,"editions":[],"url":"https:\/\/quaidesbrumes.com\/ouvrage\/9782735110773\/le-theatre-en-transition-de-la-rda-aux-nouveaux-lander"},{"id":"9782385915735","title":"Quand tu ne me regardes plus","description":"Une m\u00e8re qui meurt d'un cancer et laisse derri\u00e8re elle un grand vide.\r\n\r\nUn p\u00e8re qui devient un ivrogne en apprenant le d\u00e9c\u00e8s de sa femme et qui d\u00e9laisse sa fille.\r\n\r\nUne fille qui voit sa vie bouleverser et qui fera tout pour sauver son p\u00e8re et elle-m\u00eame.\r\n\r\nLe p\u00e8re et la fille parviendront-ils \u00e0 se sortir de cette p\u00e9riode de souffrance et retrouver leur complicit\u00e9 d'antan ?","authors":["Chuck Rafa\u00ebl"],"category_codes":["1000000","1080000"],"visuals":{"large":"https:\/\/images.epagine.fr\/735\/9782385915735_1_75.jpg","medium":"https:\/\/images.epagine.fr\/735\/9782385915735_1_m.jpg","thumbnail":"https:\/\/images.epagine.fr\/735\/9782385915735_1_v.jpg"},"orderable":true,"show_badge":true,"formatted_price":"17,90&nbsp;\u20ac","formatted_published_date":"2 novembre 2023","publisher_availability_label":"Sur commande","short_details":"Chuck Rafa\u00ebl \u2014 NOMBRE 7","translator":null,"weight":260,"page_count":196,"readership":null,"editor":"NOMBRE 7","price":1790,"published_date":"2023-11-01T23:00:00.000000Z","support":"Grand format","publisher_availability":1,"stock":0,"editions":[],"url":"https:\/\/quaidesbrumes.com\/ouvrage\/9782385915735\/quand-tu-ne-me-regardes-plus"},{"id":"9791042701109","title":"La courtisane magnifique","description":"Petite com\u00e9die en trois actes fr\u00f4l\u00e9e par l'Histoire non grata par arr\u00eat de la grande.\r\n\u00c0 Venise, Veronica Franco, courtisane renomm\u00e9e et \u00e9g\u00e9rie du Tontoret, n'offrait son corps et sa d\u00e9licatesse qu'\u00e0 un petit nombre d'\u00e9lus de tr\u00e8s haute extraction. Au service de la S\u00e9r\u00e9nissime, elle fut au coeur de la f\u00eate prodigu\u00e9e au jeune roi Henri III de France. Une c\u00e9r\u00e9monie qui rass\u00e9r\u00e9na sa nature ambigu\u00eb.\r\n\r\nTraversant la m\u00e9moire, Tiepolo en fait le sujet d'une fresque des si\u00e8cles plus tard. Elle est ici racont\u00e9e, inscrite dans les grandes lignes de l'Histoire, et croustillante de d\u00e9tails authentiques. La Courtisane magnifique m\u00e9rite qu'on ne l'oublie pas.","authors":["Jean-Pierre Vignes"],"category_codes":["1000000","1080000","1080300"],"visuals":{"large":"https:\/\/images.epagine.fr\/109\/9791042701109_1_75.jpg","medium":"https:\/\/images.epagine.fr\/109\/9791042701109_1_m.jpg","thumbnail":"https:\/\/images.epagine.fr\/109\/9791042701109_1_v.jpg"},"orderable":true,"show_badge":true,"formatted_price":"14,50&nbsp;\u20ac","formatted_published_date":"23 avril 2024","publisher_availability_label":"Sur commande","short_details":"Jean-Pierre Vignes \u2014 NOMBRE 7","translator":null,"weight":113,"page_count":78,"readership":null,"editor":"NOMBRE 7","price":1450,"published_date":"2024-04-22T22:00:00.000000Z","support":"Grand format","publisher_availability":1,"stock":0,"editions":[],"url":"https:\/\/quaidesbrumes.com\/ouvrage\/9791042701109\/la-courtisane-magnifique"}]}