{"data":[{"id":"9782915037326","title":"R\u00e9volution mondiale imm\u00e9diate ; sous l'\u00e9caille du dragon","description":"R\u00e9volution Mondiale Imm\u00e9diate est cette tentative d'une voix qui s'\u00e9l\u00e8ve et doute, proclame l'urgence et cherche o\u00f9 se cachent l'erreur et la d\u00e9viance au coeur de l'homme. \r\n\u00ab Aujourd'hui, j'appelle \u00e0 la r\u00e9volution int\u00e9rieure, celle du nettoyage de l'esprit de tous les tyrans cach\u00e9s qui l'encombrent : jugements, dogmes, v\u00e9rit\u00e9s, certitudes que l'on croit \u00eatre siens et qui constituent les mirages de la pens\u00e9e ; tapisser son \u00e2me de l'univers infini pour atteindre la qui\u00e9tude \u00e9ternelle.\u00bb Recueil de communiqu\u00e9s, RMI a fait l'objet d'un atelier en r\u00e9sidence \u00e0 la Cit\u00e9 internationale des arts de Paris, pour aboutir \u00e0 la forme th\u00e9\u00e2trale Sous l'\u00e9caille du dragon : le meeting id\u00e9al.","authors":["L\u00e9on Voitur"],"category_codes":["1000000","1080000"],"visuals":{"large":"https:\/\/images.epagine.fr\/326\/9782915037326_1_75.jpg","medium":"https:\/\/images.epagine.fr\/326\/9782915037326_1_m.jpg","thumbnail":"https:\/\/images.epagine.fr\/326\/9782915037326_1_v.jpg"},"orderable":true,"show_badge":true,"formatted_price":"10,00&nbsp;\u20ac","formatted_published_date":"19 mai 2007","publisher_availability_label":"Sur commande","short_details":"L\u00e9on Voitur \u2014 \u00c9ditions L'Espace d'un instant","translator":null,"weight":162,"page_count":126,"readership":null,"editor":"\u00c9ditions L'Espace d'un instant","price":1000,"published_date":"2007-05-18T22:00:00.000000Z","support":"Grand format","publisher_availability":1,"stock":0,"editions":[],"url":"https:\/\/quaidesbrumes.com\/ouvrage\/9782915037326\/revolution-mondiale-immediate-sous-lecaille-du-dragon"},{"id":"9782951663855","title":"Les taches sombres","description":null,"authors":["Jero Minush"],"category_codes":["1000000","1080000"],"visuals":{"large":"https:\/\/images.epagine.fr\/855\/9782951663855_1_75.jpg","medium":"https:\/\/images.epagine.fr\/855\/9782951663855_1_m.jpg","thumbnail":"https:\/\/images.epagine.fr\/855\/9782951663855_1_v.jpg"},"orderable":true,"show_badge":true,"formatted_price":"9,30&nbsp;\u20ac","formatted_published_date":"1er mai 2002","publisher_availability_label":"Sur commande","short_details":"Jero Minush \u2014 \u00c9ditions L'Espace d'un instant","translator":null,"weight":176,"page_count":null,"readership":null,"editor":"\u00c9ditions L'Espace d'un instant","price":930,"published_date":"2002-04-30T22:00:00.000000Z","support":"Grand format","publisher_availability":1,"stock":0,"editions":[],"url":"https:\/\/quaidesbrumes.com\/ouvrage\/9782951663855\/les-taches-sombres"},{"id":"9782953052602","title":"M\u00c9TROSPECTIVES","description":"Le '\u00a0Th\u00e9atre-po\u00e9sie\u00a0' ou '\u00a0Th\u00e9atre Court\u00a0' est l'expression po\u00e9tique et vivante* de la realit\u00e9 telle que nous pouvons la voir \u00e0 la lumi\u00e8re de nos exp\u00e9riences singuli\u00e8res. Tel un extrait de vie, il se doit d'\u00eatre court et intense afin de retransmettre l'instant, dans toute sa palette de possibles, m\u00eame avec les mots qui \u00e9loignent le vivant, restant ainsi , malgr\u00e9 la narration, au plus pr\u00e8s de la vie ressentie et de ses expressions.","authors":["Marie Claire Bagnato"],"category_codes":["1000000","1080000"],"visuals":{"large":"https:\/\/images.epagine.fr\/602\/9782953052602_1_75.jpg","medium":"https:\/\/images.epagine.fr\/602\/9782953052602_1_m.jpg","thumbnail":"https:\/\/images.epagine.fr\/602\/9782953052602_1_v.jpg"},"orderable":true,"show_badge":true,"formatted_price":"15,00&nbsp;\u20ac","formatted_published_date":"13 novembre 2022","publisher_availability_label":"Sur commande","short_details":"Marie Claire Bagnato \u2014 THEBOOKEDITION.COM","translator":null,"weight":71,"page_count":null,"readership":null,"editor":"THEBOOKEDITION.COM","price":1500,"published_date":"2022-11-12T23:00:00.000000Z","support":"Grand format","publisher_availability":1,"stock":0,"editions":[],"url":"https:\/\/quaidesbrumes.com\/ouvrage\/9782953052602\/metrospectives"},{"id":"9782810705832","title":"Goal ! ; foot en sc\u00e8ne","description":"Cet ouvrage donne \u00e0 voir le football diff\u00e9remment, \u00e0 travers le prisme de la cr\u00e9ation th\u00e9\u00e2trale contemporaine europ\u00e9enne. Derri\u00e8re les questions sportives, se font jour des questions sociales ou soci\u00e9tales : le lien entre football et prostitution et le d\u00e9bat sur la prostitution dans nos soci\u00e9t\u00e9s, sur son contr\u00f4le et sa l\u00e9galisation, sont abord\u00e9s avec humour dans la pi\u00e8ce allemande. Le ballon rond peut aussi se faire expression litt\u00e9raire, comme dans la pi\u00e8ce portugaise, o\u00f9 les joueurs arborent des noms de figures de style dans un match qui interroge le destin du rempla\u00e7ant : rentrera-t-il en jeu ou resterat- il sur la touche ? Ce sont la migration et la filiation, les relations de couple et l'\u00e9galit\u00e9 homme-femme qui sont interrog\u00e9es dans les pi\u00e8ces en langue espagnole, cependant que dans le texte catalan, le football est pris comme le lien qui unit tous les personnages, montrant la force dramatique du motif dans nos soci\u00e9t\u00e9s \u00ab footballis\u00e9es \u00bb. La pi\u00e8ce italienne dresse, \u00e0 travers le portrait d'une \u00e9toile du football, celui de la nation italienne, bross\u00e9 avec beaucoup de tendresse pour l'un et une bonne dose d'ironie pour l'autre. Centr\u00e9 \u00e9galement sur un joueur internationalement connu, le texte arabe met en sc\u00e8ne le football, pr\u00e9cis\u00e9ment la passion pour un joueur, comme le lien qui unit sport, po\u00e9sie et politique.","authors":["Collectif"],"category_codes":["1000000","1080000"],"visuals":{"large":"https:\/\/images.epagine.fr\/832\/9782810705832_1_75.jpg","medium":"https:\/\/images.epagine.fr\/832\/9782810705832_1_m.jpg","thumbnail":"https:\/\/images.epagine.fr\/832\/9782810705832_1_v.jpg"},"orderable":true,"show_badge":true,"formatted_price":"15,00&nbsp;\u20ac","formatted_published_date":"10 octobre 2019","publisher_availability_label":"Sur commande","short_details":"Collectif \u2014 Pu Du Midi","translator":null,"weight":242,"page_count":176,"readership":null,"editor":"Pu Du Midi","price":1500,"published_date":"2019-10-09T22:00:00.000000Z","support":"Grand format","publisher_availability":1,"stock":0,"editions":[],"url":"https:\/\/quaidesbrumes.com\/ouvrage\/9782810705832\/goal-foot-en-scene"},{"id":"9782810700301","title":"The talking cure parole et guerison","description":"Biographie de ce professeur d'histoire estim\u00e9 par ses pairs, qui accomplit \u00e9galement une oeuvre essentielle de modernisation et de l\u00e9gislation du syst\u00e8me \u00e9ducatif fran\u00e7ais. ","authors":["Christopher Hampton"],"category_codes":["1000000","1080000"],"visuals":{"large":"https:\/\/images.epagine.fr\/301\/9782810700301_1_75.jpg","medium":"https:\/\/images.epagine.fr\/301\/9782810700301_1_m.jpg","thumbnail":"https:\/\/images.epagine.fr\/301\/9782810700301_1_v.jpg"},"orderable":true,"show_badge":true,"formatted_price":"18,00&nbsp;\u20ac","formatted_published_date":"7 mai 2009","publisher_availability_label":"Sur commande","short_details":"Christopher Hampton \u2014 Pu Du Midi","translator":null,"weight":248,"page_count":180,"readership":null,"editor":"Pu Du Midi","price":1800,"published_date":"2009-05-06T22:00:00.000000Z","support":"Grand format","publisher_availability":1,"stock":0,"editions":[],"url":"https:\/\/quaidesbrumes.com\/ouvrage\/9782810700301\/the-talking-cure-parole-et-guerison"},{"id":"9782957467204","title":"Le r\u00e9veil Tome 1 R\u00e9volution fran\u00e7aise","description":"\"Dans une soci\u00e9t\u00e9 nourrie par un gouvernement corrompu, des organisations de jeunes personnes appel\u00e9es les \"\"soldats verts\"\" ont pris les armes avec la ferme intention de prot\u00e9ger et lib\u00e9rer le peuple fran\u00e7ais de cette mascarade.  \r\nIls agissent sous le commandement du grand G\u00e9n\u00e9ral d'arm\u00e9e Phoenix aux plumes d'acier avec ses fid\u00e8les combattants de sa brigade \u00c9lite Patriote ainsi que de centaines d'autres r\u00e9volutionnaires du pays.\"","authors":["Maxime Vanelle"],"category_codes":["1000000","1080000"],"visuals":{"large":"https:\/\/images.epagine.fr\/204\/9782957467204_1_75.jpg","medium":"https:\/\/images.epagine.fr\/204\/9782957467204_1_m.jpg","thumbnail":"https:\/\/images.epagine.fr\/204\/9782957467204_1_v.jpg"},"orderable":true,"show_badge":true,"formatted_price":"10,03&nbsp;\u20ac","formatted_published_date":"26 ao\u00fbt 2020","publisher_availability_label":"Sur commande","short_details":"Maxime Vanelle \u2014 THEBOOKEDITION.COM","translator":null,"weight":190,"page_count":null,"readership":null,"editor":"THEBOOKEDITION.COM","price":1003,"published_date":"2020-08-25T22:00:00.000000Z","support":"Grand format","publisher_availability":1,"stock":0,"editions":[],"url":"https:\/\/quaidesbrumes.com\/ouvrage\/9782957467204\/le-reveil-tome-1-revolution-francaise"},{"id":"9782390752141","title":"Balek'","description":"C'est l'histoire de La Grande, une adolescente de seize ans, solitaire, que les pens\u00e9es encombrent et qui lui font saigner le cerveau. Vertige m\u00e9taphysique, impuissance \u00e0 communiquer, d\u00e9go\u00fbt de l'existence l'habitent et lui donnent une sorte d'indiff\u00e9rence au monde. Sauf avec La P'tite, une gamine de dix ans, avec qui elle aime discuter. Construit sur trois \u00e2ges de la vie d'une femme, Balek' aborde la question du malaise adolescent, de la difficult\u00e9 des rapports entre jeunes, tant amicaux qu'amoureux, des insultes qui peuvent blesser et puis tuer. Et de l'incapacit\u00e9 \u00e0 en parler. \r\nBlandine Bonelli, juriste de formation, se forme en parall\u00e8le en tant que com\u00e9dienne et co-fonde la compagnie Bonnie et Jacques en 2016. Autrice de th\u00e9\u00e2tre depuis 2016, plusieurs de ses textes ont \u00e9t\u00e9 s\u00e9lectionn\u00e9s par diff\u00e9rentes sc\u00e8nes, en France et en Belgique.","authors":["Blandine Bonelli"],"category_codes":["1000000","1080000"],"visuals":{"large":"https:\/\/images.epagine.fr\/141\/9782390752141_1_75.jpg","medium":"https:\/\/images.epagine.fr\/141\/9782390752141_1_m.jpg","thumbnail":"https:\/\/images.epagine.fr\/141\/9782390752141_1_v.jpg"},"orderable":true,"show_badge":true,"formatted_price":"18,00&nbsp;\u20ac","formatted_published_date":"23 juin 2025","publisher_availability_label":"Sur commande","short_details":"Blandine Bonelli \u2014 Edern editions","translator":null,"weight":135,"page_count":126,"readership":null,"editor":"Edern editions","price":1800,"published_date":"2025-06-22T22:00:00.000000Z","support":"Grand format","publisher_availability":1,"stock":0,"editions":["9782390752158"],"url":"https:\/\/quaidesbrumes.com\/ouvrage\/9782390752141\/balek"},{"id":"9782955888100","title":"Et si Roxane...(texte int\u00e9gral)","description":"Nous connaissons tous l'oeuvre de Rostand. Au coeur de celle-ci, Roxane ne devine la supercherie qu'\u00e0 la mort de Cyrano, lorsque celui-ci, les yeux clos et le verbe divaguant, r\u00e9cite \u00e0 voix haute des lignes et des traits qu'il ne peut distinguer dans le noir de la nuit. Elle comprend alors qu'il est l'auteur des lettres qu'elle pensait de Christian... Mais que ce serait-il pass\u00e9 si elle avait perc\u00e9 le myst\u00e8re bien plus t\u00f4t ? Le destin des trois protagonistes en aurait-il \u00e9t\u00e9 modifi\u00e9 ? C'est avec libert\u00e9 et audace, mais toujours dans le respect du chef d'oeuvre de Rostand, que j'ai imagin\u00e9 cette autre version...","authors":["Eric Pontvianne"],"category_codes":["1000000","1080000"],"visuals":{"large":"https:\/\/images.epagine.fr\/100\/9782955888100_1_75.jpg","medium":"https:\/\/images.epagine.fr\/100\/9782955888100_1_m.jpg","thumbnail":"https:\/\/images.epagine.fr\/100\/9782955888100_1_v.jpg"},"orderable":true,"show_badge":true,"formatted_price":"7,90&nbsp;\u20ac","formatted_published_date":"8 novembre 2020","publisher_availability_label":"Sur commande","short_details":"Eric Pontvianne \u2014 THEBOOKEDITION.COM","translator":null,"weight":74,"page_count":null,"readership":null,"editor":"THEBOOKEDITION.COM","price":790,"published_date":"2020-11-07T23:00:00.000000Z","support":"Grand format","publisher_availability":1,"stock":0,"editions":[],"url":"https:\/\/quaidesbrumes.com\/ouvrage\/9782955888100\/et-si-roxanetexte-integral"},{"id":"9782955888162","title":"De cendres et de neige","description":"Le d\u00e9but des ann\u00e9es soixante.  \r\nGeorges est un comptable m\u00e9thodique rigide et appliqu\u00e9, d\u00e9vou\u00e9 enti\u00e8rement \u00e0 sa t\u00e2che et ne parlant jamais de lui, ni \u00e0 son fid\u00e8le aide de bureau, ni \u00e0 son meilleur ami. Anna elle, est une jeune femme souriante au regard p\u00e9tillant. Elle \u00e0 l'art de mettre la bonne humeur et la chaleur l\u00e0 o\u00f9 elle s'arr\u00eate...et ce sera chez Georges. Leurs deux univers vont s'entrechoquer laissant apparaitre les failles de l'un et les secrets de l'autre....ou peut-\u00eatre le contraire.","authors":["Eric Pontvianne"],"category_codes":["1000000","1080000"],"visuals":{"large":"https:\/\/images.epagine.fr\/162\/9782955888162_1_75.jpg","medium":"https:\/\/images.epagine.fr\/162\/9782955888162_1_m.jpg","thumbnail":"https:\/\/images.epagine.fr\/162\/9782955888162_1_v.jpg"},"orderable":true,"show_badge":true,"formatted_price":"8,50&nbsp;\u20ac","formatted_published_date":"12 d\u00e9cembre 2021","publisher_availability_label":"Sur commande","short_details":"Eric Pontvianne \u2014 THEBOOKEDITION.COM","translator":null,"weight":89,"page_count":null,"readership":null,"editor":"THEBOOKEDITION.COM","price":850,"published_date":"2021-12-11T23:00:00.000000Z","support":"Grand format","publisher_availability":1,"stock":0,"editions":[],"url":"https:\/\/quaidesbrumes.com\/ouvrage\/9782955888162\/de-cendres-et-de-neige"},{"id":"9782955888155","title":"Les larmes de coton","description":"\"1er d\u00e9cembre 1955, dans la petite ville de Montgomery au coeur de l'Alabama.  \r\nRosa Parks est arr\u00eat\u00e9e pour ne pas avoir c\u00e9d\u00e9 sa place \u00e0 un homme blanc dans le bus. \r\nJeffrey Carter et William Greenfall, deux journalistes blancs du \"\"Montgomery Tribune\"\" vont se saisir de l'affaire et suivre le mouvement lanc\u00e9 la nuit suivante par Martin Luther King pour r\u00e9habiliter les droits civiques des personnes noires.  \r\nMais dans le sud ultra raciste des Etats Unis, tenter de r\u00e9unir t\u00e9moignages et autres archives rest\u00e9es secr\u00e8tes afin de d\u00e9noncer les agissements du Klan, reste chose dangereuse et presque impossible...\"","authors":["Eric Pontvianne"],"category_codes":["1000000","1080000"],"visuals":{"large":"https:\/\/images.epagine.fr\/155\/9782955888155_1_75.jpg","medium":"https:\/\/images.epagine.fr\/155\/9782955888155_1_m.jpg","thumbnail":"https:\/\/images.epagine.fr\/155\/9782955888155_1_v.jpg"},"orderable":true,"show_badge":true,"formatted_price":"7,90&nbsp;\u20ac","formatted_published_date":"7 f\u00e9vrier 2023","publisher_availability_label":"Sur commande","short_details":"Eric Pontvianne \u2014 THEBOOKEDITION.COM","translator":null,"weight":74,"page_count":null,"readership":null,"editor":"THEBOOKEDITION.COM","price":790,"published_date":"2023-02-06T23:00:00.000000Z","support":"Grand format","publisher_availability":1,"stock":0,"editions":[],"url":"https:\/\/quaidesbrumes.com\/ouvrage\/9782955888155\/les-larmes-de-coton"},{"id":"9782491395124","title":"Les p\u00e9nitents noirs de la Mis\u00e9ricorde","description":"C'est une pi\u00e8ce de th\u00e9\u00e2tre pour enfants bas\u00e9e sur l'histoire de la confr\u00e9rie des p\u00e9nitents noirs de la Mis\u00e9ricorde d'Avignon, qui s'installent en 1591 dans la Chapelle de l'h\u00f4pital de Notre Dame de Fenouillet, qu'ils viennent d'acqu\u00e9rir, rue Banasterie. La confr\u00e9rie, fond\u00e9e en 1586 par Pomp\u00e9e Catilina, colonel de l'infanterie pontificale pour assister les condamn\u00e9s \u00e0 mort, obtient la m\u00eame ann\u00e9e du pape Cl\u00e9ment VIII le privil\u00e8ge de lib\u00e9rer un condamn\u00e9 \u00e0 mort chaque ann\u00e9e. La pi\u00e8ce raconte l'histoire de la d\u00e9livrance d'un condamn\u00e9 l'ann\u00e9e 1618, lors de la visite de Richelieu \u00e0 Avignon.","authors":["Xavier Mignon"],"category_codes":["1000000","1080000"],"visuals":{"large":"https:\/\/images.epagine.fr\/124\/9782491395124_1_75.jpg","medium":"https:\/\/images.epagine.fr\/124\/9782491395124_1_m.jpg","thumbnail":"https:\/\/images.epagine.fr\/124\/9782491395124_1_v.jpg"},"orderable":true,"show_badge":true,"formatted_price":"15,00&nbsp;\u20ac","formatted_published_date":"17 avril 2023","publisher_availability_label":"Sur commande","short_details":"Xavier Mignon \u2014 THEBOOKEDITION.COM","translator":null,"weight":64,"page_count":41,"readership":null,"editor":"THEBOOKEDITION.COM","price":1500,"published_date":"2023-04-16T22:00:00.000000Z","support":"Grand format","publisher_availability":1,"stock":0,"editions":[],"url":"https:\/\/quaidesbrumes.com\/ouvrage\/9782491395124\/les-penitents-noirs-de-la-misericorde"},{"id":"9791042425012","title":"La cha\u00eene : Dans les secrets de la t\u00e9l\u00e9vision","description":"Dans les sombres coulisses de la t\u00e9l\u00e9vision fran\u00e7aise...\r\n\r\nJR, un journaliste ambitieux, se voit proposer la cr\u00e9ation d'une \u00e9mission culturelle sur une grande cha\u00eene commerciale et populaire.\r\n\r\nConcilier culture et rentabilit\u00e9 ? Mission impossible ?\r\n\r\n\u00c0 travers une satire du monde de l'audiovisuel, de la t\u00e9l\u00e9-poubelle, du parisianisme et du snobisme intellectuel, La Cha\u00eene retrace l'ascension, le succ\u00e8s et la chute brutale d'un jeune id\u00e9aliste, aveugl\u00e9 par sa na\u00efvet\u00e9, dans un monde d'illusions broy\u00e9es sur l'autel du dieu-argent et de la d\u00e9esse audimat...\r\n\r\nUn roman coup de poing, dr\u00f4lissime, satirique, qui vous fera voir le monde de la t\u00e9l\u00e9 d'un autre oeil !\r\n\r\nDerri\u00e8re le pseudonyme d'Aude HIMATH se cache l'une des vedettes de la plus grande cha\u00eene de t\u00e9l\u00e9vision europ\u00e9enne... Parfaitement introduite dans les coulisses de ce milieu, elle sait mieux que quiconque d\u00e9voiler ce que l'on cache aux t\u00e9l\u00e9spectateurs...","authors":["Aude Himath"],"category_codes":["1000000","1080000"],"visuals":{"large":"https:\/\/images.epagine.fr\/012\/9791042425012_1_75.jpg","medium":"https:\/\/images.epagine.fr\/012\/9791042425012_1_m.jpg","thumbnail":"https:\/\/images.epagine.fr\/012\/9791042425012_1_v.jpg"},"orderable":true,"show_badge":true,"formatted_price":"17,00&nbsp;\u20ac","formatted_published_date":"14 f\u00e9vrier 2024","publisher_availability_label":"Sur commande","short_details":"Aude Himath \u2014 BOOKELIS","translator":null,"weight":330,"page_count":272,"readership":null,"editor":"BOOKELIS","price":1700,"published_date":"2024-02-13T23:00:00.000000Z","support":"Grand format","publisher_availability":1,"stock":0,"editions":[],"url":"https:\/\/quaidesbrumes.com\/ouvrage\/9791042425012\/la-chaine-dans-les-secrets-de-la-television"},{"id":"9782954186764","title":"Pistou - recit d'adolescence","description":null,"authors":["Chamoux Amelie"],"category_codes":["1000000","1080000"],"visuals":{"large":"https:\/\/images.epagine.fr\/764\/9782954186764_1_75.jpg","medium":"https:\/\/images.epagine.fr\/764\/9782954186764_1_m.jpg","thumbnail":"https:\/\/images.epagine.fr\/764\/9782954186764_1_v.jpg"},"orderable":true,"show_badge":true,"formatted_price":"10,00&nbsp;\u20ac","formatted_published_date":"10 mars 2023","publisher_availability_label":"Sur commande","short_details":"Chamoux Amelie \u2014 LE PIAF","translator":null,"weight":120,"page_count":null,"readership":null,"editor":"LE PIAF","price":1000,"published_date":"2023-03-09T23:00:00.000000Z","support":"Grand format","publisher_availability":1,"stock":0,"editions":[],"url":"https:\/\/quaidesbrumes.com\/ouvrage\/9782954186764\/pistou-recit-dadolescence"},{"id":"9791035956585","title":"Tout l'Or du Ciel","description":"Un ast\u00e9ro\u00efde bourr\u00e9 d'or croise aux environs de la Terre : de quoi exciter les convoitises humaines ! Concomitamment, des extraterrestres s'int\u00e9ressent \u00e0 l'or que contient le noyau de la Terre et dont ils envisagent, \u00e0 leur profit, l'exploitation mini\u00e8re ... De quoi alimenter une com\u00e9die pleine de quiproquos et de rebondissements ... Colette Mourey, est l'auteure de : \u00ab L'Intelligence musicale \u00bb, \u00ab Essai sur le son mental \u00bb, \u00ab Himaya \u00bb, \u00ab Dieu est \u00e0 la caisse \u00bb, \u00ab H\u00e9l\u00e8ne \u00bb, \u00ab Les Terres Promises \u00bb, \u00ab Les Terres Nourrici\u00e8res \u00bb, \u00ab L'Ombre des \u00c2mes \u00bb, \u00ab Et la Lumi\u00e8re Fut ! \u00bb, \u00ab D'Encre et de Sang \u00bb, \u00ab Gliotte et le M\u00e9nestrel \u00bb, \u00ab Contes et Nouvelles \u00bb, \u00ab Chat alors ! \u00bb, \u00ab Petit Pr\u00e9cis d'Agriculture Symbiotique \u00bb, \u00ab Un Triangle de Ciel \u00bb, \u00ab La Quadrature du Cercle \u00bb (Prix Golden Aster Book 2019), \u00ab Le Diagramme du Fleuve Lo \u00bb, \u00ab De l'Analogie aux M\u00e9talogiques - Les D\u00e9terminants de l'Isomorphisme Universel ... \u00bb","authors":["Colette Mourey"],"category_codes":["1000000","1080000","1080300","1080304"],"visuals":{"large":"https:\/\/images.epagine.fr\/585\/9791035956585_1_75.jpg","medium":"https:\/\/images.epagine.fr\/585\/9791035956585_1_m.jpg","thumbnail":"https:\/\/images.epagine.fr\/585\/9791035956585_1_v.jpg"},"orderable":true,"show_badge":true,"formatted_price":"17,00&nbsp;\u20ac","formatted_published_date":"3 novembre 2021","publisher_availability_label":"Sur commande","short_details":"Colette Mourey \u2014 BOOKELIS","translator":null,"weight":364,"page_count":144,"readership":null,"editor":"BOOKELIS","price":1700,"published_date":"2021-11-02T23:00:00.000000Z","support":"Grand format","publisher_availability":1,"stock":0,"editions":[],"url":"https:\/\/quaidesbrumes.com\/ouvrage\/9791035956585\/tout-lor-du-ciel"},{"id":"9782959133008","title":"Terre et Toi","description":"Rose et Antoine sont deux enfants des vignes, deux \u00eatres reli\u00e9s. Ils traversent ensemble le 20\u00e8me si\u00e8cle, affair\u00e9s \u00e0 leur grand projet, leur grande invention, la r\u00e9alisation de toute une vie de collaboration, d'\u00e9changes et d'\u00e9loignements. Les rivalit\u00e9s guerri\u00e8res du monde et les m\u00e9andres de la vie essaieront de les d\u00e9tourner de ce but commun. Leur lien sera-t-il assez puissant pour les ramener inlassablement l'un vers l'autre ? Quel est ce lien d'ailleurs ? Pas une histoire d'amour, non. Autre chose. Rose et Antoine se compl\u00e8tent, se nourrissent l'un l'autre, hors des sch\u00e9mas sociaux traditionnels. Parfois mal compris, sauront-ils mener \u00e0 bien ce qui promet d'\u00eatre une innovation technolog...","authors":["Cl\u00e9ment Morini\u00e8re"],"category_codes":["1000000","1080000"],"visuals":{"large":"https:\/\/images.epagine.fr\/008\/9782959133008_1_75.jpg","medium":"https:\/\/images.epagine.fr\/008\/9782959133008_1_m.jpg","thumbnail":"https:\/\/images.epagine.fr\/008\/9782959133008_1_v.jpg"},"orderable":true,"show_badge":true,"formatted_price":"12,00&nbsp;\u20ac","formatted_published_date":"28 novembre 2023","publisher_availability_label":"Sur commande","short_details":"Cl\u00e9ment Morini\u00e8re \u2014 THEBOOKEDITION.COM","translator":null,"weight":140,"page_count":100,"readership":null,"editor":"THEBOOKEDITION.COM","price":1200,"published_date":"2023-11-27T23:00:00.000000Z","support":"Grand format","publisher_availability":1,"stock":0,"editions":[],"url":"https:\/\/quaidesbrumes.com\/ouvrage\/9782959133008\/terre-et-toi"},{"id":"9791035301477","title":"Molichou et Gar\u00e7ouni\u00e8re","description":"Une pi\u00e8ce de Henri Burgaud des Marets. Henri Burgaud des Marets est n\u00e9 en 1806 \u00e0 Jarnac, o\u00f9 il est honor\u00e9 d'un monument, et d\u00e9c\u00e9d\u00e9 \u00e0 Paris en 1873, apr\u00e8s une vie de chercheur passionn\u00e9 par les \u00ab patois \u00bb et les langues en g\u00e9n\u00e9ral. Il traduisit le po\u00e8te polonais Adam Mickiewicz et collabora \u00e0 une \u00e9dition des oeuvres de Rabelais. L'oeuvre qui le fera conna\u00eetre de ses compatriotes saintongeais, c'est le Recueil de fables et Contes en patois saintongeais  paru \u00e0 Paris en 1859, dont de nombreux extraits seront publi\u00e9s dans les p\u00e9riodiques r\u00e9gionaux. Sa com\u00e9die Molichou et Gar\u00e7ouni\u00e8re , publi\u00e9e \u00e0 une dizaine d'exemplaires en 1853, sortie de l'oubli par l'\u00e9dition de Camille Beaulieu en 1930, est encore son oeuvre la moins connue, mais sans doute la plus originale, m\u00eame si elle s'inspire d'une farce du Parisien Pierre Gringore (1475-1538). Dans les deux pi\u00e8ces, le vocabulaire de la vigne et du vin sert \u00e0 exprimer l'amour, l'amour physique s'entend. Mais Burgaud d\u00e9passe de beaucoup son mod\u00e8le. On appr\u00e9ciera la virtuosit\u00e9 de l'auteur saintongeais dans l'usage de la langue r\u00e9gionale, le comique qui est plus ici dans les mots que dans la situation traditionnelle de la farce : une jeune femme trompe son vieux mari devenu incapable de \u00ab biner la vigne \u00bb. Une traduction et des notes faciliteront la compr\u00e9hension.","authors":["Henri Burgaud des marets","Pierre Chevrier"],"category_codes":["1000000","1080000"],"visuals":{"large":"https:\/\/images.epagine.fr\/477\/9791035301477_1_75.jpg","medium":"https:\/\/images.epagine.fr\/477\/9791035301477_1_m.jpg","thumbnail":"https:\/\/images.epagine.fr\/477\/9791035301477_1_v.jpg"},"orderable":true,"show_badge":true,"formatted_price":"13,90&nbsp;\u20ac","formatted_published_date":"17 mai 2018","publisher_availability_label":"Sur commande","short_details":"Henri Burgaud des marets, Pierre Chevrier \u2014 La Geste","translator":null,"weight":110,"page_count":194,"readership":null,"editor":"La Geste","price":1390,"published_date":"2018-05-16T22:00:00.000000Z","support":"Grand format","publisher_availability":1,"stock":0,"editions":[],"url":"https:\/\/quaidesbrumes.com\/ouvrage\/9791035301477\/molichou-et-garcouniere"},{"id":"9791030003178","title":"L'homme du pain nu","description":"L'homme du pain nu est une pi\u00e8ce de th\u00e9\u00e2tre  qui  pr\u00e9sente  des  personnages,  parfois simples et parfois complexes, en des temps et des lieux divers et vari\u00e9s, r\u00e9els ou mythiques et dont l'axe central de l'entreprise est une ville : Tanger.\r\nBen Bouchta fait une analyse fine de sa soci\u00e9t\u00e9, sans aucune entrave, et sans que le sacr\u00e9 ou le politique intervienne.\r\nCar derri\u00e8re le spectacle qu'il nous pr\u00e9sente, se dissimule un autre spectacle. Il nous fait croire que les croyances et les enjeux, qu'il analyse, se jouent sur un terrain, dans un temps et avec des personnages qui sont devenus p\u00e9rim\u00e9s.\r\nL'auteur  annonce  clairement,  dans  son introduction de l'\u00e9dition en arabe, son projet :\r\n\u00ab Il s'agit, dans ce texte, d'une tentative de comprendre la nature de la lutte de l'individu avec son \u00ab moi \u00bb. C'est une immersion dans la m\u00e9moire, une lecture psychologique et le traitement d'un personnage complexe, comme Mohamed Choukri [\u00e9crivain marocain qui a \u00e9crit un r\u00e9cit Le pain nu, Points, 2018.] qui n'a cess\u00e9 d'en exposer les d\u00e9sirs et les plaisirs, depuis qu'il est piqu\u00e9 par la mal\u00e9diction de l'\u00e9criture \u00bb.","authors":["Zoube\u00efr Ben bouchta"],"category_codes":["1000000","1080000"],"visuals":{"large":"https:\/\/images.epagine.fr\/178\/9791030003178_1_75.jpg","medium":"https:\/\/images.epagine.fr\/178\/9791030003178_1_m.jpg","thumbnail":"https:\/\/images.epagine.fr\/178\/9791030003178_1_v.jpg"},"orderable":true,"show_badge":true,"formatted_price":"8,00&nbsp;\u20ac","formatted_published_date":"7 f\u00e9vrier 2019","publisher_availability_label":"Sur commande","short_details":"Zoube\u00efr Ben bouchta \u2014 Pu De Bordeaux","translator":null,"weight":102,"page_count":80,"readership":null,"editor":"Pu De Bordeaux","price":800,"published_date":"2019-02-06T23:00:00.000000Z","support":"Grand format","publisher_availability":1,"stock":0,"editions":[],"url":"https:\/\/quaidesbrumes.com\/ouvrage\/9791030003178\/lhomme-du-pain-nu"},{"id":"9782384065271","title":"Majest\u00e9 du point de vue","description":"Ils regardent la ville qui rougeoie.\r\n LE POMPIER. - Regardez la ville\u00a0! N'est-ce pas le chaudron d\u00e9crit par Basile et Odette, le lieu des pertes. Faut-il que nous allions tremper nos cuill\u00e8res dans cette soupe\u00a0?\r\n BELETTE. - Oh\u00a0! la ville\u00a0! Elle est splendide\u00a0! Mille feux la r\u00e9jouissent. Je sens qu'elle monte, qu'elle monte et enlace mes jambes. Emmenez-moi, la savane flambe derri\u00e8re nous, emmenez-moi. Comment disiez-vous tout \u00e0 l'heure \u00e0 propos de la beaut\u00e9 des femmes\u00a0? Ah\u00a0! oui, je me souviens... Venez, pompier de mon coeur, admirer avec moi la majest\u00e9 du point de vue.\r\n Ils disparaissent dans la ville.","authors":["Philippe Thireau","Gilbert Bourson"],"category_codes":["1000000","1080000"],"visuals":{"large":"https:\/\/images.epagine.fr\/271\/9782384065271_1_75.jpg","medium":"https:\/\/images.epagine.fr\/271\/9782384065271_1_m.jpg","thumbnail":"https:\/\/images.epagine.fr\/271\/9782384065271_1_v.jpg"},"orderable":true,"show_badge":true,"formatted_price":"15,00&nbsp;\u20ac","formatted_published_date":"1er juillet 2025","publisher_availability_label":"Sur commande","short_details":"Philippe Thireau, Gilbert Bourson \u2014 Douro","translator":null,"weight":89,"page_count":66,"readership":"Tout public","editor":"Douro","price":1500,"published_date":"2025-06-30T22:00:00.000000Z","support":"Grand format","publisher_availability":1,"stock":0,"editions":[],"url":"https:\/\/quaidesbrumes.com\/ouvrage\/9782384065271\/majeste-du-point-de-vue"},{"id":"9782810702497","title":"Das blaue gold \/ l'or bleu","description":null,"authors":["Georgia Doll"],"category_codes":["1000000","1080000"],"visuals":{"large":"https:\/\/quaidesbrumes.com\/img\/book-placeholder.png","medium":"https:\/\/quaidesbrumes.com\/img\/book-placeholder.png","thumbnail":"https:\/\/quaidesbrumes.com\/img\/book-placeholder.png"},"orderable":true,"show_badge":true,"formatted_price":"12,00&nbsp;\u20ac","formatted_published_date":"28 f\u00e9vrier 2013","publisher_availability_label":"Sur commande","short_details":"Georgia Doll \u2014 Pu Du Midi","translator":null,"weight":204,"page_count":132,"readership":null,"editor":"Pu Du Midi","price":1200,"published_date":"2013-02-27T23:00:00.000000Z","support":"Grand format","publisher_availability":1,"stock":0,"editions":[],"url":"https:\/\/quaidesbrumes.com\/ouvrage\/9782810702497\/das-blaue-gold-lor-bleu"},{"id":"9782810706655","title":"Todos ou nenhum \/ tous ou aucun ; a libertacao dos presos de caxias \/ la lib\u00e9ration des prisonniers","description":"Cette pi\u00e8ce \u00e0 forte dimension historique met en sc\u00e8ne la lib\u00e9ration des prisonniers politiques d\u00e9tenus dans la prison de Caxias, au lendemain de la r\u00e9volution des OEillets qui renversa la dictature portugaise en place depuis pr\u00e8s d'un demi-si\u00e8cle. Cet \u00e9pisode m\u00e9connu de cette p\u00e9riode r\u00e9volutionnaire est ici revisit\u00e9 par Jo\u00e3o Menino Vargas, ancien Capitaine d'avril, qui en fut l'un des protagonistes.\r\nLe g\u00e9n\u00e9ral Ant\u00f3nio de Sp\u00ednola, le nouvel homme fort du MFA (Mouvement des forces arm\u00e9es), s'oppose \u00e0 une lib\u00e9ration inconditionnelle de tous les prisonniers en arguant que les prisonniers politiques accus\u00e9s des faits de droit commun devaient continuer \u00e0 purger leur peine dans les ge\u00f4les salazaristes.\r\nCe positionnement rencontra l'opposition des Capitaines d'avril ainsi que de l'ensemble des 127 prisonniers politiques des prisons de Caxias et de Peniche. Dans une volont\u00e9 de contribuer \u00e0 \u00e9clairer un pan de l'histoire du 25 avril 1974 et \u00e0 transmettre aupr\u00e8s des jeunes g\u00e9n\u00e9rations cette m\u00e9moire et ces valeurs de la r\u00e9volution d'Avril, Jo\u00e3o Menino Vargas revient avec pr\u00e9cision sur cet \u00e9v\u00e9nement lib\u00e9rateur \u00e0 forte port\u00e9e symbolique \u00e9clairant ainsi l'extr\u00eame antagonisme entre les forces conservatrices et les forces progressistes au coeur du processus r\u00e9volutionnaire portugais.","authors":["Joao Menino Vargas","Emmanuelle Guerreiro"],"category_codes":["1000000","1080000"],"visuals":{"large":"https:\/\/images.epagine.fr\/655\/9782810706655_1_75.jpg","medium":"https:\/\/images.epagine.fr\/655\/9782810706655_1_m.jpg","thumbnail":"https:\/\/images.epagine.fr\/655\/9782810706655_1_v.jpg"},"orderable":true,"show_badge":true,"formatted_price":"12,00&nbsp;\u20ac","formatted_published_date":"3 septembre 2020","publisher_availability_label":"Sur commande","short_details":"Joao Menino Vargas, Emmanuelle Guerreiro \u2014 Pu Du Midi","translator":"EMMANUELLE GUERREIRO","weight":136,"page_count":90,"readership":null,"editor":"Pu Du Midi","price":1200,"published_date":"2020-09-02T22:00:00.000000Z","support":"Grand format","publisher_availability":1,"stock":0,"editions":[],"url":"https:\/\/quaidesbrumes.com\/ouvrage\/9782810706655\/todos-ou-nenhum-tous-ou-aucun-a-libertacao-dos-presos-de-caxias-la-liberation-des-prisonniers"},{"id":"9782810701469","title":"Faust hat hunger und verschluckt sich an einer grete \/ faust \u00e0 faim","description":"Heinrich et Grete tombent amoureux mais, sit\u00f4t l'acte consomm\u00e9, l'homme va rapidement d\u00e9laisser la jeune femme. Leur histoire, inspir\u00e9e du Faust de Goethe, est racont\u00e9e par trois couples d'amis et se dessine en creux \u00e0 travers des conversations d\u00e9cousues ou de grandes envol\u00e9es. En reprenant le mythe de Faust, la pi\u00e8ce interroge le tragique contemporain et renvoie le reflet d'une soci\u00e9t\u00e9 marqu\u00e9e par un utilitarisme des plus \u00e9troits. \u00abL'homme n'est pas un loup pour l'homme. Il est un produit pour lui, la marchandise totale\u00ab \u00e9crit, en un terrible constat, Ewald Palmetshofer. faust a faim immangeable marguerite est une pi\u00e8ce audacieuse et forte o\u00f9 se m\u00ealent cruaut\u00e9 froide et comique mordant.","authors":["Ewald Palmetshofer"],"category_codes":["1000000","1080000"],"visuals":{"large":"https:\/\/images.epagine.fr\/469\/9782810701469_1_75.jpg","medium":"https:\/\/images.epagine.fr\/469\/9782810701469_1_m.jpg","thumbnail":"https:\/\/images.epagine.fr\/469\/9782810701469_1_v.jpg"},"orderable":true,"show_badge":true,"formatted_price":"17,00&nbsp;\u20ac","formatted_published_date":"20 mai 2011","publisher_availability_label":"Sur commande","short_details":"Ewald Palmetshofer \u2014 Pu Du Midi","translator":null,"weight":275,"page_count":202,"readership":null,"editor":"Pu Du Midi","price":1700,"published_date":"2011-05-19T22:00:00.000000Z","support":"Grand format","publisher_availability":1,"stock":0,"editions":[],"url":"https:\/\/quaidesbrumes.com\/ouvrage\/9782810701469\/faust-hat-hunger-und-verschluckt-sich-an-einer-grete-faust-a-faim"},{"id":"9782343023021","title":"Partisans ; 27 mai 1943 premiere r\u00e9union du Conseil National de la R\u00e9sistance ; du drame historique au drame th\u00e9\u00e2tral","description":"Du drame historique au drame th\u00e9\u00e2tral : le 27 mai 1943 ! C'est une tension fascinante qui se noue ce jour o\u00f9 toutes les organisations de R\u00e9sistance, les partis politiques et les syndicats furent \u00e9mis dans l'ombre et de force par Jean Moulin. Sous l'ordre","authors":["R\u00e9gis Vlachos","Christophe Al\u00e9v\u00eaque"],"category_codes":["1000000","1080000"],"visuals":{"large":"https:\/\/images.epagine.fr\/021\/9782343023021_1_75.jpg","medium":"https:\/\/images.epagine.fr\/021\/9782343023021_1_m.jpg","thumbnail":"https:\/\/images.epagine.fr\/021\/9782343023021_1_v.jpg"},"orderable":true,"show_badge":true,"formatted_price":"11,00&nbsp;\u20ac","formatted_published_date":"8 janvier 2014","publisher_availability_label":"Sur commande","short_details":"R\u00e9gis Vlachos, Christophe Al\u00e9v\u00eaque \u2014 \u00c9ditions L'Harmattan","translator":null,"weight":105,"page_count":78,"readership":null,"editor":"\u00c9ditions L'Harmattan","price":1100,"published_date":"2014-01-07T23:00:00.000000Z","support":"Grand format","publisher_availability":1,"stock":0,"editions":[],"url":"https:\/\/quaidesbrumes.com\/ouvrage\/9782343023021\/partisans-27-mai-1943-premiere-reunion-du-conseil-national-de-la-resistance-du-drame-historique-au-drame-theatral"},{"id":"9782810712120","title":"La Picara: the incredible history of the lieutenant nun \/ la Picara ou l'incroyable histoire de la nonne-lieutenant","description":"Cette pi\u00e8ce de th\u00e9\u00e2tre originale s'inspire de la myst\u00e9rieuse Historia de la monja Alf\u00e9rez (c. 1626-1630), l'autobiographie d'une femme basque, Catalina de Erauso. D\u00e9guis\u00e9e en homme, elle s'enfuit d'un couvent, passa de service en service, voyagea vers le Nouveau Monde, traversa l'Am\u00e9rique du sud (Panama, P\u00e9rou, Mexique, etc.) avant de revenir en Europe et de demander au Pape le pardon de tous ses p\u00e9ch\u00e9s. Dans la veine populaire du roman picaresque, Catalina raconte sa vie \u00e0 travers les nombreux visages qu'elle prit - nonne novice, joueur et officier de haut rang, humble servante, secr\u00e9taire ais\u00e9e, etc. La part de v\u00e9rit\u00e9 dans son histoire d\u00e9pend de l'habilet\u00e9 de la narratrice \u00e0 convaincre son public.\r\nCatalina est un p\u00edcaro authentique. Elle construit, utilise et d\u00e9tourne son identit\u00e9 sexu\u00e9e pour atteindre ses objectifs (survivre, \u00eatre libre, conserver sa fiert\u00e9 et sa dignit\u00e9). Elle utilise toutes les techniques et astuces de mise en sc\u00e8ne possibles pour r\u00e9ussir et divertir ses auditeurs.","authors":["Pavel Drabek","Josh Overton","Pascale Drouet"],"category_codes":["1000000","1080000"],"visuals":{"large":"https:\/\/images.epagine.fr\/120\/9782810712120_1_75.jpg","medium":"https:\/\/images.epagine.fr\/120\/9782810712120_1_m.jpg","thumbnail":"https:\/\/images.epagine.fr\/120\/9782810712120_1_v.jpg"},"orderable":true,"show_badge":true,"formatted_price":"12,00&nbsp;\u20ac","formatted_published_date":"11 octobre 2022","publisher_availability_label":"Sur commande","short_details":"Pavel Drabek, Josh Overton, Pascale Drouet \u2014 Pu Du Midi","translator":"PASCALE DROUET","weight":223,"page_count":160,"readership":null,"editor":"Pu Du Midi","price":1200,"published_date":"2022-10-10T22:00:00.000000Z","support":"Grand format","publisher_availability":1,"stock":0,"editions":[],"url":"https:\/\/quaidesbrumes.com\/ouvrage\/9782810712120\/la-picara-the-incredible-history-of-the-lieutenant-nun-la-picara-ou-lincroyable-histoire-de-la-nonne-lieutenant"},{"id":"9782915285963","title":"Pierre Debauche, les entretiens d'Agen","description":"Voici Pierre Debauche \u00e0 chacune des multiples \u00e9tapes qui ont compos\u00e9 sa vie, autant dire son voyage th\u00e9\u00e2tral ; le namurois \u00e0 peine adolescent, d\u00e9j\u00e0 marqu\u00e9 par la guerre et la perte de son p\u00e8re ; le \" fils naturel \" de Michel de Ghelderode, s'initiant aupr\u00e8s de lui aux arts, aux beaut\u00e9s de la Flandre ; l'acteur d\u00e9butant qui, \u00e0 Paris, cherche et \u00e9tablit une synth\u00e8se de ses premi\u00e8res ann\u00e9es d'apprentissage gr\u00e2ce \u00e0 \" la hauteur de vue \" de Tania Balachova, \u00e0 \"l'enseignement in\u00e9galable \" de Jacques Lecoq.\r\n\r\nVoici les premi\u00e8res rencontres professionnelles et amicales, les premiers exemples aussi : Roger Blin, Jacques Mauclair, Arthur Adamov, Jean Vilar, Jean-Marie Serreau... Voici, en 1956, le d\u00e9but d'une amiti\u00e9 fraternelle inextinguible avec Antoine Vitez. Bien s\u00fbr, Pierre Debauche revient sur son travail de pionnier en banlieue parisienne, \u00e0 Vincennes puis Nanterre. Il nous dit son inlassable engagement pour que la f\u00eate th\u00e9\u00e2trale puisse \u00eatre partag\u00e9e par le plus grand nombre, ses ann\u00e9es de lutte au Conservatoire aux c\u00f4t\u00e9s de Vitez, afin de d\u00e9passer une tradition fig\u00e9e et former un acteur po\u00e8te, un artiste citoyen, responsable des signes qu'il produit, digne de \" traduire le silence des gens \".\r\n\r\nIl nous dit encore comment, aujourd'hui \u00e0 Agen, sa propre histoire \u00e9pouse et prolonge celle de la d\u00e9centralisation th\u00e9\u00e2trale \u00e0 laquelle il n'a cess\u00e9 de travailler. Voici Pierre Debauche vu de l'int\u00e9rieur : acteur, auteur, metteur en sc\u00e8ne, p\u00e9dagogue, animateur, \u00e9veilleur de vocations... Po\u00e8te avant tout.\r\n\r\nNotes, glossaire, \u00e9l\u00e9ments biographiques \u00e9tablis par Fabrice Pruvost.","authors":["Fabrice Pruvost","Daniel Lemahieu"],"category_codes":["1000000","1080000"],"visuals":{"large":"https:\/\/images.epagine.fr\/963\/9782915285963_1_75.jpg","medium":"https:\/\/images.epagine.fr\/963\/9782915285963_1_m.jpg","thumbnail":"https:\/\/images.epagine.fr\/963\/9782915285963_1_v.jpg"},"orderable":true,"show_badge":true,"formatted_price":"24,00&nbsp;\u20ac","formatted_published_date":"10 f\u00e9vrier 2008","publisher_availability_label":"Sur commande","short_details":"Fabrice Pruvost, Daniel Lemahieu \u2014 Domens","translator":null,"weight":400,"page_count":334,"readership":null,"editor":"Domens","price":2400,"published_date":"2008-02-09T23:00:00.000000Z","support":"Grand format","publisher_availability":1,"stock":0,"editions":[],"url":"https:\/\/quaidesbrumes.com\/ouvrage\/9782915285963\/pierre-debauche-les-entretiens-dagen"}]}