{"data":[{"id":"9782902590254","title":"Heurs de la neige","description":null,"authors":["Le Texte Et La Parol"],"category_codes":["1000000","1080000","1080500"],"visuals":{"large":"https:\/\/images.epagine.fr\/254\/9782902590254_1_75.jpg","medium":"https:\/\/images.epagine.fr\/254\/9782902590254_1_m.jpg","thumbnail":"https:\/\/images.epagine.fr\/254\/9782902590254_1_v.jpg"},"orderable":true,"show_badge":true,"formatted_price":"10,00&nbsp;\u20ac","formatted_published_date":"1er d\u00e9cembre 2023","publisher_availability_label":"Sur commande","short_details":"Le Texte Et La Parol \u2014 Le Texte Et La Parole","translator":null,"weight":176,"page_count":null,"readership":null,"editor":"Le Texte Et La Parole","price":1000,"published_date":"2023-11-30T23:00:00.000000Z","support":"Grand format","publisher_availability":1,"stock":0,"editions":[],"url":"https:\/\/quaidesbrumes.com\/ouvrage\/9782902590254\/heurs-de-la-neige"},{"id":"9791042454562","title":"Stabilit\u00e9 temporaire","description":"Comment un simple regard peut bouleverser une vie ! Cinq personnages tentent de r\u00e9pondre \u00e0 cette question en d\u00e9roulant pour vous le film de leur vie. Un film ? Non, une vraie pi\u00e8ce de th\u00e9\u00e2tre con\u00e7ue telle un making off, quand les com\u00e9diens viennent raconter le sc\u00e9nario, de leur point de vue. Des destins crois\u00e9s livr\u00e9s en s\u00e9quences courtes, dans un d\u00e9sordre chronologique calcul\u00e9 et d\u00e9routant.\r\nSi la parole circule, les sentiments divergent. La pi\u00e8ce interroge sur la notion d'\u00e9ph\u00e9m\u00e8re, ce temps identique \u00e0 tous mais ne laissant pas la m\u00eame trace \u00e0 chacun. En filigrane se dessine une critique de notre \"soci\u00e9t\u00e9 du spectacle\", un monde toujours plus individualiste o\u00f9 la douceur et la violence s'exposent sous les projecteurs d'une m\u00eame obsc\u00e9nit\u00e9 malsaine. Les chamboulements intimes ainsi mis en relief sont les ressorts de l'\u00e2me humaine. Les ressorts du th\u00e9\u00e2tre. Dr\u00f4le et tragique \u00e0 la fois, \"Stabilit\u00e9 temporaire\" est un conte moderne qui fait sens, en parlant de nous, de vous, de nous tous.","authors":["Gr\u00e9goire Aubert"],"category_codes":["1000000","1080000"],"visuals":{"large":"https:\/\/images.epagine.fr\/562\/9791042454562_1_75.jpg","medium":"https:\/\/images.epagine.fr\/562\/9791042454562_1_m.jpg","thumbnail":"https:\/\/images.epagine.fr\/562\/9791042454562_1_v.jpg"},"orderable":true,"show_badge":true,"formatted_price":"12,00&nbsp;\u20ac","formatted_published_date":"16 juin 2025","publisher_availability_label":"Sur commande","short_details":"Gr\u00e9goire Aubert \u2014 BOOKELIS","translator":null,"weight":71,"page_count":68,"readership":null,"editor":"BOOKELIS","price":1200,"published_date":"2025-06-15T22:00:00.000000Z","support":"Grand format","publisher_availability":1,"stock":0,"editions":[],"url":"https:\/\/quaidesbrumes.com\/ouvrage\/9791042454562\/stabilite-temporaire"},{"id":"9791042274726","title":"Boulevard des \u00e2mes ou le plus beau jour de ma vie","description":"Quatre com\u00e9diens s'agitent derri\u00e8re un rideau rouge bon march\u00e9, pr\u00eats \u00e0 jouer la plus grande qu\u00eate de l'humanit\u00e9 : apprendre \u00e0 dire maman sans que \u00e7a coince dans la gorge. Une \u00e2me en peine, que nous appellerons L'homme, doit retourner dans le grand bouillon de l'enfance entre une m\u00e8re envahissante et un p\u00e8re dont la capacit\u00e9 verbale se r\u00e9sume \u00e0 un beuglement approximatif. Un ange un peu trop enthousiaste m\u00e8ne la danse, \u00e7a gesticule, \u00e7a d\u00e9raille sur le fil du burlesque, et dans ce joyeux chaos, l'amour mal peign\u00e9 mais toujours volontaire s'accroche pour faire son num\u00e9ro.","authors":["Thierry Lutz"],"category_codes":["1000000","1080000"],"visuals":{"large":"https:\/\/images.epagine.fr\/726\/9791042274726_1_75.jpg","medium":"https:\/\/images.epagine.fr\/726\/9791042274726_1_m.jpg","thumbnail":"https:\/\/images.epagine.fr\/726\/9791042274726_1_v.jpg"},"orderable":true,"show_badge":true,"formatted_price":"11,00&nbsp;\u20ac","formatted_published_date":"12 juin 2025","publisher_availability_label":"Sur commande","short_details":"Thierry Lutz \u2014 Le Lys Bleu","translator":null,"weight":72,"page_count":72,"readership":null,"editor":"Le Lys Bleu","price":1100,"published_date":"2025-06-11T22:00:00.000000Z","support":"Poche","publisher_availability":1,"stock":0,"editions":[],"url":"https:\/\/quaidesbrumes.com\/ouvrage\/9791042274726\/boulevard-des-ames-ou-le-plus-beau-jour-de-ma-vie"},{"id":"9782367624488","title":"Oscar et la dame rose  ; Monsieur Ibrahim et les fleurs du Coran","description":"CD1\r\nOscar et la dame rose : Pour rendre plus doux les derniers moments du petit malade, Mamie Rose propose un jeu \u00e0 Oscar : vivre chaque jour comme s'il repr\u00e9sentait dix ans.\r\nInterpr\u00e9t\u00e9 par l'auteur, accompagn\u00e9 par quelques extraits tintinnabulants du Casse-Noisette et le bal des souris de Tcha\u00efkovski, ce conte a la fra\u00eecheur insolente de l'enfance et raconte la relation particuli\u00e8re tiss\u00e9e entre une vieille dame et un jeune gar\u00e7on, la puissance de la m\u00e9ditation et l'incroyable force de vie d'Oscar.\r\n\r\nMusique : Casse-Noisette et le bal des souris de Tcha\u00efkovski dirig\u00e9 par G. Rozhdestvensky avec l'orchestre de Bolsho\u00ef Theatre Orchestra, Melodiya Record L'Arl\u00e9sienne de Georges Bizet, dirig\u00e9 par Michel Plasson avec l'orchestre du Capitole de Toulouse, EMI Classics.\r\n\r\nCD2\r\nMonsieur Ibrahim et les fleurs du Coran :  \u00c0 Paris, dans les ann\u00e9es soixante, Momo, treize ans, mal aim\u00e9 par son p\u00e8re, triste et solitaire, se lie d'amiti\u00e9 avec le vieux Monsieur Ibrahim, \u00e9picier philosophe de la rue Bleue.\r\n\r\nSur une composition arabisante d'\u00c9ric-Emmanuel Schmitt, une relation d'amiti\u00e9 qui d\u00e9passe les croyances et les g\u00e9n\u00e9rations et nous initie \u00e0 la tol\u00e9rance.\r\nMusique originale compos\u00e9e et interpr\u00e9t\u00e9e par \u00c9ric-Emmanuel Schmitt.","authors":["Eric-Emmanuel Schmitt"],"category_codes":["1000000","1010000"],"visuals":{"large":"https:\/\/images.epagine.fr\/488\/9782367624488_1_75.jpg","medium":"https:\/\/images.epagine.fr\/488\/9782367624488_1_m.jpg","thumbnail":"https:\/\/images.epagine.fr\/488\/9782367624488_1_v.jpg"},"orderable":true,"show_badge":true,"formatted_price":"21,50&nbsp;\u20ac","formatted_published_date":"11 octobre 2017","publisher_availability_label":"Sur commande","short_details":"Eric-Emmanuel Schmitt \u2014 Audiolib","translator":null,"weight":174,"page_count":166,"readership":null,"editor":"Audiolib","price":2150,"published_date":"2017-10-10T22:00:00.000000Z","support":"CD Audio","publisher_availability":1,"stock":0,"editions":[],"url":"https:\/\/quaidesbrumes.com\/ouvrage\/9782367624488\/oscar-et-la-dame-rose-monsieur-ibrahim-et-les-fleurs-du-coran"},{"id":"9782322426263","title":"Romeo & Juliette : une trag\u00e9die amoureuse de Shakespeare","description":"La rivalit\u00e9 qui oppose les Capulets et les Montaigus ensanglante toute la ville de V\u00e9rone, au grand dam du prince Escalus. Rom\u00e9o, h\u00e9ritier des Montaigu et follement amoureux de Rosaline, s'adonne \u00e0 la m\u00e9lancolie la plus noire car elle le repousse. Pour le consoler, ses amis Benvolio et Mercutio le persuadent de s'inviter incognito \u00e0 la f\u00eate que les Capulets donnent en l'honneur de leur fille, Juliette ; Rom\u00e9o accepte puisque Rosaline y sera. Pour Juliette, persuad\u00e9e par sa m\u00e8re et sa nourrice, le bal sera l'occasion de rencontrer un possible futur \u00e9poux, m\u00eame si Capulet n'est pas press\u00e9 de marier sa fille. Au cours de ce bal, Juliette remplace totalement Rosaline dans le coeur de Rom\u00e9o.","authors":["William Shakespeare"],"category_codes":["1000000","1080000","1080200"],"visuals":{"large":"https:\/\/images.epagine.fr\/263\/9782322426263_1_75.jpg","medium":"https:\/\/images.epagine.fr\/263\/9782322426263_1_m.jpg","thumbnail":"https:\/\/images.epagine.fr\/263\/9782322426263_1_v.jpg"},"orderable":true,"show_badge":true,"formatted_price":"7,50&nbsp;\u20ac","formatted_published_date":"25 juin 2022","publisher_availability_label":"Sur commande","short_details":"William Shakespeare \u2014 Books on Demand","translator":null,"weight":223,"page_count":120,"readership":"\u00e0 partir de 12 ANS","editor":"Books on Demand","price":750,"published_date":"2022-06-24T22:00:00.000000Z","support":"Grand format","publisher_availability":1,"stock":0,"editions":[],"url":"https:\/\/quaidesbrumes.com\/ouvrage\/9782322426263\/romeo-juliette-une-tragedie-amoureuse-de-shakespeare"},{"id":"9782390751687","title":"Cabots mordus","description":"Deux fr\u00e8res, Louis et Victor, vivent ensemble sous le m\u00eame toit, dans le souvenir de leur m\u00e8re ch\u00e9rie. Tous deux sont acteurs. \u00c0 la fois path\u00e9tiques, insupportables, comiques et bouleversants, cousins de Laurel et Hardy, du clown blanc et de l'auguste, de Didi et Gogo, ils subissent comme tout un chacun le vent mauvais d'un monde qui change, le travail se fait rare, ils naviguent sans boussole, \u00e0 mar\u00e9e basse ou par avis de temp\u00eate, dans un temps qui d\u00e9sormais les ignore, loin de celui o\u00f9 Sarah Bernhardt sillonnait le monde telle une rock star. Mais brul\u00e9s encore par le feu sacr\u00e9 de leur art.\r\nApr\u00e8s des \u00e9tudes secondaires \u00e0 l'Ath\u00e9n\u00e9e de Seraing, des \u00e9tudes \u00e0 l'Universit\u00e9 de Li\u00e8ge et \u00e0 l'Institut d'\u00c9tudes Th\u00e9\u00e2trales \u00e0 Paris, Jean-Marie Piemme collabore avec Marc Liebens \u00e0 l'Ensemble th\u00e9\u00e2tral mobile et au th\u00e9\u00e2tre Varia avec Philippe Sireuil, puis rejoint G\u00e9rard Mortier \u00e0 l'op\u00e9ra de La Monnaie \u00e0 Bruxelles. Il enseigne ensuite \u00e0 l'Institut National des Arts du Spectacle (Insas) et se lance tardivement dans l'\u00e9criture de fictions th\u00e9\u00e2trales : une cinquantaine de textes s'ensuivent, la plupart jou\u00e9s dans les pays francophones.","authors":["Jean-Marie Piemme"],"category_codes":["1000000","1080000"],"visuals":{"large":"https:\/\/images.epagine.fr\/687\/9782390751687_1_75.jpg","medium":"https:\/\/images.epagine.fr\/687\/9782390751687_1_m.jpg","thumbnail":"https:\/\/images.epagine.fr\/687\/9782390751687_1_v.jpg"},"orderable":true,"show_badge":true,"formatted_price":"18,00&nbsp;\u20ac","formatted_published_date":"17 juin 2025","publisher_availability_label":"Sur commande","short_details":"Jean-Marie Piemme \u2014 Edern editions","translator":null,"weight":127,"page_count":118,"readership":null,"editor":"Edern editions","price":1800,"published_date":"2025-06-16T22:00:00.000000Z","support":"Grand format","publisher_availability":1,"stock":0,"editions":[],"url":"https:\/\/quaidesbrumes.com\/ouvrage\/9782390751687\/cabots-mordus"},{"id":"9782351051337","title":"Antoine & Catherine","description":"1h-1f ; D\u00e9cor : un banc dans un square \u00e0 Paris ; Dur\u00e9e : 1h25 Un jour de 1950, Simone accompagne sa fille Catherine, 4 ans, dans un square \u00e0 Paris. Elle y rencontre Jean venu avec son fils Antoine, 4 ans \u00e9galement. Les enfants font de la balan\u00e7oire, Jean et Simone s'assoient sur un banc et bavardent, d'abord en voisins.\r\n\r\nEn huit tableaux ponctu\u00e9s de chansons de l'\u00e9poque, c'est une pi\u00e8ce qui se d\u00e9roule sur cinquante ans.\r\n\r\nUn demi-si\u00e8cle avec ses changements de soci\u00e9t\u00e9, de mode et de technologie qui s'entrem\u00ealent avec des histoires d'amour, celle de Jean et Simone, d'Antoine et Catherine puis de Vincent et Delphine leurs enfants. Toujours autour de ce banc, tous, ils se perdent, se disputent, se retrouvent, sont amoureux.ou pas.\r\n\r\n\" Antoine et Catherine\" a \u00e9t\u00e9 cr\u00e9\u00e9 le 14 avril 2000 au Th\u00e9\u00e2tre de Poche-Montparnasse\r","authors":["Sylvie Blotnikas","Christophe Mory"],"category_codes":["1000000","1080000","1080300"],"visuals":{"large":"https:\/\/images.epagine.fr\/337\/9782351051337_1_75.jpg","medium":"https:\/\/images.epagine.fr\/337\/9782351051337_1_m.jpg","thumbnail":"https:\/\/images.epagine.fr\/337\/9782351051337_1_v.jpg"},"orderable":true,"show_badge":true,"formatted_price":"12,00&nbsp;\u20ac","formatted_published_date":"29 septembre 2015","publisher_availability_label":"Sur commande","short_details":"Sylvie Blotnikas, Christophe Mory \u2014 L'Oeil du Prince","translator":null,"weight":100,"page_count":88,"readership":null,"editor":"L'Oeil du Prince","price":1200,"published_date":"2015-09-28T22:00:00.000000Z","support":"Grand format","publisher_availability":1,"stock":0,"editions":[],"url":"https:\/\/quaidesbrumes.com\/ouvrage\/9782351051337\/antoine-catherine"},{"id":"9782845902299","title":"Le lundi de Pentec\u00f4te","description":"Der Pfingstmontag (Le Lundi de Pentec\u00f4te) est l'oeuvre fondatrice de la lit- t\u00e9rature dialectale en Alsace, mais aussi de cette forme culturelle qu'est le \u00ab th\u00e9\u00e2tre alsacien \u00bb, illustr\u00e9 par Stoskopf ou Germain Muller (le \u00ab barabli \u00bb).\r\nLa pr\u00e9sente traduction para\u00eet pour le 200 e anniversaire de la parution du texte (1816), et au moment m\u00eame o\u00f9 l'Alsace, comme beaucoup de r\u00e9gions fran\u00e7aises, s'interroge sur l'avenir de son identit\u00e9. \r\nPour Arnold, comme pour tous les Romantiques, les langues orales sont l'expression du g\u00e9nie des peuples. Parfaitement trilingue, il sent que l'alle- mand litt\u00e9raire va progressivement supplanter les dialectes, comme l'alsacien va \u00eatre grignot\u00e9 par la langue fran\u00e7aise. Son objectif est de faire du \u00ab collec- tage \u00bb et de dresser un monument \u00e0 la culture orale de son pays. \r\nD\u00e8s la parution de l'ouvrage, Goethe publie un long article enthousiaste sur \u00ab une oeuvre qui aurait du mal \u00e0 trouver son \u00e9quivalent en mati\u00e8re de clart\u00e9 d'observation et de description spirituelle de d\u00e9tails infinis \u00bb. \r\nAussi populaire en Alsace que nagu\u00e8re Coluche en France, Roger Siffer est l'un des plus grands connaisseurs de la culture populaire alsacienne. En digne h\u00e9ritier d'Arnold, il a eu \u00e0 coeur de relever le d\u00e9fi de traduire cette oeuvre.\r\nCar, dans tr\u00e8s peu de temps, il ne restera plus personne pour comprendre les mots et les formes utilis\u00e9s par Arnold. \u00c9tonnant paradoxe : pour sauvegarder ce monument, il est indispensable et urgent de le traduire en fran\u00e7ais.\r","authors":["Georges daniel Arnold","Suzanne Mayer","Dominique Huck"],"category_codes":["1000000","1080000","1080300"],"visuals":{"large":"https:\/\/images.epagine.fr\/299\/9782845902299_1_75.jpg","medium":"https:\/\/images.epagine.fr\/299\/9782845902299_1_m.jpg","thumbnail":"https:\/\/images.epagine.fr\/299\/9782845902299_1_v.jpg"},"orderable":true,"show_badge":true,"formatted_price":"16,00&nbsp;\u20ac","formatted_published_date":"17 mars 2016","publisher_availability_label":"Sur commande","short_details":"Georges daniel Arnold, Suzanne Mayer, Dominique Huck \u2014 \u00c9ditions Arfuyen","translator":"SUZANNE MAYER","weight":404,"page_count":242,"readership":null,"editor":"\u00c9ditions Arfuyen","price":1600,"published_date":"2016-03-16T23:00:00.000000Z","support":"Grand format","publisher_availability":1,"stock":0,"editions":[],"url":"https:\/\/quaidesbrumes.com\/ouvrage\/9782845902299\/le-lundi-de-pentecote"},{"id":"9782745326058","title":"Le th\u00e9\u00e2tre fran\u00e7ais de l'\u00e2ge classique Tome 3 ; l'arri\u00e8re saison","description":"Avec ce dernier volume consacr\u00e9 au th\u00e9\u00e2tre de la fin du r\u00e8gne de Louis XIV, s'ach\u00e8ve l'histoire de l'ancien th\u00e9\u00e2tre fran\u00e7ais, du Moyen \u00c2ge \u00e0 l'aube des Lumi\u00e8res. Apr\u00e8s la floraison du classicisme, voici l'arri\u00e8re-saison, tributaire d'un contexte historique, politique et id\u00e9ologique bien peu favorable. Pourtant, les propositions de spectacles demeurent fort importantes. D'une part, le th\u00e9\u00e2tre scolaire, \u00e9chappant aux foudres des rigoristes, prosp\u00e8re chez les j\u00e9suites, tandis que Madame de Maintenon d\u00e9veloppe, \u00e0 leur exemple, un th\u00e9\u00e2tre \u00e9ducatif et on songe \u00e0 Esther et Athalie. D'autre part, est marquante la disgr\u00e2ce du genre tragique malgr\u00e9 d'honorables dramaturges comme Campistron. Enfin, on assiste \u00e0 une v\u00e9ritable explosion de la production comique : les Dancourt, Regnard, Lesage peignent de mani\u00e8re all\u00e8gre, voire cynique, une soci\u00e9t\u00e9 qui, moralement se d\u00e9lite. Primaut\u00e9 de la com\u00e9die de moeurs. Et il faut y ajouter le th\u00e9\u00e2tre franco-italien follement libre et dr\u00f4le qu'inventa la troupe de l'Ancien Th\u00e9\u00e2tre Italien, chass\u00e9e de Paris en 1697.\r","authors":["Charles Mazouer"],"category_codes":["1000000","1080000"],"visuals":{"large":"https:\/\/images.epagine.fr\/058\/9782745326058_1_75.jpg","medium":"https:\/\/images.epagine.fr\/058\/9782745326058_1_m.jpg","thumbnail":"https:\/\/images.epagine.fr\/058\/9782745326058_1_v.jpg"},"orderable":true,"show_badge":true,"formatted_price":"90,00&nbsp;\u20ac","formatted_published_date":"26 mai 2014","publisher_availability_label":"Sur commande","short_details":"Charles Mazouer \u2014 HONORE CHAMPION","translator":null,"weight":1000,"page_count":560,"readership":null,"editor":"HONORE CHAMPION","price":9000,"published_date":"2014-05-25T22:00:00.000000Z","support":"Grand format","publisher_availability":1,"stock":0,"editions":[],"url":"https:\/\/quaidesbrumes.com\/ouvrage\/9782745326058\/le-theatre-francais-de-lage-classique-tome-3-larriere-saison"},{"id":"9782907293945","title":"Parodies","description":null,"authors":["Pierre-germain Parisau"],"category_codes":["1000000","1080000"],"visuals":{"large":"https:\/\/images.epagine.fr\/945\/9782907293945_1_75.jpg","medium":"https:\/\/images.epagine.fr\/945\/9782907293945_1_m.jpg","thumbnail":"https:\/\/images.epagine.fr\/945\/9782907293945_1_v.jpg"},"orderable":true,"show_badge":true,"formatted_price":"14,60&nbsp;\u20ac","formatted_published_date":"1er f\u00e9vrier 2005","publisher_availability_label":"Sur commande","short_details":"Pierre-germain Parisau \u2014 Espaces 34","translator":null,"weight":192,"page_count":null,"readership":null,"editor":"Espaces 34","price":1460,"published_date":"2005-01-31T23:00:00.000000Z","support":"Grand format","publisher_availability":1,"stock":0,"editions":[],"url":"https:\/\/quaidesbrumes.com\/ouvrage\/9782907293945\/parodies"},{"id":"9782267016222","title":"Un th\u00e9\u00e2tre du regard","description":null,"authors":["Jean Jourdheuil"],"category_codes":["1000000","1080000"],"visuals":{"large":"https:\/\/images.epagine.fr\/222\/9782267016222_1_75.jpg","medium":"https:\/\/images.epagine.fr\/222\/9782267016222_1_m.jpg","thumbnail":"https:\/\/images.epagine.fr\/222\/9782267016222_1_v.jpg"},"orderable":true,"show_badge":true,"formatted_price":"15,00&nbsp;\u20ac","formatted_published_date":"23 f\u00e9vrier 2002","publisher_availability_label":"Sur commande","short_details":"Jean Jourdheuil \u2014 Christian Bourgois","translator":null,"weight":225,"page_count":210,"readership":null,"editor":"Christian Bourgois","price":1500,"published_date":"2002-02-22T23:00:00.000000Z","support":"Grand format","publisher_availability":1,"stock":0,"editions":[],"url":"https:\/\/quaidesbrumes.com\/ouvrage\/9782267016222\/un-theatre-du-regard"},{"id":"9782907293365","title":"Rhadamisthe et Z\u00e9nobie","description":null,"authors":["Claude Cr\u00e9billon"],"category_codes":["1000000","1080000"],"visuals":{"large":"https:\/\/images.epagine.fr\/365\/9782907293365_1_75.jpg","medium":"https:\/\/images.epagine.fr\/365\/9782907293365_1_m.jpg","thumbnail":"https:\/\/images.epagine.fr\/365\/9782907293365_1_v.jpg"},"orderable":true,"show_badge":true,"formatted_price":"12,50&nbsp;\u20ac","formatted_published_date":"1er janvier 1999","publisher_availability_label":"Sur commande","short_details":"Claude Cr\u00e9billon \u2014 Espaces 34","translator":null,"weight":164,"page_count":null,"readership":null,"editor":"Espaces 34","price":1250,"published_date":"1998-12-31T23:00:00.000000Z","support":"Grand format","publisher_availability":1,"stock":0,"editions":[],"url":"https:\/\/quaidesbrumes.com\/ouvrage\/9782907293365\/rhadamisthe-et-zenobie"},{"id":"9782916089126","title":"Beethoven, entre ciel et terre : drame en deux actes","description":null,"authors":["Leon Daniele"],"category_codes":["1000000","1080000"],"visuals":{"large":"https:\/\/images.epagine.fr\/126\/9782916089126_1_75.jpg","medium":"https:\/\/images.epagine.fr\/126\/9782916089126_1_m.jpg","thumbnail":"https:\/\/images.epagine.fr\/126\/9782916089126_1_v.jpg"},"orderable":true,"show_badge":true,"formatted_price":"14,00&nbsp;\u20ac","formatted_published_date":"27 mars 2008","publisher_availability_label":"Sur commande","short_details":"Leon Daniele \u2014 Pic De La Mirandole","translator":null,"weight":158,"page_count":null,"readership":null,"editor":"Pic De La Mirandole","price":1400,"published_date":"2008-03-26T23:00:00.000000Z","support":"Grand format","publisher_availability":1,"stock":0,"editions":[],"url":"https:\/\/quaidesbrumes.com\/ouvrage\/9782916089126\/beethoven-entre-ciel-et-terre-drame-en-deux-actes"},{"id":"9782916121246","title":"Kongo, les mains coupees","description":null,"authors":["Plumelle-Uribe R A."],"category_codes":["1000000","1080000"],"visuals":{"large":"https:\/\/images.epagine.fr\/246\/9782916121246_1_75.jpg","medium":"https:\/\/images.epagine.fr\/246\/9782916121246_1_m.jpg","thumbnail":"https:\/\/images.epagine.fr\/246\/9782916121246_1_v.jpg"},"orderable":true,"show_badge":true,"formatted_price":"15,00&nbsp;\u20ac","formatted_published_date":"1er novembre 2012","publisher_availability_label":"Sur commande","short_details":"Plumelle-Uribe R A. \u2014 Anibwe","translator":null,"weight":250,"page_count":null,"readership":null,"editor":"Anibwe","price":1500,"published_date":"2012-10-31T23:00:00.000000Z","support":"Grand format","publisher_availability":1,"stock":0,"editions":[],"url":"https:\/\/quaidesbrumes.com\/ouvrage\/9782916121246\/kongo-les-mains-coupees"},{"id":"9782916089072","title":"La druidesse : drame en cinq actes","description":null,"authors":["Edouard Schur\u00e9"],"category_codes":["1000000","1080000"],"visuals":{"large":"https:\/\/images.epagine.fr\/072\/9782916089072_1_75.jpg","medium":"https:\/\/images.epagine.fr\/072\/9782916089072_1_m.jpg","thumbnail":"https:\/\/images.epagine.fr\/072\/9782916089072_1_v.jpg"},"orderable":true,"show_badge":true,"formatted_price":"16,00&nbsp;\u20ac","formatted_published_date":"6 juin 2007","publisher_availability_label":"Sur commande","short_details":"Edouard Schur\u00e9 \u2014 Pic De La Mirandole","translator":null,"weight":205,"page_count":null,"readership":null,"editor":"Pic De La Mirandole","price":1600,"published_date":"2007-06-05T22:00:00.000000Z","support":"Grand format","publisher_availability":1,"stock":0,"editions":["9782385080907"],"url":"https:\/\/quaidesbrumes.com\/ouvrage\/9782916089072\/la-druidesse-drame-en-cinq-actes"},{"id":"9782343069913","title":"Le th\u00e9\u00e2tre au lyc\u00e9e, une exp\u00e9rience de vie","description":"\"Sur dix ans, une cinquantaine d \u00e9l\u00e8ves se croiseront sur les planches de Th\u00e9\u00e2tribrid \u00e0 Argenteuil. Cette petite troupe de th\u00e9\u00e2tre du lyc\u00e9e Georges Braque, et du lyc\u00e9e professionnel Victor Puiseux, d\u00e9gage une dynamique et une joie de vivre hors du commun. Jean-Max, le professeur, partagera bonheurs et peines tout au long de ces ann\u00e9es. Trente ans apr\u00e8s, les protagonistes t\u00e9moignent avec leurs mots et \u00e9motions. Bienvenue \u00e0 Th\u00e9\u00e2tribrid !\"\r","authors":["Rahima Caussy","Anne-Laure Bell"],"category_codes":["1000000","1080000","1080100"],"visuals":{"large":"https:\/\/images.epagine.fr\/913\/9782343069913_1_75.jpg","medium":"https:\/\/images.epagine.fr\/913\/9782343069913_1_m.jpg","thumbnail":"https:\/\/images.epagine.fr\/913\/9782343069913_1_v.jpg"},"orderable":true,"show_badge":true,"formatted_price":"13,50&nbsp;\u20ac","formatted_published_date":"4 novembre 2015","publisher_availability_label":"Sur commande","short_details":"Rahima Caussy, Anne-Laure Bell \u2014 \u00c9ditions L'Harmattan","translator":null,"weight":115,"page_count":92,"readership":null,"editor":"\u00c9ditions L'Harmattan","price":1350,"published_date":"2015-11-03T23:00:00.000000Z","support":"Grand format","publisher_availability":1,"stock":0,"editions":[],"url":"https:\/\/quaidesbrumes.com\/ouvrage\/9782343069913\/le-theatre-au-lycee-une-experience-de-vie"},{"id":"9782810702480","title":"Contra el progreso contra el amor contra la democracia \/ contre le progres contr","description":null,"authors":["Esteve Soler"],"category_codes":["1000000","1080000"],"visuals":{"large":"https:\/\/images.epagine.fr\/480\/9782810702480_1_75.jpg","medium":"https:\/\/images.epagine.fr\/480\/9782810702480_1_m.jpg","thumbnail":"https:\/\/images.epagine.fr\/480\/9782810702480_1_v.jpg"},"orderable":true,"show_badge":true,"formatted_price":"12,00&nbsp;\u20ac","formatted_published_date":"28 mars 2013","publisher_availability_label":"Sur commande","short_details":"Esteve Soler \u2014 Pu Du Midi","translator":null,"weight":316,"page_count":233,"readership":null,"editor":"Pu Du Midi","price":1200,"published_date":"2013-03-27T23:00:00.000000Z","support":"Grand format","publisher_availability":1,"stock":0,"editions":[],"url":"https:\/\/quaidesbrumes.com\/ouvrage\/9782810702480\/contra-el-progreso-contra-el-amor-contra-la-democracia-contre-le-progres-contr"},{"id":"9782810702527","title":"Alcesti o la r\u00e9cita dell esilio \/ alceste ou le th\u00e9atre de l'exil","description":null,"authors":["Giovanni Raboni"],"category_codes":["1000000","1080000"],"visuals":{"large":"https:\/\/images.epagine.fr\/527\/9782810702527_1_75.jpg","medium":"https:\/\/images.epagine.fr\/527\/9782810702527_1_m.jpg","thumbnail":"https:\/\/images.epagine.fr\/527\/9782810702527_1_v.jpg"},"orderable":true,"show_badge":true,"formatted_price":"10,00&nbsp;\u20ac","formatted_published_date":"14 mars 2013","publisher_availability_label":"Sur commande","short_details":"Giovanni Raboni \u2014 Pu Du Midi","translator":null,"weight":186,"page_count":100,"readership":null,"editor":"Pu Du Midi","price":1000,"published_date":"2013-03-13T23:00:00.000000Z","support":"Grand format","publisher_availability":1,"stock":0,"editions":[],"url":"https:\/\/quaidesbrumes.com\/ouvrage\/9782810702527\/alcesti-o-la-recita-dell-esilio-alceste-ou-le-theatre-de-lexil"},{"id":"9782919483594","title":"Plein coeur","description":null,"authors":["Richard Joelle"],"category_codes":["1000000","1080000"],"visuals":{"large":"https:\/\/images.epagine.fr\/594\/9782919483594_1_75.jpg","medium":"https:\/\/images.epagine.fr\/594\/9782919483594_1_m.jpg","thumbnail":"https:\/\/images.epagine.fr\/594\/9782919483594_1_v.jpg"},"orderable":true,"show_badge":true,"formatted_price":"15,00&nbsp;\u20ac","formatted_published_date":"25 octobre 2018","publisher_availability_label":"Sur commande","short_details":"Richard Joelle \u2014 L'Echappee Belle","translator":null,"weight":220,"page_count":null,"readership":null,"editor":"L'Echappee Belle","price":1500,"published_date":"2018-10-24T22:00:00.000000Z","support":"Grand format","publisher_availability":1,"stock":0,"editions":[],"url":"https:\/\/quaidesbrumes.com\/ouvrage\/9782919483594\/plein-coeur"},{"id":"9782810702015","title":"La historia cruel y divertida de rosita boquita de fresa y de tartarin el bailar","description":"D\u00e9couvrez La historia cruel y divertida de rosita boquita de fresa y de tartarin el bailarin \/ l histoire crue, le livre de Marcelo Lobera\r","authors":["Marcelo Lobera"],"category_codes":["1000000","1080000"],"visuals":{"large":"https:\/\/images.epagine.fr\/015\/9782810702015_1_75.jpg","medium":"https:\/\/images.epagine.fr\/015\/9782810702015_1_m.jpg","thumbnail":"https:\/\/images.epagine.fr\/015\/9782810702015_1_v.jpg"},"orderable":true,"show_badge":true,"formatted_price":"9,50&nbsp;\u20ac","formatted_published_date":"27 avril 2012","publisher_availability_label":"Sur commande","short_details":"Marcelo Lobera \u2014 Pu Du Midi","translator":null,"weight":134,"page_count":90,"readership":null,"editor":"Pu Du Midi","price":950,"published_date":"2012-04-26T22:00:00.000000Z","support":"Grand format","publisher_availability":1,"stock":0,"editions":[],"url":"https:\/\/quaidesbrumes.com\/ouvrage\/9782810702015\/la-historia-cruel-y-divertida-de-rosita-boquita-de-fresa-y-de-tartarin-el-bailar"},{"id":"9782351051436","title":"Le toboggan","description":"\"1f.-2h. ; d\u00e9cor : un duplex dans un immeuble de grand standing ; dur\u00e9e : 1 h 15.\r\n\r\n\r\nChristophe Aubertin est pr\u00e9sentateur de t\u00e9l\u00e9vision vedette. S\u00e9ducteur, quelque peu pr\u00e9tentieux, il semble que rien ne puisse l'atteindre. Mais, c'est bien connu, la roue tourne et l'audience chute. Christophe n'est plus \u00e0 la mode. Combien de temps sa secr\u00e9taire, avec qui il entretenait une liaison, va-t-elle encore vouloir de lui ? Trouvera-t-il un nouveau concept d'\u00e9mission? Et surtout, peut-\u00eatre n'aurait-il jamais d\u00fb ouvrir sa porte \u00e0 Bob Loiseau, son ami d'enfance depuis longtemps perdu de vue, \u00e0 qui cette situation semble bien profiter...\"\r","authors":["Pierre Barillet","Jean-Pierre Gredy","Christophe Mory"],"category_codes":["1000000","1080000","1080300"],"visuals":{"large":"https:\/\/images.epagine.fr\/436\/9782351051436_1_75.jpg","medium":"https:\/\/images.epagine.fr\/436\/9782351051436_1_m.jpg","thumbnail":"https:\/\/images.epagine.fr\/436\/9782351051436_1_v.jpg"},"orderable":true,"show_badge":true,"formatted_price":"12,00&nbsp;\u20ac","formatted_published_date":"12 septembre 2016","publisher_availability_label":"Sur commande","short_details":"Pierre Barillet, Jean-Pierre Gredy, Christophe Mory \u2014 L'Oeil du Prince","translator":null,"weight":105,"page_count":98,"readership":null,"editor":"L'Oeil du Prince","price":1200,"published_date":"2016-09-11T22:00:00.000000Z","support":"Grand format","publisher_availability":1,"stock":0,"editions":[],"url":"https:\/\/quaidesbrumes.com\/ouvrage\/9782351051436\/le-toboggan"},{"id":"9782865039067","title":"Tyr et Sidon ou les funestes amours de Belcar et Meliane","description":"A c\u00f4t\u00e9 des grands noms de la litt\u00e9rature (Ronsard, Corneille, Voltaire ou Chateaubriand) et des oeuvres majeures, des collections (Du Bellay, Rotrou, Saint-Evremond, Scarron, Tristan l'Hermite), des auteurs moins connus (Angot de l'Eperonni\u00e8re, Boindin ou Mareschal) et de nombreux textes rares, souvent en premi\u00e8re \u00e9dition moderne, les textes publi\u00e9s par la STFM offrent le panorama le plus riche et le plus vari\u00e9 de la litt\u00e9rature fran\u00e7aise de la Renaissance \u00e0 l'\u00e9poque moderne.\r","authors":["Jean de Schelandre"],"category_codes":["1000000","1080000","1080200"],"visuals":{"large":"https:\/\/images.epagine.fr\/067\/9782865039067_1_75.jpg","medium":"https:\/\/images.epagine.fr\/067\/9782865039067_1_m.jpg","thumbnail":"https:\/\/images.epagine.fr\/067\/9782865039067_1_v.jpg"},"orderable":true,"show_badge":true,"formatted_price":"25,00&nbsp;\u20ac","formatted_published_date":"31 d\u00e9cembre 2008","publisher_availability_label":"Sur commande","short_details":"Jean de Schelandre \u2014 Stfm","translator":null,"weight":212,"page_count":352,"readership":null,"editor":"Stfm","price":2500,"published_date":"2008-12-30T23:00:00.000000Z","support":"Grand format","publisher_availability":1,"stock":0,"editions":[],"url":"https:\/\/quaidesbrumes.com\/ouvrage\/9782865039067\/tyr-et-sidon-ou-les-funestes-amours-de-belcar-et-meliane"},{"id":"9782810701117","title":"How i learned to drive \/ mes le\u00e7ons de conduite","description":"Avec les ann\u00e9es, les blessures cicatrisent mais ne disparaissent pas. Ti'Bouton a su apprivoiser les siennes. \u00c0 quarante ans pass\u00e9s, elle revit les \u00e9pisodes qui ont fait d'elle la femme qu'elle est devenue et revient sur les traumatismes de sa jeunesse, marqu\u00e9e par les le\u00e7ons de conduite que lui dispensait le trop pressant oncle Popaul. En filant la m\u00e9taphore de la conduite, Vogel embarque le spectateur dans une vir\u00e9e au coeur des \u00c9tats-Unis des ann\u00e9es 1960 et le plonge dans un univers dramatique des plus originaux o\u00f9 cohabitent le tragique et le comique, o\u00f9 l'art de la sc\u00e8ne c\u00f4toie d'autres formes artistiques. \u00c9pop\u00e9e domestique, How I Learned to Drive est une pi\u00e8ce sur le pouvoir : celui de contr\u00f4ler sa vie comme l'on ma\u00eetrise son v\u00e9hicule.\r\n\r\nFigure majeure de la sc\u00e8ne dramatique contemporaine aux \u00c9tats-Unis, r\u00e9compens\u00e9e du prix Pulitzer en 1998 pour How I Learned to Drive, Paula Vogel - qui enseigne aujourd'hui \u00e0 l'universit\u00e9 de Yale - est l'auteur de plusieurs pi\u00e8ces dont The Oldest Profession (1981), And Baby Makes Seven (1984), The Baltimore Waltz (1992), Hot'N Throbbing (1994), The Long Christmas Ride Home (2003).\r","authors":["Paula Vogel","Aur\u00e9lie Delevall\u00e9e"],"category_codes":["1000000","1080000"],"visuals":{"large":"https:\/\/images.epagine.fr\/117\/9782810701117_1_75.jpg","medium":"https:\/\/images.epagine.fr\/117\/9782810701117_1_m.jpg","thumbnail":"https:\/\/images.epagine.fr\/117\/9782810701117_1_v.jpg"},"orderable":true,"show_badge":true,"formatted_price":"14,00&nbsp;\u20ac","formatted_published_date":"3 juin 2010","publisher_availability_label":"Sur commande","short_details":"Paula Vogel, Aur\u00e9lie Delevall\u00e9e \u2014 Pu Du Midi","translator":"AURELIE DELEVALLEE","weight":204,"page_count":144,"readership":null,"editor":"Pu Du Midi","price":1400,"published_date":"2010-06-02T22:00:00.000000Z","support":"Grand format","publisher_availability":1,"stock":0,"editions":[],"url":"https:\/\/quaidesbrumes.com\/ouvrage\/9782810701117\/how-i-learned-to-drive-mes-lecons-de-conduite"},{"id":"9782810701155","title":"Quando non arrivarono i nostri \/ en attendant les cocos","description":"Un cercle de notables dans une bourgade sicilienne. Nous sommes en pleine guerre froide, en 1956 ; le spectre du communisme vient tout \u00e0 coup perturber la tranquillit\u00e9 morbide des bourgeois conservateurs, amateurs de belles femmes et soucieux de leurs biens. C'est un sauve-qui-peut g\u00e9n\u00e9ral trait\u00e9 avec vivacit\u00e9 et dr\u00f4lerie. La pi\u00e8ce, \u00e0 laquelle a contribu\u00e9 Antonio Di Grado, est la transformation dramaturgique de la nouvelle de Sciascia \u00c7a y est, ils arrivent. \u00c9crite pour \u00eatre jou\u00e9e sur la sc\u00e8ne du th\u00e9\u00e2tre de Catane en 1989, elle r\u00e9pond au projet du directeur artistique de repr\u00e9senter trois textes portant sur le th\u00e8me de la d\u00e9composition d'une soci\u00e9t\u00e9 ou de la mort. Cette com\u00e9die am\u00e8re formera la trilogie sicilienne parue sous le titre de Tryptique, avec les pi\u00e8ces de Gesualdo Bufalino et de Vincenzo Consolo.\r","authors":["Antonio Di grado","Leonardo Sciascia","Antonella Capra"],"category_codes":["1000000","1080000"],"visuals":{"large":"https:\/\/images.epagine.fr\/155\/9782810701155_1_75.jpg","medium":"https:\/\/images.epagine.fr\/155\/9782810701155_1_m.jpg","thumbnail":"https:\/\/images.epagine.fr\/155\/9782810701155_1_v.jpg"},"orderable":true,"show_badge":true,"formatted_price":"6,00&nbsp;\u20ac","formatted_published_date":"3 juin 2010","publisher_availability_label":"Sur commande","short_details":"Antonio Di grado, Leonardo Sciascia, Antonella Capra \u2014 Pu Du Midi","translator":"ANTONELLA CAPRA","weight":125,"page_count":80,"readership":null,"editor":"Pu Du Midi","price":600,"published_date":"2010-06-02T22:00:00.000000Z","support":"Grand format","publisher_availability":1,"stock":0,"editions":[],"url":"https:\/\/quaidesbrumes.com\/ouvrage\/9782810701155\/quando-non-arrivarono-i-nostri-en-attendant-les-cocos"}]}