{"data":[{"id":"9782753519817","title":"La r\u00e9volution mise en sc\u00e8ne","description":"La r\u00e9volution est au coeur de tr\u00e8s nombreuses pi\u00e8ces et mises en sc\u00e8ne, en France, en Allemagne, en URSS et ailleurs, du XVIe au XXe si\u00e8cle. Cet ouvrage se veut une r\u00e9flexion aussi bien sur les \u00e9critures th\u00e9\u00e2trales de la r\u00e9volution que sur les r\u00e9volutions au th\u00e9\u00e2tre, que ces \u00e9critures rendent n\u00e9cessaires et souvent anticipent. Au travers des diff\u00e9rents points de vue, une constante demeure : une certaine nostalgie et un r\u00eave \u00e9ternel de r\u00e9volution, accroch\u00e9 - peut-\u00eatre ? - \u00e0 la croyance en un progr\u00e8s possible de l'humanit\u00e9.\r","authors":["Collectif"],"category_codes":["1000000","1080000"],"visuals":{"large":"https:\/\/images.epagine.fr\/817\/9782753519817_1_75.jpg","medium":"https:\/\/images.epagine.fr\/817\/9782753519817_1_m.jpg","thumbnail":"https:\/\/images.epagine.fr\/817\/9782753519817_1_v.jpg"},"orderable":true,"show_badge":true,"formatted_price":"19,00&nbsp;\u20ac","formatted_published_date":"21 juin 2012","publisher_availability_label":"Sur commande","short_details":"Collectif \u2014 Presse Universitaire de Rennes","translator":null,"weight":570,"page_count":348,"readership":null,"editor":"Presse Universitaire de Rennes","price":1900,"published_date":"2012-06-20T22:00:00.000000Z","support":"Grand format","publisher_availability":1,"stock":0,"editions":[],"url":"https:\/\/quaidesbrumes.com\/ouvrage\/9782753519817\/la-revolution-mise-en-scene"},{"id":"9782851945983","title":"Les yeux au monde","description":"Jean-Luc Parant poursuit dans ce volume son \u00e9pop\u00e9e-ritournelle des yeux. Ces boules porteuses d'\u00e2me se font ici globes pour donner, apr\u00e8s avoir scrut\u00e9 le monde animal (Les animaux, le retour (2001), L'oeil-n\u00e9 (2002)), un tour cosmogonique \u00e0 la r\u00eaverie de cet artiste singulier.","authors":["Jean-Luc Parant","Titi Parant"],"category_codes":["1000000","1080000"],"visuals":{"large":"https:\/\/images.epagine.fr\/983\/9782851945983_1_75.jpg","medium":"https:\/\/images.epagine.fr\/983\/9782851945983_1_m.jpg","thumbnail":"https:\/\/images.epagine.fr\/983\/9782851945983_1_v.jpg"},"orderable":true,"show_badge":true,"formatted_price":"15,00&nbsp;\u20ac","formatted_published_date":"20 octobre 2003","publisher_availability_label":"Sur commande","short_details":"Jean-Luc Parant, Titi Parant \u2014 \u00c9ditions Fata Morgana","translator":null,"weight":110,"page_count":null,"readership":null,"editor":"\u00c9ditions Fata Morgana","price":1500,"published_date":"2003-10-19T22:00:00.000000Z","support":"Grand format","publisher_availability":1,"stock":0,"editions":[],"url":"https:\/\/quaidesbrumes.com\/ouvrage\/9782851945983\/les-yeux-au-monde"},{"id":"9782851946010","title":"Chants de la lumi\u00e8re et de l'\u00e9nigme","description":"Patiemment, au fil de nombreux livres s'\u00e9difie cette oeuvre dense, o\u00f9 l'on a cru entendre des \u00e9chos de Char et de Bonnefoy, mais qui, par sa rigueur m\u00e9diterran\u00e9enne, est d'abord grecque : la Gr\u00e8ce de Pindare comme celle d'Elytis. Ici, le rythme domin\u00e9 et le verbe cisel\u00e9 tissent un chant nouveau,  autant qu'intemporel.","authors":["Pierre Torreilles","Jacques Clauzel"],"category_codes":["1000000","1080000"],"visuals":{"large":"https:\/\/images.epagine.fr\/010\/9782851946010_1_75.jpg","medium":"https:\/\/images.epagine.fr\/010\/9782851946010_1_m.jpg","thumbnail":"https:\/\/images.epagine.fr\/010\/9782851946010_1_v.jpg"},"orderable":true,"show_badge":true,"formatted_price":"15,00&nbsp;\u20ac","formatted_published_date":"4 septembre 2003","publisher_availability_label":"Sur commande","short_details":"Pierre Torreilles, Jacques Clauzel \u2014 \u00c9ditions Fata Morgana","translator":null,"weight":174,"page_count":null,"readership":null,"editor":"\u00c9ditions Fata Morgana","price":1500,"published_date":"2003-09-03T22:00:00.000000Z","support":"Grand format","publisher_availability":1,"stock":0,"editions":[],"url":"https:\/\/quaidesbrumes.com\/ouvrage\/9782851946010\/chants-de-la-lumiere-et-de-lenigme"},{"id":"9782753527959","title":"L'histoire derri\u00e8re le rideau ; \u00e9critures sc\u00e9niques du Risorgimento","description":"La comm\u00e9moration du bicentenaire de l'Unit\u00e9 en 2011 a \u00e9t\u00e9 l'occasion de revenir sur ce pan m\u00e9connu de l'histoire du th\u00e9\u00e2tre italien que certains appellent scena risorgimentale. \u00c0 la lumi\u00e8re des d\u00e9bats historiographiques suscit\u00e9s par cette comm\u00e9moration, ce volume envisage les diverses modalit\u00e9s d'\u00e9criture dramatique et sc\u00e9nique qui ont accompagn\u00e9 la formation de l'unit\u00e9 italienne tout au long des XIXe et XXe si\u00e8cles, et celles qui, aujourd'hui encore, quand les identit\u00e9s nationales sont partout questionn\u00e9es, continuent d'explorer la m\u00e9moire de l'un des moments les plus complexes de l'histoire de la p\u00e9ninsule.\r\n\r\nAvec les soutiens du laboratoire d'\u00c9tudes romanes et du labex Arts-H2H de l'universit\u00e9 de Vincennes-Saint-Denis-Paris 8.\r","authors":["Fran\u00e7oise Decroisette"],"category_codes":["1000000","1080000"],"visuals":{"large":"https:\/\/images.epagine.fr\/959\/9782753527959_1_75.jpg","medium":"https:\/\/images.epagine.fr\/959\/9782753527959_1_m.jpg","thumbnail":"https:\/\/images.epagine.fr\/959\/9782753527959_1_v.jpg"},"orderable":true,"show_badge":true,"formatted_price":"20,00&nbsp;\u20ac","formatted_published_date":"24 octobre 2013","publisher_availability_label":"Sur commande","short_details":"Fran\u00e7oise Decroisette \u2014 Presse Universitaire de Rennes","translator":null,"weight":572,"page_count":354,"readership":null,"editor":"Presse Universitaire de Rennes","price":2000,"published_date":"2013-10-23T22:00:00.000000Z","support":"Grand format","publisher_availability":1,"stock":0,"editions":[],"url":"https:\/\/quaidesbrumes.com\/ouvrage\/9782753527959\/lhistoire-derriere-le-rideau-ecritures-sceniques-du-risorgimento"},{"id":"9782490091966","title":"A la d\u00e9rive : Th\u00e9\u00e2tre d'urgence","description":"Nous publions dans ce volume deux pi\u00e8ces de Luis Ara\u00fajo : Trenes que van al mar ;Des trains qui m\u00e8nent \u00e0 la mer (2001) et Trayectoria de la bala ; Trajectoire de la balle (2010). Dans la premi\u00e8re, deux femmes, Philippine (la bonne) et Claire (sa patronne) bouclent la valise pour se rendre \u00e0 la maison de la plage. La pi\u00e8ce, pleine d'humour, est \u00e9crite dans un langage dramaturgique qui rappelle le rythme, la sobri\u00e9t\u00e9, le vide, l'absurde et l'utilisation du silence propres au th\u00e9\u00e2tre de Beckett. Dans la seconde, Luis Ara\u00fajo fait exploser une famille espagnole tr\u00e8s bourgeoise, r\u00e9actionnaire et x\u00e9nophobe, en introduisant une jeune femme iranienne que le plus jeune fils souhaite \u00e9pouser.\r\nLe point commun de ces deux pi\u00e8ces, qui est aussi celui de tout son th\u00e9\u00e2tre, est la peur de l'\u00abAutre\u00bb;: \u00abautre sexe, autre pays, autre religion, autre id\u00e9ologie, autre peau... autre condition sociale\u00bb.","authors":["Luis Araujo","Bernard Escudero","Jean-pierre Lombard","Isabelle Reck"],"category_codes":["1000000","1080000","1080500"],"visuals":{"large":"https:\/\/images.epagine.fr\/966\/9782490091966_1_75.jpg","medium":"https:\/\/images.epagine.fr\/966\/9782490091966_1_m.jpg","thumbnail":"https:\/\/images.epagine.fr\/966\/9782490091966_1_v.jpg"},"orderable":true,"show_badge":true,"formatted_price":"22,00&nbsp;\u20ac","formatted_published_date":"14 f\u00e9vrier 2025","publisher_availability_label":"Sur commande","short_details":"Luis Araujo, Bernard Escudero, Jean-pierre Lombard, Isabelle Reck \u2014 Vibration","translator":null,"weight":270,"page_count":224,"readership":null,"editor":"Vibration","price":2200,"published_date":"2025-02-13T23:00:00.000000Z","support":"Grand format","publisher_availability":1,"stock":0,"editions":[],"url":"https:\/\/quaidesbrumes.com\/ouvrage\/9782490091966\/a-la-derive-theatre-durgence"},{"id":"9782807101357","title":"Lampedusa - les larmes de barbe bleue - chamailleries","description":null,"authors":["Gilles Boulan"],"category_codes":["1000000","1080000"],"visuals":{"large":"https:\/\/images.epagine.fr\/357\/9782807101357_1_75.jpg","medium":"https:\/\/images.epagine.fr\/357\/9782807101357_1_m.jpg","thumbnail":"https:\/\/images.epagine.fr\/357\/9782807101357_1_v.jpg"},"orderable":true,"show_badge":true,"formatted_price":"15,00&nbsp;\u20ac","formatted_published_date":"1er mars 2017","publisher_availability_label":"Sur commande","short_details":"Gilles Boulan \u2014 Lansman","translator":null,"weight":180,"page_count":null,"readership":null,"editor":"Lansman","price":1500,"published_date":"2017-02-28T23:00:00.000000Z","support":"Grand format","publisher_availability":1,"stock":0,"editions":[],"url":"https:\/\/quaidesbrumes.com\/ouvrage\/9782807101357\/lampedusa-les-larmes-de-barbe-bleue-chamailleries"},{"id":"9782807101760","title":"Trilogie familiale","description":null,"authors":["Serge Marois"],"category_codes":["1000000","1080000"],"visuals":{"large":"https:\/\/images.epagine.fr\/760\/9782807101760_1_75.jpg","medium":"https:\/\/images.epagine.fr\/760\/9782807101760_1_m.jpg","thumbnail":"https:\/\/images.epagine.fr\/760\/9782807101760_1_v.jpg"},"orderable":true,"show_badge":true,"formatted_price":"12,00&nbsp;\u20ac","formatted_published_date":"24 janvier 2018","publisher_availability_label":"Sur commande","short_details":"Serge Marois \u2014 Lansman","translator":null,"weight":120,"page_count":null,"readership":null,"editor":"Lansman","price":1200,"published_date":"2018-01-23T23:00:00.000000Z","support":"Grand format","publisher_availability":1,"stock":0,"editions":[],"url":"https:\/\/quaidesbrumes.com\/ouvrage\/9782807101760\/trilogie-familiale"},{"id":"9782807101920","title":"Olympe de gouges","description":null,"authors":["Elsa Solal"],"category_codes":["1000000","1080000"],"visuals":{"large":"https:\/\/images.epagine.fr\/920\/9782807101920_1_75.jpg","medium":"https:\/\/images.epagine.fr\/920\/9782807101920_1_m.jpg","thumbnail":"https:\/\/images.epagine.fr\/920\/9782807101920_1_v.jpg"},"orderable":true,"show_badge":true,"formatted_price":"9,00&nbsp;\u20ac","formatted_published_date":"20 avril 2018","publisher_availability_label":"Sur commande","short_details":"Elsa Solal \u2014 Lansman","translator":null,"weight":55,"page_count":null,"readership":null,"editor":"Lansman","price":900,"published_date":"2018-04-19T22:00:00.000000Z","support":"Grand format","publisher_availability":1,"stock":0,"editions":[],"url":"https:\/\/quaidesbrumes.com\/ouvrage\/9782807101920\/olympe-de-gouges"},{"id":"9782807101951","title":"Iris hace sala - iris tient salon","description":null,"authors":["Dominick Parenteau-L"],"category_codes":["1000000","1080000"],"visuals":{"large":"https:\/\/images.epagine.fr\/951\/9782807101951_1_75.jpg","medium":"https:\/\/images.epagine.fr\/951\/9782807101951_1_m.jpg","thumbnail":"https:\/\/images.epagine.fr\/951\/9782807101951_1_v.jpg"},"orderable":true,"show_badge":true,"formatted_price":"10,00&nbsp;\u20ac","formatted_published_date":"4 mai 2018","publisher_availability_label":"Sur commande","short_details":"Dominick Parenteau-L \u2014 Lansman","translator":null,"weight":60,"page_count":null,"readership":null,"editor":"Lansman","price":1000,"published_date":"2018-05-03T22:00:00.000000Z","support":"Grand format","publisher_availability":1,"stock":0,"editions":[],"url":"https:\/\/quaidesbrumes.com\/ouvrage\/9782807101951\/iris-hace-sala-iris-tient-salon"},{"id":"9782807102439","title":"Le cheval de bleu","description":null,"authors":["Marcel Cremer - Juli"],"category_codes":["1000000","1080000"],"visuals":{"large":"https:\/\/images.epagine.fr\/439\/9782807102439_1_75.jpg","medium":"https:\/\/images.epagine.fr\/439\/9782807102439_1_m.jpg","thumbnail":"https:\/\/images.epagine.fr\/439\/9782807102439_1_v.jpg"},"orderable":true,"show_badge":true,"formatted_price":"10,00&nbsp;\u20ac","formatted_published_date":"2 mai 2019","publisher_availability_label":"Sur commande","short_details":"Marcel Cremer - Juli \u2014 Lansman","translator":null,"weight":80,"page_count":null,"readership":null,"editor":"Lansman","price":1000,"published_date":"2019-05-01T22:00:00.000000Z","support":"Grand format","publisher_availability":1,"stock":0,"editions":[],"url":"https:\/\/quaidesbrumes.com\/ouvrage\/9782807102439\/le-cheval-de-bleu"},{"id":"9782807102385","title":"Scenes a deux","description":null,"authors":[],"category_codes":["1000000","1080000"],"visuals":{"large":"https:\/\/images.epagine.fr\/385\/9782807102385_1_75.jpg","medium":"https:\/\/images.epagine.fr\/385\/9782807102385_1_m.jpg","thumbnail":"https:\/\/images.epagine.fr\/385\/9782807102385_1_v.jpg"},"orderable":true,"show_badge":true,"formatted_price":"10,00&nbsp;\u20ac","formatted_published_date":"20 mars 2019","publisher_availability_label":"Sur commande","short_details":"Lansman","translator":null,"weight":75,"page_count":null,"readership":null,"editor":"Lansman","price":1000,"published_date":"2019-03-19T23:00:00.000000Z","support":"Grand format","publisher_availability":1,"stock":0,"editions":[],"url":"https:\/\/quaidesbrumes.com\/ouvrage\/9782807102385\/scenes-a-deux"},{"id":"9782807102477","title":"Au commencement . il y avait une chaise","description":null,"authors":["Laurent Van wetter"],"category_codes":["1000000","1080000"],"visuals":{"large":"https:\/\/images.epagine.fr\/477\/9782807102477_1_75.jpg","medium":"https:\/\/images.epagine.fr\/477\/9782807102477_1_m.jpg","thumbnail":"https:\/\/images.epagine.fr\/477\/9782807102477_1_v.jpg"},"orderable":true,"show_badge":true,"formatted_price":"10,00&nbsp;\u20ac","formatted_published_date":"6 juin 2019","publisher_availability_label":"Sur commande","short_details":"Laurent Van wetter \u2014 Lansman","translator":null,"weight":55,"page_count":null,"readership":null,"editor":"Lansman","price":1000,"published_date":"2019-06-05T22:00:00.000000Z","support":"Grand format","publisher_availability":1,"stock":0,"editions":[],"url":"https:\/\/quaidesbrumes.com\/ouvrage\/9782807102477\/au-commencement-il-y-avait-une-chaise"},{"id":"9782807102705","title":"Prof ! (dopagne)","description":null,"authors":["Dopagne"],"category_codes":["1000000","1080000"],"visuals":{"large":"https:\/\/images.epagine.fr\/705\/9782807102705_1_75.jpg","medium":"https:\/\/images.epagine.fr\/705\/9782807102705_1_m.jpg","thumbnail":"https:\/\/images.epagine.fr\/705\/9782807102705_1_v.jpg"},"orderable":true,"show_badge":true,"formatted_price":"10,00&nbsp;\u20ac","formatted_published_date":"10 d\u00e9cembre 2020","publisher_availability_label":"Sur commande","short_details":"Dopagne \u2014 Lansman","translator":null,"weight":65,"page_count":null,"readership":null,"editor":"Lansman","price":1000,"published_date":"2020-12-09T23:00:00.000000Z","support":"Grand format","publisher_availability":1,"stock":0,"editions":[],"url":"https:\/\/quaidesbrumes.com\/ouvrage\/9782807102705\/prof-dopagne"},{"id":"9782824107318","title":"Quaterni teatrini n 6 : vicini in amicizia creativa","description":null,"authors":["Collectif"],"category_codes":["1000000","1080000"],"visuals":{"large":"https:\/\/images.epagine.fr\/318\/9782824107318_1_75.jpg","medium":"https:\/\/images.epagine.fr\/318\/9782824107318_1_m.jpg","thumbnail":"https:\/\/images.epagine.fr\/318\/9782824107318_1_v.jpg"},"orderable":true,"show_badge":true,"formatted_price":"15,00&nbsp;\u20ac","formatted_published_date":"15 mars 2015","publisher_availability_label":"Sur commande","short_details":"Collectif \u2014 Albiana","translator":null,"weight":985,"page_count":null,"readership":null,"editor":"Albiana","price":1500,"published_date":"2015-03-14T23:00:00.000000Z","support":"Grand format","publisher_availability":1,"stock":0,"editions":[],"url":"https:\/\/quaidesbrumes.com\/ouvrage\/9782824107318\/quaterni-teatrini-n-6-vicini-in-amicizia-creativa"},{"id":"9782824105123","title":"Quaterni teatrini n 5 : testa di rame","description":null,"authors":["& Gambuzza Benucci"],"category_codes":["1000000","1080000"],"visuals":{"large":"https:\/\/images.epagine.fr\/123\/9782824105123_1_75.jpg","medium":"https:\/\/images.epagine.fr\/123\/9782824105123_1_m.jpg","thumbnail":"https:\/\/images.epagine.fr\/123\/9782824105123_1_v.jpg"},"orderable":true,"show_badge":true,"formatted_price":"15,00&nbsp;\u20ac","formatted_published_date":"15 mars 2015","publisher_availability_label":"Sur commande","short_details":"& Gambuzza Benucci \u2014 Albiana","translator":null,"weight":482,"page_count":null,"readership":null,"editor":"Albiana","price":1500,"published_date":"2015-03-14T23:00:00.000000Z","support":"Grand format","publisher_availability":1,"stock":0,"editions":[],"url":"https:\/\/quaidesbrumes.com\/ouvrage\/9782824105123\/quaterni-teatrini-n-5-testa-di-rame"},{"id":"9782807103627","title":"Le paradoxe de billy","description":null,"authors":["Ludovic Drouet"],"category_codes":["1000000","1080000"],"visuals":{"large":"https:\/\/images.epagine.fr\/627\/9782807103627_1_75.jpg","medium":"https:\/\/images.epagine.fr\/627\/9782807103627_1_m.jpg","thumbnail":"https:\/\/images.epagine.fr\/627\/9782807103627_1_v.jpg"},"orderable":true,"show_badge":true,"formatted_price":"10,00&nbsp;\u20ac","formatted_published_date":"26 octobre 2022","publisher_availability_label":"Sur commande","short_details":"Ludovic Drouet \u2014 Lansman","translator":null,"weight":100,"page_count":null,"readership":null,"editor":"Lansman","price":1000,"published_date":"2022-10-25T22:00:00.000000Z","support":"Grand format","publisher_availability":1,"stock":0,"editions":[],"url":"https:\/\/quaidesbrumes.com\/ouvrage\/9782807103627\/le-paradoxe-de-billy"},{"id":"9782749811925","title":"Ovide \u00e9tait mon ma\u00eetre ; ou l'art d'aimer","description":"Le po\u00e8te Ovide recueille dans une auberge de Corinthe une jeune esclave pr\u00e9nomm\u00e9e L\u00e9da qu'il adopte et instruit.\r\nLa jeune fille nous raconte la vie de son ma\u00eetre, de la publication \u00e0 Rome de L'Art d'aimer, \u00e0 son exil sur les rives de la mer Noir, tandis qu'Ovide nous prodigue ses conseils sur l'art de la s\u00e9duction.\r","authors":["Jean-Claude Id\u00e9e"],"category_codes":["1000000","1080000"],"visuals":{"large":"https:\/\/images.epagine.fr\/925\/9782749811925_1_75.jpg","medium":"https:\/\/images.epagine.fr\/925\/9782749811925_1_m.jpg","thumbnail":"https:\/\/images.epagine.fr\/925\/9782749811925_1_v.jpg"},"orderable":true,"show_badge":true,"formatted_price":"10,20&nbsp;\u20ac","formatted_published_date":"22 ao\u00fbt 2011","publisher_availability_label":"Sur commande","short_details":"Jean-Claude Id\u00e9e \u2014 Avant sc\u00e8ne th\u00e9\u00e2tre","translator":null,"weight":88,"page_count":88,"readership":null,"editor":"Avant sc\u00e8ne th\u00e9\u00e2tre","price":1020,"published_date":"2011-08-21T22:00:00.000000Z","support":"Poche","publisher_availability":1,"stock":0,"editions":[],"url":"https:\/\/quaidesbrumes.com\/ouvrage\/9782749811925\/ovide-etait-mon-maitre-ou-lart-daimer"},{"id":"9782336530567","title":"L'amour vient du futur","description":"Montr\u00e9al, un soir de printemps. C'est la gr\u00e8ve dans les universit\u00e9s qu\u00e9b\u00e9coises. Mathilde, une jeune \u00e9tudiante, rentre chez elle et s'effondre sur son lit. Incapable de dormir, elle repense \u00e0 l'assembl\u00e9e g\u00e9n\u00e9rale qui a eu lieu un peu plus t\u00f4t dans la soir\u00e9e et imagine comment les choses auraient pu se passer diff\u00e9remment. Au coeur de la nuit, le pass\u00e9, le pr\u00e9sent et le futur se r\u00e9inventent.\r\nEntrem\u00ealant le drame, la com\u00e9die, le d\u00e9bat politique et la po\u00e9sie, cette pi\u00e8ce nous plonge dans l'intimit\u00e9 d'une insomniaque r\u00eavant d'amour et d'un monde meilleur.","authors":["Pierre Berlioux"],"category_codes":["1000000","1080000"],"visuals":{"large":"https:\/\/images.epagine.fr\/567\/9782336530567_1_75.jpg","medium":"https:\/\/images.epagine.fr\/567\/9782336530567_1_m.jpg","thumbnail":"https:\/\/images.epagine.fr\/567\/9782336530567_1_v.jpg"},"orderable":true,"show_badge":true,"formatted_price":"13,00&nbsp;\u20ac","formatted_published_date":"8 mai 2025","publisher_availability_label":"Sur commande","short_details":"Pierre Berlioux \u2014 \u00c9ditions L'Harmattan","translator":null,"weight":125,"page_count":102,"readership":"Tout public","editor":"\u00c9ditions L'Harmattan","price":1300,"published_date":"2025-05-07T22:00:00.000000Z","support":"Grand format","publisher_availability":1,"stock":0,"editions":[],"url":"https:\/\/quaidesbrumes.com\/ouvrage\/9782336530567\/lamour-vient-du-futur"},{"id":"9782490198221","title":"Narcisse","description":"Jamais encore je n'avais rencontr\u00e9 celui qui dans le m\u00eame instant m'\u00e9coute et me r\u00e9pond? je te d\u00e9couvre \u00e0 peine et d\u00e9j\u00e0 tu connais mes pens\u00e9es tu me donnes ce que je t'offre prodigieuse correspondance ton d\u00e9sir pour moi br\u00fble tes yeux oui voil\u00e0 mon amour tu cherches en moi ce que je trouve en toi je te le donne [...] tout l'or que l'astre a plac\u00e9 dans tes yeux n'\u00e9gale pas le prix de ton regard et tu me le donnes et je te le rends comment ne pas me sentir beau \u00e0 en d\u00e9faillir puisque la beaut\u00e9 m\u00eame me dit que je suis beau Narcisse? je suis Narcisse et je suis beau je vois dans tes yeux tant d'amour qu'il \u00e9gale peut- \u00eatre celui que je te porte le bonheur commence l\u00e0\r","authors":["Chantal Desrues"],"category_codes":["1000000","1080000"],"visuals":{"large":"https:\/\/images.epagine.fr\/221\/9782490198221_1_75.jpg","medium":"https:\/\/images.epagine.fr\/221\/9782490198221_1_m.jpg","thumbnail":"https:\/\/images.epagine.fr\/221\/9782490198221_1_v.jpg"},"orderable":true,"show_badge":true,"formatted_price":"10,00&nbsp;\u20ac","formatted_published_date":"15 novembre 2020","publisher_availability_label":"Sur commande","short_details":"Chantal Desrues \u2014 Triartis","translator":null,"weight":77,"page_count":58,"readership":null,"editor":"Triartis","price":1000,"published_date":"2020-11-14T23:00:00.000000Z","support":"Grand format","publisher_availability":1,"stock":0,"editions":[],"url":"https:\/\/quaidesbrumes.com\/ouvrage\/9782490198221\/narcisse"},{"id":"9782913842106","title":"Th\u00e9\u00e2tres basques ; une histoire du th\u00e9\u00e2tre populaire en marche","description":"Pastorales, tobera et spectacles de compagnies amateurs composent la mosa\u00efque du Th\u00e9\u00e2tre populaire en Iparralde (Pays Basques nord). Un th\u00e9\u00e2tre issu de traditions imm\u00e9moriales, qui puise aussi dans les mouvances culturelles hors de ses fronti\u00e8res, souvent repr\u00e9sent\u00e9 dans les villages o\u00f9 il est mont\u00e9, parfois jou\u00e9 lors de tourn\u00e9es \u00e0 travers le pays. Classique ou engag\u00e9, il refl\u00e8te de mani\u00e8re consensuelle ou contradictoire les pr\u00e9occupations de la soci\u00e9t\u00e9. Lieu de rencontre et source de d\u00e9bats, le public nombreux ne manque pas de s'identifier au contenu de chaque nouvelle pi\u00e8ce. Ce th\u00e9\u00e2tre est, dans un contexte d'uniformisation des cultures, tiraill\u00e9 contre folklorisation et marginalisation. Une com\u00e9die tragique \u00e0 l'image de la situation de la langue qu'il utilise. L'euskara. Ce livre vous propose de vous plonger de plus pr\u00e8s, \u00e0 travers la deuxi\u00e8me moiti\u00e9 du XX\u00e8me si\u00e9cle, dans la cr\u00e9ation et l'\u00e9volution de ces formes d'expression. On ne pr\u00e9tend pas ici pr\u00e9senter une recherche aboutie. C'est plut\u00f4t le fruit d'un travail r\u00e9alis\u00e9 aupr\u00e8s des auteurs et des acteurs. On y conna\u00eetra leurs objectifs, leurs r\u00e9ussites et difficult\u00e9s rencontr\u00e9es, et entre les lignes, une approche de la soci\u00e9t\u00e9 rurale basque. C'est dans cette partie du monde, un peu d'histoire du th\u00e9\u00e2tre populaire en marche...","authors":["H\u00e9l\u00e8ne Etchecopar etchart"],"category_codes":["1000000","1080000"],"visuals":{"large":"https:\/\/images.epagine.fr\/106\/9782913842106_1_75.jpg","medium":"https:\/\/images.epagine.fr\/106\/9782913842106_1_m.jpg","thumbnail":"https:\/\/images.epagine.fr\/106\/9782913842106_1_v.jpg"},"orderable":true,"show_badge":true,"formatted_price":"15,24&nbsp;\u20ac","formatted_published_date":"16 avril 2004","publisher_availability_label":"Sur commande","short_details":"H\u00e9l\u00e8ne Etchecopar etchart \u2014 GATUZAIN","translator":null,"weight":262,"page_count":184,"readership":null,"editor":"GATUZAIN","price":1524,"published_date":"2004-04-15T22:00:00.000000Z","support":"Grand format","publisher_availability":1,"stock":0,"editions":[],"url":"https:\/\/quaidesbrumes.com\/ouvrage\/9782913842106\/theatres-basques-une-histoire-du-theatre-populaire-en-marche"},{"id":"9782734902041","title":"Un client s\u00e9rieux","description":"UN CLIENT S\u00c9RIEUX Com\u00e9die en 1 acte de Georges COURTELINE 7 h. (dont 3 petits r\u00f4les) - Dur\u00e9e : 35 mn Lagoupille, client du \" pied qui remue \", qui est un caf\u00e9 tenu par M. Alfred, est traduit par ce dernier devant la justice pour coups et blessures. Lagoupille choisit comme avocat Me Barbemolle. Et la s\u00e9ance se d\u00e9roule, non sans incident. Le procureur, M. M\u00e9pi\u00e9 a \u00e9t\u00e9 averti d'une menace de r\u00e9vocation qui p\u00e8se sur lui et dont l'arr\u00eat\u00e9 officiel est imminent. En effet, au cours de l'audience, alors que Me Barbemolle vient de prononcer avec quelle emphase, un discours de d\u00e9fense pour Lagoupille, M\u00e9pi\u00e9 lit dans le \"journal Officiel\" sa r\u00e9vocation et la nomination, \u00e0 sa place, de Me Barbemolle. Il se retire, tandis que Barbemolle s'empare du pupitre du procureur et prononce un r\u00e9quisitoire du plus haut comique contre Lagoupille dont il venait de pr\u00e9senter la d\u00e9fense.\r","authors":["Georges Courteline"],"category_codes":["1000000","1080000"],"visuals":{"large":"https:\/\/images.epagine.fr\/041\/9782734902041_1_75.jpg","medium":"https:\/\/images.epagine.fr\/041\/9782734902041_1_m.jpg","thumbnail":"https:\/\/images.epagine.fr\/041\/9782734902041_1_v.jpg"},"orderable":true,"show_badge":true,"formatted_price":"3,00&nbsp;\u20ac","formatted_published_date":"1er janvier 1958","publisher_availability_label":"Sur commande","short_details":"Georges Courteline \u2014 Librairie th\u00e9\u00e2trale","translator":null,"weight":30,"page_count":null,"readership":null,"editor":"Librairie th\u00e9\u00e2trale","price":300,"published_date":"1957-12-31T23:00:00.000000Z","support":"Grand format","publisher_availability":1,"stock":0,"editions":[],"url":"https:\/\/quaidesbrumes.com\/ouvrage\/9782734902041\/un-client-serieux"},{"id":"9782734903550","title":"La paix chez soi","description":"LA PAIX CHEZ SOI com\u00e9die en un acte de Georges COURTELINE - 1f. - 1h. - Dur\u00e9e : 25 mn - Sc\u00e8ne de m\u00e9nage o\u00f9 un mari, exc\u00e9d\u00e9 des lamentations de sa femme, ne sait plus \u00e0 quel saint se vouer... Ce ne sont que reproches imm\u00e9rit\u00e9s, propos versatiles et aigre-doux. Pourquoi ? Parce que Madame, maladroite, a cass\u00e9 un objet achet\u00e9 \u00e0 l'insu de son mari ; objet cass\u00e9 et impay\u00e9 !\r","authors":["Georges Courteline"],"category_codes":["1000000","1080000"],"visuals":{"large":"https:\/\/images.epagine.fr\/550\/9782734903550_1_75.jpg","medium":"https:\/\/images.epagine.fr\/550\/9782734903550_1_m.jpg","thumbnail":"https:\/\/images.epagine.fr\/550\/9782734903550_1_v.jpg"},"orderable":true,"show_badge":true,"formatted_price":"3,00&nbsp;\u20ac","formatted_published_date":"1er janvier 1958","publisher_availability_label":"Sur commande","short_details":"Georges Courteline \u2014 Librairie th\u00e9\u00e2trale","translator":null,"weight":20,"page_count":15,"readership":null,"editor":"Librairie th\u00e9\u00e2trale","price":300,"published_date":"1957-12-31T23:00:00.000000Z","support":"Grand format","publisher_availability":1,"stock":0,"editions":[],"url":"https:\/\/quaidesbrumes.com\/ouvrage\/9782734903550\/la-paix-chez-soi"},{"id":"9782916724171","title":"Racine \/ Moli\u00e8re ou  l'\u00e9cole des hommes","description":"Racine, flagorneur g\u00e9nial, dandy pr\u00eat \u00e0 (presque) tout pour briller \u00e0 la cour, a pour ambition secr\u00e8te d'\u00e9crire une grande com\u00e9die \u00e0 la fa\u00e7on de Moli\u00e8re. Moli\u00e8re, libertin infatu\u00e9 de lui-m\u00eame, tiraill\u00e9 entre son naturel ind\u00e9pendant et provocateur, cache un d\u00e9sir bien r\u00e9el : conna\u00eetre le succ\u00e8s avec une grande trag\u00e9die \u00e0 la fa\u00e7on de Racine. Racine, Moli\u00e8re, h\u00e9rauts de la langue fran\u00e7aise ! Chantres du g\u00e9nie gaulois ! \u00e9taient avant tout des hommes ; voire des hommes de th\u00e9\u00e2tre... c'est dire.\r\nRacine et Moli\u00e8re, l'\u00e9cole des hommes d\u00e9voile la suffisance et l'envie de ces deux cr\u00e9ateurs, leur d\u00e9pendance au pouvoir, leur amiti\u00e9 faite d'admiration m\u00eal\u00e9e d'envie, de faux-semblants et de v\u00e9rit\u00e9 crue.\r\nMais pourquoi ces lettres n'ont-elles jamais \u00e9t\u00e9 publi\u00e9es auparavant ? Pour garder intact nos ic\u00f4nes, sans doute. Pour ne pas ternir l'image de l'artiste, peut-\u00eatre. Plus certainement, parce qu'elles n'ont jamais exist\u00e9... Du moins, pas officiellement...\r","authors":["Fabrice Beucher"],"category_codes":["1000000","1080000"],"visuals":{"large":"https:\/\/images.epagine.fr\/171\/9782916724171_1_75.jpg","medium":"https:\/\/images.epagine.fr\/171\/9782916724171_1_m.jpg","thumbnail":"https:\/\/images.epagine.fr\/171\/9782916724171_1_v.jpg"},"orderable":true,"show_badge":true,"formatted_price":"10,00&nbsp;\u20ac","formatted_published_date":"19 mai 2010","publisher_availability_label":"Sur commande","short_details":"Fabrice Beucher \u2014 Triartis","translator":null,"weight":80,"page_count":64,"readership":null,"editor":"Triartis","price":1000,"published_date":"2010-05-18T22:00:00.000000Z","support":"Poche","publisher_availability":1,"stock":0,"editions":[],"url":"https:\/\/quaidesbrumes.com\/ouvrage\/9782916724171\/racine-moliere-ou-lecole-des-hommes"},{"id":"9782916724195","title":"Diderot, une le\u00e7on de th\u00e9\u00e2tre","description":"Quelques ann\u00e9es avant d'\u00e9crire son c\u00e9l\u00e8bre Paradoxe sur le Com\u00e9dien, Diderot a nou\u00e9 des liens \u00e9pistolaires avec deux com\u00e9diennes, l'une jeune et peu connue, mademoiselle Jodin, l'autre plus \u00e2g\u00e9e, influente dans le milieu litt\u00e9raire et th\u00e9\u00e2tral du temps, madame Riccoboni.\r\nCes lettres peuvent s'entendre comme des espaces de parole, lieux o\u00f9 les destinataires d'une correspondance r\u00e9agissent, cr\u00e9ent une distance, jouent d'une ironie... Elles peuvent aussi se lire, \u00e0 travers les conseils prodigu\u00e9s, comme des esquisses de l'oeuvre \u00e0 venir, des \u00ab essais \u00bb o\u00f9 s'\u00e9laborait la pens\u00e9e de Diderot sur le jeu de l'acteur.\r\nAinsi d\u00e9voil\u00e9es dans cet \u00e9change de lettres, les pr\u00e9misses de la th\u00e9orie de Diderot sur le com\u00e9dien n'offrent pas seulement la trace de la gen\u00e8se d'une oeuvre plus construite et mieux connue, elle donne le plaisir de voir se d\u00e9ployer le petit th\u00e9\u00e2tre des id\u00e9es de Diderot : vivantes, violentes parfois, terriblement humaines.\r","authors":["Julia de Gasquet"],"category_codes":["1000000","1080000"],"visuals":{"large":"https:\/\/images.epagine.fr\/195\/9782916724195_1_75.jpg","medium":"https:\/\/images.epagine.fr\/195\/9782916724195_1_m.jpg","thumbnail":"https:\/\/images.epagine.fr\/195\/9782916724195_1_v.jpg"},"orderable":true,"show_badge":true,"formatted_price":"10,00&nbsp;\u20ac","formatted_published_date":"19 mai 2010","publisher_availability_label":"Sur commande","short_details":"Julia de Gasquet \u2014 Triartis","translator":null,"weight":70,"page_count":46,"readership":null,"editor":"Triartis","price":1000,"published_date":"2010-05-18T22:00:00.000000Z","support":"Poche","publisher_availability":1,"stock":0,"editions":[],"url":"https:\/\/quaidesbrumes.com\/ouvrage\/9782916724195\/diderot-une-lecon-de-theatre"}]}