{"data":[{"id":"9782406176206","title":"L'art de persuader : Pi\u00e8ce anonyme attribu\u00e9e \u00e0 Cyrano de Bergerac","description":"L'Art de persuader est une com\u00e9die in\u00e9dite du XVIIe si\u00e8cle, qui sur un sch\u00e9ma pris \u00e0 la com\u00e9die latine multiplie les r\u00e9f\u00e9rences \u00e0 la r\u00e9alit\u00e9 contemporaine. Elle pourrait \u00eatre une pi\u00e8ce de Cyrano de Bergerac.","authors":["Savinien de Cyrano de Bergerac"],"category_codes":["1000000","1080000"],"visuals":{"large":"https:\/\/images.epagine.fr\/206\/9782406176206_1_75.jpg","medium":"https:\/\/images.epagine.fr\/206\/9782406176206_1_m.jpg","thumbnail":"https:\/\/images.epagine.fr\/206\/9782406176206_1_v.jpg"},"orderable":true,"show_badge":true,"formatted_price":"69,00&nbsp;\u20ac","formatted_published_date":"3 janvier 2025","publisher_availability_label":"Sur commande","short_details":"Savinien de Cyrano de Bergerac \u2014 CLASSIQUES GARNIER","translator":null,"weight":350,"page_count":151,"readership":null,"editor":"CLASSIQUES GARNIER","price":6900,"published_date":"2025-01-02T23:00:00.000000Z","support":"Grand format","publisher_availability":1,"stock":0,"editions":["9782406176213"],"url":"https:\/\/quaidesbrumes.com\/ouvrage\/9782406176206\/lart-de-persuader-piece-anonyme-attribuee-a-cyrano-de-bergerac"},{"id":"9791042265267","title":"Oraison fun\u00e8bre pour la R\u00e9publique de Walla-Walla","description":"Oraison fun\u00e8bre pour la R\u00e9publique de Walla-Walla c\u00e9l\u00e8bre le 66 anniversaire de la R\u00e9publique du Congo en d\u00e9non\u00e7ant son d\u00e9clin sous le r\u00e9gime actuel, marqu\u00e9 par le tribalisme et la corruption. \u00c0 travers l'analyse des discours vides du pr\u00e9sident de la R\u00e9publique, l'ouvrage critique l'inaction face aux aspirations du peuple congolais. Il appelle \u00e0 un sursaut national, incitant les Congolais \u00e0 se rassembler autour des valeurs de justice, \u00e9galit\u00e9 et fraternit\u00e9. Cet ouvrage est un appel \u00e0 r\u00e9\u00e9crire l'histoire du pays, \u00e0 surmonter les divisions et \u00e0 construire un avenir prosp\u00e8re. Il invite chaque citoyen \u00e0 r\u00e9fl\u00e9chir et \u00e0 esp\u00e9rer un Congo libre et uni.","authors":["Serge Armand Zanzala"],"category_codes":["1000000","1080000"],"visuals":{"large":"https:\/\/images.epagine.fr\/267\/9791042265267_1_75.jpg","medium":"https:\/\/images.epagine.fr\/267\/9791042265267_1_m.jpg","thumbnail":"https:\/\/images.epagine.fr\/267\/9791042265267_1_v.jpg"},"orderable":true,"show_badge":true,"formatted_price":"12,00&nbsp;\u20ac","formatted_published_date":"27 mars 2025","publisher_availability_label":"Sur commande","short_details":"Serge Armand Zanzala \u2014 Le Lys Bleu","translator":null,"weight":136,"page_count":104,"readership":null,"editor":"Le Lys Bleu","price":1200,"published_date":"2025-03-26T23:00:00.000000Z","support":"Grand format","publisher_availability":1,"stock":0,"editions":[],"url":"https:\/\/quaidesbrumes.com\/ouvrage\/9791042265267\/oraison-funebre-pour-la-republique-de-walla-walla"},{"id":"9782851814418","title":"Lexi\/ Textes 3","description":null,"authors":["Ouvrage Collectif"],"category_codes":["1000000","1080000"],"visuals":{"large":"https:\/\/quaidesbrumes.com\/img\/book-placeholder.png","medium":"https:\/\/quaidesbrumes.com\/img\/book-placeholder.png","thumbnail":"https:\/\/quaidesbrumes.com\/img\/book-placeholder.png"},"orderable":true,"show_badge":true,"formatted_price":"11,43&nbsp;\u20ac","formatted_published_date":"30 novembre 1999","publisher_availability_label":"Sur commande","short_details":"Ouvrage Collectif \u2014 L'Arche","translator":null,"weight":335,"page_count":null,"readership":null,"editor":"L'Arche","price":1143,"published_date":"1999-11-29T23:00:00.000000Z","support":"Grand format","publisher_availability":1,"stock":0,"editions":[],"url":"https:\/\/quaidesbrumes.com\/ouvrage\/9782851814418\/lexi-textes-3"},{"id":"9782406178828","title":"Th\u00e9\u00e2tre complet Tome 2","description":"Comme les pr\u00e9c\u00e9dentes pi\u00e8ces de Rayssiguier, La C\u00e9lid\u00e9e et Les Tuileries se signalent par leur inspiration pastorale ainsi que par la virtuosit\u00e9 de leurs intrigues amoureuses. La premi\u00e8re adapte un \u00e9pisode de L'Astr\u00e9e, et la seconde ravive plus largement les codes de la tragi-com\u00e9die pastorale.","authors":["Sieur de Rayssiguier"],"category_codes":["1000000","1080000"],"visuals":{"large":"https:\/\/images.epagine.fr\/828\/9782406178828_1_75.jpg","medium":"https:\/\/images.epagine.fr\/828\/9782406178828_1_m.jpg","thumbnail":"https:\/\/images.epagine.fr\/828\/9782406178828_1_v.jpg"},"orderable":true,"show_badge":true,"formatted_price":"84,00&nbsp;\u20ac","formatted_published_date":"16 avril 2025","publisher_availability_label":"Sur commande","short_details":"Sieur de Rayssiguier \u2014 CLASSIQUES GARNIER","translator":null,"weight":580,"page_count":328,"readership":null,"editor":"CLASSIQUES GARNIER","price":8400,"published_date":"2025-04-15T22:00:00.000000Z","support":"Grand format","publisher_availability":1,"stock":0,"editions":["9782406178811"],"url":"https:\/\/quaidesbrumes.com\/ouvrage\/9782406178828\/theatre-complet-tome-2"},{"id":"9782911914263","title":"Rive en effet","description":null,"authors":["G\u00e9rard Titus-Carmel"],"category_codes":["1000000","1080000"],"visuals":{"large":"https:\/\/quaidesbrumes.com\/img\/book-placeholder.png","medium":"https:\/\/quaidesbrumes.com\/img\/book-placeholder.png","thumbnail":"https:\/\/quaidesbrumes.com\/img\/book-placeholder.png"},"orderable":true,"show_badge":true,"formatted_price":"14,30&nbsp;\u20ac","formatted_published_date":"10 mai 2000","publisher_availability_label":"Sur commande","short_details":"G\u00e9rard Titus-Carmel \u2014 Obsidiane","translator":null,"weight":160,"page_count":null,"readership":null,"editor":"Obsidiane","price":1430,"published_date":"2000-05-09T22:00:00.000000Z","support":"Grand format","publisher_availability":1,"stock":0,"editions":[],"url":"https:\/\/quaidesbrumes.com\/ouvrage\/9782911914263\/rive-en-effet"},{"id":"9782911914355","title":"Petites m\u00e9tanies du temps","description":null,"authors":["Patrick Maury"],"category_codes":["1000000","1080000"],"visuals":{"large":"https:\/\/quaidesbrumes.com\/img\/book-placeholder.png","medium":"https:\/\/quaidesbrumes.com\/img\/book-placeholder.png","thumbnail":"https:\/\/quaidesbrumes.com\/img\/book-placeholder.png"},"orderable":true,"show_badge":true,"formatted_price":"10,10&nbsp;\u20ac","formatted_published_date":"20 novembre 2000","publisher_availability_label":"Sur commande","short_details":"Patrick Maury \u2014 Obsidiane","translator":null,"weight":162,"page_count":null,"readership":null,"editor":"Obsidiane","price":1010,"published_date":"2000-11-19T23:00:00.000000Z","support":"Grand format","publisher_availability":1,"stock":0,"editions":[],"url":"https:\/\/quaidesbrumes.com\/ouvrage\/9782911914355\/petites-metanies-du-temps"},{"id":"9782851946003","title":"Les cinq points cardinaux","description":"Ce volume constitue, sur le double mode de la sensualit\u00e9 et de l'action, une mani\u00e8re de table d'orientation dans l'univers du po\u00e8te. La ville aim\u00e9e, omnipr\u00e9sente cependant, c\u00e8de pour cette fois le premier plan \u00e0 de plus intimes passions : le tabac, le jazz, la parfaite beaut\u00e9 du marron d'Inde et, centre g\u00e9od\u00e9sique des affections litt\u00e9raires, l'oeuvre de Cingria. La philosophie n'est pas absente de ces d\u00e9ambulations, notamment lorsqu'il s'agit d'y d\u00e9m\u00ealer les vertus de l'ennui et celles du travail, d'y comparer les m\u00e9rites respectifs et inextricables de l'habitude et de l'\u00e9v\u00e9nement.","authors":["Jacques R\u00e9da"],"category_codes":["1000000","1080000"],"visuals":{"large":"https:\/\/images.epagine.fr\/003\/9782851946003_1_75.jpg","medium":"https:\/\/images.epagine.fr\/003\/9782851946003_1_m.jpg","thumbnail":"https:\/\/images.epagine.fr\/003\/9782851946003_1_v.jpg"},"orderable":true,"show_badge":true,"formatted_price":"18,00&nbsp;\u20ac","formatted_published_date":"4 septembre 2003","publisher_availability_label":"Sur commande","short_details":"Jacques R\u00e9da \u2014 \u00c9ditions Fata Morgana","translator":null,"weight":184,"page_count":85,"readership":null,"editor":"\u00c9ditions Fata Morgana","price":1800,"published_date":"2003-09-03T22:00:00.000000Z","support":"Grand format","publisher_availability":1,"stock":0,"editions":[],"url":"https:\/\/quaidesbrumes.com\/ouvrage\/9782851946003\/les-cinq-points-cardinaux"},{"id":"9782851946058","title":"L'horizon du monde","description":"Dans l'alternance du paragraphe et de la strophe, qui comme un choeur \u00e9nonce l'universel, Yves Peyr\u00e9 trouve l'amble d'un po\u00e8me jamais \u00e0 bout de souffle. L'horizon du monde, c'est le lieu o\u00f9 se m\u00ealent les chants de la terre et de l'esprit, c'est la ligne t\u00e9nue du verbe. De cette po\u00e9sie port\u00e9e avec \u00e9vidence par toute la tradition m\u00e9diterran\u00e9enne, l'on ressort \u00e9pur\u00e9, \u00e0 grandes eaux et grands vents.","authors":["Yves Peyr\u00e9","Jean Capdeville"],"category_codes":["1000000","1080000"],"visuals":{"large":"https:\/\/images.epagine.fr\/058\/9782851946058_1_75.jpg","medium":"https:\/\/images.epagine.fr\/058\/9782851946058_1_m.jpg","thumbnail":"https:\/\/images.epagine.fr\/058\/9782851946058_1_v.jpg"},"orderable":true,"show_badge":true,"formatted_price":"16,00&nbsp;\u20ac","formatted_published_date":"4 septembre 2003","publisher_availability_label":"Sur commande","short_details":"Yves Peyr\u00e9, Jean Capdeville \u2014 \u00c9ditions Fata Morgana","translator":null,"weight":142,"page_count":60,"readership":null,"editor":"\u00c9ditions Fata Morgana","price":1600,"published_date":"2003-09-03T22:00:00.000000Z","support":"Grand format","publisher_availability":1,"stock":0,"editions":[],"url":"https:\/\/quaidesbrumes.com\/ouvrage\/9782851946058\/lhorizon-du-monde"},{"id":"9782912927545","title":"Architecture Sereine du Vide","description":null,"authors":["Roberto Di Pasquale"],"category_codes":["1000000","1080000"],"visuals":{"large":"https:\/\/images.epagine.fr\/545\/9782912927545_1_75.jpg","medium":"https:\/\/images.epagine.fr\/545\/9782912927545_1_m.jpg","thumbnail":"https:\/\/images.epagine.fr\/545\/9782912927545_1_v.jpg"},"orderable":true,"show_badge":true,"formatted_price":"14,70&nbsp;\u20ac","formatted_published_date":"1er juin 2001","publisher_availability_label":"Sur commande","short_details":"Roberto Di Pasquale \u2014 Dumerchez","translator":null,"weight":190,"page_count":null,"readership":null,"editor":"Dumerchez","price":1470,"published_date":"2001-05-31T22:00:00.000000Z","support":"Grand format","publisher_availability":1,"stock":0,"editions":[],"url":"https:\/\/quaidesbrumes.com\/ouvrage\/9782912927545\/architecture-sereine-du-vide"},{"id":"9782911914447","title":"Solitudes (Cinquante) Po\u00e9sie","description":null,"authors":["Collectif"],"category_codes":["1000000","1080000"],"visuals":{"large":"https:\/\/quaidesbrumes.com\/img\/book-placeholder.png","medium":"https:\/\/quaidesbrumes.com\/img\/book-placeholder.png","thumbnail":"https:\/\/quaidesbrumes.com\/img\/book-placeholder.png"},"orderable":true,"show_badge":true,"formatted_price":"17,10&nbsp;\u20ac","formatted_published_date":"4 octobre 2001","publisher_availability_label":"Sur commande","short_details":"Collectif \u2014 Obsidiane","translator":null,"weight":282,"page_count":null,"readership":null,"editor":"Obsidiane","price":1710,"published_date":"2001-10-03T22:00:00.000000Z","support":"Grand format","publisher_availability":1,"stock":0,"editions":[],"url":"https:\/\/quaidesbrumes.com\/ouvrage\/9782911914447\/solitudes-cinquante-poesie"},{"id":"9782851945440","title":"Premi\u00e8re vie de Tancr\u00e8de","description":"Jamais r\u00e9unis, diss\u00e9min\u00e9s dans de multiples et v\u00e9n\u00e9rables revues plus ou moins \u00e9ph\u00e9m\u00e8res, les \u00e9crits les plus anciens de L\u00e9on-Paul Fargue, po\u00e8mes ou proses, restaient inaccessibles. En plus de Tancr\u00e8de, repris dans la version int\u00e9grale de 1894 (en huit chapitres, alors que la version d\u00e9finitive n'en a plus que quatre), \u00e9l\u00e9ment central de l'\u00e9lan cr\u00e9atif menant \u00e0 l'\u00e9laboration de son oeuvre, ce volume rassemble tous les po\u00e8mes du pr\u00e9coce Fargue, des premi\u00e8res parutions en 1893 jusqu'\u00e0 celles des ann\u00e9es 1900. A cela s'ajoute une dizaine de po\u00e8mes, retrouv\u00e9s dans ses archives, et jusqu'alors in\u00e9dits, pour prolonger notre plaisir de rester en compagnie du trop m\u00e9connu Pi\u00e9ton de Paris.","authors":["L\u00e9on-Paul Fargue"],"category_codes":["1000000","1080000"],"visuals":{"large":"https:\/\/images.epagine.fr\/440\/9782851945440_1_75.jpg","medium":"https:\/\/images.epagine.fr\/440\/9782851945440_1_m.jpg","thumbnail":"https:\/\/images.epagine.fr\/440\/9782851945440_1_v.jpg"},"orderable":true,"show_badge":true,"formatted_price":"21,00&nbsp;\u20ac","formatted_published_date":"13 juin 2001","publisher_availability_label":"Sur commande","short_details":"L\u00e9on-Paul Fargue \u2014 \u00c9ditions Fata Morgana","translator":null,"weight":216,"page_count":null,"readership":null,"editor":"\u00c9ditions Fata Morgana","price":2100,"published_date":"2001-06-12T22:00:00.000000Z","support":"Grand format","publisher_availability":1,"stock":0,"editions":[],"url":"https:\/\/quaidesbrumes.com\/ouvrage\/9782851945440\/premiere-vie-de-tancrede"},{"id":"9782912927569","title":"Sugar","description":null,"authors":["Eric Sarner"],"category_codes":["1000000","1080000"],"visuals":{"large":"https:\/\/images.epagine.fr\/569\/9782912927569_1_75.jpg","medium":"https:\/\/images.epagine.fr\/569\/9782912927569_1_m.jpg","thumbnail":"https:\/\/images.epagine.fr\/569\/9782912927569_1_v.jpg"},"orderable":true,"show_badge":true,"formatted_price":"12,40&nbsp;\u20ac","formatted_published_date":"21 novembre 2001","publisher_availability_label":"Sur commande","short_details":"Eric Sarner \u2014 Dumerchez","translator":null,"weight":194,"page_count":null,"readership":null,"editor":"Dumerchez","price":1240,"published_date":"2001-11-20T23:00:00.000000Z","support":"Grand format","publisher_availability":1,"stock":0,"editions":[],"url":"https:\/\/quaidesbrumes.com\/ouvrage\/9782912927569\/sugar"},{"id":"9782851945648","title":"Le palais de cristal","description":"\u00c9crit en 1902 et jamais publi\u00e9 en volume (m\u00eame pas dans les dix volumes d'\u00aboeuvres compl\u00e8tes\u00bb), ce texte de Valery Larbaud nous entra\u00eene, entre r\u00eaverie po\u00e9tique et r\u00e9flexion litt\u00e9raire, dans les jardins du Cristal Palace. Le temps privil\u00e9gi\u00e9 d'une promenade solitaire, s'op\u00e8re le balancement de l'\u00eatre entre la chaleur de l'intime, la douce fr\u00e9quentation des po\u00e8tes, et \u00abla r\u00e9elle amertume de la vie\u00bb : les rumeurs de la ville. La parfaite appr\u00e9hension de ce mouvement des profondeurs fait du Palais de Cristal l'une des pi\u00e8ces rares et pr\u00e9cieuses de notre litt\u00e9rature.\r\nCe petit volume, illustr\u00e9 lui aussi par Jean Cortot, forme une sorte de diptyque avec Venise \u00d4 ! ma jolie de Fargue, publi\u00e9 en septembre 2000.","authors":["Val\u00e9ry Larbaud","Jean Cortot"],"category_codes":["1000000","1080000"],"visuals":{"large":"https:\/\/images.epagine.fr\/648\/9782851945648_1_75.jpg","medium":"https:\/\/images.epagine.fr\/648\/9782851945648_1_m.jpg","thumbnail":"https:\/\/images.epagine.fr\/648\/9782851945648_1_v.jpg"},"orderable":true,"show_badge":true,"formatted_price":"13,00&nbsp;\u20ac","formatted_published_date":"10 avril 2002","publisher_availability_label":"Sur commande","short_details":"Val\u00e9ry Larbaud, Jean Cortot \u2014 \u00c9ditions Fata Morgana","translator":null,"weight":68,"page_count":37,"readership":null,"editor":"\u00c9ditions Fata Morgana","price":1300,"published_date":"2002-04-09T22:00:00.000000Z","support":"Grand format","publisher_availability":1,"stock":0,"editions":[],"url":"https:\/\/quaidesbrumes.com\/ouvrage\/9782851945648\/le-palais-de-cristal"},{"id":"9782912927613","title":"Une Pluie de Non-Retour","description":null,"authors":["Luce Guilbaud"],"category_codes":["1000000","1080000"],"visuals":{"large":"https:\/\/images.epagine.fr\/613\/9782912927613_1_75.jpg","medium":"https:\/\/images.epagine.fr\/613\/9782912927613_1_m.jpg","thumbnail":"https:\/\/images.epagine.fr\/613\/9782912927613_1_v.jpg"},"orderable":true,"show_badge":true,"formatted_price":"10,20&nbsp;\u20ac","formatted_published_date":"7 mars 2002","publisher_availability_label":"Sur commande","short_details":"Luce Guilbaud \u2014 Dumerchez","translator":null,"weight":144,"page_count":null,"readership":null,"editor":"Dumerchez","price":1020,"published_date":"2002-03-06T23:00:00.000000Z","support":"Grand format","publisher_availability":1,"stock":0,"editions":[],"url":"https:\/\/quaidesbrumes.com\/ouvrage\/9782912927613\/une-pluie-de-non-retour"},{"id":"9782912927651","title":"Heurs","description":null,"authors":["Tristan F\u00e9lix"],"category_codes":["1000000","1080000"],"visuals":{"large":"https:\/\/images.epagine.fr\/651\/9782912927651_1_75.jpg","medium":"https:\/\/images.epagine.fr\/651\/9782912927651_1_m.jpg","thumbnail":"https:\/\/images.epagine.fr\/651\/9782912927651_1_v.jpg"},"orderable":true,"show_badge":true,"formatted_price":"12,20&nbsp;\u20ac","formatted_published_date":"19 juin 2002","publisher_availability_label":"Sur commande","short_details":"Tristan F\u00e9lix \u2014 Dumerchez","translator":null,"weight":190,"page_count":null,"readership":null,"editor":"Dumerchez","price":1220,"published_date":"2002-06-18T22:00:00.000000Z","support":"Grand format","publisher_availability":1,"stock":0,"editions":[],"url":"https:\/\/quaidesbrumes.com\/ouvrage\/9782912927651\/heurs"},{"id":"9782912927668","title":"Histoire Illustree de l'Invisible","description":null,"authors":["Alain Suied"],"category_codes":["1000000","1080000"],"visuals":{"large":"https:\/\/images.epagine.fr\/668\/9782912927668_1_75.jpg","medium":"https:\/\/images.epagine.fr\/668\/9782912927668_1_m.jpg","thumbnail":"https:\/\/images.epagine.fr\/668\/9782912927668_1_v.jpg"},"orderable":true,"show_badge":true,"formatted_price":"11,60&nbsp;\u20ac","formatted_published_date":"19 juin 2002","publisher_availability_label":"Sur commande","short_details":"Alain Suied \u2014 Dumerchez","translator":null,"weight":148,"page_count":52,"readership":null,"editor":"Dumerchez","price":1160,"published_date":"2002-06-18T22:00:00.000000Z","support":"Grand format","publisher_availability":1,"stock":0,"editions":[],"url":"https:\/\/quaidesbrumes.com\/ouvrage\/9782912927668\/histoire-illustree-de-linvisible"},{"id":"9782907468862","title":"Berlin,9 Novembre","description":null,"authors":["Pierre Bourgeade"],"category_codes":["1000000","1080000"],"visuals":{"large":"https:\/\/quaidesbrumes.com\/img\/book-placeholder.png","medium":"https:\/\/quaidesbrumes.com\/img\/book-placeholder.png","thumbnail":"https:\/\/quaidesbrumes.com\/img\/book-placeholder.png"},"orderable":true,"show_badge":true,"formatted_price":"8,20&nbsp;\u20ac","formatted_published_date":"1er janvier 2003","publisher_availability_label":"Sur commande","short_details":"Pierre Bourgeade \u2014 Avant sc\u00e8ne th\u00e9\u00e2tre","translator":null,"weight":76,"page_count":null,"readership":null,"editor":"Avant sc\u00e8ne th\u00e9\u00e2tre","price":820,"published_date":"2002-12-31T23:00:00.000000Z","support":"Grand format","publisher_availability":1,"stock":0,"editions":[],"url":"https:\/\/quaidesbrumes.com\/ouvrage\/9782907468862\/berlin9-novembre"},{"id":"9782851945808","title":"Mues indig\u00e8nes","description":"Mues indig\u00e8nes est le second recueil de Romain Graziani. Dans cette suite de po\u00e8mes en prose et en vers, l'auteur explore l'ensemble des liens qui tissent un rapport singulier avec le monde, de l'\u00e9lan du d\u00e9sir pl\u00e9nier jusqu'aux processus de mort cellulaire chez l'homme et l'animal. La polyphonie des voix qui s'y expriment - confession d'un mourant, conf\u00e9rence d'un microbe ou errance amoureuse d'un dauphin - atteste des forces vitales qui entrent dans le jeu des mutations par lequel un \u00eatre surgit et fait retour au vide.","authors":["Romain Graziani","Maziar Zendehroudi"],"category_codes":["1000000","1080000"],"visuals":{"large":"https:\/\/images.epagine.fr\/808\/9782851945808_1_75.jpg","medium":"https:\/\/images.epagine.fr\/808\/9782851945808_1_m.jpg","thumbnail":"https:\/\/images.epagine.fr\/808\/9782851945808_1_v.jpg"},"orderable":true,"show_badge":true,"formatted_price":"11,00&nbsp;\u20ac","formatted_published_date":"18 octobre 2002","publisher_availability_label":"Sur commande","short_details":"Romain Graziani, Maziar Zendehroudi \u2014 \u00c9ditions Fata Morgana","translator":null,"weight":122,"page_count":50,"readership":null,"editor":"\u00c9ditions Fata Morgana","price":1100,"published_date":"2002-10-17T22:00:00.000000Z","support":"Grand format","publisher_availability":1,"stock":0,"editions":[],"url":"https:\/\/quaidesbrumes.com\/ouvrage\/9782851945808\/mues-indigenes"},{"id":"9782748900392","title":"P\u00e9ch\u00e9s Mortels Ed. 2004 : Sept Pieces en un Acte","description":"\" Comme de nombreux autres \u00e9crivains de th\u00e9\u00e2tre de la g\u00e9n\u00e9ration d'apr\u00e8s-guerre, Felix Mitterer continue d'oeuvrer malgr\u00e9 tout \u00e0 cette (re)mise en examen d'un r\u00e9el drap\u00e9 dans l'amn\u00e9sie et la mauvaise foi. Car il y a encore \u00e0 dire, puisqu'il y a encore \u00e0 souffrir. \" Enzo Cormann (extrait de la postface).\r","authors":["Felix Mitterer"],"category_codes":["1000000","1080000"],"visuals":{"large":"https:\/\/quaidesbrumes.com\/img\/book-placeholder.png","medium":"https:\/\/quaidesbrumes.com\/img\/book-placeholder.png","thumbnail":"https:\/\/quaidesbrumes.com\/img\/book-placeholder.png"},"orderable":true,"show_badge":true,"formatted_price":"12,20&nbsp;\u20ac","formatted_published_date":"19 octobre 2004","publisher_availability_label":"Sur commande","short_details":"Felix Mitterer \u2014 Agone","translator":null,"weight":132,"page_count":112,"readership":null,"editor":"Agone","price":1220,"published_date":"2004-10-18T22:00:00.000000Z","support":"Grand format","publisher_availability":1,"stock":0,"editions":[],"url":"https:\/\/quaidesbrumes.com\/ouvrage\/9782748900392\/peches-mortels-ed-2004-sept-pieces-en-un-acte"},{"id":"9782847910117","title":"Poemes Pour la Conquete d'un Vertige","description":null,"authors":["Elie Delamare Debouteville"],"category_codes":["1000000","1080000"],"visuals":{"large":"https:\/\/images.epagine.fr\/117\/9782847910117_1_75.jpg","medium":"https:\/\/images.epagine.fr\/117\/9782847910117_1_m.jpg","thumbnail":"https:\/\/images.epagine.fr\/117\/9782847910117_1_v.jpg"},"orderable":true,"show_badge":true,"formatted_price":"14,80&nbsp;\u20ac","formatted_published_date":"8 mars 2004","publisher_availability_label":"Sur commande","short_details":"Elie Delamare Debouteville \u2014 Dumerchez","translator":null,"weight":196,"page_count":null,"readership":null,"editor":"Dumerchez","price":1480,"published_date":"2004-03-07T23:00:00.000000Z","support":"Grand format","publisher_availability":1,"stock":0,"editions":[],"url":"https:\/\/quaidesbrumes.com\/ouvrage\/9782847910117\/poemes-pour-la-conquete-dun-vertige"},{"id":"9782847910148","title":"Dernieres Notes de Service","description":null,"authors":["Guy Marester"],"category_codes":["1000000","1080000"],"visuals":{"large":"https:\/\/images.epagine.fr\/148\/9782847910148_1_75.jpg","medium":"https:\/\/images.epagine.fr\/148\/9782847910148_1_m.jpg","thumbnail":"https:\/\/images.epagine.fr\/148\/9782847910148_1_v.jpg"},"orderable":true,"show_badge":true,"formatted_price":"17,80&nbsp;\u20ac","formatted_published_date":"8 mars 2004","publisher_availability_label":"Sur commande","short_details":"Guy Marester \u2014 Dumerchez","translator":null,"weight":208,"page_count":null,"readership":null,"editor":"Dumerchez","price":1780,"published_date":"2004-03-07T23:00:00.000000Z","support":"Grand format","publisher_availability":1,"stock":0,"editions":[],"url":"https:\/\/quaidesbrumes.com\/ouvrage\/9782847910148\/dernieres-notes-de-service"},{"id":"9782911914607","title":"Bouch\u00e8res","description":null,"authors":["Pascal Comm\u00e8re"],"category_codes":["1000000","1080000"],"visuals":{"large":"https:\/\/images.epagine.fr\/607\/9782911914607_1_75.jpg","medium":"https:\/\/images.epagine.fr\/607\/9782911914607_1_m.jpg","thumbnail":"https:\/\/images.epagine.fr\/607\/9782911914607_1_v.jpg"},"orderable":true,"show_badge":true,"formatted_price":"14,20&nbsp;\u20ac","formatted_published_date":"10 juin 2003","publisher_availability_label":"Sur commande","short_details":"Pascal Comm\u00e8re \u2014 Obsidiane","translator":null,"weight":190,"page_count":106,"readership":null,"editor":"Obsidiane","price":1420,"published_date":"2003-06-09T22:00:00.000000Z","support":"Grand format","publisher_availability":1,"stock":0,"editions":[],"url":"https:\/\/quaidesbrumes.com\/ouvrage\/9782911914607\/boucheres"},{"id":"9782749809144","title":"Le jour du destin","description":"1950, a' Barcelone, sous la dictature franquiste. Apre's six ans de traque me'ticuleuse, Avelino Pared de'cide de mettre un terme aux activite's de Ramo'n Puig, professeur a' l'universite' de Toulouse et militant anarchiste en exil. Hasard ou signe du destin, son arrestation coincide avec l'arrive'e de l'inspecteur Laredo dans la Brigade sociale et politique. Ce jeune ide'aliste croit avec ferveur aux vertus d'ordre et de disci- pline : il a concu pour Pared un ve'ritable culte. Petit a' petit, il de'couvrira ce que cache la folie de l'ordre : le cynisme de'sabuse', la manipulation, l'absence de scrupules, une perversite' exquise. La cr\u00e9ation du Jour du destin a eu lieu le 27 ao\u00fbt 2003 au Th\u00e9\u00e2tre Montparnasse dans une mise en sc\u00e8ne de Jean-Marie Besset et Gilbert D\u00e9sveaux.","authors":["Michel Del Castillo"],"category_codes":["1000000","1080000"],"visuals":{"large":"https:\/\/images.epagine.fr\/144\/9782749809144_1_75.jpg","medium":"https:\/\/images.epagine.fr\/144\/9782749809144_1_m.jpg","thumbnail":"https:\/\/images.epagine.fr\/144\/9782749809144_1_v.jpg"},"orderable":true,"show_badge":true,"formatted_price":"12,00&nbsp;\u20ac","formatted_published_date":"1er octobre 2003","publisher_availability_label":"Sur commande","short_details":"Michel Del Castillo \u2014 Avant sc\u00e8ne th\u00e9\u00e2tre","translator":null,"weight":88,"page_count":null,"readership":null,"editor":"Avant sc\u00e8ne th\u00e9\u00e2tre","price":1200,"published_date":"2003-09-30T22:00:00.000000Z","support":"Grand format","publisher_availability":1,"stock":0,"editions":[],"url":"https:\/\/quaidesbrumes.com\/ouvrage\/9782749809144\/le-jour-du-destin"},{"id":"9782749804194","title":"Une Repetition au Th\u00e9\u00e2tre du Crime","description":"Un Monsieur distingu\u00e9, qui envoya un jour le manuscrit d'une pi\u00e8ce au Th\u00e9\u00e2tre du Crime, s'y pr\u00e9sente, r\u00e9sign\u00e9, pour le r\u00e9cup\u00e9rer et fait la connaissance... de la femme de m\u00e9nage, Madame Gazoul, qui nettoie tous les jours les traces sanglantes des repr\u00e9sentations r\u00e9alistes. Ce matin-l\u00e0, Mademoiselle Verdurin est en retard pour la r\u00e9p\u00e9tition, et le Directeur du Th\u00e9\u00e2tre du Crime, qui a fait de la jeune fille la vedette de son th\u00e9\u00e2tre, ne se doute pas que la tra\u00eetresse pr\u00e9tend jouer Desd\u00e9mone ailleurs. Son Pygmalion joue Othello.","authors":["Jacques Mauclair"],"category_codes":["1000000","1080000"],"visuals":{"large":"https:\/\/images.epagine.fr\/194\/9782749804194_1_75.jpg","medium":"https:\/\/images.epagine.fr\/194\/9782749804194_1_m.jpg","thumbnail":"https:\/\/images.epagine.fr\/194\/9782749804194_1_v.jpg"},"orderable":true,"show_badge":true,"formatted_price":"10,00&nbsp;\u20ac","formatted_published_date":"1er janvier 1997","publisher_availability_label":"Sur commande","short_details":"Jacques Mauclair \u2014 Avant sc\u00e8ne th\u00e9\u00e2tre","translator":null,"weight":124,"page_count":null,"readership":null,"editor":"Avant sc\u00e8ne th\u00e9\u00e2tre","price":1000,"published_date":"1996-12-31T23:00:00.000000Z","support":"Revue","publisher_availability":1,"stock":0,"editions":[],"url":"https:\/\/quaidesbrumes.com\/ouvrage\/9782749804194\/une-repetition-au-theatre-du-crime"}]}