{"data":[{"id":"9782700705409","title":"Soudain, une ville!","description":null,"authors":["Priestley J.B."],"category_codes":["1000000","1080000"],"visuals":{"large":"https:\/\/quaidesbrumes.com\/img\/book-placeholder.png","medium":"https:\/\/quaidesbrumes.com\/img\/book-placeholder.png","thumbnail":"https:\/\/quaidesbrumes.com\/img\/book-placeholder.png"},"orderable":true,"show_badge":true,"formatted_price":"5,60&nbsp;\u20ac","formatted_published_date":"7 janvier 1993","publisher_availability_label":"Sur commande","short_details":"Priestley J.B. \u2014 AUBIER","translator":null,"weight":172,"page_count":null,"readership":null,"editor":"AUBIER","price":560,"published_date":"1993-01-06T23:00:00.000000Z","support":"Grand format","publisher_availability":1,"stock":0,"editions":[],"url":"https:\/\/quaidesbrumes.com\/ouvrage\/9782700705409\/soudain-une-ville"},{"id":"9791042264086","title":"Chopin, Place Vend\u00f4me...","description":"\u00ab Je suis envoy\u00e9 par la mort, Samuel. Elle vient te chercher tout \u00e0 l'heure. \u00bb\r\nLa sentence de l'\u00e9missaire de la mort est sans appel, Samuel vit ses derniers instants.\r\nMais lorsqu'un accident rend l'inopportun amn\u00e9sique, tout bascule et Samuel est bien d\u00e9cid\u00e9 \u00e0 d\u00e9fier les trois femmes qui franchiront tour \u00e0 tour sa porte au cours de cette soir\u00e9e surr\u00e9aliste sans qu'il ne sache pourtant laquelle est sur le point de mettre en oeuvre son plan funeste.\r\nPi\u00e9g\u00e9 dans un huis clos oppressant, alors que le chaos gronde au-dehors, dans les rues de Paris, Samuel tente d'influer sur l'issue des \u00e9v\u00e8nements, alors qu'une course contre l'in\u00e9luctable commence au rythme envo\u00fbtant des notes de Fr\u00e9d\u00e9ric Chopin...","authors":["Aymeric Castelli"],"category_codes":["1000000","1080000"],"visuals":{"large":"https:\/\/images.epagine.fr\/086\/9791042264086_1_75.jpg","medium":"https:\/\/images.epagine.fr\/086\/9791042264086_1_m.jpg","thumbnail":"https:\/\/images.epagine.fr\/086\/9791042264086_1_v.jpg"},"orderable":true,"show_badge":true,"formatted_price":"12,00&nbsp;\u20ac","formatted_published_date":"28 f\u00e9vrier 2025","publisher_availability_label":"Sur commande","short_details":"Aymeric Castelli \u2014 Le Lys Bleu","translator":null,"weight":140,"page_count":108,"readership":null,"editor":"Le Lys Bleu","price":1200,"published_date":"2025-02-27T23:00:00.000000Z","support":"Grand format","publisher_availability":1,"stock":0,"editions":[],"url":"https:\/\/quaidesbrumes.com\/ouvrage\/9791042264086\/chopin-place-vendome"},{"id":"9782386272318","title":"La Vengeance du marron","description":"Dans une paisible vall\u00e9e de montagne, les Marrons, charg\u00e9s de passer les marchandises par un col entre la France et l'Italie, vivent tranquillement de leur m\u00e9tier de passeurs, jusqu'au jour o\u00f9 la compagnie Brassey projette de construire le premier train \u00e0 cr\u00e9maill\u00e8re sur leur itin\u00e9raire de montagne. La compagnie anglaise injecte beaucoup d'argent dans ce projet et la vall\u00e9e se transforme peu \u00e0 peu, s'ouvrant ainsi au progr\u00e8s. Mais ce n'est pas le cas de tous. Sur le trajet du chemin de fer, au lieu-dit Le Plannay, Fernand poss\u00e8de un chalet d'alpage que convoite la compagnie et il refuse de vendre son terrain. La compagnie est pr\u00eate \u00e0 tous les subterfuges pour parvenir \u00e0 ses fins. Fernand n'a pas dit son dernier mot...","authors":["Jean-Luc Ruby"],"category_codes":["1000000","1080000"],"visuals":{"large":"https:\/\/images.epagine.fr\/318\/9782386272318_1_75.jpg","medium":"https:\/\/images.epagine.fr\/318\/9782386272318_1_m.jpg","thumbnail":"https:\/\/images.epagine.fr\/318\/9782386272318_1_v.jpg"},"orderable":true,"show_badge":true,"formatted_price":"17,90&nbsp;\u20ac","formatted_published_date":"11 avril 2025","publisher_availability_label":"Sur commande","short_details":"Jean-Luc Ruby \u2014 Hello Editions","translator":null,"weight":216,"page_count":242,"readership":"Tout public","editor":"Hello Editions","price":1790,"published_date":"2025-04-10T22:00:00.000000Z","support":"Grand format","publisher_availability":1,"stock":0,"editions":[],"url":"https:\/\/quaidesbrumes.com\/ouvrage\/9782386272318\/la-vengeance-du-marron"},{"id":"9782753512474","title":"Mirame","description":"L'apparition de Mirame sur la sc\u00e8ne, le 14 janvier 1641, est une date importante de l'histoire du th\u00e9\u00e2tre et de la sc\u00e9nographie. Pour la premi\u00e8re fois, des machines de sc\u00e8ne perfectionn\u00e9es sont utilis\u00e9es pour cr\u00e9er l'illusion. Cette \u00e9dition critique qui reproduit les illustrations de l'\u00e9dition originale, v\u00e9ritables \u00ab documents sc\u00e9niques \u00bb exceptionnels pour l'\u00e9poque, outre de r\u00e9habiliter un texte oubli\u00e9, permet de visualiser les \u00e9tapes de la repr\u00e9sentation de 1641 en relation avec la r\u00e8gle des unit\u00e9s. La pi\u00e8ce est un exemple int\u00e9ressant qui annonce la fin de la tragi-com\u00e9die et qui permet de revenir sur le ballet de cour.\r","authors":["Jean Desmarets de Saint-Sorlin","Catherine Guillot","Colette Scherer"],"category_codes":["1000000","1080000"],"visuals":{"large":"https:\/\/images.epagine.fr\/474\/9782753512474_1_75.jpg","medium":"https:\/\/images.epagine.fr\/474\/9782753512474_1_m.jpg","thumbnail":"https:\/\/images.epagine.fr\/474\/9782753512474_1_v.jpg"},"orderable":true,"show_badge":true,"formatted_price":"15,00&nbsp;\u20ac","formatted_published_date":"28 octobre 2010","publisher_availability_label":"Sur commande","short_details":"Jean Desmarets de Saint-Sorlin, Catherine Guillot, Colette Scherer \u2014 Presse Universitaire de Rennes","translator":null,"weight":248,"page_count":174,"readership":null,"editor":"Presse Universitaire de Rennes","price":1500,"published_date":"2010-10-27T22:00:00.000000Z","support":"Grand format","publisher_availability":1,"stock":0,"editions":[],"url":"https:\/\/quaidesbrumes.com\/ouvrage\/9782753512474\/mirame"},{"id":"9782846543460","title":"La Cornouaille politique 1870 1914","description":null,"authors":["Les Indes Savantes"],"category_codes":["1000000","1080000","1080300"],"visuals":{"large":"https:\/\/images.epagine.fr\/460\/9782846543460_1_75.jpg","medium":"https:\/\/images.epagine.fr\/460\/9782846543460_1_m.jpg","thumbnail":"https:\/\/images.epagine.fr\/460\/9782846543460_1_v.jpg"},"orderable":true,"show_badge":true,"formatted_price":"36,00&nbsp;\u20ac","formatted_published_date":"2 octobre 2014","publisher_availability_label":"Sur commande","short_details":"Les Indes Savantes \u2014 Les Indes savantes","translator":null,"weight":827,"page_count":544,"readership":null,"editor":"Les Indes savantes","price":3600,"published_date":"2014-10-01T22:00:00.000000Z","support":"Grand format","publisher_availability":1,"stock":0,"editions":[],"url":"https:\/\/quaidesbrumes.com\/ouvrage\/9782846543460\/la-cornouaille-politique-1870-1914"},{"id":"9782846543453","title":"Apprendre \u00e0 voter sous la IIIe R\u00e9publique","description":null,"authors":["Les Indes Savantes"],"category_codes":["1000000","1080000","1080300"],"visuals":{"large":"https:\/\/images.epagine.fr\/453\/9782846543453_1_75.jpg","medium":"https:\/\/images.epagine.fr\/453\/9782846543453_1_m.jpg","thumbnail":"https:\/\/images.epagine.fr\/453\/9782846543453_1_v.jpg"},"orderable":true,"show_badge":true,"formatted_price":"29,00&nbsp;\u20ac","formatted_published_date":"23 janvier 2014","publisher_availability_label":"Sur commande","short_details":"Les Indes Savantes \u2014 Les Indes savantes","translator":null,"weight":485,"page_count":304,"readership":null,"editor":"Les Indes savantes","price":2900,"published_date":"2014-01-22T23:00:00.000000Z","support":"Grand format","publisher_availability":1,"stock":0,"editions":[],"url":"https:\/\/quaidesbrumes.com\/ouvrage\/9782846543453\/apprendre-a-voter-sous-la-iiie-republique"},{"id":"9782312151885","title":"La tragedie de la gouvernance noire - aux origines du mal africain","description":null,"authors":["Fogang Moise"],"category_codes":["1000000","1080000"],"visuals":{"large":"https:\/\/quaidesbrumes.com\/img\/book-placeholder.png","medium":"https:\/\/quaidesbrumes.com\/img\/book-placeholder.png","thumbnail":"https:\/\/quaidesbrumes.com\/img\/book-placeholder.png"},"orderable":true,"show_badge":true,"formatted_price":"15,00&nbsp;\u20ac","formatted_published_date":"8 avril 2025","publisher_availability_label":"Sur commande","short_details":"Fogang Moise \u2014 Editions du Net","translator":null,"weight":213,"page_count":null,"readership":null,"editor":"Editions du Net","price":1500,"published_date":"2025-04-07T22:00:00.000000Z","support":"Grand format","publisher_availability":1,"stock":0,"editions":[],"url":"https:\/\/quaidesbrumes.com\/ouvrage\/9782312151885\/la-tragedie-de-la-gouvernance-noire-aux-origines-du-mal-africain"},{"id":"9782846544375","title":"La Conqu\u00eate de Marianne","description":null,"authors":["Les Indes Savantes"],"category_codes":["1000000","1080000","1080600"],"visuals":{"large":"https:\/\/images.epagine.fr\/375\/9782846544375_1_75.jpg","medium":"https:\/\/images.epagine.fr\/375\/9782846544375_1_m.jpg","thumbnail":"https:\/\/images.epagine.fr\/375\/9782846544375_1_v.jpg"},"orderable":true,"show_badge":true,"formatted_price":"35,00&nbsp;\u20ac","formatted_published_date":"22 septembre 2016","publisher_availability_label":"Sur commande","short_details":"Les Indes Savantes \u2014 Les Indes savantes","translator":null,"weight":635,"page_count":410,"readership":null,"editor":"Les Indes savantes","price":3500,"published_date":"2016-09-21T22:00:00.000000Z","support":"Grand format","publisher_availability":1,"stock":0,"editions":[],"url":"https:\/\/quaidesbrumes.com\/ouvrage\/9782846544375\/la-conquete-de-marianne"},{"id":"9791037757548","title":"L'aube apr\u00e8s la nuit","description":"L'aube apr\u00e8s la nuit met en sc\u00e8ne deux inspecteurs de police victimes de leurs blessures, d'une souffrance qui les habite depuis leurs plus jeunes \u00e2ges. \u00c0 l'aube des ann\u00e9es 80, ces hommes, aux m\u00e9thodes et \u00e0 la personnalit\u00e9 bien distinctes, vont \u00eatre confront\u00e9s, le temps d'une nuit, \u00e0 des \u00e9v\u00e8nements qui vont changer le cours de leurs vies.\r","authors":["Virgile M'fouilou"],"category_codes":["1000000","1080000"],"visuals":{"large":"https:\/\/images.epagine.fr\/548\/9791037757548_1_75.jpg","medium":"https:\/\/images.epagine.fr\/548\/9791037757548_1_m.jpg","thumbnail":"https:\/\/images.epagine.fr\/548\/9791037757548_1_v.jpg"},"orderable":true,"show_badge":true,"formatted_price":"12,40&nbsp;\u20ac","formatted_published_date":"21 mars 2022","publisher_availability_label":"Sur commande","short_details":"Virgile M'fouilou \u2014 Le Lys Bleu","translator":null,"weight":132,"page_count":116,"readership":null,"editor":"Le Lys Bleu","price":1240,"published_date":"2022-03-20T23:00:00.000000Z","support":"Grand format","publisher_availability":1,"stock":0,"editions":[],"url":"https:\/\/quaidesbrumes.com\/ouvrage\/9791037757548\/laube-apres-la-nuit"},{"id":"9782749800233","title":"Virginie : Il N'Y a Pas d'Automne Sans Ete","description":null,"authors":["Andr\u00e9 Michel"],"category_codes":["1000000","1080000"],"visuals":{"large":"https:\/\/quaidesbrumes.com\/img\/book-placeholder.png","medium":"https:\/\/quaidesbrumes.com\/img\/book-placeholder.png","thumbnail":"https:\/\/quaidesbrumes.com\/img\/book-placeholder.png"},"orderable":true,"show_badge":true,"formatted_price":"6,00&nbsp;\u20ac","formatted_published_date":"1er janvier 1957","publisher_availability_label":"Sur commande","short_details":"Andr\u00e9 Michel \u2014 Avant sc\u00e8ne th\u00e9\u00e2tre","translator":null,"weight":92,"page_count":null,"readership":null,"editor":"Avant sc\u00e8ne th\u00e9\u00e2tre","price":600,"published_date":"1956-12-31T23:00:00.000000Z","support":"Revue","publisher_availability":1,"stock":0,"editions":[],"url":"https:\/\/quaidesbrumes.com\/ouvrage\/9782749800233\/virginie-il-ny-a-pas-dautomne-sans-ete"},{"id":"9791037762856","title":"La r\u00e9\u00e9ducation","description":"John Smith, fonctionnaire, occupait un poste au Commissariat des Archives, un d\u00e9partement du Minist\u00e8re de la V\u00e9rit\u00e9. Son travail consistait \u00e0 remanier les archives historiques, afin que le pass\u00e9 soit conforme aux exigences de la classe dominante au pouvoir. Lui et ses coll\u00e8gues devaient \u00e9galement s'assurer que plus aucune trace \u00e9crite de ce pass\u00e9 ne subsiste. Arr\u00eat\u00e9 en m\u00eame temps que sa compagne Julia, il est accus\u00e9 par le Parti Int\u00e9rieur de haute trahison : Crime de Pens\u00e9e. Humili\u00e9, tortur\u00e9, r\u00e9duit \u00e0 un animal pendant pr\u00e8s d'un an, il songe \u00e0 Julia. Alors, s'il veut survivre, il doit apprendre \u00e0 s'adapter et \u00e0 penser autrement, comme tous les autres...","authors":["Philippe Mylle"],"category_codes":["1000000","1080000"],"visuals":{"large":"https:\/\/images.epagine.fr\/856\/9791037762856_1_75.jpg","medium":"https:\/\/images.epagine.fr\/856\/9791037762856_1_m.jpg","thumbnail":"https:\/\/images.epagine.fr\/856\/9791037762856_1_v.jpg"},"orderable":true,"show_badge":true,"formatted_price":"11,70&nbsp;\u20ac","formatted_published_date":"1er juillet 2022","publisher_availability_label":"Sur commande","short_details":"Philippe Mylle \u2014 Le Lys Bleu","translator":null,"weight":107,"page_count":92,"readership":null,"editor":"Le Lys Bleu","price":1170,"published_date":"2022-06-30T22:00:00.000000Z","support":"Grand format","publisher_availability":1,"stock":0,"editions":[],"url":"https:\/\/quaidesbrumes.com\/ouvrage\/9791037762856\/la-reeducation"},{"id":"9782749810478","title":"Thalasso","description":"Dans la salle d attente d un centre de thalassoth\u00e9rapie, Aristide, un patron retir\u00e9 des affaires, fait la connaissance de Jean, psychanalyste et \u00e9crivain parisien, et tente de conclure avec lui un march\u00e9 extravagant : lui confier son \u00e9pouse. Mais Jean, lui, est venu pour reconqu\u00e9rir Alexa, une jeune femme sur le point de se marier. Acceptera-t-il cette proposition d Aristide ? Partira-t-il avec Alexa ? Voudra-t-elle encore de lui ?","authors":["Amanda Sthers"],"category_codes":["1000000","1080000"],"visuals":{"large":"https:\/\/images.epagine.fr\/478\/9782749810478_1_75.jpg","medium":"https:\/\/images.epagine.fr\/478\/9782749810478_1_m.jpg","thumbnail":"https:\/\/images.epagine.fr\/478\/9782749810478_1_v.jpg"},"orderable":true,"show_badge":true,"formatted_price":"12,00&nbsp;\u20ac","formatted_published_date":"28 ao\u00fbt 2007","publisher_availability_label":"Sur commande","short_details":"Amanda Sthers \u2014 Avant sc\u00e8ne th\u00e9\u00e2tre","translator":null,"weight":136,"page_count":95,"readership":null,"editor":"Avant sc\u00e8ne th\u00e9\u00e2tre","price":1200,"published_date":"2007-08-27T22:00:00.000000Z","support":"Revue","publisher_availability":1,"stock":0,"editions":[],"url":"https:\/\/quaidesbrumes.com\/ouvrage\/9782749810478\/thalasso"},{"id":"9791037750624","title":"Andrarius : le robot-homme","description":"Paris, de nos jours...\r\nLe professeur Marius Donovan, ing\u00e9nieur, chercheur, construit un super robot andro?de qui lui ressemble \u00e0 s'y m\u00e9prendre. Personne ne peut les distinguer ! Seulement, tr\u00e8s vite, l'andro?de devient l'objet de convoitise, d'une part, de l'\u00c9tat avec ses services sp\u00e9ciaux, d'autre part, de la mafia... russe, en l'occurrence. Par dessus le march\u00e9, quand le robot r\u00e9alise, un jour, qu'il ne veut plus \u00eatre un simple jouet m\u00e9canique... l\u00e0, les choses se compliquent.\r","authors":["Anatole Planida"],"category_codes":["1000000","1080000"],"visuals":{"large":"https:\/\/images.epagine.fr\/624\/9791037750624_1_75.jpg","medium":"https:\/\/images.epagine.fr\/624\/9791037750624_1_m.jpg","thumbnail":"https:\/\/images.epagine.fr\/624\/9791037750624_1_v.jpg"},"orderable":true,"show_badge":true,"formatted_price":"20,70&nbsp;\u20ac","formatted_published_date":"24 janvier 2022","publisher_availability_label":"Sur commande","short_details":"Anatole Planida \u2014 Le Lys Bleu","translator":null,"weight":426,"page_count":292,"readership":null,"editor":"Le Lys Bleu","price":2070,"published_date":"2022-01-23T23:00:00.000000Z","support":"Grand format","publisher_availability":1,"stock":0,"editions":[],"url":"https:\/\/quaidesbrumes.com\/ouvrage\/9791037750624\/andrarius-le-robot-homme"},{"id":"9791037769169","title":"Ainsi parlait lalimace : la maltraitance conjugale","description":"Afflig\u00e9e par les maltraitances conjugales subies par sa soeur H\u00e9lo\u00efse, C\u00e9line contacte son ami Fred, \u00e9crivain de m\u00e9tier, pour lui faire part de ses inqui\u00e9tudes. Dans le but d'alerter les autorit\u00e9s publiques, ce dernier se propose d'\u00e9crire une pi\u00e8ce de th\u00e9\u00e2tre \u00e0 l'attention particuli\u00e8re des juges et des femmes maltrait\u00e9es.\r\nAinsi parlait Lalimace met en sc\u00e8ne les difficult\u00e9s et le d\u00e9sarroi des victimes de violences matrimoniales qui peinent \u00e0 se faire entendre.","authors":["Jos\u00e9 Carcel"],"category_codes":["1000000","1080000"],"visuals":{"large":"https:\/\/images.epagine.fr\/169\/9791037769169_1_75.jpg","medium":"https:\/\/images.epagine.fr\/169\/9791037769169_1_m.jpg","thumbnail":"https:\/\/images.epagine.fr\/169\/9791037769169_1_v.jpg"},"orderable":true,"show_badge":true,"formatted_price":"11,70&nbsp;\u20ac","formatted_published_date":"29 juillet 2022","publisher_availability_label":"Sur commande","short_details":"Jos\u00e9 Carcel \u2014 Le Lys Bleu","translator":null,"weight":124,"page_count":108,"readership":null,"editor":"Le Lys Bleu","price":1170,"published_date":"2022-07-28T22:00:00.000000Z","support":"Grand format","publisher_availability":1,"stock":0,"editions":[],"url":"https:\/\/quaidesbrumes.com\/ouvrage\/9791037769169\/ainsi-parlait-lalimace-la-maltraitance-conjugale"},{"id":"9782851814166","title":"Lexi\/ Textes 2 - In\u00e9dits et commentaires - Th\u00e9\u00e2tre Nation","description":null,"authors":["Ouvrage Collectif"],"category_codes":["1000000","1080000"],"visuals":{"large":"https:\/\/quaidesbrumes.com\/img\/book-placeholder.png","medium":"https:\/\/quaidesbrumes.com\/img\/book-placeholder.png","thumbnail":"https:\/\/quaidesbrumes.com\/img\/book-placeholder.png"},"orderable":true,"show_badge":true,"formatted_price":"13,00&nbsp;\u20ac","formatted_published_date":"23 septembre 1998","publisher_availability_label":"Sur commande","short_details":"Ouvrage Collectif \u2014 L'Arche","translator":null,"weight":345,"page_count":null,"readership":null,"editor":"L'Arche","price":1300,"published_date":"1998-09-22T22:00:00.000000Z","support":"Grand format","publisher_availability":1,"stock":0,"editions":[],"url":"https:\/\/quaidesbrumes.com\/ouvrage\/9782851814166\/lexi-textes-2-inedits-et-commentaires-theatre-nation"},{"id":"9791037752222","title":"O\u00f9 il est question d'ange","description":"O\u00f9 il est question d'ange est un recueil de cinq pi\u00e8ces de th\u00e9\u00e2tre qui pr\u00e9sente successivement des d\u00e9m\u00eal\u00e9s entre Lucifer et le bon Dieu ; un ange qui vient chercher Gustave, grand chirurgien en fin de vie ; une histoire de balade en montagne ; un d\u00e9nomm\u00e9 Fernand parlant \u00e0 son petit-fils par photos interpos\u00e9es et, enfin, une histoire d'autopunition.\r\nQue la volont\u00e9 de Dieu soit faite !\r","authors":["Michel Decouis"],"category_codes":["1000000","1080000"],"visuals":{"large":"https:\/\/images.epagine.fr\/222\/9791037752222_1_75.jpg","medium":"https:\/\/images.epagine.fr\/222\/9791037752222_1_m.jpg","thumbnail":"https:\/\/images.epagine.fr\/222\/9791037752222_1_v.jpg"},"orderable":true,"show_badge":true,"formatted_price":"12,40&nbsp;\u20ac","formatted_published_date":"9 f\u00e9vrier 2022","publisher_availability_label":"Sur commande","short_details":"Michel Decouis \u2014 Le Lys Bleu","translator":null,"weight":132,"page_count":116,"readership":null,"editor":"Le Lys Bleu","price":1240,"published_date":"2022-02-08T23:00:00.000000Z","support":"Grand format","publisher_availability":1,"stock":0,"editions":[],"url":"https:\/\/quaidesbrumes.com\/ouvrage\/9791037752222\/ou-il-est-question-dange"},{"id":"9782749810638","title":"Qu'elle Aille au Diable Meryl Steep !","description":"Un homme et une femme se retrouvent lors d un rendez-vous arrang\u00e9 dans un caf\u00e9 sur la corniche \u00e0 Beyrouth. Ils ont la trentaine ; ils d\u00e9cident de se marier. Mais le couple qu ils forment est fragile : elle est aussi moderne et cultiv\u00e9e qu il est attach\u00e9 \u00e0 ses traditions. Troubl\u00e9 par la volont\u00e9 d ind\u00e9pendance de son \u00e9pouse, il va la sentir s \u00e9loigner de lui puis la contraindre, peu \u00e0 peu, \u00e0 renoncer \u00e0 sa libert\u00e9...","authors":["Rachid El Daif"],"category_codes":["1000000","1080000"],"visuals":{"large":"https:\/\/images.epagine.fr\/638\/9782749810638_1_75.jpg","medium":"https:\/\/images.epagine.fr\/638\/9782749810638_1_m.jpg","thumbnail":"https:\/\/images.epagine.fr\/638\/9782749810638_1_v.jpg"},"orderable":true,"show_badge":true,"formatted_price":"12,00&nbsp;\u20ac","formatted_published_date":"28 f\u00e9vrier 2008","publisher_availability_label":"Sur commande","short_details":"Rachid El Daif \u2014 Avant sc\u00e8ne th\u00e9\u00e2tre","translator":null,"weight":122,"page_count":85,"readership":null,"editor":"Avant sc\u00e8ne th\u00e9\u00e2tre","price":1200,"published_date":"2008-02-27T23:00:00.000000Z","support":"Revue","publisher_availability":1,"stock":0,"editions":[],"url":"https:\/\/quaidesbrumes.com\/ouvrage\/9782749810638\/quelle-aille-au-diable-meryl-steep"},{"id":"9782749800431","title":"Rebrousse-Poil","description":"Rebrousse-poil (Jean-Louis Roncoroni) : Clovis ne sait plus que faire pour attirer l'attention sur lui. Lors d'une discussion avec son p\u00e8re, o\u00f9 ce dernier essaie de lui faire entendre ses torts, Clovis annonce qu'il a tu\u00e9 l'oncle Jules plus t\u00f4t dans la matin\u00e9e... Com\u00e9die \/ 5 hommes - 2 femmes \/ 1:50","authors":["Jean-Louis Roncoroni"],"category_codes":["1000000","1080000"],"visuals":{"large":"https:\/\/images.epagine.fr\/431\/9782749800431_1_75.jpg","medium":"https:\/\/images.epagine.fr\/431\/9782749800431_1_m.jpg","thumbnail":"https:\/\/images.epagine.fr\/431\/9782749800431_1_v.jpg"},"orderable":true,"show_badge":true,"formatted_price":"6,00&nbsp;\u20ac","formatted_published_date":"1er novembre 1964","publisher_availability_label":"Sur commande","short_details":"Jean-Louis Roncoroni \u2014 Avant sc\u00e8ne th\u00e9\u00e2tre","translator":null,"weight":114,"page_count":null,"readership":null,"editor":"Avant sc\u00e8ne th\u00e9\u00e2tre","price":600,"published_date":"1964-10-31T23:00:00.000000Z","support":"Revue","publisher_availability":1,"stock":0,"editions":[],"url":"https:\/\/quaidesbrumes.com\/ouvrage\/9782749800431\/rebrousse-poil"},{"id":"9791037757821","title":"Fraternit\u00e9, o\u00f9 es-tu ?","description":"Th\u00e9o et Alex, fr\u00e8res jumeaux n\u00e9s \u00e0 une demi-heure d'\u00e9cart entretiennent d\u00e8s leur jeune \u00e2ge une relation faite \u00ab d'amour et de haine \u00bb. Alex, jaloux de son \u00ab petit fr\u00e8re \u00bb, cherche de fa\u00e7on ambivalente \u00e0 le dominer et \u00e0 le prot\u00e9ger... L'un agriculteur, l'autre berger, ils d\u00e9cident de se retrouver pour r\u00e9aliser un projet commun : cr\u00e9er la ferme \u00ab Fraternit\u00e9 \u00bb. Th\u00e9o tombe malade d'un cancer, Alex le prend en charge...\r\n\u00c0 l'image de la probl\u00e9matique \u00e9voqu\u00e9e par la l\u00e9gende biblique \u00ab Ca\u00efn et Abel \u00bb, l'auteur tente de montrer comment deux fr\u00e8res rivaux, contrairement \u00e0 Ca\u00efn et Abel, parviennent \u00e0 d\u00e9couvrir la \u00ab fraternit\u00e9 \u00bb \u00e0 travers les \u00e9preuves que leur impose la vie.\r","authors":["Jos\u00e9 Carcel"],"category_codes":["1000000","1080000"],"visuals":{"large":"https:\/\/images.epagine.fr\/821\/9791037757821_1_75.jpg","medium":"https:\/\/images.epagine.fr\/821\/9791037757821_1_m.jpg","thumbnail":"https:\/\/images.epagine.fr\/821\/9791037757821_1_v.jpg"},"orderable":true,"show_badge":true,"formatted_price":"11,70&nbsp;\u20ac","formatted_published_date":"18 mars 2022","publisher_availability_label":"Sur commande","short_details":"Jos\u00e9 Carcel \u2014 Le Lys Bleu","translator":null,"weight":163,"page_count":104,"readership":null,"editor":"Le Lys Bleu","price":1170,"published_date":"2022-03-17T23:00:00.000000Z","support":"Grand format","publisher_availability":1,"stock":0,"editions":[],"url":"https:\/\/quaidesbrumes.com\/ouvrage\/9791037757821\/fraternite-ou-es-tu"},{"id":"9791037757920","title":"Ah ! ici aussi, \u00e7a cause","description":"Pour se d\u00e9barrasser de son ennui, Petit Louis monte au grenier en b\u00e2illant. \u00c0 sa grande surprise, les objets qui y sont entrepos\u00e9s se mettent \u00e0 parler. Malheureusement, tout le monde croit \u00e0 des boniments, car seule une \u00e2me d'enfant peut les entendre, \u00e9videmment.\r\nEst-ce vraiment le fruit de son imagination ? Seule l'\u00e9coute de l'enregistrement qu'il a si gentiment confi\u00e9 \u00e0 l'auteur permettra de r\u00e9pondre \u00e0 cette question.","authors":["Michel Decouis"],"category_codes":["1000000","1080000"],"visuals":{"large":"https:\/\/images.epagine.fr\/920\/9791037757920_1_75.jpg","medium":"https:\/\/images.epagine.fr\/920\/9791037757920_1_m.jpg","thumbnail":"https:\/\/images.epagine.fr\/920\/9791037757920_1_v.jpg"},"orderable":true,"show_badge":true,"formatted_price":"12,00&nbsp;\u20ac","formatted_published_date":"31 mars 2022","publisher_availability_label":"Sur commande","short_details":"Michel Decouis \u2014 Le Lys Bleu","translator":null,"weight":174,"page_count":112,"readership":null,"editor":"Le Lys Bleu","price":1200,"published_date":"2022-03-30T22:00:00.000000Z","support":"Grand format","publisher_availability":1,"stock":0,"editions":[],"url":"https:\/\/quaidesbrumes.com\/ouvrage\/9791037757920\/ah-ici-aussi-ca-cause"},{"id":"9791037757586","title":"Le sablier de la vie","description":"\u00c0 partir d'une analyse de sang, Th\u00e9odore, c\u00e9l\u00e8bre biologiste g\u00e9n\u00e9ticien, \u00e9labore une m\u00e9thode, qu'il appelle \u00ab le logiciel de la vie \u00bb, capable de d\u00e9terminer le temps de vie qui nous est imparti et les maladies potentielles. Alors qu'il y voit une chance permettant \u00e0 chacun de faire lucidement les meilleurs choix de vie, il se heurte \u00e0 la r\u00e9sistance de l'obscurantisme v\u00e9hicul\u00e9 par les croyances...","authors":["Jos\u00e9 Carcel"],"category_codes":["1000000","1080000"],"visuals":{"large":"https:\/\/images.epagine.fr\/586\/9791037757586_1_75.jpg","medium":"https:\/\/images.epagine.fr\/586\/9791037757586_1_m.jpg","thumbnail":"https:\/\/images.epagine.fr\/586\/9791037757586_1_v.jpg"},"orderable":true,"show_badge":true,"formatted_price":"11,70&nbsp;\u20ac","formatted_published_date":"18 avril 2022","publisher_availability_label":"Sur commande","short_details":"Jos\u00e9 Carcel \u2014 Le Lys Bleu","translator":null,"weight":124,"page_count":108,"readership":null,"editor":"Le Lys Bleu","price":1170,"published_date":"2022-04-17T22:00:00.000000Z","support":"Grand format","publisher_availability":1,"stock":0,"editions":[],"url":"https:\/\/quaidesbrumes.com\/ouvrage\/9791037757586\/le-sablier-de-la-vie"},{"id":"9791037757609","title":"L'autoroute","description":"Solier et Ademar sont en voiture et roulent sur cette curieuse voie \u00e0 grande vitesse. Curieuse parce qu'un sentiment de d\u00e9j\u00e0-vu s'installe rapidement. L'\u00e9tranget\u00e9 se poursuit tant ce voyage para\u00eet \u00eatre sans but pr\u00e9cis. Au fur et \u00e0 mesure que s'\u00e9tablit une tension palpable entre les protagonistes, ces derniers semblent partager la singuli\u00e8re impression d'avoir bascul\u00e9 dans un autre monde.","authors":["Antoine M\u00e9nard"],"category_codes":["1000000","1080000"],"visuals":{"large":"https:\/\/images.epagine.fr\/609\/9791037757609_1_75.jpg","medium":"https:\/\/images.epagine.fr\/609\/9791037757609_1_m.jpg","thumbnail":"https:\/\/images.epagine.fr\/609\/9791037757609_1_v.jpg"},"orderable":true,"show_badge":true,"formatted_price":"11,70&nbsp;\u20ac","formatted_published_date":"18 avril 2022","publisher_availability_label":"Sur commande","short_details":"Antoine M\u00e9nard \u2014 Le Lys Bleu","translator":null,"weight":107,"page_count":92,"readership":null,"editor":"Le Lys Bleu","price":1170,"published_date":"2022-04-17T22:00:00.000000Z","support":"Grand format","publisher_availability":1,"stock":0,"editions":[],"url":"https:\/\/quaidesbrumes.com\/ouvrage\/9791037757609\/lautoroute"},{"id":"9791037760258","title":"Marions-les ! enfin...","description":"Les mots ont disparu, seul subsiste leur sens. Seuls restent les expressions, un pseudo-langage, un corpus dans lequel les personnages se sont enferm\u00e9s. Ils ont perdu toute la libert\u00e9 de choix et la cr\u00e9ation infinie qu'offre le langage. Le sc\u00e9nario de leur existence s'\u00e9crit au gr\u00e9 des jeux de mots qui s'encha\u00eenent, dont ils deviennent acteurs malgr\u00e9 eux. Leur pens\u00e9e se r\u00e9duit \u00e0 la m\u00e9taphore, au second degr\u00e9, \u00e0 moins que ce ne soit de la po\u00e9sie.","authors":["Jean-Michel Zurletti"],"category_codes":["1000000","1080000"],"visuals":{"large":"https:\/\/images.epagine.fr\/258\/9791037760258_1_75.jpg","medium":"https:\/\/images.epagine.fr\/258\/9791037760258_1_m.jpg","thumbnail":"https:\/\/images.epagine.fr\/258\/9791037760258_1_v.jpg"},"orderable":true,"show_badge":true,"formatted_price":"12,80&nbsp;\u20ac","formatted_published_date":"12 mai 2022","publisher_availability_label":"Sur commande","short_details":"Jean-Michel Zurletti \u2014 Le Lys Bleu","translator":null,"weight":185,"page_count":120,"readership":null,"editor":"Le Lys Bleu","price":1280,"published_date":"2022-05-11T22:00:00.000000Z","support":"Grand format","publisher_availability":1,"stock":0,"editions":[],"url":"https:\/\/quaidesbrumes.com\/ouvrage\/9791037760258\/marions-les-enfin"},{"id":"9791037770561","title":"Le souffle de Dionysos","description":"Tristan, un philosophe d'une trentaine d'ann\u00e9es, fougueux et passionn\u00e9 par les arts et les lettres, devient le pr\u00e9cepteur d'un jeune homme, Charles - ambitieux, suffisant et cynique -, au d\u00e9but du 19e si\u00e8cle. Leurs \u00e9changes, qui r\u00e9v\u00e8lent les intentions divergentes des deux hommes quant \u00e0 l'utilit\u00e9 de la philosophie, retracent une joute d'id\u00e9es et de raisonnements d\u00e9fiant les barri\u00e8res du temps et de l'espace.","authors":["Lou Ferreira-Hommais"],"category_codes":["1000000","1080000"],"visuals":{"large":"https:\/\/images.epagine.fr\/561\/9791037770561_1_75.jpg","medium":"https:\/\/images.epagine.fr\/561\/9791037770561_1_m.jpg","thumbnail":"https:\/\/images.epagine.fr\/561\/9791037770561_1_v.jpg"},"orderable":true,"show_badge":true,"formatted_price":"11,70&nbsp;\u20ac","formatted_published_date":"31 ao\u00fbt 2022","publisher_availability_label":"Sur commande","short_details":"Lou Ferreira-Hommais \u2014 Le Lys Bleu","translator":null,"weight":107,"page_count":92,"readership":null,"editor":"Le Lys Bleu","price":1170,"published_date":"2022-08-30T22:00:00.000000Z","support":"Grand format","publisher_availability":1,"stock":0,"editions":[],"url":"https:\/\/quaidesbrumes.com\/ouvrage\/9791037770561\/le-souffle-de-dionysos"}]}