{"data":[{"id":"9782369443216","title":"Attraction","description":null,"authors":["Valero Florence"],"category_codes":["1000000","1080000"],"visuals":{"large":"https:\/\/images.epagine.fr\/216\/9782369443216_1_75.jpg","medium":"https:\/\/images.epagine.fr\/216\/9782369443216_1_m.jpg","thumbnail":"https:\/\/images.epagine.fr\/216\/9782369443216_1_v.jpg"},"orderable":true,"show_badge":true,"formatted_price":"12,00&nbsp;\u20ac","formatted_published_date":"2 novembre 2019","publisher_availability_label":"Sur commande","short_details":"Valero Florence \u2014 Les Cygnes","translator":null,"weight":125,"page_count":null,"readership":null,"editor":"Les Cygnes","price":1200,"published_date":"2019-11-01T23:00:00.000000Z","support":"Grand format","publisher_availability":1,"stock":0,"editions":[],"url":"https:\/\/quaidesbrumes.com\/ouvrage\/9782369443216\/attraction"},{"id":"9782368686157","title":"Le banquet des masques","description":"Cette pi\u00e8ce de th\u00e9\u00e2tre, burlesque et gigogne, est le condens\u00e9 lacunaire de notes de travail et de r\u00e9flexions engrang\u00e9es durant plusieurs d\u00e9cennies de cours de th\u00e9\u00e2tre sur le mime, le masque ou le clown en France et \u00e0 l'\u00e9tranger. Il informe, \u00e9change, controverse  \u00e0 toutes fins utiles.","authors":["Paul-andr\u00e9 Sagel"],"category_codes":["1000000","1080000","1080300","1080303"],"visuals":{"large":"https:\/\/images.epagine.fr\/157\/9782368686157_1_75.jpg","medium":"https:\/\/images.epagine.fr\/157\/9782368686157_1_m.jpg","thumbnail":"https:\/\/images.epagine.fr\/157\/9782368686157_1_v.jpg"},"orderable":true,"show_badge":true,"formatted_price":"19,00&nbsp;\u20ac","formatted_published_date":"10 mai 2020","publisher_availability_label":"Sur commande","short_details":"Paul-andr\u00e9 Sagel \u2014 Stellamaris","translator":null,"weight":200,"page_count":146,"readership":null,"editor":"Stellamaris","price":1900,"published_date":"2020-05-09T22:00:00.000000Z","support":"Grand format","publisher_availability":1,"stock":0,"editions":[],"url":"https:\/\/quaidesbrumes.com\/ouvrage\/9782368686157\/le-banquet-des-masques"},{"id":"9782369443384","title":"Matthieu(x)","description":null,"authors":["Sahuquet Caroline"],"category_codes":["1000000","1080000"],"visuals":{"large":"https:\/\/images.epagine.fr\/384\/9782369443384_1_75.jpg","medium":"https:\/\/images.epagine.fr\/384\/9782369443384_1_m.jpg","thumbnail":"https:\/\/images.epagine.fr\/384\/9782369443384_1_v.jpg"},"orderable":true,"show_badge":true,"formatted_price":"10,00&nbsp;\u20ac","formatted_published_date":"1er janvier 2021","publisher_availability_label":"Sur commande","short_details":"Sahuquet Caroline \u2014 Les Cygnes","translator":null,"weight":100,"page_count":null,"readership":null,"editor":"Les Cygnes","price":1000,"published_date":"2020-12-31T23:00:00.000000Z","support":"Grand format","publisher_availability":1,"stock":0,"editions":[],"url":"https:\/\/quaidesbrumes.com\/ouvrage\/9782369443384\/matthieux"},{"id":"9782369443506","title":"L empereur des boulevard","description":null,"authors":["Olivier Schmidt"],"category_codes":["1000000","1080000"],"visuals":{"large":"https:\/\/images.epagine.fr\/506\/9782369443506_1_75.jpg","medium":"https:\/\/images.epagine.fr\/506\/9782369443506_1_m.jpg","thumbnail":"https:\/\/images.epagine.fr\/506\/9782369443506_1_v.jpg"},"orderable":true,"show_badge":true,"formatted_price":"12,00&nbsp;\u20ac","formatted_published_date":"20 octobre 2020","publisher_availability_label":"Sur commande","short_details":"Olivier Schmidt \u2014 Les Cygnes","translator":null,"weight":104,"page_count":null,"readership":null,"editor":"Les Cygnes","price":1200,"published_date":"2020-10-19T22:00:00.000000Z","support":"Grand format","publisher_availability":1,"stock":0,"editions":[],"url":"https:\/\/quaidesbrumes.com\/ouvrage\/9782369443506\/l-empereur-des-boulevard"},{"id":"9782383513575","title":"Dans l'ombre de la nuit","description":"Rang social, compte en banque, dipl\u00f4me : soci\u00e9t\u00e9 du para\u00eetre !\r\n\r\nEn apparence, tout oppose Ad\u00e8le, prostitu\u00e9e, et Julien, bourgeois cancre incapable de garder un travail. Pourtant un point commun les unit : le manque de consid\u00e9ration. Ils sont deux marginaux de la soci\u00e9t\u00e9, consid\u00e9r\u00e9s comme des \u00ab?rat\u00e9s?\u00bb.\r\n\r\nC'est \u00e0 travers leurs qualit\u00e9s humaines qu'ils vont apprendre \u00e0 se d\u00e9couvrir, s'estimer et finalement s'aimer.","authors":["Pierre Mingardon"],"category_codes":["1000000","1080000"],"visuals":{"large":"https:\/\/images.epagine.fr\/575\/9782383513575_1_75.jpg","medium":"https:\/\/images.epagine.fr\/575\/9782383513575_1_m.jpg","thumbnail":"https:\/\/images.epagine.fr\/575\/9782383513575_1_v.jpg"},"orderable":true,"show_badge":true,"formatted_price":"15,90&nbsp;\u20ac","formatted_published_date":"23 d\u00e9cembre 2022","publisher_availability_label":"Sur commande","short_details":"Pierre Mingardon \u2014 NOMBRE 7","translator":null,"weight":248,"page_count":186,"readership":null,"editor":"NOMBRE 7","price":1590,"published_date":"2022-12-22T23:00:00.000000Z","support":"Grand format","publisher_availability":1,"stock":0,"editions":[],"url":"https:\/\/quaidesbrumes.com\/ouvrage\/9782383513575\/dans-lombre-de-la-nuit"},{"id":"9782382470077","title":"La danse des sept voiles - bouffonnerie feministe","description":null,"authors":["G\u00e9rard Lopez"],"category_codes":["1000000","1080000"],"visuals":{"large":"https:\/\/images.epagine.fr\/077\/9782382470077_1_75.jpg","medium":"https:\/\/images.epagine.fr\/077\/9782382470077_1_m.jpg","thumbnail":"https:\/\/images.epagine.fr\/077\/9782382470077_1_v.jpg"},"orderable":true,"show_badge":true,"formatted_price":"11,00&nbsp;\u20ac","formatted_published_date":"3 octobre 2020","publisher_availability_label":"Sur commande","short_details":"G\u00e9rard Lopez \u2014 Thyma Editions","translator":null,"weight":90,"page_count":null,"readership":null,"editor":"Thyma Editions","price":1100,"published_date":"2020-10-02T22:00:00.000000Z","support":"Grand format","publisher_availability":1,"stock":0,"editions":[],"url":"https:\/\/quaidesbrumes.com\/ouvrage\/9782382470077\/la-danse-des-sept-voiles-bouffonnerie-feministe"},{"id":"9782749816074","title":"Mozart, mon amour","description":"Ao\u00fbt 1804. Pour donner du lustre \u00e0 son nouveau titre d'empereur d'Autriche, Fran\u00e7ois Ier veut cr\u00e9er un \u00e9v\u00e9nement artistique d'ampleur. Georg Nikolaus Von Nissen, diplomate danois en poste \u00e0 Vienne, voudrait bien en profiter pour restaurer la gloire de Wolfgang Amadeus Mozart, dont il est un profond admirateur. Afin de convaincre le Conseil imp\u00e9rial des musiques et des r\u00e9jouissances de la Couronne, qui doit choisir entre les diff\u00e9rents projets, Von Nissen demande \u00e0 S\u00fcssmayer, ancien \u00e9l\u00e8ve et assistant du compositeur et \u00e0 la veuve de Mozart, Constanze, de venir avec lui pr\u00e9senter la vie et l'oeuvre du g\u00e9nial musicien. La cr\u00e9ation de Mozart, mon amour a eu lieu le 24 avril 2023 au Th\u00e9\u00e2tre de Poche-Montparnasse dans une mise en sc\u00e8ne de Christophe Barbier avec Pauline Courtin (chanteuse lyrique) et Vadim Sher (pianiste).","authors":["Christophe Barbier"],"category_codes":["1000000","1080000"],"visuals":{"large":"https:\/\/images.epagine.fr\/074\/9782749816074_1_75.jpg","medium":"https:\/\/images.epagine.fr\/074\/9782749816074_1_m.jpg","thumbnail":"https:\/\/images.epagine.fr\/074\/9782749816074_1_v.jpg"},"orderable":true,"show_badge":true,"formatted_price":"13,00&nbsp;\u20ac","formatted_published_date":"26 avril 2023","publisher_availability_label":"Sur commande","short_details":"Christophe Barbier \u2014 Avant sc\u00e8ne th\u00e9\u00e2tre","translator":null,"weight":64,"page_count":64,"readership":null,"editor":"Avant sc\u00e8ne th\u00e9\u00e2tre","price":1300,"published_date":"2023-04-25T22:00:00.000000Z","support":"Poche","publisher_availability":1,"stock":0,"editions":[],"url":"https:\/\/quaidesbrumes.com\/ouvrage\/9782749816074\/mozart-mon-amour"},{"id":"9782749814810","title":"Mon Ism\u00e9nie !","description":"Vancouver est le bourgeois le plus malheureux de Ch\u00e2teauroux. Ism\u00e9nie, sa fille de 24 ans qu'il a \u00e9lev\u00e9e amoureusement, menace de le quitter car elle a une folle envie de se marier. Il cherche par tous les moyens \u00e0 chasser les \u00ab pr\u00e9tendus \u00bb qui viennent lui demander sa main, comme ce Dardenboeuf. Mais ce dernier risque de parvenir \u00e0 ses fins, car il b\u00e9n\u00e9ficie de l'appui de Galath\u00e9e, soeur de Vancouver, vieille fille tr\u00e8s fortun\u00e9e qui veut le bien de sa ni\u00e8ce Ism\u00e9nie. Vancouver va-t-il perdre sa fille ch\u00e9rie ?\r","authors":["Eug\u00e8ne Labiche"],"category_codes":["1000000","1080000","1080300"],"visuals":{"large":"https:\/\/images.epagine.fr\/810\/9782749814810_1_75.jpg","medium":"https:\/\/images.epagine.fr\/810\/9782749814810_1_m.jpg","thumbnail":"https:\/\/images.epagine.fr\/810\/9782749814810_1_v.jpg"},"orderable":true,"show_badge":true,"formatted_price":"8,00&nbsp;\u20ac","formatted_published_date":"7 f\u00e9vrier 2020","publisher_availability_label":"Sur commande","short_details":"Eug\u00e8ne Labiche \u2014 Avant sc\u00e8ne th\u00e9\u00e2tre","translator":null,"weight":70,"page_count":64,"readership":null,"editor":"Avant sc\u00e8ne th\u00e9\u00e2tre","price":800,"published_date":"2020-02-06T23:00:00.000000Z","support":"Poche","publisher_availability":1,"stock":0,"editions":[],"url":"https:\/\/quaidesbrumes.com\/ouvrage\/9782749814810\/mon-ismenie"},{"id":"9782749815428","title":"Times Square","description":"\u00c0 Manhattan, Sara, serveuse dans un grand restaurant, r\u00eave de devenir com\u00e9dienne. Bobby, un client, lui propose de travailler l'audition du r\u00f4le de Juliette pour une adaptation de la pi\u00e8ce de Shakespeare au Majestic Theatre, avec l'aide de son fr\u00e8re Matt Donovan, un ancien com\u00e9dien \u00e9cart\u00e9 du circuit pour son alcoolisme et son foutu caract\u00e8re. Sous le regard bienveillant de Tyler, un acteur de rue b\u00e8gue qui amuse les touristes \u00e0 Times Square, la pi\u00e8ce de th\u00e9\u00e2tre prend doucement l'ascendant sur l'histoire de Sara, Bobby et Donovan et rebat les cartes de leurs carri\u00e8res. La cr\u00e9ation de Times Square a eu lieu le 25 janvier 2022 au Th\u00e9\u00e2tre Montparnasse dans une mise en sc\u00e8ne de Jos\u00e9 Paul, avec Guillaume de Tonqu\u00e9dec, Camille Aguilar, Marc Fayet et Axel Auriant.\r","authors":["Cl\u00e9ment Koch"],"category_codes":["1000000","1080000"],"visuals":{"large":"https:\/\/images.epagine.fr\/428\/9782749815428_1_75.jpg","medium":"https:\/\/images.epagine.fr\/428\/9782749815428_1_m.jpg","thumbnail":"https:\/\/images.epagine.fr\/428\/9782749815428_1_v.jpg"},"orderable":true,"show_badge":true,"formatted_price":"14,00&nbsp;\u20ac","formatted_published_date":"18 f\u00e9vrier 2022","publisher_availability_label":"Sur commande","short_details":"Cl\u00e9ment Koch \u2014 Avant sc\u00e8ne th\u00e9\u00e2tre","translator":null,"weight":134,"page_count":96,"readership":null,"editor":"Avant sc\u00e8ne th\u00e9\u00e2tre","price":1400,"published_date":"2022-02-17T23:00:00.000000Z","support":"Revue","publisher_availability":1,"stock":0,"editions":[],"url":"https:\/\/quaidesbrumes.com\/ouvrage\/9782749815428\/times-square"},{"id":"9782380140897","title":"Le theoreme du requin","description":null,"authors":["Leloup\/Denarie"],"category_codes":["1000000","1080000","1080300","1080303"],"visuals":{"large":"https:\/\/images.epagine.fr\/897\/9782380140897_1_75.jpg","medium":"https:\/\/images.epagine.fr\/897\/9782380140897_1_m.jpg","thumbnail":"https:\/\/images.epagine.fr\/897\/9782380140897_1_v.jpg"},"orderable":true,"show_badge":true,"formatted_price":"10,00&nbsp;\u20ac","formatted_published_date":"23 mai 2024","publisher_availability_label":"Sur commande","short_details":"Leloup\/Denarie \u2014 L'Oeil Du Sphinx","translator":null,"weight":100,"page_count":null,"readership":null,"editor":"L'Oeil Du Sphinx","price":1000,"published_date":"2024-05-22T22:00:00.000000Z","support":"Grand format","publisher_availability":1,"stock":0,"editions":[],"url":"https:\/\/quaidesbrumes.com\/ouvrage\/9782380140897\/le-theoreme-du-requin"},{"id":"9782490774289","title":"Je n attends personne  : la cr\u00e9ation de Mercier et Camier  par Beckett lui-m\u00eame","description":"Le premier roman \u00e9crit en fran\u00e7ais de Samuel Beckett Mercier et Camier est un roman th\u00e9\u00e2tral et le manifeste po\u00e9tique de l'art politique beckettien. Avec la litt\u00e9rature moderne \u00e0 l'oeuvre dans le r\u00e9cit de Beckett, \u00e9crit en fran\u00e7ais, quand l'auteur irlandais traversait avec Suzanne la France occup\u00e9e pour se refugier \u00e0 Roussillon dans le midi, avec la litt\u00e9rature et sa critique donc, c'est la r\u00e9volution du th\u00e9\u00e2tre du 20\u00e8me si\u00e8cle qui se pr\u00e9pare et c'est la r\u00e9volution politique du suivant qui s'annonce aussi. Il y a en gestation dans ce roman baroque et contemporain une invention et une recr\u00e9ation des conditions de possibilit\u00e9 du genre po\u00e9tique (au sens de production d'art) : c'est le th\u00e9\u00e2tre de la cruaut\u00e9 qui d\u00e9boule sur la sc\u00e8ne, qui devient le monde, qui augmente jusqu'\u00e0 l'univers. La grande politique beckettien, par l\u00e0, est une nouvelle forme d'existence pour l'humanit\u00e9 apr\u00e8s Auschwitz, une \u00e9criture qui semble rassembler dans la phrase la force de cr\u00e9ation dramatique des oeuvres de Nietzsche, Hugo, Artaud, Pasolini et Heiner M\u00fcller r\u00e9unies. Cet essai sera la pratique th\u00e9\u00e2trale de cette id\u00e9e de Beckett et la th\u00e9orie du th\u00e9\u00e2tre comme un art politique et une technique autre. Il contiendra la greffe pour la sc\u00e8ne de Mercier et Camier pour trois personnages, ainsi que l'essai critique et po\u00e9tique de sa dramaturgie. A. J.","authors":["Alain Jugnon"],"category_codes":["1000000","1080000","1080100"],"visuals":{"large":"https:\/\/images.epagine.fr\/289\/9782490774289_1_75.jpg","medium":"https:\/\/images.epagine.fr\/289\/9782490774289_1_m.jpg","thumbnail":"https:\/\/images.epagine.fr\/289\/9782490774289_1_v.jpg"},"orderable":true,"show_badge":true,"formatted_price":"15,00&nbsp;\u20ac","formatted_published_date":"21 juin 2022","publisher_availability_label":"Sur commande","short_details":"Alain Jugnon \u2014 La Nerthe Librairie","translator":null,"weight":160,"page_count":110,"readership":null,"editor":"La Nerthe Librairie","price":1500,"published_date":"2022-06-20T22:00:00.000000Z","support":"Grand format","publisher_availability":1,"stock":0,"editions":[],"url":"https:\/\/quaidesbrumes.com\/ouvrage\/9782490774289\/je-n-attends-personne-la-creation-de-mercier-et-camier-par-beckett-lui-meme"},{"id":"9782380140903","title":"La sonora - tragedie","description":null,"authors":["Jean Hautepierre"],"category_codes":["1000000","1080000"],"visuals":{"large":"https:\/\/images.epagine.fr\/903\/9782380140903_1_75.jpg","medium":"https:\/\/images.epagine.fr\/903\/9782380140903_1_m.jpg","thumbnail":"https:\/\/images.epagine.fr\/903\/9782380140903_1_v.jpg"},"orderable":true,"show_badge":true,"formatted_price":"12,00&nbsp;\u20ac","formatted_published_date":"26 juillet 2024","publisher_availability_label":"Sur commande","short_details":"Jean Hautepierre \u2014 L'Oeil Du Sphinx","translator":null,"weight":950,"page_count":null,"readership":null,"editor":"L'Oeil Du Sphinx","price":1200,"published_date":"2024-07-25T22:00:00.000000Z","support":"Grand format","publisher_availability":1,"stock":0,"editions":[],"url":"https:\/\/quaidesbrumes.com\/ouvrage\/9782380140903\/la-sonora-tragedie"},{"id":"9782749815916","title":"Qui est Monsieur Schmitt ?","description":"M. et Mme Be\u00b4lier di^nent dans leur salle a` manger quand ils sont interrompus par la sonnerie du te\u00b4le\u00b4phone. Or, les Be\u00b4liers n'ont pas d'abonnement te\u00b4le\u00b4phonique. Le myste\u00b4rieux interlocuteur insiste et affirme me^me parler a` un certain M. Schmitt. Puis M. et Mme Be\u00b4lier de\u00b4couvrent que l'inte\u00b4rieur de leur appartement a change\u00b4 : les cadres accroche\u00b4s aux murs ont e\u00b4te\u00b4 remplace\u00b4s et les livres et les ve^tements ne sont pas les leurs... Sont-ils, sans le savoir, M. et Mme Schmitt ?","authors":["S\u00e9bastien Thi\u00e9ry"],"category_codes":["1000000","1080000","1080300","1080303"],"visuals":{"large":"https:\/\/images.epagine.fr\/916\/9782749815916_1_75.jpg","medium":"https:\/\/images.epagine.fr\/916\/9782749815916_1_m.jpg","thumbnail":"https:\/\/images.epagine.fr\/916\/9782749815916_1_v.jpg"},"orderable":true,"show_badge":true,"formatted_price":"13,00&nbsp;\u20ac","formatted_published_date":"13 janvier 2023","publisher_availability_label":"Sur commande","short_details":"S\u00e9bastien Thi\u00e9ry \u2014 Avant sc\u00e8ne th\u00e9\u00e2tre","translator":null,"weight":94,"page_count":96,"readership":null,"editor":"Avant sc\u00e8ne th\u00e9\u00e2tre","price":1300,"published_date":"2023-01-12T23:00:00.000000Z","support":"Poche","publisher_availability":1,"stock":0,"editions":[],"url":"https:\/\/quaidesbrumes.com\/ouvrage\/9782749815916\/qui-est-monsieur-schmitt"},{"id":"9791042426880","title":"\u00c0 demain l'avenir","description":"Elle n'est qu'un rouage de plus, noy\u00e9e dans le triste m\u00e9canisme d'une soci\u00e9t\u00e9 bien huil\u00e9e. Lui en a \u00e9t\u00e9 \u00e9ject\u00e9 il y a fort longtemps, tel un dangereux grain de sable.\r\nElle s'enlise dans un quotidien format\u00e9, mais se persuade d'\u00eatre libre et heureuse. Lui se targue de vivre pleinement l'instant pr\u00e9sent, mais souffre en r\u00e9alit\u00e9 d'un d\u00e9ni de r\u00e9signation.\r\nLeur rencontre est un v\u00e9ritable bras de fer, fait d'accusations et de reproches, o\u00f9 chacun pense d\u00e9tenir la v\u00e9rit\u00e9 et tente de l'imposer \u00e0 l'autre.\r\nM\u00eame si tous deux campent sur leurs positions, c'est ensemble qu'ils ouvriront les yeux sur leur vie...","authors":["Camille Bochaton"],"category_codes":["1000000","1080000"],"visuals":{"large":"https:\/\/images.epagine.fr\/880\/9791042426880_1_75.jpg","medium":"https:\/\/images.epagine.fr\/880\/9791042426880_1_m.jpg","thumbnail":"https:\/\/images.epagine.fr\/880\/9791042426880_1_v.jpg"},"orderable":true,"show_badge":true,"formatted_price":"10,00&nbsp;\u20ac","formatted_published_date":"3 avril 2025","publisher_availability_label":"Sur commande","short_details":"Camille Bochaton \u2014 BOOKELIS","translator":null,"weight":81,"page_count":78,"readership":null,"editor":"BOOKELIS","price":1000,"published_date":"2025-04-02T22:00:00.000000Z","support":"Grand format","publisher_availability":1,"stock":0,"editions":[],"url":"https:\/\/quaidesbrumes.com\/ouvrage\/9791042426880\/a-demain-lavenir"},{"id":"9782749811673","title":"L'auteur en premi\u00e8re ligne ; histoire et paroles des EAT","description":"\u00ab Le livre que vous tenez entre les mains n'est pas tout \u00e0 fait un livre comme les autres.\r\n\r\nD'abord, parce qu'il \u00e9chappe aux cat\u00e9gories dans lesquelles les lecteurs aiment souvent ranger les ouvrages. Dans ces pages, en effet, vous trouverez du r\u00e9el, de l'imaginaire, des dialogues, des col\u00e8res, des interrogations, de l'ironie, de la tendresse, des certitudes. \u00bb Extrait de la pr\u00e9face de Jean-Paul Al\u00e8gre, pr\u00e9sident des EAT\r","authors":["Collectif"],"category_codes":["1000000","1080000"],"visuals":{"large":"https:\/\/images.epagine.fr\/673\/9782749811673_1_75.jpg","medium":"https:\/\/images.epagine.fr\/673\/9782749811673_1_m.jpg","thumbnail":"https:\/\/images.epagine.fr\/673\/9782749811673_1_v.jpg"},"orderable":true,"show_badge":true,"formatted_price":"15,30&nbsp;\u20ac","formatted_published_date":"25 octobre 2010","publisher_availability_label":"Sur commande","short_details":"Collectif \u2014 Avant sc\u00e8ne th\u00e9\u00e2tre","translator":null,"weight":270,"page_count":294,"readership":null,"editor":"Avant sc\u00e8ne th\u00e9\u00e2tre","price":1530,"published_date":"2010-10-24T22:00:00.000000Z","support":"Grand format","publisher_availability":1,"stock":0,"editions":[],"url":"https:\/\/quaidesbrumes.com\/ouvrage\/9782749811673\/lauteur-en-premiere-ligne-histoire-et-paroles-des-eat"},{"id":"9782700702736","title":"Shakespeare","description":"\r\n\r\n\r\n\r","authors":["Mayoux Jean-Jacques"],"category_codes":["1000000","1080000"],"visuals":{"large":"https:\/\/quaidesbrumes.com\/img\/book-placeholder.png","medium":"https:\/\/quaidesbrumes.com\/img\/book-placeholder.png","thumbnail":"https:\/\/quaidesbrumes.com\/img\/book-placeholder.png"},"orderable":true,"show_badge":true,"formatted_price":"11,20&nbsp;\u20ac","formatted_published_date":"8 janvier 1992","publisher_availability_label":"Sur commande","short_details":"Mayoux Jean-Jacques \u2014 AUBIER","translator":null,"weight":245,"page_count":null,"readership":null,"editor":"AUBIER","price":1120,"published_date":"1992-01-07T23:00:00.000000Z","support":"Grand format","publisher_availability":1,"stock":0,"editions":[],"url":"https:\/\/quaidesbrumes.com\/ouvrage\/9782700702736\/shakespeare"},{"id":"9782700714173","title":"Le prince constant","description":"Le Prince constant de Calderon raconte en trois journ\u00e9es l'histoire de don Fernand qui acceptera la mort par constance envers la foi, l'amiti\u00e9 et l'honneur. Au royaume de Fez, l'infant de Portugal don Fernand est un prisonnier de qualit\u00e9. Le roi de Fez demande que lui soit rendue la ville de Ceuta pour remettre son otage en libert\u00e9. L'infant refuse de rendre une ville chr\u00e9tienne \u00e0 un musulman : jet\u00e9 au cachot, il est condamn\u00e9 \u00e0 mourir de faim et de mauvais traitements. Ph\u00e9nix, la fille du roi de Fez, promise au prince Taroudant, aime Mouley. Ce dernier doit la vie \u00e0 don Fernand et veut le sauver, bien qu'il soit son ge\u00f4lier. Son ami et prisonnier le convaincra de ne pas trahir son roi et de le laisser mourir. Le bonheur des deux amants triomphera, achet\u00e9 par le cadavre de don Fernand que son neveu est venu venger. Le Prince constant y gagnera la saintet\u00e9. Pedro Calderon de la Barca, phare du Si\u00e8cle d'or espagnol, nous a l\u00e9gu\u00e9 une oeuvre th\u00e9\u00e2trale foisonnante. Il a explor\u00e9 tous les genres dramatiques, de la com\u00e9die d'intrigue au drame historique, en passant par les formes chant\u00e9es et dans\u00e9es : plus de deux cents pi\u00e8ces au total, parmi lesquelles de nombreux chefs-d'oeuvre.\r","authors":["Calderon De La Barca"],"category_codes":["1000000","1080000"],"visuals":{"large":"https:\/\/quaidesbrumes.com\/img\/book-placeholder.png","medium":"https:\/\/quaidesbrumes.com\/img\/book-placeholder.png","thumbnail":"https:\/\/quaidesbrumes.com\/img\/book-placeholder.png"},"orderable":true,"show_badge":true,"formatted_price":"15,20&nbsp;\u20ac","formatted_published_date":"8 janvier 1992","publisher_availability_label":"Sur commande","short_details":"Calderon De La Barca \u2014 AUBIER","translator":null,"weight":340,"page_count":null,"readership":null,"editor":"AUBIER","price":1520,"published_date":"1992-01-07T23:00:00.000000Z","support":"Grand format","publisher_availability":1,"stock":0,"editions":[],"url":"https:\/\/quaidesbrumes.com\/ouvrage\/9782700714173\/le-prince-constant"},{"id":"9782322570331","title":"Un abri en D\u00e9capole","description":"Texte de sc\u00e8ne d'une pi\u00e8ce de th\u00e9\u00e2tre inspir\u00e9e du Nouveau Testament.\r\nQuand d\u00e9butent les pers\u00e9cutions des premiers chr\u00e9tiens par les autorit\u00e9s du Temple de J\u00e9rusalem vers 36 apr\u00e8s J\u00e9sus-Christ, et lors d'une violente temp\u00eate, trois personnes isol\u00e9es se r\u00e9fugient dans une maison abandonn\u00e9e, entre Damas et Philadelphe (aujourd'hui Amman). Chacune a suivi son itin\u00e9raire de vie caboss\u00e9. Toutes les trois ont d\u00e9j\u00e0 \u00e9t\u00e9 sauv\u00e9es par J\u00e9sus. Toutes les trois ont d\u00e9j\u00e0 rencontr\u00e9 la violence de la foule. Il s'agit du poss\u00e9d\u00e9 de G\u00e9rasa, de la femme adult\u00e8re et de Saul, le futur Saint Paul, oblig\u00e9 de fuir Damas. La temp\u00eate les condamne \u00e0 ce huis clos. Confessions, confrontations, condamnations, conciliations, conversions\u00a0: J\u00e9sus est pr\u00e9sent en filigrane dans leur chemin vers la concorde.","authors":["Francis Marxen"],"category_codes":["1000000","1080000"],"visuals":{"large":"https:\/\/images.epagine.fr\/331\/9782322570331_1_75.jpg","medium":"https:\/\/images.epagine.fr\/331\/9782322570331_1_m.jpg","thumbnail":"https:\/\/images.epagine.fr\/331\/9782322570331_1_v.jpg"},"orderable":true,"show_badge":true,"formatted_price":"8,00&nbsp;\u20ac","formatted_published_date":"17 mars 2025","publisher_availability_label":"Sur commande","short_details":"Francis Marxen \u2014 Books on Demand","translator":null,"weight":87,"page_count":72,"readership":null,"editor":"Books on Demand","price":800,"published_date":"2025-03-16T23:00:00.000000Z","support":"Grand format","publisher_availability":1,"stock":0,"editions":[],"url":"https:\/\/quaidesbrumes.com\/ouvrage\/9782322570331\/un-abri-en-decapole"},{"id":"9782369444251","title":"Retour des dieux dans la matiere","description":null,"authors":["Baillon Jacques"],"category_codes":["1000000","1080000"],"visuals":{"large":"https:\/\/quaidesbrumes.com\/img\/book-placeholder.png","medium":"https:\/\/quaidesbrumes.com\/img\/book-placeholder.png","thumbnail":"https:\/\/quaidesbrumes.com\/img\/book-placeholder.png"},"orderable":true,"show_badge":true,"formatted_price":"12,00&nbsp;\u20ac","formatted_published_date":"12 f\u00e9vrier 2025","publisher_availability_label":"Sur commande","short_details":"Baillon Jacques \u2014 Les Cygnes","translator":null,"weight":110,"page_count":null,"readership":null,"editor":"Les Cygnes","price":1200,"published_date":"2025-02-11T23:00:00.000000Z","support":"Grand format","publisher_availability":1,"stock":0,"editions":[],"url":"https:\/\/quaidesbrumes.com\/ouvrage\/9782369444251\/retour-des-dieux-dans-la-matiere"},{"id":"9782343249193","title":"Trinity ou comment passer une joyeuse fin du monde","description":"Quoi de plus banal que de tomber au champ d'honneur ou de succomber en soins palliatifs ? Avec un peu d'effort, tout le monde peut y arriver. M\u00eame les plus r\u00e9calcitrants. Heureusement Philippe et Martin vont mourir de la mani\u00e8re la plus chic et in\u00e9dite qui soit, par une m\u00e9t\u00e9orite g\u00e9ante qui s'appr\u00eate \u00e0 exploser la Terre. L'impact est d'ailleurs pr\u00e9vu dans une heure douze. Ce qui leur laisse amplement le temps de savourer la plus belle contribution de notre pays \u00e0 l'humanit\u00e9 : un bon gueuleton. Pour nos deux amis, seuls le bon vin et les plaisanteries sont dignes de c\u00e9l\u00e9brer la grande faucheuse. Seulement, face au grand formatage, pourront-ils vraiment garder leur humour ?","authors":["Sacha Danino"],"category_codes":["1000000","1080000","1080500"],"visuals":{"large":"https:\/\/images.epagine.fr\/193\/9782343249193_1_75.jpg","medium":"https:\/\/images.epagine.fr\/193\/9782343249193_1_m.jpg","thumbnail":"https:\/\/images.epagine.fr\/193\/9782343249193_1_v.jpg"},"orderable":true,"show_badge":true,"formatted_price":"13,00&nbsp;\u20ac","formatted_published_date":"30 novembre 2021","publisher_availability_label":"Sur commande","short_details":"Sacha Danino \u2014 \u00c9ditions L'Harmattan","translator":null,"weight":108,"page_count":82,"readership":null,"editor":"\u00c9ditions L'Harmattan","price":1300,"published_date":"2021-11-29T23:00:00.000000Z","support":"Grand format","publisher_availability":1,"stock":0,"editions":[],"url":"https:\/\/quaidesbrumes.com\/ouvrage\/9782343249193\/trinity-ou-comment-passer-une-joyeuse-fin-du-monde"},{"id":"9782343249261","title":"\u00d4 fille de mon pays : ya bent bladi","description":"Houria, jeune femme marocaine \u00e9lev\u00e9e dans un milieu traditionnel, rencontre Victor au mariage de sa cousine. \u00c0 l'issue de cette rencontre, elle se retrouve prise au pi\u00e8ge, enceinte dans un pays o\u00f9 les relations sexuelles hors mariage sont interdites et les enfants de celles-ci non reconnus.","authors":["Leyla Bennis"],"category_codes":["1000000","1080000","1080500"],"visuals":{"large":"https:\/\/images.epagine.fr\/261\/9782343249261_1_75.jpg","medium":"https:\/\/images.epagine.fr\/261\/9782343249261_1_m.jpg","thumbnail":"https:\/\/images.epagine.fr\/261\/9782343249261_1_v.jpg"},"orderable":true,"show_badge":true,"formatted_price":"9,00&nbsp;\u20ac","formatted_published_date":"14 d\u00e9cembre 2021","publisher_availability_label":"Sur commande","short_details":"Leyla Bennis \u2014 \u00c9ditions L'Harmattan","translator":null,"weight":67,"page_count":44,"readership":null,"editor":"\u00c9ditions L'Harmattan","price":900,"published_date":"2021-12-13T23:00:00.000000Z","support":"Grand format","publisher_availability":1,"stock":0,"editions":[],"url":"https:\/\/quaidesbrumes.com\/ouvrage\/9782343249261\/o-fille-de-mon-pays-ya-bent-bladi"},{"id":"9782490021444","title":"Le banquet des tueurs","description":"Au plus profond des Enfers, le Diable s'ennuie...\r\nApr\u00e8s avoir pass\u00e9 des mill\u00e9naires et des mill\u00e9naires \u00e0 r\u00e9gner sur ces contr\u00e9es maudites, il faut croire que la routine s'est install\u00e9e dans son quotidien.\r\nIl lui faut absolument un divertissement pour pallier ce fardeau...\r\nAlors lui vient une id\u00e9e : celle de r\u00e9unir les p\u00e9cheurs les plus violents et les plus sournois pour les voir se sauter \u00e0 la gorge. Pour cela, quels meilleurs candidats que les tueurs ?\r\nIl convoque alors les plus grands meurtriers de l'Histoire litt\u00e9raire europ\u00e9enne : les univers de William Shakespeare, Albert Camus, Fiodor Dosto\u00efevski et plus encore se retrouvent ensemble autour d'un banquet, et leurs personnages s'entrechoquent au gr\u00e9 d'un dialogue sur l'un des sujets les plus vieux et complexes de l'humanit\u00e9.\r\nLe r\u00e9sultat de cette petite exp\u00e9rience pourrait bien se r\u00e9v\u00e9ler tr\u00e8s loin de toutes les attentes de son organisateur mal\u00e9fique...","authors":["Eryne Mirabeau"],"category_codes":["1000000","1080000"],"visuals":{"large":"https:\/\/images.epagine.fr\/444\/9782490021444_1_75.jpg","medium":"https:\/\/images.epagine.fr\/444\/9782490021444_1_m.jpg","thumbnail":"https:\/\/images.epagine.fr\/444\/9782490021444_1_v.jpg"},"orderable":true,"show_badge":true,"formatted_price":"9,00&nbsp;\u20ac","formatted_published_date":"31 mars 2025","publisher_availability_label":"Sur commande","short_details":"Eryne Mirabeau \u2014 L'Astre Bleu","translator":null,"weight":54,"page_count":48,"readership":null,"editor":"L'Astre Bleu","price":900,"published_date":"2025-03-30T22:00:00.000000Z","support":"Grand format","publisher_availability":1,"stock":0,"editions":[],"url":"https:\/\/quaidesbrumes.com\/ouvrage\/9782490021444\/le-banquet-des-tueurs"},{"id":"9782343250939","title":"Tromp\u00e9 par son miroir","description":"\"Comment est-il concevable que le parent, qui est cens\u00e9 oeuvrer pour le d\u00e9veloppement de ses enfants devienne, aujourd'hui, leur premier obstacle ? Quant au jeune d\u00e9sireux d'\u00e9merger, comment revendiquer ses droits ? Combattre son parent est-il la meilleure option ? Comment peut-on faire pour construire l'Afrique dans l'harmonie et la paix ? Telles sont les pr\u00e9occupations que cette pi\u00e8ce se charge d'aborder.\"\r","authors":["Victor Emah"],"category_codes":["1000000","1080000","1080100"],"visuals":{"large":"https:\/\/images.epagine.fr\/939\/9782343250939_1_75.jpg","medium":"https:\/\/images.epagine.fr\/939\/9782343250939_1_m.jpg","thumbnail":"https:\/\/images.epagine.fr\/939\/9782343250939_1_v.jpg"},"orderable":true,"show_badge":true,"formatted_price":"15,50&nbsp;\u20ac","formatted_published_date":"23 d\u00e9cembre 2021","publisher_availability_label":"Sur commande","short_details":"Victor Emah \u2014 \u00c9ditions L'Harmattan","translator":null,"weight":159,"page_count":124,"readership":null,"editor":"\u00c9ditions L'Harmattan","price":1550,"published_date":"2021-12-22T23:00:00.000000Z","support":"Grand format","publisher_availability":1,"stock":0,"editions":[],"url":"https:\/\/quaidesbrumes.com\/ouvrage\/9782343250939\/trompe-par-son-miroir"},{"id":"9782343249346","title":"Je reviendrai me chercher ; sous le vernis","description":"Je reviendrai me chercher (Monologue) Un lieu, une pi\u00e8ce avec des barreaux. Tour \u00e0 tour conteuse et \u00ab personnage \u00bb, une femme tire les fils de son exp\u00e9rience terrifiante. Elle porte en elle la trag\u00e9die du monde. Un corps et ses fronti\u00e8res de peau, les gouttes d'eau... Les jours se succ\u00e8dent. On est suspendus aux heures, aux minutes, aux secondes. Et on attend. Et puis il y a \u00ab elle \u00bb : la mouche qui l'aide \u00e0 raconter.\r\nSous le vernis (Pi\u00e8ce pour deux actrices) Une pi\u00e8ce \u00e0 deux voix. Deux voies. Deux issues ? Deux femmes. Une p\u00e9nombre. Un lieu sans heure au d\u00e9compte \u00e9trange. Un revolver.\r\nDepuis quand sont-elles l\u00e0 ? Et d'o\u00f9 vient ce sang ? Le temps est chose \u00e9trange quand il n'y a plus de pr\u00e9sent. Ici, la folie est une loi qui n'a plus de fronti\u00e8re.","authors":["Ana Elle"],"category_codes":["1000000","1080000","1080500"],"visuals":{"large":"https:\/\/images.epagine.fr\/346\/9782343249346_1_75.jpg","medium":"https:\/\/images.epagine.fr\/346\/9782343249346_1_m.jpg","thumbnail":"https:\/\/images.epagine.fr\/346\/9782343249346_1_v.jpg"},"orderable":true,"show_badge":true,"formatted_price":"16,50&nbsp;\u20ac","formatted_published_date":"22 d\u00e9cembre 2021","publisher_availability_label":"Sur commande","short_details":"Ana Elle \u2014 \u00c9ditions L'Harmattan","translator":null,"weight":194,"page_count":154,"readership":null,"editor":"\u00c9ditions L'Harmattan","price":1650,"published_date":"2021-12-21T23:00:00.000000Z","support":"Grand format","publisher_availability":1,"stock":0,"editions":[],"url":"https:\/\/quaidesbrumes.com\/ouvrage\/9782343249346\/je-reviendrai-me-chercher-sous-le-vernis"}]}