{"data":[{"id":"9782754765701","title":"Droit de retrait","description":"\u00c9t\u00e9 2003, gare de Lyon Part-Dieu, les voyageurs du train \u00e0 destination de Narbonne prennent place. Ce devrait \u00eatre un trajet en TGV ordinaire, mais vol, trahison et amours vont s'inviter \u00e0 bord et faire de ce vaudeville une folle sarabande.","authors":["Marta Cassel"],"category_codes":["1000000","1080000","1080300","1080303"],"visuals":{"large":"https:\/\/images.epagine.fr\/701\/9782754765701_1_75.jpg","medium":"https:\/\/images.epagine.fr\/701\/9782754765701_1_m.jpg","thumbnail":"https:\/\/images.epagine.fr\/701\/9782754765701_1_v.jpg"},"orderable":true,"show_badge":true,"formatted_price":"11,90&nbsp;\u20ac","formatted_published_date":"19 septembre 2023","publisher_availability_label":"Sur commande","short_details":"Marta Cassel \u2014 Editions du Panth\u00e9on","translator":null,"weight":78,"page_count":64,"readership":null,"editor":"Editions du Panth\u00e9on","price":1190,"published_date":"2023-09-18T22:00:00.000000Z","support":"Grand format","publisher_availability":1,"stock":0,"editions":[],"url":"https:\/\/quaidesbrumes.com\/ouvrage\/9782754765701\/droit-de-retrait"},{"id":"9782754767408","title":"Chasse, p\u00eache et trahison","description":"\u00c9tienne, cadre brillant de la haute finance parisienne, d\u00e9cide un jour de tout plaquer, se r\u00e9fugie dans sa Provence natale et ouvre un bistrot gastronomique. Quand il constate que son \u00e9quipe est plus habitu\u00e9e au Pastis et aux cigales qu'aux briefings, \u00c9tienne commence \u00e0 sentir le projet lui \u00e9chapper. Et c'est sans compter sur Maillefer, l'un de ses serveurs, dont l'esprit surdou\u00e9 mais fouineur permet de r\u00e9v\u00e9ler un secret soigneusement cach\u00e9... \u00c0 cinq jours de l'ouverture, la pression s'accentue au milieu de rebondissements burlesques. Mais entour\u00e9 de personnages tous aussi attachants que maladroits, \u00c9tienne se retrouve rapidement d\u00e9pass\u00e9 par ses propres mensonges...","authors":["Thibaut Massien\u00e9e"],"category_codes":["1000000","1080000"],"visuals":{"large":"https:\/\/images.epagine.fr\/408\/9782754767408_1_75.jpg","medium":"https:\/\/images.epagine.fr\/408\/9782754767408_1_m.jpg","thumbnail":"https:\/\/images.epagine.fr\/408\/9782754767408_1_v.jpg"},"orderable":true,"show_badge":true,"formatted_price":"13,50&nbsp;\u20ac","formatted_published_date":"21 novembre 2023","publisher_availability_label":"Sur commande","short_details":"Thibaut Massien\u00e9e \u2014 Editions du Panth\u00e9on","translator":null,"weight":118,"page_count":104,"readership":null,"editor":"Editions du Panth\u00e9on","price":1350,"published_date":"2023-11-20T23:00:00.000000Z","support":"Grand format","publisher_availability":1,"stock":0,"editions":[],"url":"https:\/\/quaidesbrumes.com\/ouvrage\/9782754767408\/chasse-peche-et-trahison"},{"id":"9782754767309","title":"Ne ferme pas les yeux, petite fille !","description":"L'adaptation th\u00e9\u00e2trale, librement inspir\u00e9e, de l'autobiographie de l'auteur : Jacques a dit... suce !\r\nUn huis clos singulier, pour une d\u00e9position tr\u00e8s particuli\u00e8re... Un commissariat, une polici\u00e8re, un directeur d'Orphelinat et une jeune femme qui d\u00e9pose :\r\nLes trois protagonistes nous offrent une histoire trop vraie pour \u00eatre v\u00e9ritable ? Possible ! 18 ans de placement...\r\nLes drames abord\u00e9s sont universels...\r\nLes pr\u00e9jug\u00e9s, le jugement des uns envers les autres, la solitude, le manque, L'abandon, L'emprise, les maltraitances toutes confondues, la perte d'un \u00eatre cher, Le suicide, La mort d'un parent, les violences sexuelles, Le viol. N\u00e9anmoins, exceptionnel, dans le r\u00e9cit...\r\n\r\nPARDONNE LEUR SEIGNEUR, ILS NE SAVENT CE QU'ILS FONT !\r\n\r\nLa pi\u00e8ce de th\u00e9\u00e2tre est un choc.\r\nSpectaculaire, Spectaculaire, les mots de la langue vulgaire !","authors":["Charlie Vincent"],"category_codes":["1000000","1080000"],"visuals":{"large":"https:\/\/images.epagine.fr\/309\/9782754767309_1_75.jpg","medium":"https:\/\/images.epagine.fr\/309\/9782754767309_1_m.jpg","thumbnail":"https:\/\/images.epagine.fr\/309\/9782754767309_1_v.jpg"},"orderable":true,"show_badge":true,"formatted_price":"21,90&nbsp;\u20ac","formatted_published_date":"14 novembre 2023","publisher_availability_label":"Sur commande","short_details":"Charlie Vincent \u2014 Editions du Panth\u00e9on","translator":null,"weight":255,"page_count":240,"readership":null,"editor":"Editions du Panth\u00e9on","price":2190,"published_date":"2023-11-13T23:00:00.000000Z","support":"Grand format","publisher_availability":1,"stock":0,"editions":[],"url":"https:\/\/quaidesbrumes.com\/ouvrage\/9782754767309\/ne-ferme-pas-les-yeux-petite-fille"},{"id":"9782754768283","title":"Vernissage","description":"Une pi\u00e8ce de th\u00e9\u00e2tre, oui, mais surtout un hommage \u00e0 un ami artiste, source d'inspiration infinie pour Nut Monegal. Avec une galerie de personnages haute en couleurs et un humour d\u00e9licatement f\u00e9roce, on retrouve les arcanes majeurs crois\u00e9s lors de vernissages contemporains. On croise les s\u00e9rieux, les saisissants et les dr\u00f4les, plongeant dans un microcosme de la psychologie humaine.","authors":["Nut Mon\u00e9gal"],"category_codes":["1000000","1080000"],"visuals":{"large":"https:\/\/images.epagine.fr\/283\/9782754768283_1_75.jpg","medium":"https:\/\/images.epagine.fr\/283\/9782754768283_1_m.jpg","thumbnail":"https:\/\/images.epagine.fr\/283\/9782754768283_1_v.jpg"},"orderable":true,"show_badge":true,"formatted_price":"11,90&nbsp;\u20ac","formatted_published_date":"16 janvier 2024","publisher_availability_label":"Sur commande","short_details":"Nut Mon\u00e9gal \u2014 Editions du Panth\u00e9on","translator":null,"weight":86,"page_count":72,"readership":null,"editor":"Editions du Panth\u00e9on","price":1190,"published_date":"2024-01-15T23:00:00.000000Z","support":"Grand format","publisher_availability":1,"stock":0,"editions":[],"url":"https:\/\/quaidesbrumes.com\/ouvrage\/9782754768283\/vernissage"},{"id":"9782384063321","title":"Amor Fati : Les Lois du th\u00e9\u00e2tre","description":"Alain Jugnon cherche, cherche la r\u00e9volution dans le th\u00e9\u00e2tre et la r\u00e9volution dans le th\u00e9\u00e2tre de l'\u00e9criture. Il la cherche dans le texte de ses amis et amie que sont Michel Surya, Amandine Andr\u00e9, Jacques Sicard, Philippe Blanchon ou Jacques-Henri Michot. Il la cherche dans ses livres, dans les livres d'Artaud, de Bousquet, de Beckett, de Duras, ou encore de Gombrowicz, de Pasolini, de Genet. Et de bien d'autres. Il la cherche aussi avec les penseurs qui le suivent chaque jour que sont entre autres Nietzsche, Deleuze, Derrida, Vuarnet ou Stiegler. \u00ab Je suis dor\u00e9navant enti\u00e8rement th\u00e9\u00e2tre et pens\u00e9e de la t\u00eate aux pieds. Enti\u00e8rement et dor\u00e9navant th\u00e9\u00e2tre de la bouche au sphincter, \u00e0 main droite et \u00e0 main gauche.  Ce que je veux : l'\u00e9criture du th\u00e9\u00e2tre que je deviens. Soit : le th\u00e9\u00e2tre de l'\u00e9criture que je suis. Ce que je peux : lire Nietzsche et lire Artaud comme s'ils avaient pr\u00e9par\u00e9 ensemble au Vieux Colombier les derni\u00e8res repr\u00e9sentations du th\u00e9\u00e2tre de la cruaut\u00e9. \u00bb","authors":["Alain Jugnon"],"category_codes":["1000000","1080000"],"visuals":{"large":"https:\/\/images.epagine.fr\/321\/9782384063321_1_75.jpg","medium":"https:\/\/images.epagine.fr\/321\/9782384063321_1_m.jpg","thumbnail":"https:\/\/images.epagine.fr\/321\/9782384063321_1_v.jpg"},"orderable":true,"show_badge":true,"formatted_price":"21,50&nbsp;\u20ac","formatted_published_date":"1er mars 2024","publisher_availability_label":"Sur commande","short_details":"Alain Jugnon \u2014 Douro","translator":null,"weight":453,"page_count":306,"readership":null,"editor":"Douro","price":2150,"published_date":"2024-02-29T23:00:00.000000Z","support":"Grand format","publisher_availability":1,"stock":0,"editions":[],"url":"https:\/\/quaidesbrumes.com\/ouvrage\/9782384063321\/amor-fati-les-lois-du-theatre"},{"id":"9782754768443","title":"John se met \u00e0 table : Le salon de D\u00e9borah","description":"\u00ab Error 404\r\nCeux qui acceptent les bienfaits du march\u00e9 et ceux qui pr\u00e9f\u00e8rent refuser l'hygi\u00e9nisme au nom de grands principes qu'ils d\u00e9clarent pr\u00e9tentieusement r\u00e9volutionnaires.\r\n\r\nN\u00e9orurale\r\nLa bonne conscience, les bonnes paroles bienveillantes... Ils mourront infect\u00e9s mais en accord avec leurs id\u00e9es de gauche, leur \u00ab conscience politique \u00bb, comme ils disent.\r\n\r\nError 404\r\nDes petits malins qui se croient plus brillants parce qu'ils ont lu du Sartre et dissert\u00e9 sur Foucault. \u00bb\r\n\r\nJohn est perdu. D\u00e9sempar\u00e9. Il n'y croit plus. Pour combattre le sentiment de N\u00e9ant qui s'empare de lui, il consulte D\u00e9borah Parker, directrice du Cabinet de Coaching de vies compliqu\u00e9es. Convi\u00e9 \u00e0 une s\u00e9ance de th\u00e9rapie de groupe des \u00ab \u00c9checs anonymes \u00bb, il fait la connaissance de 49.3, Error 404 et N\u00e9orurale, ses comparses d'un jour.?\u00c0 l'heure des sp\u00e9cialistes de vie et conseillers en toutes sortes de choses, le h\u00e9ros de cette com\u00e9die grin\u00e7ante fait l'exp\u00e9rience du cr\u00e9dit social. Intellectuel, peu port\u00e9 sur les r\u00e9seaux sociaux, boulevers\u00e9 par la soci\u00e9t\u00e9 de contr\u00f4le et la f\u00e9rocit\u00e9 de la pens\u00e9e dominante, il coche d\u00e9cid\u00e9ment les mauvaises cases ; l'exclusion lui pend au nez.\r\nAvec cette pi\u00e8ce de th\u00e9\u00e2tre piquet\u00e9e d'humour noir et de lucidit\u00e9 corrosive, Christophe Agogu\u00e9 aborde le registre de l'absurde. \u00c0 pattes de velours, il suit la descente aux enfers 2.0 d'un ex-prof r\u00e9pudi\u00e9 de l'\u00c9ducation nationale.","authors":["Christophe Agogu\u00e9"],"category_codes":["1000000","1080000","1080300"],"visuals":{"large":"https:\/\/images.epagine.fr\/443\/9782754768443_1_75.jpg","medium":"https:\/\/images.epagine.fr\/443\/9782754768443_1_m.jpg","thumbnail":"https:\/\/images.epagine.fr\/443\/9782754768443_1_v.jpg"},"orderable":true,"show_badge":true,"formatted_price":"13,90&nbsp;\u20ac","formatted_published_date":"26 mars 2024","publisher_availability_label":"Sur commande","short_details":"Christophe Agogu\u00e9 \u2014 Editions du Panth\u00e9on","translator":null,"weight":126,"page_count":112,"readership":null,"editor":"Editions du Panth\u00e9on","price":1390,"published_date":"2024-03-25T23:00:00.000000Z","support":"Grand format","publisher_availability":1,"stock":0,"editions":[],"url":"https:\/\/quaidesbrumes.com\/ouvrage\/9782754768443\/john-se-met-a-table-le-salon-de-deborah"},{"id":"9791042427832","title":"Pygmalion en famille : Drame essentiellement en vers, en deux parties et un prologue","description":"L'histoire de Pygmalion, on conna\u00eet : l'artiste sculpte une statue de femme si belle qu'il s'en \u00e9prend, et qu'elle prend vie. Mais imaginez maintenant qu'apr\u00e8s une bonne vingtaine d'ann\u00e9es, le corps vivant et vieillissant de Galat\u00e9e n'attire plus le Ma\u00eetre... Et rajoutez une fille issue du couple qui ressemblerait comme deux gouttes d'eau \u00e0 la statue originelle...\r\nA travers ce mythe revisit\u00e9, l'auteur s'interroge sur l'art, l'amour, la filiation, l'opposition entre nature et culture, id\u00e9al et r\u00e9alit\u00e9, foi et d\u00e9sesp\u00e9rance, la tyrannie de la beaut\u00e9 et la misogynie.\r\nIl s'amuse \u00e9galement \u00e0 m\u00ealer les langages et les genres, le grossier et le lyrique, les alexandrins, le franglais et des expressions comtoises, le grotesque et le tragique, l'accord grammatical habituel et la r\u00e8gle plus \u00e9galitaire de proximit\u00e9.","authors":["S\u00e9bastien Picaud Roux"],"category_codes":["1000000","1080000","1080500"],"visuals":{"large":"https:\/\/images.epagine.fr\/832\/9791042427832_1_75.jpg","medium":"https:\/\/images.epagine.fr\/832\/9791042427832_1_m.jpg","thumbnail":"https:\/\/images.epagine.fr\/832\/9791042427832_1_v.jpg"},"orderable":true,"show_badge":true,"formatted_price":"10,00&nbsp;\u20ac","formatted_published_date":"5 mars 2024","publisher_availability_label":"Sur commande","short_details":"S\u00e9bastien Picaud Roux \u2014 BOOKELIS","translator":null,"weight":226,"page_count":182,"readership":null,"editor":"BOOKELIS","price":1000,"published_date":"2024-03-04T23:00:00.000000Z","support":"Grand format","publisher_availability":1,"stock":0,"editions":[],"url":"https:\/\/quaidesbrumes.com\/ouvrage\/9791042427832\/pygmalion-en-famille-drame-essentiellement-en-vers-en-deux-parties-et-un-prologue"},{"id":"9782754767460","title":"Le portrait de la dame en or","description":"\u00ab Maria : Je vous confie la mission d'obtenir de l'\u00c9tat autrichien la restitution des six tableaux de Gustav Klimt qui sont incarc\u00e9r\u00e9s au Belv\u00e9d\u00e8re.\r\nMa\u00eetre Schoenberg : Madame Altmann, vous n'\u00eates pas s\u00e9rieuse !\r\nMaria : Maria, pas Madame Altmann. Au contraire, Randol, je suis tr\u00e8s s\u00e9rieuse. \u00bb\r\n\r\nQuand en 1998, Maria Altmann, d\u00e9j\u00e0 \u00e2g\u00e9e de 82 ans, confie au tout jeune avocat Randol Schoenberg la mission quasi impossible de r\u00e9cup\u00e9rer les tableaux de Gustav Klimt dont sa famille a \u00e9t\u00e9 spoli\u00e9e par le r\u00e9gime nazi, elle ignore que le combat de sa vie sera encore affreusement long. Mais Maria Altmann n'est pas femme \u00e0 abandonner sans conna\u00eetre la fin de l'histoire, la chute d\u00fbt-elle ne pas r\u00e9pondre \u00e0 ses attentes.\r\nPhilippe Froget est avocat. Il admire cette femme qui s'est battu toute son existence pour que justice soit faite. Cette pi\u00e8ce de th\u00e9\u00e2tre \u00e0 suspense, tir\u00e9e d'une histoire vraie, nous parle de devoir de m\u00e9moire, de justice internationale, d'oeuvres d'art confisqu\u00e9es, et surtout de l'immense bravoure de ceux qui parviennent \u00e0 pardonner.","authors":["Philippe Froget"],"category_codes":["1000000","1080000"],"visuals":{"large":"https:\/\/images.epagine.fr\/460\/9782754767460_1_75.jpg","medium":"https:\/\/images.epagine.fr\/460\/9782754767460_1_m.jpg","thumbnail":"https:\/\/images.epagine.fr\/460\/9782754767460_1_v.jpg"},"orderable":true,"show_badge":true,"formatted_price":"14,50&nbsp;\u20ac","formatted_published_date":"23 avril 2024","publisher_availability_label":"Sur commande","short_details":"Philippe Froget \u2014 Editions du Panth\u00e9on","translator":null,"weight":142,"page_count":128,"readership":null,"editor":"Editions du Panth\u00e9on","price":1450,"published_date":"2024-04-22T22:00:00.000000Z","support":"Grand format","publisher_availability":1,"stock":0,"editions":[],"url":"https:\/\/quaidesbrumes.com\/ouvrage\/9782754767460\/le-portrait-de-la-dame-en-or"},{"id":"9789523906631","title":"Notre-Dame de Paris","description":"LE CH?UR DES PIERRES : Une histoire r\u00e9sonne plus particuli\u00e8rement en nous? C'est une histoire qui a pour lieu la cath\u00e9drale Notre-Dame de Paris? En 1482? Une histoire d'amour et de d\u00e9sir? En ce temps-l\u00e0, le sonneur de cloches de Notre-Dame s'appelait Quasimodo? C'\u00e9tait l'\u00e2me de la cath\u00e9drale? Quasimodo !? Quasimodo !? Quasimodo !?\r\nCette pi\u00e8ce est une r\u00e9\u00e9criture du c\u00e9l\u00e8bre roman Notre-Dame de Paris de Victor Hugo. La cath\u00e9drale Notre-Dame de Paris en est le personnage principal ; lors de l'incendie d'avril 2019, ses vieilles pierres s'animent pour nous raconter l'histoire d'Esm\u00e9ralda et de Quasimodo, et faire revivre, pour notre plus grand plaisir, la gracieuse danseuse gitane Esm\u00e9ralda, le sonneur de cloches bossu et boiteux Quasimodo, le s\u00e9duisant capitaine Phoebus, ainsi que l'inqui\u00e9tant archidiacre Claude Frollo?","authors":["Elisabeth Danjean"],"category_codes":["1000000","1080000"],"visuals":{"large":"https:\/\/images.epagine.fr\/631\/9789523906631_1_75.jpg","medium":"https:\/\/images.epagine.fr\/631\/9789523906631_1_m.jpg","thumbnail":"https:\/\/images.epagine.fr\/631\/9789523906631_1_v.jpg"},"orderable":true,"show_badge":true,"formatted_price":"12,00&nbsp;\u20ac","formatted_published_date":"13 avril 2024","publisher_availability_label":"Sur commande","short_details":"Elisabeth Danjean \u2014 Stylit","translator":null,"weight":92,"page_count":60,"readership":null,"editor":"Stylit","price":1200,"published_date":"2024-04-12T22:00:00.000000Z","support":"Grand format","publisher_availability":1,"stock":0,"editions":[],"url":"https:\/\/quaidesbrumes.com\/ouvrage\/9789523906631\/notre-dame-de-paris"},{"id":"9789523907102","title":"Un songe d'Ernest Cucchero","description":"\u00ab Les r\u00eaves ne mentent jamais ! \u00bb disait Fellini. Borges affirmait quant \u00e0 lui que \u00ab Le r\u00eave d'un homme est la m\u00e9moire de tous ! \u00bb\r\nUn Songe d'Ernest Cucchero, c'est le songe d'un \u00e9crivain qui rencontre dans la r\u00e9alit\u00e9 la jeune inconnue dont il vient de r\u00eaver. Comment ne pas \u00eatre boulevers\u00e9 par cette \u00e9trange co\u00efncidence ?\r\nErnest Cucchero n'a rien publi\u00e9 depuis dix ans. Ce matin, pourtant, Sarah Bellagio vient frapper \u00e0 sa porte. Elle est \u00e9tudiante et veut faire un master sur son oeuvre. Qui est-elle ?\r\nSans la conna\u00eetre, Ernest vient de r\u00eaver d'elle. Bloqu\u00e9 sans le savoir par les fant\u00f4mes du pass\u00e9, il va lui ouvrir la porte. Et si c'\u00e9tait elle, le vrai fant\u00f4me ? Celle qui allait lui permettre de reprendre le roman de sa vie ?\r\nCette histoire est celle d'une rencontre que la vie avait rendue impossible entre Ernest et Sarah. L'histoire de ce r\u00eave qui changea le cours de leurs vies.","authors":["Mathieu Buscatto"],"category_codes":["1000000","1080000"],"visuals":{"large":"https:\/\/images.epagine.fr\/102\/9789523907102_1_75.jpg","medium":"https:\/\/images.epagine.fr\/102\/9789523907102_1_m.jpg","thumbnail":"https:\/\/images.epagine.fr\/102\/9789523907102_1_v.jpg"},"orderable":true,"show_badge":true,"formatted_price":"12,00&nbsp;\u20ac","formatted_published_date":"31 mai 2024","publisher_availability_label":"Sur commande","short_details":"Mathieu Buscatto \u2014 Atramenta","translator":null,"weight":102,"page_count":68,"readership":null,"editor":"Atramenta","price":1200,"published_date":"2024-05-30T22:00:00.000000Z","support":"Grand format","publisher_availability":1,"stock":0,"editions":[],"url":"https:\/\/quaidesbrumes.com\/ouvrage\/9789523907102\/un-songe-dernest-cucchero"},{"id":"9791042446413","title":"Rien qu'une vie de papier : Fantaisie dramatique","description":"Et si, par un effet du hasard et de l'imagination, des personnages de fiction revendiquaient une vie propre s'affranchissant de celle que leur cr\u00e9ateur a pr\u00e9vue pour eux ? Et si, pour parvenir \u00e0 cette fin, ces h\u00e9ros et h\u00e9ro\u00efnes de th\u00e9\u00e2tre, roman ou BD, aussi c\u00e9l\u00e8bres qu'inattendus, s'emparaient des corps de com\u00e9diennes et de com\u00e9diens  avec la ferme intention de faire entendre leurs requ\u00eates ? Cela provoquerait sans doute des dialogues surprenants, peut-\u00eatre po\u00e9tiques ou humoristiques, sans doute d\u00e9concertants. Mais pour autant, parviendraient-ils \u00e0 convaincre ?","authors":["Roland Feuillas"],"category_codes":["1000000","1080000"],"visuals":{"large":"https:\/\/images.epagine.fr\/413\/9791042446413_1_75.jpg","medium":"https:\/\/images.epagine.fr\/413\/9791042446413_1_m.jpg","thumbnail":"https:\/\/images.epagine.fr\/413\/9791042446413_1_v.jpg"},"orderable":true,"show_badge":true,"formatted_price":"10,00&nbsp;\u20ac","formatted_published_date":"2 juillet 2024","publisher_availability_label":"Sur commande","short_details":"Roland Feuillas \u2014 BOOKELIS","translator":null,"weight":97,"page_count":96,"readership":null,"editor":"BOOKELIS","price":1000,"published_date":"2024-07-01T22:00:00.000000Z","support":"Grand format","publisher_availability":1,"stock":0,"editions":[],"url":"https:\/\/quaidesbrumes.com\/ouvrage\/9791042446413\/rien-quune-vie-de-papier-fantaisie-dramatique"},{"id":"9782754770262","title":"Jeux de guerre : 1942-1944","description":"Le r\u00e9cit met en lumi\u00e8re les exp\u00e9riences de deux jeunes Belges, Frans (16 ans) et Charles (19 ans), contraints de travailler dans un camp en France sous l'occupation allemande. Bien qu'ils partagent la m\u00eame \u00e9preuve, les deux protagonistes vivent cette p\u00e9riode de mani\u00e8re tr\u00e8s diff\u00e9rente, chacun en ressortant transform\u00e9.\r\n\r\n","authors":["Fran\u00e7oise Vanhee"],"category_codes":["1000000","1080000"],"visuals":{"large":"https:\/\/images.epagine.fr\/262\/9782754770262_1_75.jpg","medium":"https:\/\/images.epagine.fr\/262\/9782754770262_1_m.jpg","thumbnail":"https:\/\/images.epagine.fr\/262\/9782754770262_1_v.jpg"},"orderable":true,"show_badge":true,"formatted_price":"18,50&nbsp;\u20ac","formatted_published_date":"20 ao\u00fbt 2024","publisher_availability_label":"Sur commande","short_details":"Fran\u00e7oise Vanhee \u2014 Editions du Panth\u00e9on","translator":null,"weight":199,"page_count":184,"readership":null,"editor":"Editions du Panth\u00e9on","price":1850,"published_date":"2024-08-19T22:00:00.000000Z","support":"Grand format","publisher_availability":1,"stock":0,"editions":[],"url":"https:\/\/quaidesbrumes.com\/ouvrage\/9782754770262\/jeux-de-guerre-1942-1944"},{"id":"9782850713002","title":"La paesina ; Le h\u00eatre","description":"\u00ab MARGUERITE : Les r\u00eaves ? Une mati\u00e8re et un m\u00e9canisme pour aider chacun d'entre nous \u00e0 d\u00e9chiffrer son propre poly\u00e8dre. Un vecteur de transmission, une m\u00e9moire enfouie comme dans une tombe. Tu sais, ces lits de marbre, allong\u00e9s sous les arbres. \u00bb\r\nLa Paesina\r\n\r\n\u00ab \u00c0 bord du bus 58 se trouvent Phi, Aujourd'hui et Hier ; Demain embarque, s'assoit pr\u00e8s de Phi puis se ravise et s'assoit pr\u00e8s d'Aujourd'hui.\r\nDEMAIN, \u00e0 voix basse : Elle ne sent pas bon, la dame. \u00bb  \r\nLe h\u00eatre\r\n\r\nLa Paesina fut publi\u00e9e une premi\u00e8re fois en 2020. Elle est ici r\u00e9\u00e9dit\u00e9e avec Le H\u00eatre, un nouveau texte \u00e9crit pendant l'hiver 2023\/2024. Tous deux permettent \u00e0 l'auteur, bien que sous des formes narratives assez diff\u00e9rentes, une initiation fond\u00e9e sur les r\u00eaves pour la Paesina, et une fantasmagorie absurde et po\u00e9tique pour le H\u00eatre, de partager ses r\u00e9flexions sur le cours de la vie et ses fondements.  \r\n\r\nBeno\u00eet Lugan est auteur de romans, de recueils de nouvelles et de po\u00e9sie. Toutes formes \u00e0 l'aide desquelles, dans un style concis et figuratif, il s'attache toujours \u00e0 \u00e9veiller la r\u00eaverie de ses lecteurs autour d'une r\u00e9flexion m\u00e9taphysique.","authors":["Beno\u00eet Lugan"],"category_codes":["1000000","1080000"],"visuals":{"large":"https:\/\/images.epagine.fr\/002\/9782850713002_1_75.jpg","medium":"https:\/\/images.epagine.fr\/002\/9782850713002_1_m.jpg","thumbnail":"https:\/\/images.epagine.fr\/002\/9782850713002_1_v.jpg"},"orderable":true,"show_badge":true,"formatted_price":"15,00&nbsp;\u20ac","formatted_published_date":"15 septembre 2024","publisher_availability_label":"Sur commande","short_details":"Beno\u00eet Lugan \u2014 Cent Mille Milliards","translator":null,"weight":168,"page_count":186,"readership":null,"editor":"Cent Mille Milliards","price":1500,"published_date":"2024-09-14T22:00:00.000000Z","support":"Grand format","publisher_availability":1,"stock":0,"editions":[],"url":"https:\/\/quaidesbrumes.com\/ouvrage\/9782850713002\/la-paesina-le-hetre"},{"id":"9791022764452","title":"Bordeaux le 16 juin 1940 :  la rencontre P\u00e9tain-de Gaulle","description":"Le soir du 16 juin 1940, Philippe P\u00e9tain et Charles de Gaulle s\u00e9journent ensemble \u00e0 Bordeaux. Le mar\u00e9chal, qui a eu vent du d\u00e9part du g\u00e9n\u00e9ral de Gaulle pour Londres, pr\u00e9vu le lendemain matin, s'arrange pour le croiser \u00ab par hasard \u00bb. Comment la rencontre des deux hommes va-t-elle d\u00e9cider du sort de la France en ces jours terribles?","authors":["Jean-pierre Louise"],"category_codes":["1000000","1080000"],"visuals":{"large":"https:\/\/images.epagine.fr\/452\/9791022764452_1_75.jpg","medium":"https:\/\/images.epagine.fr\/452\/9791022764452_1_m.jpg","thumbnail":"https:\/\/images.epagine.fr\/452\/9791022764452_1_v.jpg"},"orderable":true,"show_badge":true,"formatted_price":"11,00&nbsp;\u20ac","formatted_published_date":"4 juin 2018","publisher_availability_label":"Sur commande","short_details":"Jean-pierre Louise \u2014 BOOKELIS","translator":null,"weight":78,"page_count":42,"readership":null,"editor":"BOOKELIS","price":1100,"published_date":"2018-06-03T22:00:00.000000Z","support":"Grand format","publisher_availability":1,"stock":0,"editions":[],"url":"https:\/\/quaidesbrumes.com\/ouvrage\/9791022764452\/bordeaux-le-16-juin-1940-la-rencontre-petain-de-gaulle"},{"id":"9782296013278","title":"La petite demoiselle & autres textes","description":"\"La Petite Demoiselle est dans sa chambre, dans les \u00e9claboussures de ses petites histoires. Elle regarde par la fen\u00eatre l'anatomie du paysage. Plusieurs tours d'habitation se vident et se remplissent.\" Ce \"recueil de th\u00e9\u00e2tre\" appartient aux engrenages secrets de la vie d'un quartier. Quelques personnages se sont appropri\u00e9 certains fragments de journ\u00e9es, de semaines, de mois, et tentent de s'y glisser pour trouver raison de vivre avant de s'effacer.","authors":["Jacques Bioules"],"category_codes":["1000000","1080000"],"visuals":{"large":"https:\/\/images.epagine.fr\/278\/9782296013278_1_75.jpg","medium":"https:\/\/images.epagine.fr\/278\/9782296013278_1_m.jpg","thumbnail":"https:\/\/images.epagine.fr\/278\/9782296013278_1_v.jpg"},"orderable":true,"show_badge":true,"formatted_price":"27,50&nbsp;\u20ac","formatted_published_date":"2 septembre 2006","publisher_availability_label":"Sur commande","short_details":"Jacques Bioules \u2014 \u00c9ditions L'Harmattan","translator":null,"weight":330,"page_count":296,"readership":null,"editor":"\u00c9ditions L'Harmattan","price":2750,"published_date":"2006-09-01T22:00:00.000000Z","support":"Grand format","publisher_availability":1,"stock":0,"editions":[],"url":"https:\/\/quaidesbrumes.com\/ouvrage\/9782296013278\/la-petite-demoiselle-autres-textes"},{"id":"9782310017831","title":"La destruction du temple","description":"Titus pressentait-il que la destruction du Temple de J\u00e9rusalem aurait des cons\u00e9quences si importantes qu'elles favoriseraient l'av\u00e8nement du christianisme et, \u00e0 terme, entra\u00eeneraient la fin de la \u00ab religio \u00bb romaine ? En 69 ap. J.-C., un drame se noue entre les acteurs de cet \u00e9v\u00e8nement majeur de l'histoire de notre civilisation : B\u00e9r\u00e9nice, ador\u00e9e de Titus, arrivera-t-elle \u00e0 sauver la ville et le Temple ou choisira-t-elle de mourir avec son peuple ? Flavius Jos\u00e8phe, traitre pour les Juifs, arrivera-t-il \u00e0 les convaincre de se rendre et de sauver le Temple ? Les assi\u00e9g\u00e9s choisiront-ils de vivre dans le d\u00e9shonneur, de mourir pour leur cause, ou de s'entretuer pour sauver leurs vies et leurs biens ? Les nouveaux chr\u00e9tiens viendront-ils en aide aux assi\u00e9g\u00e9s ou se d\u00e9sint\u00e9resseront-ils de la destruction du Temple ? Cette pi\u00e8ce met en sc\u00e8ne les principaux personnages de ce drame historique, amen\u00e9s \u00e0 choisir entre leur mission et leur conscience, alternative permanente de tous les temps.","authors":["Michel Laury"],"category_codes":["1000000","1080000"],"visuals":{"large":"https:\/\/images.epagine.fr\/831\/9782310017831_1_75.jpg","medium":"https:\/\/images.epagine.fr\/831\/9782310017831_1_m.jpg","thumbnail":"https:\/\/images.epagine.fr\/831\/9782310017831_1_v.jpg"},"orderable":true,"show_badge":true,"formatted_price":"10,00&nbsp;\u20ac","formatted_published_date":"26 mai 2014","publisher_availability_label":"Sur commande","short_details":"Michel Laury \u2014 Amalthee","translator":null,"weight":94,"page_count":68,"readership":null,"editor":"Amalthee","price":1000,"published_date":"2014-05-25T22:00:00.000000Z","support":"Grand format","publisher_availability":1,"stock":0,"editions":[],"url":"https:\/\/quaidesbrumes.com\/ouvrage\/9782310017831\/la-destruction-du-temple"},{"id":"9782754731560","title":"Ultime conviction","description":"Un pr\u00e9sident, un procureur et un avocat de la d\u00e9fense se font enfermer dans une salle d'audience par un myst\u00e9rieux individu qui les oblige \u00e0 rejouer un proc\u00e8s vieux de plus de 20 ans. D\u00e9contenanc\u00e9s, les trois hommes de Justice n'ont d'autres choix que de se prendre au jeu et d\u00e9lib\u00e8rent : coupable ou innocent ? Philippe Froget est avocat g\u00e9n\u00e9raliste. Confront\u00e9 chaque jour de sa vie professionnelle aux difficult\u00e9s et grandeurs de notre Justice, il a toujours \u00e9t\u00e9 passionn\u00e9 par l'\u00e9tude des relations humaines au sein de cette institution, et par l'analyse des cons\u00e9quences des jugements de quelques hommes sur la vie des autres. Il est d\u00e9j\u00e0 l'auteur de Foutue Guerre, une premi\u00e8re pi\u00e8ce de th\u00e9\u00e2tre sur la Guerre de 14-18 parue en 2015 aux \u00c9ditions du Panth\u00e9on. Philippe Froget est avocat g\u00e9n\u00e9raliste. Confront\u00e9 chaque jour de sa vie professionnelle aux difficult\u00e9s et grandeurs de notre Justice, il a toujours \u00e9t\u00e9 passionn\u00e9 par l'\u00e9tude des relations humaines au sein de cette institution, et par l'analyse des cons\u00e9quences des jugements de quelques hommes sur la vie des autres. Il est d\u00e9j\u00e0 l'auteur de Foutue Guerre, une premi\u00e8re pi\u00e8ce de th\u00e9\u00e2tre sur la Guerre de 14-18 parue en 2015 aux \u00c9ditions du Panth\u00e9on.","authors":["Philippe Froget"],"category_codes":["1000000","1080000"],"visuals":{"large":"https:\/\/images.epagine.fr\/560\/9782754731560_1_75.jpg","medium":"https:\/\/images.epagine.fr\/560\/9782754731560_1_m.jpg","thumbnail":"https:\/\/images.epagine.fr\/560\/9782754731560_1_v.jpg"},"orderable":true,"show_badge":true,"formatted_price":"13,90&nbsp;\u20ac","formatted_published_date":"24 juin 2016","publisher_availability_label":"Sur commande","short_details":"Philippe Froget \u2014 Editions du Panth\u00e9on","translator":null,"weight":142,"page_count":128,"readership":null,"editor":"Editions du Panth\u00e9on","price":1390,"published_date":"2016-06-23T22:00:00.000000Z","support":"Grand format","publisher_availability":1,"stock":0,"editions":[],"url":"https:\/\/quaidesbrumes.com\/ouvrage\/9782754731560\/ultime-conviction"},{"id":"9782336007090","title":"Moli\u00e8re et moi","description":"\"L'id\u00e9e, simple, est qu'un acteur, Brisa lui-m\u00eame, interroge son ma\u00eetre Moli\u00e8re (et c'est encore Brisa) sur sa vie, ses pi\u00e8ces, ses rapports avec les femmes, avec le roi, avec son temps, avec la nature humaine. Fa\u00e7on \u00e9l\u00e9gante et vivante de revisiter son classique, sans lourdeur ni p\u00e9danterie, avec un bonheur d'\u00e9criture qui ne se d\u00e9ment pas. Au centre, un fauteuil, celui de Moli\u00e8re ; \u00e0 c\u00f4t\u00e9, un tabouret, celui du com\u00e9dien. Moli\u00e8re analyste de lui-m\u00eame : l'exercice est p\u00e9rilleux ; il est r\u00e9ussi.\" (Jean Serroy, Le Dauphin\u00e9 Lib\u00e9r\u00e9, 06\/03\/2009)","authors":["Jean-vincent Brisa"],"category_codes":["1000000","1080000"],"visuals":{"large":"https:\/\/images.epagine.fr\/090\/9782336007090_1_75.jpg","medium":"https:\/\/images.epagine.fr\/090\/9782336007090_1_m.jpg","thumbnail":"https:\/\/images.epagine.fr\/090\/9782336007090_1_v.jpg"},"orderable":true,"show_badge":true,"formatted_price":"10,00&nbsp;\u20ac","formatted_published_date":"5 f\u00e9vrier 2013","publisher_availability_label":"Sur commande","short_details":"Jean-vincent Brisa \u2014 \u00c9ditions L'Harmattan","translator":null,"weight":80,"page_count":54,"readership":null,"editor":"\u00c9ditions L'Harmattan","price":1000,"published_date":"2013-02-04T23:00:00.000000Z","support":"Grand format","publisher_availability":1,"stock":0,"editions":[],"url":"https:\/\/quaidesbrumes.com\/ouvrage\/9782336007090\/moliere-et-moi"},{"id":"9791022718509","title":"Amant de la duchesse de Sancy","description":"GEORGES \u00c9LOI: Il se plonge dans le texte de la pi\u00e8ce et fait ses commentaires: Quelle pi\u00e8ce ! Toujours amorale, souvent immorale, jamais contre la morale ! Une trag\u00e9die sans crime et sans souffrance o\u00f9 tout le monde aime tout le monde !","authors":["Patrick Paitel"],"category_codes":["1000000","1080000"],"visuals":{"large":"https:\/\/images.epagine.fr\/509\/9791022718509_1_75.jpg","medium":"https:\/\/images.epagine.fr\/509\/9791022718509_1_m.jpg","thumbnail":"https:\/\/images.epagine.fr\/509\/9791022718509_1_v.jpg"},"orderable":true,"show_badge":true,"formatted_price":"10,00&nbsp;\u20ac","formatted_published_date":"26 ao\u00fbt 2015","publisher_availability_label":"Sur commande","short_details":"Patrick Paitel \u2014 BOOKELIS","translator":null,"weight":140,"page_count":106,"readership":null,"editor":"BOOKELIS","price":1000,"published_date":"2015-08-25T22:00:00.000000Z","support":"Grand format","publisher_availability":1,"stock":0,"editions":[],"url":"https:\/\/quaidesbrumes.com\/ouvrage\/9791022718509\/amant-de-la-duchesse-de-sancy"},{"id":"9791042804169","title":"Lavomatic","description":"Lavomatic, c'est l'histoire d'un laveur de machines \u00e0 laver qui cherche du feu dans une laverie. Lavomatic, c'est aussi l'histoire d'une femme affubl\u00e9e d'un pr\u00e9nom ridicule qui pousse un caddie comme on pousse sa vie vers un pr\u00e9cipice, c'est l'histoire d'une coiffeuse qui accouche, c'est l'histoire d'un enfant qui voudrait bien montrer sa carte de cantine, c'est l'histoire d'un capitaine bien d\u00e9cid\u00e9 \u00e0 gagner la guerre, c'est l'histoire de Steak Hach\u00e9 et Frangipane, deux soldats qui n'en finissent pas de mourir et de deux faux jumeaux qui n'en finissent pas, eux, de na\u00eetre. Lavomatic, c'est surtout l'histoire de la vengeance de Purple Magoose contre l'inf\u00e2me Bermuda Joe. \r\nEn fait, Lavomatic, c'est plein d'histoires qui se m\u00e9langent un peu pour, \u00e0 la fin, donner du kaki et poser la seule vraie question qui vaille, \u00e0 savoir pourquoi imb\u00e9cilit\u00e9 ne prend qu'un \u00ab l \u00bb alors qu'intelligence en prend deux. Lavomatic, c'est tout \u00e7a et bien plus encore quand on y pense !","authors":["Christophe Le Nest"],"category_codes":["1000000","1080000"],"visuals":{"large":"https:\/\/images.epagine.fr\/169\/9791042804169_1_75.jpg","medium":"https:\/\/images.epagine.fr\/169\/9791042804169_1_m.jpg","thumbnail":"https:\/\/images.epagine.fr\/169\/9791042804169_1_v.jpg"},"orderable":true,"show_badge":true,"formatted_price":"13,00&nbsp;\u20ac","formatted_published_date":"27 d\u00e9cembre 2024","publisher_availability_label":"Sur commande","short_details":"Christophe Le Nest \u2014 LES IMPLIQUES","translator":null,"weight":123,"page_count":100,"readership":null,"editor":"LES IMPLIQUES","price":1300,"published_date":"2024-12-26T23:00:00.000000Z","support":"Grand format","publisher_availability":1,"stock":0,"editions":[],"url":"https:\/\/quaidesbrumes.com\/ouvrage\/9791042804169\/lavomatic"},{"id":"9791022744584","title":"Lucien","description":"Lucien est une libre interpr\u00e9tation d'un r\u00e9cit authentique : L'histoire de Lucien, racont\u00e9 dans un ouvrage d'Armand de Soto : \"Accompagner l'enfant incasable et sa famille\" (Ed. Chronique Sociale). \r\nIl \u00e9voque le parcours chaotique d'un enfant qui l'a conduit \u00e0 des exc\u00e8s, des perversions, entra\u00eenant dans son sillage toute sa famille et au-del\u00e0 tous les syst\u00e8mes \u00e9ducatifs et judiciaires.\r\nLes personnages de Lucien sont imaginaires mais ils s'inspirent de personnes r\u00e9elles notamment dans les propos rapport\u00e9s au cours de s\u00e9ances de th\u00e9rapie familiale.\r\nCette pi\u00e8ce de th\u00e9\u00e2tre s'adresse aussi bien aux adultes qu'aux enfants en \u00e2ge de comprendre les situations \u00e9voqu\u00e9es. Les \"h\u00e9ros\" de cette histoire ont entre 9 et 11 ans, et le traitement onirique de certaines sc\u00e8nes constitue un r\u00e9cit m\u00e9taphorique qui permet de mieux comprendre les enjeux de la situation.","authors":["Roland Feuillas"],"category_codes":["1000000","1080000"],"visuals":{"large":"https:\/\/images.epagine.fr\/584\/9791022744584_1_75.jpg","medium":"https:\/\/images.epagine.fr\/584\/9791022744584_1_m.jpg","thumbnail":"https:\/\/images.epagine.fr\/584\/9791022744584_1_v.jpg"},"orderable":true,"show_badge":true,"formatted_price":"8,50&nbsp;\u20ac","formatted_published_date":"29 juin 2016","publisher_availability_label":"Sur commande","short_details":"Roland Feuillas \u2014 BOOKELIS","translator":null,"weight":92,"page_count":92,"readership":null,"editor":"BOOKELIS","price":850,"published_date":"2016-06-28T22:00:00.000000Z","support":"Grand format","publisher_availability":1,"stock":0,"editions":[],"url":"https:\/\/quaidesbrumes.com\/ouvrage\/9791022744584\/lucien"},{"id":"9791022745666","title":"Julie","description":"Julie est une libre interpr\u00e9tation d'un r\u00e9cit authentique : \"l'histoire de Julie\" racont\u00e9e dans l'ouvrage d'Armand de Soto, \"Accompagner l'enfant incasable et sa famille\". Comme \"Lucien\" et \"Johnny\", il \u00e9voque le parcours chaotique d'une enfant de 11 ans qui l'a conduit \u00e0 des exc\u00e8s, des perversions entra\u00eenant dans son sillage toute sa famille et au-del\u00e0, toutes les institutions \u00e9ducatives et judiciaires. Les personnages de \"Julie\" sont imaginaires mais ils s'inspirent de personnes r\u00e9elles, notamment dans les propos rapport\u00e9s au cours de s\u00e9ances de th\u00e9rapie familiale. \"Julie\" s'adresse aussi bien aux adultes qu'aux enfants en \u00e2ge de comprendre les situations \u00e9voqu\u00e9es.","authors":["Roland Feuillas"],"category_codes":["1000000","1080000"],"visuals":{"large":"https:\/\/images.epagine.fr\/666\/9791022745666_1_75.jpg","medium":"https:\/\/images.epagine.fr\/666\/9791022745666_1_m.jpg","thumbnail":"https:\/\/images.epagine.fr\/666\/9791022745666_1_v.jpg"},"orderable":true,"show_badge":true,"formatted_price":"8,50&nbsp;\u20ac","formatted_published_date":"6 juillet 2016","publisher_availability_label":"Sur commande","short_details":"Roland Feuillas \u2014 BOOKELIS","translator":null,"weight":98,"page_count":100,"readership":null,"editor":"BOOKELIS","price":850,"published_date":"2016-07-05T22:00:00.000000Z","support":"Grand format","publisher_availability":1,"stock":0,"editions":[],"url":"https:\/\/quaidesbrumes.com\/ouvrage\/9791022745666\/julie"},{"id":"9791026263609","title":"Lothel","description":"Nous sommes comme des papillons de nuit. Quand l'obscurit\u00e9 tombe, nous nous dirigeons vers la source lumineuse la plus proche. Les clients de l'h\u00f4tel convergent vers les n\u00e9ons rassurants de LOTHEL, \u00e0 la recherche d'un refuge. Une fois dans l'intimit\u00e9 de leur chambre, ont-ils vraiment \u00e9chapp\u00e9 aux t\u00e9n\u00e8bres ?","authors":["St\u00e9phane Pellot"],"category_codes":["1000000","1080000"],"visuals":{"large":"https:\/\/images.epagine.fr\/609\/9791026263609_1_75.jpg","medium":"https:\/\/images.epagine.fr\/609\/9791026263609_1_m.jpg","thumbnail":"https:\/\/images.epagine.fr\/609\/9791026263609_1_v.jpg"},"orderable":true,"show_badge":true,"formatted_price":"12,90&nbsp;\u20ac","formatted_published_date":"22 septembre 2020","publisher_availability_label":"Sur commande","short_details":"St\u00e9phane Pellot \u2014 Librinova","translator":null,"weight":301,"page_count":107,"readership":null,"editor":"Librinova","price":1290,"published_date":"2020-09-21T22:00:00.000000Z","support":"Grand format","publisher_availability":1,"stock":0,"editions":[],"url":"https:\/\/quaidesbrumes.com\/ouvrage\/9791026263609\/lothel"},{"id":"9782754737968","title":"Les \u00e2mes soeurs aux lunes de s\u00e8ve","description":"Cette pi\u00e8ce de th\u00e9\u00e2tre conte l'histoire de deux \u00eatres destin\u00e9s l'un \u00e0 l'autre. J\u00e9r\u00e9mie, un jeune homme solitaire et \u00e9teint n\u00e9 \u00e0 Paris et Juanita, une jeune femme enjou\u00e9e et \u00e9panouie n\u00e9e \u00e0 la Martinique. L'un se questionne sur l'existence de l'\u00e2me soeur, l'autre n'y a jamais vraiment song\u00e9. Seulement il est temps. Arriv\u00e9s tous deux \u00e0 la fleur de l'\u00e2ge, les interrogations se bousculent et les parents de Juanita ont la ferme intention de marier leur fille. Dans un style d\u00e9licat, l'auteur nous emporte ainsi au coeur des obstacles, des infortunes et plus que jamais de l'attachement de deux personnes pr\u00eates \u00e0 vivre pleinement leur destin\u00e9e. Alors que leurs \u00e9toiles semblaient contraires, la vie va pourtant les amener \u00e0 se rencontrer. De l\u00e0, na\u00eetra une passion amoureuse repr\u00e9sentative de toute l'\u00e9nergie enfouie en eux.","authors":["Junia No\u00ebl"],"category_codes":["1000000","1080000"],"visuals":{"large":"https:\/\/images.epagine.fr\/968\/9782754737968_1_75.jpg","medium":"https:\/\/images.epagine.fr\/968\/9782754737968_1_m.jpg","thumbnail":"https:\/\/images.epagine.fr\/968\/9782754737968_1_v.jpg"},"orderable":true,"show_badge":true,"formatted_price":"13,90&nbsp;\u20ac","formatted_published_date":"22 septembre 2017","publisher_availability_label":"Sur commande","short_details":"Junia No\u00ebl \u2014 Editions du Panth\u00e9on","translator":null,"weight":150,"page_count":136,"readership":null,"editor":"Editions du Panth\u00e9on","price":1390,"published_date":"2017-09-21T22:00:00.000000Z","support":"Grand format","publisher_availability":1,"stock":0,"editions":[],"url":"https:\/\/quaidesbrumes.com\/ouvrage\/9782754737968\/les-ames-soeurs-aux-lunes-de-seve"}]}