{"data":[{"id":"9782363922496","title":"Les pigeonniers de gambetta","description":null,"authors":["Patrick Davous"],"category_codes":["1000000","1060000"],"visuals":{"large":"https:\/\/quaidesbrumes.com\/img\/book-placeholder.png","medium":"https:\/\/quaidesbrumes.com\/img\/book-placeholder.png","thumbnail":"https:\/\/quaidesbrumes.com\/img\/book-placeholder.png"},"orderable":true,"show_badge":true,"formatted_price":"22,00&nbsp;\u20ac","formatted_published_date":"10 octobre 2017","publisher_availability_label":"Sur commande","short_details":"Patrick Davous \u2014 Ovadia","translator":null,"weight":483,"page_count":null,"readership":null,"editor":"Ovadia","price":2200,"published_date":"2017-10-09T22:00:00.000000Z","support":"Grand format","publisher_availability":1,"stock":0,"editions":[],"url":"https:\/\/quaidesbrumes.com\/ouvrage\/9782363922496\/les-pigeonniers-de-gambetta"},{"id":"9782363450296","title":"H\u00e9liopolis, sourires de villes solaires","description":"Cet ouvrage est le troisi\u00e8me recueil de l'auteur d'origine ath\u00e9nienne. T\u00e9moignage d'un parcours personnel et professionnel original l'\u00e9criture de Voula...","authors":["Voula p. Mega"],"category_codes":["1000000","1060000","1060300"],"visuals":{"large":"https:\/\/images.epagine.fr\/296\/9782363450296_1_75.jpg","medium":"https:\/\/images.epagine.fr\/296\/9782363450296_1_m.jpg","thumbnail":"https:\/\/images.epagine.fr\/296\/9782363450296_1_v.jpg"},"orderable":true,"show_badge":true,"formatted_price":"16,00&nbsp;\u20ac","formatted_published_date":"7 mai 2013","publisher_availability_label":"Sur commande","short_details":"Voula p. Mega \u2014 H Diffusion","translator":null,"weight":100,"page_count":94,"readership":null,"editor":"H Diffusion","price":1600,"published_date":"2013-05-06T22:00:00.000000Z","support":"Grand format","publisher_availability":1,"stock":0,"editions":[],"url":"https:\/\/quaidesbrumes.com\/ouvrage\/9782363450296\/heliopolis-sourires-de-villes-solaires"},{"id":"9782829002670","title":"Oh si j'\u00e9tais libre ! journal d'une adolecente vaudoise, 1885-1896","description":"Le 21 mai 1885, une \u00e9coli\u00e8re de Vallorbe \u00e2g\u00e9e d'une douzaine d'ann\u00e9es fait l'acquisition d'un cahier lign\u00e9. En haut de la premi\u00e8re page, elle inscrit d'une belle \u00e9criture d'\u00e9l\u00e8ve appliqu\u00e9e: \u00abN\u00b0 1 Journal \u00e0 Lucy Maillefer\u00bb. C'est ainsi que la fille a\u00een\u00e9e d'un artisan local, Charles (Louis) Maillefer, qui fondera une dynastie d'industriels, commence un journal intime qu'elle va tenir durant vingt-quatre ann\u00e9es, de Vallorbe \u00e0 Ollon et Fribourg puis en Allemagne. Lucy ne sait pas encore qu'il va \u00eatre pour elle le confident des ann\u00e9es les plus importantes de sa vie, celles du passage de l'enfance \u00e0 l'\u00e2ge adulte. Elle partage la dure vie de ses parents, aidant sa m\u00e8re dans les t\u00e2ches de m\u00e9nage et dans l'\u00e9ducation de ses cinq fr\u00e8res et soeurs. La famille traverse des ann\u00e9es sem\u00e9es d'emb\u00fbches dont Lucy tient la liste pr\u00e9cise, trouvant l'\u00e9vasion dans les souvenirs de l'enfance et dans la nature.\r\nAvec ses hauts et ses bas, la vie de Lucy telle qu'elle la raconte sans fard \u00e0 son journal nous toucherait moins si cette narration d'une jeune femme de la fin du XIXesi\u00e8cle n'\u00e9tait pas color\u00e9e par une perspicacit\u00e9 et une insatiable curiosit\u00e9 qui en font un document particuli\u00e8rement prenant.","authors":["Lucy Maillefer"],"category_codes":["1000000","1060000","1060100"],"visuals":{"large":"https:\/\/images.epagine.fr\/670\/9782829002670_1_75.jpg","medium":"https:\/\/images.epagine.fr\/670\/9782829002670_1_m.jpg","thumbnail":"https:\/\/images.epagine.fr\/670\/9782829002670_1_v.jpg"},"orderable":true,"show_badge":true,"formatted_price":"28,00&nbsp;\u20ac","formatted_published_date":"1er janvier 2000","publisher_availability_label":"Sur commande","short_details":"Lucy Maillefer \u2014 D'En Bas","translator":null,"weight":350,"page_count":368,"readership":null,"editor":"D'En Bas","price":2800,"published_date":"1999-12-31T23:00:00.000000Z","support":"Grand format","publisher_availability":1,"stock":0,"editions":[],"url":"https:\/\/quaidesbrumes.com\/ouvrage\/9782829002670\/oh-si-jetais-libre-journal-dune-adolecente-vaudoise-1885-1896"},{"id":"9782812709197","title":"La magie du ficus","description":null,"authors":["Antoinet Maux-Robert"],"category_codes":["1000000","1060000","1060300"],"visuals":{"large":"https:\/\/quaidesbrumes.com\/img\/book-placeholder.png","medium":"https:\/\/quaidesbrumes.com\/img\/book-placeholder.png","thumbnail":"https:\/\/quaidesbrumes.com\/img\/book-placeholder.png"},"orderable":true,"show_badge":true,"formatted_price":"20,00&nbsp;\u20ac","formatted_published_date":"20 octobre 2017","publisher_availability_label":"Sur commande","short_details":"Antoinet Maux-Robert \u2014 Presses Du Midi","translator":null,"weight":347,"page_count":null,"readership":null,"editor":"Presses Du Midi","price":2000,"published_date":"2017-10-19T22:00:00.000000Z","support":"Grand format","publisher_availability":1,"stock":0,"editions":[],"url":"https:\/\/quaidesbrumes.com\/ouvrage\/9782812709197\/la-magie-du-ficus"},{"id":"9782890928602","title":"Survivante d'exploitation sexuelle ; se sortir de l'enfer des gangs de rue","description":"Agis ou cr\u00e8ve !\r\n\r\n\u00ab Le gang que je consid\u00e8re comme mes grands fr\u00e8res, mes protecteurs, ne cesse de me r\u00e9p\u00e9ter sa r\u00e8gle : Agis ou cr\u00e8ve. J'estime que je fais partie du groupe, du moins jusqu'\u00e0 ce soir...\r\n\r\nEncore et encore, je me dirige vers les isoloirs, client apr\u00e8s client, entre une ligne et un quart de gramme. Un automatisme, c'est \u00e7a ma vie.\r\n\r\nJe sens qu'il va arriver quelque chose, mais je ne sais pas quoi. Comme j'ai \u00e9t\u00e9 form\u00e9e \u00e0 r\u00e9pondre aux exigences des hommes, mon corps fait ce qu'ils veulent, mais ma t\u00eate, elle, n'y est pas. Je sens que mes jours sont compt\u00e9s et que je dois faire un choix, pour moi, pour mon fils. \u00bb Dans cet ouvrage M\u00e9lanie nous raconte son histoire, bouleversante, mais surtout inspirante. Celle d'une survivante de la traite humaine \u00e0 des fins d'exploitation sexuelle qui, malgr\u00e9 l'ampleur du r\u00e9seau des gangs de rue, r\u00e9ussit \u00e0 s'en sortir.\r\n\r\n\u00ab Aujourd'hui, je vis MA vie, et c'est mon pass\u00e9 qui m'a model\u00e9e afin que je devienne la femme que je suis. J'esp\u00e8re de tout coeur que mon t\u00e9moignage et mon engagement sauront en aider d'autres... \u00bb.\r\nM\u00e9lanie Carpentier","authors":["M\u00e9lanie Carpentier"],"category_codes":["1000000","1060000","1060300","1060310"],"visuals":{"large":"https:\/\/images.epagine.fr\/602\/9782890928602_1_75.jpg","medium":"https:\/\/images.epagine.fr\/602\/9782890928602_1_m.jpg","thumbnail":"https:\/\/images.epagine.fr\/602\/9782890928602_1_v.jpg"},"orderable":true,"show_badge":true,"formatted_price":"22,00&nbsp;\u20ac","formatted_published_date":"23 octobre 2017","publisher_availability_label":"Sur commande","short_details":"M\u00e9lanie Carpentier \u2014 Beliveau","translator":null,"weight":552,"page_count":326,"readership":null,"editor":"Beliveau","price":2200,"published_date":"2017-10-22T22:00:00.000000Z","support":"Grand format","publisher_availability":1,"stock":0,"editions":[],"url":"https:\/\/quaidesbrumes.com\/ouvrage\/9782890928602\/survivante-dexploitation-sexuelle-se-sortir-de-lenfer-des-gangs-de-rue"},{"id":"9782343125541","title":"En r\u00e9sistance d'un continent \u00e0 l'autre ; m\u00e9moires","description":"L'auteur donne \u00e0 lire dans ses m\u00e9moires son compte-rendu des \u00e9poques qu'il a travers\u00e9 et d'un monde qui a disparu... Se souvenir pour \u00e9crire un r\u00e9cit universel sur une vie singuli\u00e8re et survivre ainsi \u00e0 13 mois d'emprisonnement politique en 1969 \u00e0 Sao Paulo. Vivre et changer de milieu social, de continent, de langue et n\u00e9anmoins, dans sa langue maternelle, ouvrir le carnet de ses exp\u00e9riences, de ses r\u00e9ussites et de ses combats.","authors":["Jacques Breyton"],"category_codes":["1000000","1060000"],"visuals":{"large":"https:\/\/images.epagine.fr\/541\/9782343125541_1_75.jpg","medium":"https:\/\/images.epagine.fr\/541\/9782343125541_1_m.jpg","thumbnail":"https:\/\/images.epagine.fr\/541\/9782343125541_1_v.jpg"},"orderable":true,"show_badge":true,"formatted_price":"23,00&nbsp;\u20ac","formatted_published_date":"8 d\u00e9cembre 2017","publisher_availability_label":"Sur commande","short_details":"Jacques Breyton \u2014 LES IMPLIQUES","translator":null,"weight":590,"page_count":238,"readership":null,"editor":"LES IMPLIQUES","price":2300,"published_date":"2017-12-07T23:00:00.000000Z","support":"Grand format","publisher_availability":1,"stock":0,"editions":[],"url":"https:\/\/quaidesbrumes.com\/ouvrage\/9782343125541\/en-resistance-dun-continent-a-lautre-memoires"},{"id":"9782343136547","title":"Ils ont os\u00e9 r\u00e9ussir ; t\u00e9moignages singuliers","description":"C'est quoi la r\u00e9ussite dans le fond ? Y a-t-il une voie unique ? Des mod\u00e8les efficaces, des recettes ? Quelles sont nos chances de r\u00e9ussir ? Les auteures expertes en ressources humaines enqu\u00eatent aupr\u00e8s de femmes et d'hommes d'horizons diff\u00e9rents, qui ont r\u00e9ussi selon des sch\u00e9mas personnels. Et si j'osais, moi aussi, r\u00e9ussir \u00e0 ma mani\u00e8re ?","authors":["Evelyne Chabrot","B\u00e9n\u00e9dicte de Cibon"],"category_codes":["1000000","1060000"],"visuals":{"large":"https:\/\/images.epagine.fr\/547\/9782343136547_1_75.jpg","medium":"https:\/\/images.epagine.fr\/547\/9782343136547_1_m.jpg","thumbnail":"https:\/\/images.epagine.fr\/547\/9782343136547_1_v.jpg"},"orderable":true,"show_badge":true,"formatted_price":"16,50&nbsp;\u20ac","formatted_published_date":"8 d\u00e9cembre 2017","publisher_availability_label":"Sur commande","short_details":"Evelyne Chabrot, B\u00e9n\u00e9dicte de Cibon \u2014 \u00c9ditions L'Harmattan","translator":null,"weight":180,"page_count":142,"readership":null,"editor":"\u00c9ditions L'Harmattan","price":1650,"published_date":"2017-12-07T23:00:00.000000Z","support":"Grand format","publisher_availability":1,"stock":0,"editions":[],"url":"https:\/\/quaidesbrumes.com\/ouvrage\/9782343136547\/ils-ont-ose-reussir-temoignages-singuliers"},{"id":"9782356826664","title":"Ma ch\u00e8re Marie-Th\u00e9r\u00e8se ; journal du front 1914-1917 et correspondances","description":"Georges Hippolyte, lieutenant au 38e\u00a0r\u00e9giment d'artillerie, passe 37 mois sur le front entre 1914 et 1917. Si lui-m\u00eame en revient, son fr\u00e8re Fernand perdra la vie au cours de l'offensive de la Somme en juillet 1916. Les m\u00e9moires et correspondances qu'il a laiss\u00e9s \u00e0 ses descendants nous rappellent que des hommes ont v\u00e9cu dans l'enfer de cette guerre, que des millions de combattants sont morts sur les champs de bataille ou sont rentr\u00e9s mutil\u00e9s ou rendus fous par ce qu'ils ont v\u00e9cu sur le front. Ma ch\u00e8re Marie-Th\u00e9r\u00e8se t\u00e9moigne de cette p\u00e9riode tragique de notre histoire et contribue \u00e0 faire en sorte qu'elle ne se reproduise pas.","authors":["Sylvie Hippolyte"],"category_codes":["1000000","1060000","1060300","1060311"],"visuals":{"large":"https:\/\/images.epagine.fr\/664\/9782356826664_1_75.jpg","medium":"https:\/\/images.epagine.fr\/664\/9782356826664_1_m.jpg","thumbnail":"https:\/\/images.epagine.fr\/664\/9782356826664_1_v.jpg"},"orderable":true,"show_badge":true,"formatted_price":"15,00&nbsp;\u20ac","formatted_published_date":"24 janvier 2018","publisher_availability_label":"Sur commande","short_details":"Sylvie Hippolyte \u2014 Sylvie Hippolyte","translator":null,"weight":680,"page_count":440,"readership":null,"editor":"Sylvie Hippolyte","price":1500,"published_date":"2018-01-23T23:00:00.000000Z","support":"Grand format","publisher_availability":1,"stock":0,"editions":[],"url":"https:\/\/quaidesbrumes.com\/ouvrage\/9782356826664\/ma-chere-marie-therese-journal-du-front-1914-1917-et-correspondances"},{"id":"9791096955039","title":"Dialogue avec Pierre Bellemare : la voix, le regard, l'objet de collection","description":"\u00c0 l'ombre des vieilles pierres d'une maison baign\u00e9e par le soleil de Dordogne, sous l'oeil bleut\u00e9 des paons qui montent une garde tranquille, vibre une voix reconnaissable entre toutes. Envelopp\u00e9 par son timbre extraordinaire, Philippe Bouret, psychanalyste et cueilleur de confidences, franchit le seuil d'une m\u00e9moire inestimable et nous entra\u00eene avec lui dans l'intimit\u00e9 de l'inimitable Pierre Bellemare. Ainsi se dessine une conversation aux multiples voix r\u00e9pondant \u00e0 celle de Philippe Bouret, qui par ses interrogations r\u00e9veille tour \u00e0 tour l'enfant et ses cauchemars, la l\u00e9gende de la radio et de la t\u00e9l\u00e9vision ou encore le collectionneur fac\u00e9tieux...\r\nEsquissant avec d\u00e9licatesse au fil des souvenirs le portrait d'une \u00e2me sensible qui vit chacune des histoires qu'elle partage, le dialogue entre ces deux figures de la parole que sont le conteur et l'analyste interroge, au-del\u00e0 d'un chemin de vie singulier, le pouvoir de la voix et de la transmission qu'elle porte en elle.","authors":["Philippe Bouret"],"category_codes":["1000000","1060000","1060300"],"visuals":{"large":"https:\/\/images.epagine.fr\/039\/9791096955039_1_75.jpg","medium":"https:\/\/images.epagine.fr\/039\/9791096955039_1_m.jpg","thumbnail":"https:\/\/images.epagine.fr\/039\/9791096955039_1_v.jpg"},"orderable":true,"show_badge":true,"formatted_price":"19,00&nbsp;\u20ac","formatted_published_date":"23 octobre 2017","publisher_availability_label":"Sur commande","short_details":"Philippe Bouret \u2014 Claire Lorrain","translator":null,"weight":170,"page_count":106,"readership":null,"editor":"Claire Lorrain","price":1900,"published_date":"2017-10-22T22:00:00.000000Z","support":"Grand format","publisher_availability":1,"stock":0,"editions":[],"url":"https:\/\/quaidesbrumes.com\/ouvrage\/9791096955039\/dialogue-avec-pierre-bellemare-la-voix-le-regard-lobjet-de-collection"},{"id":"9791020905888","title":"Faire battre le coeur du monde","description":"Elle avait tout pour \u00eatre une jeune fille comme les autres, jusqu'au jour o\u00f9 son coeur a l\u00e2ch\u00e9. Une op\u00e9ration plus tard, Cyrielle se r\u00e9veille, d\u00e9finitivement autre. De ce nouveau coeur na\u00eet un nouveau regard, une compr\u00e9hension du monde transform\u00e9e.\r\n\r\nDevenue journaliste engag\u00e9e, Cyrielle d\u00e9cide de donner la parole \u00e0 tous ceux qui tentent le changement. Sous l'influence de celui qu'elle consid\u00e8re comme sa \u00ab nounou \u00bb, le c\u00e9l\u00e8bre Michael Jackson, elle sillonne la plan\u00e8te pour \u00e9couter les paroles de ces \u00ab changemakers \u00bb et nous incite \u00e0 nous engager.\r\n\r\nAu fil des pages, nous parcourons une galerie de portraits fascinants compos\u00e9e d'entrepreneurs sociaux inconnus et de figures c\u00e9l\u00e8bres. Du Nobel de la paix \u00e0 sa Saintet\u00e9 le Dala\u00ef-lama, aux militants Vandana Shiva, Arnold Schwarzenegger, Deepak Chopra, le Pr Yunus, le Dr Jane Goodall, le capitaine Paul Watson ou encore Pierre Rabhi... tous proposent des solutions face \u00e0 la crise humanitaire et \u00e9cologique que nous traversons.\r\n\r\nAvec eux, nous suivons le chemin du pacifisme et de l'humanisme, et comprenons que nous pouvons tous devenir un \u00ab changemaker \u00bb. Car, au-del\u00e0 du r\u00e9cit personnel, il s'agit de notre histoire collective.\r\n\r\nCe livre optimiste, loin de toute na\u00efvet\u00e9, est un hymne pour que nous devenions ensemble des acteurs du changement pour une soci\u00e9t\u00e9 plus altruiste. Un message porteur de paix, de solidarit\u00e9 et d'humanit\u00e9.","authors":["Cyrielle Hariel"],"category_codes":["1000000","1060000","1060300"],"visuals":{"large":"https:\/\/images.epagine.fr\/888\/9791020905888_1_75.jpg","medium":"https:\/\/images.epagine.fr\/888\/9791020905888_1_m.jpg","thumbnail":"https:\/\/images.epagine.fr\/888\/9791020905888_1_v.jpg"},"orderable":true,"show_badge":true,"formatted_price":"17,00&nbsp;\u20ac","formatted_published_date":"21 mars 2018","publisher_availability_label":"Sur commande","short_details":"Cyrielle Hariel \u2014 Les liens qui lib\u00e8rent","translator":null,"weight":214,"page_count":224,"readership":null,"editor":"Les liens qui lib\u00e8rent","price":1700,"published_date":"2018-03-20T23:00:00.000000Z","support":"Grand format","publisher_availability":1,"stock":0,"editions":[],"url":"https:\/\/quaidesbrumes.com\/ouvrage\/9791020905888\/faire-battre-le-coeur-du-monde"},{"id":"9782917232347","title":"M\u00e9moires secrets","description":"C'est la premi\u00e8re fois que les \u00ab M\u00e9moires secrets \u00bb de Lucien Bonaparte apparaissent dans leur int\u00e9gralit\u00e9. Malgr\u00e9 son inach\u00e8vement, cette oeuvre est, d'un certain point de vue, la revanche du fr\u00e8re mis \u00e0 l'\u00e9cart par Napol\u00e9on, un fr\u00e8re talentueux qui n'a pas voulu se plier au vouloir de l'Empereur. Ces m\u00e9moires ne sont pas seulement une d\u00e9nonciation mais un vivant tableau de toute une \u00e9poque, o\u00f9 la verve de l'auteur nous montre sous un jour nouveau les protagonistes d'une soci\u00e9t\u00e9 \u00e9mergente et les rapports complexes qui les unissent.","authors":["Lucien Bonaparte"],"category_codes":["1000000","1060000","1060200"],"visuals":{"large":"https:\/\/images.epagine.fr\/347\/9782917232347_1_75.jpg","medium":"https:\/\/images.epagine.fr\/347\/9782917232347_1_m.jpg","thumbnail":"https:\/\/images.epagine.fr\/347\/9782917232347_1_v.jpg"},"orderable":true,"show_badge":true,"formatted_price":"70,00&nbsp;\u20ac","formatted_published_date":"29 septembre 2017","publisher_availability_label":"Sur commande","short_details":"Lucien Bonaparte \u2014 SPM LETTRAGE","translator":null,"weight":1310,"page_count":850,"readership":null,"editor":"SPM LETTRAGE","price":7000,"published_date":"2017-09-28T22:00:00.000000Z","support":"Grand format","publisher_availability":1,"stock":0,"editions":[],"url":"https:\/\/quaidesbrumes.com\/ouvrage\/9782917232347\/memoires-secrets"},{"id":"9782343128917","title":"L'alligator ; itin\u00e9raire d'un enfant de Mai 68","description":"\"A la fois qu\u00eate des origines, r\u00e9cit affectif, t\u00e9moignage militant et enqu\u00eate historique, L'Alligator, itin\u00e9raire d'un enfant de Mai 68 est une oeuvre d\u00e9rangeante o\u00f9 l'humour et le tragique, la violence et la tendresse se c\u00f4toient.\"","authors":["Michel Cointepas"],"category_codes":["1000000","1060000"],"visuals":{"large":"https:\/\/images.epagine.fr\/917\/9782343128917_1_75.jpg","medium":"https:\/\/images.epagine.fr\/917\/9782343128917_1_m.jpg","thumbnail":"https:\/\/images.epagine.fr\/917\/9782343128917_1_v.jpg"},"orderable":true,"show_badge":true,"formatted_price":"32,00&nbsp;\u20ac","formatted_published_date":"30 janvier 2018","publisher_availability_label":"Sur commande","short_details":"Michel Cointepas \u2014 \u00c9ditions L'Harmattan","translator":null,"weight":553,"page_count":352,"readership":null,"editor":"\u00c9ditions L'Harmattan","price":3200,"published_date":"2018-01-29T23:00:00.000000Z","support":"Grand format","publisher_availability":1,"stock":0,"editions":[],"url":"https:\/\/quaidesbrumes.com\/ouvrage\/9782343128917\/lalligator-itineraire-dun-enfant-de-mai-68"},{"id":"9782812709296","title":"Le barreau de toulon","description":null,"authors":["De Garambe Di Gestat"],"category_codes":["1000000","1060000","1060300"],"visuals":{"large":"https:\/\/quaidesbrumes.com\/img\/book-placeholder.png","medium":"https:\/\/quaidesbrumes.com\/img\/book-placeholder.png","thumbnail":"https:\/\/quaidesbrumes.com\/img\/book-placeholder.png"},"orderable":true,"show_badge":true,"formatted_price":"25,00&nbsp;\u20ac","formatted_published_date":"13 novembre 2017","publisher_availability_label":"Sur commande","short_details":"De Garambe Di Gestat \u2014 Presses Du Midi","translator":null,"weight":382,"page_count":null,"readership":null,"editor":"Presses Du Midi","price":2500,"published_date":"2017-11-12T23:00:00.000000Z","support":"Grand format","publisher_availability":1,"stock":0,"editions":[],"url":"https:\/\/quaidesbrumes.com\/ouvrage\/9782812709296\/le-barreau-de-toulon"},{"id":"9782916089119","title":"Les hommes doivent devenir des batisseurs de ponts","description":null,"authors":["Meyer Thomas"],"category_codes":["1000000","1060000","1060200"],"visuals":{"large":"https:\/\/quaidesbrumes.com\/img\/book-placeholder.png","medium":"https:\/\/quaidesbrumes.com\/img\/book-placeholder.png","thumbnail":"https:\/\/quaidesbrumes.com\/img\/book-placeholder.png"},"orderable":true,"show_badge":true,"formatted_price":"17,00&nbsp;\u20ac","formatted_published_date":"1er janvier 2007","publisher_availability_label":"Sur commande","short_details":"Meyer Thomas \u2014 Pic De La Mirandole","translator":null,"weight":204,"page_count":null,"readership":null,"editor":"Pic De La Mirandole","price":1700,"published_date":"2006-12-31T23:00:00.000000Z","support":"Grand format","publisher_availability":1,"stock":0,"editions":[],"url":"https:\/\/quaidesbrumes.com\/ouvrage\/9782916089119\/les-hommes-doivent-devenir-des-batisseurs-de-ponts"},{"id":"9782354859374","title":"Le destin d'une generation","description":"Alors \u00e7a y est, il para\u00eet que je suis n\u00e9 ? Et me voici face \u00e0 la vie qu'il me faut comprendre. Autour de moi, il y a le langage et les gens \u00e0 d\u00e9couvrir, les traditions \u00e0 apprendre ainsi que la brousse \u00e0 apprivoiser. Tout cela et plus encore - mon initiation, mes peurs, les attentes de mes proches -, il va me falloir les ma\u00eetriser pour devenir un homme... De la naissance au passage \u00e0 l'\u00e2ge adulte, Firmin Kr\u00e9kr\u00e9 livre son personnage, touchant de profondeur, \u00e0 un voyage initiatique qui plonge au coeur de l'intimit\u00e9 humaine et questionne subtilement sur le sens de l'existence.","authors":["Krekre Firmin"],"category_codes":["1000000","1060000"],"visuals":{"large":"https:\/\/images.epagine.fr\/374\/9782354859374_1_75.jpg","medium":"https:\/\/images.epagine.fr\/374\/9782354859374_1_m.jpg","thumbnail":"https:\/\/images.epagine.fr\/374\/9782354859374_1_v.jpg"},"orderable":true,"show_badge":true,"formatted_price":"17,50&nbsp;\u20ac","formatted_published_date":"1er f\u00e9vrier 2018","publisher_availability_label":"Sur commande","short_details":"Krekre Firmin \u2014 JETS D'ENCRE","translator":null,"weight":267,"page_count":196,"readership":null,"editor":"JETS D'ENCRE","price":1750,"published_date":"2018-01-31T23:00:00.000000Z","support":"Grand format","publisher_availability":1,"stock":0,"editions":[],"url":"https:\/\/quaidesbrumes.com\/ouvrage\/9782354859374\/le-destin-dune-generation"},{"id":"9782354859312","title":"Une sur huit","description":"N\u00e9e dans une famille modeste du Gers et malgr\u00e9 un p\u00e8re s\u00e9v\u00e8re, Christine a grandi sans soucis. Elle s'est mari\u00e9e, a eu des enfants, est partie vivre en Nouvelle-Cal\u00e9donie puis... a d\u00e9couvert une boule sous son aisselle. Cancer du sein. S'encha\u00eenent alors les examens, les interventions, les effets secondaires et le poids du regard des autres. La lutte contre la maladie est lourde, difficile, mais petit \u00e0 petit Christine reprend le dessus jusqu'\u00e0 doucement retrouver une existence habituelle... Dans ce r\u00e9cit autobiographique, Christine Ducout partage avec pudeur et \u00e9motion son long combat contre le cancer mais surtout l'optimisme et l'espoir qui l'ont soutenue et qu'elle esp\u00e8re transmettre \u00e0 toute personne souffrant d'une grave maladie.","authors":["Ducout Christine"],"category_codes":["1000000","1060000"],"visuals":{"large":"https:\/\/images.epagine.fr\/312\/9782354859312_1_75.jpg","medium":"https:\/\/images.epagine.fr\/312\/9782354859312_1_m.jpg","thumbnail":"https:\/\/images.epagine.fr\/312\/9782354859312_1_v.jpg"},"orderable":true,"show_badge":true,"formatted_price":"14,50&nbsp;\u20ac","formatted_published_date":"1er f\u00e9vrier 2018","publisher_availability_label":"Sur commande","short_details":"Ducout Christine \u2014 JETS D'ENCRE","translator":null,"weight":173,"page_count":122,"readership":null,"editor":"JETS D'ENCRE","price":1450,"published_date":"2018-01-31T23:00:00.000000Z","support":"Grand format","publisher_availability":1,"stock":0,"editions":[],"url":"https:\/\/quaidesbrumes.com\/ouvrage\/9782354859312\/une-sur-huit"},{"id":"9782312056685","title":"Le pasteur Bogandidio Madiega, ex-sergent-chef de l'arm\u00e9e fran\u00e7aise ; comme une vie qui s'en va","description":"N\u00e9gliger le fil de la vie du sage, c'est perdre au fond de soi son rep\u00e8re et son identit\u00e9, c'est refuser de prendre conscience au fond de soi l'humanit\u00e9 pr\u00e9c\u00e9dente et ses valeurs, ses joies et ses peines. Consid\u00e9rant cette humanit\u00e9 pr\u00e9c\u00e9dente, les empreintes de leur vie deviennent pour nous un patrimoine vivant, lequel sert de rep\u00e8re.\r\nCe livre est le condens\u00e9 de ce qu'a \u00e9t\u00e9 la vie au Burkina Faso, au S\u00e9n\u00e9gal, en France, au Maroc, en Mauritanie, en Alg\u00e9rie et au Niger d'un homme ; le pasteur Bogandidio Madiega, ex-sergent chef de l'arm\u00e9e fran\u00e7aise.\r\nN\u00e9 loin de ses parents dans un petit village du Burkina Faso, et arriv\u00e9 en famille alors qu'il n'avait que 4 ans ; \u00e0 7 ans il quittera pour ses \u00e9tudes. Rentr\u00e9 des \u00e9tudes, il sera enr\u00f4l\u00e9 dans l'arm\u00e9e fran\u00e7aise et quittera compl\u00e8tement son pays natal. A l'arm\u00e9e, confront\u00e9 aux multiples p\u00e9riples de la vie o\u00f9 il a failli \u00eatre emport\u00e9 par le d\u00e9sespoir, il reprit go\u00fbt \u00e0 la vie lorsqu'il rencontra un homme - J\u00e9sus-Christ. Avec Lui, il fit route jusqu'\u00e0 son retour dans son pays natal, le Burkina Faso. Au contact de cet homme doux, g\u00e9n\u00e9reux et sensible qui donne une existence bien \u00e9quilibr\u00e9e, sa vie eut un sens.\r\nSa foi \u00e9tablie en J\u00e9sus-Christ et devenu Pasteur, dans cet ouvrage biographique, vous trouverez l'histoire de sa vie ; ses joies, ses peines, ses d\u00e9sespoirs et ses esp\u00e9rances. Il se termine par des conseils.","authors":["Narcisse Sanou"],"category_codes":["1000000","1060000","1060200"],"visuals":{"large":"https:\/\/images.epagine.fr\/685\/9782312056685_1_75.jpg","medium":"https:\/\/images.epagine.fr\/685\/9782312056685_1_m.jpg","thumbnail":"https:\/\/images.epagine.fr\/685\/9782312056685_1_v.jpg"},"orderable":true,"show_badge":true,"formatted_price":"15,00&nbsp;\u20ac","formatted_published_date":"8 d\u00e9cembre 2017","publisher_availability_label":"Sur commande","short_details":"Narcisse Sanou \u2014 Editions du Net","translator":null,"weight":234,"page_count":130,"readership":null,"editor":"Editions du Net","price":1500,"published_date":"2017-12-07T23:00:00.000000Z","support":"Grand format","publisher_availability":1,"stock":0,"editions":[],"url":"https:\/\/quaidesbrumes.com\/ouvrage\/9782312056685\/le-pasteur-bogandidio-madiega-ex-sergent-chef-de-larmee-francaise-comme-une-vie-qui-sen-va"},{"id":"9791024202648","title":"M\u00e9moires d'un trouble-f\u00eate ; la vie \u00e9sot\u00e9rique en France \u00e0 travers la revue Atlantis ;1926-2010","description":"\u00c0 92 ans, sous la pression de ses nombreux amis, Jacques d'Ar\u00e8s a d\u00e9cid\u00e9 de faire para\u00eetre ses m\u00e9moires.\r\n\r\nAyant v\u00e9cu avec Paul Lecour, auteur notamment de L'\u00c8re du Verseau (Dervy) et de L'\u00c9vangile \u00e9sot\u00e9rique de saint Jean (Dervy), Jacques d'Ar\u00e8s a \u00e9t\u00e9 constamment m\u00eal\u00e9 \u00e0 la vie de ce dernier, notamment \u00e0 travers l'association et la revue (revue d'arch\u00e9ologie scientifique et traditionnelle).\r\n\u00c0 la mort de Paul Lecour, en 1954, Jacques d'Ar\u00e8s a repris le flambeau, et a consid\u00e9rablement d\u00e9velopp\u00e9es l'association et la revue en y faisant entrer de nouveaux collaborateurs. Tous les grands noms de l'\u00e9sot\u00e9risme et de l'arch\u00e9ologie y ont particip\u00e9 pendant plus de 80 ans : Ren\u00e9 Alleau, Eug\u00e8ne Canseliet, Ren\u00e9 Cassin, Robert Amadou, Raymond Abellio, Pierre Grimal, Jean Richer... et bien d'autres.\r\n\r\nSon cours d'histoire compar\u00e9e des religions pendant 12 ans \u00e0 l'Institut des Hautes \u00c9tudes d'Anthropobiologie, les cong\u00e9s internationaux de symbolisme \u00e0 l'UNESCO, de tr\u00e8s nombreuses conf\u00e9rences \u00e0 Paris, province et \u00e9tranger ont permis aux tr\u00e8s nombreux lecteurs de la revue Atlantis et des ouvrages qui en ont d\u00e9coul\u00e9, de comprendre pourquoi et comment les civilisations, surtout la n\u00f4tre, naissent, vivent et disparaissent.\r\nJacques d'Ar\u00e9s a souvent \u00e9t\u00e9 consid\u00e9r\u00e9 comme une personnalit\u00e9 hors du commun ; d'o\u00f9 le qualificatif de ses m\u00e9moires : \u00ab d'un trouble-f\u00eate \u00bb Jacques d'Ar\u00e8s, parall\u00e8lement \u00e0 ses activit\u00e9s concernant la revue et l'association, a eu des fonctions importantes au minist\u00e8re des finances pendant de nombreuses ann\u00e9es.","authors":["Jacques d' Ar\u00e8s"],"category_codes":["1000000","1060000","1060100"],"visuals":{"large":"https:\/\/images.epagine.fr\/648\/9791024202648_1_75.jpg","medium":"https:\/\/images.epagine.fr\/648\/9791024202648_1_m.jpg","thumbnail":"https:\/\/images.epagine.fr\/648\/9791024202648_1_v.jpg"},"orderable":true,"show_badge":true,"formatted_price":"20,00&nbsp;\u20ac","formatted_published_date":"10 avril 2018","publisher_availability_label":"Sur commande","short_details":"Jacques d' Ar\u00e8s \u2014 Dervy Almora","translator":null,"weight":314,"page_count":238,"readership":null,"editor":"Dervy Almora","price":2000,"published_date":"2018-04-09T22:00:00.000000Z","support":"Grand format","publisher_availability":1,"stock":0,"editions":[],"url":"https:\/\/quaidesbrumes.com\/ouvrage\/9791024202648\/memoires-dun-trouble-fete-la-vie-esoterique-en-france-a-travers-la-revue-atlantis-1926-2010"},{"id":"9782322085767","title":"Journal de route en Indochine ; 1945-1948","description":"Un journal retrouv\u00e9 dans les affaires de notre p\u00e8re et grand-p\u00e8re quand il nous a quitt\u00e9s. Il ne nous en avait jamais parl\u00e9. Il nous parlait en revanche de ses vieux copains Nono et D\u00e9d\u00e9 retrouv\u00e9s \u00e0 l'occasion du trenti\u00e8me anniversaire de la 9\u00e8me DIC. Et on avait bien senti que le guerre d'Indochine avait laiss\u00e9 une trace ind\u00e9l\u00e9bile, le \"mal jaune\" l'avait \u00e0 jamais envahi. Cet ouvrage est la retranscription exacte de son journal de route agr\u00e9ment\u00e9 de po\u00e8mes et de quelques souvenirs retrouv\u00e9s.","authors":["Nathalie Moniot"],"category_codes":["1000000","1060000","1060100"],"visuals":{"large":"https:\/\/images.epagine.fr\/767\/9782322085767_1_75.jpg","medium":"https:\/\/images.epagine.fr\/767\/9782322085767_1_m.jpg","thumbnail":"https:\/\/images.epagine.fr\/767\/9782322085767_1_v.jpg"},"orderable":true,"show_badge":true,"formatted_price":"12,00&nbsp;\u20ac","formatted_published_date":"10 novembre 2017","publisher_availability_label":"Sur commande","short_details":"Nathalie Moniot \u2014 Books on Demand","translator":null,"weight":301,"page_count":80,"readership":null,"editor":"Books on Demand","price":1200,"published_date":"2017-11-09T23:00:00.000000Z","support":"Grand format","publisher_availability":1,"stock":0,"editions":[],"url":"https:\/\/quaidesbrumes.com\/ouvrage\/9782322085767\/journal-de-route-en-indochine-1945-1948"},{"id":"9782322101191","title":"Haute en tics : t\u00e9moignage d'une sophrologue sur son syndrome de Gilles de la Tourette","description":"Dans un centre de vacances hors du commun, l'auteure, atteinte du syndrome de Gilles de La Tourette se met en sc\u00e8ne dans ce t\u00e9moignage romanc\u00e9 pour nous faire vivre de l'int\u00e9rieur ce qu'est son handicap. Au passage, elle nous d\u00e9voile toutes ses d\u00e9couvertes sur ce syndrome depuis plus de 20 ans qu'elle y travaille avec la sophrologie, entre autres m\u00e9thodes. Beaucoup de questionnements y sont abord\u00e9s sur le stress, le l\u00e2cher-prise, la ma\u00eetrise de soi, l'origine d'un tic, comment stopper l'engrenage infernal, la part des \u00e9motions, de la conscience, de l'environnement, de l'\u00e9pig\u00e9n\u00e9tique, de la sensorialit\u00e9, de l'ego, de la spiritualit\u00e9, de l'\u00e9coute, de la congruence, de l'authenticit\u00e9... En haut du podium dans le domaine de l'hypersensibilit\u00e9, le syndrome de Gilles de La Tourette nous interpelle sur nos propres tics, nos propres dysfonctionnements physiologiques, psychologiques et relationnels. A travers ce roman p\u00e9dagogique, initiatique, nous sommes happ\u00e9s dans un tourbillon d'humour, de profondeur, de confidences et de r\u00e9v\u00e9lations \u00e9tonnantes, car l'auteure se met \u00e0 nu et nous transmet sa d\u00e9marche pour se sortir de l'enfer. Son exp\u00e9rience et son expertise pourraient bien nous \u00eatre fort utiles...","authors":["Anne Jamelot-bonnaillie"],"category_codes":["1000000","1060000","1060300"],"visuals":{"large":"https:\/\/images.epagine.fr\/191\/9782322101191_1_75.jpg","medium":"https:\/\/images.epagine.fr\/191\/9782322101191_1_m.jpg","thumbnail":"https:\/\/images.epagine.fr\/191\/9782322101191_1_v.jpg"},"orderable":true,"show_badge":true,"formatted_price":"16,00&nbsp;\u20ac","formatted_published_date":"12 d\u00e9cembre 2017","publisher_availability_label":"Sur commande","short_details":"Anne Jamelot-bonnaillie \u2014 Books on Demand","translator":null,"weight":401,"page_count":348,"readership":null,"editor":"Books on Demand","price":1600,"published_date":"2017-12-11T23:00:00.000000Z","support":"Grand format","publisher_availability":1,"stock":0,"editions":[],"url":"https:\/\/quaidesbrumes.com\/ouvrage\/9782322101191\/haute-en-tics-temoignage-dune-sophrologue-sur-son-syndrome-de-gilles-de-la-tourette"},{"id":"9782322105045","title":"Pour que ma v\u00e9rit\u00e9 soit dite ; souvenirs d'Alg\u00e9rie","description":"Tlemcen 1939 - Oran 1962. L'enfance et l'adolescence d'un Pied-noir issu d'une famille modeste, son implication en tant qu'appel\u00e9 du contingent et dans les grands moments qui ont marqu\u00e9 la trag\u00e9die d'Alg\u00e9rie. Un r\u00e9cit et un t\u00e9moignage, des \u00e9v\u00e9nements qui laissent un empreinte immuable, \u00e0 transmettre aux g\u00e9n\u00e9rations futures afin de ne rien oublier.","authors":["Alain Tisserant"],"category_codes":["1000000","1060000","1060100"],"visuals":{"large":"https:\/\/images.epagine.fr\/045\/9782322105045_1_75.jpg","medium":"https:\/\/images.epagine.fr\/045\/9782322105045_1_m.jpg","thumbnail":"https:\/\/images.epagine.fr\/045\/9782322105045_1_v.jpg"},"orderable":true,"show_badge":true,"formatted_price":"11,99&nbsp;\u20ac","formatted_published_date":"29 janvier 2018","publisher_availability_label":"Sur commande","short_details":"Alain Tisserant \u2014 Books on Demand","translator":null,"weight":301,"page_count":396,"readership":null,"editor":"Books on Demand","price":1199,"published_date":"2018-01-28T23:00:00.000000Z","support":"Grand format","publisher_availability":1,"stock":0,"editions":[],"url":"https:\/\/quaidesbrumes.com\/ouvrage\/9782322105045\/pour-que-ma-verite-soit-dite-souvenirs-dalgerie"},{"id":"9782312052618","title":"Enceinte avec fibrome ; comment j'ai vaincu mon fibrome","description":"L'arriv\u00e9e d'un nouveau n\u00e9 dans un couple, reste un moment de bonheur. Elle l'est encore plus, lorsqu'elle survient dans un contexte de grande s\u00e9r\u00e9nit\u00e9 entre les conjoints et en particulier, dans l'\u00e9volution de la grossesse de la m\u00e8re. \r\nJ'avais perdu le sommeil pendant et apr\u00e8s la grossesse suite \u00e0 une vilaine cohabitation entre le fibrome dans mon ut\u00e9rus et le foetus, dont le moindre mouvement m'infligeait des douleurs atroces. \r\nCe livre n'est pas que le cahier d'un r\u00e9barbatif enfantement, mais la philosophie d'une histoire de vie culturelle \u00e0 partager, afin que nos manquements, volontaires ou non, servent la post\u00e9rit\u00e9. De ce point de vue, il fait par endroit l'objet de sc\u00e8nes imaginaires \u00e0 des fins essentiellement p\u00e9dagogiques.","authors":["Narcis Bangmo","Rosine Song"],"category_codes":["1000000","1060000","1060300"],"visuals":{"large":"https:\/\/images.epagine.fr\/618\/9782312052618_1_75.jpg","medium":"https:\/\/images.epagine.fr\/618\/9782312052618_1_m.jpg","thumbnail":"https:\/\/images.epagine.fr\/618\/9782312052618_1_v.jpg"},"orderable":true,"show_badge":true,"formatted_price":"15,00&nbsp;\u20ac","formatted_published_date":"24 octobre 2017","publisher_availability_label":"Sur commande","short_details":"Narcis Bangmo, Rosine Song \u2014 Editions du Net","translator":null,"weight":180,"page_count":100,"readership":null,"editor":"Editions du Net","price":1500,"published_date":"2017-10-23T22:00:00.000000Z","support":"Grand format","publisher_availability":1,"stock":0,"editions":[],"url":"https:\/\/quaidesbrumes.com\/ouvrage\/9782312052618\/enceinte-avec-fibrome-comment-jai-vaincu-mon-fibrome"},{"id":"9782343134543","title":"Les secrets du m\u00e9decin","description":"Cet ouvrage retranscrit les \u00e9changes d'un m\u00e9decin et d'un journaliste dans lesquels se lit l'\u00e9volution d'un praticien. Les \u00e9tapes essentielles du bouleversement de la m\u00e9decine (envol des sciences m\u00e9dicales, surgissement de la g\u00e9riatrie, du sida, des immigr\u00e9s...) sont reprises pour mieux appr\u00e9hender l'essence m\u00eame de la profession de m\u00e9decin et son avenir.","authors":["Fran\u00e7ois Naudy"],"category_codes":["1000000","1060000"],"visuals":{"large":"https:\/\/images.epagine.fr\/543\/9782343134543_1_75.jpg","medium":"https:\/\/images.epagine.fr\/543\/9782343134543_1_m.jpg","thumbnail":"https:\/\/images.epagine.fr\/543\/9782343134543_1_v.jpg"},"orderable":true,"show_badge":true,"formatted_price":"31,50&nbsp;\u20ac","formatted_published_date":"14 d\u00e9cembre 2017","publisher_availability_label":"Sur commande","short_details":"Fran\u00e7ois Naudy \u2014 \u00c9ditions L'Harmattan","translator":null,"weight":783,"page_count":508,"readership":null,"editor":"\u00c9ditions L'Harmattan","price":3150,"published_date":"2017-12-13T23:00:00.000000Z","support":"Grand format","publisher_availability":1,"stock":0,"editions":[],"url":"https:\/\/quaidesbrumes.com\/ouvrage\/9782343134543\/les-secrets-du-medecin"},{"id":"9782312056357","title":"De la lumi\u00e8re \u00e0 l'ombre ou vice-versa ; souvenirs en pointill\u00e9s d'un glauque homme matheux","description":"Toute la vie de l'auteur est marqu\u00e9e par une longue descente vers la c\u00e9cit\u00e9, due \u00e0 un glaucome cong\u00e9nital h\u00e9r\u00e9ditaire, qui le conduira jusqu'\u00e0 la tentative de suicide et \u00e0 la c\u00e9cit\u00e9. Et il d\u00e9crit avec verve son combat contre cette obscurit\u00e9, qui le conduira de nouveau vers la lumi\u00e8re, gr\u00e2ce \u00e0 un travail en profondeur sur lui-m\u00eame. Un hymne \u00e0 la vie et \u00e0 l'amour, que tous les handicap\u00e9s devraient lire, afin de retrouver espoir en l'avenir. Avec humour il raconte sa carri\u00e8re et les nombreuses activit\u00e9s annexes, syndicales, politiques, radiophoniques, associatives, qu'il a men\u00e9es de front avec son \u00e9pouse, tout aussi impliqu\u00e9e dans la vie de la cit\u00e9 que lui.","authors":["Maurice Goubelle"],"category_codes":["1000000","1060000","1060100"],"visuals":{"large":"https:\/\/images.epagine.fr\/357\/9782312056357_1_75.jpg","medium":"https:\/\/images.epagine.fr\/357\/9782312056357_1_m.jpg","thumbnail":"https:\/\/images.epagine.fr\/357\/9782312056357_1_v.jpg"},"orderable":true,"show_badge":true,"formatted_price":"17,00&nbsp;\u20ac","formatted_published_date":"15 novembre 2017","publisher_availability_label":"Sur commande","short_details":"Maurice Goubelle \u2014 Editions du Net","translator":null,"weight":326,"page_count":null,"readership":null,"editor":"Editions du Net","price":1700,"published_date":"2017-11-14T23:00:00.000000Z","support":"Grand format","publisher_availability":1,"stock":0,"editions":[],"url":"https:\/\/quaidesbrumes.com\/ouvrage\/9782312056357\/de-la-lumiere-a-lombre-ou-vice-versa-souvenirs-en-pointilles-dun-glauque-homme-matheux"}]}