{"data":[{"id":"9782019185794","title":"De la liberte religieuse en france, a l'occasion des funerailles de talma - et sous le rapport des c","description":"De la Libert\u00e9 religieuse en France, \u00e0 l'occasion des fun\u00e9railles de Talma, et sous le rapport des cons\u00e9quences politiques de cet \u00e9v\u00e9nement, par F.-L. Lestrade Date de l'\u00e9dition originale : 1827 Le pr\u00e9sent ouvrage s'inscrit dans une politique de conservation patrimoniale des ouvrages de la litt\u00e9rature Fran\u00e7aise mise en place avec la BNF.\r\nHACHETTE LIVRE et la BNF proposent ainsi un catalogue de titres indisponibles, la BNF ayant num\u00e9ris\u00e9 ces oeuvres et HACHETTE LIVRE les imprimant \u00e0 la demande.\r\nCertains de ces ouvrages refl\u00e8tent des courants de pens\u00e9e caract\u00e9ristiques de leur \u00e9poque, mais qui seraient aujourd'hui jug\u00e9s condamnables.\r\nIls n'en appartiennent pas moins \u00e0 l'histoire des id\u00e9es en France et sont susceptibles de pr\u00e9senter un int\u00e9r\u00eat scientifique ou historique.\r\nLe sens de notre d\u00e9marche \u00e9ditoriale consiste ainsi \u00e0 permettre l'acc\u00e8s \u00e0 ces oeuvres sans pour autant que nous en cautionnions en aucune fa\u00e7on le contenu.\r\n\r\nPour plus d'informations, rendez-vous sur www.hachettebnf.fr\r","authors":["Lestrade L F."],"category_codes":["1000000","1060000","1060200"],"visuals":{"large":"https:\/\/images.epagine.fr\/794\/9782019185794_1_75.jpg","medium":"https:\/\/images.epagine.fr\/794\/9782019185794_1_m.jpg","thumbnail":"https:\/\/images.epagine.fr\/794\/9782019185794_1_v.jpg"},"orderable":true,"show_badge":true,"formatted_price":"14,90&nbsp;\u20ac","formatted_published_date":"1er novembre 2017","publisher_availability_label":"Sur commande","short_details":"Lestrade L F. \u2014 Hachette BNF","translator":null,"weight":135,"page_count":null,"readership":null,"editor":"Hachette BNF","price":1490,"published_date":"2017-10-31T23:00:00.000000Z","support":"Grand format","publisher_availability":1,"stock":0,"editions":[],"url":"https:\/\/quaidesbrumes.com\/ouvrage\/9782019185794\/de-la-liberte-religieuse-en-france-a-loccasion-des-funerailles-de-talma-et-sous-le-rapport-des-c"},{"id":"9782019185305","title":"Pouille des manuscrits composant la collection de dom grenier sur la picardie - a la bibliotheque du","description":"Pouill\u00e9 des manuscrits composant la collection de Dom Grenier sur la Picardie, \u00e0 la Biblioth\u00e8que du Roi \/ par Ch. Dufour,...\r\nDate de l'\u00e9dition originale : 1839 Appartient \u00e0 l'ensemble documentaire : Picardi1 Le pr\u00e9sent ouvrage s'inscrit dans une politique de conservation patrimoniale des ouvrages de la litt\u00e9rature Fran\u00e7aise mise en place avec la BNF.\r\nHACHETTE LIVRE et la BNF proposent ainsi un catalogue de titres indisponibles, la BNF ayant num\u00e9ris\u00e9 ces oeuvres et HACHETTE LIVRE les imprimant \u00e0 la demande.\r\nCertains de ces ouvrages refl\u00e8tent des courants de pens\u00e9e caract\u00e9ristiques de leur \u00e9poque, mais qui seraient aujourd'hui jug\u00e9s condamnables.\r\nIls n'en appartiennent pas moins \u00e0 l'histoire des id\u00e9es en France et sont susceptibles de pr\u00e9senter un int\u00e9r\u00eat scientifique ou historique.\r\nLe sens de notre d\u00e9marche \u00e9ditoriale consiste ainsi \u00e0 permettre l'acc\u00e8s \u00e0 ces oeuvres sans pour autant que nous en cautionnions en aucune fa\u00e7on le contenu.\r\n\r\nPour plus d'informations, rendez-vous sur www.hachettebnf.fr\r","authors":["Dufour Charles"],"category_codes":["1000000","1060000"],"visuals":{"large":"https:\/\/images.epagine.fr\/305\/9782019185305_1_75.jpg","medium":"https:\/\/images.epagine.fr\/305\/9782019185305_1_m.jpg","thumbnail":"https:\/\/images.epagine.fr\/305\/9782019185305_1_v.jpg"},"orderable":true,"show_badge":true,"formatted_price":"14,90&nbsp;\u20ac","formatted_published_date":"1er novembre 2017","publisher_availability_label":"Sur commande","short_details":"Dufour Charles \u2014 Hachette BNF","translator":null,"weight":148,"page_count":null,"readership":null,"editor":"Hachette BNF","price":1490,"published_date":"2017-10-31T23:00:00.000000Z","support":"Grand format","publisher_availability":1,"stock":0,"editions":[],"url":"https:\/\/quaidesbrumes.com\/ouvrage\/9782019185305\/pouille-des-manuscrits-composant-la-collection-de-dom-grenier-sur-la-picardie-a-la-bibliotheque-du"},{"id":"9782824611266","title":"Infirmi\u00e8re tout terrain","description":"Il y a les chiens qui l'accueillent en montrant les dents, les familles qui l'attendent avec un espoir qu'elle devra d\u00e9cevoir, la vieille dame pour qui elle sera l'unique visite de la semaine... Myriam est infirmi\u00e8re lib\u00e9rale. Elle va de maison en maison, qu'il pleuve, qu'il neige, du matin au soir, la semaine et le week-end. Son m\u00e9tier, elle l'exerce dans la campagne fran\u00e7aise, une zone appel\u00e9e \" la diagonale du vide \" . \r\nUne r\u00e9gion oubli\u00e9e des soignants, \u00e0 la population vieillissante et isol\u00e9e qui souffre d'un cruel manque de soins. Entre humour et tendresse, Myriam raconte son m\u00e9tier et les incroyables histoires de ses patients. Ceux pour qui elle exerce cette profession avec passion et \u00e0 qui elle apporte plus que des soins : une \u00e9coute attentive. Une humanit\u00e9 qui rend ce m\u00e9tier si pr\u00e9cieux. Mille et une aventures d'une infirmi\u00e8re de campagne.\r","authors":["Myriam Lahitte"],"category_codes":["1000000","1060000","1060100"],"visuals":{"large":"https:\/\/images.epagine.fr\/266\/9782824611266_1_75.jpg","medium":"https:\/\/images.epagine.fr\/266\/9782824611266_1_m.jpg","thumbnail":"https:\/\/images.epagine.fr\/266\/9782824611266_1_v.jpg"},"orderable":true,"show_badge":true,"formatted_price":"16,90&nbsp;\u20ac","formatted_published_date":"10 janvier 2018","publisher_availability_label":"Sur commande","short_details":"Myriam Lahitte \u2014 City \u00c9ditions","translator":null,"weight":370,"page_count":240,"readership":null,"editor":"City \u00c9ditions","price":1690,"published_date":"2018-01-09T23:00:00.000000Z","support":"Grand format","publisher_availability":1,"stock":0,"editions":["9782824616100"],"url":"https:\/\/quaidesbrumes.com\/ouvrage\/9782824611266\/infirmiere-tout-terrain"},{"id":"9782343132785","title":"Tour d'Afrique ; la terre n'est pas ronde","description":"\"Ce livre est un r\u00e9cit de vie d un jeune Tchadien qui voyage \u00e0 travers plusieurs pays d Afrique en d\u00e9crivant la vari\u00e9t\u00e9 des paysages et la diversit\u00e9 culturelle de ce continent. Concern\u00e9 par les questions d d\u00e9veloppement, l auteur dresse un tableau saisissant mais effrayant de l Afrique du 21\u00e8 si\u00e8cle : une Afrique spoli\u00e9e et corrompue dans une atmosph\u00e8re pollu\u00e9e. Cet ab\u00eeme si profond o\u00f9 se noient tous les r\u00eaves, mais aussi o\u00f9 scintillent encore des flammes de l espoir pouvant \"\"rallumer tous les soleils\"\".\"\r","authors":["Berkemi Onigue"],"category_codes":["1000000","1060000","1060300"],"visuals":{"large":"https:\/\/images.epagine.fr\/785\/9782343132785_1_75.jpg","medium":"https:\/\/images.epagine.fr\/785\/9782343132785_1_m.jpg","thumbnail":"https:\/\/images.epagine.fr\/785\/9782343132785_1_v.jpg"},"orderable":true,"show_badge":true,"formatted_price":"17,50&nbsp;\u20ac","formatted_published_date":"27 octobre 2017","publisher_availability_label":"Sur commande","short_details":"Berkemi Onigue \u2014 \u00c9ditions L'Harmattan","translator":null,"weight":188,"page_count":152,"readership":null,"editor":"\u00c9ditions L'Harmattan","price":1750,"published_date":"2017-10-26T22:00:00.000000Z","support":"Grand format","publisher_availability":1,"stock":0,"editions":[],"url":"https:\/\/quaidesbrumes.com\/ouvrage\/9782343132785\/tour-dafrique-la-terre-nest-pas-ronde"},{"id":"9782312123431","title":"Les maux du destin","description":"\u00c0 travers \u00abLes maux du destin\u00bb Ousmane Diagne rend un hommage \u00e0 sa m\u00e8re depuis les terres fertiles de son royaume d'enfance, sous les pluies intermittentes du mois de Septembre, mais aussi dans la chaleur des longues nuits d'\u00e9t\u00e9 qu'un ciel constell\u00e9 illuminait dans toute sa splendeur. Avec une approche singuli\u00e8re l'auteur retrace la vie d'une femme sto\u00efque et  g\u00e9n\u00e9reuse, qui fut de jour comme de nuit au chevet de ses semblables, et qu'une maladie rebelle au traitement abr\u00e9gea son existence.","authors":["Ousmane Diagne"],"category_codes":["1000000","1060000","1060300"],"visuals":{"large":"https:\/\/images.epagine.fr\/431\/9782312123431_1_75.jpg","medium":"https:\/\/images.epagine.fr\/431\/9782312123431_1_m.jpg","thumbnail":"https:\/\/images.epagine.fr\/431\/9782312123431_1_v.jpg"},"orderable":true,"show_badge":true,"formatted_price":"13,00&nbsp;\u20ac","formatted_published_date":"8 juillet 2022","publisher_availability_label":"Sur commande","short_details":"Ousmane Diagne \u2014 Editions du Net","translator":null,"weight":59,"page_count":52,"readership":null,"editor":"Editions du Net","price":1300,"published_date":"2022-07-07T22:00:00.000000Z","support":"Grand format","publisher_availability":1,"stock":0,"editions":[],"url":"https:\/\/quaidesbrumes.com\/ouvrage\/9782312123431\/les-maux-du-destin"},{"id":"9782708959644","title":"Jean-Alain Mariotti ; le Lot-et-Garonne, territoire gagnant !","description":"L'entreprise, le d\u00e9veloppement des territoires et l'innovation. Trois mots qui illustrent \u00e0 la perfection le parcours de Jean-Alain Mariotti, engag\u00e9 pendant plus de trois d\u00e9cennies dans une d\u00e9fense acharn\u00e9e des territoires ruraux qu'il qualifie d'interlands. \u00c0 travers cet ouvrage, vous d\u00e9couvrirez l'impact que peut avoir un pr\u00e9sident de Chambre de commerce et d'industrie sur son \u00e9cosyst\u00e8me lorsqu'il travaille main dans la main avec l'ensemble des collectivit\u00e9s et des acteurs \u00e9conomiques. Au cours de ses trois mandats, le pr\u00e9sident Mariotti a su moderniser la chambre et valoriser, aux c\u00f4t\u00e9s des acteurs publics locaux, les atouts du Lot-et-Garonne en mati\u00e8re de commerce, d'industrie et de services. Des questions qu'il continue de suivre de tr\u00e8s pr\u00e8s, tout en profitant d'un temps libre pr\u00e9cieux pour naviguer le long des rivages dor\u00e9s de sa Corse d'origine.\r","authors":["St\u00e9phane Beaumont"],"category_codes":["1000000","1060000","1060200"],"visuals":{"large":"https:\/\/images.epagine.fr\/644\/9782708959644_1_75.jpg","medium":"https:\/\/images.epagine.fr\/644\/9782708959644_1_m.jpg","thumbnail":"https:\/\/images.epagine.fr\/644\/9782708959644_1_v.jpg"},"orderable":true,"show_badge":true,"formatted_price":"9,90&nbsp;\u20ac","formatted_published_date":"1er mars 2018","publisher_availability_label":"Sur commande","short_details":"St\u00e9phane Beaumont \u2014 Privat","translator":null,"weight":172,"page_count":180,"readership":null,"editor":"Privat","price":990,"published_date":"2018-02-28T23:00:00.000000Z","support":"Grand format","publisher_availability":1,"stock":0,"editions":[],"url":"https:\/\/quaidesbrumes.com\/ouvrage\/9782708959644\/jean-alain-mariotti-le-lot-et-garonne-territoire-gagnant"},{"id":"9791096955046","title":"Le p'tit rital vous dit merci","description":null,"authors":["Spigarelli Lucien"],"category_codes":["1000000","1060000","1060300"],"visuals":{"large":"https:\/\/quaidesbrumes.com\/img\/book-placeholder.png","medium":"https:\/\/quaidesbrumes.com\/img\/book-placeholder.png","thumbnail":"https:\/\/quaidesbrumes.com\/img\/book-placeholder.png"},"orderable":true,"show_badge":true,"formatted_price":"15,00&nbsp;\u20ac","formatted_published_date":"27 octobre 2017","publisher_availability_label":"Sur commande","short_details":"Spigarelli Lucien \u2014 Claire Lorrain","translator":null,"weight":100,"page_count":null,"readership":null,"editor":"Claire Lorrain","price":1500,"published_date":"2017-10-26T22:00:00.000000Z","support":"Grand format","publisher_availability":1,"stock":0,"editions":[],"url":"https:\/\/quaidesbrumes.com\/ouvrage\/9791096955046\/le-ptit-rital-vous-dit-merci"},{"id":"9782414087877","title":"Dix ans","description":"R\u00e9cit de la naissance de ma fille \u00e0 l'autre bout du monde, de la manipulation de son p\u00e8re, de son enl\u00e8vement par ce dernier, et de l'injustice.\r","authors":["Savin Sabrina"],"category_codes":["1000000","1060000","1060300"],"visuals":{"large":"https:\/\/images.epagine.fr\/877\/9782414087877_1_75.jpg","medium":"https:\/\/images.epagine.fr\/877\/9782414087877_1_m.jpg","thumbnail":"https:\/\/images.epagine.fr\/877\/9782414087877_1_v.jpg"},"orderable":true,"show_badge":true,"formatted_price":"13,00&nbsp;\u20ac","formatted_published_date":"27 octobre 2017","publisher_availability_label":"Sur commande","short_details":"Savin Sabrina \u2014 Edilivre","translator":null,"weight":170,"page_count":138,"readership":null,"editor":"Edilivre","price":1300,"published_date":"2017-10-26T22:00:00.000000Z","support":"Grand format","publisher_availability":1,"stock":0,"editions":[],"url":"https:\/\/quaidesbrumes.com\/ouvrage\/9782414087877\/dix-ans"},{"id":"9782390180043","title":"Le rivage d'un oc\u00e9an sans terre","description":"Le titre, pour qui veut en p\u00e9n\u00e9trer l'intime, exprime ce lieu qui devrait \u00eatre \"la terre en vue\" d'un marin. Mais, \u00e0 y bien penser, un oc\u00e9an sans terre ne peut avoir de rivage. Cet oc\u00e9an, d'ailleurs, existe-t-il ? C'est dans ce vide, ce non-lieu que je me retrouve quand la douleur permanente me casse. Les pages du livre parlent du quotidien de la souffrance, description doubl\u00e9e de mani\u00e8re plus po\u00e9tique par l'expression, difficile, du ressenti.\r\nMais il n'est pas question de plainte. Il s'agit moins de \"lutter contre\" que de \"pouvoir vivre avec\".\r","authors":["Andre Elleboudt"],"category_codes":["1000000","1060000","1060300","1060308"],"visuals":{"large":"https:\/\/images.epagine.fr\/043\/9782390180043_1_75.jpg","medium":"https:\/\/images.epagine.fr\/043\/9782390180043_1_m.jpg","thumbnail":"https:\/\/images.epagine.fr\/043\/9782390180043_1_v.jpg"},"orderable":true,"show_badge":true,"formatted_price":"19,30&nbsp;\u20ac","formatted_published_date":"18 janvier 2018","publisher_availability_label":"Sur commande","short_details":"Andre Elleboudt \u2014 Chloe Des Lys","translator":null,"weight":210,"page_count":116,"readership":null,"editor":"Chloe Des Lys","price":1930,"published_date":"2018-01-17T23:00:00.000000Z","support":"Grand format","publisher_availability":1,"stock":0,"editions":[],"url":"https:\/\/quaidesbrumes.com\/ouvrage\/9782390180043\/le-rivage-dun-ocean-sans-terre"},{"id":"9782390180050","title":"Vie qui d\u00e9raille","description":"Difficile de r\u00e9sumer Vie qui d\u00e9raille. Il s'agit du journal intime d'un jeune homme de 23 ans, qui se livre \u00e0 de tr\u00e8s, tr\u00e8s nombreuses r\u00e9flexions, quant au comment du pourquoi de l'existence. Ce journal totalement d\u00e9cousu, invite le lecteur \u00e0 partir, ni plus ni moins qu'en qu\u00eate du bonheur. Il n'y a pas une minute \u00e0 perdre, c'est le moment de sauter sur cette belle occasion d'enrichir son \u00e2me.\r","authors":["Romain Mancini"],"category_codes":["1000000","1060000","1060100"],"visuals":{"large":"https:\/\/images.epagine.fr\/050\/9782390180050_1_75.jpg","medium":"https:\/\/images.epagine.fr\/050\/9782390180050_1_m.jpg","thumbnail":"https:\/\/images.epagine.fr\/050\/9782390180050_1_v.jpg"},"orderable":true,"show_badge":true,"formatted_price":"19,30&nbsp;\u20ac","formatted_published_date":"18 janvier 2018","publisher_availability_label":"Sur commande","short_details":"Romain Mancini \u2014 Chloe Des Lys","translator":null,"weight":210,"page_count":130,"readership":null,"editor":"Chloe Des Lys","price":1930,"published_date":"2018-01-17T23:00:00.000000Z","support":"Grand format","publisher_availability":1,"stock":0,"editions":[],"url":"https:\/\/quaidesbrumes.com\/ouvrage\/9782390180050\/vie-qui-deraille"},{"id":"9782812709463","title":"J'ai ose","description":null,"authors":["Serge Cogoni"],"category_codes":["1000000","1060000","1060300"],"visuals":{"large":"https:\/\/quaidesbrumes.com\/img\/book-placeholder.png","medium":"https:\/\/quaidesbrumes.com\/img\/book-placeholder.png","thumbnail":"https:\/\/quaidesbrumes.com\/img\/book-placeholder.png"},"orderable":true,"show_badge":true,"formatted_price":"16,00&nbsp;\u20ac","formatted_published_date":"19 janvier 2018","publisher_availability_label":"Sur commande","short_details":"Serge Cogoni \u2014 Presses Du Midi","translator":null,"weight":88,"page_count":null,"readership":null,"editor":"Presses Du Midi","price":1600,"published_date":"2018-01-18T23:00:00.000000Z","support":"Grand format","publisher_availability":1,"stock":0,"editions":[],"url":"https:\/\/quaidesbrumes.com\/ouvrage\/9782812709463\/jai-ose"},{"id":"9782312056142","title":"Cette femme que l'on doit appeler \"maman\"","description":"'ai \u00e9crit cet ouvrage afin de vous montrer comment une m\u00e8re peut \u00eatre n\u00e9faste pour son enfant par son attitude d\u00e9vastatrice. Pour cela, j'ai utilis\u00e9 mon histoire personnelle. Etre m\u00e8re cela semble facile pour la plupart des femmes, \u00eatre maman cela semble impossible pour certaine m\u00e8re et c'est le cas de ma m\u00e8re naturelle.\r\nConfi\u00e9 \u00e0 une cousine et son mari quasiment d\u00e9s ma naissance, j'ai \u00e9t\u00e9 oblig\u00e9 de supporter toutes les sautes d'humeur de celle qui se dit ma m\u00e8re, ma maman. Mes parents adoptifs, par la force des choses, m'apporteront tout l'amour et la tendresse que mes parents naturels auront \u00e9t\u00e9 incapables de m'offrir.\r\nC'est une lutte de plus de 30 ans que j'ai d\u00fb entreprendre pour me pr\u00e9server de cette \u00ab Maman \u00bb.\r","authors":["Michel Lef\u00e8vre"],"category_codes":["1000000","1060000","1060100"],"visuals":{"large":"https:\/\/images.epagine.fr\/142\/9782312056142_1_75.jpg","medium":"https:\/\/images.epagine.fr\/142\/9782312056142_1_m.jpg","thumbnail":"https:\/\/images.epagine.fr\/142\/9782312056142_1_v.jpg"},"orderable":true,"show_badge":true,"formatted_price":"13,00&nbsp;\u20ac","formatted_published_date":"31 octobre 2017","publisher_availability_label":"Sur commande","short_details":"Michel Lef\u00e8vre \u2014 Editions du Net","translator":null,"weight":136,"page_count":126,"readership":null,"editor":"Editions du Net","price":1300,"published_date":"2017-10-30T23:00:00.000000Z","support":"Grand format","publisher_availability":1,"stock":0,"editions":[],"url":"https:\/\/quaidesbrumes.com\/ouvrage\/9782312056142\/cette-femme-que-lon-doit-appeler-maman"},{"id":"9782824611464","title":"Derri\u00e8re les lignes du djihad","description":"Le visage masqu\u00e9 par son voile, Souad avance entre des fid\u00e8les arm\u00e9s de Kalachnikov. Elle va rencontrer l'un des hommes les plus recherch\u00e9s et les plus dangereux de la plan\u00e8te, un terroriste qui a ensanglant\u00e9 les rues de plusieurs villes occidentales.\r\n\r\nQuotidiennement, Souad met sa vie en jeu pour s'infiltrer dans des zones interdites, d\u00e9busquer des chefs de guerre et enqu\u00eater dans l'ombre pour r\u00e9v\u00e9ler au grand public les rouages secrets de Daech. Depuis 2001, elle est devenue une sp\u00e9cialiste mondiale du djihadisme.\r\n\r\nDans ce t\u00e9moignage aussi captivant qu'un thriller, elle raconte les centres d'entra\u00eenement et les s\u00e9ances de torture. Souad explique comment elle a r\u00e9ussi \u00e0 conna\u00eetre le nom des terroristes de Paris bien avant les autorit\u00e9s. De l'int\u00e9rieur, ce livre restitue un portrait exceptionnel des fous d'Allah qui menacent l'Europe. Une enqu\u00eate \u00e9difiante et effrayante.\r\nUne femme journaliste infiltr\u00e9e au coeur du terrorisme islamiste.\r","authors":["Souad Mekhenet"],"category_codes":["1000000","1060000","1060100"],"visuals":{"large":"https:\/\/images.epagine.fr\/464\/9782824611464_1_75.jpg","medium":"https:\/\/images.epagine.fr\/464\/9782824611464_1_m.jpg","thumbnail":"https:\/\/images.epagine.fr\/464\/9782824611464_1_v.jpg"},"orderable":true,"show_badge":true,"formatted_price":"18,90&nbsp;\u20ac","formatted_published_date":"28 f\u00e9vrier 2018","publisher_availability_label":"Sur commande","short_details":"Souad Mekhenet \u2014 City \u00c9ditions","translator":null,"weight":484,"page_count":392,"readership":null,"editor":"City \u00c9ditions","price":1890,"published_date":"2018-02-27T23:00:00.000000Z","support":"Grand format","publisher_availability":1,"stock":0,"editions":[],"url":"https:\/\/quaidesbrumes.com\/ouvrage\/9782824611464\/derriere-les-lignes-du-djihad"},{"id":"9782322172764","title":"Le chemin de Victor","description":"Si vous lisez ce livre, ne plaignez surtout pas Victor ! Ce n'est pas le but du r\u00e9cit. L'auteur vous demande seulement de porter un regard critique mais bienveillant sur les adultes qui l'ont accompagn\u00e9 dans sa jeunesse. Certains vous para\u00eetront pittoresques, d'autres g\u00e9n\u00e9reux ou cyniques. Un mariage complexe entre la Com\u00e9die humaine de Balzac et les Caract\u00e8res de La Bruy\u00e8re, ponctu\u00e9 d'\u00e9pisodes dramatiques. Jacob, l'un des h\u00e9ros du livre m\u00e9rite une place particuli\u00e8re. Personnage introverti, au destin tr\u00e8s engag\u00e9 dans la d\u00e9fense de l'\u00e9cole la\u00efque, il exercera une influence d\u00e9terminante sur le sort de Victor, dont les p\u00e9rip\u00e9ties de la vie s'imbriquent avec l'Histoire troubl\u00e9e de l'Afrique.\r","authors":["Paul Samba"],"category_codes":["1000000","1060000"],"visuals":{"large":"https:\/\/images.epagine.fr\/764\/9782322172764_1_75.jpg","medium":"https:\/\/images.epagine.fr\/764\/9782322172764_1_m.jpg","thumbnail":"https:\/\/images.epagine.fr\/764\/9782322172764_1_v.jpg"},"orderable":true,"show_badge":true,"formatted_price":"14,00&nbsp;\u20ac","formatted_published_date":"11 avril 2019","publisher_availability_label":"Sur commande","short_details":"Paul Samba \u2014 Books on Demand","translator":null,"weight":240,"page_count":172,"readership":null,"editor":"Books on Demand","price":1400,"published_date":"2019-04-10T22:00:00.000000Z","support":"Grand format","publisher_availability":1,"stock":0,"editions":[],"url":"https:\/\/quaidesbrumes.com\/ouvrage\/9782322172764\/le-chemin-de-victor"},{"id":"9782357799486","title":"Guns n'roses paroles de fans","description":null,"authors":["Rolland Gilles"],"category_codes":["1000000","1060000","1060200"],"visuals":{"large":"https:\/\/images.epagine.fr\/486\/9782357799486_1_75.jpg","medium":"https:\/\/images.epagine.fr\/486\/9782357799486_1_m.jpg","thumbnail":"https:\/\/images.epagine.fr\/486\/9782357799486_1_v.jpg"},"orderable":true,"show_badge":true,"formatted_price":"36,00&nbsp;\u20ac","formatted_published_date":"20 novembre 2017","publisher_availability_label":"Sur commande","short_details":"Rolland Gilles \u2014 Le Camion Blanc","translator":null,"weight":622,"page_count":null,"readership":null,"editor":"Le Camion Blanc","price":3600,"published_date":"2017-11-19T23:00:00.000000Z","support":"Grand format","publisher_availability":1,"stock":0,"editions":[],"url":"https:\/\/quaidesbrumes.com\/ouvrage\/9782357799486\/guns-nroses-paroles-de-fans"},{"id":"9782357799981","title":"En parlant des scorpions","description":null,"authors":["Rarebell Herman"],"category_codes":["1000000","1060000","1060200"],"visuals":{"large":"https:\/\/images.epagine.fr\/981\/9782357799981_1_75.jpg","medium":"https:\/\/images.epagine.fr\/981\/9782357799981_1_m.jpg","thumbnail":"https:\/\/images.epagine.fr\/981\/9782357799981_1_v.jpg"},"orderable":true,"show_badge":true,"formatted_price":"34,00&nbsp;\u20ac","formatted_published_date":"20 novembre 2017","publisher_availability_label":"Sur commande","short_details":"Rarebell Herman \u2014 Le Camion Blanc","translator":null,"weight":378,"page_count":null,"readership":null,"editor":"Le Camion Blanc","price":3400,"published_date":"2017-11-19T23:00:00.000000Z","support":"Grand format","publisher_availability":1,"stock":0,"editions":[],"url":"https:\/\/quaidesbrumes.com\/ouvrage\/9782357799981\/en-parlant-des-scorpions"},{"id":"9782951009639","title":"La rose et la bleue","description":null,"authors":["Lang Jacqueline"],"category_codes":["1000000","1060000","1060200"],"visuals":{"large":"https:\/\/quaidesbrumes.com\/img\/book-placeholder.png","medium":"https:\/\/quaidesbrumes.com\/img\/book-placeholder.png","thumbnail":"https:\/\/quaidesbrumes.com\/img\/book-placeholder.png"},"orderable":true,"show_badge":true,"formatted_price":"20,00&nbsp;\u20ac","formatted_published_date":"1er juin 2005","publisher_availability_label":"Sur commande","short_details":"Lang Jacqueline \u2014 Biblieurope","translator":null,"weight":445,"page_count":null,"readership":null,"editor":"Biblieurope","price":2000,"published_date":"2005-05-31T22:00:00.000000Z","support":"Grand format","publisher_availability":1,"stock":0,"editions":[],"url":"https:\/\/quaidesbrumes.com\/ouvrage\/9782951009639\/la-rose-et-la-bleue"},{"id":"9782911398513","title":"Le don d'une presence","description":null,"authors":["Janine Modlinger"],"category_codes":["1000000","1060000","1060200"],"visuals":{"large":"https:\/\/quaidesbrumes.com\/img\/book-placeholder.png","medium":"https:\/\/quaidesbrumes.com\/img\/book-placeholder.png","thumbnail":"https:\/\/quaidesbrumes.com\/img\/book-placeholder.png"},"orderable":true,"show_badge":true,"formatted_price":"9,91&nbsp;\u20ac","formatted_published_date":"1er juin 2005","publisher_availability_label":"Sur commande","short_details":"Janine Modlinger \u2014 Biblieurope","translator":null,"weight":105,"page_count":null,"readership":null,"editor":"Biblieurope","price":991,"published_date":"2005-05-31T22:00:00.000000Z","support":"Grand format","publisher_availability":1,"stock":0,"editions":[],"url":"https:\/\/quaidesbrumes.com\/ouvrage\/9782911398513\/le-don-dune-presence"},{"id":"9782312057293","title":"Mon voyage au Japon","description":"\u00c0 mes lecteurs :\r\nCe modeste r\u00e9cit int\u00e9ressera j'esp\u00e8re non seulement ceux d'entre vous qui sont d\u00e9j\u00e0 all\u00e9s au Japon, car beaucoup des situations que j'y ai v\u00e9cues leur seront famili\u00e8res et leur rappelleront des souvenirs, mais aussi il fera r\u00eaver ceux qui r\u00eavent de ce pays, et qui n'iront peut-\u00eatre jamais. \u00c0 ceux qui se pr\u00e9parent \u00e0 y aller, il peut donner une id\u00e9e de plan de voyage, des renseignements pratiques, des noms d'h\u00f4tels, des id\u00e9es de merveilles \u00e0 voir.\r\n- Alors \u00e0 tous, je dis : \u00ab Bon voyage ! \u00bb\r","authors":["Nadia Goralski"],"category_codes":["1000000","1060000","1060100"],"visuals":{"large":"https:\/\/images.epagine.fr\/293\/9782312057293_1_75.jpg","medium":"https:\/\/images.epagine.fr\/293\/9782312057293_1_m.jpg","thumbnail":"https:\/\/images.epagine.fr\/293\/9782312057293_1_v.jpg"},"orderable":true,"show_badge":true,"formatted_price":"17,00&nbsp;\u20ac","formatted_published_date":"19 janvier 2018","publisher_availability_label":"Sur commande","short_details":"Nadia Goralski \u2014 Editions du Net","translator":null,"weight":165,"page_count":92,"readership":null,"editor":"Editions du Net","price":1700,"published_date":"2018-01-18T23:00:00.000000Z","support":"Grand format","publisher_availability":1,"stock":0,"editions":[],"url":"https:\/\/quaidesbrumes.com\/ouvrage\/9782312057293\/mon-voyage-au-japon"},{"id":"9789659057993","title":"La boxe ou la vie ; r\u00e9cits d'un rescap\u00e9 d'Auschwitz","description":null,"authors":["Noah Klieger"],"category_codes":["1000000","1060000","1060200"],"visuals":{"large":"https:\/\/images.epagine.fr\/993\/9789659057993_1_75.jpg","medium":"https:\/\/images.epagine.fr\/993\/9789659057993_1_m.jpg","thumbnail":"https:\/\/images.epagine.fr\/993\/9789659057993_1_v.jpg"},"orderable":true,"show_badge":true,"formatted_price":"18,00&nbsp;\u20ac","formatted_published_date":"1er octobre 2008","publisher_availability_label":"Sur commande","short_details":"Noah Klieger \u2014 Elkana","translator":null,"weight":180,"page_count":null,"readership":null,"editor":"Elkana","price":1800,"published_date":"2008-09-30T22:00:00.000000Z","support":"Grand format","publisher_availability":1,"stock":0,"editions":[],"url":"https:\/\/quaidesbrumes.com\/ouvrage\/9789659057993\/la-boxe-ou-la-vie-recits-dun-rescape-dauschwitz"},{"id":"9791095883715","title":"Moi Lollo, prince de M\u00e9adi","description":"L\u00e9on Zacot, dans sa biographie, livre ses \u00e9tats d'\u00e2me.\r\nH\u00e9ritier d'une tradition religieuse, il pose dans cette r\u00e9trospection les questions li\u00e9es \u00e0 l'identit\u00e9, l'assimilation et la transmission.\r\nC'est un cri du coeur, un t\u00e9moignage pour ne pas oublier, un hommage \u00e0 ses parents.\r\nN\u00e9 en \u00c9gypte, il \u00e9tudie au lyc\u00e9e fran\u00e7ais de M\u00e9adi, \u00e9chappe aux griffes des pharaons puis, traversant la M\u00e9diterran\u00e9e, devient citoyen fran\u00e7ais en pays de Gaule, \u00e0 Marseille, o\u00f9 il poursuit ses \u00e9tudes secondaires au lyc\u00e9e P\u00e9rier.\r\nKin\u00e9sith\u00e9rapeute, sportif, artiste, il construit une famille, affronte les \u00e9tapes d'une vie sinueuse, pour garder la t\u00eate hors de l'eau, pour ne pas devenir un autre, comme tous les autres.\r\nUn autre qui aurait pu perdre ses racines, oublier ses origines.\r\nLollo, le Prince de M\u00e9adi, dans cet ouvrage, a choisi une forme narcissique assum\u00e9e d'autoanalyse et d'autod\u00e9rision pour transmettre \u00e0 son tour, \u00e0 ses enfants et ses petits-enfants, sa modeste et banale histoire.\r\nLeur histoire.\r","authors":["L\u00e9on Zacot"],"category_codes":["1000000","1060000","1060100"],"visuals":{"large":"https:\/\/images.epagine.fr\/715\/9791095883715_1_75.jpg","medium":"https:\/\/images.epagine.fr\/715\/9791095883715_1_m.jpg","thumbnail":"https:\/\/images.epagine.fr\/715\/9791095883715_1_v.jpg"},"orderable":true,"show_badge":true,"formatted_price":"19,00&nbsp;\u20ac","formatted_published_date":"6 novembre 2017","publisher_availability_label":"Sur commande","short_details":"L\u00e9on Zacot \u2014 Editions Ma\u00efa","translator":null,"weight":550,"page_count":500,"readership":null,"editor":"Editions Ma\u00efa","price":1900,"published_date":"2017-11-05T23:00:00.000000Z","support":"Grand format","publisher_availability":1,"stock":0,"editions":[],"url":"https:\/\/quaidesbrumes.com\/ouvrage\/9791095883715\/moi-lollo-prince-de-meadi"},{"id":"9782955295311","title":"Fred Bondi l'homme chanceux ; Fred Bondi gluckliche mann","description":"Ce document rassemble sous forme d'un cahier toutes les notes que le r\u00e9alisateur du film \"Fred Bondi, l'homme chanceux\" a prises d\u00e8s le mois de mars 2013, avant le tournage, jusqu'en novembre 2017.\r\nT\u00e9moignage, le film restitue le r\u00e9cit de Fred qui se rem\u00e9more ses parents, son enfance, le bouleversement que fut l'arriv\u00e9e des nazis le 12 mars 1938 \u00e0 Vienne, il avait alors 15 ans, la fuite vers les USA et la suite jusqu'\u00e0 son retour.\r\nLes notes sont compl\u00e9mentaires au film par les confidences que Fred fit \u00e0 L-A Serrut souvent \u00e0 l'improviste, hors du film. Volont\u00e9 de t\u00e9moigner et confiance caract\u00e9risent les rapports n\u00e9s durant cette rencontre.\r\nLes notes sont techniques quand elles portent sur les conditions et les principes choisis pour le filmage et la r\u00e9alisation et r\u00e9flexives sur la nature du film, la relation au t\u00e9moin et l'intention de l'auteur.\r","authors":["Louis-albert Serrut"],"category_codes":["1000000","1060000","1060200"],"visuals":{"large":"https:\/\/images.epagine.fr\/311\/9782955295311_1_75.jpg","medium":"https:\/\/images.epagine.fr\/311\/9782955295311_1_m.jpg","thumbnail":"https:\/\/images.epagine.fr\/311\/9782955295311_1_v.jpg"},"orderable":true,"show_badge":true,"formatted_price":"9,00&nbsp;\u20ac","formatted_published_date":"8 d\u00e9cembre 2017","publisher_availability_label":"Sur commande","short_details":"Louis-albert Serrut \u2014 De La Rose","translator":null,"weight":96,"page_count":60,"readership":null,"editor":"De La Rose","price":900,"published_date":"2017-12-07T23:00:00.000000Z","support":"Grand format","publisher_availability":1,"stock":0,"editions":[],"url":"https:\/\/quaidesbrumes.com\/ouvrage\/9782955295311\/fred-bondi-lhomme-chanceux-fred-bondi-gluckliche-mann"},{"id":"9782322486977","title":"Travers\u00e9es et turbulences : Biographie d'un touche-\u00e0-tout","description":"Officier de marine marchande, marin p\u00eacheur, publiciste et pilote de ligne, l'auteur a v\u00e9cu une vie riche de rencontres et d'\u00e9v\u00e8nements comme le sauvetage d'un boat-people ou des situations de vol scabreuses. Sa vie personnelle n'a pas \u00e9t\u00e9 lisse non plus ayant v\u00e9cu nombre de voyages comme celui fait au Pakistan en 1975, et quelques drames douloureux... L'int\u00e9r\u00eat d'un tel v\u00e9cu est la capacit\u00e9 \u00e0 vivre avec ses \u00e9preuves, de savoir ce que l'on en fait et des le\u00e7ons que l'on peut en tirer.\r\nAu-del\u00e0 de l'exp\u00e9rience personnelle, ce sont aussi des contextes g\u00e9ographiques et humains en Europe, en Afrique et en Asie, ainsi que la peinture d'une soci\u00e9t\u00e9 du XXe si\u00e8cle.\r\nL'un de ses fers de lance fut le plaisir d'enseigner, de transmettre et de partager ses passions. Ce livre s'inscrit dans cet esprit.","authors":["Jean-yves Quentric"],"category_codes":["1000000","1060000","1060200"],"visuals":{"large":"https:\/\/images.epagine.fr\/977\/9782322486977_1_75.jpg","medium":"https:\/\/images.epagine.fr\/977\/9782322486977_1_m.jpg","thumbnail":"https:\/\/images.epagine.fr\/977\/9782322486977_1_v.jpg"},"orderable":true,"show_badge":true,"formatted_price":"15,00&nbsp;\u20ac","formatted_published_date":"7 d\u00e9cembre 2017","publisher_availability_label":"Sur commande","short_details":"Jean-yves Quentric \u2014 Books on Demand","translator":null,"weight":460,"page_count":340,"readership":null,"editor":"Books on Demand","price":1500,"published_date":"2017-12-06T23:00:00.000000Z","support":"Grand format","publisher_availability":1,"stock":0,"editions":[],"url":"https:\/\/quaidesbrumes.com\/ouvrage\/9782322486977\/traversees-et-turbulences-biographie-dun-touche-a-tout"},{"id":"9782013060660","title":"Manuel du r\u00e9pertoire bibliographique universel, extraits limit\u00e9s aux parties applicables : \u00e0 la bibliographie de la langue auxiliaire internationale esperanto","description":"Manuel du r\u00e9pertoire bibliographique universel, extraits limit\u00e9s aux parties plus sp\u00e9cialement applicables \u00e0 la bibliographie de la langue auxiliaire internationale esperanto...\r\nDate de l'\u00e9dition originale : 1908\r\n\r\nLe pr\u00e9sent ouvrage s'inscrit dans une politique de conservation patrimoniale des ouvrages de la litt\u00e9rature Fran\u00e7aise mise en place avec la BNF.\r\nHACHETTE LIVRE et la BNF proposent ainsi un catalogue de titres indisponibles, la BNF ayant num\u00e9ris\u00e9 ces oeuvres et HACHETTE LIVRE les imprimant \u00e0 la demande.\r\nCertains de ces ouvrages refl\u00e8tent des courants de pens\u00e9e caract\u00e9ristiques de leur \u00e9poque, mais qui seraient aujourd'hui jug\u00e9s condamnables.\r\nIls n'en appartiennent pas moins \u00e0 l'histoire des id\u00e9es en France et sont susceptibles de pr\u00e9senter un int\u00e9r\u00eat scientifique ou historique.\r\nLe sens de notre d\u00e9marche \u00e9ditoriale consiste ainsi \u00e0 permettre l'acc\u00e8s \u00e0 ces oeuvres sans pour autant que nous en cautionnions en aucune fa\u00e7on le contenu.\r\n\r\nPour plus d'informations, rendez-vous sur www.hachettebnf.fr","authors":["0.0"],"category_codes":["1000000","1060000","1060200"],"visuals":{"large":"https:\/\/images.epagine.fr\/660\/9782013060660_1_75.jpg","medium":"https:\/\/images.epagine.fr\/660\/9782013060660_1_m.jpg","thumbnail":"https:\/\/images.epagine.fr\/660\/9782013060660_1_v.jpg"},"orderable":true,"show_badge":true,"formatted_price":"12,90&nbsp;\u20ac","formatted_published_date":"1er mai 2017","publisher_availability_label":"Sur commande","short_details":"0.0 \u2014 Hachette BNF","translator":null,"weight":127,"page_count":78,"readership":null,"editor":"Hachette BNF","price":1290,"published_date":"2017-04-30T22:00:00.000000Z","support":"Grand format","publisher_availability":1,"stock":0,"editions":[],"url":"https:\/\/quaidesbrumes.com\/ouvrage\/9782013060660\/manuel-du-repertoire-bibliographique-universel-extraits-limites-aux-parties-applicables-a-la-bibliographie-de-la-langue-auxiliaire-internationale-esperanto"}]}