{"data":[{"id":"9782376920694","title":"Le maitre et l'eleve - claude bernard et louis pasteur","description":"Biographie comparative de Claude Bernard et Louis Pasteur.Louis Pasteur : un savant glorieux pour la d\u00e9couverte du vaccin contre la rage.Claude Bernard : un illustre inconnu qui a martyris\u00e9 les animaux.C'est souvent la r\u00e9ponse aux questions pos\u00e9es au sujet de ces deux colosses de la science du XIX\u00e8me si\u00e8cle.Ce livre r\u00e9tablit la v\u00e9rit\u00e9 historique en expliquant que Louis Pasteur, vitaliste, n'a pu \u00eatre le concepteur de ce vaccin puisqu'il n'a pas compris qu'une immunit\u00e9 puisse na\u00eetre d'un germe chauff\u00e9 et tu\u00e9, suivant les d\u00e9couvertes des deux v\u00e9t\u00e9rinaires Henri Toussaint et Victor Galtier.Le vaccin antirabique est en effet \u00e0 base d'un virus tu\u00e9 et stabilis\u00e9. Quant \u00e0 Claude Bernard, c'est gr\u00e2ce \u00e0 l'exp\u00e9rimentation animale qu'il a pu expliquer le fonctionnement de nos syst\u00e8mes digestifs et circulatoires.Ce livre nuance donc les louanges excessives attribu\u00e9es \u00e0 Pasteur en redonnant \u00e0 Bernard la place que la physiologie lui doit. Aujourd'hui, on garde l'image d'un Pasteur sauveur de l'humanit\u00e9, qui gu\u00e9rit, en face d'un Bernard bourreau qui tue !Ce livre donne les preuves que l'histoire des sciences a parfois \u00e9t\u00e9 la victime de la l\u00e9gende.","authors":["Pierre-yves Laurioz"],"category_codes":["1000000","1060000"],"visuals":{"large":"https:\/\/images.epagine.fr\/694\/9782376920694_1_75.jpg","medium":"https:\/\/images.epagine.fr\/694\/9782376920694_1_m.jpg","thumbnail":"https:\/\/images.epagine.fr\/694\/9782376920694_1_v.jpg"},"orderable":true,"show_badge":true,"formatted_price":"20,00&nbsp;\u20ac","formatted_published_date":"17 janvier 2018","publisher_availability_label":"Sur commande","short_details":"Pierre-yves Laurioz \u2014 Libres D'Ecrire","translator":null,"weight":344,"page_count":228,"readership":null,"editor":"Libres D'Ecrire","price":2000,"published_date":"2018-01-16T23:00:00.000000Z","support":"Grand format","publisher_availability":1,"stock":0,"editions":[],"url":"https:\/\/quaidesbrumes.com\/ouvrage\/9782376920694\/le-maitre-et-leleve-claude-bernard-et-louis-pasteur"},{"id":"9782019195557","title":"Bibliographie historique et critique de la presse periodique francaise - catalogue systematique et r","description":"Bibliographie historique et critique de la presse p\u00e9riodique fran\u00e7aise ou Catalogue syst\u00e9matique et raisonn\u00e9 de tous les \u00e9crits p\u00e9riodiques de quelque valeur publi\u00e9s ou ayant circul\u00e9 en France depuis l'origine du journal jusqu'\u00e0 nos jours,... ; pr\u00e9c\u00e9d\u00e9 d'un Essai historique et statistique sur la naissance et les progr\u00e8s de la presse p\u00e9riodique dans les deux mondes \/ par Eug\u00e8ne Hatin Date de l'\u00e9dition originale : 1866 Sujet de l'ouvrage : Presse -- BibliographieP\u00e9riodiques fran\u00e7ais -- 17e si\u00e8cle -- Bibliographie analytiqueJournaux fran\u00e7ais -- 17e si\u00e8cle -- Bibliographie analytiqueP\u00e9riodiques fran\u00e7ais -- 18e si\u00e8cle -- Bibliographie analytiqueJournaux fran\u00e7ais -- 18e si\u00e8cle -- Bibliographie analytiqueP\u00e9riodiques fran\u00e7ais -- 19e si\u00e8cle -- Bibliographie analytiqueJournaux fran\u00e7ais -- 19e si\u00e8cle -- Bibliographie analytique Le pr\u00e9sent ouvrage s'inscrit dans une politique de conservation patrimoniale des ouvrages de la litt\u00e9rature Fran\u00e7aise mise en place avec la BNF.\r\nHACHETTE LIVRE et la BNF proposent ainsi un catalogue de titres indisponibles, la BNF ayant num\u00e9ris\u00e9 ces oeuvres et HACHETTE LIVRE les imprimant \u00e0 la demande.\r\nCertains de ces ouvrages refl\u00e8tent des courants de pens\u00e9e caract\u00e9ristiques de leur \u00e9poque, mais qui seraient aujourd'hui jug\u00e9s condamnables.\r\nIls n'en appartiennent pas moins \u00e0 l'histoire des id\u00e9es en France et sont susceptibles de pr\u00e9senter un int\u00e9r\u00eat scientifique ou historique.\r\nLe sens de notre d\u00e9marche \u00e9ditoriale consiste ainsi \u00e0 permettre l'acc\u00e8s \u00e0 ces oeuvres sans pour autant que nous en cautionnions en aucune fa\u00e7on le contenu.\r\n\r\nPour plus d'informations, rendez-vous sur www.hachettebnf.fr","authors":["Hatin Eugene"],"category_codes":["1000000","1060000","1060200"],"visuals":{"large":"https:\/\/images.epagine.fr\/557\/9782019195557_1_75.jpg","medium":"https:\/\/images.epagine.fr\/557\/9782019195557_1_m.jpg","thumbnail":"https:\/\/images.epagine.fr\/557\/9782019195557_1_v.jpg"},"orderable":true,"show_badge":true,"formatted_price":"40,50&nbsp;\u20ac","formatted_published_date":"1er novembre 2017","publisher_availability_label":"Sur commande","short_details":"Hatin Eugene \u2014 Hachette BNF","translator":null,"weight":1082,"page_count":null,"readership":null,"editor":"Hachette BNF","price":4050,"published_date":"2017-10-31T23:00:00.000000Z","support":"Grand format","publisher_availability":1,"stock":0,"editions":[],"url":"https:\/\/quaidesbrumes.com\/ouvrage\/9782019195557\/bibliographie-historique-et-critique-de-la-presse-periodique-francaise-catalogue-systematique-et-r"},{"id":"9782363081490","title":"Gauch\u00e8re","description":"H\u00e9l\u00e8ne Millerand revient sur ses premi\u00e8res ann\u00e9es, de sa naissance dans une famille aussi attachante qu'atypique, qui compte quand m\u00eame un pr\u00e9sident de la R\u00e9publique, Alexandre Millerand, \u00e0 ses vingt ans.\r\nPour tout dire, c'\u00e9tait un peu compliqu\u00e9. Il y avait la gare Saint-Lazare avec un \" e \" et le grand-p\u00e8re Lazard avec un \" d \". Quand pour une raison ou une autre, ma m\u00e8re devait d\u00e9cliner son nom de jeune fille, elle pr\u00e9cisait Lazard avec un \" d \". elle avait l'air d'y tenir \u00e0 ce \" d \". Au cat\u00e9chisme, il y avait la r\u00e9surrection de Lazare avec un \" e \", celui de la gare d'o\u00f9 nous prenions le train qui nous ramenait de Paris \u00e0 notre maison de S\u00e8vres, enfin, dominant l'autel de l'\u00e9glise de Grosrouvre o\u00f9 j'allais \u00e0 la messe pendant les vacances, il y avait un Christ en croix, auquel mon grand-p\u00e8re maternel, pr\u00e9nomm\u00e9 Christian de surcro\u00eet, aurait ressembl\u00e9 \u00e9tonnamment. Total, j'avais tendance \u00e0 confondre le Christ de Grosrouvre, le Lazare de la SNCF et mon grand-p\u00e8re. \u00c0 un d\u00e9tail pr\u00e8s,\r\n mon grand-p\u00e8re maternel, matricule 2685, convoi 57, d\u00e9part de Drancy le 18, 07, 1943\r\n, n'\u00e9tait pas revenu d'Auschwitz-Birkenau o\u00f9 il avait \u00e9t\u00e9 assassin\u00e9 par les nazis \u00e0 l'\u00e2ge de soixante-quatre ans, contrairement aux deux autres qui \u00e9taient ressuscit\u00e9s.\r\n \r\n H\u00e9l\u00e8ne Millerand, apr\u00e8s son dernier livre \r\nBistros, o\u00f9 elle tra\u00e7ait la carte des caf\u00e9s parisiens qui ont jalonn\u00e9 sa vie de femme, revient avec une retenue \u00e9l\u00e9gante pour ne pas sombrer dans la m\u00e9lancolie, sur ses premi\u00e8res ann\u00e9es, de sa naissance dans une famille aussi attachante qu'atypique, qui compte quand m\u00eame un pr\u00e9sident de la R\u00e9publique, Alexandre Millerand, \u00e0 ses vingt ans, qu'elle f\u00eate comme il se doit \u00e0 Ath\u00e8nes, au bar de l'h\u00f4tel Hymette, sirotant un mojito pr\u00e9par\u00e9 par un vieux grec d'Alexandrie qui lui fit cadeau d'un principe de vie qui ne l'a plus quitt\u00e9e : il faut cent ans pour apprendre \u00e0 vivre et cent ans pour vivre apr\u00e8s.\r\n \r\n Ces vingt ann\u00e9es fondatrices, elle les raconte avec \u00e9motion. La petite fille, qui \u00e9coute et observe plus qu'elle ne parle, nous prend par la main et d\u00e9roule pour nous, les \u00e9v\u00e9nements qui la marquent. Que comprend des transformations du monde qui va, une enfant recluse dans son monde, celui qu'elle s'est construit, avec d\u00e9termination, o\u00f9 les engouements et les \u00e9blouissements n'ont d'\u00e9gals que les d\u00e9ceptions et le sentiment violent d'une solitude. Les souvenirs s'entrem\u00ealent et p\u00e8sent tous leur poids de vie. Le parfum enivrant d'un mimosa compte autant que les premiers \u00e9mois amoureux. La lecture avide des num\u00e9ros de Paris-Match, les \u00e9chos de la guerre d'Indochine et d'Alg\u00e9rie, la gr\u00e2ce d'Audrey Hepburn, la pr\u00e9sence d'un fr\u00e8re mort trois ans avant sa naissance, l'amour inconditionnel pour un p\u00e8re et la pr\u00e9sence magn\u00e9tique d'une m\u00e8re admir\u00e9e, tout cela forme, \u00e0 l'estompe, une enfance. Ni plus ni moins qu'une enfance. Celle d'o\u00f9 elle vient et qui l'a faite ce qu'elle est.","authors":["H\u00e9l\u00e8ne Millerand"],"category_codes":["1000000","1060000","1060100"],"visuals":{"large":"https:\/\/images.epagine.fr\/490\/9782363081490_1_75.jpg","medium":"https:\/\/images.epagine.fr\/490\/9782363081490_1_m.jpg","thumbnail":"https:\/\/images.epagine.fr\/490\/9782363081490_1_v.jpg"},"orderable":true,"show_badge":true,"formatted_price":"17,00&nbsp;\u20ac","formatted_published_date":"4 janvier 2018","publisher_availability_label":"Sur commande","short_details":"H\u00e9l\u00e8ne Millerand \u2014 Arl\u00e9a","translator":null,"weight":156,"page_count":124,"readership":null,"editor":"Arl\u00e9a","price":1700,"published_date":"2018-01-03T23:00:00.000000Z","support":"Grand format","publisher_availability":1,"stock":0,"editions":[],"url":"https:\/\/quaidesbrumes.com\/ouvrage\/9782363081490\/gauchere"},{"id":"9782019189884","title":"Les livres chinois avant l'invention du papier","description":"\"Les livres chinois avant l'invention du papier \/ par \u00c9douard Chavannes http:\/\/gallica.bnf.fr\/ark:\/12148\/bpt6k3758051\"","authors":["Edouard Chavannes"],"category_codes":["9000000","9060000","9060300"],"visuals":{"large":"https:\/\/images.epagine.fr\/884\/9782019189884_1_75.jpg","medium":"https:\/\/images.epagine.fr\/884\/9782019189884_1_m.jpg","thumbnail":"https:\/\/images.epagine.fr\/884\/9782019189884_1_v.jpg"},"orderable":true,"show_badge":true,"formatted_price":"12,90&nbsp;\u20ac","formatted_published_date":"1er novembre 2017","publisher_availability_label":"Sur commande","short_details":"Edouard Chavannes \u2014 Hachette BNF","translator":null,"weight":124,"page_count":null,"readership":null,"editor":"Hachette BNF","price":1290,"published_date":"2017-10-31T23:00:00.000000Z","support":"Grand format","publisher_availability":1,"stock":0,"editions":["9782013470889"],"url":"https:\/\/quaidesbrumes.com\/ouvrage\/9782019189884\/les-livres-chinois-avant-linvention-du-papier"},{"id":"9782343139371","title":"Le destin de Pierre ; autour d'Alzheimer","description":"Pierre a vu son destin basculer dans un enfer de chaque instant lorsque l'\u00e9tat mental de sa femme, Jacqueline, a commenc\u00e9 \u00e0 se d\u00e9grader. Bernadette, sa cadette, et  \u00ab aidante \u00bb, raconte comment elle les a accompagn\u00e9s dans leur long combat contre Alzheimer et l'\u00e9puisement qui en est li\u00e9. Achev\u00e9 par des notes \u00e0 propos de la maladie d'Alzheimer et des conseils \u00ab d'aidants \u00bb, ce t\u00e9moignage \u00e0 deux voix relate fid\u00e8lement les \u00e9v\u00e8nements v\u00e9cus au cours de cette p\u00e9riode.","authors":["Bernadette Dathie","Galat\u00e9e Dominique Hirigoyen"],"category_codes":["1000000","1060000","1060300","1060308"],"visuals":{"large":"https:\/\/images.epagine.fr\/371\/9782343139371_1_75.jpg","medium":"https:\/\/images.epagine.fr\/371\/9782343139371_1_m.jpg","thumbnail":"https:\/\/images.epagine.fr\/371\/9782343139371_1_v.jpg"},"orderable":true,"show_badge":true,"formatted_price":"19,00&nbsp;\u20ac","formatted_published_date":"12 janvier 2018","publisher_availability_label":"Sur commande","short_details":"Bernadette Dathie, Galat\u00e9e Dominique Hirigoyen \u2014 \u00c9ditions L'Harmattan","translator":null,"weight":205,"page_count":162,"readership":null,"editor":"\u00c9ditions L'Harmattan","price":1900,"published_date":"2018-01-11T23:00:00.000000Z","support":"Grand format","publisher_availability":1,"stock":0,"editions":[],"url":"https:\/\/quaidesbrumes.com\/ouvrage\/9782343139371\/le-destin-de-pierre-autour-dalzheimer"},{"id":"9782312122366","title":"Vivre une vie heureuse et utile","description":"C'est \u00e0 cause de la complexit\u00e9 de notre cerveau dont le niveau de communication entre les neurones d'environ 1000 milliards de connections que nous pouvons consid\u00e9rer l'esprit et la spiritualit\u00e9 comme appartenant au domaine de la physique quantique. Quand les moines tentent de faire le vide (la vacuit\u00e9) c'est-\u00e0-dire le rel\u00e2chement, ils ne sont plus pr\u00e9occup\u00e9s par l'environnement et ne s'inqui\u00e8tent de rien alors la chance pourrait venir. Par exemple, les maladies dispara\u00eetront mais les approches de l'\u00e9nergie naturelle (EN) donneront \u00e9galement lieu \u00e0 des miracles, il est donc conseill\u00e9 d'encourager la pratique de la pleine conscience de vacuit\u00e9. Lorsqu'ils re\u00e7oivent EN en s'entra\u00eenant d'une certaine mani\u00e8re (absence d'inqui\u00e9tude, de peur, de r\u00e9flexion), beaucoup de miracles pourraient se produire, mais le plus difficile est de vivre une vie heureuse et utile. C'est-\u00e0-dire sans souffrance et l'esprit totalement contr\u00f4l\u00e9.","authors":["Hoan Nguyen Cong"],"category_codes":["1000000","1060000","1060100"],"visuals":{"large":"https:\/\/images.epagine.fr\/366\/9782312122366_1_75.jpg","medium":"https:\/\/images.epagine.fr\/366\/9782312122366_1_m.jpg","thumbnail":"https:\/\/images.epagine.fr\/366\/9782312122366_1_v.jpg"},"orderable":true,"show_badge":true,"formatted_price":"13,00&nbsp;\u20ac","formatted_published_date":"13 juillet 2022","publisher_availability_label":"Sur commande","short_details":"Hoan Nguyen Cong \u2014 Editions du Net","translator":null,"weight":59,"page_count":52,"readership":null,"editor":"Editions du Net","price":1300,"published_date":"2022-07-12T22:00:00.000000Z","support":"Grand format","publisher_availability":1,"stock":0,"editions":[],"url":"https:\/\/quaidesbrumes.com\/ouvrage\/9782312122366\/vivre-une-vie-heureuse-et-utile"},{"id":"9782826020387","title":"De la mal\u00e9diction \u00e0 la b\u00e9n\u00e9diction","description":"Une vie d\u00e9vast\u00e9e par les traditions et les coutumes. Le sentiment d'\u00eatre mis\u00e9rable et inutile, sur une terre hostile et aride. L'incompr\u00e9hension et la peur. L'absence de but. Un mal-\u00eatre omnipr\u00e9sent depuis l'enfance. Voil\u00e0 ce qui caract\u00e9risait Guylaine Marimoutou, n\u00e9e en Martinique de p\u00e8re indien et de m\u00e8re antillaise. Heureusement, son histoire ne s'est pas arr\u00eat\u00e9e l\u00e0. Elle peut aujourd'hui parler de b\u00e9n\u00e9diction, et non de mal\u00e9diction.","authors":["Guylaine Marimoutou"],"category_codes":["1000000","1060000","1060300"],"visuals":{"large":"https:\/\/images.epagine.fr\/387\/9782826020387_1_75.jpg","medium":"https:\/\/images.epagine.fr\/387\/9782826020387_1_m.jpg","thumbnail":"https:\/\/images.epagine.fr\/387\/9782826020387_1_v.jpg"},"orderable":true,"show_badge":true,"formatted_price":"9,90&nbsp;\u20ac","formatted_published_date":"15 octobre 2018","publisher_availability_label":"Sur commande","short_details":"Guylaine Marimoutou \u2014 Scripsi","translator":null,"weight":159,"page_count":144,"readership":null,"editor":"Scripsi","price":990,"published_date":"2018-10-14T22:00:00.000000Z","support":"Grand format","publisher_availability":1,"stock":0,"editions":[],"url":"https:\/\/quaidesbrumes.com\/ouvrage\/9782826020387\/de-la-malediction-a-la-benediction"},{"id":"9782019155100","title":"Revolution de l'amerique","description":"R\u00e9volution de l'Am\u00e9rique \/ par M. l'abb\u00e9 Raynal,...\r\nDate de l'\u00e9dition originale : 1781 Sujet de l'ouvrage : Grande-Bretagne -- Colonies -- Am\u00e9rique -- Ouvrages avant 1800 Appartient \u00e0 l'ensemble documentaire : FranceAm Le pr\u00e9sent ouvrage s'inscrit dans une politique de conservation patrimoniale des ouvrages de la litt\u00e9rature Fran\u00e7aise mise en place avec la BNF.\r\nHACHETTE LIVRE et la BNF proposent ainsi un catalogue de titres indisponibles, la BNF ayant num\u00e9ris\u00e9 ces oeuvres et HACHETTE LIVRE les imprimant \u00e0 la demande.\r\nCertains de ces ouvrages refl\u00e8tent des courants de pens\u00e9e caract\u00e9ristiques de leur \u00e9poque, mais qui seraient aujourd'hui jug\u00e9s condamnables.\r\nIls n'en appartiennent pas moins \u00e0 l'histoire des id\u00e9es en France et sont susceptibles de pr\u00e9senter un int\u00e9r\u00eat scientifique ou historique.\r\nLe sens de notre d\u00e9marche \u00e9ditoriale consiste ainsi \u00e0 permettre l'acc\u00e8s \u00e0 ces oeuvres sans pour autant que nous en cautionnions en aucune fa\u00e7on le contenu.\r\n\r\nPour plus d'informations, rendez-vous sur www.hachettebnf.fr","authors":["Raynal G-T."],"category_codes":["9000000","9060000","9060200"],"visuals":{"large":"https:\/\/images.epagine.fr\/100\/9782019155100_1_75.jpg","medium":"https:\/\/images.epagine.fr\/100\/9782019155100_1_m.jpg","thumbnail":"https:\/\/images.epagine.fr\/100\/9782019155100_1_v.jpg"},"orderable":true,"show_badge":true,"formatted_price":"18,50&nbsp;\u20ac","formatted_published_date":"1er octobre 2017","publisher_availability_label":"Sur commande","short_details":"Raynal G-T. \u2014 Hachette BNF","translator":null,"weight":273,"page_count":null,"readership":null,"editor":"Hachette BNF","price":1850,"published_date":"2017-09-30T22:00:00.000000Z","support":"Grand format","publisher_availability":1,"stock":0,"editions":["9782329822594"],"url":"https:\/\/quaidesbrumes.com\/ouvrage\/9782019155100\/revolution-de-lamerique"},{"id":"9782312121536","title":"De Saigon \u00e0 Orsay","description":"Nguy\u00ean C\u00f4ng Hoan est n\u00e9 \u00e0 Dalat en 1943. Issu d'une famille de 10 fr\u00e8res et soeurs o\u00f9 il est septi\u00e8me. Son p\u00e8re, Nguy\u00ean Van Minh est ing\u00e9nieur des Travaux Publics. Sa m\u00e8re D\u00f4 Thi B\u00f4ng. Apr\u00e8s 3 ann\u00e9es de pr\u00e9paration aux concours d'entr\u00e9e aux Grandes Ecoles souhait\u00e9s par son p\u00e8re, il n'a r\u00e9ussi \u00e0 entrer dans aucune mais a obtenu son Doctorat troisi\u00e8me Cycle de Physique (sp\u00e9cialit\u00e9 M\u00e9canique du Solide) en 1972 sous la direction du Professeur Robert Mazet, professeur de M\u00e9canique \u00e0 la Facult\u00e9 des Sciences d'Orsay et Correspondant de l'Acad\u00e9mie des Sciences de Paris.\r\n1974-1976 : Participation aux calculs, CEA.\r\nLe professeur Mazet \u00e9tait sur le point de prendre sa retraite et il lui a r\u00e9serv\u00e9 un bureau au Laboratoire de M\u00e9canique du Solide B\u00e2t 405 \u00e0 Orsay pour la pr\u00e9paration d'une th\u00e8se de Doctorat d'Etat. C'est \u00e0 ce moment-l\u00e0 que plusieurs pr\u00e9tendants \u00e0 sa succession, Roland Roche chef du Laboratoire de M\u00e9canique et Thermique au Commissariat \u00e0 l'Energie Atomique (CEA Saclay) et Alain Hoffmann, polytechnicien et pilier du laboratoire ont trouv\u00e9 l'int\u00e9r\u00eat pour le garder au service de Calcul CASTEM, en le faisant embaucher comme Ing\u00e9nieur d'Etude 2A \u00e0 la CISI (filiale du CEA).\r\n1976-1982 : Calculs des Structures, CISI.\r\nDes \u00e9tudes de r\u00e9sistance des mat\u00e9riaux dans diverses industries : \u00e9tudes m\u00e9canique et thermique, calculs aux s\u00e9ismes en statique ou dynamique utilisant des programmes fran\u00e7ais au CEA (CASTEM) ou \u00e9tranger (ASKA, PIPESTRESS, ...). Cela exige de bien connaitre la technique de calcul par \u00e9l\u00e9ments finis qui consiste \u00e0 mod\u00e9liser le syst\u00e8me en maillage d'\u00e9l\u00e9ments triangulaire, rectangulaire ou volumique et d\u00e9finir les conditions aux limites et des efforts ext\u00e9rieurs, ensuite visualiser le r\u00e9sultat en d\u00e9placement et contrainte de telle sorte que le syst\u00e8me soit en s\u00e9curit\u00e9.","authors":["Hoan Nguyen Cong"],"category_codes":["1000000","1060000"],"visuals":{"large":"https:\/\/images.epagine.fr\/536\/9782312121536_1_75.jpg","medium":"https:\/\/images.epagine.fr\/536\/9782312121536_1_m.jpg","thumbnail":"https:\/\/images.epagine.fr\/536\/9782312121536_1_v.jpg"},"orderable":true,"show_badge":true,"formatted_price":"15,00&nbsp;\u20ac","formatted_published_date":"13 juillet 2022","publisher_availability_label":"Sur commande","short_details":"Hoan Nguyen Cong \u2014 Editions du Net","translator":null,"weight":163,"page_count":106,"readership":null,"editor":"Editions du Net","price":1500,"published_date":"2022-07-12T22:00:00.000000Z","support":"Grand format","publisher_availability":1,"stock":0,"editions":[],"url":"https:\/\/quaidesbrumes.com\/ouvrage\/9782312121536\/de-saigon-a-orsay"},{"id":"9782019187118","title":"Basile mirovitch. traduit du russe","description":"Basile Mirovitch, par Gr\u00e9goire Danilevsky, traduit du russe par Alexandre Romald Date de l'\u00e9dition originale : 1880 Le pr\u00e9sent ouvrage s'inscrit dans une politique de conservation patrimoniale des ouvrages de la litt\u00e9rature Fran\u00e7aise mise en place avec la BNF.\r\nHACHETTE LIVRE et la BNF proposent ainsi un catalogue de titres indisponibles, la BNF ayant num\u00e9ris\u00e9 ces oeuvres et HACHETTE LIVRE les imprimant \u00e0 la demande.\r\nCertains de ces ouvrages refl\u00e8tent des courants de pens\u00e9e caract\u00e9ristiques de leur \u00e9poque, mais qui seraient aujourd'hui jug\u00e9s condamnables.\r\nIls n'en appartiennent pas moins \u00e0 l'histoire des id\u00e9es en France et sont susceptibles de pr\u00e9senter un int\u00e9r\u00eat scientifique ou historique.\r\nLe sens de notre d\u00e9marche \u00e9ditoriale consiste ainsi \u00e0 permettre l'acc\u00e8s \u00e0 ces oeuvres sans pour autant que nous en cautionnions en aucune fa\u00e7on le contenu.\r\n\r\nPour plus d'informations, rendez-vous sur www.hachettebnf.fr","authors":["Danilevskij G P."],"category_codes":["1000000","1060000","1060200"],"visuals":{"large":"https:\/\/images.epagine.fr\/118\/9782019187118_1_75.jpg","medium":"https:\/\/images.epagine.fr\/118\/9782019187118_1_m.jpg","thumbnail":"https:\/\/images.epagine.fr\/118\/9782019187118_1_v.jpg"},"orderable":true,"show_badge":true,"formatted_price":"28,50&nbsp;\u20ac","formatted_published_date":"1er novembre 2017","publisher_availability_label":"Sur commande","short_details":"Danilevskij G P. \u2014 Hachette BNF","translator":null,"weight":608,"page_count":null,"readership":null,"editor":"Hachette BNF","price":2850,"published_date":"2017-10-31T23:00:00.000000Z","support":"Grand format","publisher_availability":1,"stock":0,"editions":[],"url":"https:\/\/quaidesbrumes.com\/ouvrage\/9782019187118\/basile-mirovitch-traduit-du-russe"},{"id":"9782343129143","title":"L'exp\u00e9rience d'un m\u00e9decin de sant\u00e9 publique au Burkina Faso","description":"Cet ouvrage est le t\u00e9moignage d'un acteur important du d\u00e9veloppement du syst\u00e8me de sant\u00e9 du Burkina Faso.","authors":["Brahima michel Sombie"],"category_codes":["1000000","1060000","1060300","1060308"],"visuals":{"large":"https:\/\/images.epagine.fr\/143\/9782343129143_1_75.jpg","medium":"https:\/\/images.epagine.fr\/143\/9782343129143_1_m.jpg","thumbnail":"https:\/\/images.epagine.fr\/143\/9782343129143_1_v.jpg"},"orderable":true,"show_badge":true,"formatted_price":"26,50&nbsp;\u20ac","formatted_published_date":"11 octobre 2017","publisher_availability_label":"Sur commande","short_details":"Brahima michel Sombie \u2014 \u00c9ditions L'Harmattan","translator":null,"weight":290,"page_count":242,"readership":null,"editor":"\u00c9ditions L'Harmattan","price":2650,"published_date":"2017-10-10T22:00:00.000000Z","support":"Grand format","publisher_availability":1,"stock":0,"editions":[],"url":"https:\/\/quaidesbrumes.com\/ouvrage\/9782343129143\/lexperience-dun-medecin-de-sante-publique-au-burkina-faso"},{"id":"9782312054605","title":"Plus qu'un regard ; un hommage \u00e0 mes parents","description":"Achemin\u00e9 vers l'Allemagne comme STO, Marcel se retrouvera \u00e0 Hambourg lorsque les bombardements an\u00e9antiront la ville. Malgr\u00e9 ses blessures, il profitera de la d\u00e9b\u00e2cle pour reprendre par ses propres moyens la direction de la France. Or, traverser le territoire sous le joug de l'ennemi ne sera pas une mince affaire. Le froid, la faim, la peur feront de lui un zombi qui finira sa course terr\u00e9 au fin fond d'une campagne perdue. Apr\u00e8s une enfance digne d'un roman de Victor Hugo, Simone sera accueillie chez l'une de ses soeurs dans le Paris d'avant-guerre. Elle y d\u00e9couvrira la belle vie jusqu'\u00e0 ce que les Allemands envahissent la capitale. Lors de l'exode, elle ira se r\u00e9fugier dans la maison de Juliette situ\u00e9e en plein coeur du bocage normand. Un beau matin, elle d\u00e9busquera dans un des b\u00e2timents de la ferme un jeune homme d'une maigreur effroyable dissimul\u00e9 sous une b\u00e2che. Simone et Marcel prendront le temps de se conna\u00eetre avant qu'une vague de parachutistes ne s'approprie les c\u00f4tes de la Basse-Normandie. Malgr\u00e9 bien des p\u00e9rip\u00e9ties et des privations, leur mariage sera c\u00e9l\u00e9br\u00e9 en d\u00e9cembre 1944. De leur union na\u00eetront une fille et un gar\u00e7on qu'ils \u00e9l\u00e8veront avec infiniment d'amour. Puis viendra le temps o\u00f9 les al\u00e9as de la vieillesse prendront le dessus. De la maison de retraite \u00e0 l'h\u00f4pital en passant par diverses unit\u00e9s de soins, aucune structure ne leur \u00e9chappera jusqu'\u00e0 leur dernier jour. Un t\u00e9moignage de la naissance au d\u00e9c\u00e8s de ses parents que l'auteure avait envie d'\u00e9crire, de partager.","authors":["Jocelyne Delahoulli\u00e8re"],"category_codes":["1000000","1060000","1060300"],"visuals":{"large":"https:\/\/images.epagine.fr\/605\/9782312054605_1_75.jpg","medium":"https:\/\/images.epagine.fr\/605\/9782312054605_1_m.jpg","thumbnail":"https:\/\/images.epagine.fr\/605\/9782312054605_1_v.jpg"},"orderable":true,"show_badge":true,"formatted_price":"13,00&nbsp;\u20ac","formatted_published_date":"2 octobre 2017","publisher_availability_label":"Sur commande","short_details":"Jocelyne Delahoulli\u00e8re \u2014 Editions du Net","translator":null,"weight":216,"page_count":200,"readership":null,"editor":"Editions du Net","price":1300,"published_date":"2017-10-01T22:00:00.000000Z","support":"Grand format","publisher_availability":1,"stock":0,"editions":[],"url":"https:\/\/quaidesbrumes.com\/ouvrage\/9782312054605\/plus-quun-regard-un-hommage-a-mes-parents"},{"id":"9782312055138","title":"Une histoire d'amour ; chronique d'une passion","description":"Chronique d'une passion amoureuse et de la d\u00e9couverte d'une femme magnifique. Deux ann\u00e9es vont dessiner cette rencontre n\u00e9e aux abords d'un h\u00f4pital militaire.","authors":["Bernard Tillon"],"category_codes":["1000000","1060000","1060100"],"visuals":{"large":"https:\/\/images.epagine.fr\/138\/9782312055138_1_75.jpg","medium":"https:\/\/images.epagine.fr\/138\/9782312055138_1_m.jpg","thumbnail":"https:\/\/images.epagine.fr\/138\/9782312055138_1_v.jpg"},"orderable":true,"show_badge":true,"formatted_price":"15,00&nbsp;\u20ac","formatted_published_date":"9 octobre 2017","publisher_availability_label":"Sur commande","short_details":"Bernard Tillon \u2014 Editions du Net","translator":null,"weight":165,"page_count":92,"readership":null,"editor":"Editions du Net","price":1500,"published_date":"2017-10-08T22:00:00.000000Z","support":"Grand format","publisher_availability":1,"stock":0,"editions":[],"url":"https:\/\/quaidesbrumes.com\/ouvrage\/9782312055138\/une-histoire-damour-chronique-dune-passion"},{"id":"9782019186111","title":"Catalogue methodique de la bibliotheque communale de la ville d'amiens. tome 5","description":"Catalogue m\u00e9thodique de la biblioth\u00e8que communale de la ville d'Amiens. 5 \/ [par Jean-Baptiste Garnier] Date de l'\u00e9dition originale : 1853-1874 Appartient \u00e0 l'ensemble documentaire : Picardi1 Le pr\u00e9sent ouvrage s'inscrit dans une politique de conservation patrimoniale des ouvrages de la litt\u00e9rature Fran\u00e7aise mise en place avec la BNF.\r\nHACHETTE LIVRE et la BNF proposent ainsi un catalogue de titres indisponibles, la BNF ayant num\u00e9ris\u00e9 ces oeuvres et HACHETTE LIVRE les imprimant \u00e0 la demande.\r\nCertains de ces ouvrages refl\u00e8tent des courants de pens\u00e9e caract\u00e9ristiques de leur \u00e9poque, mais qui seraient aujourd'hui jug\u00e9s condamnables.\r\nIls n'en appartiennent pas moins \u00e0 l'histoire des id\u00e9es en France et sont susceptibles de pr\u00e9senter un int\u00e9r\u00eat scientifique ou historique.\r\nLe sens de notre d\u00e9marche \u00e9ditoriale consiste ainsi \u00e0 permettre l'acc\u00e8s \u00e0 ces oeuvres sans pour autant que nous en cautionnions en aucune fa\u00e7on le contenu.\r\n\r\nPour plus d'informations, rendez-vous sur www.hachettebnf.fr","authors":["Jacques Garnier"],"category_codes":["1000000","1060000","1060200"],"visuals":{"large":"https:\/\/images.epagine.fr\/111\/9782019186111_1_75.jpg","medium":"https:\/\/images.epagine.fr\/111\/9782019186111_1_m.jpg","thumbnail":"https:\/\/images.epagine.fr\/111\/9782019186111_1_v.jpg"},"orderable":true,"show_badge":true,"formatted_price":"36,50&nbsp;\u20ac","formatted_published_date":"1er novembre 2017","publisher_availability_label":"Sur commande","short_details":"Jacques Garnier \u2014 Hachette BNF","translator":null,"weight":968,"page_count":null,"readership":null,"editor":"Hachette BNF","price":3650,"published_date":"2017-10-31T23:00:00.000000Z","support":"Grand format","publisher_availability":1,"stock":0,"editions":[],"url":"https:\/\/quaidesbrumes.com\/ouvrage\/9782019186111\/catalogue-methodique-de-la-bibliotheque-communale-de-la-ville-damiens-tome-5"},{"id":"9782019186104","title":"Catalogue methodique de la bibliotheque communale de la ville d'amiens. tome 4","description":"Catalogue m\u00e9thodique de la biblioth\u00e8que communale de la ville d'Amiens. 4 \/ [par Jean-Baptiste Garnier] Date de l'\u00e9dition originale : 1853-1874 Appartient \u00e0 l'ensemble documentaire : Picardi1 Le pr\u00e9sent ouvrage s'inscrit dans une politique de conservation patrimoniale des ouvrages de la litt\u00e9rature Fran\u00e7aise mise en place avec la BNF.\r\nHACHETTE LIVRE et la BNF proposent ainsi un catalogue de titres indisponibles, la BNF ayant num\u00e9ris\u00e9 ces oeuvres et HACHETTE LIVRE les imprimant \u00e0 la demande.\r\nCertains de ces ouvrages refl\u00e8tent des courants de pens\u00e9e caract\u00e9ristiques de leur \u00e9poque, mais qui seraient aujourd'hui jug\u00e9s condamnables.\r\nIls n'en appartiennent pas moins \u00e0 l'histoire des id\u00e9es en France et sont susceptibles de pr\u00e9senter un int\u00e9r\u00eat scientifique ou historique.\r\nLe sens de notre d\u00e9marche \u00e9ditoriale consiste ainsi \u00e0 permettre l'acc\u00e8s \u00e0 ces oeuvres sans pour autant que nous en cautionnions en aucune fa\u00e7on le contenu.\r\n\r\nPour plus d'informations, rendez-vous sur www.hachettebnf.fr","authors":["Jacques Garnier"],"category_codes":["1000000","1060000","1060200"],"visuals":{"large":"https:\/\/images.epagine.fr\/104\/9782019186104_1_75.jpg","medium":"https:\/\/images.epagine.fr\/104\/9782019186104_1_m.jpg","thumbnail":"https:\/\/images.epagine.fr\/104\/9782019186104_1_v.jpg"},"orderable":true,"show_badge":true,"formatted_price":"33,00&nbsp;\u20ac","formatted_published_date":"1er novembre 2017","publisher_availability_label":"Sur commande","short_details":"Jacques Garnier \u2014 Hachette BNF","translator":null,"weight":810,"page_count":null,"readership":null,"editor":"Hachette BNF","price":3300,"published_date":"2017-10-31T23:00:00.000000Z","support":"Grand format","publisher_availability":1,"stock":0,"editions":[],"url":"https:\/\/quaidesbrumes.com\/ouvrage\/9782019186104\/catalogue-methodique-de-la-bibliotheque-communale-de-la-ville-damiens-tome-4"},{"id":"9782019186098","title":"Catalogue methodique de la bibliotheque communale de la ville d'amiens. tome 11","description":"Catalogue m\u00e9thodique de la biblioth\u00e8que communale de la ville d'Amiens. 11 \/ [par Jean-Baptiste Garnier] Date de l'\u00e9dition originale : 1853-1874 Appartient \u00e0 l'ensemble documentaire : Picardi1 Le pr\u00e9sent ouvrage s'inscrit dans une politique de conservation patrimoniale des ouvrages de la litt\u00e9rature Fran\u00e7aise mise en place avec la BNF.\r\nHACHETTE LIVRE et la BNF proposent ainsi un catalogue de titres indisponibles, la BNF ayant num\u00e9ris\u00e9 ces oeuvres et HACHETTE LIVRE les imprimant \u00e0 la demande.\r\nCertains de ces ouvrages refl\u00e8tent des courants de pens\u00e9e caract\u00e9ristiques de leur \u00e9poque, mais qui seraient aujourd'hui jug\u00e9s condamnables.\r\nIls n'en appartiennent pas moins \u00e0 l'histoire des id\u00e9es en France et sont susceptibles de pr\u00e9senter un int\u00e9r\u00eat scientifique ou historique.\r\nLe sens de notre d\u00e9marche \u00e9ditoriale consiste ainsi \u00e0 permettre l'acc\u00e8s \u00e0 ces oeuvres sans pour autant que nous en cautionnions en aucune fa\u00e7on le contenu.\r\n\r\nPour plus d'informations, rendez-vous sur www.hachettebnf.fr","authors":["Jacques Garnier"],"category_codes":["1000000","1060000","1060200"],"visuals":{"large":"https:\/\/images.epagine.fr\/098\/9782019186098_1_75.jpg","medium":"https:\/\/images.epagine.fr\/098\/9782019186098_1_m.jpg","thumbnail":"https:\/\/images.epagine.fr\/098\/9782019186098_1_v.jpg"},"orderable":true,"show_badge":true,"formatted_price":"35,50&nbsp;\u20ac","formatted_published_date":"1er novembre 2017","publisher_availability_label":"Sur commande","short_details":"Jacques Garnier \u2014 Hachette BNF","translator":null,"weight":923,"page_count":null,"readership":null,"editor":"Hachette BNF","price":3550,"published_date":"2017-10-31T23:00:00.000000Z","support":"Grand format","publisher_availability":1,"stock":0,"editions":[],"url":"https:\/\/quaidesbrumes.com\/ouvrage\/9782019186098\/catalogue-methodique-de-la-bibliotheque-communale-de-la-ville-damiens-tome-11"},{"id":"9782019186081","title":"Catalogue methodique de la bibliotheque communale de la ville d'amiens. tome 9","description":"Catalogue m\u00e9thodique de la biblioth\u00e8que communale de la ville d'Amiens. 9 \/ [par Jean-Baptiste Garnier] Date de l'\u00e9dition originale : 1853-1874 Appartient \u00e0 l'ensemble documentaire : Picardi1 Le pr\u00e9sent ouvrage s'inscrit dans une politique de conservation patrimoniale des ouvrages de la litt\u00e9rature Fran\u00e7aise mise en place avec la BNF.\r\nHACHETTE LIVRE et la BNF proposent ainsi un catalogue de titres indisponibles, la BNF ayant num\u00e9ris\u00e9 ces oeuvres et HACHETTE LIVRE les imprimant \u00e0 la demande.\r\nCertains de ces ouvrages refl\u00e8tent des courants de pens\u00e9e caract\u00e9ristiques de leur \u00e9poque, mais qui seraient aujourd'hui jug\u00e9s condamnables.\r\nIls n'en appartiennent pas moins \u00e0 l'histoire des id\u00e9es en France et sont susceptibles de pr\u00e9senter un int\u00e9r\u00eat scientifique ou historique.\r\nLe sens de notre d\u00e9marche \u00e9ditoriale consiste ainsi \u00e0 permettre l'acc\u00e8s \u00e0 ces oeuvres sans pour autant que nous en cautionnions en aucune fa\u00e7on le contenu.\r\n\r\nPour plus d'informations, rendez-vous sur www.hachettebnf.fr","authors":["Jacques Garnier"],"category_codes":["1000000","1060000","1060200"],"visuals":{"large":"https:\/\/images.epagine.fr\/081\/9782019186081_1_75.jpg","medium":"https:\/\/images.epagine.fr\/081\/9782019186081_1_m.jpg","thumbnail":"https:\/\/images.epagine.fr\/081\/9782019186081_1_v.jpg"},"orderable":true,"show_badge":true,"formatted_price":"39,50&nbsp;\u20ac","formatted_published_date":"1er novembre 2017","publisher_availability_label":"Sur commande","short_details":"Jacques Garnier \u2014 Hachette BNF","translator":null,"weight":1058,"page_count":null,"readership":null,"editor":"Hachette BNF","price":3950,"published_date":"2017-10-31T23:00:00.000000Z","support":"Grand format","publisher_availability":1,"stock":0,"editions":[],"url":"https:\/\/quaidesbrumes.com\/ouvrage\/9782019186081\/catalogue-methodique-de-la-bibliotheque-communale-de-la-ville-damiens-tome-9"},{"id":"9782019186074","title":"Catalogue methodique de la bibliotheque communale de la ville d'amiens. tome 7","description":"Catalogue m\u00e9thodique de la biblioth\u00e8que communale de la ville d'Amiens. 7 \/ [par Jean-Baptiste Garnier] Date de l'\u00e9dition originale : 1853-1874 Appartient \u00e0 l'ensemble documentaire : Picardi1 Le pr\u00e9sent ouvrage s'inscrit dans une politique de conservation patrimoniale des ouvrages de la litt\u00e9rature Fran\u00e7aise mise en place avec la BNF.\r\nHACHETTE LIVRE et la BNF proposent ainsi un catalogue de titres indisponibles, la BNF ayant num\u00e9ris\u00e9 ces oeuvres et HACHETTE LIVRE les imprimant \u00e0 la demande.\r\nCertains de ces ouvrages refl\u00e8tent des courants de pens\u00e9e caract\u00e9ristiques de leur \u00e9poque, mais qui seraient aujourd'hui jug\u00e9s condamnables.\r\nIls n'en appartiennent pas moins \u00e0 l'histoire des id\u00e9es en France et sont susceptibles de pr\u00e9senter un int\u00e9r\u00eat scientifique ou historique.\r\nLe sens de notre d\u00e9marche \u00e9ditoriale consiste ainsi \u00e0 permettre l'acc\u00e8s \u00e0 ces oeuvres sans pour autant que nous en cautionnions en aucune fa\u00e7on le contenu.\r\n\r\nPour plus d'informations, rendez-vous sur www.hachettebnf.fr","authors":["Jacques Garnier"],"category_codes":["1000000","1060000","1060200"],"visuals":{"large":"https:\/\/images.epagine.fr\/074\/9782019186074_1_75.jpg","medium":"https:\/\/images.epagine.fr\/074\/9782019186074_1_m.jpg","thumbnail":"https:\/\/images.epagine.fr\/074\/9782019186074_1_v.jpg"},"orderable":true,"show_badge":true,"formatted_price":"26,50&nbsp;\u20ac","formatted_published_date":"1er novembre 2017","publisher_availability_label":"Sur commande","short_details":"Jacques Garnier \u2014 Hachette BNF","translator":null,"weight":579,"page_count":null,"readership":null,"editor":"Hachette BNF","price":2650,"published_date":"2017-10-31T23:00:00.000000Z","support":"Grand format","publisher_availability":1,"stock":0,"editions":[],"url":"https:\/\/quaidesbrumes.com\/ouvrage\/9782019186074\/catalogue-methodique-de-la-bibliotheque-communale-de-la-ville-damiens-tome-7"},{"id":"9782019186067","title":"Catalogue methodique de la bibliotheque communale de la ville d'amiens. tome 10","description":"Catalogue m\u00e9thodique de la biblioth\u00e8que communale de la ville d'Amiens. 10 \/ [par Jean-Baptiste Garnier] Date de l'\u00e9dition originale : 1853-1874 Appartient \u00e0 l'ensemble documentaire : Picardi1 Le pr\u00e9sent ouvrage s'inscrit dans une politique de conservation patrimoniale des ouvrages de la litt\u00e9rature Fran\u00e7aise mise en place avec la BNF.\r\nHACHETTE LIVRE et la BNF proposent ainsi un catalogue de titres indisponibles, la BNF ayant num\u00e9ris\u00e9 ces oeuvres et HACHETTE LIVRE les imprimant \u00e0 la demande.\r\nCertains de ces ouvrages refl\u00e8tent des courants de pens\u00e9e caract\u00e9ristiques de leur \u00e9poque, mais qui seraient aujourd'hui jug\u00e9s condamnables.\r\nIls n'en appartiennent pas moins \u00e0 l'histoire des id\u00e9es en France et sont susceptibles de pr\u00e9senter un int\u00e9r\u00eat scientifique ou historique.\r\nLe sens de notre d\u00e9marche \u00e9ditoriale consiste ainsi \u00e0 permettre l'acc\u00e8s \u00e0 ces oeuvres sans pour autant que nous en cautionnions en aucune fa\u00e7on le contenu.\r\n\r\nPour plus d'informations, rendez-vous sur www.hachettebnf.fr","authors":["Jacques Garnier"],"category_codes":["1000000","1060000","1060200"],"visuals":{"large":"https:\/\/images.epagine.fr\/067\/9782019186067_1_75.jpg","medium":"https:\/\/images.epagine.fr\/067\/9782019186067_1_m.jpg","thumbnail":"https:\/\/images.epagine.fr\/067\/9782019186067_1_v.jpg"},"orderable":true,"show_badge":true,"formatted_price":"21,50&nbsp;\u20ac","formatted_published_date":"1er novembre 2017","publisher_availability_label":"Sur commande","short_details":"Jacques Garnier \u2014 Hachette BNF","translator":null,"weight":380,"page_count":null,"readership":null,"editor":"Hachette BNF","price":2150,"published_date":"2017-10-31T23:00:00.000000Z","support":"Grand format","publisher_availability":1,"stock":0,"editions":[],"url":"https:\/\/quaidesbrumes.com\/ouvrage\/9782019186067\/catalogue-methodique-de-la-bibliotheque-communale-de-la-ville-damiens-tome-10"},{"id":"9782019186050","title":"Catalogue methodique de la bibliotheque communale de la ville d'amiens. tome 2","description":"Catalogue m\u00e9thodique de la biblioth\u00e8que communale de la ville d'Amiens. 2 \/ [par Jean-Baptiste Garnier] Date de l'\u00e9dition originale : 1853-1874 Appartient \u00e0 l'ensemble documentaire : Picardi1 Le pr\u00e9sent ouvrage s'inscrit dans une politique de conservation patrimoniale des ouvrages de la litt\u00e9rature Fran\u00e7aise mise en place avec la BNF.\r\nHACHETTE LIVRE et la BNF proposent ainsi un catalogue de titres indisponibles, la BNF ayant num\u00e9ris\u00e9 ces oeuvres et HACHETTE LIVRE les imprimant \u00e0 la demande.\r\nCertains de ces ouvrages refl\u00e8tent des courants de pens\u00e9e caract\u00e9ristiques de leur \u00e9poque, mais qui seraient aujourd'hui jug\u00e9s condamnables.\r\nIls n'en appartiennent pas moins \u00e0 l'histoire des id\u00e9es en France et sont susceptibles de pr\u00e9senter un int\u00e9r\u00eat scientifique ou historique.\r\nLe sens de notre d\u00e9marche \u00e9ditoriale consiste ainsi \u00e0 permettre l'acc\u00e8s \u00e0 ces oeuvres sans pour autant que nous en cautionnions en aucune fa\u00e7on le contenu.\r\n\r\nPour plus d'informations, rendez-vous sur www.hachettebnf.fr","authors":["Jacques Garnier"],"category_codes":["1000000","1060000","1060200"],"visuals":{"large":"https:\/\/images.epagine.fr\/050\/9782019186050_1_75.jpg","medium":"https:\/\/images.epagine.fr\/050\/9782019186050_1_m.jpg","thumbnail":"https:\/\/images.epagine.fr\/050\/9782019186050_1_v.jpg"},"orderable":true,"show_badge":true,"formatted_price":"35,40&nbsp;\u20ac","formatted_published_date":"1er novembre 2017","publisher_availability_label":"Sur commande","short_details":"Jacques Garnier \u2014 Hachette BNF","translator":null,"weight":912,"page_count":null,"readership":null,"editor":"Hachette BNF","price":3540,"published_date":"2017-10-31T23:00:00.000000Z","support":"Grand format","publisher_availability":1,"stock":0,"editions":[],"url":"https:\/\/quaidesbrumes.com\/ouvrage\/9782019186050\/catalogue-methodique-de-la-bibliotheque-communale-de-la-ville-damiens-tome-2"},{"id":"9782019186043","title":"Catalogue methodique de la bibliotheque communale de la ville d'amiens. tome 3","description":"Catalogue m\u00e9thodique de la biblioth\u00e8que communale de la ville d'Amiens. 3 \/ [par Jean-Baptiste Garnier] Date de l'\u00e9dition originale : 1853-1874 Appartient \u00e0 l'ensemble documentaire : Picardi1 Le pr\u00e9sent ouvrage s'inscrit dans une politique de conservation patrimoniale des ouvrages de la litt\u00e9rature Fran\u00e7aise mise en place avec la BNF.\r\nHACHETTE LIVRE et la BNF proposent ainsi un catalogue de titres indisponibles, la BNF ayant num\u00e9ris\u00e9 ces oeuvres et HACHETTE LIVRE les imprimant \u00e0 la demande.\r\nCertains de ces ouvrages refl\u00e8tent des courants de pens\u00e9e caract\u00e9ristiques de leur \u00e9poque, mais qui seraient aujourd'hui jug\u00e9s condamnables.\r\nIls n'en appartiennent pas moins \u00e0 l'histoire des id\u00e9es en France et sont susceptibles de pr\u00e9senter un int\u00e9r\u00eat scientifique ou historique.\r\nLe sens de notre d\u00e9marche \u00e9ditoriale consiste ainsi \u00e0 permettre l'acc\u00e8s \u00e0 ces oeuvres sans pour autant que nous en cautionnions en aucune fa\u00e7on le contenu.\r\n\r\nPour plus d'informations, rendez-vous sur www.hachettebnf.fr","authors":["Jacques Garnier"],"category_codes":["1000000","1060000","1060200"],"visuals":{"large":"https:\/\/images.epagine.fr\/043\/9782019186043_1_75.jpg","medium":"https:\/\/images.epagine.fr\/043\/9782019186043_1_m.jpg","thumbnail":"https:\/\/images.epagine.fr\/043\/9782019186043_1_v.jpg"},"orderable":true,"show_badge":true,"formatted_price":"33,40&nbsp;\u20ac","formatted_published_date":"1er novembre 2017","publisher_availability_label":"Sur commande","short_details":"Jacques Garnier \u2014 Hachette BNF","translator":null,"weight":833,"page_count":null,"readership":null,"editor":"Hachette BNF","price":3340,"published_date":"2017-10-31T23:00:00.000000Z","support":"Grand format","publisher_availability":1,"stock":0,"editions":[],"url":"https:\/\/quaidesbrumes.com\/ouvrage\/9782019186043\/catalogue-methodique-de-la-bibliotheque-communale-de-la-ville-damiens-tome-3"},{"id":"9782019186029","title":"Catalogue methodique de la bibliotheque communale de la ville d'amiens. tome 6","description":"Catalogue m\u00e9thodique de la biblioth\u00e8que communale de la ville d'Amiens. 6 \/ [par Jean-Baptiste Garnier] Date de l'\u00e9dition originale : 1853-1874 Appartient \u00e0 l'ensemble documentaire : Picardi1 Le pr\u00e9sent ouvrage s'inscrit dans une politique de conservation patrimoniale des ouvrages de la litt\u00e9rature Fran\u00e7aise mise en place avec la BNF.\r\nHACHETTE LIVRE et la BNF proposent ainsi un catalogue de titres indisponibles, la BNF ayant num\u00e9ris\u00e9 ces oeuvres et HACHETTE LIVRE les imprimant \u00e0 la demande.\r\nCertains de ces ouvrages refl\u00e8tent des courants de pens\u00e9e caract\u00e9ristiques de leur \u00e9poque, mais qui seraient aujourd'hui jug\u00e9s condamnables.\r\nIls n'en appartiennent pas moins \u00e0 l'histoire des id\u00e9es en France et sont susceptibles de pr\u00e9senter un int\u00e9r\u00eat scientifique ou historique.\r\nLe sens de notre d\u00e9marche \u00e9ditoriale consiste ainsi \u00e0 permettre l'acc\u00e8s \u00e0 ces oeuvres sans pour autant que nous en cautionnions en aucune fa\u00e7on le contenu.\r\n\r\nPour plus d'informations, rendez-vous sur www.hachettebnf.fr","authors":["Jacques Garnier"],"category_codes":["1000000","1060000","1060200"],"visuals":{"large":"https:\/\/images.epagine.fr\/029\/9782019186029_1_75.jpg","medium":"https:\/\/images.epagine.fr\/029\/9782019186029_1_m.jpg","thumbnail":"https:\/\/images.epagine.fr\/029\/9782019186029_1_v.jpg"},"orderable":true,"show_badge":true,"formatted_price":"35,00&nbsp;\u20ac","formatted_published_date":"1er novembre 2017","publisher_availability_label":"Sur commande","short_details":"Jacques Garnier \u2014 Hachette BNF","translator":null,"weight":895,"page_count":null,"readership":null,"editor":"Hachette BNF","price":3500,"published_date":"2017-10-31T23:00:00.000000Z","support":"Grand format","publisher_availability":1,"stock":0,"editions":[],"url":"https:\/\/quaidesbrumes.com\/ouvrage\/9782019186029\/catalogue-methodique-de-la-bibliotheque-communale-de-la-ville-damiens-tome-6"},{"id":"9782019185817","title":"Bibliographie des principales editions originales d'ecrivains francais du xve au xviiie siecle","description":"Bibliographie des principales \u00e9ditions originales d'\u00e9crivains fran\u00e7ais du XVe au XVIIIe si\u00e8cle \/ par Jules Le Petit...\r\nDate de l'\u00e9dition originale : 1888 Sujet de l'ouvrage : \u00c9crivains fran\u00e7ais -- \u00c9ditions originales -- 1500-1800 -- Bibliographie Le pr\u00e9sent ouvrage s'inscrit dans une politique de conservation patrimoniale des ouvrages de la litt\u00e9rature Fran\u00e7aise mise en place avec la BNF.\r\nHACHETTE LIVRE et la BNF proposent ainsi un catalogue de titres indisponibles, la BNF ayant num\u00e9ris\u00e9 ces oeuvres et HACHETTE LIVRE les imprimant \u00e0 la demande.\r\nCertains de ces ouvrages refl\u00e8tent des courants de pens\u00e9e caract\u00e9ristiques de leur \u00e9poque, mais qui seraient aujourd'hui jug\u00e9s condamnables.\r\nIls n'en appartiennent pas moins \u00e0 l'histoire des id\u00e9es en France et sont susceptibles de pr\u00e9senter un int\u00e9r\u00eat scientifique ou historique.\r\nLe sens de notre d\u00e9marche \u00e9ditoriale consiste ainsi \u00e0 permettre l'acc\u00e8s \u00e0 ces oeuvres sans pour autant que nous en cautionnions en aucune fa\u00e7on le contenu.\r\n\r\nPour plus d'informations, rendez-vous sur www.hachettebnf.fr","authors":["Le Petit Jules"],"category_codes":["1000000","1060000","1060200"],"visuals":{"large":"https:\/\/images.epagine.fr\/817\/9782019185817_1_75.jpg","medium":"https:\/\/images.epagine.fr\/817\/9782019185817_1_m.jpg","thumbnail":"https:\/\/images.epagine.fr\/817\/9782019185817_1_v.jpg"},"orderable":true,"show_badge":true,"formatted_price":"33,40&nbsp;\u20ac","formatted_published_date":"1er novembre 2017","publisher_availability_label":"Sur commande","short_details":"Le Petit Jules \u2014 Hachette BNF","translator":null,"weight":825,"page_count":null,"readership":null,"editor":"Hachette BNF","price":3340,"published_date":"2017-10-31T23:00:00.000000Z","support":"Grand format","publisher_availability":1,"stock":0,"editions":[],"url":"https:\/\/quaidesbrumes.com\/ouvrage\/9782019185817\/bibliographie-des-principales-editions-originales-decrivains-francais-du-xve-au-xviiie-siecle"},{"id":"9782019185800","title":"Journaux et journalistes. le siecle","description":"Journaux et journalistes. Le Si\u00e8cle \/ par Alfred Sirven Date de l'\u00e9dition originale : 1865-1866 Sujet de l'ouvrage : Journaux -- Histoire Le pr\u00e9sent ouvrage s'inscrit dans une politique de conservation patrimoniale des ouvrages de la litt\u00e9rature Fran\u00e7aise mise en place avec la BNF.\r\nHACHETTE LIVRE et la BNF proposent ainsi un catalogue de titres indisponibles, la BNF ayant num\u00e9ris\u00e9 ces oeuvres et HACHETTE LIVRE les imprimant \u00e0 la demande.\r\nCertains de ces ouvrages refl\u00e8tent des courants de pens\u00e9e caract\u00e9ristiques de leur \u00e9poque, mais qui seraient aujourd'hui jug\u00e9s condamnables.\r\nIls n'en appartiennent pas moins \u00e0 l'histoire des id\u00e9es en France et sont susceptibles de pr\u00e9senter un int\u00e9r\u00eat scientifique ou historique.\r\nLe sens de notre d\u00e9marche \u00e9ditoriale consiste ainsi \u00e0 permettre l'acc\u00e8s \u00e0 ces oeuvres sans pour autant que nous en cautionnions en aucune fa\u00e7on le contenu.\r\n\r\nPour plus d'informations, rendez-vous sur www.hachettebnf.fr","authors":["Sirven Alfred"],"category_codes":["1000000","1060000"],"visuals":{"large":"https:\/\/images.epagine.fr\/800\/9782019185800_1_75.jpg","medium":"https:\/\/images.epagine.fr\/800\/9782019185800_1_m.jpg","thumbnail":"https:\/\/images.epagine.fr\/800\/9782019185800_1_v.jpg"},"orderable":true,"show_badge":true,"formatted_price":"26,50&nbsp;\u20ac","formatted_published_date":"1er novembre 2017","publisher_availability_label":"Sur commande","short_details":"Sirven Alfred \u2014 Hachette BNF","translator":null,"weight":565,"page_count":null,"readership":null,"editor":"Hachette BNF","price":2650,"published_date":"2017-10-31T23:00:00.000000Z","support":"Grand format","publisher_availability":1,"stock":0,"editions":[],"url":"https:\/\/quaidesbrumes.com\/ouvrage\/9782019185800\/journaux-et-journalistes-le-siecle"}]}