{"data":[{"id":"9781326822569","title":"L'envers de la gloire","description":"Les m\u00e9moires de guerre 39-40 et de captivit\u00e9 (1943-1944) du docteur Jean Vola (Lemberg et Rawa-Ruska, Ukraine), de la \"R\u00e9volte des Sagaies\" \u00e0 Madagascar (1947) et de la guerre d'Indochine (1951-1954)\r","authors":["Vola Jean"],"category_codes":["1000000","1020000"],"visuals":{"large":"https:\/\/images.epagine.fr\/569\/9781326822569_1_75.jpg","medium":"https:\/\/images.epagine.fr\/569\/9781326822569_1_m.jpg","thumbnail":"https:\/\/images.epagine.fr\/569\/9781326822569_1_v.jpg"},"orderable":true,"show_badge":true,"formatted_price":"10,00&nbsp;\u20ac","formatted_published_date":"15 novembre 2016","publisher_availability_label":"Sur commande","short_details":"Vola Jean \u2014 LULU","translator":null,"weight":235,"page_count":null,"readership":null,"editor":"LULU","price":1000,"published_date":"2016-11-14T23:00:00.000000Z","support":"Grand format","publisher_availability":1,"stock":0,"editions":[],"url":"https:\/\/quaidesbrumes.com\/ouvrage\/9781326822569\/lenvers-de-la-gloire"},{"id":"9781326257101","title":"Le fils du vent ; ou l'histoire d'un gar\u00e7on qui n'\u00e9tait pas une vraie fille","description":"\u00c0 l'\u00e9cole, mon institutrice me le disait d\u00e9j\u00e0: \u00ab Il faut que tu caches \u00e7a, c'est pas joli pour une petite fille. \u00bb J'ai pass\u00e9 toute mon enfance \u00e0 jongler entre les r\u00f4les pour satisfaire mon entourage. Fille pour les uns, gar\u00e7on pour les autres, chacun avait son avis sur la question.  Moi, je n'avais pas mon mot \u00e0 dire mais aujourd'hui, le temps des mensonges est r\u00e9volu. Le fils du vent est le premier t\u00e9moignage non censur\u00e9 d'une personne intersexu\u00e9e.\r","authors":["Aurele Guilmain"],"category_codes":["1000000","1060000","1060100"],"visuals":{"large":"https:\/\/images.epagine.fr\/101\/9781326257101_1_75.jpg","medium":"https:\/\/images.epagine.fr\/101\/9781326257101_1_m.jpg","thumbnail":"https:\/\/images.epagine.fr\/101\/9781326257101_1_v.jpg"},"orderable":true,"show_badge":true,"formatted_price":"13,00&nbsp;\u20ac","formatted_published_date":"3 mai 2015","publisher_availability_label":"Sur commande","short_details":"Aurele Guilmain \u2014 LULU","translator":null,"weight":258,"page_count":210,"readership":null,"editor":"LULU","price":1300,"published_date":"2015-05-02T22:00:00.000000Z","support":"Grand format","publisher_availability":1,"stock":0,"editions":[],"url":"https:\/\/quaidesbrumes.com\/ouvrage\/9781326257101\/le-fils-du-vent-ou-lhistoire-dun-garcon-qui-netait-pas-une-vraie-fille"},{"id":"9781470977931","title":"Charles Edmond Chojecki - Tome I","description":"Premi\u00e8re monographie compl\u00e8te sur la vie et les oeuvres de Charles Edmond Chojecki, patriote polonais, explorateur, soldat, po\u00e8te, dramaturge, romancier, journaliste et biblioth\u00e9caire du S\u00e9nat.Seconde \u00e9dition, corrig\u00e9e et index\u00e9e.","authors":["Emmanuel Desurvire"],"category_codes":["1000000","1060000"],"visuals":{"large":"https:\/\/images.epagine.fr\/931\/9781470977931_1_75.jpg","medium":"https:\/\/images.epagine.fr\/931\/9781470977931_1_m.jpg","thumbnail":"https:\/\/images.epagine.fr\/931\/9781470977931_1_v.jpg"},"orderable":true,"show_badge":true,"formatted_price":"30,00&nbsp;\u20ac","formatted_published_date":"26 septembre 2013","publisher_availability_label":"Sur commande","short_details":"Emmanuel Desurvire \u2014 LULU","translator":null,"weight":1100,"page_count":460,"readership":null,"editor":"LULU","price":3000,"published_date":"2013-09-25T22:00:00.000000Z","support":"Poche","publisher_availability":1,"stock":0,"editions":[],"url":"https:\/\/quaidesbrumes.com\/ouvrage\/9781470977931\/charles-edmond-chojecki-tome-i"},{"id":"9782019150341","title":"Bibliographie biographique universelle. vie publique et privee de personnages celebres. tome ii. a-m","description":"Bibliographie biographique universelle. Dictionnaire des ouvrages relatifs \u00e0 l'histoire de la vie publique et priv\u00e9e des personnages c\u00e9l\u00e8bres de tous les temps et de toutes les nations depuis le commencement du monde jusqu'\u00e0 nos jours : contenant : 1) la d\u00e9signation chronologique de toutes les monographies biographiques ; 2) l'\u00e9num\u00e9ration de leurs diverses \u00e9ditions... ; enrichi du R\u00e9pertoire des bio-bibliographies g\u00e9n\u00e9rales, nationales et sp\u00e9ciales. T. II (N-Z) \/ par \u00c9douard Marie Oettinger Date de l'\u00e9dition originale : 1854 Sujet de l'ouvrage : BiobibliographieBiographies -- Bibliographie Le pr\u00e9sent ouvrage s'inscrit dans une politique de conservation patrimoniale des ouvrages de la litt\u00e9rature Fran\u00e7aise mise en place avec la BNF.\r\nHACHETTE LIVRE et la BNF proposent ainsi un catalogue de titres indisponibles, la BNF ayant num\u00e9ris\u00e9 ces oeuvres et HACHETTE LIVRE les imprimant \u00e0 la demande.\r\nCertains de ces ouvrages refl\u00e8tent des courants de pens\u00e9e caract\u00e9ristiques de leur \u00e9poque, mais qui seraient aujourd'hui jug\u00e9s condamnables.\r\nIls n'en appartiennent pas moins \u00e0 l'histoire des id\u00e9es en France et sont susceptibles de pr\u00e9senter un int\u00e9r\u00eat scientifique ou historique.\r\nLe sens de notre d\u00e9marche \u00e9ditoriale consiste ainsi \u00e0 permettre l'acc\u00e8s \u00e0 ces oeuvres sans pour autant que nous en cautionnions en aucune fa\u00e7on le contenu.\r\n\r\nPour plus d'informations, rendez-vous sur www.hachettebnf.fr\r","authors":["Oettinger E M."],"category_codes":["1000000","1060000","1060200"],"visuals":{"large":"https:\/\/images.epagine.fr\/341\/9782019150341_1_75.jpg","medium":"https:\/\/images.epagine.fr\/341\/9782019150341_1_m.jpg","thumbnail":"https:\/\/images.epagine.fr\/341\/9782019150341_1_v.jpg"},"orderable":true,"show_badge":true,"formatted_price":"29,00&nbsp;\u20ac","formatted_published_date":"1er septembre 2017","publisher_availability_label":"Sur commande","short_details":"Oettinger E M. \u2014 Hachette BNF","translator":null,"weight":652,"page_count":null,"readership":null,"editor":"Hachette BNF","price":2900,"published_date":"2017-08-31T22:00:00.000000Z","support":"Grand format","publisher_availability":1,"stock":0,"editions":[],"url":"https:\/\/quaidesbrumes.com\/ouvrage\/9782019150341\/bibliographie-biographique-universelle-vie-publique-et-privee-de-personnages-celebres-tome-ii-a-m"},{"id":"9782019150334","title":"Bibliographie biographique universelle. vie publique et privee de personnages celebres. tome i. a-m","description":"Bibliographie biographique universelle. Dictionnaire des ouvrages relatifs \u00e0 l'histoire de la vie publique et priv\u00e9e des personnages c\u00e9l\u00e8bres de tous les temps et de toutes les nations depuis le commencement du monde jusqu'\u00e0 nos jours : contenant : 1) la d\u00e9signation chronologique de toutes les monographies biographiques ; 2) l'\u00e9num\u00e9ration de leurs diverses \u00e9ditions... ; enrichi du R\u00e9pertoire des bio-bibliographies g\u00e9n\u00e9rales, nationales et sp\u00e9ciales. T. I (A-M) \/ par \u00c9douard Marie Oettinger Date de l'\u00e9dition originale : 1854 Sujet de l'ouvrage : BiobibliographieBiographies -- Bibliographie Le pr\u00e9sent ouvrage s'inscrit dans une politique de conservation patrimoniale des ouvrages de la litt\u00e9rature Fran\u00e7aise mise en place avec la BNF.\r\nHACHETTE LIVRE et la BNF proposent ainsi un catalogue de titres indisponibles, la BNF ayant num\u00e9ris\u00e9 ces oeuvres et HACHETTE LIVRE les imprimant \u00e0 la demande.\r\nCertains de ces ouvrages refl\u00e8tent des courants de pens\u00e9e caract\u00e9ristiques de leur \u00e9poque, mais qui seraient aujourd'hui jug\u00e9s condamnables.\r\nIls n'en appartiennent pas moins \u00e0 l'histoire des id\u00e9es en France et sont susceptibles de pr\u00e9senter un int\u00e9r\u00eat scientifique ou historique.\r\nLe sens de notre d\u00e9marche \u00e9ditoriale consiste ainsi \u00e0 permettre l'acc\u00e8s \u00e0 ces oeuvres sans pour autant que nous en cautionnions en aucune fa\u00e7on le contenu.\r\n\r\nPour plus d'informations, rendez-vous sur www.hachettebnf.fr\r","authors":["Oettinger E M."],"category_codes":["1000000","1060000","1060200"],"visuals":{"large":"https:\/\/images.epagine.fr\/334\/9782019150334_1_75.jpg","medium":"https:\/\/images.epagine.fr\/334\/9782019150334_1_m.jpg","thumbnail":"https:\/\/images.epagine.fr\/334\/9782019150334_1_v.jpg"},"orderable":true,"show_badge":true,"formatted_price":"34,40&nbsp;\u20ac","formatted_published_date":"1er septembre 2017","publisher_availability_label":"Sur commande","short_details":"Oettinger E M. \u2014 Hachette BNF","translator":null,"weight":885,"page_count":null,"readership":null,"editor":"Hachette BNF","price":3440,"published_date":"2017-08-31T22:00:00.000000Z","support":"Grand format","publisher_availability":1,"stock":0,"editions":[],"url":"https:\/\/quaidesbrumes.com\/ouvrage\/9782019150334\/bibliographie-biographique-universelle-vie-publique-et-privee-de-personnages-celebres-tome-i-a-m"},{"id":"9782019150037","title":"Notices extraites du catalogue manuscrit de la bibliotheque de m. duputel","description":"Notices extraites du catalogue manuscrit de la biblioth\u00e8que de M. D****** [P. Duputel] Date de l'\u00e9dition originale : 1839 Le pr\u00e9sent ouvrage s'inscrit dans une politique de conservation patrimoniale des ouvrages de la litt\u00e9rature Fran\u00e7aise mise en place avec la BNF.\r\nHACHETTE LIVRE et la BNF proposent ainsi un catalogue de titres indisponibles, la BNF ayant num\u00e9ris\u00e9 ces oeuvres et HACHETTE LIVRE les imprimant \u00e0 la demande.\r\nCertains de ces ouvrages refl\u00e8tent des courants de pens\u00e9e caract\u00e9ristiques de leur \u00e9poque, mais qui seraient aujourd'hui jug\u00e9s condamnables.\r\nIls n'en appartiennent pas moins \u00e0 l'histoire des id\u00e9es en France et sont susceptibles de pr\u00e9senter un int\u00e9r\u00eat scientifique ou historique.\r\nLe sens de notre d\u00e9marche \u00e9ditoriale consiste ainsi \u00e0 permettre l'acc\u00e8s \u00e0 ces oeuvres sans pour autant que nous en cautionnions en aucune fa\u00e7on le contenu.\r\n\r\nPour plus d'informations, rendez-vous sur www.hachettebnf.fr\r","authors":["Duputel Pierre"],"category_codes":["1000000","1060000","1060200"],"visuals":{"large":"https:\/\/images.epagine.fr\/037\/9782019150037_1_75.jpg","medium":"https:\/\/images.epagine.fr\/037\/9782019150037_1_m.jpg","thumbnail":"https:\/\/images.epagine.fr\/037\/9782019150037_1_v.jpg"},"orderable":true,"show_badge":true,"formatted_price":"21,50&nbsp;\u20ac","formatted_published_date":"1er septembre 2017","publisher_availability_label":"Sur commande","short_details":"Duputel Pierre \u2014 Hachette BNF","translator":null,"weight":357,"page_count":null,"readership":null,"editor":"Hachette BNF","price":2150,"published_date":"2017-08-31T22:00:00.000000Z","support":"Grand format","publisher_availability":1,"stock":0,"editions":[],"url":"https:\/\/quaidesbrumes.com\/ouvrage\/9782019150037\/notices-extraites-du-catalogue-manuscrit-de-la-bibliotheque-de-m-duputel"},{"id":"9782019149635","title":"Memoire du legat onufrius, sur les affaires de liege, 1468","description":"M\u00e9moire du l\u00e9gat Onufrius : sur les affaires de Li\u00e8ge, 1468 \/ [\u00e9d. par l'Acad\u00e9mie royale de Belgique] ; publ. par Stanislas Bormans,...\r\nDate de l'\u00e9dition originale : 1885 Sujet de l'ouvrage : Onufrius de Sancta Cruce (14..-1476)Li\u00e8ge (Belgique) -- 15e si\u00e8cle Le pr\u00e9sent ouvrage s'inscrit dans une politique de conservation patrimoniale des ouvrages de la litt\u00e9rature Fran\u00e7aise mise en place avec la BNF.\r\nHACHETTE LIVRE et la BNF proposent ainsi un catalogue de titres indisponibles, la BNF ayant num\u00e9ris\u00e9 ces oeuvres et HACHETTE LIVRE les imprimant \u00e0 la demande.\r\nCertains de ces ouvrages refl\u00e8tent des courants de pens\u00e9e caract\u00e9ristiques de leur \u00e9poque, mais qui seraient aujourd'hui jug\u00e9s condamnables.\r\nIls n'en appartiennent pas moins \u00e0 l'histoire des id\u00e9es en France et sont susceptibles de pr\u00e9senter un int\u00e9r\u00eat scientifique ou historique.\r\nLe sens de notre d\u00e9marche \u00e9ditoriale consiste ainsi \u00e0 permettre l'acc\u00e8s \u00e0 ces oeuvres sans pour autant que nous en cautionnions en aucune fa\u00e7on le contenu.\r\n\r\nPour plus d'informations, rendez-vous sur www.hachettebnf.fr\r","authors":["Onufrius De Sancta C"],"category_codes":["1000000","1060000","1060200"],"visuals":{"large":"https:\/\/images.epagine.fr\/635\/9782019149635_1_75.jpg","medium":"https:\/\/images.epagine.fr\/635\/9782019149635_1_m.jpg","thumbnail":"https:\/\/images.epagine.fr\/635\/9782019149635_1_v.jpg"},"orderable":true,"show_badge":true,"formatted_price":"20,50&nbsp;\u20ac","formatted_published_date":"1er septembre 2017","publisher_availability_label":"Sur commande","short_details":"Onufrius De Sancta C \u2014 Hachette BNF","translator":null,"weight":343,"page_count":null,"readership":null,"editor":"Hachette BNF","price":2050,"published_date":"2017-08-31T22:00:00.000000Z","support":"Grand format","publisher_availability":1,"stock":0,"editions":[],"url":"https:\/\/quaidesbrumes.com\/ouvrage\/9782019149635\/memoire-du-legat-onufrius-sur-les-affaires-de-liege-1468"},{"id":"9782953132540","title":"Histoire inachev\u00e9e d'un enfant maltrait\u00e9","description":"Autobiographie de l'auteure avec une s\u00e9rie de petites histoires qui r\u00e9v\u00e8lent une souffrance v\u00e9cue depuis sa naissance avec son p\u00e8re avec l'harc\u00e8lement psychologique puis l'inceste et comment elle a pu commencer \u00e0 se lib\u00e9rer de son pass\u00e9 avec le Reiki et d'autres m\u00e9thodes compl\u00e9mentaires qui lui ont apport\u00e9 la connaissance et la d\u00e9couverte de l'Amour de la vie pour construire un meilleur avenir jour apr\u00e8s jour...jusqu'en Turquie puis en France au Pays Basque.","authors":["Martine Cop\u00e9"],"category_codes":["1000000","1060000","1060100"],"visuals":{"large":"https:\/\/images.epagine.fr\/540\/9782953132540_1_75.jpg","medium":"https:\/\/images.epagine.fr\/540\/9782953132540_1_m.jpg","thumbnail":"https:\/\/images.epagine.fr\/540\/9782953132540_1_v.jpg"},"orderable":true,"show_badge":true,"formatted_price":"10,55&nbsp;\u20ac","formatted_published_date":"22 d\u00e9cembre 2015","publisher_availability_label":"Sur commande","short_details":"Martine Cop\u00e9 \u2014 LULU","translator":null,"weight":286,"page_count":118,"readership":null,"editor":"LULU","price":1055,"published_date":"2015-12-21T23:00:00.000000Z","support":"Poche","publisher_availability":1,"stock":0,"editions":[],"url":"https:\/\/quaidesbrumes.com\/ouvrage\/9782953132540\/histoire-inachevee-dun-enfant-maltraite"},{"id":"9781470969998","title":"Jusqu'\u00e0 ce que la mort nous s\u00e9pare...","description":"Je m'appelle J\u00e9r\u00e9my Vandurme et je suis atteint de mucoviscidose. Mon livre est mon combat contre la maladie. Il est constitu\u00e9 de longues soir\u00e9es, de longues nuits \u00e0 \u00e9crire, \u00e0 panser mes plaies par l'\u00e9criture... C'est en elle que je puise l'oxyg\u00e8ne n\u00e9cessaire \u00e0 ma survie.","authors":["J\u00e9r\u00e9my Vandurme"],"category_codes":["1000000","1060000"],"visuals":{"large":"https:\/\/images.epagine.fr\/998\/9781470969998_1_75.jpg","medium":"https:\/\/images.epagine.fr\/998\/9781470969998_1_m.jpg","thumbnail":"https:\/\/images.epagine.fr\/998\/9781470969998_1_v.jpg"},"orderable":true,"show_badge":true,"formatted_price":"16,00&nbsp;\u20ac","formatted_published_date":"29 novembre 2011","publisher_availability_label":"Sur commande","short_details":"J\u00e9r\u00e9my Vandurme \u2014 LULU","translator":null,"weight":286,"page_count":233,"readership":null,"editor":"LULU","price":1600,"published_date":"2011-11-28T23:00:00.000000Z","support":"Poche","publisher_availability":1,"stock":0,"editions":[],"url":"https:\/\/quaidesbrumes.com\/ouvrage\/9781470969998\/jusqua-ce-que-la-mort-nous-separe"},{"id":"9781447592266","title":"Mon jardin secret","description":"Passant de l'enfance \u00e0 l'internat dans les ann\u00e9es soixante, Guy Melchior plonge dans le monde des adultes en pleine guerre froide.Il nous d\u00e9crit ses d\u00e9buts \u00e0 l'arm\u00e9e et son entr\u00e9e dans la vie familiale dans les ann\u00e9es soixante-dix.","authors":["Guy Melchior"],"category_codes":["4000000","4060000","4060300"],"visuals":{"large":"https:\/\/images.epagine.fr\/266\/9781447592266_1_75.jpg","medium":"https:\/\/images.epagine.fr\/266\/9781447592266_1_m.jpg","thumbnail":"https:\/\/images.epagine.fr\/266\/9781447592266_1_v.jpg"},"orderable":true,"show_badge":true,"formatted_price":"16,88&nbsp;\u20ac","formatted_published_date":"1er d\u00e9cembre 2013","publisher_availability_label":"Sur commande","short_details":"Guy Melchior \u2014 LULU","translator":null,"weight":575,"page_count":392,"readership":null,"editor":"LULU","price":1688,"published_date":"2013-11-30T23:00:00.000000Z","support":"Grand format","publisher_availability":1,"stock":0,"editions":[],"url":"https:\/\/quaidesbrumes.com\/ouvrage\/9781447592266\/mon-jardin-secret"},{"id":"9782019147525","title":"La journee des dupes, piece tragi-politi-comique - theatre national, par les grands comediens de la","description":"La Journ\u00e9e des dupes , pi\u00e8ce tragi-politi-comique, repr\u00e9sent\u00e9e sur le th\u00e9\u00e2tre national, par les grands com\u00e9diens de la patrie Date de l'\u00e9dition originale : 1790 Le pr\u00e9sent ouvrage s'inscrit dans une politique de conservation patrimoniale des ouvrages de la litt\u00e9rature Fran\u00e7aise mise en place avec la BNF.\r\nHACHETTE LIVRE et la BNF proposent ainsi un catalogue de titres indisponibles, la BNF ayant num\u00e9ris\u00e9 ces oeuvres et HACHETTE LIVRE les imprimant \u00e0 la demande.\r\nCertains de ces ouvrages refl\u00e8tent des courants de pens\u00e9e caract\u00e9ristiques de leur \u00e9poque, mais qui seraient aujourd'hui jug\u00e9s condamnables.\r\nIls n'en appartiennent pas moins \u00e0 l'histoire des id\u00e9es en France et sont susceptibles de pr\u00e9senter un int\u00e9r\u00eat scientifique ou historique.\r\nLe sens de notre d\u00e9marche \u00e9ditoriale consiste ainsi \u00e0 permettre l'acc\u00e8s \u00e0 ces oeuvres sans pour autant que nous en cautionnions en aucune fa\u00e7on le contenu.\r\n\r\nPour plus d'informations, rendez-vous sur www.hachettebnf.fr\r","authors":["Bergasse Nicolas"],"category_codes":["1000000","1060000"],"visuals":{"large":"https:\/\/images.epagine.fr\/525\/9782019147525_1_75.jpg","medium":"https:\/\/images.epagine.fr\/525\/9782019147525_1_m.jpg","thumbnail":"https:\/\/images.epagine.fr\/525\/9782019147525_1_v.jpg"},"orderable":true,"show_badge":true,"formatted_price":"14,90&nbsp;\u20ac","formatted_published_date":"1er septembre 2017","publisher_availability_label":"Sur commande","short_details":"Bergasse Nicolas \u2014 Hachette BNF","translator":null,"weight":140,"page_count":null,"readership":null,"editor":"Hachette BNF","price":1490,"published_date":"2017-08-31T22:00:00.000000Z","support":"Grand format","publisher_availability":1,"stock":0,"editions":[],"url":"https:\/\/quaidesbrumes.com\/ouvrage\/9782019147525\/la-journee-des-dupes-piece-tragi-politi-comique-theatre-national-par-les-grands-comediens-de-la"},{"id":"9782343126548","title":"Ghislain Joseph Gabio ; journaliste et \u00e9crivain congolais (1972-2015)","description":"\"Cet ouvrage d\u00e9crit le parcours professionnel atypique du journaliste et \u00e9crivain Ghislain Joseph Gabio, connu pour sa voix suave et rassurante. C est une renaissance, un hommage appuy\u00e9, de son vivant, pour tous les sacrifices qu il a consentis de 1972 \u00e0 2015. Pendant cette p\u00e9riode, il aura collect\u00e9, trait\u00e9 et diffus\u00e9 des informations sur le sport de nombreux continents. Dans le journalisme sportif, il est une fiert\u00e9 africaine, sans doute le journaliste le plus c\u00e9l\u00e8bre et le plus f\u00e9cond de l histoire congolaise.\"\r","authors":["Fran\u00e7ois roger Byhamot"],"category_codes":["1000000","1060000"],"visuals":{"large":"https:\/\/images.epagine.fr\/548\/9782343126548_1_75.jpg","medium":"https:\/\/images.epagine.fr\/548\/9782343126548_1_m.jpg","thumbnail":"https:\/\/images.epagine.fr\/548\/9782343126548_1_v.jpg"},"orderable":true,"show_badge":true,"formatted_price":"19,00&nbsp;\u20ac","formatted_published_date":"22 septembre 2017","publisher_availability_label":"Sur commande","short_details":"Fran\u00e7ois roger Byhamot \u2014 \u00c9ditions L'Harmattan","translator":null,"weight":200,"page_count":160,"readership":null,"editor":"\u00c9ditions L'Harmattan","price":1900,"published_date":"2017-09-21T22:00:00.000000Z","support":"Grand format","publisher_availability":1,"stock":0,"editions":[],"url":"https:\/\/quaidesbrumes.com\/ouvrage\/9782343126548\/ghislain-joseph-gabio-journaliste-et-ecrivain-congolais-1972-2015"},{"id":"9782019147150","title":"Catalogue des publications du mercure de france, decembre 1889","description":"Catalogue des publications du Mercure de France : d\u00e9cembre 1889 Date de l'\u00e9dition originale : 1899 Sujet de l'ouvrage : Mercure de France -- Bibliographie -- Catalogues Le pr\u00e9sent ouvrage s'inscrit dans une politique de conservation patrimoniale des ouvrages de la litt\u00e9rature Fran\u00e7aise mise en place avec la BNF.\r\nHACHETTE LIVRE et la BNF proposent ainsi un catalogue de titres indisponibles, la BNF ayant num\u00e9ris\u00e9 ces oeuvres et HACHETTE LIVRE les imprimant \u00e0 la demande.\r\nCertains de ces ouvrages refl\u00e8tent des courants de pens\u00e9e caract\u00e9ristiques de leur \u00e9poque, mais qui seraient aujourd'hui jug\u00e9s condamnables.\r\nIls n'en appartiennent pas moins \u00e0 l'histoire des id\u00e9es en France et sont susceptibles de pr\u00e9senter un int\u00e9r\u00eat scientifique ou historique.\r\nLe sens de notre d\u00e9marche \u00e9ditoriale consiste ainsi \u00e0 permettre l'acc\u00e8s \u00e0 ces oeuvres sans pour autant que nous en cautionnions en aucune fa\u00e7on le contenu.\r\n\r\nPour plus d'informations, rendez-vous sur www.hachettebnf.fr\r","authors":["Mercure De France"],"category_codes":["1000000","1060000","1060200"],"visuals":{"large":"https:\/\/images.epagine.fr\/150\/9782019147150_1_75.jpg","medium":"https:\/\/images.epagine.fr\/150\/9782019147150_1_m.jpg","thumbnail":"https:\/\/images.epagine.fr\/150\/9782019147150_1_v.jpg"},"orderable":true,"show_badge":true,"formatted_price":"11,00&nbsp;\u20ac","formatted_published_date":"1er septembre 2017","publisher_availability_label":"Sur commande","short_details":"Mercure De France \u2014 Hachette BNF","translator":null,"weight":89,"page_count":null,"readership":null,"editor":"Hachette BNF","price":1100,"published_date":"2017-08-31T22:00:00.000000Z","support":"Grand format","publisher_availability":1,"stock":0,"editions":[],"url":"https:\/\/quaidesbrumes.com\/ouvrage\/9782019147150\/catalogue-des-publications-du-mercure-de-france-decembre-1889"},{"id":"9782019145538","title":"Bibliographie de belgique. releve de tous les ecrits periodiques qui se publient dans le royaume - p","description":"Introduction \u00e0 la bibliographie de Belgique : relev\u00e9 de tous les \u00e9crits p\u00e9riodiques qui se publient dans le royaume par les soci\u00e9t\u00e9s savantes, les administrations publiques, les associations et les particuliers \/ dress\u00e9 par les soins de la Section litt\u00e9raire de la Commission des \u00e9changes internationaux Date de l'\u00e9dition originale : 1877 Sujet de l'ouvrage : P\u00e9riodiques -- Belgique -- Bibliographie Le pr\u00e9sent ouvrage s'inscrit dans une politique de conservation patrimoniale des ouvrages de la litt\u00e9rature Fran\u00e7aise mise en place avec la BNF.\r\nHACHETTE LIVRE et la BNF proposent ainsi un catalogue de titres indisponibles, la BNF ayant num\u00e9ris\u00e9 ces oeuvres et HACHETTE LIVRE les imprimant \u00e0 la demande.\r\nCertains de ces ouvrages refl\u00e8tent des courants de pens\u00e9e caract\u00e9ristiques de leur \u00e9poque, mais qui seraient aujourd'hui jug\u00e9s condamnables.\r\nIls n'en appartiennent pas moins \u00e0 l'histoire des id\u00e9es en France et sont susceptibles de pr\u00e9senter un int\u00e9r\u00eat scientifique ou historique.\r\nLe sens de notre d\u00e9marche \u00e9ditoriale consiste ainsi \u00e0 permettre l'acc\u00e8s \u00e0 ces oeuvres sans pour autant que nous en cautionnions en aucune fa\u00e7on le contenu.\r\n\r\nPour plus d'informations, rendez-vous sur www.hachettebnf.fr\r","authors":["Commission Des Echan"],"category_codes":["1000000","1060000","1060200"],"visuals":{"large":"https:\/\/images.epagine.fr\/538\/9782019145538_1_75.jpg","medium":"https:\/\/images.epagine.fr\/538\/9782019145538_1_m.jpg","thumbnail":"https:\/\/images.epagine.fr\/538\/9782019145538_1_v.jpg"},"orderable":true,"show_badge":true,"formatted_price":"17,50&nbsp;\u20ac","formatted_published_date":"1er septembre 2017","publisher_availability_label":"Sur commande","short_details":"Commission Des Echan \u2014 Hachette BNF","translator":null,"weight":243,"page_count":null,"readership":null,"editor":"Hachette BNF","price":1750,"published_date":"2017-08-31T22:00:00.000000Z","support":"Grand format","publisher_availability":1,"stock":0,"editions":[],"url":"https:\/\/quaidesbrumes.com\/ouvrage\/9782019145538\/bibliographie-de-belgique-releve-de-tous-les-ecrits-periodiques-qui-se-publient-dans-le-royaume-p"},{"id":"9782019145491","title":"Histoire des quarante fauteuils de l'academie francaise depuis la fondation, 1635-1855 - tome 4. xxv","description":"Histoire des quarante fauteuils de l'Acad\u00e9mie fran\u00e7aise depuis la fondation jusqu'\u00e0 nos jours, 1635-1855. Tome 4, XXVIII. Le fauteuil de Fontenelle - XL. Le fauteuil de Destutt de Tracy \/ par M. Tyrt\u00e9e Tastet Date de l'\u00e9dition originale : 1855 Sujet de l'ouvrage : Acad\u00e9mie fran\u00e7aise -- Histoire Le pr\u00e9sent ouvrage s'inscrit dans une politique de conservation patrimoniale des ouvrages de la litt\u00e9rature Fran\u00e7aise mise en place avec la BNF.\r\nHACHETTE LIVRE et la BNF proposent ainsi un catalogue de titres indisponibles, la BNF ayant num\u00e9ris\u00e9 ces oeuvres et HACHETTE LIVRE les imprimant \u00e0 la demande.\r\nCertains de ces ouvrages refl\u00e8tent des courants de pens\u00e9e caract\u00e9ristiques de leur \u00e9poque, mais qui seraient aujourd'hui jug\u00e9s condamnables.\r\nIls n'en appartiennent pas moins \u00e0 l'histoire des id\u00e9es en France et sont susceptibles de pr\u00e9senter un int\u00e9r\u00eat scientifique ou historique.\r\nLe sens de notre d\u00e9marche \u00e9ditoriale consiste ainsi \u00e0 permettre l'acc\u00e8s \u00e0 ces oeuvres sans pour autant que nous en cautionnions en aucune fa\u00e7on le contenu.\r\n\r\nPour plus d'informations, rendez-vous sur www.hachettebnf.fr\r","authors":["Tastet Tyrtee"],"category_codes":["1000000","1060000"],"visuals":{"large":"https:\/\/images.epagine.fr\/491\/9782019145491_1_75.jpg","medium":"https:\/\/images.epagine.fr\/491\/9782019145491_1_m.jpg","thumbnail":"https:\/\/images.epagine.fr\/491\/9782019145491_1_v.jpg"},"orderable":true,"show_badge":true,"formatted_price":"35,40&nbsp;\u20ac","formatted_published_date":"1er septembre 2017","publisher_availability_label":"Sur commande","short_details":"Tastet Tyrtee \u2014 Hachette BNF","translator":null,"weight":925,"page_count":null,"readership":null,"editor":"Hachette BNF","price":3540,"published_date":"2017-08-31T22:00:00.000000Z","support":"Grand format","publisher_availability":1,"stock":0,"editions":[],"url":"https:\/\/quaidesbrumes.com\/ouvrage\/9782019145491\/histoire-des-quarante-fauteuils-de-lacademie-francaise-depuis-la-fondation-1635-1855-tome-4-xxv"},{"id":"9782019145484","title":"Histoire des quarante fauteuils de l'academie francaise depuis la fondation, 1635-1855 - tome 1. i.","description":"Histoire des quarante fauteuils de l'Acad\u00e9mie fran\u00e7aise depuis la fondation jusqu'\u00e0 nos jours, 1635-1855. Tome 1, I. Le fauteuil de Fl\u00e9chier - V. Le fauteuil d'Esm\u00e9nard \/ par M. Tyrt\u00e9e Tastet Date de l'\u00e9dition originale : 1855 Sujet de l'ouvrage : Acad\u00e9mie fran\u00e7aise -- Histoire Le pr\u00e9sent ouvrage s'inscrit dans une politique de conservation patrimoniale des ouvrages de la litt\u00e9rature Fran\u00e7aise mise en place avec la BNF.\r\nHACHETTE LIVRE et la BNF proposent ainsi un catalogue de titres indisponibles, la BNF ayant num\u00e9ris\u00e9 ces oeuvres et HACHETTE LIVRE les imprimant \u00e0 la demande.\r\nCertains de ces ouvrages refl\u00e8tent des courants de pens\u00e9e caract\u00e9ristiques de leur \u00e9poque, mais qui seraient aujourd'hui jug\u00e9s condamnables.\r\nIls n'en appartiennent pas moins \u00e0 l'histoire des id\u00e9es en France et sont susceptibles de pr\u00e9senter un int\u00e9r\u00eat scientifique ou historique.\r\nLe sens de notre d\u00e9marche \u00e9ditoriale consiste ainsi \u00e0 permettre l'acc\u00e8s \u00e0 ces oeuvres sans pour autant que nous en cautionnions en aucune fa\u00e7on le contenu.\r\n\r\nPour plus d'informations, rendez-vous sur www.hachettebnf.fr\r","authors":["Tastet Tyrtee"],"category_codes":["1000000","1060000"],"visuals":{"large":"https:\/\/images.epagine.fr\/484\/9782019145484_1_75.jpg","medium":"https:\/\/images.epagine.fr\/484\/9782019145484_1_m.jpg","thumbnail":"https:\/\/images.epagine.fr\/484\/9782019145484_1_v.jpg"},"orderable":true,"show_badge":true,"formatted_price":"27,00&nbsp;\u20ac","formatted_published_date":"1er septembre 2017","publisher_availability_label":"Sur commande","short_details":"Tastet Tyrtee \u2014 Hachette BNF","translator":null,"weight":592,"page_count":null,"readership":null,"editor":"Hachette BNF","price":2700,"published_date":"2017-08-31T22:00:00.000000Z","support":"Grand format","publisher_availability":1,"stock":0,"editions":[],"url":"https:\/\/quaidesbrumes.com\/ouvrage\/9782019145484\/histoire-des-quarante-fauteuils-de-lacademie-francaise-depuis-la-fondation-1635-1855-tome-1-i"},{"id":"9782019173548","title":"Supplement a l'essai sur la vie et les ouvrages de bernardin de saint-pierre - sa conduite pendant l","description":"Suppl\u00e9ment \u00e0 l'\"Essai sur la vie et les ouvrages de Bernardin de Saint-Pierre\", renfermant l'histoire de sa conduite pendant la r\u00e9volution et de ses relations particuli\u00e8res avec Louis, Joseph et Napol\u00e9on Buonaparte ; par Louis Aim\u00e9-Martin Date de l'\u00e9dition originale : 1826 Sujet de l'ouvrage : Saint-Pierre, Bernardin de Le pr\u00e9sent ouvrage s'inscrit dans une politique de conservation patrimoniale des ouvrages de la litt\u00e9rature Fran\u00e7aise mise en place avec la BNF.\r\nHACHETTE LIVRE et la BNF proposent ainsi un catalogue de titres indisponibles, la BNF ayant num\u00e9ris\u00e9 ces oeuvres et HACHETTE LIVRE les imprimant \u00e0 la demande.\r\nCertains de ces ouvrages refl\u00e8tent des courants de pens\u00e9e caract\u00e9ristiques de leur \u00e9poque, mais qui seraient aujourd'hui jug\u00e9s condamnables.\r\nIls n'en appartiennent pas moins \u00e0 l'histoire des id\u00e9es en France et sont susceptibles de pr\u00e9senter un int\u00e9r\u00eat scientifique ou historique.\r\nLe sens de notre d\u00e9marche \u00e9ditoriale consiste ainsi \u00e0 permettre l'acc\u00e8s \u00e0 ces oeuvres sans pour autant que nous en cautionnions en aucune fa\u00e7on le contenu.\r\n\r\nPour plus d'informations, rendez-vous sur www.hachettebnf.fr\r","authors":["Martin Louis-Aime"],"category_codes":["1000000","1060000","1060200"],"visuals":{"large":"https:\/\/images.epagine.fr\/548\/9782019173548_1_75.jpg","medium":"https:\/\/images.epagine.fr\/548\/9782019173548_1_m.jpg","thumbnail":"https:\/\/images.epagine.fr\/548\/9782019173548_1_v.jpg"},"orderable":true,"show_badge":true,"formatted_price":"17,50&nbsp;\u20ac","formatted_published_date":"1er octobre 2017","publisher_availability_label":"Sur commande","short_details":"Martin Louis-Aime \u2014 Hachette BNF","translator":null,"weight":230,"page_count":null,"readership":null,"editor":"Hachette BNF","price":1750,"published_date":"2017-09-30T22:00:00.000000Z","support":"Grand format","publisher_availability":1,"stock":0,"editions":[],"url":"https:\/\/quaidesbrumes.com\/ouvrage\/9782019173548\/supplement-a-lessai-sur-la-vie-et-les-ouvrages-de-bernardin-de-saint-pierre-sa-conduite-pendant-l"},{"id":"9782019172749","title":"Eloge de m. de tourny, ancien intendant de la guyenne, discours couronne, le 2 septembre 1808 - sean","description":"\u00c9loge de M. de Tourny, ancien intendant de la Guyenne, discours couronn\u00e9, le 2 septembre 1808, dans la s\u00e9ance publique de la Soci\u00e9t\u00e9 des sciences et arts de Bordeaux, par F. J......t [Jouannet],...\r\nDate de l'\u00e9dition originale : 1809 Appartient \u00e0 l'ensemble documentaire : Aquit1 Le pr\u00e9sent ouvrage s'inscrit dans une politique de conservation patrimoniale des ouvrages de la litt\u00e9rature Fran\u00e7aise mise en place avec la BNF.\r\nHACHETTE LIVRE et la BNF proposent ainsi un catalogue de titres indisponibles, la BNF ayant num\u00e9ris\u00e9 ces oeuvres et HACHETTE LIVRE les imprimant \u00e0 la demande.\r\nCertains de ces ouvrages refl\u00e8tent des courants de pens\u00e9e caract\u00e9ristiques de leur \u00e9poque, mais qui seraient aujourd'hui jug\u00e9s condamnables.\r\nIls n'en appartiennent pas moins \u00e0 l'histoire des id\u00e9es en France et sont susceptibles de pr\u00e9senter un int\u00e9r\u00eat scientifique ou historique.\r\nLe sens de notre d\u00e9marche \u00e9ditoriale consiste ainsi \u00e0 permettre l'acc\u00e8s \u00e0 ces oeuvres sans pour autant que nous en cautionnions en aucune fa\u00e7on le contenu.\r\n\r\nPour plus d'informations, rendez-vous sur www.hachettebnf.fr\r","authors":["Vatar-Jouannet F-R-B"],"category_codes":["1000000","1060000","1060200"],"visuals":{"large":"https:\/\/images.epagine.fr\/749\/9782019172749_1_75.jpg","medium":"https:\/\/images.epagine.fr\/749\/9782019172749_1_m.jpg","thumbnail":"https:\/\/images.epagine.fr\/749\/9782019172749_1_v.jpg"},"orderable":true,"show_badge":true,"formatted_price":"13,90&nbsp;\u20ac","formatted_published_date":"1er octobre 2017","publisher_availability_label":"Sur commande","short_details":"Vatar-Jouannet F-R-B \u2014 Hachette BNF","translator":null,"weight":132,"page_count":null,"readership":null,"editor":"Hachette BNF","price":1390,"published_date":"2017-09-30T22:00:00.000000Z","support":"Grand format","publisher_availability":1,"stock":0,"editions":[],"url":"https:\/\/quaidesbrumes.com\/ouvrage\/9782019172749\/eloge-de-m-de-tourny-ancien-intendant-de-la-guyenne-discours-couronne-le-2-septembre-1808-sean"},{"id":"9782019172053","title":"Eloge de m. h. tessier. conference des avocats de bordeaux, 15 decembre 1864","description":"\u00c9loge de M. H. Tessier, prononc\u00e9 \u00e0 la conf\u00e9rence des avocats de Bordeaux, le jeudi 15 d\u00e9cembre 1864 , par M. Ludovic Trarieux,...\r\nDate de l'\u00e9dition originale : 1864 Sujet de l'ouvrage : Tessier Appartient \u00e0 l'ensemble documentaire : Aquit1 Le pr\u00e9sent ouvrage s'inscrit dans une politique de conservation patrimoniale des ouvrages de la litt\u00e9rature Fran\u00e7aise mise en place avec la BNF.\r\nHACHETTE LIVRE et la BNF proposent ainsi un catalogue de titres indisponibles, la BNF ayant num\u00e9ris\u00e9 ces oeuvres et HACHETTE LIVRE les imprimant \u00e0 la demande.\r\nCertains de ces ouvrages refl\u00e8tent des courants de pens\u00e9e caract\u00e9ristiques de leur \u00e9poque, mais qui seraient aujourd'hui jug\u00e9s condamnables.\r\nIls n'en appartiennent pas moins \u00e0 l'histoire des id\u00e9es en France et sont susceptibles de pr\u00e9senter un int\u00e9r\u00eat scientifique ou historique.\r\nLe sens de notre d\u00e9marche \u00e9ditoriale consiste ainsi \u00e0 permettre l'acc\u00e8s \u00e0 ces oeuvres sans pour autant que nous en cautionnions en aucune fa\u00e7on le contenu.\r\n\r\nPour plus d'informations, rendez-vous sur www.hachettebnf.fr\r","authors":["Trarieux Ludovic"],"category_codes":["1000000","1060000","1060200"],"visuals":{"large":"https:\/\/images.epagine.fr\/053\/9782019172053_1_75.jpg","medium":"https:\/\/images.epagine.fr\/053\/9782019172053_1_m.jpg","thumbnail":"https:\/\/images.epagine.fr\/053\/9782019172053_1_v.jpg"},"orderable":true,"show_badge":true,"formatted_price":"9,50&nbsp;\u20ac","formatted_published_date":"1er octobre 2017","publisher_availability_label":"Sur commande","short_details":"Trarieux Ludovic \u2014 Hachette BNF","translator":null,"weight":62,"page_count":null,"readership":null,"editor":"Hachette BNF","price":950,"published_date":"2017-09-30T22:00:00.000000Z","support":"Grand format","publisher_availability":1,"stock":0,"editions":[],"url":"https:\/\/quaidesbrumes.com\/ouvrage\/9782019172053\/eloge-de-m-h-tessier-conference-des-avocats-de-bordeaux-15-decembre-1864"},{"id":"9782019171834","title":"Notice historique sur m. de sibas, chef de bataillon en retraite, a mauleon, basses-pyrenees","description":"Notice historique sur M. de Sibas, chef de bataillon en retraite, \u00e0 Maul\u00e9on (Basses-Pyr\u00e9n\u00e9es) Date de l'\u00e9dition originale : 1846 Sujet de l'ouvrage : Sibas, de Appartient \u00e0 l'ensemble documentaire : Aquit1 Le pr\u00e9sent ouvrage s'inscrit dans une politique de conservation patrimoniale des ouvrages de la litt\u00e9rature Fran\u00e7aise mise en place avec la BNF.\r\nHACHETTE LIVRE et la BNF proposent ainsi un catalogue de titres indisponibles, la BNF ayant num\u00e9ris\u00e9 ces oeuvres et HACHETTE LIVRE les imprimant \u00e0 la demande.\r\nCertains de ces ouvrages refl\u00e8tent des courants de pens\u00e9e caract\u00e9ristiques de leur \u00e9poque, mais qui seraient aujourd'hui jug\u00e9s condamnables.\r\nIls n'en appartiennent pas moins \u00e0 l'histoire des id\u00e9es en France et sont susceptibles de pr\u00e9senter un int\u00e9r\u00eat scientifique ou historique.\r\nLe sens de notre d\u00e9marche \u00e9ditoriale consiste ainsi \u00e0 permettre l'acc\u00e8s \u00e0 ces oeuvres sans pour autant que nous en cautionnions en aucune fa\u00e7on le contenu.\r\n\r\nPour plus d'informations, rendez-vous sur www.hachettebnf.fr\r","authors":["Sibas"],"category_codes":["1000000","1060000","1060200"],"visuals":{"large":"https:\/\/images.epagine.fr\/834\/9782019171834_1_75.jpg","medium":"https:\/\/images.epagine.fr\/834\/9782019171834_1_m.jpg","thumbnail":"https:\/\/images.epagine.fr\/834\/9782019171834_1_v.jpg"},"orderable":true,"show_badge":true,"formatted_price":"9,50&nbsp;\u20ac","formatted_published_date":"1er octobre 2017","publisher_availability_label":"Sur commande","short_details":"Sibas \u2014 Hachette BNF","translator":null,"weight":62,"page_count":null,"readership":null,"editor":"Hachette BNF","price":950,"published_date":"2017-09-30T22:00:00.000000Z","support":"Grand format","publisher_availability":1,"stock":0,"editions":[],"url":"https:\/\/quaidesbrumes.com\/ouvrage\/9782019171834\/notice-historique-sur-m-de-sibas-chef-de-bataillon-en-retraite-a-mauleon-basses-pyrenees"},{"id":"9782019170509","title":"These de doctorat. propriete et administration des mines chez les romains en droit romain - depenses","description":"Facult\u00e9 de droit de Bordeaux. Droit romain : de la Propri\u00e9t\u00e9 et de l'administration des mines chez les Romains. Droit fran\u00e7ais : des D\u00e9penses obligatoires des communes. Th\u00e8se pour le doctorat, soutenue... le 15 janvier 1880, par Andr\u00e9 B\u00e9nac,...\r\nDate de l'\u00e9dition originale : 1879 Appartient \u00e0 l'ensemble documentaire : Aquit1 Le pr\u00e9sent ouvrage s'inscrit dans une politique de conservation patrimoniale des ouvrages de la litt\u00e9rature Fran\u00e7aise mise en place avec la BNF.\r\nHACHETTE LIVRE et la BNF proposent ainsi un catalogue de titres indisponibles, la BNF ayant num\u00e9ris\u00e9 ces oeuvres et HACHETTE LIVRE les imprimant \u00e0 la demande.\r\nCertains de ces ouvrages refl\u00e8tent des courants de pens\u00e9e caract\u00e9ristiques de leur \u00e9poque, mais qui seraient aujourd'hui jug\u00e9s condamnables.\r\nIls n'en appartiennent pas moins \u00e0 l'histoire des id\u00e9es en France et sont susceptibles de pr\u00e9senter un int\u00e9r\u00eat scientifique ou historique.\r\nLe sens de notre d\u00e9marche \u00e9ditoriale consiste ainsi \u00e0 permettre l'acc\u00e8s \u00e0 ces oeuvres sans pour autant que nous en cautionnions en aucune fa\u00e7on le contenu.\r\n\r\nPour plus d'informations, rendez-vous sur www.hachettebnf.fr\r","authors":["Benac Andre"],"category_codes":["1000000","1060000","1060200"],"visuals":{"large":"https:\/\/images.epagine.fr\/509\/9782019170509_1_75.jpg","medium":"https:\/\/images.epagine.fr\/509\/9782019170509_1_m.jpg","thumbnail":"https:\/\/images.epagine.fr\/509\/9782019170509_1_v.jpg"},"orderable":true,"show_badge":true,"formatted_price":"18,00&nbsp;\u20ac","formatted_published_date":"1er octobre 2017","publisher_availability_label":"Sur commande","short_details":"Benac Andre \u2014 Hachette BNF","translator":null,"weight":254,"page_count":null,"readership":null,"editor":"Hachette BNF","price":1800,"published_date":"2017-09-30T22:00:00.000000Z","support":"Grand format","publisher_availability":1,"stock":0,"editions":[],"url":"https:\/\/quaidesbrumes.com\/ouvrage\/9782019170509\/these-de-doctorat-propriete-et-administration-des-mines-chez-les-romains-en-droit-romain-depenses"},{"id":"9782019169923","title":"Eloge de m. l. de saget, prononce le 14 decembre 1850, a la rentree des conferences","description":"\u00c9loge de M. L. de Saget, prononc\u00e9 le 14 d\u00e9cembre 1850, \u00e0 la rentr\u00e9e des conf\u00e9rences , par M. Charles Petit,...\r\nDate de l'\u00e9dition originale : 1850 Sujet de l'ouvrage : Saget, de Appartient \u00e0 l'ensemble documentaire : Aquit1 Le pr\u00e9sent ouvrage s'inscrit dans une politique de conservation patrimoniale des ouvrages de la litt\u00e9rature Fran\u00e7aise mise en place avec la BNF.\r\nHACHETTE LIVRE et la BNF proposent ainsi un catalogue de titres indisponibles, la BNF ayant num\u00e9ris\u00e9 ces oeuvres et HACHETTE LIVRE les imprimant \u00e0 la demande.\r\nCertains de ces ouvrages refl\u00e8tent des courants de pens\u00e9e caract\u00e9ristiques de leur \u00e9poque, mais qui seraient aujourd'hui jug\u00e9s condamnables.\r\nIls n'en appartiennent pas moins \u00e0 l'histoire des id\u00e9es en France et sont susceptibles de pr\u00e9senter un int\u00e9r\u00eat scientifique ou historique.\r\nLe sens de notre d\u00e9marche \u00e9ditoriale consiste ainsi \u00e0 permettre l'acc\u00e8s \u00e0 ces oeuvres sans pour autant que nous en cautionnions en aucune fa\u00e7on le contenu.\r\n\r\nPour plus d'informations, rendez-vous sur www.hachettebnf.fr\r","authors":["Charles Petit"],"category_codes":["1000000","1060000","1060200"],"visuals":{"large":"https:\/\/images.epagine.fr\/923\/9782019169923_1_75.jpg","medium":"https:\/\/images.epagine.fr\/923\/9782019169923_1_m.jpg","thumbnail":"https:\/\/images.epagine.fr\/923\/9782019169923_1_v.jpg"},"orderable":true,"show_badge":true,"formatted_price":"9,50&nbsp;\u20ac","formatted_published_date":"1er octobre 2017","publisher_availability_label":"Sur commande","short_details":"Charles Petit \u2014 Hachette BNF","translator":null,"weight":56,"page_count":null,"readership":null,"editor":"Hachette BNF","price":950,"published_date":"2017-09-30T22:00:00.000000Z","support":"Grand format","publisher_availability":1,"stock":0,"editions":[],"url":"https:\/\/quaidesbrumes.com\/ouvrage\/9782019169923\/eloge-de-m-l-de-saget-prononce-le-14-decembre-1850-a-la-rentree-des-conferences"},{"id":"9782019169817","title":"Recueil de pieces interessantes relatives aux evenements qui ont eu lieu a bordeaux - et dans le dep","description":"Recueil de pi\u00e8ces int\u00e9ressantes relatives aux \u00e9v\u00e9nements qui ont eu lieu \u00e0 Bordeaux et dans le d\u00e9partement de la Gironde en 1814 et 1815, la plupart de ces pi\u00e8ces inconnues jusqu'\u00e0 ce jour Date de l'\u00e9dition originale : 1817 Sujet de l'ouvrage : France (1814-1815) Appartient \u00e0 l'ensemble documentaire : Aquit1 Le pr\u00e9sent ouvrage s'inscrit dans une politique de conservation patrimoniale des ouvrages de la litt\u00e9rature Fran\u00e7aise mise en place avec la BNF.\r\nHACHETTE LIVRE et la BNF proposent ainsi un catalogue de titres indisponibles, la BNF ayant num\u00e9ris\u00e9 ces oeuvres et HACHETTE LIVRE les imprimant \u00e0 la demande.\r\nCertains de ces ouvrages refl\u00e8tent des courants de pens\u00e9e caract\u00e9ristiques de leur \u00e9poque, mais qui seraient aujourd'hui jug\u00e9s condamnables.\r\nIls n'en appartiennent pas moins \u00e0 l'histoire des id\u00e9es en France et sont susceptibles de pr\u00e9senter un int\u00e9r\u00eat scientifique ou historique.\r\nLe sens de notre d\u00e9marche \u00e9ditoriale consiste ainsi \u00e0 permettre l'acc\u00e8s \u00e0 ces oeuvres sans pour autant que nous en cautionnions en aucune fa\u00e7on le contenu.\r\n\r\nPour plus d'informations, rendez-vous sur www.hachettebnf.fr\r","authors":["D"],"category_codes":["1000000","1060000","1060200"],"visuals":{"large":"https:\/\/images.epagine.fr\/817\/9782019169817_1_75.jpg","medium":"https:\/\/images.epagine.fr\/817\/9782019169817_1_m.jpg","thumbnail":"https:\/\/images.epagine.fr\/817\/9782019169817_1_v.jpg"},"orderable":true,"show_badge":true,"formatted_price":"16,50&nbsp;\u20ac","formatted_published_date":"1er octobre 2017","publisher_availability_label":"Sur commande","short_details":"D \u2014 Hachette BNF","translator":null,"weight":189,"page_count":null,"readership":null,"editor":"Hachette BNF","price":1650,"published_date":"2017-09-30T22:00:00.000000Z","support":"Grand format","publisher_availability":1,"stock":0,"editions":[],"url":"https:\/\/quaidesbrumes.com\/ouvrage\/9782019169817\/recueil-de-pieces-interessantes-relatives-aux-evenements-qui-ont-eu-lieu-a-bordeaux-et-dans-le-dep"},{"id":"9782322166916","title":"Memoires d un baroudeur opportuniste","description":"Quarante ans avant que l'auto-entreprise ne devienne LA solution pour nombre de jeunes des g\u00e9n\u00e9rations \u00e0 venir, l'auteur, enfant heureux mais rebelle, prit son destin en main \u00e0 dix-huit ans, sans dipl\u00f4me ni formation, et partit \u00e0 la conqu\u00eate du monde.\r\nIl entreprit une carri\u00e8re multiforme et passionnante, s'adaptant aux circonstances, aux opportunit\u00e9s qui se pr\u00e9sentaient, exer\u00e7ant alors dix m\u00e9tiers diff\u00e9rents dans une vingtaine de pays de l'Europe, d'Afrique et du Moyen Orient. Il r\u00e9ussit \u00e0 commercer aussi bien aux Etats-Unis qu'au Japon et dans les pays du Sud Est Asiatique.\r\nApr\u00e8s quarante-deux ann\u00e9es de vadrouille plan\u00e9taire, il prit une retraite m\u00e9rit\u00e9e mais se lan\u00e7a dans une carri\u00e8re litt\u00e9raire non programm\u00e9e qui l'amena \u00e0 r\u00e9diger ce dernier ouvrage autobiographique qui pourrait donner des id\u00e9es \u00e0 ceux qui n'en ont pas ou \u00e0 ceux que la vie actuelle abandonne au bord du chemin.\r","authors":["Dominique Bougerie"],"category_codes":["1000000","1060000","1060100"],"visuals":{"large":"https:\/\/images.epagine.fr\/916\/9782322166916_1_75.jpg","medium":"https:\/\/images.epagine.fr\/916\/9782322166916_1_m.jpg","thumbnail":"https:\/\/images.epagine.fr\/916\/9782322166916_1_v.jpg"},"orderable":true,"show_badge":true,"formatted_price":"17,00&nbsp;\u20ac","formatted_published_date":"20 septembre 2017","publisher_availability_label":"Sur commande","short_details":"Dominique Bougerie \u2014 Books on Demand","translator":null,"weight":705,"page_count":492,"readership":null,"editor":"Books on Demand","price":1700,"published_date":"2017-09-19T22:00:00.000000Z","support":"Grand format","publisher_availability":1,"stock":0,"editions":[],"url":"https:\/\/quaidesbrumes.com\/ouvrage\/9782322166916\/memoires-d-un-baroudeur-opportuniste"}]}