{"data":[{"id":"9788481365139","title":"Cesar borgia - el hijo del papa","description":null,"authors":["Jose Luis Urrutia"],"category_codes":["1000000","1060000","1060200"],"visuals":{"large":"https:\/\/quaidesbrumes.com\/img\/book-placeholder.png","medium":"https:\/\/quaidesbrumes.com\/img\/book-placeholder.png","thumbnail":"https:\/\/quaidesbrumes.com\/img\/book-placeholder.png"},"orderable":true,"show_badge":true,"formatted_price":"19,00&nbsp;\u20ac","formatted_published_date":"29 mai 2008","publisher_availability_label":"Sur commande","short_details":"Jose Luis Urrutia \u2014 Txalaparta","translator":null,"weight":401,"page_count":null,"readership":null,"editor":"Txalaparta","price":1900,"published_date":"2008-05-28T22:00:00.000000Z","support":"Grand format","publisher_availability":1,"stock":0,"editions":[],"url":"https:\/\/quaidesbrumes.com\/ouvrage\/9788481365139\/cesar-borgia-el-hijo-del-papa"},{"id":"9788481365238","title":"Pakito arriaran - de arrasate a chalatenango","description":null,"authors":["Ricardo Castellon"],"category_codes":["1000000","1060000","1060200"],"visuals":{"large":"https:\/\/quaidesbrumes.com\/img\/book-placeholder.png","medium":"https:\/\/quaidesbrumes.com\/img\/book-placeholder.png","thumbnail":"https:\/\/quaidesbrumes.com\/img\/book-placeholder.png"},"orderable":true,"show_badge":true,"formatted_price":"16,00&nbsp;\u20ac","formatted_published_date":"8 octobre 2008","publisher_availability_label":"Sur commande","short_details":"Ricardo Castellon \u2014 Txalaparta","translator":null,"weight":401,"page_count":null,"readership":null,"editor":"Txalaparta","price":1600,"published_date":"2008-10-07T22:00:00.000000Z","support":"Grand format","publisher_availability":1,"stock":0,"editions":[],"url":"https:\/\/quaidesbrumes.com\/ouvrage\/9788481365238\/pakito-arriaran-de-arrasate-a-chalatenango"},{"id":"9788481365245","title":"Celestino uriarte - clandestinidad y resistencia comunista","description":null,"authors":["Juan Ramon Garai"],"category_codes":["1000000","1060000","1060200"],"visuals":{"large":"https:\/\/quaidesbrumes.com\/img\/book-placeholder.png","medium":"https:\/\/quaidesbrumes.com\/img\/book-placeholder.png","thumbnail":"https:\/\/quaidesbrumes.com\/img\/book-placeholder.png"},"orderable":true,"show_badge":true,"formatted_price":"19,00&nbsp;\u20ac","formatted_published_date":"15 octobre 2008","publisher_availability_label":"Sur commande","short_details":"Juan Ramon Garai \u2014 Txalaparta","translator":null,"weight":401,"page_count":null,"readership":null,"editor":"Txalaparta","price":1900,"published_date":"2008-10-14T22:00:00.000000Z","support":"Grand format","publisher_availability":1,"stock":0,"editions":[],"url":"https:\/\/quaidesbrumes.com\/ouvrage\/9788481365245\/celestino-uriarte-clandestinidad-y-resistencia-comunista"},{"id":"9788481365320","title":"Revolucion por el tejado, la - autobiografia","description":null,"authors":["Lucio Urtubia"],"category_codes":["1000000","1060000","1060200"],"visuals":{"large":"https:\/\/quaidesbrumes.com\/img\/book-placeholder.png","medium":"https:\/\/quaidesbrumes.com\/img\/book-placeholder.png","thumbnail":"https:\/\/quaidesbrumes.com\/img\/book-placeholder.png"},"orderable":true,"show_badge":true,"formatted_price":"18,55&nbsp;\u20ac","formatted_published_date":"19 novembre 2008","publisher_availability_label":"Sur commande","short_details":"Lucio Urtubia \u2014 Txalaparta","translator":null,"weight":401,"page_count":null,"readership":null,"editor":"Txalaparta","price":1855,"published_date":"2008-11-18T23:00:00.000000Z","support":"Grand format","publisher_availability":1,"stock":0,"editions":[],"url":"https:\/\/quaidesbrumes.com\/ouvrage\/9788481365320\/revolucion-por-el-tejado-la-autobiografia"},{"id":"9788481365504","title":"Afonia de ezequiel, la","description":null,"authors":["Castor Olcoz"],"category_codes":["1000000","1060000","1060200"],"visuals":{"large":"https:\/\/quaidesbrumes.com\/img\/book-placeholder.png","medium":"https:\/\/quaidesbrumes.com\/img\/book-placeholder.png","thumbnail":"https:\/\/quaidesbrumes.com\/img\/book-placeholder.png"},"orderable":true,"show_badge":true,"formatted_price":"18,50&nbsp;\u20ac","formatted_published_date":"12 juin 2009","publisher_availability_label":"Sur commande","short_details":"Castor Olcoz \u2014 Txalaparta","translator":null,"weight":401,"page_count":null,"readership":null,"editor":"Txalaparta","price":1850,"published_date":"2009-06-11T22:00:00.000000Z","support":"Grand format","publisher_availability":1,"stock":0,"editions":[],"url":"https:\/\/quaidesbrumes.com\/ouvrage\/9788481365504\/afonia-de-ezequiel-la"},{"id":"9788481365641","title":"Me llaman el solitario - autobiografia de un expropiador de bancos","description":null,"authors":["Jaime Gimenez Arbe"],"category_codes":["1000000","1060000","1060200"],"visuals":{"large":"https:\/\/quaidesbrumes.com\/img\/book-placeholder.png","medium":"https:\/\/quaidesbrumes.com\/img\/book-placeholder.png","thumbnail":"https:\/\/quaidesbrumes.com\/img\/book-placeholder.png"},"orderable":true,"show_badge":true,"formatted_price":"22,25&nbsp;\u20ac","formatted_published_date":"27 novembre 2009","publisher_availability_label":"Sur commande","short_details":"Jaime Gimenez Arbe \u2014 Txalaparta","translator":null,"weight":501,"page_count":null,"readership":null,"editor":"Txalaparta","price":2225,"published_date":"2009-11-26T23:00:00.000000Z","support":"Grand format","publisher_availability":1,"stock":0,"editions":[],"url":"https:\/\/quaidesbrumes.com\/ouvrage\/9788481365641\/me-llaman-el-solitario-autobiografia-de-un-expropiador-de-bancos"},{"id":"9788481365887","title":"Como no quererte, alba!","description":null,"authors":["Iyaki Gonzalo"],"category_codes":["1000000","1060000","1060200"],"visuals":{"large":"https:\/\/quaidesbrumes.com\/img\/book-placeholder.png","medium":"https:\/\/quaidesbrumes.com\/img\/book-placeholder.png","thumbnail":"https:\/\/quaidesbrumes.com\/img\/book-placeholder.png"},"orderable":true,"show_badge":true,"formatted_price":"17,25&nbsp;\u20ac","formatted_published_date":"3 juin 2010","publisher_availability_label":"Sur commande","short_details":"Iyaki Gonzalo \u2014 Txalaparta","translator":null,"weight":401,"page_count":null,"readership":null,"editor":"Txalaparta","price":1725,"published_date":"2010-06-02T22:00:00.000000Z","support":"Grand format","publisher_availability":1,"stock":0,"editions":[],"url":"https:\/\/quaidesbrumes.com\/ouvrage\/9788481365887\/como-no-quererte-alba"},{"id":"9788415313007","title":"Zamacola - un bandolero vasco en el chaco","description":null,"authors":["Fabio Javie Echarri"],"category_codes":["1000000","1060000","1060200"],"visuals":{"large":"https:\/\/quaidesbrumes.com\/img\/book-placeholder.png","medium":"https:\/\/quaidesbrumes.com\/img\/book-placeholder.png","thumbnail":"https:\/\/quaidesbrumes.com\/img\/book-placeholder.png"},"orderable":true,"show_badge":true,"formatted_price":"17,00&nbsp;\u20ac","formatted_published_date":"2 d\u00e9cembre 2011","publisher_availability_label":"Sur commande","short_details":"Fabio Javie Echarri \u2014 Txalaparta","translator":null,"weight":401,"page_count":null,"readership":null,"editor":"Txalaparta","price":1700,"published_date":"2011-12-01T23:00:00.000000Z","support":"Grand format","publisher_availability":1,"stock":0,"editions":[],"url":"https:\/\/quaidesbrumes.com\/ouvrage\/9788415313007\/zamacola-un-bandolero-vasco-en-el-chaco"},{"id":"9782322084791","title":"Revoir Alger","description":"Les \u00e9crits sur l'Alg\u00e9rie d'avant ne manquent pas, chacun y apportant sa part de m\u00e9moire et de nostalgie. En ce qui concerne notre auteur, ce qu'il a ressenti en arrivant sur place est cette impression d\"avoir quitt\u00e9 sa ville la veille au soir. Alger, au premier abord, n'a pas chang\u00e9 depuis le d\u00e9part des Fran\u00e7ais, et elle se pr\u00e9sente en toute innocence et dans toute sa splendeur. L'accueil des habitants est toujours tr\u00e8s chaleureux mais les visages familiers d'autrefois sont absents. Par contre, les murs anciens vous parlent et ils ont parl\u00e9 car ils sont les meilleurs t\u00e9moins de l'Histoire, et la pierre est la m\u00e9moire de l'Homme, bien avant celle des \u00e9crits. Alger la Blanche a exceptionnellement \u00e9chapp\u00e9 aux d\u00e9g\u00e2ts des guerres successives. Elle est et restera le t\u00e9moin pr\u00e9cieux et ineffa\u00e7able de la France de nombreuses enfances.","authors":["Jean-pierre Multedo"],"category_codes":["1000000","1060000","1060100"],"visuals":{"large":"https:\/\/images.epagine.fr\/791\/9782322084791_1_75.jpg","medium":"https:\/\/images.epagine.fr\/791\/9782322084791_1_m.jpg","thumbnail":"https:\/\/images.epagine.fr\/791\/9782322084791_1_v.jpg"},"orderable":true,"show_badge":true,"formatted_price":"55,99&nbsp;\u20ac","formatted_published_date":"18 juillet 2017","publisher_availability_label":"Sur commande","short_details":"Jean-pierre Multedo \u2014 Books on Demand","translator":null,"weight":1101,"page_count":284,"readership":null,"editor":"Books on Demand","price":5599,"published_date":"2017-07-17T22:00:00.000000Z","support":"Grand format","publisher_availability":1,"stock":0,"editions":[],"url":"https:\/\/quaidesbrumes.com\/ouvrage\/9782322084791\/revoir-alger"},{"id":"9782312123974","title":"L'\u00e9migr\u00e9 : 1976","description":"\u00abL'\u00e9migr\u00e9!\u00bb De 1976 \u00e0 1980, ce fut une insulte qu'il m'a fallu d\u00e9guster comme un fruit amer durant ces quatre ann\u00e9es subies dans un village du bocage mayennais. Pourquoi ai-je eu \u00e0 supporter ce surnom? Parce que je rentrais du Maroc? J'\u00e9tais Saintongeais? Mon nom effrayait les Leli\u00e8vre, Cochon, Poulet ou Lecoq qui figuraient dans l'annuaire local? Non. J'\u00e9tais instituteur public et c'\u00e9tait le m\u00e9tier le plus honni dans ces contr\u00e9es. Je voulais maintenir en vie une classe unique, communale, la\u00efque et gratuite sous perfusion administrative car ne comptant qu'une poign\u00e9e d'\u00e9l\u00e8ves. Proie \u00e0 d\u00e9vorer sans trop se gaver pour mes adversaires se pavanant sur le trottoir d'en face dans l'ombre bienveillante de leur clocher et celle du chapeau de leur \u00e9dile. La guerre scolaire \u00e9tait d\u00e9clar\u00e9e depuis l'implantation de mon \u00e9cole du diable dans ce village agripp\u00e9 \u00e0 ses traditions. Capturer des \u00e9coliers fut ma t\u00e2che essentielle. Pour ce faire, je dus arpenter, les bois, les champs, les cours des fermes et ce ne fut pas toujours triste. Seul contre tous? Non. J'avais mon petit cheptel \u00e0 qui je donne la parole entre mes lignes, souhaitant que devenus adultes ces enfants aient pu \u00e9chapper aux pens\u00e9es \u00e9troites distill\u00e9es par les gourous de toute ob\u00e9dience, pr\u00e9f\u00e9rant gambader \u00e0 travers le bocage libres et joyeux. L'enseignement r\u00e9publicain que je me suis efforc\u00e9 de leur donner avait cette esp\u00e9rance.","authors":["Daniel Ramat"],"category_codes":["1000000","1060000","1060100"],"visuals":{"large":"https:\/\/images.epagine.fr\/974\/9782312123974_1_75.jpg","medium":"https:\/\/images.epagine.fr\/974\/9782312123974_1_m.jpg","thumbnail":"https:\/\/images.epagine.fr\/974\/9782312123974_1_v.jpg"},"orderable":true,"show_badge":true,"formatted_price":"21,00&nbsp;\u20ac","formatted_published_date":"4 ao\u00fbt 2022","publisher_availability_label":"Sur commande","short_details":"Daniel Ramat \u2014 Editions du Net","translator":null,"weight":388,"page_count":366,"readership":null,"editor":"Editions du Net","price":2100,"published_date":"2022-08-03T22:00:00.000000Z","support":"Grand format","publisher_availability":1,"stock":0,"editions":[],"url":"https:\/\/quaidesbrumes.com\/ouvrage\/9782312123974\/lemigre-1976"},{"id":"9782810615438","title":"La douche \u00e9cossaise","description":"Une banale histoire de violence conjugale, sauf qu'ici c'est l'homme qui en est la cible. Il aurait pu rendre coup pour coup, mais il \u00e9tait inconcevable pour lui de le faire \"avec ces m\u00eames mains qui l'avaient tant caress\u00e9e\".\r\nLe silence des proches, l'incomp\u00e9tence de certains professionnels, la d\u00e9tresse des enfants... Le pi\u00e8ge se referme. Comment sortir de cet enfer \u00e0 huis clos et mettre toute une famille \u00e0 l'abri ?\r\n\r\nUne belle r\u00e9flexion sur l'amour et la haine.","authors":["Dan Blantyre"],"category_codes":["1000000","1060000","1060300","1060310"],"visuals":{"large":"https:\/\/images.epagine.fr\/438\/9782810615438_1_75.jpg","medium":"https:\/\/images.epagine.fr\/438\/9782810615438_1_m.jpg","thumbnail":"https:\/\/images.epagine.fr\/438\/9782810615438_1_v.jpg"},"orderable":true,"show_badge":true,"formatted_price":"11,50&nbsp;\u20ac","formatted_published_date":"20 juillet 2017","publisher_availability_label":"Sur commande","short_details":"Dan Blantyre \u2014 Books on Demand","translator":null,"weight":201,"page_count":184,"readership":null,"editor":"Books on Demand","price":1150,"published_date":"2017-07-19T22:00:00.000000Z","support":"Grand format","publisher_availability":1,"stock":0,"editions":[],"url":"https:\/\/quaidesbrumes.com\/ouvrage\/9782810615438\/la-douche-ecossaise"},{"id":"9788415313588","title":"Guerrillero del tiempo - conversaciones con el lider historico de la revolucion cubana","description":null,"authors":["Fidel Castro Ruz"],"category_codes":["1000000","1060000","1060200"],"visuals":{"large":"https:\/\/quaidesbrumes.com\/img\/book-placeholder.png","medium":"https:\/\/quaidesbrumes.com\/img\/book-placeholder.png","thumbnail":"https:\/\/quaidesbrumes.com\/img\/book-placeholder.png"},"orderable":true,"show_badge":true,"formatted_price":"29,00&nbsp;\u20ac","formatted_published_date":"9 septembre 2013","publisher_availability_label":"Sur commande","short_details":"Fidel Castro Ruz \u2014 Txalaparta","translator":null,"weight":601,"page_count":null,"readership":null,"editor":"Txalaparta","price":2900,"published_date":"2013-09-08T22:00:00.000000Z","support":"Grand format","publisher_availability":1,"stock":0,"editions":[],"url":"https:\/\/quaidesbrumes.com\/ouvrage\/9788415313588\/guerrillero-del-tiempo-conversaciones-con-el-lider-historico-de-la-revolucion-cubana"},{"id":"9788416350094","title":"Bobby sands - martxa baten lehen notak","description":null,"authors":["Denis O'hearn"],"category_codes":["1000000","1060000","1060200"],"visuals":{"large":"https:\/\/quaidesbrumes.com\/img\/book-placeholder.png","medium":"https:\/\/quaidesbrumes.com\/img\/book-placeholder.png","thumbnail":"https:\/\/quaidesbrumes.com\/img\/book-placeholder.png"},"orderable":true,"show_badge":true,"formatted_price":"22,00&nbsp;\u20ac","formatted_published_date":"5 mars 2015","publisher_availability_label":"Sur commande","short_details":"Denis O'hearn \u2014 Txalaparta","translator":null,"weight":501,"page_count":null,"readership":null,"editor":"Txalaparta","price":2200,"published_date":"2015-03-04T23:00:00.000000Z","support":"Grand format","publisher_availability":1,"stock":0,"editions":[],"url":"https:\/\/quaidesbrumes.com\/ouvrage\/9788416350094\/bobby-sands-martxa-baten-lehen-notak"},{"id":"9788416350339","title":"Periko gazteekin solasean","description":null,"authors":["Eneko (Co Barberena"],"category_codes":["1000000","1060000","1060200"],"visuals":{"large":"https:\/\/quaidesbrumes.com\/img\/book-placeholder.png","medium":"https:\/\/quaidesbrumes.com\/img\/book-placeholder.png","thumbnail":"https:\/\/quaidesbrumes.com\/img\/book-placeholder.png"},"orderable":true,"show_badge":true,"formatted_price":"16,00&nbsp;\u20ac","formatted_published_date":"13 novembre 2015","publisher_availability_label":"Sur commande","short_details":"Eneko (Co Barberena \u2014 Txalaparta","translator":null,"weight":401,"page_count":null,"readership":null,"editor":"Txalaparta","price":1600,"published_date":"2015-11-12T23:00:00.000000Z","support":"Grand format","publisher_availability":1,"stock":0,"editions":[],"url":"https:\/\/quaidesbrumes.com\/ouvrage\/9788416350339\/periko-gazteekin-solasean"},{"id":"9788416350391","title":"Lucio. el anarquista irreductible","description":null,"authors":["Bernard Thomas"],"category_codes":["1000000","1060000","1060200"],"visuals":{"large":"https:\/\/quaidesbrumes.com\/img\/book-placeholder.png","medium":"https:\/\/quaidesbrumes.com\/img\/book-placeholder.png","thumbnail":"https:\/\/quaidesbrumes.com\/img\/book-placeholder.png"},"orderable":true,"show_badge":true,"formatted_price":"19,00&nbsp;\u20ac","formatted_published_date":"27 novembre 2015","publisher_availability_label":"Sur commande","short_details":"Bernard Thomas \u2014 Txalaparta","translator":null,"weight":401,"page_count":null,"readership":null,"editor":"Txalaparta","price":1900,"published_date":"2015-11-26T23:00:00.000000Z","support":"Grand format","publisher_availability":1,"stock":0,"editions":[],"url":"https:\/\/quaidesbrumes.com\/ouvrage\/9788416350391\/lucio-el-anarquista-irreductible"},{"id":"9788416350414","title":"Compayera luna","description":null,"authors":["Barbara Balzerani"],"category_codes":["1000000","1060000","1060200"],"visuals":{"large":"https:\/\/quaidesbrumes.com\/img\/book-placeholder.png","medium":"https:\/\/quaidesbrumes.com\/img\/book-placeholder.png","thumbnail":"https:\/\/quaidesbrumes.com\/img\/book-placeholder.png"},"orderable":true,"show_badge":true,"formatted_price":"15,00&nbsp;\u20ac","formatted_published_date":"9 f\u00e9vrier 2016","publisher_availability_label":"Sur commande","short_details":"Barbara Balzerani \u2014 Txalaparta","translator":null,"weight":401,"page_count":null,"readership":null,"editor":"Txalaparta","price":1500,"published_date":"2016-02-08T23:00:00.000000Z","support":"Grand format","publisher_availability":1,"stock":0,"editions":[],"url":"https:\/\/quaidesbrumes.com\/ouvrage\/9788416350414\/compayera-luna"},{"id":"9782312053189","title":"Le jour o\u00f9 ma vie a bascul\u00e9","description":"Cette nouvelle est le journal d'une \u00ab \u00e9lue de Cupidon \u00bb.\r\nElle raconte une ann\u00e9e de sa vie depuis le moment o\u00f9 tout a commenc\u00e9 \u00e0 basculer pour elle.\r\nSes r\u00eaves les plus secrets se sont alors r\u00e9alis\u00e9s \u00e0 un moment o\u00f9 elle ne s'y attendait pas du tout.\r\nL'encha\u00eenement des \u00e9v\u00e9nements a \u00e9t\u00e9 tout \u00e0 fait inattendu et pour le moins rapide.\r\nLa vie est parfois tr\u00e8s surprenante mais dans son cas, dans le bon sens du terme.\r\nCette \u00e9lue de Cupidon a trouv\u00e9 SA muse...","authors":["M. d."],"category_codes":["1000000","1060000","1060100"],"visuals":{"large":"https:\/\/images.epagine.fr\/189\/9782312053189_1_75.jpg","medium":"https:\/\/images.epagine.fr\/189\/9782312053189_1_m.jpg","thumbnail":"https:\/\/images.epagine.fr\/189\/9782312053189_1_v.jpg"},"orderable":true,"show_badge":true,"formatted_price":"13,00&nbsp;\u20ac","formatted_published_date":"17 juillet 2017","publisher_availability_label":"Sur commande","short_details":"M. d. \u2014 Editions du Net","translator":null,"weight":64,"page_count":60,"readership":null,"editor":"Editions du Net","price":1300,"published_date":"2017-07-16T22:00:00.000000Z","support":"Grand format","publisher_availability":1,"stock":0,"editions":[],"url":"https:\/\/quaidesbrumes.com\/ouvrage\/9782312053189\/le-jour-ou-ma-vie-a-bascule"},{"id":"9788416350704","title":"Bizipenak eta hausnarketak","description":null,"authors":["Tasio Erkizia"],"category_codes":["1000000","1060000","1060200"],"visuals":{"large":"https:\/\/quaidesbrumes.com\/img\/book-placeholder.png","medium":"https:\/\/quaidesbrumes.com\/img\/book-placeholder.png","thumbnail":"https:\/\/quaidesbrumes.com\/img\/book-placeholder.png"},"orderable":true,"show_badge":true,"formatted_price":"18,00&nbsp;\u20ac","formatted_published_date":"25 novembre 2016","publisher_availability_label":"Sur commande","short_details":"Tasio Erkizia \u2014 Txalaparta","translator":null,"weight":401,"page_count":null,"readership":null,"editor":"Txalaparta","price":1800,"published_date":"2016-11-24T23:00:00.000000Z","support":"Grand format","publisher_availability":1,"stock":0,"editions":[],"url":"https:\/\/quaidesbrumes.com\/ouvrage\/9788416350704\/bizipenak-eta-hausnarketak"},{"id":"9788481365658","title":"Bi marra arrosa","description":null,"authors":["Jasone Osoro"],"category_codes":["1000000","1060000","1060200"],"visuals":{"large":"https:\/\/quaidesbrumes.com\/img\/book-placeholder.png","medium":"https:\/\/quaidesbrumes.com\/img\/book-placeholder.png","thumbnail":"https:\/\/quaidesbrumes.com\/img\/book-placeholder.png"},"orderable":true,"show_badge":true,"formatted_price":"15,30&nbsp;\u20ac","formatted_published_date":"25 novembre 2009","publisher_availability_label":"Sur commande","short_details":"Jasone Osoro \u2014 Txalaparta","translator":null,"weight":401,"page_count":null,"readership":null,"editor":"Txalaparta","price":1530,"published_date":"2009-11-24T23:00:00.000000Z","support":"Grand format","publisher_availability":1,"stock":0,"editions":[],"url":"https:\/\/quaidesbrumes.com\/ouvrage\/9788481365658\/bi-marra-arrosa"},{"id":"9788481364736","title":"Lluis llach - siempre mas","description":null,"authors":["Omar Jurado"],"category_codes":["1000000","1060000","1060200"],"visuals":{"large":"https:\/\/quaidesbrumes.com\/img\/book-placeholder.png","medium":"https:\/\/quaidesbrumes.com\/img\/book-placeholder.png","thumbnail":"https:\/\/quaidesbrumes.com\/img\/book-placeholder.png"},"orderable":true,"show_badge":true,"formatted_price":"21,60&nbsp;\u20ac","formatted_published_date":"22 d\u00e9cembre 2016","publisher_availability_label":"Sur commande","short_details":"Omar Jurado \u2014 Txalaparta","translator":null,"weight":501,"page_count":null,"readership":null,"editor":"Txalaparta","price":2160,"published_date":"2016-12-21T23:00:00.000000Z","support":"Grand format","publisher_availability":1,"stock":0,"editions":[],"url":"https:\/\/quaidesbrumes.com\/ouvrage\/9788481364736\/lluis-llach-siempre-mas"},{"id":"9782820400550","title":"Les apparitions de l'\u00eele-Bouchard ; t\u00e9moignage du Chanoine S\u00e9gelle","description":null,"authors":["Francois Montandon"],"category_codes":["1000000","1060000","1060300"],"visuals":{"large":"https:\/\/images.epagine.fr\/550\/9782820400550_1_75.jpg","medium":"https:\/\/images.epagine.fr\/550\/9782820400550_1_m.jpg","thumbnail":"https:\/\/images.epagine.fr\/550\/9782820400550_1_v.jpg"},"orderable":true,"show_badge":true,"formatted_price":"15,00&nbsp;\u20ac","formatted_published_date":"1er septembre 2017","publisher_availability_label":"Sur commande","short_details":"Francois Montandon \u2014 Heligoland","translator":null,"weight":0,"page_count":null,"readership":null,"editor":"Heligoland","price":1500,"published_date":"2017-08-31T22:00:00.000000Z","support":"CD Audio","publisher_availability":1,"stock":0,"editions":[],"url":"https:\/\/quaidesbrumes.com\/ouvrage\/9782820400550\/les-apparitions-de-lile-bouchard-temoignage-du-chanoine-segelle"},{"id":"9782019651152","title":"Memoires d'un bibliophile","description":"M\u00e9moires d'un bibliophile \/ par M. Tenant de Latour,...\r\nDate de l'\u00e9dition originale : 1861\r\n\r\nLe pr\u00e9sent ouvrage s'inscrit dans une politique de conservation patrimoniale des ouvrages de la litt\u00e9rature Fran\u00e7aise mise en place avec la BNF.\r\nHACHETTE LIVRE et la BNF proposent ainsi un catalogue de titres indisponibles, la BNF ayant num\u00e9ris\u00e9 ces oeuvres et HACHETTE LIVRE les imprimant \u00e0 la demande.\r\nCertains de ces ouvrages refl\u00e8tent des courants de pens\u00e9e caract\u00e9ristiques de leur \u00e9poque, mais qui seraient aujourd'hui jug\u00e9s condamnables.\r\nIls n'en appartiennent pas moins \u00e0 l'histoire des id\u00e9es en France et sont susceptibles de pr\u00e9senter un int\u00e9r\u00eat scientifique ou historique.\r\nLe sens de notre d\u00e9marche \u00e9ditoriale consiste ainsi \u00e0 permettre l'acc\u00e8s \u00e0 ces oeuvres sans pour autant que nous en cautionnions en aucune fa\u00e7on le contenu.\r\n\r\nPour plus d'informations, rendez-vous sur www.hachettebnf.fr","authors":["Tenant De Latour-J-B"],"category_codes":["1000000","1060000"],"visuals":{"large":"https:\/\/images.epagine.fr\/152\/9782019651152_1_75.jpg","medium":"https:\/\/images.epagine.fr\/152\/9782019651152_1_m.jpg","thumbnail":"https:\/\/images.epagine.fr\/152\/9782019651152_1_v.jpg"},"orderable":true,"show_badge":true,"formatted_price":"25,50&nbsp;\u20ac","formatted_published_date":"1er ao\u00fbt 2017","publisher_availability_label":"Sur commande","short_details":"Tenant De Latour-J-B \u2014 Hachette BNF","translator":null,"weight":514,"page_count":374,"readership":null,"editor":"Hachette BNF","price":2550,"published_date":"2017-07-31T22:00:00.000000Z","support":"Grand format","publisher_availability":1,"stock":0,"editions":["9782329158150"],"url":"https:\/\/quaidesbrumes.com\/ouvrage\/9782019651152\/memoires-dun-bibliophile"},{"id":"9782019651206","title":"Lettre \u00e0 Mme la Baronne de","description":"Lettre [-deuxi\u00e8me lettre] de Ch. de Tenper \u00e0 Mme la Bne de ***\r\nDate de l'\u00e9dition originale : 1837\r\nSujet de l'ouvrage : Naundorff, Charles-Guillaume\r\n\r\nLe pr\u00e9sent ouvrage s'inscrit dans une politique de conservation patrimoniale des ouvrages de la litt\u00e9rature Fran\u00e7aise mise en place avec la BNF.\r\nHACHETTE LIVRE et la BNF proposent ainsi un catalogue de titres indisponibles, la BNF ayant num\u00e9ris\u00e9 ces oeuvres et HACHETTE LIVRE les imprimant \u00e0 la demande.\r\nCertains de ces ouvrages refl\u00e8tent des courants de pens\u00e9e caract\u00e9ristiques de leur \u00e9poque, mais qui seraient aujourd'hui jug\u00e9s condamnables.\r\nIls n'en appartiennent pas moins \u00e0 l'histoire des id\u00e9es en France et sont susceptibles de pr\u00e9senter un int\u00e9r\u00eat scientifique ou historique.\r\nLe sens de notre d\u00e9marche \u00e9ditoriale consiste ainsi \u00e0 permettre l'acc\u00e8s \u00e0 ces oeuvres sans pour autant que nous en cautionnions en aucune fa\u00e7on le contenu.\r\n\r\nPour plus d'informations, rendez-vous sur www.hachettebnf.fr","authors":["De Tenper-C"],"category_codes":["1000000","1060000","1060200"],"visuals":{"large":"https:\/\/images.epagine.fr\/206\/9782019651206_1_75.jpg","medium":"https:\/\/images.epagine.fr\/206\/9782019651206_1_m.jpg","thumbnail":"https:\/\/images.epagine.fr\/206\/9782019651206_1_v.jpg"},"orderable":true,"show_badge":true,"formatted_price":"9,50&nbsp;\u20ac","formatted_published_date":"1er ao\u00fbt 2017","publisher_availability_label":"Sur commande","short_details":"De Tenper-C \u2014 Hachette BNF","translator":null,"weight":56,"page_count":26,"readership":null,"editor":"Hachette BNF","price":950,"published_date":"2017-07-31T22:00:00.000000Z","support":"Grand format","publisher_availability":1,"stock":0,"editions":[],"url":"https:\/\/quaidesbrumes.com\/ouvrage\/9782019651206\/lettre-a-mme-la-baronne-de"},{"id":"9782019651275","title":"Consid\u00e9rations sur l'emprunt d'Ha\u00efti","description":"Consid\u00e9rations sur l'emprunt d'Ha\u00efti... par M. L.-G. Ternaux\r\nDate de l'\u00e9dition originale : 1825\r\n\r\nLe pr\u00e9sent ouvrage s'inscrit dans une politique de conservation patrimoniale des ouvrages de la litt\u00e9rature Fran\u00e7aise mise en place avec la BNF.\r\nHACHETTE LIVRE et la BNF proposent ainsi un catalogue de titres indisponibles, la BNF ayant num\u00e9ris\u00e9 ces oeuvres et HACHETTE LIVRE les imprimant \u00e0 la demande.\r\nCertains de ces ouvrages refl\u00e8tent des courants de pens\u00e9e caract\u00e9ristiques de leur \u00e9poque, mais qui seraient aujourd'hui jug\u00e9s condamnables.\r\nIls n'en appartiennent pas moins \u00e0 l'histoire des id\u00e9es en France et sont susceptibles de pr\u00e9senter un int\u00e9r\u00eat scientifique ou historique.\r\nLe sens de notre d\u00e9marche \u00e9ditoriale consiste ainsi \u00e0 permettre l'acc\u00e8s \u00e0 ces oeuvres sans pour autant que nous en cautionnions en aucune fa\u00e7on le contenu.\r\n\r\nPour plus d'informations, rendez-vous sur www.hachettebnf.fr","authors":["Ternaux-L-G"],"category_codes":["1000000","1060000","1060200"],"visuals":{"large":"https:\/\/images.epagine.fr\/275\/9782019651275_1_75.jpg","medium":"https:\/\/images.epagine.fr\/275\/9782019651275_1_m.jpg","thumbnail":"https:\/\/images.epagine.fr\/275\/9782019651275_1_v.jpg"},"orderable":true,"show_badge":true,"formatted_price":"11,00&nbsp;\u20ac","formatted_published_date":"1er ao\u00fbt 2017","publisher_availability_label":"Sur commande","short_details":"Ternaux-L-G \u2014 Hachette BNF","translator":null,"weight":86,"page_count":52,"readership":null,"editor":"Hachette BNF","price":1100,"published_date":"2017-07-31T22:00:00.000000Z","support":"Grand format","publisher_availability":1,"stock":0,"editions":[],"url":"https:\/\/quaidesbrumes.com\/ouvrage\/9782019651275\/considerations-sur-lemprunt-dhaiti"}]}