{"data":[{"id":"9782019639754","title":"Abrege de la vie de silva, tiree d'un ouvrage intitule dissertations et consultations medicinales","description":"Abr\u00e9g\u00e9 de la vie de Silva, tir\u00e9e d'un ouvrage intitul\u00e9 \"Dissertations et consultations m\u00e9dicinales\" de MM. Chirac,... et Silva,... (Par J.-J. Bruhier.)\r\nDate de l'\u00e9dition originale : 1744\r\n\r\nLe pr\u00e9sent ouvrage s'inscrit dans une politique de conservation patrimoniale des ouvrages de la litt\u00e9rature Fran\u00e7aise mise en place avec la BNF.\r\nHACHETTE LIVRE et la BNF proposent ainsi un catalogue de titres indisponibles, la BNF ayant num\u00e9ris\u00e9 ces oeuvres et HACHETTE LIVRE les imprimant \u00e0 la demande.\r\nCertains de ces ouvrages refl\u00e8tent des courants de pens\u00e9e caract\u00e9ristiques de leur \u00e9poque, mais qui seraient aujourd'hui jug\u00e9s condamnables.\r\nIls n'en appartiennent pas moins \u00e0 l'histoire des id\u00e9es en France et sont susceptibles de pr\u00e9senter un int\u00e9r\u00eat scientifique ou historique.\r\nLe sens de notre d\u00e9marche \u00e9ditoriale consiste ainsi \u00e0 permettre l'acc\u00e8s \u00e0 ces oeuvres sans pour autant que nous en cautionnions en aucune fa\u00e7on le contenu.\r\n\r\nPour plus d'informations, rendez-vous sur www.hachettebnf.fr","authors":["Bruhier D'Ablaincour"],"category_codes":["1000000","1060000","1060200"],"visuals":{"large":"https:\/\/images.epagine.fr\/754\/9782019639754_1_75.jpg","medium":"https:\/\/images.epagine.fr\/754\/9782019639754_1_m.jpg","thumbnail":"https:\/\/images.epagine.fr\/754\/9782019639754_1_v.jpg"},"orderable":true,"show_badge":true,"formatted_price":"9,50&nbsp;\u20ac","formatted_published_date":"1er ao\u00fbt 2017","publisher_availability_label":"Sur commande","short_details":"Bruhier D'Ablaincour \u2014 Hachette BNF","translator":null,"weight":48,"page_count":23,"readership":null,"editor":"Hachette BNF","price":950,"published_date":"2017-07-31T22:00:00.000000Z","support":"Grand format","publisher_availability":1,"stock":0,"editions":["9782329151793"],"url":"https:\/\/quaidesbrumes.com\/ouvrage\/9782019639754\/abrege-de-la-vie-de-silva-tiree-dun-ouvrage-intitule-dissertations-et-consultations-medicinales"},{"id":"9788481360059","title":"Regresar a sara","description":null,"authors":["Alfonso Etxegarai"],"category_codes":["1000000","1060000","1060200"],"visuals":{"large":"https:\/\/quaidesbrumes.com\/img\/book-placeholder.png","medium":"https:\/\/quaidesbrumes.com\/img\/book-placeholder.png","thumbnail":"https:\/\/quaidesbrumes.com\/img\/book-placeholder.png"},"orderable":true,"show_badge":true,"formatted_price":"14,00&nbsp;\u20ac","formatted_published_date":"19 mai 1995","publisher_availability_label":"Sur commande","short_details":"Alfonso Etxegarai \u2014 Txalaparta","translator":null,"weight":401,"page_count":null,"readership":null,"editor":"Txalaparta","price":1400,"published_date":"1995-05-18T22:00:00.000000Z","support":"Grand format","publisher_availability":1,"stock":0,"editions":[],"url":"https:\/\/quaidesbrumes.com\/ouvrage\/9788481360059\/regresar-a-sara"},{"id":"9788481360677","title":"Marc legasse - un rebelde burlon","description":null,"authors":["Amaia Ereyaga"],"category_codes":["1000000","1060000","1060200"],"visuals":{"large":"https:\/\/quaidesbrumes.com\/img\/book-placeholder.png","medium":"https:\/\/quaidesbrumes.com\/img\/book-placeholder.png","thumbnail":"https:\/\/quaidesbrumes.com\/img\/book-placeholder.png"},"orderable":true,"show_badge":true,"formatted_price":"14,96&nbsp;\u20ac","formatted_published_date":"1er septembre 1997","publisher_availability_label":"Sur commande","short_details":"Amaia Ereyaga \u2014 Txalaparta","translator":null,"weight":401,"page_count":null,"readership":null,"editor":"Txalaparta","price":1496,"published_date":"1997-08-31T22:00:00.000000Z","support":"Grand format","publisher_availability":1,"stock":0,"editions":[],"url":"https:\/\/quaidesbrumes.com\/ouvrage\/9788481360677\/marc-legasse-un-rebelde-burlon"},{"id":"9782014107449","title":"Rapport sur la presse de province","description":"Rapport sur la presse de province, par M. le baron Vital de Rochetaill\u00e9e...\r\nDate de l'\u00e9dition originale : 1873 Le pr\u00e9sent ouvrage s'inscrit dans une politique de conservation patrimoniale des ouvrages de la litt\u00e9rature Fran\u00e7aise mise en place avec la BNF.\r\nHACHETTE LIVRE et la BNF proposent ainsi un catalogue de titres indisponibles, la BNF ayant num\u00e9ris\u00e9 ces oeuvres et HACHETTE LIVRE les imprimant \u00e0 la demande.\r\nCertains de ces ouvrages refl\u00e8tent des courants de pens\u00e9e caract\u00e9ristiques de leur \u00e9poque, mais qui seraient aujourd'hui jug\u00e9s condamnables.\r\nIls n'en appartiennent pas moins \u00e0 l'histoire des id\u00e9es en France et sont susceptibles de pr\u00e9senter un int\u00e9r\u00eat scientifique ou historique.\r\nLe sens de notre d\u00e9marche \u00e9ditoriale consiste ainsi \u00e0 permettre l'acc\u00e8s \u00e0 ces oeuvres sans pour autant que nous en cautionnions en aucune fa\u00e7on le contenu.\r\n\r\nPour plus d'informations, rendez-vous sur www.hachettebnf.fr\r","authors":["De Rochetaillee-B"],"category_codes":["1000000","1060000","1060200"],"visuals":{"large":"https:\/\/images.epagine.fr\/449\/9782014107449_1_75.jpg","medium":"https:\/\/images.epagine.fr\/449\/9782014107449_1_m.jpg","thumbnail":"https:\/\/images.epagine.fr\/449\/9782014107449_1_v.jpg"},"orderable":true,"show_badge":true,"formatted_price":"9,50&nbsp;\u20ac","formatted_published_date":"1er juillet 2017","publisher_availability_label":"Sur commande","short_details":"De Rochetaillee-B \u2014 Hachette BNF","translator":null,"weight":56,"page_count":null,"readership":null,"editor":"Hachette BNF","price":950,"published_date":"2017-06-30T22:00:00.000000Z","support":"Grand format","publisher_availability":1,"stock":0,"editions":[],"url":"https:\/\/quaidesbrumes.com\/ouvrage\/9782014107449\/rapport-sur-la-presse-de-province"},{"id":"9788481361148","title":"Egin investigacion - otra forma de periodismo","description":null,"authors":["Pepe Rei"],"category_codes":["1000000","1060000","1060100"],"visuals":{"large":"https:\/\/quaidesbrumes.com\/img\/book-placeholder.png","medium":"https:\/\/quaidesbrumes.com\/img\/book-placeholder.png","thumbnail":"https:\/\/quaidesbrumes.com\/img\/book-placeholder.png"},"orderable":true,"show_badge":true,"formatted_price":"14,96&nbsp;\u20ac","formatted_published_date":"30 novembre 1998","publisher_availability_label":"Sur commande","short_details":"Pepe Rei \u2014 Txalaparta","translator":null,"weight":401,"page_count":null,"readership":null,"editor":"Txalaparta","price":1496,"published_date":"1998-11-29T23:00:00.000000Z","support":"Grand format","publisher_availability":1,"stock":0,"editions":[],"url":"https:\/\/quaidesbrumes.com\/ouvrage\/9788481361148\/egin-investigacion-otra-forma-de-periodismo"},{"id":"9788481361162","title":"Mario salegi - la pasion del siglo xx","description":null,"authors":["Iyaki Egaya"],"category_codes":["1000000","1060000","1060200"],"visuals":{"large":"https:\/\/quaidesbrumes.com\/img\/book-placeholder.png","medium":"https:\/\/quaidesbrumes.com\/img\/book-placeholder.png","thumbnail":"https:\/\/quaidesbrumes.com\/img\/book-placeholder.png"},"orderable":true,"show_badge":true,"formatted_price":"14,40&nbsp;\u20ac","formatted_published_date":"4 f\u00e9vrier 1999","publisher_availability_label":"Sur commande","short_details":"Iyaki Egaya \u2014 Txalaparta","translator":null,"weight":401,"page_count":null,"readership":null,"editor":"Txalaparta","price":1440,"published_date":"1999-02-03T23:00:00.000000Z","support":"Grand format","publisher_availability":1,"stock":0,"editions":[],"url":"https:\/\/quaidesbrumes.com\/ouvrage\/9788481361162\/mario-salegi-la-pasion-del-siglo-xx"},{"id":"9788481361810","title":"Cruz sangrienta, la","description":null,"authors":["Gaetan Bernoville"],"category_codes":["1000000","1060000","1060200"],"visuals":{"large":"https:\/\/quaidesbrumes.com\/img\/book-placeholder.png","medium":"https:\/\/quaidesbrumes.com\/img\/book-placeholder.png","thumbnail":"https:\/\/quaidesbrumes.com\/img\/book-placeholder.png"},"orderable":true,"show_badge":true,"formatted_price":"14,95&nbsp;\u20ac","formatted_published_date":"9 novembre 2000","publisher_availability_label":"Sur commande","short_details":"Gaetan Bernoville \u2014 Txalaparta","translator":null,"weight":401,"page_count":null,"readership":null,"editor":"Txalaparta","price":1495,"published_date":"2000-11-08T23:00:00.000000Z","support":"Grand format","publisher_availability":1,"stock":0,"editions":[],"url":"https:\/\/quaidesbrumes.com\/ouvrage\/9788481361810\/cruz-sangrienta-la"},{"id":"9788481362923","title":"Plaza de urbina, la","description":null,"authors":["Andoni Cabello"],"category_codes":["1000000","1060000","1060200"],"visuals":{"large":"https:\/\/quaidesbrumes.com\/img\/book-placeholder.png","medium":"https:\/\/quaidesbrumes.com\/img\/book-placeholder.png","thumbnail":"https:\/\/quaidesbrumes.com\/img\/book-placeholder.png"},"orderable":true,"show_badge":true,"formatted_price":"14,40&nbsp;\u20ac","formatted_published_date":"29 mars 2004","publisher_availability_label":"Sur commande","short_details":"Andoni Cabello \u2014 Txalaparta","translator":null,"weight":401,"page_count":null,"readership":null,"editor":"Txalaparta","price":1440,"published_date":"2004-03-28T22:00:00.000000Z","support":"Grand format","publisher_availability":1,"stock":0,"editions":[],"url":"https:\/\/quaidesbrumes.com\/ouvrage\/9788481362923\/plaza-de-urbina-la"},{"id":"9782019639471","title":"Dernier mot sur sir Hudson Lowe, sur ses M\u00e9moires publi\u00e9s par William Forsyth : et sur l'analyse qui en a \u00e9t\u00e9 faite dans la Revue des deux mondes","description":"Dernier mot sur sir Hudson Lowe, sur ses M\u00e9moires publi\u00e9s par William Forsyth et sur l'analyse qui en a \u00e9t\u00e9 faite dans la \"Revue des deux mondes\" \/ Barth\u00e9lemy baron de Las Cases (Sainte-H\u00e9l\u00e8ne)\r\nDate de l'\u00e9dition originale : 1855\r\n\r\nLe pr\u00e9sent ouvrage s'inscrit dans une politique de conservation patrimoniale des ouvrages de la litt\u00e9rature Fran\u00e7aise mise en place avec la BNF.\r\nHACHETTE LIVRE et la BNF proposent ainsi un catalogue de titres indisponibles, la BNF ayant num\u00e9ris\u00e9 ces oeuvres et HACHETTE LIVRE les imprimant \u00e0 la demande.\r\nCertains de ces ouvrages refl\u00e8tent des courants de pens\u00e9e caract\u00e9ristiques de leur \u00e9poque, mais qui seraient aujourd'hui jug\u00e9s condamnables.\r\nIls n'en appartiennent pas moins \u00e0 l'histoire des id\u00e9es en France et sont susceptibles de pr\u00e9senter un int\u00e9r\u00eat scientifique ou historique.\r\nLe sens de notre d\u00e9marche \u00e9ditoriale consiste ainsi \u00e0 permettre l'acc\u00e8s \u00e0 ces oeuvres sans pour autant que nous en cautionnions en aucune fa\u00e7on le contenu.\r\n\r\nPour plus d'informations, rendez-vous sur www.hachettebnf.fr","authors":["Las Cases-B"],"category_codes":["1000000","1060000"],"visuals":{"large":"https:\/\/images.epagine.fr\/471\/9782019639471_1_75.jpg","medium":"https:\/\/images.epagine.fr\/471\/9782019639471_1_m.jpg","thumbnail":"https:\/\/images.epagine.fr\/471\/9782019639471_1_v.jpg"},"orderable":true,"show_badge":true,"formatted_price":"9,50&nbsp;\u20ac","formatted_published_date":"1er ao\u00fbt 2017","publisher_availability_label":"Sur commande","short_details":"Las Cases-B \u2014 Hachette BNF","translator":null,"weight":50,"page_count":24,"readership":null,"editor":"Hachette BNF","price":950,"published_date":"2017-07-31T22:00:00.000000Z","support":"Grand format","publisher_availability":1,"stock":0,"editions":[],"url":"https:\/\/quaidesbrumes.com\/ouvrage\/9782019639471\/dernier-mot-sur-sir-hudson-lowe-sur-ses-memoires-publies-par-william-forsyth-et-sur-lanalyse-qui-en-a-ete-faite-dans-la-revue-des-deux-mondes"},{"id":"9782846212571","title":"L'arbitre aux mains vides ; \u00e9crits de jeunesse","description":"Pr\u00e9sentation et notes de Max Chaleil Arthur Adamov (1908-1970) appartient \u00e0 une riche famille arm\u00e9nienne propri\u00e9taire d'une partie des p\u00e9troles de la Caspienne, chass\u00e9e de Russie par la R\u00e9volution. Apr\u00e8s une errance entre l'Allemagne et la France, le jeune Adamov fr\u00e9quente Montparnasse et rencontre des \u00e9crivains, dont Roger Gilbert-Lecomte et Antonin Artaud avec lesquels il se lie d'amiti\u00e9. Dans les ann\u00e9es 50, il est, avec Ionesco et Beckett, l'un des cr\u00e9ateurs du th\u00e9\u00e2tre dit de l'absurde et mis en sc\u00e8ne par les plus grands (Blin, Vilar, Serreau, Mauclair, Planchon...). Sous l'influence de Brecht, il s'oriente ensuite vers le th\u00e9\u00e2tre politique en m\u00eame temps qu'il publie des essais sur le th\u00e9\u00e2tre ainsi que de bouleversantes confessions. Mais si Beckett est nob\u00e9lis\u00e9 en 1969 et Ionesco \u00e9lu \u00e0 l'Acad\u00e9mie fran\u00e7aise en 1970, Adamov, en cette m\u00eame ann\u00e9e, malade et marginalis\u00e9, se donne la mort.\r\nTraducteur de Gogol, Tch\u00e9khov, Gorki, Dosto\u00efevski, B\u00fcchner, Rilke..., auteur de pi\u00e8ces radiophoniques, Arthur Adamov, entre 1927 et 1947, \u00e9crit de nombreux po\u00e8mes en vers et en prose, mais aussi des manifestes, des essais, des pr\u00e9faces, des critiques de livres et d'art \u00e9parpill\u00e9s au hasard de revues souvent \u00e9ph\u00e9m\u00e8res. Ces textes de jeunesse, \u00e9crits dans le sillage de Rimbaud, disent l'amour, la mort, la solitude, mais aussi l'\u00e9merveillement au monde. Inconnus alors qu'ils constituent pourtant le creuset d'une 1\/2uvre, ils rel\u00e8vent d'une \u00e9criture myst\u00e9rieuse qui nous touche au plus profond. Ces documents, r\u00e9unis ici pour la premi\u00e8re fois, \u00e9clairent cette figure injustement oubli\u00e9e, qui est l'une des voix les plus authentiques et les plus bouleversantes de l'avant et l'apr\u00e8s- guerre, celle d'un t\u00e9moin, d'un po\u00e8te inspir\u00e9, d'un passeur...","authors":["Arthur Adamov"],"category_codes":["1000000","1060000","1060100"],"visuals":{"large":"https:\/\/images.epagine.fr\/571\/9782846212571_1_75.jpg","medium":"https:\/\/images.epagine.fr\/571\/9782846212571_1_m.jpg","thumbnail":"https:\/\/images.epagine.fr\/571\/9782846212571_1_v.jpg"},"orderable":true,"show_badge":true,"formatted_price":"17,00&nbsp;\u20ac","formatted_published_date":"28 novembre 2019","publisher_availability_label":"Sur commande","short_details":"Arthur Adamov \u2014 Paris","translator":null,"weight":392,"page_count":212,"readership":null,"editor":"Paris","price":1700,"published_date":"2019-11-27T23:00:00.000000Z","support":"Grand format","publisher_availability":1,"stock":0,"editions":[],"url":"https:\/\/quaidesbrumes.com\/ouvrage\/9782846212571\/larbitre-aux-mains-vides-ecrits-de-jeunesse"},{"id":"9788481369212","title":"Silvio rodriguez - memoria trovada de una revolucion","description":null,"authors":["Silvio Rodriguez"],"category_codes":["1000000","1060000","1060200"],"visuals":{"large":"https:\/\/quaidesbrumes.com\/img\/book-placeholder.png","medium":"https:\/\/quaidesbrumes.com\/img\/book-placeholder.png","thumbnail":"https:\/\/quaidesbrumes.com\/img\/book-placeholder.png"},"orderable":true,"show_badge":true,"formatted_price":"17,00&nbsp;\u20ac","formatted_published_date":"14 novembre 1994","publisher_availability_label":"Sur commande","short_details":"Silvio Rodriguez \u2014 Txalaparta","translator":null,"weight":401,"page_count":null,"readership":null,"editor":"Txalaparta","price":1700,"published_date":"1994-11-13T23:00:00.000000Z","support":"Grand format","publisher_availability":1,"stock":0,"editions":[],"url":"https:\/\/quaidesbrumes.com\/ouvrage\/9788481369212\/silvio-rodriguez-memoria-trovada-de-una-revolucion"},{"id":"9788481369229","title":"Pablo milanes","description":null,"authors":["Clara Diaz"],"category_codes":["1000000","1060000","1060200"],"visuals":{"large":"https:\/\/quaidesbrumes.com\/img\/book-placeholder.png","medium":"https:\/\/quaidesbrumes.com\/img\/book-placeholder.png","thumbnail":"https:\/\/quaidesbrumes.com\/img\/book-placeholder.png"},"orderable":true,"show_badge":true,"formatted_price":"16,50&nbsp;\u20ac","formatted_published_date":"14 novembre 1994","publisher_availability_label":"Sur commande","short_details":"Clara Diaz \u2014 Txalaparta","translator":null,"weight":401,"page_count":null,"readership":null,"editor":"Txalaparta","price":1650,"published_date":"1994-11-13T23:00:00.000000Z","support":"Grand format","publisher_availability":1,"stock":0,"editions":[],"url":"https:\/\/quaidesbrumes.com\/ouvrage\/9788481369229\/pablo-milanes"},{"id":"9788481360813","title":"Yo, garcia lorca","description":null,"authors":["Andres Sorel"],"category_codes":["1000000","1060000","1060200"],"visuals":{"large":"https:\/\/quaidesbrumes.com\/img\/book-placeholder.png","medium":"https:\/\/quaidesbrumes.com\/img\/book-placeholder.png","thumbnail":"https:\/\/quaidesbrumes.com\/img\/book-placeholder.png"},"orderable":true,"show_badge":true,"formatted_price":"15,45&nbsp;\u20ac","formatted_published_date":"11 d\u00e9cembre 1997","publisher_availability_label":"Sur commande","short_details":"Andres Sorel \u2014 Txalaparta","translator":null,"weight":401,"page_count":null,"readership":null,"editor":"Txalaparta","price":1545,"published_date":"1997-12-10T23:00:00.000000Z","support":"Grand format","publisher_availability":1,"stock":0,"editions":[],"url":"https:\/\/quaidesbrumes.com\/ouvrage\/9788481360813\/yo-garcia-lorca"},{"id":"9788481361131","title":"Memorias de mayana","description":null,"authors":["Anjel Rekalde"],"category_codes":["1000000","1060000","1060200"],"visuals":{"large":"https:\/\/quaidesbrumes.com\/img\/book-placeholder.png","medium":"https:\/\/quaidesbrumes.com\/img\/book-placeholder.png","thumbnail":"https:\/\/quaidesbrumes.com\/img\/book-placeholder.png"},"orderable":true,"show_badge":true,"formatted_price":"13,90&nbsp;\u20ac","formatted_published_date":"11 d\u00e9cembre 1998","publisher_availability_label":"Sur commande","short_details":"Anjel Rekalde \u2014 Txalaparta","translator":null,"weight":401,"page_count":null,"readership":null,"editor":"Txalaparta","price":1390,"published_date":"1998-12-10T23:00:00.000000Z","support":"Grand format","publisher_availability":1,"stock":0,"editions":[],"url":"https:\/\/quaidesbrumes.com\/ouvrage\/9788481361131\/memorias-de-mayana"},{"id":"9788481362206","title":"El vasco de la carretilla","description":null,"authors":["Txema Urrutia"],"category_codes":["1000000","1060000","1060200"],"visuals":{"large":"https:\/\/quaidesbrumes.com\/img\/book-placeholder.png","medium":"https:\/\/quaidesbrumes.com\/img\/book-placeholder.png","thumbnail":"https:\/\/quaidesbrumes.com\/img\/book-placeholder.png"},"orderable":true,"show_badge":true,"formatted_price":"15,45&nbsp;\u20ac","formatted_published_date":"26 novembre 2001","publisher_availability_label":"Sur commande","short_details":"Txema Urrutia \u2014 Txalaparta","translator":null,"weight":401,"page_count":null,"readership":null,"editor":"Txalaparta","price":1545,"published_date":"2001-11-25T23:00:00.000000Z","support":"Grand format","publisher_availability":1,"stock":0,"editions":[],"url":"https:\/\/quaidesbrumes.com\/ouvrage\/9788481362206\/el-vasco-de-la-carretilla"},{"id":"9782322081448","title":"Un mois et six jours","description":"Je veux \u00e9crire ce que nous avons v\u00e9cu pour exorciser, pour donner la parole \u00e0 celles et ceux qui ont \u00e9t\u00e9 aussi terrass\u00e9s et n'ont pas su, pas pu l'exprimer. Je veux donner forme \u00e0 cette autre facette de la vie, celle de la mort intrins\u00e8quement li\u00e9e \u00e0 la vie, et finalement accroch\u00e9e \u00e0 nous tous, comme une masse sur le pancr\u00e9as de Maman. Comme une all\u00e9gorie.\r","authors":["Halima Gheriballah"],"category_codes":["1000000","1060000","1060300","1060308"],"visuals":{"large":"https:\/\/images.epagine.fr\/448\/9782322081448_1_75.jpg","medium":"https:\/\/images.epagine.fr\/448\/9782322081448_1_m.jpg","thumbnail":"https:\/\/images.epagine.fr\/448\/9782322081448_1_v.jpg"},"orderable":true,"show_badge":true,"formatted_price":"7,90&nbsp;\u20ac","formatted_published_date":"3 ao\u00fbt 2017","publisher_availability_label":"Sur commande","short_details":"Halima Gheriballah \u2014 Books on Demand","translator":null,"weight":122,"page_count":76,"readership":null,"editor":"Books on Demand","price":790,"published_date":"2017-08-02T22:00:00.000000Z","support":"Grand format","publisher_availability":1,"stock":0,"editions":[],"url":"https:\/\/quaidesbrumes.com\/ouvrage\/9782322081448\/un-mois-et-six-jours"},{"id":"9788481362558","title":"Nuevos perros guardianes, los","description":null,"authors":["Serge Halimi"],"category_codes":["1000000","1060000","1060100"],"visuals":{"large":"https:\/\/quaidesbrumes.com\/img\/book-placeholder.png","medium":"https:\/\/quaidesbrumes.com\/img\/book-placeholder.png","thumbnail":"https:\/\/quaidesbrumes.com\/img\/book-placeholder.png"},"orderable":true,"show_badge":true,"formatted_price":"14,40&nbsp;\u20ac","formatted_published_date":"29 octobre 2002","publisher_availability_label":"Sur commande","short_details":"Serge Halimi \u2014 Txalaparta","translator":null,"weight":401,"page_count":null,"readership":null,"editor":"Txalaparta","price":1440,"published_date":"2002-10-28T23:00:00.000000Z","support":"Grand format","publisher_availability":1,"stock":0,"editions":[],"url":"https:\/\/quaidesbrumes.com\/ouvrage\/9788481362558\/nuevos-perros-guardianes-los"},{"id":"9788481362800","title":"Mina el mozo, heroe de navarra","description":null,"authors":["Martin Luis Guzman"],"category_codes":["1000000","1060000","1060200"],"visuals":{"large":"https:\/\/quaidesbrumes.com\/img\/book-placeholder.png","medium":"https:\/\/quaidesbrumes.com\/img\/book-placeholder.png","thumbnail":"https:\/\/quaidesbrumes.com\/img\/book-placeholder.png"},"orderable":true,"show_badge":true,"formatted_price":"15,45&nbsp;\u20ac","formatted_published_date":"24 avril 2003","publisher_availability_label":"Sur commande","short_details":"Martin Luis Guzman \u2014 Txalaparta","translator":null,"weight":401,"page_count":null,"readership":null,"editor":"Txalaparta","price":1545,"published_date":"2003-04-23T22:00:00.000000Z","support":"Grand format","publisher_availability":1,"stock":0,"editions":[],"url":"https:\/\/quaidesbrumes.com\/ouvrage\/9788481362800\/mina-el-mozo-heroe-de-navarra"},{"id":"9788481363784","title":"Amor revolucionario - celia, la madre del che","description":null,"authors":["Froilan Gonzalez"],"category_codes":["1000000","1060000","1060200"],"visuals":{"large":"https:\/\/quaidesbrumes.com\/img\/book-placeholder.png","medium":"https:\/\/quaidesbrumes.com\/img\/book-placeholder.png","thumbnail":"https:\/\/quaidesbrumes.com\/img\/book-placeholder.png"},"orderable":true,"show_badge":true,"formatted_price":"16,50&nbsp;\u20ac","formatted_published_date":"21 octobre 2004","publisher_availability_label":"Sur commande","short_details":"Froilan Gonzalez \u2014 Txalaparta","translator":null,"weight":401,"page_count":null,"readership":null,"editor":"Txalaparta","price":1650,"published_date":"2004-10-20T22:00:00.000000Z","support":"Grand format","publisher_availability":1,"stock":0,"editions":[],"url":"https:\/\/quaidesbrumes.com\/ouvrage\/9788481363784\/amor-revolucionario-celia-la-madre-del-che"},{"id":"9788481363197","title":"San fermingway","description":null,"authors":["Edorta Jimenez"],"category_codes":["1000000","1060000","1060200"],"visuals":{"large":"https:\/\/quaidesbrumes.com\/img\/book-placeholder.png","medium":"https:\/\/quaidesbrumes.com\/img\/book-placeholder.png","thumbnail":"https:\/\/quaidesbrumes.com\/img\/book-placeholder.png"},"orderable":true,"show_badge":true,"formatted_price":"19,60&nbsp;\u20ac","formatted_published_date":"1er juin 2005","publisher_availability_label":"Sur commande","short_details":"Edorta Jimenez \u2014 Txalaparta","translator":null,"weight":401,"page_count":null,"readership":null,"editor":"Txalaparta","price":1960,"published_date":"2005-05-31T22:00:00.000000Z","support":"Grand format","publisher_availability":1,"stock":0,"editions":[],"url":"https:\/\/quaidesbrumes.com\/ouvrage\/9788481363197\/san-fermingway"},{"id":"9788481364620","title":"Diario de la nostalgia, el","description":null,"authors":["Maria Asun Amilibia"],"category_codes":["1000000","1060000","1060200"],"visuals":{"large":"https:\/\/quaidesbrumes.com\/img\/book-placeholder.png","medium":"https:\/\/quaidesbrumes.com\/img\/book-placeholder.png","thumbnail":"https:\/\/quaidesbrumes.com\/img\/book-placeholder.png"},"orderable":true,"show_badge":true,"formatted_price":"18,55&nbsp;\u20ac","formatted_published_date":"11 octobre 2006","publisher_availability_label":"Sur commande","short_details":"Maria Asun Amilibia \u2014 Txalaparta","translator":null,"weight":401,"page_count":null,"readership":null,"editor":"Txalaparta","price":1855,"published_date":"2006-10-10T22:00:00.000000Z","support":"Grand format","publisher_availability":1,"stock":0,"editions":[],"url":"https:\/\/quaidesbrumes.com\/ouvrage\/9788481364620\/diario-de-la-nostalgia-el"},{"id":"9788481364972","title":"Balentxi, hamalaugarren apostolua","description":null,"authors":["Jexuxmari Zalakain"],"category_codes":["1000000","1060000","1060200"],"visuals":{"large":"https:\/\/quaidesbrumes.com\/img\/book-placeholder.png","medium":"https:\/\/quaidesbrumes.com\/img\/book-placeholder.png","thumbnail":"https:\/\/quaidesbrumes.com\/img\/book-placeholder.png"},"orderable":true,"show_badge":true,"formatted_price":"16,50&nbsp;\u20ac","formatted_published_date":"19 juillet 2007","publisher_availability_label":"Sur commande","short_details":"Jexuxmari Zalakain \u2014 Txalaparta","translator":null,"weight":401,"page_count":null,"readership":null,"editor":"Txalaparta","price":1650,"published_date":"2007-07-18T22:00:00.000000Z","support":"Grand format","publisher_availability":1,"stock":0,"editions":[],"url":"https:\/\/quaidesbrumes.com\/ouvrage\/9788481364972\/balentxi-hamalaugarren-apostolua"},{"id":"9788481364927","title":"De ernesto al che","description":null,"authors":["Carlo Calica Ferrer"],"category_codes":["1000000","1060000","1060200"],"visuals":{"large":"https:\/\/quaidesbrumes.com\/img\/book-placeholder.png","medium":"https:\/\/quaidesbrumes.com\/img\/book-placeholder.png","thumbnail":"https:\/\/quaidesbrumes.com\/img\/book-placeholder.png"},"orderable":true,"show_badge":true,"formatted_price":"16,00&nbsp;\u20ac","formatted_published_date":"21 septembre 2007","publisher_availability_label":"Sur commande","short_details":"Carlo Calica Ferrer \u2014 Txalaparta","translator":null,"weight":401,"page_count":null,"readership":null,"editor":"Txalaparta","price":1600,"published_date":"2007-09-20T22:00:00.000000Z","support":"Grand format","publisher_availability":1,"stock":0,"editions":[],"url":"https:\/\/quaidesbrumes.com\/ouvrage\/9788481364927\/de-ernesto-al-che"},{"id":"9788481365160","title":"Generacion del sacrificio, la - ricardo zabalza","description":null,"authors":["Emilio Majuelo Gil"],"category_codes":["1000000","1060000","1060200"],"visuals":{"large":"https:\/\/quaidesbrumes.com\/img\/book-placeholder.png","medium":"https:\/\/quaidesbrumes.com\/img\/book-placeholder.png","thumbnail":"https:\/\/quaidesbrumes.com\/img\/book-placeholder.png"},"orderable":true,"show_badge":true,"formatted_price":"17,50&nbsp;\u20ac","formatted_published_date":"22 avril 2008","publisher_availability_label":"Sur commande","short_details":"Emilio Majuelo Gil \u2014 Txalaparta","translator":null,"weight":401,"page_count":null,"readership":null,"editor":"Txalaparta","price":1750,"published_date":"2008-04-21T22:00:00.000000Z","support":"Grand format","publisher_availability":1,"stock":0,"editions":[],"url":"https:\/\/quaidesbrumes.com\/ouvrage\/9788481365160\/generacion-del-sacrificio-la-ricardo-zabalza"}]}