{"data":[{"id":"9782019620837","title":"Lettres a m. le comte de salvandy sur quelques-uns des manuscrits de la bibliotheque - royale de la","description":"Lettres \u00e0 M. le comte de Salvandy sur quelques-uns des manuscrits de la biblioth\u00e8que royale de la Haye \/ par A. Jubinal Date de l'\u00e9dition originale : 1846 Ce livre est la reproduction fid\u00e8le d'une oeuvre publi\u00e9e avant 1920 et fait partie d'une collection de livres r\u00e9imprim\u00e9s \u00e0 la demande \u00e9dit\u00e9e par Hachette Livre, dans le cadre d'un partenariat avec la Biblioth\u00e8que nationale de France, offrant l'opportunit\u00e9 d'acc\u00e9der \u00e0 des ouvrages anciens et souvent rares issus des fonds patrimoniaux de la BnF.\r\nLes oeuvres faisant partie de cette collection ont \u00e9t\u00e9 num\u00e9ris\u00e9es par la BnF et sont pr\u00e9sentes sur Gallica, sa biblioth\u00e8que num\u00e9rique.\r\n\r\nEn entreprenant de redonner vie \u00e0 ces ouvrages au travers d'une collection de livres r\u00e9imprim\u00e9s \u00e0 la demande, nous leur donnons la possibilit\u00e9 de rencontrer un public \u00e9largi et participons \u00e0 la transmission de connaissances et de savoirs parfois difficilement accessibles.\r\nNous avons cherch\u00e9 \u00e0 concilier la reproduction fid\u00e8le d'un livre ancien \u00e0 partir de sa version num\u00e9ris\u00e9e avec le souci d'un confort de lecture optimal. Nous esp\u00e9rons que les ouvrages de cette nouvelle collection vous apporteront enti\u00e8re satisfaction.\r\n\r\nPour plus d'informations, rendez-vous sur www.hachettebnf.fr\r","authors":["Jubinal Achille"],"category_codes":["1000000","1060000"],"visuals":{"large":"https:\/\/images.epagine.fr\/837\/9782019620837_1_75.jpg","medium":"https:\/\/images.epagine.fr\/837\/9782019620837_1_m.jpg","thumbnail":"https:\/\/images.epagine.fr\/837\/9782019620837_1_v.jpg"},"orderable":true,"show_badge":true,"formatted_price":"22,00&nbsp;\u20ac","formatted_published_date":"1er novembre 2016","publisher_availability_label":"Sur commande","short_details":"Jubinal Achille \u2014 Hachette BNF","translator":null,"weight":392,"page_count":null,"readership":null,"editor":"Hachette BNF","price":2200,"published_date":"2016-10-31T23:00:00.000000Z","support":"Grand format","publisher_availability":1,"stock":0,"editions":[],"url":"https:\/\/quaidesbrumes.com\/ouvrage\/9782019620837\/lettres-a-m-le-comte-de-salvandy-sur-quelques-uns-des-manuscrits-de-la-bibliotheque-royale-de-la"},{"id":"9782019591939","title":"Notice bibliographique sur montaigne. numero 1","description":"Notice bibliographique sur Montaigne. Num\u00e9ro 1 \/ par J.-F. Payen...\r\nDate de l'\u00e9dition originale : 1837 Ce livre est la reproduction fid\u00e8le d'une oeuvre publi\u00e9e avant 1920 et fait partie d'une collection de livres r\u00e9imprim\u00e9s \u00e0 la demande \u00e9dit\u00e9e par Hachette Livre, dans le cadre d'un partenariat avec la Biblioth\u00e8que nationale de France, offrant l'opportunit\u00e9 d'acc\u00e9der \u00e0 des ouvrages anciens et souvent rares issus des fonds patrimoniaux de la BnF.\r\nLes oeuvres faisant partie de cette collection ont \u00e9t\u00e9 num\u00e9ris\u00e9es par la BnF et sont pr\u00e9sentes sur Gallica, sa biblioth\u00e8que num\u00e9rique.\r\n\r\nEn entreprenant de redonner vie \u00e0 ces ouvrages au travers d'une collection de livres r\u00e9imprim\u00e9s \u00e0 la demande, nous leur donnons la possibilit\u00e9 de rencontrer un public \u00e9largi et participons \u00e0 la transmission de connaissances et de savoirs parfois difficilement accessibles.\r\nNous avons cherch\u00e9 \u00e0 concilier la reproduction fid\u00e8le d'un livre ancien \u00e0 partir de sa version num\u00e9ris\u00e9e avec le souci d'un confort de lecture optimal. Nous esp\u00e9rons que les ouvrages de cette nouvelle collection vous apporteront enti\u00e8re satisfaction.\r\n\r\nPour plus d'informations, rendez-vous sur www.hachettebnf.fr\r","authors":["Payen Jean-Francois"],"category_codes":["1000000","1060000","1060200"],"visuals":{"large":"https:\/\/images.epagine.fr\/939\/9782019591939_1_75.jpg","medium":"https:\/\/images.epagine.fr\/939\/9782019591939_1_m.jpg","thumbnail":"https:\/\/images.epagine.fr\/939\/9782019591939_1_v.jpg"},"orderable":true,"show_badge":true,"formatted_price":"13,90&nbsp;\u20ac","formatted_published_date":"1er octobre 2016","publisher_availability_label":"Sur commande","short_details":"Payen Jean-Francois \u2014 Hachette BNF","translator":null,"weight":137,"page_count":null,"readership":null,"editor":"Hachette BNF","price":1390,"published_date":"2016-09-30T22:00:00.000000Z","support":"Grand format","publisher_availability":1,"stock":0,"editions":[],"url":"https:\/\/quaidesbrumes.com\/ouvrage\/9782019591939\/notice-bibliographique-sur-montaigne-numero-1"},{"id":"9782019622077","title":"Bibliographie historique et topographique de la ville de paris ou catalogue de tous les - ouvrages i","description":"Bibliographie historique et topographique de la ville de Paris ou Catalogue de tous les ouvrages imprim\u00e9s en fran\u00e7ais, relatifs \u00e0 l'histoire de Paris depuis le XVe si\u00e8cle jusqu'au mois de novembre 1846 (2e \u00e9dition) \/ par A. Girault de St.-Fargeau Date de l'\u00e9dition originale : 1847 Ce livre est la reproduction fid\u00e8le d'une oeuvre publi\u00e9e avant 1920 et fait partie d'une collection de livres r\u00e9imprim\u00e9s \u00e0 la demande \u00e9dit\u00e9e par Hachette Livre, dans le cadre d'un partenariat avec la Biblioth\u00e8que nationale de France, offrant l'opportunit\u00e9 d'acc\u00e9der \u00e0 des ouvrages anciens et souvent rares issus des fonds patrimoniaux de la BnF.\r\nLes oeuvres faisant partie de cette collection ont \u00e9t\u00e9 num\u00e9ris\u00e9es par la BnF et sont pr\u00e9sentes sur Gallica, sa biblioth\u00e8que num\u00e9rique.\r\n\r\nEn entreprenant de redonner vie \u00e0 ces ouvrages au travers d'une collection de livres r\u00e9imprim\u00e9s \u00e0 la demande, nous leur donnons la possibilit\u00e9 de rencontrer un public \u00e9largi et participons \u00e0 la transmission de connaissances et de savoirs parfois difficilement accessibles.\r\nNous avons cherch\u00e9 \u00e0 concilier la reproduction fid\u00e8le d'un livre ancien \u00e0 partir de sa version num\u00e9ris\u00e9e avec le souci d'un confort de lecture optimal. Nous esp\u00e9rons que les ouvrages de cette nouvelle collection vous apporteront enti\u00e8re satisfaction.\r\n\r\nPour plus d'informations, rendez-vous sur www.hachettebnf.fr\r","authors":["Girault De Saint-Far"],"category_codes":["1000000","1060000","1060200"],"visuals":{"large":"https:\/\/images.epagine.fr\/077\/9782019622077_1_75.jpg","medium":"https:\/\/images.epagine.fr\/077\/9782019622077_1_m.jpg","thumbnail":"https:\/\/images.epagine.fr\/077\/9782019622077_1_v.jpg"},"orderable":true,"show_badge":true,"formatted_price":"11,50&nbsp;\u20ac","formatted_published_date":"1er novembre 2016","publisher_availability_label":"Sur commande","short_details":"Girault De Saint-Far \u2014 Hachette BNF","translator":null,"weight":94,"page_count":null,"readership":null,"editor":"Hachette BNF","price":1150,"published_date":"2016-10-31T23:00:00.000000Z","support":"Grand format","publisher_availability":1,"stock":0,"editions":[],"url":"https:\/\/quaidesbrumes.com\/ouvrage\/9782019622077\/bibliographie-historique-et-topographique-de-la-ville-de-paris-ou-catalogue-de-tous-les-ouvrages-i"},{"id":"9782950789549","title":"Georgia knap - l'inventeur troyen","description":null,"authors":["Claude B\u00e9ris\u00e9"],"category_codes":["1000000","1060000","1060300"],"visuals":{"large":"https:\/\/quaidesbrumes.com\/img\/book-placeholder.png","medium":"https:\/\/quaidesbrumes.com\/img\/book-placeholder.png","thumbnail":"https:\/\/quaidesbrumes.com\/img\/book-placeholder.png"},"orderable":true,"show_badge":true,"formatted_price":"19,82&nbsp;\u20ac","formatted_published_date":"1er janvier 1995","publisher_availability_label":"Sur commande","short_details":"Claude B\u00e9ris\u00e9 \u2014 La Maison Du Boulanger","translator":null,"weight":279,"page_count":null,"readership":null,"editor":"La Maison Du Boulanger","price":1982,"published_date":"1994-12-31T23:00:00.000000Z","support":"Grand format","publisher_availability":1,"stock":0,"editions":[],"url":"https:\/\/quaidesbrumes.com\/ouvrage\/9782950789549\/georgia-knap-linventeur-troyen"},{"id":"9782365920858","title":"Ma vie ; un sport pas comme les autres...","description":"Ce livre est d'une fra\u00eecheur absolue ! Pierre Kl\u00e9baur habite l'Alsace, il est un pirate de 21 ans qui se raconte avec une verve et un sens aigu de la formule, Voil\u00e0 un livre dr\u00f4le, touchant, vivifiant, rebelle et salvateur \u00e0 l'image de son auteur ! Pierre dont la naissance a \u00e9t\u00e9 \u00ab chahut\u00e9e \u00bb (il est Infirme moteur c\u00e9r\u00e9bral) aborde toutes les probl\u00e9matiques de son quotidien et, surtout, passe en revue ses r\u00e9voltes, ses passions et ses bonheurs. De coups de griffes en coups de coeurs, de combats en bonheurs, il d\u00e9crit un jeune d'aujourd'hui qui croque la vie malgr\u00e9 son handicap.\r","authors":["Pierre Klebaur"],"category_codes":["1000000","1060000","1060100"],"visuals":{"large":"https:\/\/images.epagine.fr\/858\/9782365920858_1_75.jpg","medium":"https:\/\/images.epagine.fr\/858\/9782365920858_1_m.jpg","thumbnail":"https:\/\/images.epagine.fr\/858\/9782365920858_1_v.jpg"},"orderable":true,"show_badge":true,"formatted_price":"12,00&nbsp;\u20ac","formatted_published_date":"2 f\u00e9vrier 2017","publisher_availability_label":"Sur commande","short_details":"Pierre Klebaur \u2014 Grrr...art \u00c9ditions","translator":null,"weight":301,"page_count":240,"readership":null,"editor":"Grrr...art \u00c9ditions","price":1200,"published_date":"2017-02-01T23:00:00.000000Z","support":"Grand format","publisher_availability":1,"stock":0,"editions":[],"url":"https:\/\/quaidesbrumes.com\/ouvrage\/9782365920858\/ma-vie-un-sport-pas-comme-les-autres"},{"id":"9782758609629","title":"Mon petit saint-dier d'auvergne qui fut mon grand royaume","description":null,"authors":["Lebard Raymond"],"category_codes":["1000000","1060000","1060100"],"visuals":{"large":"https:\/\/quaidesbrumes.com\/img\/book-placeholder.png","medium":"https:\/\/quaidesbrumes.com\/img\/book-placeholder.png","thumbnail":"https:\/\/quaidesbrumes.com\/img\/book-placeholder.png"},"orderable":true,"show_badge":true,"formatted_price":"37,00&nbsp;\u20ac","formatted_published_date":"28 novembre 2016","publisher_availability_label":"Sur commande","short_details":"Lebard Raymond \u2014 Livre D'Histoire","translator":null,"weight":800,"page_count":null,"readership":null,"editor":"Livre D'Histoire","price":3700,"published_date":"2016-11-27T23:00:00.000000Z","support":"Grand format","publisher_availability":1,"stock":0,"editions":[],"url":"https:\/\/quaidesbrumes.com\/ouvrage\/9782758609629\/mon-petit-saint-dier-dauvergne-qui-fut-mon-grand-royaume"},{"id":"9782905691767","title":"Marie-luce bruyere ou la vie d'un etudiant libanais en france","description":null,"authors":["George Saad"],"category_codes":["1000000","1060000","1060300"],"visuals":{"large":"https:\/\/quaidesbrumes.com\/img\/book-placeholder.png","medium":"https:\/\/quaidesbrumes.com\/img\/book-placeholder.png","thumbnail":"https:\/\/quaidesbrumes.com\/img\/book-placeholder.png"},"orderable":true,"show_badge":true,"formatted_price":"10,00&nbsp;\u20ac","formatted_published_date":"1er janvier 2002","publisher_availability_label":"Sur commande","short_details":"George Saad \u2014 Atelier Creation Libertaire","translator":null,"weight":200,"page_count":null,"readership":null,"editor":"Atelier Creation Libertaire","price":1000,"published_date":"2001-12-31T23:00:00.000000Z","support":"Grand format","publisher_availability":1,"stock":0,"editions":[],"url":"https:\/\/quaidesbrumes.com\/ouvrage\/9782905691767\/marie-luce-bruyere-ou-la-vie-dun-etudiant-libanais-en-france"},{"id":"9782911855153","title":"Lily Laskine ; 1893-1988","description":"Dix ans apr\u00e9s sa disparition, le charme laiss\u00e9 par Lily Laskine reste intact.\r\nSes amis r\u00e9unis en association perp\u00e9tuent son souvenir en organisant p\u00e9riodiquement des concerts et un concours d\u00e9di\u00e9s \u00e0 sa m\u00e9moire.\r\nA l'occasion de cet anniversaire, ils r\u00e9alisent un album-souvenir permettant \u00e0 ses admirateurs de retrouver plus intimement cette incomparable artiste.\r","authors":["Marielle Nordmann"],"category_codes":["1000000","1060000","1060300"],"visuals":{"large":"https:\/\/images.epagine.fr\/153\/9782911855153_1_75.jpg","medium":"https:\/\/images.epagine.fr\/153\/9782911855153_1_m.jpg","thumbnail":"https:\/\/images.epagine.fr\/153\/9782911855153_1_v.jpg"},"orderable":true,"show_badge":true,"formatted_price":"18,00&nbsp;\u20ac","formatted_published_date":"1er janvier 2002","publisher_availability_label":"Sur commande","short_details":"Marielle Nordmann \u2014 Cahiers Du Temps","translator":null,"weight":401,"page_count":48,"readership":null,"editor":"Cahiers Du Temps","price":1800,"published_date":"2001-12-31T23:00:00.000000Z","support":"Grand format","publisher_availability":1,"stock":0,"editions":[],"url":"https:\/\/quaidesbrumes.com\/ouvrage\/9782911855153\/lily-laskine-1893-1988"},{"id":"9782911855184","title":"Bains-douches, rue E. Boca - Caen","description":null,"authors":["Nathalie Feron"],"category_codes":["1000000","1060000"],"visuals":{"large":"https:\/\/quaidesbrumes.com\/img\/book-placeholder.png","medium":"https:\/\/quaidesbrumes.com\/img\/book-placeholder.png","thumbnail":"https:\/\/quaidesbrumes.com\/img\/book-placeholder.png"},"orderable":true,"show_badge":true,"formatted_price":"18,00&nbsp;\u20ac","formatted_published_date":"1er janvier 2002","publisher_availability_label":"Sur commande","short_details":"Nathalie Feron \u2014 Cahiers Du Temps","translator":null,"weight":401,"page_count":null,"readership":null,"editor":"Cahiers Du Temps","price":1800,"published_date":"2001-12-31T23:00:00.000000Z","support":"Grand format","publisher_availability":1,"stock":0,"editions":[],"url":"https:\/\/quaidesbrumes.com\/ouvrage\/9782911855184\/bains-douches-rue-e-boca-caen"},{"id":"9782911855498","title":"Le magasin de nouveaut\u00e9s","description":"\"Au Gagne Petit\", on trouve un choix \u00e9tourdissant de tissus, de v\u00eatements, de dentelles, de chaussures, de chapeaux, de sabots et d'articles de mercerie... On trouve m\u00eame Bernanos et Saint-Exup\u00e9ry sur les rayons du salon-biblioth\u00e8que.\r\nEmbauch\u00e9e \u00e0 14 ans dans le magasin de nouveaut\u00e9s de son village, une employ\u00e9e raconte comment de 1934 \u00e0 1946, elle participa \u00e0 l'intense activit\u00e9 de l'un de ces petits commerces qui contribuaient \u00e0 l'animation des communes rurales et des villes.\r","authors":["Jean-bernard Collinet"],"category_codes":["1000000","1060000","1060300"],"visuals":{"large":"https:\/\/images.epagine.fr\/498\/9782911855498_1_75.jpg","medium":"https:\/\/images.epagine.fr\/498\/9782911855498_1_m.jpg","thumbnail":"https:\/\/images.epagine.fr\/498\/9782911855498_1_v.jpg"},"orderable":true,"show_badge":true,"formatted_price":"18,30&nbsp;\u20ac","formatted_published_date":"1er janvier 2002","publisher_availability_label":"Sur commande","short_details":"Jean-bernard Collinet \u2014 Cahiers Du Temps","translator":null,"weight":401,"page_count":128,"readership":null,"editor":"Cahiers Du Temps","price":1830,"published_date":"2001-12-31T23:00:00.000000Z","support":"Grand format","publisher_availability":1,"stock":0,"editions":[],"url":"https:\/\/quaidesbrumes.com\/ouvrage\/9782911855498\/le-magasin-de-nouveautes"},{"id":"9782913052055","title":"Marguerite Bourgeoys : sans voile ni guimpe","description":"\u00ab Marguerite Bourgeoys pr\u00e9sent\u00e9e comme une femme intr\u00e9pide, \u00e9ducatrice, serviable \u00e0 tous, remplie d'audace et de foi, mais aussi inqui\u00e8te, h\u00e9sitante, affaiblie. C'est une M\u00e8re Bourgeoys de chair et de sang, aimante et remplie de compassion, vuln\u00e9rable et souffrante qui nous est pr\u00e9sent\u00e9e, ce qui la rend encore plus proche et humaine \u00bb. Gervaise Desch\u00eanes, C.N.D.\r","authors":["Denis Coton"],"category_codes":["1000000","1060000","1060300"],"visuals":{"large":"https:\/\/images.epagine.fr\/055\/9782913052055_1_75.jpg","medium":"https:\/\/images.epagine.fr\/055\/9782913052055_1_m.jpg","thumbnail":"https:\/\/images.epagine.fr\/055\/9782913052055_1_v.jpg"},"orderable":true,"show_badge":true,"formatted_price":"18,29&nbsp;\u20ac","formatted_published_date":"1er janvier 2001","publisher_availability_label":"Sur commande","short_details":"Denis Coton \u2014 La Maison Du Boulanger","translator":null,"weight":340,"page_count":235,"readership":null,"editor":"La Maison Du Boulanger","price":1829,"published_date":"2000-12-31T23:00:00.000000Z","support":"Grand format","publisher_availability":1,"stock":0,"editions":[],"url":"https:\/\/quaidesbrumes.com\/ouvrage\/9782913052055\/marguerite-bourgeoys-sans-voile-ni-guimpe"},{"id":"9782951599277","title":"Bruce lee - la voie du poing qui intercepte","description":null,"authors":["Jourdan Claude"],"category_codes":["1000000","1060000","1060100"],"visuals":{"large":"https:\/\/quaidesbrumes.com\/img\/book-placeholder.png","medium":"https:\/\/quaidesbrumes.com\/img\/book-placeholder.png","thumbnail":"https:\/\/quaidesbrumes.com\/img\/book-placeholder.png"},"orderable":true,"show_badge":true,"formatted_price":"8,00&nbsp;\u20ac","formatted_published_date":"7 mars 2003","publisher_availability_label":"Sur commande","short_details":"Jourdan Claude \u2014 Editions Du Masque D'Or","translator":null,"weight":201,"page_count":null,"readership":null,"editor":"Editions Du Masque D'Or","price":800,"published_date":"2003-03-06T23:00:00.000000Z","support":"Grand format","publisher_availability":1,"stock":0,"editions":[],"url":"https:\/\/quaidesbrumes.com\/ouvrage\/9782951599277\/bruce-lee-la-voie-du-poing-qui-intercepte"},{"id":"9782343121383","title":"Allocution de circonstance par le r\u00e9cipiendaire ; c\u00e9r\u00e9monie de collation du grade de \"docteur honoris causa\" au professeur Th\u00e9ophile Obenga","description":"L universit\u00e9 de Lubumbashi (RDC) a reconnu solennellement le 14 octobre 2016 l importance du travail p\u00e9dagogique et scientifique du professeur Obenga \u00e0 l occasion d une c\u00e9r\u00e9monie de collation du grade de docteur honoris causa. Lors de cette c\u00e9r\u00e9monie fut prononc\u00e9 par le r\u00e9cipiendaire un discours de circonstance relatant l itin\u00e9raire intellectuel, la formation et les acquis scientifiques de recherche \u00e0 la suite de travaux fondateurs de Cheikh Anta Diop.\r","authors":["Th\u00e9ophile Obenga"],"category_codes":["1000000","1060000","1060300"],"visuals":{"large":"https:\/\/images.epagine.fr\/383\/9782343121383_1_75.jpg","medium":"https:\/\/images.epagine.fr\/383\/9782343121383_1_m.jpg","thumbnail":"https:\/\/images.epagine.fr\/383\/9782343121383_1_v.jpg"},"orderable":true,"show_badge":true,"formatted_price":"13,00&nbsp;\u20ac","formatted_published_date":"10 mai 2017","publisher_availability_label":"Sur commande","short_details":"Th\u00e9ophile Obenga \u2014 \u00c9ditions L'Harmattan","translator":null,"weight":172,"page_count":72,"readership":null,"editor":"\u00c9ditions L'Harmattan","price":1300,"published_date":"2017-05-09T22:00:00.000000Z","support":"Grand format","publisher_availability":1,"stock":0,"editions":[],"url":"https:\/\/quaidesbrumes.com\/ouvrage\/9782343121383\/allocution-de-circonstance-par-le-recipiendaire-ceremonie-de-collation-du-grade-de-docteur-honoris-causa-au-professeur-theophile-obenga"},{"id":"9782354857936","title":"Reclus","description":"Envahi par le spleen, Jean-Paul Lef\u00e8vre prend la plume pour affronter les tourments de son existence\u00a0: l'enfance parasit\u00e9e par une m\u00e8re \u00e9touffante, la paternit\u00e9 et ses liens complexes, la d\u00e9sillusion de l'engagement syndical, l'inconsolable perte d'un p\u00e8re, la solitude et la d\u00e9prime... Bilan sinc\u00e8re et troublant d'une vie caboss\u00e9e, ce r\u00e9cit brut, empreint de subtilit\u00e9 et de po\u00e9sie, r\u00e9sonne comme un sombre \u00e9cho aux angoisses qui r\u00e9gissent nos vies.\r","authors":["Jean-paul Lef\u00e8vre"],"category_codes":["1000000","1060000","1060200"],"visuals":{"large":"https:\/\/images.epagine.fr\/936\/9782354857936_1_75.jpg","medium":"https:\/\/images.epagine.fr\/936\/9782354857936_1_m.jpg","thumbnail":"https:\/\/images.epagine.fr\/936\/9782354857936_1_v.jpg"},"orderable":true,"show_badge":true,"formatted_price":"12,50&nbsp;\u20ac","formatted_published_date":"1er d\u00e9cembre 2016","publisher_availability_label":"Sur commande","short_details":"Jean-paul Lef\u00e8vre \u2014 JETS D'ENCRE","translator":null,"weight":84,"page_count":76,"readership":null,"editor":"JETS D'ENCRE","price":1250,"published_date":"2016-11-30T23:00:00.000000Z","support":"Grand format","publisher_availability":1,"stock":0,"editions":[],"url":"https:\/\/quaidesbrumes.com\/ouvrage\/9782354857936\/reclus"},{"id":"9782011309631","title":"Catalogue des manuscrits du fonds de la tremoille","description":"Catalogue des manuscrits du fonds de La Tr\u00e9mo\u00eflle \/ Biblioth\u00e8que nationale ; r\u00e9d. par L\u00e9opold Delisle Date de l'\u00e9dition originale : 1889 Ce livre est la reproduction fid\u00e8le d'une oeuvre publi\u00e9e avant 1920 et fait partie d'une collection de livres r\u00e9imprim\u00e9s \u00e0 la demande \u00e9dit\u00e9e par Hachette Livre, dans le cadre d'un partenariat avec la Biblioth\u00e8que nationale de France, offrant l'opportunit\u00e9 d'acc\u00e9der \u00e0 des ouvrages anciens et souvent rares issus des fonds patrimoniaux de la BnF.\r\nLes oeuvres faisant partie de cette collection ont \u00e9t\u00e9 num\u00e9ris\u00e9es par la BnF et sont pr\u00e9sentes sur Gallica, sa biblioth\u00e8que num\u00e9rique.\r\n\r\nEn entreprenant de redonner vie \u00e0 ces ouvrages au travers d'une collection de livres r\u00e9imprim\u00e9s \u00e0 la demande, nous leur donnons la possibilit\u00e9 de rencontrer un public \u00e9largi et participons \u00e0 la transmission de connaissances et de savoirs parfois difficilement accessibles.\r\nNous avons cherch\u00e9 \u00e0 concilier la reproduction fid\u00e8le d'un livre ancien \u00e0 partir de sa version num\u00e9ris\u00e9e avec le souci d'un confort de lecture optimal. Nous esp\u00e9rons que les ouvrages de cette nouvelle collection vous apporteront enti\u00e8re satisfaction.\r\n\r\nPour plus d'informations, rendez-vous sur www.hachettebnf.fr\r","authors":["Bibliotheque Nationa"],"category_codes":["1000000","1060000","1060200"],"visuals":{"large":"https:\/\/images.epagine.fr\/631\/9782011309631_1_75.jpg","medium":"https:\/\/images.epagine.fr\/631\/9782011309631_1_m.jpg","thumbnail":"https:\/\/images.epagine.fr\/631\/9782011309631_1_v.jpg"},"orderable":true,"show_badge":true,"formatted_price":"11,50&nbsp;\u20ac","formatted_published_date":"1er novembre 2016","publisher_availability_label":"Sur commande","short_details":"Bibliotheque Nationa \u2014 Hachette BNF","translator":null,"weight":94,"page_count":null,"readership":null,"editor":"Hachette BNF","price":1150,"published_date":"2016-10-31T23:00:00.000000Z","support":"Grand format","publisher_availability":1,"stock":0,"editions":[],"url":"https:\/\/quaidesbrumes.com\/ouvrage\/9782011309631\/catalogue-des-manuscrits-du-fonds-de-la-tremoille"},{"id":"9782011324740","title":"Un missel lyonnais du xiiie siecle","description":"Un missel lyonnais du XIIIe si\u00e8cle \/ par Paul Fournier,...\r\nDate de l'\u00e9dition originale : 1901 Sujet de l'ouvrage : Missels -- 13e si\u00e8cle Appartient \u00e0 l'ensemble documentaire : RhoneAlp1 Ce livre est la reproduction fid\u00e8le d'une oeuvre publi\u00e9e avant 1920 et fait partie d'une collection de livres r\u00e9imprim\u00e9s \u00e0 la demande \u00e9dit\u00e9e par Hachette Livre, dans le cadre d'un partenariat avec la Biblioth\u00e8que nationale de France, offrant l'opportunit\u00e9 d'acc\u00e9der \u00e0 des ouvrages anciens et souvent rares issus des fonds patrimoniaux de la BnF.\r\nLes oeuvres faisant partie de cette collection ont \u00e9t\u00e9 num\u00e9ris\u00e9es par la BnF et sont pr\u00e9sentes sur Gallica, sa biblioth\u00e8que num\u00e9rique.\r\n\r\nEn entreprenant de redonner vie \u00e0 ces ouvrages au travers d'une collection de livres r\u00e9imprim\u00e9s \u00e0 la demande, nous leur donnons la possibilit\u00e9 de rencontrer un public \u00e9largi et participons \u00e0 la transmission de connaissances et de savoirs parfois difficilement accessibles.\r\nNous avons cherch\u00e9 \u00e0 concilier la reproduction fid\u00e8le d'un livre ancien \u00e0 partir de sa version num\u00e9ris\u00e9e avec le souci d'un confort de lecture optimal. Nous esp\u00e9rons que les ouvrages de cette nouvelle collection vous apporteront enti\u00e8re satisfaction.\r\n\r\nPour plus d'informations, rendez-vous sur www.hachettebnf.fr\r","authors":["Paul Fournier"],"category_codes":["1000000","1060000"],"visuals":{"large":"https:\/\/images.epagine.fr\/740\/9782011324740_1_75.jpg","medium":"https:\/\/images.epagine.fr\/740\/9782011324740_1_m.jpg","thumbnail":"https:\/\/images.epagine.fr\/740\/9782011324740_1_v.jpg"},"orderable":true,"show_badge":true,"formatted_price":"9,50&nbsp;\u20ac","formatted_published_date":"1er novembre 2016","publisher_availability_label":"Sur commande","short_details":"Paul Fournier \u2014 Hachette BNF","translator":null,"weight":56,"page_count":null,"readership":null,"editor":"Hachette BNF","price":950,"published_date":"2016-10-31T23:00:00.000000Z","support":"Grand format","publisher_availability":1,"stock":0,"editions":[],"url":"https:\/\/quaidesbrumes.com\/ouvrage\/9782011324740\/un-missel-lyonnais-du-xiiie-siecle"},{"id":"9782370970282","title":"Paroles, silences, traces : Joseph et ses silences - Dragon Clovis 28 septembre 1914","description":"La campagne de l'\u00e9t\u00e9 14 d'un jeune Dragon mort le 28 septembre \u00e0 quelques kilom\u00e8tres de chez lui, dans la Somme, au d\u00e9but de l'enfouissement des soldats dans des tranch\u00e9es, cl\u00f4ture du r\u00f4le ancestral de la cavalerie. Joseph et ses silences. N\u00e9 en 1916, compensation d'un deuil inachev\u00e9. Socialiste fervent en 1936 pass\u00e9 au g\u00e9n\u00e9ral De Gaulle en 1943.\r\nUne m\u00e9ditation sur des parcelles de m\u00e9moires, familiale, locale, nationale. \u00c9mouvant, profond.","authors":[],"category_codes":["1000000","1060000"],"visuals":{"large":"https:\/\/images.epagine.fr\/282\/9782370970282_1_75.jpg","medium":"https:\/\/images.epagine.fr\/282\/9782370970282_1_m.jpg","thumbnail":"https:\/\/images.epagine.fr\/282\/9782370970282_1_v.jpg"},"orderable":true,"show_badge":true,"formatted_price":"20,00&nbsp;\u20ac","formatted_published_date":"28 novembre 2016","publisher_availability_label":"Sur commande","short_details":"KOMEDIT","translator":null,"weight":499,"page_count":160,"readership":null,"editor":"KOMEDIT","price":2000,"published_date":"2016-11-27T23:00:00.000000Z","support":"Grand format","publisher_availability":1,"stock":0,"editions":[],"url":"https:\/\/quaidesbrumes.com\/ouvrage\/9782370970282\/paroles-silences-traces-joseph-et-ses-silences-dragon-clovis-28-septembre-1914"},{"id":"9782903870898","title":"Memorial de la resistance creusoise","description":null,"authors":["Parrotin Marc"],"category_codes":["1000000","1060000","1060100"],"visuals":{"large":"https:\/\/quaidesbrumes.com\/img\/book-placeholder.png","medium":"https:\/\/quaidesbrumes.com\/img\/book-placeholder.png","thumbnail":"https:\/\/quaidesbrumes.com\/img\/book-placeholder.png"},"orderable":true,"show_badge":true,"formatted_price":"28,97&nbsp;\u20ac","formatted_published_date":"1er janvier 2000","publisher_availability_label":"Sur commande","short_details":"Parrotin Marc \u2014 Verso Ahun","translator":null,"weight":601,"page_count":null,"readership":null,"editor":"Verso Ahun","price":2897,"published_date":"1999-12-31T23:00:00.000000Z","support":"Grand format","publisher_availability":1,"stock":0,"editions":[],"url":"https:\/\/quaidesbrumes.com\/ouvrage\/9782903870898\/memorial-de-la-resistance-creusoise"},{"id":"9782910457785","title":"Richarme, journal d'atelier - parcours d'artiste","description":null,"authors":["Bernard Derrieu"],"category_codes":["1000000","1060000","1060300"],"visuals":{"large":"https:\/\/quaidesbrumes.com\/img\/book-placeholder.png","medium":"https:\/\/quaidesbrumes.com\/img\/book-placeholder.png","thumbnail":"https:\/\/quaidesbrumes.com\/img\/book-placeholder.png"},"orderable":true,"show_badge":true,"formatted_price":"12,00&nbsp;\u20ac","formatted_published_date":"1er janvier 2002","publisher_availability_label":"Sur commande","short_details":"Bernard Derrieu \u2014 Domens","translator":null,"weight":300,"page_count":null,"readership":null,"editor":"Domens","price":1200,"published_date":"2001-12-31T23:00:00.000000Z","support":"Grand format","publisher_availability":1,"stock":0,"editions":[],"url":"https:\/\/quaidesbrumes.com\/ouvrage\/9782910457785\/richarme-journal-datelier-parcours-dartiste"},{"id":"9782910457877","title":"Une traversee slave du siecle - catherine pillet de grodzinska","description":null,"authors":["Marie Bronsard"],"category_codes":["1000000","1060000","1060100"],"visuals":{"large":"https:\/\/quaidesbrumes.com\/img\/book-placeholder.png","medium":"https:\/\/quaidesbrumes.com\/img\/book-placeholder.png","thumbnail":"https:\/\/quaidesbrumes.com\/img\/book-placeholder.png"},"orderable":true,"show_badge":true,"formatted_price":"15,00&nbsp;\u20ac","formatted_published_date":"1er janvier 2002","publisher_availability_label":"Sur commande","short_details":"Marie Bronsard \u2014 Domens","translator":null,"weight":400,"page_count":null,"readership":null,"editor":"Domens","price":1500,"published_date":"2001-12-31T23:00:00.000000Z","support":"Grand format","publisher_availability":1,"stock":0,"editions":[],"url":"https:\/\/quaidesbrumes.com\/ouvrage\/9782910457877\/une-traversee-slave-du-siecle-catherine-pillet-de-grodzinska"},{"id":"9782011266385","title":"Mgr de salinis et les temoignages publics rendus a sa memoire","description":"Mgr de Salinis et les t\u00e9moignages publics rendus \u00e0 sa m\u00e9moire Date de l'\u00e9dition originale : 1861 Sujet de l'ouvrage : Salinis, de Appartient \u00e0 l'ensemble documentaire : MidiPyren1 Ce livre est la reproduction fid\u00e8le d'une oeuvre publi\u00e9e avant 1920 et fait partie d'une collection de livres r\u00e9imprim\u00e9s \u00e0 la demande \u00e9dit\u00e9e par Hachette Livre, dans le cadre d'un partenariat avec la Biblioth\u00e8que nationale de France, offrant l'opportunit\u00e9 d'acc\u00e9der \u00e0 des ouvrages anciens et souvent rares issus des fonds patrimoniaux de la BnF.\r\nLes oeuvres faisant partie de cette collection ont \u00e9t\u00e9 num\u00e9ris\u00e9es par la BnF et sont pr\u00e9sentes sur Gallica, sa biblioth\u00e8que num\u00e9rique.\r\n\r\nEn entreprenant de redonner vie \u00e0 ces ouvrages au travers d'une collection de livres r\u00e9imprim\u00e9s \u00e0 la demande, nous leur donnons la possibilit\u00e9 de rencontrer un public \u00e9largi et participons \u00e0 la transmission de connaissances et de savoirs parfois difficilement accessibles.\r\nNous avons cherch\u00e9 \u00e0 concilier la reproduction fid\u00e8le d'un livre ancien \u00e0 partir de sa version num\u00e9ris\u00e9e avec le souci d'un confort de lecture optimal. Nous esp\u00e9rons que les ouvrages de cette nouvelle collection vous apporteront enti\u00e8re satisfaction.\r\n\r\nPour plus d'informations, rendez-vous sur www.hachettebnf.fr\r","authors":["Impr. De Foix"],"category_codes":["1000000","1060000","1060200"],"visuals":{"large":"https:\/\/images.epagine.fr\/385\/9782011266385_1_75.jpg","medium":"https:\/\/images.epagine.fr\/385\/9782011266385_1_m.jpg","thumbnail":"https:\/\/images.epagine.fr\/385\/9782011266385_1_v.jpg"},"orderable":true,"show_badge":true,"formatted_price":"20,00&nbsp;\u20ac","formatted_published_date":"1er novembre 2016","publisher_availability_label":"Sur commande","short_details":"Impr. De Foix \u2014 Hachette BNF","translator":null,"weight":319,"page_count":null,"readership":null,"editor":"Hachette BNF","price":2000,"published_date":"2016-10-31T23:00:00.000000Z","support":"Grand format","publisher_availability":1,"stock":0,"editions":[],"url":"https:\/\/quaidesbrumes.com\/ouvrage\/9782011266385\/mgr-de-salinis-et-les-temoignages-publics-rendus-a-sa-memoire"},{"id":"9782910457136","title":"Souvenirs d'oran","description":null,"authors":["Andre Belamich"],"category_codes":["1000000","1060000","1060300"],"visuals":{"large":"https:\/\/quaidesbrumes.com\/img\/book-placeholder.png","medium":"https:\/\/quaidesbrumes.com\/img\/book-placeholder.png","thumbnail":"https:\/\/quaidesbrumes.com\/img\/book-placeholder.png"},"orderable":true,"show_badge":true,"formatted_price":"9,50&nbsp;\u20ac","formatted_published_date":"1er janvier 2002","publisher_availability_label":"Sur commande","short_details":"Andre Belamich \u2014 Domens","translator":null,"weight":200,"page_count":null,"readership":null,"editor":"Domens","price":950,"published_date":"2001-12-31T23:00:00.000000Z","support":"Grand format","publisher_availability":1,"stock":0,"editions":[],"url":"https:\/\/quaidesbrumes.com\/ouvrage\/9782910457136\/souvenirs-doran"},{"id":"9782011271624","title":"La taille au niveau. memoire sur la lithomie par l'appareil lateral, circonstances et dependances","description":"La Taille au niveau. M\u00e9moire sur la lithomie par l'appareil lat\u00e9ral,... circonstances et d\u00e9pendances, avec addition de quelques nouveaux instruments pour cette op\u00e9ration,... par M. Pouteau fils,...\r\nDate de l'\u00e9dition originale : 1765 Appartient \u00e0 l'ensemble documentaire : PACA1 Ce livre est la reproduction fid\u00e8le d'une oeuvre publi\u00e9e avant 1920 et fait partie d'une collection de livres r\u00e9imprim\u00e9s \u00e0 la demande \u00e9dit\u00e9e par Hachette Livre, dans le cadre d'un partenariat avec la Biblioth\u00e8que nationale de France, offrant l'opportunit\u00e9 d'acc\u00e9der \u00e0 des ouvrages anciens et souvent rares issus des fonds patrimoniaux de la BnF.\r\nLes oeuvres faisant partie de cette collection ont \u00e9t\u00e9 num\u00e9ris\u00e9es par la BnF et sont pr\u00e9sentes sur Gallica, sa biblioth\u00e8que num\u00e9rique.\r\n\r\nEn entreprenant de redonner vie \u00e0 ces ouvrages au travers d'une collection de livres r\u00e9imprim\u00e9s \u00e0 la demande, nous leur donnons la possibilit\u00e9 de rencontrer un public \u00e9largi et participons \u00e0 la transmission de connaissances et de savoirs parfois difficilement accessibles.\r\nNous avons cherch\u00e9 \u00e0 concilier la reproduction fid\u00e8le d'un livre ancien \u00e0 partir de sa version num\u00e9ris\u00e9e avec le souci d'un confort de lecture optimal. Nous esp\u00e9rons que les ouvrages de cette nouvelle collection vous apporteront enti\u00e8re satisfaction.\r\n\r\nPour plus d'informations, rendez-vous sur www.hachettebnf.fr\r","authors":["Pouteau Claude"],"category_codes":["1000000","1060000","1060200"],"visuals":{"large":"https:\/\/images.epagine.fr\/624\/9782011271624_1_75.jpg","medium":"https:\/\/images.epagine.fr\/624\/9782011271624_1_m.jpg","thumbnail":"https:\/\/images.epagine.fr\/624\/9782011271624_1_v.jpg"},"orderable":true,"show_badge":true,"formatted_price":"16,50&nbsp;\u20ac","formatted_published_date":"1er novembre 2016","publisher_availability_label":"Sur commande","short_details":"Pouteau Claude \u2014 Hachette BNF","translator":null,"weight":189,"page_count":null,"readership":null,"editor":"Hachette BNF","price":1650,"published_date":"2016-10-31T23:00:00.000000Z","support":"Grand format","publisher_availability":1,"stock":0,"editions":[],"url":"https:\/\/quaidesbrumes.com\/ouvrage\/9782011271624\/la-taille-au-niveau-memoire-sur-la-lithomie-par-lappareil-lateral-circonstances-et-dependances"},{"id":"9782011272638","title":"Thierry martens d'alost, etude bibliographique","description":"Thierry Martens d'Alost, \u00e9tude bibliographique, par J. W. Holtrop,...\r\nDate de l'\u00e9dition originale : 1867 Ce livre est la reproduction fid\u00e8le d'une oeuvre publi\u00e9e avant 1920 et fait partie d'une collection de livres r\u00e9imprim\u00e9s \u00e0 la demande \u00e9dit\u00e9e par Hachette Livre, dans le cadre d'un partenariat avec la Biblioth\u00e8que nationale de France, offrant l'opportunit\u00e9 d'acc\u00e9der \u00e0 des ouvrages anciens et souvent rares issus des fonds patrimoniaux de la BnF.\r\nLes oeuvres faisant partie de cette collection ont \u00e9t\u00e9 num\u00e9ris\u00e9es par la BnF et sont pr\u00e9sentes sur Gallica, sa biblioth\u00e8que num\u00e9rique.\r\n\r\nEn entreprenant de redonner vie \u00e0 ces ouvrages au travers d'une collection de livres r\u00e9imprim\u00e9s \u00e0 la demande, nous leur donnons la possibilit\u00e9 de rencontrer un public \u00e9largi et participons \u00e0 la transmission de connaissances et de savoirs parfois difficilement accessibles.\r\nNous avons cherch\u00e9 \u00e0 concilier la reproduction fid\u00e8le d'un livre ancien \u00e0 partir de sa version num\u00e9ris\u00e9e avec le souci d'un confort de lecture optimal. Nous esp\u00e9rons que les ouvrages de cette nouvelle collection vous apporteront enti\u00e8re satisfaction.\r\n\r\nPour plus d'informations, rendez-vous sur www.hachettebnf.fr\r","authors":["Holtrop J W."],"category_codes":["1000000","1060000","1060200"],"visuals":{"large":"https:\/\/images.epagine.fr\/638\/9782011272638_1_75.jpg","medium":"https:\/\/images.epagine.fr\/638\/9782011272638_1_m.jpg","thumbnail":"https:\/\/images.epagine.fr\/638\/9782011272638_1_v.jpg"},"orderable":true,"show_badge":true,"formatted_price":"16,50&nbsp;\u20ac","formatted_published_date":"1er novembre 2016","publisher_availability_label":"Sur commande","short_details":"Holtrop J W. \u2014 Hachette BNF","translator":null,"weight":202,"page_count":null,"readership":null,"editor":"Hachette BNF","price":1650,"published_date":"2016-10-31T23:00:00.000000Z","support":"Grand format","publisher_availability":1,"stock":0,"editions":[],"url":"https:\/\/quaidesbrumes.com\/ouvrage\/9782011272638\/thierry-martens-dalost-etude-bibliographique"}]}