{"data":[{"id":"9782343096872","title":"Fran\u00e7ois-Octave Le Cannellier, amiral normand (1855-1933) ; livre premier, la r\u00e9v\u00e9lation","description":"\"La Grande Histoire a mis en lumi\u00e8re d'incontournables figures. Mais que seraient-elles sans tous ceux qui, h\u00e9ros de l'ombre, ont contribu\u00e9 \u00e0 la construire ? N\u00e9 \u00e0 Barneville Carteret en 1855 et mort \u00e0 Cherbourg en 1933, Fran\u00e7ois-Octave Le Cannellier nous fait d\u00e9couvrir l'importance du r\u00f4le jou\u00e9 \u00e0 cette \u00e9poque par la Marine dans l'\u00e9pop\u00e9e coloniale et dans le premier grand conflit mondial. Ce premier tome couvre la p\u00e9riode de 1872 \u00e0 1905, de l'Ecole navale jusqu'\u00e0 l'obtention du grade de capitaine de vaisseau.\"\r","authors":["Jean-pierre Marin"],"category_codes":["1000000","1060000","1060200"],"visuals":{"large":"https:\/\/images.epagine.fr\/872\/9782343096872_1_75.jpg","medium":"https:\/\/images.epagine.fr\/872\/9782343096872_1_m.jpg","thumbnail":"https:\/\/images.epagine.fr\/872\/9782343096872_1_v.jpg"},"orderable":true,"show_badge":true,"formatted_price":"42,00&nbsp;\u20ac","formatted_published_date":"12 septembre 2016","publisher_availability_label":"Sur commande","short_details":"Jean-pierre Marin \u2014 \u00c9ditions L'Harmattan","translator":null,"weight":745,"page_count":456,"readership":null,"editor":"\u00c9ditions L'Harmattan","price":4200,"published_date":"2016-09-11T22:00:00.000000Z","support":"Grand format","publisher_availability":1,"stock":0,"editions":[],"url":"https:\/\/quaidesbrumes.com\/ouvrage\/9782343096872\/francois-octave-le-cannellier-amiral-normand-1855-1933-livre-premier-la-revelation"},{"id":"9782336305844","title":"Fran\u00e7ois-Octave Le Cannellier : Amiral normand (1855-1933) - Livre deuxi\u00e8me, L'Accomplissement","description":"Ce tome II montre le r\u00f4le essentiel que Fran\u00e7ois Octave Le Cannellier a jou\u00e9 \u00e0 la t\u00eate de la 2e division et de la 2e escadre l\u00e9g\u00e8re dans la d\u00e9fense de la Manche occidentale contre les incursions des U-boote. Il acc\u00e8dera alors, en 1916, au rang de vice-amiral et de directeur militaire des services de la Flotte. Il est alors un des quatre personnages principaux de la Marine.","authors":["Jean-Pierre Marin"],"category_codes":["1000000","1060000"],"visuals":{"large":"https:\/\/images.epagine.fr\/844\/9782336305844_1_75.jpg","medium":"https:\/\/images.epagine.fr\/844\/9782336305844_1_m.jpg","thumbnail":"https:\/\/images.epagine.fr\/844\/9782336305844_1_v.jpg"},"orderable":true,"show_badge":true,"formatted_price":"42,00&nbsp;\u20ac","formatted_published_date":"12 septembre 2016","publisher_availability_label":"Sur commande","short_details":"Jean-Pierre Marin \u2014 \u00c9ditions L'Harmattan","translator":null,"weight":745,"page_count":516,"readership":null,"editor":"\u00c9ditions L'Harmattan","price":4200,"published_date":"2016-09-11T22:00:00.000000Z","support":"Grand format","publisher_availability":1,"stock":0,"editions":[],"url":"https:\/\/quaidesbrumes.com\/ouvrage\/9782336305844\/francois-octave-le-cannellier-amiral-normand-1855-1933-livre-deuxieme-laccomplissement"},{"id":"9782011335623","title":"Notice de quelques livres des premiers imprimeurs de Limoges","description":"Notice de quelques livres des premiers imprimeurs de Limoges \/ par G. Cl\u00e9ment-Simon\r\nDate de l'\u00e9dition originale : 1895\r\nAppartient \u00e0 l'ensemble documentaire : Limous1\r\n\r\nLe pr\u00e9sent ouvrage s'inscrit dans une politique de conservation patrimoniale des ouvrages de la litt\u00e9rature Fran\u00e7aise mise en place avec la BNF.\r\nHACHETTE LIVRE et la BNF proposent ainsi un catalogue de titres indisponibles, la BNF ayant num\u00e9ris\u00e9 ces oeuvres et HACHETTE LIVRE les imprimant \u00e0 la demande.\r\nCertains de ces ouvrages refl\u00e8tent des courants de pens\u00e9e caract\u00e9ristiques de leur \u00e9poque, mais qui seraient aujourd'hui jug\u00e9s condamnables.\r\nIls n'en appartiennent pas moins \u00e0 l'histoire des id\u00e9es en France et sont susceptibles de pr\u00e9senter un int\u00e9r\u00eat scientifique ou historique.\r\nLe sens de notre d\u00e9marche \u00e9ditoriale consiste ainsi \u00e0 permettre l'acc\u00e8s \u00e0 ces oeuvres sans pour autant que nous en cautionnions en aucune fa\u00e7on le contenu.\r\n\r\nPour plus d'informations, rendez-vous sur www.hachettebnf.fr","authors":["Clement-Simon G."],"category_codes":["1000000","1060000","1060200"],"visuals":{"large":"https:\/\/images.epagine.fr\/623\/9782011335623_1_75.jpg","medium":"https:\/\/images.epagine.fr\/623\/9782011335623_1_m.jpg","thumbnail":"https:\/\/images.epagine.fr\/623\/9782011335623_1_v.jpg"},"orderable":true,"show_badge":true,"formatted_price":"9,50&nbsp;\u20ac","formatted_published_date":"1er octobre 2016","publisher_availability_label":"Sur commande","short_details":"Clement-Simon G. \u2014 Hachette BNF","translator":null,"weight":70,"page_count":36,"readership":null,"editor":"Hachette BNF","price":950,"published_date":"2016-09-30T22:00:00.000000Z","support":"Grand format","publisher_availability":1,"stock":0,"editions":[],"url":"https:\/\/quaidesbrumes.com\/ouvrage\/9782011335623\/notice-de-quelques-livres-des-premiers-imprimeurs-de-limoges"},{"id":"9782011335852","title":"Facult\u00e9 de droit de Paris. Droit romain, de la R\u00e9vocation des actes faits par le d\u00e9biteur en fraude : des droits de ses cr\u00e9anciers. Droit fran\u00e7ais : des Effets du jugement d\u00e9claratif de faillite. Th\u00e8se","description":"Facult\u00e9 de droit de Paris. Droit romain : de la R\u00e9vocation des actes faits par le d\u00e9biteur en fraude des droits de ses cr\u00e9anciers. Droit fran\u00e7ais : des Effets du jugement d\u00e9claratif de faillite. Th\u00e8se pour le doctorat... par Fernand Duflos,...\r\nDate de l'\u00e9dition originale : 1875\r\n\r\nLe pr\u00e9sent ouvrage s'inscrit dans une politique de conservation patrimoniale des ouvrages de la litt\u00e9rature Fran\u00e7aise mise en place avec la BNF.\r\nHACHETTE LIVRE et la BNF proposent ainsi un catalogue de titres indisponibles, la BNF ayant num\u00e9ris\u00e9 ces oeuvres et HACHETTE LIVRE les imprimant \u00e0 la demande.\r\nCertains de ces ouvrages refl\u00e8tent des courants de pens\u00e9e caract\u00e9ristiques de leur \u00e9poque, mais qui seraient aujourd'hui jug\u00e9s condamnables.\r\nIls n'en appartiennent pas moins \u00e0 l'histoire des id\u00e9es en France et sont susceptibles de pr\u00e9senter un int\u00e9r\u00eat scientifique ou historique.\r\nLe sens de notre d\u00e9marche \u00e9ditoriale consiste ainsi \u00e0 permettre l'acc\u00e8s \u00e0 ces oeuvres sans pour autant que nous en cautionnions en aucune fa\u00e7on le contenu.\r\n\r\nPour plus d'informations, rendez-vous sur www.hachettebnf.fr","authors":["Duflos Fernand"],"category_codes":["1000000","1060000","1060200"],"visuals":{"large":"https:\/\/images.epagine.fr\/852\/9782011335852_1_75.jpg","medium":"https:\/\/images.epagine.fr\/852\/9782011335852_1_m.jpg","thumbnail":"https:\/\/images.epagine.fr\/852\/9782011335852_1_v.jpg"},"orderable":true,"show_badge":true,"formatted_price":"23,90&nbsp;\u20ac","formatted_published_date":"1er octobre 2016","publisher_availability_label":"Sur commande","short_details":"Duflos Fernand \u2014 Hachette BNF","translator":null,"weight":446,"page_count":314,"readership":null,"editor":"Hachette BNF","price":2390,"published_date":"2016-09-30T22:00:00.000000Z","support":"Grand format","publisher_availability":1,"stock":0,"editions":[],"url":"https:\/\/quaidesbrumes.com\/ouvrage\/9782011335852\/faculte-de-droit-de-paris-droit-romain-de-la-revocation-des-actes-faits-par-le-debiteur-en-fraude-des-droits-de-ses-creanciers-droit-francais-des-effets-du-jugement-declaratif-de-faillite-these"},{"id":"9782847125023","title":"C'\u00e9tait Ginette ; premi\u00e8re femme deput\u00e9e de Maine et Loire","description":"Ce livre est le t\u00e9moignage sur une femme ordinaire, qui n'\u00e9tait pas ordinaire, avec un destin hors du commun. Il est aussi l'\u00e9vocation d'une page de l'histoire de l'Anjou, d'une \u00e9poque, de l'\u00e9volution des mentalit\u00e9s. C'\u00e9tait Ginette, Ginette Leroux est n\u00e9e le 24 juillet 1942 dans le quartier Saint-Nicolas \u00e0 Angers, \u00e0 l'\u00e9poque quartier populaire. Assistante sociale de formation, elle s'est tr\u00e8s t\u00f4t investie dans les mouvements d'action catholique et les activit\u00e9s sociales. Adh\u00e9rente au parti socialiste depuis 1974, elle a \u00e9t\u00e9 \u00e9lue \u00e0 Tr\u00e9laz\u00e9, aux \u00e9lections municipales de 1977, sur une liste d'Union de la gauche conduite par le parti communiste. Adjointe aux affaires sociales et familiales, son empreinte est profonde \u00e0 Tr\u00e9laz\u00e9. Secr\u00e9taire f\u00e9d\u00e9rale du parti socialiste, elle a \u00e9t\u00e9 \u00e9lue d\u00e9put\u00e9e aux \u00e9lections l\u00e9gislatives de 1986. Un \u00e9v\u00e9nement ! Premi\u00e8re femme du Maine-et-Loire \u00e9lue au Parlement, elle offrait au parti socialiste un si\u00e8ge apr\u00e8s lequel il courait depuis 35 ans. Atteinte d'une grave maladie, elle s'est \u00e9teinte le 16 d\u00e9cembre 1987. Le ler d\u00e9cembre, elle avait rencontr\u00e9, en t\u00eate \u00e0 t\u00eate, le Pr\u00e9sident de la R\u00e9publique, Fran\u00e7ois Mitterrand. Elle avait 45 ans. Ginette Leroux a laiss\u00e9 le souvenir d'une femme g\u00e9n\u00e9reuse, dynamique, volontaire, souriante, simple, ayant le souci de l'am\u00e9lioration du sort des plus d\u00e9favoris\u00e9s.\r","authors":["Jean Goblet","Patrick Amara"],"category_codes":["1000000","1060000","1060200"],"visuals":{"large":"https:\/\/images.epagine.fr\/023\/9782847125023_1_75.jpg","medium":"https:\/\/images.epagine.fr\/023\/9782847125023_1_m.jpg","thumbnail":"https:\/\/images.epagine.fr\/023\/9782847125023_1_v.jpg"},"orderable":true,"show_badge":true,"formatted_price":"16,00&nbsp;\u20ac","formatted_published_date":"26 ao\u00fbt 2016","publisher_availability_label":"Sur commande","short_details":"Jean Goblet, Patrick Amara \u2014 Petit Pave","translator":null,"weight":260,"page_count":158,"readership":null,"editor":"Petit Pave","price":1600,"published_date":"2016-08-25T22:00:00.000000Z","support":"Grand format","publisher_availability":1,"stock":0,"editions":[],"url":"https:\/\/quaidesbrumes.com\/ouvrage\/9782847125023\/cetait-ginette-premiere-femme-deputee-de-maine-et-loire"},{"id":"9782226392763","title":"Des aveux - chronique d'une enfance homo","description":"On s'attendrit devant l'attachement d'un petit gar\u00e7on pour une petite fille. Qu'en est-il lorsque celui-ci est attir\u00e9 par les petits gar\u00e7ons ?\r\n Gonzague La Tour de Mossart a confi\u00e9 \u00e0 Brigitte Canuel les tourments d'une enfance et d'une adolescence \u00ab pas comme les autres \u00bb, l'itin\u00e9raire d'un \u00eatre confin\u00e9 dans la solitude et le silence, conscient de sa diff\u00e9rence d'abord, puis de son attirance pr\u00e9coce pour le m\u00eame sexe. Il \u00e9voque les premiers \u00e9mois, la d\u00e9couverte du mot \u00ab homosexualit\u00e9 \u00bb, la difficult\u00e9 de se construire, d'\u00eatre et de vivre dans un environnement qu'il ressent hostile, jusqu'\u00e0 la rencontre avec des homosexuels, les premi\u00e8res amours et l'\u00e9mergence progressive du r\u00e9el probl\u00e8me : l'homophobie.\r\n Ni militant ni provocant, ce r\u00e9cit poignant offre un nouveau regard sur l'homosexualit\u00e9 dans l'enfance, mais aussi sur l'\u00e9ducation et la place d'un enfant au sein de sa famille. Il s'impose comme un pr\u00e9cieux outil de r\u00e9flexion et de compr\u00e9hension pour toutes les personnes qui sont confront\u00e9es, de pr\u00e8s ou de loin, \u00e0 l'homosexualit\u00e9.\r","authors":["La Tour De Mossart"],"category_codes":["1000000","1060000","1060300"],"visuals":{"large":"https:\/\/quaidesbrumes.com\/img\/book-placeholder.png","medium":"https:\/\/quaidesbrumes.com\/img\/book-placeholder.png","thumbnail":"https:\/\/quaidesbrumes.com\/img\/book-placeholder.png"},"orderable":true,"show_badge":true,"formatted_price":"19,90&nbsp;\u20ac","formatted_published_date":"1er octobre 2016","publisher_availability_label":"Sur commande","short_details":"La Tour De Mossart \u2014 Albin Michel","translator":null,"weight":269,"page_count":224,"readership":null,"editor":"Albin Michel","price":1990,"published_date":"2016-09-30T22:00:00.000000Z","support":"Grand format","publisher_availability":1,"stock":0,"editions":[],"url":"https:\/\/quaidesbrumes.com\/ouvrage\/9782226392763\/des-aveux-chronique-dune-enfance-homo"},{"id":"9782019533199","title":"Chota rousthaveli, poete georgien du xiie siecle, sa vie et son oeuvre","description":"Chota Rousthav\u00e9li, po\u00e8te g\u00e9orgien du XIIe si\u00e8cle, sa vie et son oeuvre, par M. J. Mourier,...\r\nDate de l'\u00e9dition originale : 1910 Ce livre est la reproduction fid\u00e8le d'une oeuvre publi\u00e9e avant 1920 et fait partie d'une collection de livres r\u00e9imprim\u00e9s \u00e0 la demande \u00e9dit\u00e9e par Hachette Livre, dans le cadre d'un partenariat avec la Biblioth\u00e8que nationale de France, offrant l'opportunit\u00e9 d'acc\u00e9der \u00e0 des ouvrages anciens et souvent rares issus des fonds patrimoniaux de la BnF.\r\nLes oeuvres faisant partie de cette collection ont \u00e9t\u00e9 num\u00e9ris\u00e9es par la BnF et sont pr\u00e9sentes sur Gallica, sa biblioth\u00e8que num\u00e9rique.\r\n\r\nEn entreprenant de redonner vie \u00e0 ces ouvrages au travers d'une collection de livres r\u00e9imprim\u00e9s \u00e0 la demande, nous leur donnons la possibilit\u00e9 de rencontrer un public \u00e9largi et participons \u00e0 la transmission de connaissances et de savoirs parfois difficilement accessibles.\r\nNous avons cherch\u00e9 \u00e0 concilier la reproduction fid\u00e8le d'un livre ancien \u00e0 partir de sa version num\u00e9ris\u00e9e avec le souci d'un confort de lecture optimal. Nous esp\u00e9rons que les ouvrages de cette nouvelle collection vous apporteront enti\u00e8re satisfaction.\r\n\r\nPour plus d'informations, rendez-vous sur www.hachettebnf.fr\r","authors":["Mourier Jules"],"category_codes":["1000000","1060000","1060200"],"visuals":{"large":"https:\/\/images.epagine.fr\/199\/9782019533199_1_75.jpg","medium":"https:\/\/images.epagine.fr\/199\/9782019533199_1_m.jpg","thumbnail":"https:\/\/images.epagine.fr\/199\/9782019533199_1_v.jpg"},"orderable":true,"show_badge":true,"formatted_price":"9,50&nbsp;\u20ac","formatted_published_date":"1er octobre 2016","publisher_availability_label":"Sur commande","short_details":"Mourier Jules \u2014 Hachette BNF","translator":null,"weight":62,"page_count":null,"readership":null,"editor":"Hachette BNF","price":950,"published_date":"2016-09-30T22:00:00.000000Z","support":"Grand format","publisher_availability":1,"stock":0,"editions":[],"url":"https:\/\/quaidesbrumes.com\/ouvrage\/9782019533199\/chota-rousthaveli-poete-georgien-du-xiie-siecle-sa-vie-et-son-oeuvre"},{"id":"9782019533304","title":"Bibliographie de l'anarchie","description":"Bibliographie de l'anarchie \/ par M. Nettlau ; pr\u00e9face d'\u00c9lis\u00e9e Reclus Date de l'\u00e9dition originale : 1897 Collection : Biblioth\u00e8que des \"Temps nouveaux\" ; n\u00ba 8 Ce livre est la reproduction fid\u00e8le d'une oeuvre publi\u00e9e avant 1920 et fait partie d'une collection de livres r\u00e9imprim\u00e9s \u00e0 la demande \u00e9dit\u00e9e par Hachette Livre, dans le cadre d'un partenariat avec la Biblioth\u00e8que nationale de France, offrant l'opportunit\u00e9 d'acc\u00e9der \u00e0 des ouvrages anciens et souvent rares issus des fonds patrimoniaux de la BnF.\r\nLes oeuvres faisant partie de cette collection ont \u00e9t\u00e9 num\u00e9ris\u00e9es par la BnF et sont pr\u00e9sentes sur Gallica, sa biblioth\u00e8que num\u00e9rique.\r\n\r\nEn entreprenant de redonner vie \u00e0 ces ouvrages au travers d'une collection de livres r\u00e9imprim\u00e9s \u00e0 la demande, nous leur donnons la possibilit\u00e9 de rencontrer un public \u00e9largi et participons \u00e0 la transmission de connaissances et de savoirs parfois difficilement accessibles.\r\nNous avons cherch\u00e9 \u00e0 concilier la reproduction fid\u00e8le d'un livre ancien \u00e0 partir de sa version num\u00e9ris\u00e9e avec le souci d'un confort de lecture optimal. Nous esp\u00e9rons que les ouvrages de cette nouvelle collection vous apporteront enti\u00e8re satisfaction.\r\n\r\nPour plus d'informations, rendez-vous sur www.hachettebnf.fr\r","authors":["Max Nettlau"],"category_codes":["1000000","1060000","1060200"],"visuals":{"large":"https:\/\/images.epagine.fr\/304\/9782019533304_1_75.jpg","medium":"https:\/\/images.epagine.fr\/304\/9782019533304_1_m.jpg","thumbnail":"https:\/\/images.epagine.fr\/304\/9782019533304_1_v.jpg"},"orderable":true,"show_badge":true,"formatted_price":"24,00&nbsp;\u20ac","formatted_published_date":"1er octobre 2016","publisher_availability_label":"Sur commande","short_details":"Max Nettlau \u2014 Hachette BNF","translator":null,"weight":465,"page_count":null,"readership":null,"editor":"Hachette BNF","price":2400,"published_date":"2016-09-30T22:00:00.000000Z","support":"Grand format","publisher_availability":1,"stock":0,"editions":[],"url":"https:\/\/quaidesbrumes.com\/ouvrage\/9782019533304\/bibliographie-de-lanarchie"},{"id":"9782019533434","title":"Memoires artistiques de mlle pean de la roche-jagu","description":"M\u00e9moires artistiques de Mlle P\u00e9an de La Roche-Jagu, \u00e9crits par elle-m\u00eame Date de l'\u00e9dition originale : 1861 Sujet de l'ouvrage : P\u00e9an de La Roche-Jagu Ce livre est la reproduction fid\u00e8le d'une oeuvre publi\u00e9e avant 1920 et fait partie d'une collection de livres r\u00e9imprim\u00e9s \u00e0 la demande \u00e9dit\u00e9e par Hachette Livre, dans le cadre d'un partenariat avec la Biblioth\u00e8que nationale de France, offrant l'opportunit\u00e9 d'acc\u00e9der \u00e0 des ouvrages anciens et souvent rares issus des fonds patrimoniaux de la BnF.\r\nLes oeuvres faisant partie de cette collection ont \u00e9t\u00e9 num\u00e9ris\u00e9es par la BnF et sont pr\u00e9sentes sur Gallica, sa biblioth\u00e8que num\u00e9rique.\r\n\r\nEn entreprenant de redonner vie \u00e0 ces ouvrages au travers d'une collection de livres r\u00e9imprim\u00e9s \u00e0 la demande, nous leur donnons la possibilit\u00e9 de rencontrer un public \u00e9largi et participons \u00e0 la transmission de connaissances et de savoirs parfois difficilement accessibles.\r\nNous avons cherch\u00e9 \u00e0 concilier la reproduction fid\u00e8le d'un livre ancien \u00e0 partir de sa version num\u00e9ris\u00e9e avec le souci d'un confort de lecture optimal. Nous esp\u00e9rons que les ouvrages de cette nouvelle collection vous apporteront enti\u00e8re satisfaction.\r\n\r\nPour plus d'informations, rendez-vous sur www.hachettebnf.fr\r","authors":["Pean De La Roche-Jag"],"category_codes":["1000000","1060000","1060200"],"visuals":{"large":"https:\/\/images.epagine.fr\/434\/9782019533434_1_75.jpg","medium":"https:\/\/images.epagine.fr\/434\/9782019533434_1_m.jpg","thumbnail":"https:\/\/images.epagine.fr\/434\/9782019533434_1_v.jpg"},"orderable":true,"show_badge":true,"formatted_price":"19,50&nbsp;\u20ac","formatted_published_date":"1er octobre 2016","publisher_availability_label":"Sur commande","short_details":"Pean De La Roche-Jag \u2014 Hachette BNF","translator":null,"weight":300,"page_count":null,"readership":null,"editor":"Hachette BNF","price":1950,"published_date":"2016-09-30T22:00:00.000000Z","support":"Grand format","publisher_availability":1,"stock":0,"editions":[],"url":"https:\/\/quaidesbrumes.com\/ouvrage\/9782019533434\/memoires-artistiques-de-mlle-pean-de-la-roche-jagu"},{"id":"9782336308456","title":"Pr\u00e9sence","description":"Je voulais un titre \u00e0 ton r\u00e9cit de vie, j'ai cherch\u00e9 un mot, une id\u00e9e qui dirait ta r\u00e9sistance, toujours, \u00e0 tout. J'ai pens\u00e9 au seul mot : \u00ab R\u00e9sistante \u00bb. Mais cela connotait trop la guerre. Cette guerre 1940-1945 dont tu as beaucoup parl\u00e9...  Ta pr\u00e9sence. Voil\u00e0 le mot. Voil\u00e0 le titre. Souveraine, fi\u00e8re, ent\u00eat\u00e9e, g\u00e9n\u00e9reuse. Ta pr\u00e9sence au monde nous ravit le coeur \u00e0 tous...","authors":["Agathe Gosse"],"category_codes":["1000000","1060000"],"visuals":{"large":"https:\/\/images.epagine.fr\/456\/9782336308456_1_75.jpg","medium":"https:\/\/images.epagine.fr\/456\/9782336308456_1_m.jpg","thumbnail":"https:\/\/images.epagine.fr\/456\/9782336308456_1_v.jpg"},"orderable":true,"show_badge":true,"formatted_price":"12,50&nbsp;\u20ac","formatted_published_date":"13 septembre 2016","publisher_availability_label":"Sur commande","short_details":"Agathe Gosse \u2014 \u00c9ditions L'Harmattan","translator":null,"weight":120,"page_count":92,"readership":null,"editor":"\u00c9ditions L'Harmattan","price":1250,"published_date":"2016-09-12T22:00:00.000000Z","support":"Grand format","publisher_availability":1,"stock":0,"editions":[],"url":"https:\/\/quaidesbrumes.com\/ouvrage\/9782336308456\/presence"},{"id":"9782019535148","title":"Bibliographie de l'anarchie reimpr. de l'ed. de bruxelles de 1897","description":"Bibliographie de l'anarchie (R\u00e9impr. de l'\u00e9d. de Bruxelles de 1897) \/ Max Nettlau ; [pr\u00e9face de \u00c9lis\u00e9e Reclus] Date de l'\u00e9dition originale : 1897 Sujet de l'ouvrage : Anarchisme -- Bibliographie Ce livre est la reproduction fid\u00e8le d'une oeuvre publi\u00e9e avant 1920 et fait partie d'une collection de livres r\u00e9imprim\u00e9s \u00e0 la demande \u00e9dit\u00e9e par Hachette Livre, dans le cadre d'un partenariat avec la Biblioth\u00e8que nationale de France, offrant l'opportunit\u00e9 d'acc\u00e9der \u00e0 des ouvrages anciens et souvent rares issus des fonds patrimoniaux de la BnF.\r\nLes oeuvres faisant partie de cette collection ont \u00e9t\u00e9 num\u00e9ris\u00e9es par la BnF et sont pr\u00e9sentes sur Gallica, sa biblioth\u00e8que num\u00e9rique.\r\n\r\nEn entreprenant de redonner vie \u00e0 ces ouvrages au travers d'une collection de livres r\u00e9imprim\u00e9s \u00e0 la demande, nous leur donnons la possibilit\u00e9 de rencontrer un public \u00e9largi et participons \u00e0 la transmission de connaissances et de savoirs parfois difficilement accessibles.\r\nNous avons cherch\u00e9 \u00e0 concilier la reproduction fid\u00e8le d'un livre ancien \u00e0 partir de sa version num\u00e9ris\u00e9e avec le souci d'un confort de lecture optimal. Nous esp\u00e9rons que les ouvrages de cette nouvelle collection vous apporteront enti\u00e8re satisfaction.\r\n\r\nPour plus d'informations, rendez-vous sur www.hachettebnf.fr\r","authors":["Max Nettlau"],"category_codes":["1000000","1060000","1060200"],"visuals":{"large":"https:\/\/images.epagine.fr\/148\/9782019535148_1_75.jpg","medium":"https:\/\/images.epagine.fr\/148\/9782019535148_1_m.jpg","thumbnail":"https:\/\/images.epagine.fr\/148\/9782019535148_1_v.jpg"},"orderable":true,"show_badge":true,"formatted_price":"23,00&nbsp;\u20ac","formatted_published_date":"1er octobre 2016","publisher_availability_label":"Sur commande","short_details":"Max Nettlau \u2014 Hachette BNF","translator":null,"weight":435,"page_count":null,"readership":null,"editor":"Hachette BNF","price":2300,"published_date":"2016-09-30T22:00:00.000000Z","support":"Grand format","publisher_availability":1,"stock":0,"editions":[],"url":"https:\/\/quaidesbrumes.com\/ouvrage\/9782019535148\/bibliographie-de-lanarchie-reimpr-de-led-de-bruxelles-de-1897"},{"id":"9782019535414","title":"Specimens des caracteres","description":"Sp\u00e9cimens des caract\u00e8res Date de l'\u00e9dition originale : 1893 Ce livre est la reproduction fid\u00e8le d'une oeuvre publi\u00e9e avant 1920 et fait partie d'une collection de livres r\u00e9imprim\u00e9s \u00e0 la demande \u00e9dit\u00e9e par Hachette Livre, dans le cadre d'un partenariat avec la Biblioth\u00e8que nationale de France, offrant l'opportunit\u00e9 d'acc\u00e9der \u00e0 des ouvrages anciens et souvent rares issus des fonds patrimoniaux de la BnF.\r\nLes oeuvres faisant partie de cette collection ont \u00e9t\u00e9 num\u00e9ris\u00e9es par la BnF et sont pr\u00e9sentes sur Gallica, sa biblioth\u00e8que num\u00e9rique.\r\n\r\nEn entreprenant de redonner vie \u00e0 ces ouvrages au travers d'une collection de livres r\u00e9imprim\u00e9s \u00e0 la demande, nous leur donnons la possibilit\u00e9 de rencontrer un public \u00e9largi et participons \u00e0 la transmission de connaissances et de savoirs parfois difficilement accessibles.\r\nNous avons cherch\u00e9 \u00e0 concilier la reproduction fid\u00e8le d'un livre ancien \u00e0 partir de sa version num\u00e9ris\u00e9e avec le souci d'un confort de lecture optimal. Nous esp\u00e9rons que les ouvrages de cette nouvelle collection vous apporteront enti\u00e8re satisfaction.\r\n\r\nPour plus d'informations, rendez-vous sur www.hachettebnf.fr\r","authors":[],"category_codes":["1000000","1060000","1060200"],"visuals":{"large":"https:\/\/images.epagine.fr\/414\/9782019535414_1_75.jpg","medium":"https:\/\/images.epagine.fr\/414\/9782019535414_1_m.jpg","thumbnail":"https:\/\/images.epagine.fr\/414\/9782019535414_1_v.jpg"},"orderable":true,"show_badge":true,"formatted_price":"16,50&nbsp;\u20ac","formatted_published_date":"1er octobre 2016","publisher_availability_label":"Sur commande","short_details":"Hachette BNF","translator":null,"weight":200,"page_count":null,"readership":null,"editor":"Hachette BNF","price":1650,"published_date":"2016-09-30T22:00:00.000000Z","support":"Grand format","publisher_availability":1,"stock":0,"editions":[],"url":"https:\/\/quaidesbrumes.com\/ouvrage\/9782019535414\/specimens-des-caracteres"},{"id":"9782343101422","title":"Carnet de notes, photos de classes","description":"Qu'ils soient dr\u00f4les, tendres ou au vitriol, les portraits d'une bonne trentaine d'hommes et de femmes qui ont accompagn\u00e9 la vie scolaire de l'auteur, d'abord en tant que ma\u00eetres puis comme coll\u00e8gues, illustrent ici une savoureuse photo de classe. En filigrane, c'est aussi pour l'auteur un pr\u00e9texte \u00e0 s'interroger sur l'Ecole d'hier et d'aujourd'hui. Un portrait, c'est une empreinte directe du v\u00e9cu sur le temps. (R. Huygue)\r","authors":["Emef","Jip\u00e9hel"],"category_codes":["1000000","1060000"],"visuals":{"large":"https:\/\/images.epagine.fr\/422\/9782343101422_1_75.jpg","medium":"https:\/\/images.epagine.fr\/422\/9782343101422_1_m.jpg","thumbnail":"https:\/\/images.epagine.fr\/422\/9782343101422_1_v.jpg"},"orderable":true,"show_badge":true,"formatted_price":"19,50&nbsp;\u20ac","formatted_published_date":"7 octobre 2016","publisher_availability_label":"Sur commande","short_details":"Emef, Jip\u00e9hel \u2014 \u00c9ditions L'Harmattan","translator":null,"weight":205,"page_count":146,"readership":null,"editor":"\u00c9ditions L'Harmattan","price":1950,"published_date":"2016-10-06T22:00:00.000000Z","support":"Grand format","publisher_availability":1,"stock":0,"editions":[],"url":"https:\/\/quaidesbrumes.com\/ouvrage\/9782343101422\/carnet-de-notes-photos-de-classes"},{"id":"9782343097909","title":"M\u00e9moires d'un cosmos terrien","description":"M\u00e9moires d'un cosmos-terrien tant il est vrai que nous sommes bien du ciel et de la terre et des oc\u00e9ans dont nous avons surgi. De cette \u00e9trange histoire qui nous a fait appara\u00eetre apr\u00e8s la disparition des dinosaures, les occupants de notre plan\u00e8te pendant 150 millions d'ann\u00e9es...M\u00e9moires d'un passion\u00e9 de notre propre histoire et de ses al\u00e9as mais qui continue de croire dans une humanit\u00e9 perfectible sous peine de succomber \u00e0 jamais.","authors":["Jacques-adrien Perret"],"category_codes":["1000000","1060000"],"visuals":{"large":"https:\/\/images.epagine.fr\/909\/9782343097909_1_75.jpg","medium":"https:\/\/images.epagine.fr\/909\/9782343097909_1_m.jpg","thumbnail":"https:\/\/images.epagine.fr\/909\/9782343097909_1_v.jpg"},"orderable":true,"show_badge":true,"formatted_price":"22,00&nbsp;\u20ac","formatted_published_date":"14 septembre 2016","publisher_availability_label":"Sur commande","short_details":"Jacques-adrien Perret \u2014 LES IMPLIQUES","translator":null,"weight":250,"page_count":198,"readership":null,"editor":"LES IMPLIQUES","price":2200,"published_date":"2016-09-13T22:00:00.000000Z","support":"Grand format","publisher_availability":1,"stock":0,"editions":[],"url":"https:\/\/quaidesbrumes.com\/ouvrage\/9782343097909\/memoires-dun-cosmos-terrien"},{"id":"9782019595197","title":"La bibliotheque du roi au debut du regne de louis xv 1718-1736 - journal de l'abbe jourdain, secreta","description":"La biblioth\u00e8que du Roi au d\u00e9but du r\u00e8gne de Louis XV (1718-1736), journal de l'abb\u00e9 Jourdain, secr\u00e9taire de la Biblioth\u00e8que, publi\u00e9 par H. Omont Date de l'\u00e9dition originale : 1893 Sujet de l'ouvrage : Biblioth\u00e8que Nationale, g\u00e9n\u00e9ralit\u00e9s Ce livre est la reproduction fid\u00e8le d'une oeuvre publi\u00e9e avant 1920 et fait partie d'une collection de livres r\u00e9imprim\u00e9s \u00e0 la demande \u00e9dit\u00e9e par Hachette Livre, dans le cadre d'un partenariat avec la Biblioth\u00e8que nationale de France, offrant l'opportunit\u00e9 d'acc\u00e9der \u00e0 des ouvrages anciens et souvent rares issus des fonds patrimoniaux de la BnF.\r\nLes oeuvres faisant partie de cette collection ont \u00e9t\u00e9 num\u00e9ris\u00e9es par la BnF et sont pr\u00e9sentes sur Gallica, sa biblioth\u00e8que num\u00e9rique.\r\n\r\nEn entreprenant de redonner vie \u00e0 ces ouvrages au travers d'une collection de livres r\u00e9imprim\u00e9s \u00e0 la demande, nous leur donnons la possibilit\u00e9 de rencontrer un public \u00e9largi et participons \u00e0 la transmission de connaissances et de savoirs parfois difficilement accessibles.\r\nNous avons cherch\u00e9 \u00e0 concilier la reproduction fid\u00e8le d'un livre ancien \u00e0 partir de sa version num\u00e9ris\u00e9e avec le souci d'un confort de lecture optimal. Nous esp\u00e9rons que les ouvrages de cette nouvelle collection vous apporteront enti\u00e8re satisfaction.\r\n\r\nPour plus d'informations, rendez-vous sur www.hachettebnf.fr\r","authors":["Jourdain"],"category_codes":["1000000","1060000","1060200"],"visuals":{"large":"https:\/\/images.epagine.fr\/197\/9782019595197_1_75.jpg","medium":"https:\/\/images.epagine.fr\/197\/9782019595197_1_m.jpg","thumbnail":"https:\/\/images.epagine.fr\/197\/9782019595197_1_v.jpg"},"orderable":true,"show_badge":true,"formatted_price":"16,00&nbsp;\u20ac","formatted_published_date":"1er octobre 2016","publisher_availability_label":"Sur commande","short_details":"Jourdain \u2014 Hachette BNF","translator":null,"weight":178,"page_count":null,"readership":null,"editor":"Hachette BNF","price":1600,"published_date":"2016-09-30T22:00:00.000000Z","support":"Grand format","publisher_availability":1,"stock":0,"editions":[],"url":"https:\/\/quaidesbrumes.com\/ouvrage\/9782019595197\/la-bibliotheque-du-roi-au-debut-du-regne-de-louis-xv-1718-1736-journal-de-labbe-jourdain-secreta"},{"id":"9782019538958","title":"Bibliotheque imperiale. departement des imprimes. liste des ouvrages - mis a la libre disposition du","description":"Biblioth\u00e8que imp\u00e9riale. D\u00e9partement des imprim\u00e9s. Liste des ouvrages mis \u00e0 la libre disposition du public dans la salle de travail Date de l'\u00e9dition originale : 1869 Ce livre est la reproduction fid\u00e8le d'une oeuvre publi\u00e9e avant 1920 et fait partie d'une collection de livres r\u00e9imprim\u00e9s \u00e0 la demande \u00e9dit\u00e9e par Hachette Livre, dans le cadre d'un partenariat avec la Biblioth\u00e8que nationale de France, offrant l'opportunit\u00e9 d'acc\u00e9der \u00e0 des ouvrages anciens et souvent rares issus des fonds patrimoniaux de la BnF.\r\nLes oeuvres faisant partie de cette collection ont \u00e9t\u00e9 num\u00e9ris\u00e9es par la BnF et sont pr\u00e9sentes sur Gallica, sa biblioth\u00e8que num\u00e9rique.\r\n\r\nEn entreprenant de redonner vie \u00e0 ces ouvrages au travers d'une collection de livres r\u00e9imprim\u00e9s \u00e0 la demande, nous leur donnons la possibilit\u00e9 de rencontrer un public \u00e9largi et participons \u00e0 la transmission de connaissances et de savoirs parfois difficilement accessibles.\r\nNous avons cherch\u00e9 \u00e0 concilier la reproduction fid\u00e8le d'un livre ancien \u00e0 partir de sa version num\u00e9ris\u00e9e avec le souci d'un confort de lecture optimal. Nous esp\u00e9rons que les ouvrages de cette nouvelle collection vous apporteront enti\u00e8re satisfaction.\r\n\r\nPour plus d'informations, rendez-vous sur www.hachettebnf.fr\r","authors":[],"category_codes":["1000000","1060000","1060200"],"visuals":{"large":"https:\/\/images.epagine.fr\/958\/9782019538958_1_75.jpg","medium":"https:\/\/images.epagine.fr\/958\/9782019538958_1_m.jpg","thumbnail":"https:\/\/images.epagine.fr\/958\/9782019538958_1_v.jpg"},"orderable":true,"show_badge":true,"formatted_price":"10,90&nbsp;\u20ac","formatted_published_date":"1er octobre 2016","publisher_availability_label":"Sur commande","short_details":"Hachette BNF","translator":null,"weight":83,"page_count":null,"readership":null,"editor":"Hachette BNF","price":1090,"published_date":"2016-09-30T22:00:00.000000Z","support":"Grand format","publisher_availability":1,"stock":0,"editions":[],"url":"https:\/\/quaidesbrumes.com\/ouvrage\/9782019538958\/bibliotheque-imperiale-departement-des-imprimes-liste-des-ouvrages-mis-a-la-libre-disposition-du"},{"id":"9782011338266","title":"M\u00e9moire pour la famille de Montmorency, contre M. le Cte Adalbert de Talleyrand-P\u00e9rigord.","description":"M\u00e9moire pour la famille de Montmorency, contre M. le Cte Adalbert de Talleyrand-P\u00e9rigord. \/ [sign\u00e9 : Albert Gigot] ; Cour de cassation, Chambre des requ\u00eates\r\nDate de l'\u00e9dition originale : 1866\r\nSujet de l'ouvrage : Montmorency (famille de)\r\n\r\nLe pr\u00e9sent ouvrage s'inscrit dans une politique de conservation patrimoniale des ouvrages de la litt\u00e9rature Fran\u00e7aise mise en place avec la BNF.\r\nHACHETTE LIVRE et la BNF proposent ainsi un catalogue de titres indisponibles, la BNF ayant num\u00e9ris\u00e9 ces oeuvres et HACHETTE LIVRE les imprimant \u00e0 la demande.\r\nCertains de ces ouvrages refl\u00e8tent des courants de pens\u00e9e caract\u00e9ristiques de leur \u00e9poque, mais qui seraient aujourd'hui jug\u00e9s condamnables.\r\nIls n'en appartiennent pas moins \u00e0 l'histoire des id\u00e9es en France et sont susceptibles de pr\u00e9senter un int\u00e9r\u00eat scientifique ou historique.\r\nLe sens de notre d\u00e9marche \u00e9ditoriale consiste ainsi \u00e0 permettre l'acc\u00e8s \u00e0 ces oeuvres sans pour autant que nous en cautionnions en aucune fa\u00e7on le contenu.\r\n\r\nPour plus d'informations, rendez-vous sur www.hachettebnf.fr","authors":["Gigot Albert"],"category_codes":["1000000","1060000","1060200"],"visuals":{"large":"https:\/\/images.epagine.fr\/266\/9782011338266_1_75.jpg","medium":"https:\/\/images.epagine.fr\/266\/9782011338266_1_m.jpg","thumbnail":"https:\/\/images.epagine.fr\/266\/9782011338266_1_v.jpg"},"orderable":true,"show_badge":true,"formatted_price":"9,50&nbsp;\u20ac","formatted_published_date":"1er octobre 2016","publisher_availability_label":"Sur commande","short_details":"Gigot Albert \u2014 Hachette BNF","translator":null,"weight":73,"page_count":38,"readership":null,"editor":"Hachette BNF","price":950,"published_date":"2016-09-30T22:00:00.000000Z","support":"Grand format","publisher_availability":1,"stock":0,"editions":[],"url":"https:\/\/quaidesbrumes.com\/ouvrage\/9782011338266\/memoire-pour-la-famille-de-montmorency-contre-m-le-cte-adalbert-de-talleyrand-perigord"},{"id":"9791031002200","title":"HP chambre 217","description":"\u00ab Perch\u00e9s mais libres aussi. Perch\u00e9s sur la voie de la gu\u00e9rison, perch\u00e9s sur la branche support\u00e9e par les autres, par leurs tendres mots, leur soutien, leurs r\u00e9conforts, perch\u00e9s sur les cils des yeux des fous, sur leurs maux aussi, perch\u00e9s sur la toile soigneusement et finement tiss\u00e9e par les soignants, perch\u00e9s sur les \u00e9paules de nos \u00eatres chers, perch\u00e9s \u00e0 bout de bras de l'espoir. Perch\u00e9s pour mieux s'envoler. \u00bb Avec cet \u00e9crit vrai et intime, Line Ulian d\u00e9noue les fils de sa d\u00e9pression. Elle nous raconte sans tabou mais avec pudeur ses quatre semaines d'hospitalisation \u00e0 l'HP comme elle nomme le Centre Hospitalier. Chambre 217.\r","authors":["Line Ulian"],"category_codes":["1000000","1060000","1060100"],"visuals":{"large":"https:\/\/images.epagine.fr\/200\/9791031002200_1_75.jpg","medium":"https:\/\/images.epagine.fr\/200\/9791031002200_1_m.jpg","thumbnail":"https:\/\/images.epagine.fr\/200\/9791031002200_1_v.jpg"},"orderable":true,"show_badge":true,"formatted_price":"12,00&nbsp;\u20ac","formatted_published_date":"11 octobre 2016","publisher_availability_label":"Sur commande","short_details":"Line Ulian \u2014 Presses Litteraires","translator":null,"weight":165,"page_count":104,"readership":null,"editor":"Presses Litteraires","price":1200,"published_date":"2016-10-10T22:00:00.000000Z","support":"Grand format","publisher_availability":1,"stock":0,"editions":[],"url":"https:\/\/quaidesbrumes.com\/ouvrage\/9791031002200\/hp-chambre-217"},{"id":"9782226393937","title":"M\u00e9moires d'un inclassable","description":"Depuis que les Fran\u00e7ais l'ont d\u00e9couvert dans Un \u00e9l\u00e9phant, \u00e7a trompe \u00e9norm\u00e9ment, Christophe Bourseiller fait partie de la famille. S'il s'invite aujourd'hui \u00e0 d\u00e9jeuner, c'est pour nous raconter ses mille et une vies d'enfant de la balle.\r\nActeur, \u00e9crivain, homme de radio, de t\u00e9l\u00e9vision, sp\u00e9cialiste des mouvements extr\u00e9mistes, des contrecultures et des th\u00e9ories du complot... cet iconoclaste n'a eu de cesse de se tourner vers les autres et de questionner son pass\u00e9 tumultueux. Aragon, Yves Robert et Dani\u00e8le Delorme, Andy Warhol et Jean Genet, Jean-Luc Godard et Claude Lelouch ont \u00e9t\u00e9 ses plus belles rencontres.\r\nAutant de personnalit\u00e9s, attachantes et hautes en couleurs, \u00e0 travers lesquelles il se livre, au fil de souvenirs douxamers, pour un autoportrait poignant et inattendu.\r\nUn livre d'amour et d'humour.\r","authors":["Christophe Bourseiller"],"category_codes":["1000000","1060000","1060100"],"visuals":{"large":"https:\/\/images.epagine.fr\/937\/9782226393937_1_75.jpg","medium":"https:\/\/images.epagine.fr\/937\/9782226393937_1_m.jpg","thumbnail":"https:\/\/images.epagine.fr\/937\/9782226393937_1_v.jpg"},"orderable":true,"show_badge":true,"formatted_price":"17,00&nbsp;\u20ac","formatted_published_date":"3 mai 2017","publisher_availability_label":"Sur commande","short_details":"Christophe Bourseiller \u2014 Albin Michel","translator":null,"weight":314,"page_count":222,"readership":null,"editor":"Albin Michel","price":1700,"published_date":"2017-05-02T22:00:00.000000Z","support":"Grand format","publisher_availability":1,"stock":0,"editions":[],"url":"https:\/\/quaidesbrumes.com\/ouvrage\/9782226393937\/memoires-dun-inclassable"},{"id":"9782011345202","title":"M\u00e9moire pour M. de Boullenois, demandeur en cassation d'un arr\u00eat rendu : par la cour d'assises des Ardennes le 17 janvier 1847 contre M. Gaspard Lavocat,","description":"M\u00e9moire pour M. de Boullenois,... demandeur en cassation d'un arr\u00eat rendu par la cour d'assises des Ardennes le 17 janvier 1847 contre M. Gaspard Lavocat,... \/ [sign\u00e9 : Martin] ; Cour de cassation. Chambre criminelle\r\nDate de l'\u00e9dition originale : 1847\r\nSujet de l'ouvrage : France -- 1830-1848 (Louis-Philippe)\r\nAppartient \u00e0 l'ensemble documentaire : ChArdenn1\r\n\r\nLe pr\u00e9sent ouvrage s'inscrit dans une politique de conservation patrimoniale des ouvrages de la litt\u00e9rature Fran\u00e7aise mise en place avec la BNF.\r\nHACHETTE LIVRE et la BNF proposent ainsi un catalogue de titres indisponibles, la BNF ayant num\u00e9ris\u00e9 ces oeuvres et HACHETTE LIVRE les imprimant \u00e0 la demande.\r\nCertains de ces ouvrages refl\u00e8tent des courants de pens\u00e9e caract\u00e9ristiques de leur \u00e9poque, mais qui seraient aujourd'hui jug\u00e9s condamnables.\r\nIls n'en appartiennent pas moins \u00e0 l'histoire des id\u00e9es en France et sont susceptibles de pr\u00e9senter un int\u00e9r\u00eat scientifique ou historique.\r\nLe sens de notre d\u00e9marche \u00e9ditoriale consiste ainsi \u00e0 permettre l'acc\u00e8s \u00e0 ces oeuvres sans pour autant que nous en cautionnions en aucune fa\u00e7on le contenu.\r\n\r\nPour plus d'informations, rendez-vous sur www.hachettebnf.fr","authors":["Edouard Martin"],"category_codes":["1000000","1060000","1060200"],"visuals":{"large":"https:\/\/images.epagine.fr\/202\/9782011345202_1_75.jpg","medium":"https:\/\/images.epagine.fr\/202\/9782011345202_1_m.jpg","thumbnail":"https:\/\/images.epagine.fr\/202\/9782011345202_1_v.jpg"},"orderable":true,"show_badge":true,"formatted_price":"9,50&nbsp;\u20ac","formatted_published_date":"1er octobre 2016","publisher_availability_label":"Sur commande","short_details":"Edouard Martin \u2014 Hachette BNF","translator":null,"weight":64,"page_count":32,"readership":null,"editor":"Hachette BNF","price":950,"published_date":"2016-09-30T22:00:00.000000Z","support":"Grand format","publisher_availability":1,"stock":0,"editions":[],"url":"https:\/\/quaidesbrumes.com\/ouvrage\/9782011345202\/memoire-pour-m-de-boullenois-demandeur-en-cassation-dun-arret-rendu-par-la-cour-dassises-des-ardennes-le-17-janvier-1847-contre-m-gaspard-lavocat"},{"id":"9782955221419","title":"Lyceum club international de paris une belle aventure","description":"Le Lyceum,  Une aventure d\u00e9j\u00e0 s\u00e9culaire os\u00e9e par des femmes remarquables et dont il nous appartient d'inventer l'avenir, en nous inspirant de de leur g\u00e9n\u00e9rosit\u00e9, de leur force et de leurs talents.\r\nCet historique retrace les 110 ans du Club de Paris cr\u00e9\u00e9 en 1906. Le Lyceum est une association f\u00e9minine internationale \u00e0 vocation culturelle qui a \u00e9t\u00e9 fond\u00e9e \u00e0 Londres en 1903  par Constance Smedley et qui a essaim\u00e9 dans de nombreux pays du  monde.","authors":["Jaunez Florence"],"category_codes":["1000000","1060000","1060200"],"visuals":{"large":"https:\/\/quaidesbrumes.com\/img\/book-placeholder.png","medium":"https:\/\/quaidesbrumes.com\/img\/book-placeholder.png","thumbnail":"https:\/\/quaidesbrumes.com\/img\/book-placeholder.png"},"orderable":true,"show_badge":true,"formatted_price":"18,00&nbsp;\u20ac","formatted_published_date":"13 juin 2016","publisher_availability_label":"Sur commande","short_details":"Jaunez Florence \u2014 Chasseurs De Memoires","translator":null,"weight":289,"page_count":198,"readership":null,"editor":"Chasseurs De Memoires","price":1800,"published_date":"2016-06-12T22:00:00.000000Z","support":"Grand format","publisher_availability":1,"stock":0,"editions":[],"url":"https:\/\/quaidesbrumes.com\/ouvrage\/9782955221419\/lyceum-club-international-de-paris-une-belle-aventure"},{"id":"9782019543495","title":"Les psaumes de la penitence du roi francois ie description d'un in-12 sur velin contenant - le texte","description":"Les psaumes de la p\u00e9nitence du roi Fran\u00e7ois Ie : description d'un in-12 sur v\u00e9lin contenant le texte latin des Psaumes de la p\u00e9nitence \"cum figuris et caracteribus ex nulla materia compositis\" \/ par Ernest Aumerle Date de l'\u00e9dition originale : 1857 Ce livre est la reproduction fid\u00e8le d'une oeuvre publi\u00e9e avant 1920 et fait partie d'une collection de livres r\u00e9imprim\u00e9s \u00e0 la demande \u00e9dit\u00e9e par Hachette Livre, dans le cadre d'un partenariat avec la Biblioth\u00e8que nationale de France, offrant l'opportunit\u00e9 d'acc\u00e9der \u00e0 des ouvrages anciens et souvent rares issus des fonds patrimoniaux de la BnF.\r\nLes oeuvres faisant partie de cette collection ont \u00e9t\u00e9 num\u00e9ris\u00e9es par la BnF et sont pr\u00e9sentes sur Gallica, sa biblioth\u00e8que num\u00e9rique.\r\n\r\nEn entreprenant de redonner vie \u00e0 ces ouvrages au travers d'une collection de livres r\u00e9imprim\u00e9s \u00e0 la demande, nous leur donnons la possibilit\u00e9 de rencontrer un public \u00e9largi et participons \u00e0 la transmission de connaissances et de savoirs parfois difficilement accessibles.\r\nNous avons cherch\u00e9 \u00e0 concilier la reproduction fid\u00e8le d'un livre ancien \u00e0 partir de sa version num\u00e9ris\u00e9e avec le souci d'un confort de lecture optimal. Nous esp\u00e9rons que les ouvrages de cette nouvelle collection vous apporteront enti\u00e8re satisfaction.\r\n\r\nPour plus d'informations, rendez-vous sur www.hachettebnf.fr\r","authors":["Aumerle"],"category_codes":["1000000","1060000"],"visuals":{"large":"https:\/\/images.epagine.fr\/495\/9782019543495_1_75.jpg","medium":"https:\/\/images.epagine.fr\/495\/9782019543495_1_m.jpg","thumbnail":"https:\/\/images.epagine.fr\/495\/9782019543495_1_v.jpg"},"orderable":true,"show_badge":true,"formatted_price":"9,50&nbsp;\u20ac","formatted_published_date":"1er octobre 2016","publisher_availability_label":"Sur commande","short_details":"Aumerle \u2014 Hachette BNF","translator":null,"weight":56,"page_count":null,"readership":null,"editor":"Hachette BNF","price":950,"published_date":"2016-09-30T22:00:00.000000Z","support":"Grand format","publisher_availability":1,"stock":0,"editions":[],"url":"https:\/\/quaidesbrumes.com\/ouvrage\/9782019543495\/les-psaumes-de-la-penitence-du-roi-francois-ie-description-dun-in-12-sur-velin-contenant-le-texte"},{"id":"9782011347411","title":"A la M\u00e9moire de Charles-Albert Ott. Discours prononc\u00e9 lors de l'enterrement : au Temple-Neuf \u00e0 Strasbourg, le 30 juillet 1864 , par L. Leblois,","description":"A la M\u00e9moire de Charles-Albert Ott. Discours prononc\u00e9 lors de l'enterrement au Temple-Neuf \u00e0 Strasbourg, le 30 juillet 1864 , par L. Leblois,...\r\nDate de l'\u00e9dition originale : 1864\r\nSujet de l'ouvrage : Ott\r\n\r\nLe pr\u00e9sent ouvrage s'inscrit dans une politique de conservation patrimoniale des ouvrages de la litt\u00e9rature Fran\u00e7aise mise en place avec la BNF.\r\nHACHETTE LIVRE et la BNF proposent ainsi un catalogue de titres indisponibles, la BNF ayant num\u00e9ris\u00e9 ces oeuvres et HACHETTE LIVRE les imprimant \u00e0 la demande.\r\nCertains de ces ouvrages refl\u00e8tent des courants de pens\u00e9e caract\u00e9ristiques de leur \u00e9poque, mais qui seraient aujourd'hui jug\u00e9s condamnables.\r\nIls n'en appartiennent pas moins \u00e0 l'histoire des id\u00e9es en France et sont susceptibles de pr\u00e9senter un int\u00e9r\u00eat scientifique ou historique.\r\nLe sens de notre d\u00e9marche \u00e9ditoriale consiste ainsi \u00e0 permettre l'acc\u00e8s \u00e0 ces oeuvres sans pour autant que nous en cautionnions en aucune fa\u00e7on le contenu.\r\n\r\nPour plus d'informations, rendez-vous sur www.hachettebnf.fr","authors":["Leblois G L."],"category_codes":["1000000","1060000","1060200"],"visuals":{"large":"https:\/\/images.epagine.fr\/411\/9782011347411_1_75.jpg","medium":"https:\/\/images.epagine.fr\/411\/9782011347411_1_m.jpg","thumbnail":"https:\/\/images.epagine.fr\/411\/9782011347411_1_v.jpg"},"orderable":true,"show_badge":true,"formatted_price":"9,50&nbsp;\u20ac","formatted_published_date":"1er octobre 2016","publisher_availability_label":"Sur commande","short_details":"Leblois G L. \u2014 Hachette BNF","translator":null,"weight":45,"page_count":18,"readership":null,"editor":"Hachette BNF","price":950,"published_date":"2016-09-30T22:00:00.000000Z","support":"Grand format","publisher_availability":1,"stock":0,"editions":[],"url":"https:\/\/quaidesbrumes.com\/ouvrage\/9782011347411\/a-la-memoire-de-charles-albert-ott-discours-prononce-lors-de-lenterrement-au-temple-neuf-a-strasbourg-le-30-juillet-1864-par-l-leblois"},{"id":"9782011347428","title":"Discours prononc\u00e9 \u00e0 la confirmation d'Auguste Rothfus","description":"Discours prononc\u00e9 \u00e0 la confirmation d'Auguste Rothfus , par L. Leblois,...\r\nDate de l'\u00e9dition originale : 1855\r\nSujet de l'ouvrage : Rothfus\r\n\r\nLe pr\u00e9sent ouvrage s'inscrit dans une politique de conservation patrimoniale des ouvrages de la litt\u00e9rature Fran\u00e7aise mise en place avec la BNF.\r\nHACHETTE LIVRE et la BNF proposent ainsi un catalogue de titres indisponibles, la BNF ayant num\u00e9ris\u00e9 ces oeuvres et HACHETTE LIVRE les imprimant \u00e0 la demande.\r\nCertains de ces ouvrages refl\u00e8tent des courants de pens\u00e9e caract\u00e9ristiques de leur \u00e9poque, mais qui seraient aujourd'hui jug\u00e9s condamnables.\r\nIls n'en appartiennent pas moins \u00e0 l'histoire des id\u00e9es en France et sont susceptibles de pr\u00e9senter un int\u00e9r\u00eat scientifique ou historique.\r\nLe sens de notre d\u00e9marche \u00e9ditoriale consiste ainsi \u00e0 permettre l'acc\u00e8s \u00e0 ces oeuvres sans pour autant que nous en cautionnions en aucune fa\u00e7on le contenu.\r\n\r\nPour plus d'informations, rendez-vous sur www.hachettebnf.fr","authors":["Leblois G L."],"category_codes":["1000000","1060000","1060200"],"visuals":{"large":"https:\/\/images.epagine.fr\/428\/9782011347428_1_75.jpg","medium":"https:\/\/images.epagine.fr\/428\/9782011347428_1_m.jpg","thumbnail":"https:\/\/images.epagine.fr\/428\/9782011347428_1_v.jpg"},"orderable":true,"show_badge":true,"formatted_price":"9,50&nbsp;\u20ac","formatted_published_date":"1er octobre 2016","publisher_availability_label":"Sur commande","short_details":"Leblois G L. \u2014 Hachette BNF","translator":null,"weight":45,"page_count":18,"readership":null,"editor":"Hachette BNF","price":950,"published_date":"2016-09-30T22:00:00.000000Z","support":"Grand format","publisher_availability":1,"stock":0,"editions":[],"url":"https:\/\/quaidesbrumes.com\/ouvrage\/9782011347428\/discours-prononce-a-la-confirmation-dauguste-rothfus"}]}