{"data":[{"id":"9782290129210","title":"La peine d'\u00eatre v\u00e9cue ; apr\u00e8s la descente aux enfers reprendre go\u00fbt \u00e0 la vie","description":"Priscille Deborah pensait avoir tout pour \u00eatre heureuse, jusqu'au jour o\u00f9 elle se jette sous une rame de m\u00e9tro. Survivante et handicap\u00e9e, elle t\u00e9moigne.\r","authors":["Priscille D\u00e9borah","Julia Pavlowitch-beck"],"category_codes":["1000000","1060000"],"visuals":{"large":"https:\/\/images.epagine.fr\/210\/9782290129210_1_75.jpg","medium":"https:\/\/images.epagine.fr\/210\/9782290129210_1_m.jpg","thumbnail":"https:\/\/images.epagine.fr\/210\/9782290129210_1_v.jpg"},"orderable":true,"show_badge":true,"formatted_price":"7,20&nbsp;\u20ac","formatted_published_date":"8 mars 2017","publisher_availability_label":"Sur commande","short_details":"Priscille D\u00e9borah, Julia Pavlowitch-beck \u2014 J'ai Lu","translator":null,"weight":160,"page_count":282,"readership":null,"editor":"J'ai Lu","price":720,"published_date":"2017-03-07T23:00:00.000000Z","support":"Poche","publisher_availability":1,"stock":0,"editions":[],"url":"https:\/\/quaidesbrumes.com\/ouvrage\/9782290129210\/la-peine-detre-vecue-apres-la-descente-aux-enfers-reprendre-gout-a-la-vie"},{"id":"9782812707988","title":"La vie est une chance","description":null,"authors":["Francois Monico"],"category_codes":["1000000","1060000","1060100"],"visuals":{"large":"https:\/\/quaidesbrumes.com\/img\/book-placeholder.png","medium":"https:\/\/quaidesbrumes.com\/img\/book-placeholder.png","thumbnail":"https:\/\/quaidesbrumes.com\/img\/book-placeholder.png"},"orderable":true,"show_badge":true,"formatted_price":"15,00&nbsp;\u20ac","formatted_published_date":"7 septembre 2016","publisher_availability_label":"Sur commande","short_details":"Francois Monico \u2014 Presses Du Midi","translator":null,"weight":220,"page_count":null,"readership":null,"editor":"Presses Du Midi","price":1500,"published_date":"2016-09-06T22:00:00.000000Z","support":"Grand format","publisher_availability":1,"stock":0,"editions":[],"url":"https:\/\/quaidesbrumes.com\/ouvrage\/9782812707988\/la-vie-est-une-chance"},{"id":"9782847125061","title":"Ineffables ann\u00e9es ; souvenirs d'un gosse de la campagne ; ann\u00e9es 40","description":"L'ombre d'un enfant accompagne d\u00e9finitivement nos pas adultes. Nous sommes du pays de notre enfance tellement plus que de notre pays g\u00e9ographique ! Raymond Poirrier vient d'une enfance fr\u00e9missante de vie et de r\u00eaves, toute pleine d'herbes et d'arbres et d'animaux... Une enfance riche d'une belle solitude... Cette enfance qui lui colle \u00e0 la peau, il a eu envie d'en t\u00e9moigner, d'en faire cadeau aux lecteurs. Des enfances comme celle-l\u00e0, cela n'existe plus. Ce n'est pas une raison pour enfouir son souvenir au fond d'un sac ! Son enfance campagnarde a rendu Raymond Poirrier curieux de tout... Il \u00e9crit, il photographie, il \u00e9coute et raconte... Son regard malicieux et vif, son rire communicatif, son sourire bienveillant font merveille. Madame Odile Herve-Bazin.\r","authors":["Raymond Poirrier"],"category_codes":["1000000","1060000","1060100"],"visuals":{"large":"https:\/\/images.epagine.fr\/061\/9782847125061_1_75.jpg","medium":"https:\/\/images.epagine.fr\/061\/9782847125061_1_m.jpg","thumbnail":"https:\/\/images.epagine.fr\/061\/9782847125061_1_v.jpg"},"orderable":true,"show_badge":true,"formatted_price":"20,00&nbsp;\u20ac","formatted_published_date":"1er septembre 2016","publisher_availability_label":"Sur commande","short_details":"Raymond Poirrier \u2014 Petit Pave","translator":null,"weight":240,"page_count":188,"readership":null,"editor":"Petit Pave","price":2000,"published_date":"2016-08-31T22:00:00.000000Z","support":"Grand format","publisher_availability":1,"stock":0,"editions":[],"url":"https:\/\/quaidesbrumes.com\/ouvrage\/9782847125061\/ineffables-annees-souvenirs-dun-gosse-de-la-campagne-annees-40"},{"id":"9782352841722","title":"Marie Durand, l'insoumise : l'insoumise","description":"Arrach\u00e9e au  monde de l'enfance pour avoir refus\u00e9 de renier sa religion protestante, Marie Durand (1711-1776) fut emmur\u00e9e trente-huit ans \u00e0 la tour de Constance d'Aigues-Mortes. Toute sa vie fut un combat pour la libert\u00e9 de conscience, un  Non inconditionnel \u00e0 l'intol\u00e9rance. \r\nM\u00eame dans le plus profond d\u00e9nuement, elle a toujours su trouver en elle la force de r\u00e9sister, avec pour seule arme sa foi in\u00e9branlable et son amour de l'autre. Elle savait que la libert\u00e9 d'un \u00eatre est insaisissable et que le bourreau ne tient jamais rien.","authors":["Dani\u00e8le Vaudrey"],"category_codes":["1000000","1060000","1060200"],"visuals":{"large":"https:\/\/images.epagine.fr\/722\/9782352841722_1_75.jpg","medium":"https:\/\/images.epagine.fr\/722\/9782352841722_1_m.jpg","thumbnail":"https:\/\/images.epagine.fr\/722\/9782352841722_1_v.jpg"},"orderable":true,"show_badge":true,"formatted_price":"16,00&nbsp;\u20ac","formatted_published_date":"22 ao\u00fbt 2016","publisher_availability_label":"Sur commande","short_details":"Dani\u00e8le Vaudrey \u2014 Jasmin","translator":null,"weight":260,"page_count":216,"readership":null,"editor":"Jasmin","price":1600,"published_date":"2016-08-21T22:00:00.000000Z","support":"Grand format","publisher_availability":1,"stock":0,"editions":[],"url":"https:\/\/quaidesbrumes.com\/ouvrage\/9782352841722\/marie-durand-linsoumise-linsoumise"},{"id":"9791095899068","title":"Souvenirs d'enfance au fil des saisons","description":"De Tunis \u00e0 Kaiserslautern, Magda n'a rien oubli\u00e9 de ses heureuses ann\u00e9es d'enfance. Ni surtout des le\u00e7ons de sagesse et de courage que lui ont l\u00e9gu\u00e9es ses parents et sa grand-m\u00e8re.\r\n C'est avec \u00e9motion qu'elle retrace avec nous les grandes \u00e9tapes de sa vie qui ont forg\u00e9 sa personnalit\u00e9. De ses anc\u00eatres \u00e0 la myst\u00e9rieuse Dame du Luxembourg, elle sait ce qu'elle doit \u00e0 chacun.\r","authors":["Magda Pascarel"],"category_codes":["1000000","1060000","1060200"],"visuals":{"large":"https:\/\/images.epagine.fr\/068\/9791095899068_1_75.jpg","medium":"https:\/\/images.epagine.fr\/068\/9791095899068_1_m.jpg","thumbnail":"https:\/\/images.epagine.fr\/068\/9791095899068_1_v.jpg"},"orderable":true,"show_badge":true,"formatted_price":"15,00&nbsp;\u20ac","formatted_published_date":"3 octobre 2016","publisher_availability_label":"Sur commande","short_details":"Magda Pascarel \u2014 Eivlys","translator":null,"weight":229,"page_count":170,"readership":null,"editor":"Eivlys","price":1500,"published_date":"2016-10-02T22:00:00.000000Z","support":"Grand format","publisher_availability":1,"stock":0,"editions":[],"url":"https:\/\/quaidesbrumes.com\/ouvrage\/9791095899068\/souvenirs-denfance-au-fil-des-saisons"},{"id":"9782919111367","title":"Claude Thomas, une vie de Folie's","description":"Claude Thomas,  Une vie de Folie's,  C'est l'histoire d'un gamin d'un caf\u00e9 de Dunkerque devenu un prince de la nuit, le r\u00e9cit d'une vie folle et d\u00e9brid\u00e9e, vou\u00e9e \u00e0 la sc\u00e8ne, aux r\u00eaves et aux lumi\u00e8res.\r\n Patrick Robert brosse le portrait de Claude Thomas, fondateur des Folie's de Paris, le c\u00e9l\u00e8bre cabaret lillois. Il raconte la vie de cette figure du monde du spectacle nordiste qui a ensuite bourlingu\u00e9 de Qu\u00e9bec \u00e0 Reno, Las Vegas, Marrakech, Bangkok et, aujourdUhui, Hallennes-lez-Haubourdin ! Une passionnante succession de r\u00e9ussites et de chutes qui d\u00e9montre une formidable envie de vivre ! Voil\u00e0 la biographie de Claude Thomas, un homme entier qui cultive dans son jardin des fleurs nomm\u00e9es amiti\u00e9 et g\u00e9n\u00e9rosit\u00e9. Quel bonheur !\r","authors":["Patrick Robert"],"category_codes":["1000000","1060000","1060200"],"visuals":{"large":"https:\/\/images.epagine.fr\/367\/9782919111367_1_75.jpg","medium":"https:\/\/images.epagine.fr\/367\/9782919111367_1_m.jpg","thumbnail":"https:\/\/images.epagine.fr\/367\/9782919111367_1_v.jpg"},"orderable":true,"show_badge":true,"formatted_price":"17,90&nbsp;\u20ac","formatted_published_date":"23 septembre 2016","publisher_availability_label":"Sur commande","short_details":"Patrick Robert \u2014 Les Lumieres De Lille","translator":null,"weight":400,"page_count":null,"readership":null,"editor":"Les Lumieres De Lille","price":1790,"published_date":"2016-09-22T22:00:00.000000Z","support":"Grand format","publisher_availability":1,"stock":0,"editions":[],"url":"https:\/\/quaidesbrumes.com\/ouvrage\/9782919111367\/claude-thomas-une-vie-de-folies"},{"id":"9782334197939","title":"Un regard sur ma vie","description":null,"authors":["Louis henri Fontaine"],"category_codes":["1000000","1060000","1060100"],"visuals":{"large":"https:\/\/images.epagine.fr\/939\/9782334197939_1_75.jpg","medium":"https:\/\/images.epagine.fr\/939\/9782334197939_1_m.jpg","thumbnail":"https:\/\/images.epagine.fr\/939\/9782334197939_1_v.jpg"},"orderable":true,"show_badge":true,"formatted_price":"10,50&nbsp;\u20ac","formatted_published_date":"19 ao\u00fbt 2016","publisher_availability_label":"Sur commande","short_details":"Louis henri Fontaine \u2014 Edilivre","translator":null,"weight":140,"page_count":null,"readership":null,"editor":"Edilivre","price":1050,"published_date":"2016-08-18T22:00:00.000000Z","support":"Grand format","publisher_availability":1,"stock":0,"editions":[],"url":"https:\/\/quaidesbrumes.com\/ouvrage\/9782334197939\/un-regard-sur-ma-vie"},{"id":"9782813209900","title":"H. P. Lovecraft et le secret des adorateurs du serpent","description":"D\u00e9couvrez le sens cach\u00e9 de l'oeuvre de Lovecraft.\r\nHoward Phillips Lovecraft (1890-1937) est sans conteste le plus grand auteur am\u00e9ricain de r\u00e9cits fantastiques depuis Edgar Poe. Consid\u00e9r\u00e9 comme le p\u00e8re spirituel de Stephan King, la majorit\u00e9 de ses lecteurs ne voit naturellement en lui que le cr\u00e9ateur d'un univers de terreur hant\u00e9 par les c\u00e9l\u00e8bres \u00ab Grands Anciens \u00bb, entit\u00e9s d'outre espace associ\u00e9es aux origines de l'humanit\u00e9. Momentan\u00e9ment exil\u00e9s dans une dimension parall\u00e8le par les \u00ab Autres Dieux \u00bb (entendez : les religions monoth\u00e9istes), ces \u00ab Grands Anciens \u00bb - dont le retour est attendu par une \u00ab cinqui\u00e8me colonne \u00bb de d\u00e9vots rest\u00e9s fid\u00e8les \u00e0 une tr\u00e8s antique tradition - s'appr\u00eatent \u00e0 faire passer notre monde cr\u00e9pusculaire dans le prochain cycle historico-cosmique \u00e0 travers un mur de feu.\r\nEt si ce sc\u00e9nario ne relevait pas de la seule fiction ?\r","authors":["Jean Robin"],"category_codes":["1000000","1060000","1060200"],"visuals":{"large":"https:\/\/images.epagine.fr\/900\/9782813209900_1_75.jpg","medium":"https:\/\/images.epagine.fr\/900\/9782813209900_1_m.jpg","thumbnail":"https:\/\/images.epagine.fr\/900\/9782813209900_1_v.jpg"},"orderable":true,"show_badge":true,"formatted_price":"23,00&nbsp;\u20ac","formatted_published_date":"7 avril 2017","publisher_availability_label":"Sur commande","short_details":"Jean Robin \u2014 Guy Tr\u00e9daniel \u00c9diteur","translator":null,"weight":718,"page_count":250,"readership":null,"editor":"Guy Tr\u00e9daniel \u00c9diteur","price":2300,"published_date":"2017-04-06T22:00:00.000000Z","support":"Grand format","publisher_availability":1,"stock":0,"editions":[],"url":"https:\/\/quaidesbrumes.com\/ouvrage\/9782813209900\/h-p-lovecraft-et-le-secret-des-adorateurs-du-serpent"},{"id":"9782011327888","title":"Eloge de r.-jos. valin, prononce a la seance de rentree des conferences des avocats stagiaires","description":"\u00c9loge de R.-Jos. Valin, prononc\u00e9 \u00e0 la s\u00e9ance de rentr\u00e9e des conf\u00e9rences des avocats stagiaires pr\u00e8s la cour royale de Poitiers, le 16 d\u00e9cembre 1843 , par M. Gillet-Lepelletier,...\r\nDate de l'\u00e9dition originale : 1843 Sujet de l'ouvrage : Valin Appartient \u00e0 l'ensemble documentaire : PoitouCh1 Ce livre est la reproduction fid\u00e8le d'une oeuvre publi\u00e9e avant 1920 et fait partie d'une collection de livres r\u00e9imprim\u00e9s \u00e0 la demande \u00e9dit\u00e9e par Hachette Livre, dans le cadre d'un partenariat avec la Biblioth\u00e8que nationale de France, offrant l'opportunit\u00e9 d'acc\u00e9der \u00e0 des ouvrages anciens et souvent rares issus des fonds patrimoniaux de la BnF.\r\nLes oeuvres faisant partie de cette collection ont \u00e9t\u00e9 num\u00e9ris\u00e9es par la BnF et sont pr\u00e9sentes sur Gallica, sa biblioth\u00e8que num\u00e9rique.\r\n\r\nEn entreprenant de redonner vie \u00e0 ces ouvrages au travers d'une collection de livres r\u00e9imprim\u00e9s \u00e0 la demande, nous leur donnons la possibilit\u00e9 de rencontrer un public \u00e9largi et participons \u00e0 la transmission de connaissances et de savoirs parfois difficilement accessibles.\r\nNous avons cherch\u00e9 \u00e0 concilier la reproduction fid\u00e8le d'un livre ancien \u00e0 partir de sa version num\u00e9ris\u00e9e avec le souci d'un confort de lecture optimal. Nous esp\u00e9rons que les ouvrages de cette nouvelle collection vous apporteront enti\u00e8re satisfaction.\r\n\r\nPour plus d'informations, rendez-vous sur www.hachettebnf.fr\r","authors":["Gillet-Lepelletier"],"category_codes":["1000000","1060000","1060200"],"visuals":{"large":"https:\/\/images.epagine.fr\/888\/9782011327888_1_75.jpg","medium":"https:\/\/images.epagine.fr\/888\/9782011327888_1_m.jpg","thumbnail":"https:\/\/images.epagine.fr\/888\/9782011327888_1_v.jpg"},"orderable":true,"show_badge":true,"formatted_price":"9,50&nbsp;\u20ac","formatted_published_date":"1er ao\u00fbt 2016","publisher_availability_label":"Sur commande","short_details":"Gillet-Lepelletier \u2014 Hachette BNF","translator":null,"weight":75,"page_count":null,"readership":null,"editor":"Hachette BNF","price":950,"published_date":"2016-07-31T22:00:00.000000Z","support":"Grand format","publisher_availability":1,"stock":0,"editions":[],"url":"https:\/\/quaidesbrumes.com\/ouvrage\/9782011327888\/eloge-de-r-jos-valin-prononce-a-la-seance-de-rentree-des-conferences-des-avocats-stagiaires"},{"id":"9782011327932","title":"Eloge de mgr le dauphin, pere de louis xvi","description":"\u00c9loge de Mgr le Dauphin, p\u00e8re de Louis XVI. [Par P.-L.-C. Gin.] Date de l'\u00e9dition originale : 1779 Appartient \u00e0 l'ensemble documentaire : RhoneAlp1 Ce livre est la reproduction fid\u00e8le d'une oeuvre publi\u00e9e avant 1920 et fait partie d'une collection de livres r\u00e9imprim\u00e9s \u00e0 la demande \u00e9dit\u00e9e par Hachette Livre, dans le cadre d'un partenariat avec la Biblioth\u00e8que nationale de France, offrant l'opportunit\u00e9 d'acc\u00e9der \u00e0 des ouvrages anciens et souvent rares issus des fonds patrimoniaux de la BnF.\r\nLes oeuvres faisant partie de cette collection ont \u00e9t\u00e9 num\u00e9ris\u00e9es par la BnF et sont pr\u00e9sentes sur Gallica, sa biblioth\u00e8que num\u00e9rique.\r\n\r\nEn entreprenant de redonner vie \u00e0 ces ouvrages au travers d'une collection de livres r\u00e9imprim\u00e9s \u00e0 la demande, nous leur donnons la possibilit\u00e9 de rencontrer un public \u00e9largi et participons \u00e0 la transmission de connaissances et de savoirs parfois difficilement accessibles.\r\nNous avons cherch\u00e9 \u00e0 concilier la reproduction fid\u00e8le d'un livre ancien \u00e0 partir de sa version num\u00e9ris\u00e9e avec le souci d'un confort de lecture optimal. Nous esp\u00e9rons que les ouvrages de cette nouvelle collection vous apporteront enti\u00e8re satisfaction.\r\n\r\nPour plus d'informations, rendez-vous sur www.hachettebnf.fr\r","authors":["Gin P-L-C."],"category_codes":["1000000","1060000","1060200"],"visuals":{"large":"https:\/\/images.epagine.fr\/932\/9782011327932_1_75.jpg","medium":"https:\/\/images.epagine.fr\/932\/9782011327932_1_m.jpg","thumbnail":"https:\/\/images.epagine.fr\/932\/9782011327932_1_v.jpg"},"orderable":true,"show_badge":true,"formatted_price":"11,50&nbsp;\u20ac","formatted_published_date":"1er ao\u00fbt 2016","publisher_availability_label":"Sur commande","short_details":"Gin P-L-C. \u2014 Hachette BNF","translator":null,"weight":105,"page_count":null,"readership":null,"editor":"Hachette BNF","price":1150,"published_date":"2016-07-31T22:00:00.000000Z","support":"Grand format","publisher_availability":1,"stock":0,"editions":[],"url":"https:\/\/quaidesbrumes.com\/ouvrage\/9782011327932\/eloge-de-mgr-le-dauphin-pere-de-louis-xvi"},{"id":"9782011328243","title":"Retour d'espagne, 1892","description":"Retour d'Espagne, 1892 Date de l'\u00e9dition originale : 1892 Appartient \u00e0 l'ensemble documentaire : MidiPyren1 Ce livre est la reproduction fid\u00e8le d'une oeuvre publi\u00e9e avant 1920 et fait partie d'une collection de livres r\u00e9imprim\u00e9s \u00e0 la demande \u00e9dit\u00e9e par Hachette Livre, dans le cadre d'un partenariat avec la Biblioth\u00e8que nationale de France, offrant l'opportunit\u00e9 d'acc\u00e9der \u00e0 des ouvrages anciens et souvent rares issus des fonds patrimoniaux de la BnF.\r\nLes oeuvres faisant partie de cette collection ont \u00e9t\u00e9 num\u00e9ris\u00e9es par la BnF et sont pr\u00e9sentes sur Gallica, sa biblioth\u00e8que num\u00e9rique.\r\n\r\nEn entreprenant de redonner vie \u00e0 ces ouvrages au travers d'une collection de livres r\u00e9imprim\u00e9s \u00e0 la demande, nous leur donnons la possibilit\u00e9 de rencontrer un public \u00e9largi et participons \u00e0 la transmission de connaissances et de savoirs parfois difficilement accessibles.\r\nNous avons cherch\u00e9 \u00e0 concilier la reproduction fid\u00e8le d'un livre ancien \u00e0 partir de sa version num\u00e9ris\u00e9e avec le souci d'un confort de lecture optimal. Nous esp\u00e9rons que les ouvrages de cette nouvelle collection vous apporteront enti\u00e8re satisfaction.\r\n\r\nPour plus d'informations, rendez-vous sur www.hachettebnf.fr\r","authors":["Gironde"],"category_codes":["1000000","1060000","1060200"],"visuals":{"large":"https:\/\/images.epagine.fr\/243\/9782011328243_1_75.jpg","medium":"https:\/\/images.epagine.fr\/243\/9782011328243_1_m.jpg","thumbnail":"https:\/\/images.epagine.fr\/243\/9782011328243_1_v.jpg"},"orderable":true,"show_badge":true,"formatted_price":"16,00&nbsp;\u20ac","formatted_published_date":"1er ao\u00fbt 2016","publisher_availability_label":"Sur commande","short_details":"Gironde \u2014 Hachette BNF","translator":null,"weight":167,"page_count":null,"readership":null,"editor":"Hachette BNF","price":1600,"published_date":"2016-07-31T22:00:00.000000Z","support":"Grand format","publisher_availability":1,"stock":0,"editions":[],"url":"https:\/\/quaidesbrumes.com\/ouvrage\/9782011328243\/retour-despagne-1892"},{"id":"9791095925293","title":"Small star of provence","description":null,"authors":["Laurence Estienne"],"category_codes":["1000000","1060000"],"visuals":{"large":"https:\/\/images.epagine.fr\/293\/9791095925293_1_75.jpg","medium":"https:\/\/images.epagine.fr\/293\/9791095925293_1_m.jpg","thumbnail":"https:\/\/images.epagine.fr\/293\/9791095925293_1_v.jpg"},"orderable":true,"show_badge":true,"formatted_price":"10,90&nbsp;\u20ac","formatted_published_date":"2 octobre 2016","publisher_availability_label":"Sur commande","short_details":"Laurence Estienne \u2014 Plum'Issime","translator":null,"weight":220,"page_count":null,"readership":null,"editor":"Plum'Issime","price":1090,"published_date":"2016-10-01T22:00:00.000000Z","support":"Grand format","publisher_availability":1,"stock":0,"editions":[],"url":"https:\/\/quaidesbrumes.com\/ouvrage\/9791095925293\/small-star-of-provence"},{"id":"9782011329172","title":"Notice sur le chevalier amedee jaubert : introduction aux journal et memoires du marquis d'argenson","description":"Notice sur le chevalier Am\u00e9d\u00e9e Jaubert : ntroduction aux \"Journal et m\u00e9moires du Marquis d'Argenson \/ par M. L.-J.-D. F\u00e9raud-Giraud Date de l'\u00e9dition originale : 1864 Ce livre est la reproduction fid\u00e8le d'une oeuvre publi\u00e9e avant 1920 et fait partie d'une collection de livres r\u00e9imprim\u00e9s \u00e0 la demande \u00e9dit\u00e9e par Hachette Livre, dans le cadre d'un partenariat avec la Biblioth\u00e8que nationale de France, offrant l'opportunit\u00e9 d'acc\u00e9der \u00e0 des ouvrages anciens et souvent rares issus des fonds patrimoniaux de la BnF.\r\nLes oeuvres faisant partie de cette collection ont \u00e9t\u00e9 num\u00e9ris\u00e9es par la BnF et sont pr\u00e9sentes sur Gallica, sa biblioth\u00e8que num\u00e9rique.\r\n\r\nEn entreprenant de redonner vie \u00e0 ces ouvrages au travers d'une collection de livres r\u00e9imprim\u00e9s \u00e0 la demande, nous leur donnons la possibilit\u00e9 de rencontrer un public \u00e9largi et participons \u00e0 la transmission de connaissances et de savoirs parfois difficilement accessibles.\r\nNous avons cherch\u00e9 \u00e0 concilier la reproduction fid\u00e8le d'un livre ancien \u00e0 partir de sa version num\u00e9ris\u00e9e avec le souci d'un confort de lecture optimal. Nous esp\u00e9rons que les ouvrages de cette nouvelle collection vous apporteront enti\u00e8re satisfaction.\r\n\r\nPour plus d'informations, rendez-vous sur www.hachettebnf.fr\r","authors":["Feraud-Giraud L-J-D."],"category_codes":["1000000","1060000","1060200"],"visuals":{"large":"https:\/\/images.epagine.fr\/172\/9782011329172_1_75.jpg","medium":"https:\/\/images.epagine.fr\/172\/9782011329172_1_m.jpg","thumbnail":"https:\/\/images.epagine.fr\/172\/9782011329172_1_v.jpg"},"orderable":true,"show_badge":true,"formatted_price":"9,50&nbsp;\u20ac","formatted_published_date":"1er ao\u00fbt 2016","publisher_availability_label":"Sur commande","short_details":"Feraud-Giraud L-J-D. \u2014 Hachette BNF","translator":null,"weight":48,"page_count":null,"readership":null,"editor":"Hachette BNF","price":950,"published_date":"2016-07-31T22:00:00.000000Z","support":"Grand format","publisher_availability":1,"stock":0,"editions":[],"url":"https:\/\/quaidesbrumes.com\/ouvrage\/9782011329172\/notice-sur-le-chevalier-amedee-jaubert-introduction-aux-journal-et-memoires-du-marquis-dargenson"},{"id":"9782011946553","title":"Catalogue des livres de la bibliotheque de n.-d. de graces : 8 rue saint-nizier, au 3me, lyon","description":"Catalogue des livres de la biblioth\u00e8que de N.-D. de Graces : 8 rue Saint-Nizier, au 3me, Lyon Date de l'\u00e9dition originale : 1883 Ce livre est la reproduction fid\u00e8le d'une oeuvre publi\u00e9e avant 1920 et fait partie d'une collection de livres r\u00e9imprim\u00e9s \u00e0 la demande \u00e9dit\u00e9e par Hachette Livre, dans le cadre d'un partenariat avec la Biblioth\u00e8que nationale de France, offrant l'opportunit\u00e9 d'acc\u00e9der \u00e0 des ouvrages anciens et souvent rares issus des fonds patrimoniaux de la BnF.\r\nLes oeuvres faisant partie de cette collection ont \u00e9t\u00e9 num\u00e9ris\u00e9es par la BnF et sont pr\u00e9sentes sur Gallica, sa biblioth\u00e8que num\u00e9rique.\r\n\r\nEn entreprenant de redonner vie \u00e0 ces ouvrages au travers d'une collection de livres r\u00e9imprim\u00e9s \u00e0 la demande, nous leur donnons la possibilit\u00e9 de rencontrer un public \u00e9largi et participons \u00e0 la transmission de connaissances et de savoirs parfois difficilement accessibles.\r\nNous avons cherch\u00e9 \u00e0 concilier la reproduction fid\u00e8le d'un livre ancien \u00e0 partir de sa version num\u00e9ris\u00e9e avec le souci d'un confort de lecture optimal. Nous esp\u00e9rons que les ouvrages de cette nouvelle collection vous apporteront enti\u00e8re satisfaction.\r\n\r\nPour plus d'informations, rendez-vous sur www.hachettebnf.fr\r","authors":[],"category_codes":["1000000","1060000"],"visuals":{"large":"https:\/\/images.epagine.fr\/553\/9782011946553_1_75.jpg","medium":"https:\/\/images.epagine.fr\/553\/9782011946553_1_m.jpg","thumbnail":"https:\/\/images.epagine.fr\/553\/9782011946553_1_v.jpg"},"orderable":true,"show_badge":true,"formatted_price":"16,50&nbsp;\u20ac","formatted_published_date":"1er ao\u00fbt 2016","publisher_availability_label":"Sur commande","short_details":"Hachette BNF","translator":null,"weight":202,"page_count":null,"readership":null,"editor":"Hachette BNF","price":1650,"published_date":"2016-07-31T22:00:00.000000Z","support":"Grand format","publisher_availability":1,"stock":0,"editions":[],"url":"https:\/\/quaidesbrumes.com\/ouvrage\/9782011946553\/catalogue-des-livres-de-la-bibliotheque-de-n-d-de-graces-8-rue-saint-nizier-au-3me-lyon"},{"id":"9781408708446","title":"A HOPE MORE POWERFUL THAN THE SEA - THE JOURNEY OF DOAA AL ZAMEL","description":"This is the story of Doaa, an ordinary girl from a village in Syria, who in 2015 became one of five hundred people crammed on to a fishing boat setting sail for Europe. The boat was deliberately capsized, and of those five hundred people, eleven survived; they were rescued four days after the boat sank. Doaa was one of them - her fiance Bassem, with whom she had fled, was not; he drowned in front of her.   Melissa Fleming, the Chief Spokesperson for the UN High Commissioner for Refugees, heard about Doaa and the death of 489 of her fellow refugees on the day she was pulled out of the water. She decided to fly to Crete to meet this extraordinary girl, who had rescued a toddler when she was nearly dead herself. They struck an instant bond, and Melissa saw in Doaa the story of the war in Syria embodied by one young woman. She has decided to tell Doaa's story - the dangers she fled, and the journey she risked to escape the conflagration in her homeland. Doaa is the face of the millions of mothers, fathers, sisters, brothers, daughters and sons who risk everything as they try to escape war, violence and death.   Doaa's story will revolutionize how we see the thousands of people who die every year in search of a home. It will squarely face one of the greatest moral questions of our age: will we let more people die in boats and trucks, or will we find a way to help them?\r","authors":["Melissa Fleming"],"category_codes":["1000000","1060000","1060100"],"visuals":{"large":"https:\/\/images.epagine.fr\/446\/9781408708446_1_75.jpg","medium":"https:\/\/images.epagine.fr\/446\/9781408708446_1_m.jpg","thumbnail":"https:\/\/images.epagine.fr\/446\/9781408708446_1_v.jpg"},"orderable":true,"show_badge":true,"formatted_price":"19,80&nbsp;\u20ac","formatted_published_date":"24 janvier 2017","publisher_availability_label":"Sur commande","short_details":"Melissa Fleming \u2014 Little Brown UK","translator":null,"weight":382,"page_count":288,"readership":null,"editor":"Little Brown UK","price":1980,"published_date":"2017-01-23T23:00:00.000000Z","support":"Grand format","publisher_availability":1,"stock":0,"editions":["9780349142272"],"url":"https:\/\/quaidesbrumes.com\/ouvrage\/9781408708446\/a-hope-more-powerful-than-the-sea-the-journey-of-doaa-al-zamel"},{"id":"9781785781933","title":"WHO I AM","description":"- The life story of one of Britain''s favourite actresses, who is famed for her roles in The Night Porter, Georgy Girl, and 45 Years, as well as TV series Dexter, London Spy and Broadchurch.\r\n\r\n- A lyrical and intimate portrait of an enigmatic public figure - Rampling recounts childhood memories spent between France and Britain, her colonel father who won an Olympic medal and the devastating loss of her sister at a young age. \r\n\r\n- Rampling will be appearing in an adaptation of Julian Barnes'' A Sense of an Ending (BBC Films) with Jim Broadbent, to be released late 2016.\r","authors":["Charlotte Rampling"],"category_codes":["1000000","1060000","1060100"],"visuals":{"large":"https:\/\/images.epagine.fr\/933\/9781785781933_1_75.jpg","medium":"https:\/\/images.epagine.fr\/933\/9781785781933_1_m.jpg","thumbnail":"https:\/\/images.epagine.fr\/933\/9781785781933_1_v.jpg"},"orderable":true,"show_badge":true,"formatted_price":"18,80&nbsp;\u20ac","formatted_published_date":"2 mars 2017","publisher_availability_label":"Sur commande","short_details":"Charlotte Rampling \u2014 Icon Books","translator":null,"weight":323,"page_count":106,"readership":null,"editor":"Icon Books","price":1880,"published_date":"2017-03-01T23:00:00.000000Z","support":"Grand format","publisher_availability":1,"stock":0,"editions":[],"url":"https:\/\/quaidesbrumes.com\/ouvrage\/9781785781933\/who-i-am"},{"id":"9782343085388","title":"L'oraison silencieuse : Une vie au Congo-Brazzaville","description":"Au cr\u00e9puscule de son cycle terrestre, une question est souvent revenue \u00e0 l'esprit de l'auteur : \u00ab Qu'auras-tu \u00e9t\u00e9 ou fait ou sem\u00e9, devenu octog\u00e9naire ? \u00bb. Patriarche car b\u00e9ni d'une florissante prog\u00e9niture, une dette s'est impos\u00e9e \u00e0 lui : \u00ab P\u00e8re, grand-p\u00e8re, arri\u00e8re-grand-p\u00e8re, raconte ! \u00bb. Appartenant \u00e0 une g\u00e9n\u00e9ration pass\u00e9e par des \u00e9tapes diff\u00e9rentes : tradition, colonisation, autonomie, ind\u00e9pendance, r\u00e9volution et d\u00e9mocratie, il \u00e9voque, dans l'Oraison silencieuse, le contenu d'un parcours multiforme, de la naissance au troisi\u00e8me \u00e2ge.","authors":["Alphonse Ongagou-Datchou"],"category_codes":["1000000","1060000"],"visuals":{"large":"https:\/\/images.epagine.fr\/388\/9782343085388_1_75.jpg","medium":"https:\/\/images.epagine.fr\/388\/9782343085388_1_m.jpg","thumbnail":"https:\/\/images.epagine.fr\/388\/9782343085388_1_v.jpg"},"orderable":true,"show_badge":true,"formatted_price":"18,00&nbsp;\u20ac","formatted_published_date":"9 septembre 2016","publisher_availability_label":"Sur commande","short_details":"Alphonse Ongagou-Datchou \u2014 \u00c9ditions L'Harmattan","translator":null,"weight":180,"page_count":148,"readership":null,"editor":"\u00c9ditions L'Harmattan","price":1800,"published_date":"2016-09-08T22:00:00.000000Z","support":"Grand format","publisher_availability":1,"stock":0,"editions":[],"url":"https:\/\/quaidesbrumes.com\/ouvrage\/9782343085388\/loraison-silencieuse-une-vie-au-congo-brazzaville"},{"id":"9782312046334","title":"Un vase de porcelaine dans un magasin d'\u00e9l\u00e9phants","description":"Petit guide d'accompagnement des femmes atteintes d'un cancer du sein, ayant l'ambition d'\u00eatre l\u00e9ger et bienveillant. Mais aussi, d\u00e9sir intense de pointer des souffrances li\u00e9es \u00e0 cette maladie, en l'occurrence les douleurs neuropathiques pouvant \u00eatre prises \u00e0 la l\u00e9g\u00e8res.\r","authors":["Jeanne Martin-fenouillet"],"category_codes":["1000000","1060000","1060300","1060308"],"visuals":{"large":"https:\/\/images.epagine.fr\/334\/9782312046334_1_75.jpg","medium":"https:\/\/images.epagine.fr\/334\/9782312046334_1_m.jpg","thumbnail":"https:\/\/images.epagine.fr\/334\/9782312046334_1_v.jpg"},"orderable":true,"show_badge":true,"formatted_price":"13,00&nbsp;\u20ac","formatted_published_date":"24 ao\u00fbt 2016","publisher_availability_label":"Sur commande","short_details":"Jeanne Martin-fenouillet \u2014 Editions du Net","translator":null,"weight":88,"page_count":82,"readership":null,"editor":"Editions du Net","price":1300,"published_date":"2016-08-23T22:00:00.000000Z","support":"Grand format","publisher_availability":1,"stock":0,"editions":[],"url":"https:\/\/quaidesbrumes.com\/ouvrage\/9782312046334\/un-vase-de-porcelaine-dans-un-magasin-delephants"},{"id":"9782312046204","title":"Je voulais juste prot\u00e9ger mon enfant et l'entendre rire \u00e0 nouveau ; j'ai \u00e9t\u00e9 accus\u00e9e d'ali\u00e9nation parentale","description":"Suite au succ\u00e8s remport\u00e9 par le t\u00e9moignage de Lucas \u00ab Et Moi alors ?, fils d'un pervers narcissique, ma souffrance invisible \u00bb Emma, la Maman, se trouve, au quotidien, face \u00e0 d'autres mamans, parfois des papas, qui lui demandent de l'aide, des conseils. L'ensemble du livre est bas\u00e9 sur sa propre histoire mais elle y livre surtout des conseils utiles pour tenter de se sortir de l'enfer qu'est une bataille juridique contre un parent toxique ayant choisi la guerre au d\u00e9triment d'un enfant innocent.\r","authors":["Emma"],"category_codes":["1000000","1060000","1060300","1060310"],"visuals":{"large":"https:\/\/images.epagine.fr\/204\/9782312046204_1_75.jpg","medium":"https:\/\/images.epagine.fr\/204\/9782312046204_1_m.jpg","thumbnail":"https:\/\/images.epagine.fr\/204\/9782312046204_1_v.jpg"},"orderable":true,"show_badge":true,"formatted_price":"15,00&nbsp;\u20ac","formatted_published_date":"12 ao\u00fbt 2016","publisher_availability_label":"Sur commande","short_details":"Emma \u2014 Editions du Net","translator":null,"weight":240,"page_count":134,"readership":null,"editor":"Editions du Net","price":1500,"published_date":"2016-08-11T22:00:00.000000Z","support":"Grand format","publisher_availability":1,"stock":0,"editions":[],"url":"https:\/\/quaidesbrumes.com\/ouvrage\/9782312046204\/je-voulais-juste-proteger-mon-enfant-et-lentendre-rire-a-nouveau-jai-ete-accusee-dalienation-parentale"},{"id":"9782343090177","title":"Fant\u00f4mes d'Alg\u00e9rie et d'ailleurs ; fragments de m\u00e9moires crois\u00e9es","description":"Dans le cadre de la pacification, les \u00e9lites gouvernantes avaient instaur\u00e9 un service civil permettant d'envoyer en Alg\u00e9rie des \"fonctionnaires civils\", afin d'\u00e9viter \"toute esp\u00e8ce de cloisonnement avec la m\u00e9tropole\". Ainsi, des c\u00e9libataires, queues de liste aux concours de l'Enseignement secondaire de la promotion 1960, furent envoy\u00e9s en Alg\u00e9rie, contre leur gr\u00e9, dans le cadre de ladite pacification. L'auteure fut ainsi nomm\u00e9e professeure d'allemand, sur une \"chaire cr\u00e9\u00e9e \u00e0 son intention\", pour une poign\u00e9e d'\u00e9l\u00e8ves, \u00e0 Blida. Les appel\u00e9s du service civil devinrent les t\u00e9moins de la fin d'un fragment d'empire, depuis toujours insoumis.\r","authors":["Felie Pastorello-Boidi"],"category_codes":["1000000","1060000"],"visuals":{"large":"https:\/\/images.epagine.fr\/177\/9782343090177_1_75.jpg","medium":"https:\/\/images.epagine.fr\/177\/9782343090177_1_m.jpg","thumbnail":"https:\/\/images.epagine.fr\/177\/9782343090177_1_v.jpg"},"orderable":true,"show_badge":true,"formatted_price":"31,50&nbsp;\u20ac","formatted_published_date":"5 octobre 2016","publisher_availability_label":"Sur commande","short_details":"Felie Pastorello-Boidi \u2014 \u00c9ditions L'Harmattan","translator":null,"weight":440,"page_count":284,"readership":null,"editor":"\u00c9ditions L'Harmattan","price":3150,"published_date":"2016-10-04T22:00:00.000000Z","support":"Grand format","publisher_availability":1,"stock":0,"editions":[],"url":"https:\/\/quaidesbrumes.com\/ouvrage\/9782343090177\/fantomes-dalgerie-et-dailleurs-fragments-de-memoires-croisees"},{"id":"9782343101552","title":"Fragments d'une autobiographie ; chronique d'un exil en France","description":"Mahmoud Bayrem Ettounsi (1893-1961), Egypto-tunisien d'origine turque, conna\u00eet une vocation litt\u00e9raire pr\u00e9coce viet mise \u00e0 l'\u00e9preuve par une conscience politique acerbe. Honni par les siens au Caire comme \u00e0 Tunis, il est en plus condamn\u00e9 \u00e0 l'exil en France. Mais il souligne : \"Ma vie n'a pas \u00e9t\u00e9 exempte des joies de l'art. Elle ne se limitait pas \u00e0 la politique ni aux questions sociales, ni \u00e0 la critique, ni aux tentatives de r\u00e9forme. En Egypte, j'avais \u00e9crit une op\u00e9rette pour Cheikh Sayed Darwich, Sh\u00e9h\u00e9razade. C'\u00e9tait dans les moments o\u00f9 je d\u00e9laissais les activit\u00e9s politiques et sociales. La composition de cette op\u00e9rette a une histoire...\"\r","authors":["Mahmoud Bayrem Ettounsi"],"category_codes":["1000000","1060000"],"visuals":{"large":"https:\/\/images.epagine.fr\/552\/9782343101552_1_75.jpg","medium":"https:\/\/images.epagine.fr\/552\/9782343101552_1_m.jpg","thumbnail":"https:\/\/images.epagine.fr\/552\/9782343101552_1_v.jpg"},"orderable":true,"show_badge":true,"formatted_price":"15,00&nbsp;\u20ac","formatted_published_date":"5 octobre 2016","publisher_availability_label":"Sur commande","short_details":"Mahmoud Bayrem Ettounsi \u2014 \u00c9ditions L'Harmattan","translator":null,"weight":150,"page_count":122,"readership":null,"editor":"\u00c9ditions L'Harmattan","price":1500,"published_date":"2016-10-04T22:00:00.000000Z","support":"Grand format","publisher_availability":1,"stock":0,"editions":[],"url":"https:\/\/quaidesbrumes.com\/ouvrage\/9782343101552\/fragments-dune-autobiographie-chronique-dun-exil-en-france"},{"id":"9782343102399","title":"Nansen, explorateur et humanitaire","description":"Apr\u00e8s le g\u00e9nocide arm\u00e9nien et la r\u00e9volution russe, les pays d'Europe de l'Ouest voient arriver massivement \u00e0 leurs fronti\u00e8res des hommes, femmes et enfants fuyant la mort, n'ayant plus de terres ni d'identit\u00e9 juridique. Ce livre revient sur l'histoire du norv\u00e9gien Fridtjof Nansen (1861-1930), qui en 1921 est nomm\u00e9 \u00e0 la Soci\u00e9t\u00e9 des Nations en tant que Haut-commissaire pour les r\u00e9fugi\u00e9s. Il octroie alors \u00e0 ces apatrides des certificats leur permettant de circuler. C'est la naissance du passeport Nansen, qui leur donnera une existence juridique.\r","authors":["Marit Fosse","John Fox"],"category_codes":["1000000","1060000"],"visuals":{"large":"https:\/\/images.epagine.fr\/399\/9782343102399_1_75.jpg","medium":"https:\/\/images.epagine.fr\/399\/9782343102399_1_m.jpg","thumbnail":"https:\/\/images.epagine.fr\/399\/9782343102399_1_v.jpg"},"orderable":true,"show_badge":true,"formatted_price":"22,50&nbsp;\u20ac","formatted_published_date":"5 octobre 2016","publisher_availability_label":"Sur commande","short_details":"Marit Fosse, John Fox \u2014 \u00c9ditions L'Harmattan","translator":null,"weight":340,"page_count":288,"readership":null,"editor":"\u00c9ditions L'Harmattan","price":2250,"published_date":"2016-10-04T22:00:00.000000Z","support":"Grand format","publisher_availability":1,"stock":0,"editions":[],"url":"https:\/\/quaidesbrumes.com\/ouvrage\/9782343102399\/nansen-explorateur-et-humanitaire"},{"id":"9791096715015","title":"Talvi, ma passion Tome 1","description":null,"authors":["Cathy Delohen"],"category_codes":["1000000","1060000","1060300"],"visuals":{"large":"https:\/\/images.epagine.fr\/015\/9791096715015_1_75.jpg","medium":"https:\/\/images.epagine.fr\/015\/9791096715015_1_m.jpg","thumbnail":"https:\/\/images.epagine.fr\/015\/9791096715015_1_v.jpg"},"orderable":true,"show_badge":true,"formatted_price":"25,00&nbsp;\u20ac","formatted_published_date":"19 ao\u00fbt 2016","publisher_availability_label":"Sur commande","short_details":"Cathy Delohen \u2014 Les Ecritures Du Soleil","translator":null,"weight":258,"page_count":null,"readership":null,"editor":"Les Ecritures Du Soleil","price":2500,"published_date":"2016-08-18T22:00:00.000000Z","support":"Grand format","publisher_availability":1,"stock":0,"editions":["9791096715008"],"url":"https:\/\/quaidesbrumes.com\/ouvrage\/9791096715015\/talvi-ma-passion-tome-1"},{"id":"9782312047836","title":"Ma force de vivre","description":"Tu as connu des difficult\u00e9s ? Tu es d\u00e9courag\u00e9 \u00e0 cause de ta maladie chronique et incurable, du manque de travail, des blessures affectives, des pressions et stress du monde professionnel, des humiliations et frustrations du quotidien ? Tu es au bout du rouleau \u00e0 cause de nombreux \u00e9checs et d\u00e9boires ? En lisant ce t\u00e9moignage, Patrick t'invite \u00e0 regarder la vie autrement et \u00e0 oser sourire au-del\u00e0 de ta douleur. Il t'invite \u00e0 la pens\u00e9e positive permanente. Il t'invite \u00e0 chercher une r\u00e9ponse \u00e0 ta situation en toi et au-del\u00e0 de toi. Patrick au-del\u00e0 de la m\u00e9decine, de l'accompagnement psychologique et des dispositifs sociaux va \u00e0 la rencontre de Dieu pour oser sourire et faire sourire d'autres personnes. Il montre un Dieu non pas de guerre et de malheur, mais un Dieu pr\u00e9sent dans les joies comme dans l'\u00e9preuve ; un Dieu qui nous tend la main pour nous aider \u00e0 commencer une vie nouvelle : vivre tout simplement, mais pleinement, en donnant de la valeur \u00e0 chaque personne et \u00e0 chaque \u00eatre. Car vois-tu, le malheur ce n'est pas de manquer de ceci ou de cela, mais c'est de ne pas voir ce que tu poss\u00e8des et ne rien faire avec ce que tu poss\u00e8des.\r","authors":["Patrick Talom"],"category_codes":["1000000","1060000","1060300"],"visuals":{"large":"https:\/\/images.epagine.fr\/836\/9782312047836_1_75.jpg","medium":"https:\/\/images.epagine.fr\/836\/9782312047836_1_m.jpg","thumbnail":"https:\/\/images.epagine.fr\/836\/9782312047836_1_v.jpg"},"orderable":true,"show_badge":true,"formatted_price":"16,00&nbsp;\u20ac","formatted_published_date":"30 septembre 2016","publisher_availability_label":"Sur commande","short_details":"Patrick Talom \u2014 Editions du Net","translator":null,"weight":115,"page_count":64,"readership":null,"editor":"Editions du Net","price":1600,"published_date":"2016-09-29T22:00:00.000000Z","support":"Grand format","publisher_availability":1,"stock":0,"editions":[],"url":"https:\/\/quaidesbrumes.com\/ouvrage\/9782312047836\/ma-force-de-vivre"}]}