{"data":[{"id":"9782013610551","title":"Bibliographie ottomane, ou Notice des livres turcs imprim\u00e9s \u00e0 Constantinople Tome 1","description":"Bibliographie ottomane, ou Notice des livres turcs imprim\u00e9s \u00e0 Constantinople durant les ann\u00e9es 1281(-1293) de l'h\u00e9gire \/ par M. Belin,...\r\nDate de l'\u00e9dition originale : 1868-1877\r\n\r\nLe pr\u00e9sent ouvrage s'inscrit dans une politique de conservation patrimoniale des ouvrages de la litt\u00e9rature Fran\u00e7aise mise en place avec la BNF.\r\nHACHETTE LIVRE et la BNF proposent ainsi un catalogue de titres indisponibles, la BNF ayant num\u00e9ris\u00e9 ces oeuvres et HACHETTE LIVRE les imprimant \u00e0 la demande.\r\nCertains de ces ouvrages refl\u00e8tent des courants de pens\u00e9e caract\u00e9ristiques de leur \u00e9poque, mais qui seraient aujourd'hui jug\u00e9s condamnables.\r\nIls n'en appartiennent pas moins \u00e0 l'histoire des id\u00e9es en France et sont susceptibles de pr\u00e9senter un int\u00e9r\u00eat scientifique ou historique.\r\nLe sens de notre d\u00e9marche \u00e9ditoriale consiste ainsi \u00e0 permettre l'acc\u00e8s \u00e0 ces oeuvres sans pour autant que nous en cautionnions en aucune fa\u00e7on le contenu.\r\n\r\nPour plus d'informations, rendez-vous sur www.hachettebnf.fr","authors":["Belin F-A."],"category_codes":["1000000","1060000","1060200"],"visuals":{"large":"https:\/\/images.epagine.fr\/551\/9782013610551_1_75.jpg","medium":"https:\/\/images.epagine.fr\/551\/9782013610551_1_m.jpg","thumbnail":"https:\/\/images.epagine.fr\/551\/9782013610551_1_v.jpg"},"orderable":true,"show_badge":true,"formatted_price":"9,50&nbsp;\u20ac","formatted_published_date":"1er mai 2016","publisher_availability_label":"Sur commande","short_details":"Belin F-A. \u2014 Hachette BNF","translator":null,"weight":67,"page_count":34,"readership":null,"editor":"Hachette BNF","price":950,"published_date":"2016-04-30T22:00:00.000000Z","support":"Grand format","publisher_availability":1,"stock":0,"editions":[],"url":"https:\/\/quaidesbrumes.com\/ouvrage\/9782013610551\/bibliographie-ottomane-ou-notice-des-livres-turcs-imprimes-a-constantinople-tome-1"},{"id":"9791094912003","title":"Jean Sobieski, roi de Pologne","description":"Jean Sobieski est connu pour la d\u00e9livrance de Vienne. En 1683, alors que le sultan a d\u00e9cid\u00e9 la conqu\u00eate du monde civilis\u00e9, le seul prestige de son nom rel\u00e8ve l'espoir de l'Europe, entra\u00eene une arm\u00e9e \u00e0 l'attaque de forces cinq fois sup\u00e9rieures, et frappe les Ottomans de terreur.\r\nCe prestige, il l'avait acquit en douze campagnes men\u00e9es pendant trente ans, contre les Tartares, les Turcs, les Moscovites, les Cosaques, les Su\u00e9dois. Jeune encore, ses faits d'armes l'ont conduit aux dignit\u00e9s de mar\u00e9chal, de commandant en chef, et ses victoires au tr\u00f4ne.\r\nLa Pologne, destin\u00e9e \u00e0 recevoir le premier choc des invasions musulmanes, demandait un homme de guerre, la Chr\u00e9tient\u00e9 un rempart. Sobieski fut l'un et l'autre. Sa vie est une \u00e9pop\u00e9e ; dou\u00e9 d'un grand esprit politique, il poss\u00e9dait en outre la magnanimit\u00e9, la pi\u00e9t\u00e9, ce qui en fait un h\u00e9ros complet, un chevalier du Christ.\r\nL'auteur, l'abb\u00e9 Charles Gu\u00e9not, n\u00e9 en 1833, a \u00e9crit de nombreux ouvrages.\r","authors":["Charles Guenot"],"category_codes":["1000000","1060000","1060200"],"visuals":{"large":"https:\/\/images.epagine.fr\/003\/9791094912003_1_75.jpg","medium":"https:\/\/images.epagine.fr\/003\/9791094912003_1_m.jpg","thumbnail":"https:\/\/images.epagine.fr\/003\/9791094912003_1_v.jpg"},"orderable":true,"show_badge":true,"formatted_price":"21,00&nbsp;\u20ac","formatted_published_date":"10 mai 2015","publisher_availability_label":"Sur commande","short_details":"Charles Guenot \u2014 Edilys","translator":null,"weight":264,"page_count":214,"readership":null,"editor":"Edilys","price":2100,"published_date":"2015-05-09T22:00:00.000000Z","support":"Grand format","publisher_availability":1,"stock":0,"editions":[],"url":"https:\/\/quaidesbrumes.com\/ouvrage\/9791094912003\/jean-sobieski-roi-de-pologne"},{"id":"9782343096452","title":"Mes ann\u00e9es 1950 et 1960 ou l'\u00e9veil d'une sensibilit\u00e9","description":"L'auteur de cet ouvrage, bien plus que de revenir sur sa jeunesse, interroge les conditions d'\u00e9mergence d'une sensibilit\u00e9 culturelle et d'une approche critique. Il retrouve les traits caract\u00e9ristiques d'une g\u00e9n\u00e9ration (le go\u00fbt du jazz, de la musique noire am\u00e9ricaine, le tiers-mondisme, l'\u00e9veil aux sciences humaine et sociales) et \u00e9voque les moments saillants d'une \u00e9poque : la guerre d'Alg\u00e9rie, les d\u00e9colonisations, la Guerre froide, mai 68...\r","authors":["Roland Guillon"],"category_codes":["1000000","1060000","1060100"],"visuals":{"large":"https:\/\/images.epagine.fr\/452\/9782343096452_1_75.jpg","medium":"https:\/\/images.epagine.fr\/452\/9782343096452_1_m.jpg","thumbnail":"https:\/\/images.epagine.fr\/452\/9782343096452_1_v.jpg"},"orderable":true,"show_badge":true,"formatted_price":"14,00&nbsp;\u20ac","formatted_published_date":"23 juin 2016","publisher_availability_label":"Sur commande","short_details":"Roland Guillon \u2014 \u00c9ditions L'Harmattan","translator":null,"weight":145,"page_count":106,"readership":null,"editor":"\u00c9ditions L'Harmattan","price":1400,"published_date":"2016-06-22T22:00:00.000000Z","support":"Grand format","publisher_availability":1,"stock":0,"editions":[],"url":"https:\/\/quaidesbrumes.com\/ouvrage\/9782343096452\/mes-annees-1950-et-1960-ou-leveil-dune-sensibilite"},{"id":"9791094912164","title":"La campagne fran\u00e7aise et la guerre","description":"Publi\u00e9 en octobre 1916 par Charles Eggiman (\u00c9dition de l'\u00c9cho de Paris) en grand format, ce volume est reproduit pratiquement \u00e0 l'identique, avec 95 illustrations, dont 18 planches. En 14 courts chapitres, l'auteur nous offre \u00e0 la mani\u00e8re d'un journal illustr\u00e9, un panorama \u00e9mouvant et plein de fra\u00eecheur.\r\n\r\n\u00ab La plus belle performance de la guerre, c'est la moisson de 1915, faite par les femmes fran\u00e7aises ! \u00bb Les femmes, rest\u00e9es \u00e0 la maison, les jeunes filles, les m\u00e8res, habitu\u00e9es si souvent, dans la tendre campagne fran\u00e7aise, aux seuls travaux du m\u00e9nage, ont fait la r\u00e9colte de 1914, puis les semailles et la r\u00e9colte de 1915, puis les semailles encore et la r\u00e9colte de 1916 ; plusieurs se sont d\u00e9courag\u00e9es ; mais la plupart ont tenu, comme les hommes aux tranch\u00e9es. Guerre support\u00e9e par les filles de la France autant que par ses fils ! Don magnifique offert aux absents et \u00e0 la patrie ! Exemple unique dans l'histoire !\r\nPendant qu'elles travaillaient, beaucoup de nos chefs de ferme et de leurs compagnons de labour tombaient sur les champs de bataille, et pour elles, et pour leurs enfants, l'angoisse de l'avenir s'ajoutait au deuil de famille.\r\nJ'ai vu de pr\u00e8s cet h\u00e9ro\u00efsme et ces douleurs de la campagne. Pendant la premi\u00e8re ann\u00e9e de la guerre, j'ai v\u00e9cu en province, et j'ai \u00e9crit peu \u00e0 peu, \u00e0 l'honneur de ces braves gens que j'aime bien, les paysans, les laboureurs, les valets de charrue, les charretiers, les bergers, et la m\u00e9nag\u00e8re de chacun, les \u00e9tudes que je r\u00e9unis aujourd'hui dans un livre.\r\nRen\u00e9 Bazin, Les Rangeardi\u00e8res, 2 septembre 1916.\r","authors":["Ren\u00e9 Bazin"],"category_codes":["1000000","1060000","1060200"],"visuals":{"large":"https:\/\/images.epagine.fr\/164\/9791094912164_1_75.jpg","medium":"https:\/\/images.epagine.fr\/164\/9791094912164_1_m.jpg","thumbnail":"https:\/\/images.epagine.fr\/164\/9791094912164_1_v.jpg"},"orderable":true,"show_badge":true,"formatted_price":"17,50&nbsp;\u20ac","formatted_published_date":"10 mars 2016","publisher_availability_label":"Sur commande","short_details":"Ren\u00e9 Bazin \u2014 Edilys","translator":null,"weight":266,"page_count":null,"readership":null,"editor":"Edilys","price":1750,"published_date":"2016-03-09T23:00:00.000000Z","support":"Grand format","publisher_availability":1,"stock":0,"editions":[],"url":"https:\/\/quaidesbrumes.com\/ouvrage\/9791094912164\/la-campagne-francaise-et-la-guerre"},{"id":"9782418005228","title":"Commentaire litteral sur tous les livres de l'ancien et du nouveau testament. tome 24","description":null,"authors":["Augustin Calmet"],"category_codes":["1000000","1060000","1060200"],"visuals":{"large":"https:\/\/quaidesbrumes.com\/img\/book-placeholder.png","medium":"https:\/\/quaidesbrumes.com\/img\/book-placeholder.png","thumbnail":"https:\/\/quaidesbrumes.com\/img\/book-placeholder.png"},"orderable":true,"show_badge":true,"formatted_price":"32,50&nbsp;\u20ac","formatted_published_date":"16 novembre 2023","publisher_availability_label":"Sur commande","short_details":"Augustin Calmet \u2014 Hachette BNF","translator":null,"weight":695,"page_count":null,"readership":null,"editor":"Hachette BNF","price":3250,"published_date":"2023-11-15T23:00:00.000000Z","support":"Grand format","publisher_availability":1,"stock":0,"editions":[],"url":"https:\/\/quaidesbrumes.com\/ouvrage\/9782418005228\/commentaire-litteral-sur-tous-les-livres-de-lancien-et-du-nouveau-testament-tome-24"},{"id":"9782812708091","title":"Un grand message d'amour","description":null,"authors":["Rita Largillier"],"category_codes":["1000000","1060000","1060100"],"visuals":{"large":"https:\/\/quaidesbrumes.com\/img\/book-placeholder.png","medium":"https:\/\/quaidesbrumes.com\/img\/book-placeholder.png","thumbnail":"https:\/\/quaidesbrumes.com\/img\/book-placeholder.png"},"orderable":true,"show_badge":true,"formatted_price":"17,00&nbsp;\u20ac","formatted_published_date":"27 juillet 2016","publisher_availability_label":"Sur commande","short_details":"Rita Largillier \u2014 Presses Du Midi","translator":null,"weight":245,"page_count":null,"readership":null,"editor":"Presses Du Midi","price":1700,"published_date":"2016-07-26T22:00:00.000000Z","support":"Grand format","publisher_availability":1,"stock":0,"editions":[],"url":"https:\/\/quaidesbrumes.com\/ouvrage\/9782812708091\/un-grand-message-damour"},{"id":"9782917861059","title":"Sete - le quartier haut dans les annees 50","description":null,"authors":["Biascamano Renee"],"category_codes":["1000000","1060000","1060200"],"visuals":{"large":"https:\/\/quaidesbrumes.com\/img\/book-placeholder.png","medium":"https:\/\/quaidesbrumes.com\/img\/book-placeholder.png","thumbnail":"https:\/\/quaidesbrumes.com\/img\/book-placeholder.png"},"orderable":true,"show_badge":true,"formatted_price":"20,00&nbsp;\u20ac","formatted_published_date":"30 juillet 2010","publisher_availability_label":"Sur commande","short_details":"Biascamano Renee \u2014 Comco","translator":null,"weight":280,"page_count":null,"readership":null,"editor":"Comco","price":2000,"published_date":"2010-07-29T22:00:00.000000Z","support":"Grand format","publisher_availability":1,"stock":0,"editions":[],"url":"https:\/\/quaidesbrumes.com\/ouvrage\/9782917861059\/sete-le-quartier-haut-dans-les-annees-50"},{"id":"9782013616997","title":"Abreg\u00e9 de la genealogie de l'ancienne maison Du Puy . Porte d'or, au chef \u00e9manch\u00e9 d'or & de gueule","description":"Abreg\u00e9 de la genealogie de l'ancienne maison Du Puy . Porte d'or, au chef \u00e9manch\u00e9 d'or & de gueule, \u00e0 une bande de sable, charg\u00e9 de trois besans d'or. Le tout dress\u00e9 sur titres originaux, vieilles chartres & histoires\r\nDate de l'\u00e9dition originale : 1732\r\n\r\nLe pr\u00e9sent ouvrage s'inscrit dans une politique de conservation patrimoniale des ouvrages de la litt\u00e9rature Fran\u00e7aise mise en place avec la BNF.\r\nHACHETTE LIVRE et la BNF proposent ainsi un catalogue de titres indisponibles, la BNF ayant num\u00e9ris\u00e9 ces oeuvres et HACHETTE LIVRE les imprimant \u00e0 la demande.\r\nCertains de ces ouvrages refl\u00e8tent des courants de pens\u00e9e caract\u00e9ristiques de leur \u00e9poque, mais qui seraient aujourd'hui jug\u00e9s condamnables.\r\nIls n'en appartiennent pas moins \u00e0 l'histoire des id\u00e9es en France et sont susceptibles de pr\u00e9senter un int\u00e9r\u00eat scientifique ou historique.\r\nLe sens de notre d\u00e9marche \u00e9ditoriale consiste ainsi \u00e0 permettre l'acc\u00e8s \u00e0 ces oeuvres sans pour autant que nous en cautionnions en aucune fa\u00e7on le contenu.\r\n\r\nPour plus d'informations, rendez-vous sur www.hachettebnf.fr","authors":[],"category_codes":["1000000","1060000","1060200"],"visuals":{"large":"https:\/\/images.epagine.fr\/997\/9782013616997_1_75.jpg","medium":"https:\/\/images.epagine.fr\/997\/9782013616997_1_m.jpg","thumbnail":"https:\/\/images.epagine.fr\/997\/9782013616997_1_v.jpg"},"orderable":true,"show_badge":true,"formatted_price":"11,00&nbsp;\u20ac","formatted_published_date":"1er mai 2016","publisher_availability_label":"Sur commande","short_details":"Hachette BNF","translator":null,"weight":94,"page_count":54,"readership":null,"editor":"Hachette BNF","price":1100,"published_date":"2016-04-30T22:00:00.000000Z","support":"Grand format","publisher_availability":1,"stock":0,"editions":[],"url":"https:\/\/quaidesbrumes.com\/ouvrage\/9782013616997\/abrege-de-la-genealogie-de-lancienne-maison-du-puy-porte-dor-au-chef-emanche-dor-de-gueule"},{"id":"9782013618861","title":"Les deux cents incunables xylographiques du departement des estampes, origines de la gravure tome 1","description":"Les deux cents incunables xylographiques du d\u00e9partement des estampes : origines de la gravure sur bois, les pr\u00e9curseurs, les papiers, les indulgences, les \"grandes pi\u00e8ces\" des Cabinets d'Europe, catalogue raisonn\u00e9 des estampes sur bois et sur m\u00e9tal du Cabinet de Paris \/ par Henri Bouchot,... ; Biblioth\u00e8que nationale Date de l'\u00e9dition originale : 1903 Sujet de l'ouvrage : Incunables -- CataloguesLivres xylographiques -- CataloguesBiblioth\u00e8que nationale de France. D\u00e9partement des estampes et de la photographie -- Catalogues Ce livre est la reproduction fid\u00e8le d'une oeuvre publi\u00e9e avant 1920 et fait partie d'une collection de livres r\u00e9imprim\u00e9s \u00e0 la demande \u00e9dit\u00e9e par Hachette Livre, dans le cadre d'un partenariat avec la Biblioth\u00e8que nationale de France, offrant l'opportunit\u00e9 d'acc\u00e9der \u00e0 des ouvrages anciens et souvent rares issus des fonds patrimoniaux de la BnF.\r\nLes oeuvres faisant partie de cette collection ont \u00e9t\u00e9 num\u00e9ris\u00e9es par la BnF et sont pr\u00e9sentes sur Gallica, sa biblioth\u00e8que num\u00e9rique.\r\n\r\nEn entreprenant de redonner vie \u00e0 ces ouvrages au travers d'une collection de livres r\u00e9imprim\u00e9s \u00e0 la demande, nous leur donnons la possibilit\u00e9 de rencontrer un public \u00e9largi et participons \u00e0 la transmission de connaissances et de savoirs parfois difficilement accessibles.\r\nNous avons cherch\u00e9 \u00e0 concilier la reproduction fid\u00e8le d'un livre ancien \u00e0 partir de sa version num\u00e9ris\u00e9e avec le souci d'un confort de lecture optimal. Nous esp\u00e9rons que les ouvrages de cette nouvelle collection vous apporteront enti\u00e8re satisfaction.\r\n\r\nPour plus d'informations, rendez-vous sur www.hachettebnf.fr\r","authors":["Bouchot Henri"],"category_codes":["1000000","1060000","1060200"],"visuals":{"large":"https:\/\/images.epagine.fr\/861\/9782013618861_1_75.jpg","medium":"https:\/\/images.epagine.fr\/861\/9782013618861_1_m.jpg","thumbnail":"https:\/\/images.epagine.fr\/861\/9782013618861_1_v.jpg"},"orderable":true,"show_badge":true,"formatted_price":"22,50&nbsp;\u20ac","formatted_published_date":"1er mai 2016","publisher_availability_label":"Sur commande","short_details":"Bouchot Henri \u2014 Hachette BNF","translator":null,"weight":425,"page_count":null,"readership":null,"editor":"Hachette BNF","price":2250,"published_date":"2016-04-30T22:00:00.000000Z","support":"Grand format","publisher_availability":1,"stock":0,"editions":[],"url":"https:\/\/quaidesbrumes.com\/ouvrage\/9782013618861\/les-deux-cents-incunables-xylographiques-du-departement-des-estampes-origines-de-la-gravure-tome-1"},{"id":"9782363401267","title":"Elie Buge, les ailes des Mon\u00e9di\u00e8res","description":"Alors maintenant que tu sais que tu es coll\u00e9 pour l'\u00c9cole normale, tu vas faire quoi ? Reprendre la ferme ?\r\n- Non pas. Andr\u00e9 est l'a\u00een\u00e9. Il aidera mon p\u00e8re. Moi, j'ai bient\u00f4t dix-huit ans et ne t'inqui\u00e8te pas, j'ai d\u00e9cid\u00e9, j'ai m\u00eame sign\u00e9 : je me suis engag\u00e9 volontaire !\r\n- Tu seras quoi ? Soldat, toi !\r\nFrapp\u00e9 par une id\u00e9e, Petit-L\u00e9on se figea :\r\n- Et d'abord, c'est dans quelle arme que tu pars ?\r\n\u00c9lie d\u00e9signa le ciel du doigt en souriant.\r\n- Le... L'arm\u00e9e de l'air ? demanda Petit-L\u00e9on, interdit.\r\n- Oui, les avions.\r\n- Tu ne vas tout de m\u00eame pas monter dans ces engins du diable ?\r\n- Et pourquoi pas ? demanda \u00c9lie en riant. J'apprendrai...\r\n\r\n\u00c9lie Buge, ce fils de paysan corr\u00e9zien que rien ne pr\u00e9destinait \u00e0 voler, s'engage dans l'arm\u00e9e de l'Air. Aviateur talentueux, il fut le premier sous-officier fran\u00e7ais \u00e0 franchir le mur du son. Pilote d'essais chez Dassault Aviation, il testa et mis au point les nombreuses versions de Mirage et autres prestigieux avions de chasse.\r\n\r\nSt\u00e9phanie Caldemaison est assistante de conservation aux archives d\u00e9partementales de la Corr\u00e8ze. Elle s'int\u00e9resse au patrimoine a\u00e9ronautique et signe ici son premier livre, biographie romanc\u00e9e d'une figure embl\u00e9matique de l'aviation fran\u00e7aise.\r\n\r\nPr\u00e9face de Fran\u00e7ois Patier, g\u00e9n\u00e9ral de l'arm\u00e9e de l'Air et pilote de chasse","authors":["St\u00e9phanie Caldemaison"],"category_codes":["1000000","1060000","1060200"],"visuals":{"large":"https:\/\/images.epagine.fr\/267\/9782363401267_1_75.jpg","medium":"https:\/\/images.epagine.fr\/267\/9782363401267_1_m.jpg","thumbnail":"https:\/\/images.epagine.fr\/267\/9782363401267_1_v.jpg"},"orderable":true,"show_badge":true,"formatted_price":"19,00&nbsp;\u20ac","formatted_published_date":"1er ao\u00fbt 2016","publisher_availability_label":"Sur commande","short_details":"St\u00e9phanie Caldemaison \u2014 Les Monedieres","translator":null,"weight":450,"page_count":247,"readership":null,"editor":"Les Monedieres","price":1900,"published_date":"2016-07-31T22:00:00.000000Z","support":"Grand format","publisher_availability":1,"stock":0,"editions":[],"url":"https:\/\/quaidesbrumes.com\/ouvrage\/9782363401267\/elie-buge-les-ailes-des-monedieres"},{"id":"9782011264398","title":"Biographie de jean-paul kauffman, publiee par les redacteurs de l'aspic, au benefice de sa veuve","description":"Biographie de Jean-Paul (Kauffman), publi\u00e9e par les r\u00e9dacteurs de \"L'Aspic\", au b\u00e9n\u00e9fice de sa veuve Date de l'\u00e9dition originale : 1841 Sujet de l'ouvrage : Kauffman Appartient \u00e0 l'ensemble documentaire : MidiPyren1 Ce livre est la reproduction fid\u00e8le d'une oeuvre publi\u00e9e avant 1920 et fait partie d'une collection de livres r\u00e9imprim\u00e9s \u00e0 la demande \u00e9dit\u00e9e par Hachette Livre, dans le cadre d'un partenariat avec la Biblioth\u00e8que nationale de France, offrant l'opportunit\u00e9 d'acc\u00e9der \u00e0 des ouvrages anciens et souvent rares issus des fonds patrimoniaux de la BnF.\r\nLes oeuvres faisant partie de cette collection ont \u00e9t\u00e9 num\u00e9ris\u00e9es par la BnF et sont pr\u00e9sentes sur Gallica, sa biblioth\u00e8que num\u00e9rique.\r\n\r\nEn entreprenant de redonner vie \u00e0 ces ouvrages au travers d'une collection de livres r\u00e9imprim\u00e9s \u00e0 la demande, nous leur donnons la possibilit\u00e9 de rencontrer un public \u00e9largi et participons \u00e0 la transmission de connaissances et de savoirs parfois difficilement accessibles.\r\nNous avons cherch\u00e9 \u00e0 concilier la reproduction fid\u00e8le d'un livre ancien \u00e0 partir de sa version num\u00e9ris\u00e9e avec le souci d'un confort de lecture optimal. Nous esp\u00e9rons que les ouvrages de cette nouvelle collection vous apporteront enti\u00e8re satisfaction.\r\n\r\nPour plus d'informations, rendez-vous sur www.hachettebnf.fr\r","authors":["Impr. De J. Dupin"],"category_codes":["1000000","1060000","1060200"],"visuals":{"large":"https:\/\/images.epagine.fr\/398\/9782011264398_1_75.jpg","medium":"https:\/\/images.epagine.fr\/398\/9782011264398_1_m.jpg","thumbnail":"https:\/\/images.epagine.fr\/398\/9782011264398_1_v.jpg"},"orderable":true,"show_badge":true,"formatted_price":"9,50&nbsp;\u20ac","formatted_published_date":"1er ao\u00fbt 2016","publisher_availability_label":"Sur commande","short_details":"Impr. De J. Dupin \u2014 Hachette BNF","translator":null,"weight":43,"page_count":null,"readership":null,"editor":"Hachette BNF","price":950,"published_date":"2016-07-31T22:00:00.000000Z","support":"Grand format","publisher_availability":1,"stock":0,"editions":[],"url":"https:\/\/quaidesbrumes.com\/ouvrage\/9782011264398\/biographie-de-jean-paul-kauffman-publiee-par-les-redacteurs-de-laspic-au-benefice-de-sa-veuve"},{"id":"9782011265357","title":"Formulaire medical a l'usage des dispensaires du bureau de bienfaisance de toulouse","description":"Formulaire m\u00e9dical \u00e0 l'usage des dispensaires du Bureau de Bienfaisance de Toulouse Date de l'\u00e9dition originale : 1859 Appartient \u00e0 l'ensemble documentaire : MidiPyren1 Ce livre est la reproduction fid\u00e8le d'une oeuvre publi\u00e9e avant 1920 et fait partie d'une collection de livres r\u00e9imprim\u00e9s \u00e0 la demande \u00e9dit\u00e9e par Hachette Livre, dans le cadre d'un partenariat avec la Biblioth\u00e8que nationale de France, offrant l'opportunit\u00e9 d'acc\u00e9der \u00e0 des ouvrages anciens et souvent rares issus des fonds patrimoniaux de la BnF.\r\nLes oeuvres faisant partie de cette collection ont \u00e9t\u00e9 num\u00e9ris\u00e9es par la BnF et sont pr\u00e9sentes sur Gallica, sa biblioth\u00e8que num\u00e9rique.\r\n\r\nEn entreprenant de redonner vie \u00e0 ces ouvrages au travers d'une collection de livres r\u00e9imprim\u00e9s \u00e0 la demande, nous leur donnons la possibilit\u00e9 de rencontrer un public \u00e9largi et participons \u00e0 la transmission de connaissances et de savoirs parfois difficilement accessibles.\r\nNous avons cherch\u00e9 \u00e0 concilier la reproduction fid\u00e8le d'un livre ancien \u00e0 partir de sa version num\u00e9ris\u00e9e avec le souci d'un confort de lecture optimal. Nous esp\u00e9rons que les ouvrages de cette nouvelle collection vous apporteront enti\u00e8re satisfaction.\r\n\r\nPour plus d'informations, rendez-vous sur www.hachettebnf.fr\r","authors":["\"\""],"category_codes":["1000000","1060000","1060200"],"visuals":{"large":"https:\/\/images.epagine.fr\/357\/9782011265357_1_75.jpg","medium":"https:\/\/images.epagine.fr\/357\/9782011265357_1_m.jpg","thumbnail":"https:\/\/images.epagine.fr\/357\/9782011265357_1_v.jpg"},"orderable":true,"show_badge":true,"formatted_price":"16,50&nbsp;\u20ac","formatted_published_date":"1er ao\u00fbt 2016","publisher_availability_label":"Sur commande","short_details":"\"\" \u2014 Hachette BNF","translator":null,"weight":183,"page_count":null,"readership":null,"editor":"Hachette BNF","price":1650,"published_date":"2016-07-31T22:00:00.000000Z","support":"Grand format","publisher_availability":1,"stock":0,"editions":[],"url":"https:\/\/quaidesbrumes.com\/ouvrage\/9782011265357\/formulaire-medical-a-lusage-des-dispensaires-du-bureau-de-bienfaisance-de-toulouse"},{"id":"9782011265654","title":"Notice sur m. de molieres, fondateur de l'hospice de la charite a tarascon","description":"Notice sur M. de Moli\u00e8res, fondateur de l'hospice de la Charit\u00e9 \u00e0 Tarascon, et compte rendu de la c\u00e9r\u00e9monie d'inauguration de la statue qui lui a \u00e9t\u00e9 \u00e9rig\u00e9e le 21 mai 1861 Date de l'\u00e9dition originale : 1861 Sujet de l'ouvrage : Moli\u00e8res, de Appartient \u00e0 l'ensemble documentaire : PACA1 Ce livre est la reproduction fid\u00e8le d'une oeuvre publi\u00e9e avant 1920 et fait partie d'une collection de livres r\u00e9imprim\u00e9s \u00e0 la demande \u00e9dit\u00e9e par Hachette Livre, dans le cadre d'un partenariat avec la Biblioth\u00e8que nationale de France, offrant l'opportunit\u00e9 d'acc\u00e9der \u00e0 des ouvrages anciens et souvent rares issus des fonds patrimoniaux de la BnF.\r\nLes oeuvres faisant partie de cette collection ont \u00e9t\u00e9 num\u00e9ris\u00e9es par la BnF et sont pr\u00e9sentes sur Gallica, sa biblioth\u00e8que num\u00e9rique.\r\n\r\nEn entreprenant de redonner vie \u00e0 ces ouvrages au travers d'une collection de livres r\u00e9imprim\u00e9s \u00e0 la demande, nous leur donnons la possibilit\u00e9 de rencontrer un public \u00e9largi et participons \u00e0 la transmission de connaissances et de savoirs parfois difficilement accessibles.\r\nNous avons cherch\u00e9 \u00e0 concilier la reproduction fid\u00e8le d'un livre ancien \u00e0 partir de sa version num\u00e9ris\u00e9e avec le souci d'un confort de lecture optimal. Nous esp\u00e9rons que les ouvrages de cette nouvelle collection vous apporteront enti\u00e8re satisfaction.\r\n\r\nPour plus d'informations, rendez-vous sur www.hachettebnf.fr\r","authors":["Impr. De Aubanel Fre"],"category_codes":["1000000","1060000","1060200"],"visuals":{"large":"https:\/\/images.epagine.fr\/654\/9782011265654_1_75.jpg","medium":"https:\/\/images.epagine.fr\/654\/9782011265654_1_m.jpg","thumbnail":"https:\/\/images.epagine.fr\/654\/9782011265654_1_v.jpg"},"orderable":true,"show_badge":true,"formatted_price":"9,50&nbsp;\u20ac","formatted_published_date":"1er ao\u00fbt 2016","publisher_availability_label":"Sur commande","short_details":"Impr. De Aubanel Fre \u2014 Hachette BNF","translator":null,"weight":54,"page_count":null,"readership":null,"editor":"Hachette BNF","price":950,"published_date":"2016-07-31T22:00:00.000000Z","support":"Grand format","publisher_availability":1,"stock":0,"editions":[],"url":"https:\/\/quaidesbrumes.com\/ouvrage\/9782011265654\/notice-sur-m-de-molieres-fondateur-de-lhospice-de-la-charite-a-tarascon"},{"id":"9782011265661","title":"Notice sur la vie chretienne et sur les derniers moments de pierre mommeja, mort dans sa 19e annee","description":"Notice sur la vie chr\u00e9tienne et sur les derniers moments de Pierre Momm\u00e9ja, mort dans sa 19e ann\u00e9e Date de l'\u00e9dition originale : 1839 Sujet de l'ouvrage : Momm\u00e9ja Appartient \u00e0 l'ensemble documentaire : MidiPyren1 Ce livre est la reproduction fid\u00e8le d'une oeuvre publi\u00e9e avant 1920 et fait partie d'une collection de livres r\u00e9imprim\u00e9s \u00e0 la demande \u00e9dit\u00e9e par Hachette Livre, dans le cadre d'un partenariat avec la Biblioth\u00e8que nationale de France, offrant l'opportunit\u00e9 d'acc\u00e9der \u00e0 des ouvrages anciens et souvent rares issus des fonds patrimoniaux de la BnF.\r\nLes oeuvres faisant partie de cette collection ont \u00e9t\u00e9 num\u00e9ris\u00e9es par la BnF et sont pr\u00e9sentes sur Gallica, sa biblioth\u00e8que num\u00e9rique.\r\n\r\nEn entreprenant de redonner vie \u00e0 ces ouvrages au travers d'une collection de livres r\u00e9imprim\u00e9s \u00e0 la demande, nous leur donnons la possibilit\u00e9 de rencontrer un public \u00e9largi et participons \u00e0 la transmission de connaissances et de savoirs parfois difficilement accessibles.\r\nNous avons cherch\u00e9 \u00e0 concilier la reproduction fid\u00e8le d'un livre ancien \u00e0 partir de sa version num\u00e9ris\u00e9e avec le souci d'un confort de lecture optimal. Nous esp\u00e9rons que les ouvrages de cette nouvelle collection vous apporteront enti\u00e8re satisfaction.\r\n\r\nPour plus d'informations, rendez-vous sur www.hachettebnf.fr\r","authors":["Cadaux"],"category_codes":["1000000","1060000","1060200"],"visuals":{"large":"https:\/\/images.epagine.fr\/661\/9782011265661_1_75.jpg","medium":"https:\/\/images.epagine.fr\/661\/9782011265661_1_m.jpg","thumbnail":"https:\/\/images.epagine.fr\/661\/9782011265661_1_v.jpg"},"orderable":true,"show_badge":true,"formatted_price":"9,50&nbsp;\u20ac","formatted_published_date":"1er ao\u00fbt 2016","publisher_availability_label":"Sur commande","short_details":"Cadaux \u2014 Hachette BNF","translator":null,"weight":75,"page_count":null,"readership":null,"editor":"Hachette BNF","price":950,"published_date":"2016-07-31T22:00:00.000000Z","support":"Grand format","publisher_availability":1,"stock":0,"editions":[],"url":"https:\/\/quaidesbrumes.com\/ouvrage\/9782011265661\/notice-sur-la-vie-chretienne-et-sur-les-derniers-moments-de-pierre-mommeja-mort-dans-sa-19e-annee"},{"id":"9782011265678","title":"Notice sur pierre mommeja","description":"Notice sur Pierre Momm\u00e9ja,... Par M. le pasteur *** Date de l'\u00e9dition originale : 1846 Sujet de l'ouvrage : Momm\u00e9ja Appartient \u00e0 l'ensemble documentaire : MidiPyren1 Ce livre est la reproduction fid\u00e8le d'une oeuvre publi\u00e9e avant 1920 et fait partie d'une collection de livres r\u00e9imprim\u00e9s \u00e0 la demande \u00e9dit\u00e9e par Hachette Livre, dans le cadre d'un partenariat avec la Biblioth\u00e8que nationale de France, offrant l'opportunit\u00e9 d'acc\u00e9der \u00e0 des ouvrages anciens et souvent rares issus des fonds patrimoniaux de la BnF.\r\nLes oeuvres faisant partie de cette collection ont \u00e9t\u00e9 num\u00e9ris\u00e9es par la BnF et sont pr\u00e9sentes sur Gallica, sa biblioth\u00e8que num\u00e9rique.\r\n\r\nEn entreprenant de redonner vie \u00e0 ces ouvrages au travers d'une collection de livres r\u00e9imprim\u00e9s \u00e0 la demande, nous leur donnons la possibilit\u00e9 de rencontrer un public \u00e9largi et participons \u00e0 la transmission de connaissances et de savoirs parfois difficilement accessibles.\r\nNous avons cherch\u00e9 \u00e0 concilier la reproduction fid\u00e8le d'un livre ancien \u00e0 partir de sa version num\u00e9ris\u00e9e avec le souci d'un confort de lecture optimal. Nous esp\u00e9rons que les ouvrages de cette nouvelle collection vous apporteront enti\u00e8re satisfaction.\r\n\r\nPour plus d'informations, rendez-vous sur www.hachettebnf.fr\r","authors":["Pasteur"],"category_codes":["1000000","1060000","1060200"],"visuals":{"large":"https:\/\/images.epagine.fr\/678\/9782011265678_1_75.jpg","medium":"https:\/\/images.epagine.fr\/678\/9782011265678_1_m.jpg","thumbnail":"https:\/\/images.epagine.fr\/678\/9782011265678_1_v.jpg"},"orderable":true,"show_badge":true,"formatted_price":"9,50&nbsp;\u20ac","formatted_published_date":"1er ao\u00fbt 2016","publisher_availability_label":"Sur commande","short_details":"Pasteur \u2014 Hachette BNF","translator":null,"weight":67,"page_count":null,"readership":null,"editor":"Hachette BNF","price":950,"published_date":"2016-07-31T22:00:00.000000Z","support":"Grand format","publisher_availability":1,"stock":0,"editions":[],"url":"https:\/\/quaidesbrumes.com\/ouvrage\/9782011265678\/notice-sur-pierre-mommeja"},{"id":"9782824608471","title":"Personne ne te croira","description":"L'histoire de Mary commence de fa\u00e7on ordinaire et heureuse. Jusqu'\u00e0 ce qu'un cancer emporte son p\u00e8re et que sa m\u00e8re se remarie. Au d\u00e9but, son beau-p\u00e8re est gentil et lui apporte son soutien dans les moments difficiles.\r\n\r\nMais progressivement, Mary subit des attouchements et, \u00e0 l'\u00e2ge de douze ans, elle est viol\u00e9e. \u00ab Si tu parles, personne ne te croira \u00bb, lui r\u00e9p\u00e8te sans arr\u00eat son beau-p\u00e8re. Et en effet, personne ne peut admettre cette histoire horrible, m\u00eame pas sa m\u00e8re, qui a sombr\u00e9 dans l'alcoolisme.\r\n\r\nPire encore : Mary aura cinq enfants issus de ces viols. Le cauchemar va durer plus de vingt ans. Et lorsqu'elle parvient enfin \u00e0 raconter son histoire, les services sociaux ne lui offrent aucune protection. Le chemin de la d\u00e9livrance sera long et difficile...\r\n \r\n\r\nL'histoire vraie d'une petite fille abus\u00e9e par ceux qui auraient d\u00fb la prot\u00e9ger...\r","authors":["Michael Manning"],"category_codes":["1000000","1060000","1060200"],"visuals":{"large":"https:\/\/images.epagine.fr\/471\/9782824608471_1_75.jpg","medium":"https:\/\/images.epagine.fr\/471\/9782824608471_1_m.jpg","thumbnail":"https:\/\/images.epagine.fr\/471\/9782824608471_1_v.jpg"},"orderable":true,"show_badge":true,"formatted_price":"17,90&nbsp;\u20ac","formatted_published_date":"9 novembre 2016","publisher_availability_label":"Sur commande","short_details":"Michael Manning \u2014 City \u00c9ditions","translator":null,"weight":378,"page_count":272,"readership":null,"editor":"City \u00c9ditions","price":1790,"published_date":"2016-11-08T23:00:00.000000Z","support":"Grand format","publisher_availability":1,"stock":0,"editions":[],"url":"https:\/\/quaidesbrumes.com\/ouvrage\/9782824608471\/personne-ne-te-croira"},{"id":"9782011265814","title":"Oraison funebre de mgr paul naudo, archeveque d'avignon, prononcee le 7 juin 1848, dans la metropole","description":"Oraison fun\u00e8bre de Mgr Paul Naudo, archev\u00eaque d'Avignon, prononc\u00e9e le 7 juin 1848, dans la m\u00e9tropole...\r\nDate de l'\u00e9dition originale : 1848 Sujet de l'ouvrage : Naudo Appartient \u00e0 l'ensemble documentaire : PACA1 Ce livre est la reproduction fid\u00e8le d'une oeuvre publi\u00e9e avant 1920 et fait partie d'une collection de livres r\u00e9imprim\u00e9s \u00e0 la demande \u00e9dit\u00e9e par Hachette Livre, dans le cadre d'un partenariat avec la Biblioth\u00e8que nationale de France, offrant l'opportunit\u00e9 d'acc\u00e9der \u00e0 des ouvrages anciens et souvent rares issus des fonds patrimoniaux de la BnF.\r\nLes oeuvres faisant partie de cette collection ont \u00e9t\u00e9 num\u00e9ris\u00e9es par la BnF et sont pr\u00e9sentes sur Gallica, sa biblioth\u00e8que num\u00e9rique.\r\n\r\nEn entreprenant de redonner vie \u00e0 ces ouvrages au travers d'une collection de livres r\u00e9imprim\u00e9s \u00e0 la demande, nous leur donnons la possibilit\u00e9 de rencontrer un public \u00e9largi et participons \u00e0 la transmission de connaissances et de savoirs parfois difficilement accessibles.\r\nNous avons cherch\u00e9 \u00e0 concilier la reproduction fid\u00e8le d'un livre ancien \u00e0 partir de sa version num\u00e9ris\u00e9e avec le souci d'un confort de lecture optimal. Nous esp\u00e9rons que les ouvrages de cette nouvelle collection vous apporteront enti\u00e8re satisfaction.\r\n\r\nPour plus d'informations, rendez-vous sur www.hachettebnf.fr\r","authors":["Seguin Aine"],"category_codes":["1000000","1060000","1060200"],"visuals":{"large":"https:\/\/images.epagine.fr\/814\/9782011265814_1_75.jpg","medium":"https:\/\/images.epagine.fr\/814\/9782011265814_1_m.jpg","thumbnail":"https:\/\/images.epagine.fr\/814\/9782011265814_1_v.jpg"},"orderable":true,"show_badge":true,"formatted_price":"9,50&nbsp;\u20ac","formatted_published_date":"1er ao\u00fbt 2016","publisher_availability_label":"Sur commande","short_details":"Seguin Aine \u2014 Hachette BNF","translator":null,"weight":75,"page_count":null,"readership":null,"editor":"Hachette BNF","price":950,"published_date":"2016-07-31T22:00:00.000000Z","support":"Grand format","publisher_availability":1,"stock":0,"editions":[],"url":"https:\/\/quaidesbrumes.com\/ouvrage\/9782011265814\/oraison-funebre-de-mgr-paul-naudo-archeveque-davignon-prononcee-le-7-juin-1848-dans-la-metropole"},{"id":"9782011265883","title":"Memoires d'un prisonnier a m. l'abbe b, aumonier de la prison centrale de lambessa","description":"M\u00e9moires d'un prisonnier... A M. l'abb\u00e9 B..., aum\u00f4nier de la prison centrale de Lambessa... (Sign\u00e9 : A. P.) Date de l'\u00e9dition originale : 1864 Sujet de l'ouvrage : P.\r\nAppartient \u00e0 l'ensemble documentaire : MidiPyren1 Ce livre est la reproduction fid\u00e8le d'une oeuvre publi\u00e9e avant 1920 et fait partie d'une collection de livres r\u00e9imprim\u00e9s \u00e0 la demande \u00e9dit\u00e9e par Hachette Livre, dans le cadre d'un partenariat avec la Biblioth\u00e8que nationale de France, offrant l'opportunit\u00e9 d'acc\u00e9der \u00e0 des ouvrages anciens et souvent rares issus des fonds patrimoniaux de la BnF.\r\nLes oeuvres faisant partie de cette collection ont \u00e9t\u00e9 num\u00e9ris\u00e9es par la BnF et sont pr\u00e9sentes sur Gallica, sa biblioth\u00e8que num\u00e9rique.\r\n\r\nEn entreprenant de redonner vie \u00e0 ces ouvrages au travers d'une collection de livres r\u00e9imprim\u00e9s \u00e0 la demande, nous leur donnons la possibilit\u00e9 de rencontrer un public \u00e9largi et participons \u00e0 la transmission de connaissances et de savoirs parfois difficilement accessibles.\r\nNous avons cherch\u00e9 \u00e0 concilier la reproduction fid\u00e8le d'un livre ancien \u00e0 partir de sa version num\u00e9ris\u00e9e avec le souci d'un confort de lecture optimal. Nous esp\u00e9rons que les ouvrages de cette nouvelle collection vous apporteront enti\u00e8re satisfaction.\r\n\r\nPour plus d'informations, rendez-vous sur www.hachettebnf.fr\r","authors":["\"\""],"category_codes":["1000000","1060000","1060200"],"visuals":{"large":"https:\/\/images.epagine.fr\/883\/9782011265883_1_75.jpg","medium":"https:\/\/images.epagine.fr\/883\/9782011265883_1_m.jpg","thumbnail":"https:\/\/images.epagine.fr\/883\/9782011265883_1_v.jpg"},"orderable":true,"show_badge":true,"formatted_price":"9,50&nbsp;\u20ac","formatted_published_date":"1er ao\u00fbt 2016","publisher_availability_label":"Sur commande","short_details":"\"\" \u2014 Hachette BNF","translator":null,"weight":56,"page_count":null,"readership":null,"editor":"Hachette BNF","price":950,"published_date":"2016-07-31T22:00:00.000000Z","support":"Grand format","publisher_availability":1,"stock":0,"editions":[],"url":"https:\/\/quaidesbrumes.com\/ouvrage\/9782011265883\/memoires-dun-prisonnier-a-m-labbe-b-aumonier-de-la-prison-centrale-de-lambessa"},{"id":"9782011265982","title":"Decouverte des restes d'anselme de mauny, eveque de laon de 1215 a 1238, et pair de france","description":"D\u00e9couverte des restes d'Anselme de Mauny, \u00e9v\u00eaque de Laon de 1215 \u00e0 1238, et pair de France, n\u00e9 \u00e0 Bercenay-le-Hayer (Aube), inhum\u00e9 dans le sanctuaire de l'\u00e9glise de l'abbaye de Vauluisant (Yonne). (Sign\u00e9 : F. Batteux.) Date de l'\u00e9dition originale : 1881 Sujet de l'ouvrage : Mauny, Anselme de Appartient \u00e0 l'ensemble documentaire : Picardi1Appartient \u00e0 l'ensemble documentaire : Bourgogn1 Ce livre est la reproduction fid\u00e8le d'une oeuvre publi\u00e9e avant 1920 et fait partie d'une collection de livres r\u00e9imprim\u00e9s \u00e0 la demande \u00e9dit\u00e9e par Hachette Livre, dans le cadre d'un partenariat avec la Biblioth\u00e8que nationale de France, offrant l'opportunit\u00e9 d'acc\u00e9der \u00e0 des ouvrages anciens et souvent rares issus des fonds patrimoniaux de la BnF.\r\nLes oeuvres faisant partie de cette collection ont \u00e9t\u00e9 num\u00e9ris\u00e9es par la BnF et sont pr\u00e9sentes sur Gallica, sa biblioth\u00e8que num\u00e9rique.\r\n\r\nEn entreprenant de redonner vie \u00e0 ces ouvrages au travers d'une collection de livres r\u00e9imprim\u00e9s \u00e0 la demande, nous leur donnons la possibilit\u00e9 de rencontrer un public \u00e9largi et participons \u00e0 la transmission de connaissances et de savoirs parfois difficilement accessibles.\r\nNous avons cherch\u00e9 \u00e0 concilier la reproduction fid\u00e8le d'un livre ancien \u00e0 partir de sa version num\u00e9ris\u00e9e avec le souci d'un confort de lecture optimal. Nous esp\u00e9rons que les ouvrages de cette nouvelle collection vous apporteront enti\u00e8re satisfaction.\r\n\r\nPour plus d'informations, rendez-vous sur www.hachettebnf.fr\r","authors":["Batteux F."],"category_codes":["1000000","1060000","1060200"],"visuals":{"large":"https:\/\/images.epagine.fr\/982\/9782011265982_1_75.jpg","medium":"https:\/\/images.epagine.fr\/982\/9782011265982_1_m.jpg","thumbnail":"https:\/\/images.epagine.fr\/982\/9782011265982_1_v.jpg"},"orderable":true,"show_badge":true,"formatted_price":"9,50&nbsp;\u20ac","formatted_published_date":"1er ao\u00fbt 2016","publisher_availability_label":"Sur commande","short_details":"Batteux F. \u2014 Hachette BNF","translator":null,"weight":59,"page_count":null,"readership":null,"editor":"Hachette BNF","price":950,"published_date":"2016-07-31T22:00:00.000000Z","support":"Grand format","publisher_availability":1,"stock":0,"editions":[],"url":"https:\/\/quaidesbrumes.com\/ouvrage\/9782011265982\/decouverte-des-restes-danselme-de-mauny-eveque-de-laon-de-1215-a-1238-et-pair-de-france"},{"id":"9782011266033","title":"Abrege de la vie de saint phebade","description":"Abr\u00e9g\u00e9 de la vie de saint Phebade,...\r\nDate de l'\u00e9dition originale : 1859 Sujet de l'ouvrage : Phebade, Saint Appartient \u00e0 l'ensemble documentaire : MidiPyren1 Ce livre est la reproduction fid\u00e8le d'une oeuvre publi\u00e9e avant 1920 et fait partie d'une collection de livres r\u00e9imprim\u00e9s \u00e0 la demande \u00e9dit\u00e9e par Hachette Livre, dans le cadre d'un partenariat avec la Biblioth\u00e8que nationale de France, offrant l'opportunit\u00e9 d'acc\u00e9der \u00e0 des ouvrages anciens et souvent rares issus des fonds patrimoniaux de la BnF.\r\nLes oeuvres faisant partie de cette collection ont \u00e9t\u00e9 num\u00e9ris\u00e9es par la BnF et sont pr\u00e9sentes sur Gallica, sa biblioth\u00e8que num\u00e9rique.\r\n\r\nEn entreprenant de redonner vie \u00e0 ces ouvrages au travers d'une collection de livres r\u00e9imprim\u00e9s \u00e0 la demande, nous leur donnons la possibilit\u00e9 de rencontrer un public \u00e9largi et participons \u00e0 la transmission de connaissances et de savoirs parfois difficilement accessibles.\r\nNous avons cherch\u00e9 \u00e0 concilier la reproduction fid\u00e8le d'un livre ancien \u00e0 partir de sa version num\u00e9ris\u00e9e avec le souci d'un confort de lecture optimal. Nous esp\u00e9rons que les ouvrages de cette nouvelle collection vous apporteront enti\u00e8re satisfaction.\r\n\r\nPour plus d'informations, rendez-vous sur www.hachettebnf.fr\r","authors":["Impr. De A. Chauvin"],"category_codes":["1000000","1060000","1060200"],"visuals":{"large":"https:\/\/images.epagine.fr\/033\/9782011266033_1_75.jpg","medium":"https:\/\/images.epagine.fr\/033\/9782011266033_1_m.jpg","thumbnail":"https:\/\/images.epagine.fr\/033\/9782011266033_1_v.jpg"},"orderable":true,"show_badge":true,"formatted_price":"9,50&nbsp;\u20ac","formatted_published_date":"1er ao\u00fbt 2016","publisher_availability_label":"Sur commande","short_details":"Impr. De A. Chauvin \u2014 Hachette BNF","translator":null,"weight":45,"page_count":null,"readership":null,"editor":"Hachette BNF","price":950,"published_date":"2016-07-31T22:00:00.000000Z","support":"Grand format","publisher_availability":1,"stock":0,"editions":[],"url":"https:\/\/quaidesbrumes.com\/ouvrage\/9782011266033\/abrege-de-la-vie-de-saint-phebade"},{"id":"9782011266057","title":"Memoires de captivite, ancien chef des partisans de cavalerie du general lapasset sous metz","description":"M\u00e9moires de captivit\u00e9 , par Fabien Bergasse,... ancien chef des partisans de cavalerie du g\u00e9n\u00e9ral Lapasset sous Metz...\r\nDate de l'\u00e9dition originale : 1897 Appartient \u00e0 l'ensemble documentaire : LangRous1 Ce livre est la reproduction fid\u00e8le d'une oeuvre publi\u00e9e avant 1920 et fait partie d'une collection de livres r\u00e9imprim\u00e9s \u00e0 la demande \u00e9dit\u00e9e par Hachette Livre, dans le cadre d'un partenariat avec la Biblioth\u00e8que nationale de France, offrant l'opportunit\u00e9 d'acc\u00e9der \u00e0 des ouvrages anciens et souvent rares issus des fonds patrimoniaux de la BnF.\r\nLes oeuvres faisant partie de cette collection ont \u00e9t\u00e9 num\u00e9ris\u00e9es par la BnF et sont pr\u00e9sentes sur Gallica, sa biblioth\u00e8que num\u00e9rique.\r\n\r\nEn entreprenant de redonner vie \u00e0 ces ouvrages au travers d'une collection de livres r\u00e9imprim\u00e9s \u00e0 la demande, nous leur donnons la possibilit\u00e9 de rencontrer un public \u00e9largi et participons \u00e0 la transmission de connaissances et de savoirs parfois difficilement accessibles.\r\nNous avons cherch\u00e9 \u00e0 concilier la reproduction fid\u00e8le d'un livre ancien \u00e0 partir de sa version num\u00e9ris\u00e9e avec le souci d'un confort de lecture optimal. Nous esp\u00e9rons que les ouvrages de cette nouvelle collection vous apporteront enti\u00e8re satisfaction.\r\n\r\nPour plus d'informations, rendez-vous sur www.hachettebnf.fr\r","authors":["Bergasse"],"category_codes":["1000000","1060000","1060200"],"visuals":{"large":"https:\/\/images.epagine.fr\/057\/9782011266057_1_75.jpg","medium":"https:\/\/images.epagine.fr\/057\/9782011266057_1_m.jpg","thumbnail":"https:\/\/images.epagine.fr\/057\/9782011266057_1_v.jpg"},"orderable":true,"show_badge":true,"formatted_price":"17,50&nbsp;\u20ac","formatted_published_date":"1er ao\u00fbt 2016","publisher_availability_label":"Sur commande","short_details":"Bergasse \u2014 Hachette BNF","translator":null,"weight":246,"page_count":null,"readership":null,"editor":"Hachette BNF","price":1750,"published_date":"2016-07-31T22:00:00.000000Z","support":"Grand format","publisher_availability":1,"stock":0,"editions":[],"url":"https:\/\/quaidesbrumes.com\/ouvrage\/9782011266057\/memoires-de-captivite-ancien-chef-des-partisans-de-cavalerie-du-general-lapasset-sous-metz"},{"id":"9782011266064","title":"Eloge de sainte theudosie, martyre, prononce dans l'eglise cathedrale d'amiens, le 13 octobre 1853","description":"\u00c9loge de sainte Theudosie, martyre, prononc\u00e9 dans l'\u00e9glise cath\u00e9drale d'Amiens, le 13 octobre 1853, par Mgr l'\u00e9v\u00eaque de Poitiers [L.-\u00c9. Pie] Date de l'\u00e9dition originale : 1853 Sujet de l'ouvrage : Theudosie, Sainte Appartient \u00e0 l'ensemble documentaire : PoitouCh1Appartient \u00e0 l'ensemble documentaire : Picardi1 Ce livre est la reproduction fid\u00e8le d'une oeuvre publi\u00e9e avant 1920 et fait partie d'une collection de livres r\u00e9imprim\u00e9s \u00e0 la demande \u00e9dit\u00e9e par Hachette Livre, dans le cadre d'un partenariat avec la Biblioth\u00e8que nationale de France, offrant l'opportunit\u00e9 d'acc\u00e9der \u00e0 des ouvrages anciens et souvent rares issus des fonds patrimoniaux de la BnF.\r\nLes oeuvres faisant partie de cette collection ont \u00e9t\u00e9 num\u00e9ris\u00e9es par la BnF et sont pr\u00e9sentes sur Gallica, sa biblioth\u00e8que num\u00e9rique.\r\n\r\nEn entreprenant de redonner vie \u00e0 ces ouvrages au travers d'une collection de livres r\u00e9imprim\u00e9s \u00e0 la demande, nous leur donnons la possibilit\u00e9 de rencontrer un public \u00e9largi et participons \u00e0 la transmission de connaissances et de savoirs parfois difficilement accessibles.\r\nNous avons cherch\u00e9 \u00e0 concilier la reproduction fid\u00e8le d'un livre ancien \u00e0 partir de sa version num\u00e9ris\u00e9e avec le souci d'un confort de lecture optimal. Nous esp\u00e9rons que les ouvrages de cette nouvelle collection vous apporteront enti\u00e8re satisfaction.\r\n\r\nPour plus d'informations, rendez-vous sur www.hachettebnf.fr\r","authors":["Pie Louis-Edouard"],"category_codes":["1000000","1060000","1060200"],"visuals":{"large":"https:\/\/images.epagine.fr\/064\/9782011266064_1_75.jpg","medium":"https:\/\/images.epagine.fr\/064\/9782011266064_1_m.jpg","thumbnail":"https:\/\/images.epagine.fr\/064\/9782011266064_1_v.jpg"},"orderable":true,"show_badge":true,"formatted_price":"9,50&nbsp;\u20ac","formatted_published_date":"1er ao\u00fbt 2016","publisher_availability_label":"Sur commande","short_details":"Pie Louis-Edouard \u2014 Hachette BNF","translator":null,"weight":56,"page_count":null,"readership":null,"editor":"Hachette BNF","price":950,"published_date":"2016-07-31T22:00:00.000000Z","support":"Grand format","publisher_availability":1,"stock":0,"editions":[],"url":"https:\/\/quaidesbrumes.com\/ouvrage\/9782011266064\/eloge-de-sainte-theudosie-martyre-prononce-dans-leglise-cathedrale-damiens-le-13-octobre-1853"},{"id":"9782011266118","title":"La medaille offerte au bailli de suffren par la compagnie hollandaise des indes-orientales","description":"Notice sur la m\u00e9daille offerte au bailli de Suffren par la compagnie hollandaise des Indes-Orientales . (Sign\u00e9 : Jules Baudeuf.) Date de l'\u00e9dition originale : 1853 Sujet de l'ouvrage : Suffren, de Appartient \u00e0 l'ensemble documentaire : Picardi1 Ce livre est la reproduction fid\u00e8le d'une oeuvre publi\u00e9e avant 1920 et fait partie d'une collection de livres r\u00e9imprim\u00e9s \u00e0 la demande \u00e9dit\u00e9e par Hachette Livre, dans le cadre d'un partenariat avec la Biblioth\u00e8que nationale de France, offrant l'opportunit\u00e9 d'acc\u00e9der \u00e0 des ouvrages anciens et souvent rares issus des fonds patrimoniaux de la BnF.\r\nLes oeuvres faisant partie de cette collection ont \u00e9t\u00e9 num\u00e9ris\u00e9es par la BnF et sont pr\u00e9sentes sur Gallica, sa biblioth\u00e8que num\u00e9rique.\r\n\r\nEn entreprenant de redonner vie \u00e0 ces ouvrages au travers d'une collection de livres r\u00e9imprim\u00e9s \u00e0 la demande, nous leur donnons la possibilit\u00e9 de rencontrer un public \u00e9largi et participons \u00e0 la transmission de connaissances et de savoirs parfois difficilement accessibles.\r\nNous avons cherch\u00e9 \u00e0 concilier la reproduction fid\u00e8le d'un livre ancien \u00e0 partir de sa version num\u00e9ris\u00e9e avec le souci d'un confort de lecture optimal. Nous esp\u00e9rons que les ouvrages de cette nouvelle collection vous apporteront enti\u00e8re satisfaction.\r\n\r\nPour plus d'informations, rendez-vous sur www.hachettebnf.fr\r","authors":["Baudeuf"],"category_codes":["1000000","1060000","1060200"],"visuals":{"large":"https:\/\/images.epagine.fr\/118\/9782011266118_1_75.jpg","medium":"https:\/\/images.epagine.fr\/118\/9782011266118_1_m.jpg","thumbnail":"https:\/\/images.epagine.fr\/118\/9782011266118_1_v.jpg"},"orderable":true,"show_badge":true,"formatted_price":"9,50&nbsp;\u20ac","formatted_published_date":"1er ao\u00fbt 2016","publisher_availability_label":"Sur commande","short_details":"Baudeuf \u2014 Hachette BNF","translator":null,"weight":45,"page_count":null,"readership":null,"editor":"Hachette BNF","price":950,"published_date":"2016-07-31T22:00:00.000000Z","support":"Grand format","publisher_availability":1,"stock":0,"editions":[],"url":"https:\/\/quaidesbrumes.com\/ouvrage\/9782011266118\/la-medaille-offerte-au-bailli-de-suffren-par-la-compagnie-hollandaise-des-indes-orientales"},{"id":"9782011266330","title":"Question d'etat","description":"Question d'\u00c9tat Date de l'\u00e9dition originale : 1790 Sujet de l'ouvrage : Sainte-Foi, Phil.-Aug. de Appartient \u00e0 l'ensemble documentaire : MidiPyren1 Ce livre est la reproduction fid\u00e8le d'une oeuvre publi\u00e9e avant 1920 et fait partie d'une collection de livres r\u00e9imprim\u00e9s \u00e0 la demande \u00e9dit\u00e9e par Hachette Livre, dans le cadre d'un partenariat avec la Biblioth\u00e8que nationale de France, offrant l'opportunit\u00e9 d'acc\u00e9der \u00e0 des ouvrages anciens et souvent rares issus des fonds patrimoniaux de la BnF.\r\nLes oeuvres faisant partie de cette collection ont \u00e9t\u00e9 num\u00e9ris\u00e9es par la BnF et sont pr\u00e9sentes sur Gallica, sa biblioth\u00e8que num\u00e9rique.\r\n\r\nEn entreprenant de redonner vie \u00e0 ces ouvrages au travers d'une collection de livres r\u00e9imprim\u00e9s \u00e0 la demande, nous leur donnons la possibilit\u00e9 de rencontrer un public \u00e9largi et participons \u00e0 la transmission de connaissances et de savoirs parfois difficilement accessibles.\r\nNous avons cherch\u00e9 \u00e0 concilier la reproduction fid\u00e8le d'un livre ancien \u00e0 partir de sa version num\u00e9ris\u00e9e avec le souci d'un confort de lecture optimal. Nous esp\u00e9rons que les ouvrages de cette nouvelle collection vous apporteront enti\u00e8re satisfaction.\r\n\r\nPour plus d'informations, rendez-vous sur www.hachettebnf.fr\r","authors":["Impr. De V. Teuliere"],"category_codes":["1000000","1060000","1060200"],"visuals":{"large":"https:\/\/images.epagine.fr\/330\/9782011266330_1_75.jpg","medium":"https:\/\/images.epagine.fr\/330\/9782011266330_1_m.jpg","thumbnail":"https:\/\/images.epagine.fr\/330\/9782011266330_1_v.jpg"},"orderable":true,"show_badge":true,"formatted_price":"11,00&nbsp;\u20ac","formatted_published_date":"1er ao\u00fbt 2016","publisher_availability_label":"Sur commande","short_details":"Impr. De V. Teuliere \u2014 Hachette BNF","translator":null,"weight":92,"page_count":null,"readership":null,"editor":"Hachette BNF","price":1100,"published_date":"2016-07-31T22:00:00.000000Z","support":"Grand format","publisher_availability":1,"stock":0,"editions":[],"url":"https:\/\/quaidesbrumes.com\/ouvrage\/9782011266330\/question-detat"}]}