{"data":[{"id":"9782016202234","title":"Notice bibliographique et litteraire sur quelques imprimeries particulieres des pays-bas","description":"Notice bibliographique et litt\u00e9raire sur quelques imprimeries particuli\u00e8res des Pays-Bas, par Aug. Voisin,... 2de \u00e9dition, revue et augment\u00e9e. Edition 2 Date de l'\u00e9dition originale : 1840 Ce livre est la reproduction fid\u00e8le d'une oeuvre publi\u00e9e avant 1920 et fait partie d'une collection de livres r\u00e9imprim\u00e9s \u00e0 la demande \u00e9dit\u00e9e par Hachette Livre, dans le cadre d'un partenariat avec la Biblioth\u00e8que nationale de France, offrant l'opportunit\u00e9 d'acc\u00e9der \u00e0 des ouvrages anciens et souvent rares issus des fonds patrimoniaux de la BnF.\r\nLes oeuvres faisant partie de cette collection ont \u00e9t\u00e9 num\u00e9ris\u00e9es par la BnF et sont pr\u00e9sentes sur Gallica, sa biblioth\u00e8que num\u00e9rique.\r\n\r\nEn entreprenant de redonner vie \u00e0 ces ouvrages au travers d'une collection de livres r\u00e9imprim\u00e9s \u00e0 la demande, nous leur donnons la possibilit\u00e9 de rencontrer un public \u00e9largi et participons \u00e0 la transmission de connaissances et de savoirs parfois difficilement accessibles.\r\nNous avons cherch\u00e9 \u00e0 concilier la reproduction fid\u00e8le d'un livre ancien \u00e0 partir de sa version num\u00e9ris\u00e9e avec le souci d'un confort de lecture optimal. Nous esp\u00e9rons que les ouvrages de cette nouvelle collection vous apporteront enti\u00e8re satisfaction.\r\n\r\nPour plus d'informations, rendez-vous sur www.hachettebnf.fr","authors":["Voisin Auguste"],"category_codes":["1000000","1060000","1060200"],"visuals":{"large":"https:\/\/images.epagine.fr\/234\/9782016202234_1_75.jpg","medium":"https:\/\/images.epagine.fr\/234\/9782016202234_1_m.jpg","thumbnail":"https:\/\/images.epagine.fr\/234\/9782016202234_1_v.jpg"},"orderable":true,"show_badge":true,"formatted_price":"11,00&nbsp;\u20ac","formatted_published_date":"1er avril 2016","publisher_availability_label":"Sur commande","short_details":"Voisin Auguste \u2014 Hachette BNF","translator":null,"weight":92,"page_count":null,"readership":null,"editor":"Hachette BNF","price":1100,"published_date":"2016-03-31T22:00:00.000000Z","support":"Grand format","publisher_availability":1,"stock":0,"editions":[],"url":"https:\/\/quaidesbrumes.com\/ouvrage\/9782016202234\/notice-bibliographique-et-litteraire-sur-quelques-imprimeries-particulieres-des-pays-bas"},{"id":"9791093196107","title":"Alma ; m\u00e9moires d'une C\u00e9venole","description":"Une grand-m\u00e8re \u00e9voque ses souvenirs avec sa petite-fille... Consign\u00e9e fid\u00e8lement, cette longue conversation devient un manuscrit bouleversant de r\u00e9alisme. De 1922 \u00e0 nos jours, d'un village c\u00e9venol \u00e0 la cit\u00e9 gardoise de N\u00eemes, ce livre retrace un voyage \u00e0 travers la vie d'une femme aimante et courageuse, mais aborde sans concession la rudesse du monde ouvrier sur plus de 50 ans. Alma t\u00e9moigne avec spontan\u00e9it\u00e9 de la fillette pauvre au coeur plein d'esp\u00e9rance, de l'adolescente fileuse de soie, de l'\u00e9pouse et m\u00e8re de famille confront\u00e9e \u00e0 la guerre et \u00e0 la maladie. Entre \u00e9v\u00e9nements dramatiques et anecdotes tendres ou cocasses, Alma vous entra\u00eene dans un tourbillon de larmes et de rires d'o\u00f9 vous ne sortirez pas indemnes...","authors":["Marielle Saltet-Boisson"],"category_codes":["1000000","1060000","1060100"],"visuals":{"large":"https:\/\/images.epagine.fr\/107\/9791093196107_1_75.jpg","medium":"https:\/\/images.epagine.fr\/107\/9791093196107_1_m.jpg","thumbnail":"https:\/\/images.epagine.fr\/107\/9791093196107_1_v.jpg"},"orderable":true,"show_badge":true,"formatted_price":"15,00&nbsp;\u20ac","formatted_published_date":"19 mai 2016","publisher_availability_label":"Sur commande","short_details":"Marielle Saltet-Boisson \u2014 Complices","translator":null,"weight":188,"page_count":132,"readership":null,"editor":"Complices","price":1500,"published_date":"2016-05-18T22:00:00.000000Z","support":"Grand format","publisher_availability":1,"stock":0,"editions":[],"url":"https:\/\/quaidesbrumes.com\/ouvrage\/9791093196107\/alma-memoires-dune-cevenole"},{"id":"9782013555258","title":"Rabelais, la renaissance et la reforme","description":"Rabelais, la Renaissance et la R\u00e9forme \/ par \u00c9mile Gebhart,...\r\nDate de l'\u00e9dition originale : 1877 Ce livre est la reproduction fid\u00e8le d'une oeuvre publi\u00e9e avant 1920 et fait partie d'une collection de livres r\u00e9imprim\u00e9s \u00e0 la demande \u00e9dit\u00e9e par Hachette Livre, dans le cadre d'un partenariat avec la Biblioth\u00e8que nationale de France, offrant l'opportunit\u00e9 d'acc\u00e9der \u00e0 des ouvrages anciens et souvent rares issus des fonds patrimoniaux de la BnF.\r\nLes oeuvres faisant partie de cette collection ont \u00e9t\u00e9 num\u00e9ris\u00e9es par la BnF et sont pr\u00e9sentes sur Gallica, sa biblioth\u00e8que num\u00e9rique.\r\n\r\nEn entreprenant de redonner vie \u00e0 ces ouvrages au travers d'une collection de livres r\u00e9imprim\u00e9s \u00e0 la demande, nous leur donnons la possibilit\u00e9 de rencontrer un public \u00e9largi et participons \u00e0 la transmission de connaissances et de savoirs parfois difficilement accessibles.\r\nNous avons cherch\u00e9 \u00e0 concilier la reproduction fid\u00e8le d'un livre ancien \u00e0 partir de sa version num\u00e9ris\u00e9e avec le souci d'un confort de lecture optimal. Nous esp\u00e9rons que les ouvrages de cette nouvelle collection vous apporteront enti\u00e8re satisfaction.\r\n\r\nPour plus d'informations, rendez-vous sur www.hachettebnf.fr","authors":["Emile Gebhart"],"category_codes":["1000000","1060000","1060200"],"visuals":{"large":"https:\/\/images.epagine.fr\/258\/9782013555258_1_75.jpg","medium":"https:\/\/images.epagine.fr\/258\/9782013555258_1_m.jpg","thumbnail":"https:\/\/images.epagine.fr\/258\/9782013555258_1_v.jpg"},"orderable":true,"show_badge":true,"formatted_price":"24,00&nbsp;\u20ac","formatted_published_date":"1er avril 2016","publisher_availability_label":"Sur commande","short_details":"Emile Gebhart \u2014 Hachette BNF","translator":null,"weight":468,"page_count":null,"readership":null,"editor":"Hachette BNF","price":2400,"published_date":"2016-03-31T22:00:00.000000Z","support":"Grand format","publisher_availability":1,"stock":0,"editions":[],"url":"https:\/\/quaidesbrumes.com\/ouvrage\/9782013555258\/rabelais-la-renaissance-et-la-reforme"},{"id":"9782013555784","title":"Memoire sur la question proposee par la societe de medecine de paris","description":"M\u00e9moire sur la question propos\u00e9e par la Soci\u00e9t\u00e9 de m\u00e9decine de Paris : peut-on mettre en doute l'existence des fi\u00e8vres essentielles ? par M. G\u00e9rard,...\r\nDate de l'\u00e9dition originale : 1823 Ce livre est la reproduction fid\u00e8le d'une oeuvre publi\u00e9e avant 1920 et fait partie d'une collection de livres r\u00e9imprim\u00e9s \u00e0 la demande \u00e9dit\u00e9e par Hachette Livre, dans le cadre d'un partenariat avec la Biblioth\u00e8que nationale de France, offrant l'opportunit\u00e9 d'acc\u00e9der \u00e0 des ouvrages anciens et souvent rares issus des fonds patrimoniaux de la BnF.\r\nLes oeuvres faisant partie de cette collection ont \u00e9t\u00e9 num\u00e9ris\u00e9es par la BnF et sont pr\u00e9sentes sur Gallica, sa biblioth\u00e8que num\u00e9rique.\r\n\r\nEn entreprenant de redonner vie \u00e0 ces ouvrages au travers d'une collection de livres r\u00e9imprim\u00e9s \u00e0 la demande, nous leur donnons la possibilit\u00e9 de rencontrer un public \u00e9largi et participons \u00e0 la transmission de connaissances et de savoirs parfois difficilement accessibles.\r\nNous avons cherch\u00e9 \u00e0 concilier la reproduction fid\u00e8le d'un livre ancien \u00e0 partir de sa version num\u00e9ris\u00e9e avec le souci d'un confort de lecture optimal. Nous esp\u00e9rons que les ouvrages de cette nouvelle collection vous apporteront enti\u00e8re satisfaction.\r\n\r\nPour plus d'informations, rendez-vous sur www.hachettebnf.fr","authors":["G\u00e9rard Alexander"],"category_codes":["1000000","1060000","1060200"],"visuals":{"large":"https:\/\/images.epagine.fr\/784\/9782013555784_1_75.jpg","medium":"https:\/\/images.epagine.fr\/784\/9782013555784_1_m.jpg","thumbnail":"https:\/\/images.epagine.fr\/784\/9782013555784_1_v.jpg"},"orderable":true,"show_badge":true,"formatted_price":"16,00&nbsp;\u20ac","formatted_published_date":"1er avril 2016","publisher_availability_label":"Sur commande","short_details":"G\u00e9rard Alexander \u2014 Hachette BNF","translator":null,"weight":170,"page_count":null,"readership":null,"editor":"Hachette BNF","price":1600,"published_date":"2016-03-31T22:00:00.000000Z","support":"Grand format","publisher_availability":1,"stock":0,"editions":[],"url":"https:\/\/quaidesbrumes.com\/ouvrage\/9782013555784\/memoire-sur-la-question-proposee-par-la-societe-de-medecine-de-paris"},{"id":"9782013555814","title":"These : la cession des creances en droit romain","description":"Facult\u00e9 de droit de Paris. Th\u00e8se pour le doctorat. De la Cession des cr\u00e9ances en droit romain (\"procuratio in rem suam\") et en droit fran\u00e7ais, par Paul-E.-A. G\u00e9rard,...\r\nDate de l'\u00e9dition originale : 1873 Ce livre est la reproduction fid\u00e8le d'une oeuvre publi\u00e9e avant 1920 et fait partie d'une collection de livres r\u00e9imprim\u00e9s \u00e0 la demande \u00e9dit\u00e9e par Hachette Livre, dans le cadre d'un partenariat avec la Biblioth\u00e8que nationale de France, offrant l'opportunit\u00e9 d'acc\u00e9der \u00e0 des ouvrages anciens et souvent rares issus des fonds patrimoniaux de la BnF.\r\nLes oeuvres faisant partie de cette collection ont \u00e9t\u00e9 num\u00e9ris\u00e9es par la BnF et sont pr\u00e9sentes sur Gallica, sa biblioth\u00e8que num\u00e9rique.\r\n\r\nEn entreprenant de redonner vie \u00e0 ces ouvrages au travers d'une collection de livres r\u00e9imprim\u00e9s \u00e0 la demande, nous leur donnons la possibilit\u00e9 de rencontrer un public \u00e9largi et participons \u00e0 la transmission de connaissances et de savoirs parfois difficilement accessibles.\r\nNous avons cherch\u00e9 \u00e0 concilier la reproduction fid\u00e8le d'un livre ancien \u00e0 partir de sa version num\u00e9ris\u00e9e avec le souci d'un confort de lecture optimal. Nous esp\u00e9rons que les ouvrages de cette nouvelle collection vous apporteront enti\u00e8re satisfaction.\r\n\r\nPour plus d'informations, rendez-vous sur www.hachettebnf.fr","authors":["Gerard Paul-E"],"category_codes":["1000000","1060000","1060200"],"visuals":{"large":"https:\/\/images.epagine.fr\/814\/9782013555814_1_75.jpg","medium":"https:\/\/images.epagine.fr\/814\/9782013555814_1_m.jpg","thumbnail":"https:\/\/images.epagine.fr\/814\/9782013555814_1_v.jpg"},"orderable":true,"show_badge":true,"formatted_price":"19,00&nbsp;\u20ac","formatted_published_date":"1er avril 2016","publisher_availability_label":"Sur commande","short_details":"Gerard Paul-E \u2014 Hachette BNF","translator":null,"weight":280,"page_count":null,"readership":null,"editor":"Hachette BNF","price":1900,"published_date":"2016-03-31T22:00:00.000000Z","support":"Grand format","publisher_availability":1,"stock":0,"editions":[],"url":"https:\/\/quaidesbrumes.com\/ouvrage\/9782013555814\/these-la-cession-des-creances-en-droit-romain"},{"id":"9782013555869","title":"These : l'action paulienne","description":"Facult\u00e9 de droit de Paris. Th\u00e8se pour le doctorat. De l'Action paulienne en droit romain et en droit fran\u00e7ais,... par Louis G\u00e9raud,...\r\nDate de l'\u00e9dition originale : 1873 Ce livre est la reproduction fid\u00e8le d'une oeuvre publi\u00e9e avant 1920 et fait partie d'une collection de livres r\u00e9imprim\u00e9s \u00e0 la demande \u00e9dit\u00e9e par Hachette Livre, dans le cadre d'un partenariat avec la Biblioth\u00e8que nationale de France, offrant l'opportunit\u00e9 d'acc\u00e9der \u00e0 des ouvrages anciens et souvent rares issus des fonds patrimoniaux de la BnF.\r\nLes oeuvres faisant partie de cette collection ont \u00e9t\u00e9 num\u00e9ris\u00e9es par la BnF et sont pr\u00e9sentes sur Gallica, sa biblioth\u00e8que num\u00e9rique.\r\n\r\nEn entreprenant de redonner vie \u00e0 ces ouvrages au travers d'une collection de livres r\u00e9imprim\u00e9s \u00e0 la demande, nous leur donnons la possibilit\u00e9 de rencontrer un public \u00e9largi et participons \u00e0 la transmission de connaissances et de savoirs parfois difficilement accessibles.\r\nNous avons cherch\u00e9 \u00e0 concilier la reproduction fid\u00e8le d'un livre ancien \u00e0 partir de sa version num\u00e9ris\u00e9e avec le souci d'un confort de lecture optimal. Nous esp\u00e9rons que les ouvrages de cette nouvelle collection vous apporteront enti\u00e8re satisfaction.\r\n\r\nPour plus d'informations, rendez-vous sur www.hachettebnf.fr","authors":["G\u00e9raud"],"category_codes":["1000000","1060000","1060200"],"visuals":{"large":"https:\/\/images.epagine.fr\/869\/9782013555869_1_75.jpg","medium":"https:\/\/images.epagine.fr\/869\/9782013555869_1_m.jpg","thumbnail":"https:\/\/images.epagine.fr\/869\/9782013555869_1_v.jpg"},"orderable":true,"show_badge":true,"formatted_price":"20,50&nbsp;\u20ac","formatted_published_date":"1er avril 2016","publisher_availability_label":"Sur commande","short_details":"G\u00e9raud \u2014 Hachette BNF","translator":null,"weight":349,"page_count":null,"readership":null,"editor":"Hachette BNF","price":2050,"published_date":"2016-03-31T22:00:00.000000Z","support":"Grand format","publisher_availability":1,"stock":0,"editions":[],"url":"https:\/\/quaidesbrumes.com\/ouvrage\/9782013555869\/these-laction-paulienne"},{"id":"9782013555944","title":"Martyrologe de la presse : 1789-1861","description":"Martyrologe de la presse : 1789-1861 \/ par A. Germain Date de l'\u00e9dition originale : 1861 Sujet de l'ouvrage : Libert\u00e9 de la presse -- France -- 1789-1815Libert\u00e9 de la presse -- France -- 19e si\u00e8cle Ce livre est la reproduction fid\u00e8le d'une oeuvre publi\u00e9e avant 1920 et fait partie d'une collection de livres r\u00e9imprim\u00e9s \u00e0 la demande \u00e9dit\u00e9e par Hachette Livre, dans le cadre d'un partenariat avec la Biblioth\u00e8que nationale de France, offrant l'opportunit\u00e9 d'acc\u00e9der \u00e0 des ouvrages anciens et souvent rares issus des fonds patrimoniaux de la BnF.\r\nLes oeuvres faisant partie de cette collection ont \u00e9t\u00e9 num\u00e9ris\u00e9es par la BnF et sont pr\u00e9sentes sur Gallica, sa biblioth\u00e8que num\u00e9rique.\r\n\r\nEn entreprenant de redonner vie \u00e0 ces ouvrages au travers d'une collection de livres r\u00e9imprim\u00e9s \u00e0 la demande, nous leur donnons la possibilit\u00e9 de rencontrer un public \u00e9largi et participons \u00e0 la transmission de connaissances et de savoirs parfois difficilement accessibles.\r\nNous avons cherch\u00e9 \u00e0 concilier la reproduction fid\u00e8le d'un livre ancien \u00e0 partir de sa version num\u00e9ris\u00e9e avec le souci d'un confort de lecture optimal. Nous esp\u00e9rons que les ouvrages de cette nouvelle collection vous apporteront enti\u00e8re satisfaction.\r\n\r\nPour plus d'informations, rendez-vous sur www.hachettebnf.fr","authors":["Germain A."],"category_codes":["1000000","1060000"],"visuals":{"large":"https:\/\/images.epagine.fr\/944\/9782013555944_1_75.jpg","medium":"https:\/\/images.epagine.fr\/944\/9782013555944_1_m.jpg","thumbnail":"https:\/\/images.epagine.fr\/944\/9782013555944_1_v.jpg"},"orderable":true,"show_badge":true,"formatted_price":"22,50&nbsp;\u20ac","formatted_published_date":"1er avril 2016","publisher_availability_label":"Sur commande","short_details":"Germain A. \u2014 Hachette BNF","translator":null,"weight":427,"page_count":null,"readership":null,"editor":"Hachette BNF","price":2250,"published_date":"2016-03-31T22:00:00.000000Z","support":"Grand format","publisher_availability":1,"stock":0,"editions":[],"url":"https:\/\/quaidesbrumes.com\/ouvrage\/9782013555944\/martyrologe-de-la-presse-1789-1861"},{"id":"9782715244061","title":"Les co\u00efncidences exag\u00e9r\u00e9es","description":"J'avais en ce temps-l\u00e0 de noirs \u00e9blouissements et courais les champs de mines avec une distraction de d\u00e9capit\u00e9. La r\u00e9alit\u00e9 m'\u00e9tait un embarras. Je ne supportais pas l'ironie des miroirs. La po\u00e9sie \u00e9tait l'autre nom de l'amour, celui qu'on tait, les yeux br\u00fbl\u00e9s. Paris en sang, ce soir - mais ce n'est pas du vendredi 13 novembre 2015 dont je voudrais parler. Qu'y puis-je, si pour moi co\u00efncident, \u00e0 plusieurs d\u00e9cennies d'intervalle, l'horreur des tueries frappant en nombre des femmes et des hommes, par centaines on peut craindre, jeunes pour la plupart, et la premi\u00e8re page \u00e9vocatoire du r\u00e9cit d'un jour de mon passage sur la plan\u00e8te Terre ? Ce jour qui aurait d\u00fb \u00eatre  pour moi l'ultime, mais ne l'ayant pas \u00e9t\u00e9, il ne cesse de me hanter, sans aplomb dans sa  folle effraction.\r\n\r\n     C'\u00e9tait un 17 septembre, \u00e0 Paris. Hubert Haddad avait  20 ans. Debout sur le rebord de sa fen\u00eatre, au 4e\u00e9tage d'un immeuble de la rue Pastourelle, compl\u00e8tement nu, il allait se jeter dans le vide. Un jeune homme est entr\u00e9 par hasard juste \u00e0 ce moment-l\u00e0, un ami. Il est all\u00e9 vers lui et, \u00e0 la mani\u00e8re d'un ange, il a su trouver des mots simples pour le calmer et le faire revenir de son geste qui lui aurait \u00e9t\u00e9 fatal.\r\n\r\n     C'est \u00e0 partir de ce jour-l\u00e0, o\u00f9 il croyait chercher la v\u00e9rit\u00e9 dans cet acte, qu'Hubert Haddad, en po\u00e8te et en peintre, dessine un autoportrait vibrant, \u00e9nigmatique, presque hallucin\u00e9. Des \u00e9chos d'un jour \u00e0 l'autre, d'un texte \u00e0 l'autre, d'une sc\u00e8ne d'enfance au pr\u00e9sent le plus br\u00fblant, comme celui de la nuit des attentats du 13 novembre 2015, quand il a couru \u00e0 l'h\u00f4pital, au chevet de son fr\u00e8re qui n'avait plus que quelques instants \u00e0 vivre, au moment m\u00eame o\u00f9, \u00e0 quelques m\u00e8tres de l\u00e0, toute une jeunesse a \u00e9t\u00e9 assassin\u00e9e.\r\n\r\n     Son r\u00e9cit est ainsi \u00e0 chaque fois aimant\u00e9 par d'\u00e9tranges co\u00efncidences qui font appara\u00eetre les \u00eatres essentiels de sa vie. Avec au coeur du livre, la perte de ses deux fr\u00e8res et la magie d'une g\u00e9n\u00e9ration, la sienne, pour qui la vie \u00e9tait avant tout une recherche de la po\u00e9sie, de la beaut\u00e9, de l'amour et de l'exc\u00e8s.","authors":["Hubert Haddad"],"category_codes":["1000000","1060000","1060100"],"visuals":{"large":"https:\/\/images.epagine.fr\/061\/9782715244061_1_75.jpg","medium":"https:\/\/images.epagine.fr\/061\/9782715244061_1_m.jpg","thumbnail":"https:\/\/images.epagine.fr\/061\/9782715244061_1_v.jpg"},"orderable":true,"show_badge":true,"formatted_price":"19,00&nbsp;\u20ac","formatted_published_date":"1er septembre 2016","publisher_availability_label":"Sur commande","short_details":"Hubert Haddad \u2014 Mercure de France","translator":null,"weight":338,"page_count":180,"readership":null,"editor":"Mercure de France","price":1900,"published_date":"2016-08-31T22:00:00.000000Z","support":"Grand format","publisher_availability":1,"stock":0,"editions":[],"url":"https:\/\/quaidesbrumes.com\/ouvrage\/9782715244061\/les-coincidences-exagerees"},{"id":"9782013556545","title":"These : de la petition d'heredite","description":"Facult\u00e9 de droit de Paris. Th\u00e8se pour le doctorat... par Prosper Gigot... [Droit romain : de la P\u00e9tition d'h\u00e9r\u00e9dit\u00e9. Droit fran\u00e7ais : de l'Hypoth\u00e8que l\u00e9gale de la femme mari\u00e9e sur les biens de son mari.] Date de l'\u00e9dition originale : 1854 Ce livre est la reproduction fid\u00e8le d'une oeuvre publi\u00e9e avant 1920 et fait partie d'une collection de livres r\u00e9imprim\u00e9s \u00e0 la demande \u00e9dit\u00e9e par Hachette Livre, dans le cadre d'un partenariat avec la Biblioth\u00e8que nationale de France, offrant l'opportunit\u00e9 d'acc\u00e9der \u00e0 des ouvrages anciens et souvent rares issus des fonds patrimoniaux de la BnF.\r\nLes oeuvres faisant partie de cette collection ont \u00e9t\u00e9 num\u00e9ris\u00e9es par la BnF et sont pr\u00e9sentes sur Gallica, sa biblioth\u00e8que num\u00e9rique.\r\n\r\nEn entreprenant de redonner vie \u00e0 ces ouvrages au travers d'une collection de livres r\u00e9imprim\u00e9s \u00e0 la demande, nous leur donnons la possibilit\u00e9 de rencontrer un public \u00e9largi et participons \u00e0 la transmission de connaissances et de savoirs parfois difficilement accessibles.\r\nNous avons cherch\u00e9 \u00e0 concilier la reproduction fid\u00e8le d'un livre ancien \u00e0 partir de sa version num\u00e9ris\u00e9e avec le souci d'un confort de lecture optimal. Nous esp\u00e9rons que les ouvrages de cette nouvelle collection vous apporteront enti\u00e8re satisfaction.\r\n\r\nPour plus d'informations, rendez-vous sur www.hachettebnf.fr","authors":["Gigot"],"category_codes":["1000000","1060000","1060200"],"visuals":{"large":"https:\/\/images.epagine.fr\/545\/9782013556545_1_75.jpg","medium":"https:\/\/images.epagine.fr\/545\/9782013556545_1_m.jpg","thumbnail":"https:\/\/images.epagine.fr\/545\/9782013556545_1_v.jpg"},"orderable":true,"show_badge":true,"formatted_price":"18,50&nbsp;\u20ac","formatted_published_date":"1er avril 2016","publisher_availability_label":"Sur commande","short_details":"Gigot \u2014 Hachette BNF","translator":null,"weight":273,"page_count":null,"readership":null,"editor":"Hachette BNF","price":1850,"published_date":"2016-03-31T22:00:00.000000Z","support":"Grand format","publisher_availability":1,"stock":0,"editions":[],"url":"https:\/\/quaidesbrumes.com\/ouvrage\/9782013556545\/these-de-la-petition-dheredite"},{"id":"3700246907305","title":"Jean Genet ; testament audiovisuel","description":"En 1981, Jean Genet d\u00e9cide d'effectuer une sorte de testament audiovisuel. L'\u00e9crivain accordera deux entrevues : l'une avec la participation du metteur en sc\u00e8ne, Antoine Bourseiller, et l'autre avec la participation du romancier, critique de th\u00e9\u00e2tre et acad\u00e9micien, Bertrand Poirot-Delpech. \u00c2g\u00e9 de 71 ans, Genet suit de tr\u00e8s pr\u00e8s la r\u00e9alisation de ces entrevues. Pour celle avec Poirot-Delpech, il exige qu'elle ne soit diffus\u00e9e qu'apr\u00e8s son d\u00e9c\u00e8s...","authors":["Antoine Bourseiller","Jean Genet","Bertrand Poirot-Delpech"],"category_codes":["1000000","1060000"],"visuals":{"large":"https:\/\/images.epagine.fr\/305\/3700246907305_1_75.jpg","medium":"https:\/\/images.epagine.fr\/305\/3700246907305_1_m.jpg","thumbnail":"https:\/\/images.epagine.fr\/305\/3700246907305_1_v.jpg"},"orderable":true,"show_badge":true,"formatted_price":"0,00&nbsp;\u20ac","formatted_published_date":"11 avril 2016","publisher_availability_label":"Sur commande","short_details":"Antoine Bourseiller, Jean Genet, Bertrand Poirot-Delpech \u2014 Epm Marketing","translator":null,"weight":60,"page_count":null,"readership":null,"editor":"Epm Marketing","price":0,"published_date":"2016-04-10T22:00:00.000000Z","support":"DVD","publisher_availability":1,"stock":0,"editions":[],"url":"https:\/\/quaidesbrumes.com\/ouvrage\/3700246907305\/jean-genet-testament-audiovisuel"},{"id":"9782847502756","title":"Bien-aim\u00e9 tonton Hyacinthe","description":null,"authors":["Alexis Wiehe"],"category_codes":["1000000","1060000","1060300"],"visuals":{"large":"https:\/\/quaidesbrumes.com\/img\/book-placeholder.png","medium":"https:\/\/quaidesbrumes.com\/img\/book-placeholder.png","thumbnail":"https:\/\/quaidesbrumes.com\/img\/book-placeholder.png"},"orderable":true,"show_badge":true,"formatted_price":"19,00&nbsp;\u20ac","formatted_published_date":"15 mai 2016","publisher_availability_label":"Sur commande","short_details":"Alexis Wiehe \u2014 Du Lau","translator":null,"weight":320,"page_count":null,"readership":null,"editor":"Du Lau","price":1900,"published_date":"2016-05-14T22:00:00.000000Z","support":"Grand format","publisher_availability":1,"stock":0,"editions":[],"url":"https:\/\/quaidesbrumes.com\/ouvrage\/9782847502756\/bien-aime-tonton-hyacinthe"},{"id":"9782013558594","title":"These : la subrogation a l'hypotheque legale de la femme mariee","description":"Universit\u00e9 imp\u00e9riale... Facult\u00e9 de droit de Douai. Du S\u00e9natus-consulte vell\u00e9ien en droit romain, et de la subrogation \u00e0 l'hypoth\u00e8que l\u00e9gale de la femme mari\u00e9e en droit fran\u00e7ais. Th\u00e8se pour le doctorat... par Edmond Gorisse,...\r\nDate de l'\u00e9dition originale : 1869 Ce livre est la reproduction fid\u00e8le d'une oeuvre publi\u00e9e avant 1920 et fait partie d'une collection de livres r\u00e9imprim\u00e9s \u00e0 la demande \u00e9dit\u00e9e par Hachette Livre, dans le cadre d'un partenariat avec la Biblioth\u00e8que nationale de France, offrant l'opportunit\u00e9 d'acc\u00e9der \u00e0 des ouvrages anciens et souvent rares issus des fonds patrimoniaux de la BnF.\r\nLes oeuvres faisant partie de cette collection ont \u00e9t\u00e9 num\u00e9ris\u00e9es par la BnF et sont pr\u00e9sentes sur Gallica, sa biblioth\u00e8que num\u00e9rique.\r\n\r\nEn entreprenant de redonner vie \u00e0 ces ouvrages au travers d'une collection de livres r\u00e9imprim\u00e9s \u00e0 la demande, nous leur donnons la possibilit\u00e9 de rencontrer un public \u00e9largi et participons \u00e0 la transmission de connaissances et de savoirs parfois difficilement accessibles.\r\nNous avons cherch\u00e9 \u00e0 concilier la reproduction fid\u00e8le d'un livre ancien \u00e0 partir de sa version num\u00e9ris\u00e9e avec le souci d'un confort de lecture optimal. Nous esp\u00e9rons que les ouvrages de cette nouvelle collection vous apporteront enti\u00e8re satisfaction.\r\n\r\nPour plus d'informations, rendez-vous sur www.hachettebnf.fr","authors":["Gorisse Edmond"],"category_codes":["1000000","1060000","1060200"],"visuals":{"large":"https:\/\/images.epagine.fr\/594\/9782013558594_1_75.jpg","medium":"https:\/\/images.epagine.fr\/594\/9782013558594_1_m.jpg","thumbnail":"https:\/\/images.epagine.fr\/594\/9782013558594_1_v.jpg"},"orderable":true,"show_badge":true,"formatted_price":"16,50&nbsp;\u20ac","formatted_published_date":"1er avril 2016","publisher_availability_label":"Sur commande","short_details":"Gorisse Edmond \u2014 Hachette BNF","translator":null,"weight":208,"page_count":null,"readership":null,"editor":"Hachette BNF","price":1650,"published_date":"2016-03-31T22:00:00.000000Z","support":"Grand format","publisher_availability":1,"stock":0,"editions":[],"url":"https:\/\/quaidesbrumes.com\/ouvrage\/9782013558594\/these-la-subrogation-a-lhypotheque-legale-de-la-femme-mariee"},{"id":"9782343088389","title":"Quand l'absence se fait saison","description":"L'auteur sugg\u00e8re que nous consid\u00e9rions l'absence comme une saison ; une saison \u00e0 la fois vivante et oubli\u00e9e, proche et lointaine, attendue et d\u00e9j\u00e0 regrett\u00e9e. L'absence c'est notre saison d'homme. C'est un v\u00e9ritable voyage qui attend le lecteur, une invitation \u00e0 se montrer attentif aux multiples m\u00e9tamorphoses de cette \u00e9trange saison. C'est \u00e9galement l'occasion de mettre en perspective diverses situations o\u00f9 l'absence, avec ou sans nous, se met en lumi\u00e8re et nous met implicitement en lumi\u00e8re.  Pour nous accompagner dans ce voyage, l'auteur nous propose un dialogue surprenant, inattendu et intemporel.","authors":["G\u00e9rard Lef\u00e8bvre"],"category_codes":["1000000","1060000"],"visuals":{"large":"https:\/\/images.epagine.fr\/389\/9782343088389_1_75.jpg","medium":"https:\/\/images.epagine.fr\/389\/9782343088389_1_m.jpg","thumbnail":"https:\/\/images.epagine.fr\/389\/9782343088389_1_v.jpg"},"orderable":true,"show_badge":true,"formatted_price":"16,00&nbsp;\u20ac","formatted_published_date":"12 avril 2016","publisher_availability_label":"Sur commande","short_details":"G\u00e9rard Lef\u00e8bvre \u2014 \u00c9ditions L'Harmattan","translator":null,"weight":220,"page_count":136,"readership":null,"editor":"\u00c9ditions L'Harmattan","price":1600,"published_date":"2016-04-11T22:00:00.000000Z","support":"Grand format","publisher_availability":1,"stock":0,"editions":[],"url":"https:\/\/quaidesbrumes.com\/ouvrage\/9782343088389\/quand-labsence-se-fait-saison"},{"id":"9782013559898","title":"Bibliographie paremiologique : etudes bibliographiques et litteraires sur les ouvrages,","description":"Bibliographie par\u00e9miologique : \u00e9tudes bibliographiques et litt\u00e9raires sur les ouvrages, fragmens d'ouvrages et opuscules sp\u00e9cialement consacr\u00e9s aux proverbes dans toutes les langues ; suivies d'un Appendice contenant un choix de curiosit\u00e9s par\u00e9miographiques \/ par M. G.-Duplessis Date de l'\u00e9dition originale : 1847 Sujet de l'ouvrage : Proverbes -- Bibliographie critique Ce livre est la reproduction fid\u00e8le d'une oeuvre publi\u00e9e avant 1920 et fait partie d'une collection de livres r\u00e9imprim\u00e9s \u00e0 la demande \u00e9dit\u00e9e par Hachette Livre, dans le cadre d'un partenariat avec la Biblioth\u00e8que nationale de France, offrant l'opportunit\u00e9 d'acc\u00e9der \u00e0 des ouvrages anciens et souvent rares issus des fonds patrimoniaux de la BnF.\r\nLes oeuvres faisant partie de cette collection ont \u00e9t\u00e9 num\u00e9ris\u00e9es par la BnF et sont pr\u00e9sentes sur Gallica, sa biblioth\u00e8que num\u00e9rique.\r\n\r\nEn entreprenant de redonner vie \u00e0 ces ouvrages au travers d'une collection de livres r\u00e9imprim\u00e9s \u00e0 la demande, nous leur donnons la possibilit\u00e9 de rencontrer un public \u00e9largi et participons \u00e0 la transmission de connaissances et de savoirs parfois difficilement accessibles.\r\nNous avons cherch\u00e9 \u00e0 concilier la reproduction fid\u00e8le d'un livre ancien \u00e0 partir de sa version num\u00e9ris\u00e9e avec le souci d'un confort de lecture optimal. Nous esp\u00e9rons que les ouvrages de cette nouvelle collection vous apporteront enti\u00e8re satisfaction.\r\n\r\nPour plus d'informations, rendez-vous sur www.hachettebnf.fr","authors":["Gratet-Duplessis P-A"],"category_codes":["1000000","1060000","1060200"],"visuals":{"large":"https:\/\/images.epagine.fr\/898\/9782013559898_1_75.jpg","medium":"https:\/\/images.epagine.fr\/898\/9782013559898_1_m.jpg","thumbnail":"https:\/\/images.epagine.fr\/898\/9782013559898_1_v.jpg"},"orderable":true,"show_badge":true,"formatted_price":"31,50&nbsp;\u20ac","formatted_published_date":"1er avril 2016","publisher_availability_label":"Sur commande","short_details":"Gratet-Duplessis P-A \u2014 Hachette BNF","translator":null,"weight":736,"page_count":null,"readership":null,"editor":"Hachette BNF","price":3150,"published_date":"2016-03-31T22:00:00.000000Z","support":"Grand format","publisher_availability":1,"stock":0,"editions":[],"url":"https:\/\/quaidesbrumes.com\/ouvrage\/9782013559898\/bibliographie-paremiologique-etudes-bibliographiques-et-litteraires-sur-les-ouvrages"},{"id":"9782013559928","title":"These : des societes cooperatives","description":"Universit\u00e9 de France. Acad\u00e9mie de Rennes. Facult\u00e9 de droit. Th\u00e8se pour le doctorat. Droit romain : du louage de travail. Droit fran\u00e7ais : des soci\u00e9t\u00e9s coop\u00e9ratives... Par M. C\u00e9sar Graux,...\r\nDate de l'\u00e9dition originale : 1869 Ce livre est la reproduction fid\u00e8le d'une oeuvre publi\u00e9e avant 1920 et fait partie d'une collection de livres r\u00e9imprim\u00e9s \u00e0 la demande \u00e9dit\u00e9e par Hachette Livre, dans le cadre d'un partenariat avec la Biblioth\u00e8que nationale de France, offrant l'opportunit\u00e9 d'acc\u00e9der \u00e0 des ouvrages anciens et souvent rares issus des fonds patrimoniaux de la BnF.\r\nLes oeuvres faisant partie de cette collection ont \u00e9t\u00e9 num\u00e9ris\u00e9es par la BnF et sont pr\u00e9sentes sur Gallica, sa biblioth\u00e8que num\u00e9rique.\r\n\r\nEn entreprenant de redonner vie \u00e0 ces ouvrages au travers d'une collection de livres r\u00e9imprim\u00e9s \u00e0 la demande, nous leur donnons la possibilit\u00e9 de rencontrer un public \u00e9largi et participons \u00e0 la transmission de connaissances et de savoirs parfois difficilement accessibles.\r\nNous avons cherch\u00e9 \u00e0 concilier la reproduction fid\u00e8le d'un livre ancien \u00e0 partir de sa version num\u00e9ris\u00e9e avec le souci d'un confort de lecture optimal. Nous esp\u00e9rons que les ouvrages de cette nouvelle collection vous apporteront enti\u00e8re satisfaction.\r\n\r\nPour plus d'informations, rendez-vous sur www.hachettebnf.fr","authors":["Graux"],"category_codes":["1000000","1060000","1060200"],"visuals":{"large":"https:\/\/images.epagine.fr\/928\/9782013559928_1_75.jpg","medium":"https:\/\/images.epagine.fr\/928\/9782013559928_1_m.jpg","thumbnail":"https:\/\/images.epagine.fr\/928\/9782013559928_1_v.jpg"},"orderable":true,"show_badge":true,"formatted_price":"23,00&nbsp;\u20ac","formatted_published_date":"1er avril 2016","publisher_availability_label":"Sur commande","short_details":"Graux \u2014 Hachette BNF","translator":null,"weight":433,"page_count":null,"readership":null,"editor":"Hachette BNF","price":2300,"published_date":"2016-03-31T22:00:00.000000Z","support":"Grand format","publisher_availability":1,"stock":0,"editions":[],"url":"https:\/\/quaidesbrumes.com\/ouvrage\/9782013559928\/these-des-societes-cooperatives"},{"id":"9782343092300","title":"L'autodidacte sur le toit : Itin\u00e9raire d'un journaliste originaire du Nord - 1916 - 1972","description":"Quels sont les d\u00e9terminants qui nous poussent vers telles ou telles \u00e9tudes, puis vers telle profession plut\u00f4t qu'une autre ? C'est \u00e0 ces questions que tentent de r\u00e9pondre Albert Deudon dans ses m\u00e9moires, lui qui, loin du m\u00e9tier que lui avait choisi son p\u00e8re, r\u00e9alisa son r\u00eave en devenant journaliste dans diff\u00e9rents quotidiens du Nord de la France. Dans ce livre, il revient sur la p\u00e9riode de l'occupation puis nous confie ses impressions de soldat dans la Ruhr avant de nous livrer quelque uns de ses premiers reportages.","authors":["Albert Deudon"],"category_codes":["1000000","1060000"],"visuals":{"large":"https:\/\/images.epagine.fr\/300\/9782343092300_1_75.jpg","medium":"https:\/\/images.epagine.fr\/300\/9782343092300_1_m.jpg","thumbnail":"https:\/\/images.epagine.fr\/300\/9782343092300_1_v.jpg"},"orderable":true,"show_badge":true,"formatted_price":"22,50&nbsp;\u20ac","formatted_published_date":"6 mai 2016","publisher_availability_label":"Sur commande","short_details":"Albert Deudon \u2014 \u00c9ditions L'Harmattan","translator":null,"weight":275,"page_count":226,"readership":null,"editor":"\u00c9ditions L'Harmattan","price":2250,"published_date":"2016-05-05T22:00:00.000000Z","support":"Grand format","publisher_availability":1,"stock":0,"editions":[],"url":"https:\/\/quaidesbrumes.com\/ouvrage\/9782343092300\/lautodidacte-sur-le-toit-itineraire-dun-journaliste-originaire-du-nord-1916-1972"},{"id":"9782343092478","title":"M\u00e9moires d'un haut fonctionnaire Prince de Boss\u00e9a","description":"Cette biographie est celle de Moustapha Kane, qui, malgr\u00e9 une enfance difficile, a eu un parcours scolaire exceptionnel. Il nous fait le r\u00e9cit d'une carri\u00e8re qui a travers\u00e9 l'histoire du S\u00e9n\u00e9gal de l'\u00e9poque coloniale aux ann\u00e9es d'ind\u00e9pendance. Au fil de ces longues ann\u00e9es, il a \u00e9t\u00e9 le t\u00e9moin privil\u00e9gi\u00e9 de certains \u00e9v\u00e8nements qui ont boulevers\u00e9 la vie du S\u00e9n\u00e9gal. Une carri\u00e8re toute vou\u00e9e au service du S\u00e9n\u00e9gal, qui lui a valu les plus hautes distinctions de l'Etat pour services rendus \u00e0 la nation.","authors":["Moustapha Kane"],"category_codes":["1000000","1060000"],"visuals":{"large":"https:\/\/images.epagine.fr\/478\/9782343092478_1_75.jpg","medium":"https:\/\/images.epagine.fr\/478\/9782343092478_1_m.jpg","thumbnail":"https:\/\/images.epagine.fr\/478\/9782343092478_1_v.jpg"},"orderable":true,"show_badge":true,"formatted_price":"20,50&nbsp;\u20ac","formatted_published_date":"6 mai 2016","publisher_availability_label":"Sur commande","short_details":"Moustapha Kane \u2014 \u00c9ditions L'Harmattan","translator":null,"weight":210,"page_count":162,"readership":null,"editor":"\u00c9ditions L'Harmattan","price":2050,"published_date":"2016-05-05T22:00:00.000000Z","support":"Grand format","publisher_availability":1,"stock":0,"editions":[],"url":"https:\/\/quaidesbrumes.com\/ouvrage\/9782343092478\/memoires-dun-haut-fonctionnaire-prince-de-bossea"},{"id":"9782812707711","title":"\u00e0 sept ans, j'aurais pu \u00eatre roi de France !","description":null,"authors":["Bernhard Gray"],"category_codes":["1000000","1060000","1060100"],"visuals":{"large":"https:\/\/quaidesbrumes.com\/img\/book-placeholder.png","medium":"https:\/\/quaidesbrumes.com\/img\/book-placeholder.png","thumbnail":"https:\/\/quaidesbrumes.com\/img\/book-placeholder.png"},"orderable":true,"show_badge":true,"formatted_price":"15,00&nbsp;\u20ac","formatted_published_date":"12 avril 2016","publisher_availability_label":"Sur commande","short_details":"Bernhard Gray \u2014 Presses Du Midi","translator":null,"weight":140,"page_count":null,"readership":null,"editor":"Presses Du Midi","price":1500,"published_date":"2016-04-11T22:00:00.000000Z","support":"Grand format","publisher_availability":1,"stock":0,"editions":[],"url":"https:\/\/quaidesbrumes.com\/ouvrage\/9782812707711\/a-sept-ans-jaurais-pu-etre-roi-de-france"},{"id":"9782955669808","title":"Le geolier lib\u00e9rateur ; de la souffrance \u00e0 la transcendance","description":"\u00c0 travers mon parcours avec le ge\u00f4lier lib\u00e9rateur, j'ai explor\u00e9 ma v\u00e9rit\u00e9.\r\nUn combat pour la libert\u00e9 de choix, de faire et de penser qui s'est transform\u00e9 en lib\u00e9ration d'identit\u00e9.\r\nJ'\u00e9tais en guerre de civilisation afin d'amener mon fils \u00e0 l'\u00e9galit\u00e9. En me d\u00e9lestant de mes souffrances, j'ai acc\u00e8s \u00e0 la transcendance.\r\nPasser de la haine \u00e0 l'amour, du rejet \u00e0 l'acceptation. Mon r\u00e9cit retra\u00e7ant les hauts et les bas, les difficult\u00e9s du quotidien avec l'autisme.\r\nCette culpabilit\u00e9 d'avoir vaccin\u00e9 mon fils a \u00e9t\u00e9 mon boulet pendant des ann\u00e9es.\r\nCe mal qui l'habitait, je l'ai refus\u00e9. Et pourtant cet autisme a chang\u00e9 ma vie, une sp\u00e9cificit\u00e9 \u00e0 accepter.\r\nL'amour a fait toute la diff\u00e9rence. Une exp\u00e9rience qui m'a chang\u00e9 compl\u00e8tement, au point de ne plus jamais \u00eatre, la personne que j'\u00e9tais hier.\r\nAmandine Coupez","authors":["Amandine Coupez"],"category_codes":["1000000","1060000","1060100"],"visuals":{"large":"https:\/\/quaidesbrumes.com\/img\/book-placeholder.png","medium":"https:\/\/quaidesbrumes.com\/img\/book-placeholder.png","thumbnail":"https:\/\/quaidesbrumes.com\/img\/book-placeholder.png"},"orderable":true,"show_badge":true,"formatted_price":"15,00&nbsp;\u20ac","formatted_published_date":"1er avril 2016","publisher_availability_label":"Sur commande","short_details":"Amandine Coupez \u2014 Amandine Coupez","translator":null,"weight":206,"page_count":null,"readership":null,"editor":"Amandine Coupez","price":1500,"published_date":"2016-03-31T22:00:00.000000Z","support":"Grand format","publisher_availability":1,"stock":0,"editions":[],"url":"https:\/\/quaidesbrumes.com\/ouvrage\/9782955669808\/le-geolier-liberateur-de-la-souffrance-a-la-transcendance"},{"id":"9782013072236","title":"Revue de laryngologie","description":"Revue de laryngologie, par le Dr E. Baltus,...\r\nDate de l'\u00e9dition originale : 1884\r\n\r\nLe pr\u00e9sent ouvrage s'inscrit dans une politique de conservation patrimoniale des ouvrages de la litt\u00e9rature Fran\u00e7aise mise en place avec la BNF.\r\nHACHETTE LIVRE et la BNF proposent ainsi un catalogue de titres indisponibles, la BNF ayant num\u00e9ris\u00e9 ces oeuvres et HACHETTE LIVRE les imprimant \u00e0 la demande.\r\nCertains de ces ouvrages refl\u00e8tent des courants de pens\u00e9e caract\u00e9ristiques de leur \u00e9poque, mais qui seraient aujourd'hui jug\u00e9s condamnables.\r\nIls n'en appartiennent pas moins \u00e0 l'histoire des id\u00e9es en France et sont susceptibles de pr\u00e9senter un int\u00e9r\u00eat scientifique ou historique.\r\nLe sens de notre d\u00e9marche \u00e9ditoriale consiste ainsi \u00e0 permettre l'acc\u00e8s \u00e0 ces oeuvres sans pour autant que nous en cautionnions en aucune fa\u00e7on le contenu.\r\n\r\nPour plus d'informations, rendez-vous sur www.hachettebnf.fr","authors":["Baltus Ernest"],"category_codes":["1000000","1060000","1060200"],"visuals":{"large":"https:\/\/images.epagine.fr\/236\/9782013072236_1_75.jpg","medium":"https:\/\/images.epagine.fr\/236\/9782013072236_1_m.jpg","thumbnail":"https:\/\/images.epagine.fr\/236\/9782013072236_1_v.jpg"},"orderable":true,"show_badge":true,"formatted_price":"9,50&nbsp;\u20ac","formatted_published_date":"1er mai 2017","publisher_availability_label":"Sur commande","short_details":"Baltus Ernest \u2014 Hachette BNF","translator":null,"weight":43,"page_count":18,"readership":null,"editor":"Hachette BNF","price":950,"published_date":"2017-04-30T22:00:00.000000Z","support":"Grand format","publisher_availability":1,"stock":0,"editions":[],"url":"https:\/\/quaidesbrumes.com\/ouvrage\/9782013072236\/revue-de-laryngologie"},{"id":"9782019725396","title":"Lettres d'un voyageur dans l'inde","description":"Lettres d'un voyageur dans l'Inde \/ par Ernest Haeckel,... ; traduit de l'allemand par le Dr Ch. Letourneau Date de l'\u00e9dition originale : 1883 Le pr\u00e9sent ouvrage s'inscrit dans une politique de conservation patrimoniale des ouvrages de la litt\u00e9rature Fran\u00e7aise mise en place avec la BNF.\r\nHACHETTE LIVRE et la BNF proposent ainsi un catalogue de titres indisponibles, la BNF ayant num\u00e9ris\u00e9 ces oeuvres et HACHETTE LIVRE les imprimant \u00e0 la demande.\r\nCertains de ces ouvrages refl\u00e8tent des courants de pens\u00e9e caract\u00e9ristiques de leur \u00e9poque, mais qui seraient aujourd'hui jug\u00e9s condamnables.\r\nIls n'en appartiennent pas moins \u00e0 l'histoire des id\u00e9es en France et sont susceptibles de pr\u00e9senter un int\u00e9r\u00eat scientifique ou historique.\r\nLe sens de notre d\u00e9marche \u00e9ditoriale consiste ainsi \u00e0 permettre l'acc\u00e8s \u00e0 ces oeuvres sans pour autant que nous en cautionnions en aucune fa\u00e7on le contenu.\r\n\r\nPour plus d'informations, rendez-vous sur www.hachettebnf.fr","authors":["Haeckel Ernst"],"category_codes":["1000000","1060000","1060200"],"visuals":{"large":"https:\/\/images.epagine.fr\/396\/9782019725396_1_75.jpg","medium":"https:\/\/images.epagine.fr\/396\/9782019725396_1_m.jpg","thumbnail":"https:\/\/images.epagine.fr\/396\/9782019725396_1_v.jpg"},"orderable":true,"show_badge":true,"formatted_price":"28,50&nbsp;\u20ac","formatted_published_date":"1er septembre 2017","publisher_availability_label":"Sur commande","short_details":"Haeckel Ernst \u2014 Hachette BNF","translator":null,"weight":622,"page_count":null,"readership":null,"editor":"Hachette BNF","price":2850,"published_date":"2017-08-31T22:00:00.000000Z","support":"Grand format","publisher_availability":1,"stock":0,"editions":[],"url":"https:\/\/quaidesbrumes.com\/ouvrage\/9782019725396\/lettres-dun-voyageur-dans-linde"},{"id":"9782312042879","title":"Ma saison en O.T. ; r\u00e9cit d'une exp\u00e9rience professionnelle en office de tourisme","description":"Viviane Gu\u00e9rard est journaliste. Pendant six mois, elle a emprunt\u00e9 une autre voie professionnelle: charg\u00e9e d'accueil \u00e0 l'office de tourisme de son petit village de montagne. Elle relate cette exp\u00e9rience dans un r\u00e9cit plein d'humour, m\u00ealant galeries de portraits, anecdotes et mises en situation.","authors":["Viviane Guerard"],"category_codes":["1000000","1060000","1060300"],"visuals":{"large":"https:\/\/images.epagine.fr\/879\/9782312042879_1_75.jpg","medium":"https:\/\/images.epagine.fr\/879\/9782312042879_1_m.jpg","thumbnail":"https:\/\/images.epagine.fr\/879\/9782312042879_1_v.jpg"},"orderable":true,"show_badge":true,"formatted_price":"14,00&nbsp;\u20ac","formatted_published_date":"8 avril 2016","publisher_availability_label":"Sur commande","short_details":"Viviane Guerard \u2014 Editions du Net","translator":null,"weight":133,"page_count":74,"readership":null,"editor":"Editions du Net","price":1400,"published_date":"2016-04-07T22:00:00.000000Z","support":"Grand format","publisher_availability":1,"stock":0,"editions":[],"url":"https:\/\/quaidesbrumes.com\/ouvrage\/9782312042879\/ma-saison-en-ot-recit-dune-experience-professionnelle-en-office-de-tourisme"},{"id":"9782334130134","title":"De nouveau six \u00e0 table !","description":"Automne 2011, Yann, notre deuxi\u00e8me enfant sur une fratrie de quatre, se plaint de douleurs aux jambes. Celui-ci est d\u00e9j\u00e0 grand pour son \u00e2ge puisqu'il commence \u00e0 mettre du 14 ans alors qu'il n'a pas 12 ans. Il est en pleine croissance, d'o\u00f9 la r\u00e9ponse logique de notre part : \u00ab Ce n'est rien mon fils, tu grandis ! \u00bb Seulement, les mois avancent et cela ne passe pas. Nous sommes en mars 2012 ; Yann a toujours mal. Il nous fait appeler \u00e0 l'\u00e9cole en pleurs. Il prend des bains en pleine nuit pour se soulager et perd six kilos, lui si gourmand.\r\nNon, il y a quelque chose d'anormal. Apr\u00e8s divers examens en ville, nous voil\u00e0 \u00e0 l'h\u00f4pital, pr\u00eats \u00e0 faire un \u00ab sitting \u00bb si besoin.\r\nNous serons fix\u00e9s dix jours plus tard...","authors":["Tiphaine Feug\u00e8re"],"category_codes":["1000000","1060000","1060300"],"visuals":{"large":"https:\/\/images.epagine.fr\/134\/9782334130134_1_75.jpg","medium":"https:\/\/images.epagine.fr\/134\/9782334130134_1_m.jpg","thumbnail":"https:\/\/images.epagine.fr\/134\/9782334130134_1_v.jpg"},"orderable":true,"show_badge":true,"formatted_price":"23,50&nbsp;\u20ac","formatted_published_date":"6 mai 2016","publisher_availability_label":"Sur commande","short_details":"Tiphaine Feug\u00e8re \u2014 Edilivre","translator":null,"weight":280,"page_count":212,"readership":null,"editor":"Edilivre","price":2350,"published_date":"2016-05-05T22:00:00.000000Z","support":"Grand format","publisher_availability":1,"stock":0,"editions":[],"url":"https:\/\/quaidesbrumes.com\/ouvrage\/9782334130134\/de-nouveau-six-a-table"},{"id":"9782013563475","title":"La presse periodique dans les deux mondes : origines du journal","description":"La presse p\u00e9riodique dans les deux mondes : essai historique et statistique sur les origines du journal et sur la naissance et les d\u00e9veloppements... \/ par Eug\u00e8ne Hatin Date de l'\u00e9dition originale : 1866 Sujet de l'ouvrage : P\u00e9riodiques -- Histoire Ce livre est la reproduction fid\u00e8le d'une oeuvre publi\u00e9e avant 1920 et fait partie d'une collection de livres r\u00e9imprim\u00e9s \u00e0 la demande \u00e9dit\u00e9e par Hachette Livre, dans le cadre d'un partenariat avec la Biblioth\u00e8que nationale de France, offrant l'opportunit\u00e9 d'acc\u00e9der \u00e0 des ouvrages anciens et souvent rares issus des fonds patrimoniaux de la BnF.\r\nLes oeuvres faisant partie de cette collection ont \u00e9t\u00e9 num\u00e9ris\u00e9es par la BnF et sont pr\u00e9sentes sur Gallica, sa biblioth\u00e8que num\u00e9rique.\r\n\r\nEn entreprenant de redonner vie \u00e0 ces ouvrages au travers d'une collection de livres r\u00e9imprim\u00e9s \u00e0 la demande, nous leur donnons la possibilit\u00e9 de rencontrer un public \u00e9largi et participons \u00e0 la transmission de connaissances et de savoirs parfois difficilement accessibles.\r\nNous avons cherch\u00e9 \u00e0 concilier la reproduction fid\u00e8le d'un livre ancien \u00e0 partir de sa version num\u00e9ris\u00e9e avec le souci d'un confort de lecture optimal. Nous esp\u00e9rons que les ouvrages de cette nouvelle collection vous apporteront enti\u00e8re satisfaction.\r\n\r\nPour plus d'informations, rendez-vous sur www.hachettebnf.fr","authors":["Hatin Eugene"],"category_codes":["1000000","1060000"],"visuals":{"large":"https:\/\/images.epagine.fr\/475\/9782013563475_1_75.jpg","medium":"https:\/\/images.epagine.fr\/475\/9782013563475_1_m.jpg","thumbnail":"https:\/\/images.epagine.fr\/475\/9782013563475_1_v.jpg"},"orderable":true,"show_badge":true,"formatted_price":"13,90&nbsp;\u20ac","formatted_published_date":"1er avril 2016","publisher_availability_label":"Sur commande","short_details":"Hatin Eugene \u2014 Hachette BNF","translator":null,"weight":132,"page_count":null,"readership":null,"editor":"Hachette BNF","price":1390,"published_date":"2016-03-31T22:00:00.000000Z","support":"Grand format","publisher_availability":1,"stock":0,"editions":[],"url":"https:\/\/quaidesbrumes.com\/ouvrage\/9782013563475\/la-presse-periodique-dans-les-deux-mondes-origines-du-journal"}]}