{"data":[{"id":"9782336303857","title":"Le temps d'une vie Tome 2 ; pilote de brousse","description":"\"Dans le tome 2 de ce roman autobiographique, Alain Schmitz quitte l'arm\u00e9e de l'air belge et l'Europe pour rejoindre l'Afrique o\u00f9 il est engag\u00e9 comme pilote au service d'une soci\u00e9t\u00e9 mini\u00e8re. Dans cette nouvelle vie, rude et aventureuse, soumise aux brutales variations m\u00e9t\u00e9o qui rendent dangereuse la navigation a\u00e9rienne, les rencontres humaines sont riches et vari\u00e9es. Elles constitueront pour lui un \u00e9clairage sur ce monde inconnu en proie \u00e0 de profonds changements.\"\r","authors":["Alain Schmitz"],"category_codes":["1000000","1060000","1060100"],"visuals":{"large":"https:\/\/images.epagine.fr\/857\/9782336303857_1_75.jpg","medium":"https:\/\/images.epagine.fr\/857\/9782336303857_1_m.jpg","thumbnail":"https:\/\/images.epagine.fr\/857\/9782336303857_1_v.jpg"},"orderable":true,"show_badge":true,"formatted_price":"21,00&nbsp;\u20ac","formatted_published_date":"15 f\u00e9vrier 2016","publisher_availability_label":"Sur commande","short_details":"Alain Schmitz \u2014 \u00c9ditions L'Harmattan","translator":null,"weight":245,"page_count":205,"readership":null,"editor":"\u00c9ditions L'Harmattan","price":2100,"published_date":"2016-02-14T23:00:00.000000Z","support":"Grand format","publisher_availability":1,"stock":0,"editions":[],"url":"https:\/\/quaidesbrumes.com\/ouvrage\/9782336303857\/le-temps-dune-vie-tome-2-pilote-de-brousse"},{"id":"9791043146947","title":"Alexandre Dumas \u00e0 la Maison d'or - Souvenirs de la vie litt\u00e9raire : Les souvenirs litt\u00e9raires de Philibert Audebrand offrent un portrait intime d'Alexandre Dumas lors de son s\u00e9jour \u00e0 la Maison d'Or et son influence sur le Paris de 1850.","description":"Philibert Audebrand partage ses souvenirs de la vie litt\u00e9raire parisienne, en se concentrant sur Alexandre Dumas et son exp\u00e9rience \u00e0 la Maison d'Or. L'ouvrage explore la transformation de Dumas en journaliste avec la cr\u00e9ation du journal 'Le Mousquetaire', son impact sur la sc\u00e8ne culturelle et les d\u00e9fis rencontr\u00e9s. Des anecdotes personnelles et des portraits d'autres figures litt\u00e9raires de l'\u00e9poque enrichissent ce r\u00e9cit.","authors":["Philibert Audebrand"],"category_codes":["1000000","1060000","1060100"],"visuals":{"large":"https:\/\/images.epagine.fr\/947\/9791043146947_1_75.jpg","medium":"https:\/\/images.epagine.fr\/947\/9791043146947_1_m.jpg","thumbnail":"https:\/\/images.epagine.fr\/947\/9791043146947_1_v.jpg"},"orderable":true,"show_badge":true,"formatted_price":"22,00&nbsp;\u20ac","formatted_published_date":"22 avril 2026","publisher_availability_label":"Sur commande","short_details":"Philibert Audebrand \u2014 Culturea","translator":null,"weight":254,"page_count":190,"readership":null,"editor":"Culturea","price":2200,"published_date":"2026-04-21T22:00:00.000000Z","support":"Grand format","publisher_availability":1,"stock":0,"editions":[],"url":"https:\/\/quaidesbrumes.com\/ouvrage\/9791043146947\/alexandre-dumas-a-la-maison-dor-souvenirs-de-la-vie-litteraire-les-souvenirs-litteraires-de-philibert-audebrand-offrent-un-portrait-intime-dalexandre-dumas-lors-de-son-sejour-a-la-maison-dor-et-son-influence-sur-le-paris-de-1850"},{"id":"9791043146985","title":"Alfred de Vigny : Une biographie litt\u00e9raire d'Alfred de Vigny par Eug\u00e8ne de Mirecourt, offrant un aper\u00e7u critique de la vie et de l'oeuvre du po\u00e8te romantique.","description":"Eug\u00e8ne de Mirecourt explore la vie et l'oeuvre d'Alfred de Vigny, po\u00e8te et \u00e9crivain romantique fran\u00e7ais. L'ouvrage aborde son parcours, ses influences, et son h\u00e9ritage litt\u00e9raire, tout en offrant une analyse critique de ses contributions \u00e0 la litt\u00e9rature fran\u00e7aise.","authors":["Eug\u00e8ne De Mirecourt"],"category_codes":["1000000","1060000","1060200"],"visuals":{"large":"https:\/\/images.epagine.fr\/985\/9791043146985_1_75.jpg","medium":"https:\/\/images.epagine.fr\/985\/9791043146985_1_m.jpg","thumbnail":"https:\/\/images.epagine.fr\/985\/9791043146985_1_v.jpg"},"orderable":true,"show_badge":true,"formatted_price":"19,90&nbsp;\u20ac","formatted_published_date":"15 avril 2026","publisher_availability_label":"Sur commande","short_details":"Eug\u00e8ne De Mirecourt \u2014 Culturea","translator":null,"weight":59,"page_count":34,"readership":null,"editor":"Culturea","price":1990,"published_date":"2026-04-14T22:00:00.000000Z","support":"Grand format","publisher_availability":1,"stock":0,"editions":[],"url":"https:\/\/quaidesbrumes.com\/ouvrage\/9791043146985\/alfred-de-vigny-une-biographie-litteraire-dalfred-de-vigny-par-eugene-de-mirecourt-offrant-un-apercu-critique-de-la-vie-et-de-loeuvre-du-poete-romantique"},{"id":"9782016114506","title":"These doctorat. origines de la communaute de biens entre epoux","description":"Facult\u00e9 de droit de Paris. Th\u00e8se pour le doctorat. Des Origines de la communaut\u00e9 de biens entre \u00e9poux ; du Passif de la communaut\u00e9 apr\u00e8s sa dissolution... par Louis Passy,...\r\nDate de l'\u00e9dition originale : 1857 Ce livre est la reproduction fid\u00e8le d'une oeuvre publi\u00e9e avant 1920 et fait partie d'une collection de livres r\u00e9imprim\u00e9s \u00e0 la demande \u00e9dit\u00e9e par Hachette Livre, dans le cadre d'un partenariat avec la Biblioth\u00e8que nationale de France, offrant l'opportunit\u00e9 d'acc\u00e9der \u00e0 des ouvrages anciens et souvent rares issus des fonds patrimoniaux de la BnF.\r\nLes oeuvres faisant partie de cette collection ont \u00e9t\u00e9 num\u00e9ris\u00e9es par la BnF et sont pr\u00e9sentes sur Gallica, sa biblioth\u00e8que num\u00e9rique.\r\n\r\nEn entreprenant de redonner vie \u00e0 ces ouvrages au travers d'une collection de livres r\u00e9imprim\u00e9s \u00e0 la demande, nous leur donnons la possibilit\u00e9 de rencontrer un public \u00e9largi et participons \u00e0 la transmission de connaissances et de savoirs parfois difficilement accessibles.\r\nNous avons cherch\u00e9 \u00e0 concilier la reproduction fid\u00e8le d'un livre ancien \u00e0 partir de sa version num\u00e9ris\u00e9e avec le souci d'un confort de lecture optimal. Nous esp\u00e9rons que les ouvrages de cette nouvelle collection vous apporteront enti\u00e8re satisfaction.\r\n\r\nPour plus d'informations, rendez-vous sur www.hachettebnf.fr\r","authors":["Passy Louis"],"category_codes":["1000000","1060000","1060200"],"visuals":{"large":"https:\/\/images.epagine.fr\/506\/9782016114506_1_75.jpg","medium":"https:\/\/images.epagine.fr\/506\/9782016114506_1_m.jpg","thumbnail":"https:\/\/images.epagine.fr\/506\/9782016114506_1_v.jpg"},"orderable":true,"show_badge":true,"formatted_price":"16,50&nbsp;\u20ac","formatted_published_date":"1er f\u00e9vrier 2016","publisher_availability_label":"Sur commande","short_details":"Passy Louis \u2014 Hachette BNF","translator":null,"weight":197,"page_count":null,"readership":null,"editor":"Hachette BNF","price":1650,"published_date":"2016-01-31T23:00:00.000000Z","support":"Grand format","publisher_availability":1,"stock":0,"editions":[],"url":"https:\/\/quaidesbrumes.com\/ouvrage\/9782016114506\/these-doctorat-origines-de-la-communaute-de-biens-entre-epoux"},{"id":"9782343086224","title":"Tabbara, la princesse de Bantoura","description":"\"Ce r\u00e9cit exemplaire de sacrifices et de g\u00e9n\u00e9rosit\u00e9 d\u00e9bordante narre l histoire de la princesse Tabbara, devenue reine ador\u00e9e de tous ses sujets. Agir, oser, et croire sont des vertus fondamentales et indispensables dans les moments difficiles que peut rencontrer un \u00eatre humain. Malgr\u00e9 les nombreuses difficult\u00e9s, Tabbara ne baissa point les bras et ses efforts finirent par payer. Ainsi, elle gouverna un royaume de r\u00e9f\u00e9rence, connu de tous \u00e0 son \u00e9poque.\"\r","authors":["Sack\u00e9 Kouyat\u00e9 Kaba Diakit\u00e9"],"category_codes":["1000000","1060000","1060200"],"visuals":{"large":"https:\/\/images.epagine.fr\/224\/9782343086224_1_75.jpg","medium":"https:\/\/images.epagine.fr\/224\/9782343086224_1_m.jpg","thumbnail":"https:\/\/images.epagine.fr\/224\/9782343086224_1_v.jpg"},"orderable":true,"show_badge":true,"formatted_price":"11,00&nbsp;\u20ac","formatted_published_date":"16 f\u00e9vrier 2016","publisher_availability_label":"Sur commande","short_details":"Sack\u00e9 Kouyat\u00e9 Kaba Diakit\u00e9 \u2014 \u00c9ditions L'Harmattan","translator":null,"weight":135,"page_count":104,"readership":null,"editor":"\u00c9ditions L'Harmattan","price":1100,"published_date":"2016-02-15T23:00:00.000000Z","support":"Grand format","publisher_availability":1,"stock":0,"editions":[],"url":"https:\/\/quaidesbrumes.com\/ouvrage\/9782343086224\/tabbara-la-princesse-de-bantoura"},{"id":"9782016115213","title":"Faculte de droit de paris. these pour le doctorat du transport des creances","description":"Facult\u00e9 de droit de Paris. Th\u00e8se pour le doctorat [Du Transport des cr\u00e9ances]... par F.-A. Pag\u00e8s Date de l'\u00e9dition originale : 1856 Ce livre est la reproduction fid\u00e8le d'une oeuvre publi\u00e9e avant 1920 et fait partie d'une collection de livres r\u00e9imprim\u00e9s \u00e0 la demande \u00e9dit\u00e9e par Hachette Livre, dans le cadre d'un partenariat avec la Biblioth\u00e8que nationale de France, offrant l'opportunit\u00e9 d'acc\u00e9der \u00e0 des ouvrages anciens et souvent rares issus des fonds patrimoniaux de la BnF.\r\nLes oeuvres faisant partie de cette collection ont \u00e9t\u00e9 num\u00e9ris\u00e9es par la BnF et sont pr\u00e9sentes sur Gallica, sa biblioth\u00e8que num\u00e9rique.\r\n\r\nEn entreprenant de redonner vie \u00e0 ces ouvrages au travers d'une collection de livres r\u00e9imprim\u00e9s \u00e0 la demande, nous leur donnons la possibilit\u00e9 de rencontrer un public \u00e9largi et participons \u00e0 la transmission de connaissances et de savoirs parfois difficilement accessibles.\r\nNous avons cherch\u00e9 \u00e0 concilier la reproduction fid\u00e8le d'un livre ancien \u00e0 partir de sa version num\u00e9ris\u00e9e avec le souci d'un confort de lecture optimal. Nous esp\u00e9rons que les ouvrages de cette nouvelle collection vous apporteront enti\u00e8re satisfaction.\r\n\r\nPour plus d'informations, rendez-vous sur www.hachettebnf.fr\r","authors":["Pages F"],"category_codes":["1000000","1060000","1060200"],"visuals":{"large":"https:\/\/images.epagine.fr\/213\/9782016115213_1_75.jpg","medium":"https:\/\/images.epagine.fr\/213\/9782016115213_1_m.jpg","thumbnail":"https:\/\/images.epagine.fr\/213\/9782016115213_1_v.jpg"},"orderable":true,"show_badge":true,"formatted_price":"17,50&nbsp;\u20ac","formatted_published_date":"1er f\u00e9vrier 2016","publisher_availability_label":"Sur commande","short_details":"Pages F \u2014 Hachette BNF","translator":null,"weight":230,"page_count":null,"readership":null,"editor":"Hachette BNF","price":1750,"published_date":"2016-01-31T23:00:00.000000Z","support":"Grand format","publisher_availability":1,"stock":0,"editions":[],"url":"https:\/\/quaidesbrumes.com\/ouvrage\/9782016115213\/faculte-de-droit-de-paris-these-pour-le-doctorat-du-transport-des-creances"},{"id":"9782342368574","title":"Rhapsodie en psy b\u00e9mol","description":"Un t\u00e9moignage qui retrace le parcours infirmier de l'auteur dans le domaine psychiatrique.\r\nCe recueil de morceaux choisis \u00e7\u00e0 et l\u00e0 dans les souvenirs retrace une tranche de vie de 1970 \u00e0 2007 dans le monde de la \u00ab folie \u00bb. Depuis 1970, bien des choses ont chang\u00e9. C'est la logique de l'\u00e9volution que de provoquer des changements qui, en principe, am\u00e8nent du \u00ab mieux \u00bb. Peut-on dire pour autant que, du coup, la psychiatrie, ce n'est plus comme avant ? N\u00e9 \u00e0 Marseille le 27 d\u00e9cembre 1951, Robert CLEMENTE d\u00e9couvre par hasard la psychiatrie en octobre 1970. Par hasard, et surtout pour fuir les craintes, comme \u00ab \u00e7a \u00bb, des choses de l'avenir. En attendant... mieux ? Travailleur en formation r\u00e9mun\u00e9r\u00e9e, dipl\u00f4me d'infirmier de secteur psychiatrique au bout, et embauche au sein m\u00eame de l'h\u00f4pital formateur. \u00ab \u00c7a \u00bb, c'est du solide et du \u00ab s\u00fbr \u00bb. De toute mani\u00e8re, c'est juste un tremplin. J'arr\u00eate quand je veux ! Son \u00ab j'arr\u00eate quand je veux \u00bb l'am\u00e8nera \u00e0 travailler en milieu psychiatrique durant trente-sept ann\u00e9es, en qualit\u00e9 d'infirmier de secteur psychiatrique.","authors":["Robert Cl\u00e9mente"],"category_codes":["1000000","1060000","1060300","1060308"],"visuals":{"large":"https:\/\/images.epagine.fr\/574\/9782342368574_1_75.jpg","medium":"https:\/\/images.epagine.fr\/574\/9782342368574_1_m.jpg","thumbnail":"https:\/\/images.epagine.fr\/574\/9782342368574_1_v.jpg"},"orderable":true,"show_badge":true,"formatted_price":"11,00&nbsp;\u20ac","formatted_published_date":"20 septembre 2023","publisher_availability_label":"Sur commande","short_details":"Robert Cl\u00e9mente \u2014 PUBLIBOOK","translator":null,"weight":301,"page_count":104,"readership":null,"editor":"PUBLIBOOK","price":1100,"published_date":"2023-09-19T22:00:00.000000Z","support":"Grand format","publisher_availability":1,"stock":0,"editions":[],"url":"https:\/\/quaidesbrumes.com\/ouvrage\/9782342368574\/rhapsodie-en-psy-bemol"},{"id":"9782343119793","title":"Chroniques alexandrines ; l'\u00e9tonnante vie quotidienne des habitants d'Alexandrie","description":"Cinquante ans apr\u00e8s avoir quitt\u00e9 le pays, l'auteur re\u00e7oit un ch\u00e8que de quelques milliers de dollars en provenance d'\u00c9gypte. Cette manne inattendue l'entra\u00eene dans une incroyable aventure, la r\u00e9appropriation des biens familiaux s\u00e9questr\u00e9s par le gouvernement Nasser. Au cours de ses d\u00e9marches, il rencontre des Alexandrins que rien ne l'avait pr\u00e9par\u00e9 \u00e0 c\u00f4toyer : fonctionnaires, avocats, chauffeurs de taxi, directeurs de banque, paysans ou simples passants. Nous d\u00e9couvrons \u00e0 travers ces pages un peuple attachant plein de gaiet\u00e9, de gentillesse, d'hospitalit\u00e9 mais aussi roublard et fataliste.","authors":["Robert Naggar"],"category_codes":["1000000","1060000"],"visuals":{"large":"https:\/\/images.epagine.fr\/793\/9782343119793_1_75.jpg","medium":"https:\/\/images.epagine.fr\/793\/9782343119793_1_m.jpg","thumbnail":"https:\/\/images.epagine.fr\/793\/9782343119793_1_v.jpg"},"orderable":true,"show_badge":true,"formatted_price":"28,50&nbsp;\u20ac","formatted_published_date":"23 juin 2017","publisher_availability_label":"Sur commande","short_details":"Robert Naggar \u2014 \u00c9ditions L'Harmattan","translator":null,"weight":396,"page_count":328,"readership":null,"editor":"\u00c9ditions L'Harmattan","price":2850,"published_date":"2017-06-22T22:00:00.000000Z","support":"Grand format","publisher_availability":1,"stock":0,"editions":[],"url":"https:\/\/quaidesbrumes.com\/ouvrage\/9782343119793\/chroniques-alexandrines-letonnante-vie-quotidienne-des-habitants-dalexandrie"},{"id":"9782016115992","title":"These pour le doctorat. des divers benefices des cautions en droit romain et en droit francais","description":"Facult\u00e9 de droit de Douai. Th\u00e8se pour le doctorat. Des Divers b\u00e9n\u00e9fices des cautions en droit romain et en droit fran\u00e7ais... par Aug. Palle...\r\nDate de l'\u00e9dition originale : 1870 Ce livre est la reproduction fid\u00e8le d'une oeuvre publi\u00e9e avant 1920 et fait partie d'une collection de livres r\u00e9imprim\u00e9s \u00e0 la demande \u00e9dit\u00e9e par Hachette Livre, dans le cadre d'un partenariat avec la Biblioth\u00e8que nationale de France, offrant l'opportunit\u00e9 d'acc\u00e9der \u00e0 des ouvrages anciens et souvent rares issus des fonds patrimoniaux de la BnF.\r\nLes oeuvres faisant partie de cette collection ont \u00e9t\u00e9 num\u00e9ris\u00e9es par la BnF et sont pr\u00e9sentes sur Gallica, sa biblioth\u00e8que num\u00e9rique.\r\n\r\nEn entreprenant de redonner vie \u00e0 ces ouvrages au travers d'une collection de livres r\u00e9imprim\u00e9s \u00e0 la demande, nous leur donnons la possibilit\u00e9 de rencontrer un public \u00e9largi et participons \u00e0 la transmission de connaissances et de savoirs parfois difficilement accessibles.\r\nNous avons cherch\u00e9 \u00e0 concilier la reproduction fid\u00e8le d'un livre ancien \u00e0 partir de sa version num\u00e9ris\u00e9e avec le souci d'un confort de lecture optimal. Nous esp\u00e9rons que les ouvrages de cette nouvelle collection vous apporteront enti\u00e8re satisfaction.\r\n\r\nPour plus d'informations, rendez-vous sur www.hachettebnf.fr\r","authors":["Palle Aug"],"category_codes":["1000000","1060000","1060200"],"visuals":{"large":"https:\/\/images.epagine.fr\/992\/9782016115992_1_75.jpg","medium":"https:\/\/images.epagine.fr\/992\/9782016115992_1_m.jpg","thumbnail":"https:\/\/images.epagine.fr\/992\/9782016115992_1_v.jpg"},"orderable":true,"show_badge":true,"formatted_price":"19,00&nbsp;\u20ac","formatted_published_date":"1er f\u00e9vrier 2016","publisher_availability_label":"Sur commande","short_details":"Palle Aug \u2014 Hachette BNF","translator":null,"weight":289,"page_count":null,"readership":null,"editor":"Hachette BNF","price":1900,"published_date":"2016-01-31T23:00:00.000000Z","support":"Grand format","publisher_availability":1,"stock":0,"editions":[],"url":"https:\/\/quaidesbrumes.com\/ouvrage\/9782016115992\/these-pour-le-doctorat-des-divers-benefices-des-cautions-en-droit-romain-et-en-droit-francais"},{"id":"9782364242432","title":"Pi\u00e8ces rapport\u00e9es","description":"A quelques semaines de l'inauguration de son exposition, l'artiste \u00e9voque, sous la forme d'un journal, les questions et les doutes qui l'assaillent face \u00e0 la multiplicit\u00e9 des possibilit\u00e9s et des oeuvres \u00e0 choisir. Son travail, ses inspirations, son amour pour le papier transparaissent en filigrane. Ces r\u00e9flexions accompagnent le catalogue des oeuvres expos\u00e9es.\r","authors":["Dimitri Vazemsky"],"category_codes":["1000000","1060000","1060100"],"visuals":{"large":"https:\/\/quaidesbrumes.com\/img\/book-placeholder.png","medium":"https:\/\/quaidesbrumes.com\/img\/book-placeholder.png","thumbnail":"https:\/\/quaidesbrumes.com\/img\/book-placeholder.png"},"orderable":true,"show_badge":true,"formatted_price":"15,00&nbsp;\u20ac","formatted_published_date":"15 octobre 2012","publisher_availability_label":"Sur commande","short_details":"Dimitri Vazemsky \u2014 Nuit Myrtide","translator":null,"weight":156,"page_count":156,"readership":null,"editor":"Nuit Myrtide","price":1500,"published_date":"2012-10-14T22:00:00.000000Z","support":"Grand format","publisher_availability":1,"stock":0,"editions":[],"url":"https:\/\/quaidesbrumes.com\/ouvrage\/9782364242432\/pieces-rapportees"},{"id":"9782016157305","title":"La presse periodique : specialement la presse catholique, en langue allemande","description":"La presse p\u00e9riodique : sp\u00e9cialement la presse catholique, en langue allemande \/ par Corn\u00e9lius Reichenbach Date de l'\u00e9dition originale : 1899 Ce livre est la reproduction fid\u00e8le d'une oeuvre publi\u00e9e avant 1920 et fait partie d'une collection de livres r\u00e9imprim\u00e9s \u00e0 la demande \u00e9dit\u00e9e par Hachette Livre, dans le cadre d'un partenariat avec la Biblioth\u00e8que nationale de France, offrant l'opportunit\u00e9 d'acc\u00e9der \u00e0 des ouvrages anciens et souvent rares issus des fonds patrimoniaux de la BnF.\r\nLes oeuvres faisant partie de cette collection ont \u00e9t\u00e9 num\u00e9ris\u00e9es par la BnF et sont pr\u00e9sentes sur Gallica, sa biblioth\u00e8que num\u00e9rique.\r\n\r\nEn entreprenant de redonner vie \u00e0 ces ouvrages au travers d'une collection de livres r\u00e9imprim\u00e9s \u00e0 la demande, nous leur donnons la possibilit\u00e9 de rencontrer un public \u00e9largi et participons \u00e0 la transmission de connaissances et de savoirs parfois difficilement accessibles.\r\nNous avons cherch\u00e9 \u00e0 concilier la reproduction fid\u00e8le d'un livre ancien \u00e0 partir de sa version num\u00e9ris\u00e9e avec le souci d'un confort de lecture optimal. Nous esp\u00e9rons que les ouvrages de cette nouvelle collection vous apporteront enti\u00e8re satisfaction.\r\n\r\nPour plus d'informations, rendez-vous sur www.hachettebnf.fr\r","authors":["Reichenbach"],"category_codes":["1000000","1060000"],"visuals":{"large":"https:\/\/images.epagine.fr\/305\/9782016157305_1_75.jpg","medium":"https:\/\/images.epagine.fr\/305\/9782016157305_1_m.jpg","thumbnail":"https:\/\/images.epagine.fr\/305\/9782016157305_1_v.jpg"},"orderable":true,"show_badge":true,"formatted_price":"9,50&nbsp;\u20ac","formatted_published_date":"1er mars 2016","publisher_availability_label":"Sur commande","short_details":"Reichenbach \u2014 Hachette BNF","translator":null,"weight":75,"page_count":null,"readership":null,"editor":"Hachette BNF","price":950,"published_date":"2016-02-29T23:00:00.000000Z","support":"Grand format","publisher_availability":1,"stock":0,"editions":[],"url":"https:\/\/quaidesbrumes.com\/ouvrage\/9782016157305\/la-presse-periodique-specialement-la-presse-catholique-en-langue-allemande"},{"id":"9782016117026","title":"These pour le doctorat","description":"Th\u00e8se pour le doctorat \/ par L\u00e9on Paulmier,...\r\nDate de l'\u00e9dition originale : 1856 Ce livre est la reproduction fid\u00e8le d'une oeuvre publi\u00e9e avant 1920 et fait partie d'une collection de livres r\u00e9imprim\u00e9s \u00e0 la demande \u00e9dit\u00e9e par Hachette Livre, dans le cadre d'un partenariat avec la Biblioth\u00e8que nationale de France, offrant l'opportunit\u00e9 d'acc\u00e9der \u00e0 des ouvrages anciens et souvent rares issus des fonds patrimoniaux de la BnF.\r\nLes oeuvres faisant partie de cette collection ont \u00e9t\u00e9 num\u00e9ris\u00e9es par la BnF et sont pr\u00e9sentes sur Gallica, sa biblioth\u00e8que num\u00e9rique.\r\n\r\nEn entreprenant de redonner vie \u00e0 ces ouvrages au travers d'une collection de livres r\u00e9imprim\u00e9s \u00e0 la demande, nous leur donnons la possibilit\u00e9 de rencontrer un public \u00e9largi et participons \u00e0 la transmission de connaissances et de savoirs parfois difficilement accessibles.\r\nNous avons cherch\u00e9 \u00e0 concilier la reproduction fid\u00e8le d'un livre ancien \u00e0 partir de sa version num\u00e9ris\u00e9e avec le souci d'un confort de lecture optimal. Nous esp\u00e9rons que les ouvrages de cette nouvelle collection vous apporteront enti\u00e8re satisfaction.\r\n\r\nPour plus d'informations, rendez-vous sur www.hachettebnf.fr\r","authors":["Paulmier"],"category_codes":["1000000","1060000","1060200"],"visuals":{"large":"https:\/\/images.epagine.fr\/026\/9782016117026_1_75.jpg","medium":"https:\/\/images.epagine.fr\/026\/9782016117026_1_m.jpg","thumbnail":"https:\/\/images.epagine.fr\/026\/9782016117026_1_v.jpg"},"orderable":true,"show_badge":true,"formatted_price":"20,50&nbsp;\u20ac","formatted_published_date":"1er f\u00e9vrier 2016","publisher_availability_label":"Sur commande","short_details":"Paulmier \u2014 Hachette BNF","translator":null,"weight":338,"page_count":null,"readership":null,"editor":"Hachette BNF","price":2050,"published_date":"2016-01-31T23:00:00.000000Z","support":"Grand format","publisher_availability":1,"stock":0,"editions":[],"url":"https:\/\/quaidesbrumes.com\/ouvrage\/9782016117026\/these-pour-le-doctorat"},{"id":"9782875572516","title":"Divorce(\u00e9)s et c\u00e9libataires ; mode d'emploi","description":"Laissez-vous emporter par la plume dr\u00f4le et intelligente de l'auteur \u00e0 travers une galerie de portraits d'hommes et de femmes de la soci\u00e9t\u00e9 actuelle et d\u00e9couvrez ces personnages attachants, m\u00e9connus et pourtant si proches de vous.\r","authors":["Giuseppe Pignato"],"category_codes":["1000000","1060000"],"visuals":{"large":"https:\/\/images.epagine.fr\/516\/9782875572516_1_75.jpg","medium":"https:\/\/images.epagine.fr\/516\/9782875572516_1_m.jpg","thumbnail":"https:\/\/images.epagine.fr\/516\/9782875572516_1_v.jpg"},"orderable":true,"show_badge":true,"formatted_price":"18,90&nbsp;\u20ac","formatted_published_date":"26 mai 2016","publisher_availability_label":"Sur commande","short_details":"Giuseppe Pignato \u2014 LA BOITE A PANDORE","translator":null,"weight":490,"page_count":385,"readership":null,"editor":"LA BOITE A PANDORE","price":1890,"published_date":"2016-05-25T22:00:00.000000Z","support":"Grand format","publisher_availability":1,"stock":0,"editions":[],"url":"https:\/\/quaidesbrumes.com\/ouvrage\/9782875572516\/divorcees-et-celibataires-mode-demploi"},{"id":"9782016165287","title":"Recherches sur les imprimeries imaginaires, clandestines et particuli\u00e8res","description":"Recherches sur les imprimeries imaginaires, clandestines et particuli\u00e8res \/ publi\u00e9es par les soins de Philomneste junior [P.-G. Brunet] Date de l'\u00e9dition originale : 1879 Sujet de l'ouvrage : Livres -- Imprimeries clandestines -- R\u00e9pertoiresLitt\u00e9rature clandestine -- R\u00e9pertoiresPresses priv\u00e9es -- R\u00e9pertoires Ce livre est la reproduction fid\u00e8le d'une oeuvre publi\u00e9e avant 1920 et fait partie d'une collection de livres r\u00e9imprim\u00e9s \u00e0 la demande \u00e9dit\u00e9e par Hachette Livre, dans le cadre d'un partenariat avec la Biblioth\u00e8que nationale de France, offrant l'opportunit\u00e9 d'acc\u00e9der \u00e0 des ouvrages anciens et souvent rares issus des fonds patrimoniaux de la BnF.\r\nLes oeuvres faisant partie de cette collection ont \u00e9t\u00e9 num\u00e9ris\u00e9es par la BnF et sont pr\u00e9sentes sur Gallica, sa biblioth\u00e8que num\u00e9rique.\r\n\r\nEn entreprenant de redonner vie \u00e0 ces ouvrages au travers d'une collection de livres r\u00e9imprim\u00e9s \u00e0 la demande, nous leur donnons la possibilit\u00e9 de rencontrer un public \u00e9largi et participons \u00e0 la transmission de connaissances et de savoirs parfois difficilement accessibles.\r\nNous avons cherch\u00e9 \u00e0 concilier la reproduction fid\u00e8le d'un livre ancien \u00e0 partir de sa version num\u00e9ris\u00e9e avec le souci d'un confort de lecture optimal. Nous esp\u00e9rons que les ouvrages de cette nouvelle collection vous apporteront enti\u00e8re satisfaction.\r\n\r\nPour plus d'informations, rendez-vous sur www.hachettebnf.fr\r","authors":["Philomneste Junior"],"category_codes":["1000000","1060000"],"visuals":{"large":"https:\/\/images.epagine.fr\/287\/9782016165287_1_75.jpg","medium":"https:\/\/images.epagine.fr\/287\/9782016165287_1_m.jpg","thumbnail":"https:\/\/images.epagine.fr\/287\/9782016165287_1_v.jpg"},"orderable":true,"show_badge":true,"formatted_price":"16,50&nbsp;\u20ac","formatted_published_date":"1er mars 2016","publisher_availability_label":"Sur commande","short_details":"Philomneste Junior \u2014 Hachette BNF","translator":null,"weight":186,"page_count":null,"readership":null,"editor":"Hachette BNF","price":1650,"published_date":"2016-02-29T23:00:00.000000Z","support":"Grand format","publisher_availability":1,"stock":0,"editions":[],"url":"https:\/\/quaidesbrumes.com\/ouvrage\/9782016165287\/recherches-sur-les-imprimeries-imaginaires-clandestines-et-particulieres"},{"id":"9782343072456","title":"Nelson Mandela, l'\u00e9toile du Sud","description":"\"Cet ouvrage rassemble l essentiel de l hommage plan\u00e9taire rendu \u00e0 Nelson Mandela, \u00e0 l annonce de son d\u00e9c\u00e8s, le 5 d\u00e9cembre 2013, lors de ses fun\u00e9railles, le 10 d\u00e9cembre 2013, et au-del\u00e0. Il s agit l\u00e0 d une fresque vivante de l histoire de ce grand h\u00e9ros, devenu un v\u00e9ritable mythe de son vivant, qui confirme l immense h\u00e9ritage politique, id\u00e9ologique, soci\u00e9tal et \u00e9thique de Nelson Mandela comme \u00e9tant l un des ingr\u00e9dients qui alimentent un nouvel humanisme qui se veut structurel : un ph\u00e9nom\u00e8ne et une valeur sur lesquels compte aujourd hui l humanit\u00e9, pour r\u00e9aliser le r\u00eave d un monde meilleur.\"\r","authors":["Jean-joseph Atangana"],"category_codes":["1000000","1060000"],"visuals":{"large":"https:\/\/images.epagine.fr\/456\/9782343072456_1_75.jpg","medium":"https:\/\/images.epagine.fr\/456\/9782343072456_1_m.jpg","thumbnail":"https:\/\/images.epagine.fr\/456\/9782343072456_1_v.jpg"},"orderable":true,"show_badge":true,"formatted_price":"18,00&nbsp;\u20ac","formatted_published_date":"18 f\u00e9vrier 2016","publisher_availability_label":"Sur commande","short_details":"Jean-joseph Atangana \u2014 \u00c9ditions L'Harmattan","translator":null,"weight":190,"page_count":154,"readership":null,"editor":"\u00c9ditions L'Harmattan","price":1800,"published_date":"2016-02-17T23:00:00.000000Z","support":"Grand format","publisher_availability":1,"stock":0,"editions":[],"url":"https:\/\/quaidesbrumes.com\/ouvrage\/9782343072456\/nelson-mandela-letoile-du-sud"},{"id":"9782357630970","title":"Ma vie br\u00fble","description":"Valentina Bergman exerce son m\u00e9tier de psychologueclinicienne dans les \u00e9coles de la r\u00e9gion parisienne.Alors qu'elle se s\u00e9pare du p\u00e8re de sesenfants, elle va se trouver entra\u00een\u00e9e dans une spiralede violence : \u00e9coles et gymnases incendi\u00e9s, r\u00e8glementsde compte sur fond de trafics en toutgenre... jusqu'\u00e0 ce 19 octobre 2007, \u00e0 16 heures...dont on a peu parl\u00e9 dans les journaux.Ma ville br\u00fble est un roman, une oeuvre de fictionmais sa trame est tiss\u00e9e d'\u00e9v\u00e8nements r\u00e9els, relay\u00e9spar les m\u00e9dias.Ce texte se nourrit \u00e9galement de plus de vingt ann\u00e9esd'exercice aupr\u00e8s des enfants et de leurs famillesau coeur de cit\u00e9s souvent abandonn\u00e9es \u00e0elles-m\u00eames. Ce roman, pour une bonne part autobiographique,se veut aussi un hommage \u00e0 ceux qui,malgr\u00e9 tout, vivent et exercent en ces lieux.","authors":["Anne marie Mansuy"],"category_codes":["1000000","1060000","1060100"],"visuals":{"large":"https:\/\/images.epagine.fr\/970\/9782357630970_1_75.jpg","medium":"https:\/\/images.epagine.fr\/970\/9782357630970_1_m.jpg","thumbnail":"https:\/\/images.epagine.fr\/970\/9782357630970_1_v.jpg"},"orderable":true,"show_badge":true,"formatted_price":"20,00&nbsp;\u20ac","formatted_published_date":"5 septembre 2016","publisher_availability_label":"Sur commande","short_details":"Anne marie Mansuy \u2014 Gerard Louis","translator":null,"weight":400,"page_count":256,"readership":null,"editor":"Gerard Louis","price":2000,"published_date":"2016-09-04T22:00:00.000000Z","support":"Grand format","publisher_availability":1,"stock":0,"editions":[],"url":"https:\/\/quaidesbrumes.com\/ouvrage\/9782357630970\/ma-vie-brule"},{"id":"9782366821116","title":"Ils venaient d'avoir 17 ans","description":"Un nouveau Turbergue, c'est celui qu'on f\u00eate de toute fa\u00e7on, le nouveau Turbergue c'est celui qu'on attendait, celui que le lecteur, qui lui est d\u00e9j\u00e0 tout acquis, esp\u00e8re. Celui dans lequel, on le sait Turbergue aura mis Yves en bonne place. On ne peut mieux dire car il revient, oui, mais pas seul ! 7 compagnons lui collent aux basques, 8 compagnons qui ne se quitteront jamais, de l'\u00e9poque culottes courtes \u00e0 aujourd'hui, culottes, non, pantalons longs. Dans cet ouvrage, il relate leur aventure, leur histoire, vraie. Notes que son coeur a collect\u00e9es, recueillies pour les d\u00e9poser dans ces pages comme dans un \u00e9crin. Elles racontent la naissance et l'\u00e9volution, les circonvolutions, la vie, la survie d'un Choeur que 8 gosses r\u00e9unis pour chanter, ont form\u00e9, \u00ab Les compagnons de la chapelle \u00bb. Peu importe qu'ils aient essay\u00e9 et r\u00e9ussi de ressembler aux fameux Autres....les huit ensemble pour le meilleur et le pire...pendant plus de 50 ann\u00e9es ils ont fait de leur amiti\u00e9 des noces d'or. R\u00eavant aux feux d'une rampe que la vie n'avait pas choisi d'enflammer pour eux, ces gosses ont fini par les voir, sentir jusqu'\u00e0 leur embrasement sans br\u00fblure, sans calciner la moindre parcelle de leur amiti\u00e9. Lire leur parcours fait de bonheurs autant que de malheurs, partager leur joie fi\u00e8re d'une partie de boules de neige avec Eddy Mitchell, leur app\u00e9tit d'avenir et de soupe \u00e0 l'oignon avec Dalida, Petula Clarck, B\u00e9caud, Gilbert B\u00e9caud ! Etre \u00e0 leurs c\u00f4t\u00e9s, eux \u00e0 c\u00f4t\u00e9 de Brel !! Lire ce r\u00e9cit pour \u00eatre un instant leur compagnon et jalouser un \u00e9ventuel neuvi\u00e8me... Yves Turbergue livre avec un talent gros comme son coeur ses compagnons qui ne lui en voudront pas pour notre grand bonheur. EXTRAIT : \u00ab Nul parent en cet apr\u00e8s-midi n'a soulev\u00e9 la question de l'apr\u00e8s Olympia. Plus tard peut-\u00eatre. L'instant n'\u00e9tait pas \u00e0 la chicane. Ce jour pas comme les autres, bien qu'ils appr\u00e9hendent plus que jamais l'\u00e9chapp\u00e9e du groupe vers une vie d\u00e9cri\u00e9e, faisant taire ce qu'ils nomment la raison, ils souhaitaient sinc\u00e8rement voir leurs Compagnons d'enfants toucher enfin leur paradis de chanson d'amiti\u00e9 et de rigolade. Peut-\u00eatre eux-m\u00eames \u00e9taient-ils trop vieux, trop impr\u00e9gn\u00e9s d'usine et de coutumes s\u00e9curisantes pour comprendre tout. Peut-\u00eatre les gosses \u00e9taient-ils n\u00e9s pour aller au bout de la route qu'ils avaient ouverte. Peut-\u00eatre... \u00bb\r","authors":["Yves Turbergue"],"category_codes":["1000000","1010000"],"visuals":{"large":"https:\/\/images.epagine.fr\/116\/9782366821116_1_75.jpg","medium":"https:\/\/images.epagine.fr\/116\/9782366821116_1_m.jpg","thumbnail":"https:\/\/images.epagine.fr\/116\/9782366821116_1_v.jpg"},"orderable":true,"show_badge":true,"formatted_price":"24,00&nbsp;\u20ac","formatted_published_date":"16 janvier 2016","publisher_availability_label":"Sur commande","short_details":"Yves Turbergue \u2014 Gunten","translator":null,"weight":530,"page_count":420,"readership":null,"editor":"Gunten","price":2400,"published_date":"2016-01-15T23:00:00.000000Z","support":"Grand format","publisher_availability":1,"stock":0,"editions":[],"url":"https:\/\/quaidesbrumes.com\/ouvrage\/9782366821116\/ils-venaient-davoir-17-ans"},{"id":"9782849213490","title":"Une enfance \u00e0 la campagne","description":"\u00c0 la cinquantaine, le narrateur constate avec surprise et incr\u00e9dulit\u00e9 qu'une canine, incluse dans sa m\u00e2choire inf\u00e9rieure depuis l'enfance, se (re)met \u00e0 pousser et \u00e0 bousculer l'ordonnancement de sa dentition. Et peut-\u00eatre plus, qui sait ?\r\nEn effet, cet \u00e9v\u00e8nement inattendu fait resurgir des images et des \u00e9motions oubli\u00e9es : la lumi\u00e8re et les senteurs des vacances de son enfance chez ses grands-parents \u00e0 la campagne, l'odeur de craie et d'encre de sa premi\u00e8re journ\u00e9e \u00e0 l'\u00e9cole maternelle, mais aussi l'aust\u00e9rit\u00e9 grandiose et d\u00e9su\u00e8te de ce lyc\u00e9e d'\u00cele-de-France qui le conduira jusqu'aux classes pr\u00e9parant \u00e0 Normale sup puis \u00e0 la Sorbonne.\r\nAutant de t\u00e9moignages d'un enfant des Trente Glorieuses qui, au d\u00e9tour d'une anecdote ou de l'\u00e9vocation d'une premi\u00e8re exp\u00e9rience, permettront \u00e0 chacun de retrouver un peu de sa propre histoire.\r\n\u00c0 l'\u00e9cole \u00e9l\u00e9mentaire, un instituteur redout\u00e9 occupe la salle voisine de celle de ma classe. Il pr\u00e9tend qu'il passe les \u00e9l\u00e8ves trop turbulents \u00e0 la moulinette. C'est l'\u00e9poque o\u00f9, \u00e0 la t\u00e9l\u00e9vision, Jean-Christophe Averty se rend c\u00e9l\u00e8bre pour ses images de b\u00e9b\u00e9s hach\u00e9s menu. Pour un gar\u00e7on de six ans, cela donne une cr\u00e9dibilit\u00e9 suppl\u00e9mentaire \u00e0 une affirmation pourtant \u00ab \u00e9norme \u00bb !\r","authors":["Jean-charles Linet"],"category_codes":["1000000","1060000","1060100"],"visuals":{"large":"https:\/\/images.epagine.fr\/490\/9782849213490_1_75.jpg","medium":"https:\/\/images.epagine.fr\/490\/9782849213490_1_m.jpg","thumbnail":"https:\/\/images.epagine.fr\/490\/9782849213490_1_v.jpg"},"orderable":true,"show_badge":true,"formatted_price":"15,00&nbsp;\u20ac","formatted_published_date":"15 janvier 2016","publisher_availability_label":"Sur commande","short_details":"Jean-charles Linet \u2014 Editions Thot","translator":null,"weight":194,"page_count":144,"readership":null,"editor":"Editions Thot","price":1500,"published_date":"2016-01-14T23:00:00.000000Z","support":"Grand format","publisher_availability":1,"stock":0,"editions":[],"url":"https:\/\/quaidesbrumes.com\/ouvrage\/9782849213490\/une-enfance-a-la-campagne"},{"id":"9782016169155","title":"Histoire critique des journaux. t01","description":"Histoire critique des journaux. T1 \/ , par M. C*** Date de l'\u00e9dition originale : 1734 Ce livre est la reproduction fid\u00e8le d'une oeuvre publi\u00e9e avant 1920 et fait partie d'une collection de livres r\u00e9imprim\u00e9s \u00e0 la demande \u00e9dit\u00e9e par Hachette Livre, dans le cadre d'un partenariat avec la Biblioth\u00e8que nationale de France, offrant l'opportunit\u00e9 d'acc\u00e9der \u00e0 des ouvrages anciens et souvent rares issus des fonds patrimoniaux de la BnF.\r\nLes oeuvres faisant partie de cette collection ont \u00e9t\u00e9 num\u00e9ris\u00e9es par la BnF et sont pr\u00e9sentes sur Gallica, sa biblioth\u00e8que num\u00e9rique.\r\n\r\nEn entreprenant de redonner vie \u00e0 ces ouvrages au travers d'une collection de livres r\u00e9imprim\u00e9s \u00e0 la demande, nous leur donnons la possibilit\u00e9 de rencontrer un public \u00e9largi et participons \u00e0 la transmission de connaissances et de savoirs parfois difficilement accessibles.\r\nNous avons cherch\u00e9 \u00e0 concilier la reproduction fid\u00e8le d'un livre ancien \u00e0 partir de sa version num\u00e9ris\u00e9e avec le souci d'un confort de lecture optimal. Nous esp\u00e9rons que les ouvrages de cette nouvelle collection vous apporteront enti\u00e8re satisfaction.\r\n\r\nPour plus d'informations, rendez-vous sur www.hachettebnf.fr\r","authors":["Camusat D-F."],"category_codes":["1000000","1060000"],"visuals":{"large":"https:\/\/images.epagine.fr\/155\/9782016169155_1_75.jpg","medium":"https:\/\/images.epagine.fr\/155\/9782016169155_1_m.jpg","thumbnail":"https:\/\/images.epagine.fr\/155\/9782016169155_1_v.jpg"},"orderable":true,"show_badge":true,"formatted_price":"24,50&nbsp;\u20ac","formatted_published_date":"1er mars 2016","publisher_availability_label":"Sur commande","short_details":"Camusat D-F. \u2014 Hachette BNF","translator":null,"weight":487,"page_count":null,"readership":null,"editor":"Hachette BNF","price":2450,"published_date":"2016-02-29T23:00:00.000000Z","support":"Grand format","publisher_availability":1,"stock":0,"editions":[],"url":"https:\/\/quaidesbrumes.com\/ouvrage\/9782016169155\/histoire-critique-des-journaux-t01"},{"id":"9782016123119","title":"Bibliotheque des ecrivains de la compagnie de jesus, ou notices bibliographiques t02","description":"Le pr\u00e9sent ouvrage s'inscrit dans une politique de conservation patrimoniale des ouvrages de la litt\u00e9rature Fran\u00e7aise mise en place avec la BNF. HACHETTE LIVRE et la BNF proposent ainsi un catalogue de titres indisponibles, la BNF ayant num\u00e9ris\u00e9 ces oeuvres et HACHETTE LIVRE les imprimant \u00e0 la demande. Certains de ces ouvrages refl\u00e8tent des courants de pens\u00e9e caract\u00e9ristiques de leur \u00e9poque, mais qui seraient aujourd'hui jug\u00e9s condamnables. Ils n'en appartiennent pas moins \u00e0 l'histoire des id\u00e9es en France et sont susceptibles de pr\u00e9senter un int\u00e9r\u00eat scientifique ou historique. Le sens de notre d\u00e9marche \u00e9ditoriale consiste ainsi \u00e0 permettre l'acc\u00e8s \u00e0 ces oeuvres sans pour autant que nous en cautionnions en aucune fa\u00e7on le contenu. Pour plus d'informations, rendez-vous sur www.hachettebnf.fr\r","authors":["Backer J-B."],"category_codes":["1000000","1060000","1060200"],"visuals":{"large":"https:\/\/images.epagine.fr\/119\/9782016123119_1_75.jpg","medium":"https:\/\/images.epagine.fr\/119\/9782016123119_1_m.jpg","thumbnail":"https:\/\/images.epagine.fr\/119\/9782016123119_1_v.jpg"},"orderable":true,"show_badge":true,"formatted_price":"38,40&nbsp;\u20ac","formatted_published_date":"1er f\u00e9vrier 2016","publisher_availability_label":"Sur commande","short_details":"Backer J-B. \u2014 Hachette BNF","translator":null,"weight":1030,"page_count":null,"readership":null,"editor":"Hachette BNF","price":3840,"published_date":"2016-01-31T23:00:00.000000Z","support":"Grand format","publisher_availability":1,"stock":0,"editions":[],"url":"https:\/\/quaidesbrumes.com\/ouvrage\/9782016123119\/bibliotheque-des-ecrivains-de-la-compagnie-de-jesus-ou-notices-bibliographiques-t02"},{"id":"9782355271977","title":"Des matins de brume... souvenirs d'un p\u00eacheur \u00e0 la mouche","description":"Patrice Fouillaud partage son temps entre la composition qui est une vocation mais aussi un m\u00e9tier, et la p\u00eache \u00e0 la mouche, une v\u00e9ritable passion. Celle-ci lui vient d'abord de son p\u00e8re, Ren\u00e9 Fouillaud, qui lui transmet la ma\u00eetrise du lancer. Ensuite il se perfectionne avec Laurent Ferrari, moniteur dipl\u00f4m\u00e9 et compagnon de p\u00eache, et enfin avec Pierre Caillau, pr\u00e9sident de la section P\u00eaches Sportives de l'ACBB (Athl\u00e9tic-Club de Boulogne-Billancourt). \r\nCe livre aborde l'Art de la p\u00eache \u00e0 la mouche vu sous un angle po\u00e9tique, philosophique, \u00e9cologique, et au final il se lit comme un conte ou un roman. Ecrit dans le sens du partage, il est source d'inspiration pour novices ou d\u00e9butants, et les \" moucheurs \" confirm\u00e9s s'y reconna\u00eetront. Mais on y trouvera aussi des chapitres techniques sur les cannes, les mouches, les bas de ligne, la tenue vestimentaire, et des r\u00e9flexions sur l'\u00e9tat de nos rivi\u00e8res. \r\nUn v\u00e9ritable petit manuel qui enchantera les moucheurs comme les autres amoureux de la p\u00eache et de la nature.\r","authors":["Pascal Fouillaud"],"category_codes":["1000000","1060000"],"visuals":{"large":"https:\/\/images.epagine.fr\/977\/9782355271977_1_75.jpg","medium":"https:\/\/images.epagine.fr\/977\/9782355271977_1_m.jpg","thumbnail":"https:\/\/images.epagine.fr\/977\/9782355271977_1_v.jpg"},"orderable":true,"show_badge":true,"formatted_price":"10,00&nbsp;\u20ac","formatted_published_date":"23 juin 2016","publisher_availability_label":"Sur commande","short_details":"Pascal Fouillaud \u2014 Confluences","translator":null,"weight":129,"page_count":80,"readership":null,"editor":"Confluences","price":1000,"published_date":"2016-06-22T22:00:00.000000Z","support":"Grand format","publisher_availability":1,"stock":0,"editions":[],"url":"https:\/\/quaidesbrumes.com\/ouvrage\/9782355271977\/des-matins-de-brume-souvenirs-dun-pecheur-a-la-mouche"},{"id":"9791093532103","title":"Un parcours de vie ; de l'\u00e9ducatrice de jeunes enfants \u00e0 l'\u00e9ducatrice en IME \u00e0 la musicoth\u00e9rapie","description":"L'action de l'\u00e9ducateur, dit-elle, se situe dans les tout petits riens.\r","authors":["Fabienne Crochet"],"category_codes":["1000000","1060000","1060300","1060308"],"visuals":{"large":"https:\/\/images.epagine.fr\/103\/9791093532103_1_75.jpg","medium":"https:\/\/images.epagine.fr\/103\/9791093532103_1_m.jpg","thumbnail":"https:\/\/images.epagine.fr\/103\/9791093532103_1_v.jpg"},"orderable":true,"show_badge":true,"formatted_price":"12,00&nbsp;\u20ac","formatted_published_date":"2 janvier 2015","publisher_availability_label":"Sur commande","short_details":"Fabienne Crochet \u2014 Non Verbal","translator":null,"weight":0,"page_count":50,"readership":null,"editor":"Non Verbal","price":1200,"published_date":"2015-01-01T23:00:00.000000Z","support":"Grand format","publisher_availability":1,"stock":0,"editions":[],"url":"https:\/\/quaidesbrumes.com\/ouvrage\/9791093532103\/un-parcours-de-vie-de-leducatrice-de-jeunes-enfants-a-leducatrice-en-ime-a-la-musicotherapie"},{"id":"9782016181126","title":"Faculte de droit de paris. these pour le doctorat, sur l'adoption","description":"Facult\u00e9 de droit de Paris. Th\u00e8se pour le doctorat, sur l'adoption... par \u00c9tienne-Stanislas Souesme,...\r\nDate de l'\u00e9dition originale : 1860 Ce livre est la reproduction fid\u00e8le d'une oeuvre publi\u00e9e avant 1920 et fait partie d'une collection de livres r\u00e9imprim\u00e9s \u00e0 la demande \u00e9dit\u00e9e par Hachette Livre, dans le cadre d'un partenariat avec la Biblioth\u00e8que nationale de France, offrant l'opportunit\u00e9 d'acc\u00e9der \u00e0 des ouvrages anciens et souvent rares issus des fonds patrimoniaux de la BnF.\r\nLes oeuvres faisant partie de cette collection ont \u00e9t\u00e9 num\u00e9ris\u00e9es par la BnF et sont pr\u00e9sentes sur Gallica, sa biblioth\u00e8que num\u00e9rique.\r\n\r\nEn entreprenant de redonner vie \u00e0 ces ouvrages au travers d'une collection de livres r\u00e9imprim\u00e9s \u00e0 la demande, nous leur donnons la possibilit\u00e9 de rencontrer un public \u00e9largi et participons \u00e0 la transmission de connaissances et de savoirs parfois difficilement accessibles.\r\nNous avons cherch\u00e9 \u00e0 concilier la reproduction fid\u00e8le d'un livre ancien \u00e0 partir de sa version num\u00e9ris\u00e9e avec le souci d'un confort de lecture optimal. Nous esp\u00e9rons que les ouvrages de cette nouvelle collection vous apporteront enti\u00e8re satisfaction.\r\n\r\nPour plus d'informations, rendez-vous sur www.hachettebnf.fr\r","authors":["Souesme"],"category_codes":["1000000","1060000","1060200"],"visuals":{"large":"https:\/\/images.epagine.fr\/126\/9782016181126_1_75.jpg","medium":"https:\/\/images.epagine.fr\/126\/9782016181126_1_m.jpg","thumbnail":"https:\/\/images.epagine.fr\/126\/9782016181126_1_v.jpg"},"orderable":true,"show_badge":true,"formatted_price":"20,50&nbsp;\u20ac","formatted_published_date":"1er mars 2016","publisher_availability_label":"Sur commande","short_details":"Souesme \u2014 Hachette BNF","translator":null,"weight":357,"page_count":null,"readership":null,"editor":"Hachette BNF","price":2050,"published_date":"2016-02-29T23:00:00.000000Z","support":"Grand format","publisher_availability":1,"stock":0,"editions":[],"url":"https:\/\/quaidesbrumes.com\/ouvrage\/9782016181126\/faculte-de-droit-de-paris-these-pour-le-doctorat-sur-ladoption"},{"id":"9782011924728","title":"Eloge historique de parmentier, contenant une notice sur olivier de serres","description":"\u00c9loge historique de Parmentier, contenant une notice sur Olivier de Serres, une analyse de son \"Th\u00e9\u00e2tre d'agriculture\", et quelques observations sur la culture de la pomme de terre... Par A.-T. Dumont,...\r\nDate de l'\u00e9dition originale : 1855 Sujet de l'ouvrage : Parmentier Ce livre est la reproduction fid\u00e8le d'une oeuvre publi\u00e9e avant 1920 et fait partie d'une collection de livres r\u00e9imprim\u00e9s \u00e0 la demande \u00e9dit\u00e9e par Hachette Livre, dans le cadre d'un partenariat avec la Biblioth\u00e8que nationale de France, offrant l'opportunit\u00e9 d'acc\u00e9der \u00e0 des ouvrages anciens et souvent rares issus des fonds patrimoniaux de la BnF.\r\nLes oeuvres faisant partie de cette collection ont \u00e9t\u00e9 num\u00e9ris\u00e9es par la BnF et sont pr\u00e9sentes sur Gallica, sa biblioth\u00e8que num\u00e9rique.\r\n\r\nEn entreprenant de redonner vie \u00e0 ces ouvrages au travers d'une collection de livres r\u00e9imprim\u00e9s \u00e0 la demande, nous leur donnons la possibilit\u00e9 de rencontrer un public \u00e9largi et participons \u00e0 la transmission de connaissances et de savoirs parfois difficilement accessibles.\r\nNous avons cherch\u00e9 \u00e0 concilier la reproduction fid\u00e8le d'un livre ancien \u00e0 partir de sa version num\u00e9ris\u00e9e avec le souci d'un confort de lecture optimal. Nous esp\u00e9rons que les ouvrages de cette nouvelle collection vous apporteront enti\u00e8re satisfaction.\r\n\r\nPour plus d'informations, rendez-vous sur www.hachettebnf.fr\r","authors":["Dumont-A-T"],"category_codes":["1000000","1060000","1060200"],"visuals":{"large":"https:\/\/images.epagine.fr\/728\/9782011924728_1_75.jpg","medium":"https:\/\/images.epagine.fr\/728\/9782011924728_1_m.jpg","thumbnail":"https:\/\/images.epagine.fr\/728\/9782011924728_1_v.jpg"},"orderable":true,"show_badge":true,"formatted_price":"9,50&nbsp;\u20ac","formatted_published_date":"1er f\u00e9vrier 2016","publisher_availability_label":"Sur commande","short_details":"Dumont-A-T \u2014 Hachette BNF","translator":null,"weight":67,"page_count":null,"readership":null,"editor":"Hachette BNF","price":950,"published_date":"2016-01-31T23:00:00.000000Z","support":"Grand format","publisher_availability":1,"stock":0,"editions":[],"url":"https:\/\/quaidesbrumes.com\/ouvrage\/9782011924728\/eloge-historique-de-parmentier-contenant-une-notice-sur-olivier-de-serres"}]}