{"data":[{"id":"9782847431155","title":"Souvenirs d'une baladine","description":null,"authors":["Reybaz-Debione Eva"],"category_codes":["1000000","1060000","1060100"],"visuals":{"large":"https:\/\/quaidesbrumes.com\/img\/book-placeholder.png","medium":"https:\/\/quaidesbrumes.com\/img\/book-placeholder.png","thumbnail":"https:\/\/quaidesbrumes.com\/img\/book-placeholder.png"},"orderable":true,"show_badge":true,"formatted_price":"25,00&nbsp;\u20ac","formatted_published_date":"3 juin 2015","publisher_availability_label":"Sur commande","short_details":"Reybaz-Debione Eva \u2014 Petra","translator":null,"weight":420,"page_count":null,"readership":null,"editor":"Petra","price":2500,"published_date":"2015-06-02T22:00:00.000000Z","support":"Grand format","publisher_availability":1,"stock":0,"editions":[],"url":"https:\/\/quaidesbrumes.com\/ouvrage\/9782847431155\/souvenirs-dune-baladine"},{"id":"9782336307404","title":"Je suis ici depuis toujours ; dialogue avec les jeunes issus de l'immigration en Italie","description":"\"Comme le montrent les propos d'enfants d'immigr\u00e9s recueillis dans cet ouvrage, leur cr\u00e9ativit\u00e9 identitaire repr\u00e9sente un capital pr\u00e9cieux pour la soci\u00e9t\u00e9 italienne. Construite sur une importante diversit\u00e9 interne souvent ni\u00e9e pour rendre possible l'id\u00e9e de nation, longtemps terre d'\u00e9migration mais depuis quelques d\u00e9cennies terre d'immigration, la soci\u00e9t\u00e9 italienne ne peut plus se voir comme homog\u00e8ne, d\u00e9tentrice d'une culture identifiable et coh\u00e9rente, \u00e0 laquelle les immigr\u00e9s et leurs enfants devraient \"s'int\u00e9grer\". C'est au contraire de l'int\u00e9gration de la soci\u00e9t\u00e9 elle-m\u00eame, dans sa diversit\u00e9, dont il est question.\"\r","authors":["Anna Granata"],"category_codes":["1000000","1060000","1060300"],"visuals":{"large":"https:\/\/images.epagine.fr\/404\/9782336307404_1_75.jpg","medium":"https:\/\/images.epagine.fr\/404\/9782336307404_1_m.jpg","thumbnail":"https:\/\/images.epagine.fr\/404\/9782336307404_1_v.jpg"},"orderable":true,"show_badge":true,"formatted_price":"27,50&nbsp;\u20ac","formatted_published_date":"6 juillet 2015","publisher_availability_label":"Sur commande","short_details":"Anna Granata \u2014 \u00c9ditions L'Harmattan","translator":null,"weight":270,"page_count":200,"readership":null,"editor":"\u00c9ditions L'Harmattan","price":2750,"published_date":"2015-07-05T22:00:00.000000Z","support":"Grand format","publisher_availability":1,"stock":0,"editions":[],"url":"https:\/\/quaidesbrumes.com\/ouvrage\/9782336307404\/je-suis-ici-depuis-toujours-dialogue-avec-les-jeunes-issus-de-limmigration-en-italie"},{"id":"9782312034843","title":"Visions terrestres","description":"Ce livre est l'autobiographie romanc\u00e9e de l'auteur et \u00e9voque sa relation au monde visible et invisible.\r","authors":["Isabelle Lambert"],"category_codes":["1000000","1060000","1060100"],"visuals":{"large":"https:\/\/images.epagine.fr\/843\/9782312034843_1_75.jpg","medium":"https:\/\/images.epagine.fr\/843\/9782312034843_1_m.jpg","thumbnail":"https:\/\/images.epagine.fr\/843\/9782312034843_1_v.jpg"},"orderable":true,"show_badge":true,"formatted_price":"11,00&nbsp;\u20ac","formatted_published_date":"3 juillet 2015","publisher_availability_label":"Sur commande","short_details":"Isabelle Lambert \u2014 Editions du Net","translator":null,"weight":60,"page_count":56,"readership":null,"editor":"Editions du Net","price":1100,"published_date":"2015-07-02T22:00:00.000000Z","support":"Grand format","publisher_availability":1,"stock":0,"editions":[],"url":"https:\/\/quaidesbrumes.com\/ouvrage\/9782312034843\/visions-terrestres"},{"id":"9782011332295","title":"M\u00e9moires du duc de Persigny, publi\u00e9s avec des documents in\u00e9dits, un avant-propos et un \u00e9pilogue","description":"M\u00e9moires du duc de Persigny, publi\u00e9s avec des documents in\u00e9dits, un avant-propos et un \u00e9pilogue, par M. H. de Laire, Cte d'Espagny,... (12 janvier 1896.)\r\nDate de l'\u00e9dition originale : 1896\r\nSujet de l'ouvrage : France (1852-1870, Second Empire)\r\n\r\nLe pr\u00e9sent ouvrage s'inscrit dans une politique de conservation patrimoniale des ouvrages de la litt\u00e9rature Fran\u00e7aise mise en place avec la BNF.\r\nHACHETTE LIVRE et la BNF proposent ainsi un catalogue de titres indisponibles, la BNF ayant num\u00e9ris\u00e9 ces oeuvres et HACHETTE LIVRE les imprimant \u00e0 la demande.\r\nCertains de ces ouvrages refl\u00e8tent des courants de pens\u00e9e caract\u00e9ristiques de leur \u00e9poque, mais qui seraient aujourd'hui jug\u00e9s condamnables.\r\nIls n'en appartiennent pas moins \u00e0 l'histoire des id\u00e9es en France et sont susceptibles de pr\u00e9senter un int\u00e9r\u00eat scientifique ou historique.\r\nLe sens de notre d\u00e9marche \u00e9ditoriale consiste ainsi \u00e0 permettre l'acc\u00e8s \u00e0 ces oeuvres sans pour autant que nous en cautionnions en aucune fa\u00e7on le contenu.\r\n\r\nPour plus d'informations, rendez-vous sur www.hachettebnf.fr","authors":["Persigny J G V F."],"category_codes":["1000000","1060000","1060200"],"visuals":{"large":"https:\/\/images.epagine.fr\/295\/9782011332295_1_75.jpg","medium":"https:\/\/images.epagine.fr\/295\/9782011332295_1_m.jpg","thumbnail":"https:\/\/images.epagine.fr\/295\/9782011332295_1_v.jpg"},"orderable":true,"show_badge":true,"formatted_price":"32,50&nbsp;\u20ac","formatted_published_date":"1er septembre 2016","publisher_availability_label":"Sur commande","short_details":"Persigny J G V F. \u2014 Hachette BNF","translator":null,"weight":755,"page_count":550,"readership":null,"editor":"Hachette BNF","price":3250,"published_date":"2016-08-31T22:00:00.000000Z","support":"Grand format","publisher_availability":1,"stock":0,"editions":[],"url":"https:\/\/quaidesbrumes.com\/ouvrage\/9782011332295\/memoires-du-duc-de-persigny-publies-avec-des-documents-inedits-un-avant-propos-et-un-epilogue"},{"id":"9791090280984","title":"Maman, j'aurais pu...","description":"Ce livre raconte la perte d'un \u00eatre cher, les regrets qui se profilent et le vide de l'absence. \r\nR\u00e9aliser que la vie est belle, malgr\u00e9 tout, et que chaque instant devrait \u00eatre un moment de f\u00e9licit\u00e9, de  jubilation. Une fleur qui s'ouvre, un parfum qui s'en d\u00e9gage, un ciel bleu ou orageux, un air de  musique, un rire d'enfant, un film qui vous transporte, une sonate jou\u00e9e au piano, un livre que l'on  referme \u00e0 regret, tant il vous a \u00e9mue, un b\u00e9b\u00e9 quoi gazouille, des souvenirs qui reviennent en boucle,  un plat r\u00e9alis\u00e9 avec amour, un voyage dans l'espace et \u00e0 travers le temps, un tableau qui vous laisse  interdite...\u00a0\r","authors":["Maryl\u00e8ne Azencot"],"category_codes":["1000000","1060000","1060300"],"visuals":{"large":"https:\/\/images.epagine.fr\/984\/9791090280984_1_75.jpg","medium":"https:\/\/images.epagine.fr\/984\/9791090280984_1_m.jpg","thumbnail":"https:\/\/images.epagine.fr\/984\/9791090280984_1_v.jpg"},"orderable":true,"show_badge":true,"formatted_price":"20,00&nbsp;\u20ac","formatted_published_date":"10 juillet 2017","publisher_availability_label":"Sur commande","short_details":"Maryl\u00e8ne Azencot \u2014 Claire Lorrain","translator":null,"weight":160,"page_count":139,"readership":null,"editor":"Claire Lorrain","price":2000,"published_date":"2017-07-09T22:00:00.000000Z","support":"Grand format","publisher_availability":1,"stock":0,"editions":[],"url":"https:\/\/quaidesbrumes.com\/ouvrage\/9791090280984\/maman-jaurais-pu"},{"id":"9782841868070","title":"Invincible","description":"La lumi\u00e8re qui irradie Marianne Van D. explique-t-elle le parcours \u00e9difiant de cette jeune femme invincible, \u00e9tonnamment libre et vou\u00e9e \u00e0 l'amour ?\r\nUn 14 juillet, \u00e0 14 ans, Marianne est violemment percut\u00e9e par une voiture et vivra alors l'exp\u00e9rience de la mort imminente. Au sortir du coma, elle ne sera plus jamais la m\u00eame. Lib\u00e9r\u00e9e de toute peur, Marianne ira d\u00e9sormais partout o\u00f9 l'amour la m\u00e8nera, quitte \u00e0 vivre des situations extr\u00eames. Le choix n'est jamais fait, il est v\u00e9cu avec la force du naturel, le corps \u00e9tant d\u00e9finitivement dissoci\u00e9 de l'esprit. Son visage s'illumine \u00e0 mesure de sa qu\u00eate du regard des autres. Invincible, en perp\u00e9tuelle libert\u00e9 inconditionnelle, elle assume ses actes autant qu'elle se nourrit du plaisir de conjuguer l'amour sous toutes ses formes.\r\n\r\n \r\nInvincible ! est l'affirmation d'une femme libre, affranchie, de celles qu'on ne saurait juger ; r\u00e9cit d'apprentissage dont la franchise et la simplicit\u00e9 d\u00e9sarmantes ne cessent de nous renvoyer \u00e0 nos propres limites.","authors":["Marianne Van d."],"category_codes":["1000000","1060000","1060100"],"visuals":{"large":"https:\/\/images.epagine.fr\/070\/9782841868070_1_75.jpg","medium":"https:\/\/images.epagine.fr\/070\/9782841868070_1_m.jpg","thumbnail":"https:\/\/images.epagine.fr\/070\/9782841868070_1_v.jpg"},"orderable":true,"show_badge":true,"formatted_price":"20,00&nbsp;\u20ac","formatted_published_date":"15 octobre 2015","publisher_availability_label":"Sur commande","short_details":"Marianne Van d. \u2014 MICHALON","translator":null,"weight":313,"page_count":229,"readership":null,"editor":"MICHALON","price":2000,"published_date":"2015-10-14T22:00:00.000000Z","support":"Grand format","publisher_availability":1,"stock":0,"editions":[],"url":"https:\/\/quaidesbrumes.com\/ouvrage\/9782841868070\/invincible"},{"id":"9782369650492","title":"De Pontlieue \u00e0 Kaliningrad ; les tribulations d'un enfant du si\u00e8cle","description":"N\u00e9 en 1921, l'auteur raconte son enfance mancelle, \u00e0 laquelle la guerre va mettre fin : Arrestation \u00e0 Parthenay, en juillet 1943, par la police de Vichy en vertu d'un arr\u00eat\u00e9 d'internement du Pr\u00e9fet des Deux-S\u00e8vres, comme r\u00e9fractaire au S.T.O.; arrestation \u00e0 Dantzig en 1944, par la Gestapo, pour complicit\u00e9 dans l'\u00e9vasion de prisonniers de guerre alli\u00e9s ; arrestation \u00e0 Graudenz, en 1945, par la police militaire sovi\u00e9tique.\r\n Il fut parmi les derniers Fran\u00e7ais rapatri\u00e9s d'URSS, fin octobre 1945, avec le convoi des \u00ab Malgr\u00e9 Nous \u00bb.\r\n Il a \u00e9t\u00e9 journaliste \u00e0 La Nouvelle R\u00e9publique du Centre-Ouest et \u00e0 Ouest-France de 1946 \u00e0 1956.\r\n Les \u00ab tribulations \u00bb du jeune Claude Patard, emport\u00e9 \u00e0 travers l'Europe par le tourbillon de ce cataclysme sont un t\u00e9moignage poignant de la furie des hommes, parsem\u00e9es des in\u00e9vitables pertes de proches, d'amis, de parents.","authors":["Claude Patard"],"category_codes":["1000000","1060000","1060100"],"visuals":{"large":"https:\/\/images.epagine.fr\/492\/9782369650492_1_75.jpg","medium":"https:\/\/images.epagine.fr\/492\/9782369650492_1_m.jpg","thumbnail":"https:\/\/images.epagine.fr\/492\/9782369650492_1_v.jpg"},"orderable":true,"show_badge":true,"formatted_price":"19,00&nbsp;\u20ac","formatted_published_date":"28 ao\u00fbt 2015","publisher_availability_label":"Sur commande","short_details":"Claude Patard \u2014 DECOOPMAN","translator":null,"weight":370,"page_count":280,"readership":null,"editor":"DECOOPMAN","price":1900,"published_date":"2015-08-27T22:00:00.000000Z","support":"Grand format","publisher_availability":1,"stock":0,"editions":[],"url":"https:\/\/quaidesbrumes.com\/ouvrage\/9782369650492\/de-pontlieue-a-kaliningrad-les-tribulations-dun-enfant-du-siecle"},{"id":"9780008149314","title":"JIMMY PAGE","description":null,"authors":["Chris Salewicz"],"category_codes":["1000000","1060000","1060100"],"visuals":{"large":"https:\/\/images.epagine.fr\/314\/9780008149314_1_75.jpg","medium":"https:\/\/images.epagine.fr\/314\/9780008149314_1_m.jpg","thumbnail":"https:\/\/images.epagine.fr\/314\/9780008149314_1_v.jpg"},"orderable":true,"show_badge":true,"formatted_price":"21,40&nbsp;\u20ac","formatted_published_date":"2 juin 2016","publisher_availability_label":"Sur commande","short_details":"Chris Salewicz \u2014 Harper Collins Publishers","translator":null,"weight":0,"page_count":null,"readership":null,"editor":"Harper Collins Publishers","price":2140,"published_date":"2016-06-01T22:00:00.000000Z","support":"Grand format","publisher_availability":1,"stock":0,"editions":[],"url":"https:\/\/quaidesbrumes.com\/ouvrage\/9780008149314\/jimmy-page"},{"id":"9782234079847","title":"Op\u00e9ration C\u00e9sar ; au coeur de la machine de mort syrienne","description":"Jamais des preuves aussi accablantes de crimes  de guerre et de crimes contre l'humanit\u00e9 n'avaient \u00e9t\u00e9  divulgu\u00e9es alors qu'un conflit se poursuit. En Syrie un  homme l'a fait. Son nom de code ? C\u00e9sar. Ce photographe  de la police militaire a risqu\u00e9 sa vie pour  exfiltrer, pendant deux ans, 45 000 photos et documents  de d\u00e9tenus tortur\u00e9s \u00e0 mort. Il n'est jamais  apparu devant des m\u00e9dias.\r\n\r\nEn janvier 2015, dans le magazine am\u00e9ricain Foreign  Affairs, le pr\u00e9sident Bachar el-Assad a affirm\u00e9 que ce  photographe militaire n'existait pas : \u00ab Qui a pris ces  photos ? Qui est-il ? Personne ne sait. Aucune v\u00e9rification  de ces preuves n'a \u00e9t\u00e9 faite. Ce sont des all\u00e9gations  sans preuves. \u00bb   C\u00e9sar existe. L'auteur de ce livre a pass\u00e9 des dizaines  d'heures avec lui. Son t\u00e9moignage est exceptionnel.  L'enqu\u00eate sur le fonctionnement de la machine de mort  syrienne, qui \u00e9taye son r\u00e9cit, est une plong\u00e9e dans  l'indicible.","authors":["Garance Le caisne"],"category_codes":["1000000","1060000","1060300","1060311"],"visuals":{"large":"https:\/\/images.epagine.fr\/847\/9782234079847_1_75.jpg","medium":"https:\/\/images.epagine.fr\/847\/9782234079847_1_m.jpg","thumbnail":"https:\/\/images.epagine.fr\/847\/9782234079847_1_v.jpg"},"orderable":true,"show_badge":true,"formatted_price":"21,50&nbsp;\u20ac","formatted_published_date":"7 octobre 2015","publisher_availability_label":"Sur commande","short_details":"Garance Le caisne \u2014 Stock","translator":null,"weight":298,"page_count":240,"readership":null,"editor":"Stock","price":2150,"published_date":"2015-10-06T22:00:00.000000Z","support":"Grand format","publisher_availability":1,"stock":0,"editions":[],"url":"https:\/\/quaidesbrumes.com\/ouvrage\/9782234079847\/operation-cesar-au-coeur-de-la-machine-de-mort-syrienne"},{"id":"9782702158593","title":"Comment j'ai sauv\u00e9 mon enfant","description":"Question banlieue, on croit avoir entendu tout le monde et tout essay\u00e9. C'est faux. Les m\u00e8res n'ont que rarement eu voix au chapitre. \u00c9meutes dans les banlieues, tuerie de Charlie Hebdo, les \u00e9ternels experts parlent entre eux, mais rien ne change. La pr\u00e9carit\u00e9, l'\u00e9chec scolaire, le ch\u00f4mage, la violence, la radicalisation, tout empire. Et qui soigne, qui console, qui pleure ? Les m\u00e8res, toujours les m\u00e8res.\r\nNadia Remadna est l'une de ces m\u00e8res qui, en 50 ans de vie pass\u00e9s entre l'Alg\u00e9rie et la France, notamment \u00e0 Sevran, cit\u00e9 sacrifi\u00e9e d'un d\u00e9partement rejet\u00e9, a tout vu : les profs qui peinent \u00e0 enseigner, ses coll\u00e8gues assistantes sociales d\u00e9pass\u00e9es, les dealers qui recrutent les gamins d\u00e9scolaris\u00e9s, les embrouilles qui finissent en prison, les jeunes policiers apeur\u00e9s, l'islamisation en marche jusque dans son salon.\r\nPourtant, Nadia Remadna refuse de parler de fatalit\u00e9 et de s'accommoder de la mis\u00e8re ; elle a cr\u00e9\u00e9 pour cela l'association la Brigade des m\u00e8res pour aider les familles dans les quartiers et \u00e9viter les d\u00e9rives.\r\nDans ce livre, compos\u00e9 de 40 petits chapitres rythm\u00e9s \u00e0 la mani\u00e8re de sayn\u00e8tes de stand-up, elle raconte avec un humour ravageur et beaucoup de finesse comment elle a sauv\u00e9 ses enfants.\r","authors":["Nadia Remadna"],"category_codes":["1000000","1060000","1060300","1060303"],"visuals":{"large":"https:\/\/images.epagine.fr\/593\/9782702158593_1_75.jpg","medium":"https:\/\/images.epagine.fr\/593\/9782702158593_1_m.jpg","thumbnail":"https:\/\/images.epagine.fr\/593\/9782702158593_1_v.jpg"},"orderable":true,"show_badge":true,"formatted_price":"17,00&nbsp;\u20ac","formatted_published_date":"6 janvier 2016","publisher_availability_label":"Sur commande","short_details":"Nadia Remadna \u2014 Calmann-L\u00e9vy","translator":null,"weight":320,"page_count":250,"readership":null,"editor":"Calmann-L\u00e9vy","price":1700,"published_date":"2016-01-05T23:00:00.000000Z","support":"Grand format","publisher_availability":1,"stock":0,"editions":[],"url":"https:\/\/quaidesbrumes.com\/ouvrage\/9782702158593\/comment-jai-sauve-mon-enfant"},{"id":"9782343068640","title":"M\u00e9moire de Th\u00e8bes ; fragments d'Egypte d'hier et d'aujourd'hui","description":"L'ouvrage retrace l'itin\u00e9raire d'un \u00e9gyptologue passionn\u00e9, curieux de son environnement g\u00e9ographique et humain, amoureux inconditionnel de son pays d'adoption. Il offre une r\u00e9trospective de toutes ces ann\u00e9es partag\u00e9es  entre une Egypte cosmopolite et moderne et une autre, profonde, attachante et encore ancr\u00e9e dans ses coutumes et ses traditions ancestrales. La vie de Christian Leblanc concr\u00e9tise parfaitement les paroles de Jean-Fran\u00e7ois Champollion qui disait que \u00ab seul l'enthousiasme est la vraie vie \u00bb.","authors":["Christian Leblanc"],"category_codes":["1000000","1060000"],"visuals":{"large":"https:\/\/images.epagine.fr\/640\/9782343068640_1_75.jpg","medium":"https:\/\/images.epagine.fr\/640\/9782343068640_1_m.jpg","thumbnail":"https:\/\/images.epagine.fr\/640\/9782343068640_1_v.jpg"},"orderable":true,"show_badge":true,"formatted_price":"48,50&nbsp;\u20ac","formatted_published_date":"14 octobre 2015","publisher_availability_label":"Sur commande","short_details":"Christian Leblanc \u2014 \u00c9ditions L'Harmattan","translator":null,"weight":1036,"page_count":580,"readership":null,"editor":"\u00c9ditions L'Harmattan","price":4850,"published_date":"2015-10-13T22:00:00.000000Z","support":"Grand format","publisher_availability":1,"stock":0,"editions":[],"url":"https:\/\/quaidesbrumes.com\/ouvrage\/9782343068640\/memoire-de-thebes-fragments-degypte-dhier-et-daujourdhui"},{"id":"9782806634801","title":"Une belle histoire d'\u00e9cole ; Clair-Vivre ; je te raconte ! d'anciens \u00e9l\u00e8ves se souviennent","description":"Nous qui avons tant voyag\u00e9 dans le monde de l'enfance, nous vous offrons ces d\u00e9licieux t\u00e9moignages r\u00e9dig\u00e9s par nos anciens \u00e9l\u00e8ves, devenue des adultes. Avec nous, ils ont tenu \u00e0 revisiter le pass\u00e9 de Clair-Vivre et mis un point final au livre de 50 ans d'un \"projet \u00e9ducatif ambitieux\"... Ils sont le plus beau des t\u00e9moignages que nous souhaitons partager avec vous, lecteurs et lectrices de cette histoire racont\u00e9e et nous les en remercions (L'\u00e9quipe de r\u00e9daction).\r","authors":["Collectif"],"category_codes":["1000000","1060000","1060300"],"visuals":{"large":"https:\/\/images.epagine.fr\/801\/9782806634801_1_75.jpg","medium":"https:\/\/images.epagine.fr\/801\/9782806634801_1_m.jpg","thumbnail":"https:\/\/images.epagine.fr\/801\/9782806634801_1_v.jpg"},"orderable":true,"show_badge":true,"formatted_price":"8,00&nbsp;\u20ac","formatted_published_date":"13 octobre 2015","publisher_availability_label":"Sur commande","short_details":"Collectif \u2014 EME EDITIONS","translator":null,"weight":60,"page_count":42,"readership":null,"editor":"EME EDITIONS","price":800,"published_date":"2015-10-12T22:00:00.000000Z","support":"Grand format","publisher_availability":1,"stock":0,"editions":[],"url":"https:\/\/quaidesbrumes.com\/ouvrage\/9782806634801\/une-belle-histoire-decole-clair-vivre-je-te-raconte-danciens-eleves-se-souviennent"},{"id":"9782824606873","title":"Il m'a pris mon fils","description":"Septembre 2011. Le petit Mathis, 8 ans, est enlev\u00e9 par son p\u00e8re. Depuis, Nathalie ne l'a jamais revu. Elle ne sait pas ce que son fils est devenu, ni m\u00eame s'il est encore vivant.\r\n\r\nLes probl\u00e8mes ont d\u00e9but\u00e9 quelques mois apr\u00e8s leur mariage, le mari de Nathalie se transformant en un autre homme, manipulateur et pervers. Au point que le couple se s\u00e9pare. Lorsque Mathis va chez son p\u00e8re qui en a la garde partag\u00e9e, la peur se lit dans ses yeux. Et puis, un jour, le pire se produit : Mathis disparait.\r\n \r\nDepuis, son p\u00e8re affirme l'avoir emmen\u00e9 \u00e0 l'\u00e9tranger, confi\u00e9 \u00e0 d'autres. Mais Nathalie ne sait rien, n'est s\u00fbre de rien. Alors, depuis des ann\u00e9es, le quotidien de cette maman est devenu un chemin de croix qu'elle m\u00e8ne avec une force exceptionnelle. Pour l'amour de son fils.\r\n\r\nLe d\u00e9chirant t\u00e9moignage d'une m\u00e8re meurtrie.\r","authors":["Nathalie Barr\u00e9","Franck Bodereau"],"category_codes":["1000000","1060000","1060300"],"visuals":{"large":"https:\/\/images.epagine.fr\/873\/9782824606873_1_75.jpg","medium":"https:\/\/images.epagine.fr\/873\/9782824606873_1_m.jpg","thumbnail":"https:\/\/images.epagine.fr\/873\/9782824606873_1_v.jpg"},"orderable":true,"show_badge":true,"formatted_price":"22,75&nbsp;\u20ac","formatted_published_date":"12 novembre 2015","publisher_availability_label":"Sur commande","short_details":"Nathalie Barr\u00e9, Franck Bodereau \u2014 City \u00c9ditions","translator":null,"weight":380,"page_count":272,"readership":null,"editor":"City \u00c9ditions","price":2275,"published_date":"2015-11-11T23:00:00.000000Z","support":"Grand format","publisher_availability":1,"stock":0,"editions":[],"url":"https:\/\/quaidesbrumes.com\/ouvrage\/9782824606873\/il-ma-pris-mon-fils"},{"id":"9782343071145","title":"Mon chemin de gu\u00e9rison, du viol au pardon","description":"\"Ce livre est un t\u00e9moignage bouleversant du mal que peuvent engendrer un p\u00e8re violeur et une m\u00e8re complice par un silence d\u00e9vasteur.\"\r","authors":["Mathilde Desanges"],"category_codes":["1000000","1060000","1060300"],"visuals":{"large":"https:\/\/images.epagine.fr\/145\/9782343071145_1_75.jpg","medium":"https:\/\/images.epagine.fr\/145\/9782343071145_1_m.jpg","thumbnail":"https:\/\/images.epagine.fr\/145\/9782343071145_1_v.jpg"},"orderable":true,"show_badge":true,"formatted_price":"16,00&nbsp;\u20ac","formatted_published_date":"1er septembre 2015","publisher_availability_label":"Sur commande","short_details":"Mathilde Desanges \u2014 \u00c9ditions L'Harmattan","translator":null,"weight":170,"page_count":136,"readership":null,"editor":"\u00c9ditions L'Harmattan","price":1600,"published_date":"2015-08-31T22:00:00.000000Z","support":"Grand format","publisher_availability":1,"stock":0,"editions":[],"url":"https:\/\/quaidesbrumes.com\/ouvrage\/9782343071145\/mon-chemin-de-guerison-du-viol-au-pardon"},{"id":"9782312037431","title":"Ultime combat","description":"Ce r\u00e9cit est une histoire vraie, l'histoire d'un homme ayant souffert d'une grave maladie pendant vingt ans sans jamais se plaindre et qui a donn\u00e9 \u00e0 tous ceux qui l'entouraient une vraie le\u00e7on de courage. Pendant vingt longues ann\u00e9es il a men\u00e9 ce combat dans la dignit\u00e9, mais son courage \u00e0 toute \u00e9preuve n'a pas suffi pour le raccrocher \u00e0 la vie et c'est dans des souffrances intol\u00e9rables et insoutenables pour lui et son entourage que sans faire de bruit il a l\u00e2ch\u00e9 prise en ce d\u00e9but de soir\u00e9e du 5 F\u00e9vrier 2015. Son dernier message laiss\u00e9 \u00e0 sa famille fut un regard rempli d'amour, puis il est parti en laissant \u00e9chapper une larme comme s'il voulait nous demander pardon de nous quitter si vite. Il repose en paix et nous saluons une fois encore ce courage extraordinaire qui l'a anim\u00e9 tout au long de cet ultime combat gagn\u00e9 par la maladie. Nous nous \u00e9tions fait cette promesse de nous aimer jusqu'\u00e0 ce que la mort nous s\u00e9pare et nous avons tenu cet engagement. Nous pensions alors que la mort serait un concept tr\u00e8s lointain, que nous aurions le temps de devenir de bons petits vieux qui ne vivraient que l'un pour l'autre, mais notre destin en a d\u00e9cid\u00e9 autrement et aujourd'hui, je poursuis ce chemin seul jusqu'\u00e0 ce que nous nous retrouvions dans l'au-del\u00e0.\r","authors":["Nicka-marie Pellerin"],"category_codes":["1000000","1060000","1060100"],"visuals":{"large":"https:\/\/images.epagine.fr\/431\/9782312037431_1_75.jpg","medium":"https:\/\/images.epagine.fr\/431\/9782312037431_1_m.jpg","thumbnail":"https:\/\/images.epagine.fr\/431\/9782312037431_1_v.jpg"},"orderable":true,"show_badge":true,"formatted_price":"16,00&nbsp;\u20ac","formatted_published_date":"1er septembre 2015","publisher_availability_label":"Sur commande","short_details":"Nicka-marie Pellerin \u2014 Editions du Net","translator":null,"weight":400,"page_count":226,"readership":null,"editor":"Editions du Net","price":1600,"published_date":"2015-08-31T22:00:00.000000Z","support":"Grand format","publisher_availability":1,"stock":0,"editions":["9782312037776"],"url":"https:\/\/quaidesbrumes.com\/ouvrage\/9782312037431\/ultime-combat"},{"id":"9782290123362","title":"Je viens d'un pays qui n'existe plus","description":"Le mannequin slovaque raconte son parcours, de sa participation \u00e0 un casting alors qu'elle \u00e9tudiait la m\u00e9decine \u00e0 Prague \u00e0 son action dans le domaine caritatif, en passant par sa carri\u00e8re \u00e0 la t\u00e9l\u00e9vision.\r","authors":["Adriana Karembeu"],"category_codes":["1000000","1060000","1060100"],"visuals":{"large":"https:\/\/images.epagine.fr\/362\/9782290123362_1_75.jpg","medium":"https:\/\/images.epagine.fr\/362\/9782290123362_1_m.jpg","thumbnail":"https:\/\/images.epagine.fr\/362\/9782290123362_1_v.jpg"},"orderable":true,"show_badge":true,"formatted_price":"6,70&nbsp;\u20ac","formatted_published_date":"10 f\u00e9vrier 2016","publisher_availability_label":"Sur commande","short_details":"Adriana Karembeu \u2014 J'ai Lu","translator":null,"weight":160,"page_count":256,"readership":null,"editor":"J'ai Lu","price":670,"published_date":"2016-02-09T23:00:00.000000Z","support":"Poche","publisher_availability":1,"stock":0,"editions":[],"url":"https:\/\/quaidesbrumes.com\/ouvrage\/9782290123362\/je-viens-dun-pays-qui-nexiste-plus"},{"id":"9782312035048","title":"Ebitda, my love","description":"Ce livre relate l'exp\u00e9rience de l'auteur, entra\u00een\u00e9 malgr\u00e9 lui dans le tourbillon d'une tr\u00e8s grande soci\u00e9t\u00e9, par le jeu de diverses absorptions successives. De la position de dirigeant de PME, il passe \u00e0 celle d'un pion, dans une organisation tentaculaire, inhumaine, \u00e0 laquelle il ne peut se r\u00e9soudre \u00e0 s'adapter, la seule logique \u00e9tant celle de l'EBITDA. Chapitre apr\u00e8s chapitre, il traite de son exp\u00e9rience dans cette organisation proc\u00e9duri\u00e8re et froide, le tout sur fond de bandes dessin\u00e9es, de fables de La Fontaine, de pens\u00e9es de Pierre Dac et autres r\u00e9f\u00e9rences litt\u00e9raires. L'auteur nous fait passer du rire \u00e0 la prise de conscience de l'inanit\u00e9 des m\u00e9canismes de fonctionnement des grandes soci\u00e9t\u00e9s \u00e0 l'heure actuelle.\r","authors":["M\u00e9lusine Hanfaillite"],"category_codes":["1000000","1060000","1060300"],"visuals":{"large":"https:\/\/images.epagine.fr\/048\/9782312035048_1_75.jpg","medium":"https:\/\/images.epagine.fr\/048\/9782312035048_1_m.jpg","thumbnail":"https:\/\/images.epagine.fr\/048\/9782312035048_1_v.jpg"},"orderable":true,"show_badge":true,"formatted_price":"13,00&nbsp;\u20ac","formatted_published_date":"9 juillet 2015","publisher_availability_label":"Sur commande","short_details":"M\u00e9lusine Hanfaillite \u2014 Editions du Net","translator":null,"weight":356,"page_count":198,"readership":null,"editor":"Editions du Net","price":1300,"published_date":"2015-07-08T22:00:00.000000Z","support":"Grand format","publisher_availability":1,"stock":0,"editions":[],"url":"https:\/\/quaidesbrumes.com\/ouvrage\/9782312035048\/ebitda-my-love"},{"id":"9782312023694","title":"Enfants de la rue ; pour quel avenir en Afrique ?","description":"La situation des enfants de rue, est avant tout une honte. A l'allure exponentielle o\u00f9 elle se r\u00e9pand, elle d\u00e9vient humiliante. C'est pourquoi, elle doit \u00e9veiller les esprits des parents et des responsables, afin d'y rem\u00e9dier. Cette question se pose, donc la r\u00e9solution est urgente. Il s'agit de se mettre au travail, une fois le que le noeud du probl\u00e8me est d\u00e9cel\u00e9. Sur ce sujet point n'est besoin encore des discours, mais des actions. L'auteur en \u00e9crivant ce livre, pr\u00e9sente une esquisse des faits caract\u00e9risant les enfants des rues et diff\u00e9rentes pistes capables d'aider \u00e0 pouvoir trouver une solution. C'est un travail collectif qui m\u00e9rite l'implication de tout le monde, afin d'\u00e9radiquer ce ph\u00e9nom\u00e8ne tout en produisant des r\u00e9sultats durables.\r","authors":["Guy aur\u00e9lien Biantsissila"],"category_codes":["1000000","1060000","1060300"],"visuals":{"large":"https:\/\/images.epagine.fr\/694\/9782312023694_1_75.jpg","medium":"https:\/\/images.epagine.fr\/694\/9782312023694_1_m.jpg","thumbnail":"https:\/\/images.epagine.fr\/694\/9782312023694_1_v.jpg"},"orderable":true,"show_badge":true,"formatted_price":"12,00&nbsp;\u20ac","formatted_published_date":"9 juillet 2015","publisher_availability_label":"Sur commande","short_details":"Guy aur\u00e9lien Biantsissila \u2014 Editions du Net","translator":null,"weight":116,"page_count":108,"readership":null,"editor":"Editions du Net","price":1200,"published_date":"2015-07-08T22:00:00.000000Z","support":"Grand format","publisher_availability":1,"stock":0,"editions":[],"url":"https:\/\/quaidesbrumes.com\/ouvrage\/9782312023694\/enfants-de-la-rue-pour-quel-avenir-en-afrique"},{"id":"9782312034621","title":"Thomas More : l'homme complet de la Renaissance","description":"Grand humaniste, juriste, philosophe, parlementaire de premi\u00e8re importance et homme politique de stature europ\u00e9enne, Saint Thomas More ira jusqu'au martyre par fid\u00e9lit\u00e9 \u00e0 sa conscience. Proclam\u00e9 patron des responsables de gouvernement et hommes poli-tiques en 2000 \u00e0 leur propre requ\u00eate, il leur avait l\u00e9gu\u00e9 dans son ouvrage ma\u00eetre, L 'Utopie ou Nulle Part, une r\u00e9flexion qu'il a pouss\u00e9e tr\u00e8s loin sur la loi naturelle de la personne humaine, essentiel fondement d'une d\u00e9mocratie. A ce concept purement philosophique More a, en effet, conf\u00e9r\u00e9 va-leur juridique contraignante, r\u00e9futant la validit\u00e9 des lois qui furent invoqu\u00e9es contre lui devant ses juges et pairs parlementaires, compl\u00e8te-ment interdits. Utopique ? Que non pas, Utopien : un essai qui nous invite \u00e0 \u00e9tablir cette distinction radicale entre les deux termes, contredisant l'usage fran\u00e7ais erron\u00e9 de chim\u00e8re irr\u00e9alisable du premier.\r","authors":["Elisabeth-Marie Ganne"],"category_codes":["1000000","1060000","1060200"],"visuals":{"large":"https:\/\/images.epagine.fr\/621\/9782312034621_1_75.jpg","medium":"https:\/\/images.epagine.fr\/621\/9782312034621_1_m.jpg","thumbnail":"https:\/\/images.epagine.fr\/621\/9782312034621_1_v.jpg"},"orderable":true,"show_badge":true,"formatted_price":"20,00&nbsp;\u20ac","formatted_published_date":"28 mai 2015","publisher_availability_label":"Sur commande","short_details":"Elisabeth-Marie Ganne \u2014 EDITIONS VALENSIN","translator":null,"weight":417,"page_count":278,"readership":null,"editor":"EDITIONS VALENSIN","price":2000,"published_date":"2015-05-27T22:00:00.000000Z","support":"Grand format","publisher_availability":1,"stock":0,"editions":[],"url":"https:\/\/quaidesbrumes.com\/ouvrage\/9782312034621\/thomas-more-lhomme-complet-de-la-renaissance"},{"id":"9781910931028","title":"GIRL WHO BEAT ISIS","description":"In August 2014, Farida Khalaf was just a normal Yazidi girl, living in a village high in the mountains of northern Iraq. Then her village was attacked and swiftly taken by ISIS fighters, and her whole world changed. The jihadists murdered the men and the boys of her village, including her father and brothers, before taking Farida prisoner along with the rest of the women.  This is the story of what happened to Farida after she was captured: the beatings, the rapes, the markets where ISIS  sold their female prisoners like cattle, and Farida''s realisation that the more difficult and resistant she became, the harder it was for her captors to continue their atrocities against her. So she struggled, she bit, she kicked, she accused her captors of going against their religion, and then, one day, the door to her room was left unlocked. She took her chance along with 5 other women, and set out across the Syrian desert ...  This is a story of incredible courage in the face of unthinkable atrocity. As the battle against ISIS continues to ravage the Middle East,  The Girl Who Beat Isis  provides an astonishing perspective on this very terrifying  global threat.\r","authors":["Farida Abbas"],"category_codes":["1000000","1060000","1060100"],"visuals":{"large":"https:\/\/images.epagine.fr\/028\/9781910931028_1_75.jpg","medium":"https:\/\/images.epagine.fr\/028\/9781910931028_1_m.jpg","thumbnail":"https:\/\/images.epagine.fr\/028\/9781910931028_1_v.jpg"},"orderable":true,"show_badge":true,"formatted_price":"18,80&nbsp;\u20ac","formatted_published_date":"7 juillet 2016","publisher_availability_label":"Sur commande","short_details":"Farida Abbas \u2014 Random House UK","translator":null,"weight":306,"page_count":204,"readership":null,"editor":"Random House UK","price":1880,"published_date":"2016-07-06T22:00:00.000000Z","support":"Grand format","publisher_availability":1,"stock":0,"editions":[],"url":"https:\/\/quaidesbrumes.com\/ouvrage\/9781910931028\/girl-who-beat-isis"},{"id":"9782812707186","title":"Angeline ma princesse ha\u00eftienne, petite fille miracul\u00e9e","description":null,"authors":["Corinne Martini"],"category_codes":["1000000","1060000","1060300"],"visuals":{"large":"https:\/\/quaidesbrumes.com\/img\/book-placeholder.png","medium":"https:\/\/quaidesbrumes.com\/img\/book-placeholder.png","thumbnail":"https:\/\/quaidesbrumes.com\/img\/book-placeholder.png"},"orderable":true,"show_badge":true,"formatted_price":"17,00&nbsp;\u20ac","formatted_published_date":"19 octobre 2015","publisher_availability_label":"Sur commande","short_details":"Corinne Martini \u2014 Presses Du Midi","translator":null,"weight":167,"page_count":null,"readership":null,"editor":"Presses Du Midi","price":1700,"published_date":"2015-10-18T22:00:00.000000Z","support":"Grand format","publisher_availability":1,"stock":0,"editions":[],"url":"https:\/\/quaidesbrumes.com\/ouvrage\/9782812707186\/angeline-ma-princesse-haitienne-petite-fille-miraculee"},{"id":"9782368682425","title":"Briser le silence","description":"\u00ab Le silence est fait de paroles qui se taisent. \u00bb a \u00e9crit Yvon Rivard\r\nBriser le silence, c'est rompre le cercle infernal du mutisme, de l'indiff\u00e9rence. C'est faire comprendre aux victimes qu'elles sont des victimes et qu'elles doivent lib\u00e9rer leur parole pour accuser leur bourreau.\r\nBriser le silence, c'est pouvoir parler et trouver la personne qui saura \u00e9couter sans juger, \u00eatre attentive \u00e0 la d\u00e9tresse de celle ou celui qui lib\u00e8re sa parole.\r\nBriser le silence, c'est ne pas garder ce secret qui permet au coupable de continuer \u00e0 vivre sereinement et \u00e0 d\u00e9truire d'autres vies.\r\nBriser le silence, c'est oser oraliser, mettre des mots sur les maux, entreprendre une d\u00e9marche lib\u00e9ratoire, s'extraire de l'ab\u00eeme de la culpabilit\u00e9 et du repli sur soi.\r\nBriser le silence, c'est renvoyer l'agresseur \u00e0 sa propre violence, le placer face \u00e0 son crime, lui faire sentir le poids de sa folie, lui faire toucher du doigt la peur de se voir confronter \u00e0 ses juges.\r\nBriser le silence, c'est r\u00e9apprendre \u00e0 vivre et avancer dans sa vie sans peur et sans honte.","authors":["Annie Berlingen"],"category_codes":["1000000","1060000","1060300"],"visuals":{"large":"https:\/\/images.epagine.fr\/425\/9782368682425_1_75.jpg","medium":"https:\/\/images.epagine.fr\/425\/9782368682425_1_m.jpg","thumbnail":"https:\/\/images.epagine.fr\/425\/9782368682425_1_v.jpg"},"orderable":true,"show_badge":true,"formatted_price":"14,00&nbsp;\u20ac","formatted_published_date":"19 octobre 2015","publisher_availability_label":"Sur commande","short_details":"Annie Berlingen \u2014 Stellamaris","translator":null,"weight":117,"page_count":79,"readership":null,"editor":"Stellamaris","price":1400,"published_date":"2015-10-18T22:00:00.000000Z","support":"Grand format","publisher_availability":1,"stock":0,"editions":[],"url":"https:\/\/quaidesbrumes.com\/ouvrage\/9782368682425\/briser-le-silence"},{"id":"9782226258588","title":"Soeur  brigitte, la femme qui souleve des montagnes","description":null,"authors":["Luc Balbont"],"category_codes":["1000000","1060000","1060200"],"visuals":{"large":"https:\/\/quaidesbrumes.com\/img\/book-placeholder.png","medium":"https:\/\/quaidesbrumes.com\/img\/book-placeholder.png","thumbnail":"https:\/\/quaidesbrumes.com\/img\/book-placeholder.png"},"orderable":true,"show_badge":true,"formatted_price":"18,80&nbsp;\u20ac","formatted_published_date":"1er septembre 2015","publisher_availability_label":"Sur commande","short_details":"Luc Balbont \u2014 Albin Michel","translator":null,"weight":179,"page_count":null,"readership":null,"editor":"Albin Michel","price":1880,"published_date":"2015-08-31T22:00:00.000000Z","support":"Grand format","publisher_availability":1,"stock":0,"editions":[],"url":"https:\/\/quaidesbrumes.com\/ouvrage\/9782226258588\/soeur-brigitte-la-femme-qui-souleve-des-montagnes"},{"id":"9782343054117","title":"La jeunesse malienne : entre autonomie, mobilisation et exclusion","description":"\"La question de la jeunesse au Mali, bien qu ayant fait couler beaucoup d encre se traduit par des exp\u00e9rimentations : les pouvoirs politiques restent sous l impulsion des crises \u00e9tudiantes. Au point que la r\u00e9flexion politique peine \u00e0 soutenir les d\u00e9bats autant qu elle peine \u00e0 r\u00e9unir les conditions de d\u00e9veloppement des travaux portant sur l \u00e9ducation, la formation, l insertion professionnelle et la migration de cette jeunesse. Cet ouvrage dresse le bilan de l \u00e9tat de ces recherches.\"\r","authors":["Tiefing Sissoko"],"category_codes":["1000000","1060000","1060300"],"visuals":{"large":"https:\/\/images.epagine.fr\/117\/9782343054117_1_75.jpg","medium":"https:\/\/images.epagine.fr\/117\/9782343054117_1_m.jpg","thumbnail":"https:\/\/images.epagine.fr\/117\/9782343054117_1_v.jpg"},"orderable":true,"show_badge":true,"formatted_price":"29,00&nbsp;\u20ac","formatted_published_date":"22 juillet 2015","publisher_availability_label":"Sur commande","short_details":"Tiefing Sissoko \u2014 \u00c9ditions L'Harmattan","translator":null,"weight":315,"page_count":274,"readership":null,"editor":"\u00c9ditions L'Harmattan","price":2900,"published_date":"2015-07-21T22:00:00.000000Z","support":"Grand format","publisher_availability":1,"stock":0,"editions":[],"url":"https:\/\/quaidesbrumes.com\/ouvrage\/9782343054117\/la-jeunesse-malienne-entre-autonomie-mobilisation-et-exclusion"}]}