{"data":[{"id":"9782843103018","title":"Mark Twain : tourisme et vanit\u00e9","description":"Au d\u00e9but de l'\u00e8re du tourisme de masse, la plan\u00e8te est devenue le terrain de jeux des touristes-consommateurs. Dans ce contexte, quatre livres de voyage relatent les aventures souvent burlesques d'un Mark Twain haut en couleur, qui se pr\u00e9sente comme un b\u00e9otien mais se pique de science et d'art. Ses r\u00e9cits le d\u00e9voilent dans ses oeuvres, qui transforment le monde en une production esth\u00e9tique refl\u00e9tant ses obsessions personnelles. Les lieux fun\u00e9raires, omnipr\u00e9sents, suscitent un travail introspectif o\u00f9 pointe l'angoisse de la mort. Dans le monde ainsi transmu\u00e9 affleurent \u00e7\u00e0 et l\u00e0 des fragments de l'univers psychique de l'auteur en tant qu'artiste, engag\u00e9 dans une d\u00e9marche comparable \u00e0 celle des peintres de Vanit\u00e9s du XVIIe si\u00e8cle, que la persona perp\u00e9tue sur le mode litt\u00e9raire. Tourisme et vanit\u00e9 s'appuie sur le fonds prestigieux des archives Mark Twain de l'universit\u00e9 de Berkeley et propose de nombreuses traductions in\u00e9dites. Il d\u00e9laisse l'aspect biographique des voyages de Samuel Clemens pour se concentrer uniquement sur la production textuelle, notamment dans ses rapports avec l'image.","authors":["Frederic Dumas"],"category_codes":["1000000","1060000"],"visuals":{"large":"https:\/\/images.epagine.fr\/018\/9782843103018_1_75.jpg","medium":"https:\/\/images.epagine.fr\/018\/9782843103018_1_m.jpg","thumbnail":"https:\/\/images.epagine.fr\/018\/9782843103018_1_v.jpg"},"orderable":true,"show_badge":true,"formatted_price":"25,00&nbsp;\u20ac","formatted_published_date":"9 juin 2015","publisher_availability_label":"Sur commande","short_details":"Frederic Dumas \u2014 Universite Grenoble Alpes","translator":null,"weight":472,"page_count":346,"readership":null,"editor":"Universite Grenoble Alpes","price":2500,"published_date":"2015-06-08T22:00:00.000000Z","support":"Grand format","publisher_availability":1,"stock":0,"editions":[],"url":"https:\/\/quaidesbrumes.com\/ouvrage\/9782843103018\/mark-twain-tourisme-et-vanite"},{"id":"9791092215052","title":"Arthur et Soshana ; un combat pour la vie","description":null,"authors":["Simon Edelstein"],"category_codes":["1000000","1060000","1060100"],"visuals":{"large":"https:\/\/images.epagine.fr\/052\/9791092215052_1_75.jpg","medium":"https:\/\/images.epagine.fr\/052\/9791092215052_1_m.jpg","thumbnail":"https:\/\/images.epagine.fr\/052\/9791092215052_1_v.jpg"},"orderable":true,"show_badge":true,"formatted_price":"22,90&nbsp;\u20ac","formatted_published_date":"23 juin 2014","publisher_availability_label":"Sur commande","short_details":"Simon Edelstein \u2014 Sofydan","translator":null,"weight":450,"page_count":null,"readership":null,"editor":"Sofydan","price":2290,"published_date":"2014-06-22T22:00:00.000000Z","support":"Grand format","publisher_availability":1,"stock":0,"editions":[],"url":"https:\/\/quaidesbrumes.com\/ouvrage\/9791092215052\/arthur-et-soshana-un-combat-pour-la-vie"},{"id":"9782343020365","title":"Corps et soci\u00e9t\u00e9","description":"\"De nos jours en Occident, le corps est partout (publicit\u00e9s, repr\u00e9sentations, discours, pratiques...). Depuis les ann\u00e9es 60, le corps et sa sant\u00e9 sont devenus des pr\u00e9occupations majeures. Le corps, universellement vis\u00e9 par les m\u00e9dias,  la science, les biotechnologies, n en demeure pas moins multiple, changeant, \u00e9nigmatique. Qu est-ce qui emporte le corps et nos corps dans ce mouvement acc\u00e9l\u00e9r\u00e9 ? Faut-il y voir l \u00e2ge d une d\u00e9mocratie du bien-\u00eatre, accomplissement des promesses modernes de lib\u00e9rations ou le spectre de nouveaux biopouvoirs, risques d ali\u00e9nation ?\"\r","authors":["Camille Tarot"],"category_codes":["1000000","1060000","1060300"],"visuals":{"large":"https:\/\/images.epagine.fr\/365\/9782343020365_1_75.jpg","medium":"https:\/\/images.epagine.fr\/365\/9782343020365_1_m.jpg","thumbnail":"https:\/\/images.epagine.fr\/365\/9782343020365_1_v.jpg"},"orderable":true,"show_badge":true,"formatted_price":"41,00&nbsp;\u20ac","formatted_published_date":"1er juillet 2015","publisher_availability_label":"Sur commande","short_details":"Camille Tarot \u2014 \u00c9ditions L'Harmattan","translator":null,"weight":600,"page_count":392,"readership":null,"editor":"\u00c9ditions L'Harmattan","price":4100,"published_date":"2015-06-30T22:00:00.000000Z","support":"Grand format","publisher_availability":1,"stock":0,"editions":[],"url":"https:\/\/quaidesbrumes.com\/ouvrage\/9782343020365\/corps-et-societe"},{"id":"9782343060194","title":"Parcours de migrants et de r\u00e9fugi\u00e9s ; entre espoir et souffrances","description":"\"Dans ce recueil de t\u00e9moignages de migrants, l auteur relate les \u00e9preuves li\u00e9es \u00e0 l insertion, \u00e0 l apprentissage de la langue fran\u00e7aise et rend compte des obstacles et des combats men\u00e9s au quotidien par les demandeurs d asile. Enfant issu de l immigration, l auteur illustre par des parall\u00e8les avec son propre v\u00e9cu les notions d inter-culturalit\u00e9, de plurilinguisme et de situations intemporelles. Optimiste quant aux parcours r\u00e9ussis, l ouvrage pointe aussi les dysfonctionnements, m\u00ealant \u00e0 la nostalgie questionnements, tendresse et r\u00e9volte.\"\r","authors":["No\u00ebl Azzara"],"category_codes":["1000000","1060000","1060300"],"visuals":{"large":"https:\/\/images.epagine.fr\/194\/9782343060194_1_75.jpg","medium":"https:\/\/images.epagine.fr\/194\/9782343060194_1_m.jpg","thumbnail":"https:\/\/images.epagine.fr\/194\/9782343060194_1_v.jpg"},"orderable":true,"show_badge":true,"formatted_price":"14,50&nbsp;\u20ac","formatted_published_date":"1er juillet 2015","publisher_availability_label":"Sur commande","short_details":"No\u00ebl Azzara \u2014 \u00c9ditions L'Harmattan","translator":null,"weight":174,"page_count":126,"readership":null,"editor":"\u00c9ditions L'Harmattan","price":1450,"published_date":"2015-06-30T22:00:00.000000Z","support":"Grand format","publisher_availability":1,"stock":0,"editions":[],"url":"https:\/\/quaidesbrumes.com\/ouvrage\/9782343060194\/parcours-de-migrants-et-de-refugies-entre-espoir-et-souffrances"},{"id":"9782011916150","title":"Livres rares et precieux manuscrits et imprimes bibliotheque de feu m. le comte de lignerolles - qua","description":"Catalogue des livres rares et pr\u00e9cieux manuscrits et imprim\u00e9s composant la biblioth\u00e8que de feu M. le comte de Lignerolles. Quatri\u00e8me partie : [vente, Paris, rue des Bons-Enfants, 28, salle 1, 4 mars 1895 et les onze jours suivants, Me Maurice Delestre, commissaire-priseur] Date de l'\u00e9dition originale : 1895 Sujet de l'ouvrage : Lignerolles, Raoul L\u00e9onor (1817-1893) -- Biblioth\u00e8que -- Catalogues de vente [Vente. Livres. 1895-03-04 - 1895-03-09. Paris][Vente. Livres. 1895-03-11 - 1895-03-14. Paris][Collection. Livres. Lignerolles, Raoul L\u00e9onor (1817-1893). 1895] Ce livre est la reproduction fid\u00e8le d une uvre publi\u00e9e avant 1920 et fait partie d une collection de livres r\u00e9imprim\u00e9s \u00e0 la demande \u00e9dit\u00e9e par Hachette Livre, dans le cadre d un partenariat avec la Biblioth\u00e8que nationale de France, offrant l opportunit\u00e9 d acc\u00e9der \u00e0 des ouvrages anciens et souvent rares issus des fonds patrimoniaux de la BnF.\r\nLes uvres faisant partie de cette collection ont \u00e9t\u00e9 num\u00e9ris\u00e9es par la BnF et sont pr\u00e9sentes sur Gallica, sa biblioth\u00e8que num\u00e9rique.\r\n\r\nEn entreprenant de redonner vie \u00e0 ces ouvrages au travers d une collection de livres r\u00e9imprim\u00e9s \u00e0 la demande, nous leur donnons la possibilit\u00e9 de rencontrer un public \u00e9largi et participons \u00e0 la transmission de connaissances et de savoirs parfois difficilement accessibles.\r\nNous avons cherch\u00e9 \u00e0 concilier la reproduction fid\u00e8le d un livre ancien \u00e0 partir de sa version num\u00e9ris\u00e9e avec le souci d un confort de lecture optimal. Nous esp\u00e9rons que les ouvrages de cette nouvelle collection vous apporteront enti\u00e8re satisfaction.\r\n\r\nPour plus d informations, rendez-vous sur www.hachettebnf.fr\r","authors":["C. Porquet"],"category_codes":["1000000","1060000"],"visuals":{"large":"https:\/\/images.epagine.fr\/150\/9782011916150_1_75.jpg","medium":"https:\/\/images.epagine.fr\/150\/9782011916150_1_m.jpg","thumbnail":"https:\/\/images.epagine.fr\/150\/9782011916150_1_v.jpg"},"orderable":true,"show_badge":true,"formatted_price":"22,00&nbsp;\u20ac","formatted_published_date":"1er ao\u00fbt 2015","publisher_availability_label":"Sur commande","short_details":"C. Porquet \u2014 Hachette BNF","translator":null,"weight":397,"page_count":null,"readership":null,"editor":"Hachette BNF","price":2200,"published_date":"2015-07-31T22:00:00.000000Z","support":"Grand format","publisher_availability":1,"stock":0,"editions":[],"url":"https:\/\/quaidesbrumes.com\/ouvrage\/9782011916150\/livres-rares-et-precieux-manuscrits-et-imprimes-bibliotheque-de-feu-m-le-comte-de-lignerolles-qua"},{"id":"9782011916334","title":"Livres rares et precieux manuscrits et imprimes bibliotheque de feu m. le comte de lignerolles - tro","description":"Catalogue des livres rares et pr\u00e9cieux manuscrits et imprim\u00e9s composant la biblioth\u00e8que de feu M. le comte de Lignerolles. Troisi\u00e8me partie : histoire : [vente, Paris, H\u00f4tel des commissaires-priseurs, salle 2, 16-25 avril 1894, Me Maurice Delestre, commissaire-priseur] Date de l'\u00e9dition originale : 1894 Sujet de l'ouvrage : Lignerolles, Raoul L\u00e9onor (1817-1893) -- Biblioth\u00e8que -- Catalogues de vente [Vente. Livres. 1894-04-16 - 1894-04-25. Paris][Collection. Livres. Lignerolles, Raoul L\u00e9onor (1817-1893). 1894] Ce livre est la reproduction fid\u00e8le d une uvre publi\u00e9e avant 1920 et fait partie d une collection de livres r\u00e9imprim\u00e9s \u00e0 la demande \u00e9dit\u00e9e par Hachette Livre, dans le cadre d un partenariat avec la Biblioth\u00e8que nationale de France, offrant l opportunit\u00e9 d acc\u00e9der \u00e0 des ouvrages anciens et souvent rares issus des fonds patrimoniaux de la BnF.\r\nLes uvres faisant partie de cette collection ont \u00e9t\u00e9 num\u00e9ris\u00e9es par la BnF et sont pr\u00e9sentes sur Gallica, sa biblioth\u00e8que num\u00e9rique.\r\n\r\nEn entreprenant de redonner vie \u00e0 ces ouvrages au travers d une collection de livres r\u00e9imprim\u00e9s \u00e0 la demande, nous leur donnons la possibilit\u00e9 de rencontrer un public \u00e9largi et participons \u00e0 la transmission de connaissances et de savoirs parfois difficilement accessibles.\r\nNous avons cherch\u00e9 \u00e0 concilier la reproduction fid\u00e8le d un livre ancien \u00e0 partir de sa version num\u00e9ris\u00e9e avec le souci d un confort de lecture optimal. Nous esp\u00e9rons que les ouvrages de cette nouvelle collection vous apporteront enti\u00e8re satisfaction.\r\n\r\nPour plus d informations, rendez-vous sur www.hachettebnf.fr\r","authors":["C. Porquet"],"category_codes":["1000000","1060000"],"visuals":{"large":"https:\/\/images.epagine.fr\/334\/9782011916334_1_75.jpg","medium":"https:\/\/images.epagine.fr\/334\/9782011916334_1_m.jpg","thumbnail":"https:\/\/images.epagine.fr\/334\/9782011916334_1_v.jpg"},"orderable":true,"show_badge":true,"formatted_price":"22,00&nbsp;\u20ac","formatted_published_date":"1er ao\u00fbt 2015","publisher_availability_label":"Sur commande","short_details":"C. Porquet \u2014 Hachette BNF","translator":null,"weight":408,"page_count":null,"readership":null,"editor":"Hachette BNF","price":2200,"published_date":"2015-07-31T22:00:00.000000Z","support":"Grand format","publisher_availability":1,"stock":0,"editions":[],"url":"https:\/\/quaidesbrumes.com\/ouvrage\/9782011916334\/livres-rares-et-precieux-manuscrits-et-imprimes-bibliotheque-de-feu-m-le-comte-de-lignerolles-tro"},{"id":"9782875250605","title":"Histoire d\u00e9rob\u00e9e","description":"1986. La grand-m\u00e8re de Victor, un jeune gar\u00e7on de dix-sept ans, meurt dans d'\u00e9tranges circonstances. 1943. Jeanne Martin a rendez-vous avec un passeur. Rien ne se d\u00e9roule comme pr\u00e9vu. Ne laissons personne nous d\u00e9rober notre histoire.","authors":[],"category_codes":["1000000","1060000"],"visuals":{"large":"https:\/\/images.epagine.fr\/605\/9782875250605_1_75.jpg","medium":"https:\/\/images.epagine.fr\/605\/9782875250605_1_m.jpg","thumbnail":"https:\/\/images.epagine.fr\/605\/9782875250605_1_v.jpg"},"orderable":true,"show_badge":true,"formatted_price":"10,00&nbsp;\u20ac","formatted_published_date":"2 juin 2015","publisher_availability_label":"Sur commande","short_details":"EME EDITIONS","translator":null,"weight":80,"page_count":60,"readership":null,"editor":"EME EDITIONS","price":1000,"published_date":"2015-06-01T22:00:00.000000Z","support":"Grand format","publisher_availability":1,"stock":0,"editions":[],"url":"https:\/\/quaidesbrumes.com\/ouvrage\/9782875250605\/histoire-derobee"},{"id":"9782360850655","title":"L'enfance \u00e0 l'\u00e9cole des autres","description":"\"Comment des enfants d origines diverses vivent ensemble au sein d une classe ? Un anthropologue sp\u00e9cialis\u00e9 en cin\u00e9ma et un chercheur en \u00e9ducation compar\u00e9e ont travaill\u00e9 pendant trois ans dans deux classes d \u00e9coles primaires en Roumanie et en Italie. L objectif \u00e9tait de r\u00e9aliser deux films qui serviraient ensuite de supports \u00e0 une \u00e9tude r\u00e9dig\u00e9e \u00e0 quatre mains. Les questions pos\u00e9es cherchaient \u00e0 comprendre comment les enfants devenaient acteurs d un film sur leur classe, leur \u00e9cole, les paysages qu ils habitaient.\"\r","authors":["Teresa Mariano longo","Thierry Roche"],"category_codes":["1000000","1060000","1060300"],"visuals":{"large":"https:\/\/images.epagine.fr\/655\/9782360850655_1_75.jpg","medium":"https:\/\/images.epagine.fr\/655\/9782360850655_1_m.jpg","thumbnail":"https:\/\/images.epagine.fr\/655\/9782360850655_1_v.jpg"},"orderable":true,"show_badge":true,"formatted_price":"21,50&nbsp;\u20ac","formatted_published_date":"2 juin 2015","publisher_availability_label":"Sur commande","short_details":"Teresa Mariano longo, Thierry Roche \u2014 Teraedre","translator":null,"weight":250,"page_count":198,"readership":null,"editor":"Teraedre","price":2150,"published_date":"2015-06-01T22:00:00.000000Z","support":"Grand format","publisher_availability":1,"stock":0,"editions":[],"url":"https:\/\/quaidesbrumes.com\/ouvrage\/9782360850655\/lenfance-a-lecole-des-autres"},{"id":"9782011917188","title":"Memoires d'une institutrice","description":"M\u00e9moires d'une institutrice \/ par \u00c9milie de Vars Date de l'\u00e9dition originale : 1867 Ce livre est la reproduction fid\u00e8le d une uvre publi\u00e9e avant 1920 et fait partie d une collection de livres r\u00e9imprim\u00e9s \u00e0 la demande \u00e9dit\u00e9e par Hachette Livre, dans le cadre d un partenariat avec la Biblioth\u00e8que nationale de France, offrant l opportunit\u00e9 d acc\u00e9der \u00e0 des ouvrages anciens et souvent rares issus des fonds patrimoniaux de la BnF.\r\nLes uvres faisant partie de cette collection ont \u00e9t\u00e9 num\u00e9ris\u00e9es par la BnF et sont pr\u00e9sentes sur Gallica, sa biblioth\u00e8que num\u00e9rique.\r\n\r\nEn entreprenant de redonner vie \u00e0 ces ouvrages au travers d une collection de livres r\u00e9imprim\u00e9s \u00e0 la demande, nous leur donnons la possibilit\u00e9 de rencontrer un public \u00e9largi et participons \u00e0 la transmission de connaissances et de savoirs parfois difficilement accessibles.\r\nNous avons cherch\u00e9 \u00e0 concilier la reproduction fid\u00e8le d un livre ancien \u00e0 partir de sa version num\u00e9ris\u00e9e avec le souci d un confort de lecture optimal. Nous esp\u00e9rons que les ouvrages de cette nouvelle collection vous apporteront enti\u00e8re satisfaction.\r\n\r\nPour plus d informations, rendez-vous sur www.hachettebnf.fr\r","authors":["Vars Emilie De"],"category_codes":["1000000","1060000","1060200"],"visuals":{"large":"https:\/\/images.epagine.fr\/188\/9782011917188_1_75.jpg","medium":"https:\/\/images.epagine.fr\/188\/9782011917188_1_m.jpg","thumbnail":"https:\/\/images.epagine.fr\/188\/9782011917188_1_v.jpg"},"orderable":true,"show_badge":true,"formatted_price":"24,00&nbsp;\u20ac","formatted_published_date":"1er ao\u00fbt 2015","publisher_availability_label":"Sur commande","short_details":"Vars Emilie De \u2014 Hachette BNF","translator":null,"weight":457,"page_count":null,"readership":null,"editor":"Hachette BNF","price":2400,"published_date":"2015-07-31T22:00:00.000000Z","support":"Grand format","publisher_availability":1,"stock":0,"editions":[],"url":"https:\/\/quaidesbrumes.com\/ouvrage\/9782011917188\/memoires-dune-institutrice"},{"id":"9782011917379","title":"Livres rares et precieux manuscrits et imprimes bibliotheque de feu m. le comte de lignerolles - deu","description":"Catalogue des livres rares et pr\u00e9cieux manuscrits et imprim\u00e9s composant la biblioth\u00e8que de feu M. le comte de Lignerolles. Deuxi\u00e8me partie : belles-lettres... : [vente, Paris, H\u00f4tel des commissaires-priseurs, salle 2, 5 mars 1894, Me Maurice Delestre, commissaire-priseur] Date de l'\u00e9dition originale : 1894 Sujet de l'ouvrage : Lignerolles, Raoul L\u00e9onor (1817-1893) -- Biblioth\u00e8que -- Catalogues de vente [Vente. Livres. 1894-03-05. Paris][Collection. Livres. Lignerolles, Raoul L\u00e9onor (1817-1893). 1894] Ce livre est la reproduction fid\u00e8le d une uvre publi\u00e9e avant 1920 et fait partie d une collection de livres r\u00e9imprim\u00e9s \u00e0 la demande \u00e9dit\u00e9e par Hachette Livre, dans le cadre d un partenariat avec la Biblioth\u00e8que nationale de France, offrant l opportunit\u00e9 d acc\u00e9der \u00e0 des ouvrages anciens et souvent rares issus des fonds patrimoniaux de la BnF.\r\nLes uvres faisant partie de cette collection ont \u00e9t\u00e9 num\u00e9ris\u00e9es par la BnF et sont pr\u00e9sentes sur Gallica, sa biblioth\u00e8que num\u00e9rique.\r\n\r\nEn entreprenant de redonner vie \u00e0 ces ouvrages au travers d une collection de livres r\u00e9imprim\u00e9s \u00e0 la demande, nous leur donnons la possibilit\u00e9 de rencontrer un public \u00e9largi et participons \u00e0 la transmission de connaissances et de savoirs parfois difficilement accessibles.\r\nNous avons cherch\u00e9 \u00e0 concilier la reproduction fid\u00e8le d un livre ancien \u00e0 partir de sa version num\u00e9ris\u00e9e avec le souci d un confort de lecture optimal. Nous esp\u00e9rons que les ouvrages de cette nouvelle collection vous apporteront enti\u00e8re satisfaction.\r\n\r\nPour plus d informations, rendez-vous sur www.hachettebnf.fr\r","authors":["C. Porquet"],"category_codes":["1000000","1060000"],"visuals":{"large":"https:\/\/images.epagine.fr\/379\/9782011917379_1_75.jpg","medium":"https:\/\/images.epagine.fr\/379\/9782011917379_1_m.jpg","thumbnail":"https:\/\/images.epagine.fr\/379\/9782011917379_1_v.jpg"},"orderable":true,"show_badge":true,"formatted_price":"24,00&nbsp;\u20ac","formatted_published_date":"1er ao\u00fbt 2015","publisher_availability_label":"Sur commande","short_details":"C. Porquet \u2014 Hachette BNF","translator":null,"weight":468,"page_count":null,"readership":null,"editor":"Hachette BNF","price":2400,"published_date":"2015-07-31T22:00:00.000000Z","support":"Grand format","publisher_availability":1,"stock":0,"editions":[],"url":"https:\/\/quaidesbrumes.com\/ouvrage\/9782011917379\/livres-rares-et-precieux-manuscrits-et-imprimes-bibliotheque-de-feu-m-le-comte-de-lignerolles-deu"},{"id":"9782720215438","title":"Roulette russe","description":"Roulette Russe est un journal des ann\u00e9es 80 o\u00f9 se m\u00ealent les obsessions litt\u00e9raires, cin\u00e9matographiques, amoureuses, suicidaires et sexuelles de l'auteur. A travers elles se dessinent \u00e0 la fois le paysage int\u00e9rieur d'un homme s\u00e9vissant en marge de sa propre vie, et la topographie d'une \u00e9poque.De ses rencontres avec Marianne Faithfull, Alain Bashung ou Orson Welles, \u00e0 ses lectures de Kafka ou de Selby, Bayon fait feu de tout et nous entra\u00eene dans la torpeur toxique d'un monde et d'un temps \u00e9lectris\u00e9s de noirceur et de vie.Apr\u00e8s 37 ans \u00e0 Lib\u00e9ration, l'\u00e9trange \u00ab journal \u00bb inactuel exhum\u00e9 \u00e9claire d'un jour assez noir l'envers du d\u00e9cor \u00e0 la source. Voyage autour de ma chambre \u00e0 main arm\u00e9e, Roulette russe, au style doloriste d\u00e9tach\u00e9, est un document sur l'\u00e9criture, sensuelle et obs\u00e9d\u00e9e. Bref la d\u00e9pression masqu\u00e9e, dont l'auteur dit avec le recul : \u00ab Elle, je ne l'ai pas manqu\u00e9e \u00bb.\r\n Journaliste et \u00e9crivain, laur\u00e9at du prix Interalli\u00e9 d\u00e8s son deuxi\u00e8me roman (Les Animals, Grasset, 1990), Bruno Bayon a marqu\u00e9 de nombreux lecteurs aussi bien par ses chroniques rock et cin\u00e9 publi\u00e9es par Lib\u00e9ration que par ses livres.","authors":["Bruno Bayon"],"category_codes":["1000000","1060000","1060100"],"visuals":{"large":"https:\/\/images.epagine.fr\/438\/9782720215438_1_75.jpg","medium":"https:\/\/images.epagine.fr\/438\/9782720215438_1_m.jpg","thumbnail":"https:\/\/images.epagine.fr\/438\/9782720215438_1_v.jpg"},"orderable":true,"show_badge":true,"formatted_price":"26,00&nbsp;\u20ac","formatted_published_date":"6 janvier 2016","publisher_availability_label":"Sur commande","short_details":"Bruno Bayon \u2014 PAUVERT","translator":null,"weight":402,"page_count":296,"readership":null,"editor":"PAUVERT","price":2600,"published_date":"2016-01-05T23:00:00.000000Z","support":"Grand format","publisher_availability":1,"stock":0,"editions":[],"url":"https:\/\/quaidesbrumes.com\/ouvrage\/9782720215438\/roulette-russe"},{"id":"9782312031231","title":"R\u00e9mi, vie fragile au destin tragique","description":"Je m'appelle Claire Espasa, j'ai 40 ans et je suis Gardien de la Paix et maman de 3 enfants \u00e2g\u00e9s de 14 \u00e0 22 ans.\r\nCe livre raconte l'histoire de R\u00e9mi Espasa d\u00e9c\u00e9d\u00e9 \u00e0 l'\u00e2ge de 19 ans d'un cancer rare du p\u00e9ritoine.\r\nJeune gar\u00e7on schizophr\u00e8ne, son parcours est sem\u00e9 d'emb\u00fbches, rien ne lui sera \u00e9pargn\u00e9.\r\nLa mort d'un enfant n'est pas dans l'ordre des choses, et lorsqu'il survient aussi t\u00f4t, et avec une telle violence et souffrance, il faut un amour solide pour ne pas le briser.\r\nCe livre a \u00e9t\u00e9 pour moi une th\u00e9rapie, une fa\u00e7on de ne pas sombrer, de garder la t\u00eate hors de l'eau. Mais aussi des grands moments de larmes, et de douleurs.\r\n\u00c9crire c'est aussi revivre cette dure \u00e9preuve.\r\nCertaines photos vous choqueront peut-\u00eatre m\u00eame certaines paroles mais il est le reflet de notre histoire, car je ne suis pas la seule \u00e0 l'avoir v\u00e9cue, ma famille et mes amis ont particip\u00e9 \u00e0 l'\u00e9criture de ce livre retra\u00e7ant la vie de R\u00e9mi d\u00e9c\u00e9d\u00e9 le 6 juin 2014.\r\nLe cancer a tu\u00e9 mon fils mais il fera vivre son souvenir, \u00e7a je le promets.\r","authors":["Claire Espasa"],"category_codes":["1000000","1060000","1060300"],"visuals":{"large":"https:\/\/images.epagine.fr\/231\/9782312031231_1_75.jpg","medium":"https:\/\/images.epagine.fr\/231\/9782312031231_1_m.jpg","thumbnail":"https:\/\/images.epagine.fr\/231\/9782312031231_1_v.jpg"},"orderable":true,"show_badge":true,"formatted_price":"20,00&nbsp;\u20ac","formatted_published_date":"18 mai 2015","publisher_availability_label":"Sur commande","short_details":"Claire Espasa \u2014 Editions du Net","translator":null,"weight":320,"page_count":180,"readership":null,"editor":"Editions du Net","price":2000,"published_date":"2015-05-17T22:00:00.000000Z","support":"Grand format","publisher_availability":1,"stock":0,"editions":[],"url":"https:\/\/quaidesbrumes.com\/ouvrage\/9782312031231\/remi-vie-fragile-au-destin-tragique"},{"id":"9782312036540","title":"Mon enfance en cour\u00e9e","description":"Je suis n\u00e9 \u00e0 l'h\u00f4pital de Roubaix le 27 mars 1955. Mes parents vivaient alors dans une cour\u00e9e. J'y ai v\u00e9cu de ma sortie de la maternit\u00e9 jusqu'\u00e0 l'\u00e9t\u00e9 de l'ann\u00e9e 1968 date \u00e0 laquelle nous avons d\u00e9m\u00e9nag\u00e9, pour habiter dans une maison ordinaire qui donnait sur une rue ordinaire, j'avais alors 13 ans. Ma vie d'enfant dans cette cour\u00e9e, peut para\u00eetre pittoresque, sordide, \u00e9tonnante, \u00e9mouvante, inimaginable pour des enfants d'aujourd'hui .. Alors, j'ai eu envie de rassembler quelques souvenirs, et les partager avant qu'ils ne tombent dans l'oubli.\r","authors":["Richard Li\u00e9taer"],"category_codes":["1000000","1060000","1060100"],"visuals":{"large":"https:\/\/images.epagine.fr\/540\/9782312036540_1_75.jpg","medium":"https:\/\/images.epagine.fr\/540\/9782312036540_1_m.jpg","thumbnail":"https:\/\/images.epagine.fr\/540\/9782312036540_1_v.jpg"},"orderable":true,"show_badge":true,"formatted_price":"11,00&nbsp;\u20ac","formatted_published_date":"28 mai 2015","publisher_availability_label":"Sur commande","short_details":"Richard Li\u00e9taer \u2014 Editions du Net","translator":null,"weight":127,"page_count":118,"readership":null,"editor":"Editions du Net","price":1100,"published_date":"2015-05-27T22:00:00.000000Z","support":"Grand format","publisher_availability":1,"stock":0,"editions":[],"url":"https:\/\/quaidesbrumes.com\/ouvrage\/9782312036540\/mon-enfance-en-couree"},{"id":"9782363490094","title":"Correspondance de guerre d'une famille fran\u00e7aise ; \u00e9vocation de Jean Zay","description":null,"authors":["Gillier Bernard"],"category_codes":["1000000","1060000","1060100"],"visuals":{"large":"https:\/\/images.epagine.fr\/094\/9782363490094_1_75.jpg","medium":"https:\/\/images.epagine.fr\/094\/9782363490094_1_m.jpg","thumbnail":"https:\/\/images.epagine.fr\/094\/9782363490094_1_v.jpg"},"orderable":true,"show_badge":true,"formatted_price":"10,00&nbsp;\u20ac","formatted_published_date":"1er juin 2013","publisher_availability_label":"Sur commande","short_details":"Gillier Bernard \u2014 Adequat","translator":null,"weight":148,"page_count":null,"readership":null,"editor":"Adequat","price":1000,"published_date":"2013-05-31T22:00:00.000000Z","support":"Grand format","publisher_availability":1,"stock":0,"editions":[],"url":"https:\/\/quaidesbrumes.com\/ouvrage\/9782363490094\/correspondance-de-guerre-dune-famille-francaise-evocation-de-jean-zay"},{"id":"9782363490056","title":"Gens de l'Allier","description":null,"authors":["Anne Duprez"],"category_codes":["1000000","1060000","1060100"],"visuals":{"large":"https:\/\/images.epagine.fr\/056\/9782363490056_1_75.jpg","medium":"https:\/\/images.epagine.fr\/056\/9782363490056_1_m.jpg","thumbnail":"https:\/\/images.epagine.fr\/056\/9782363490056_1_v.jpg"},"orderable":true,"show_badge":true,"formatted_price":"17,00&nbsp;\u20ac","formatted_published_date":"1er juillet 2011","publisher_availability_label":"Sur commande","short_details":"Anne Duprez \u2014 Adequat","translator":null,"weight":268,"page_count":null,"readership":null,"editor":"Adequat","price":1700,"published_date":"2011-06-30T22:00:00.000000Z","support":"Grand format","publisher_availability":1,"stock":0,"editions":[],"url":"https:\/\/quaidesbrumes.com\/ouvrage\/9782363490056\/gens-de-lallier"},{"id":"9782363490186","title":"Madou l'indomptable","description":null,"authors":["Anne Duprez"],"category_codes":["1000000","1060000","1060100"],"visuals":{"large":"https:\/\/images.epagine.fr\/186\/9782363490186_1_75.jpg","medium":"https:\/\/images.epagine.fr\/186\/9782363490186_1_m.jpg","thumbnail":"https:\/\/images.epagine.fr\/186\/9782363490186_1_v.jpg"},"orderable":true,"show_badge":true,"formatted_price":"19,00&nbsp;\u20ac","formatted_published_date":"1er juin 2015","publisher_availability_label":"Sur commande","short_details":"Anne Duprez \u2014 Adequat","translator":null,"weight":290,"page_count":null,"readership":null,"editor":"Adequat","price":1900,"published_date":"2015-05-31T22:00:00.000000Z","support":"Grand format","publisher_availability":1,"stock":0,"editions":[],"url":"https:\/\/quaidesbrumes.com\/ouvrage\/9782363490186\/madou-lindomptable"},{"id":"9782824607085","title":"D'un clignement de paupi\u00e8re","description":"Victime d'une h\u00e9morragie c\u00e9r\u00e9brale, Hasso von Bredow est paralys\u00e9 : il ne peut plus faire le moindre geste ni prononcer une seule parole. Pourtant, son esprit est toujours aussi vif et ses capacit\u00e9s de r\u00e9flexion intactes. Hasso se retrouve prisonnier de son propre corps. A 42 ans, il est victime d'un locked-in syndrom, devenant totalement d\u00e9pendant des autres pour le moindre mouvement, le moindre souffle. Et il a perdu son bien le plus pr\u00e9cieux : sa voix et sa facult\u00e9 de s'exprimer. Hasso met alors au point un code lui permettant de se faire comprendre en clignant des yeux. Avec l'aide de sa femme, \u00e0 la seule force des paupi\u00e8res, il raconte dans ce livre son cauchemar qui est aussi un formidable hymne \u00e0 la vie.\r","authors":["Claire Von bredow","Hasso Von bredow","Evelyne Chatelain"],"category_codes":["1000000","1060000","1060200"],"visuals":{"large":"https:\/\/images.epagine.fr\/085\/9782824607085_1_75.jpg","medium":"https:\/\/images.epagine.fr\/085\/9782824607085_1_m.jpg","thumbnail":"https:\/\/images.epagine.fr\/085\/9782824607085_1_v.jpg"},"orderable":true,"show_badge":true,"formatted_price":"7,90&nbsp;\u20ac","formatted_published_date":"27 janvier 2016","publisher_availability_label":"Sur commande","short_details":"Claire Von bredow, Hasso Von bredow, Evelyne Chatelain \u2014 City \u00c9ditions","translator":"EVELYNE CHATELAIN","weight":206,"page_count":348,"readership":null,"editor":"City \u00c9ditions","price":790,"published_date":"2016-01-26T23:00:00.000000Z","support":"Poche","publisher_availability":1,"stock":0,"editions":[],"url":"https:\/\/quaidesbrumes.com\/ouvrage\/9782824607085\/dun-clignement-de-paupiere"},{"id":"9782824607207","title":"Papa, pourquoi m'as-tu fait \u00e7a ?","description":"Quatre ans. Fiona n'a que quatre ans quand son p\u00e8re la viole pour la premi\u00e8re fois. Pour la fillette, c'est le d\u00e9but d'un long cauchemar qui va durer des ann\u00e9es. Presque chaque jour, elle est abus\u00e9e par son p\u00e8re, battue et insult\u00e9e par sa m\u00e8re qui est au courant de la situation mais ne fait strictement rien. De nuits d'angoisse en multiples tentatives de suicide, Fiona se sent salie, ab\u00eem\u00e9e et coupable. Jusqu'au jour o\u00f9, jeune adulte, elle trouve la force de partir pour fonder sa propre famille. L'amour et le soutien des siens la poussent \u00e0 d\u00e9noncer son p\u00e8re. Mais elle n'imagine pas qu'elle va devoir affronter le syst\u00e8me et soulever des montagnes pour faire reconna\u00eetre ses blessures. Pour que, enfin, d'autres agresseurs ne puissent plus abuser d'enfants en toute impunit\u00e9.\r","authors":["Fiona Doyle"],"category_codes":["1000000","1060000","1060200"],"visuals":{"large":"https:\/\/images.epagine.fr\/207\/9782824607207_1_75.jpg","medium":"https:\/\/images.epagine.fr\/207\/9782824607207_1_m.jpg","thumbnail":"https:\/\/images.epagine.fr\/207\/9782824607207_1_v.jpg"},"orderable":true,"show_badge":true,"formatted_price":"23,27&nbsp;\u20ac","formatted_published_date":"3 f\u00e9vrier 2016","publisher_availability_label":"Sur commande","short_details":"Fiona Doyle \u2014 City \u00c9ditions","translator":null,"weight":340,"page_count":268,"readership":null,"editor":"City \u00c9ditions","price":2327,"published_date":"2016-02-02T23:00:00.000000Z","support":"Grand format","publisher_availability":1,"stock":0,"editions":[],"url":"https:\/\/quaidesbrumes.com\/ouvrage\/9782824607207\/papa-pourquoi-mas-tu-fait-ca"},{"id":"9782343073637","title":"L'\u00e2me-son","description":"C'est histoire peu commune qui nous est racont\u00e9e dans ce petit livre. Ce court r\u00e9cit autobiographique nous relate comment, de fa\u00e7on assez extraordinaire, une jeune \u00e9tudiante de la Sorbonne va red\u00e9couvrir ses racines juives. Le chant et la musique y joueront un grand r\u00f4le, ainsi que la rencontre d'une artiste juive convertie au christianisme et crois\u00e9e juste avant sa retraite dans un couvent.","authors":["Judith Maarek"],"category_codes":["1000000","1060000"],"visuals":{"large":"https:\/\/images.epagine.fr\/637\/9782343073637_1_75.jpg","medium":"https:\/\/images.epagine.fr\/637\/9782343073637_1_m.jpg","thumbnail":"https:\/\/images.epagine.fr\/637\/9782343073637_1_v.jpg"},"orderable":true,"show_badge":true,"formatted_price":"18,50&nbsp;\u20ac","formatted_published_date":"8 octobre 2015","publisher_availability_label":"Sur commande","short_details":"Judith Maarek \u2014 \u00c9ditions L'Harmattan","translator":null,"weight":200,"page_count":162,"readership":null,"editor":"\u00c9ditions L'Harmattan","price":1850,"published_date":"2015-10-07T22:00:00.000000Z","support":"Grand format","publisher_availability":1,"stock":0,"editions":[],"url":"https:\/\/quaidesbrumes.com\/ouvrage\/9782343073637\/lame-son"},{"id":"9782322252497","title":"A la Zone, le GAFFEUR","description":"David a crois\u00e9 sur sa route un nouveau Goliath en la personne de monsieur Anatole la Zone, un g\u00e9ant qui monopolise le march\u00e9 du e-commerce, en pressurisant intens\u00e9ment les petits commer\u00e7ants, mais qui refusait de payer des taxes jusqu'en 2019 sur ses b\u00e9n\u00e9fices. Alors il part \u00e0 l'assaut du monstre pour tenter de r\u00e9duire son pouvoir et de rendre de l'espace \u00e0 tous les petits qui le subissent. Malgr\u00e9 le fatalisme et les r\u00e9sistances qui ne manque pas de croiser, il rencontre aussi des soutiens pleins de bonne volont\u00e9 pour l'aider dans son combat.\r","authors":["Damien Siobud"],"category_codes":["1000000","1060000","1060200"],"visuals":{"large":"https:\/\/images.epagine.fr\/497\/9782322252497_1_75.jpg","medium":"https:\/\/images.epagine.fr\/497\/9782322252497_1_m.jpg","thumbnail":"https:\/\/images.epagine.fr\/497\/9782322252497_1_v.jpg"},"orderable":true,"show_badge":true,"formatted_price":"4,99&nbsp;\u20ac","formatted_published_date":"29 septembre 2020","publisher_availability_label":"Sur commande","short_details":"Damien Siobud \u2014 Books on Demand","translator":null,"weight":68,"page_count":54,"readership":null,"editor":"Books on Demand","price":499,"published_date":"2020-09-28T22:00:00.000000Z","support":"Grand format","publisher_availability":1,"stock":0,"editions":[],"url":"https:\/\/quaidesbrumes.com\/ouvrage\/9782322252497\/a-la-zone-le-gaffeur"},{"id":"9782716508513","title":"L'enfant aux miracles","description":null,"authors":["G\u00e9rard Hoffbeck"],"category_codes":["1000000","1060000","1060200"],"visuals":{"large":"https:\/\/images.epagine.fr\/513\/9782716508513_1_75.jpg","medium":"https:\/\/images.epagine.fr\/513\/9782716508513_1_m.jpg","thumbnail":"https:\/\/images.epagine.fr\/513\/9782716508513_1_v.jpg"},"orderable":true,"show_badge":true,"formatted_price":"15,00&nbsp;\u20ac","formatted_published_date":"8 octobre 2015","publisher_availability_label":"Sur commande","short_details":"G\u00e9rard Hoffbeck \u2014 La Nu\u00e9e Bleue","translator":null,"weight":350,"page_count":null,"readership":null,"editor":"La Nu\u00e9e Bleue","price":1500,"published_date":"2015-10-07T22:00:00.000000Z","support":"Grand format","publisher_availability":1,"stock":0,"editions":[],"url":"https:\/\/quaidesbrumes.com\/ouvrage\/9782716508513\/lenfant-aux-miracles"},{"id":"9782014088182","title":"These pour le doctorat. de la separation des patrimoines. faculte de droit de paris, 25 avril 1855","description":"Le pr\u00e9sent ouvrage s'inscrit dans une politique de conservation patrimoniale des ouvrages de la litt\u00e9rature Fran\u00e7aise mise en place avec la BNF. HACHETTE LIVRE et la BNF proposent ainsi un catalogue de titres indisponibles, la BNF ayant num\u00e9ris\u00e9 ces oeuvres et HACHETTE LIVRE les imprimant \u00e0 la demande. Certains de ces ouvrages refl\u00e8tent des courants de pens\u00e9e caract\u00e9ristiques de leur \u00e9poque, mais qui seraient aujourd'hui jug\u00e9s condamnables. Ils n'en appartiennent pas moins \u00e0 l'histoire des id\u00e9es en France et sont susceptibles de pr\u00e9senter un int\u00e9r\u00eat scientifique ou historique. Le sens de notre d\u00e9marche \u00e9ditoriale consiste ainsi \u00e0 permettre l'acc\u00e8s \u00e0 ces oeuvres sans pour autant que nous en cautionnions en aucune fa\u00e7on le contenu. Pour plus d'informations, rendez-vous sur www.hachettebnf.fr\r","authors":["Bethmont-L-F-R"],"category_codes":["1000000","1060000","1060200"],"visuals":{"large":"https:\/\/images.epagine.fr\/182\/9782014088182_1_75.jpg","medium":"https:\/\/images.epagine.fr\/182\/9782014088182_1_m.jpg","thumbnail":"https:\/\/images.epagine.fr\/182\/9782014088182_1_v.jpg"},"orderable":true,"show_badge":true,"formatted_price":"18,00&nbsp;\u20ac","formatted_published_date":"1er juillet 2017","publisher_availability_label":"Sur commande","short_details":"Bethmont-L-F-R \u2014 Hachette BNF","translator":null,"weight":243,"page_count":null,"readership":null,"editor":"Hachette BNF","price":1800,"published_date":"2017-06-30T22:00:00.000000Z","support":"Grand format","publisher_availability":1,"stock":0,"editions":[],"url":"https:\/\/quaidesbrumes.com\/ouvrage\/9782014088182\/these-pour-le-doctorat-de-la-separation-des-patrimoines-faculte-de-droit-de-paris-25-avril-1855"},{"id":"9782322039722","title":"Les larmes \u00e0 double sens","description":"Il n'a jamais baiss\u00e9 les bras, et aujourd'hui, au travers de son livre, il vous fait partager la souffrance qu'il a endur\u00e9 durant toute son enfance. Ce livre est en r\u00e9alit\u00e9 un d\u00e9fouloir, car tout ce qui est \u00e9crit l\u00e0-dedans est une lib\u00e9ration....\r","authors":["J\u00e9r\u00e9my Chorzepa"],"category_codes":["1000000","1060000","1060200"],"visuals":{"large":"https:\/\/images.epagine.fr\/722\/9782322039722_1_75.jpg","medium":"https:\/\/images.epagine.fr\/722\/9782322039722_1_m.jpg","thumbnail":"https:\/\/images.epagine.fr\/722\/9782322039722_1_v.jpg"},"orderable":true,"show_badge":true,"formatted_price":"8,99&nbsp;\u20ac","formatted_published_date":"14 ao\u00fbt 2015","publisher_availability_label":"Sur commande","short_details":"J\u00e9r\u00e9my Chorzepa \u2014 Books on Demand","translator":null,"weight":201,"page_count":80,"readership":null,"editor":"Books on Demand","price":899,"published_date":"2015-08-13T22:00:00.000000Z","support":"Grand format","publisher_availability":1,"stock":0,"editions":[],"url":"https:\/\/quaidesbrumes.com\/ouvrage\/9782322039722\/les-larmes-a-double-sens"},{"id":"9782322039272","title":"Alias Monsieur CPE ; Conseiller Principal d'Education : un m\u00e9tier, des identit\u00e9s professionnelles","description":"Ce livre est une autobiographie professionnelle, une sorte d'hommage rendu aux dignes h\u00e9ritiers des \u00ab\u00a0hussards noirs\u00a0\u00bb de la  3\u00e8me  R\u00e9publique, \u00e0 tous ceux qui oeuvrent au quotidien pour faire vivre le syst\u00e8me \u00e9ducatif fran\u00e7ais..    Juste avant de partir \u00e0 la retraite, l'auteur revient sur sa carri\u00e8re, sur son m\u00e9tier de Conseiller Principal d'\u00c9ducation.    A travers le prisme de sa profession, qui est une sp\u00e9cificit\u00e9 fran\u00e7aise, il analyse l'\u00e9volution de l\u00a0'\u00e9cole en la contextualisant. La diversit\u00e9 des ses affections, au gr\u00e9 de ses mutations \u00e0 Chartres et sa r\u00e9gion mais aussi outre-mer, en Polyn\u00e9sie, \u00e0 plusieurs reprises, lui permet de confronter ses exp\u00e9riences.    Son identit\u00e9 professionnelle s'affirmera au fil des ans, tout comme celles des autres acteurs de l'\u00e9cole, assistants d'\u00e9ducation, enseignants, chefs d'\u00e9tablissement.    Chacun des d\u00e9fis pos\u00e9s \u00e0 l'\u00e9cole est abord\u00e9, la massification, la mixit\u00e9 sociale et l'\u00e9chec scolaire, la formation et l'insertion professionnelles, la r\u00e9volution informatique et les enjeux du num\u00e9rique, les nouvelles parentalit\u00e9s et l'\u00e9mergence des communaut\u00e9s. Les sp\u00e9cificit\u00e9s du syst\u00e8me \u00e9ducatif en Polyn\u00e9sie sont largement analys\u00e9es.   L'alternance politique en m\u00e9tropole accompagne les r\u00e9formes du syst\u00e8me \u00e9ducatif, en Polyn\u00e9sie,elle d\u00e9termine les \u00e9volutions du statut d'autonomie interne.   Cette anamn\u00e8se permet \u00e0 l'auteur d'\u00e9voquer les coll\u00e8gues qu'il a c\u00f4toy\u00e9s, les \u00e9l\u00e8ves qu'il a encadr\u00e9s, et les situations, parfois cocasses qu'il a partag\u00e9es avec les uns et les autres.\r","authors":["Michel Touchart"],"category_codes":["1000000","1060000"],"visuals":{"large":"https:\/\/images.epagine.fr\/272\/9782322039272_1_75.jpg","medium":"https:\/\/images.epagine.fr\/272\/9782322039272_1_m.jpg","thumbnail":"https:\/\/images.epagine.fr\/272\/9782322039272_1_v.jpg"},"orderable":true,"show_badge":true,"formatted_price":"11,99&nbsp;\u20ac","formatted_published_date":"14 ao\u00fbt 2015","publisher_availability_label":"Sur commande","short_details":"Michel Touchart \u2014 Books on Demand","translator":null,"weight":301,"page_count":392,"readership":null,"editor":"Books on Demand","price":1199,"published_date":"2015-08-13T22:00:00.000000Z","support":"Grand format","publisher_availability":1,"stock":0,"editions":[],"url":"https:\/\/quaidesbrumes.com\/ouvrage\/9782322039272\/alias-monsieur-cpe-conseiller-principal-deducation-un-metier-des-identites-professionnelles"}]}