{"data":[{"id":"9782418005884","title":"Dictionnaire bibliographique, historique et critique, des livres rares. tome 4","description":null,"authors":["Duclos R."],"category_codes":["1000000","1060000","1060200"],"visuals":{"large":"https:\/\/quaidesbrumes.com\/img\/book-placeholder.png","medium":"https:\/\/quaidesbrumes.com\/img\/book-placeholder.png","thumbnail":"https:\/\/quaidesbrumes.com\/img\/book-placeholder.png"},"orderable":true,"show_badge":true,"formatted_price":"32,50&nbsp;\u20ac","formatted_published_date":"16 novembre 2023","publisher_availability_label":"Sur commande","short_details":"Duclos R. \u2014 Hachette BNF","translator":null,"weight":736,"page_count":null,"readership":null,"editor":"Hachette BNF","price":3250,"published_date":"2023-11-15T23:00:00.000000Z","support":"Grand format","publisher_availability":1,"stock":0,"editions":[],"url":"https:\/\/quaidesbrumes.com\/ouvrage\/9782418005884\/dictionnaire-bibliographique-historique-et-critique-des-livres-rares-tome-4"},{"id":"9782343066868","title":"Mon enfance marocaine,  souvenirs","description":"Cette \"enfance marocaine\" est celle d'un jeune gar\u00e7on \u00e0 jamais marqu\u00e9 par ses jeunes ann\u00e9es en pays berb\u00e8re, l\u00e0 o\u00f9 son p\u00e8re fut mut\u00e9 en juin 1940 pour une dur\u00e9e de huit ans. Dans ce r\u00e9cit sensible et lumineux, c'est l'enfance elle-m\u00eame avec ses mani\u00e8res de voir, de penser et de sentir qui nous est restitu\u00e9e. Tour \u00e0 tour nous assistons \u00e0 une \u00e9pid\u00e9mie de peste, une invasion de sauterelles, une sc\u00e8ne de famille, l'animation d'un souk,. Lashen, personnage central, est le lien entre tous ces tableaux.\r","authors":["Jean-louis Nicolet"],"category_codes":["1000000","1060000","1060100"],"visuals":{"large":"https:\/\/images.epagine.fr\/868\/9782343066868_1_75.jpg","medium":"https:\/\/images.epagine.fr\/868\/9782343066868_1_m.jpg","thumbnail":"https:\/\/images.epagine.fr\/868\/9782343066868_1_v.jpg"},"orderable":true,"show_badge":true,"formatted_price":"16,50&nbsp;\u20ac","formatted_published_date":"30 juillet 2015","publisher_availability_label":"Sur commande","short_details":"Jean-louis Nicolet \u2014 \u00c9ditions L'Harmattan","translator":null,"weight":180,"page_count":142,"readership":null,"editor":"\u00c9ditions L'Harmattan","price":1650,"published_date":"2015-07-29T22:00:00.000000Z","support":"Grand format","publisher_availability":1,"stock":0,"editions":[],"url":"https:\/\/quaidesbrumes.com\/ouvrage\/9782343066868\/mon-enfance-marocaine-souvenirs"},{"id":"9780307946393","title":"Building Art : The Life and Work of Frank Gehry","description":"Here, from Pulitzer Prize-winning critic Paul Goldberger, is the first full-fledged critical biography of Frank Gehry, undoubtedly the most famous architect of our time. Goldberger follows Gehry from his humble origins--the son of working-class Jewish immigrants in Toronto--to the heights of his extraordinary career. He explores Gehry's relationship to Los Angeles, a city that welcomed outsider artists and profoundly shaped him in his formative years. He surveys the full range of his work, from the Bilbao Guggenheim to the Walt Disney Concert Hall in L.A. to the architect's own home in Santa Monica, which galvanized his neighbors and astonished the world. He analyzes his carefully crafted persona, in which an amiable surface masks a driving ambition. And he discusses his use of technology, not just to change the way a building looks, but to revolutionize the very practice of the field. Comprehensive and incisive, Building Art is a sweeping view of a singular artist--and an essential story of architecture's modern era.","authors":["Paul Goldberger"],"category_codes":["1000000","1060000"],"visuals":{"large":"https:\/\/images.epagine.fr\/393\/9780307946393_1_75.jpg","medium":"https:\/\/images.epagine.fr\/393\/9780307946393_1_m.jpg","thumbnail":"https:\/\/images.epagine.fr\/393\/9780307946393_1_v.jpg"},"orderable":true,"show_badge":true,"formatted_price":"22,00&nbsp;\u20ac","formatted_published_date":"14 novembre 2017","publisher_availability_label":"Sur commande","short_details":"Paul Goldberger \u2014 Vintage Usa","translator":null,"weight":584,"page_count":544,"readership":null,"editor":"Vintage Usa","price":2200,"published_date":"2017-11-13T23:00:00.000000Z","support":"Grand format","publisher_availability":1,"stock":0,"editions":[],"url":"https:\/\/quaidesbrumes.com\/ouvrage\/9780307946393\/building-art-the-life-and-work-of-frank-gehry"},{"id":"9782336615110","title":"Le temps de l'\u00e9garement","description":"Youmna Elid \u00e9crivait : \u00ab Je vais ouvrir les fen\u00eatres et \u00e9crire \u00e0 la lumi\u00e8re du jour \u00bb. Cette phrase r\u00e9sume peut-\u00eatre le sens profond de son oeuvre : choisir la lumi\u00e8re face \u00e0 l'obscurit\u00e9, maintenir l'espoir lorsque tout semble vaciller.\r\nLe temps de l'\u00e9garement est ainsi bien plus qu'un r\u00e9cit de guerre ou qu'un t\u00e9moignage personnel sur les ann\u00e9es du conflit : c'est un livre pour affronter les d\u00e9combres sans renoncer \u00e0 l'esp\u00e9rance, au Liban comme dans un monde travers\u00e9 par la fragmentation et l'incertitude.","authors":["Youmna Elid","Philippe Vigreux","Issa Makhlouf"],"category_codes":["1000000","1060000"],"visuals":{"large":"https:\/\/images.epagine.fr\/110\/9782336615110_1_75.jpg","medium":"https:\/\/images.epagine.fr\/110\/9782336615110_1_m.jpg","thumbnail":"https:\/\/images.epagine.fr\/110\/9782336615110_1_v.jpg"},"orderable":false,"show_badge":true,"formatted_price":"14,00&nbsp;\u20ac","formatted_published_date":"14 mai 2026","publisher_availability_label":"\u00c0 para\u00eetre","short_details":"Youmna Elid, Philippe Vigreux, Issa Makhlouf \u2014 \u00c9ditions L'Harmattan","translator":"PHILIPPE VIGREUX","weight":156,"page_count":128,"readership":null,"editor":"\u00c9ditions L'Harmattan","price":1400,"published_date":"2026-05-13T22:00:00.000000Z","support":"Grand format","publisher_availability":2,"stock":0,"editions":[],"url":"https:\/\/quaidesbrumes.com\/ouvrage\/9782336615110\/le-temps-de-legarement"},{"id":"9782365801423","title":"Stefano Reviglio: in capo al mondo per sperimentare","description":"Non arrendersi mai, guardare al futuro con speranza, forza d'animo, tanta tenacia, operosit\u00e0 e un pizzico di ironia. \r\nQuesto \u00e8 il messaggio che ci vuole trasmettere l'autrice di \"Stefano Reviglio: in capo al mondo per sperimentare\" attraverso la storia della vita di suo padre: un uomo che ha sperimentato innanzi tutto se stesso, con scelte molto coraggiose, realizzate sempre con lo sguardo rivolto in avanti. \r\nUn uomo che ha saputo costruire il proprio destino, la vita propria e della sua famiglia, trasmettendo un grande esempio ed un magnifico ricordo che l'autrice ha deciso di condividere come messaggio di speranza in questi tempi, resi cosi difficili da tanti individui senza principi, senza rispetto, senza scrupoli. \r\nQuesta biografia inizia con l'infanzia del protagonista, attraverso momenti dolorosi e tenere emozioni e prosegue con i sacrifici degli anni di studio e di lavoro, per terminare con la brillante carriera professionale e l'esperienza imprenditoriale.\r\nIl racconto si intreccia con le complesse esperienze del periodo della guerra, qualche ritaglio di una scanzonata giovinezza, viaggi avventurosi e una storia d'amore durata 56 anni, attraverso lettere, ricordi, poesie e fotografie d'archivio in un magnifico affresco dell'epoca tra gli anni '40 e il 2000.\r\nQuesto libro \u00e8 l'omaggio ad un uomo straordinario e alla donna che \u00e8 stata sempre al suo fianco.\r","authors":["Caterina Reviglio sonnino"],"category_codes":["1000000","1060000","1060200"],"visuals":{"large":"https:\/\/images.epagine.fr\/423\/9782365801423_1_75.jpg","medium":"https:\/\/images.epagine.fr\/423\/9782365801423_1_m.jpg","thumbnail":"https:\/\/images.epagine.fr\/423\/9782365801423_1_v.jpg"},"orderable":true,"show_badge":true,"formatted_price":"18,00&nbsp;\u20ac","formatted_published_date":"10 septembre 2015","publisher_availability_label":"Sur commande","short_details":"Caterina Reviglio sonnino \u2014 Liber Faber","translator":null,"weight":150,"page_count":240,"readership":null,"editor":"Liber Faber","price":1800,"published_date":"2015-09-09T22:00:00.000000Z","support":"Grand format","publisher_availability":1,"stock":0,"editions":[],"url":"https:\/\/quaidesbrumes.com\/ouvrage\/9782365801423\/stefano-reviglio-in-capo-al-mondo-per-sperimentare"},{"id":"9791042816612","title":"L'Histoire de Luc","description":"L'Histoire de Luc est un r\u00e9cit intime et \u00e9mouvant dans lequel l'auteure raconte avec simplicit\u00e9 les onze ann\u00e9es qui ont suivi la perte de son fils, n\u00e9 sans vie, et la lente reconstruction qui a suivi, le chemin parcouru, depuis les premi\u00e8res incompr\u00e9hensions jusqu'aux d\u00e9marches pour faire reconna\u00eetre l'existence de Luc. \u00a0\r\nGr\u00e2ce \u00e0 la justesse du ton, la sinc\u00e9rit\u00e9 du regard et la force contenue des mots, elle parvient \u00e0 dire l'indicible sans pathos, le silence autour de cette naissance, l'isolement, les maladresses de l'entourage, les t\u00e2tonnements pour comprendre ce qui lui arrive, les zones d'ombre familiales, les souvenirs confus ou absents.\r\nL'alternance entre r\u00e9cit et fragments po\u00e9tiques offre au texte un rythme et des respirations qui touchent \u00e0 l'universel - l'amour, la perte, la m\u00e9moire, la transmission - en laissant l'espace \u00e0 l'\u00e9motion.\r\nCe r\u00e9cit est tout \u00e0 la fois renaissance et t\u00e9moignage, une histoire singuli\u00e8re, laissant la place \u00e0 d'autres v\u00e9cus, \u00e0 d'autres silences.","authors":["Patricia Bourrellis"],"category_codes":["1000000","1060000"],"visuals":{"large":"https:\/\/images.epagine.fr\/612\/9791042816612_1_75.jpg","medium":"https:\/\/images.epagine.fr\/612\/9791042816612_1_m.jpg","thumbnail":"https:\/\/images.epagine.fr\/612\/9791042816612_1_v.jpg"},"orderable":false,"show_badge":true,"formatted_price":"21,00&nbsp;\u20ac","formatted_published_date":"21 mai 2026","publisher_availability_label":"\u00c0 para\u00eetre","short_details":"Patricia Bourrellis \u2014 Les Impliques","translator":null,"weight":230,"page_count":192,"readership":null,"editor":"Les Impliques","price":2100,"published_date":"2026-05-20T22:00:00.000000Z","support":"Grand format","publisher_availability":2,"stock":0,"editions":[],"url":"https:\/\/quaidesbrumes.com\/ouvrage\/9791042816612\/lhistoire-de-luc"},{"id":"9782343058634","title":"Les ann\u00e9es 80 miroirs de l'\u00e9poque art d\u00e9co","description":"Les ann\u00e9es 80, surench\u00e8re d'extravagance gaie et color\u00e9e, ont \u00e9t\u00e9 une p\u00e9riode f\u00e9conde en cr\u00e9ations. Trente ans plus tard, est cultiv\u00e9 un marketing du Revival qui repose sur la nostalgie des quarantenaires aux sexag\u00e9naires quant \u00e0 ces ann\u00e9es d'insouciance, de libert\u00e9 frondeuse d\u00e9bridant l'imaginaire. Cette \u00e9nergie cr\u00e9atrice est-elle pure innovation des ann\u00e9es 80, ou s'est-elle inspir\u00e9e d'une autre \u00e9poque en qu\u00eate de libert\u00e9, modernit\u00e9 - la p\u00e9riode Art d\u00e9co ? L'auteur analyse la vie socioculturelle des ann\u00e9es 80 et compare ces donn\u00e9es \u00e0 celles de son \u00e9tude des d\u00e9cennies 1920-1930.\r","authors":["Isabelle Papieau"],"category_codes":["9000000","9120000","9120200","9120207"],"visuals":{"large":"https:\/\/images.epagine.fr\/634\/9782343058634_1_75.jpg","medium":"https:\/\/images.epagine.fr\/634\/9782343058634_1_m.jpg","thumbnail":"https:\/\/images.epagine.fr\/634\/9782343058634_1_v.jpg"},"orderable":true,"show_badge":true,"formatted_price":"27,00&nbsp;\u20ac","formatted_published_date":"4 ao\u00fbt 2015","publisher_availability_label":"Sur commande","short_details":"Isabelle Papieau \u2014 \u00c9ditions L'Harmattan","translator":null,"weight":297,"page_count":256,"readership":null,"editor":"\u00c9ditions L'Harmattan","price":2700,"published_date":"2015-08-03T22:00:00.000000Z","support":"Grand format","publisher_availability":1,"stock":0,"editions":[],"url":"https:\/\/quaidesbrumes.com\/ouvrage\/9782343058634\/les-annees-80-miroirs-de-lepoque-art-deco"},{"id":"9782359260168","title":"My life has a price","description":"\u00abMy heart is pounding against my chest. I am having a hard time breathing and a hard time thinking. I cross the terrace. One step, one small step. Then another tiny step. Now I am on the lawn. The grass is cold and wet under my bare feet. A gust of wind pastes my green sweatshirt against my body. My long grey skirt sticks to my legs like the skin of a rhinoceros. My heart tells me to run, to run as fast as my legs can carry me, with all my might. But I can't....\u00bb One morning in the outskirts of Lagos, Nigeria, a lucky 13-year-old girl named Tina, who came from a modest family, is preparing to go to France to become part of Linda and Godwin Okpara's family. Linda is a home maker and Godwin is a footballer at top French club Paris Saint-Germain and for the Super Eagles, Nigeria's national squad. They have four children and Tina dreams of going with them to school and joining in their games and pranks, living the European dream. But soon after her arrival the reality becomes different.\r\n\r\nWritten in collaboration with acclaimed journalist, Cyril Guinet, Tina recounts how imprisonment, torture and abuse in a suburban house in the middle of gentrified Europe in the twenty-first century could not break her. Tina's gripping story of survival and escape is a moving testament to a remarkable woman, a true survivor.\r","authors":["Tina Okpara"],"category_codes":["1000000","1060000","1060100"],"visuals":{"large":"https:\/\/images.epagine.fr\/168\/9782359260168_1_75.jpg","medium":"https:\/\/images.epagine.fr\/168\/9782359260168_1_m.jpg","thumbnail":"https:\/\/images.epagine.fr\/168\/9782359260168_1_v.jpg"},"orderable":true,"show_badge":true,"formatted_price":"15,00&nbsp;\u20ac","formatted_published_date":"30 avril 2009","publisher_availability_label":"Sur commande","short_details":"Tina Okpara \u2014 Amalion","translator":null,"weight":180,"page_count":192,"readership":null,"editor":"Amalion","price":1500,"published_date":"2009-04-29T22:00:00.000000Z","support":"Grand format","publisher_availability":1,"stock":0,"editions":[],"url":"https:\/\/quaidesbrumes.com\/ouvrage\/9782359260168\/my-life-has-a-price"},{"id":"9782758609049","title":"Souvenirs d'un otage de hirson a rastatt","description":null,"authors":["Desson Georges"],"category_codes":["1000000","1060000","1060100"],"visuals":{"large":"https:\/\/quaidesbrumes.com\/img\/book-placeholder.png","medium":"https:\/\/quaidesbrumes.com\/img\/book-placeholder.png","thumbnail":"https:\/\/quaidesbrumes.com\/img\/book-placeholder.png"},"orderable":true,"show_badge":true,"formatted_price":"28,00&nbsp;\u20ac","formatted_published_date":"28 octobre 2015","publisher_availability_label":"Sur commande","short_details":"Desson Georges \u2014 Livre D'Histoire","translator":null,"weight":600,"page_count":null,"readership":null,"editor":"Livre D'Histoire","price":2800,"published_date":"2015-10-27T23:00:00.000000Z","support":"Grand format","publisher_availability":1,"stock":0,"editions":[],"url":"https:\/\/quaidesbrumes.com\/ouvrage\/9782758609049\/souvenirs-dun-otage-de-hirson-a-rastatt"},{"id":"9782312036069","title":"Confidences d'un gardien de mus\u00e9e","description":"Les tribulations int\u00e9rieures d'un modeste gardien de mus\u00e9e qui, au fil de son \u00e9reintant labeur p\u00e9tri d'uniformit\u00e9 et de morosit\u00e9, s'efforce de ne point p\u00e9rir d'ennui en observant, avec clairvoyance et alacrit\u00e9, les moeurs \u00e9tranges du monde de l'art.\r","authors":["Bernard Martin"],"category_codes":["1000000","1060000","1060300","1060301"],"visuals":{"large":"https:\/\/images.epagine.fr\/069\/9782312036069_1_75.jpg","medium":"https:\/\/images.epagine.fr\/069\/9782312036069_1_m.jpg","thumbnail":"https:\/\/images.epagine.fr\/069\/9782312036069_1_v.jpg"},"orderable":true,"show_badge":true,"formatted_price":"12,00&nbsp;\u20ac","formatted_published_date":"27 octobre 2015","publisher_availability_label":"Sur commande","short_details":"Bernard Martin \u2014 Editions du Net","translator":null,"weight":153,"page_count":null,"readership":null,"editor":"Editions du Net","price":1200,"published_date":"2015-10-26T23:00:00.000000Z","support":"Grand format","publisher_availability":1,"stock":0,"editions":[],"url":"https:\/\/quaidesbrumes.com\/ouvrage\/9782312036069\/confidences-dun-gardien-de-musee"},{"id":"9782322029297","title":"A painter witness to his time : Minaux ; 1923-1986","description":"An extraordinary artistic and creative impulse followed WWII dark years. As early as 1946, Andr\u00e9 Minaux, artist and painter, shared it. His friends were Mourlot (master lithographer), Buffet, Lorjou and Rebeyrolle (painters) and Jean Lacouture (author and historian). His exceptional talent was unveiled by happenstance, fateful events and encouraged by great elders such as Picasso, Cocteau, Vlaminck, F.Desnoyer, Fernand L\u00e9ger, Raoul Dufy, Dunoyer de Segonzac, Clav\u00e9 and Lorjou.\r\nMinaux kept his distance from fashions and schools of thoughts. Art lovers were seduced by his original and powerful art. Minaux exhibited in galleries, museums and in important private collections worldwide. Also a lithographer, engraver and illustrator, he illustrated Hemingway, Cendrars, Ionesco, Agatha Christie, Giono and Marguerite Duras. He drew the famous last portrait of Gide. He found himself involved in a quarrel of figurative artists against abstracts ones, which was going full swing at the time. A painter's route through those booming years' artistic events.\r\nNarratives illustrated by artwork reproductions, press clippings, movie extracts, interviews and photos. A surprising life in pursuit of art he always questioned.\r","authors":["H\u00e9l\u00e8ne Minaux"],"category_codes":["1000000","1060000","1060200"],"visuals":{"large":"https:\/\/images.epagine.fr\/297\/9782322029297_1_75.jpg","medium":"https:\/\/images.epagine.fr\/297\/9782322029297_1_m.jpg","thumbnail":"https:\/\/images.epagine.fr\/297\/9782322029297_1_v.jpg"},"orderable":true,"show_badge":true,"formatted_price":"24,90&nbsp;\u20ac","formatted_published_date":"11 d\u00e9cembre 2014","publisher_availability_label":"Sur commande","short_details":"H\u00e9l\u00e8ne Minaux \u2014 Books on Demand","translator":null,"weight":501,"page_count":220,"readership":null,"editor":"Books on Demand","price":2490,"published_date":"2014-12-10T23:00:00.000000Z","support":"Grand format","publisher_availability":1,"stock":0,"editions":[],"url":"https:\/\/quaidesbrumes.com\/ouvrage\/9782322029297\/a-painter-witness-to-his-time-minaux-1923-1986"},{"id":"9782322040810","title":"Le guide des biographes ; \u00eatre \u00e9crivain passeur de m\u00e9moire aujourd'hui","description":"Cet ouvrage sur ce que repr\u00e9sente d'\u00eatre \u00c9crivain-Biographe aujourd'hui ou comment le devenir, porte en lui maintes orientations, litt\u00e9raires, relationnelles, documentaires, r\u00e9dactionnelles, m\u00e9diatiques. Avec pour axes principaux de multiples ouvertures sur des terrains moins abord\u00e9s par les biographes du moment, ne sont pas uniquement trait\u00e9es, loin de l\u00e0, les possibilit\u00e9s d'\u00e9crire les m\u00e9moires de gens en vue ou de personnes anonymes vivantes ou disparues. On y trouve en outre, un champ de vision tr\u00e8s document\u00e9 sur de vastes pistes de travail. Angles de vue \u00e0 travers la soci\u00e9t\u00e9 actuelle ou en regard de l'Histoire contemporaine, ses pistes sont autant abondantes qu'in\u00e9dites. \u00c0 travers sources et commentaires, fragments de textes, r\u00e9f\u00e9rences, adresses, contacts, conseils, exemples, recommandations, points de vue, subjectifs quelquefois, objectifs souvent, avec ses informations nourries, dans tous ses aspects le propos a plusieurs buts : ouvrir, informer, \u00e9tendre, \u00e9largir.\r","authors":["Constance d' Epannes de b\u00e9chillon"],"category_codes":["1000000","1060000"],"visuals":{"large":"https:\/\/images.epagine.fr\/810\/9782322040810_1_75.jpg","medium":"https:\/\/images.epagine.fr\/810\/9782322040810_1_m.jpg","thumbnail":"https:\/\/images.epagine.fr\/810\/9782322040810_1_v.jpg"},"orderable":true,"show_badge":true,"formatted_price":"24,99&nbsp;\u20ac","formatted_published_date":"10 septembre 2015","publisher_availability_label":"Sur commande","short_details":"Constance d' Epannes de b\u00e9chillon \u2014 Books on Demand","translator":null,"weight":501,"page_count":352,"readership":null,"editor":"Books on Demand","price":2499,"published_date":"2015-09-09T22:00:00.000000Z","support":"Grand format","publisher_availability":1,"stock":0,"editions":[],"url":"https:\/\/quaidesbrumes.com\/ouvrage\/9782322040810\/le-guide-des-biographes-etre-ecrivain-passeur-de-memoire-aujourdhui"},{"id":"9782312034461","title":"\"si vous saviez...\" paroles de pieds-noirs","description":"En 1962, plus d'un million de Pieds-Noirs ont quitt\u00e9 l'Alg\u00e9rie. Le 5 juillet, la France s'est s\u00e9par\u00e9e de ses d\u00e9partements, et un pays ind\u00e9pendant est n\u00e9. Cette date, symbolique historiquement, l'est aussi humainement pour les Pieds-Noirs et les Harkis qui ont v\u00e9cu ce d\u00e9racinement. Les uns ont \u00e9t\u00e9 forc\u00e9s \u00e0 \u00e9migrer sur leur terre patrie qui a eu du mal \u00e0 reconna\u00eetre sa fratrie ; et les autres, \u00e0 immigrer sur une terre qui \u00e9tait cens\u00e9e devenir leur patrie. Dans ce livre, des Pieds-Noirs t\u00e9moignent avec leurs mots d'aujourd'hui, patin\u00e9s ou non par le temps. Les commentaires sont parfois abrupts, souvent acerbes, mais empreints d'une affection pour leur Alg\u00e9rie natale. Ce document permet, \u00e0 celles et ceux \u00ab qui y \u00e9taient \u00bb, de t\u00e9moigner. A ceux qui \u00ab n'y \u00e9taient pas \u00bb, de r\u00e9fl\u00e9chir, et mieux comprendre.\r","authors":["Marc Ni\u00f1o"],"category_codes":["1000000","1060000","1060300"],"visuals":{"large":"https:\/\/images.epagine.fr\/461\/9782312034461_1_75.jpg","medium":"https:\/\/images.epagine.fr\/461\/9782312034461_1_m.jpg","thumbnail":"https:\/\/images.epagine.fr\/461\/9782312034461_1_v.jpg"},"orderable":true,"show_badge":true,"formatted_price":"30,00&nbsp;\u20ac","formatted_published_date":"3 septembre 2015","publisher_availability_label":"Sur commande","short_details":"Marc Ni\u00f1o \u2014 Editions du Net","translator":null,"weight":946,"page_count":526,"readership":null,"editor":"Editions du Net","price":3000,"published_date":"2015-09-02T22:00:00.000000Z","support":"Grand format","publisher_availability":1,"stock":0,"editions":[],"url":"https:\/\/quaidesbrumes.com\/ouvrage\/9782312034461\/si-vous-saviez-paroles-de-pieds-noirs"},{"id":"9782312037752","title":"Les m\u00e9moires de ma m\u00e8re","description":"Toutes les aventures humaines ne se terminent pas toujours par la c\u00e9l\u00e8bre formule : \u00ab Ils v\u00e9curent heureux et eurent beaucoup d'enfants. \u00bb. il existe aussi des vies qui sont bris\u00e9es \u00e0 jamais ou encore des existences parsem\u00e9es d'emb\u00fbches et de quiproquo jusqu'\u00e0 la fin ; \u00ab Les m\u00e9moires de ma m\u00e8re \u00bb retrace donc le parcours tragique d'une femme courageuse, amoureuse de l'amour, mais qui a subi toutes sortes de torture \u00e9voqu\u00e9e ici, dans le but de mettre en lumi\u00e8re, les s\u00e9vices physiques et psychologiques que subissent encore de nombreuses personnes aujourd'hui dans le silence, malgr\u00e9 des moyens de lutte et de pr\u00e9vention mis en oeuvre, les tares de la soci\u00e9t\u00e9 Africaine et les valeurs qui devraient \u00eatre les n\u00f4tres en tant que jeune africain, afin de b\u00e2tir une Afrique forte et unie dans un avenir proche.\r","authors":["Mbock Dominique wilfred benzoni"],"category_codes":["1000000","1060000","1060300"],"visuals":{"large":"https:\/\/images.epagine.fr\/752\/9782312037752_1_75.jpg","medium":"https:\/\/images.epagine.fr\/752\/9782312037752_1_m.jpg","thumbnail":"https:\/\/images.epagine.fr\/752\/9782312037752_1_v.jpg"},"orderable":true,"show_badge":true,"formatted_price":"14,00&nbsp;\u20ac","formatted_published_date":"16 septembre 2015","publisher_availability_label":"Sur commande","short_details":"Mbock Dominique wilfred benzoni \u2014 Editions du Net","translator":null,"weight":104,"page_count":58,"readership":null,"editor":"Editions du Net","price":1400,"published_date":"2015-09-15T22:00:00.000000Z","support":"Grand format","publisher_availability":1,"stock":0,"editions":[],"url":"https:\/\/quaidesbrumes.com\/ouvrage\/9782312037752\/les-memoires-de-ma-mere"},{"id":"9791029003509","title":"B\u00e9r\u00e9madji Madengar, \u00e9l\u00e9gie d'un neveu","description":"Ce livre n'a nullement vocation de pol\u00e9miquer sur les causes de la mort de l'immense Marc Kamis B\u00e9r\u00e9madji Madengar B\u00e9kamba. Mon oncle maternel m'en aurait tenu rigueur si c'en \u00e9tait le cas. L'objet de ce modeste r\u00e9cit qui se pr\u00e9tend biographique est de ressortir le caract\u00e8re humain et humaniste de ce grand commis de l'Etat, v\u00e9ritable homme d'Etat, qui m'a offert le luxe de figurer parmi ses proches \u00e0 qui il a, malgr\u00e9 lui peut-\u00eatre, fait d\u00e9couvrir une autre facette de sa grande personnalit\u00e9.\r","authors":["Arsene Djimingar"],"category_codes":["1000000","1060000","1060300"],"visuals":{"large":"https:\/\/images.epagine.fr\/509\/9791029003509_1_75.jpg","medium":"https:\/\/images.epagine.fr\/509\/9791029003509_1_m.jpg","thumbnail":"https:\/\/images.epagine.fr\/509\/9791029003509_1_v.jpg"},"orderable":true,"show_badge":true,"formatted_price":"13,00&nbsp;\u20ac","formatted_published_date":"11 septembre 2015","publisher_availability_label":"Sur commande","short_details":"Arsene Djimingar \u2014 CHAPITRE.COM","translator":null,"weight":95,"page_count":88,"readership":null,"editor":"CHAPITRE.COM","price":1300,"published_date":"2015-09-10T22:00:00.000000Z","support":"Grand format","publisher_availability":1,"stock":0,"editions":["9791029003721"],"url":"https:\/\/quaidesbrumes.com\/ouvrage\/9791029003509\/beremadji-madengar-elegie-dun-neveu"},{"id":"9782487105218","title":"P\u00eale-m\u00eale : Ceux qui chantent en moi","description":"Migail Montlouis-F\u00e9licit\u00e9 a fait de l'\u00e9coute un art de vivre. Femme de radio et de terrain, elle a pass\u00e9 des d\u00e9cennies \u00e0 capter les vibrations du monde et \u00e0 recueillir les paroles des autres. Elle a \u00e9t\u00e9 le t\u00e9moin privil\u00e9gi\u00e9 de destins hors du commun. Elle a \u00e9t\u00e9 confidente d'artistes \u00e0 la renomm\u00e9e mondiale.\r\nPendant des ann\u00e9es, elle a capt\u00e9 le souffle et les mots des autres. Aujourd'hui, pour la premi\u00e8re fois, elle livre sa propre partition.\r\nCe r\u00e9cit rassemble les \u00e9chos d'un parcours intense qui d\u00e9passe les fronti\u00e8res. Migail y restitue les m\u00e9lodies et les secrets qui l'habitent. Chaque page vibre au rythme de LA musique, cette force universelle qui l'accompagne d'o\u00f9 qu'elle vienne. Elle offre une transmission pure o\u00f9 les voix des ic\u00f4nes rencontrent celles de sa lign\u00e9e. On entre dans cet ouvrage comme on se branche sur une fr\u00e9quence intime pour d\u00e9couvrir les coulisses d'une m\u00e9moire exceptionnelle.","authors":["Migail Montlouis-F\u00e9licit\u00e9"],"category_codes":["1000000","1060000","1060100"],"visuals":{"large":"https:\/\/images.epagine.fr\/218\/9782487105218_1_75.jpg","medium":"https:\/\/images.epagine.fr\/218\/9782487105218_1_m.jpg","thumbnail":"https:\/\/images.epagine.fr\/218\/9782487105218_1_v.jpg"},"orderable":true,"show_badge":true,"formatted_price":"18,00&nbsp;\u20ac","formatted_published_date":"29 avril 2026","publisher_availability_label":"Sur commande","short_details":"Migail Montlouis-F\u00e9licit\u00e9 \u2014 Editions Du Mahury","translator":null,"weight":200,"page_count":160,"readership":null,"editor":"Editions Du Mahury","price":1800,"published_date":"2026-04-28T22:00:00.000000Z","support":"Grand format","publisher_availability":1,"stock":0,"editions":[],"url":"https:\/\/quaidesbrumes.com\/ouvrage\/9782487105218\/pele-mele-ceux-qui-chantent-en-moi"},{"id":"9782365920674","title":"La fistini\u00e8re ; sous ma bonne \u00e9toile","description":"Fran\u00e7ois Mallet est n\u00e9 le 30 septembre 1966 \u00e0 Nevers.\r\nCommer\u00e7ant depuis toujours, il a cr\u00e9\u00e9 avec son mari, Juan Carlos, une maison d'h\u00f4tes sur le th\u00e8me du \u00ab fist fucking \u00bb en 2007 :\r\nLa Fistini\u00e8re.\r\nLas d'entendre tout et n'importe quoi sur cette maison et cette pratique sexuelle, souvent sali par l'ignorance de ceux qui ne connaissent pas tous les d\u00e9tails de son histoire et d\u00e9sireux de se montrer sous son vrai jour, il crie ici sa v\u00e9rit\u00e9 face \u00e0 ses d\u00e9tracteurs.\r\nEt raconte son parcours de vie avec une sinc\u00e9rit\u00e9 et un humanisme rares.\r","authors":["Fran\u00e7ois Mallet"],"category_codes":["1000000","1060000","1060100"],"visuals":{"large":"https:\/\/images.epagine.fr\/674\/9782365920674_1_75.jpg","medium":"https:\/\/images.epagine.fr\/674\/9782365920674_1_m.jpg","thumbnail":"https:\/\/images.epagine.fr\/674\/9782365920674_1_v.jpg"},"orderable":true,"show_badge":true,"formatted_price":"17,00&nbsp;\u20ac","formatted_published_date":"7 octobre 2015","publisher_availability_label":"Sur commande","short_details":"Fran\u00e7ois Mallet \u2014 Grrr...art \u00c9ditions","translator":null,"weight":268,"page_count":250,"readership":null,"editor":"Grrr...art \u00c9ditions","price":1700,"published_date":"2015-10-06T22:00:00.000000Z","support":"Grand format","publisher_availability":1,"stock":0,"editions":[],"url":"https:\/\/quaidesbrumes.com\/ouvrage\/9782365920674\/la-fistiniere-sous-ma-bonne-etoile"},{"id":"9791040621447","title":"Une vie \u00e0 l'endroit pour une existence \u00e0 l'envers","description":"Deux \u00e2mes perdues tentent de comprendre le r\u00f4le qu'une force invisible joue dans leur existence. Prisonni\u00e8re d'un pr\u00e9sent qui r\u00e9\u00e9crit sans cesse son pass\u00e9, la narratrice avance vers un avenir qu'elle esp\u00e8re enfin ma\u00eetriser. Mais une question demeure : que serait-il advenu de sa famille si elle ne s'\u00e9tait jamais r\u00e9veill\u00e9e ? Entre r\u00e9v\u00e9lations personnelles, tension psychologique et qu\u00eate de sens, ce r\u00e9cit d\u00e9voile une histoire o\u00f9 chaque d\u00e9cision compte. Un t\u00e9moignage percutant sur la fragilit\u00e9 de nos certitudes et la force de ceux qui luttent pour reprendre le contr\u00f4le de leur vie.\r\n \r\nTara Wells, n\u00e9e en 1968 \u00e0 Fontenay-sous-Bois, a grandi \u00e0 Gif-sur-Yvette avant de s'installer durablement dans les Hauts-de-Seine. Bipolaire, elle affronte depuis sa jeunesse des \u00e9pisodes d\u00e9stabilisants qui ont fa\u00e7onn\u00e9 son parcours. Soutenue par un entourage bienveillant, elle a appris \u00e0 apprivoiser la maladie et \u00e0 transformer ses \u00e9preuves en force. Passionn\u00e9e d'arts visuels, de cin\u00e9ma, de peinture et de photographie, elle puise dans le quotidien l'essentiel de son inspiration. Son oeuvre refl\u00e8te un combat intime devenu moteur de cr\u00e9ation.","authors":["Tara Wells"],"category_codes":["1000000","1060000","1060100"],"visuals":{"large":"https:\/\/images.epagine.fr\/447\/9791040621447_1_75.jpg","medium":"https:\/\/images.epagine.fr\/447\/9791040621447_1_m.jpg","thumbnail":"https:\/\/images.epagine.fr\/447\/9791040621447_1_v.jpg"},"orderable":true,"show_badge":true,"formatted_price":"13,50&nbsp;\u20ac","formatted_published_date":"24 avril 2026","publisher_availability_label":"Sur commande","short_details":"Tara Wells \u2014 Les Trois Colonnes","translator":null,"weight":129,"page_count":96,"readership":null,"editor":"Les Trois Colonnes","price":1350,"published_date":"2026-04-23T22:00:00.000000Z","support":"Grand format","publisher_availability":1,"stock":0,"editions":[],"url":"https:\/\/quaidesbrumes.com\/ouvrage\/9791040621447\/une-vie-a-lendroit-pour-une-existence-a-lenvers"},{"id":"9780753555958","title":"CHARLES: THE HEART OF A KING","description":"The  Sunday Times  Top Ten Bestseller      ''[The book that] made headlines around the world.''  Independent     He has lived his whole life in the public eye, yet he remains an enigma. He was born to be king, but he aims much higher. A landmark publication,  Charles:   The Heart of a King  reveals Prince Charles in all his complexity: the passionate views that mean he will never be as remote and impartial as his mother; the compulsion to make a difference and the many and startling ways in which the heir to the throne of the United Kingdom and fifteen other realms has already made his mark.   The book offers fresh and fascinating insights into the first marriage that did so much to define him and an assessment of his relationship with the woman he calls, with unintended accuracy, his ''dearest wife'': Camilla. We see Charles as a father and a friend, a serious figure and a joker. Life at court turns out to be full of hidden dangers and unexpected comedy.    Poignant, funny and often surprising, the first significant study of the Prince in over a decade reveals a man in sight of happiness yet still driven by anguish and a remarkable belief system, a charitable entrepreneur, activist, agitator and avatar of the Establishment who just as often tilts against it.    Based on multiple interviews with his friends and courtiers, palace insiders and critics, and access to Charles himself during research lasting more than a year, this biography explores the Prince''s philanthropy and his compulsive interventionism, his faith, his political leanings and the philosophy that means when he seeks harmony he sometimes creates controversy.     Gripping, at times astonishing, often laugh-out-loud, this is a royal biography unlike any other.\r","authors":["Catherine Mayer"],"category_codes":["1000000","1060000","1060100"],"visuals":{"large":"https:\/\/images.epagine.fr\/958\/9780753555958_1_75.jpg","medium":"https:\/\/images.epagine.fr\/958\/9780753555958_1_m.jpg","thumbnail":"https:\/\/images.epagine.fr\/958\/9780753555958_1_v.jpg"},"orderable":true,"show_badge":true,"formatted_price":"24,30&nbsp;\u20ac","formatted_published_date":"4 f\u00e9vrier 2016","publisher_availability_label":"Sur commande","short_details":"Catherine Mayer \u2014 Allen & Unwin","translator":null,"weight":335,"page_count":448,"readership":null,"editor":"Allen & Unwin","price":2430,"published_date":"2016-02-03T23:00:00.000000Z","support":"Poche","publisher_availability":1,"stock":0,"editions":[],"url":"https:\/\/quaidesbrumes.com\/ouvrage\/9780753555958\/charles-the-heart-of-a-king"},{"id":"9782343071176","title":"Vie et mort en questions ; la qu\u00eate de la paix des (sur)vivants","description":"\"La vie, la sant\u00e9, la maladie, la mort pr\u00e9occupent les \u00eatres humains qui cr\u00e9ent tous les subterfuges possibles pour en ralentir le processus, les bloquer, les cacher ou n\u00e9gocier avec elles selon une pluralit\u00e9 de moyens allant du symbolique au scientifique. Le probl\u00e8me r\u00e9side dans l opposition de la vie et de la mort. L ouvrage propose alors d int\u00e9grer la mort dans la vie par la d\u00e9dramatisation. Rites et ritualit\u00e9s, actes et signes sociaux symboliques peuvent permettre de d\u00e9passer la mort.\"\r","authors":["Lamine Ndiaye"],"category_codes":["9000000","9120000","9120200","9120207"],"visuals":{"large":"https:\/\/images.epagine.fr\/176\/9782343071176_1_75.jpg","medium":"https:\/\/images.epagine.fr\/176\/9782343071176_1_m.jpg","thumbnail":"https:\/\/images.epagine.fr\/176\/9782343071176_1_v.jpg"},"orderable":true,"show_badge":true,"formatted_price":"18,00&nbsp;\u20ac","formatted_published_date":"17 ao\u00fbt 2015","publisher_availability_label":"Sur commande","short_details":"Lamine Ndiaye \u2014 \u00c9ditions L'Harmattan","translator":null,"weight":250,"page_count":152,"readership":null,"editor":"\u00c9ditions L'Harmattan","price":1800,"published_date":"2015-08-16T22:00:00.000000Z","support":"Grand format","publisher_availability":1,"stock":0,"editions":[],"url":"https:\/\/quaidesbrumes.com\/ouvrage\/9782343071176\/vie-et-mort-en-questions-la-quete-de-la-paix-des-survivants"},{"id":"9782332604705","title":"Autobiographie d'une inconnue Tome 2 ; la place des po\u00e8tes","description":"En 1965, les parents de Charlotte immigrent en France pour faire leurs \u00e9tudes. Pour vivre, l'un touche une bourse et l'autre un peu d'argent de ses parents. Rapidement, ils con\u00e7oivent un enfant : Lilia, soeur ain\u00e9e de Charlotte, pour laquelle sa m\u00e8re abandonnera ses \u00e9tudes.\r\nUne dizaine d'ann\u00e9es apr\u00e8s, la petite famille d\u00e9m\u00e9nage afin d'accueillir Charlotte dans un appartement plus grand. L\u00e0, les choses tournent mal et la famille traverse de dures \u00e9preuves.\r","authors":["Charlotte Pinceau"],"category_codes":["1000000","1060000","1060100"],"visuals":{"large":"https:\/\/images.epagine.fr\/705\/9782332604705_1_75.jpg","medium":"https:\/\/images.epagine.fr\/705\/9782332604705_1_m.jpg","thumbnail":"https:\/\/images.epagine.fr\/705\/9782332604705_1_v.jpg"},"orderable":true,"show_badge":true,"formatted_price":"16,00&nbsp;\u20ac","formatted_published_date":"18 septembre 2015","publisher_availability_label":"Sur commande","short_details":"Charlotte Pinceau \u2014 Edilivre","translator":null,"weight":155,"page_count":110,"readership":null,"editor":"Edilivre","price":1600,"published_date":"2015-09-17T22:00:00.000000Z","support":"Grand format","publisher_availability":1,"stock":0,"editions":[],"url":"https:\/\/quaidesbrumes.com\/ouvrage\/9782332604705\/autobiographie-dune-inconnue-tome-2-la-place-des-poetes"},{"id":"9782070119523","title":"Un vieux dans le soleil couchant","description":"\u00abVieux est un qualificatif qui s'applique aux humains, aux animaux, aux v\u00e9g\u00e9taux, aux choses, en particulier aux meubles. Je l'aime bien. Il me rend solidaire de la diversit\u00e9 innombrable du monde.\u00bb","authors":["Yves Mabin"],"category_codes":["1000000","1060000","1060100"],"visuals":{"large":"https:\/\/images.epagine.fr\/523\/9782070119523_1_75.jpg","medium":"https:\/\/images.epagine.fr\/523\/9782070119523_1_m.jpg","thumbnail":"https:\/\/images.epagine.fr\/523\/9782070119523_1_v.jpg"},"orderable":true,"show_badge":true,"formatted_price":"18,50&nbsp;\u20ac","formatted_published_date":"18 f\u00e9vrier 2016","publisher_availability_label":"Sur commande","short_details":"Yves Mabin \u2014 Gallimard","translator":null,"weight":233,"page_count":192,"readership":null,"editor":"Gallimard","price":1850,"published_date":"2016-02-17T23:00:00.000000Z","support":"Grand format","publisher_availability":1,"stock":0,"editions":[],"url":"https:\/\/quaidesbrumes.com\/ouvrage\/9782070119523\/un-vieux-dans-le-soleil-couchant"},{"id":"9791040626190","title":"Quelques v\u00e9rit\u00e9s, sans bruit : Dire sans faire mal","description":"Il existe des livres qui, sans \u00e9lever la voix, parviennent \u00e0 dire l'essentiel. Quelques v\u00e9rit\u00e9s, sans bruit en est un : une oeuvre o\u00f9 chaque page d\u00e9ploie une v\u00e9rit\u00e9 intime, un dialogue subtil entre la lucidit\u00e9 et l'\u00e9motion. Sans fracas, il s'impose par sa capacit\u00e9 \u00e0 toucher l\u00e0 o\u00f9 les mots r\u00e9sonnent le plus profond\u00e9ment. Et si les v\u00e9rit\u00e9s les plus marquantes \u00e9taient celles qu'on ose \u00e0 peine chuchoter ?\r\nUne lecture \u00e0 parcourir avec lenteur, pour en saisir toute la force et la d\u00e9licatesse. Un livre qui s'adresse \u00e0 ceux qui cherchent, dans le silence, l'\u00e9cho de leurs propres pens\u00e9es secr\u00e8tes.\r\n \r\nNicole Didier, 64 ans, allie une retraite dynamique \u00e0 un amour inconditionnel pour les rencontres humaines. Entre lectures, cin\u00e9ma, sport et m\u00e9canique, son esprit curieux ne s'\u00e9teint jamais. Fi\u00e8re m\u00e8re de deux filles, elle puise sa joie dans leur r\u00e9ussite et leur amour. Son yorkshire, complice de chaque instant, partage son quotidien lumineux. Avec tendresse et enthousiasme, elle traverse la vie, le coeur rempli de gratitude et d'une \u00e9nergie contagieuse.","authors":["Nicole Didier"],"category_codes":["1000000","1060000","1060100"],"visuals":{"large":"https:\/\/images.epagine.fr\/190\/9791040626190_1_75.jpg","medium":"https:\/\/images.epagine.fr\/190\/9791040626190_1_m.jpg","thumbnail":"https:\/\/images.epagine.fr\/190\/9791040626190_1_v.jpg"},"orderable":true,"show_badge":true,"formatted_price":"11,00&nbsp;\u20ac","formatted_published_date":"24 avril 2026","publisher_availability_label":"Sur commande","short_details":"Nicole Didier \u2014 Les Trois Colonnes","translator":null,"weight":80,"page_count":54,"readership":null,"editor":"Les Trois Colonnes","price":1100,"published_date":"2026-04-23T22:00:00.000000Z","support":"Grand format","publisher_availability":1,"stock":0,"editions":[],"url":"https:\/\/quaidesbrumes.com\/ouvrage\/9791040626190\/quelques-verites-sans-bruit-dire-sans-faire-mal"},{"id":"9782876835054","title":"Le docteur Simon colonna et Port-Saint-Louis-du-Rh\u00f4ne de Napol\u00e9on III au clocher de la paix","description":"Jos\u00e9 Valli se fait ici le porte-parole de tous les Port-Saint-Louisiens qui souhaitent rendre un hommage au docteur Simon Colonna qui fut si g\u00e9n\u00e9reux de son temps et de sa personne envers tous ses semblables.\r\n\u00ab Simon \u00e9tait un personnage fascinant. Ses gestes, son verbe, sa voix, son comportement, sa r\u00e9flexion, son v\u00e9cu, sa pugnacit\u00e9, son raisonnement, son rapport \u00e0 l'autre et son humilit\u00e9 en faisaient r\u00e9ellement un \u00eatre exceptionnel. \u00bb\r\nEn plus de son m\u00e9tier qu'il exercera sans compter, il aura pour combat de faire construire le clocher de l'\u00e9glise de Port-Saint-Louis du Rh\u00f4ne, car pour lui \u00ab un village sans clocher est un village sans \u00e2me \u00bb. \r\nCe r\u00e9cit est fait d'un tas d'anecdotes m\u00ealant la vie du docteur et celle des gens du village r\u00e9v\u00e9lant ainsi les \u00e9v\u00e9nements marquants de la vie sociale, religieuse et poli-tique de la ville de Port-Saint-Louis.","authors":["Jos\u00e9 Valli"],"category_codes":["1000000","1060000","1060200"],"visuals":{"large":"https:\/\/images.epagine.fr\/054\/9782876835054_1_75.jpg","medium":"https:\/\/images.epagine.fr\/054\/9782876835054_1_m.jpg","thumbnail":"https:\/\/images.epagine.fr\/054\/9782876835054_1_v.jpg"},"orderable":true,"show_badge":true,"formatted_price":"15,00&nbsp;\u20ac","formatted_published_date":"15 ao\u00fbt 2015","publisher_availability_label":"Sur commande","short_details":"Jos\u00e9 Valli \u2014 La Compagnie Litt\u00e9raire","translator":null,"weight":350,"page_count":220,"readership":null,"editor":"La Compagnie Litt\u00e9raire","price":1500,"published_date":"2015-08-14T22:00:00.000000Z","support":"Grand format","publisher_availability":1,"stock":0,"editions":[],"url":"https:\/\/quaidesbrumes.com\/ouvrage\/9782876835054\/le-docteur-simon-colonna-et-port-saint-louis-du-rhone-de-napoleon-iii-au-clocher-de-la-paix"}]}