{"data":[{"id":"9782355070723","title":"Jacques H\u00e9bert ; ...des hommes libres","description":"Jacques H\u00e9bert est n\u00e9 en 1920 \u00e0 Falaise (Calvados). En 1940, il rejoint les Forces fran\u00e7aises libres. Engag\u00e9 volontaire, il va prendre part \u00e0 de nombreuses op\u00e9rations militaires en Afrique du Nord au sein de la 1\u00e8re Compagnie autonome de chars de combat, avant de participer \u00e0 la lib\u00e9ration de Paris. De retour \u00e0 la vie civile, il reprend ses \u00e9tudes de m\u00e9decine \u00e0 Caen puis \u00e0 Paris et finira sa carri\u00e8re de m\u00e9decin \u00e0 Cherbourg, ville dont il sera maire de 1959 \u00e0 1977. D\u00e9put\u00e9 de la Manche, de 1962 \u00e0 1973, Commandeur de la L\u00e9gion d'Honneur, ce Compagnon de la Lib\u00e9ration affirme : \u00ab Non, nous n'avons pas \u00e9t\u00e9 des h\u00e9ros, mais seulement des Free French, des hommes libres. \u00bb\r","authors":["Jacques H\u00e9bert"],"category_codes":["1000000","1060000"],"visuals":{"large":"https:\/\/images.epagine.fr\/723\/9782355070723_1_75.jpg","medium":"https:\/\/images.epagine.fr\/723\/9782355070723_1_m.jpg","thumbnail":"https:\/\/images.epagine.fr\/723\/9782355070723_1_v.jpg"},"orderable":true,"show_badge":true,"formatted_price":"18,00&nbsp;\u20ac","formatted_published_date":"15 janvier 2015","publisher_availability_label":"Sur commande","short_details":"Jacques H\u00e9bert \u2014 Cahiers Du Temps","translator":null,"weight":500,"page_count":244,"readership":null,"editor":"Cahiers Du Temps","price":1800,"published_date":"2015-01-14T23:00:00.000000Z","support":"Grand format","publisher_availability":1,"stock":0,"editions":[],"url":"https:\/\/quaidesbrumes.com\/ouvrage\/9782355070723\/jacques-hebert-des-hommes-libres"},{"id":"9791094591000","title":"Le silence des chrysanth\u00e8mes","description":"Parti il y a dix ans vivre en Pologne orientale sur les berges de la rivi\u00e8re Bug, Bertrand Redonnet contemple les pas laiss\u00e9s derri\u00e8re lui et se souvient, tant\u00f4t avec tendresse, tant\u00f4t avec humour \u00e0 la limite du sarcasme, tant\u00f4t avec col\u00e8re. Il essaie de comprendre pourquoi sa vie - alors qu'il reste, au sens premier, un paysan dans l'\u00e2me -  finira d\u00e9racin\u00e9e sous des climats qui ne sont pas les siens.\r\nIl ne s'agit pas - stricto sensu - d'une autobiographie, mais d'un r\u00e9cit o\u00f9 m\u00e9moire r\u00e9elle et arch\u00e9ologie imaginaire font bon m\u00e9nage. Jusqu'\u00e0 donner une vision du monde pr\u00e9cise, d\u00e9sabus\u00e9e mais joyeuse.\r\nLes chevilles ouvri\u00e8res du Silence des chrysanth\u00e8mes s'articulent autour d'une enfance marqu\u00e9e par l'absence d'un p\u00e8re,  d'une adolescence mutine, amoureuse des paysages et des campagnes n\u00e9olithiques des ann\u00e9es 60, et d'un \u00e2ge adulte toujours en r\u00e9volte contre l'organisation sociale du mensonge et de l'abondance spectaculaires.\r\nCe texte, v\u00e9ritable lampe-t\u00e9moin d'une \u00e9poque \u00e0 jamais engloutie, ne veut ni glorifier ni vilipender le pass\u00e9 : en filigrane ou en toutes lettres, il accuse simplement l'inexorable fuite d'un temps gaspill\u00e9 dans les illusions et les convictions de toutes sortes\r","authors":["Bertrand Redonnet"],"category_codes":["1000000","1060000","1060300"],"visuals":{"large":"https:\/\/images.epagine.fr\/000\/9791094591000_1_75.jpg","medium":"https:\/\/images.epagine.fr\/000\/9791094591000_1_m.jpg","thumbnail":"https:\/\/images.epagine.fr\/000\/9791094591000_1_v.jpg"},"orderable":true,"show_badge":true,"formatted_price":"19,30&nbsp;\u20ac","formatted_published_date":"30 janvier 2015","publisher_availability_label":"Sur commande","short_details":"Bertrand Redonnet \u2014 Editions Du Bug","translator":null,"weight":310,"page_count":230,"readership":null,"editor":"Editions Du Bug","price":1930,"published_date":"2015-01-29T23:00:00.000000Z","support":"Grand format","publisher_availability":1,"stock":0,"editions":[],"url":"https:\/\/quaidesbrumes.com\/ouvrage\/9791094591000\/le-silence-des-chrysanthemes"},{"id":"9782343057071","title":"Migration pour \u00e9tudes ; l'exp\u00e9rience du retour et du non retour des dipl\u00f4m\u00e9s guin\u00e9ens apr\u00e8s une formation au Canada","description":"Quelles sont les motivations des \u00e9tudiants guin\u00e9ens \u00e0 poursuivre leurs \u00e9tudes au Canada ? Quelles raisons ont pouss\u00e9 certains dipl\u00f4m\u00e9s \u00e0 prendre le chemin du retour apr\u00e8s leur formation au Canada et d'autres \u00e0 demeurer dans le pays d'accueil ? Apr\u00e8s avoir r\u00e9pondu \u00e0 ces questions, l'auteur s'est int\u00e9ress\u00e9 \u00e0 l'insertion ou r\u00e9insertion sociale, familiale et professionnelle des dipl\u00f4m\u00e9s retourn\u00e9s en Guin\u00e9e ou install\u00e9s au Canada\r","authors":["Barry Mamadou Gando"],"category_codes":["1000000","1060000","1060300"],"visuals":{"large":"https:\/\/images.epagine.fr\/071\/9782343057071_1_75.jpg","medium":"https:\/\/images.epagine.fr\/071\/9782343057071_1_m.jpg","thumbnail":"https:\/\/images.epagine.fr\/071\/9782343057071_1_v.jpg"},"orderable":true,"show_badge":true,"formatted_price":"27,00&nbsp;\u20ac","formatted_published_date":"31 mars 2015","publisher_availability_label":"Sur commande","short_details":"Barry Mamadou Gando \u2014 \u00c9ditions L'Harmattan","translator":null,"weight":320,"page_count":254,"readership":null,"editor":"\u00c9ditions L'Harmattan","price":2700,"published_date":"2015-03-30T22:00:00.000000Z","support":"Grand format","publisher_availability":1,"stock":0,"editions":[],"url":"https:\/\/quaidesbrumes.com\/ouvrage\/9782343057071\/migration-pour-etudes-lexperience-du-retour-et-du-non-retour-des-diplomes-guineens-apres-une-formation-au-canada"},{"id":"9782343050249","title":"David contre Goliath, un combat local pour la protection d'un territoire \u00e0 Givry (Bourgogne)","description":"Un industriel, un d\u00e9put\u00e9 et un pr\u00e9fet s'unissent pour implanter une usine de traitement de d\u00e9chets dangereux dans une petite ville de Bourgogne, r\u00e9put\u00e9e pour ses vins. Les habitants de cette ville et des environs ne sont pas d'accord : ils ont peur et d\u00e9couvrent peu \u00e0 peu que le projet est mal construit et dangereux. Mais que faire face \u00e0 la conjonction du monde industriel, du politique et de l'administration ? Comment s'y prendre, et quel sera le prix \u00e0 payer ?\r","authors":["Bechet Marc"],"category_codes":["1000000","1060000","1060300"],"visuals":{"large":"https:\/\/images.epagine.fr\/249\/9782343050249_1_75.jpg","medium":"https:\/\/images.epagine.fr\/249\/9782343050249_1_m.jpg","thumbnail":"https:\/\/images.epagine.fr\/249\/9782343050249_1_v.jpg"},"orderable":true,"show_badge":true,"formatted_price":"18,00&nbsp;\u20ac","formatted_published_date":"28 janvier 2015","publisher_availability_label":"Sur commande","short_details":"Bechet Marc \u2014 \u00c9ditions L'Harmattan","translator":null,"weight":205,"page_count":160,"readership":null,"editor":"\u00c9ditions L'Harmattan","price":1800,"published_date":"2015-01-27T23:00:00.000000Z","support":"Grand format","publisher_availability":1,"stock":0,"editions":[],"url":"https:\/\/quaidesbrumes.com\/ouvrage\/9782343050249\/david-contre-goliath-un-combat-local-pour-la-protection-dun-territoire-a-givry-bourgogne"},{"id":"9782322044818","title":"M\u00e9moires m\u00e9lancomiques pour mariages et enterrements ; R\u00e9cit autobiographique","description":"(M\u00e9moires m\u00e9lancomiques pour mariages et enterrements)   Tout commence le jour o\u00f9 on jette un nouveau-n\u00e9 en parachute du haut d'un avion de ligne qui s'\u00e9crasera quelques minutes plus tard.   Tout est vrai dans ce r\u00e9cit autobiographique, jalonn\u00e9 par des r\u00e9f\u00e9rences \u00e0 l'actualit\u00e9 g\u00e9opolitique et culturelle.  L'apr\u00e8s 68, l'objection de conscience, l'\u00e9cologie mais aussi plus gravement les drames de jeunesse au d\u00e9but des ann\u00e9es 1970 marqueront les premi\u00e8res tranches de vie de l'auteur. Puis l'\u00e9veil vers la vie active le conduiront jusqu'\u00e0 de hautes responsabilit\u00e9s dans des multinationales au milieu d'un \u00ab rod\u00e9o \u00bb impitoyable. Une myriade d'\u00e9v\u00e9nements et de personnages dr\u00f4les ou path\u00e9tiques alimentent une narration alerte, parsem\u00e9e de destins et de co\u00efncidences.   Jean-Fran\u00e7ois Catreux a eu plusieurs vies, beaucoup voyag\u00e9, ce qui lui permet l'autod\u00e9rision et de jeter un regard bienveillant mais aussi caustique sur ceux qu'il a c\u00f4toy\u00e9s.\r","authors":["Jean-fran\u00e7ois Catreux"],"category_codes":["1000000","1060000"],"visuals":{"large":"https:\/\/images.epagine.fr\/818\/9782322044818_1_75.jpg","medium":"https:\/\/images.epagine.fr\/818\/9782322044818_1_m.jpg","thumbnail":"https:\/\/images.epagine.fr\/818\/9782322044818_1_v.jpg"},"orderable":true,"show_badge":true,"formatted_price":"22,00&nbsp;\u20ac","formatted_published_date":"21 d\u00e9cembre 2015","publisher_availability_label":"Sur commande","short_details":"Jean-fran\u00e7ois Catreux \u2014 Books on Demand","translator":null,"weight":718,"page_count":456,"readership":null,"editor":"Books on Demand","price":2200,"published_date":"2015-12-20T23:00:00.000000Z","support":"Grand format","publisher_availability":1,"stock":0,"editions":[],"url":"https:\/\/quaidesbrumes.com\/ouvrage\/9782322044818\/memoires-melancomiques-pour-mariages-et-enterrements-recit-autobiographique"},{"id":"9782343048482","title":"Le d\u00e9faitisme des jeunes camerounais","description":"Le d\u00e9faitisme et l'inertie qui caract\u00e9risent depuis peu la jeunesse camerounaise sont les principaux d\u00e9fauts que l'auteur reproche \u00e0 ses jeunes compatriotes. Mais eux qui ne trouvent plus de g\u00eane \u00e0 tout mettre sur la t\u00eate du gouvernement et \u00e0 se d\u00e9finir comme les victimes sont aussi les principaux acteurs du changement qui fera de leur pays une nation comme ils en r\u00eavent. Pour l'auteur, les jeunes doivent \u00eatre auteurs d'une r\u00e9volution qui leur permettra de prendre en main la gestion de la cit\u00e9.\r","authors":["Ga\u00ebl Ngayou tchoupe"],"category_codes":["1000000","1060000","1060300"],"visuals":{"large":"https:\/\/images.epagine.fr\/482\/9782343048482_1_75.jpg","medium":"https:\/\/images.epagine.fr\/482\/9782343048482_1_m.jpg","thumbnail":"https:\/\/images.epagine.fr\/482\/9782343048482_1_v.jpg"},"orderable":true,"show_badge":true,"formatted_price":"29,00&nbsp;\u20ac","formatted_published_date":"30 d\u00e9cembre 2014","publisher_availability_label":"Sur commande","short_details":"Ga\u00ebl Ngayou tchoupe \u2014 \u00c9ditions L'Harmattan","translator":null,"weight":325,"page_count":268,"readership":null,"editor":"\u00c9ditions L'Harmattan","price":2900,"published_date":"2014-12-29T23:00:00.000000Z","support":"Grand format","publisher_availability":1,"stock":0,"editions":[],"url":"https:\/\/quaidesbrumes.com\/ouvrage\/9782343048482\/le-defaitisme-des-jeunes-camerounais"},{"id":"9782343053691","title":"Histoires de migrants : Africains de l'Ouest, Domiens et Ha\u00eftiens","description":"A la fois enqu\u00eate et fiction, ce r\u00e9cit retrace les vies de plusieurs personnages qui ont quitt\u00e9 leur pays natal pour des raisons politiques, \u00e9conomiques ou autres persuad\u00e9s de trouver une vie meilleure en France.","authors":["Blaise Mario"],"category_codes":["1000000","1060000"],"visuals":{"large":"https:\/\/images.epagine.fr\/691\/9782343053691_1_75.jpg","medium":"https:\/\/images.epagine.fr\/691\/9782343053691_1_m.jpg","thumbnail":"https:\/\/images.epagine.fr\/691\/9782343053691_1_v.jpg"},"orderable":true,"show_badge":true,"formatted_price":"18,50&nbsp;\u20ac","formatted_published_date":"30 d\u00e9cembre 2014","publisher_availability_label":"Sur commande","short_details":"Blaise Mario \u2014 LES IMPLIQUES","translator":null,"weight":210,"page_count":166,"readership":null,"editor":"LES IMPLIQUES","price":1850,"published_date":"2014-12-29T23:00:00.000000Z","support":"Grand format","publisher_availability":1,"stock":0,"editions":[],"url":"https:\/\/quaidesbrumes.com\/ouvrage\/9782343053691\/histoires-de-migrants-africains-de-louest-domiens-et-haitiens"},{"id":"9782140492044","title":"Jean Jacques Muyembe : Cette personne inspirante","description":"Dans un monde o\u00f9 dominent les antivaleurs (la corruption, le client\u00e9lisme, le tribalisme, la paresse, la facilit\u00e9.), la jeunesse de la R\u00e9publique D\u00e9mocratique du Congo et celle d'ailleurs, a besoin des r\u00e9f\u00e9rentiels et des mod\u00e8les qui servent de boussole. Le professeur Jean-Jacques Muyembe est une personne qui inspire. Par son endurance, son sens du sacrifice et du risque, sa discipline, son go\u00fbt de l'excellence dans le travail bien fait et surtout dans sa d\u00e9termination \u00e0 lutter contre diff\u00e9rentes pand\u00e9mies dont le virus Ebola et la Covid-19, il est une r\u00e9f\u00e9rence scientifique internationale pour les g\u00e9n\u00e9rations futures. M\u00e9decin, d\u00e9tenteur d'un Master en sant\u00e9 et d\u00e9veloppement, en business et administration (MBA), sp\u00e9cialiste en sant\u00e9,","authors":["Michel Muvudi"],"category_codes":["1000000","1060000","1060200"],"visuals":{"large":"https:\/\/images.epagine.fr\/044\/9782140492044_1_75.jpg","medium":"https:\/\/images.epagine.fr\/044\/9782140492044_1_m.jpg","thumbnail":"https:\/\/images.epagine.fr\/044\/9782140492044_1_v.jpg"},"orderable":true,"show_badge":true,"formatted_price":"15,00&nbsp;\u20ac","formatted_published_date":"13 juillet 2023","publisher_availability_label":"Sur commande","short_details":"Michel Muvudi \u2014 \u00c9ditions L'Harmattan","translator":null,"weight":193,"page_count":116,"readership":null,"editor":"\u00c9ditions L'Harmattan","price":1500,"published_date":"2023-07-12T22:00:00.000000Z","support":"Grand format","publisher_availability":1,"stock":0,"editions":[],"url":"https:\/\/quaidesbrumes.com\/ouvrage\/9782140492044\/jean-jacques-muyembe-cette-personne-inspirante"},{"id":"9782332783233","title":"\u00e0 notre ange, Yohan","description":"Chrystel Mauries adresse ce livre \u00e0 son fils, Yohan, dont le d\u00e9c\u00e8s est survenu le 4 f\u00e9vrier 2011 suite \u00e0 un accident de la route.\r\nYohan conduisait alors sa voiture sans permis.\r\nSon cousin, E*, \u00e9tait son passager.\r\n\r\nIls ont \u00e9t\u00e9 percut\u00e9s de face par une Clio. Son chauffeur a coup\u00e9 le virage en pleine nuit, pleins phares, et \u00e0 vitesse excessive.\r\n\r\nE* aussi a perdu la vie.\r\nLeur cousin, Jordan, les suivait. Bien que lui m\u00eame ait \u00e9t\u00e9 victime d'un choc frontal, il a d\u00fb porter les premiers secours. Yohan avait 17 ans, E* 18, et Jordan 20.\r\n\r\nLe proc\u00e8s a eu lieu : quatre ans d'incarc\u00e9ration dont deux avec sursis, peine am\u00e9nageable...\r\n\r\nL'auteure a \u00e9crit ce premier livre d\u00e8s l'inhumation de Yohan et E*, et s'est adress\u00e9e \u00e0 son fils.\r\n\r\nIl semblait vital de maintenir le lien qui les unissait.\r","authors":["Chrystel Mauries"],"category_codes":["1000000","1060000","1060100"],"visuals":{"large":"https:\/\/images.epagine.fr\/233\/9782332783233_1_75.jpg","medium":"https:\/\/images.epagine.fr\/233\/9782332783233_1_m.jpg","thumbnail":"https:\/\/images.epagine.fr\/233\/9782332783233_1_v.jpg"},"orderable":true,"show_badge":true,"formatted_price":"24,00&nbsp;\u20ac","formatted_published_date":"2 janvier 2015","publisher_availability_label":"Sur commande","short_details":"Chrystel Mauries \u2014 Edilivre","translator":null,"weight":492,"page_count":246,"readership":null,"editor":"Edilivre","price":2400,"published_date":"2015-01-01T23:00:00.000000Z","support":"Grand format","publisher_availability":1,"stock":0,"editions":[],"url":"https:\/\/quaidesbrumes.com\/ouvrage\/9782332783233\/a-notre-ange-yohan"},{"id":"9782312031620","title":"Interrogations \u00e0 22 ans ; mon journal","description":"Ce monde dans lequel nous vivons est complexe et nombreux sont ceux et celles qui aimeraient comprendre certains myst\u00e8res de la vie. Certains pr\u00e9f\u00e8rent vivre sans r\u00e9ellement chercher les r\u00e9ponses qu'ils savent ne pas pouvoir trouver. D'autres se posent continuellement des questions sur la finalit\u00e9 de la vie, sur ce qui les entourent, sur l'homme, l'amour... C'est le cas de celle qui s'abandonne \u00e0 travers ce journal, pers\u00e9cut\u00e9e par ses questions et ses pens\u00e9es jours et nuits, elle les exprime de fa\u00e7on intime et personnelle, cherchant le soulagement...\r","authors":["Tila Angel"],"category_codes":["1000000","1060000","1060100"],"visuals":{"large":"https:\/\/images.epagine.fr\/620\/9782312031620_1_75.jpg","medium":"https:\/\/images.epagine.fr\/620\/9782312031620_1_m.jpg","thumbnail":"https:\/\/images.epagine.fr\/620\/9782312031620_1_v.jpg"},"orderable":true,"show_badge":true,"formatted_price":"14,00&nbsp;\u20ac","formatted_published_date":"3 avril 2015","publisher_availability_label":"Sur commande","short_details":"Tila Angel \u2014 Editions du Net","translator":null,"weight":136,"page_count":76,"readership":null,"editor":"Editions du Net","price":1400,"published_date":"2015-04-02T22:00:00.000000Z","support":"Grand format","publisher_availability":1,"stock":0,"editions":[],"url":"https:\/\/quaidesbrumes.com\/ouvrage\/9782312031620\/interrogations-a-22-ans-mon-journal"},{"id":"9782343052519","title":"De la rue \u00e0 la lutte ; vous avez dit \"ph\u00e9nom\u00e8ne\" ?","description":"Parvenir \u00e0 donner \u00e0 ses enfants ce qu'on n'a pas re\u00e7u. Parvenir \u00e0 enseigner bien largement et bien g\u00e9n\u00e9reusement autour de soi la confiance en la vie quand on a surtout connu la maltraitance \u00e0 long terme, les trahisons, les luttes aux issues incertaines. S'acharner \u00e0 transmettre de la bienveillance amicale et joyeuse, de l'aptitude \u00e0 faire face, \u00e0 faire front, \u00e0 faire confiance malgr\u00e9 tout.\r","authors":["Genevi\u00e8ve Stock"],"category_codes":["1000000","1060000","1060300"],"visuals":{"large":"https:\/\/images.epagine.fr\/519\/9782343052519_1_75.jpg","medium":"https:\/\/images.epagine.fr\/519\/9782343052519_1_m.jpg","thumbnail":"https:\/\/images.epagine.fr\/519\/9782343052519_1_v.jpg"},"orderable":true,"show_badge":true,"formatted_price":"16,00&nbsp;\u20ac","formatted_published_date":"6 janvier 2015","publisher_availability_label":"Sur commande","short_details":"Genevi\u00e8ve Stock \u2014 \u00c9ditions L'Harmattan","translator":null,"weight":196,"page_count":156,"readership":null,"editor":"\u00c9ditions L'Harmattan","price":1600,"published_date":"2015-01-05T23:00:00.000000Z","support":"Grand format","publisher_availability":1,"stock":0,"editions":[],"url":"https:\/\/quaidesbrumes.com\/ouvrage\/9782343052519\/de-la-rue-a-la-lutte-vous-avez-dit-phenomene"},{"id":"9782367780412","title":"Itin\u00e9raire d'une enfant pr\u00e9coce","description":"Pr\u00e9coce ? Vous avez dit pr\u00e9coce ? Osez venir avec moi ! Plongeons ensemble \u00e0 la d\u00e9couverte de l'univers d'Alice, celui d'une enfant pr\u00e9coce ! Facile me direz-vous ; elle doit avoir 15 de moyenne, elle r\u00e9ussit tout ce qu'elle touche, et elle fait la fiert\u00e9 de ses parents..\r","authors":["Delphine Weill"],"category_codes":["1000000","1060000","1060300"],"visuals":{"large":"https:\/\/images.epagine.fr\/412\/9782367780412_1_75.jpg","medium":"https:\/\/images.epagine.fr\/412\/9782367780412_1_m.jpg","thumbnail":"https:\/\/images.epagine.fr\/412\/9782367780412_1_v.jpg"},"orderable":true,"show_badge":true,"formatted_price":"28,90&nbsp;\u20ac","formatted_published_date":"21 mars 2015","publisher_availability_label":"Sur commande","short_details":"Delphine Weill \u2014 Kawa","translator":null,"weight":0,"page_count":208,"readership":null,"editor":"Kawa","price":2890,"published_date":"2015-03-20T23:00:00.000000Z","support":"Grand format","publisher_availability":1,"stock":0,"editions":[],"url":"https:\/\/quaidesbrumes.com\/ouvrage\/9782367780412\/itineraire-dune-enfant-precoce"},{"id":"9782875571700","title":"Faut-il \u00eatre beau pour r\u00e9ussir ?","description":"Faut-il \u00eatre beau pour r\u00e9ussir dans un monde o\u00f9 l'image prend de plus en plus d'importance ? OUI,  ind\u00e9niablement ! Et contrairement \u00e0 tous les principes jusque-l\u00e0 en vigueur au nom de la  m\u00e9ritocratie. On ne pr\u00eate qu'aux \u00ab beaux \u00bb comme autrefois, on ne pr\u00eatait qu'aux \u00ab riches \u00bb, et c'est  pour cela qu'on c\u00e8de aux sir\u00e8nes de la chirurgie esth\u00e9tique, devenue un recours familier pour  retrouver la confiance en soi, pour stimuler l'envie d'entreprendre, pour s'aimer soi-m\u00eame. \r\nMais les patients cherchent-ils tous la m\u00eame chose ? \r\nQuelle est cette nouvelle qu\u00eate du Graal ? \r\nQue veut-on montrer de soi et pourquoi ? \r\nFaut-il \u00eatre beau pour r\u00e9ussir dans un monde o\u00f9 l'image, \u00ab eid\u00f4lon \u00bb en grec, devient essentielle ? \r\nCe livre, \u00e0 travers des t\u00e9moignages in\u00e9dits de personnes c\u00e9l\u00e8bres comme d'anonymes, permet de  mieux comprendre quelle image de soi chacun veut renvoyer aux autres, car ind\u00e9niablement, l'on vit  de plus en plus dans le regard de l'autre. Surtout, il fournit les outils pour comprendre le d\u00e9sir  profond de chacun, un d\u00e9sir qui ne doit pas \u00eatre celui de l'autre mais le sien propre.\r","authors":["Sylvie Poignonec"],"category_codes":["1000000","1060000","1060300"],"visuals":{"large":"https:\/\/images.epagine.fr\/700\/9782875571700_1_75.jpg","medium":"https:\/\/images.epagine.fr\/700\/9782875571700_1_m.jpg","thumbnail":"https:\/\/images.epagine.fr\/700\/9782875571700_1_v.jpg"},"orderable":true,"show_badge":true,"formatted_price":"17,90&nbsp;\u20ac","formatted_published_date":"30 avril 2015","publisher_availability_label":"Sur commande","short_details":"Sylvie Poignonec \u2014 LA BOITE A PANDORE","translator":null,"weight":215,"page_count":158,"readership":null,"editor":"LA BOITE A PANDORE","price":1790,"published_date":"2015-04-29T22:00:00.000000Z","support":"Grand format","publisher_availability":1,"stock":0,"editions":[],"url":"https:\/\/quaidesbrumes.com\/ouvrage\/9782875571700\/faut-il-etre-beau-pour-reussir"},{"id":"9791029002007","title":"Itin\u00e9raire d'une vietnamienne ; mon parcours d'int\u00e9gration","description":"Apr\u00e8s la parution en 2009 de son premier r\u00e9cit \u00abItin\u00e9raire d'une Vietnamienne - l'\u00e9tudiante insoumise\u00bb, Thi-Hien re\u00e7ut de nombreuses marques d'int\u00e9r\u00eat et de soutien de lecteurs lui r\u00e9clamant \u00ab la suite \u00bb, qui restaient, disaient-t-ils, \u00ab sur leur faim \u00bb.\r\n\r\nElle \u00e9tait loin d'imaginer les hasards de l'existence, quand, \u00e0 dix-sept ans, des \u00e9tudes secondaires brillantes et un baccalaur\u00e9at m\u00e9rit\u00e9 lui valurent d'\u00eatre d\u00e9sign\u00e9e par le gouvernement vietnamien pour aller \u00e9tudier dans un \u00ab pays fr\u00e8re \u00bb, la Pologne en 1972 ! \r\n\r\nInvit\u00e9e en France en 1981 par un couple franco-polonais, son retour en Pologne fut compromis pour cause de d\u00e9cret d'\u00e9tat d'urgence promulgu\u00e9 par le g\u00e9n\u00e9ral Jaruzelski suite aux  gr\u00e8ves organis\u00e9es par le mouvement ouvrier Solidarnosc qui paralys\u00e8rent le pays durant de longs mois. \r\nSon avenir s'en trouva boulevers\u00e9 Thi-Hien souffrit, au d\u00e9but, de la pr\u00e9carit\u00e9, de l'indiff\u00e9rence, voire d'une forme de discrimination, qui sont le lot commun de ceux qui vivent d'exp\u00e9dients.\r\n\u00c9loign\u00e9e de son mari et de sa fille, il lui fallut se d\u00e9brouiller pour survivre. \r\nLe temps passant, elle envisagea de s'int\u00e9grer et de reconstruire ici l'avenir sa petite famille. Elle s'appliqua \u00e0 r\u00e9gulariser sa situation, puis \u00e0 obtenir une carte de s\u00e9jour et un permis de travail.\r\nDans cette p\u00e9riode d'instabilit\u00e9, o\u00f9 ses voisins jou\u00e8rent un r\u00f4le primordial, elle se donna les moyens d'acc\u00e9der \u00e0 un vrai m\u00e9tier, prit des cours de fran\u00e7ais, puis entama une formation professionnelle qui - sa ma\u00eetrise de droit polonaise n'avait pas d'\u00e9quivalence ici - lui permit, \u00e0 l'issue, de d\u00e9crocher un emploi.\r\nDevenue citoyenne fran\u00e7aise apr\u00e8s de vrais efforts d'int\u00e9gration, mais son attachement \u00e0 son pays natal demeur\u00e9 intact, Thi-Hien retourna au Vietnam, en 1991, apr\u00e8s dix-neuf ann\u00e9es d'absence ! Or si l'\u00e9motion des retrouvailles avec sa famille dans un Vietnam r\u00e9unifi\u00e9 furent intenses, elle comprit cependant tr\u00e8s vite que sa vie \u00e9tait en France...\r","authors":["Thi-hien Tran"],"category_codes":["1000000","1060000","1060100"],"visuals":{"large":"https:\/\/images.epagine.fr\/007\/9791029002007_1_75.jpg","medium":"https:\/\/images.epagine.fr\/007\/9791029002007_1_m.jpg","thumbnail":"https:\/\/images.epagine.fr\/007\/9791029002007_1_v.jpg"},"orderable":true,"show_badge":true,"formatted_price":"15,00&nbsp;\u20ac","formatted_published_date":"5 janvier 2015","publisher_availability_label":"Sur commande","short_details":"Thi-hien Tran \u2014 CHAPITRE.COM","translator":null,"weight":406,"page_count":226,"readership":null,"editor":"CHAPITRE.COM","price":1500,"published_date":"2015-01-04T23:00:00.000000Z","support":"Grand format","publisher_availability":1,"stock":0,"editions":[],"url":"https:\/\/quaidesbrumes.com\/ouvrage\/9791029002007\/itineraire-dune-vietnamienne-mon-parcours-dintegration"},{"id":"9782810903658","title":"Boire : une affaire de sexe et d'\u00e2ge","description":"Les contributions \u00e9tudient les rapports sociaux \u00e0 l'alcool selon les crit\u00e8res de sexe et d'\u00e2ge. L'ouvrage est ax\u00e9 autour de quatre th\u00e8mes : du sexe du buveur, essentialisation du boire ; boire au f\u00e9minin ou au masculin, le poids des repr\u00e9sentations ; boire au gr\u00e9 des g\u00e9n\u00e9rations ; regards crois\u00e9s sur le boire jeune.\r","authors":["Marie-laure D\u00e9roff","Thierry Fillaut"],"category_codes":["1000000","1060000","1060300"],"visuals":{"large":"https:\/\/images.epagine.fr\/658\/9782810903658_1_75.jpg","medium":"https:\/\/images.epagine.fr\/658\/9782810903658_1_m.jpg","thumbnail":"https:\/\/images.epagine.fr\/658\/9782810903658_1_v.jpg"},"orderable":true,"show_badge":true,"formatted_price":"18,00&nbsp;\u20ac","formatted_published_date":"5 juin 2015","publisher_availability_label":"Sur commande","short_details":"Marie-laure D\u00e9roff, Thierry Fillaut \u2014 Ecole Des Hautes Etudes En Sante Publique","translator":null,"weight":310,"page_count":208,"readership":null,"editor":"Ecole Des Hautes Etudes En Sante Publique","price":1800,"published_date":"2015-06-04T22:00:00.000000Z","support":"Grand format","publisher_availability":1,"stock":0,"editions":[],"url":"https:\/\/quaidesbrumes.com\/ouvrage\/9782810903658\/boire-une-affaire-de-sexe-et-dage"},{"id":"9782343059617","title":"Silences de patients : La qu\u00eate du rein perdu","description":"En 2009, un n\u00e9phrologue annonce \u00e0 Richard Lewy une \"mise sous dialyse imm\u00e9diate pour cause d'insuffisance r\u00e9nale en phase terminale\". La maladie irr\u00e9versible impose alors la dialyse comme traitement de suppl\u00e9ance. Lors de ses s\u00e9ances de dialyse, l'auteur a su pr\u00eater une oreille attentive aux silences des autres patients rencontr\u00e9s : \u00e0 travers ce r\u00e9cit, il nous fait partager cette \u00e9coute ainsi que son chemin parcouru et livre quelques conseils pour une meilleure acceptation de la maladie - un formidable parcours initiatique.","authors":["Richard Lewy"],"category_codes":["1000000","1060000"],"visuals":{"large":"https:\/\/images.epagine.fr\/617\/9782343059617_1_75.jpg","medium":"https:\/\/images.epagine.fr\/617\/9782343059617_1_m.jpg","thumbnail":"https:\/\/images.epagine.fr\/617\/9782343059617_1_v.jpg"},"orderable":true,"show_badge":true,"formatted_price":"23,00&nbsp;\u20ac","formatted_published_date":"13 avril 2015","publisher_availability_label":"Sur commande","short_details":"Richard Lewy \u2014 LES IMPLIQUES","translator":null,"weight":305,"page_count":250,"readership":null,"editor":"LES IMPLIQUES","price":2300,"published_date":"2015-04-12T22:00:00.000000Z","support":"Grand format","publisher_availability":1,"stock":0,"editions":[],"url":"https:\/\/quaidesbrumes.com\/ouvrage\/9782343059617\/silences-de-patients-la-quete-du-rein-perdu"},{"id":"9782322016204","title":"M\u00e9moires de la baronne d'Oberkirch","description":"Cette \u00e9dition condense en 200 pages le meilleur des m\u00e9moires de la baronne d'Oberkirch. Elle sert de base pour leur premi\u00e8re traduction en allemand. \r\n\r\nSuivez madame d'Oberkirch \u00e0 Montb\u00e9liard, Strasbourg, Versailles et Stuttgart. Laissez-vous porter par le charme de son style. Rencontrez avec elle Louis XVI, le cardinal de Rohan, Cagliostro, Necker, Marie-Antoinette, l'Abb\u00e9 Raynal, d'Alembert, Paul de Russie, madame de Bourbon et bien s\u00fbr Sophie Doroth\u00e9e de Wurtemberg, amie d'enfance de la baronne d'Oberkirch et future tsarine de toutes les Russies. \r\n\r\nDans ma vie d'auteur, j'ai \u00e9t\u00e9 assez heureux pour rencontrer et appr\u00e9cier beaucoup d'honn\u00eates gens, beaucoup de belles \u00e2mes, parmi lesquelles j'aime \u00e0 vous classer. \r\n- Johann Wolfgang Goethe Il n'y a que trois femmes s\u00e9rieusement et v\u00e9ritablement charmantes de conversation dans toute l'Alsace ; ce sont mesdames de Dietrich, de Berckheim de Schoppenwyr et d'Oberkirch ; les autres parlent et ne causent point. \r\n- Cardinal de Rohan Lavater ! Souhaites-tu une image pour ta physiognomique qui te permette d'exprimer l'id\u00e9al de la perfection f\u00e9minine ? \r\n- Jacob Michael Reinhold Lenz\r","authors":["Fran\u00e7ois Vigneron"],"category_codes":["1000000","1060000","1060100"],"visuals":{"large":"https:\/\/images.epagine.fr\/204\/9782322016204_1_75.jpg","medium":"https:\/\/images.epagine.fr\/204\/9782322016204_1_m.jpg","thumbnail":"https:\/\/images.epagine.fr\/204\/9782322016204_1_v.jpg"},"orderable":true,"show_badge":true,"formatted_price":"26,00&nbsp;\u20ac","formatted_published_date":"9 avril 2015","publisher_availability_label":"Sur commande","short_details":"Fran\u00e7ois Vigneron \u2014 Books on Demand","translator":null,"weight":601,"page_count":240,"readership":null,"editor":"Books on Demand","price":2600,"published_date":"2015-04-08T22:00:00.000000Z","support":"Grand format","publisher_availability":1,"stock":0,"editions":[],"url":"https:\/\/quaidesbrumes.com\/ouvrage\/9782322016204\/memoires-de-la-baronne-doberkirch"},{"id":"9782361850074","title":"L'amour a cappella","description":null,"authors":["Mathias Ollivier"],"category_codes":["1000000","1060000"],"visuals":{"large":"https:\/\/quaidesbrumes.com\/img\/book-placeholder.png","medium":"https:\/\/quaidesbrumes.com\/img\/book-placeholder.png","thumbnail":"https:\/\/quaidesbrumes.com\/img\/book-placeholder.png"},"orderable":true,"show_badge":true,"formatted_price":"18,00&nbsp;\u20ac","formatted_published_date":"13 avril 2015","publisher_availability_label":"Sur commande","short_details":"Mathias Ollivier \u2014 Art-Access","translator":null,"weight":430,"page_count":null,"readership":null,"editor":"Art-Access","price":1800,"published_date":"2015-04-12T22:00:00.000000Z","support":"Grand format","publisher_availability":1,"stock":0,"editions":[],"url":"https:\/\/quaidesbrumes.com\/ouvrage\/9782361850074\/lamour-a-cappella"},{"id":"9782343062297","title":"La Chine autrement ; perspectives interculturelles critiques","description":"Alors que la France vient de comm\u00e9morer cinquante ans de relations diplomatiques avec la R\u00e9publique populaire de Chine, comment l'Empire du Milieu est-il per\u00e7u et repr\u00e9sent\u00e9 en Occident ? Comment se met-il lui-m\u00eame en sc\u00e8ne ? Cette approche critique et r\u00e9flexive fait \u00e9merger des peurs li\u00e9es \u00e0 l'alt\u00e9rit\u00e9 fantasm\u00e9e de la Chine, et montre que le Chinois n'est ni un extraterrestre, ni un robot culturel. Voici un livre pour ceux qui souhaitent aborder la Chine sous un nouvel angle.\r","authors":["Fred Dervin"],"category_codes":["1000000","1060000","1060300"],"visuals":{"large":"https:\/\/images.epagine.fr\/297\/9782343062297_1_75.jpg","medium":"https:\/\/images.epagine.fr\/297\/9782343062297_1_m.jpg","thumbnail":"https:\/\/images.epagine.fr\/297\/9782343062297_1_v.jpg"},"orderable":true,"show_badge":true,"formatted_price":"16,50&nbsp;\u20ac","formatted_published_date":"7 mai 2015","publisher_availability_label":"Sur commande","short_details":"Fred Dervin \u2014 \u00c9ditions L'Harmattan","translator":null,"weight":192,"page_count":152,"readership":null,"editor":"\u00c9ditions L'Harmattan","price":1650,"published_date":"2015-05-06T22:00:00.000000Z","support":"Grand format","publisher_availability":1,"stock":0,"editions":[],"url":"https:\/\/quaidesbrumes.com\/ouvrage\/9782343062297\/la-chine-autrement-perspectives-interculturelles-critiques"},{"id":"9782815912518","title":"Avant, pendant, apr\u00e8s, l'appel du 11 janvier 2015","description":"Edgar Morin et Patrick Singa\u00efny \u00e9changent sur la France. Edgar Morin \u00e9crit en parlant des jeunes de banlieue : \"On ne peut \u00eatre un vrai Fran\u00e7ais, mais on peut devenir un vrai musulman. Ils ont trouv\u00e9 la voix de la v\u00e9rit\u00e9... La r\u00e9ponse n'est pas dans les pol\u00e9miques lapidaires mais dans l'introduction au coeur de la culture fran\u00e7aise, d'une culture historique.\r\nLa r\u00e9\u00e9ducation est beaucoup plus n\u00e9cessaire que les proclamations anti-racistes. M\u00eame sans espoir il est n\u00e9cessaire de l'entreprendre, et l'entreprendre ferait na\u00eetre l'espoir m\u00eame si celui-ci serait fragile.\" Un texte limpide, appuy\u00e9 sur un savoir historique long de la construction du r\u00e9cit national, nourri de l'exp\u00e9rience interculturelle v\u00e9cue \u00e0 la R\u00e9union par Patrick Singua\u00efny : une bouff\u00e9e d'air dans une p\u00e9riode dramatique.\r","authors":["Edgar Morin","Patrick Singa\u00efny"],"category_codes":["1000000","1060000","1060300"],"visuals":{"large":"https:\/\/images.epagine.fr\/518\/9782815912518_1_75.jpg","medium":"https:\/\/images.epagine.fr\/518\/9782815912518_1_m.jpg","thumbnail":"https:\/\/images.epagine.fr\/518\/9782815912518_1_v.jpg"},"orderable":true,"show_badge":true,"formatted_price":"10,00&nbsp;\u20ac","formatted_published_date":"19 mars 2015","publisher_availability_label":"Sur commande","short_details":"Edgar Morin, Patrick Singa\u00efny \u2014 Editions de l'Aube","translator":null,"weight":140,"page_count":128,"readership":null,"editor":"Editions de l'Aube","price":1000,"published_date":"2015-03-18T23:00:00.000000Z","support":"Grand format","publisher_availability":1,"stock":0,"editions":[],"url":"https:\/\/quaidesbrumes.com\/ouvrage\/9782815912518\/avant-pendant-apres-lappel-du-11-janvier-2015"},{"id":"9782343056531","title":"L'immaturit\u00e9 en chacun, source de l'individualisme contemporain ; comment refaire soci\u00e9t\u00e9","description":"Dans l'espoir de la reprise d'un progr\u00e8s mental et moral collectif susceptible de ranimer le meilleur de nos valeurs d\u00e9mocratiques, je voudrais appeler chaque individu \u00e0 sa responsabilit\u00e9 personnelle, r\u00e9veiller notre sentiment fraternel d'appartenance sans fronti\u00e8re \u00e0 la condition humaine, poser un discours alternatif dynamique s'opposant au discours populiste, f\u00e9d\u00e9rer les volont\u00e9s individuelles constructives, et mobiliser chacun en ses parties \u00e9volu\u00e9es afin qu'il oeuvre \u00e0 l'\u00e9panouissement des mentalit\u00e9s.\r","authors":["Sylvie Portnoy Lanzenberg"],"category_codes":["1000000","1060000","1060300"],"visuals":{"large":"https:\/\/images.epagine.fr\/531\/9782343056531_1_75.jpg","medium":"https:\/\/images.epagine.fr\/531\/9782343056531_1_m.jpg","thumbnail":"https:\/\/images.epagine.fr\/531\/9782343056531_1_v.jpg"},"orderable":true,"show_badge":true,"formatted_price":"15,50&nbsp;\u20ac","formatted_published_date":"11 f\u00e9vrier 2015","publisher_availability_label":"Sur commande","short_details":"Sylvie Portnoy Lanzenberg \u2014 \u00c9ditions L'Harmattan","translator":null,"weight":185,"page_count":140,"readership":null,"editor":"\u00c9ditions L'Harmattan","price":1550,"published_date":"2015-02-10T23:00:00.000000Z","support":"Grand format","publisher_availability":1,"stock":0,"editions":[],"url":"https:\/\/quaidesbrumes.com\/ouvrage\/9782343056531\/limmaturite-en-chacun-source-de-lindividualisme-contemporain-comment-refaire-societe"},{"id":"9782918721017","title":"Raccourcis","description":null,"authors":["Domenges Pierre"],"category_codes":["1000000","1060000","1060100"],"visuals":{"large":"https:\/\/quaidesbrumes.com\/img\/book-placeholder.png","medium":"https:\/\/quaidesbrumes.com\/img\/book-placeholder.png","thumbnail":"https:\/\/quaidesbrumes.com\/img\/book-placeholder.png"},"orderable":true,"show_badge":true,"formatted_price":"10,00&nbsp;\u20ac","formatted_published_date":"17 d\u00e9cembre 2009","publisher_availability_label":"Sur commande","short_details":"Domenges Pierre \u2014 ARCANE 17","translator":null,"weight":76,"page_count":null,"readership":null,"editor":"ARCANE 17","price":1000,"published_date":"2009-12-16T23:00:00.000000Z","support":"Grand format","publisher_availability":1,"stock":0,"editions":[],"url":"https:\/\/quaidesbrumes.com\/ouvrage\/9782918721017\/raccourcis"},{"id":"9782917576342","title":"Bourgeons","description":"Dans Bourgeons, il est question du choix des valeurs que nous faisons chacun pour sa part de l\u00e9guer en h\u00e9ritage \u00e0 notre descendance et surtout comment nous le faisons. Dans cet ouvrage, il s'agit d'un t\u00e9moignage fort d'un p\u00e8re \u00e0 son fils. Un p\u00e8re qui choisit de tout lui dire sur lui, sur eux, sur nous. D'o\u00f9 viennent-ils ? Qui sont-ils ? O\u00f9 vont-ils ? Ou du moins, o\u00f9 devraient-ils aller ? Ce sont les questions que l'auteur se pose, non seulement pour lui et pour son fils, mais pour toute sa post\u00e9rit\u00e9. Noir, il l'est, africain, il l'est, Gabonais et vili, il l'est et l'assume pour mieux se d\u00e9finir et accepter.","authors":["Amoan Pambo"],"category_codes":["1000000","1060000","1060300"],"visuals":{"large":"https:\/\/images.epagine.fr\/342\/9782917576342_1_75.jpg","medium":"https:\/\/images.epagine.fr\/342\/9782917576342_1_m.jpg","thumbnail":"https:\/\/images.epagine.fr\/342\/9782917576342_1_v.jpg"},"orderable":true,"show_badge":true,"formatted_price":"13,00&nbsp;\u20ac","formatted_published_date":"11 ao\u00fbt 2014","publisher_availability_label":"Sur commande","short_details":"Amoan Pambo \u2014 La Doxa","translator":null,"weight":300,"page_count":167,"readership":null,"editor":"La Doxa","price":1300,"published_date":"2014-08-10T22:00:00.000000Z","support":"Grand format","publisher_availability":1,"stock":0,"editions":[],"url":"https:\/\/quaidesbrumes.com\/ouvrage\/9782917576342\/bourgeons"},{"id":"9782384412198","title":"C\u00e9lestine et l'EHPAD magique","description":"Cet \u00e9crit, r\u00e9dig\u00e9 pendant la pand\u00e9mie, relate l'adaptation journali\u00e8re aux \u00e9l\u00e9ments marquants sur un ton l\u00e9ger, parfois familier, avec juste l'envie d'illustrer la vie dans les EHPAD, au-del\u00e0 des lieux communs, et de les regarder avec un oeil positif pos\u00e9 sur des instants m\u00e9morables.\r\nEt au fil des pages, comme un travail de m\u00e9moire d'une p\u00e9riode in\u00e9dite, se succ\u00e8dent des arr\u00eats sur image\u00a0: des anecdotes, des r\u00e9parties, des sourires, des visages lumineux, des regards expressifs, un bouquet d'\u00e9motions\u00a0! Avec la volont\u00e9 d'\u00eatre r\u00e9aliste, authentique, reconnaissante d'une humanit\u00e9, d'un dynamisme et d'une ing\u00e9niosit\u00e9 d\u00e9cupl\u00e9s.\r\nOu... comment transformer les instants ordinaires du quotidien en \u00e9pisodes extra ordinaires\u00a0? Un EHPAD, un lieu d'enrichissement mutuel, d'o\u00f9 une certaine magie\u00a0!","authors":["Genevieve Casanova"],"category_codes":["1000000","1060000","1060300"],"visuals":{"large":"https:\/\/images.epagine.fr\/198\/9782384412198_1_75.jpg","medium":"https:\/\/images.epagine.fr\/198\/9782384412198_1_m.jpg","thumbnail":"https:\/\/images.epagine.fr\/198\/9782384412198_1_v.jpg"},"orderable":true,"show_badge":true,"formatted_price":"18,00&nbsp;\u20ac","formatted_published_date":"4 juillet 2022","publisher_availability_label":"Sur commande","short_details":"Genevieve Casanova \u2014 Editions Ma\u00efa","translator":null,"weight":350,"page_count":126,"readership":null,"editor":"Editions Ma\u00efa","price":1800,"published_date":"2022-07-03T22:00:00.000000Z","support":"Grand format","publisher_availability":1,"stock":0,"editions":[],"url":"https:\/\/quaidesbrumes.com\/ouvrage\/9782384412198\/celestine-et-lehpad-magique"}]}