{"data":[{"id":"9782824607085","title":"D'un clignement de paupi\u00e8re","description":"Victime d'une h\u00e9morragie c\u00e9r\u00e9brale, Hasso von Bredow est paralys\u00e9 : il ne peut plus faire le moindre geste ni prononcer une seule parole. Pourtant, son esprit est toujours aussi vif et ses capacit\u00e9s de r\u00e9flexion intactes. Hasso se retrouve prisonnier de son propre corps. A 42 ans, il est victime d'un locked-in syndrom, devenant totalement d\u00e9pendant des autres pour le moindre mouvement, le moindre souffle. Et il a perdu son bien le plus pr\u00e9cieux : sa voix et sa facult\u00e9 de s'exprimer. Hasso met alors au point un code lui permettant de se faire comprendre en clignant des yeux. Avec l'aide de sa femme, \u00e0 la seule force des paupi\u00e8res, il raconte dans ce livre son cauchemar qui est aussi un formidable hymne \u00e0 la vie.\r","authors":["Claire Von bredow","Hasso Von bredow","Evelyne Chatelain"],"category_codes":["1000000","1060000","1060200"],"visuals":{"large":"https:\/\/images.epagine.fr\/085\/9782824607085_1_75.jpg","medium":"https:\/\/images.epagine.fr\/085\/9782824607085_1_m.jpg","thumbnail":"https:\/\/images.epagine.fr\/085\/9782824607085_1_v.jpg"},"orderable":true,"show_badge":true,"formatted_price":"7,90&nbsp;\u20ac","formatted_published_date":"27 janvier 2016","publisher_availability_label":"Sur commande","short_details":"Claire Von bredow, Hasso Von bredow, Evelyne Chatelain \u2014 City \u00c9ditions","translator":"EVELYNE CHATELAIN","weight":206,"page_count":348,"readership":null,"editor":"City \u00c9ditions","price":790,"published_date":"2016-01-26T23:00:00.000000Z","support":"Poche","publisher_availability":1,"stock":0,"editions":[],"url":"https:\/\/quaidesbrumes.com\/ouvrage\/9782824607085\/dun-clignement-de-paupiere"},{"id":"9782824607207","title":"Papa, pourquoi m'as-tu fait \u00e7a ?","description":"Quatre ans. Fiona n'a que quatre ans quand son p\u00e8re la viole pour la premi\u00e8re fois. Pour la fillette, c'est le d\u00e9but d'un long cauchemar qui va durer des ann\u00e9es. Presque chaque jour, elle est abus\u00e9e par son p\u00e8re, battue et insult\u00e9e par sa m\u00e8re qui est au courant de la situation mais ne fait strictement rien. De nuits d'angoisse en multiples tentatives de suicide, Fiona se sent salie, ab\u00eem\u00e9e et coupable. Jusqu'au jour o\u00f9, jeune adulte, elle trouve la force de partir pour fonder sa propre famille. L'amour et le soutien des siens la poussent \u00e0 d\u00e9noncer son p\u00e8re. Mais elle n'imagine pas qu'elle va devoir affronter le syst\u00e8me et soulever des montagnes pour faire reconna\u00eetre ses blessures. Pour que, enfin, d'autres agresseurs ne puissent plus abuser d'enfants en toute impunit\u00e9.\r","authors":["Fiona Doyle"],"category_codes":["1000000","1060000","1060200"],"visuals":{"large":"https:\/\/images.epagine.fr\/207\/9782824607207_1_75.jpg","medium":"https:\/\/images.epagine.fr\/207\/9782824607207_1_m.jpg","thumbnail":"https:\/\/images.epagine.fr\/207\/9782824607207_1_v.jpg"},"orderable":true,"show_badge":true,"formatted_price":"23,27&nbsp;\u20ac","formatted_published_date":"3 f\u00e9vrier 2016","publisher_availability_label":"Sur commande","short_details":"Fiona Doyle \u2014 City \u00c9ditions","translator":null,"weight":340,"page_count":268,"readership":null,"editor":"City \u00c9ditions","price":2327,"published_date":"2016-02-02T23:00:00.000000Z","support":"Grand format","publisher_availability":1,"stock":0,"editions":[],"url":"https:\/\/quaidesbrumes.com\/ouvrage\/9782824607207\/papa-pourquoi-mas-tu-fait-ca"},{"id":"9782343073637","title":"L'\u00e2me-son","description":"C'est histoire peu commune qui nous est racont\u00e9e dans ce petit livre. Ce court r\u00e9cit autobiographique nous relate comment, de fa\u00e7on assez extraordinaire, une jeune \u00e9tudiante de la Sorbonne va red\u00e9couvrir ses racines juives. Le chant et la musique y joueront un grand r\u00f4le, ainsi que la rencontre d'une artiste juive convertie au christianisme et crois\u00e9e juste avant sa retraite dans un couvent.","authors":["Judith Maarek"],"category_codes":["1000000","1060000"],"visuals":{"large":"https:\/\/images.epagine.fr\/637\/9782343073637_1_75.jpg","medium":"https:\/\/images.epagine.fr\/637\/9782343073637_1_m.jpg","thumbnail":"https:\/\/images.epagine.fr\/637\/9782343073637_1_v.jpg"},"orderable":true,"show_badge":true,"formatted_price":"18,50&nbsp;\u20ac","formatted_published_date":"8 octobre 2015","publisher_availability_label":"Sur commande","short_details":"Judith Maarek \u2014 \u00c9ditions L'Harmattan","translator":null,"weight":200,"page_count":162,"readership":null,"editor":"\u00c9ditions L'Harmattan","price":1850,"published_date":"2015-10-07T22:00:00.000000Z","support":"Grand format","publisher_availability":1,"stock":0,"editions":[],"url":"https:\/\/quaidesbrumes.com\/ouvrage\/9782343073637\/lame-son"},{"id":"9782322252497","title":"A la Zone, le GAFFEUR","description":"David a crois\u00e9 sur sa route un nouveau Goliath en la personne de monsieur Anatole la Zone, un g\u00e9ant qui monopolise le march\u00e9 du e-commerce, en pressurisant intens\u00e9ment les petits commer\u00e7ants, mais qui refusait de payer des taxes jusqu'en 2019 sur ses b\u00e9n\u00e9fices. Alors il part \u00e0 l'assaut du monstre pour tenter de r\u00e9duire son pouvoir et de rendre de l'espace \u00e0 tous les petits qui le subissent. Malgr\u00e9 le fatalisme et les r\u00e9sistances qui ne manque pas de croiser, il rencontre aussi des soutiens pleins de bonne volont\u00e9 pour l'aider dans son combat.\r","authors":["Damien Siobud"],"category_codes":["1000000","1060000","1060200"],"visuals":{"large":"https:\/\/images.epagine.fr\/497\/9782322252497_1_75.jpg","medium":"https:\/\/images.epagine.fr\/497\/9782322252497_1_m.jpg","thumbnail":"https:\/\/images.epagine.fr\/497\/9782322252497_1_v.jpg"},"orderable":true,"show_badge":true,"formatted_price":"4,99&nbsp;\u20ac","formatted_published_date":"29 septembre 2020","publisher_availability_label":"Sur commande","short_details":"Damien Siobud \u2014 Books on Demand","translator":null,"weight":68,"page_count":54,"readership":null,"editor":"Books on Demand","price":499,"published_date":"2020-09-28T22:00:00.000000Z","support":"Grand format","publisher_availability":1,"stock":0,"editions":[],"url":"https:\/\/quaidesbrumes.com\/ouvrage\/9782322252497\/a-la-zone-le-gaffeur"},{"id":"9782716508513","title":"L'enfant aux miracles","description":null,"authors":["G\u00e9rard Hoffbeck"],"category_codes":["1000000","1060000","1060200"],"visuals":{"large":"https:\/\/images.epagine.fr\/513\/9782716508513_1_75.jpg","medium":"https:\/\/images.epagine.fr\/513\/9782716508513_1_m.jpg","thumbnail":"https:\/\/images.epagine.fr\/513\/9782716508513_1_v.jpg"},"orderable":true,"show_badge":true,"formatted_price":"15,00&nbsp;\u20ac","formatted_published_date":"8 octobre 2015","publisher_availability_label":"Sur commande","short_details":"G\u00e9rard Hoffbeck \u2014 La Nu\u00e9e Bleue","translator":null,"weight":350,"page_count":null,"readership":null,"editor":"La Nu\u00e9e Bleue","price":1500,"published_date":"2015-10-07T22:00:00.000000Z","support":"Grand format","publisher_availability":1,"stock":0,"editions":[],"url":"https:\/\/quaidesbrumes.com\/ouvrage\/9782716508513\/lenfant-aux-miracles"},{"id":"9782014088182","title":"These pour le doctorat. de la separation des patrimoines. faculte de droit de paris, 25 avril 1855","description":"Le pr\u00e9sent ouvrage s'inscrit dans une politique de conservation patrimoniale des ouvrages de la litt\u00e9rature Fran\u00e7aise mise en place avec la BNF. HACHETTE LIVRE et la BNF proposent ainsi un catalogue de titres indisponibles, la BNF ayant num\u00e9ris\u00e9 ces oeuvres et HACHETTE LIVRE les imprimant \u00e0 la demande. Certains de ces ouvrages refl\u00e8tent des courants de pens\u00e9e caract\u00e9ristiques de leur \u00e9poque, mais qui seraient aujourd'hui jug\u00e9s condamnables. Ils n'en appartiennent pas moins \u00e0 l'histoire des id\u00e9es en France et sont susceptibles de pr\u00e9senter un int\u00e9r\u00eat scientifique ou historique. Le sens de notre d\u00e9marche \u00e9ditoriale consiste ainsi \u00e0 permettre l'acc\u00e8s \u00e0 ces oeuvres sans pour autant que nous en cautionnions en aucune fa\u00e7on le contenu. Pour plus d'informations, rendez-vous sur www.hachettebnf.fr\r","authors":["Bethmont-L-F-R"],"category_codes":["1000000","1060000","1060200"],"visuals":{"large":"https:\/\/images.epagine.fr\/182\/9782014088182_1_75.jpg","medium":"https:\/\/images.epagine.fr\/182\/9782014088182_1_m.jpg","thumbnail":"https:\/\/images.epagine.fr\/182\/9782014088182_1_v.jpg"},"orderable":true,"show_badge":true,"formatted_price":"18,00&nbsp;\u20ac","formatted_published_date":"1er juillet 2017","publisher_availability_label":"Sur commande","short_details":"Bethmont-L-F-R \u2014 Hachette BNF","translator":null,"weight":243,"page_count":null,"readership":null,"editor":"Hachette BNF","price":1800,"published_date":"2017-06-30T22:00:00.000000Z","support":"Grand format","publisher_availability":1,"stock":0,"editions":[],"url":"https:\/\/quaidesbrumes.com\/ouvrage\/9782014088182\/these-pour-le-doctorat-de-la-separation-des-patrimoines-faculte-de-droit-de-paris-25-avril-1855"},{"id":"9782322039722","title":"Les larmes \u00e0 double sens","description":"Il n'a jamais baiss\u00e9 les bras, et aujourd'hui, au travers de son livre, il vous fait partager la souffrance qu'il a endur\u00e9 durant toute son enfance. Ce livre est en r\u00e9alit\u00e9 un d\u00e9fouloir, car tout ce qui est \u00e9crit l\u00e0-dedans est une lib\u00e9ration....\r","authors":["J\u00e9r\u00e9my Chorzepa"],"category_codes":["1000000","1060000","1060200"],"visuals":{"large":"https:\/\/images.epagine.fr\/722\/9782322039722_1_75.jpg","medium":"https:\/\/images.epagine.fr\/722\/9782322039722_1_m.jpg","thumbnail":"https:\/\/images.epagine.fr\/722\/9782322039722_1_v.jpg"},"orderable":true,"show_badge":true,"formatted_price":"8,99&nbsp;\u20ac","formatted_published_date":"14 ao\u00fbt 2015","publisher_availability_label":"Sur commande","short_details":"J\u00e9r\u00e9my Chorzepa \u2014 Books on Demand","translator":null,"weight":201,"page_count":80,"readership":null,"editor":"Books on Demand","price":899,"published_date":"2015-08-13T22:00:00.000000Z","support":"Grand format","publisher_availability":1,"stock":0,"editions":[],"url":"https:\/\/quaidesbrumes.com\/ouvrage\/9782322039722\/les-larmes-a-double-sens"},{"id":"9782322039272","title":"Alias Monsieur CPE ; Conseiller Principal d'Education : un m\u00e9tier, des identit\u00e9s professionnelles","description":"Ce livre est une autobiographie professionnelle, une sorte d'hommage rendu aux dignes h\u00e9ritiers des \u00ab\u00a0hussards noirs\u00a0\u00bb de la  3\u00e8me  R\u00e9publique, \u00e0 tous ceux qui oeuvrent au quotidien pour faire vivre le syst\u00e8me \u00e9ducatif fran\u00e7ais..    Juste avant de partir \u00e0 la retraite, l'auteur revient sur sa carri\u00e8re, sur son m\u00e9tier de Conseiller Principal d'\u00c9ducation.    A travers le prisme de sa profession, qui est une sp\u00e9cificit\u00e9 fran\u00e7aise, il analyse l'\u00e9volution de l\u00a0'\u00e9cole en la contextualisant. La diversit\u00e9 des ses affections, au gr\u00e9 de ses mutations \u00e0 Chartres et sa r\u00e9gion mais aussi outre-mer, en Polyn\u00e9sie, \u00e0 plusieurs reprises, lui permet de confronter ses exp\u00e9riences.    Son identit\u00e9 professionnelle s'affirmera au fil des ans, tout comme celles des autres acteurs de l'\u00e9cole, assistants d'\u00e9ducation, enseignants, chefs d'\u00e9tablissement.    Chacun des d\u00e9fis pos\u00e9s \u00e0 l'\u00e9cole est abord\u00e9, la massification, la mixit\u00e9 sociale et l'\u00e9chec scolaire, la formation et l'insertion professionnelles, la r\u00e9volution informatique et les enjeux du num\u00e9rique, les nouvelles parentalit\u00e9s et l'\u00e9mergence des communaut\u00e9s. Les sp\u00e9cificit\u00e9s du syst\u00e8me \u00e9ducatif en Polyn\u00e9sie sont largement analys\u00e9es.   L'alternance politique en m\u00e9tropole accompagne les r\u00e9formes du syst\u00e8me \u00e9ducatif, en Polyn\u00e9sie,elle d\u00e9termine les \u00e9volutions du statut d'autonomie interne.   Cette anamn\u00e8se permet \u00e0 l'auteur d'\u00e9voquer les coll\u00e8gues qu'il a c\u00f4toy\u00e9s, les \u00e9l\u00e8ves qu'il a encadr\u00e9s, et les situations, parfois cocasses qu'il a partag\u00e9es avec les uns et les autres.\r","authors":["Michel Touchart"],"category_codes":["1000000","1060000"],"visuals":{"large":"https:\/\/images.epagine.fr\/272\/9782322039272_1_75.jpg","medium":"https:\/\/images.epagine.fr\/272\/9782322039272_1_m.jpg","thumbnail":"https:\/\/images.epagine.fr\/272\/9782322039272_1_v.jpg"},"orderable":true,"show_badge":true,"formatted_price":"11,99&nbsp;\u20ac","formatted_published_date":"14 ao\u00fbt 2015","publisher_availability_label":"Sur commande","short_details":"Michel Touchart \u2014 Books on Demand","translator":null,"weight":301,"page_count":392,"readership":null,"editor":"Books on Demand","price":1199,"published_date":"2015-08-13T22:00:00.000000Z","support":"Grand format","publisher_availability":1,"stock":0,"editions":[],"url":"https:\/\/quaidesbrumes.com\/ouvrage\/9782322039272\/alias-monsieur-cpe-conseiller-principal-deducation-un-metier-des-identites-professionnelles"},{"id":"9782847431162","title":"Un archeologue en russie au temps de Boris Eltsine","description":null,"authors":["J.-P. Le Bihan"],"category_codes":["1000000","1060000","1060200"],"visuals":{"large":"https:\/\/quaidesbrumes.com\/img\/book-placeholder.png","medium":"https:\/\/quaidesbrumes.com\/img\/book-placeholder.png","thumbnail":"https:\/\/quaidesbrumes.com\/img\/book-placeholder.png"},"orderable":true,"show_badge":true,"formatted_price":"25,00&nbsp;\u20ac","formatted_published_date":"19 mai 2015","publisher_availability_label":"Sur commande","short_details":"J.-P. Le Bihan \u2014 Petra","translator":null,"weight":400,"page_count":null,"readership":null,"editor":"Petra","price":2500,"published_date":"2015-05-18T22:00:00.000000Z","support":"Grand format","publisher_availability":1,"stock":0,"editions":[],"url":"https:\/\/quaidesbrumes.com\/ouvrage\/9782847431162\/un-archeologue-en-russie-au-temps-de-boris-eltsine"},{"id":"9782847431155","title":"Souvenirs d'une baladine","description":null,"authors":["Reybaz-Debione Eva"],"category_codes":["1000000","1060000","1060100"],"visuals":{"large":"https:\/\/quaidesbrumes.com\/img\/book-placeholder.png","medium":"https:\/\/quaidesbrumes.com\/img\/book-placeholder.png","thumbnail":"https:\/\/quaidesbrumes.com\/img\/book-placeholder.png"},"orderable":true,"show_badge":true,"formatted_price":"25,00&nbsp;\u20ac","formatted_published_date":"3 juin 2015","publisher_availability_label":"Sur commande","short_details":"Reybaz-Debione Eva \u2014 Petra","translator":null,"weight":420,"page_count":null,"readership":null,"editor":"Petra","price":2500,"published_date":"2015-06-02T22:00:00.000000Z","support":"Grand format","publisher_availability":1,"stock":0,"editions":[],"url":"https:\/\/quaidesbrumes.com\/ouvrage\/9782847431155\/souvenirs-dune-baladine"},{"id":"9782336307404","title":"Je suis ici depuis toujours ; dialogue avec les jeunes issus de l'immigration en Italie","description":"\"Comme le montrent les propos d'enfants d'immigr\u00e9s recueillis dans cet ouvrage, leur cr\u00e9ativit\u00e9 identitaire repr\u00e9sente un capital pr\u00e9cieux pour la soci\u00e9t\u00e9 italienne. Construite sur une importante diversit\u00e9 interne souvent ni\u00e9e pour rendre possible l'id\u00e9e de nation, longtemps terre d'\u00e9migration mais depuis quelques d\u00e9cennies terre d'immigration, la soci\u00e9t\u00e9 italienne ne peut plus se voir comme homog\u00e8ne, d\u00e9tentrice d'une culture identifiable et coh\u00e9rente, \u00e0 laquelle les immigr\u00e9s et leurs enfants devraient \"s'int\u00e9grer\". C'est au contraire de l'int\u00e9gration de la soci\u00e9t\u00e9 elle-m\u00eame, dans sa diversit\u00e9, dont il est question.\"\r","authors":["Anna Granata"],"category_codes":["1000000","1060000","1060300"],"visuals":{"large":"https:\/\/images.epagine.fr\/404\/9782336307404_1_75.jpg","medium":"https:\/\/images.epagine.fr\/404\/9782336307404_1_m.jpg","thumbnail":"https:\/\/images.epagine.fr\/404\/9782336307404_1_v.jpg"},"orderable":true,"show_badge":true,"formatted_price":"27,50&nbsp;\u20ac","formatted_published_date":"6 juillet 2015","publisher_availability_label":"Sur commande","short_details":"Anna Granata \u2014 \u00c9ditions L'Harmattan","translator":null,"weight":270,"page_count":200,"readership":null,"editor":"\u00c9ditions L'Harmattan","price":2750,"published_date":"2015-07-05T22:00:00.000000Z","support":"Grand format","publisher_availability":1,"stock":0,"editions":[],"url":"https:\/\/quaidesbrumes.com\/ouvrage\/9782336307404\/je-suis-ici-depuis-toujours-dialogue-avec-les-jeunes-issus-de-limmigration-en-italie"},{"id":"9782312034843","title":"Visions terrestres","description":"Ce livre est l'autobiographie romanc\u00e9e de l'auteur et \u00e9voque sa relation au monde visible et invisible.\r","authors":["Isabelle Lambert"],"category_codes":["1000000","1060000","1060100"],"visuals":{"large":"https:\/\/images.epagine.fr\/843\/9782312034843_1_75.jpg","medium":"https:\/\/images.epagine.fr\/843\/9782312034843_1_m.jpg","thumbnail":"https:\/\/images.epagine.fr\/843\/9782312034843_1_v.jpg"},"orderable":true,"show_badge":true,"formatted_price":"11,00&nbsp;\u20ac","formatted_published_date":"3 juillet 2015","publisher_availability_label":"Sur commande","short_details":"Isabelle Lambert \u2014 Editions du Net","translator":null,"weight":60,"page_count":56,"readership":null,"editor":"Editions du Net","price":1100,"published_date":"2015-07-02T22:00:00.000000Z","support":"Grand format","publisher_availability":1,"stock":0,"editions":[],"url":"https:\/\/quaidesbrumes.com\/ouvrage\/9782312034843\/visions-terrestres"},{"id":"9782011332295","title":"M\u00e9moires du duc de Persigny, publi\u00e9s avec des documents in\u00e9dits, un avant-propos et un \u00e9pilogue","description":"M\u00e9moires du duc de Persigny, publi\u00e9s avec des documents in\u00e9dits, un avant-propos et un \u00e9pilogue, par M. H. de Laire, Cte d'Espagny,... (12 janvier 1896.)\r\nDate de l'\u00e9dition originale : 1896\r\nSujet de l'ouvrage : France (1852-1870, Second Empire)\r\n\r\nLe pr\u00e9sent ouvrage s'inscrit dans une politique de conservation patrimoniale des ouvrages de la litt\u00e9rature Fran\u00e7aise mise en place avec la BNF.\r\nHACHETTE LIVRE et la BNF proposent ainsi un catalogue de titres indisponibles, la BNF ayant num\u00e9ris\u00e9 ces oeuvres et HACHETTE LIVRE les imprimant \u00e0 la demande.\r\nCertains de ces ouvrages refl\u00e8tent des courants de pens\u00e9e caract\u00e9ristiques de leur \u00e9poque, mais qui seraient aujourd'hui jug\u00e9s condamnables.\r\nIls n'en appartiennent pas moins \u00e0 l'histoire des id\u00e9es en France et sont susceptibles de pr\u00e9senter un int\u00e9r\u00eat scientifique ou historique.\r\nLe sens de notre d\u00e9marche \u00e9ditoriale consiste ainsi \u00e0 permettre l'acc\u00e8s \u00e0 ces oeuvres sans pour autant que nous en cautionnions en aucune fa\u00e7on le contenu.\r\n\r\nPour plus d'informations, rendez-vous sur www.hachettebnf.fr","authors":["Persigny J G V F."],"category_codes":["1000000","1060000","1060200"],"visuals":{"large":"https:\/\/images.epagine.fr\/295\/9782011332295_1_75.jpg","medium":"https:\/\/images.epagine.fr\/295\/9782011332295_1_m.jpg","thumbnail":"https:\/\/images.epagine.fr\/295\/9782011332295_1_v.jpg"},"orderable":true,"show_badge":true,"formatted_price":"32,50&nbsp;\u20ac","formatted_published_date":"1er septembre 2016","publisher_availability_label":"Sur commande","short_details":"Persigny J G V F. \u2014 Hachette BNF","translator":null,"weight":755,"page_count":550,"readership":null,"editor":"Hachette BNF","price":3250,"published_date":"2016-08-31T22:00:00.000000Z","support":"Grand format","publisher_availability":1,"stock":0,"editions":[],"url":"https:\/\/quaidesbrumes.com\/ouvrage\/9782011332295\/memoires-du-duc-de-persigny-publies-avec-des-documents-inedits-un-avant-propos-et-un-epilogue"},{"id":"9791090280984","title":"Maman, j'aurais pu...","description":"Ce livre raconte la perte d'un \u00eatre cher, les regrets qui se profilent et le vide de l'absence. \r\nR\u00e9aliser que la vie est belle, malgr\u00e9 tout, et que chaque instant devrait \u00eatre un moment de f\u00e9licit\u00e9, de  jubilation. Une fleur qui s'ouvre, un parfum qui s'en d\u00e9gage, un ciel bleu ou orageux, un air de  musique, un rire d'enfant, un film qui vous transporte, une sonate jou\u00e9e au piano, un livre que l'on  referme \u00e0 regret, tant il vous a \u00e9mue, un b\u00e9b\u00e9 quoi gazouille, des souvenirs qui reviennent en boucle,  un plat r\u00e9alis\u00e9 avec amour, un voyage dans l'espace et \u00e0 travers le temps, un tableau qui vous laisse  interdite...\u00a0\r","authors":["Maryl\u00e8ne Azencot"],"category_codes":["1000000","1060000","1060300"],"visuals":{"large":"https:\/\/images.epagine.fr\/984\/9791090280984_1_75.jpg","medium":"https:\/\/images.epagine.fr\/984\/9791090280984_1_m.jpg","thumbnail":"https:\/\/images.epagine.fr\/984\/9791090280984_1_v.jpg"},"orderable":true,"show_badge":true,"formatted_price":"20,00&nbsp;\u20ac","formatted_published_date":"10 juillet 2017","publisher_availability_label":"Sur commande","short_details":"Maryl\u00e8ne Azencot \u2014 Claire Lorrain","translator":null,"weight":160,"page_count":139,"readership":null,"editor":"Claire Lorrain","price":2000,"published_date":"2017-07-09T22:00:00.000000Z","support":"Grand format","publisher_availability":1,"stock":0,"editions":[],"url":"https:\/\/quaidesbrumes.com\/ouvrage\/9791090280984\/maman-jaurais-pu"},{"id":"9782841868070","title":"Invincible","description":"La lumi\u00e8re qui irradie Marianne Van D. explique-t-elle le parcours \u00e9difiant de cette jeune femme invincible, \u00e9tonnamment libre et vou\u00e9e \u00e0 l'amour ?\r\nUn 14 juillet, \u00e0 14 ans, Marianne est violemment percut\u00e9e par une voiture et vivra alors l'exp\u00e9rience de la mort imminente. Au sortir du coma, elle ne sera plus jamais la m\u00eame. Lib\u00e9r\u00e9e de toute peur, Marianne ira d\u00e9sormais partout o\u00f9 l'amour la m\u00e8nera, quitte \u00e0 vivre des situations extr\u00eames. Le choix n'est jamais fait, il est v\u00e9cu avec la force du naturel, le corps \u00e9tant d\u00e9finitivement dissoci\u00e9 de l'esprit. Son visage s'illumine \u00e0 mesure de sa qu\u00eate du regard des autres. Invincible, en perp\u00e9tuelle libert\u00e9 inconditionnelle, elle assume ses actes autant qu'elle se nourrit du plaisir de conjuguer l'amour sous toutes ses formes.\r\n\r\n \r\nInvincible ! est l'affirmation d'une femme libre, affranchie, de celles qu'on ne saurait juger ; r\u00e9cit d'apprentissage dont la franchise et la simplicit\u00e9 d\u00e9sarmantes ne cessent de nous renvoyer \u00e0 nos propres limites.","authors":["Marianne Van d."],"category_codes":["1000000","1060000","1060100"],"visuals":{"large":"https:\/\/images.epagine.fr\/070\/9782841868070_1_75.jpg","medium":"https:\/\/images.epagine.fr\/070\/9782841868070_1_m.jpg","thumbnail":"https:\/\/images.epagine.fr\/070\/9782841868070_1_v.jpg"},"orderable":true,"show_badge":true,"formatted_price":"20,00&nbsp;\u20ac","formatted_published_date":"15 octobre 2015","publisher_availability_label":"Sur commande","short_details":"Marianne Van d. \u2014 MICHALON","translator":null,"weight":313,"page_count":229,"readership":null,"editor":"MICHALON","price":2000,"published_date":"2015-10-14T22:00:00.000000Z","support":"Grand format","publisher_availability":1,"stock":0,"editions":[],"url":"https:\/\/quaidesbrumes.com\/ouvrage\/9782841868070\/invincible"},{"id":"9782369650492","title":"De Pontlieue \u00e0 Kaliningrad ; les tribulations d'un enfant du si\u00e8cle","description":"N\u00e9 en 1921, l'auteur raconte son enfance mancelle, \u00e0 laquelle la guerre va mettre fin : Arrestation \u00e0 Parthenay, en juillet 1943, par la police de Vichy en vertu d'un arr\u00eat\u00e9 d'internement du Pr\u00e9fet des Deux-S\u00e8vres, comme r\u00e9fractaire au S.T.O.; arrestation \u00e0 Dantzig en 1944, par la Gestapo, pour complicit\u00e9 dans l'\u00e9vasion de prisonniers de guerre alli\u00e9s ; arrestation \u00e0 Graudenz, en 1945, par la police militaire sovi\u00e9tique.\r\n Il fut parmi les derniers Fran\u00e7ais rapatri\u00e9s d'URSS, fin octobre 1945, avec le convoi des \u00ab Malgr\u00e9 Nous \u00bb.\r\n Il a \u00e9t\u00e9 journaliste \u00e0 La Nouvelle R\u00e9publique du Centre-Ouest et \u00e0 Ouest-France de 1946 \u00e0 1956.\r\n Les \u00ab tribulations \u00bb du jeune Claude Patard, emport\u00e9 \u00e0 travers l'Europe par le tourbillon de ce cataclysme sont un t\u00e9moignage poignant de la furie des hommes, parsem\u00e9es des in\u00e9vitables pertes de proches, d'amis, de parents.","authors":["Claude Patard"],"category_codes":["1000000","1060000","1060100"],"visuals":{"large":"https:\/\/images.epagine.fr\/492\/9782369650492_1_75.jpg","medium":"https:\/\/images.epagine.fr\/492\/9782369650492_1_m.jpg","thumbnail":"https:\/\/images.epagine.fr\/492\/9782369650492_1_v.jpg"},"orderable":true,"show_badge":true,"formatted_price":"19,00&nbsp;\u20ac","formatted_published_date":"28 ao\u00fbt 2015","publisher_availability_label":"Sur commande","short_details":"Claude Patard \u2014 DECOOPMAN","translator":null,"weight":370,"page_count":280,"readership":null,"editor":"DECOOPMAN","price":1900,"published_date":"2015-08-27T22:00:00.000000Z","support":"Grand format","publisher_availability":1,"stock":0,"editions":[],"url":"https:\/\/quaidesbrumes.com\/ouvrage\/9782369650492\/de-pontlieue-a-kaliningrad-les-tribulations-dun-enfant-du-siecle"},{"id":"9780008149314","title":"JIMMY PAGE","description":null,"authors":["Chris Salewicz"],"category_codes":["1000000","1060000","1060100"],"visuals":{"large":"https:\/\/images.epagine.fr\/314\/9780008149314_1_75.jpg","medium":"https:\/\/images.epagine.fr\/314\/9780008149314_1_m.jpg","thumbnail":"https:\/\/images.epagine.fr\/314\/9780008149314_1_v.jpg"},"orderable":true,"show_badge":true,"formatted_price":"21,40&nbsp;\u20ac","formatted_published_date":"2 juin 2016","publisher_availability_label":"Sur commande","short_details":"Chris Salewicz \u2014 Harper Collins Publishers","translator":null,"weight":0,"page_count":null,"readership":null,"editor":"Harper Collins Publishers","price":2140,"published_date":"2016-06-01T22:00:00.000000Z","support":"Grand format","publisher_availability":1,"stock":0,"editions":[],"url":"https:\/\/quaidesbrumes.com\/ouvrage\/9780008149314\/jimmy-page"},{"id":"9782234079847","title":"Op\u00e9ration C\u00e9sar ; au coeur de la machine de mort syrienne","description":"Jamais des preuves aussi accablantes de crimes  de guerre et de crimes contre l'humanit\u00e9 n'avaient \u00e9t\u00e9  divulgu\u00e9es alors qu'un conflit se poursuit. En Syrie un  homme l'a fait. Son nom de code ? C\u00e9sar. Ce photographe  de la police militaire a risqu\u00e9 sa vie pour  exfiltrer, pendant deux ans, 45 000 photos et documents  de d\u00e9tenus tortur\u00e9s \u00e0 mort. Il n'est jamais  apparu devant des m\u00e9dias.\r\n\r\nEn janvier 2015, dans le magazine am\u00e9ricain Foreign  Affairs, le pr\u00e9sident Bachar el-Assad a affirm\u00e9 que ce  photographe militaire n'existait pas : \u00ab Qui a pris ces  photos ? Qui est-il ? Personne ne sait. Aucune v\u00e9rification  de ces preuves n'a \u00e9t\u00e9 faite. Ce sont des all\u00e9gations  sans preuves. \u00bb   C\u00e9sar existe. L'auteur de ce livre a pass\u00e9 des dizaines  d'heures avec lui. Son t\u00e9moignage est exceptionnel.  L'enqu\u00eate sur le fonctionnement de la machine de mort  syrienne, qui \u00e9taye son r\u00e9cit, est une plong\u00e9e dans  l'indicible.","authors":["Garance Le caisne"],"category_codes":["1000000","1060000","1060300","1060311"],"visuals":{"large":"https:\/\/images.epagine.fr\/847\/9782234079847_1_75.jpg","medium":"https:\/\/images.epagine.fr\/847\/9782234079847_1_m.jpg","thumbnail":"https:\/\/images.epagine.fr\/847\/9782234079847_1_v.jpg"},"orderable":true,"show_badge":true,"formatted_price":"21,50&nbsp;\u20ac","formatted_published_date":"7 octobre 2015","publisher_availability_label":"Sur commande","short_details":"Garance Le caisne \u2014 Stock","translator":null,"weight":298,"page_count":240,"readership":null,"editor":"Stock","price":2150,"published_date":"2015-10-06T22:00:00.000000Z","support":"Grand format","publisher_availability":1,"stock":0,"editions":[],"url":"https:\/\/quaidesbrumes.com\/ouvrage\/9782234079847\/operation-cesar-au-coeur-de-la-machine-de-mort-syrienne"},{"id":"9782702158593","title":"Comment j'ai sauv\u00e9 mon enfant","description":"Question banlieue, on croit avoir entendu tout le monde et tout essay\u00e9. C'est faux. Les m\u00e8res n'ont que rarement eu voix au chapitre. \u00c9meutes dans les banlieues, tuerie de Charlie Hebdo, les \u00e9ternels experts parlent entre eux, mais rien ne change. La pr\u00e9carit\u00e9, l'\u00e9chec scolaire, le ch\u00f4mage, la violence, la radicalisation, tout empire. Et qui soigne, qui console, qui pleure ? Les m\u00e8res, toujours les m\u00e8res.\r\nNadia Remadna est l'une de ces m\u00e8res qui, en 50 ans de vie pass\u00e9s entre l'Alg\u00e9rie et la France, notamment \u00e0 Sevran, cit\u00e9 sacrifi\u00e9e d'un d\u00e9partement rejet\u00e9, a tout vu : les profs qui peinent \u00e0 enseigner, ses coll\u00e8gues assistantes sociales d\u00e9pass\u00e9es, les dealers qui recrutent les gamins d\u00e9scolaris\u00e9s, les embrouilles qui finissent en prison, les jeunes policiers apeur\u00e9s, l'islamisation en marche jusque dans son salon.\r\nPourtant, Nadia Remadna refuse de parler de fatalit\u00e9 et de s'accommoder de la mis\u00e8re ; elle a cr\u00e9\u00e9 pour cela l'association la Brigade des m\u00e8res pour aider les familles dans les quartiers et \u00e9viter les d\u00e9rives.\r\nDans ce livre, compos\u00e9 de 40 petits chapitres rythm\u00e9s \u00e0 la mani\u00e8re de sayn\u00e8tes de stand-up, elle raconte avec un humour ravageur et beaucoup de finesse comment elle a sauv\u00e9 ses enfants.\r","authors":["Nadia Remadna"],"category_codes":["1000000","1060000","1060300","1060303"],"visuals":{"large":"https:\/\/images.epagine.fr\/593\/9782702158593_1_75.jpg","medium":"https:\/\/images.epagine.fr\/593\/9782702158593_1_m.jpg","thumbnail":"https:\/\/images.epagine.fr\/593\/9782702158593_1_v.jpg"},"orderable":true,"show_badge":true,"formatted_price":"17,00&nbsp;\u20ac","formatted_published_date":"6 janvier 2016","publisher_availability_label":"Sur commande","short_details":"Nadia Remadna \u2014 Calmann-L\u00e9vy","translator":null,"weight":320,"page_count":250,"readership":null,"editor":"Calmann-L\u00e9vy","price":1700,"published_date":"2016-01-05T23:00:00.000000Z","support":"Grand format","publisher_availability":1,"stock":0,"editions":[],"url":"https:\/\/quaidesbrumes.com\/ouvrage\/9782702158593\/comment-jai-sauve-mon-enfant"},{"id":"9782343068640","title":"M\u00e9moire de Th\u00e8bes ; fragments d'Egypte d'hier et d'aujourd'hui","description":"L'ouvrage retrace l'itin\u00e9raire d'un \u00e9gyptologue passionn\u00e9, curieux de son environnement g\u00e9ographique et humain, amoureux inconditionnel de son pays d'adoption. Il offre une r\u00e9trospective de toutes ces ann\u00e9es partag\u00e9es  entre une Egypte cosmopolite et moderne et une autre, profonde, attachante et encore ancr\u00e9e dans ses coutumes et ses traditions ancestrales. La vie de Christian Leblanc concr\u00e9tise parfaitement les paroles de Jean-Fran\u00e7ois Champollion qui disait que \u00ab seul l'enthousiasme est la vraie vie \u00bb.","authors":["Christian Leblanc"],"category_codes":["1000000","1060000"],"visuals":{"large":"https:\/\/images.epagine.fr\/640\/9782343068640_1_75.jpg","medium":"https:\/\/images.epagine.fr\/640\/9782343068640_1_m.jpg","thumbnail":"https:\/\/images.epagine.fr\/640\/9782343068640_1_v.jpg"},"orderable":true,"show_badge":true,"formatted_price":"48,50&nbsp;\u20ac","formatted_published_date":"14 octobre 2015","publisher_availability_label":"Sur commande","short_details":"Christian Leblanc \u2014 \u00c9ditions L'Harmattan","translator":null,"weight":1036,"page_count":580,"readership":null,"editor":"\u00c9ditions L'Harmattan","price":4850,"published_date":"2015-10-13T22:00:00.000000Z","support":"Grand format","publisher_availability":1,"stock":0,"editions":[],"url":"https:\/\/quaidesbrumes.com\/ouvrage\/9782343068640\/memoire-de-thebes-fragments-degypte-dhier-et-daujourdhui"},{"id":"9782806634801","title":"Une belle histoire d'\u00e9cole ; Clair-Vivre ; je te raconte ! d'anciens \u00e9l\u00e8ves se souviennent","description":"Nous qui avons tant voyag\u00e9 dans le monde de l'enfance, nous vous offrons ces d\u00e9licieux t\u00e9moignages r\u00e9dig\u00e9s par nos anciens \u00e9l\u00e8ves, devenue des adultes. Avec nous, ils ont tenu \u00e0 revisiter le pass\u00e9 de Clair-Vivre et mis un point final au livre de 50 ans d'un \"projet \u00e9ducatif ambitieux\"... Ils sont le plus beau des t\u00e9moignages que nous souhaitons partager avec vous, lecteurs et lectrices de cette histoire racont\u00e9e et nous les en remercions (L'\u00e9quipe de r\u00e9daction).\r","authors":["Collectif"],"category_codes":["1000000","1060000","1060300"],"visuals":{"large":"https:\/\/images.epagine.fr\/801\/9782806634801_1_75.jpg","medium":"https:\/\/images.epagine.fr\/801\/9782806634801_1_m.jpg","thumbnail":"https:\/\/images.epagine.fr\/801\/9782806634801_1_v.jpg"},"orderable":true,"show_badge":true,"formatted_price":"8,00&nbsp;\u20ac","formatted_published_date":"13 octobre 2015","publisher_availability_label":"Sur commande","short_details":"Collectif \u2014 EME EDITIONS","translator":null,"weight":60,"page_count":42,"readership":null,"editor":"EME EDITIONS","price":800,"published_date":"2015-10-12T22:00:00.000000Z","support":"Grand format","publisher_availability":1,"stock":0,"editions":[],"url":"https:\/\/quaidesbrumes.com\/ouvrage\/9782806634801\/une-belle-histoire-decole-clair-vivre-je-te-raconte-danciens-eleves-se-souviennent"},{"id":"9782824606873","title":"Il m'a pris mon fils","description":"Septembre 2011. Le petit Mathis, 8 ans, est enlev\u00e9 par son p\u00e8re. Depuis, Nathalie ne l'a jamais revu. Elle ne sait pas ce que son fils est devenu, ni m\u00eame s'il est encore vivant.\r\n\r\nLes probl\u00e8mes ont d\u00e9but\u00e9 quelques mois apr\u00e8s leur mariage, le mari de Nathalie se transformant en un autre homme, manipulateur et pervers. Au point que le couple se s\u00e9pare. Lorsque Mathis va chez son p\u00e8re qui en a la garde partag\u00e9e, la peur se lit dans ses yeux. Et puis, un jour, le pire se produit : Mathis disparait.\r\n \r\nDepuis, son p\u00e8re affirme l'avoir emmen\u00e9 \u00e0 l'\u00e9tranger, confi\u00e9 \u00e0 d'autres. Mais Nathalie ne sait rien, n'est s\u00fbre de rien. Alors, depuis des ann\u00e9es, le quotidien de cette maman est devenu un chemin de croix qu'elle m\u00e8ne avec une force exceptionnelle. Pour l'amour de son fils.\r\n\r\nLe d\u00e9chirant t\u00e9moignage d'une m\u00e8re meurtrie.\r","authors":["Nathalie Barr\u00e9","Franck Bodereau"],"category_codes":["1000000","1060000","1060300"],"visuals":{"large":"https:\/\/images.epagine.fr\/873\/9782824606873_1_75.jpg","medium":"https:\/\/images.epagine.fr\/873\/9782824606873_1_m.jpg","thumbnail":"https:\/\/images.epagine.fr\/873\/9782824606873_1_v.jpg"},"orderable":true,"show_badge":true,"formatted_price":"22,75&nbsp;\u20ac","formatted_published_date":"12 novembre 2015","publisher_availability_label":"Sur commande","short_details":"Nathalie Barr\u00e9, Franck Bodereau \u2014 City \u00c9ditions","translator":null,"weight":380,"page_count":272,"readership":null,"editor":"City \u00c9ditions","price":2275,"published_date":"2015-11-11T23:00:00.000000Z","support":"Grand format","publisher_availability":1,"stock":0,"editions":[],"url":"https:\/\/quaidesbrumes.com\/ouvrage\/9782824606873\/il-ma-pris-mon-fils"},{"id":"9782343071145","title":"Mon chemin de gu\u00e9rison, du viol au pardon","description":"\"Ce livre est un t\u00e9moignage bouleversant du mal que peuvent engendrer un p\u00e8re violeur et une m\u00e8re complice par un silence d\u00e9vasteur.\"\r","authors":["Mathilde Desanges"],"category_codes":["1000000","1060000","1060300"],"visuals":{"large":"https:\/\/images.epagine.fr\/145\/9782343071145_1_75.jpg","medium":"https:\/\/images.epagine.fr\/145\/9782343071145_1_m.jpg","thumbnail":"https:\/\/images.epagine.fr\/145\/9782343071145_1_v.jpg"},"orderable":true,"show_badge":true,"formatted_price":"16,00&nbsp;\u20ac","formatted_published_date":"1er septembre 2015","publisher_availability_label":"Sur commande","short_details":"Mathilde Desanges \u2014 \u00c9ditions L'Harmattan","translator":null,"weight":170,"page_count":136,"readership":null,"editor":"\u00c9ditions L'Harmattan","price":1600,"published_date":"2015-08-31T22:00:00.000000Z","support":"Grand format","publisher_availability":1,"stock":0,"editions":[],"url":"https:\/\/quaidesbrumes.com\/ouvrage\/9782343071145\/mon-chemin-de-guerison-du-viol-au-pardon"},{"id":"9782312037431","title":"Ultime combat","description":"Ce r\u00e9cit est une histoire vraie, l'histoire d'un homme ayant souffert d'une grave maladie pendant vingt ans sans jamais se plaindre et qui a donn\u00e9 \u00e0 tous ceux qui l'entouraient une vraie le\u00e7on de courage. Pendant vingt longues ann\u00e9es il a men\u00e9 ce combat dans la dignit\u00e9, mais son courage \u00e0 toute \u00e9preuve n'a pas suffi pour le raccrocher \u00e0 la vie et c'est dans des souffrances intol\u00e9rables et insoutenables pour lui et son entourage que sans faire de bruit il a l\u00e2ch\u00e9 prise en ce d\u00e9but de soir\u00e9e du 5 F\u00e9vrier 2015. Son dernier message laiss\u00e9 \u00e0 sa famille fut un regard rempli d'amour, puis il est parti en laissant \u00e9chapper une larme comme s'il voulait nous demander pardon de nous quitter si vite. Il repose en paix et nous saluons une fois encore ce courage extraordinaire qui l'a anim\u00e9 tout au long de cet ultime combat gagn\u00e9 par la maladie. Nous nous \u00e9tions fait cette promesse de nous aimer jusqu'\u00e0 ce que la mort nous s\u00e9pare et nous avons tenu cet engagement. Nous pensions alors que la mort serait un concept tr\u00e8s lointain, que nous aurions le temps de devenir de bons petits vieux qui ne vivraient que l'un pour l'autre, mais notre destin en a d\u00e9cid\u00e9 autrement et aujourd'hui, je poursuis ce chemin seul jusqu'\u00e0 ce que nous nous retrouvions dans l'au-del\u00e0.\r","authors":["Nicka-marie Pellerin"],"category_codes":["1000000","1060000","1060100"],"visuals":{"large":"https:\/\/images.epagine.fr\/431\/9782312037431_1_75.jpg","medium":"https:\/\/images.epagine.fr\/431\/9782312037431_1_m.jpg","thumbnail":"https:\/\/images.epagine.fr\/431\/9782312037431_1_v.jpg"},"orderable":true,"show_badge":true,"formatted_price":"16,00&nbsp;\u20ac","formatted_published_date":"1er septembre 2015","publisher_availability_label":"Sur commande","short_details":"Nicka-marie Pellerin \u2014 Editions du Net","translator":null,"weight":400,"page_count":226,"readership":null,"editor":"Editions du Net","price":1600,"published_date":"2015-08-31T22:00:00.000000Z","support":"Grand format","publisher_availability":1,"stock":0,"editions":["9782312037776"],"url":"https:\/\/quaidesbrumes.com\/ouvrage\/9782312037431\/ultime-combat"}]}