{"data":[{"id":"9782915682373","title":"Odyssee agricole","description":null,"authors":["Michel Moine"],"category_codes":["1000000","1060000","1060200"],"visuals":{"large":"https:\/\/quaidesbrumes.com\/img\/book-placeholder.png","medium":"https:\/\/quaidesbrumes.com\/img\/book-placeholder.png","thumbnail":"https:\/\/quaidesbrumes.com\/img\/book-placeholder.png"},"orderable":true,"show_badge":true,"formatted_price":"24,00&nbsp;\u20ac","formatted_published_date":"15 mars 2015","publisher_availability_label":"Sur commande","short_details":"Michel Moine \u2014 L'Atelier De La Memoire","translator":null,"weight":700,"page_count":null,"readership":null,"editor":"L'Atelier De La Memoire","price":2400,"published_date":"2015-03-14T23:00:00.000000Z","support":"Grand format","publisher_availability":1,"stock":0,"editions":[],"url":"https:\/\/quaidesbrumes.com\/ouvrage\/9782915682373\/odyssee-agricole"},{"id":"9782343064628","title":"L'adoption \u00e0 l'international ; un \u00e9tat des lieux en France","description":"Apr\u00e8s 1945, l'Am\u00e9rique voit na\u00eetre un mouvement d'assistance sans pr\u00e9c\u00e9dent pour les enfants orphelins et victimes de guerre. On les recueille dans des orphelinats, les propositions d'adoption abondent ; bient\u00f4t, la France se joint \u00e0 cet \u00e9lan de solidarit\u00e9. Des organismes comme Terre des Hommes se forment d\u00e8s 1965, se tournant aussi vers les enfants victimes de catastrophes naturelles. Cet ouvrage collectif de professionnels de l'accompagnement des adoptions montre comment la France, de 1965 \u00e0 2005, est devenue l'un des principaux pays d'adoption au monde.\r","authors":["Brigitte Tison"],"category_codes":["1000000","1060000","1060300"],"visuals":{"large":"https:\/\/images.epagine.fr\/628\/9782343064628_1_75.jpg","medium":"https:\/\/images.epagine.fr\/628\/9782343064628_1_m.jpg","thumbnail":"https:\/\/images.epagine.fr\/628\/9782343064628_1_v.jpg"},"orderable":true,"show_badge":true,"formatted_price":"39,00&nbsp;\u20ac","formatted_published_date":"21 mai 2015","publisher_availability_label":"Sur commande","short_details":"Brigitte Tison \u2014 \u00c9ditions L'Harmattan","translator":null,"weight":574,"page_count":348,"readership":null,"editor":"\u00c9ditions L'Harmattan","price":3900,"published_date":"2015-05-20T22:00:00.000000Z","support":"Grand format","publisher_availability":1,"stock":0,"editions":[],"url":"https:\/\/quaidesbrumes.com\/ouvrage\/9782343064628\/ladoption-a-linternational-un-etat-des-lieux-en-france"},{"id":"9782843103001","title":"Le Roman de Torec \/ Roman van Torec","description":"Le Roman de Torec conte l'histoire d'un jeune homme, Torec, qui part en qu\u00eate de la couronne d'or vol\u00e9e \u00e0 sa grand-m\u00e8re longtemps avant sa naissance, et son mariage avec la jeune fille qui poss\u00e8de le diad\u00e8me. Fond\u00e9 sur quelques motifs de deux contes-types populaires, L'Anneau magique et L'Homme \u00e0 la recherche de sa fianc\u00e9e ou femme perdue, le r\u00e9cit trace le cheminement du h\u00e9ros \u00e9ponyme. \u00c0 travers de nombreuses aventures, autant d'\u00e9preuves, il retrouve la couronne et \u00e9pouse la jeune fille, Miraude, qui la poss\u00e8de. Les \u00e9l\u00e9ments merveilleux de l'univers du conte associ\u00e9s \u00e0 la r\u00e9\u00e9criture de nombreux aventures et motifs de l'univers arthurien, tels l'adoubement, l'amour de loin, le tournoi pour la main d'une jeune fille, les festivit\u00e9s \u00e0 l'occasion d'un mariage, le secours port\u00e9 \u00e0 une jeune fille en difficult\u00e9, les mises en garde contre un danger, les duels, le combat contre des lions et\/ou des g\u00e9ants, les combats au gu\u00e9 d'aventure, caract\u00e9risent le r\u00e9cit comme une oeuvre intertextuelle et un roman arthurien nouveau et original. La technique narrative du r\u00e9cit rappelle celle du roman arthurien en vers, mais aussi celle du roman en prose avec ses annonces et cl\u00f4tures d'\u00e9pisodes.\r\nLe Torec, attribu\u00e9 \u00e0 Jacob van Maerlant (1235-1290\/1300) et ins\u00e9r\u00e9 au XIVe si\u00e8cle dans la trilogie Lancelot - Queste del Saint Graal - Mort le Roi Artu en moyen n\u00e9erlandais, appel\u00e9e Lancelotcompilatie (87 000 vers), dat\u00e9e de 1320-1325, serait une traduction-adaptation d'un roman fran\u00e7ais perdu, *Torrez, le Chevalier au cercle d'or. Le r\u00e9cit pr\u00e9sente un int\u00e9r\u00eat certain pour le m\u00e9di\u00e9visme europ\u00e9en, son mod\u00e8le fran\u00e7ais pr\u00e9sum\u00e9 n'\u00e9tant pas attest\u00e9 \u00e0 ce jour.","authors":["Finet - Van Der Shaa"],"category_codes":["1000000","1060000"],"visuals":{"large":"https:\/\/images.epagine.fr\/001\/9782843103001_1_75.jpg","medium":"https:\/\/images.epagine.fr\/001\/9782843103001_1_m.jpg","thumbnail":"https:\/\/images.epagine.fr\/001\/9782843103001_1_v.jpg"},"orderable":true,"show_badge":true,"formatted_price":"23,00&nbsp;\u20ac","formatted_published_date":"22 juin 2015","publisher_availability_label":"Sur commande","short_details":"Finet - Van Der Shaa \u2014 Universite Grenoble Alpes","translator":null,"weight":346,"page_count":256,"readership":null,"editor":"Universite Grenoble Alpes","price":2300,"published_date":"2015-06-21T22:00:00.000000Z","support":"Grand format","publisher_availability":1,"stock":0,"editions":[],"url":"https:\/\/quaidesbrumes.com\/ouvrage\/9782843103001\/le-roman-de-torec-roman-van-torec"},{"id":"9782343066097","title":"C'est la faute \u00e0 Rousseau ! r\u00e9ligion et politique : l'exception francaise","description":"\"Religion et politique ont rarement fait bon m\u00e9nage. Faut-il revoir notre conception plurielle de la la\u00efcit\u00e9 qui a su faire preuve d autant de souplesse que de robustesse pour prot\u00e9ger la libert\u00e9 de conscience et d expression religieuse ? Ce sont les valeurs de notre R\u00e9publique, fille de la R\u00e9volution, qui sont mises en question. Ce socle originel de notre culture r\u00e9publicaine, legs de Rousseau, ne participe-t-il pas de la fameuse expression fran\u00e7aise ?\"\r","authors":["Daniel Mandon"],"category_codes":["1000000","1060000","1060300"],"visuals":{"large":"https:\/\/images.epagine.fr\/097\/9782343066097_1_75.jpg","medium":"https:\/\/images.epagine.fr\/097\/9782343066097_1_m.jpg","thumbnail":"https:\/\/images.epagine.fr\/097\/9782343066097_1_v.jpg"},"orderable":true,"show_badge":true,"formatted_price":"24,00&nbsp;\u20ac","formatted_published_date":"23 juin 2015","publisher_availability_label":"Sur commande","short_details":"Daniel Mandon \u2014 \u00c9ditions L'Harmattan","translator":null,"weight":328,"page_count":250,"readership":null,"editor":"\u00c9ditions L'Harmattan","price":2400,"published_date":"2015-06-22T22:00:00.000000Z","support":"Grand format","publisher_availability":1,"stock":0,"editions":[],"url":"https:\/\/quaidesbrumes.com\/ouvrage\/9782343066097\/cest-la-faute-a-rousseau-religion-et-politique-lexception-francaise"},{"id":"9791091321389","title":"Les oubliettes","description":null,"authors":["B.D"],"category_codes":["1000000","1060000","1060100"],"visuals":{"large":"https:\/\/quaidesbrumes.com\/img\/book-placeholder.png","medium":"https:\/\/quaidesbrumes.com\/img\/book-placeholder.png","thumbnail":"https:\/\/quaidesbrumes.com\/img\/book-placeholder.png"},"orderable":true,"show_badge":true,"formatted_price":"16,00&nbsp;\u20ac","formatted_published_date":"18 mars 2015","publisher_availability_label":"Sur commande","short_details":"B.D \u2014 Prem Edit 77","translator":null,"weight":290,"page_count":null,"readership":null,"editor":"Prem Edit 77","price":1600,"published_date":"2015-03-17T23:00:00.000000Z","support":"Grand format","publisher_availability":1,"stock":0,"editions":[],"url":"https:\/\/quaidesbrumes.com\/ouvrage\/9791091321389\/les-oubliettes"},{"id":"9782343067223","title":"La goutte de trop ; les mesaventures de Selbiaf","description":"\"Selbiaf vit avec sa famille \u00e0 l abri d une bicoque en bois de mauvaise qualit\u00e9, dans une des vall\u00e9es surpeupl\u00e9es et insalubres de la capitale. P\u00e8re aimant, il subit le joug de sa femme, tourment\u00e9e par un d\u00e9sir incompr\u00e9hensible d amasser de l argent pour en arroser ses fr\u00e8res. Jusqu o\u00f9 iront la sensibilit\u00e9 et la d\u00e9termination de Justeline, leur fille a\u00een\u00e9e, tandis que se r\u00e9v\u00e8le au fil des pages la profonde faiblesse de son p\u00e8re ? Le lecteur plonge dans une mis\u00e8re que n att\u00e9nue pas le semblant de fiert\u00e9 qu affiche le peuple de la vall\u00e9e.\"\r","authors":["Gatchou Njamen"],"category_codes":["1000000","1060000","1060100"],"visuals":{"large":"https:\/\/images.epagine.fr\/223\/9782343067223_1_75.jpg","medium":"https:\/\/images.epagine.fr\/223\/9782343067223_1_m.jpg","thumbnail":"https:\/\/images.epagine.fr\/223\/9782343067223_1_v.jpg"},"orderable":true,"show_badge":true,"formatted_price":"29,00&nbsp;\u20ac","formatted_published_date":"23 juin 2015","publisher_availability_label":"Sur commande","short_details":"Gatchou Njamen \u2014 \u00c9ditions L'Harmattan","translator":null,"weight":335,"page_count":272,"readership":null,"editor":"\u00c9ditions L'Harmattan","price":2900,"published_date":"2015-06-22T22:00:00.000000Z","support":"Grand format","publisher_availability":1,"stock":0,"editions":[],"url":"https:\/\/quaidesbrumes.com\/ouvrage\/9782343067223\/la-goutte-de-trop-les-mesaventures-de-selbiaf"},{"id":"9782343064512","title":"Photographie et exotisme ; regards sur le corps br\u00e9silien","description":"Qu'est-ce qu'un regard sur le corps de l'autre ? Le monde h\u00e9rite d'un grand album d'images contradictoires accumul\u00e9es au cours des si\u00e8cles sur les peuples expos\u00e9es-exotiques et, en particulier, sur ceux du Br\u00e9sil. L'Occident a invent\u00e9 les idoles ancr\u00e9es dans nos imaginaires. Quand commence l'image d'une l'histoire ? Quand se termine l'histoire d'une image ? L'art est une possibilit\u00e9 de d\u00e9shabiller nos yeux, d\u00e9shabiller nos regards de tout ce qui a \u00e9t\u00e9 construit.\r","authors":["Rosane De andrade"],"category_codes":["1000000","1060000","1060300"],"visuals":{"large":"https:\/\/images.epagine.fr\/512\/9782343064512_1_75.jpg","medium":"https:\/\/images.epagine.fr\/512\/9782343064512_1_m.jpg","thumbnail":"https:\/\/images.epagine.fr\/512\/9782343064512_1_v.jpg"},"orderable":true,"show_badge":true,"formatted_price":"20,50&nbsp;\u20ac","formatted_published_date":"26 mai 2015","publisher_availability_label":"Sur commande","short_details":"Rosane De andrade \u2014 \u00c9ditions L'Harmattan","translator":null,"weight":240,"page_count":194,"readership":null,"editor":"\u00c9ditions L'Harmattan","price":2050,"published_date":"2015-05-25T22:00:00.000000Z","support":"Grand format","publisher_availability":1,"stock":0,"editions":[],"url":"https:\/\/quaidesbrumes.com\/ouvrage\/9782343064512\/photographie-et-exotisme-regards-sur-le-corps-bresilien"},{"id":"9782329373553","title":"Mausolee erige a la memoire immortelle de tres-haulte, tres-puissante - et tres-auguste princesse is","description":"Mausol\u00e9e \u00e9rig\u00e9 \u00e0 la m\u00e9moire immortelle de tres-haulte, tres-puissante, et tres-auguste princesse Isabelle, Claire, Eug\u00e9nie, d'Austriche, Infante d'Espagne...\r\nDate de l'\u00e9dition originale : 1634 Le pr\u00e9sent ouvrage s'inscrit dans une politique de conservation patrimoniale des ouvrages de la litt\u00e9rature Fran\u00e7aise mise en place avec la BNF.\r\nHACHETTE LIVRE et la BNF proposent ainsi un catalogue de titres indisponibles, la BNF ayant num\u00e9ris\u00e9 ces oeuvres et HACHETTE LIVRE les imprimant \u00e0 la demande.\r\nCertains de ces ouvrages refl\u00e8tent des courants de pens\u00e9e caract\u00e9ristiques de leur \u00e9poque, mais qui seraient aujourd'hui jug\u00e9s condamnables.\r\nIls n'en appartiennent pas moins \u00e0 l'histoire des id\u00e9es en France et sont susceptibles de pr\u00e9senter un int\u00e9r\u00eat scientifique ou historique.\r\nLe sens de notre d\u00e9marche \u00e9ditoriale consiste ainsi \u00e0 permettre l'acc\u00e8s \u00e0 ces oeuvres sans pour autant que nous en cautionnions en aucune fa\u00e7on le contenu.\r\nPour plus d'informations, rendez-vous sur www.hachettebnf.fr\r","authors":["Puget De La Serre J."],"category_codes":["1000000","1060000"],"visuals":{"large":"https:\/\/images.epagine.fr\/553\/9782329373553_1_75.jpg","medium":"https:\/\/images.epagine.fr\/553\/9782329373553_1_m.jpg","thumbnail":"https:\/\/images.epagine.fr\/553\/9782329373553_1_v.jpg"},"orderable":true,"show_badge":true,"formatted_price":"16,50&nbsp;\u20ac","formatted_published_date":"1er janvier 2020","publisher_availability_label":"Sur commande","short_details":"Puget De La Serre J. \u2014 Hachette BNF","translator":null,"weight":186,"page_count":null,"readership":null,"editor":"Hachette BNF","price":1650,"published_date":"2019-12-31T23:00:00.000000Z","support":"Grand format","publisher_availability":1,"stock":0,"editions":[],"url":"https:\/\/quaidesbrumes.com\/ouvrage\/9782329373553\/mausolee-erige-a-la-memoire-immortelle-de-tres-haulte-tres-puissante-et-tres-auguste-princesse-is"},{"id":"9782343048697","title":"Le repeyre","description":"Ce livre est l'histoire d'une maison et de celui qui voulait la poss\u00e9der, et qui a \u00e9t\u00e9 poss\u00e9d\u00e9 par elle pendant toute sa vie. C'est l'histoire d'amour de cet homme avec cette vieille ferme fortifi\u00e9e appel\u00e9e Logis. Alain Dudoignon-Valade y raconte son immense chagrin, ses souffrances et ses souvenirs. L'\u00e9criture lui a permis de faire le deuil de cette maison, sans pourtant l'oublier. La maison existe toujours mais elle a \u00e9t\u00e9 transform\u00e9e par ses nouveaux propri\u00e9taires. Malgr\u00e9 son immense amour, voulant garder son image intacte dans sa m\u00e9moire, il n'y est jamais retourn\u00e9.\r","authors":["Alain Dudoignon-valade"],"category_codes":["1000000","1060000","1060100"],"visuals":{"large":"https:\/\/images.epagine.fr\/697\/9782343048697_1_75.jpg","medium":"https:\/\/images.epagine.fr\/697\/9782343048697_1_m.jpg","thumbnail":"https:\/\/images.epagine.fr\/697\/9782343048697_1_v.jpg"},"orderable":true,"show_badge":true,"formatted_price":"20,50&nbsp;\u20ac","formatted_published_date":"20 mars 2015","publisher_availability_label":"Sur commande","short_details":"Alain Dudoignon-valade \u2014 \u00c9ditions L'Harmattan","translator":null,"weight":275,"page_count":216,"readership":null,"editor":"\u00c9ditions L'Harmattan","price":2050,"published_date":"2015-03-19T23:00:00.000000Z","support":"Grand format","publisher_availability":1,"stock":0,"editions":[],"url":"https:\/\/quaidesbrumes.com\/ouvrage\/9782343048697\/le-repeyre"},{"id":"9782370730701","title":"Ultimes","description":"Ce que les plus grands ont dit avant de mourir.\r\nExpression d'effroi ou d'espoir, trait d'humour ou de stup\u00e9faction, moment d'inconscience ou de saint recueillement, vision proph\u00e9tique ou brillante idiotie : de Socrate \u00e0 Proust en passant par Olympe de Gouges ou Van Gogh, leurs ultimes mots disent toujours quelque chose d'un destin ou d'une oeuvre d'exception.\r\n\r\n \r\n\r\n Et parce qu'ils interrogent notre rapport inquiet \u00e0 la mort, ils nous touchent profond\u00e9ment.\r\n\r\n En repla\u00e7ant chaque citation dans son contexte, Philippe Nassif propose une interpr\u00e9tation de chacune de ces ultimes paroles et r\u00e9v\u00e8le leur force inspirante.\r\n\r\n \r\n\r\n  Ou c'est ce papier peint qui dispara\u00eet, ou c'est moi !  Oscar Wilde C'est un peu t\u00f4t !  Edmond Rostand Je m'en vais qu\u00e9rir le grand peut-\u00eatre.  Fran\u00e7ois Rabelais Quel ennui !  Winston Churchill Tirez, tirez nom de Dieu !  Charles P\u00e9guy Maman, vous, rien que vous.  Henri de Toulouse-Lautrec","authors":["Philippe Nassif"],"category_codes":["1000000","1060000","1060100"],"visuals":{"large":"https:\/\/images.epagine.fr\/701\/9782370730701_1_75.jpg","medium":"https:\/\/images.epagine.fr\/701\/9782370730701_1_m.jpg","thumbnail":"https:\/\/images.epagine.fr\/701\/9782370730701_1_v.jpg"},"orderable":true,"show_badge":true,"formatted_price":"14,00&nbsp;\u20ac","formatted_published_date":"5 novembre 2015","publisher_availability_label":"Sur commande","short_details":"Philippe Nassif \u2014 Allary \u00c9ditions","translator":null,"weight":226,"page_count":173,"readership":null,"editor":"Allary \u00c9ditions","price":1400,"published_date":"2015-11-04T23:00:00.000000Z","support":"Poche","publisher_availability":1,"stock":0,"editions":[],"url":"https:\/\/quaidesbrumes.com\/ouvrage\/9782370730701\/ultimes"},{"id":"9782226316790","title":"Quand la mort s\u00e9pare un jeune couple ; le veuvage pr\u00e9coce","description":"\u00ab Ce n'est pas vrai \u00bb, \u00ab C'est un cauchemar, je vais me r\u00e9veiller \u00bb, \u00ab Pourquoi toi, pourquoi nous ? \u00bb, \u00ab Comment vivre sans toi ? \u00bb, \u00ab Qu'allons-nous devenir avec les enfants ? \u00bb... On \u00e9tait un couple, on \u00e9tait deux, et tout \u00e0 coup, on est un(e). Seule(e). \u00ab Nous deux \u00bb, \u00ab toi et moi \u00bb, c'est fini. Chaque ann\u00e9e, 30 0000 femmes et hommes de moins de 55 ans, mari\u00e9s ou non, sont confront\u00e9s \u00e0 la perte de l'autre et font l'exp\u00e9rience du veuvage. Aujourd'hui, il y a 360 000 veufs pr\u00e9coces en France dont 80 % ont moins de 40 ans. Et dans l'immense majorit\u00e9 des cas, le veuvage produit des familles monoparentales. Or que sait-on des jeunes veufs ? Corine Goldberger les a rencontr\u00e9s pour leur permettre de mieux comprendre leurs propres r\u00e9actions, parfois d\u00e9routantes, afin de surmonter l'une des exp\u00e9riences les plus cruelles de la vie et de s'autoriser, un jour, \u00e0 continuer sa vie et \u00e0 aimer de nouveau.\r\n Le livre s'adresse aussi \u00e0 tous les proches qui souhaitent aider la jeune veuve ou le jeune veuf et peinent \u00e0 trouver les mots, les gestes, le ton justes.\r","authors":["Corine Golberger"],"category_codes":["9000000","9090000","9090300"],"visuals":{"large":"https:\/\/images.epagine.fr\/790\/9782226316790_1_75.jpg","medium":"https:\/\/images.epagine.fr\/790\/9782226316790_1_m.jpg","thumbnail":"https:\/\/images.epagine.fr\/790\/9782226316790_1_v.jpg"},"orderable":true,"show_badge":true,"formatted_price":"23,00&nbsp;\u20ac","formatted_published_date":"1er septembre 2015","publisher_availability_label":"Sur commande","short_details":"Corine Golberger \u2014 Albin Michel","translator":null,"weight":293,"page_count":256,"readership":null,"editor":"Albin Michel","price":2300,"published_date":"2015-08-31T22:00:00.000000Z","support":"Grand format","publisher_availability":1,"stock":0,"editions":[],"url":"https:\/\/quaidesbrumes.com\/ouvrage\/9782226316790\/quand-la-mort-separe-un-jeune-couple-le-veuvage-precoce"},{"id":"9782841005901","title":"Jean de Tinan ; biographie","description":"- R\u00e9\u00e9dition augment\u00e9e de la biographie de Jean de Tinan pour accompagner l'\u00e9dition du Journal in\u00e9dit des ann\u00e9es 1895-1996.\r\n\r\n - La vie d'un auteur fin de si\u00e8cle au destin fracass\u00e9.\r\n\r\n \r\n\r\n \r\n\r\n \r\n\r\n \r\n\r\n \r\n\r\n \r\n\r\n \r\n\r\n \r\n\r\n \r\n\r\n \r\n\r\n \r\n\r\n \r\n\r\n \r\n\r\n \r\n\r\n \r\n\r\n \r\n\r\n \r\n\r\n \r\n\r\n \r\n\r\n \r\n\r\n \r\n\r\n \r\n\r\n \r\n\r\n \r\n\r\n \r\n\r\n \r\n\r\n \r\n\r\n \r\n\r\n \r\n\r\n \r\n\r\n\r\nDans cette riche biographie, Jean-Paul Goujon retrace le parcours du d\u00e9licat jean de Tinan (1874-1898), l'auteur du roman Penses-tu r\u00e9ussir ! tout en incarnant un repr\u00e9sentant exceptionnel de la Belle Epoque, Jean de inan est avant tout une personnalit\u00e9 aussi complexe que s\u00e9duisante : \u00e0 la fois sentimental et raisonneur, libertin et romantique, partag\u00e9 entre  sexe et tendresse , recherchant toujours le bonheur et perp\u00e9tuellement insatisfait.\r\n\r\n Cette biographie offre le portrait le plus complet possible de ce jeune homme 1900, \u00e0 travers ses amours et ses amiti\u00e9s, ses  noctambulismes  et ses  sentimentalismes . On y croise entre autres : Gide, Lou\u00ffs, Val\u00e9ry, Debussy, Toulouse-Lautrec, Jarry, L\u00e9autaud qui disait :  Jean de Tinan ! ce nom, pour moi, c'est de la sensibilit\u00e9, du scepticisme et de la gr\u00e2ce.","authors":["Jean-paul Goujon"],"category_codes":["1000000","1060000"],"visuals":{"large":"https:\/\/images.epagine.fr\/901\/9782841005901_1_75.jpg","medium":"https:\/\/images.epagine.fr\/901\/9782841005901_1_m.jpg","thumbnail":"https:\/\/images.epagine.fr\/901\/9782841005901_1_v.jpg"},"orderable":true,"show_badge":true,"formatted_price":"28,00&nbsp;\u20ac","formatted_published_date":"18 f\u00e9vrier 2016","publisher_availability_label":"Sur commande","short_details":"Jean-paul Goujon \u2014 \u00c9ditions Bartillat","translator":null,"weight":597,"page_count":513,"readership":null,"editor":"\u00c9ditions Bartillat","price":2800,"published_date":"2016-02-17T23:00:00.000000Z","support":"Grand format","publisher_availability":1,"stock":0,"editions":[],"url":"https:\/\/quaidesbrumes.com\/ouvrage\/9782841005901\/jean-de-tinan-biographie"},{"id":"9791093196046","title":"Il et ailes","description":null,"authors":["Servane"],"category_codes":["1000000","1060000","1060300"],"visuals":{"large":"https:\/\/images.epagine.fr\/046\/9791093196046_1_75.jpg","medium":"https:\/\/images.epagine.fr\/046\/9791093196046_1_m.jpg","thumbnail":"https:\/\/images.epagine.fr\/046\/9791093196046_1_v.jpg"},"orderable":true,"show_badge":true,"formatted_price":"16,00&nbsp;\u20ac","formatted_published_date":"10 mai 2015","publisher_availability_label":"Sur commande","short_details":"Servane \u2014 Complices","translator":null,"weight":259,"page_count":191,"readership":null,"editor":"Complices","price":1600,"published_date":"2015-05-09T22:00:00.000000Z","support":"Grand format","publisher_availability":1,"stock":0,"editions":[],"url":"https:\/\/quaidesbrumes.com\/ouvrage\/9791093196046\/il-et-ailes"},{"id":"9782343060156","title":"Maurice Blondel, 1861-1949 ; un sociologue arrach\u00e9 \u00e0 l'oubli","description":"Pour son projet d'une \"union europ\u00e9enne\", Maurice Blondel a \u00e9labor\u00e9 une m\u00e9thode sociologique qui permet de rassembler les membres d'une m\u00eame soci\u00e9t\u00e9 autour des m\u00eames id\u00e9aux, de les aider \u00e0 s'accepter les uns les autres, de les pousser \u00e0 atteindre un excellent niveau d'organisation sociale, \u00e9conomique, politique et culturelle, mais surtout d'int\u00e9grer les d\u00e9linquants d\u00e9clar\u00e9s perdus \u00e0 jamais. Le pr\u00e9sent ouvrage se propose de pr\u00e9senter cette m\u00e9thode et de faire conna\u00eetre Maurice Blondel comme sociologue de l'action et d'une Europe de la paix perp\u00e9tuelle.\r","authors":["Adrien Diakiodi"],"category_codes":["1000000","1060000","1060300"],"visuals":{"large":"https:\/\/images.epagine.fr\/156\/9782343060156_1_75.jpg","medium":"https:\/\/images.epagine.fr\/156\/9782343060156_1_m.jpg","thumbnail":"https:\/\/images.epagine.fr\/156\/9782343060156_1_v.jpg"},"orderable":true,"show_badge":true,"formatted_price":"13,00&nbsp;\u20ac","formatted_published_date":"6 mai 2015","publisher_availability_label":"Sur commande","short_details":"Adrien Diakiodi \u2014 \u00c9ditions L'Harmattan","translator":null,"weight":134,"page_count":96,"readership":null,"editor":"\u00c9ditions L'Harmattan","price":1300,"published_date":"2015-05-05T22:00:00.000000Z","support":"Grand format","publisher_availability":1,"stock":0,"editions":[],"url":"https:\/\/quaidesbrumes.com\/ouvrage\/9782343060156\/maurice-blondel-1861-1949-un-sociologue-arrache-a-loubli"},{"id":"9782343062969","title":"Grandeur et d\u00e9cadence d'une danseuse de flamenco","description":"Une jeune danseuse, amoureuse du flamenco, s'envole pour l'Espagne en qu\u00eate du secret de son art. Quand \u00e0 force d'entra\u00eenement, les premiers succ\u00e8s r\u00e9compensent ses efforts fr\u00e9n\u00e9tiques, le vertige puis la chute interrompent brutalement son ascension. Enivr\u00e9e par la Castille mystique, elle s'oriente alors vers Dieu et un univers de personnages plus extr\u00eames encore, jusqu'au vertige \u00e0 nouveau, et la chute. M\u00ealant gravit\u00e9 et d\u00e9rision, l'auteure explore le secret de la danse et la relation au sacr\u00e9 sur fond des grandeur et d\u00e9cadence madril\u00e8nes des ann\u00e9es 70.\r","authors":["Fabienne Boullier cornaton"],"category_codes":["1000000","1060000","1060100"],"visuals":{"large":"https:\/\/images.epagine.fr\/969\/9782343062969_1_75.jpg","medium":"https:\/\/images.epagine.fr\/969\/9782343062969_1_m.jpg","thumbnail":"https:\/\/images.epagine.fr\/969\/9782343062969_1_v.jpg"},"orderable":true,"show_badge":true,"formatted_price":"21,50&nbsp;\u20ac","formatted_published_date":"6 mai 2015","publisher_availability_label":"Sur commande","short_details":"Fabienne Boullier cornaton \u2014 \u00c9ditions L'Harmattan","translator":null,"weight":265,"page_count":218,"readership":null,"editor":"\u00c9ditions L'Harmattan","price":2150,"published_date":"2015-05-05T22:00:00.000000Z","support":"Grand format","publisher_availability":1,"stock":0,"editions":[],"url":"https:\/\/quaidesbrumes.com\/ouvrage\/9782343062969\/grandeur-et-decadence-dune-danseuse-de-flamenco"},{"id":"9782011909077","title":"Eloge de j. j. rousseau. discours prononce a la societe des amis de ce grand homme le 20 vendemiaire","description":"Eloge de J. J. Rousseau. Discours prononc\u00e9 \u00e0 la soci\u00e9t\u00e9 des amis de ce grand homme le 20 vend\u00e9miaire...\r\nDate de l'\u00e9dition originale : 1803 Ce livre est la reproduction fid\u00e8le d une uvre publi\u00e9e avant 1920 et fait partie d une collection de livres r\u00e9imprim\u00e9s \u00e0 la demande \u00e9dit\u00e9e par Hachette Livre, dans le cadre d un partenariat avec la Biblioth\u00e8que nationale de France, offrant l opportunit\u00e9 d acc\u00e9der \u00e0 des ouvrages anciens et souvent rares issus des fonds patrimoniaux de la BnF.\r\nLes uvres faisant partie de cette collection ont \u00e9t\u00e9 num\u00e9ris\u00e9es par la BnF et sont pr\u00e9sentes sur Gallica, sa biblioth\u00e8que num\u00e9rique.\r\n\r\nEn entreprenant de redonner vie \u00e0 ces ouvrages au travers d une collection de livres r\u00e9imprim\u00e9s \u00e0 la demande, nous leur donnons la possibilit\u00e9 de rencontrer un public \u00e9largi et participons \u00e0 la transmission de connaissances et de savoirs parfois difficilement accessibles.\r\nNous avons cherch\u00e9 \u00e0 concilier la reproduction fid\u00e8le d un livre ancien \u00e0 partir de sa version num\u00e9ris\u00e9e avec le souci d un confort de lecture optimal. Nous esp\u00e9rons que les ouvrages de cette nouvelle collection vous apporteront enti\u00e8re satisfaction.\r\n\r\nPour plus d informations, rendez-vous sur www.hachettebnf.fr\r","authors":["Buman"],"category_codes":["1000000","1060000","1060200"],"visuals":{"large":"https:\/\/images.epagine.fr\/077\/9782011909077_1_75.jpg","medium":"https:\/\/images.epagine.fr\/077\/9782011909077_1_m.jpg","thumbnail":"https:\/\/images.epagine.fr\/077\/9782011909077_1_v.jpg"},"orderable":true,"show_badge":true,"formatted_price":"11,00&nbsp;\u20ac","formatted_published_date":"1er ao\u00fbt 2015","publisher_availability_label":"Sur commande","short_details":"Buman \u2014 Hachette BNF","translator":null,"weight":94,"page_count":null,"readership":null,"editor":"Hachette BNF","price":1100,"published_date":"2015-07-31T22:00:00.000000Z","support":"Grand format","publisher_availability":1,"stock":0,"editions":[],"url":"https:\/\/quaidesbrumes.com\/ouvrage\/9782011909077\/eloge-de-j-j-rousseau-discours-prononce-a-la-societe-des-amis-de-ce-grand-homme-le-20-vendemiaire"},{"id":"9782011909152","title":"Biographie des journalistes avec la nomenclature des journaux et les mots d'argot de ces messieurs -","description":"Biographie des journalistes, avec la nomenclature de tous les journaux et les mots d'argot de ces Messieurs par une soci\u00e9t\u00e9 d'\u00e9crivains qui ont fait tous les m\u00e9tiers et qui se sont pli\u00e9s \u00e0 toutes les circonstances Date de l'\u00e9dition originale : 1826 Sujet de l'ouvrage : Journaux -- 19e si\u00e8cleJournalistes -- France -- 19e si\u00e8cle -- Biographies Ce livre est la reproduction fid\u00e8le d une uvre publi\u00e9e avant 1920 et fait partie d une collection de livres r\u00e9imprim\u00e9s \u00e0 la demande \u00e9dit\u00e9e par Hachette Livre, dans le cadre d un partenariat avec la Biblioth\u00e8que nationale de France, offrant l opportunit\u00e9 d acc\u00e9der \u00e0 des ouvrages anciens et souvent rares issus des fonds patrimoniaux de la BnF.\r\nLes uvres faisant partie de cette collection ont \u00e9t\u00e9 num\u00e9ris\u00e9es par la BnF et sont pr\u00e9sentes sur Gallica, sa biblioth\u00e8que num\u00e9rique.\r\n\r\nEn entreprenant de redonner vie \u00e0 ces ouvrages au travers d une collection de livres r\u00e9imprim\u00e9s \u00e0 la demande, nous leur donnons la possibilit\u00e9 de rencontrer un public \u00e9largi et participons \u00e0 la transmission de connaissances et de savoirs parfois difficilement accessibles.\r\nNous avons cherch\u00e9 \u00e0 concilier la reproduction fid\u00e8le d un livre ancien \u00e0 partir de sa version num\u00e9ris\u00e9e avec le souci d un confort de lecture optimal. Nous esp\u00e9rons que les ouvrages de cette nouvelle collection vous apporteront enti\u00e8re satisfaction.\r\n\r\nPour plus d informations, rendez-vous sur www.hachettebnf.fr\r","authors":["Chez Les Marchands D"],"category_codes":["1000000","1060000"],"visuals":{"large":"https:\/\/images.epagine.fr\/152\/9782011909152_1_75.jpg","medium":"https:\/\/images.epagine.fr\/152\/9782011909152_1_m.jpg","thumbnail":"https:\/\/images.epagine.fr\/152\/9782011909152_1_v.jpg"},"orderable":true,"show_badge":true,"formatted_price":"11,00&nbsp;\u20ac","formatted_published_date":"1er ao\u00fbt 2015","publisher_availability_label":"Sur commande","short_details":"Chez Les Marchands D \u2014 Hachette BNF","translator":null,"weight":97,"page_count":null,"readership":null,"editor":"Hachette BNF","price":1100,"published_date":"2015-07-31T22:00:00.000000Z","support":"Grand format","publisher_availability":1,"stock":0,"editions":[],"url":"https:\/\/quaidesbrumes.com\/ouvrage\/9782011909152\/biographie-des-journalistes-avec-la-nomenclature-des-journaux-et-les-mots-dargot-de-ces-messieurs"},{"id":"9782329839332","title":"Description de six esp\u00e8ces de pets ou Six raisons pour se conserver la sant\u00e9. Nouvelle \u00e9dition","description":"Description de six esp\u00e8ces de pets ou Six raisons pour se conserver la sant\u00e9, pr\u00each\u00e9es le mardi-gras par le P\u00e8re Barnabas. Nouvelle \u00e9dition... par M. Chicourt,...\r\nDate de l'\u00e9dition originale : 1869\r\nLe pr\u00e9sent ouvrage s'inscrit dans une politique de conservation patrimoniale des ouvrages de la litt\u00e9rature Fran\u00e7aise mise en place avec la BNF. \r\nHACHETTE LIVRE et la BNF proposent ainsi un catalogue de titres indisponibles, la BNF ayant num\u00e9ris\u00e9 ces oeuvres et HACHETTE LIVRE les imprimant \u00e0 la demande. \r\nCertains de ces ouvrages refl\u00e8tent des courants de pens\u00e9e caract\u00e9ristiques de leur \u00e9poque, mais qui seraient aujourd'hui jug\u00e9s condamnables. \r\nIls n'en appartiennent pas moins \u00e0 l'histoire des id\u00e9es en France et sont susceptibles de pr\u00e9senter un int\u00e9r\u00eat scientifique ou historique. \r\nLe sens de notre d\u00e9marche \u00e9ditoriale consiste ainsi \u00e0 permettre l'acc\u00e8s \u00e0 ces oeuvres sans pour autant que nous en cautionnions en aucune fa\u00e7on le contenu. \r\nPour plus d'informations, rendez-vous sur www.hachettebnf.fr","authors":["Le P\u00e8re Barnabas"],"category_codes":["1000000","1060000","1060200"],"visuals":{"large":"https:\/\/quaidesbrumes.com\/img\/book-placeholder.png","medium":"https:\/\/quaidesbrumes.com\/img\/book-placeholder.png","thumbnail":"https:\/\/quaidesbrumes.com\/img\/book-placeholder.png"},"orderable":true,"show_badge":true,"formatted_price":"20,50&nbsp;\u20ac","formatted_published_date":"29 d\u00e9cembre 2022","publisher_availability_label":"Sur commande","short_details":"Le P\u00e8re Barnabas \u2014 Hachette BNF","translator":null,"weight":45,"page_count":230,"readership":null,"editor":"Hachette BNF","price":2050,"published_date":"2022-12-28T23:00:00.000000Z","support":"Grand format","publisher_availability":1,"stock":0,"editions":[],"url":"https:\/\/quaidesbrumes.com\/ouvrage\/9782329839332\/description-de-six-especes-de-pets-ou-six-raisons-pour-se-conserver-la-sante-nouvelle-edition"},{"id":"9782343061177","title":"Prisonnier malgre moi ; r\u00e9cit d'un migrant clandestin","description":"\u00c0 33 ans, un jeune Africain issu d'une famille pauvre n'arrive pas \u00e0 trouver d'issue dans son pays. Il d\u00e9cide de quitter son Cameroun natal \u00e0 la recherche d'une vie meilleure. Ce voyage, dont la plus grande partie s'effectue dans la clandestinit\u00e9, l'oblige \u00e0 passer par plusieurs pays de l'Afrique de l'Ouest et du Nord, parmi lesquels le Maroc, son pays d'accueil par d\u00e9faut. Ce r\u00e9cit raconte une s\u00e9quence path\u00e9tique de la vie de l'auteur, qui est celle de beaucoup de jeunes africains qui partent \u00e0 la recherche de la \"Terre promise\" : l'Hexagone.\r","authors":["Flavien anicet Bilongo"],"category_codes":["1000000","1060000","1060300"],"visuals":{"large":"https:\/\/images.epagine.fr\/177\/9782343061177_1_75.jpg","medium":"https:\/\/images.epagine.fr\/177\/9782343061177_1_m.jpg","thumbnail":"https:\/\/images.epagine.fr\/177\/9782343061177_1_v.jpg"},"orderable":true,"show_badge":true,"formatted_price":"15,00&nbsp;\u20ac","formatted_published_date":"28 mai 2015","publisher_availability_label":"Sur commande","short_details":"Flavien anicet Bilongo \u2014 \u00c9ditions L'Harmattan","translator":null,"weight":170,"page_count":130,"readership":null,"editor":"\u00c9ditions L'Harmattan","price":1500,"published_date":"2015-05-27T22:00:00.000000Z","support":"Grand format","publisher_availability":1,"stock":0,"editions":[],"url":"https:\/\/quaidesbrumes.com\/ouvrage\/9782343061177\/prisonnier-malgre-moi-recit-dun-migrant-clandestin"},{"id":"9782011910462","title":"Abecedaire des petites demoiselles : lecons tirees de leurs jeux et de leurs occupations ordinaires","description":"Ab\u00e9c\u00e9daire des petites demoiselles : avec des le\u00e7ons tir\u00e9es de leurs jeux et de leurs occupations ordinaires (16e \u00e9d., orn\u00e9e de jolies figures) Date de l'\u00e9dition originale : 1845 Sujet de l'ouvrage : Ab\u00e9c\u00e9daires [Ab\u00e9c\u00e9daire. fran\u00e7ais. 1845] Ce livre est la reproduction fid\u00e8le d une uvre publi\u00e9e avant 1920 et fait partie d une collection de livres r\u00e9imprim\u00e9s \u00e0 la demande \u00e9dit\u00e9e par Hachette Livre, dans le cadre d un partenariat avec la Biblioth\u00e8que nationale de France, offrant l opportunit\u00e9 d acc\u00e9der \u00e0 des ouvrages anciens et souvent rares issus des fonds patrimoniaux de la BnF.\r\nLes uvres faisant partie de cette collection ont \u00e9t\u00e9 num\u00e9ris\u00e9es par la BnF et sont pr\u00e9sentes sur Gallica, sa biblioth\u00e8que num\u00e9rique.\r\n\r\nEn entreprenant de redonner vie \u00e0 ces ouvrages au travers d une collection de livres r\u00e9imprim\u00e9s \u00e0 la demande, nous leur donnons la possibilit\u00e9 de rencontrer un public \u00e9largi et participons \u00e0 la transmission de connaissances et de savoirs parfois difficilement accessibles.\r\nNous avons cherch\u00e9 \u00e0 concilier la reproduction fid\u00e8le d un livre ancien \u00e0 partir de sa version num\u00e9ris\u00e9e avec le souci d un confort de lecture optimal. Nous esp\u00e9rons que les ouvrages de cette nouvelle collection vous apporteront enti\u00e8re satisfaction.\r\n\r\nPour plus d informations, rendez-vous sur www.hachettebnf.fr\r","authors":["A La Librairi Paris"],"category_codes":["1000000","1060000","1060200"],"visuals":{"large":"https:\/\/images.epagine.fr\/462\/9782011910462_1_75.jpg","medium":"https:\/\/images.epagine.fr\/462\/9782011910462_1_m.jpg","thumbnail":"https:\/\/images.epagine.fr\/462\/9782011910462_1_v.jpg"},"orderable":true,"show_badge":true,"formatted_price":"12,90&nbsp;\u20ac","formatted_published_date":"1er ao\u00fbt 2015","publisher_availability_label":"Sur commande","short_details":"A La Librairi Paris \u2014 Hachette BNF","translator":null,"weight":124,"page_count":null,"readership":null,"editor":"Hachette BNF","price":1290,"published_date":"2015-07-31T22:00:00.000000Z","support":"Grand format","publisher_availability":1,"stock":0,"editions":[],"url":"https:\/\/quaidesbrumes.com\/ouvrage\/9782011910462\/abecedaire-des-petites-demoiselles-lecons-tirees-de-leurs-jeux-et-de-leurs-occupations-ordinaires"},{"id":"9782011910585","title":"Notice d'un choix de manuscrits d'imprimes et d'estampes mai 1889 - acquis dans ces dernieres annees","description":"Notice d'un choix de manuscrits, d'imprim\u00e9s et d'estampes acquis dans ces derni\u00e8res ann\u00e9es et expos\u00e9s dans le vestibule, mai 1889 \/ Biblioth\u00e8que nationale ; [publi\u00e9 par L. Delisle] Date de l'\u00e9dition originale : 1889 [Exposition. Paris, Biblioth\u00e8que nationale. 1889]R\u00e9f\u00e9rence bibliographique : Lacombe, 1120 Ce livre est la reproduction fid\u00e8le d une uvre publi\u00e9e avant 1920 et fait partie d une collection de livres r\u00e9imprim\u00e9s \u00e0 la demande \u00e9dit\u00e9e par Hachette Livre, dans le cadre d un partenariat avec la Biblioth\u00e8que nationale de France, offrant l opportunit\u00e9 d acc\u00e9der \u00e0 des ouvrages anciens et souvent rares issus des fonds patrimoniaux de la BnF.\r\nLes uvres faisant partie de cette collection ont \u00e9t\u00e9 num\u00e9ris\u00e9es par la BnF et sont pr\u00e9sentes sur Gallica, sa biblioth\u00e8que num\u00e9rique.\r\n\r\nEn entreprenant de redonner vie \u00e0 ces ouvrages au travers d une collection de livres r\u00e9imprim\u00e9s \u00e0 la demande, nous leur donnons la possibilit\u00e9 de rencontrer un public \u00e9largi et participons \u00e0 la transmission de connaissances et de savoirs parfois difficilement accessibles.\r\nNous avons cherch\u00e9 \u00e0 concilier la reproduction fid\u00e8le d un livre ancien \u00e0 partir de sa version num\u00e9ris\u00e9e avec le souci d un confort de lecture optimal. Nous esp\u00e9rons que les ouvrages de cette nouvelle collection vous apporteront enti\u00e8re satisfaction.\r\n\r\nPour plus d informations, rendez-vous sur www.hachettebnf.fr\r","authors":["Bibliotheque Nationa"],"category_codes":["1000000","1060000","1060200"],"visuals":{"large":"https:\/\/images.epagine.fr\/585\/9782011910585_1_75.jpg","medium":"https:\/\/images.epagine.fr\/585\/9782011910585_1_m.jpg","thumbnail":"https:\/\/images.epagine.fr\/585\/9782011910585_1_v.jpg"},"orderable":true,"show_badge":true,"formatted_price":"12,90&nbsp;\u20ac","formatted_published_date":"1er ao\u00fbt 2015","publisher_availability_label":"Sur commande","short_details":"Bibliotheque Nationa \u2014 Hachette BNF","translator":null,"weight":124,"page_count":null,"readership":null,"editor":"Hachette BNF","price":1290,"published_date":"2015-07-31T22:00:00.000000Z","support":"Grand format","publisher_availability":1,"stock":0,"editions":[],"url":"https:\/\/quaidesbrumes.com\/ouvrage\/9782011910585\/notice-dun-choix-de-manuscrits-dimprimes-et-destampes-mai-1889-acquis-dans-ces-dernieres-annees"},{"id":"9782896624232","title":"Projet C","description":"Quand j'\u00e9tais petite, mon p\u00e8re me r\u00e9p\u00e9tait sans cesse \u00e0 quel point j'\u00e9tais laide. Avec mes cheveux cr\u00e9pus et mon teint de mul\u00e2tre, je d\u00e9tonnais \u00e0 c\u00f4t\u00e9 de mes soeurs, blondes, \u00e0 la peau de porcelaine. En vieillissant, je r\u00eavais de ressembler aux mannequins dans les magazines, aux vedettes de la t\u00e9l\u00e9. Mais j'ai fini par comprendre que je ne serais jamais comme elles. Jamais jolie. Juste ordinaire. Maintenant, je cache mon manque de courbes sous des v\u00eatements trop grands. Et je m'isole, tentant de devenir invisible aux yeux des autres. Mais voil\u00e0, r\u00e9cemment, j'ai trouv\u00e9 la solution \u00e0 mes probl\u00e8mes. \u00c0 mon manque de confiance. Tout ce qu'il me faut, ce sont des seins plus gros. Je me sentirais tellement bien ! Je pourrais porter des d\u00e9collet\u00e9s comme les autres filles, et enfin esp\u00e9rer conna\u00eetre l'amour... Ma m\u00e8re et ma meilleure amie me parlent des complications de l'op\u00e9ration. Mais je me fiche de ce qu'elles racontent. Aucun risque n'est assez grand pour me dissuader d'aller jusqu'au bout de mon projet C. Beaucoup de jeunes femmes pensent recourir \u00e0 l'augmentation mammaire, convaincues que, pour \u00eatre belles, elles doivent correspondre aux mod\u00e8les fabriqu\u00e9s par l'industrie de la mode. La chirurgie comporte toutefois des risques qui ne sont pas toujours consid\u00e9r\u00e9s avec s\u00e9rieux par les patientes. Bien se renseigner est primordial avant de songer \u00e0 cette solution dont certains effets peuvent \u00eatre irr\u00e9versibles.\r","authors":["Nadine Poirier"],"category_codes":["1000000","1060000","1060100"],"visuals":{"large":"https:\/\/images.epagine.fr\/232\/9782896624232_1_75.jpg","medium":"https:\/\/images.epagine.fr\/232\/9782896624232_1_m.jpg","thumbnail":"https:\/\/images.epagine.fr\/232\/9782896624232_1_v.jpg"},"orderable":true,"show_badge":true,"formatted_price":"15,00&nbsp;\u20ac","formatted_published_date":"29 mai 2015","publisher_availability_label":"Sur commande","short_details":"Nadine Poirier \u2014 DE MORTAGNE","translator":null,"weight":360,"page_count":null,"readership":"\u00e0 partir de 12 ANS","editor":"DE MORTAGNE","price":1500,"published_date":"2015-05-28T22:00:00.000000Z","support":"Grand format","publisher_availability":1,"stock":0,"editions":[],"url":"https:\/\/quaidesbrumes.com\/ouvrage\/9782896624232\/projet-c"},{"id":"9781908990778","title":"MEMOIRS","description":null,"authors":["Jean Monnet"],"category_codes":["1000000","1060000","1060100"],"visuals":{"large":"https:\/\/quaidesbrumes.com\/img\/book-placeholder.png","medium":"https:\/\/quaidesbrumes.com\/img\/book-placeholder.png","thumbnail":"https:\/\/quaidesbrumes.com\/img\/book-placeholder.png"},"orderable":true,"show_badge":true,"formatted_price":"21,40&nbsp;\u20ac","formatted_published_date":"22 octobre 2015","publisher_availability_label":"Sur commande","short_details":"Jean Monnet \u2014 Profile Books","translator":null,"weight":578,"page_count":null,"readership":null,"editor":"Profile Books","price":2140,"published_date":"2015-10-21T22:00:00.000000Z","support":"Poche","publisher_availability":1,"stock":0,"editions":[],"url":"https:\/\/quaidesbrumes.com\/ouvrage\/9781908990778\/memoirs"},{"id":"9791029005619","title":"Fausse-couche dans le ciel","description":"Le bitume s'est ouvert devant moi et m'a d\u00e9rout\u00e9.\r\n\r\nLa Plan\u00e8te Bleue me demanda le prix fort pour l'avoir perturb\u00e9e.\r\n\r\nLe monde vers lequel je me dirigeais allait-il me recevoir ?\r\n\r\nDurant cette exp\u00e9rience qui m'a conduit de ce monde \u00e0  un autre monde une grave d\u00e9cision s'en suivit.\r","authors":["Gabriel Udry"],"category_codes":["1000000","1010000"],"visuals":{"large":"https:\/\/images.epagine.fr\/619\/9791029005619_1_75.jpg","medium":"https:\/\/images.epagine.fr\/619\/9791029005619_1_m.jpg","thumbnail":"https:\/\/images.epagine.fr\/619\/9791029005619_1_v.jpg"},"orderable":true,"show_badge":true,"formatted_price":"13,00&nbsp;\u20ac","formatted_published_date":"15 septembre 2016","publisher_availability_label":"Sur commande","short_details":"Gabriel Udry \u2014 CHAPITRE.COM","translator":null,"weight":145,"page_count":134,"readership":null,"editor":"CHAPITRE.COM","price":1300,"published_date":"2016-09-14T22:00:00.000000Z","support":"Grand format","publisher_availability":1,"stock":0,"editions":[],"url":"https:\/\/quaidesbrumes.com\/ouvrage\/9791029005619\/fausse-couche-dans-le-ciel"}]}