{"data":[{"id":"9791029002007","title":"Itin\u00e9raire d'une vietnamienne ; mon parcours d'int\u00e9gration","description":"Apr\u00e8s la parution en 2009 de son premier r\u00e9cit \u00abItin\u00e9raire d'une Vietnamienne - l'\u00e9tudiante insoumise\u00bb, Thi-Hien re\u00e7ut de nombreuses marques d'int\u00e9r\u00eat et de soutien de lecteurs lui r\u00e9clamant \u00ab la suite \u00bb, qui restaient, disaient-t-ils, \u00ab sur leur faim \u00bb.\r\n\r\nElle \u00e9tait loin d'imaginer les hasards de l'existence, quand, \u00e0 dix-sept ans, des \u00e9tudes secondaires brillantes et un baccalaur\u00e9at m\u00e9rit\u00e9 lui valurent d'\u00eatre d\u00e9sign\u00e9e par le gouvernement vietnamien pour aller \u00e9tudier dans un \u00ab pays fr\u00e8re \u00bb, la Pologne en 1972 ! \r\n\r\nInvit\u00e9e en France en 1981 par un couple franco-polonais, son retour en Pologne fut compromis pour cause de d\u00e9cret d'\u00e9tat d'urgence promulgu\u00e9 par le g\u00e9n\u00e9ral Jaruzelski suite aux  gr\u00e8ves organis\u00e9es par le mouvement ouvrier Solidarnosc qui paralys\u00e8rent le pays durant de longs mois. \r\nSon avenir s'en trouva boulevers\u00e9 Thi-Hien souffrit, au d\u00e9but, de la pr\u00e9carit\u00e9, de l'indiff\u00e9rence, voire d'une forme de discrimination, qui sont le lot commun de ceux qui vivent d'exp\u00e9dients.\r\n\u00c9loign\u00e9e de son mari et de sa fille, il lui fallut se d\u00e9brouiller pour survivre. \r\nLe temps passant, elle envisagea de s'int\u00e9grer et de reconstruire ici l'avenir sa petite famille. Elle s'appliqua \u00e0 r\u00e9gulariser sa situation, puis \u00e0 obtenir une carte de s\u00e9jour et un permis de travail.\r\nDans cette p\u00e9riode d'instabilit\u00e9, o\u00f9 ses voisins jou\u00e8rent un r\u00f4le primordial, elle se donna les moyens d'acc\u00e9der \u00e0 un vrai m\u00e9tier, prit des cours de fran\u00e7ais, puis entama une formation professionnelle qui - sa ma\u00eetrise de droit polonaise n'avait pas d'\u00e9quivalence ici - lui permit, \u00e0 l'issue, de d\u00e9crocher un emploi.\r\nDevenue citoyenne fran\u00e7aise apr\u00e8s de vrais efforts d'int\u00e9gration, mais son attachement \u00e0 son pays natal demeur\u00e9 intact, Thi-Hien retourna au Vietnam, en 1991, apr\u00e8s dix-neuf ann\u00e9es d'absence ! Or si l'\u00e9motion des retrouvailles avec sa famille dans un Vietnam r\u00e9unifi\u00e9 furent intenses, elle comprit cependant tr\u00e8s vite que sa vie \u00e9tait en France...\r","authors":["Thi-hien Tran"],"category_codes":["1000000","1060000","1060100"],"visuals":{"large":"https:\/\/images.epagine.fr\/007\/9791029002007_1_75.jpg","medium":"https:\/\/images.epagine.fr\/007\/9791029002007_1_m.jpg","thumbnail":"https:\/\/images.epagine.fr\/007\/9791029002007_1_v.jpg"},"orderable":true,"show_badge":true,"formatted_price":"15,00&nbsp;\u20ac","formatted_published_date":"5 janvier 2015","publisher_availability_label":"Sur commande","short_details":"Thi-hien Tran \u2014 CHAPITRE.COM","translator":null,"weight":406,"page_count":226,"readership":null,"editor":"CHAPITRE.COM","price":1500,"published_date":"2015-01-04T23:00:00.000000Z","support":"Grand format","publisher_availability":1,"stock":0,"editions":[],"url":"https:\/\/quaidesbrumes.com\/ouvrage\/9791029002007\/itineraire-dune-vietnamienne-mon-parcours-dintegration"},{"id":"9782810903658","title":"Boire : une affaire de sexe et d'\u00e2ge","description":"Les contributions \u00e9tudient les rapports sociaux \u00e0 l'alcool selon les crit\u00e8res de sexe et d'\u00e2ge. L'ouvrage est ax\u00e9 autour de quatre th\u00e8mes : du sexe du buveur, essentialisation du boire ; boire au f\u00e9minin ou au masculin, le poids des repr\u00e9sentations ; boire au gr\u00e9 des g\u00e9n\u00e9rations ; regards crois\u00e9s sur le boire jeune.\r","authors":["Marie-laure D\u00e9roff","Thierry Fillaut"],"category_codes":["1000000","1060000","1060300"],"visuals":{"large":"https:\/\/images.epagine.fr\/658\/9782810903658_1_75.jpg","medium":"https:\/\/images.epagine.fr\/658\/9782810903658_1_m.jpg","thumbnail":"https:\/\/images.epagine.fr\/658\/9782810903658_1_v.jpg"},"orderable":true,"show_badge":true,"formatted_price":"18,00&nbsp;\u20ac","formatted_published_date":"5 juin 2015","publisher_availability_label":"Sur commande","short_details":"Marie-laure D\u00e9roff, Thierry Fillaut \u2014 Ecole Des Hautes Etudes En Sante Publique","translator":null,"weight":310,"page_count":208,"readership":null,"editor":"Ecole Des Hautes Etudes En Sante Publique","price":1800,"published_date":"2015-06-04T22:00:00.000000Z","support":"Grand format","publisher_availability":1,"stock":0,"editions":[],"url":"https:\/\/quaidesbrumes.com\/ouvrage\/9782810903658\/boire-une-affaire-de-sexe-et-dage"},{"id":"9782343059617","title":"Silences de patients : La qu\u00eate du rein perdu","description":"En 2009, un n\u00e9phrologue annonce \u00e0 Richard Lewy une \"mise sous dialyse imm\u00e9diate pour cause d'insuffisance r\u00e9nale en phase terminale\". La maladie irr\u00e9versible impose alors la dialyse comme traitement de suppl\u00e9ance. Lors de ses s\u00e9ances de dialyse, l'auteur a su pr\u00eater une oreille attentive aux silences des autres patients rencontr\u00e9s : \u00e0 travers ce r\u00e9cit, il nous fait partager cette \u00e9coute ainsi que son chemin parcouru et livre quelques conseils pour une meilleure acceptation de la maladie - un formidable parcours initiatique.","authors":["Richard Lewy"],"category_codes":["1000000","1060000"],"visuals":{"large":"https:\/\/images.epagine.fr\/617\/9782343059617_1_75.jpg","medium":"https:\/\/images.epagine.fr\/617\/9782343059617_1_m.jpg","thumbnail":"https:\/\/images.epagine.fr\/617\/9782343059617_1_v.jpg"},"orderable":true,"show_badge":true,"formatted_price":"23,00&nbsp;\u20ac","formatted_published_date":"13 avril 2015","publisher_availability_label":"Sur commande","short_details":"Richard Lewy \u2014 LES IMPLIQUES","translator":null,"weight":305,"page_count":250,"readership":null,"editor":"LES IMPLIQUES","price":2300,"published_date":"2015-04-12T22:00:00.000000Z","support":"Grand format","publisher_availability":1,"stock":0,"editions":[],"url":"https:\/\/quaidesbrumes.com\/ouvrage\/9782343059617\/silences-de-patients-la-quete-du-rein-perdu"},{"id":"9782322016204","title":"M\u00e9moires de la baronne d'Oberkirch","description":"Cette \u00e9dition condense en 200 pages le meilleur des m\u00e9moires de la baronne d'Oberkirch. Elle sert de base pour leur premi\u00e8re traduction en allemand. \r\n\r\nSuivez madame d'Oberkirch \u00e0 Montb\u00e9liard, Strasbourg, Versailles et Stuttgart. Laissez-vous porter par le charme de son style. Rencontrez avec elle Louis XVI, le cardinal de Rohan, Cagliostro, Necker, Marie-Antoinette, l'Abb\u00e9 Raynal, d'Alembert, Paul de Russie, madame de Bourbon et bien s\u00fbr Sophie Doroth\u00e9e de Wurtemberg, amie d'enfance de la baronne d'Oberkirch et future tsarine de toutes les Russies. \r\n\r\nDans ma vie d'auteur, j'ai \u00e9t\u00e9 assez heureux pour rencontrer et appr\u00e9cier beaucoup d'honn\u00eates gens, beaucoup de belles \u00e2mes, parmi lesquelles j'aime \u00e0 vous classer. \r\n- Johann Wolfgang Goethe Il n'y a que trois femmes s\u00e9rieusement et v\u00e9ritablement charmantes de conversation dans toute l'Alsace ; ce sont mesdames de Dietrich, de Berckheim de Schoppenwyr et d'Oberkirch ; les autres parlent et ne causent point. \r\n- Cardinal de Rohan Lavater ! Souhaites-tu une image pour ta physiognomique qui te permette d'exprimer l'id\u00e9al de la perfection f\u00e9minine ? \r\n- Jacob Michael Reinhold Lenz\r","authors":["Fran\u00e7ois Vigneron"],"category_codes":["1000000","1060000","1060100"],"visuals":{"large":"https:\/\/images.epagine.fr\/204\/9782322016204_1_75.jpg","medium":"https:\/\/images.epagine.fr\/204\/9782322016204_1_m.jpg","thumbnail":"https:\/\/images.epagine.fr\/204\/9782322016204_1_v.jpg"},"orderable":true,"show_badge":true,"formatted_price":"26,00&nbsp;\u20ac","formatted_published_date":"9 avril 2015","publisher_availability_label":"Sur commande","short_details":"Fran\u00e7ois Vigneron \u2014 Books on Demand","translator":null,"weight":601,"page_count":240,"readership":null,"editor":"Books on Demand","price":2600,"published_date":"2015-04-08T22:00:00.000000Z","support":"Grand format","publisher_availability":1,"stock":0,"editions":[],"url":"https:\/\/quaidesbrumes.com\/ouvrage\/9782322016204\/memoires-de-la-baronne-doberkirch"},{"id":"9782361850074","title":"L'amour a cappella","description":null,"authors":["Mathias Ollivier"],"category_codes":["1000000","1060000"],"visuals":{"large":"https:\/\/quaidesbrumes.com\/img\/book-placeholder.png","medium":"https:\/\/quaidesbrumes.com\/img\/book-placeholder.png","thumbnail":"https:\/\/quaidesbrumes.com\/img\/book-placeholder.png"},"orderable":true,"show_badge":true,"formatted_price":"18,00&nbsp;\u20ac","formatted_published_date":"13 avril 2015","publisher_availability_label":"Sur commande","short_details":"Mathias Ollivier \u2014 Art-Access","translator":null,"weight":430,"page_count":null,"readership":null,"editor":"Art-Access","price":1800,"published_date":"2015-04-12T22:00:00.000000Z","support":"Grand format","publisher_availability":1,"stock":0,"editions":[],"url":"https:\/\/quaidesbrumes.com\/ouvrage\/9782361850074\/lamour-a-cappella"},{"id":"9782343062297","title":"La Chine autrement ; perspectives interculturelles critiques","description":"Alors que la France vient de comm\u00e9morer cinquante ans de relations diplomatiques avec la R\u00e9publique populaire de Chine, comment l'Empire du Milieu est-il per\u00e7u et repr\u00e9sent\u00e9 en Occident ? Comment se met-il lui-m\u00eame en sc\u00e8ne ? Cette approche critique et r\u00e9flexive fait \u00e9merger des peurs li\u00e9es \u00e0 l'alt\u00e9rit\u00e9 fantasm\u00e9e de la Chine, et montre que le Chinois n'est ni un extraterrestre, ni un robot culturel. Voici un livre pour ceux qui souhaitent aborder la Chine sous un nouvel angle.\r","authors":["Fred Dervin"],"category_codes":["1000000","1060000","1060300"],"visuals":{"large":"https:\/\/images.epagine.fr\/297\/9782343062297_1_75.jpg","medium":"https:\/\/images.epagine.fr\/297\/9782343062297_1_m.jpg","thumbnail":"https:\/\/images.epagine.fr\/297\/9782343062297_1_v.jpg"},"orderable":true,"show_badge":true,"formatted_price":"16,50&nbsp;\u20ac","formatted_published_date":"7 mai 2015","publisher_availability_label":"Sur commande","short_details":"Fred Dervin \u2014 \u00c9ditions L'Harmattan","translator":null,"weight":192,"page_count":152,"readership":null,"editor":"\u00c9ditions L'Harmattan","price":1650,"published_date":"2015-05-06T22:00:00.000000Z","support":"Grand format","publisher_availability":1,"stock":0,"editions":[],"url":"https:\/\/quaidesbrumes.com\/ouvrage\/9782343062297\/la-chine-autrement-perspectives-interculturelles-critiques"},{"id":"9780807016312","title":"Without a Map : A Memoir","description":null,"authors":["Meredith Hall"],"category_codes":["1000000","1060000"],"visuals":{"large":"https:\/\/quaidesbrumes.com\/img\/book-placeholder.png","medium":"https:\/\/quaidesbrumes.com\/img\/book-placeholder.png","thumbnail":"https:\/\/quaidesbrumes.com\/img\/book-placeholder.png"},"orderable":true,"show_badge":true,"formatted_price":"19,80&nbsp;\u20ac","formatted_published_date":"9 avril 2024","publisher_availability_label":"Sur commande","short_details":"Meredith Hall \u2014 Beacon Press","translator":null,"weight":280,"page_count":264,"readership":null,"editor":"Beacon Press","price":1980,"published_date":"2024-04-08T22:00:00.000000Z","support":"Grand format","publisher_availability":1,"stock":0,"editions":[],"url":"https:\/\/quaidesbrumes.com\/ouvrage\/9780807016312\/without-a-map-a-memoir"},{"id":"9782815912518","title":"Avant, pendant, apr\u00e8s, l'appel du 11 janvier 2015","description":"Edgar Morin et Patrick Singa\u00efny \u00e9changent sur la France. Edgar Morin \u00e9crit en parlant des jeunes de banlieue : \"On ne peut \u00eatre un vrai Fran\u00e7ais, mais on peut devenir un vrai musulman. Ils ont trouv\u00e9 la voix de la v\u00e9rit\u00e9... La r\u00e9ponse n'est pas dans les pol\u00e9miques lapidaires mais dans l'introduction au coeur de la culture fran\u00e7aise, d'une culture historique.\r\nLa r\u00e9\u00e9ducation est beaucoup plus n\u00e9cessaire que les proclamations anti-racistes. M\u00eame sans espoir il est n\u00e9cessaire de l'entreprendre, et l'entreprendre ferait na\u00eetre l'espoir m\u00eame si celui-ci serait fragile.\" Un texte limpide, appuy\u00e9 sur un savoir historique long de la construction du r\u00e9cit national, nourri de l'exp\u00e9rience interculturelle v\u00e9cue \u00e0 la R\u00e9union par Patrick Singua\u00efny : une bouff\u00e9e d'air dans une p\u00e9riode dramatique.\r","authors":["Edgar Morin","Patrick Singa\u00efny"],"category_codes":["1000000","1060000","1060300"],"visuals":{"large":"https:\/\/images.epagine.fr\/518\/9782815912518_1_75.jpg","medium":"https:\/\/images.epagine.fr\/518\/9782815912518_1_m.jpg","thumbnail":"https:\/\/images.epagine.fr\/518\/9782815912518_1_v.jpg"},"orderable":true,"show_badge":true,"formatted_price":"10,00&nbsp;\u20ac","formatted_published_date":"19 mars 2015","publisher_availability_label":"Sur commande","short_details":"Edgar Morin, Patrick Singa\u00efny \u2014 Editions de l'Aube","translator":null,"weight":140,"page_count":128,"readership":null,"editor":"Editions de l'Aube","price":1000,"published_date":"2015-03-18T23:00:00.000000Z","support":"Grand format","publisher_availability":1,"stock":0,"editions":[],"url":"https:\/\/quaidesbrumes.com\/ouvrage\/9782815912518\/avant-pendant-apres-lappel-du-11-janvier-2015"},{"id":"9782343056531","title":"L'immaturit\u00e9 en chacun, source de l'individualisme contemporain ; comment refaire soci\u00e9t\u00e9","description":"Dans l'espoir de la reprise d'un progr\u00e8s mental et moral collectif susceptible de ranimer le meilleur de nos valeurs d\u00e9mocratiques, je voudrais appeler chaque individu \u00e0 sa responsabilit\u00e9 personnelle, r\u00e9veiller notre sentiment fraternel d'appartenance sans fronti\u00e8re \u00e0 la condition humaine, poser un discours alternatif dynamique s'opposant au discours populiste, f\u00e9d\u00e9rer les volont\u00e9s individuelles constructives, et mobiliser chacun en ses parties \u00e9volu\u00e9es afin qu'il oeuvre \u00e0 l'\u00e9panouissement des mentalit\u00e9s.\r","authors":["Sylvie Portnoy Lanzenberg"],"category_codes":["1000000","1060000","1060300"],"visuals":{"large":"https:\/\/images.epagine.fr\/531\/9782343056531_1_75.jpg","medium":"https:\/\/images.epagine.fr\/531\/9782343056531_1_m.jpg","thumbnail":"https:\/\/images.epagine.fr\/531\/9782343056531_1_v.jpg"},"orderable":true,"show_badge":true,"formatted_price":"15,50&nbsp;\u20ac","formatted_published_date":"11 f\u00e9vrier 2015","publisher_availability_label":"Sur commande","short_details":"Sylvie Portnoy Lanzenberg \u2014 \u00c9ditions L'Harmattan","translator":null,"weight":185,"page_count":140,"readership":null,"editor":"\u00c9ditions L'Harmattan","price":1550,"published_date":"2015-02-10T23:00:00.000000Z","support":"Grand format","publisher_availability":1,"stock":0,"editions":[],"url":"https:\/\/quaidesbrumes.com\/ouvrage\/9782343056531\/limmaturite-en-chacun-source-de-lindividualisme-contemporain-comment-refaire-societe"},{"id":"9782918721017","title":"Raccourcis","description":null,"authors":["Domenges Pierre"],"category_codes":["1000000","1060000","1060100"],"visuals":{"large":"https:\/\/quaidesbrumes.com\/img\/book-placeholder.png","medium":"https:\/\/quaidesbrumes.com\/img\/book-placeholder.png","thumbnail":"https:\/\/quaidesbrumes.com\/img\/book-placeholder.png"},"orderable":true,"show_badge":true,"formatted_price":"10,00&nbsp;\u20ac","formatted_published_date":"17 d\u00e9cembre 2009","publisher_availability_label":"Sur commande","short_details":"Domenges Pierre \u2014 ARCANE 17","translator":null,"weight":76,"page_count":null,"readership":null,"editor":"ARCANE 17","price":1000,"published_date":"2009-12-16T23:00:00.000000Z","support":"Grand format","publisher_availability":1,"stock":0,"editions":[],"url":"https:\/\/quaidesbrumes.com\/ouvrage\/9782918721017\/raccourcis"},{"id":"9781399611688","title":"Lioness - My Journey to Glory : Winner of the Sunday Times Sports Book Awards Autobiography of the Year 2023","description":"The Sunday Times bestseller and winner of the Sunday Times Sports Book Awards Autobiography of the Year 2023\r\nFully updated paperback edition, with two new chapters\r\nBeth Mead is one of the world's most talented footballers - Golden Boot winner and Player of the Tournament at the UEFA Euro 2022, England Player of the Year 2021-22, Arsenal Player of the Season 2021-22, and nominee for the 2022 Ballon d'Or. But long before this, Beth was just an ordinary kid from Hinderwell, North Yorkshire who wanted to play football.\r\n Now, Beth shares the challenges that shaped her, what she faced on the journey to the top, and the life events that made her stronger - from being dropped from the England squad and receiving devastating family news, to finding her best form under the guidance of Jonas Eidevall and Sarina Wiegman. Filled with positive lessons and an exclusive account of England's triumphant Euros campaign, Beth offers readers of all ages a heartfelt, behind-the-scenes look into her remarkable journey to glory.\r\n Empowering, inspirational and honest, this is Beth's story.\r\nThis paperback edition has been fully updated to include the details of the 2022-23 season, Beth's ACL injury and her recovery, her thoughts on the 2023 Women's World Cup, as well as overcoming devastating personal challenges and how this has made her even stronger.","authors":["Beth Mead","Ian Wright"],"category_codes":["1000000","1060000"],"visuals":{"large":"https:\/\/images.epagine.fr\/688\/9781399611688_1_75.jpg","medium":"https:\/\/images.epagine.fr\/688\/9781399611688_1_m.jpg","thumbnail":"https:\/\/images.epagine.fr\/688\/9781399611688_1_v.jpg"},"orderable":true,"show_badge":true,"formatted_price":"16,40&nbsp;\u20ac","formatted_published_date":"14 mars 2024","publisher_availability_label":"Sur commande","short_details":"Beth Mead, Ian Wright \u2014 Seven Dials","translator":null,"weight":285,"page_count":304,"readership":null,"editor":"Seven Dials","price":1640,"published_date":"2024-03-13T23:00:00.000000Z","support":"Poche","publisher_availability":1,"stock":0,"editions":[],"url":"https:\/\/quaidesbrumes.com\/ouvrage\/9781399611688\/lioness-my-journey-to-glory-winner-of-the-sunday-times-sports-book-awards-autobiography-of-the-year-2023"},{"id":"9782917576342","title":"Bourgeons","description":"Dans Bourgeons, il est question du choix des valeurs que nous faisons chacun pour sa part de l\u00e9guer en h\u00e9ritage \u00e0 notre descendance et surtout comment nous le faisons. Dans cet ouvrage, il s'agit d'un t\u00e9moignage fort d'un p\u00e8re \u00e0 son fils. Un p\u00e8re qui choisit de tout lui dire sur lui, sur eux, sur nous. D'o\u00f9 viennent-ils ? Qui sont-ils ? O\u00f9 vont-ils ? Ou du moins, o\u00f9 devraient-ils aller ? Ce sont les questions que l'auteur se pose, non seulement pour lui et pour son fils, mais pour toute sa post\u00e9rit\u00e9. Noir, il l'est, africain, il l'est, Gabonais et vili, il l'est et l'assume pour mieux se d\u00e9finir et accepter.","authors":["Amoan Pambo"],"category_codes":["1000000","1060000","1060300"],"visuals":{"large":"https:\/\/images.epagine.fr\/342\/9782917576342_1_75.jpg","medium":"https:\/\/images.epagine.fr\/342\/9782917576342_1_m.jpg","thumbnail":"https:\/\/images.epagine.fr\/342\/9782917576342_1_v.jpg"},"orderable":true,"show_badge":true,"formatted_price":"13,00&nbsp;\u20ac","formatted_published_date":"11 ao\u00fbt 2014","publisher_availability_label":"Sur commande","short_details":"Amoan Pambo \u2014 La Doxa","translator":null,"weight":300,"page_count":167,"readership":null,"editor":"La Doxa","price":1300,"published_date":"2014-08-10T22:00:00.000000Z","support":"Grand format","publisher_availability":1,"stock":0,"editions":[],"url":"https:\/\/quaidesbrumes.com\/ouvrage\/9782917576342\/bourgeons"},{"id":"9781399738811","title":"The Boy Who Lived : When Magic and Reality Collide: my story, with a foreword by Daniel Radcliffe","description":"Honest and moving, this inspirational memoir from Harry Potter stuntman David Holmes reveals what it's like to rebuild your life in the wake of tragedy - with plenty of behind-the-scenes Potter anecdotes along the way.\r\nAs stunt double to Daniel Radcliffe in the Harry Potter film franchise, stuntman David Holmes helped to move J.K. Rowling's era-defining story from the page to the big screen. His work as a real-life Fall Guy enabled him to create some of the most memorable action sequences in the Wizarding World, as he became the first person ever to play Quidditch. In living his own hero's journey, David was also one of only a handful of people to have worn the iconic wizard's cape, glasses and scar in front of the cameras.\r\nThat is, until an accident changed his life forever.\r\nDuring the making of Harry Potter and the Deathly Hallows: Part 1, David broke his neck in a stunt rehearsal and was instantly paralysed. From talented junior gymnast and stunt prodigy to fully qualified Hollywood stuntman, his story is a brutally honest portrait of a man who lost everything but found different ways to reimagine new possibilities with love, friendship and optimism - and he later co-created a BAFTA-nominated documentary about his life. David's behind-the-scenes look at one of the biggest film series of all time is both jaw-dropping and hilarious.\r\nPowerful and emotional, his is a story of hope and vulnerability and paints a picture of what it truly takes to rebuild a life and become The Boy Who Lived.  \r\n-------------\r\nWhat readers think:\r\n'Brutally honest, utterly engaging, deeply sad yet incredibly uplifting. A must-read.'   \r\n'A million stars for this incredible book.'   \r\n'A beautifully authentic story and I'm a better person for having read it.'   \r\n'I'm not normally a reader, but I managed to finish this book in two days. A spectacular piece of writing!'","authors":["David Holmes"],"category_codes":["1000000","1060000"],"visuals":{"large":"https:\/\/images.epagine.fr\/811\/9781399738811_1_75.jpg","medium":"https:\/\/images.epagine.fr\/811\/9781399738811_1_m.jpg","thumbnail":"https:\/\/images.epagine.fr\/811\/9781399738811_1_v.jpg"},"orderable":true,"show_badge":true,"formatted_price":"27,70&nbsp;\u20ac","formatted_published_date":"14 novembre 2024","publisher_availability_label":"Sur commande","short_details":"David Holmes \u2014 Hodder & Stoughton","translator":null,"weight":465,"page_count":272,"readership":null,"editor":"Hodder & Stoughton","price":2770,"published_date":"2024-11-13T23:00:00.000000Z","support":"Grand format","publisher_availability":1,"stock":0,"editions":["9781399738828"],"url":"https:\/\/quaidesbrumes.com\/ouvrage\/9781399738811\/the-boy-who-lived-when-magic-and-reality-collide-my-story-with-a-foreword-by-daniel-radcliffe"},{"id":"9782384412198","title":"C\u00e9lestine et l'EHPAD magique","description":"Cet \u00e9crit, r\u00e9dig\u00e9 pendant la pand\u00e9mie, relate l'adaptation journali\u00e8re aux \u00e9l\u00e9ments marquants sur un ton l\u00e9ger, parfois familier, avec juste l'envie d'illustrer la vie dans les EHPAD, au-del\u00e0 des lieux communs, et de les regarder avec un oeil positif pos\u00e9 sur des instants m\u00e9morables.\r\nEt au fil des pages, comme un travail de m\u00e9moire d'une p\u00e9riode in\u00e9dite, se succ\u00e8dent des arr\u00eats sur image\u00a0: des anecdotes, des r\u00e9parties, des sourires, des visages lumineux, des regards expressifs, un bouquet d'\u00e9motions\u00a0! Avec la volont\u00e9 d'\u00eatre r\u00e9aliste, authentique, reconnaissante d'une humanit\u00e9, d'un dynamisme et d'une ing\u00e9niosit\u00e9 d\u00e9cupl\u00e9s.\r\nOu... comment transformer les instants ordinaires du quotidien en \u00e9pisodes extra ordinaires\u00a0? Un EHPAD, un lieu d'enrichissement mutuel, d'o\u00f9 une certaine magie\u00a0!","authors":["Genevieve Casanova"],"category_codes":["1000000","1060000","1060300"],"visuals":{"large":"https:\/\/images.epagine.fr\/198\/9782384412198_1_75.jpg","medium":"https:\/\/images.epagine.fr\/198\/9782384412198_1_m.jpg","thumbnail":"https:\/\/images.epagine.fr\/198\/9782384412198_1_v.jpg"},"orderable":true,"show_badge":true,"formatted_price":"18,00&nbsp;\u20ac","formatted_published_date":"4 juillet 2022","publisher_availability_label":"Sur commande","short_details":"Genevieve Casanova \u2014 Editions Ma\u00efa","translator":null,"weight":350,"page_count":126,"readership":null,"editor":"Editions Ma\u00efa","price":1800,"published_date":"2022-07-03T22:00:00.000000Z","support":"Grand format","publisher_availability":1,"stock":0,"editions":[],"url":"https:\/\/quaidesbrumes.com\/ouvrage\/9782384412198\/celestine-et-lehpad-magique"},{"id":"9782312033099","title":"L'Etat m'a tu\u00e9","description":"Mon t\u00e9moignage d'ancien sdf et ancien prisonnier, drogu\u00e9 et alcoolique, qui s'en est plus ou moins sorti mais garde des s\u00e9quelles de son pass\u00e9.\r","authors":["Yvan Dufart"],"category_codes":["1000000","1060000","1060200"],"visuals":{"large":"https:\/\/images.epagine.fr\/099\/9782312033099_1_75.jpg","medium":"https:\/\/images.epagine.fr\/099\/9782312033099_1_m.jpg","thumbnail":"https:\/\/images.epagine.fr\/099\/9782312033099_1_v.jpg"},"orderable":true,"show_badge":true,"formatted_price":"11,00&nbsp;\u20ac","formatted_published_date":"10 f\u00e9vrier 2015","publisher_availability_label":"Sur commande","short_details":"Yvan Dufart \u2014 Editions du Net","translator":null,"weight":30,"page_count":28,"readership":null,"editor":"Editions du Net","price":1100,"published_date":"2015-02-09T23:00:00.000000Z","support":"Grand format","publisher_availability":1,"stock":0,"editions":[],"url":"https:\/\/quaidesbrumes.com\/ouvrage\/9782312033099\/letat-ma-tue"},{"id":"9782889225026","title":"Pourquoi pas ?","description":"Pourquoi pas ?F\u00e9e Lauraux en collaboration avec Gilberte Voide Crettenand\u00ab... Je souhaite que chacun et chacune, sur cette terre, puisse un jour ressentir le bonheur profond et la s\u00e9r\u00e9nit\u00e9 que je connais aujourd'hui \u00e0 87 ans. J'esp\u00e8re que mon t\u00e9moignage incitera les humains \u00e0 croire sans peur au \u00ab pourquoi pas \u00bb, cette force vitale, invisible mais bien pr\u00e9sente, qui a guid\u00e9 ma vie \u00e0 chacune de ses \u00e9tapes et qui soutient chacun et chacune dans la r\u00e9alisation de la mission de son \u00e2me.C'est cette Force sup\u00e9rieure qui met sur notre chemin les \u00e9l\u00e9ments n\u00e9cessaires \u00e0 r\u00e9aliser notre don. Nous avons tous quelque chose de sp\u00e9cifique \u00e0 accomplir et tout devient possible d\u00e8s le moment o\u00f9 l'on accepte d'abandonner notre vie \u00e0 la Source. Mais dans cette d\u00e9marche, chacun est libre. On ne voit pas le vent... on ne voit que le mouvement des feuilles dans les branches.Pourquoi pas ?Ce livre est porteur de gu\u00e9rison. Gu\u00e9rison de nos peurs, de nos doutes, de nos coeurs.Gu\u00e9rison par l'amour, le l\u00e2cher-prise et la confiance.Editions ASSA, Christian Piaget","authors":["F\u00e9e Lauraux","Gilberte Voide crettenand"],"category_codes":["1000000","1060000","1060300"],"visuals":{"large":"https:\/\/images.epagine.fr\/026\/9782889225026_1_75.jpg","medium":"https:\/\/images.epagine.fr\/026\/9782889225026_1_m.jpg","thumbnail":"https:\/\/images.epagine.fr\/026\/9782889225026_1_v.jpg"},"orderable":true,"show_badge":true,"formatted_price":"17,00&nbsp;\u20ac","formatted_published_date":"18 f\u00e9vrier 2015","publisher_availability_label":"Sur commande","short_details":"F\u00e9e Lauraux, Gilberte Voide crettenand \u2014 Assa","translator":null,"weight":230,"page_count":null,"readership":null,"editor":"Assa","price":1700,"published_date":"2015-02-17T23:00:00.000000Z","support":"Grand format","publisher_availability":1,"stock":0,"editions":[],"url":"https:\/\/quaidesbrumes.com\/ouvrage\/9782889225026\/pourquoi-pas"},{"id":"9782329373584","title":"Romances","description":"Romances par M. Berquin.\r\nDate de l'\u00e9dition originale : 1776 Le pr\u00e9sent ouvrage s'inscrit dans une politique de conservation patrimoniale des ouvrages de la litt\u00e9rature Fran\u00e7aise mise en place avec la BNF. \r\nHACHETTE LIVRE et la BNF proposent ainsi un catalogue de titres indisponibles, la BNF ayant num\u00e9ris\u00e9 ces oeuvres et HACHETTE LIVRE les imprimant \u00e0 la demande. \r\nCertains de ces ouvrages refl\u00e8tent des courants de pens\u00e9e caract\u00e9ristiques de leur \u00e9poque, mais qui seraient aujourd'hui jug\u00e9s condamnables. \r\nIls n'en appartiennent pas moins \u00e0 l'histoire des id\u00e9es en France et sont susceptibles de pr\u00e9senter un int\u00e9r\u00eat scientifique ou historique. \r\nLe sens de notre d\u00e9marche \u00e9ditoriale consiste ainsi \u00e0 permettre l'acc\u00e8s \u00e0 ces oeuvres sans pour autant que nous en cautionnions en aucune fa\u00e7on le contenu. \r\nPour plus d'informations, rendez-vous sur www.hachettebnf.fr","authors":["Arnaud Berquin"],"category_codes":["1000000","1060000"],"visuals":{"large":"https:\/\/images.epagine.fr\/584\/9782329373584_1_75.jpg","medium":"https:\/\/images.epagine.fr\/584\/9782329373584_1_m.jpg","thumbnail":"https:\/\/images.epagine.fr\/584\/9782329373584_1_v.jpg"},"orderable":true,"show_badge":true,"formatted_price":"16,50&nbsp;\u20ac","formatted_published_date":"1er janvier 2020","publisher_availability_label":"Sur commande","short_details":"Arnaud Berquin \u2014 Hachette BNF","translator":null,"weight":200,"page_count":140,"readership":null,"editor":"Hachette BNF","price":1650,"published_date":"2019-12-31T23:00:00.000000Z","support":"Grand format","publisher_availability":1,"stock":0,"editions":[],"url":"https:\/\/quaidesbrumes.com\/ouvrage\/9782329373584\/romances"},{"id":"9782954597454","title":"Retour en pays Punu ; journal d'une enfance heureuse en plein coeur de la for\u00eat \u00e9quatoriale du Gabon","description":"\u00ab Aujourd'hui, Doussala n'est plus ! \u00bb C'est un v\u00e9ritable cri d\u00e9chirant qui retentit dans la for\u00eat \u00e9quatoriale du Gabon. Un cri \u00e0 double sens qui signifie la disparition d'un site abandonn\u00e9 par l'homme conqu\u00e9rant ; et surtout, l'aveu poignant d'une enfance heureuse et insouciante qui s'est envol\u00e9e \u00e0 jamais,  l\u00e0-bas, \u00e0 six mille kilom\u00e8tres de la France.\r\nD\u00e9claration  d'amour d'une adolescente de quinze ans pour sa prime enfance africaine, Retour en pays Punu est une ode pour une \u00e9poque r\u00e9volue, celle d'un \u00e2ge qui sublime toutes les d\u00e9couvertes, et qui emplit les yeux avides d'apprendre d'une jeune t\u00eate blonde. Et cette nostalgie de ces choses \u00e0 jamais perdues est \u00e9videmment exacerb\u00e9e par  l'\u00e9loignement de ce lieu o\u00f9 cet \u00e2ge heureux a vu d\u00e9filer les ann\u00e9es cultes de sa vie, et plus encore  lorsque ce lieu n'appara\u00eet quasiment plus dans les cartes. A-t-il disparu ?\r","authors":["Virginie Mott\u00e9e"],"category_codes":["1000000","1060000","1060300"],"visuals":{"large":"https:\/\/images.epagine.fr\/454\/9782954597454_1_75.jpg","medium":"https:\/\/images.epagine.fr\/454\/9782954597454_1_m.jpg","thumbnail":"https:\/\/images.epagine.fr\/454\/9782954597454_1_v.jpg"},"orderable":true,"show_badge":true,"formatted_price":"19,90&nbsp;\u20ac","formatted_published_date":"11 mai 2015","publisher_availability_label":"Sur commande","short_details":"Virginie Mott\u00e9e \u2014 Atrebates","translator":null,"weight":269,"page_count":192,"readership":null,"editor":"Atrebates","price":1990,"published_date":"2015-05-10T22:00:00.000000Z","support":"Grand format","publisher_availability":1,"stock":0,"editions":[],"url":"https:\/\/quaidesbrumes.com\/ouvrage\/9782954597454\/retour-en-pays-punu-journal-dune-enfance-heureuse-en-plein-coeur-de-la-foret-equatoriale-du-gabon"},{"id":"9781782398455","title":"THE LIGHTLESS SKY - AN AFGHAN REFUGEE BOY''S JOURNEY OF ESCAPE TO A NEW LIFE","description":null,"authors":["Gulwa Passarlay"],"category_codes":["1000000","1060000","1060100"],"visuals":{"large":"https:\/\/images.epagine.fr\/455\/9781782398455_1_75.jpg","medium":"https:\/\/images.epagine.fr\/455\/9781782398455_1_m.jpg","thumbnail":"https:\/\/images.epagine.fr\/455\/9781782398455_1_v.jpg"},"orderable":true,"show_badge":true,"formatted_price":"18,80&nbsp;\u20ac","formatted_published_date":"6 octobre 2015","publisher_availability_label":"Sur commande","short_details":"Gulwa Passarlay \u2014 Atlantic Books","translator":null,"weight":577,"page_count":365,"readership":null,"editor":"Atlantic Books","price":1880,"published_date":"2015-10-05T22:00:00.000000Z","support":"Grand format","publisher_availability":1,"stock":0,"editions":[],"url":"https:\/\/quaidesbrumes.com\/ouvrage\/9781782398455\/the-lightless-sky-an-afghan-refugee-boys-journey-of-escape-to-a-new-life"},{"id":"9782329373546","title":"Monnaies antiques, monnaies et m\u00e9dailles fran\u00e7aises, jetons","description":"[Monnaies antiques Monnaies et m\u00e9dailles fran\u00e7aises, jetons] Date de l'\u00e9dition originale : 1899 Le pr\u00e9sent ouvrage s'inscrit dans une politique de conservation patrimoniale des ouvrages de la litt\u00e9rature Fran\u00e7aise mise en place avec la BNF. \r\nHACHETTE LIVRE et la BNF proposent ainsi un catalogue de titres indisponibles, la BNF ayant num\u00e9ris\u00e9 ces oeuvres et HACHETTE LIVRE les imprimant \u00e0 la demande. \r\nCertains de ces ouvrages refl\u00e8tent des courants de pens\u00e9e caract\u00e9ristiques de leur \u00e9poque, mais qui seraient aujourd'hui jug\u00e9s condamnables. \r\nIls n'en appartiennent pas moins \u00e0 l'histoire des id\u00e9es en France et sont susceptibles de pr\u00e9senter un int\u00e9r\u00eat scientifique ou historique. \r\nLe sens de notre d\u00e9marche \u00e9ditoriale consiste ainsi \u00e0 permettre l'acc\u00e8s \u00e0 ces oeuvres sans pour autant que nous en cautionnions en aucune fa\u00e7on le contenu. \r\nPour plus d'informations, rendez-vous sur www.hachettebnf.fr","authors":["Bourgey Etienne"],"category_codes":["1000000","1060000"],"visuals":{"large":"https:\/\/images.epagine.fr\/546\/9782329373546_1_75.jpg","medium":"https:\/\/images.epagine.fr\/546\/9782329373546_1_m.jpg","thumbnail":"https:\/\/images.epagine.fr\/546\/9782329373546_1_v.jpg"},"orderable":true,"show_badge":true,"formatted_price":"11,50&nbsp;\u20ac","formatted_published_date":"1er janvier 2020","publisher_availability_label":"Sur commande","short_details":"Bourgey Etienne \u2014 Hachette BNF","translator":null,"weight":54,"page_count":68,"readership":null,"editor":"Hachette BNF","price":1150,"published_date":"2019-12-31T23:00:00.000000Z","support":"Grand format","publisher_availability":1,"stock":0,"editions":[],"url":"https:\/\/quaidesbrumes.com\/ouvrage\/9782329373546\/monnaies-antiques-monnaies-et-medailles-francaises-jetons"},{"id":"9782875571663","title":"Infirmier baroudeur","description":"L'histoire de D\u00e9odat Nemeth, c'est le r\u00e9cit d'un infirmier fran\u00e7ais baroudeur qui d\u00e9cide un beau jour de prendre son sac et de parcourir le monde gr\u00e2ce \u00e0 sa profession. Un t\u00e9moignage poignant o\u00f9 l'on passe du rire aux larmes et qui ne peut laisser insensible...\r","authors":["Julien Moreau","D\u00e9odat N\u00e9meth"],"category_codes":["1000000","1060000","1060300"],"visuals":{"large":"https:\/\/images.epagine.fr\/663\/9782875571663_1_75.jpg","medium":"https:\/\/images.epagine.fr\/663\/9782875571663_1_m.jpg","thumbnail":"https:\/\/images.epagine.fr\/663\/9782875571663_1_v.jpg"},"orderable":true,"show_badge":true,"formatted_price":"17,90&nbsp;\u20ac","formatted_published_date":"18 juin 2015","publisher_availability_label":"Sur commande","short_details":"Julien Moreau, D\u00e9odat N\u00e9meth \u2014 LA BOITE A PANDORE","translator":null,"weight":300,"page_count":235,"readership":null,"editor":"LA BOITE A PANDORE","price":1790,"published_date":"2015-06-17T22:00:00.000000Z","support":"Grand format","publisher_availability":1,"stock":0,"editions":[],"url":"https:\/\/quaidesbrumes.com\/ouvrage\/9782875571663\/infirmier-baroudeur"},{"id":"9782234080386","title":"De bons \u00e9l\u00e8ves","description":"Ils ont le go\u00fbt de la libert\u00e9. Une seule voie pour l'atteindre : les \u00e9tudes. Ils ont int\u00e9gr\u00e9 l'\u00c9cole normale sup\u00e9rieure et, tr\u00e8s vite, ont d\u00e9j\u00e0 un destin. Ils racontent leurs espoirs, leurs angoisses, leurs obsessions et leurs fiert\u00e9s.Lila Azam Zanganeh est romanci\u00e8re. Pianiste et compositeur, Karol Beffa a dirig\u00e9 la chaire de cr\u00e9ation artistique du Coll\u00e8ge de France. Tristan Garcia est philosophe et romancier.Sarah Gensburger est sociologue au CNRS. Ma\u00eetre de conf\u00e9rences \u00e0 la Sorbonne, Adrien Goetz est historien de l'art et \u00e9crivain. Marielle Mac\u00e9 est professeur de litt\u00e9rature et directrice de recherches au CNRS. Bruno Le Maire a int\u00e9gr\u00e9 l'ENS et l'ENA avant de devenir homme politique. Xavier Leroy dirige un des meilleurs laboratoires d'infomatique fran\u00e7ais. Le physicien Fr\u00e9d\u00e9ric Mazzella a fond\u00e9 la start-up BlaBlaCar. Philosophe et ancienne championne de tennis, G\u00e9raldine Muhlmann est journaliste. Constance Rivi\u00e8re est directrice adjointe du cabinet de Fran\u00e7ois Hollande. Laure Saint-Raymond, math\u00e9maticienne, a \u00e9t\u00e9 \u00e9lue \u00e0 l'Acad\u00e9mie des sciences. Cette excellence si \u00e9clectique, c'est une \u00e9cole unique en son genre qui sait l'accueillir. \r\nChaque normalien porte en lui la question de la culture et de la transmission. Leur parcours scolaire est un pr\u00e9cipit\u00e9 de vie : ils tombent et se rel\u00e8vent aussit\u00f4t. L'\u00e9poque est au divertissement, au pr\u00e9sent compulsif, \u00e0 l'avoir, eux incarnent l'effort, le temps long, le savoir. Et si les bons \u00e9l\u00e8ves d'aujourd'hui \u00e9taient plus subversifs qu'on ne le croit ?","authors":["Marie-laure Delorme"],"category_codes":["1000000","1060000","1060300"],"visuals":{"large":"https:\/\/images.epagine.fr\/386\/9782234080386_1_75.jpg","medium":"https:\/\/images.epagine.fr\/386\/9782234080386_1_m.jpg","thumbnail":"https:\/\/images.epagine.fr\/386\/9782234080386_1_v.jpg"},"orderable":true,"show_badge":true,"formatted_price":"23,00&nbsp;\u20ac","formatted_published_date":"2 septembre 2015","publisher_availability_label":"Sur commande","short_details":"Marie-laure Delorme \u2014 Stock","translator":null,"weight":324,"page_count":320,"readership":null,"editor":"Stock","price":2300,"published_date":"2015-09-01T22:00:00.000000Z","support":"Grand format","publisher_availability":1,"stock":0,"editions":[],"url":"https:\/\/quaidesbrumes.com\/ouvrage\/9782234080386\/de-bons-eleves"},{"id":"9782354856144","title":"Mes trente premiers miles","description":null,"authors":["Abdul Khalek-H"],"category_codes":["1000000","1060000","1060100"],"visuals":{"large":"https:\/\/images.epagine.fr\/144\/9782354856144_1_75.jpg","medium":"https:\/\/images.epagine.fr\/144\/9782354856144_1_m.jpg","thumbnail":"https:\/\/images.epagine.fr\/144\/9782354856144_1_v.jpg"},"orderable":true,"show_badge":true,"formatted_price":"22,00&nbsp;\u20ac","formatted_published_date":"1er juin 2015","publisher_availability_label":"Sur commande","short_details":"Abdul Khalek-H \u2014 JETS D'ENCRE","translator":null,"weight":427,"page_count":324,"readership":null,"editor":"JETS D'ENCRE","price":2200,"published_date":"2015-05-31T22:00:00.000000Z","support":"Grand format","publisher_availability":1,"stock":0,"editions":[],"url":"https:\/\/quaidesbrumes.com\/ouvrage\/9782354856144\/mes-trente-premiers-miles"},{"id":"9782354856168","title":"Un jour viendra","description":null,"authors":["Lair-R"],"category_codes":["1000000","1060000","1060100"],"visuals":{"large":"https:\/\/images.epagine.fr\/168\/9782354856168_1_75.jpg","medium":"https:\/\/images.epagine.fr\/168\/9782354856168_1_m.jpg","thumbnail":"https:\/\/images.epagine.fr\/168\/9782354856168_1_v.jpg"},"orderable":true,"show_badge":true,"formatted_price":"14,00&nbsp;\u20ac","formatted_published_date":"1er juin 2015","publisher_availability_label":"Sur commande","short_details":"Lair-R \u2014 JETS D'ENCRE","translator":null,"weight":150,"page_count":106,"readership":null,"editor":"JETS D'ENCRE","price":1400,"published_date":"2015-05-31T22:00:00.000000Z","support":"Grand format","publisher_availability":1,"stock":0,"editions":[],"url":"https:\/\/quaidesbrumes.com\/ouvrage\/9782354856168\/un-jour-viendra"}]}