{"data":[{"id":"9782749141138","title":"Changer le monde \u00e0 20 ans ; du r\u00eave citoyen au service civique","description":"Elles sont quatre, elles ont 20 ans et un r\u00eave. Celui d'une soci\u00e9t\u00e9 respectueuse des diff\u00e9rences, solidaire et engag\u00e9e, et \u00e0 laquelle chaque jeune donnerait une ann\u00e9e de sa vie.\r\n\r\n1994. Elles cr\u00e9ent Unis-Cit\u00e9, association qui propose de fa\u00e7on in\u00e9dite en France aux jeunes de 16 \u00e0 25 ans, de tous milieux sociaux, niveaux de formation et origines culturelles, de se mettre au service de la collectivit\u00e9 pendant six \u00e0 neuf mois \u00e0 temps plein. L'objectif est de d\u00e9velopper l'engagement citoyen et de favoriser un apprentissage concret de la diversit\u00e9. En \u00e9change ? Une indemnit\u00e9 mensuelle, une formation civique, un accompagnement dans leur r\u00e9flexion sur leur propre projet d'avenir et, aussi et surtout, une exp\u00e9rience humaine inoubliable. Plus de 12 000 jeunes se sont engag\u00e9s avec Unis-Cit\u00e9 (les 1 000 premiers sans aucun statut ni financement de l'\u00c9tat).\r\n\r\n2005. L'association inspire le lancement du service civil volontaire, cadre politique public qui servira de base \u00e0 ce que l'on appelle aujourd'hui le \u00ab service civique \u00bb.\r\n\r\n2014. Le service civique mobilise 35 000 jeunes. Visites \u00e0 des personnes \u00e2g\u00e9es isol\u00e9es, sensibilisation \u00e0 l'environnement dans des quartiers populaires, accompagnement de personnes handicap\u00e9es dans des activit\u00e9s de loisirs, pr\u00e9vention de la violence dans les \u00e9coles... Unis-Cit\u00e9 poursuit son combat pour qu'il devienne naturel que tous les jeunes vivent une \u00e9tape de mixit\u00e9 sociale et culturelle au service de l'int\u00e9r\u00eat g\u00e9n\u00e9ral.\r\n\r\nMarie Trellu-Kane nous livre ici le r\u00e9cit de \u00ab l'\u00e9pop\u00e9e Unis-Cit\u00e9 \u00bb comme une preuve vivante que des citoyens convaincus, unis et pragmatiques peuvent bel et bien changer le monde.\r","authors":["Marie Trellu-kane"],"category_codes":["1000000","1060000","1060300"],"visuals":{"large":"https:\/\/images.epagine.fr\/138\/9782749141138_1_75.jpg","medium":"https:\/\/images.epagine.fr\/138\/9782749141138_1_m.jpg","thumbnail":"https:\/\/images.epagine.fr\/138\/9782749141138_1_v.jpg"},"orderable":true,"show_badge":true,"formatted_price":"18,50&nbsp;\u20ac","formatted_published_date":"5 mars 2015","publisher_availability_label":"Sur commande","short_details":"Marie Trellu-kane \u2014 Le Cherche Midi","translator":null,"weight":488,"page_count":192,"readership":null,"editor":"Le Cherche Midi","price":1850,"published_date":"2015-03-04T23:00:00.000000Z","support":"Grand format","publisher_availability":1,"stock":0,"editions":[],"url":"https:\/\/quaidesbrumes.com\/ouvrage\/9782749141138\/changer-le-monde-a-20-ans-du-reve-citoyen-au-service-civique"},{"id":"9782322016167","title":"De Buenos Aires \u00e0 Paris ; t\u00e9moignage d'une famille s\u00e9farade","description":"En vingt-neuf tableaux, le livre d'Esther nous fait traverser les temps, depuis les origines lointaines d'une famille jud\u00e9o-espagnole jusqu'au site de notre ville de Toulouse. Histoire intime d'une femme, vieille comme un si\u00e8cle, mais qui, au d\u00e9tour de la nostalgie, laisse embaumer les fleurs du printemps.\r\n Il y a un parfum secret dans ce livre d'Esther. O\u00f9 nous rencontrons une \u00e2me, solitaire et combative, \u00e9prise des arts et des lettres. Femme et m\u00e8re fid\u00e8le. \r\nQui sut inventer sa libert\u00e9 et nommer son d\u00e9sir.\r\n Le chemin de la nostalgie, les interrogations sur les d\u00e9sirs et les projets inachev\u00e9s laissent venir, en contrepoint, un fleuve tranquille et surnaturel o\u00f9 r\u00e9sonnent ces paroles du Zohar : \u00ab Le secret se d\u00e9voile aux amants de l'\u00e9criture \u00bb.\r\n \r\nMonique Lise Cohen\r","authors":["Esther Levy barugel"],"category_codes":["1000000","1060000","1060300"],"visuals":{"large":"https:\/\/images.epagine.fr\/167\/9782322016167_1_75.jpg","medium":"https:\/\/images.epagine.fr\/167\/9782322016167_1_m.jpg","thumbnail":"https:\/\/images.epagine.fr\/167\/9782322016167_1_v.jpg"},"orderable":true,"show_badge":true,"formatted_price":"10,00&nbsp;\u20ac","formatted_published_date":"25 mars 2015","publisher_availability_label":"Sur commande","short_details":"Esther Levy barugel \u2014 Books on Demand","translator":null,"weight":201,"page_count":160,"readership":null,"editor":"Books on Demand","price":1000,"published_date":"2015-03-24T23:00:00.000000Z","support":"Grand format","publisher_availability":1,"stock":0,"editions":[],"url":"https:\/\/quaidesbrumes.com\/ouvrage\/9782322016167\/de-buenos-aires-a-paris-temoignage-dune-famille-sefarade"},{"id":"9782081338029","title":"D'une vie \u00e0 l'autre","description":"L'exp\u00e9rience de la r\u00e9dactrice en chef de\u00abVogue Espagne\u00bbau Ghana, o\u00f9 elle s'est rendue au seuil des ann\u00e9es 2000 pour un s\u00e9jour humanitaire.\r","authors":["Lisa Lovatt-smith","Charles Bonnot"],"category_codes":["1000000","1060000","1060300"],"visuals":{"large":"https:\/\/images.epagine.fr\/029\/9782081338029_1_75.jpg","medium":"https:\/\/images.epagine.fr\/029\/9782081338029_1_m.jpg","thumbnail":"https:\/\/images.epagine.fr\/029\/9782081338029_1_v.jpg"},"orderable":true,"show_badge":true,"formatted_price":"21,00&nbsp;\u20ac","formatted_published_date":"15 avril 2015","publisher_availability_label":"Sur commande","short_details":"Lisa Lovatt-smith, Charles Bonnot \u2014 \u00c9ditions Arthaud","translator":"CHARLES BONNOT","weight":390,"page_count":360,"readership":null,"editor":"\u00c9ditions Arthaud","price":2100,"published_date":"2015-04-14T22:00:00.000000Z","support":"Grand format","publisher_availability":1,"stock":0,"editions":[],"url":"https:\/\/quaidesbrumes.com\/ouvrage\/9782081338029\/dune-vie-a-lautre"},{"id":"9791090293144","title":"Invitation \u00e0 la lecture Tome 1 ; recueil de textes de culture g\u00e9n\u00e9ral","description":"Certains recruteurs regrettent le manque de culture g\u00e9n\u00e9rale des jeunes dipl\u00f4m\u00e9s. Loin d'une conception encyclop\u00e9dique de la culture g\u00e9n\u00e9rale, cet ouvrage propose un ensemble de \"perles de culture\" visant \u00e0 donner \u00e0 chacun une ouverture sur d'autres champs, et surtout \u00e0 donner envie de lire, en faisant d\u00e9couvrir quelques penseurs ou sujets int\u00e9ressants. Ce m\u00e9li-m\u00e9lo peut aussi servir de floril\u00e8ge de textes pour des enseignants de Fran\u00e7ais Langue Etrang\u00e8re (FLE).\r","authors":["Vincent Plauchu"],"category_codes":["1000000","1060000","1060100"],"visuals":{"large":"https:\/\/images.epagine.fr\/144\/9791090293144_1_75.jpg","medium":"https:\/\/images.epagine.fr\/144\/9791090293144_1_m.jpg","thumbnail":"https:\/\/images.epagine.fr\/144\/9791090293144_1_v.jpg"},"orderable":true,"show_badge":true,"formatted_price":"18,00&nbsp;\u20ac","formatted_published_date":"30 mars 2015","publisher_availability_label":"Sur commande","short_details":"Vincent Plauchu \u2014 Campus Ouvert","translator":null,"weight":345,"page_count":186,"readership":null,"editor":"Campus Ouvert","price":1800,"published_date":"2015-03-29T22:00:00.000000Z","support":"Grand format","publisher_availability":1,"stock":0,"editions":[],"url":"https:\/\/quaidesbrumes.com\/ouvrage\/9791090293144\/invitation-a-la-lecture-tome-1-recueil-de-textes-de-culture-general"},{"id":"9781785030109","title":"MEMOIR","description":null,"authors":["Lindsay Lohan"],"category_codes":["1000000","1060000","1060100"],"visuals":{"large":"https:\/\/images.epagine.fr\/109\/9781785030109_1_75.jpg","medium":"https:\/\/images.epagine.fr\/109\/9781785030109_1_m.jpg","thumbnail":"https:\/\/images.epagine.fr\/109\/9781785030109_1_v.jpg"},"orderable":true,"show_badge":true,"formatted_price":"21,40&nbsp;\u20ac","formatted_published_date":"24 septembre 2015","publisher_availability_label":"Sur commande","short_details":"Lindsay Lohan \u2014 Ebury Press","translator":null,"weight":0,"page_count":null,"readership":null,"editor":"Ebury Press","price":2140,"published_date":"2015-09-23T22:00:00.000000Z","support":"Grand format","publisher_availability":1,"stock":0,"editions":[],"url":"https:\/\/quaidesbrumes.com\/ouvrage\/9781785030109\/memoir"},{"id":"9781843915775","title":"BREAKING GROUND","description":null,"authors":["Collectif"],"category_codes":["1000000","1060000","1060100"],"visuals":{"large":"https:\/\/images.epagine.fr\/775\/9781843915775_1_75.jpg","medium":"https:\/\/images.epagine.fr\/775\/9781843915775_1_m.jpg","thumbnail":"https:\/\/images.epagine.fr\/775\/9781843915775_1_v.jpg"},"orderable":true,"show_badge":true,"formatted_price":"15,40&nbsp;\u20ac","formatted_published_date":"24 juillet 2015","publisher_availability_label":"Sur commande","short_details":"Collectif \u2014 Hesperus Press","translator":null,"weight":0,"page_count":320,"readership":null,"editor":"Hesperus Press","price":1540,"published_date":"2015-07-23T22:00:00.000000Z","support":"Poche","publisher_availability":1,"stock":0,"editions":[],"url":"https:\/\/quaidesbrumes.com\/ouvrage\/9781843915775\/breaking-ground"},{"id":"9782207125342","title":"Moi, Am\u00e9lie, derniere reine de Portugal","description":"N\u00e9e en Angleterre en 1865, Marie-Am\u00e9lie d'Orl\u00e9ans, princesse de France, \u00e9pouse en 1886 l'h\u00e9ritier du tr\u00f4ne portugais, dom Carlos de Bragance.\r\n\u00c0 l'\u00e2ge de quarante-trois ans, elle est foudroy\u00e9e par le double assassinat de son mari et de son fils a\u00een\u00e9. Impuissante \u00e0 conjurer la r\u00e9volution de 1910, elle est contrainte \u00e0 l'exil, en Angleterre puis \u00e0 Versailles, o\u00f9 elle s'\u00e9teindra en 1951 \u00e0 quatre-vingt-six ans.\r\nLa reine Am\u00e9lie a toujours gard\u00e9 la foi et l'esp\u00e9rance, m\u00eal\u00e9es \u00e0 un sens aigu du sacrifice, et St\u00e9phane Bern nous fait partager son exceptionnelle le\u00e7on de vie. De l'exil de sa famille \u00e0 l'\u00e9chec de son mariage, de la mort de son mari et de ses deux fils aux chemins de l'errance, de la r\u00e9volution et des guerres, cette femme aura connu en effet toutes les vicissitudes d'une existence romanesque.\r\n\u00c0 partir de la correspondance et du journal intime de la reine Am\u00e9lie, documents in\u00e9dits appartenant aux archives de la maison de France, St\u00e9phane Bern a imagin\u00e9 ses M\u00e9moires, reflet fid\u00e8le d'une figure m\u00e9connue de l'Histoire contemporaine. Il signe ainsi son premier roman \u00e0 la crois\u00e9e de deux passions, le Portugal et l'histoire des monarchies europ\u00e9ennes.\r","authors":["St\u00e9phane Bern"],"category_codes":["9000000","9050000","9050200","9050205"],"visuals":{"large":"https:\/\/images.epagine.fr\/342\/9782207125342_1_75.jpg","medium":"https:\/\/images.epagine.fr\/342\/9782207125342_1_m.jpg","thumbnail":"https:\/\/images.epagine.fr\/342\/9782207125342_1_v.jpg"},"orderable":true,"show_badge":true,"formatted_price":"19,90&nbsp;\u20ac","formatted_published_date":"4 mai 2015","publisher_availability_label":"Sur commande","short_details":"St\u00e9phane Bern \u2014 \u00c9ditions Deno\u00ebl","translator":null,"weight":410,"page_count":400,"readership":null,"editor":"\u00c9ditions Deno\u00ebl","price":1990,"published_date":"2015-05-03T22:00:00.000000Z","support":"Grand format","publisher_availability":1,"stock":0,"editions":["9782290127667"],"url":"https:\/\/quaidesbrumes.com\/ouvrage\/9782207125342\/moi-amelie-derniere-reine-de-portugal"},{"id":"9782376921097","title":"Piloter ses r\u00eaves : De la Patrouille de France au Boeing 747","description":"De la Patrouille de France au Boeing 747, De la lecture d'un premier livre \u00e0 l'\u00e2ge de sept ans na\u00eet une vocation pour le m\u00e9tier d'aviateur chez un petit gar\u00e7on qui gardait les vaches chez ses grands-parents. Cette orientation sera confort\u00e9e lors de l'adolescence par des visites d'expositions et des livres qui orienteront Christian ROGER vers une volont\u00e9 opini\u00e2tre de devenir pilote de chasse. La r\u00e9ussite au concours de l'\u00c9cole de l'Air permettra au jeune homme de vivre sa vocation pour un m\u00e9tier o\u00f9 il sera pilote de chasse supersonique \u00e0 vingt-trois ans et o\u00f9 il participera \u00e0 la guerre d'Alg\u00e9rie. Sa passion pour la voltige le fera remarquer par le Chef d'\u00c9tat-Major de l'Arm\u00e9e de l'Air qui le nommera Leader de la Patrouille de France. Plus int\u00e9ress\u00e9 par le pilotage des avions que par les t\u00e2ches d'\u00c9tat-Major, Christian ROGER quittera l'Arm\u00e9e de l'Air assez t\u00f4t, pour mener une carri\u00e8re de pilote de ligne \u00e0 Air France. Il jouera un r\u00f4le d\u00e9terminant dans l'\u00e9volution de cette profession, tant sur le plan technique que social, en s'appuyant sur le puissant moyen d'action du Syndicat National des Pilotes de Ligne (SNPL), dont il fut une figure marquante au long de pr\u00e8s de trente ann\u00e9es. Ce livre relate comment a \u00e9t\u00e9 v\u00e9cue cette carri\u00e8re, avec des situations comiques ou tragiques qui retracent de fa\u00e7on vivante ce parcours qui est le r\u00eave de tant d'enfants.\r","authors":["Christian Roger"],"category_codes":["1000000","1060000","1060100"],"visuals":{"large":"https:\/\/images.epagine.fr\/097\/9782376921097_1_75.jpg","medium":"https:\/\/images.epagine.fr\/097\/9782376921097_1_m.jpg","thumbnail":"https:\/\/images.epagine.fr\/097\/9782376921097_1_v.jpg"},"orderable":true,"show_badge":true,"formatted_price":"26,00&nbsp;\u20ac","formatted_published_date":"29 octobre 2018","publisher_availability_label":"Sur commande","short_details":"Christian Roger \u2014 Libres D'Ecrire","translator":null,"weight":387,"page_count":286,"readership":null,"editor":"Libres D'Ecrire","price":2600,"published_date":"2018-10-28T23:00:00.000000Z","support":"Grand format","publisher_availability":1,"stock":0,"editions":[],"url":"https:\/\/quaidesbrumes.com\/ouvrage\/9782376921097\/piloter-ses-reves-de-la-patrouille-de-france-au-boeing-747"},{"id":"9782343057132","title":"Un b\u00e2tisseur de r\u00eaves ; r\u00e9cit de vie","description":"C'est au cours d'une mission au Cameroun que Dominique Walch-Virgili a rencontr\u00e9 Pierre-Blaise Ango. Cet homme hors du commun est un leader in\u00e9dit du d\u00e9veloppement agricole africain. Destin\u00e9 par son grand-p\u00e8re \u00e0 devenir chef de village traditionnel du Centre-Est du Cameroun, son parcours atypique l'a conduit \u00e0 occuper des postes \u00e0 responsabilit\u00e9. Sa force: n'avoir jamais reni\u00e9 ses origines et ses valeurs. Cet ouvrage retrace son parcours et sa philosophie.\r","authors":["Dominique Walch-virgili"],"category_codes":["1000000","1060000","1060300"],"visuals":{"large":"https:\/\/images.epagine.fr\/132\/9782343057132_1_75.jpg","medium":"https:\/\/images.epagine.fr\/132\/9782343057132_1_m.jpg","thumbnail":"https:\/\/images.epagine.fr\/132\/9782343057132_1_v.jpg"},"orderable":true,"show_badge":true,"formatted_price":"24,00&nbsp;\u20ac","formatted_published_date":"10 mars 2015","publisher_availability_label":"Sur commande","short_details":"Dominique Walch-virgili \u2014 \u00c9ditions L'Harmattan","translator":null,"weight":285,"page_count":224,"readership":null,"editor":"\u00c9ditions L'Harmattan","price":2400,"published_date":"2015-03-09T23:00:00.000000Z","support":"Grand format","publisher_availability":1,"stock":0,"editions":[],"url":"https:\/\/quaidesbrumes.com\/ouvrage\/9782343057132\/un-batisseur-de-reves-recit-de-vie"},{"id":"9782322173594","title":"Attaques Tome 1 : textes 2013-2015","description":"Attaques, textes courts d'un auteur franco-danois sur des sujets qui titillent l'homme moderne. Politique (fran\u00e7aise et internationale), philosophie, litt\u00e9rature, communication et, plus intimement, la vie de couple, l'\u00e2ge, la m\u00e9moire, les croyances - le tout trait\u00e9 avec une pointe d'humour, un brin de provocation.\r\nLe mot attaque du titre est \u00e0 prendre comme amorce, \u00e9lan...estocade mais aussi comme donner le ton et surtout inviter le lecteur \u00e0 poursuivre son propre questionnement.\r\nAmbition folle - et pourtant. Penser fait du bien!","authors":["Jacques Berg"],"category_codes":["1000000","1060000","1060100"],"visuals":{"large":"https:\/\/images.epagine.fr\/594\/9782322173594_1_75.jpg","medium":"https:\/\/images.epagine.fr\/594\/9782322173594_1_m.jpg","thumbnail":"https:\/\/images.epagine.fr\/594\/9782322173594_1_v.jpg"},"orderable":true,"show_badge":true,"formatted_price":"18,99&nbsp;\u20ac","formatted_published_date":"13 juin 2022","publisher_availability_label":"Sur commande","short_details":"Jacques Berg \u2014 Books on Demand","translator":null,"weight":679,"page_count":506,"readership":null,"editor":"Books on Demand","price":1899,"published_date":"2022-06-12T22:00:00.000000Z","support":"Grand format","publisher_availability":1,"stock":0,"editions":[],"url":"https:\/\/quaidesbrumes.com\/ouvrage\/9782322173594\/attaques-tome-1-textes-2013-2015"},{"id":"9782355070723","title":"Jacques H\u00e9bert ; ...des hommes libres","description":"Jacques H\u00e9bert est n\u00e9 en 1920 \u00e0 Falaise (Calvados). En 1940, il rejoint les Forces fran\u00e7aises libres. Engag\u00e9 volontaire, il va prendre part \u00e0 de nombreuses op\u00e9rations militaires en Afrique du Nord au sein de la 1\u00e8re Compagnie autonome de chars de combat, avant de participer \u00e0 la lib\u00e9ration de Paris. De retour \u00e0 la vie civile, il reprend ses \u00e9tudes de m\u00e9decine \u00e0 Caen puis \u00e0 Paris et finira sa carri\u00e8re de m\u00e9decin \u00e0 Cherbourg, ville dont il sera maire de 1959 \u00e0 1977. D\u00e9put\u00e9 de la Manche, de 1962 \u00e0 1973, Commandeur de la L\u00e9gion d'Honneur, ce Compagnon de la Lib\u00e9ration affirme : \u00ab Non, nous n'avons pas \u00e9t\u00e9 des h\u00e9ros, mais seulement des Free French, des hommes libres. \u00bb\r","authors":["Jacques H\u00e9bert"],"category_codes":["1000000","1060000"],"visuals":{"large":"https:\/\/images.epagine.fr\/723\/9782355070723_1_75.jpg","medium":"https:\/\/images.epagine.fr\/723\/9782355070723_1_m.jpg","thumbnail":"https:\/\/images.epagine.fr\/723\/9782355070723_1_v.jpg"},"orderable":true,"show_badge":true,"formatted_price":"18,00&nbsp;\u20ac","formatted_published_date":"15 janvier 2015","publisher_availability_label":"Sur commande","short_details":"Jacques H\u00e9bert \u2014 Cahiers Du Temps","translator":null,"weight":500,"page_count":244,"readership":null,"editor":"Cahiers Du Temps","price":1800,"published_date":"2015-01-14T23:00:00.000000Z","support":"Grand format","publisher_availability":1,"stock":0,"editions":[],"url":"https:\/\/quaidesbrumes.com\/ouvrage\/9782355070723\/jacques-hebert-des-hommes-libres"},{"id":"9780060087449","title":"Shattered Love : A Memoir","description":"One of the most beloved actors of our time shares the New York Times bestselling story of how he learned to live with an open heart. Early in his career, shortly after rising to fame as television's Dr. James Kildare, Richard Chamberlain took on the role of Hamlet on the English stage. The play contained a lesson the actor has remembered throughout his life: \"To thine own self be true.\" But for Chamberlain these were not always easy words to live by. Even as he won the adoration of millions of fans, this handsome, charming, debonair leading man seriously questioned his own self-worth, living a life haunted by personal insecurity despite decades of immense popular success in memorable roles in Dr. Kildare, The Thorn Birds, Shogun, and other television dramas. Finally, with the help of friends and guidance from spiritual teachers, including Krishnamurti, Chamberlain began the sometimes painful but deeply rewarding process of reconciling his deepest self with his public persona. Now, in Shattered Love, he poignantly recounts his lifelong struggle to find happiness.\r\nTracing a fascinating path through his meteoric rise to success, he chronicles his struggle to come to terms with his own imperfections, his growing desire to be honest about his sexual orientation, and his yearning to live with an open heart. And along the way he imparts the lessons he has learned about overcoming our own self-imposed obstacles to happiness: the importance of listening to our own instincts instead of listening only to others, not demanding the impossible of ourselves, and allowing ourselves to explore negative feelings in order to move forward.","authors":["Richard Chamberlain"],"category_codes":["1000000","1060000"],"visuals":{"large":"https:\/\/images.epagine.fr\/449\/9780060087449_1_75.jpg","medium":"https:\/\/images.epagine.fr\/449\/9780060087449_1_m.jpg","thumbnail":"https:\/\/images.epagine.fr\/449\/9780060087449_1_v.jpg"},"orderable":true,"show_badge":true,"formatted_price":"20,50&nbsp;\u20ac","formatted_published_date":"4 mai 2004","publisher_availability_label":"Sur commande","short_details":"Richard Chamberlain \u2014 It Books","translator":null,"weight":383,"page_count":272,"readership":null,"editor":"It Books","price":2050,"published_date":"2004-05-03T22:00:00.000000Z","support":"Grand format","publisher_availability":1,"stock":0,"editions":[],"url":"https:\/\/quaidesbrumes.com\/ouvrage\/9780060087449\/shattered-love-a-memoir"},{"id":"9791094591000","title":"Le silence des chrysanth\u00e8mes","description":"Parti il y a dix ans vivre en Pologne orientale sur les berges de la rivi\u00e8re Bug, Bertrand Redonnet contemple les pas laiss\u00e9s derri\u00e8re lui et se souvient, tant\u00f4t avec tendresse, tant\u00f4t avec humour \u00e0 la limite du sarcasme, tant\u00f4t avec col\u00e8re. Il essaie de comprendre pourquoi sa vie - alors qu'il reste, au sens premier, un paysan dans l'\u00e2me -  finira d\u00e9racin\u00e9e sous des climats qui ne sont pas les siens.\r\nIl ne s'agit pas - stricto sensu - d'une autobiographie, mais d'un r\u00e9cit o\u00f9 m\u00e9moire r\u00e9elle et arch\u00e9ologie imaginaire font bon m\u00e9nage. Jusqu'\u00e0 donner une vision du monde pr\u00e9cise, d\u00e9sabus\u00e9e mais joyeuse.\r\nLes chevilles ouvri\u00e8res du Silence des chrysanth\u00e8mes s'articulent autour d'une enfance marqu\u00e9e par l'absence d'un p\u00e8re,  d'une adolescence mutine, amoureuse des paysages et des campagnes n\u00e9olithiques des ann\u00e9es 60, et d'un \u00e2ge adulte toujours en r\u00e9volte contre l'organisation sociale du mensonge et de l'abondance spectaculaires.\r\nCe texte, v\u00e9ritable lampe-t\u00e9moin d'une \u00e9poque \u00e0 jamais engloutie, ne veut ni glorifier ni vilipender le pass\u00e9 : en filigrane ou en toutes lettres, il accuse simplement l'inexorable fuite d'un temps gaspill\u00e9 dans les illusions et les convictions de toutes sortes\r","authors":["Bertrand Redonnet"],"category_codes":["1000000","1060000","1060300"],"visuals":{"large":"https:\/\/images.epagine.fr\/000\/9791094591000_1_75.jpg","medium":"https:\/\/images.epagine.fr\/000\/9791094591000_1_m.jpg","thumbnail":"https:\/\/images.epagine.fr\/000\/9791094591000_1_v.jpg"},"orderable":true,"show_badge":true,"formatted_price":"19,30&nbsp;\u20ac","formatted_published_date":"30 janvier 2015","publisher_availability_label":"Sur commande","short_details":"Bertrand Redonnet \u2014 Editions Du Bug","translator":null,"weight":310,"page_count":230,"readership":null,"editor":"Editions Du Bug","price":1930,"published_date":"2015-01-29T23:00:00.000000Z","support":"Grand format","publisher_availability":1,"stock":0,"editions":[],"url":"https:\/\/quaidesbrumes.com\/ouvrage\/9791094591000\/le-silence-des-chrysanthemes"},{"id":"9782343057071","title":"Migration pour \u00e9tudes ; l'exp\u00e9rience du retour et du non retour des dipl\u00f4m\u00e9s guin\u00e9ens apr\u00e8s une formation au Canada","description":"Quelles sont les motivations des \u00e9tudiants guin\u00e9ens \u00e0 poursuivre leurs \u00e9tudes au Canada ? Quelles raisons ont pouss\u00e9 certains dipl\u00f4m\u00e9s \u00e0 prendre le chemin du retour apr\u00e8s leur formation au Canada et d'autres \u00e0 demeurer dans le pays d'accueil ? Apr\u00e8s avoir r\u00e9pondu \u00e0 ces questions, l'auteur s'est int\u00e9ress\u00e9 \u00e0 l'insertion ou r\u00e9insertion sociale, familiale et professionnelle des dipl\u00f4m\u00e9s retourn\u00e9s en Guin\u00e9e ou install\u00e9s au Canada\r","authors":["Barry Mamadou Gando"],"category_codes":["1000000","1060000","1060300"],"visuals":{"large":"https:\/\/images.epagine.fr\/071\/9782343057071_1_75.jpg","medium":"https:\/\/images.epagine.fr\/071\/9782343057071_1_m.jpg","thumbnail":"https:\/\/images.epagine.fr\/071\/9782343057071_1_v.jpg"},"orderable":true,"show_badge":true,"formatted_price":"27,00&nbsp;\u20ac","formatted_published_date":"31 mars 2015","publisher_availability_label":"Sur commande","short_details":"Barry Mamadou Gando \u2014 \u00c9ditions L'Harmattan","translator":null,"weight":320,"page_count":254,"readership":null,"editor":"\u00c9ditions L'Harmattan","price":2700,"published_date":"2015-03-30T22:00:00.000000Z","support":"Grand format","publisher_availability":1,"stock":0,"editions":[],"url":"https:\/\/quaidesbrumes.com\/ouvrage\/9782343057071\/migration-pour-etudes-lexperience-du-retour-et-du-non-retour-des-diplomes-guineens-apres-une-formation-au-canada"},{"id":"9782343050249","title":"David contre Goliath, un combat local pour la protection d'un territoire \u00e0 Givry (Bourgogne)","description":"Un industriel, un d\u00e9put\u00e9 et un pr\u00e9fet s'unissent pour implanter une usine de traitement de d\u00e9chets dangereux dans une petite ville de Bourgogne, r\u00e9put\u00e9e pour ses vins. Les habitants de cette ville et des environs ne sont pas d'accord : ils ont peur et d\u00e9couvrent peu \u00e0 peu que le projet est mal construit et dangereux. Mais que faire face \u00e0 la conjonction du monde industriel, du politique et de l'administration ? Comment s'y prendre, et quel sera le prix \u00e0 payer ?\r","authors":["Bechet Marc"],"category_codes":["1000000","1060000","1060300"],"visuals":{"large":"https:\/\/images.epagine.fr\/249\/9782343050249_1_75.jpg","medium":"https:\/\/images.epagine.fr\/249\/9782343050249_1_m.jpg","thumbnail":"https:\/\/images.epagine.fr\/249\/9782343050249_1_v.jpg"},"orderable":true,"show_badge":true,"formatted_price":"18,00&nbsp;\u20ac","formatted_published_date":"28 janvier 2015","publisher_availability_label":"Sur commande","short_details":"Bechet Marc \u2014 \u00c9ditions L'Harmattan","translator":null,"weight":205,"page_count":160,"readership":null,"editor":"\u00c9ditions L'Harmattan","price":1800,"published_date":"2015-01-27T23:00:00.000000Z","support":"Grand format","publisher_availability":1,"stock":0,"editions":[],"url":"https:\/\/quaidesbrumes.com\/ouvrage\/9782343050249\/david-contre-goliath-un-combat-local-pour-la-protection-dun-territoire-a-givry-bourgogne"},{"id":"9782322044818","title":"M\u00e9moires m\u00e9lancomiques pour mariages et enterrements ; R\u00e9cit autobiographique","description":"(M\u00e9moires m\u00e9lancomiques pour mariages et enterrements)   Tout commence le jour o\u00f9 on jette un nouveau-n\u00e9 en parachute du haut d'un avion de ligne qui s'\u00e9crasera quelques minutes plus tard.   Tout est vrai dans ce r\u00e9cit autobiographique, jalonn\u00e9 par des r\u00e9f\u00e9rences \u00e0 l'actualit\u00e9 g\u00e9opolitique et culturelle.  L'apr\u00e8s 68, l'objection de conscience, l'\u00e9cologie mais aussi plus gravement les drames de jeunesse au d\u00e9but des ann\u00e9es 1970 marqueront les premi\u00e8res tranches de vie de l'auteur. Puis l'\u00e9veil vers la vie active le conduiront jusqu'\u00e0 de hautes responsabilit\u00e9s dans des multinationales au milieu d'un \u00ab rod\u00e9o \u00bb impitoyable. Une myriade d'\u00e9v\u00e9nements et de personnages dr\u00f4les ou path\u00e9tiques alimentent une narration alerte, parsem\u00e9e de destins et de co\u00efncidences.   Jean-Fran\u00e7ois Catreux a eu plusieurs vies, beaucoup voyag\u00e9, ce qui lui permet l'autod\u00e9rision et de jeter un regard bienveillant mais aussi caustique sur ceux qu'il a c\u00f4toy\u00e9s.\r","authors":["Jean-fran\u00e7ois Catreux"],"category_codes":["1000000","1060000"],"visuals":{"large":"https:\/\/images.epagine.fr\/818\/9782322044818_1_75.jpg","medium":"https:\/\/images.epagine.fr\/818\/9782322044818_1_m.jpg","thumbnail":"https:\/\/images.epagine.fr\/818\/9782322044818_1_v.jpg"},"orderable":true,"show_badge":true,"formatted_price":"22,00&nbsp;\u20ac","formatted_published_date":"21 d\u00e9cembre 2015","publisher_availability_label":"Sur commande","short_details":"Jean-fran\u00e7ois Catreux \u2014 Books on Demand","translator":null,"weight":718,"page_count":456,"readership":null,"editor":"Books on Demand","price":2200,"published_date":"2015-12-20T23:00:00.000000Z","support":"Grand format","publisher_availability":1,"stock":0,"editions":[],"url":"https:\/\/quaidesbrumes.com\/ouvrage\/9782322044818\/memoires-melancomiques-pour-mariages-et-enterrements-recit-autobiographique"},{"id":"9782343048482","title":"Le d\u00e9faitisme des jeunes camerounais","description":"Le d\u00e9faitisme et l'inertie qui caract\u00e9risent depuis peu la jeunesse camerounaise sont les principaux d\u00e9fauts que l'auteur reproche \u00e0 ses jeunes compatriotes. Mais eux qui ne trouvent plus de g\u00eane \u00e0 tout mettre sur la t\u00eate du gouvernement et \u00e0 se d\u00e9finir comme les victimes sont aussi les principaux acteurs du changement qui fera de leur pays une nation comme ils en r\u00eavent. Pour l'auteur, les jeunes doivent \u00eatre auteurs d'une r\u00e9volution qui leur permettra de prendre en main la gestion de la cit\u00e9.\r","authors":["Ga\u00ebl Ngayou tchoupe"],"category_codes":["1000000","1060000","1060300"],"visuals":{"large":"https:\/\/images.epagine.fr\/482\/9782343048482_1_75.jpg","medium":"https:\/\/images.epagine.fr\/482\/9782343048482_1_m.jpg","thumbnail":"https:\/\/images.epagine.fr\/482\/9782343048482_1_v.jpg"},"orderable":true,"show_badge":true,"formatted_price":"29,00&nbsp;\u20ac","formatted_published_date":"30 d\u00e9cembre 2014","publisher_availability_label":"Sur commande","short_details":"Ga\u00ebl Ngayou tchoupe \u2014 \u00c9ditions L'Harmattan","translator":null,"weight":325,"page_count":268,"readership":null,"editor":"\u00c9ditions L'Harmattan","price":2900,"published_date":"2014-12-29T23:00:00.000000Z","support":"Grand format","publisher_availability":1,"stock":0,"editions":[],"url":"https:\/\/quaidesbrumes.com\/ouvrage\/9782343048482\/le-defaitisme-des-jeunes-camerounais"},{"id":"9782343053691","title":"Histoires de migrants : Africains de l'Ouest, Domiens et Ha\u00eftiens","description":"A la fois enqu\u00eate et fiction, ce r\u00e9cit retrace les vies de plusieurs personnages qui ont quitt\u00e9 leur pays natal pour des raisons politiques, \u00e9conomiques ou autres persuad\u00e9s de trouver une vie meilleure en France.","authors":["Blaise Mario"],"category_codes":["1000000","1060000"],"visuals":{"large":"https:\/\/images.epagine.fr\/691\/9782343053691_1_75.jpg","medium":"https:\/\/images.epagine.fr\/691\/9782343053691_1_m.jpg","thumbnail":"https:\/\/images.epagine.fr\/691\/9782343053691_1_v.jpg"},"orderable":true,"show_badge":true,"formatted_price":"18,50&nbsp;\u20ac","formatted_published_date":"30 d\u00e9cembre 2014","publisher_availability_label":"Sur commande","short_details":"Blaise Mario \u2014 LES IMPLIQUES","translator":null,"weight":210,"page_count":166,"readership":null,"editor":"LES IMPLIQUES","price":1850,"published_date":"2014-12-29T23:00:00.000000Z","support":"Grand format","publisher_availability":1,"stock":0,"editions":[],"url":"https:\/\/quaidesbrumes.com\/ouvrage\/9782343053691\/histoires-de-migrants-africains-de-louest-domiens-et-haitiens"},{"id":"9782140492044","title":"Jean Jacques Muyembe : Cette personne inspirante","description":"Dans un monde o\u00f9 dominent les antivaleurs (la corruption, le client\u00e9lisme, le tribalisme, la paresse, la facilit\u00e9.), la jeunesse de la R\u00e9publique D\u00e9mocratique du Congo et celle d'ailleurs, a besoin des r\u00e9f\u00e9rentiels et des mod\u00e8les qui servent de boussole. Le professeur Jean-Jacques Muyembe est une personne qui inspire. Par son endurance, son sens du sacrifice et du risque, sa discipline, son go\u00fbt de l'excellence dans le travail bien fait et surtout dans sa d\u00e9termination \u00e0 lutter contre diff\u00e9rentes pand\u00e9mies dont le virus Ebola et la Covid-19, il est une r\u00e9f\u00e9rence scientifique internationale pour les g\u00e9n\u00e9rations futures. M\u00e9decin, d\u00e9tenteur d'un Master en sant\u00e9 et d\u00e9veloppement, en business et administration (MBA), sp\u00e9cialiste en sant\u00e9,","authors":["Michel Muvudi"],"category_codes":["1000000","1060000","1060200"],"visuals":{"large":"https:\/\/images.epagine.fr\/044\/9782140492044_1_75.jpg","medium":"https:\/\/images.epagine.fr\/044\/9782140492044_1_m.jpg","thumbnail":"https:\/\/images.epagine.fr\/044\/9782140492044_1_v.jpg"},"orderable":true,"show_badge":true,"formatted_price":"15,00&nbsp;\u20ac","formatted_published_date":"13 juillet 2023","publisher_availability_label":"Sur commande","short_details":"Michel Muvudi \u2014 \u00c9ditions L'Harmattan","translator":null,"weight":193,"page_count":116,"readership":null,"editor":"\u00c9ditions L'Harmattan","price":1500,"published_date":"2023-07-12T22:00:00.000000Z","support":"Grand format","publisher_availability":1,"stock":0,"editions":[],"url":"https:\/\/quaidesbrumes.com\/ouvrage\/9782140492044\/jean-jacques-muyembe-cette-personne-inspirante"},{"id":"9782332783233","title":"\u00e0 notre ange, Yohan","description":"Chrystel Mauries adresse ce livre \u00e0 son fils, Yohan, dont le d\u00e9c\u00e8s est survenu le 4 f\u00e9vrier 2011 suite \u00e0 un accident de la route.\r\nYohan conduisait alors sa voiture sans permis.\r\nSon cousin, E*, \u00e9tait son passager.\r\n\r\nIls ont \u00e9t\u00e9 percut\u00e9s de face par une Clio. Son chauffeur a coup\u00e9 le virage en pleine nuit, pleins phares, et \u00e0 vitesse excessive.\r\n\r\nE* aussi a perdu la vie.\r\nLeur cousin, Jordan, les suivait. Bien que lui m\u00eame ait \u00e9t\u00e9 victime d'un choc frontal, il a d\u00fb porter les premiers secours. Yohan avait 17 ans, E* 18, et Jordan 20.\r\n\r\nLe proc\u00e8s a eu lieu : quatre ans d'incarc\u00e9ration dont deux avec sursis, peine am\u00e9nageable...\r\n\r\nL'auteure a \u00e9crit ce premier livre d\u00e8s l'inhumation de Yohan et E*, et s'est adress\u00e9e \u00e0 son fils.\r\n\r\nIl semblait vital de maintenir le lien qui les unissait.\r","authors":["Chrystel Mauries"],"category_codes":["1000000","1060000","1060100"],"visuals":{"large":"https:\/\/images.epagine.fr\/233\/9782332783233_1_75.jpg","medium":"https:\/\/images.epagine.fr\/233\/9782332783233_1_m.jpg","thumbnail":"https:\/\/images.epagine.fr\/233\/9782332783233_1_v.jpg"},"orderable":true,"show_badge":true,"formatted_price":"24,00&nbsp;\u20ac","formatted_published_date":"2 janvier 2015","publisher_availability_label":"Sur commande","short_details":"Chrystel Mauries \u2014 Edilivre","translator":null,"weight":492,"page_count":246,"readership":null,"editor":"Edilivre","price":2400,"published_date":"2015-01-01T23:00:00.000000Z","support":"Grand format","publisher_availability":1,"stock":0,"editions":[],"url":"https:\/\/quaidesbrumes.com\/ouvrage\/9782332783233\/a-notre-ange-yohan"},{"id":"9782312031620","title":"Interrogations \u00e0 22 ans ; mon journal","description":"Ce monde dans lequel nous vivons est complexe et nombreux sont ceux et celles qui aimeraient comprendre certains myst\u00e8res de la vie. Certains pr\u00e9f\u00e8rent vivre sans r\u00e9ellement chercher les r\u00e9ponses qu'ils savent ne pas pouvoir trouver. D'autres se posent continuellement des questions sur la finalit\u00e9 de la vie, sur ce qui les entourent, sur l'homme, l'amour... C'est le cas de celle qui s'abandonne \u00e0 travers ce journal, pers\u00e9cut\u00e9e par ses questions et ses pens\u00e9es jours et nuits, elle les exprime de fa\u00e7on intime et personnelle, cherchant le soulagement...\r","authors":["Tila Angel"],"category_codes":["1000000","1060000","1060100"],"visuals":{"large":"https:\/\/images.epagine.fr\/620\/9782312031620_1_75.jpg","medium":"https:\/\/images.epagine.fr\/620\/9782312031620_1_m.jpg","thumbnail":"https:\/\/images.epagine.fr\/620\/9782312031620_1_v.jpg"},"orderable":true,"show_badge":true,"formatted_price":"14,00&nbsp;\u20ac","formatted_published_date":"3 avril 2015","publisher_availability_label":"Sur commande","short_details":"Tila Angel \u2014 Editions du Net","translator":null,"weight":136,"page_count":76,"readership":null,"editor":"Editions du Net","price":1400,"published_date":"2015-04-02T22:00:00.000000Z","support":"Grand format","publisher_availability":1,"stock":0,"editions":[],"url":"https:\/\/quaidesbrumes.com\/ouvrage\/9782312031620\/interrogations-a-22-ans-mon-journal"},{"id":"9782343052519","title":"De la rue \u00e0 la lutte ; vous avez dit \"ph\u00e9nom\u00e8ne\" ?","description":"Parvenir \u00e0 donner \u00e0 ses enfants ce qu'on n'a pas re\u00e7u. Parvenir \u00e0 enseigner bien largement et bien g\u00e9n\u00e9reusement autour de soi la confiance en la vie quand on a surtout connu la maltraitance \u00e0 long terme, les trahisons, les luttes aux issues incertaines. S'acharner \u00e0 transmettre de la bienveillance amicale et joyeuse, de l'aptitude \u00e0 faire face, \u00e0 faire front, \u00e0 faire confiance malgr\u00e9 tout.\r","authors":["Genevi\u00e8ve Stock"],"category_codes":["1000000","1060000","1060300"],"visuals":{"large":"https:\/\/images.epagine.fr\/519\/9782343052519_1_75.jpg","medium":"https:\/\/images.epagine.fr\/519\/9782343052519_1_m.jpg","thumbnail":"https:\/\/images.epagine.fr\/519\/9782343052519_1_v.jpg"},"orderable":true,"show_badge":true,"formatted_price":"16,00&nbsp;\u20ac","formatted_published_date":"6 janvier 2015","publisher_availability_label":"Sur commande","short_details":"Genevi\u00e8ve Stock \u2014 \u00c9ditions L'Harmattan","translator":null,"weight":196,"page_count":156,"readership":null,"editor":"\u00c9ditions L'Harmattan","price":1600,"published_date":"2015-01-05T23:00:00.000000Z","support":"Grand format","publisher_availability":1,"stock":0,"editions":[],"url":"https:\/\/quaidesbrumes.com\/ouvrage\/9782343052519\/de-la-rue-a-la-lutte-vous-avez-dit-phenomene"},{"id":"9782367780412","title":"Itin\u00e9raire d'une enfant pr\u00e9coce","description":"Pr\u00e9coce ? Vous avez dit pr\u00e9coce ? Osez venir avec moi ! Plongeons ensemble \u00e0 la d\u00e9couverte de l'univers d'Alice, celui d'une enfant pr\u00e9coce ! Facile me direz-vous ; elle doit avoir 15 de moyenne, elle r\u00e9ussit tout ce qu'elle touche, et elle fait la fiert\u00e9 de ses parents..\r","authors":["Delphine Weill"],"category_codes":["1000000","1060000","1060300"],"visuals":{"large":"https:\/\/images.epagine.fr\/412\/9782367780412_1_75.jpg","medium":"https:\/\/images.epagine.fr\/412\/9782367780412_1_m.jpg","thumbnail":"https:\/\/images.epagine.fr\/412\/9782367780412_1_v.jpg"},"orderable":true,"show_badge":true,"formatted_price":"28,90&nbsp;\u20ac","formatted_published_date":"21 mars 2015","publisher_availability_label":"Sur commande","short_details":"Delphine Weill \u2014 Kawa","translator":null,"weight":0,"page_count":208,"readership":null,"editor":"Kawa","price":2890,"published_date":"2015-03-20T23:00:00.000000Z","support":"Grand format","publisher_availability":1,"stock":0,"editions":[],"url":"https:\/\/quaidesbrumes.com\/ouvrage\/9782367780412\/itineraire-dune-enfant-precoce"},{"id":"9782875571700","title":"Faut-il \u00eatre beau pour r\u00e9ussir ?","description":"Faut-il \u00eatre beau pour r\u00e9ussir dans un monde o\u00f9 l'image prend de plus en plus d'importance ? OUI,  ind\u00e9niablement ! Et contrairement \u00e0 tous les principes jusque-l\u00e0 en vigueur au nom de la  m\u00e9ritocratie. On ne pr\u00eate qu'aux \u00ab beaux \u00bb comme autrefois, on ne pr\u00eatait qu'aux \u00ab riches \u00bb, et c'est  pour cela qu'on c\u00e8de aux sir\u00e8nes de la chirurgie esth\u00e9tique, devenue un recours familier pour  retrouver la confiance en soi, pour stimuler l'envie d'entreprendre, pour s'aimer soi-m\u00eame. \r\nMais les patients cherchent-ils tous la m\u00eame chose ? \r\nQuelle est cette nouvelle qu\u00eate du Graal ? \r\nQue veut-on montrer de soi et pourquoi ? \r\nFaut-il \u00eatre beau pour r\u00e9ussir dans un monde o\u00f9 l'image, \u00ab eid\u00f4lon \u00bb en grec, devient essentielle ? \r\nCe livre, \u00e0 travers des t\u00e9moignages in\u00e9dits de personnes c\u00e9l\u00e8bres comme d'anonymes, permet de  mieux comprendre quelle image de soi chacun veut renvoyer aux autres, car ind\u00e9niablement, l'on vit  de plus en plus dans le regard de l'autre. Surtout, il fournit les outils pour comprendre le d\u00e9sir  profond de chacun, un d\u00e9sir qui ne doit pas \u00eatre celui de l'autre mais le sien propre.\r","authors":["Sylvie Poignonec"],"category_codes":["1000000","1060000","1060300"],"visuals":{"large":"https:\/\/images.epagine.fr\/700\/9782875571700_1_75.jpg","medium":"https:\/\/images.epagine.fr\/700\/9782875571700_1_m.jpg","thumbnail":"https:\/\/images.epagine.fr\/700\/9782875571700_1_v.jpg"},"orderable":true,"show_badge":true,"formatted_price":"17,90&nbsp;\u20ac","formatted_published_date":"30 avril 2015","publisher_availability_label":"Sur commande","short_details":"Sylvie Poignonec \u2014 LA BOITE A PANDORE","translator":null,"weight":215,"page_count":158,"readership":null,"editor":"LA BOITE A PANDORE","price":1790,"published_date":"2015-04-29T22:00:00.000000Z","support":"Grand format","publisher_availability":1,"stock":0,"editions":[],"url":"https:\/\/quaidesbrumes.com\/ouvrage\/9782875571700\/faut-il-etre-beau-pour-reussir"}]}