{"data":[{"id":"9782343047362","title":"L'adoption ; des difficult\u00e9s \u00e0 faire famille \u00e0 une affiliation symbolique","description":"Le contexte de l'adoption aujourd'hui est marqu\u00e9 par une chute libre de leur nombre. Par cons\u00e9quent, le profil des enfants propos\u00e9s a chang\u00e9. Ils sont plus \u00e2g\u00e9s, malades ou porteurs d'un handicap. Ces facteurs amplifient le d\u00e9calage entre enfant id\u00e9al et enfant r\u00e9el. Cet ouvrage interroge les difficult\u00e9s \u00e0 faire famille dans le cadre de l'adoption et de ses \u00e9volutions contemporaines.","authors":["Catherine Lenzi","Sylvie Poizat"],"category_codes":["1000000","1060000","1060300"],"visuals":{"large":"https:\/\/images.epagine.fr\/362\/9782343047362_1_75.jpg","medium":"https:\/\/images.epagine.fr\/362\/9782343047362_1_m.jpg","thumbnail":"https:\/\/images.epagine.fr\/362\/9782343047362_1_v.jpg"},"orderable":true,"show_badge":true,"formatted_price":"22,50&nbsp;\u20ac","formatted_published_date":"15 d\u00e9cembre 2014","publisher_availability_label":"Sur commande","short_details":"Catherine Lenzi, Sylvie Poizat \u2014 \u00c9ditions L'Harmattan","translator":null,"weight":278,"page_count":214,"readership":null,"editor":"\u00c9ditions L'Harmattan","price":2250,"published_date":"2014-12-14T23:00:00.000000Z","support":"Grand format","publisher_availability":1,"stock":0,"editions":[],"url":"https:\/\/quaidesbrumes.com\/ouvrage\/9782343047362\/ladoption-des-difficultes-a-faire-famille-a-une-affiliation-symbolique"},{"id":"9782343053172","title":"Le d\u00e9sir de voyage et la qu\u00eate de l'autre","description":"Le voyage n'est plus, de nos jours, l'exp\u00e9rience d'une minorit\u00e9, mais s'est largement d\u00e9mocratis\u00e9, notamment dans les pays riches. En r\u00e9sulte le bouleversement des rapports entre \"le Nous\" et \"les Autres\", qui, devenus plus proches, heurtent aussi nos certitudes. Pour appr\u00e9hender les cons\u00e9quences du tourisme et des flux migratoires, l'auteur remonte aux \u00e9poques o\u00f9 les voyages \u00e9taient la plus belle des aventures, pour confronter les pertes et profits du voyage vers l'Autre \u00e0 l'heure d'une mutation culturelle profonde : la mondialisation.","authors":["G\u00e9rard Leclerc"],"category_codes":["1000000","1060000","1060300"],"visuals":{"large":"https:\/\/images.epagine.fr\/172\/9782343053172_1_75.jpg","medium":"https:\/\/images.epagine.fr\/172\/9782343053172_1_m.jpg","thumbnail":"https:\/\/images.epagine.fr\/172\/9782343053172_1_v.jpg"},"orderable":true,"show_badge":true,"formatted_price":"32,50&nbsp;\u20ac","formatted_published_date":"19 janvier 2015","publisher_availability_label":"Sur commande","short_details":"G\u00e9rard Leclerc \u2014 \u00c9ditions L'Harmattan","translator":null,"weight":468,"page_count":294,"readership":null,"editor":"\u00c9ditions L'Harmattan","price":3250,"published_date":"2015-01-18T23:00:00.000000Z","support":"Grand format","publisher_availability":1,"stock":0,"editions":[],"url":"https:\/\/quaidesbrumes.com\/ouvrage\/9782343053172\/le-desir-de-voyage-et-la-quete-de-lautre"},{"id":"9791029002403","title":"M\u00e8re adolescente ; confidences d\u2019un p\u00e8re \u00e0 propos de sa fille","description":"Notre fille de 15 ans annonce : \u00ab Je suis enceinte \u00bb, et l'\u00e9chographie confirme six mois de grossesse. Nous n'avions rien remarqu\u00e9, elle \u00e9tait dans un \u00ab d\u00e9ni partiel \u00bb de grossesse et il ne restait donc que trois mois avant l'accouchement. Nous n'avons pas tergivers\u00e9, nous avons voulu que l'\u00e9v\u00e9nement soit une belle histoire heureuse ; pour notre fille, son enfant, et nous-m\u00eames - les parents et grands-parents. Je vous invite \u00e0 suivre le parcours de l'adolescente qui se transforme en jeune m\u00e8re \u00e0 travers les \u00ab confidences d'un p\u00e8re \u00e0 propos de sa fille \u00bb.","authors":["Denis P\u00e9rat\u00e9"],"category_codes":["1000000","1060000","1060300"],"visuals":{"large":"https:\/\/images.epagine.fr\/403\/9791029002403_1_75.jpg","medium":"https:\/\/images.epagine.fr\/403\/9791029002403_1_m.jpg","thumbnail":"https:\/\/images.epagine.fr\/403\/9791029002403_1_v.jpg"},"orderable":true,"show_badge":true,"formatted_price":"12,00&nbsp;\u20ac","formatted_published_date":"24 f\u00e9vrier 2015","publisher_availability_label":"Sur commande","short_details":"Denis P\u00e9rat\u00e9 \u2014 CHAPITRE.COM","translator":null,"weight":130,"page_count":118,"readership":null,"editor":"CHAPITRE.COM","price":1200,"published_date":"2015-02-23T23:00:00.000000Z","support":"Grand format","publisher_availability":1,"stock":0,"editions":[],"url":"https:\/\/quaidesbrumes.com\/ouvrage\/9791029002403\/mere-adolescente-confidences-dun-pere-a-propos-de-sa-fille"},{"id":"9782917621264","title":"Le petit polonais","description":"\u00ab\u00a0Je ne regrette rien de ce que j'ai fait au micro de Rencontre en Nord.\r\nJe ne regrette pas mes t\u00eate \u00e0 t\u00eate avec Alain Decaux, Pierre Mauroy, Jean-Claude Casadesus, Francis Perrin, Fr\u00e9d\u00e9ric Cuvillier, Marc-Philippe Daubresse, Annie Degroodt, Michel Quint, Frank Thilliez, Jean Stablinski, Mahjoub Ben Bella, Florence Cassez et les autres, tous les autres, com\u00e9diens, flics, sportifs de haut niveau, chirurgiens, chercheurs, chanteurs, chor\u00e9graphes, skippers, cuisiniers, grands reporters, chefs d'entreprise...\r\nToutes ces rencontres ont donn\u00e9 du sens \u00e0 ma vie de petit Polonais, de fils de mineur, de petit-fils de cosaque.\r\nJ'ai eu deux vies \u00e0 Radio France. Oui pour bien comprendre ce qui m'est arriv\u00e9, il faut savoir que j'ai eu deux vies. Celle de journaliste et animateur, ma premi\u00e8re vie, sans l'ombre d'un nuage, ni m\u00eame d'un reproche. Aux yeux de sa direction, le type parfait. Mais ensuite, il y a eu mon engagement social dans l'entreprise. Ma seconde vie.\u00a0\u00bb Julien Wzorek Entretiens avec Roger Facon & Serge Ottaviani Une terre n'existe que par les hommes qui l'habitent, la collection \u00ab\u00a0Une vie en nord\u00a0\u00bb vous propose de d\u00e9couvrir le destin de ces femmes et de ces hommes qui font la richesse de notre r\u00e9gion. Tous ont le \u00ab\u00a0Nord\u00a0\u00bb en commun.","authors":["Roger Facon","Serge Ottaviani","Julien Wzorek"],"category_codes":["1000000","1060000","1060100"],"visuals":{"large":"https:\/\/images.epagine.fr\/264\/9782917621264_1_75.jpg","medium":"https:\/\/images.epagine.fr\/264\/9782917621264_1_m.jpg","thumbnail":"https:\/\/images.epagine.fr\/264\/9782917621264_1_v.jpg"},"orderable":true,"show_badge":true,"formatted_price":"6,90&nbsp;\u20ac","formatted_published_date":"19 d\u00e9cembre 2014","publisher_availability_label":"Sur commande","short_details":"Roger Facon, Serge Ottaviani, Julien Wzorek \u2014 Engelaere","translator":null,"weight":90,"page_count":null,"readership":null,"editor":"Engelaere","price":690,"published_date":"2014-12-18T23:00:00.000000Z","support":"Poche","publisher_availability":1,"stock":0,"editions":[],"url":"https:\/\/quaidesbrumes.com\/ouvrage\/9782917621264\/le-petit-polonais"},{"id":"9782710376767","title":"Au loin ... jadis ...","description":"Souvenirs d'un adolescent n\u00e9 \u00e0 Buenos Aires, de parents originaires de la Nouvelle-Angleterre, qui retracent son apprentissage de la nature dans la pampa argentine mais aussi celui de la maladie, puisque le jeune homme est touch\u00e9 par le typhus.","authors":["William Henry Hudson","H. Archambeaud-Fauconnier"],"category_codes":["1000000","1060000","1060100"],"visuals":{"large":"https:\/\/images.epagine.fr\/767\/9782710376767_1_75.jpg","medium":"https:\/\/images.epagine.fr\/767\/9782710376767_1_m.jpg","thumbnail":"https:\/\/images.epagine.fr\/767\/9782710376767_1_v.jpg"},"orderable":true,"show_badge":true,"formatted_price":"14,00&nbsp;\u20ac","formatted_published_date":"5 juin 2015","publisher_availability_label":"Sur commande","short_details":"William Henry Hudson, H. Archambeaud-Fauconnier \u2014 \u00c9ditions de La Table Ronde","translator":"H. ARCHAMBEAUD-FAUCONNIER","weight":332,"page_count":368,"readership":null,"editor":"\u00c9ditions de La Table Ronde","price":1400,"published_date":"2015-06-04T22:00:00.000000Z","support":"Grand format","publisher_availability":1,"stock":0,"editions":[],"url":"https:\/\/quaidesbrumes.com\/ouvrage\/9782710376767\/au-loin-jadis"},{"id":"9791090014107","title":"Jeunesse de Laurent Clerc","description":"\"Laurent Clerc, professeur sourd, a aid\u00e9 Thomas Hopkins Gallaudet \u00e0 cr\u00e9er des \u00e9coles pour les sourds aux Etats-Unis au cours du XIXe si\u00e8cle. Ce livre invite le lecteur \u00e0 suivre le jeune Laurent Clerc de l enfance \u00e0 sa formation d enseignant. Traversant la p\u00e9riode r\u00e9volutionnaire napol\u00e9onienne, cette biographie romanc\u00e9e relate les exp\u00e9riences qui conduiront Clerc \u00e0 ses m\u00e9thodes p\u00e9dagogiques avanc\u00e9es. L histoire du passage de ce remarquable jeune homme \u00e0 l \u00e2ge adulte annonce le r\u00f4le \u00e9minent qu il jouera dans l \u00e9ducation des enfants sourds.\"","authors":["Cathryn Carroll"],"category_codes":["1000000","1060000"],"visuals":{"large":"https:\/\/images.epagine.fr\/107\/9791090014107_1_75.jpg","medium":"https:\/\/images.epagine.fr\/107\/9791090014107_1_m.jpg","thumbnail":"https:\/\/images.epagine.fr\/107\/9791090014107_1_v.jpg"},"orderable":true,"show_badge":true,"formatted_price":"19,00&nbsp;\u20ac","formatted_published_date":"15 juillet 2013","publisher_availability_label":"Sur commande","short_details":"Cathryn Carroll \u2014 Airelle","translator":null,"weight":285,"page_count":176,"readership":null,"editor":"Airelle","price":1900,"published_date":"2013-07-14T22:00:00.000000Z","support":"Grand format","publisher_availability":1,"stock":0,"editions":[],"url":"https:\/\/quaidesbrumes.com\/ouvrage\/9791090014107\/jeunesse-de-laurent-clerc"},{"id":"9791090014077","title":"Franchir le foss\u00e9","description":"\"R\u00e9sultat d'ann\u00e9es de recherches aux Etats-Unis et en France, ce livre explore le processus par lequel trois biographes sourds des XIXe et XXe si\u00e8cles ont tent\u00e9 de franchir le foss\u00e9 s\u00e9parant les univers sourd et entendant. L'approche de chacun montre \u00e0 quel point la question de l'assimilation individuelle dans la soci\u00e9t\u00e9 met en danger le sentiment d'identit\u00e9 personnelle. L'auteur montre que le genre biographique n'a pas pour seule fonction l'exploration ext\u00e9rieure, c'est aussi un moyen pour ces trois figures de la communaut\u00e9 sourde de donner de l'aplomb \u00e0 leur moi le plus intime et de r\u00e9soudre l'ambivalence de leur condition.\"","authors":["Rachel m. Hartig"],"category_codes":["1000000","1060000","1060200"],"visuals":{"large":"https:\/\/images.epagine.fr\/077\/9791090014077_1_75.jpg","medium":"https:\/\/images.epagine.fr\/077\/9791090014077_1_m.jpg","thumbnail":"https:\/\/images.epagine.fr\/077\/9791090014077_1_v.jpg"},"orderable":true,"show_badge":true,"formatted_price":"17,00&nbsp;\u20ac","formatted_published_date":"20 avril 2013","publisher_availability_label":"Sur commande","short_details":"Rachel m. Hartig \u2014 Airelle","translator":null,"weight":270,"page_count":172,"readership":null,"editor":"Airelle","price":1700,"published_date":"2013-04-19T22:00:00.000000Z","support":"Grand format","publisher_availability":1,"stock":0,"editions":[],"url":"https:\/\/quaidesbrumes.com\/ouvrage\/9791090014077\/franchir-le-fosse"},{"id":"9782875571687","title":"Je drague sur le net et \u00e7a marche !","description":"Ce livre propose : \r\nUn t\u00e9moignage dr\u00f4le et in\u00e9dit d'une femme divorc\u00e9e qui s'essaye aux rencontres sur le net. \r\nUn panorama de situations auxquelles toute personne inscrite sur un site de rencontre peut \u00eatre confront\u00e9e. \r\nDes conseils originaux et utiles.","authors":["Chantal Bauwens"],"category_codes":["1000000","1060000","1060300"],"visuals":{"large":"https:\/\/images.epagine.fr\/687\/9782875571687_1_75.jpg","medium":"https:\/\/images.epagine.fr\/687\/9782875571687_1_m.jpg","thumbnail":"https:\/\/images.epagine.fr\/687\/9782875571687_1_v.jpg"},"orderable":true,"show_badge":true,"formatted_price":"15,00&nbsp;\u20ac","formatted_published_date":"9 juillet 2015","publisher_availability_label":"Sur commande","short_details":"Chantal Bauwens \u2014 LA BOITE A PANDORE","translator":null,"weight":347,"page_count":270,"readership":null,"editor":"LA BOITE A PANDORE","price":1500,"published_date":"2015-07-08T22:00:00.000000Z","support":"Grand format","publisher_availability":1,"stock":0,"editions":[],"url":"https:\/\/quaidesbrumes.com\/ouvrage\/9782875571687\/je-drague-sur-le-net-et-ca-marche"},{"id":"9782343056418","title":"Controverses du travail social en France et en Allemagne ; par-del\u00e0 les id\u00e9es re\u00e7ues","description":"Repoussoir pour certains, mod\u00e8le pour d'autres, l'Allemagne concentre les regards depuis plusieurs ann\u00e9es. On aura bien s\u00fbr entendu parler du \"mod\u00e8le social allemand\" au coeur duquel semble r\u00e9gner la recherche de consensus. Mais qu'en connait-on r\u00e9ellement ? Peu de chose, et cela est d'autant plus dommageable que les \u00e9volutions parall\u00e8les des mod\u00e8les sociaux fran\u00e7ais et allemands sont loin d'\u00eatre aussi divergents qu'on le croit.Il s'agira ici d'\u00e9tablir une passerelle entre ces deux rives et d'interroger les th\u00e9ories et pratiques du travail social \u00e0 l'oeuvre dans chacun de ces pays.","authors":["Collectif"],"category_codes":["1000000","1060000","1060300"],"visuals":{"large":"https:\/\/images.epagine.fr\/418\/9782343056418_1_75.jpg","medium":"https:\/\/images.epagine.fr\/418\/9782343056418_1_m.jpg","thumbnail":"https:\/\/images.epagine.fr\/418\/9782343056418_1_v.jpg"},"orderable":true,"show_badge":true,"formatted_price":"27,00&nbsp;\u20ac","formatted_published_date":"24 mars 2015","publisher_availability_label":"Sur commande","short_details":"Collectif \u2014 \u00c9ditions L'Harmattan","translator":null,"weight":325,"page_count":258,"readership":null,"editor":"\u00c9ditions L'Harmattan","price":2700,"published_date":"2015-03-23T23:00:00.000000Z","support":"Grand format","publisher_availability":1,"stock":0,"editions":[],"url":"https:\/\/quaidesbrumes.com\/ouvrage\/9782343056418\/controverses-du-travail-social-en-france-et-en-allemagne-par-dela-les-idees-recues"},{"id":"9791092733013","title":"Les amours du leopard","description":null,"authors":["Lezier Denise"],"category_codes":["1000000","1060000","1060100"],"visuals":{"large":"https:\/\/images.epagine.fr\/013\/9791092733013_1_75.jpg","medium":"https:\/\/images.epagine.fr\/013\/9791092733013_1_m.jpg","thumbnail":"https:\/\/images.epagine.fr\/013\/9791092733013_1_v.jpg"},"orderable":true,"show_badge":true,"formatted_price":"30,00&nbsp;\u20ac","formatted_published_date":"20 mars 2015","publisher_availability_label":"Sur commande","short_details":"Lezier Denise \u2014 Ibacom","translator":null,"weight":300,"page_count":null,"readership":null,"editor":"Ibacom","price":3000,"published_date":"2015-03-19T23:00:00.000000Z","support":"Grand format","publisher_availability":1,"stock":0,"editions":[],"url":"https:\/\/quaidesbrumes.com\/ouvrage\/9791092733013\/les-amours-du-leopard"},{"id":"9782369422150","title":"Confessions d'un braqueur ; casse de Nice, vol de 119 Picasso, banques, fourgons postaux...","description":"Impliqu\u00e9 dans de nombreux braquages depuis son plus jeune \u00e2ge, r\u00e9cidiviste par \u00abbesoin d'adr\u00e9naline\u00bb, l'auteur s'est depuis \u00e9loign\u00e9 du monde du banditisme. Il livre ici son t\u00e9moignage sur cette partie de sa vie.","authors":["Didier Caulier","Philippe Durant"],"category_codes":["1000000","1060000","1060300"],"visuals":{"large":"https:\/\/images.epagine.fr\/150\/9782369422150_1_75.jpg","medium":"https:\/\/images.epagine.fr\/150\/9782369422150_1_m.jpg","thumbnail":"https:\/\/images.epagine.fr\/150\/9782369422150_1_v.jpg"},"orderable":true,"show_badge":true,"formatted_price":"9,00&nbsp;\u20ac","formatted_published_date":"25 juin 2015","publisher_availability_label":"Sur commande","short_details":"Didier Caulier, Philippe Durant \u2014 Nouveau Monde \u00c9ditions","translator":null,"weight":214,"page_count":200,"readership":null,"editor":"Nouveau Monde \u00c9ditions","price":900,"published_date":"2015-06-24T22:00:00.000000Z","support":"Poche","publisher_availability":1,"stock":0,"editions":[],"url":"https:\/\/quaidesbrumes.com\/ouvrage\/9782369422150\/confessions-dun-braqueur-casse-de-nice-vol-de-119-picasso-banques-fourgons-postaux"},{"id":"9782806102119","title":"Peaux blanches, racines noires ; le tourisme chamnique de l'iboga au Gabon","description":"Par quels processus historiques et culturels un rite initiatique gabonais, le bwiti, r\u00e9prim\u00e9 pendant la colonisation, incarne d\u00e9sormais une forme de \"chamanisme\" africain sur la sc\u00e8ne internationale, b\u00e9n\u00e9ficiant d'une image enchant\u00e9e et salvatrice ? Le bwiti, et surtout l'iboga, la plante psychotrope dont on ing\u00e8re les racines pendant le rituel, sont aujourd'hui r\u00e9investis non seulement par des intellectuels et le gouvernement gabonais, mais aussi par un microcosme franco-gabonais d'initiateurs et d'initi\u00e9s.","authors":["Nad\u00e8ge Chabloz"],"category_codes":["1000000","1060000","1060300"],"visuals":{"large":"https:\/\/images.epagine.fr\/119\/9782806102119_1_75.jpg","medium":"https:\/\/images.epagine.fr\/119\/9782806102119_1_m.jpg","thumbnail":"https:\/\/images.epagine.fr\/119\/9782806102119_1_v.jpg"},"orderable":true,"show_badge":true,"formatted_price":"27,00&nbsp;\u20ac","formatted_published_date":"17 d\u00e9cembre 2014","publisher_availability_label":"Sur commande","short_details":"Nad\u00e8ge Chabloz \u2014 ACADEMIA","translator":null,"weight":295,"page_count":242,"readership":null,"editor":"ACADEMIA","price":2700,"published_date":"2014-12-16T23:00:00.000000Z","support":"Grand format","publisher_availability":1,"stock":0,"editions":[],"url":"https:\/\/quaidesbrumes.com\/ouvrage\/9782806102119\/peaux-blanches-racines-noires-le-tourisme-chamnique-de-liboga-au-gabon"},{"id":"9782322016228","title":"Rien ne m'emp\u00eachera","description":"Je ne sais plus exactement quel \u00e9tait le but premier de ce livre quand je l'ai commenc\u00e9. Il en ressort aujourd'hui un t\u00e9moignage sur deux moments marquants de ma vie : ma jeunesse heureuse, qui rend hommage \u00e0 mes parents, et mes premiers pas d'adulte qui ont parfois vir\u00e9 au cauchemar. Les deux parties sont li\u00e9es par un paradoxe que j'essaye d'expliquer dans ces quelques lignes. J'ai d\u00e9sir\u00e9 int\u00e9grer, \u00e0 la suite de mon r\u00e9cit, un t\u00e9moignage de mon p\u00e8re dans ses ann\u00e9es de guerre. Comme moi, il a voulu que ne ressorte et ne reste qu'un sentiment de bonheur malgr\u00e9 les vicissitudes de la vie. Cette oeuvre familiale ne serait compl\u00e8te sans un po\u00e8me \u00e9crit par ma m\u00e8re, Madeleine, suivi de mon recueil de po\u00e9sies.","authors":["Fran\u00e7ois Daragn\u00e8s"],"category_codes":["1000000","1060000","1060100"],"visuals":{"large":"https:\/\/images.epagine.fr\/228\/9782322016228_1_75.jpg","medium":"https:\/\/images.epagine.fr\/228\/9782322016228_1_m.jpg","thumbnail":"https:\/\/images.epagine.fr\/228\/9782322016228_1_v.jpg"},"orderable":true,"show_badge":true,"formatted_price":"10,40&nbsp;\u20ac","formatted_published_date":"23 mars 2015","publisher_availability_label":"Sur commande","short_details":"Fran\u00e7ois Daragn\u00e8s \u2014 Books on Demand","translator":null,"weight":201,"page_count":136,"readership":null,"editor":"Books on Demand","price":1040,"published_date":"2015-03-22T23:00:00.000000Z","support":"Grand format","publisher_availability":1,"stock":0,"editions":[],"url":"https:\/\/quaidesbrumes.com\/ouvrage\/9782322016228\/rien-ne-mempechera"},{"id":"9782940393664","title":"William blake - painter poet","description":"Editor's NotesWilliam Blake was a mystic artist, who lived in an imaginary dreamland. The dream of art was his life and breath. People of his time called him crazy. Only later did the world know him as an artist genius, one who lived for art, and celebrated him. Today's world celebrates his epic poems and paintings. There is much new English research on these.This mystic artist's life and words will continue to live in our literature. Kavi Yogi Dr. Shuddhananda Bharati in this book describes the history, poems and art of William Blake.This book clearly describes how a real artist would be.Let this artistic book of the divine karpaga tree flourish in the grove of renaissance!Editions ASSA, Christian Piaget","authors":["Bharati Shuddhananda"],"category_codes":["1000000","1060000","1060200"],"visuals":{"large":"https:\/\/images.epagine.fr\/664\/9782940393664_1_75.jpg","medium":"https:\/\/images.epagine.fr\/664\/9782940393664_1_m.jpg","thumbnail":"https:\/\/images.epagine.fr\/664\/9782940393664_1_v.jpg"},"orderable":true,"show_badge":true,"formatted_price":"11,50&nbsp;\u20ac","formatted_published_date":"11 d\u00e9cembre 2014","publisher_availability_label":"Sur commande","short_details":"Bharati Shuddhananda \u2014 Assa","translator":null,"weight":170,"page_count":null,"readership":null,"editor":"Assa","price":1150,"published_date":"2014-12-10T23:00:00.000000Z","support":"Grand format","publisher_availability":1,"stock":0,"editions":[],"url":"https:\/\/quaidesbrumes.com\/ouvrage\/9782940393664\/william-blake-painter-poet"},{"id":"9782343054872","title":"Famille et soci\u00e9t\u00e9 ; \u00e9volution des structures, des fonctions de la famille et devenir de l'institution","description":"La famille est d\u00e9finie comme \u00e9tant le groupe social visant \u00e0 assurer principalement \u00e0 ses membres une certaine s\u00e9curit\u00e9 affective et la meilleure insertion possible dans la soci\u00e9t\u00e9. L'auteur tente de fixer les traits fondamentaux de la famille moderne, d'indiquer les facteurs susceptibles d'expliquer les \u00e9volutions dans la soci\u00e9t\u00e9 contemporaine. Il invite \u00e0 admettre qu'il n'existe pas qu'un seul mod\u00e8le de famille. Ce qui importe, c'est la n\u00e9cessit\u00e9, autour de tout \u00eatre humain - enfant comme adulte - d'une structure permanente, d'un monde familier, familial.","authors":["Roger Benjamin"],"category_codes":["1000000","1060000","1060300"],"visuals":{"large":"https:\/\/images.epagine.fr\/872\/9782343054872_1_75.jpg","medium":"https:\/\/images.epagine.fr\/872\/9782343054872_1_m.jpg","thumbnail":"https:\/\/images.epagine.fr\/872\/9782343054872_1_v.jpg"},"orderable":true,"show_badge":true,"formatted_price":"14,50&nbsp;\u20ac","formatted_published_date":"21 janvier 2015","publisher_availability_label":"Sur commande","short_details":"Roger Benjamin \u2014 \u00c9ditions L'Harmattan","translator":null,"weight":170,"page_count":128,"readership":null,"editor":"\u00c9ditions L'Harmattan","price":1450,"published_date":"2015-01-20T23:00:00.000000Z","support":"Grand format","publisher_availability":1,"stock":0,"editions":[],"url":"https:\/\/quaidesbrumes.com\/ouvrage\/9782343054872\/famille-et-societe-evolution-des-structures-des-fonctions-de-la-famille-et-devenir-de-linstitution"},{"id":"9782360850617","title":"Diversit\u00e9 et participation","description":"L'ouverture interculturelle est devenue une exigence qui concerne aussi l'action sociale internationale \u00e0 destination des jeunes. Cet ouvrage aborde la m\u00e9thodologie, les d\u00e9bats scientifiques sur les quartiers marginalis\u00e9s, les ressources et les \"capacit\u00e9s d'agir\" de ces jeunes, la politique d'int\u00e9gration et les possibilit\u00e9s et limites de l'action sociale en France et en Allemagne. \u00c0 la fois th\u00e9orique et fourmillant de situations concr\u00e8tes, cet ouvrage int\u00e9ressera les travailleurs sociaux et les d\u00e9cideurs politiques.","authors":["Collectif"],"category_codes":["1000000","1060000","1060300"],"visuals":{"large":"https:\/\/images.epagine.fr\/617\/9782360850617_1_75.jpg","medium":"https:\/\/images.epagine.fr\/617\/9782360850617_1_m.jpg","thumbnail":"https:\/\/images.epagine.fr\/617\/9782360850617_1_v.jpg"},"orderable":true,"show_badge":true,"formatted_price":"24,00&nbsp;\u20ac","formatted_published_date":"5 mars 2015","publisher_availability_label":"Sur commande","short_details":"Collectif \u2014 Teraedre","translator":null,"weight":330,"page_count":204,"readership":null,"editor":"Teraedre","price":2400,"published_date":"2015-03-04T23:00:00.000000Z","support":"Grand format","publisher_availability":1,"stock":0,"editions":[],"url":"https:\/\/quaidesbrumes.com\/ouvrage\/9782360850617\/diversite-et-participation"},{"id":"9782315006311","title":"Papa, pourquoi les papas \u00e7a sert \u00e0 rien ?","description":"Futur papa contemplatif et na\u00eff malgr\u00e9 un couple vacillant, \u00c9ric Landroy se voit, apr\u00e8s la naissance de son fils et la s\u00e9paration, pris dans un engrenage judiciaire des plus dysfonctionnants. Depuis 2010, il voit son enfant grandir par bonds deux samedis par mois. Expuls\u00e9 de chez lui, perdu dans les proc\u00e9dures judiciaires, abus\u00e9 par les avocats, ballot\u00e9 de tribunal en tribunal, il vit un cauchemar. D\u00e9termin\u00e9 \u00e0 ne pas abandonner son r\u00f4le de p\u00e8re, il se rend alors dans plusieurs associations susceptibles de l'aider et y d\u00e9couvre un monde inconnu.\r\nIl r\u00e9alise alors la banalit\u00e9 consternante de sa situation, son histoire se r\u00e9p\u00e8te \u00e0 l'identique pour des milliers d'autres p\u00e8res insuffisamment consid\u00e9r\u00e9s par la justice.\r\nSon t\u00e9moignage, \u00e0 la fois pragmatique et passionn\u00e9 nous ouvre les portes d'un territoire inconnu et nous fait entrer dans les coulisses de l'univers partag\u00e9 par tant de p\u00e8res.","authors":["Eric Landroy"],"category_codes":["1000000","1060000","1060300"],"visuals":{"large":"https:\/\/images.epagine.fr\/311\/9782315006311_1_75.jpg","medium":"https:\/\/images.epagine.fr\/311\/9782315006311_1_m.jpg","thumbnail":"https:\/\/images.epagine.fr\/311\/9782315006311_1_v.jpg"},"orderable":true,"show_badge":true,"formatted_price":"18,00&nbsp;\u20ac","formatted_published_date":"26 mars 2015","publisher_availability_label":"Sur commande","short_details":"Eric Landroy \u2014 MAX MILO","translator":null,"weight":340,"page_count":224,"readership":null,"editor":"MAX MILO","price":1800,"published_date":"2015-03-25T23:00:00.000000Z","support":"Grand format","publisher_availability":1,"stock":0,"editions":[],"url":"https:\/\/quaidesbrumes.com\/ouvrage\/9782315006311\/papa-pourquoi-les-papas-ca-sert-a-rien"},{"id":"9782353212781","title":"Je ne vous ai pas abandonnes","description":null,"authors":["Denise Houset"],"category_codes":["1000000","1060000","1060100"],"visuals":{"large":"https:\/\/quaidesbrumes.com\/img\/book-placeholder.png","medium":"https:\/\/quaidesbrumes.com\/img\/book-placeholder.png","thumbnail":"https:\/\/quaidesbrumes.com\/img\/book-placeholder.png"},"orderable":true,"show_badge":true,"formatted_price":"14,90&nbsp;\u20ac","formatted_published_date":"21 janvier 2015","publisher_availability_label":"Sur commande","short_details":"Denise Houset \u2014 SCRIPTA","translator":null,"weight":240,"page_count":null,"readership":null,"editor":"SCRIPTA","price":1490,"published_date":"2015-01-20T23:00:00.000000Z","support":"Grand format","publisher_availability":1,"stock":0,"editions":[],"url":"https:\/\/quaidesbrumes.com\/ouvrage\/9782353212781\/je-ne-vous-ai-pas-abandonnes"},{"id":"9782343050140","title":"Plus que la fraternit\u00e9 ; plaidoyer pour une croissance sociale et morale","description":"Voici le t\u00e9moignage d'un haut fonctionnaire, homme engag\u00e9 et passionn\u00e9 qui va, depuis plus de trente ans, \u00e0 la rencontre des autres et notamment des exclus, des oubli\u00e9s. Dans cet essai, il met \u00e0 profit son exp\u00e9rience au c\u00f4t\u00e9 des plus d\u00e9munis pour esquisser des propositions susceptibles d'aider la France \u00e0 sortir de la crise plurielle qu'elle traverse en faisant de la restauration de la morale le vecteur d'une v\u00e9ritable croissance sociale.","authors":["Jean-christophe Parisot de bayard"],"category_codes":["1000000","1060000","1060300"],"visuals":{"large":"https:\/\/images.epagine.fr\/140\/9782343050140_1_75.jpg","medium":"https:\/\/images.epagine.fr\/140\/9782343050140_1_m.jpg","thumbnail":"https:\/\/images.epagine.fr\/140\/9782343050140_1_v.jpg"},"orderable":true,"show_badge":true,"formatted_price":"14,50&nbsp;\u20ac","formatted_published_date":"20 janvier 2015","publisher_availability_label":"Sur commande","short_details":"Jean-christophe Parisot de bayard \u2014 \u00c9ditions L'Harmattan","translator":null,"weight":160,"page_count":128,"readership":null,"editor":"\u00c9ditions L'Harmattan","price":1450,"published_date":"2015-01-19T23:00:00.000000Z","support":"Grand format","publisher_availability":1,"stock":0,"editions":[],"url":"https:\/\/quaidesbrumes.com\/ouvrage\/9782343050140\/plus-que-la-fraternite-plaidoyer-pour-une-croissance-sociale-et-morale"},{"id":"9782810006298","title":"Faut-il quitter Marseille ?","description":"Jos\u00e9 D'Arrigo a consacr\u00e9 un an \u00e0 rencontrer des habitants de Marseille, de tous horizons, tous \u00e2ges, toutes confessions, toutes professions. Les Marseillais sont angoiss\u00e9s. Ils ont le sentiment que leur ville est en train de partir en \u00ab biberine \u00bb comme on dit sur le Vieux Port. Depuis quarante ou cinquante ans, ils hurlent dans le d\u00e9sert. Ins\u00e9curit\u00e9, immigration, ch\u00f4mage, pauvret\u00e9, salet\u00e9, trafics : les politiques promettent de se saisir de ces probl\u00e8mes r\u00e9currents pour mieux \u00e9viter de les r\u00e9soudre.\r\nLa ville s'enlise, elle perd pied, mais selon Jos\u00e9 D'Arrigo, le naufrage serait non seulement spectaculaire mais probablement contagieux. Pour la premi\u00e8re fois de leur vie, un tr\u00e8s grand nombre de Marseillais se demandent si, la mort dans l'\u00e2me, ils ne vont pas quitter Marseille","authors":["Jos\u00e9 d' Arrigo"],"category_codes":["1000000","1060000","1060300"],"visuals":{"large":"https:\/\/images.epagine.fr\/298\/9782810006298_1_75.jpg","medium":"https:\/\/images.epagine.fr\/298\/9782810006298_1_m.jpg","thumbnail":"https:\/\/images.epagine.fr\/298\/9782810006298_1_v.jpg"},"orderable":true,"show_badge":true,"formatted_price":"18,00&nbsp;\u20ac","formatted_published_date":"29 avril 2015","publisher_availability_label":"Sur commande","short_details":"Jos\u00e9 d' Arrigo \u2014 TOUCAN","translator":null,"weight":314,"page_count":240,"readership":null,"editor":"TOUCAN","price":1800,"published_date":"2015-04-28T22:00:00.000000Z","support":"Grand format","publisher_availability":1,"stock":0,"editions":[],"url":"https:\/\/quaidesbrumes.com\/ouvrage\/9782810006298\/faut-il-quitter-marseille"},{"id":"9782810006526","title":"Flics et corses ; grosses affaires et coups tordus","description":"Charles Pellegrini est n\u00e9 dans un petit village corse. Il a eu assez t\u00f4t la \u00ab vocation \u00bb polici\u00e8re, chose plus fr\u00e9quente qu'on ne le croit sur l'\u00eele de beaut\u00e9. Car, si l'on entend souvent parler des gangsters corses, il faut remarquer que les policiers de haut rang d'origine insulaire ne sont pas rares. Se connaissent-ils ? S'appr\u00e9cient-ils ? Est-ce que leurs racines et leurs contacts leur sont utiles ?\r\nJean-Louis Fiamenghi, patron du RAID, Ange Mancini, ancien patron de la PJ, Georges Nicola\u00ef ou Bernard Squarcini, autant de confr\u00e8res avec qui Charles Pellegrini a souvent travaill\u00e9, pour le meilleur .ou pour le moins simple ! Ce sont leurs enqu\u00eates, en Corse et sur le continent, qu'il raconte ici pour la premi\u00e8re fois.","authors":["Charles Pellegrini"],"category_codes":["1000000","1060000","1060300"],"visuals":{"large":"https:\/\/images.epagine.fr\/526\/9782810006526_1_75.jpg","medium":"https:\/\/images.epagine.fr\/526\/9782810006526_1_m.jpg","thumbnail":"https:\/\/images.epagine.fr\/526\/9782810006526_1_v.jpg"},"orderable":true,"show_badge":true,"formatted_price":"18,00&nbsp;\u20ac","formatted_published_date":"24 juin 2015","publisher_availability_label":"Sur commande","short_details":"Charles Pellegrini \u2014 TOUCAN","translator":null,"weight":290,"page_count":224,"readership":null,"editor":"TOUCAN","price":1800,"published_date":"2015-06-23T22:00:00.000000Z","support":"Grand format","publisher_availability":1,"stock":0,"editions":[],"url":"https:\/\/quaidesbrumes.com\/ouvrage\/9782810006526\/flics-et-corses-grosses-affaires-et-coups-tordus"},{"id":"9782847124286","title":"Jacques Coeur l'inconnu","description":"\u00c0 la t\u00eate d'une flotte de tankers et de porte-containers, il serait aujourd'hui dans le top dix des milliardaires, et peut-\u00eatre, au choix, ministre du commerce ext\u00e9rieur, secr\u00e9taire d'\u00c9tat au budget, pr\u00e9sident d'une banque internationale, et, pourquoi pas, pr\u00e9sident de l'Organisation mondiale du commerce...","authors":["Jean Goblet"],"category_codes":["1000000","1060000","1060200"],"visuals":{"large":"https:\/\/images.epagine.fr\/286\/9782847124286_1_75.jpg","medium":"https:\/\/images.epagine.fr\/286\/9782847124286_1_m.jpg","thumbnail":"https:\/\/images.epagine.fr\/286\/9782847124286_1_v.jpg"},"orderable":true,"show_badge":true,"formatted_price":"15,00&nbsp;\u20ac","formatted_published_date":"5 janvier 2015","publisher_availability_label":"Sur commande","short_details":"Jean Goblet \u2014 Petit Pave","translator":null,"weight":240,"page_count":108,"readership":null,"editor":"Petit Pave","price":1500,"published_date":"2015-01-04T23:00:00.000000Z","support":"Grand format","publisher_availability":1,"stock":0,"editions":[],"url":"https:\/\/quaidesbrumes.com\/ouvrage\/9782847124286\/jacques-coeur-linconnu"},{"id":"9782352042785","title":"N\u00e9e sous les \u00e9toiles","description":"Nathana\u00eblle a v\u00e9cu une enfance heureuse \u00e0 La R\u00e9union, jusqu'\u00e0 l'intrusion de la maladie dans sa vie. Elle raconte le cancer, les traitements, les rechutes, les erreurs m\u00e9dicales, jusqu'aux greffes du coeur et du rein. A l'\u00e2ge de 18 ans, elle se souvient de tout et \u00e9voque son d\u00e9sir de se lancer dans des \u00e9tudes de m\u00e9decine pour, \u00e0 son tour, aider les autres.\r","authors":["Nathana\u00eblle Arginthe"],"category_codes":["1000000","1060000","1060300"],"visuals":{"large":"https:\/\/images.epagine.fr\/785\/9782352042785_1_75.jpg","medium":"https:\/\/images.epagine.fr\/785\/9782352042785_1_m.jpg","thumbnail":"https:\/\/images.epagine.fr\/785\/9782352042785_1_v.jpg"},"orderable":true,"show_badge":true,"formatted_price":"19,90&nbsp;\u20ac","formatted_published_date":"3 octobre 2013","publisher_availability_label":"Sur commande","short_details":"Nathana\u00eblle Arginthe \u2014 \u00c9ditions Les Ar\u00e8nes","translator":null,"weight":628,"page_count":462,"readership":null,"editor":"\u00c9ditions Les Ar\u00e8nes","price":1990,"published_date":"2013-10-02T22:00:00.000000Z","support":"Grand format","publisher_availability":1,"stock":0,"editions":[],"url":"https:\/\/quaidesbrumes.com\/ouvrage\/9782352042785\/nee-sous-les-etoiles"},{"id":"9782911991783","title":"Le lien au lieu ; actes de la chaire de m\u00e9sologie de l\u2019Universit\u00e9 de Corse","description":"Entre tous, c'est bien le lien au lieu que la modernit\u00e9 a le plus malmen\u00e9. Plus la mobilit\u00e9 devenait l'\u00e9tendard de l'\u00e9mancipation, moins il faisait bon proclamer un attachement \u00e0 un territoire, et pire, le justifier ontologiquement. Pourtant - et parce que - cette relation est fondatrice, dans nombre de territoires caract\u00e9ristiques, elle a continu\u00e9 \u00e0 faire entendre sa petite musique localiste. En Corse, sur \u00ab?cette montagne dans la mer?\u00bb, la soci\u00e9t\u00e9 se construit aussi par son lien au lieu. La culture en t\u00e9moigne et nos lendemains en d\u00e9pendent. \u00c0 l'heure o\u00f9 les \u00e9quilibres entre environnement et soci\u00e9t\u00e9 se red\u00e9finissent du fait d'un certain d\u00e9veloppement, les questions d'am\u00e9nagement de l'espace deviennent cruciales et invitent \u00e0 un dialogue f\u00e9cond entre praticiens, penseurs et metteurs en sc\u00e8ne de l'espace.","authors":["Augustin Berque"],"category_codes":["1000000","1060000","1060300"],"visuals":{"large":"https:\/\/images.epagine.fr\/783\/9782911991783_1_75.jpg","medium":"https:\/\/images.epagine.fr\/783\/9782911991783_1_m.jpg","thumbnail":"https:\/\/images.epagine.fr\/783\/9782911991783_1_v.jpg"},"orderable":true,"show_badge":true,"formatted_price":"22,00&nbsp;\u20ac","formatted_published_date":"20 d\u00e9cembre 2014","publisher_availability_label":"Sur commande","short_details":"Augustin Berque \u2014 Eoliennes","translator":null,"weight":501,"page_count":304,"readership":null,"editor":"Eoliennes","price":2200,"published_date":"2014-12-19T23:00:00.000000Z","support":"Grand format","publisher_availability":1,"stock":0,"editions":[],"url":"https:\/\/quaidesbrumes.com\/ouvrage\/9782911991783\/le-lien-au-lieu-actes-de-la-chaire-de-mesologie-de-luniversite-de-corse"}]}