{"data":[{"id":"9782343044477","title":"D'ombres et de lumi\u00e8re, \u00e9vocations autobiographiques d'un naturaliste","description":"Apr\u00e8s divers \u00e9crits naturalistes publi\u00e9s r\u00e9cemment chez le m\u00eame \u00e9diteur, l'auteur relate ici diverses circonstances qui ont accompagn\u00e9 son enfance, puis sa vie priv\u00e9e et professionnelle. Il raconte des moments lumineux de son existence: vie sentimentale, d\u00e9couvertes au sein des r\u00e8gnes de la nature; mais il \u00e9voque aussi divers aspects sombres de son pass\u00e9; la maladie, la guerre, la perte, ainsi que les raisons de son rejet des croyances et pratiques qui lui furent impos\u00e9es au sein du milieu catholique familiale.\r","authors":["Yves Delange"],"category_codes":["1000000","1060000","1060100"],"visuals":{"large":"https:\/\/images.epagine.fr\/477\/9782343044477_1_75.jpg","medium":"https:\/\/images.epagine.fr\/477\/9782343044477_1_m.jpg","thumbnail":"https:\/\/images.epagine.fr\/477\/9782343044477_1_v.jpg"},"orderable":true,"show_badge":true,"formatted_price":"18,50&nbsp;\u20ac","formatted_published_date":"24 novembre 2014","publisher_availability_label":"Sur commande","short_details":"Yves Delange \u2014 \u00c9ditions L'Harmattan","translator":null,"weight":220,"page_count":170,"readership":null,"editor":"\u00c9ditions L'Harmattan","price":1850,"published_date":"2014-11-23T23:00:00.000000Z","support":"Grand format","publisher_availability":1,"stock":0,"editions":[],"url":"https:\/\/quaidesbrumes.com\/ouvrage\/9782343044477\/dombres-et-de-lumiere-evocations-autobiographiques-dun-naturaliste"},{"id":"9782343046747","title":"Questions de migrations et de sant\u00e9 en Afrique sub saharienne","description":"Des experts fran\u00e7ais et japonais, sp\u00e9cialistes des migrations internationales ou de la sant\u00e9 en Afrique subsaharienne, se sont r\u00e9unis en 2014 \u00e0 Osaka pour faire le bilan de leurs recherches. Ils y associent en particulier d\u00e9mographie, \u00e9pid\u00e9miologie, anthropologie, g\u00e9ographie, droit et science politique. Si leurs recherches convergent, les sp\u00e9cificit\u00e9s des contextes mettent en \u00e9vidence la n\u00e9cessit\u00e9 de contextualiser les analyses des comportements des individus migrants.\r","authors":["Yves Charbit","Teiko Mishima"],"category_codes":["1000000","1060000","1060300"],"visuals":{"large":"https:\/\/images.epagine.fr\/747\/9782343046747_1_75.jpg","medium":"https:\/\/images.epagine.fr\/747\/9782343046747_1_m.jpg","thumbnail":"https:\/\/images.epagine.fr\/747\/9782343046747_1_v.jpg"},"orderable":true,"show_badge":true,"formatted_price":"27,00&nbsp;\u20ac","formatted_published_date":"21 novembre 2014","publisher_availability_label":"Sur commande","short_details":"Yves Charbit, Teiko Mishima \u2014 \u00c9ditions L'Harmattan","translator":null,"weight":375,"page_count":242,"readership":null,"editor":"\u00c9ditions L'Harmattan","price":2700,"published_date":"2014-11-20T23:00:00.000000Z","support":"Grand format","publisher_availability":1,"stock":0,"editions":[],"url":"https:\/\/quaidesbrumes.com\/ouvrage\/9782343046747\/questions-de-migrations-et-de-sante-en-afrique-sub-saharienne"},{"id":"9782343041087","title":"La violence conjugale au Congo-Brazzaville ; de la tradition \u00e0 la modernit\u00e9","description":"Qu'est-ce que la violence conjugale ? Comment se manifeste-t-elle ? Quelles en sont les causes ? Quel sens les femmes victimes de violences donnent-elles \u00e0 cet \u00e9tat de fait ? Quel accompagnement social ? Cet ouvrage propose un voyage en R\u00e9publique du Congo-Brazzaville pour montrer l'autre face de la domination masculine et pour d\u00e9couvrir en quoi la coutume peut aussi perp\u00e9tuer des formes de violences caract\u00e9ris\u00e9es. Il est aussi un appel pour dire NON \u00e0 la violence.\r","authors":["Emmanuel Jovelin","Elisabeth Prieur"],"category_codes":["1000000","1060000","1060300"],"visuals":{"large":"https:\/\/images.epagine.fr\/087\/9782343041087_1_75.jpg","medium":"https:\/\/images.epagine.fr\/087\/9782343041087_1_m.jpg","thumbnail":"https:\/\/images.epagine.fr\/087\/9782343041087_1_v.jpg"},"orderable":true,"show_badge":true,"formatted_price":"22,50&nbsp;\u20ac","formatted_published_date":"4 d\u00e9cembre 2014","publisher_availability_label":"Sur commande","short_details":"Emmanuel Jovelin, Elisabeth Prieur \u2014 \u00c9ditions L'Harmattan","translator":null,"weight":255,"page_count":208,"readership":null,"editor":"\u00c9ditions L'Harmattan","price":2250,"published_date":"2014-12-03T23:00:00.000000Z","support":"Grand format","publisher_availability":1,"stock":0,"editions":[],"url":"https:\/\/quaidesbrumes.com\/ouvrage\/9782343041087\/la-violence-conjugale-au-congo-brazzaville-de-la-tradition-a-la-modernite"},{"id":"9782812706554","title":"Une famille des trois marabouts dans la guerre d'algerie (1945-1962)","description":null,"authors":["Manuel Garido"],"category_codes":["1000000","1060000","1060100"],"visuals":{"large":"https:\/\/quaidesbrumes.com\/img\/book-placeholder.png","medium":"https:\/\/quaidesbrumes.com\/img\/book-placeholder.png","thumbnail":"https:\/\/quaidesbrumes.com\/img\/book-placeholder.png"},"orderable":true,"show_badge":true,"formatted_price":"26,00&nbsp;\u20ac","formatted_published_date":"25 f\u00e9vrier 2015","publisher_availability_label":"Sur commande","short_details":"Manuel Garido \u2014 Presses Du Midi","translator":null,"weight":1055,"page_count":null,"readership":null,"editor":"Presses Du Midi","price":2600,"published_date":"2015-02-24T23:00:00.000000Z","support":"Grand format","publisher_availability":1,"stock":0,"editions":[],"url":"https:\/\/quaidesbrumes.com\/ouvrage\/9782812706554\/une-famille-des-trois-marabouts-dans-la-guerre-dalgerie-1945-1962"},{"id":"9782343050461","title":"Le couple rythm\u00e9 par ses crises ; une regard crois\u00e9 entre une sociologue et une th\u00e9rapeute de famille","description":"Ce livre entend questionner quelques grandes crises que traversent les couples aujourd'hui, de la formation du couple \u00e0 la retraite, en passant par la naissance des enfants, les recompositions familiales, et l'impact des nouvelles technologies. L'originalit\u00e9 de cette \u00e9tude r\u00e9side dans le double regard qui est port\u00e9 : celui d'une sociologue qui s'interroge sur le couple et la famille et celui d'un th\u00e9rapeute d'inspiration syst\u00e9mique.\r","authors":["Bernadette Bawin-legros","Hannelore Schrod"],"category_codes":["1000000","1060000","1060300"],"visuals":{"large":"https:\/\/images.epagine.fr\/461\/9782343050461_1_75.jpg","medium":"https:\/\/images.epagine.fr\/461\/9782343050461_1_m.jpg","thumbnail":"https:\/\/images.epagine.fr\/461\/9782343050461_1_v.jpg"},"orderable":true,"show_badge":true,"formatted_price":"18,50&nbsp;\u20ac","formatted_published_date":"12 janvier 2015","publisher_availability_label":"Sur commande","short_details":"Bernadette Bawin-legros, Hannelore Schrod \u2014 \u00c9ditions L'Harmattan","translator":null,"weight":216,"page_count":166,"readership":null,"editor":"\u00c9ditions L'Harmattan","price":1850,"published_date":"2015-01-11T23:00:00.000000Z","support":"Grand format","publisher_availability":1,"stock":0,"editions":[],"url":"https:\/\/quaidesbrumes.com\/ouvrage\/9782343050461\/le-couple-rythme-par-ses-crises-une-regard-croise-entre-une-sociologue-et-une-therapeute-de-famille"},{"id":"9782343050768","title":"L'\u00e9ducation au Cameroun entr crises et ajustements \u00e9conomiques","description":"Cet ouvrage proc\u00e8de \u00e0 la mesure des param\u00e8tres du d\u00e9veloppement \u00e9ducatif, de rendement scolaire et des possibilit\u00e9s d'insertion des jeunes issus du syst\u00e8me \u00e9ducatif dans les secteurs productifs de l'\u00e9conomie nationale en p\u00e9riode d'ajustement \u00e9conomique. Puis il en tire des enseignements de politique \u00e9ducative dans une perspective d'engagement du syst\u00e8me \u00e9ducatif dans une dynamique de contribution r\u00e9elle au processus de d\u00e9veloppemnt \u00e9conomique et social du Cameroun.\r","authors":["Innocent Fozing"],"category_codes":["1000000","1060000","1060300"],"visuals":{"large":"https:\/\/images.epagine.fr\/768\/9782343050768_1_75.jpg","medium":"https:\/\/images.epagine.fr\/768\/9782343050768_1_m.jpg","thumbnail":"https:\/\/images.epagine.fr\/768\/9782343050768_1_v.jpg"},"orderable":true,"show_badge":true,"formatted_price":"25,00&nbsp;\u20ac","formatted_published_date":"25 f\u00e9vrier 2015","publisher_availability_label":"Sur commande","short_details":"Innocent Fozing \u2014 \u00c9ditions L'Harmattan","translator":null,"weight":345,"page_count":220,"readership":null,"editor":"\u00c9ditions L'Harmattan","price":2500,"published_date":"2015-02-24T23:00:00.000000Z","support":"Grand format","publisher_availability":1,"stock":0,"editions":[],"url":"https:\/\/quaidesbrumes.com\/ouvrage\/9782343050768\/leducation-au-cameroun-entr-crises-et-ajustements-economiques"},{"id":"9782343056425","title":"Murundi, qui es tu ? gen\u00e8se et \u00e9volution de l'identit\u00e9 citoyenne d\u00e9chir\u00e9e au Burundi, des origines \u00e0 nos jours","description":"\"Murundi\" qui es-tu? Ce mot de langue kirundi qui signifie citoyen ou citoyenne du Burundi se veut une contribution \u00e0 la construction d'une paix durable au Burundi et dans la sous-r\u00e9gion des Grands Lacs. L'auteur y aborde le probl\u00e8me identitaire de type ethnique sous l'angle de ce qu'il appelle l'\"ethnisme hutu r\u00e9volutionnaire\" qui s'affronte \u00e0 l'\"ethnisme tutsi h\u00e9g\u00e9monique\". Il propose des solutions susceptibles de pacifier cette identit\u00e9 d\u00e9chir\u00e9e. Cette pacification par une conception identitaire plurielle et une citoyennet\u00e9 partag\u00e9e entre Bahutus, Batutsis et Batwas constitue la condition sine qua non d'une paix durable dans la r\u00e9gion.\r","authors":["Isaac Nizigama"],"category_codes":["1000000","1060000","1060300"],"visuals":{"large":"https:\/\/images.epagine.fr\/425\/9782343056425_1_75.jpg","medium":"https:\/\/images.epagine.fr\/425\/9782343056425_1_m.jpg","thumbnail":"https:\/\/images.epagine.fr\/425\/9782343056425_1_v.jpg"},"orderable":true,"show_badge":true,"formatted_price":"35,50&nbsp;\u20ac","formatted_published_date":"26 f\u00e9vrier 2015","publisher_availability_label":"Sur commande","short_details":"Isaac Nizigama \u2014 \u00c9ditions L'Harmattan","translator":null,"weight":490,"page_count":320,"readership":null,"editor":"\u00c9ditions L'Harmattan","price":3550,"published_date":"2015-02-25T23:00:00.000000Z","support":"Grand format","publisher_availability":1,"stock":0,"editions":[],"url":"https:\/\/quaidesbrumes.com\/ouvrage\/9782343056425\/murundi-qui-es-tu-genese-et-evolution-de-lidentite-citoyenne-dechiree-au-burundi-des-origines-a-nos-jours"},{"id":"9782343056777","title":"Babils des femmes ; savoir-dire et mauvais genre","description":"Voix de femmes de peu, provinciales, m\u00e9ridionales le plus souvent, voix anonymes. Voici une \"photographie\" de la langue du fran\u00e7ais populaire, \u00e9trang\u00e8re aux \u00e9l\u00e9gances langagi\u00e8res des \u00e9lites, un sympt\u00f4me \u00e9loquent des fractures sociales.\r","authors":["Fran\u00e7oise Weck"],"category_codes":["1000000","1060000","1060300"],"visuals":{"large":"https:\/\/images.epagine.fr\/777\/9782343056777_1_75.jpg","medium":"https:\/\/images.epagine.fr\/777\/9782343056777_1_m.jpg","thumbnail":"https:\/\/images.epagine.fr\/777\/9782343056777_1_v.jpg"},"orderable":true,"show_badge":true,"formatted_price":"15,00&nbsp;\u20ac","formatted_published_date":"26 f\u00e9vrier 2015","publisher_availability_label":"Sur commande","short_details":"Fran\u00e7oise Weck \u2014 \u00c9ditions L'Harmattan","translator":null,"weight":165,"page_count":130,"readership":null,"editor":"\u00c9ditions L'Harmattan","price":1500,"published_date":"2015-02-25T23:00:00.000000Z","support":"Grand format","publisher_availability":1,"stock":0,"editions":[],"url":"https:\/\/quaidesbrumes.com\/ouvrage\/9782343056777\/babils-des-femmes-savoir-dire-et-mauvais-genre"},{"id":"9782806102126","title":"Proximit\u00e9, passages et m\u00e9diumnit\u00e9 ; contours et d\u00e9tours caseiros au Br\u00e9sil","description":"L'ouvrage analyse les ambigu\u00eft\u00e9s affectives, les processus de \"passages\" et les troubles entre proches ainsi que les contours d'un univers religieux d\u00e9sign\u00e9 par le terme de caseiro. Il invite \u00e0 repenser la transmission, les relations interg\u00e9n\u00e9rationnelles, la m\u00e9diumnit\u00e9 et la r\u00e9gulation symbolique des conflits. Valorisant des modes de connaissance et des pratiques th\u00e9rapeutico-religieuses non officialis\u00e9s, le texte et les photographies apportent un autre regard sur cette soci\u00e9t\u00e9.\r","authors":["Marina Rougeon"],"category_codes":["1000000","1060000","1060300"],"visuals":{"large":"https:\/\/images.epagine.fr\/126\/9782806102126_1_75.jpg","medium":"https:\/\/images.epagine.fr\/126\/9782806102126_1_m.jpg","thumbnail":"https:\/\/images.epagine.fr\/126\/9782806102126_1_v.jpg"},"orderable":true,"show_badge":true,"formatted_price":"25,00&nbsp;\u20ac","formatted_published_date":"24 f\u00e9vrier 2015","publisher_availability_label":"Sur commande","short_details":"Marina Rougeon \u2014 ACADEMIA","translator":null,"weight":265,"page_count":224,"readership":null,"editor":"ACADEMIA","price":2500,"published_date":"2015-02-23T23:00:00.000000Z","support":"Grand format","publisher_availability":1,"stock":0,"editions":[],"url":"https:\/\/quaidesbrumes.com\/ouvrage\/9782806102126\/proximite-passages-et-mediumnite-contours-et-detours-caseiros-au-bresil"},{"id":"9782312033266","title":"Plus fort que ses bourreaux","description":"Marcel Thibault fut arr\u00eat\u00e9 en 1941. Il fut ensuite intern\u00e9 politique comme otage \u00e0 Compi\u00e8gne, puis d\u00e9port\u00e9, en Pologne, en Allemagne, avant de dispara\u00eetre en Autriche dans des conditions, aujourd'hui encore, bien \u00e9tranges. Son \u00c9tat Civil officiel comporte comme date de d\u00e9c\u00e8s d\u00e9cembre 1944 alors qu'un document officiel envoy\u00e9 \u00e0 sa femme par le minist\u00e8re des anciens combattants et victimes de guerre le signale vivant le 5 mai 1945. Son \u00e9loge fun\u00e8bre est \u00e9crit le 6 f\u00e9vrier 1946. Et pourtant, il faudra encore attendre 2 ans \u00bd pour que les autorit\u00e9s fran\u00e7aises d\u00e9clarent son d\u00e9c\u00e8s. Pourquoi ?\r","authors":["Daniel Guillon"],"category_codes":["1000000","1060000","1060200"],"visuals":{"large":"https:\/\/images.epagine.fr\/266\/9782312033266_1_75.jpg","medium":"https:\/\/images.epagine.fr\/266\/9782312033266_1_m.jpg","thumbnail":"https:\/\/images.epagine.fr\/266\/9782312033266_1_v.jpg"},"orderable":true,"show_badge":true,"formatted_price":"11,00&nbsp;\u20ac","formatted_published_date":"24 f\u00e9vrier 2015","publisher_availability_label":"Sur commande","short_details":"Daniel Guillon \u2014 Editions du Net","translator":null,"weight":196,"page_count":182,"readership":null,"editor":"Editions du Net","price":1100,"published_date":"2015-02-23T23:00:00.000000Z","support":"Grand format","publisher_availability":1,"stock":0,"editions":[],"url":"https:\/\/quaidesbrumes.com\/ouvrage\/9782312033266\/plus-fort-que-ses-bourreaux"},{"id":"9782385917753","title":"Vivre","description":"Dans cet ouvrage, Vanessa Palanca d\u00e9taille les p\u00e9riodes les plus marquantes de sa vie. De son enfance \u00e0 ce jour, o\u00f9 se succ\u00e8dent de formidables moments de joie, d'\u00e9merveillement et de gratitude ; mais \u00e9galement des incompr\u00e9hensions, des trahisons et des deuils. Toutes ces \u00e9preuves ont fait d'elle la personne qu'elle est devenue.\r\n\r\nM\u00eame si parfois elle en a dout\u00e9, aujourd'hui, elle ne regrette pas de \u00ab VIVRE \u00bb.","authors":["Vanessa Palanca"],"category_codes":["1000000","1060000","1060100"],"visuals":{"large":"https:\/\/images.epagine.fr\/753\/9782385917753_1_75.jpg","medium":"https:\/\/images.epagine.fr\/753\/9782385917753_1_m.jpg","thumbnail":"https:\/\/images.epagine.fr\/753\/9782385917753_1_v.jpg"},"orderable":true,"show_badge":true,"formatted_price":"12,50&nbsp;\u20ac","formatted_published_date":"14 d\u00e9cembre 2023","publisher_availability_label":"Sur commande","short_details":"Vanessa Palanca \u2014 NOMBRE 7","translator":null,"weight":175,"page_count":128,"readership":null,"editor":"NOMBRE 7","price":1250,"published_date":"2023-12-13T23:00:00.000000Z","support":"Grand format","publisher_availability":1,"stock":0,"editions":[],"url":"https:\/\/quaidesbrumes.com\/ouvrage\/9782385917753\/vivre"},{"id":"9791030900019","title":"L'\u00e9ternit\u00e9 pli\u00e9e Tome 5 ; le voyageur \u00e9parpill\u00e9 ; journal 1987-1991","description":"Le Voyageur \u00e9parpill\u00e9, tome V du journal d'Henri Heinemann, court de 1987 \u00e0 1991, les quasi-derni\u00e8res ann\u00e9es d'une fin-de-si\u00e8cle au cours desquelles l'Europe prendra le chemin de son affranchissement. Dans ce passionnant itin\u00e9raire, le diariste nous prom\u00e8ne en Europe, en Afrique, en Asie, en Guadeloupe. L'\u00c9ternit\u00e9 pli\u00e9e est le chef-d'oeuvre d'un \u00e9crivain altier qui a publi\u00e9 des romans, des nouvelles, des recueils de po\u00e9sie.","authors":["Henri Heinemman"],"category_codes":["1000000","1060000","1060100"],"visuals":{"large":"https:\/\/images.epagine.fr\/019\/9791030900019_1_75.jpg","medium":"https:\/\/images.epagine.fr\/019\/9791030900019_1_m.jpg","thumbnail":"https:\/\/images.epagine.fr\/019\/9791030900019_1_v.jpg"},"orderable":true,"show_badge":true,"formatted_price":"40,00&nbsp;\u20ac","formatted_published_date":"26 f\u00e9vrier 2015","publisher_availability_label":"Sur commande","short_details":"Henri Heinemman \u2014 Orizons","translator":null,"weight":735,"page_count":476,"readership":null,"editor":"Orizons","price":4000,"published_date":"2015-02-25T23:00:00.000000Z","support":"Grand format","publisher_availability":1,"stock":0,"editions":[],"url":"https:\/\/quaidesbrumes.com\/ouvrage\/9791030900019\/leternite-pliee-tome-5-le-voyageur-eparpille-journal-1987-1991"},{"id":"9782290108161","title":"Petite fleur de Mandchourie","description":"R\u00e9cit de l'ascension d'une jeune Chinoise n\u00e9e dans un camp communiste au sein d'une famille bris\u00e9e par la r\u00e9volution culturelle. Xu Ge Fei raconte son parcours de Mandchourie en France, et t\u00e9moigne de son attachement pour la Chine, pass\u00e9e et pr\u00e9sente\r","authors":["Ge fei Xu"],"category_codes":["1000000","1060000","1060100"],"visuals":{"large":"https:\/\/images.epagine.fr\/161\/9782290108161_1_75.jpg","medium":"https:\/\/images.epagine.fr\/161\/9782290108161_1_m.jpg","thumbnail":"https:\/\/images.epagine.fr\/161\/9782290108161_1_v.jpg"},"orderable":true,"show_badge":true,"formatted_price":"8,00&nbsp;\u20ac","formatted_published_date":"1er juillet 2015","publisher_availability_label":"Sur commande","short_details":"Ge fei Xu \u2014 J'ai Lu","translator":null,"weight":244,"page_count":444,"readership":null,"editor":"J'ai Lu","price":800,"published_date":"2015-06-30T22:00:00.000000Z","support":"Poche","publisher_availability":1,"stock":0,"editions":["9782845634480"],"url":"https:\/\/quaidesbrumes.com\/ouvrage\/9782290108161\/petite-fleur-de-mandchourie"},{"id":"9782322012039","title":"Mon quatri\u00e8me est fait par le diable","description":"N\u00e9 dans une famille tr\u00e8s t\u00f4t engag\u00e9e dans la r\u00e9sistance, l'auteur a \u00e9t\u00e9 le t\u00e9moin pendant les ann\u00e9es de guerre et d'imm\u00e9diate apr\u00e8s guerre, de bravoure, d'h\u00e9ro\u00efsme et aussi de l\u00e2chet\u00e9 et de tra\u00eetrise. Ce r\u00e9cit suit un itin\u00e9raire qui va de Brest \u00e0 Morlaix puis dans les environs de Plougonven pour s'achever \u00e0 Carhaix, au ch\u00e2teau Rouge, demeure de ses grands-parents paternels, transform\u00e9 en kommandantur et qui en a conserv\u00e9 les stigmates.\r","authors":["Michel Lancien"],"category_codes":["1000000","1060000","1060100"],"visuals":{"large":"https:\/\/images.epagine.fr\/039\/9782322012039_1_75.jpg","medium":"https:\/\/images.epagine.fr\/039\/9782322012039_1_m.jpg","thumbnail":"https:\/\/images.epagine.fr\/039\/9782322012039_1_v.jpg"},"orderable":true,"show_badge":true,"formatted_price":"12,00&nbsp;\u20ac","formatted_published_date":"11 d\u00e9cembre 2014","publisher_availability_label":"Sur commande","short_details":"Michel Lancien \u2014 Books on Demand","translator":null,"weight":301,"page_count":184,"readership":null,"editor":"Books on Demand","price":1200,"published_date":"2014-12-10T23:00:00.000000Z","support":"Grand format","publisher_availability":1,"stock":0,"editions":[],"url":"https:\/\/quaidesbrumes.com\/ouvrage\/9782322012039\/mon-quatrieme-est-fait-par-le-diable"},{"id":"9780143128496","title":"Transit maps of the world","description":"A completely updated and expanded edition of the cult bestseller, featuring subway, light rail, and streetcar maps from New York to Nizhny Novgorod    Transit Maps of the World is the first and only comprehensive collection of historical and current maps of every rapid-transit system on earth. In glorious, colorful graphics, Mark Ovenden traces the cartographic history of mass transit--including rare and historic maps, diagrams, and photographs, some available for the first time since their original publication.   Now expanded with thirty-six more pages, 250 city maps revised from previous editions, and listings given from almost a thousand systems in total, this is the graphic designer's new bible, the transport enthusiast's dream collection, and a coffee-table essential for everyone who's ever traveled in a city.","authors":["Mark Ovenden"],"category_codes":["1000000","1060000","1060100"],"visuals":{"large":"https:\/\/images.epagine.fr\/496\/9780143128496_1_75.jpg","medium":"https:\/\/images.epagine.fr\/496\/9780143128496_1_m.jpg","thumbnail":"https:\/\/images.epagine.fr\/496\/9780143128496_1_v.jpg"},"orderable":true,"show_badge":true,"formatted_price":"42,00&nbsp;\u20ac","formatted_published_date":"28 octobre 2015","publisher_availability_label":"Sur commande","short_details":"Mark Ovenden \u2014 Random House US","translator":null,"weight":747,"page_count":176,"readership":null,"editor":"Random House US","price":4200,"published_date":"2015-10-27T23:00:00.000000Z","support":"Poche","publisher_availability":1,"stock":0,"editions":[],"url":"https:\/\/quaidesbrumes.com\/ouvrage\/9780143128496\/transit-maps-of-the-world"},{"id":"9782915682366","title":"Une carriere","description":null,"authors":["Gremilliet Jean-Paul"],"category_codes":["1000000","1060000","1060200"],"visuals":{"large":"https:\/\/quaidesbrumes.com\/img\/book-placeholder.png","medium":"https:\/\/quaidesbrumes.com\/img\/book-placeholder.png","thumbnail":"https:\/\/quaidesbrumes.com\/img\/book-placeholder.png"},"orderable":true,"show_badge":true,"formatted_price":"20,00&nbsp;\u20ac","formatted_published_date":"12 janvier 2015","publisher_availability_label":"Sur commande","short_details":"Gremilliet Jean-Paul \u2014 L'Atelier De La Memoire","translator":null,"weight":450,"page_count":null,"readership":null,"editor":"L'Atelier De La Memoire","price":2000,"published_date":"2015-01-11T23:00:00.000000Z","support":"Grand format","publisher_availability":1,"stock":0,"editions":[],"url":"https:\/\/quaidesbrumes.com\/ouvrage\/9782915682366\/une-carriere"},{"id":"9782343051475","title":"Adoptions, dons et abandons au Mexique et en Colombie ; des parents vuln\u00e9rables","description":"Depuis les ann\u00e9es 1990, les \u00e9tudes sur la parent\u00e9 ont connu un nouvel essor en Europe et aux Etats-Unis tout en empruntant d'autres voies que celles de l'anthropologie \"classique\" : le genre, la sexualit\u00e9 ou les repr\u00e9sentations de la conception et du corps. Les textes de ce volume participent de ce renouveau et affirment \u00e9galement l'int\u00e9r\u00eat de relier deux champs de l'anthropologie : la parent\u00e9 d'une part, la migration et les \u00e9tudes interethniques de l'autre. L'\u00e9tude est conduite au Mexique et en Colombie.\r","authors":["Fran\u00e7oise Lestage","Maria-eugenia Olavarria"],"category_codes":["1000000","1060000","1060300"],"visuals":{"large":"https:\/\/images.epagine.fr\/475\/9782343051475_1_75.jpg","medium":"https:\/\/images.epagine.fr\/475\/9782343051475_1_m.jpg","thumbnail":"https:\/\/images.epagine.fr\/475\/9782343051475_1_v.jpg"},"orderable":true,"show_badge":true,"formatted_price":"24,00&nbsp;\u20ac","formatted_published_date":"9 d\u00e9cembre 2014","publisher_availability_label":"Sur commande","short_details":"Fran\u00e7oise Lestage, Maria-eugenia Olavarria \u2014 \u00c9ditions L'Harmattan","translator":null,"weight":265,"page_count":220,"readership":null,"editor":"\u00c9ditions L'Harmattan","price":2400,"published_date":"2014-12-08T23:00:00.000000Z","support":"Grand format","publisher_availability":1,"stock":0,"editions":[],"url":"https:\/\/quaidesbrumes.com\/ouvrage\/9782343051475\/adoptions-dons-et-abandons-au-mexique-et-en-colombie-des-parents-vulnerables"},{"id":"9782336309736","title":"Les conflits sociaux aux rivages du lac Tchad dus \u00e0 la r\u00e9gression du niveau des eaux ; le cas des populations du canton de Bol","description":"Le lac Tchad, quatri\u00e8me en Afrique et septi\u00e8me dans le monde, a connu une r\u00e9gression rapide dans les quarante derni\u00e8res ann\u00e9es. La rar\u00e9faction des ressources en terres cultivables et en eau ainsi que le manque de coop\u00e9ration entre les acteurs impliqu\u00e9s dans la gestion des ressources en eau du lac expliquent la recrudescence des conflits entre cultivateurs, \u00e9leveurs et p\u00eacheurs. Qui sont ces acteurs ? Quels r\u00f4les jouent-ils ? Comment communiquent-ils les uns avec les autres ?\r","authors":["Nadmian Ndadoum"],"category_codes":["1000000","1060000","1060300"],"visuals":{"large":"https:\/\/images.epagine.fr\/736\/9782336309736_1_75.jpg","medium":"https:\/\/images.epagine.fr\/736\/9782336309736_1_m.jpg","thumbnail":"https:\/\/images.epagine.fr\/736\/9782336309736_1_v.jpg"},"orderable":true,"show_badge":true,"formatted_price":"13,00&nbsp;\u20ac","formatted_published_date":"9 d\u00e9cembre 2014","publisher_availability_label":"Sur commande","short_details":"Nadmian Ndadoum \u2014 \u00c9ditions L'Harmattan","translator":null,"weight":140,"page_count":106,"readership":null,"editor":"\u00c9ditions L'Harmattan","price":1300,"published_date":"2014-12-08T23:00:00.000000Z","support":"Grand format","publisher_availability":1,"stock":0,"editions":[],"url":"https:\/\/quaidesbrumes.com\/ouvrage\/9782336309736\/les-conflits-sociaux-aux-rivages-du-lac-tchad-dus-a-la-regression-du-niveau-des-eaux-le-cas-des-populations-du-canton-de-bol"},{"id":"9782758608417","title":"Commune du campbon - a la memoire de nos heros morts au champ d'honneur, 1914-1919","description":null,"authors":[],"category_codes":["1000000","1060000","1060100"],"visuals":{"large":"https:\/\/quaidesbrumes.com\/img\/book-placeholder.png","medium":"https:\/\/quaidesbrumes.com\/img\/book-placeholder.png","thumbnail":"https:\/\/quaidesbrumes.com\/img\/book-placeholder.png"},"orderable":true,"show_badge":true,"formatted_price":"19,00&nbsp;\u20ac","formatted_published_date":"5 d\u00e9cembre 2014","publisher_availability_label":"Sur commande","short_details":"Livre D'Histoire","translator":null,"weight":400,"page_count":null,"readership":null,"editor":"Livre D'Histoire","price":1900,"published_date":"2014-12-04T23:00:00.000000Z","support":"Grand format","publisher_availability":1,"stock":0,"editions":[],"url":"https:\/\/quaidesbrumes.com\/ouvrage\/9782758608417\/commune-du-campbon-a-la-memoire-de-nos-heros-morts-au-champ-dhonneur-1914-1919"},{"id":"9782332832092","title":"Centrafrique ; la victimisation du changement politique","description":"Le pr\u00e9sent ouvrage aborde les probl\u00e9matiques de la d\u00e9liquescence de l'Etat, de la faillite des institutions r\u00e9publicaines et de la d\u00e9mocratie, caract\u00e9ris\u00e9es par les exactions criminelles des mercenaires arabophones tchadiens et soudanais de la S\u00e9l\u00e9ka sur les paisibles citoyens centrafricains.\r\n\r\nLa situation de la soci\u00e9t\u00e9 centrafricaine est aujourd'hui dramatique. Le pays peine \u00e0 se relever et \u00e0 se d\u00e9barrasser des pr\u00e9dateurs civils et militaires d\u00e9guis\u00e9s en hommes politiques. L'\u00e9lite politique et intellectuelle \u00e9prouve d'\u00e9normes difficult\u00e9s \u00e0 b\u00e2tir un consensus autour des grands piliers politiques d'une vision prospective de la R\u00e9publique Centrafricaine unie, prosp\u00e8re et porteuse d'espoir collectif.\r","authors":["Z\u00e9phirin Mogba"],"category_codes":["1000000","1060000","1060300"],"visuals":{"large":"https:\/\/images.epagine.fr\/092\/9782332832092_1_75.jpg","medium":"https:\/\/images.epagine.fr\/092\/9782332832092_1_m.jpg","thumbnail":"https:\/\/images.epagine.fr\/092\/9782332832092_1_v.jpg"},"orderable":true,"show_badge":true,"formatted_price":"58,50&nbsp;\u20ac","formatted_published_date":"27 f\u00e9vrier 2015","publisher_availability_label":"Sur commande","short_details":"Z\u00e9phirin Mogba \u2014 Edilivre","translator":null,"weight":697,"page_count":358,"readership":null,"editor":"Edilivre","price":5850,"published_date":"2015-02-26T23:00:00.000000Z","support":"Grand format","publisher_availability":1,"stock":0,"editions":[],"url":"https:\/\/quaidesbrumes.com\/ouvrage\/9782332832092\/centrafrique-la-victimisation-du-changement-politique"},{"id":"9782488862110","title":"Castres, Tarn pays de mes engagements","description":"Dans Castres, Tarn, pays de mes engagements, Jean-Fran\u00e7ois Gilmer livre un t\u00e9moignage dense et profond\u00e9ment humain. N\u00e9 dans \r\nune famille ouvri\u00e8re du Tarn, l'auteur retrace son itin\u00e9raire personnel, syndical et politique, depuis l'enfance dans le Castres  \r\npopulaire des ann\u00e9es 1950 jusqu'\u00e0 ses responsabilit\u00e9s de militant CFDT et de chef de cabinet du maire de Castres. \r\n\u00c0 la crois\u00e9e du r\u00e9cit autobiographique, de la m\u00e9moire sociale et de la r\u00e9flexion citoyenne, ce livre raconte l'ascension d'un fils \r\nd'ouvrier qui, gr\u00e2ce \u00e0 l'\u00e9ducation populaire, au syndicalisme et \u00e0 l'engagement collectif, \u00e9chappe au d\u00e9terminisme social sans \r\njamais renier ses racines. \r\nPort\u00e9 par une \u00e9criture sinc\u00e8re, parfois rugueuse, souvent po\u00e9tique, le texte fait revivre : \r\n- la vie quotidienne d'un monde ouvrier aujourd'hui disparu, \r\n- les grandes mutations sociales, politiques et technologiques de la seconde moiti\u00e9 du XXe si\u00e8cle, \r\n- les combats syndicaux et politiques men\u00e9s \u00e0 l'\u00e9chelle locale, l\u00e0 o\u00f9 les engagements prennent chair. \r\nCastres n'est pas ici un simple d\u00e9cor : la ville devient un personnage \u00e0 part enti\u00e8re, fa\u00e7onn\u00e9e par son histoire, ses luttes, ses  \r\nsilences et ses solidarit\u00e9s. \u00c0 travers elle, c'est toute une France populaire, militante et discr\u00e8te qui reprend la parole. ","authors":["Jean-Fran\u00e7ois Gilmer"],"category_codes":["1000000","1060000","1060300"],"visuals":{"large":"https:\/\/images.epagine.fr\/110\/9782488862110_1_75.jpg","medium":"https:\/\/images.epagine.fr\/110\/9782488862110_1_m.jpg","thumbnail":"https:\/\/images.epagine.fr\/110\/9782488862110_1_v.jpg"},"orderable":true,"show_badge":true,"formatted_price":"24,00&nbsp;\u20ac","formatted_published_date":"15 avril 2026","publisher_availability_label":"Sur commande","short_details":"Jean-Fran\u00e7ois Gilmer \u2014 Un autre reg'art","translator":null,"weight":501,"page_count":240,"readership":null,"editor":"Un autre reg'art","price":2400,"published_date":"2026-04-14T22:00:00.000000Z","support":"Grand format","publisher_availability":1,"stock":0,"editions":[],"url":"https:\/\/quaidesbrumes.com\/ouvrage\/9782488862110\/castres-tarn-pays-de-mes-engagements"},{"id":"9782312030562","title":"Saga alg\u00e9rienne","description":"Cet ouvrage est un surprenant  t\u00e9moignage et un devoir de m\u00e9moire en 2 parties :\r\n\r\nUn premier volet concerne les 2 derni\u00e8res ann\u00e9es de la guerre d'Alg\u00e9rie (1960 \u00e0 1962) montrant, dans deux secteurs g\u00e9ographiques  particuliers (Constantine et Didjelli) comment un appel\u00e9 du contingent  a per\u00e7u et v\u00e9cu cette p\u00e9riode \u00e0 travers son cort\u00e8ge de violences r\u00e9ciproques (arm\u00e9e fran\u00e7aise contre fellagahs) mais aussi parfois \u00e0 travers les visions oniriques, po\u00e9tiques que cela a fait na\u00eetre en lui.Le deuxi\u00e8me volet en liaison avec le pr\u00e9c\u00e9dent, aborde un sujet \u00e0 ce jour apparemment non trait\u00e9 ; celui du retour, 6 mois seulement apr\u00e8s l'Ind\u00e9pendance, d'un couple d'enseignants ( l'appel\u00e9 en question et son \u00e9pouse pieds noirs) dans le pays profond (Boghari puis Relizane). Ils y vivent, 8 ans durant, dans un univers foisonnant, aux facettes aussi diverses que surprenantes,  o\u00f9 l'on assiste aux premiers pas (1963 \u00e0 1971) de ce pays vers sa nouvelle destin\u00e9e, dont nous percevons les r\u00e9percussions \u00e0 notre \u00e9poque.\r","authors":["Claude Piquemal","Rene Piquemal"],"category_codes":["1000000","1060000","1060100"],"visuals":{"large":"https:\/\/images.epagine.fr\/562\/9782312030562_1_75.jpg","medium":"https:\/\/images.epagine.fr\/562\/9782312030562_1_m.jpg","thumbnail":"https:\/\/images.epagine.fr\/562\/9782312030562_1_v.jpg"},"orderable":true,"show_badge":true,"formatted_price":"13,00&nbsp;\u20ac","formatted_published_date":"26 f\u00e9vrier 2015","publisher_availability_label":"Sur commande","short_details":"Claude Piquemal, Rene Piquemal \u2014 Editions du Net","translator":null,"weight":185,"page_count":172,"readership":null,"editor":"Editions du Net","price":1300,"published_date":"2015-02-25T23:00:00.000000Z","support":"Grand format","publisher_availability":1,"stock":0,"editions":[],"url":"https:\/\/quaidesbrumes.com\/ouvrage\/9782312030562\/saga-algerienne"},{"id":"9791029001857","title":"Ouf ! la vie...","description":null,"authors":["Eliane Tshidibi kalonji"],"category_codes":["1000000","1060000","1060300"],"visuals":{"large":"https:\/\/images.epagine.fr\/857\/9791029001857_1_75.jpg","medium":"https:\/\/images.epagine.fr\/857\/9791029001857_1_m.jpg","thumbnail":"https:\/\/images.epagine.fr\/857\/9791029001857_1_v.jpg"},"orderable":true,"show_badge":true,"formatted_price":"11,00&nbsp;\u20ac","formatted_published_date":"10 d\u00e9cembre 2014","publisher_availability_label":"Sur commande","short_details":"Eliane Tshidibi kalonji \u2014 CHAPITRE.COM","translator":null,"weight":19,"page_count":18,"readership":null,"editor":"CHAPITRE.COM","price":1100,"published_date":"2014-12-09T23:00:00.000000Z","support":"Poche","publisher_availability":1,"stock":0,"editions":[],"url":"https:\/\/quaidesbrumes.com\/ouvrage\/9791029001857\/ouf-la-vie"},{"id":"9782312033549","title":"Parfum\u00e9e 2 ; brune et sucr\u00e9e","description":"10 Avril 2009, je me retrouvais sur une table d'op\u00e9ration pour une intervention chirurgicale. Les ann\u00e9es passent et c'est une d\u00e9cente dans l'obscurit\u00e9. J'ai tellement de questions, de remises questions pour savoir enfin qui je suis vraiment.\r","authors":["Christophe Gonce"],"category_codes":["1000000","1060000","1060300"],"visuals":{"large":"https:\/\/images.epagine.fr\/549\/9782312033549_1_75.jpg","medium":"https:\/\/images.epagine.fr\/549\/9782312033549_1_m.jpg","thumbnail":"https:\/\/images.epagine.fr\/549\/9782312033549_1_v.jpg"},"orderable":true,"show_badge":true,"formatted_price":"12,00&nbsp;\u20ac","formatted_published_date":"12 d\u00e9cembre 2014","publisher_availability_label":"Sur commande","short_details":"Christophe Gonce \u2014 Editions du Net","translator":null,"weight":69,"page_count":64,"readership":null,"editor":"Editions du Net","price":1200,"published_date":"2014-12-11T23:00:00.000000Z","support":"Poche","publisher_availability":1,"stock":0,"editions":[],"url":"https:\/\/quaidesbrumes.com\/ouvrage\/9782312033549\/parfumee-2-brune-et-sucree"}]}