{"data":[{"id":"9782875571441","title":"Confessions d'un maton","description":"Il nous ouvre les yeux sur :\r\n- des questions \u00c3\u00a9thiques qui nous concernent tous.\r\n- une profession tr\u00c3\u00a8s \u00c3\u00a9prouvante aux prises avec ses contradictions et ses d\u00c3\u00a9sillusions.\r\n- la question de la violence en milieu carc\u00c3\u00a9ral mais aussi un partage de valeurs humanistes malgr\u00c3\u00a9 les univers sociaux diff\u00c3\u00a9rents.\r\n- un point de vue sans parti pris autre que celui de l'\u00c3\u00a9thique.","authors":["Fr\u00e9d\u00e9ric Ab\u00e9cassis","Francis Lopez"],"category_codes":["1000000","1060000","1060300"],"visuals":{"large":"https:\/\/images.epagine.fr\/441\/9782875571441_1_75.jpg","medium":"https:\/\/images.epagine.fr\/441\/9782875571441_1_m.jpg","thumbnail":"https:\/\/images.epagine.fr\/441\/9782875571441_1_v.jpg"},"orderable":true,"show_badge":true,"formatted_price":"16,90&nbsp;\u20ac","formatted_published_date":"28 mai 2015","publisher_availability_label":"Sur commande","short_details":"Fr\u00e9d\u00e9ric Ab\u00e9cassis, Francis Lopez \u2014 LA BOITE A PANDORE","translator":null,"weight":240,"page_count":183,"readership":null,"editor":"LA BOITE A PANDORE","price":1690,"published_date":"2015-05-27T22:00:00.000000Z","support":"Grand format","publisher_availability":1,"stock":0,"editions":[],"url":"https:\/\/quaidesbrumes.com\/ouvrage\/9782875571441\/confessions-dun-maton"},{"id":"9782221251409","title":"Au-dessus des nuages...","description":"Une formidable le\u00e7on de vie, aussi lumineuse que le sourire de celle qui l'\u00e9crit.\r\nDorine Bourneton veut devenir pilote. Comme les h\u00e9ros de l'A\u00e9ropostale. \u00c0 seize ans, son r\u00eave se brise contre un massif du mont M\u00e9zenc, en Haute-Loire : seule survivante du crash du Piper dont elle est passag\u00e8re, elle perd l'usage de ses jambes. Pas sa passion pour l'aviation, qui se renforce. \" Pas \u00e0 pas, je vais reconstruire mon projet \", \u00e9crit-elle. De cette trag\u00e9die, Dorine a su tirer une force int\u00e9rieure propre \u00e0 surmonter tous les obstacles. \u00c0 vingt ans, elle obtient son brevet de pilote. Depuis, elle a v\u00e9cu mille vies... qu'elle raconte ici avec une g\u00e9n\u00e9rosit\u00e9 et un optimisme contagieux.\r\nSon engagement pour la reconnaissance des pilotes handicap\u00e9s, sa soif de nouveaux horizons, sa \" famille de coeur \" (celle de l'aviation), les d\u00e9fis permanents qu'elle se lance, mais aussi ses combats plus intimes, de femme, de maman, d'amoureuse, et sa volont\u00e9 farouche de transgresser tous les \" impossibles \" \u00e9clairent chaque ligne du parcours hors normes de cette infatigable aventuri\u00e8re de la vie.","authors":["Dorine Bourneton"],"category_codes":["1000000","1060000","1060100"],"visuals":{"large":"https:\/\/images.epagine.fr\/409\/9782221251409_1_75.jpg","medium":"https:\/\/images.epagine.fr\/409\/9782221251409_1_m.jpg","thumbnail":"https:\/\/images.epagine.fr\/409\/9782221251409_1_v.jpg"},"orderable":true,"show_badge":true,"formatted_price":"9,90&nbsp;\u20ac","formatted_published_date":"8 octobre 2020","publisher_availability_label":"Sur commande","short_details":"Dorine Bourneton \u2014 Robert Laffont","translator":null,"weight":240,"page_count":216,"readership":null,"editor":"Robert Laffont","price":990,"published_date":"2020-10-07T22:00:00.000000Z","support":"Grand format","publisher_availability":1,"stock":0,"editions":[],"url":"https:\/\/quaidesbrumes.com\/ouvrage\/9782221251409\/au-dessus-des-nuages"},{"id":"9782343044828","title":"Afrique du sud, le rendez vous de la violence","description":"L'\u00e9volution des affaires du monde ayant impos\u00e9 la lib\u00e9ration des peuples colonis\u00e9s, ceux qui ont des int\u00e9r\u00eats en Afrique du Sud ont trouv\u00e9 une forme sp\u00e9ciale de gouvernement pour assurer le maintien d\u00e9finitif des Blancs sur cette terre trop riche pour \u00eatre laiss\u00e9e aux autochtones seuls. L'Afrique du Sud vit ainsi sous ce r\u00e9gime politique et \u00e9conomique singulier caract\u00e9ris\u00e9 par un colonialisme d'un genre sp\u00e9cial parce qu'assorti d'un racisme odieux et officiel. Selon l'auteur, la priorit\u00e9 doit \u00eatre donn\u00e9e \u00e0 \"l'\u00e9limination de l'apartheid\".","authors":["Charles-pascal Tolno"],"category_codes":["1000000","1060000","1060300"],"visuals":{"large":"https:\/\/images.epagine.fr\/828\/9782343044828_1_75.jpg","medium":"https:\/\/images.epagine.fr\/828\/9782343044828_1_m.jpg","thumbnail":"https:\/\/images.epagine.fr\/828\/9782343044828_1_v.jpg"},"orderable":true,"show_badge":true,"formatted_price":"52,00&nbsp;\u20ac","formatted_published_date":"8 octobre 2014","publisher_availability_label":"Sur commande","short_details":"Charles-pascal Tolno \u2014 \u00c9ditions L'Harmattan","translator":null,"weight":760,"page_count":506,"readership":null,"editor":"\u00c9ditions L'Harmattan","price":5200,"published_date":"2014-10-07T22:00:00.000000Z","support":"Grand format","publisher_availability":1,"stock":0,"editions":[],"url":"https:\/\/quaidesbrumes.com\/ouvrage\/9782343044828\/afrique-du-sud-le-rendez-vous-de-la-violence"},{"id":"9782013497213","title":"Discours sur l'abolition de l'esclavage prononce par anaxagoras chaumette au nom de la commune paris","description":"Discours sur l'abolition de l'esclavage, prononc\u00e9 par Anaxagoras Chaumette, au nom de la Commune de Paris. (30 pluvi\u00f4se an II.) Date de l'\u00e9dition originale : 1793 Ce livre est la reproduction fid\u00e8le d'une oeuvre publi\u00e9e avant 1920 et fait partie d'une collection de livres r\u00e9imprim\u00e9s \u00e0 la demande \u00e9dit\u00e9e par Hachette Livre, dans le cadre d'un partenariat avec la Biblioth\u00e8que nationale de France, offrant l'opportunit\u00e9 d'acc\u00e9der \u00e0 des ouvrages anciens et souvent rares issus des fonds patrimoniaux de la BnF.\r\nLes oeuvres faisant partie de cette collection ont \u00e9t\u00e9 num\u00e9ris\u00e9es par la BnF et sont pr\u00e9sentes sur Gallica, sa biblioth\u00e8que num\u00e9rique.\r\n\r\nEn entreprenant de redonner vie \u00e0 ces ouvrages au travers d'une collection de livres r\u00e9imprim\u00e9s \u00e0 la demande, nous leur donnons la possibilit\u00e9 de rencontrer un public \u00e9largi et participons \u00e0 la transmission de connaissances et de savoirs parfois difficilement accessibles.\r\nNous avons cherch\u00e9 \u00e0 concilier la reproduction fid\u00e8le d'un livre ancien \u00e0 partir de sa version num\u00e9ris\u00e9e avec le souci d'un confort de lecture optimal. Nous esp\u00e9rons que les ouvrages de cette nouvelle collection vous apporteront enti\u00e8re satisfaction.\r\n\r\nPour plus d'informations, rendez-vous sur www.hachettebnf.fr","authors":["Chaumette P-G."],"category_codes":["1000000","1060000","1060200"],"visuals":{"large":"https:\/\/images.epagine.fr\/213\/9782013497213_1_75.jpg","medium":"https:\/\/images.epagine.fr\/213\/9782013497213_1_m.jpg","thumbnail":"https:\/\/images.epagine.fr\/213\/9782013497213_1_v.jpg"},"orderable":true,"show_badge":true,"formatted_price":"10,90&nbsp;\u20ac","formatted_published_date":"1er octobre 2014","publisher_availability_label":"Sur commande","short_details":"Chaumette P-G. \u2014 Hachette BNF","translator":null,"weight":83,"page_count":null,"readership":null,"editor":"Hachette BNF","price":1090,"published_date":"2014-09-30T22:00:00.000000Z","support":"Grand format","publisher_availability":1,"stock":0,"editions":[],"url":"https:\/\/quaidesbrumes.com\/ouvrage\/9782013497213\/discours-sur-labolition-de-lesclavage-prononce-par-anaxagoras-chaumette-au-nom-de-la-commune-paris"},{"id":"9782013498067","title":"La bibliographie politique du sr naude","description":"La bibliographie politique du Sr Naud\u00e9 , contenant les livres et la m\u00e9thode n\u00e9cessaires \u00e0 estudier la politique. Avec une lettre de M. Grotius et une autre du Sr Haniel sur le mesme sujet, le tout traduit du latin en fran\u00e7ois Date de l'\u00e9dition originale : 1642 Sujet de l'ouvrage : Science politique -- Bibliographie -- Ouvrages avant 1800 Ce livre est la reproduction fid\u00e8le d'une oeuvre publi\u00e9e avant 1920 et fait partie d'une collection de livres r\u00e9imprim\u00e9s \u00e0 la demande \u00e9dit\u00e9e par Hachette Livre, dans le cadre d'un partenariat avec la Biblioth\u00e8que nationale de France, offrant l'opportunit\u00e9 d'acc\u00e9der \u00e0 des ouvrages anciens et souvent rares issus des fonds patrimoniaux de la BnF.\r\nLes oeuvres faisant partie de cette collection ont \u00e9t\u00e9 num\u00e9ris\u00e9es par la BnF et sont pr\u00e9sentes sur Gallica, sa biblioth\u00e8que num\u00e9rique.\r\n\r\nEn entreprenant de redonner vie \u00e0 ces ouvrages au travers d'une collection de livres r\u00e9imprim\u00e9s \u00e0 la demande, nous leur donnons la possibilit\u00e9 de rencontrer un public \u00e9largi et participons \u00e0 la transmission de connaissances et de savoirs parfois difficilement accessibles.\r\nNous avons cherch\u00e9 \u00e0 concilier la reproduction fid\u00e8le d'un livre ancien \u00e0 partir de sa version num\u00e9ris\u00e9e avec le souci d'un confort de lecture optimal. Nous esp\u00e9rons que les ouvrages de cette nouvelle collection vous apporteront enti\u00e8re satisfaction.\r\n\r\nPour plus d'informations, rendez-vous sur www.hachettebnf.fr","authors":["Gabriel Naud\u00e9"],"category_codes":["1000000","1060000","1060200"],"visuals":{"large":"https:\/\/images.epagine.fr\/067\/9782013498067_1_75.jpg","medium":"https:\/\/images.epagine.fr\/067\/9782013498067_1_m.jpg","thumbnail":"https:\/\/images.epagine.fr\/067\/9782013498067_1_v.jpg"},"orderable":true,"show_badge":true,"formatted_price":"20,00&nbsp;\u20ac","formatted_published_date":"1er octobre 2014","publisher_availability_label":"Sur commande","short_details":"Gabriel Naud\u00e9 \u2014 Hachette BNF","translator":null,"weight":327,"page_count":null,"readership":null,"editor":"Hachette BNF","price":2000,"published_date":"2014-09-30T22:00:00.000000Z","support":"Grand format","publisher_availability":1,"stock":0,"editions":[],"url":"https:\/\/quaidesbrumes.com\/ouvrage\/9782013498067\/la-bibliographie-politique-du-sr-naude"},{"id":"9782312029023","title":"Sempre avanti !","description":"N\u00e9 en 1904 dans la r\u00e9gion FRIOUL-VENETIE JULIENNE (Italie), Mario est arriv\u00e9 dans la r\u00e9gion nantaise (France) en 1926. Il y passera le restant de sa vie. Un exemple de parfaite int\u00e9gration d'un \u00e9migr\u00e9 italien que sa fille relate \u00e0 la demande de ses cousins vivant dans le nord de l'Italie, mais aussi \u00e0 l'attention de ses petits-petits-enfants pour qu'ils sachent d'o\u00f9 ils viennent et qu'ils suivent ce bel exemple de respect de l'autre, de tol\u00e9rance et d'optimisme ...","authors":["Jeannine Amelot"],"category_codes":["1000000","1060000","1060300"],"visuals":{"large":"https:\/\/images.epagine.fr\/023\/9782312029023_1_75.jpg","medium":"https:\/\/images.epagine.fr\/023\/9782312029023_1_m.jpg","thumbnail":"https:\/\/images.epagine.fr\/023\/9782312029023_1_v.jpg"},"orderable":true,"show_badge":true,"formatted_price":"15,00&nbsp;\u20ac","formatted_published_date":"29 octobre 2014","publisher_availability_label":"Sur commande","short_details":"Jeannine Amelot \u2014 Editions du Net","translator":null,"weight":104,"page_count":58,"readership":null,"editor":"Editions du Net","price":1500,"published_date":"2014-10-28T23:00:00.000000Z","support":"Grand format","publisher_availability":1,"stock":0,"editions":[],"url":"https:\/\/quaidesbrumes.com\/ouvrage\/9782312029023\/sempre-avanti"},{"id":"9782312042770","title":"Quatre jours","description":"- Nom ?\r\n- Bernardot.\r\n- Pr\u00e9nom ?\r\n- Serge.\r\n- Date de naissance ?\r\n- 2 Septembre 1944.\r\n- Lieu de naissance ?\r\n- La Chapelle-Th\u00e8cle.\r\n- Comment \u00e7a s'\u00e9crit ?\r\n- La et plus loin Chapelle, trait d'union, Th\u00e8cle : t \/ h \/ e accent grave \/ c \/ l \/ e. Comme la sainte.\r\n- Connais pas ! C'est o\u00f9, cette Chapelle-Th\u00e8cle ?\r\n- C'est dans la Bresse louhannaise. Un tout petit village.\r\n\r\nC'est le berceau de ma famille paternelle. Je suis n\u00e9 dans la maison de mes grands-parents. C'est toute une histoire. Vous voulez que je vous la raconte ? Ce n'est pas vraiment dr\u00f4le, mais je n'y peux rien : en 1944, on ne riait pas beaucoup . C'\u00e9tait la guerre !","authors":["Serge Bernardot"],"category_codes":["1000000","1060000","1060100"],"visuals":{"large":"https:\/\/images.epagine.fr\/770\/9782312042770_1_75.jpg","medium":"https:\/\/images.epagine.fr\/770\/9782312042770_1_m.jpg","thumbnail":"https:\/\/images.epagine.fr\/770\/9782312042770_1_v.jpg"},"orderable":true,"show_badge":true,"formatted_price":"12,00&nbsp;\u20ac","formatted_published_date":"6 avril 2016","publisher_availability_label":"Sur commande","short_details":"Serge Bernardot \u2014 Editions du Net","translator":null,"weight":136,"page_count":126,"readership":null,"editor":"Editions du Net","price":1200,"published_date":"2016-04-05T22:00:00.000000Z","support":"Grand format","publisher_availability":1,"stock":0,"editions":[],"url":"https:\/\/quaidesbrumes.com\/ouvrage\/9782312042770\/quatre-jours"},{"id":"9782824605425","title":"L'enfant qui n'existait pas","description":"Phoebe, 9 ans, est autiste. Un jour, son comportement laisse penser \u00e0 son institutrice que sa vie, dans une confortable maison de la classe moyenne, n'est pas aussi agr\u00e9able qu'il y para\u00eet. Les autorit\u00e9s sont alert\u00e9es et la jeune fille est plac\u00e9e dans une famille d'accueil. Rosie Lewis, qui l'accueille chez elle, cherche \u00e0 la comprendre. Phoebe a un comportement \u00e9trange, s'infligeant des mutilations et prof\u00e9rant des menaces de mort. Rosie r\u00e9ussit progressivement \u00e0 apprivoiser la jeune autiste qui, malgr\u00e9 ses difficult\u00e9s pour communiquer, commence \u00e0 se d\u00e9voiler. Pendant neuf ans, Phoebe a subi des s\u00e9vices extr\u00eamement graves. Au point d'avoir d\u00e9velopp\u00e9 ou accentu\u00e9 son autisme comme un rempart \u00e0 ses cauchemars quotidiens.","authors":["Rose Lewis","Ariane Maksioutine"],"category_codes":["1000000","1060000","1060300"],"visuals":{"large":"https:\/\/images.epagine.fr\/425\/9782824605425_1_75.jpg","medium":"https:\/\/images.epagine.fr\/425\/9782824605425_1_m.jpg","thumbnail":"https:\/\/images.epagine.fr\/425\/9782824605425_1_v.jpg"},"orderable":true,"show_badge":true,"formatted_price":"17,90&nbsp;\u20ac","formatted_published_date":"7 janvier 2015","publisher_availability_label":"Sur commande","short_details":"Rose Lewis, Ariane Maksioutine \u2014 City \u00c9ditions","translator":"ARIANE MAKSIOUTINE","weight":378,"page_count":272,"readership":null,"editor":"City \u00c9ditions","price":1790,"published_date":"2015-01-06T23:00:00.000000Z","support":"Grand format","publisher_availability":1,"stock":0,"editions":[],"url":"https:\/\/quaidesbrumes.com\/ouvrage\/9782824605425\/lenfant-qui-nexistait-pas"},{"id":"9782312025681","title":"Enfance bris\u00e9e","description":"Vie d'un enfant de la campagne depuis la moiti\u00e9 du 20\u00e8me si\u00e8cle.","authors":["Alain Dome"],"category_codes":["1000000","1060000","1060100"],"visuals":{"large":"https:\/\/images.epagine.fr\/681\/9782312025681_1_75.jpg","medium":"https:\/\/images.epagine.fr\/681\/9782312025681_1_m.jpg","thumbnail":"https:\/\/images.epagine.fr\/681\/9782312025681_1_v.jpg"},"orderable":true,"show_badge":true,"formatted_price":"13,00&nbsp;\u20ac","formatted_published_date":"3 novembre 2014","publisher_availability_label":"Sur commande","short_details":"Alain Dome \u2014 Editions du Net","translator":null,"weight":126,"page_count":70,"readership":null,"editor":"Editions du Net","price":1300,"published_date":"2014-11-02T23:00:00.000000Z","support":"Grand format","publisher_availability":1,"stock":0,"editions":[],"url":"https:\/\/quaidesbrumes.com\/ouvrage\/9782312025681\/enfance-brisee"},{"id":"9782013472760","title":"Programme de constitution par voie de reformes successives","description":"Programme de constitution par voie de r\u00e9formes successives, ou Synth\u00e8se de principes \u00e9conomiques, politiques et religieux : (Conclusion d'enqu\u00eate. Essai d\u00e9di\u00e9 \u00e0 la critique.) \/ par M. Paul Lacoin Date de l'\u00e9dition originale : 1871 Ce livre est la reproduction fid\u00e8le d'une oeuvre publi\u00e9e avant 1920 et fait partie d'une collection de livres r\u00e9imprim\u00e9s \u00e0 la demande \u00e9dit\u00e9e par Hachette Livre, dans le cadre d'un partenariat avec la Biblioth\u00e8que nationale de France, offrant l'opportunit\u00e9 d'acc\u00e9der \u00e0 des ouvrages anciens et souvent rares issus des fonds patrimoniaux de la BnF.\r\nLes oeuvres faisant partie de cette collection ont \u00e9t\u00e9 num\u00e9ris\u00e9es par la BnF et sont pr\u00e9sentes sur Gallica, sa biblioth\u00e8que num\u00e9rique.\r\n\r\nEn entreprenant de redonner vie \u00e0 ces ouvrages au travers d'une collection de livres r\u00e9imprim\u00e9s \u00e0 la demande, nous leur donnons la possibilit\u00e9 de rencontrer un public \u00e9largi et participons \u00e0 la transmission de connaissances et de savoirs parfois difficilement accessibles.\r\nNous avons cherch\u00e9 \u00e0 concilier la reproduction fid\u00e8le d'un livre ancien \u00e0 partir de sa version num\u00e9ris\u00e9e avec le souci d'un confort de lecture optimal. Nous esp\u00e9rons que les ouvrages de cette nouvelle collection vous apporteront enti\u00e8re satisfaction.\r\n\r\nPour plus d'informations, rendez-vous sur www.hachettebnf.fr","authors":["Lacoin Paul"],"category_codes":["1000000","1060000","1060200"],"visuals":{"large":"https:\/\/images.epagine.fr\/760\/9782013472760_1_75.jpg","medium":"https:\/\/images.epagine.fr\/760\/9782013472760_1_m.jpg","thumbnail":"https:\/\/images.epagine.fr\/760\/9782013472760_1_v.jpg"},"orderable":true,"show_badge":true,"formatted_price":"9,50&nbsp;\u20ac","formatted_published_date":"1er octobre 2014","publisher_availability_label":"Sur commande","short_details":"Lacoin Paul \u2014 Hachette BNF","translator":null,"weight":59,"page_count":null,"readership":null,"editor":"Hachette BNF","price":950,"published_date":"2014-09-30T22:00:00.000000Z","support":"Grand format","publisher_availability":1,"stock":0,"editions":[],"url":"https:\/\/quaidesbrumes.com\/ouvrage\/9782013472760\/programme-de-constitution-par-voie-de-reformes-successives"},{"id":"9782013474467","title":"Aurons-nous la censure ? un mot sur la liberte de la presse","description":"Aurons-nous la censure ? ou Un mot sur la libert\u00e9 de la presse , par Cyprien Desmarais Date de l'\u00e9dition originale : 1826 Ce livre est la reproduction fid\u00e8le d'une oeuvre publi\u00e9e avant 1920 et fait partie d'une collection de livres r\u00e9imprim\u00e9s \u00e0 la demande \u00e9dit\u00e9e par Hachette Livre, dans le cadre d'un partenariat avec la Biblioth\u00e8que nationale de France, offrant l'opportunit\u00e9 d'acc\u00e9der \u00e0 des ouvrages anciens et souvent rares issus des fonds patrimoniaux de la BnF.\r\nLes oeuvres faisant partie de cette collection ont \u00e9t\u00e9 num\u00e9ris\u00e9es par la BnF et sont pr\u00e9sentes sur Gallica, sa biblioth\u00e8que num\u00e9rique.\r\n\r\nEn entreprenant de redonner vie \u00e0 ces ouvrages au travers d'une collection de livres r\u00e9imprim\u00e9s \u00e0 la demande, nous leur donnons la possibilit\u00e9 de rencontrer un public \u00e9largi et participons \u00e0 la transmission de connaissances et de savoirs parfois difficilement accessibles.\r\nNous avons cherch\u00e9 \u00e0 concilier la reproduction fid\u00e8le d'un livre ancien \u00e0 partir de sa version num\u00e9ris\u00e9e avec le souci d'un confort de lecture optimal. Nous esp\u00e9rons que les ouvrages de cette nouvelle collection vous apporteront enti\u00e8re satisfaction.\r\n\r\nPour plus d'informations, rendez-vous sur www.hachettebnf.fr","authors":["Desmarais Cyprien"],"category_codes":["1000000","1060000"],"visuals":{"large":"https:\/\/images.epagine.fr\/467\/9782013474467_1_75.jpg","medium":"https:\/\/images.epagine.fr\/467\/9782013474467_1_m.jpg","thumbnail":"https:\/\/images.epagine.fr\/467\/9782013474467_1_v.jpg"},"orderable":true,"show_badge":true,"formatted_price":"9,50&nbsp;\u20ac","formatted_published_date":"1er octobre 2014","publisher_availability_label":"Sur commande","short_details":"Desmarais Cyprien \u2014 Hachette BNF","translator":null,"weight":75,"page_count":null,"readership":null,"editor":"Hachette BNF","price":950,"published_date":"2014-09-30T22:00:00.000000Z","support":"Grand format","publisher_availability":1,"stock":0,"editions":[],"url":"https:\/\/quaidesbrumes.com\/ouvrage\/9782013474467\/aurons-nous-la-censure-un-mot-sur-la-liberte-de-la-presse"},{"id":"9782369960027","title":"L'ombre d'un doute","description":"Romain Bouteille n'a jamais lanc\u00e9 personne, contrairement \u00e0 tout ce qui se dit ; la seule chose qu'il ait jamais lanc\u00e9e, ce sont des affronts aux commer\u00e7ants qui portent en priorit\u00e9 le deuil de nos c\u00e9l\u00e9brit\u00e9s. \u00c7a et quelques id\u00e9es en l'air, dans le ciel, bien en altitude, une altitude qui le tient depuis \u00e0 l'abri des rampements tortueux. C'est \u00e7a qui le rend heureux...\r\nIl a \u00e9galement fabriqu\u00e9 le Caf\u00e9 de la Gare, un th\u00e9\u00e2tre en anarchie. Et m\u00eame si \u00e7a n'a dur\u00e9 qu'un temps, c'\u00e9tait juste assez pour prouver que c'\u00e9tait possible et que c'\u00e9tait la seule fa\u00e7on pour qu'un th\u00e9\u00e2tre puisse fonctionner.\r\nIl tente actuellement une exp\u00e9rience similaire dans la Beauce, o\u00f9 il pr\u00e9sente aux habitants de la r\u00e9gion d'Etampes, \u00ab Les Grands Solistes du Chesnay \u00bb. (Attention : Th\u00e9\u00e2tre ambitieux !) Les deux vilains.\r\nDeux self-made-penseurs, tous deux tr\u00e8s vilains, s'opposent. Ils ont deux choses en commun : une vision catastrophique de \u00ab l'organisation \u00bb.\r\nIls s'opposent surtout sur la mani\u00e8re de le \u00ab prouver \u00bb. Tout est faux s'il entre dans la d\u00e9monstration un \u00e9l\u00e9ment \u00ab non po\u00e9tique \u00bb, c'est-\u00e0-dire si peu que ce soit d'ob\u00e9issance universitaire.\r\nL'autre chose qu'ils ont en commun est d'\u00eatre le m\u00eame bonhomme, l'un ayant pondu un \u00ab syst\u00e8me du monde \u00bb amusant mais peu adroit en I970 et le m\u00eame en 2014 tirant \u00e0 boulets rouges sur les opinions de ce jeune cr\u00e9tin.\r\n\r\nL'auteur.","authors":["Romain Bouteille"],"category_codes":["1000000","1060000","1060300"],"visuals":{"large":"https:\/\/images.epagine.fr\/027\/9782369960027_1_75.jpg","medium":"https:\/\/images.epagine.fr\/027\/9782369960027_1_m.jpg","thumbnail":"https:\/\/images.epagine.fr\/027\/9782369960027_1_v.jpg"},"orderable":true,"show_badge":true,"formatted_price":"12,00&nbsp;\u20ac","formatted_published_date":"15 octobre 2014","publisher_availability_label":"Sur commande","short_details":"Romain Bouteille \u2014 Les Grilles D'Or","translator":null,"weight":175,"page_count":null,"readership":null,"editor":"Les Grilles D'Or","price":1200,"published_date":"2014-10-14T22:00:00.000000Z","support":"Grand format","publisher_availability":1,"stock":0,"editions":[],"url":"https:\/\/quaidesbrumes.com\/ouvrage\/9782369960027\/lombre-dun-doute"},{"id":"9782204103428","title":"Gu\u00e9ris vite ou va au ciel","description":"Fran\u00e7ois a 17 ans. Un \u00e2ge o\u00f9 on n'est pas s\u00e9rieux, un \u00e2ge o\u00f9 on a la vie devant soi, un \u00e2ge o\u00f9 on ignore volontiers que la vie et la mort se confondent. Le jour o\u00f9 il apprend qu'il est atteint d'une leuc\u00e9mie, on f\u00eate les 7 ans de la petite derni\u00e8re de ses soeurs : \u00ab C'est mon anniversaire, et tout le monde est dans la peine \u00bb, s'exclame la gamine. Agathe, la deuxi\u00e8me de cette famille catholique et pratiquante de huit enfants, fait des \u00e9tudes d'infirmi\u00e8re. Elle ne comprend que trop bien, elle, le calvaire qui commence pour les siens et dans lequel se raffermit leur foi.\r\n\r\nSans aucun pathos, ce r\u00e9cit poignant suit les longs mois d'hospitalisation de Fran\u00e7ois : les r\u00e9missions, les espoirs, les rechutes, les \u00e9lans, l'insouciance, l'obsession, la gaiet\u00e9, l'angoisse, et la pri\u00e8re. Agathe ne se tourne pas vers le Ciel pour lui demander pourquoi. Elle veut croire que Dieu n'envoie jamais d'\u00e9preuves insoutenables, qu'il faut avec Blaise Pascal implorer le bon usage des maladies, qu'il convient de se couler dans la Providence.\r\n\r\nUn t\u00e9moignage lumineux \u00e0 lire comme l'on prend un fortifiant. Un manuel de travers\u00e9e des pires \u00e9preuves sans d\u00e9sespoir ni ressentiment.","authors":["Agathe Brunet"],"category_codes":["1000000","1060000","1060300"],"visuals":{"large":"https:\/\/images.epagine.fr\/428\/9782204103428_1_75.jpg","medium":"https:\/\/images.epagine.fr\/428\/9782204103428_1_m.jpg","thumbnail":"https:\/\/images.epagine.fr\/428\/9782204103428_1_v.jpg"},"orderable":true,"show_badge":true,"formatted_price":"14,00&nbsp;\u20ac","formatted_published_date":"22 janvier 2015","publisher_availability_label":"Sur commande","short_details":"Agathe Brunet \u2014 Les \u00e9ditions du Cerf","translator":null,"weight":174,"page_count":144,"readership":null,"editor":"Les \u00e9ditions du Cerf","price":1400,"published_date":"2015-01-21T23:00:00.000000Z","support":"Grand format","publisher_availability":1,"stock":0,"editions":[],"url":"https:\/\/quaidesbrumes.com\/ouvrage\/9782204103428\/gueris-vite-ou-va-au-ciel"},{"id":"9782332763662","title":"Quelques souvenirs, d\u00e9cousus et \u00e0 recoudre...","description":"\u00ab Si je dois commencer \u00e0 raconter des souvenirs, je ne peux remonter qu'\u00e0 l'\u00e2ge de trois ans environ o\u00f9 je me vois, cach\u00e9 sous une table, et jouant avec je ne sais quoi ni avec je ne sais qui. Et il faut savoir que la m\u00e9moire et l'imagination empruntent les m\u00eames chemins neuronaux. C'est pourquoi j'essaie de faire travailler davantage ma m\u00e9moire que mon imagination mais ce n'est pas certain.... \u00bb","authors":["Claude Kremer"],"category_codes":["1000000","1060000","1060100"],"visuals":{"large":"https:\/\/images.epagine.fr\/662\/9782332763662_1_75.jpg","medium":"https:\/\/images.epagine.fr\/662\/9782332763662_1_m.jpg","thumbnail":"https:\/\/images.epagine.fr\/662\/9782332763662_1_v.jpg"},"orderable":true,"show_badge":true,"formatted_price":"26,00&nbsp;\u20ac","formatted_published_date":"5 novembre 2014","publisher_availability_label":"Sur commande","short_details":"Claude Kremer \u2014 Edilivre","translator":null,"weight":270,"page_count":126,"readership":null,"editor":"Edilivre","price":2600,"published_date":"2014-11-04T23:00:00.000000Z","support":"Grand format","publisher_availability":1,"stock":0,"editions":[],"url":"https:\/\/quaidesbrumes.com\/ouvrage\/9782332763662\/quelques-souvenirs-decousus-et-a-recoudre"},{"id":"9782343041278","title":"D'une voix discordante ; regards obliques sur notre monde ; essais","description":"Par des regards obliques sur notre monde contemporain, l'auteur nous offre une critique originale, \u00e0 la fois d\u00e9capante et stimulante, de l'enseignement, de la politique, du sport, de nos traditions, o\u00f9 se m\u00ealent comique et tragique, l\u00e9g\u00e8ret\u00e9 et gravit\u00e9, actualit\u00e9 et universalit\u00e9. Dans des chapitres provocateurs et jubilatoires, que l'on peut lire sans ordre, il nous invite \u00e0 rompre des silences et des \u00e9vidences, et nous ouvre \u00e0 un optimisme nettoy\u00e9 par une lucidit\u00e9 sans concession.","authors":["Jean-Pierre Chopin"],"category_codes":["1000000","1060000"],"visuals":{"large":"https:\/\/images.epagine.fr\/278\/9782343041278_1_75.jpg","medium":"https:\/\/images.epagine.fr\/278\/9782343041278_1_m.jpg","thumbnail":"https:\/\/images.epagine.fr\/278\/9782343041278_1_v.jpg"},"orderable":true,"show_badge":true,"formatted_price":"19,50&nbsp;\u20ac","formatted_published_date":"20 octobre 2014","publisher_availability_label":"Sur commande","short_details":"Jean-Pierre Chopin \u2014 \u00c9ditions L'Harmattan","translator":null,"weight":225,"page_count":184,"readership":null,"editor":"\u00c9ditions L'Harmattan","price":1950,"published_date":"2014-10-19T22:00:00.000000Z","support":"Grand format","publisher_availability":1,"stock":0,"editions":[],"url":"https:\/\/quaidesbrumes.com\/ouvrage\/9782343041278\/dune-voix-discordante-regards-obliques-sur-notre-monde-essais"},{"id":"9782013535090","title":"Ministere de l'instruction publique, des beaux-arts et des cultes","description":"Minist\u00e8re de l'Instruction publique, des beaux-arts et des cultes. Catalogue de la biblioth\u00e8que de la Commission des monuments historiques, dress\u00e9 par A. Perrault-Dabot. Suppl\u00e9ment au catalogue...\r\nDate de l'\u00e9dition originale : 1895-1901 Ce livre est la reproduction fid\u00e8le d'une oeuvre publi\u00e9e avant 1920 et fait partie d'une collection de livres r\u00e9imprim\u00e9s \u00e0 la demande \u00e9dit\u00e9e par Hachette Livre, dans le cadre d'un partenariat avec la Biblioth\u00e8que nationale de France, offrant l'opportunit\u00e9 d'acc\u00e9der \u00e0 des ouvrages anciens et souvent rares issus des fonds patrimoniaux de la BnF.\r\nLes oeuvres faisant partie de cette collection ont \u00e9t\u00e9 num\u00e9ris\u00e9es par la BnF et sont pr\u00e9sentes sur Gallica, sa biblioth\u00e8que num\u00e9rique.\r\n\r\nEn entreprenant de redonner vie \u00e0 ces ouvrages au travers d'une collection de livres r\u00e9imprim\u00e9s \u00e0 la demande, nous leur donnons la possibilit\u00e9 de rencontrer un public \u00e9largi et participons \u00e0 la transmission de connaissances et de savoirs parfois difficilement accessibles.\r\nNous avons cherch\u00e9 \u00e0 concilier la reproduction fid\u00e8le d'un livre ancien \u00e0 partir de sa version num\u00e9ris\u00e9e avec le souci d'un confort de lecture optimal. Nous esp\u00e9rons que les ouvrages de cette nouvelle collection vous apporteront enti\u00e8re satisfaction.\r\n\r\nPour plus d'informations, rendez-vous sur www.hachettebnf.fr","authors":["Perrault-Dabot"],"category_codes":["1000000","1060000","1060200"],"visuals":{"large":"https:\/\/images.epagine.fr\/090\/9782013535090_1_75.jpg","medium":"https:\/\/images.epagine.fr\/090\/9782013535090_1_m.jpg","thumbnail":"https:\/\/images.epagine.fr\/090\/9782013535090_1_v.jpg"},"orderable":true,"show_badge":true,"formatted_price":"27,00&nbsp;\u20ac","formatted_published_date":"1er novembre 2014","publisher_availability_label":"Sur commande","short_details":"Perrault-Dabot \u2014 Hachette BNF","translator":null,"weight":590,"page_count":null,"readership":null,"editor":"Hachette BNF","price":2700,"published_date":"2014-10-31T23:00:00.000000Z","support":"Grand format","publisher_availability":1,"stock":0,"editions":[],"url":"https:\/\/quaidesbrumes.com\/ouvrage\/9782013535090\/ministere-de-linstruction-publique-des-beaux-arts-et-des-cultes"},{"id":"9782013535519","title":"Gerard roussel, predicateur de la reine marguerite de navarre","description":"G\u00e9rard Roussel, pr\u00e9dicateur de la reine Marguerite de Navarre. M\u00e9moire servant \u00e0 l'histoire des premi\u00e8res tentatives faites pour introduire la r\u00e9formation en France ; par C. Schmidt,...\r\nDate de l'\u00e9dition originale : 1845 Sujet de l'ouvrage : Roussel Ce livre est la reproduction fid\u00e8le d'une oeuvre publi\u00e9e avant 1920 et fait partie d'une collection de livres r\u00e9imprim\u00e9s \u00e0 la demande \u00e9dit\u00e9e par Hachette Livre, dans le cadre d'un partenariat avec la Biblioth\u00e8que nationale de France, offrant l'opportunit\u00e9 d'acc\u00e9der \u00e0 des ouvrages anciens et souvent rares issus des fonds patrimoniaux de la BnF.\r\nLes oeuvres faisant partie de cette collection ont \u00e9t\u00e9 num\u00e9ris\u00e9es par la BnF et sont pr\u00e9sentes sur Gallica, sa biblioth\u00e8que num\u00e9rique.\r\n\r\nEn entreprenant de redonner vie \u00e0 ces ouvrages au travers d'une collection de livres r\u00e9imprim\u00e9s \u00e0 la demande, nous leur donnons la possibilit\u00e9 de rencontrer un public \u00e9largi et participons \u00e0 la transmission de connaissances et de savoirs parfois difficilement accessibles.\r\nNous avons cherch\u00e9 \u00e0 concilier la reproduction fid\u00e8le d'un livre ancien \u00e0 partir de sa version num\u00e9ris\u00e9e avec le souci d'un confort de lecture optimal. Nous esp\u00e9rons que les ouvrages de cette nouvelle collection vous apporteront enti\u00e8re satisfaction.\r\n\r\nPour plus d'informations, rendez-vous sur www.hachettebnf.fr","authors":["Schmidt Charles"],"category_codes":["1000000","1060000","1060200"],"visuals":{"large":"https:\/\/images.epagine.fr\/519\/9782013535519_1_75.jpg","medium":"https:\/\/images.epagine.fr\/519\/9782013535519_1_m.jpg","thumbnail":"https:\/\/images.epagine.fr\/519\/9782013535519_1_v.jpg"},"orderable":true,"show_badge":true,"formatted_price":"21,50&nbsp;\u20ac","formatted_published_date":"1er novembre 2014","publisher_availability_label":"Sur commande","short_details":"Schmidt Charles \u2014 Hachette BNF","translator":null,"weight":367,"page_count":null,"readership":null,"editor":"Hachette BNF","price":2150,"published_date":"2014-10-31T23:00:00.000000Z","support":"Grand format","publisher_availability":1,"stock":0,"editions":[],"url":"https:\/\/quaidesbrumes.com\/ouvrage\/9782013535519\/gerard-roussel-predicateur-de-la-reine-marguerite-de-navarre"},{"id":"9782013506427","title":"De l'occupation en droit romain, des brevets d'invention en droit francais","description":"De l'occupation en droit romain, des brevets d'invention en droit fran\u00e7ais \/ par Henri Allart, ...\r\nDate de l'\u00e9dition originale : 1877 Ce livre est la reproduction fid\u00e8le d'une oeuvre publi\u00e9e avant 1920 et fait partie d'une collection de livres r\u00e9imprim\u00e9s \u00e0 la demande \u00e9dit\u00e9e par Hachette Livre, dans le cadre d'un partenariat avec la Biblioth\u00e8que nationale de France, offrant l'opportunit\u00e9 d'acc\u00e9der \u00e0 des ouvrages anciens et souvent rares issus des fonds patrimoniaux de la BnF.\r\nLes oeuvres faisant partie de cette collection ont \u00e9t\u00e9 num\u00e9ris\u00e9es par la BnF et sont pr\u00e9sentes sur Gallica, sa biblioth\u00e8que num\u00e9rique.\r\n\r\nEn entreprenant de redonner vie \u00e0 ces ouvrages au travers d'une collection de livres r\u00e9imprim\u00e9s \u00e0 la demande, nous leur donnons la possibilit\u00e9 de rencontrer un public \u00e9largi et participons \u00e0 la transmission de connaissances et de savoirs parfois difficilement accessibles.\r\nNous avons cherch\u00e9 \u00e0 concilier la reproduction fid\u00e8le d'un livre ancien \u00e0 partir de sa version num\u00e9ris\u00e9e avec le souci d'un confort de lecture optimal. Nous esp\u00e9rons que les ouvrages de cette nouvelle collection vous apporteront enti\u00e8re satisfaction.\r\n\r\nPour plus d'informations, rendez-vous sur www.hachettebnf.fr","authors":["Allart"],"category_codes":["1000000","1060000","1060200"],"visuals":{"large":"https:\/\/images.epagine.fr\/427\/9782013506427_1_75.jpg","medium":"https:\/\/images.epagine.fr\/427\/9782013506427_1_m.jpg","thumbnail":"https:\/\/images.epagine.fr\/427\/9782013506427_1_v.jpg"},"orderable":true,"show_badge":true,"formatted_price":"21,50&nbsp;\u20ac","formatted_published_date":"1er octobre 2014","publisher_availability_label":"Sur commande","short_details":"Allart \u2014 Hachette BNF","translator":null,"weight":370,"page_count":null,"readership":null,"editor":"Hachette BNF","price":2150,"published_date":"2014-09-30T22:00:00.000000Z","support":"Grand format","publisher_availability":1,"stock":0,"editions":[],"url":"https:\/\/quaidesbrumes.com\/ouvrage\/9782013506427\/de-loccupation-en-droit-romain-des-brevets-dinvention-en-droit-francais"},{"id":"9782013535885","title":"Droit romain : de la propriete des eaux courantes - droit francais : des cours d'eau non navigables","description":"Droit romain : de la Propri\u00e9t\u00e9 des eaux courantes. Droit fran\u00e7ais : des Cours d'eau non navigables ni flottables : th\u00e8se pour le doctorat \/ par Henri Boissi\u00e8re...\r\nDate de l'\u00e9dition originale : 1881\r\n\r\nLe pr\u00e9sent ouvrage s'inscrit dans une politique de conservation patrimoniale des ouvrages de la litt\u00e9rature Fran\u00e7aise mise en place avec la BNF.\r\nHACHETTE LIVRE et la BNF proposent ainsi un catalogue de titres indisponibles, la BNF ayant num\u00e9ris\u00e9 ces oeuvres et HACHETTE LIVRE les imprimant \u00e0 la demande.\r\nCertains de ces ouvrages refl\u00e8tent des courants de pens\u00e9e caract\u00e9ristiques de leur \u00e9poque, mais qui seraient aujourd'hui jug\u00e9s condamnables.\r\nIls n'en appartiennent pas moins \u00e0 l'histoire des id\u00e9es en France et sont susceptibles de pr\u00e9senter un int\u00e9r\u00eat scientifique ou historique.\r\nLe sens de notre d\u00e9marche \u00e9ditoriale consiste ainsi \u00e0 permettre l'acc\u00e8s \u00e0 ces oeuvres sans pour autant que nous en cautionnions en aucune fa\u00e7on le contenu.\r\n\r\nPour plus d'informations, rendez-vous sur www.hachettebnf.fr","authors":["Boissi\u00e8re"],"category_codes":["1000000","1060000","1060200"],"visuals":{"large":"https:\/\/images.epagine.fr\/885\/9782013535885_1_75.jpg","medium":"https:\/\/images.epagine.fr\/885\/9782013535885_1_m.jpg","thumbnail":"https:\/\/images.epagine.fr\/885\/9782013535885_1_v.jpg"},"orderable":true,"show_badge":true,"formatted_price":"17,50&nbsp;\u20ac","formatted_published_date":"1er novembre 2014","publisher_availability_label":"Sur commande","short_details":"Boissi\u00e8re \u2014 Hachette BNF","translator":null,"weight":243,"page_count":null,"readership":null,"editor":"Hachette BNF","price":1750,"published_date":"2014-10-31T23:00:00.000000Z","support":"Grand format","publisher_availability":1,"stock":0,"editions":[],"url":"https:\/\/quaidesbrumes.com\/ouvrage\/9782013535885\/droit-romain-de-la-propriete-des-eaux-courantes-droit-francais-des-cours-deau-non-navigables"},{"id":"9782013536004","title":"Catalogue de la bibliotheque, septembre 1886","description":"Catalogue de la biblioth\u00e8que, septembre 1886, par ordre de mati\u00e8res, suivi d'une table analytique par noms d'auteur des m\u00e9moires et travaux parus dans les bulletins de la soci\u00e9t\u00e9 depuis son origine...\r\nDate de l'\u00e9dition originale : 1886 Ce livre est la reproduction fid\u00e8le d'une oeuvre publi\u00e9e avant 1920 et fait partie d'une collection de livres r\u00e9imprim\u00e9s \u00e0 la demande \u00e9dit\u00e9e par Hachette Livre, dans le cadre d'un partenariat avec la Biblioth\u00e8que nationale de France, offrant l'opportunit\u00e9 d'acc\u00e9der \u00e0 des ouvrages anciens et souvent rares issus des fonds patrimoniaux de la BnF.\r\nLes oeuvres faisant partie de cette collection ont \u00e9t\u00e9 num\u00e9ris\u00e9es par la BnF et sont pr\u00e9sentes sur Gallica, sa biblioth\u00e8que num\u00e9rique.\r\n\r\nEn entreprenant de redonner vie \u00e0 ces ouvrages au travers d'une collection de livres r\u00e9imprim\u00e9s \u00e0 la demande, nous leur donnons la possibilit\u00e9 de rencontrer un public \u00e9largi et participons \u00e0 la transmission de connaissances et de savoirs parfois difficilement accessibles.\r\nNous avons cherch\u00e9 \u00e0 concilier la reproduction fid\u00e8le d'un livre ancien \u00e0 partir de sa version num\u00e9ris\u00e9e avec le souci d'un confort de lecture optimal. Nous esp\u00e9rons que les ouvrages de cette nouvelle collection vous apporteront enti\u00e8re satisfaction.\r\n\r\nPour plus d'informations, rendez-vous sur www.hachettebnf.fr","authors":["Societe Industrielle"],"category_codes":["1000000","1060000","1060200"],"visuals":{"large":"https:\/\/images.epagine.fr\/004\/9782013536004_1_75.jpg","medium":"https:\/\/images.epagine.fr\/004\/9782013536004_1_m.jpg","thumbnail":"https:\/\/images.epagine.fr\/004\/9782013536004_1_v.jpg"},"orderable":true,"show_badge":true,"formatted_price":"17,00&nbsp;\u20ac","formatted_published_date":"1er novembre 2014","publisher_availability_label":"Sur commande","short_details":"Societe Industrielle \u2014 Hachette BNF","translator":null,"weight":213,"page_count":null,"readership":null,"editor":"Hachette BNF","price":1700,"published_date":"2014-10-31T23:00:00.000000Z","support":"Grand format","publisher_availability":1,"stock":0,"editions":[],"url":"https:\/\/quaidesbrumes.com\/ouvrage\/9782013536004\/catalogue-de-la-bibliotheque-septembre-1886"},{"id":"9782013536264","title":"Notice sur le marquis de turbilly, agronome angevin du xviiie siecle","description":"Notice sur le marquis de Turbilly, agronome angevin du XVIIIe si\u00e8cle, par M. Guillory a\u00een\u00e9 Date de l'\u00e9dition originale : 1849 Sujet de l'ouvrage : Turbilly, de Ce livre est la reproduction fid\u00e8le d'une oeuvre publi\u00e9e avant 1920 et fait partie d'une collection de livres r\u00e9imprim\u00e9s \u00e0 la demande \u00e9dit\u00e9e par Hachette Livre, dans le cadre d'un partenariat avec la Biblioth\u00e8que nationale de France, offrant l'opportunit\u00e9 d'acc\u00e9der \u00e0 des ouvrages anciens et souvent rares issus des fonds patrimoniaux de la BnF.\r\nLes oeuvres faisant partie de cette collection ont \u00e9t\u00e9 num\u00e9ris\u00e9es par la BnF et sont pr\u00e9sentes sur Gallica, sa biblioth\u00e8que num\u00e9rique.\r\n\r\nEn entreprenant de redonner vie \u00e0 ces ouvrages au travers d'une collection de livres r\u00e9imprim\u00e9s \u00e0 la demande, nous leur donnons la possibilit\u00e9 de rencontrer un public \u00e9largi et participons \u00e0 la transmission de connaissances et de savoirs parfois difficilement accessibles.\r\nNous avons cherch\u00e9 \u00e0 concilier la reproduction fid\u00e8le d'un livre ancien \u00e0 partir de sa version num\u00e9ris\u00e9e avec le souci d'un confort de lecture optimal. Nous esp\u00e9rons que les ouvrages de cette nouvelle collection vous apporteront enti\u00e8re satisfaction.\r\n\r\nPour plus d'informations, rendez-vous sur www.hachettebnf.fr","authors":["Guillory P-C."],"category_codes":["1000000","1060000","1060200"],"visuals":{"large":"https:\/\/images.epagine.fr\/264\/9782013536264_1_75.jpg","medium":"https:\/\/images.epagine.fr\/264\/9782013536264_1_m.jpg","thumbnail":"https:\/\/images.epagine.fr\/264\/9782013536264_1_v.jpg"},"orderable":true,"show_badge":true,"formatted_price":"16,00&nbsp;\u20ac","formatted_published_date":"1er novembre 2014","publisher_availability_label":"Sur commande","short_details":"Guillory P-C. \u2014 Hachette BNF","translator":null,"weight":159,"page_count":null,"readership":null,"editor":"Hachette BNF","price":1600,"published_date":"2014-10-31T23:00:00.000000Z","support":"Grand format","publisher_availability":1,"stock":0,"editions":[],"url":"https:\/\/quaidesbrumes.com\/ouvrage\/9782013536264\/notice-sur-le-marquis-de-turbilly-agronome-angevin-du-xviiie-siecle"},{"id":"9782013536370","title":"Catalogue de la collection formee consistant en emaux, faiences, verres de venise","description":"Catalogue de la collection form\u00e9e par M. Didier Petit, \u00e0 Lyon, consistant en \u00e9maux, fa\u00efences, verres de Venise...\r\nDate de l'\u00e9dition originale : 1843 [Vente. Art. 1843-03-00. Paris][Collection. Art. Didier-Petit. 1843]R\u00e9f\u00e9rence bibliographique : Lugt, 16900 Ce livre est la reproduction fid\u00e8le d'une oeuvre publi\u00e9e avant 1920 et fait partie d'une collection de livres r\u00e9imprim\u00e9s \u00e0 la demande \u00e9dit\u00e9e par Hachette Livre, dans le cadre d'un partenariat avec la Biblioth\u00e8que nationale de France, offrant l'opportunit\u00e9 d'acc\u00e9der \u00e0 des ouvrages anciens et souvent rares issus des fonds patrimoniaux de la BnF.\r\nLes oeuvres faisant partie de cette collection ont \u00e9t\u00e9 num\u00e9ris\u00e9es par la BnF et sont pr\u00e9sentes sur Gallica, sa biblioth\u00e8que num\u00e9rique.\r\n\r\nEn entreprenant de redonner vie \u00e0 ces ouvrages au travers d'une collection de livres r\u00e9imprim\u00e9s \u00e0 la demande, nous leur donnons la possibilit\u00e9 de rencontrer un public \u00e9largi et participons \u00e0 la transmission de connaissances et de savoirs parfois difficilement accessibles.\r\nNous avons cherch\u00e9 \u00e0 concilier la reproduction fid\u00e8le d'un livre ancien \u00e0 partir de sa version num\u00e9ris\u00e9e avec le souci d'un confort de lecture optimal. Nous esp\u00e9rons que les ouvrages de cette nouvelle collection vous apporteront enti\u00e8re satisfaction.\r\n\r\nPour plus d'informations, rendez-vous sur www.hachettebnf.fr","authors":[],"category_codes":["1000000","1060000","1060200"],"visuals":{"large":"https:\/\/images.epagine.fr\/370\/9782013536370_1_75.jpg","medium":"https:\/\/images.epagine.fr\/370\/9782013536370_1_m.jpg","thumbnail":"https:\/\/images.epagine.fr\/370\/9782013536370_1_v.jpg"},"orderable":true,"show_badge":true,"formatted_price":"14,90&nbsp;\u20ac","formatted_published_date":"1er novembre 2014","publisher_availability_label":"Sur commande","short_details":"Hachette BNF","translator":null,"weight":140,"page_count":null,"readership":null,"editor":"Hachette BNF","price":1490,"published_date":"2014-10-31T23:00:00.000000Z","support":"Grand format","publisher_availability":1,"stock":0,"editions":[],"url":"https:\/\/quaidesbrumes.com\/ouvrage\/9782013536370\/catalogue-de-la-collection-formee-consistant-en-emaux-faiences-verres-de-venise"},{"id":"9782013536394","title":"Eloge historique de m. de perigord","description":"Eloge historique de M. de P\u00e9rigord... (Par Mlle de Saussure.) Date de l'\u00e9dition originale : 1800 Ce livre est la reproduction fid\u00e8le d'une oeuvre publi\u00e9e avant 1920 et fait partie d'une collection de livres r\u00e9imprim\u00e9s \u00e0 la demande \u00e9dit\u00e9e par Hachette Livre, dans le cadre d'un partenariat avec la Biblioth\u00e8que nationale de France, offrant l'opportunit\u00e9 d'acc\u00e9der \u00e0 des ouvrages anciens et souvent rares issus des fonds patrimoniaux de la BnF.\r\nLes oeuvres faisant partie de cette collection ont \u00e9t\u00e9 num\u00e9ris\u00e9es par la BnF et sont pr\u00e9sentes sur Gallica, sa biblioth\u00e8que num\u00e9rique.\r\n\r\nEn entreprenant de redonner vie \u00e0 ces ouvrages au travers d'une collection de livres r\u00e9imprim\u00e9s \u00e0 la demande, nous leur donnons la possibilit\u00e9 de rencontrer un public \u00e9largi et participons \u00e0 la transmission de connaissances et de savoirs parfois difficilement accessibles.\r\nNous avons cherch\u00e9 \u00e0 concilier la reproduction fid\u00e8le d'un livre ancien \u00e0 partir de sa version num\u00e9ris\u00e9e avec le souci d'un confort de lecture optimal. Nous esp\u00e9rons que les ouvrages de cette nouvelle collection vous apporteront enti\u00e8re satisfaction.\r\n\r\nPour plus d'informations, rendez-vous sur www.hachettebnf.fr","authors":["Necker De Saussure"],"category_codes":["1000000","1060000","1060200"],"visuals":{"large":"https:\/\/images.epagine.fr\/394\/9782013536394_1_75.jpg","medium":"https:\/\/images.epagine.fr\/394\/9782013536394_1_m.jpg","thumbnail":"https:\/\/images.epagine.fr\/394\/9782013536394_1_v.jpg"},"orderable":true,"show_badge":true,"formatted_price":"13,90&nbsp;\u20ac","formatted_published_date":"1er novembre 2014","publisher_availability_label":"Sur commande","short_details":"Necker De Saussure \u2014 Hachette BNF","translator":null,"weight":137,"page_count":null,"readership":null,"editor":"Hachette BNF","price":1390,"published_date":"2014-10-31T23:00:00.000000Z","support":"Grand format","publisher_availability":1,"stock":0,"editions":[],"url":"https:\/\/quaidesbrumes.com\/ouvrage\/9782013536394\/eloge-historique-de-m-de-perigord"},{"id":"9782312032030","title":"Vaines voir pourpres","description":"Adrienne et Hin\u00e2da partagent le m\u00eame quotidien c'est \u00e0 dire pers\u00e9cutions et humiliations. Vivant dans deux mondes parall\u00e8les, elles feront face aux d\u00e9dales imp\u00e9tueux d'une providence mi-traditionaliste et mi- urbaine. Sur un fond de trag\u00e9die, ces deux femmes aux destins quelque similaires arpenteront cette descente aux enfers sous un autre angle.","authors":["Odile ariane Langa pahai"],"category_codes":["1000000","1060000","1060300"],"visuals":{"large":"https:\/\/images.epagine.fr\/030\/9782312032030_1_75.jpg","medium":"https:\/\/images.epagine.fr\/030\/9782312032030_1_m.jpg","thumbnail":"https:\/\/images.epagine.fr\/030\/9782312032030_1_v.jpg"},"orderable":true,"show_badge":true,"formatted_price":"17,00&nbsp;\u20ac","formatted_published_date":"21 novembre 2014","publisher_availability_label":"Sur commande","short_details":"Odile ariane Langa pahai \u2014 Editions du Net","translator":null,"weight":122,"page_count":68,"readership":null,"editor":"Editions du Net","price":1700,"published_date":"2014-11-20T23:00:00.000000Z","support":"Grand format","publisher_availability":1,"stock":0,"editions":[],"url":"https:\/\/quaidesbrumes.com\/ouvrage\/9782312032030\/vaines-voir-pourpres"}]}