{"data":[{"id":"9782705689759","title":"Visages d'Ismail Kadare","description":"Le fait est entendu : Ismail Kadar\u00e9 est l'un des romanciers contemporains les plus reconnus au plan international, et digne du Nobel. Mais savons-nous le lire dans toute sa complexit\u00e9 ? Il se pourrait bien que la reconnaissance n'aille pas ici sans une part de m\u00e9connaissance.\r\nCherchant \u00e0 interpr\u00e9ter l'oeuvre sans la rabattre sur les commentaires de son auteur, se fondant sur des \u00e9tudes de r\u00e9ception et l'examen de la presse de propagande, redonnant une place aux po\u00e8mes, souvent non traduits, dans l'analyse critique, cet essai tente de mettre au jour d'autres visages de l'\u00e9crivain : un Kadar\u00e9 plus engag\u00e9 qu'on ne le croit dans la vie intellectuelle du r\u00e9gime communiste et dans l'illustration de l'identit\u00e9 albanaise   mais aussi un Kadar\u00e9 d'autant plus singulier et, finalement, irr\u00e9ductible.","authors":["Ariane Eissen"],"category_codes":["1000000","1060000","1060200"],"visuals":{"large":"https:\/\/images.epagine.fr\/759\/9782705689759_1_75.jpg","medium":"https:\/\/images.epagine.fr\/759\/9782705689759_1_m.jpg","thumbnail":"https:\/\/images.epagine.fr\/759\/9782705689759_1_v.jpg"},"orderable":true,"show_badge":true,"formatted_price":"38,00&nbsp;\u20ac","formatted_published_date":"13 janvier 2015","publisher_availability_label":"Sur commande","short_details":"Ariane Eissen \u2014 Hermann","translator":null,"weight":430,"page_count":336,"readership":null,"editor":"Hermann","price":3800,"published_date":"2015-01-12T23:00:00.000000Z","support":"Grand format","publisher_availability":1,"stock":0,"editions":[],"url":"https:\/\/quaidesbrumes.com\/ouvrage\/9782705689759\/visages-dismail-kadare"},{"id":"9782332780256","title":"Le petit fr\u00e8re ; quand l'autisme d'un enfant fait basculer la vie","description":"\u00ab Janvier 2007. Notre bonheur est \u00e0 son comble : c'est la naissance d'Elouan, notre deuxi\u00e8me petit gar\u00e7on. Nous sommes jeunes, heureux et bien loin d'imaginer \u00e0 quel point ce petit nouveau-n\u00e9 bouleversera nos vies et nos certitudes. Notre fils ne se d\u00e9veloppera pas comme les autres enfants. Tel un petit extra-terrestre parachut\u00e9 sur la terre par erreur, il ne leur ressemblera pas: Elouan est autiste. Ce livre raconte les peurs, les douleurs, mais aussi les joies et les victoires d'une famille qui a r\u00e9ussi \u00e0 apprivoiser l'autisme d'un enfant. \u00bb\r","authors":["Carole Pain Quilgars"],"category_codes":["1000000","1060000","1060200"],"visuals":{"large":"https:\/\/images.epagine.fr\/256\/9782332780256_1_75.jpg","medium":"https:\/\/images.epagine.fr\/256\/9782332780256_1_m.jpg","thumbnail":"https:\/\/images.epagine.fr\/256\/9782332780256_1_v.jpg"},"orderable":true,"show_badge":true,"formatted_price":"23,50&nbsp;\u20ac","formatted_published_date":"15 octobre 2014","publisher_availability_label":"Sur commande","short_details":"Carole Pain Quilgars \u2014 Edilivre","translator":null,"weight":410,"page_count":358,"readership":null,"editor":"Edilivre","price":2350,"published_date":"2014-10-14T22:00:00.000000Z","support":"Grand format","publisher_availability":1,"stock":0,"editions":[],"url":"https:\/\/quaidesbrumes.com\/ouvrage\/9782332780256\/le-petit-frere-quand-lautisme-dun-enfant-fait-basculer-la-vie"},{"id":"9782081353282","title":"M\u00e9moires","description":"Inaugurant le monument \u00e9rig\u00e9 \u00e0 P\u00e9rigueux \u00e0 la m\u00e9moire d'Andr\u00e9 Maurois, Maurice Druon a dit:\u00abIl est rare de trouver joints chez un artiste les dons de l'imagination et les curiosit\u00e9s de l'\u00e9rudition, la rapidit\u00e9 de conception et le patient souci de la forme, l'abondance et la profondeur, l'aisance et l'exigence.\u00bb Les M\u00e9moires d'Andr\u00e9 Maurois, dont les derni\u00e8res lignes furent \u00e9crites quelques jours avant sa mort, constituent un autre monument:dans leur sinc\u00e9rit\u00e9 absolue, ils nous livrent l'ultime confession d'un des t\u00e9moins les plus lucides de son temps. L'auteur de Climats \u00e9voque les \u00e9tapes successives de sa vie. D'abord \u00e0 Rouen, \u00e9tudiant \u00e9bloui par son ma\u00eetre Alain, puis \u00e0 Elbeuf, homme d'action \u00e0 la t\u00eate de l'usine familiale. Il \u00e9pouse ensuite la sylphide de ses r\u00eaves et, bient\u00f4t, voit le destin la lui arracher. Puis il rencontre, apr\u00e8s la guerre de 14, celle qui sera sa seconde femme et la compagne attentive de sa carri\u00e8re. C'est le temps des oeuvres romanesques. Au terme de la guerre de 39, dont il nous livre un t\u00e9moignage saisissant, viennent enfin les ann\u00e9es laborieuses o\u00f9 paraissent les grandes biographies qui couronnent son oeuvre. Andr\u00e9 Maurois \u00e9crivait en 1961:\u00abPlus que jamais je travaille. Pourquoi? Pour le plaisir, et aussi avec le secret espoir d'\u00e9crire, au soir de la vie, le livre profond et tendre auquel je r\u00eavais confus\u00e9ment, petit gar\u00e7on ardent et secret, devant la biblioth\u00e8que de ma m\u00e8re.\u00bb Avec ses M\u00e9moires, c'est le livre qu'il nous a donn\u00e9.","authors":["Andr\u00e9 Maurois"],"category_codes":["1000000","1060000","1060100"],"visuals":{"large":"https:\/\/images.epagine.fr\/282\/9782081353282_1_75.jpg","medium":"https:\/\/images.epagine.fr\/282\/9782081353282_1_m.jpg","thumbnail":"https:\/\/images.epagine.fr\/282\/9782081353282_1_v.jpg"},"orderable":true,"show_badge":true,"formatted_price":"25,00&nbsp;\u20ac","formatted_published_date":"25 mars 2015","publisher_availability_label":"Sur commande","short_details":"Andr\u00e9 Maurois \u2014 Flammarion","translator":null,"weight":482,"page_count":512,"readership":null,"editor":"Flammarion","price":2500,"published_date":"2015-03-24T23:00:00.000000Z","support":"Grand format","publisher_availability":1,"stock":0,"editions":[],"url":"https:\/\/quaidesbrumes.com\/ouvrage\/9782081353282\/memoires"},{"id":"9782914028349","title":"Souvenirs d'Asie et d'ailleurs : des bords de l'Adour au Quai d'Orsay","description":"Rien ne pr\u00e9destinait ce jeune Tarbais d'un milieu modeste \u00e0 repr\u00e9senter la France : son parcours atypique, v\u00e9ritable ascension, commence au pied des Pyr\u00e9n\u00e9es pour aboutir au sommet de sa carri\u00e8re en Himalaya. Taquiner la truite au bord de l'Adour apprend la patience, s\u00e9journer en Chine comme \u00e9tudiant enseigne l'endurance, se pr\u00e9senter au concours du Quai d'Orsay devient une \u00e9vidence, le r\u00e9ussir enfin ouvre les portes du minist\u00e8re des Affaires \u00e9trang\u00e8res. Sa plume alerte nous am\u00e8ne \u00e0 d\u00e9couvrir les pays o\u00f9 il \u00e9tait en poste, leurs habitants et leurs coutumes mais aussi les coulisses des ambassades.\r\n\r\nIl n'oublie jamais ses racines et garde aux quatre coins du monde son b\u00e9ret bigourdan. Voil\u00e0 un r\u00e9cit porteur d'espoir pour tout candidat \u00e0 la carri\u00e8re diplomatique qui r\u00e9jouira ceux qui ont travaill\u00e9 dans les pays o\u00f9 Claude Ambrosini a s\u00e9journ\u00e9, la plupart en Asie, ceux qui vont s'y installer, mais aussi tous les autres, esprits ouverts et curieux, qui aiment observer et comprendre.","authors":["Claude Ambrosini"],"category_codes":["1000000","1060000","1060100"],"visuals":{"large":"https:\/\/images.epagine.fr\/349\/9782914028349_1_75.jpg","medium":"https:\/\/images.epagine.fr\/349\/9782914028349_1_m.jpg","thumbnail":"https:\/\/images.epagine.fr\/349\/9782914028349_1_v.jpg"},"orderable":true,"show_badge":true,"formatted_price":"20,00&nbsp;\u20ac","formatted_published_date":"2 juillet 2022","publisher_availability_label":"Sur commande","short_details":"Claude Ambrosini \u2014 Latitude Sud","translator":null,"weight":501,"page_count":300,"readership":null,"editor":"Latitude Sud","price":2000,"published_date":"2022-07-01T22:00:00.000000Z","support":"Grand format","publisher_availability":1,"stock":0,"editions":[],"url":"https:\/\/quaidesbrumes.com\/ouvrage\/9782914028349\/souvenirs-dasie-et-dailleurs-des-bords-de-ladour-au-quai-dorsay"},{"id":"9782343044590","title":"Tunisie, l'islam local face \u00e0 l'islam import\u00e9","description":"La Tunisie traverse la plus grande crise politique, s\u00e9curitaire et socio-\u00e9conomique depuis son ind\u00e9pendance en 1956. La nouvelle constitution, est un pas important sur le chemin de la transition d\u00e9mocratique mais la persistance de l'islamisme p\u00e8se sur son avenir. Quelle est la place de l'islam local dans la politique ? Quelles sont les menaces de l'islam import\u00e9, porteur de rigorisme \u00e9tranger \u00e0 la culture tunisienne ? Comment les Tunisiens r\u00e9sistent-ils \u00e0 l'islamisme et au terrorisme ?\r","authors":["Mohamed Salah"],"category_codes":["1000000","1060000","1060300"],"visuals":{"large":"https:\/\/images.epagine.fr\/590\/9782343044590_1_75.jpg","medium":"https:\/\/images.epagine.fr\/590\/9782343044590_1_m.jpg","thumbnail":"https:\/\/images.epagine.fr\/590\/9782343044590_1_v.jpg"},"orderable":true,"show_badge":true,"formatted_price":"28,00&nbsp;\u20ac","formatted_published_date":"6 octobre 2014","publisher_availability_label":"Sur commande","short_details":"Mohamed Salah \u2014 \u00c9ditions L'Harmattan","translator":null,"weight":385,"page_count":250,"readership":null,"editor":"\u00c9ditions L'Harmattan","price":2800,"published_date":"2014-10-05T22:00:00.000000Z","support":"Grand format","publisher_availability":1,"stock":0,"editions":[],"url":"https:\/\/quaidesbrumes.com\/ouvrage\/9782343044590\/tunisie-lislam-local-face-a-lislam-importe"},{"id":"9782013486583","title":"Supplement a l'\"essai sur la vie et les ouvrages de bernardin de saint-pierre\"","description":"Suppl\u00e9ment \u00e0 l'\"Essai sur la vie et les ouvrages de Bernardin de Saint-Pierre\", renfermant l'histoire de sa conduite pendant la r\u00e9volution et de ses relations particuli\u00e8res avec Louis, Joseph et Napol\u00e9on Buonaparte ; par Louis Aim\u00e9-Martin Date de l'\u00e9dition originale : 1826 Sujet de l'ouvrage : Saint-Pierre, Bernardin de Ce livre est la reproduction fid\u00e8le d'une oeuvre publi\u00e9e avant 1920 et fait partie d'une collection de livres r\u00e9imprim\u00e9s \u00e0 la demande \u00e9dit\u00e9e par Hachette Livre, dans le cadre d'un partenariat avec la Biblioth\u00e8que nationale de France, offrant l'opportunit\u00e9 d'acc\u00e9der \u00e0 des ouvrages anciens et souvent rares issus des fonds patrimoniaux de la BnF.\r\nLes oeuvres faisant partie de cette collection ont \u00e9t\u00e9 num\u00e9ris\u00e9es par la BnF et sont pr\u00e9sentes sur Gallica, sa biblioth\u00e8que num\u00e9rique.\r\n\r\nEn entreprenant de redonner vie \u00e0 ces ouvrages au travers d'une collection de livres r\u00e9imprim\u00e9s \u00e0 la demande, nous leur donnons la possibilit\u00e9 de rencontrer un public \u00e9largi et participons \u00e0 la transmission de connaissances et de savoirs parfois difficilement accessibles.\r\nNous avons cherch\u00e9 \u00e0 concilier la reproduction fid\u00e8le d'un livre ancien \u00e0 partir de sa version num\u00e9ris\u00e9e avec le souci d'un confort de lecture optimal. Nous esp\u00e9rons que les ouvrages de cette nouvelle collection vous apporteront enti\u00e8re satisfaction.\r\n\r\nPour plus d'informations, rendez-vous sur www.hachettebnf.fr\r","authors":[],"category_codes":["1000000","1060000","1060200"],"visuals":{"large":"https:\/\/images.epagine.fr\/583\/9782013486583_1_75.jpg","medium":"https:\/\/images.epagine.fr\/583\/9782013486583_1_m.jpg","thumbnail":"https:\/\/images.epagine.fr\/583\/9782013486583_1_v.jpg"},"orderable":true,"show_badge":true,"formatted_price":"17,50&nbsp;\u20ac","formatted_published_date":"1er octobre 2014","publisher_availability_label":"Sur commande","short_details":"Hachette BNF","translator":null,"weight":235,"page_count":null,"readership":null,"editor":"Hachette BNF","price":1750,"published_date":"2014-09-30T22:00:00.000000Z","support":"Grand format","publisher_availability":1,"stock":0,"editions":[],"url":"https:\/\/quaidesbrumes.com\/ouvrage\/9782013486583\/supplement-a-lessai-sur-la-vie-et-les-ouvrages-de-bernardin-de-saint-pierre"},{"id":"9782013486859","title":"Memoire a consulter sur un systeme religieux et politique tendant a renverser la religion","description":"M\u00e9moire \u00e0 consulter sur un syst\u00e8me religieux et politique tendant \u00e0 renverser la religion ... par M. le Comte de Montlosier. 6e \u00e9d.\r\nDate de l'\u00e9dition originale : 1826 Sujet de l'ouvrage : France (1824-1830, Charles X) Ce livre est la reproduction fid\u00e8le d'une oeuvre publi\u00e9e avant 1920 et fait partie d'une collection de livres r\u00e9imprim\u00e9s \u00e0 la demande \u00e9dit\u00e9e par Hachette Livre, dans le cadre d'un partenariat avec la Biblioth\u00e8que nationale de France, offrant l'opportunit\u00e9 d'acc\u00e9der \u00e0 des ouvrages anciens et souvent rares issus des fonds patrimoniaux de la BnF.\r\nLes oeuvres faisant partie de cette collection ont \u00e9t\u00e9 num\u00e9ris\u00e9es par la BnF et sont pr\u00e9sentes sur Gallica, sa biblioth\u00e8que num\u00e9rique.\r\n\r\nEn entreprenant de redonner vie \u00e0 ces ouvrages au travers d'une collection de livres r\u00e9imprim\u00e9s \u00e0 la demande, nous leur donnons la possibilit\u00e9 de rencontrer un public \u00e9largi et participons \u00e0 la transmission de connaissances et de savoirs parfois difficilement accessibles.\r\nNous avons cherch\u00e9 \u00e0 concilier la reproduction fid\u00e8le d'un livre ancien \u00e0 partir de sa version num\u00e9ris\u00e9e avec le souci d'un confort de lecture optimal. Nous esp\u00e9rons que les ouvrages de cette nouvelle collection vous apporteront enti\u00e8re satisfaction.\r\n\r\nPour plus d'informations, rendez-vous sur www.hachettebnf.fr\r","authors":["Montlosier F-D."],"category_codes":["1000000","1060000","1060200"],"visuals":{"large":"https:\/\/images.epagine.fr\/859\/9782013486859_1_75.jpg","medium":"https:\/\/images.epagine.fr\/859\/9782013486859_1_m.jpg","thumbnail":"https:\/\/images.epagine.fr\/859\/9782013486859_1_v.jpg"},"orderable":true,"show_badge":true,"formatted_price":"24,00&nbsp;\u20ac","formatted_published_date":"1er octobre 2014","publisher_availability_label":"Sur commande","short_details":"Montlosier F-D. \u2014 Hachette BNF","translator":null,"weight":454,"page_count":null,"readership":null,"editor":"Hachette BNF","price":2400,"published_date":"2014-09-30T22:00:00.000000Z","support":"Grand format","publisher_availability":1,"stock":0,"editions":[],"url":"https:\/\/quaidesbrumes.com\/ouvrage\/9782013486859\/memoire-a-consulter-sur-un-systeme-religieux-et-politique-tendant-a-renverser-la-religion"},{"id":"9782760541641","title":"Jumelages interculturels ; communication, inclusion et int\u00e9gration","description":"Les jumelages interculturels, qui ont re\u00e7u une mention de la Fondation canadienne des relations raciales (2005) et la M\u00e9daille du jubil\u00e9 de diamant de la reine \u00c9lisabeth II (2012), sont des activit\u00e9s permettant la rencontre de personnes de diff\u00e9rentes cultures. Les principes de base sont \u00e9galit\u00e9, collaboration et r\u00e9ciprocit\u00e9.\r\n\r\nCe livre contribue \u00e0 la compr\u00e9hension des enjeux sociaux relatifs \u00e0 la diversit\u00e9 ethnique, \u00e0 l'int\u00e9gration des immigrants et \u00e0 la responsabilit\u00e9 de la soci\u00e9t\u00e9 d'accueil. Ce projet novateur favorise les contacts entre \u00e9tudiants francophones et non francophones jumel\u00e9s, et entre enseignants et chercheurs universitaires de divers champs d'expertise. L'ouvrage rend compte de la richesse de ce terrain d'exp\u00e9rimentation pour mener des recherches \u00e0 la fois th\u00e9oriques et appliqu\u00e9es dans le champ des relations interculturelles et des contacts intergroupes. \r\n\r\n-Micheline Milot, directrice du Centre d'\u00e9tudes ethniques des universit\u00e9s montr\u00e9alaises, Universit\u00e9 de Montr\u00e9al, Qu\u00e9bec Ce livre d\u00e9crit les mod\u00e8les th\u00e9oriques et les activit\u00e9s pratiques de jumelages interculturels tels que r\u00e9alis\u00e9s au Qu\u00e9bec. Il offre les outils pour bonifier nos interventions de rapprochement interculturel dans une Europe et une France de plus en plus multiculturelles et multilingues o\u00f9 le rapport \u00e0 l'autre est parfois per\u00e7u comme une menace.\r\n\r\n-Pascal Tisserant, professeur, Universit\u00e9 de Lorraine-Metz, France \u00c0 l'Universit\u00e9 du Qu\u00e9bec \u00e0 Montr\u00e9al, un ing\u00e9nieux projet d'\u00e9changes interculturels permet \u00e0 des milliers d'\u00e9tudiants en \u00e9ducation, travail social, carri\u00e9rologie, psychologie d'une part et, d'autre part, aux immigrants en classe de fran\u00e7ais d'apprendre les uns des autres. Ce livre d\u00e9crit le processus de conception, de mise en oeuvre et d'\u00e9valuation des effets de cette \u00e9l\u00e9gante approche \u00e0 l'appren\u00adtissage universitaire. Il servira aussi d'excellent guide au d\u00e9veloppement de cours et de programmes postsecondaires dans tous les domaines.\r\n\r\n-Pierre Zundel, recteur et vice-chancelier de l'Universit\u00e9 de Sudbury, Ontario\r","authors":["Nicole Carignan","Myra Deraiche","Marie-c\u00e9cile Guillot"],"category_codes":["1000000","1060000","1060300"],"visuals":{"large":"https:\/\/images.epagine.fr\/641\/9782760541641_1_75.jpg","medium":"https:\/\/images.epagine.fr\/641\/9782760541641_1_m.jpg","thumbnail":"https:\/\/images.epagine.fr\/641\/9782760541641_1_v.jpg"},"orderable":true,"show_badge":true,"formatted_price":"18,00&nbsp;\u20ac","formatted_published_date":"12 mars 2015","publisher_availability_label":"Sur commande","short_details":"Nicole Carignan, Myra Deraiche, Marie-c\u00e9cile Guillot \u2014 PU DE QUEBEC","translator":null,"weight":272,"page_count":151,"readership":null,"editor":"PU DE QUEBEC","price":1800,"published_date":"2015-03-11T23:00:00.000000Z","support":"Grand format","publisher_availability":1,"stock":0,"editions":[],"url":"https:\/\/quaidesbrumes.com\/ouvrage\/9782760541641\/jumelages-interculturels-communication-inclusion-et-integration"},{"id":"9782343016320","title":"Dans les cercles de l'enfer ; r\u00e9cit d'un prisonnier politique albanais","description":"\u00ab Chaque matin, \u00e0 la premi\u00e8re lueur du jour, dans les quatre casernes cyclop\u00e9ennes o\u00f9 les intern\u00e9s \u00e9taient enferm\u00e9s et entass\u00e9s par milliers, r\u00e9sonnait tout d'un coup le son m\u00e9tallique de la \u00ab tchanga \u00bb. C'\u00e9taient des gongs form\u00e9s de grosses douilles d'obus en bronze que l'on frappait \u00e0 coups de barres de fer. Un fracas \u00e9tourdissant se r\u00e9pandait le long de la vall\u00e9e du fleuve Viosa, terrifiant les montagnes alentour et la forteresse de Tepelen\u00eb qui jetait son ombre lugubre sur le camp de concentration install\u00e9 \u00e0 c\u00f4t\u00e9 d'elle par le r\u00e9gime communiste de Tirana \u00bb.\r","authors":["Lek Pervizi"],"category_codes":["1000000","1060000","1060300"],"visuals":{"large":"https:\/\/images.epagine.fr\/320\/9782343016320_1_75.jpg","medium":"https:\/\/images.epagine.fr\/320\/9782343016320_1_m.jpg","thumbnail":"https:\/\/images.epagine.fr\/320\/9782343016320_1_v.jpg"},"orderable":true,"show_badge":true,"formatted_price":"15,00&nbsp;\u20ac","formatted_published_date":"24 octobre 2014","publisher_availability_label":"Sur commande","short_details":"Lek Pervizi \u2014 \u00c9ditions L'Harmattan","translator":null,"weight":175,"page_count":136,"readership":null,"editor":"\u00c9ditions L'Harmattan","price":1500,"published_date":"2014-10-23T22:00:00.000000Z","support":"Grand format","publisher_availability":1,"stock":0,"editions":[],"url":"https:\/\/quaidesbrumes.com\/ouvrage\/9782343016320\/dans-les-cercles-de-lenfer-recit-dun-prisonnier-politique-albanais"},{"id":"9782013487610","title":"Lettre de mgr l'archeveque d'alger. mission d'afrique et creation de villages d'arabes chretiens","description":"Lettre de Mgr l'archev\u00eaque d'Alger [Lavigerie] \u00e0 M. le directeur de l'Oeuvre des \u00e9coles d'Orient sur la mission d'Afrique et la cr\u00e9ation de villages d'Arabes chr\u00e9tiens en Alg\u00e9rie Date de l'\u00e9dition originale : 1876 Ce livre est la reproduction fid\u00e8le d'une oeuvre publi\u00e9e avant 1920 et fait partie d'une collection de livres r\u00e9imprim\u00e9s \u00e0 la demande \u00e9dit\u00e9e par Hachette Livre, dans le cadre d'un partenariat avec la Biblioth\u00e8que nationale de France, offrant l'opportunit\u00e9 d'acc\u00e9der \u00e0 des ouvrages anciens et souvent rares issus des fonds patrimoniaux de la BnF.\r\nLes oeuvres faisant partie de cette collection ont \u00e9t\u00e9 num\u00e9ris\u00e9es par la BnF et sont pr\u00e9sentes sur Gallica, sa biblioth\u00e8que num\u00e9rique.\r\n\r\nEn entreprenant de redonner vie \u00e0 ces ouvrages au travers d'une collection de livres r\u00e9imprim\u00e9s \u00e0 la demande, nous leur donnons la possibilit\u00e9 de rencontrer un public \u00e9largi et participons \u00e0 la transmission de connaissances et de savoirs parfois difficilement accessibles.\r\nNous avons cherch\u00e9 \u00e0 concilier la reproduction fid\u00e8le d'un livre ancien \u00e0 partir de sa version num\u00e9ris\u00e9e avec le souci d'un confort de lecture optimal. Nous esp\u00e9rons que les ouvrages de cette nouvelle collection vous apporteront enti\u00e8re satisfaction.\r\n\r\nPour plus d'informations, rendez-vous sur www.hachettebnf.fr\r","authors":["Lavigerie Charles"],"category_codes":["1000000","1060000","1060200"],"visuals":{"large":"https:\/\/images.epagine.fr\/610\/9782013487610_1_75.jpg","medium":"https:\/\/images.epagine.fr\/610\/9782013487610_1_m.jpg","thumbnail":"https:\/\/images.epagine.fr\/610\/9782013487610_1_v.jpg"},"orderable":true,"show_badge":true,"formatted_price":"9,50&nbsp;\u20ac","formatted_published_date":"1er octobre 2014","publisher_availability_label":"Sur commande","short_details":"Lavigerie Charles \u2014 Hachette BNF","translator":null,"weight":56,"page_count":null,"readership":null,"editor":"Hachette BNF","price":950,"published_date":"2014-09-30T22:00:00.000000Z","support":"Grand format","publisher_availability":1,"stock":0,"editions":[],"url":"https:\/\/quaidesbrumes.com\/ouvrage\/9782013487610\/lettre-de-mgr-larcheveque-dalger-mission-dafrique-et-creation-de-villages-darabes-chretiens"},{"id":"9782013487627","title":"Napoleon le grand sous le dome des invalides","description":"Napol\u00e9on le Grand sous le d\u00f4me des Invalides , par M. S......., ancien officier Date de l'\u00e9dition originale : 1840 Sujet de l'ouvrage : France (1830-1848, Louis-Philippe) Ce livre est la reproduction fid\u00e8le d'une oeuvre publi\u00e9e avant 1920 et fait partie d'une collection de livres r\u00e9imprim\u00e9s \u00e0 la demande \u00e9dit\u00e9e par Hachette Livre, dans le cadre d'un partenariat avec la Biblioth\u00e8que nationale de France, offrant l'opportunit\u00e9 d'acc\u00e9der \u00e0 des ouvrages anciens et souvent rares issus des fonds patrimoniaux de la BnF.\r\nLes oeuvres faisant partie de cette collection ont \u00e9t\u00e9 num\u00e9ris\u00e9es par la BnF et sont pr\u00e9sentes sur Gallica, sa biblioth\u00e8que num\u00e9rique.\r\n\r\nEn entreprenant de redonner vie \u00e0 ces ouvrages au travers d'une collection de livres r\u00e9imprim\u00e9s \u00e0 la demande, nous leur donnons la possibilit\u00e9 de rencontrer un public \u00e9largi et participons \u00e0 la transmission de connaissances et de savoirs parfois difficilement accessibles.\r\nNous avons cherch\u00e9 \u00e0 concilier la reproduction fid\u00e8le d'un livre ancien \u00e0 partir de sa version num\u00e9ris\u00e9e avec le souci d'un confort de lecture optimal. Nous esp\u00e9rons que les ouvrages de cette nouvelle collection vous apporteront enti\u00e8re satisfaction.\r\n\r\nPour plus d'informations, rendez-vous sur www.hachettebnf.fr\r","authors":[],"category_codes":["1000000","1060000","1060200"],"visuals":{"large":"https:\/\/images.epagine.fr\/627\/9782013487627_1_75.jpg","medium":"https:\/\/images.epagine.fr\/627\/9782013487627_1_m.jpg","thumbnail":"https:\/\/images.epagine.fr\/627\/9782013487627_1_v.jpg"},"orderable":true,"show_badge":true,"formatted_price":"9,50&nbsp;\u20ac","formatted_published_date":"1er octobre 2014","publisher_availability_label":"Sur commande","short_details":"Hachette BNF","translator":null,"weight":43,"page_count":null,"readership":null,"editor":"Hachette BNF","price":950,"published_date":"2014-09-30T22:00:00.000000Z","support":"Grand format","publisher_availability":1,"stock":0,"editions":[],"url":"https:\/\/quaidesbrumes.com\/ouvrage\/9782013487627\/napoleon-le-grand-sous-le-dome-des-invalides"},{"id":"9782013487719","title":"Memoire historique, geographique et politique sur l'algerie... par charles-pierre de nazarieux,...","description":"M\u00e9moire historique, g\u00e9ographique et politique sur l'Alg\u00e9rie... par Charles-Pierre de Nazarieux,...\r\nDate de l'\u00e9dition originale : 1840 Ce livre est la reproduction fid\u00e8le d'une oeuvre publi\u00e9e avant 1920 et fait partie d'une collection de livres r\u00e9imprim\u00e9s \u00e0 la demande \u00e9dit\u00e9e par Hachette Livre, dans le cadre d'un partenariat avec la Biblioth\u00e8que nationale de France, offrant l'opportunit\u00e9 d'acc\u00e9der \u00e0 des ouvrages anciens et souvent rares issus des fonds patrimoniaux de la BnF.\r\nLes oeuvres faisant partie de cette collection ont \u00e9t\u00e9 num\u00e9ris\u00e9es par la BnF et sont pr\u00e9sentes sur Gallica, sa biblioth\u00e8que num\u00e9rique.\r\n\r\nEn entreprenant de redonner vie \u00e0 ces ouvrages au travers d'une collection de livres r\u00e9imprim\u00e9s \u00e0 la demande, nous leur donnons la possibilit\u00e9 de rencontrer un public \u00e9largi et participons \u00e0 la transmission de connaissances et de savoirs parfois difficilement accessibles.\r\nNous avons cherch\u00e9 \u00e0 concilier la reproduction fid\u00e8le d'un livre ancien \u00e0 partir de sa version num\u00e9ris\u00e9e avec le souci d'un confort de lecture optimal. Nous esp\u00e9rons que les ouvrages de cette nouvelle collection vous apporteront enti\u00e8re satisfaction.\r\n\r\nPour plus d'informations, rendez-vous sur www.hachettebnf.fr\r","authors":["Nazarieux C-P."],"category_codes":["1000000","1060000","1060200"],"visuals":{"large":"https:\/\/images.epagine.fr\/719\/9782013487719_1_75.jpg","medium":"https:\/\/images.epagine.fr\/719\/9782013487719_1_m.jpg","thumbnail":"https:\/\/images.epagine.fr\/719\/9782013487719_1_v.jpg"},"orderable":true,"show_badge":true,"formatted_price":"11,90&nbsp;\u20ac","formatted_published_date":"1er octobre 2014","publisher_availability_label":"Sur commande","short_details":"Nazarieux C-P. \u2014 Hachette BNF","translator":null,"weight":116,"page_count":null,"readership":null,"editor":"Hachette BNF","price":1190,"published_date":"2014-09-30T22:00:00.000000Z","support":"Grand format","publisher_availability":1,"stock":0,"editions":[],"url":"https:\/\/quaidesbrumes.com\/ouvrage\/9782013487719\/memoire-historique-geographique-et-politique-sur-lalgerie-par-charles-pierre-de-nazarieux"},{"id":"9782013487849","title":"Revue orleansvillaise","description":"Revue Orl\u00e9ansvillaise, \u00e0 propos des \u00e9lections prochaines, par une noctambule accompagn\u00e9e de l'illustre docteur Frantz Math\u00e9us \/ publi\u00e9e par Bourdon a\u00een\u00e9 d'Orl\u00e9ansville Date de l'\u00e9dition originale : 1871 Sujet de l'ouvrage : Ech-Cheleff (Alg\u00e9rie)Alg\u00e9rie (1830-1962)France -- Colonies Ce livre est la reproduction fid\u00e8le d'une oeuvre publi\u00e9e avant 1920 et fait partie d'une collection de livres r\u00e9imprim\u00e9s \u00e0 la demande \u00e9dit\u00e9e par Hachette Livre, dans le cadre d'un partenariat avec la Biblioth\u00e8que nationale de France, offrant l'opportunit\u00e9 d'acc\u00e9der \u00e0 des ouvrages anciens et souvent rares issus des fonds patrimoniaux de la BnF.\r\nLes oeuvres faisant partie de cette collection ont \u00e9t\u00e9 num\u00e9ris\u00e9es par la BnF et sont pr\u00e9sentes sur Gallica, sa biblioth\u00e8que num\u00e9rique.\r\n\r\nEn entreprenant de redonner vie \u00e0 ces ouvrages au travers d'une collection de livres r\u00e9imprim\u00e9s \u00e0 la demande, nous leur donnons la possibilit\u00e9 de rencontrer un public \u00e9largi et participons \u00e0 la transmission de connaissances et de savoirs parfois difficilement accessibles.\r\nNous avons cherch\u00e9 \u00e0 concilier la reproduction fid\u00e8le d'un livre ancien \u00e0 partir de sa version num\u00e9ris\u00e9e avec le souci d'un confort de lecture optimal. Nous esp\u00e9rons que les ouvrages de cette nouvelle collection vous apporteront enti\u00e8re satisfaction.\r\n\r\nPour plus d'informations, rendez-vous sur www.hachettebnf.fr\r","authors":[],"category_codes":["1000000","1060000","1060200"],"visuals":{"large":"https:\/\/images.epagine.fr\/849\/9782013487849_1_75.jpg","medium":"https:\/\/images.epagine.fr\/849\/9782013487849_1_m.jpg","thumbnail":"https:\/\/images.epagine.fr\/849\/9782013487849_1_v.jpg"},"orderable":true,"show_badge":true,"formatted_price":"11,00&nbsp;\u20ac","formatted_published_date":"1er octobre 2014","publisher_availability_label":"Sur commande","short_details":"Hachette BNF","translator":null,"weight":94,"page_count":null,"readership":null,"editor":"Hachette BNF","price":1100,"published_date":"2014-09-30T22:00:00.000000Z","support":"Grand format","publisher_availability":1,"stock":0,"editions":[],"url":"https:\/\/quaidesbrumes.com\/ouvrage\/9782013487849\/revue-orleansvillaise"},{"id":"9782013487863","title":"Memoires d'un spahis. six ans en afrique","description":"M\u00e9moires d'un spahis, ou Six ans en Afrique, par Charles Pradier,...\r\nDate de l'\u00e9dition originale : 1852 Ce livre est la reproduction fid\u00e8le d'une oeuvre publi\u00e9e avant 1920 et fait partie d'une collection de livres r\u00e9imprim\u00e9s \u00e0 la demande \u00e9dit\u00e9e par Hachette Livre, dans le cadre d'un partenariat avec la Biblioth\u00e8que nationale de France, offrant l'opportunit\u00e9 d'acc\u00e9der \u00e0 des ouvrages anciens et souvent rares issus des fonds patrimoniaux de la BnF.\r\nLes oeuvres faisant partie de cette collection ont \u00e9t\u00e9 num\u00e9ris\u00e9es par la BnF et sont pr\u00e9sentes sur Gallica, sa biblioth\u00e8que num\u00e9rique.\r\n\r\nEn entreprenant de redonner vie \u00e0 ces ouvrages au travers d'une collection de livres r\u00e9imprim\u00e9s \u00e0 la demande, nous leur donnons la possibilit\u00e9 de rencontrer un public \u00e9largi et participons \u00e0 la transmission de connaissances et de savoirs parfois difficilement accessibles.\r\nNous avons cherch\u00e9 \u00e0 concilier la reproduction fid\u00e8le d'un livre ancien \u00e0 partir de sa version num\u00e9ris\u00e9e avec le souci d'un confort de lecture optimal. Nous esp\u00e9rons que les ouvrages de cette nouvelle collection vous apporteront enti\u00e8re satisfaction.\r\n\r\nPour plus d'informations, rendez-vous sur www.hachettebnf.fr\r","authors":["Pradier"],"category_codes":["1000000","1060000","1060200"],"visuals":{"large":"https:\/\/images.epagine.fr\/863\/9782013487863_1_75.jpg","medium":"https:\/\/images.epagine.fr\/863\/9782013487863_1_m.jpg","thumbnail":"https:\/\/images.epagine.fr\/863\/9782013487863_1_v.jpg"},"orderable":true,"show_badge":true,"formatted_price":"9,50&nbsp;\u20ac","formatted_published_date":"1er octobre 2014","publisher_availability_label":"Sur commande","short_details":"Pradier \u2014 Hachette BNF","translator":null,"weight":45,"page_count":null,"readership":null,"editor":"Hachette BNF","price":950,"published_date":"2014-09-30T22:00:00.000000Z","support":"Grand format","publisher_availability":1,"stock":0,"editions":[],"url":"https:\/\/quaidesbrumes.com\/ouvrage\/9782013487863\/memoires-dun-spahis-six-ans-en-afrique"},{"id":"9782013488266","title":"Oraison funebre de s. a. r. monseigneur le duc d'orleans, par pierre-julien masse","description":"Oraison fun\u00e8bre de S. A. R. Monseigneur le duc d'Orl\u00e9ans, par Pierre-Julien Mass\u00e9,... adress\u00e9e au Roi Date de l'\u00e9dition originale : 1843 Ce livre est la reproduction fid\u00e8le d'une oeuvre publi\u00e9e avant 1920 et fait partie d'une collection de livres r\u00e9imprim\u00e9s \u00e0 la demande \u00e9dit\u00e9e par Hachette Livre, dans le cadre d'un partenariat avec la Biblioth\u00e8que nationale de France, offrant l'opportunit\u00e9 d'acc\u00e9der \u00e0 des ouvrages anciens et souvent rares issus des fonds patrimoniaux de la BnF.\r\nLes oeuvres faisant partie de cette collection ont \u00e9t\u00e9 num\u00e9ris\u00e9es par la BnF et sont pr\u00e9sentes sur Gallica, sa biblioth\u00e8que num\u00e9rique.\r\n\r\nEn entreprenant de redonner vie \u00e0 ces ouvrages au travers d'une collection de livres r\u00e9imprim\u00e9s \u00e0 la demande, nous leur donnons la possibilit\u00e9 de rencontrer un public \u00e9largi et participons \u00e0 la transmission de connaissances et de savoirs parfois difficilement accessibles.\r\nNous avons cherch\u00e9 \u00e0 concilier la reproduction fid\u00e8le d'un livre ancien \u00e0 partir de sa version num\u00e9ris\u00e9e avec le souci d'un confort de lecture optimal. Nous esp\u00e9rons que les ouvrages de cette nouvelle collection vous apporteront enti\u00e8re satisfaction.\r\n\r\nPour plus d'informations, rendez-vous sur www.hachettebnf.fr\r","authors":["Masse"],"category_codes":["1000000","1060000","1060200"],"visuals":{"large":"https:\/\/images.epagine.fr\/266\/9782013488266_1_75.jpg","medium":"https:\/\/images.epagine.fr\/266\/9782013488266_1_m.jpg","thumbnail":"https:\/\/images.epagine.fr\/266\/9782013488266_1_v.jpg"},"orderable":true,"show_badge":true,"formatted_price":"9,50&nbsp;\u20ac","formatted_published_date":"1er octobre 2014","publisher_availability_label":"Sur commande","short_details":"Masse \u2014 Hachette BNF","translator":null,"weight":59,"page_count":null,"readership":null,"editor":"Hachette BNF","price":950,"published_date":"2014-09-30T22:00:00.000000Z","support":"Grand format","publisher_availability":1,"stock":0,"editions":[],"url":"https:\/\/quaidesbrumes.com\/ouvrage\/9782013488266\/oraison-funebre-de-s-a-r-monseigneur-le-duc-dorleans-par-pierre-julien-masse"},{"id":"9782013465182","title":"Une dynastie de musiciens francais : les couperin, organistes de l'eglise saint-gervais","description":"Une dynastie de musiciens fran\u00e7ais : les Couperin, organistes de l'\u00e9glise Saint-Gervais \/ Charles Bouvet ; pr\u00e9face de Ch.-M. Widor...\r\nDate de l'\u00e9dition originale : 1919 Sujet de l'ouvrage : Couperin (famille) Ce livre est la reproduction fid\u00e8le d'une oeuvre publi\u00e9e avant 1920 et fait partie d'une collection de livres r\u00e9imprim\u00e9s \u00e0 la demande \u00e9dit\u00e9e par Hachette Livre, dans le cadre d'un partenariat avec la Biblioth\u00e8que nationale de France, offrant l'opportunit\u00e9 d'acc\u00e9der \u00e0 des ouvrages anciens et souvent rares issus des fonds patrimoniaux de la BnF.\r\nLes oeuvres faisant partie de cette collection ont \u00e9t\u00e9 num\u00e9ris\u00e9es par la BnF et sont pr\u00e9sentes sur Gallica, sa biblioth\u00e8que num\u00e9rique.\r\n\r\nEn entreprenant de redonner vie \u00e0 ces ouvrages au travers d'une collection de livres r\u00e9imprim\u00e9s \u00e0 la demande, nous leur donnons la possibilit\u00e9 de rencontrer un public \u00e9largi et participons \u00e0 la transmission de connaissances et de savoirs parfois difficilement accessibles.\r\nNous avons cherch\u00e9 \u00e0 concilier la reproduction fid\u00e8le d'un livre ancien \u00e0 partir de sa version num\u00e9ris\u00e9e avec le souci d'un confort de lecture optimal. Nous esp\u00e9rons que les ouvrages de cette nouvelle collection vous apporteront enti\u00e8re satisfaction.\r\n\r\nPour plus d'informations, rendez-vous sur www.hachettebnf.fr\r","authors":["Bouvet Charles"],"category_codes":["1000000","1060000","1060200"],"visuals":{"large":"https:\/\/images.epagine.fr\/182\/9782013465182_1_75.jpg","medium":"https:\/\/images.epagine.fr\/182\/9782013465182_1_m.jpg","thumbnail":"https:\/\/images.epagine.fr\/182\/9782013465182_1_v.jpg"},"orderable":true,"show_badge":true,"formatted_price":"25,00&nbsp;\u20ac","formatted_published_date":"1er octobre 2014","publisher_availability_label":"Sur commande","short_details":"Bouvet Charles \u2014 Hachette BNF","translator":null,"weight":514,"page_count":null,"readership":null,"editor":"Hachette BNF","price":2500,"published_date":"2014-09-30T22:00:00.000000Z","support":"Grand format","publisher_availability":1,"stock":0,"editions":[],"url":"https:\/\/quaidesbrumes.com\/ouvrage\/9782013465182\/une-dynastie-de-musiciens-francais-les-couperin-organistes-de-leglise-saint-gervais"},{"id":"9782013465403","title":"Notice historique sur m. le gal sabatier","description":"Notice historique sur M. le Gal Sabatier, lue dans une assembl\u00e9e pieuse le dimanche 28 mai 1843 Date de l'\u00e9dition originale : 1843 Sujet de l'ouvrage : Sabatier, Hipp.-Bonav.\r\n\r\nCe livre est la reproduction fid\u00e8le d'une oeuvre publi\u00e9e avant 1920 et fait partie d'une collection de livres r\u00e9imprim\u00e9s \u00e0 la demande \u00e9dit\u00e9e par Hachette Livre, dans le cadre d'un partenariat avec la Biblioth\u00e8que nationale de France, offrant l'opportunit\u00e9 d'acc\u00e9der \u00e0 des ouvrages anciens et souvent rares issus des fonds patrimoniaux de la BnF.\r\nLes oeuvres faisant partie de cette collection ont \u00e9t\u00e9 num\u00e9ris\u00e9es par la BnF et sont pr\u00e9sentes sur Gallica, sa biblioth\u00e8que num\u00e9rique.\r\n\r\nEn entreprenant de redonner vie \u00e0 ces ouvrages au travers d'une collection de livres r\u00e9imprim\u00e9s \u00e0 la demande, nous leur donnons la possibilit\u00e9 de rencontrer un public \u00e9largi et participons \u00e0 la transmission de connaissances et de savoirs parfois difficilement accessibles.\r\nNous avons cherch\u00e9 \u00e0 concilier la reproduction fid\u00e8le d'un livre ancien \u00e0 partir de sa version num\u00e9ris\u00e9e avec le souci d'un confort de lecture optimal. Nous esp\u00e9rons que les ouvrages de cette nouvelle collection vous apporteront enti\u00e8re satisfaction.\r\n\r\nPour plus d'informations, rendez-vous sur www.hachettebnf.fr\r","authors":[],"category_codes":["1000000","1060000","1060200"],"visuals":{"large":"https:\/\/images.epagine.fr\/403\/9782013465403_1_75.jpg","medium":"https:\/\/images.epagine.fr\/403\/9782013465403_1_m.jpg","thumbnail":"https:\/\/images.epagine.fr\/403\/9782013465403_1_v.jpg"},"orderable":true,"show_badge":true,"formatted_price":"9,50&nbsp;\u20ac","formatted_published_date":"1er octobre 2014","publisher_availability_label":"Sur commande","short_details":"Hachette BNF","translator":null,"weight":48,"page_count":null,"readership":null,"editor":"Hachette BNF","price":950,"published_date":"2014-09-30T22:00:00.000000Z","support":"Grand format","publisher_availability":1,"stock":0,"editions":[],"url":"https:\/\/quaidesbrumes.com\/ouvrage\/9782013465403\/notice-historique-sur-m-le-gal-sabatier"},{"id":"9782013465434","title":"Oraison funebre de s. e. mgr le cardinal de perigord","description":"Oraison fun\u00e8bre de S. \u00c9. Mgr le cardinal de P\u00e9rigord, prononc\u00e9e dans l'\u00e9glise m\u00e9tropolitaine de Reims, le 8 janvier 1822, et le lendemain, dans l'\u00e9glise de Saint-Remi, par un pr\u00eatre de la Mission de France [Jaisson], lors de la translation du coeur de ce pr\u00e9lat \u00e0 Reims Date de l'\u00e9dition originale : 1822 Ce livre est la reproduction fid\u00e8le d'une oeuvre publi\u00e9e avant 1920 et fait partie d'une collection de livres r\u00e9imprim\u00e9s \u00e0 la demande \u00e9dit\u00e9e par Hachette Livre, dans le cadre d'un partenariat avec la Biblioth\u00e8que nationale de France, offrant l'opportunit\u00e9 d'acc\u00e9der \u00e0 des ouvrages anciens et souvent rares issus des fonds patrimoniaux de la BnF.\r\nLes oeuvres faisant partie de cette collection ont \u00e9t\u00e9 num\u00e9ris\u00e9es par la BnF et sont pr\u00e9sentes sur Gallica, sa biblioth\u00e8que num\u00e9rique.\r\n\r\nEn entreprenant de redonner vie \u00e0 ces ouvrages au travers d'une collection de livres r\u00e9imprim\u00e9s \u00e0 la demande, nous leur donnons la possibilit\u00e9 de rencontrer un public \u00e9largi et participons \u00e0 la transmission de connaissances et de savoirs parfois difficilement accessibles.\r\nNous avons cherch\u00e9 \u00e0 concilier la reproduction fid\u00e8le d'un livre ancien \u00e0 partir de sa version num\u00e9ris\u00e9e avec le souci d'un confort de lecture optimal. Nous esp\u00e9rons que les ouvrages de cette nouvelle collection vous apporteront enti\u00e8re satisfaction.\r\n\r\nPour plus d'informations, rendez-vous sur www.hachettebnf.fr\r","authors":["Jaisson"],"category_codes":["1000000","1060000","1060200"],"visuals":{"large":"https:\/\/images.epagine.fr\/434\/9782013465434_1_75.jpg","medium":"https:\/\/images.epagine.fr\/434\/9782013465434_1_m.jpg","thumbnail":"https:\/\/images.epagine.fr\/434\/9782013465434_1_v.jpg"},"orderable":true,"show_badge":true,"formatted_price":"9,50&nbsp;\u20ac","formatted_published_date":"1er octobre 2014","publisher_availability_label":"Sur commande","short_details":"Jaisson \u2014 Hachette BNF","translator":null,"weight":50,"page_count":null,"readership":null,"editor":"Hachette BNF","price":950,"published_date":"2014-09-30T22:00:00.000000Z","support":"Grand format","publisher_availability":1,"stock":0,"editions":[],"url":"https:\/\/quaidesbrumes.com\/ouvrage\/9782013465434\/oraison-funebre-de-s-e-mgr-le-cardinal-de-perigord"},{"id":"9782013465632","title":"Notice historique sur la vie et les ouvrages de nicolas saucerotte. partie 5","description":"Notice historique sur la vie et les ouvrages de Nicolas Saucerotte, lu \u00e0 la Soci\u00e9t\u00e9 de m\u00e9decine de Paris, dans sa s\u00e9ance du 17 mai 1814, par Victor Saucerotte,...\r\nDate de l'\u00e9dition originale : 1814 Ce livre est la reproduction fid\u00e8le d'une oeuvre publi\u00e9e avant 1920 et fait partie d'une collection de livres r\u00e9imprim\u00e9s \u00e0 la demande \u00e9dit\u00e9e par Hachette Livre, dans le cadre d'un partenariat avec la Biblioth\u00e8que nationale de France, offrant l'opportunit\u00e9 d'acc\u00e9der \u00e0 des ouvrages anciens et souvent rares issus des fonds patrimoniaux de la BnF.\r\nLes oeuvres faisant partie de cette collection ont \u00e9t\u00e9 num\u00e9ris\u00e9es par la BnF et sont pr\u00e9sentes sur Gallica, sa biblioth\u00e8que num\u00e9rique.\r\n\r\nEn entreprenant de redonner vie \u00e0 ces ouvrages au travers d'une collection de livres r\u00e9imprim\u00e9s \u00e0 la demande, nous leur donnons la possibilit\u00e9 de rencontrer un public \u00e9largi et participons \u00e0 la transmission de connaissances et de savoirs parfois difficilement accessibles.\r\nNous avons cherch\u00e9 \u00e0 concilier la reproduction fid\u00e8le d'un livre ancien \u00e0 partir de sa version num\u00e9ris\u00e9e avec le souci d'un confort de lecture optimal. Nous esp\u00e9rons que les ouvrages de cette nouvelle collection vous apporteront enti\u00e8re satisfaction.\r\n\r\nPour plus d'informations, rendez-vous sur www.hachettebnf.fr\r","authors":["Saucerotte"],"category_codes":["1000000","1060000","1060200"],"visuals":{"large":"https:\/\/images.epagine.fr\/632\/9782013465632_1_75.jpg","medium":"https:\/\/images.epagine.fr\/632\/9782013465632_1_m.jpg","thumbnail":"https:\/\/images.epagine.fr\/632\/9782013465632_1_v.jpg"},"orderable":true,"show_badge":true,"formatted_price":"9,50&nbsp;\u20ac","formatted_published_date":"1er octobre 2014","publisher_availability_label":"Sur commande","short_details":"Saucerotte \u2014 Hachette BNF","translator":null,"weight":48,"page_count":null,"readership":null,"editor":"Hachette BNF","price":950,"published_date":"2014-09-30T22:00:00.000000Z","support":"Grand format","publisher_availability":1,"stock":0,"editions":[],"url":"https:\/\/quaidesbrumes.com\/ouvrage\/9782013465632\/notice-historique-sur-la-vie-et-les-ouvrages-de-nicolas-saucerotte-partie-5"},{"id":"9782013465649","title":"Memoires de poum, chien de police","description":"M\u00e9moires de Poum, chien de police...\r\nDate de l'\u00e9dition originale : 1913 Ce livre est la reproduction fid\u00e8le d'une oeuvre publi\u00e9e avant 1920 et fait partie d'une collection de livres r\u00e9imprim\u00e9s \u00e0 la demande \u00e9dit\u00e9e par Hachette Livre, dans le cadre d'un partenariat avec la Biblioth\u00e8que nationale de France, offrant l'opportunit\u00e9 d'acc\u00e9der \u00e0 des ouvrages anciens et souvent rares issus des fonds patrimoniaux de la BnF.\r\nLes oeuvres faisant partie de cette collection ont \u00e9t\u00e9 num\u00e9ris\u00e9es par la BnF et sont pr\u00e9sentes sur Gallica, sa biblioth\u00e8que num\u00e9rique.\r\n\r\nEn entreprenant de redonner vie \u00e0 ces ouvrages au travers d'une collection de livres r\u00e9imprim\u00e9s \u00e0 la demande, nous leur donnons la possibilit\u00e9 de rencontrer un public \u00e9largi et participons \u00e0 la transmission de connaissances et de savoirs parfois difficilement accessibles.\r\nNous avons cherch\u00e9 \u00e0 concilier la reproduction fid\u00e8le d'un livre ancien \u00e0 partir de sa version num\u00e9ris\u00e9e avec le souci d'un confort de lecture optimal. Nous esp\u00e9rons que les ouvrages de cette nouvelle collection vous apporteront enti\u00e8re satisfaction.\r\n\r\nPour plus d'informations, rendez-vous sur www.hachettebnf.fr\r","authors":["Marie-fran\u00e7ois Goron"],"category_codes":["1000000","1060000","1060200"],"visuals":{"large":"https:\/\/images.epagine.fr\/649\/9782013465649_1_75.jpg","medium":"https:\/\/images.epagine.fr\/649\/9782013465649_1_m.jpg","thumbnail":"https:\/\/images.epagine.fr\/649\/9782013465649_1_v.jpg"},"orderable":true,"show_badge":true,"formatted_price":"26,50&nbsp;\u20ac","formatted_published_date":"1er octobre 2014","publisher_availability_label":"Sur commande","short_details":"Marie-fran\u00e7ois Goron \u2014 Hachette BNF","translator":null,"weight":584,"page_count":null,"readership":null,"editor":"Hachette BNF","price":2650,"published_date":"2014-09-30T22:00:00.000000Z","support":"Grand format","publisher_availability":1,"stock":0,"editions":[],"url":"https:\/\/quaidesbrumes.com\/ouvrage\/9782013465649\/memoires-de-poum-chien-de-police"},{"id":"9782013465755","title":"Eloge historique de m. j. sedaine","description":"\u00c9loge historique de M. J. Sedaine, par Constance D. T. Pipelet, lu par l'auteur \u00e0 la 54e s\u00e9ance publique du Lyc\u00e9e des arts, le 30 messidor an V Date de l'\u00e9dition originale : 1797 Ce livre est la reproduction fid\u00e8le d'une oeuvre publi\u00e9e avant 1920 et fait partie d'une collection de livres r\u00e9imprim\u00e9s \u00e0 la demande \u00e9dit\u00e9e par Hachette Livre, dans le cadre d'un partenariat avec la Biblioth\u00e8que nationale de France, offrant l'opportunit\u00e9 d'acc\u00e9der \u00e0 des ouvrages anciens et souvent rares issus des fonds patrimoniaux de la BnF.\r\nLes oeuvres faisant partie de cette collection ont \u00e9t\u00e9 num\u00e9ris\u00e9es par la BnF et sont pr\u00e9sentes sur Gallica, sa biblioth\u00e8que num\u00e9rique.\r\n\r\nEn entreprenant de redonner vie \u00e0 ces ouvrages au travers d'une collection de livres r\u00e9imprim\u00e9s \u00e0 la demande, nous leur donnons la possibilit\u00e9 de rencontrer un public \u00e9largi et participons \u00e0 la transmission de connaissances et de savoirs parfois difficilement accessibles.\r\nNous avons cherch\u00e9 \u00e0 concilier la reproduction fid\u00e8le d'un livre ancien \u00e0 partir de sa version num\u00e9ris\u00e9e avec le souci d'un confort de lecture optimal. Nous esp\u00e9rons que les ouvrages de cette nouvelle collection vous apporteront enti\u00e8re satisfaction.\r\n\r\nPour plus d'informations, rendez-vous sur www.hachettebnf.fr\r","authors":["Constance de Salm"],"category_codes":["1000000","1060000","1060200"],"visuals":{"large":"https:\/\/images.epagine.fr\/755\/9782013465755_1_75.jpg","medium":"https:\/\/images.epagine.fr\/755\/9782013465755_1_m.jpg","thumbnail":"https:\/\/images.epagine.fr\/755\/9782013465755_1_v.jpg"},"orderable":true,"show_badge":true,"formatted_price":"9,50&nbsp;\u20ac","formatted_published_date":"1er octobre 2014","publisher_availability_label":"Sur commande","short_details":"Constance de Salm \u2014 Hachette BNF","translator":null,"weight":59,"page_count":null,"readership":null,"editor":"Hachette BNF","price":950,"published_date":"2014-09-30T22:00:00.000000Z","support":"Grand format","publisher_availability":1,"stock":0,"editions":[],"url":"https:\/\/quaidesbrumes.com\/ouvrage\/9782013465755\/eloge-historique-de-m-j-sedaine"},{"id":"9782013465762","title":"Rousseau au temple de memoire. memorandum sur le cen de geneve","description":"Rousseau au temple de M\u00e9moire, ou Memorandum sur le Cen de Gen\u00e8ve, \u00e0 l'occasion de sa statue . (Sign\u00e9 : D. Dunant.) Date de l'\u00e9dition originale : 1833 Sujet de l'ouvrage : Rousseau Ce livre est la reproduction fid\u00e8le d'une oeuvre publi\u00e9e avant 1920 et fait partie d'une collection de livres r\u00e9imprim\u00e9s \u00e0 la demande \u00e9dit\u00e9e par Hachette Livre, dans le cadre d'un partenariat avec la Biblioth\u00e8que nationale de France, offrant l'opportunit\u00e9 d'acc\u00e9der \u00e0 des ouvrages anciens et souvent rares issus des fonds patrimoniaux de la BnF.\r\nLes oeuvres faisant partie de cette collection ont \u00e9t\u00e9 num\u00e9ris\u00e9es par la BnF et sont pr\u00e9sentes sur Gallica, sa biblioth\u00e8que num\u00e9rique.\r\n\r\nEn entreprenant de redonner vie \u00e0 ces ouvrages au travers d'une collection de livres r\u00e9imprim\u00e9s \u00e0 la demande, nous leur donnons la possibilit\u00e9 de rencontrer un public \u00e9largi et participons \u00e0 la transmission de connaissances et de savoirs parfois difficilement accessibles.\r\nNous avons cherch\u00e9 \u00e0 concilier la reproduction fid\u00e8le d'un livre ancien \u00e0 partir de sa version num\u00e9ris\u00e9e avec le souci d'un confort de lecture optimal. Nous esp\u00e9rons que les ouvrages de cette nouvelle collection vous apporteront enti\u00e8re satisfaction.\r\n\r\nPour plus d'informations, rendez-vous sur www.hachettebnf.fr\r","authors":["Dunant"],"category_codes":["1000000","1060000","1060200"],"visuals":{"large":"https:\/\/images.epagine.fr\/762\/9782013465762_1_75.jpg","medium":"https:\/\/images.epagine.fr\/762\/9782013465762_1_m.jpg","thumbnail":"https:\/\/images.epagine.fr\/762\/9782013465762_1_v.jpg"},"orderable":true,"show_badge":true,"formatted_price":"10,90&nbsp;\u20ac","formatted_published_date":"1er octobre 2014","publisher_availability_label":"Sur commande","short_details":"Dunant \u2014 Hachette BNF","translator":null,"weight":83,"page_count":null,"readership":null,"editor":"Hachette BNF","price":1090,"published_date":"2014-09-30T22:00:00.000000Z","support":"Grand format","publisher_availability":1,"stock":0,"editions":["9782013465779"],"url":"https:\/\/quaidesbrumes.com\/ouvrage\/9782013465762\/rousseau-au-temple-de-memoire-memorandum-sur-le-cen-de-geneve"},{"id":"9782013465809","title":"Eloge de m. torombert, avocat a la cour royale de lyon","description":"\u00c9loge de M. Torombert, avocat \u00e0 la cour royale de Lyon... prononc\u00e9 en s\u00e9ance publique de l'Acad\u00e9mie, le 30 ao\u00fbt 1836 , par C.-L. Grandperret,...\r\nDate de l'\u00e9dition originale : 1836 Sujet de l'ouvrage : Torobert Ce livre est la reproduction fid\u00e8le d'une oeuvre publi\u00e9e avant 1920 et fait partie d'une collection de livres r\u00e9imprim\u00e9s \u00e0 la demande \u00e9dit\u00e9e par Hachette Livre, dans le cadre d'un partenariat avec la Biblioth\u00e8que nationale de France, offrant l'opportunit\u00e9 d'acc\u00e9der \u00e0 des ouvrages anciens et souvent rares issus des fonds patrimoniaux de la BnF.\r\nLes oeuvres faisant partie de cette collection ont \u00e9t\u00e9 num\u00e9ris\u00e9es par la BnF et sont pr\u00e9sentes sur Gallica, sa biblioth\u00e8que num\u00e9rique.\r\n\r\nEn entreprenant de redonner vie \u00e0 ces ouvrages au travers d'une collection de livres r\u00e9imprim\u00e9s \u00e0 la demande, nous leur donnons la possibilit\u00e9 de rencontrer un public \u00e9largi et participons \u00e0 la transmission de connaissances et de savoirs parfois difficilement accessibles.\r\nNous avons cherch\u00e9 \u00e0 concilier la reproduction fid\u00e8le d'un livre ancien \u00e0 partir de sa version num\u00e9ris\u00e9e avec le souci d'un confort de lecture optimal. Nous esp\u00e9rons que les ouvrages de cette nouvelle collection vous apporteront enti\u00e8re satisfaction.\r\n\r\nPour plus d'informations, rendez-vous sur www.hachettebnf.fr\r","authors":["Grandperret"],"category_codes":["1000000","1060000","1060200"],"visuals":{"large":"https:\/\/images.epagine.fr\/809\/9782013465809_1_75.jpg","medium":"https:\/\/images.epagine.fr\/809\/9782013465809_1_m.jpg","thumbnail":"https:\/\/images.epagine.fr\/809\/9782013465809_1_v.jpg"},"orderable":true,"show_badge":true,"formatted_price":"9,50&nbsp;\u20ac","formatted_published_date":"1er octobre 2014","publisher_availability_label":"Sur commande","short_details":"Grandperret \u2014 Hachette BNF","translator":null,"weight":62,"page_count":null,"readership":null,"editor":"Hachette BNF","price":950,"published_date":"2014-09-30T22:00:00.000000Z","support":"Grand format","publisher_availability":1,"stock":0,"editions":[],"url":"https:\/\/quaidesbrumes.com\/ouvrage\/9782013465809\/eloge-de-m-torombert-avocat-a-la-cour-royale-de-lyon"},{"id":"9782013465816","title":"Notice sur le baron taylor et sur les tableaux espagnols achetes par lui d'apres les ordres du roi","description":"Notice sur M. le baron Taylor et sur les tableaux espagnols achet\u00e9s par lui d'apr\u00e8s les ordres du roi. [Sign\u00e9 : Achille Jubinal.] Date de l'\u00e9dition originale : 1837 Sujet de l'ouvrage : Taylor Ce livre est la reproduction fid\u00e8le d'une oeuvre publi\u00e9e avant 1920 et fait partie d'une collection de livres r\u00e9imprim\u00e9s \u00e0 la demande \u00e9dit\u00e9e par Hachette Livre, dans le cadre d'un partenariat avec la Biblioth\u00e8que nationale de France, offrant l'opportunit\u00e9 d'acc\u00e9der \u00e0 des ouvrages anciens et souvent rares issus des fonds patrimoniaux de la BnF.\r\nLes oeuvres faisant partie de cette collection ont \u00e9t\u00e9 num\u00e9ris\u00e9es par la BnF et sont pr\u00e9sentes sur Gallica, sa biblioth\u00e8que num\u00e9rique.\r\n\r\nEn entreprenant de redonner vie \u00e0 ces ouvrages au travers d'une collection de livres r\u00e9imprim\u00e9s \u00e0 la demande, nous leur donnons la possibilit\u00e9 de rencontrer un public \u00e9largi et participons \u00e0 la transmission de connaissances et de savoirs parfois difficilement accessibles.\r\nNous avons cherch\u00e9 \u00e0 concilier la reproduction fid\u00e8le d'un livre ancien \u00e0 partir de sa version num\u00e9ris\u00e9e avec le souci d'un confort de lecture optimal. Nous esp\u00e9rons que les ouvrages de cette nouvelle collection vous apporteront enti\u00e8re satisfaction.\r\n\r\nPour plus d'informations, rendez-vous sur www.hachettebnf.fr\r","authors":["Jubinal Achille"],"category_codes":["1000000","1060000","1060200"],"visuals":{"large":"https:\/\/images.epagine.fr\/816\/9782013465816_1_75.jpg","medium":"https:\/\/images.epagine.fr\/816\/9782013465816_1_m.jpg","thumbnail":"https:\/\/images.epagine.fr\/816\/9782013465816_1_v.jpg"},"orderable":true,"show_badge":true,"formatted_price":"10,90&nbsp;\u20ac","formatted_published_date":"1er octobre 2014","publisher_availability_label":"Sur commande","short_details":"Jubinal Achille \u2014 Hachette BNF","translator":null,"weight":83,"page_count":null,"readership":null,"editor":"Hachette BNF","price":1090,"published_date":"2014-09-30T22:00:00.000000Z","support":"Grand format","publisher_availability":1,"stock":0,"editions":[],"url":"https:\/\/quaidesbrumes.com\/ouvrage\/9782013465816\/notice-sur-le-baron-taylor-et-sur-les-tableaux-espagnols-achetes-par-lui-dapres-les-ordres-du-roi"}]}