{"data":[{"id":"9782013434928","title":"Gouvernement general de l'algerie. discours prononce a l'ouverture des delegations financieres - le","description":"Gouvernement G\u00e9n\u00e9ral de l'Alg\u00e9rie. Discours prononc\u00e9 par M. Ed. Laferri\u00e8re, gouverneur g\u00e9n\u00e9ral de l'Alg\u00e9rie \u00e0 l'ouverture des d\u00e9l\u00e9gations financi\u00e8res le 6 novembre 1899 et \u00e0 l'ouverture du conseil sup\u00e9rieur de gouvernement le 11 d\u00e9cembre 1899 Date de l'\u00e9dition originale : 1899 Sujet de l'ouvrage : Alg\u00e9rie (1830-1962)France -- Colonies Ce livre est la reproduction fid\u00e8le d'une oeuvre publi\u00e9e avant 1920 et fait partie d'une collection de livres r\u00e9imprim\u00e9s \u00e0 la demande \u00e9dit\u00e9e par Hachette Livre, dans le cadre d'un partenariat avec la Biblioth\u00e8que nationale de France, offrant l'opportunit\u00e9 d'acc\u00e9der \u00e0 des ouvrages anciens et souvent rares issus des fonds patrimoniaux de la BnF.\r\nLes oeuvres faisant partie de cette collection ont \u00e9t\u00e9 num\u00e9ris\u00e9es par la BnF et sont pr\u00e9sentes sur Gallica, sa biblioth\u00e8que num\u00e9rique.\r\n\r\nEn entreprenant de redonner vie \u00e0 ces ouvrages au travers d'une collection de livres r\u00e9imprim\u00e9s \u00e0 la demande, nous leur donnons la possibilit\u00e9 de rencontrer un public \u00e9largi et participons \u00e0 la transmission de connaissances et de savoirs parfois difficilement accessibles.\r\nNous avons cherch\u00e9 \u00e0 concilier la reproduction fid\u00e8le d'un livre ancien \u00e0 partir de sa version num\u00e9ris\u00e9e avec le souci d'un confort de lecture optimal. Nous esp\u00e9rons que les ouvrages de cette nouvelle collection vous apporteront enti\u00e8re satisfaction.\r\n\r\nPour plus d'informations, rendez-vous sur www.hachettebnf.fr http:\/\/gallica.bnf.fr\/ark:\/12148\/bpt6k5790660h","authors":["Edouard Laferriere"],"category_codes":["1000000","1060000","1060200"],"visuals":{"large":"https:\/\/images.epagine.fr\/928\/9782013434928_1_75.jpg","medium":"https:\/\/images.epagine.fr\/928\/9782013434928_1_m.jpg","thumbnail":"https:\/\/images.epagine.fr\/928\/9782013434928_1_v.jpg"},"orderable":true,"show_badge":true,"formatted_price":"11,00&nbsp;\u20ac","formatted_published_date":"1er septembre 2014","publisher_availability_label":"Sur commande","short_details":"Edouard Laferriere \u2014 Hachette BNF","translator":null,"weight":89,"page_count":null,"readership":null,"editor":"Hachette BNF","price":1100,"published_date":"2014-08-31T22:00:00.000000Z","support":"Grand format","publisher_availability":1,"stock":0,"editions":[],"url":"https:\/\/quaidesbrumes.com\/ouvrage\/9782013434928\/gouvernement-general-de-lalgerie-discours-prononce-a-louverture-des-delegations-financieres-le"},{"id":"9782312025025","title":"Parfum\u00e9e, brune et sucr\u00e9e","description":"10 Avril 2009, je me retrouvais sur une table d'op\u00e9ration pour une intervention chirurgicale. Certaines choses ont chang\u00e9 \u00e0 commencer par moi. Je raconte ce que j'ai v\u00e9cu mais aussi ce qui me marque dans la vie pour savoir enfin qui je suis.","authors":["Christophe Gonce"],"category_codes":["1000000","1060000","1060300"],"visuals":{"large":"https:\/\/images.epagine.fr\/025\/9782312025025_1_75.jpg","medium":"https:\/\/images.epagine.fr\/025\/9782312025025_1_m.jpg","thumbnail":"https:\/\/images.epagine.fr\/025\/9782312025025_1_v.jpg"},"orderable":true,"show_badge":true,"formatted_price":"11,00&nbsp;\u20ac","formatted_published_date":"24 septembre 2014","publisher_availability_label":"Sur commande","short_details":"Christophe Gonce \u2014 Editions du Net","translator":null,"weight":56,"page_count":52,"readership":null,"editor":"Editions du Net","price":1100,"published_date":"2014-09-23T22:00:00.000000Z","support":"Grand format","publisher_availability":1,"stock":0,"editions":[],"url":"https:\/\/quaidesbrumes.com\/ouvrage\/9782312025025\/parfumee-brune-et-sucree"},{"id":"9782312024783","title":"Olga Kaczmarok ou la putain qui s'ignorait","description":"Roman auto-biographique racontant les 7 ann\u00e9es de calvaire que j'ai v\u00e9cues depuis l'\u00e2ge de 20 ans entre 1970 et 1977. Noms et pr\u00e9noms ont \u00e9t\u00e9 modifi\u00e9s.","authors":["Bruno Meurin"],"category_codes":["1000000","1060000","1060300"],"visuals":{"large":"https:\/\/images.epagine.fr\/783\/9782312024783_1_75.jpg","medium":"https:\/\/images.epagine.fr\/783\/9782312024783_1_m.jpg","thumbnail":"https:\/\/images.epagine.fr\/783\/9782312024783_1_v.jpg"},"orderable":true,"show_badge":true,"formatted_price":"13,00&nbsp;\u20ac","formatted_published_date":"26 septembre 2014","publisher_availability_label":"Sur commande","short_details":"Bruno Meurin \u2014 Editions du Net","translator":null,"weight":104,"page_count":58,"readership":null,"editor":"Editions du Net","price":1300,"published_date":"2014-09-25T22:00:00.000000Z","support":"Grand format","publisher_availability":1,"stock":0,"editions":[],"url":"https:\/\/quaidesbrumes.com\/ouvrage\/9782312024783\/olga-kaczmarok-ou-la-putain-qui-signorait"},{"id":"9782013435420","title":"Le mal de l'algerie, six lettres adressees au journal 'le temps', par un vieil algerien","description":"Le Mal de l'Alg\u00e9rie, six lettres adress\u00e9es au journal \"le Temps\", par un vieil Alg\u00e9rien. (Juin 1894.) Date de l'\u00e9dition originale : 1894 Sujet de l'ouvrage : Alg\u00e9rie (1830-1962)France -- Colonies Ce livre est la reproduction fid\u00e8le d'une oeuvre publi\u00e9e avant 1920 et fait partie d'une collection de livres r\u00e9imprim\u00e9s \u00e0 la demande \u00e9dit\u00e9e par Hachette Livre, dans le cadre d'un partenariat avec la Biblioth\u00e8que nationale de France, offrant l'opportunit\u00e9 d'acc\u00e9der \u00e0 des ouvrages anciens et souvent rares issus des fonds patrimoniaux de la BnF.\r\nLes oeuvres faisant partie de cette collection ont \u00e9t\u00e9 num\u00e9ris\u00e9es par la BnF et sont pr\u00e9sentes sur Gallica, sa biblioth\u00e8que num\u00e9rique.\r\n\r\nEn entreprenant de redonner vie \u00e0 ces ouvrages au travers d'une collection de livres r\u00e9imprim\u00e9s \u00e0 la demande, nous leur donnons la possibilit\u00e9 de rencontrer un public \u00e9largi et participons \u00e0 la transmission de connaissances et de savoirs parfois difficilement accessibles.\r\nNous avons cherch\u00e9 \u00e0 concilier la reproduction fid\u00e8le d'un livre ancien \u00e0 partir de sa version num\u00e9ris\u00e9e avec le souci d'un confort de lecture optimal. Nous esp\u00e9rons que les ouvrages de cette nouvelle collection vous apporteront enti\u00e8re satisfaction.\r\n\r\nPour plus d'informations, rendez-vous sur www.hachettebnf.fr http:\/\/gallica.bnf.fr\/ark:\/12148\/bpt6k5790162m","authors":[],"category_codes":["1000000","1060000","1060200"],"visuals":{"large":"https:\/\/images.epagine.fr\/420\/9782013435420_1_75.jpg","medium":"https:\/\/images.epagine.fr\/420\/9782013435420_1_m.jpg","thumbnail":"https:\/\/images.epagine.fr\/420\/9782013435420_1_v.jpg"},"orderable":true,"show_badge":true,"formatted_price":"11,50&nbsp;\u20ac","formatted_published_date":"1er septembre 2014","publisher_availability_label":"Sur commande","short_details":"Hachette BNF","translator":null,"weight":113,"page_count":null,"readership":null,"editor":"Hachette BNF","price":1150,"published_date":"2014-08-31T22:00:00.000000Z","support":"Grand format","publisher_availability":1,"stock":0,"editions":[],"url":"https:\/\/quaidesbrumes.com\/ouvrage\/9782013435420\/le-mal-de-lalgerie-six-lettres-adressees-au-journal-le-temps-par-un-vieil-algerien"},{"id":"9782013435451","title":"Le port de saint-pierre qu'adviendrait-il de saint-pierre, si le port ne se faisait pas ?","description":"Le port de Saint-Pierre qu'adviendrait-il de Saint-Pierre, si le port ne se faisait pas ? (Sign\u00e9 : D. Barquissau. [22 ao\u00fbt 1878.]) Date de l'\u00e9dition originale : 1878 Sujet de l'ouvrage : R\u00e9unionFrance -- Colonies -- Histoire Ce livre est la reproduction fid\u00e8le d'une oeuvre publi\u00e9e avant 1920 et fait partie d'une collection de livres r\u00e9imprim\u00e9s \u00e0 la demande \u00e9dit\u00e9e par Hachette Livre, dans le cadre d'un partenariat avec la Biblioth\u00e8que nationale de France, offrant l'opportunit\u00e9 d'acc\u00e9der \u00e0 des ouvrages anciens et souvent rares issus des fonds patrimoniaux de la BnF.\r\nLes oeuvres faisant partie de cette collection ont \u00e9t\u00e9 num\u00e9ris\u00e9es par la BnF et sont pr\u00e9sentes sur Gallica, sa biblioth\u00e8que num\u00e9rique.\r\n\r\nEn entreprenant de redonner vie \u00e0 ces ouvrages au travers d'une collection de livres r\u00e9imprim\u00e9s \u00e0 la demande, nous leur donnons la possibilit\u00e9 de rencontrer un public \u00e9largi et participons \u00e0 la transmission de connaissances et de savoirs parfois difficilement accessibles.\r\nNous avons cherch\u00e9 \u00e0 concilier la reproduction fid\u00e8le d'un livre ancien \u00e0 partir de sa version num\u00e9ris\u00e9e avec le souci d'un confort de lecture optimal. Nous esp\u00e9rons que les ouvrages de cette nouvelle collection vous apporteront enti\u00e8re satisfaction.\r\n\r\nPour plus d'informations, rendez-vous sur www.hachettebnf.fr http:\/\/gallica.bnf.fr\/ark:\/12148\/bpt6k5786689k","authors":["Barquissau D."],"category_codes":["1000000","1060000","1060200"],"visuals":{"large":"https:\/\/images.epagine.fr\/451\/9782013435451_1_75.jpg","medium":"https:\/\/images.epagine.fr\/451\/9782013435451_1_m.jpg","thumbnail":"https:\/\/images.epagine.fr\/451\/9782013435451_1_v.jpg"},"orderable":true,"show_badge":true,"formatted_price":"9,50&nbsp;\u20ac","formatted_published_date":"1er septembre 2014","publisher_availability_label":"Sur commande","short_details":"Barquissau D. \u2014 Hachette BNF","translator":null,"weight":43,"page_count":null,"readership":null,"editor":"Hachette BNF","price":950,"published_date":"2014-08-31T22:00:00.000000Z","support":"Grand format","publisher_availability":1,"stock":0,"editions":[],"url":"https:\/\/quaidesbrumes.com\/ouvrage\/9782013435451\/le-port-de-saint-pierre-quadviendrait-il-de-saint-pierre-si-le-port-ne-se-faisait-pas"},{"id":"9782336301327","title":"Profession marabout en milieu rural et urbain ; l'exemple du Niger","description":"Le maraboutisme est tr\u00e8s pr\u00e9sent dans la soci\u00e9t\u00e9 contemporaine africaine, aussi bien en milieu urbain que rural. Si l'auteur de ce livre a eu des entretiens avec diff\u00e9rents marabouts, il s'interroge sur la compr\u00e9hension de leur histoire, leurs diff\u00e9rentes activit\u00e9s dans la soci\u00e9t\u00e9, les relations qu'ils entretiennent avec leurs clients, les t\u00e9moignages de ces derniers, et le d\u00e9roulement de leurs travaux. Ce livre identifie les conditions de l'activit\u00e9 des marabouts au Niger, des origines \u00e0 nos jours.","authors":["Mohamed abdoulay Diarra"],"category_codes":["1000000","1060000","1060300"],"visuals":{"large":"https:\/\/images.epagine.fr\/327\/9782336301327_1_75.jpg","medium":"https:\/\/images.epagine.fr\/327\/9782336301327_1_m.jpg","thumbnail":"https:\/\/images.epagine.fr\/327\/9782336301327_1_v.jpg"},"orderable":true,"show_badge":true,"formatted_price":"28,50&nbsp;\u20ac","formatted_published_date":"29 septembre 2014","publisher_availability_label":"Sur commande","short_details":"Mohamed abdoulay Diarra \u2014 \u00c9ditions L'Harmattan","translator":null,"weight":400,"page_count":254,"readership":null,"editor":"\u00c9ditions L'Harmattan","price":2850,"published_date":"2014-09-28T22:00:00.000000Z","support":"Grand format","publisher_availability":1,"stock":0,"editions":[],"url":"https:\/\/quaidesbrumes.com\/ouvrage\/9782336301327\/profession-marabout-en-milieu-rural-et-urbain-lexemple-du-niger"},{"id":"9782911732058","title":"Ce qu'on fait de vous","description":"Marie-Th\u00e9r\u00e8se Simon annotait dans son journal ses impressions et les confidences des curistes recueillies pendant son travail d'aide-soignante aux thermes d'une ville d'eau. Les confessions des curistes et ses r\u00e9flexions sur le dur labeur des blouses blanches font de ce livre un t\u00e9moignage bouleversant.","authors":[],"category_codes":["1000000","1060000"],"visuals":{"large":"https:\/\/images.epagine.fr\/058\/9782911732058_1_75.jpg","medium":"https:\/\/images.epagine.fr\/058\/9782911732058_1_m.jpg","thumbnail":"https:\/\/images.epagine.fr\/058\/9782911732058_1_v.jpg"},"orderable":true,"show_badge":true,"formatted_price":"12,00&nbsp;\u20ac","formatted_published_date":"1er avril 2014","publisher_availability_label":"Sur commande","short_details":"Indigo Cote Femmes","translator":null,"weight":145,"page_count":98,"readership":null,"editor":"Indigo Cote Femmes","price":1200,"published_date":"2014-03-31T22:00:00.000000Z","support":"Grand format","publisher_availability":1,"stock":0,"editions":[],"url":"https:\/\/quaidesbrumes.com\/ouvrage\/9782911732058\/ce-quon-fait-de-vous"},{"id":"9782352701866","title":"Les coulisses d'une d\u00e9cennie alg\u00e9rienne ; t\u00e9moignage d'un commis de l'Etat","description":"Dans un pays comme l'Alg\u00e9rie o\u00f9 les cadres sont fortement soumis \u00e0 l'obligation de r\u00e9serve, l'auteur de cet ouvrage compte parmi les pionniers qui tentent de briser cette loi du silence en livrant \u00e0 l'opinion publique quelques fragments de leur exp\u00e9rience professionnelle.\r\nDans le cas de Nasreddine Akkache, cette exp\u00e9rience professionnelle est d'autant plus int\u00e9ressante \u00e0 r\u00e9v\u00e9ler qu'il a assum\u00e9 des responsabilit\u00e9s importantes dans l'administration tant locale que centrale. Son livre d\u00e9crit l'itin\u00e9raire professionnel d'un homme qui doit son ascension \u00e0 ses seules qualit\u00e9s intrins\u00e8ques. En outre, il a effectu\u00e9 ce parcours dans une p\u00e9riode particuli\u00e8rement difficile - dite la \u00ab d\u00e9cennie noire \u00bb - alors que l'Alg\u00e9rie \u00e9tait soumise aux dures conditionnalit\u00e9s \u00e9conomiques impos\u00e9es par la communaut\u00e9 internationale \u00e0 travers les institutions multilat\u00e9rales (FMI, Banque mondiale) et faisait face, seule, \u00e0 une grave crise politique et \u00e0 un ph\u00e9nom\u00e8ne de violence et de terrorisme sans pr\u00e9c\u00e9dent.\r\nCe t\u00e9moignage, pour \u00eatre subjectif, n'en constitue pas moins un document essentiel sur l'histoire r\u00e9cente de l'Alg\u00e9rie.","authors":["Nasreddine Akkache"],"category_codes":["1000000","1060000","1060300"],"visuals":{"large":"https:\/\/images.epagine.fr\/866\/9782352701866_1_75.jpg","medium":"https:\/\/images.epagine.fr\/866\/9782352701866_1_m.jpg","thumbnail":"https:\/\/images.epagine.fr\/866\/9782352701866_1_v.jpg"},"orderable":true,"show_badge":true,"formatted_price":"16,00&nbsp;\u20ac","formatted_published_date":"25 ao\u00fbt 2014","publisher_availability_label":"Sur commande","short_details":"Nasreddine Akkache \u2014 Non Lieu","translator":null,"weight":280,"page_count":240,"readership":null,"editor":"Non Lieu","price":1600,"published_date":"2014-08-24T22:00:00.000000Z","support":"Grand format","publisher_availability":1,"stock":0,"editions":[],"url":"https:\/\/quaidesbrumes.com\/ouvrage\/9782352701866\/les-coulisses-dune-decennie-algerienne-temoignage-dun-commis-de-letat"},{"id":"9782369421429","title":"Les femmes dans la mafia ; madonnes ou marraines ?","description":"Le r\u00f4le des femmes au sein de la mafia italienne a longtemps \u00e9t\u00e9 n\u00e9glig\u00e9. R\u00e9duites au statut de victimes, sous l'emprise des hommes, rel\u00e9gu\u00e9es aux t\u00e2ches domestiques, elles sont une vitrine respectable pour les mafieux, se montrant parfaites, irr\u00e9prochables, polies et soumises. Difficile d'imaginer ces \u00ab madones \u00bb respectables mari\u00e9es \u00e0 des tueurs sanguinaires.Qui sont r\u00e9ellement ces femmes qui accompagnent leurs maris et leurs fils dans des vies de crimes et de prison ?On d\u00e9couvre ici qu'elles jouent depuis toujours un r\u00f4le central au sein des organisations criminelles : celui de garantes de la culture mafieuse. Alors que les hommes sont en cavale ou sous les verrous, construisent, entretiennent, transmettent les valeurs mafieuses. Ce sont elles qui, devenues veuves, poussent leurs fils \u00e0 la \u00ab vendetta \u00bb. Et ce sont elles qui, de plus en plus, deviennent des chefs.Et pourtant, nombre de ces femmes, jeunes ou moins jeunes, d\u00e9cident un jour, au p\u00e9ril de leur vie, de rompre avec la \u00ab famille \u00bb, de collaborer avec la justice et de devenir des repentis, pour faire cesser le crime et pour vivre enfin, avec leurs enfants, une vie \u00ab normale \u00bb.Alors, marraines ou madones ? Pour en juger, voici des portraits de femmes issues de Cosa Nostra, de la 'NDrangheta et de la Camorra. Leurs destins, hors du commun, nous sont cont\u00e9s, pour la plupart \u00e0 partir de t\u00e9moignages in\u00e9dits, obtenus sur le terrain.R\u00e9alisatrice franco-italienne, auteur de nombreux reportages sur les mafias italiennes (pour M6, Public S\u00e9nat, Toute l'histoire et Canal Plus) dont un sur les Femmes dans la mafia, dans lesquels elle retrace le parcours de femmes qui ont marqu\u00e9 l'histoire de la mafia, les unes pour l'avoir renforc\u00e9e, les autres pour l'avoir fait vaciller.Journaliste franco-italienne, dipl\u00f4m\u00e9e en droit europ\u00e9en, Milka Kahn a effectu\u00e9 un service volontaire au sein de l'association anti mafia Libera Palerme. C'est dans ce cadre qu'elle s'est int\u00e9ress\u00e9e \u00e0 la th\u00e9matique des femmes dans la mafia.","authors":["Milka Khan","Anne V\u00e9ron"],"category_codes":["1000000","1060000","1060300"],"visuals":{"large":"https:\/\/images.epagine.fr\/429\/9782369421429_1_75.jpg","medium":"https:\/\/images.epagine.fr\/429\/9782369421429_1_m.jpg","thumbnail":"https:\/\/images.epagine.fr\/429\/9782369421429_1_v.jpg"},"orderable":true,"show_badge":true,"formatted_price":"19,00&nbsp;\u20ac","formatted_published_date":"28 mai 2015","publisher_availability_label":"Sur commande","short_details":"Milka Khan, Anne V\u00e9ron \u2014 Nouveau Monde \u00c9ditions","translator":null,"weight":306,"page_count":224,"readership":null,"editor":"Nouveau Monde \u00c9ditions","price":1900,"published_date":"2015-05-27T22:00:00.000000Z","support":"Grand format","publisher_availability":1,"stock":0,"editions":[],"url":"https:\/\/quaidesbrumes.com\/ouvrage\/9782369421429\/les-femmes-dans-la-mafia-madonnes-ou-marraines"},{"id":"9782390182894","title":"Gueule de char","description":"Une bien sale histoire... Mais l'histoire aussi d'une r\u00e9silience. Tout pr\u00e8s des grands arbres, \u00e0 regarder s'envoler les oiseaux...\r\n\r\nJe ne comprendrai jamais ce que Camille foutait avec ce char. Incapable de l'appeler \u00abp\u00e8re ou papa\u00bb, je le nommerai pour toujours \u00ab panzer\u00bb et je n'aurai de cesse de cultiver l'espoir d'avoir un p\u00e8re ailleurs. Plus il y en aura, mieux ce sera : cultivons la vari\u00e9t\u00e9.\r\nJe m'appelle Judith. Dans une semaine, j'ai trente-quatre ans. Le panzer vit ses derni\u00e8res heures, attach\u00e9 \u00e0 ses perfusions. Attach\u00e9 enfin ! Il ressemble \u00e0 un pantin \u00e9lim\u00e9 dont les fils vont l\u00e2cher. Sur la rive de la vie qui fuit, il se cramponne encore. Il fait partie de ces d\u00e9traqu\u00e9s qui n'admettent pas leur finitude. Je sais que je n'en aurai pas fini avec \u00ab \u00e7a \u00bb  : resteront ses traces. Pestilentielles. Incrust\u00e9es. Capables d'agiter les fonds \u00e0 la moindre occasion. Alors faut excaver. \u00c9clairer. Respirer.\r\nAdoss\u00e9e \u00e0 un vieux cerisier, je regarde ses feuilles toucher le ciel. Passent les nuages. J'\u00e9coute un merle sur la cime chanter.","authors":["Francoise Villers"],"category_codes":["1000000","1060000","1060100"],"visuals":{"large":"https:\/\/images.epagine.fr\/894\/9782390182894_1_75.jpg","medium":"https:\/\/images.epagine.fr\/894\/9782390182894_1_m.jpg","thumbnail":"https:\/\/images.epagine.fr\/894\/9782390182894_1_v.jpg"},"orderable":true,"show_badge":true,"formatted_price":"24,30&nbsp;\u20ac","formatted_published_date":"9 janvier 2024","publisher_availability_label":"Sur commande","short_details":"Francoise Villers \u2014 Chloe Des Lys","translator":null,"weight":190,"page_count":140,"readership":null,"editor":"Chloe Des Lys","price":2430,"published_date":"2024-01-08T23:00:00.000000Z","support":"Grand format","publisher_availability":1,"stock":0,"editions":[],"url":"https:\/\/quaidesbrumes.com\/ouvrage\/9782390182894\/gueule-de-char"},{"id":"9782917576182","title":"Au del\u00e0 des fronti\u00e8res","description":"Le but de ce livre est qu'il serve de guide et d'outil d'aide au d\u00e9part et \u00e0 l'arriv\u00e9e pour les \u00e9tudiants qui souhaitent poursuivre leurs \u00e9tudes en Europe et surtout en France. Il s'adresse \u00e9galement aux parents afin qu'ils soient conscients des difficult\u00e9s que leurs enfants peuvent rencontrer pour qu'ils puissent aussi les aider et les soutenir de mani\u00e8re efficiente. Diff\u00e9rents sujets tels que les d\u00e9marches administratives, les \u00e9tudes, le logement, l'environnement,... y sont abord\u00e9s. Souvent victimes du manque d'informations sur les r\u00e9alit\u00e9s occidentales, beaucoup de jeunes venus \u00e9tudier accumulent les \u00e9checs dans un pays qui offre pourtant des conditions ad\u00e9quates pour s'\u00e9panouir. ... Mais tout \u00e7a il faut le savoir avant!","authors":["Bakary Diallo"],"category_codes":["1000000","1060000","1060300","1060304"],"visuals":{"large":"https:\/\/images.epagine.fr\/182\/9782917576182_1_75.jpg","medium":"https:\/\/images.epagine.fr\/182\/9782917576182_1_m.jpg","thumbnail":"https:\/\/images.epagine.fr\/182\/9782917576182_1_v.jpg"},"orderable":true,"show_badge":true,"formatted_price":"10,00&nbsp;\u20ac","formatted_published_date":"26 f\u00e9vrier 2014","publisher_availability_label":"Sur commande","short_details":"Bakary Diallo \u2014 La Doxa","translator":null,"weight":200,"page_count":97,"readership":null,"editor":"La Doxa","price":1000,"published_date":"2014-02-25T23:00:00.000000Z","support":"Grand format","publisher_availability":1,"stock":0,"editions":[],"url":"https:\/\/quaidesbrumes.com\/ouvrage\/9782917576182\/au-dela-des-frontieres"},{"id":"9782343033297","title":"L'affaire Zola-Dreyfus ; le vortex et la trombe","description":"A l'automne 1894, un conseil de guerre condamne \u00e0 la d\u00e9gradation et \u00e0 la d\u00e9portation perp\u00e9tuelle Alfred Dreyfus, capitaine d'origine juive accus\u00e9 d'espionnage au profit de l'Allemagne. Ce fait divers tomb\u00e9 dans l'oubli resurgit trois ans plus tard, lorsque Emile Zola d\u00e9nonce cette erreur judiciaire dans une lettre ouverte au pr\u00e9sident de la R\u00e9publique : \"J'accuse... !\", mettant alors la France au bord de la guerre civile. D\u00e9taillant les \u00e9v\u00e8nements, cet ouvrage vise \u00e0 \u00e9viter toute simplification manich\u00e9enne, afin de mieux comprendre ce qui s'est pass\u00e9.","authors":["Jean-jacques Tur"],"category_codes":["1000000","1060000","1060300"],"visuals":{"large":"https:\/\/images.epagine.fr\/297\/9782343033297_1_75.jpg","medium":"https:\/\/images.epagine.fr\/297\/9782343033297_1_m.jpg","thumbnail":"https:\/\/images.epagine.fr\/297\/9782343033297_1_v.jpg"},"orderable":true,"show_badge":true,"formatted_price":"26,00&nbsp;\u20ac","formatted_published_date":"10 septembre 2014","publisher_availability_label":"Sur commande","short_details":"Jean-jacques Tur \u2014 \u00c9ditions L'Harmattan","translator":null,"weight":372,"page_count":228,"readership":null,"editor":"\u00c9ditions L'Harmattan","price":2600,"published_date":"2014-09-09T22:00:00.000000Z","support":"Grand format","publisher_availability":1,"stock":0,"editions":[],"url":"https:\/\/quaidesbrumes.com\/ouvrage\/9782343033297\/laffaire-zola-dreyfus-le-vortex-et-la-trombe"},{"id":"9782343038889","title":"L'affaire Zola-Dreyfus ; bibliographie, chronologie, dictionnaire","description":"Compl\u00e9tant le volume pr\u00e9c\u00e9dent, cet opuscule fournit un r\u00e9sum\u00e9 des \u00e9v\u00e8nements, une chronologie d\u00e9taill\u00e9e, un lexique, des notices biographiques sur plus de 200 personnages-clefs de l'\u00e9poque et une bibliographie de plus de 200 titres.","authors":["Jean-jacques Tur"],"category_codes":["1000000","1060000","1060300"],"visuals":{"large":"https:\/\/images.epagine.fr\/889\/9782343038889_1_75.jpg","medium":"https:\/\/images.epagine.fr\/889\/9782343038889_1_m.jpg","thumbnail":"https:\/\/images.epagine.fr\/889\/9782343038889_1_v.jpg"},"orderable":true,"show_badge":true,"formatted_price":"14,00&nbsp;\u20ac","formatted_published_date":"10 septembre 2014","publisher_availability_label":"Sur commande","short_details":"Jean-jacques Tur \u2014 \u00c9ditions L'Harmattan","translator":null,"weight":158,"page_count":90,"readership":null,"editor":"\u00c9ditions L'Harmattan","price":1400,"published_date":"2014-09-09T22:00:00.000000Z","support":"Grand format","publisher_availability":1,"stock":0,"editions":[],"url":"https:\/\/quaidesbrumes.com\/ouvrage\/9782343038889\/laffaire-zola-dreyfus-bibliographie-chronologie-dictionnaire"},{"id":"9782874597909","title":"Au coeur des cam\u00e9lias ; souvenirs d'une fille des quartiers Nord de Marseille","description":"Quatre bulles de souvenirs inspir\u00e9es de mon enfance \u00e0 Saint-Louis en plein coeur des quartiers Nord de Marseille. La premi\u00e8re retrace une sc\u00e8ne de rue ordinaire de mon quartier en version originale. La deuxi\u00e8me d\u00e9crit la vie dans l'avenue des Cam\u00e9lias, berceau de mes souvenirs les plus enchanteurs. La troisi\u00e8me dresse un portrait de mon grand-p\u00e8re \u00e0 l'\u00e2me d'artiste. La quatri\u00e8me raconte un r\u00eave surr\u00e9aliste inspir\u00e9 de mon enfance..\r\nLe tout forme un recueil o\u00f9 la spontan\u00e9it\u00e9 et le naturel dominent.\r\nUn livre sinc\u00e8re empreint d'\u00e9motion.\r\nA d\u00e9couvrir.","authors":["Anne-marie Jarret-musso"],"category_codes":["1000000","1060000","1060100"],"visuals":{"large":"https:\/\/images.epagine.fr\/909\/9782874597909_1_75.jpg","medium":"https:\/\/images.epagine.fr\/909\/9782874597909_1_m.jpg","thumbnail":"https:\/\/images.epagine.fr\/909\/9782874597909_1_v.jpg"},"orderable":true,"show_badge":true,"formatted_price":"16,40&nbsp;\u20ac","formatted_published_date":"9 juin 2014","publisher_availability_label":"Sur commande","short_details":"Anne-marie Jarret-musso \u2014 Chloe Des Lys","translator":null,"weight":150,"page_count":null,"readership":null,"editor":"Chloe Des Lys","price":1640,"published_date":"2014-06-08T22:00:00.000000Z","support":"Grand format","publisher_availability":1,"stock":0,"editions":[],"url":"https:\/\/quaidesbrumes.com\/ouvrage\/9782874597909\/au-coeur-des-camelias-souvenirs-dune-fille-des-quartiers-nord-de-marseille"},{"id":"9782874597916","title":"La petite fille qui aimait trop... les St Honor\u00e9","description":"Un parcours de vie parfois douloureux...\r\nUn regard sans complaisance sur mon monde...\r\nUn combat incessant pour ne pas sombrer...\r\nLa d\u00e9couverte de la sophrologie...\r\nUne mise \u00e0 nu n\u00e9cessaire pour une renaissance.","authors":["Phoenix"],"category_codes":["1000000","1060000","1060100"],"visuals":{"large":"https:\/\/images.epagine.fr\/916\/9782874597916_1_75.jpg","medium":"https:\/\/images.epagine.fr\/916\/9782874597916_1_m.jpg","thumbnail":"https:\/\/images.epagine.fr\/916\/9782874597916_1_v.jpg"},"orderable":true,"show_badge":true,"formatted_price":"20,70&nbsp;\u20ac","formatted_published_date":"9 juin 2014","publisher_availability_label":"Sur commande","short_details":"Phoenix \u2014 Chloe Des Lys","translator":null,"weight":203,"page_count":150,"readership":null,"editor":"Chloe Des Lys","price":2070,"published_date":"2014-06-08T22:00:00.000000Z","support":"Grand format","publisher_availability":1,"stock":0,"editions":[],"url":"https:\/\/quaidesbrumes.com\/ouvrage\/9782874597916\/la-petite-fille-qui-aimait-trop-les-st-honore"},{"id":"9782332668691","title":"Bruce lee - entretien avec une vie bien trop courte","description":"Dans ce r\u00e9cit romanc\u00e9, Bruce Lee se livre, vous conseille, vous d\u00e9voile les concepts r\u00e9volutionnaires de son Art, syst\u00e8me qui en termes d'efficacit\u00e9 sera le plus performant de son \u00e9poque.\r\nRevivez pas \u00e0 pas avec lui : ses d\u00e9buts dans le Wing Chun de Yip Man en 1953. Son d\u00e9barquement en 1959. Ses difficiles ann\u00e9es Am\u00e9ricaines. Les d\u00e9fis relev\u00e9s pour imposer sa vision des Arts Martiaux. Sa rencontre avec sa femme Linda, d\u00e9terminante dans l'\u00e9panouissement de sa carri\u00e8re. D\u00e9couvrez le regard qu'il porte sur notre monde actuel. Ressentez cette force de la volont\u00e9 qui, au fil des pages, fera que Bruce Lee c'est un peu vous. Revivez le tournage de son premier grand film Big Boss qui allait lui permettre de devenir \u00ab l'ic\u00f4ne \u00bb qu'aujourd'hui on c\u00e9l\u00e8bre plus que jamais, dans le monde entier.\r\n\r\n\u00ab Cet auteur \u00e9crit vraiment tr\u00e8s bien. C'est tr\u00e8s agr\u00e9able \u00e0 lire. Il a beaucoup d\u00b4humour. Ce livre donne envie de le lire sur d\u00b4autres sujets. C\u00b4est super ! Y\u00b4en a tellement qui font dans l\u00b4inflation \u00e9ditoriale et qui ont du succ\u00e8s. Avec lui, Bruce Lee est vivant. Vivement la suite...\u00bb Christiane, une lectrice.","authors":["Di Leo Pierre-Tony"],"category_codes":["1000000","1060000","1060200"],"visuals":{"large":"https:\/\/images.epagine.fr\/691\/9782332668691_1_75.jpg","medium":"https:\/\/images.epagine.fr\/691\/9782332668691_1_m.jpg","thumbnail":"https:\/\/images.epagine.fr\/691\/9782332668691_1_v.jpg"},"orderable":true,"show_badge":true,"formatted_price":"23,50&nbsp;\u20ac","formatted_published_date":"9 juin 2014","publisher_availability_label":"Sur commande","short_details":"Di Leo Pierre-Tony \u2014 Edilivre","translator":null,"weight":443,"page_count":null,"readership":null,"editor":"Edilivre","price":2350,"published_date":"2014-06-08T22:00:00.000000Z","support":"Grand format","publisher_availability":1,"stock":0,"editions":["9782955262504"],"url":"https:\/\/quaidesbrumes.com\/ouvrage\/9782332668691\/bruce-lee-entretien-avec-une-vie-bien-trop-courte"},{"id":"9783943365153","title":"The phantom of liberty ; contemporary art and the pedagogical paradox","description":"Un manifeste pour une vision renouvel\u00e9e de l'enfance, de l'\u00e9ducation et de la p\u00e9dagogie, r\u00e9int\u00e9grant les notions de jeu et de libert\u00e9 (par rapport auxquelles le r\u00f4le de l'art est d\u00e9terminant) dans un champ \u00e9ducatif actuellement r\u00e9duit aux crit\u00e8res d'efficacit\u00e9 li\u00e9s \u00e0 l'instrumentalisation et \u00e0 la comp\u00e9tition, r\u00e9\u00e9tablissant un dialogue social et esth\u00e9tique entre les arts visuels et la psychologie, la philosophie, la p\u00e9dagogie, le journalisme, etc.","authors":["Collectif"],"category_codes":["1000000","1060000","1060300"],"visuals":{"large":"https:\/\/quaidesbrumes.com\/img\/book-placeholder.png","medium":"https:\/\/quaidesbrumes.com\/img\/book-placeholder.png","thumbnail":"https:\/\/quaidesbrumes.com\/img\/book-placeholder.png"},"orderable":true,"show_badge":true,"formatted_price":"25,00&nbsp;\u20ac","formatted_published_date":"13 ao\u00fbt 2014","publisher_availability_label":"Sur commande","short_details":"Collectif \u2014 Sternberg Press","translator":null,"weight":0,"page_count":294,"readership":null,"editor":"Sternberg Press","price":2500,"published_date":"2014-08-12T22:00:00.000000Z","support":"Grand format","publisher_availability":1,"stock":0,"editions":[],"url":"https:\/\/quaidesbrumes.com\/ouvrage\/9783943365153\/the-phantom-of-liberty-contemporary-art-and-the-pedagogical-paradox"},{"id":"9782013478618","title":"Memoire encore pour la dame kornmann","description":"Ninon Lenclos \u00e0 M. S...d [Suard], de l'A.a.\u00e9.ie f.a.\u00e7.i.e, auteur d'un M\u00e9moire sign\u00e9 : Lenoir et d'un M\u00e9moire encore pour la dame Kornmann Date de l'\u00e9dition originale : 1787 Ce livre est la reproduction fid\u00e8le d'une oeuvre publi\u00e9e avant 1920 et fait partie d'une collection de livres r\u00e9imprim\u00e9s \u00e0 la demande \u00e9dit\u00e9e par Hachette Livre, dans le cadre d'un partenariat avec la Biblioth\u00e8que nationale de France, offrant l'opportunit\u00e9 d'acc\u00e9der \u00e0 des ouvrages anciens et souvent rares issus des fonds patrimoniaux de la BnF.\r\nLes oeuvres faisant partie de cette collection ont \u00e9t\u00e9 num\u00e9ris\u00e9es par la BnF et sont pr\u00e9sentes sur Gallica, sa biblioth\u00e8que num\u00e9rique.\r\n\r\nEn entreprenant de redonner vie \u00e0 ces ouvrages au travers d'une collection de livres r\u00e9imprim\u00e9s \u00e0 la demande, nous leur donnons la possibilit\u00e9 de rencontrer un public \u00e9largi et participons \u00e0 la transmission de connaissances et de savoirs parfois difficilement accessibles.\r\nNous avons cherch\u00e9 \u00e0 concilier la reproduction fid\u00e8le d'un livre ancien \u00e0 partir de sa version num\u00e9ris\u00e9e avec le souci d'un confort de lecture optimal. Nous esp\u00e9rons que les ouvrages de cette nouvelle collection vous apporteront enti\u00e8re satisfaction.\r\n\r\nPour plus d'informations, rendez-vous sur www.hachettebnf.fr","authors":["Lenclos Ninon"],"category_codes":["1000000","1060000","1060200"],"visuals":{"large":"https:\/\/images.epagine.fr\/618\/9782013478618_1_75.jpg","medium":"https:\/\/images.epagine.fr\/618\/9782013478618_1_m.jpg","thumbnail":"https:\/\/images.epagine.fr\/618\/9782013478618_1_v.jpg"},"orderable":true,"show_badge":true,"formatted_price":"9,50&nbsp;\u20ac","formatted_published_date":"1er octobre 2014","publisher_availability_label":"Sur commande","short_details":"Lenclos Ninon \u2014 Hachette BNF","translator":null,"weight":56,"page_count":null,"readership":null,"editor":"Hachette BNF","price":950,"published_date":"2014-09-30T22:00:00.000000Z","support":"Grand format","publisher_availability":1,"stock":0,"editions":[],"url":"https:\/\/quaidesbrumes.com\/ouvrage\/9782013478618\/memoire-encore-pour-la-dame-kornmann"},{"id":"9782013478991","title":"Sur la liberte de la presse","description":"Sur la libert\u00e9 de la presse ; r\u00e9ponse \u00e0 un article ins\u00e9r\u00e9 dans le \"Journal des d\u00e9bats\", le 13 juillet, et r\u00e9flexions sur la brochure de M. Benjamin de Constant-Rebecque et sur d'autres \u00e9crits relatifs \u00e0 cette question, par F. Ch\u00e9ron,...\r\nDate de l'\u00e9dition originale : 1814 Sujet de l'ouvrage : Libert\u00e9 de la presse Ce livre est la reproduction fid\u00e8le d'une oeuvre publi\u00e9e avant 1920 et fait partie d'une collection de livres r\u00e9imprim\u00e9s \u00e0 la demande \u00e9dit\u00e9e par Hachette Livre, dans le cadre d'un partenariat avec la Biblioth\u00e8que nationale de France, offrant l'opportunit\u00e9 d'acc\u00e9der \u00e0 des ouvrages anciens et souvent rares issus des fonds patrimoniaux de la BnF.\r\nLes oeuvres faisant partie de cette collection ont \u00e9t\u00e9 num\u00e9ris\u00e9es par la BnF et sont pr\u00e9sentes sur Gallica, sa biblioth\u00e8que num\u00e9rique.\r\n\r\nEn entreprenant de redonner vie \u00e0 ces ouvrages au travers d'une collection de livres r\u00e9imprim\u00e9s \u00e0 la demande, nous leur donnons la possibilit\u00e9 de rencontrer un public \u00e9largi et participons \u00e0 la transmission de connaissances et de savoirs parfois difficilement accessibles.\r\nNous avons cherch\u00e9 \u00e0 concilier la reproduction fid\u00e8le d'un livre ancien \u00e0 partir de sa version num\u00e9ris\u00e9e avec le souci d'un confort de lecture optimal. Nous esp\u00e9rons que les ouvrages de cette nouvelle collection vous apporteront enti\u00e8re satisfaction.\r\n\r\nPour plus d'informations, rendez-vous sur www.hachettebnf.fr","authors":["Fran\u00e7ois Ch\u00e9ron"],"category_codes":["1000000","1060000"],"visuals":{"large":"https:\/\/images.epagine.fr\/991\/9782013478991_1_75.jpg","medium":"https:\/\/images.epagine.fr\/991\/9782013478991_1_m.jpg","thumbnail":"https:\/\/images.epagine.fr\/991\/9782013478991_1_v.jpg"},"orderable":true,"show_badge":true,"formatted_price":"11,90&nbsp;\u20ac","formatted_published_date":"1er octobre 2014","publisher_availability_label":"Sur commande","short_details":"Fran\u00e7ois Ch\u00e9ron \u2014 Hachette BNF","translator":null,"weight":116,"page_count":null,"readership":null,"editor":"Hachette BNF","price":1190,"published_date":"2014-09-30T22:00:00.000000Z","support":"Grand format","publisher_availability":1,"stock":0,"editions":[],"url":"https:\/\/quaidesbrumes.com\/ouvrage\/9782013478991\/sur-la-liberte-de-la-presse"},{"id":"9781846559501","title":"QUITE A GOOD TIME TO BE BORN - A MEMOIR: 1935-1975","description":"The only child in a lower-middle-class family, who got his artistic genes from his musician father and his Catholic faith from his mother, the author was four when World War II began and grew to maturity through decades of great social and cultural change. In this memoir, he looks back over his childhood and youth.","authors":["David Lodge"],"category_codes":["1000000","1060000","1060100"],"visuals":{"large":"https:\/\/images.epagine.fr\/501\/9781846559501_1_75.jpg","medium":"https:\/\/images.epagine.fr\/501\/9781846559501_1_m.jpg","thumbnail":"https:\/\/images.epagine.fr\/501\/9781846559501_1_v.jpg"},"orderable":true,"show_badge":true,"formatted_price":"33,80&nbsp;\u20ac","formatted_published_date":"29 janvier 2015","publisher_availability_label":"Sur commande","short_details":"David Lodge \u2014 HARVILL SECKER","translator":null,"weight":881,"page_count":488,"readership":null,"editor":"HARVILL SECKER","price":3380,"published_date":"2015-01-28T23:00:00.000000Z","support":"Grand format","publisher_availability":1,"stock":0,"editions":[],"url":"https:\/\/quaidesbrumes.com\/ouvrage\/9781846559501\/quite-a-good-time-to-be-born-a-memoir-1935-1975"},{"id":"9782013479417","title":"Les autographes et le gout des autographes en france et a l'etranger - portraits, caracteres, anecdo","description":"Les autographes et le go\u00fbt des autographes en France et \u00e0 l'\u00e9tranger : portraits, caract\u00e8res, anecdotes, curiosit\u00e9s \/ par M. de Lescure Date de l'\u00e9dition originale : 1865 Sujet de l'ouvrage : Autographes -- 19e si\u00e8cleAutographes -- Collectionneurs et collections -- 19e si\u00e8cle Ce livre est la reproduction fid\u00e8le d'une oeuvre publi\u00e9e avant 1920 et fait partie d'une collection de livres r\u00e9imprim\u00e9s \u00e0 la demande \u00e9dit\u00e9e par Hachette Livre, dans le cadre d'un partenariat avec la Biblioth\u00e8que nationale de France, offrant l'opportunit\u00e9 d'acc\u00e9der \u00e0 des ouvrages anciens et souvent rares issus des fonds patrimoniaux de la BnF.\r\nLes oeuvres faisant partie de cette collection ont \u00e9t\u00e9 num\u00e9ris\u00e9es par la BnF et sont pr\u00e9sentes sur Gallica, sa biblioth\u00e8que num\u00e9rique.\r\n\r\nEn entreprenant de redonner vie \u00e0 ces ouvrages au travers d'une collection de livres r\u00e9imprim\u00e9s \u00e0 la demande, nous leur donnons la possibilit\u00e9 de rencontrer un public \u00e9largi et participons \u00e0 la transmission de connaissances et de savoirs parfois difficilement accessibles.\r\nNous avons cherch\u00e9 \u00e0 concilier la reproduction fid\u00e8le d'un livre ancien \u00e0 partir de sa version num\u00e9ris\u00e9e avec le souci d'un confort de lecture optimal. Nous esp\u00e9rons que les ouvrages de cette nouvelle collection vous apporteront enti\u00e8re satisfaction.\r\n\r\nPour plus d'informations, rendez-vous sur www.hachettebnf.fr","authors":["Lescure Adolphe"],"category_codes":["1000000","1060000","1060200"],"visuals":{"large":"https:\/\/images.epagine.fr\/417\/9782013479417_1_75.jpg","medium":"https:\/\/images.epagine.fr\/417\/9782013479417_1_m.jpg","thumbnail":"https:\/\/images.epagine.fr\/417\/9782013479417_1_v.jpg"},"orderable":true,"show_badge":true,"formatted_price":"24,50&nbsp;\u20ac","formatted_published_date":"1er octobre 2014","publisher_availability_label":"Sur commande","short_details":"Lescure Adolphe \u2014 Hachette BNF","translator":null,"weight":500,"page_count":null,"readership":null,"editor":"Hachette BNF","price":2450,"published_date":"2014-09-30T22:00:00.000000Z","support":"Grand format","publisher_availability":1,"stock":0,"editions":[],"url":"https:\/\/quaidesbrumes.com\/ouvrage\/9782013479417\/les-autographes-et-le-gout-des-autographes-en-france-et-a-letranger-portraits-caracteres-anecdo"},{"id":"9782013480710","title":"Eloge de m. jean-louis-paul de rancillac de chazelles","description":"\u00c9loge de M. Jean-Louis-Paul de Rancillac de Chazelles, membre de l'Acad\u00e9mie... de Clermont, lu dans la s\u00e9ance acad\u00e9mique du 4 mai 1858 , par P. Aigueperse,...\r\nDate de l'\u00e9dition originale : 1858 Sujet de l'ouvrage : Rancillac de Chazelles, de Ce livre est la reproduction fid\u00e8le d'une oeuvre publi\u00e9e avant 1920 et fait partie d'une collection de livres r\u00e9imprim\u00e9s \u00e0 la demande \u00e9dit\u00e9e par Hachette Livre, dans le cadre d'un partenariat avec la Biblioth\u00e8que nationale de France, offrant l'opportunit\u00e9 d'acc\u00e9der \u00e0 des ouvrages anciens et souvent rares issus des fonds patrimoniaux de la BnF.\r\nLes oeuvres faisant partie de cette collection ont \u00e9t\u00e9 num\u00e9ris\u00e9es par la BnF et sont pr\u00e9sentes sur Gallica, sa biblioth\u00e8que num\u00e9rique.\r\n\r\nEn entreprenant de redonner vie \u00e0 ces ouvrages au travers d'une collection de livres r\u00e9imprim\u00e9s \u00e0 la demande, nous leur donnons la possibilit\u00e9 de rencontrer un public \u00e9largi et participons \u00e0 la transmission de connaissances et de savoirs parfois difficilement accessibles.\r\nNous avons cherch\u00e9 \u00e0 concilier la reproduction fid\u00e8le d'un livre ancien \u00e0 partir de sa version num\u00e9ris\u00e9e avec le souci d'un confort de lecture optimal. Nous esp\u00e9rons que les ouvrages de cette nouvelle collection vous apporteront enti\u00e8re satisfaction.\r\n\r\nPour plus d'informations, rendez-vous sur www.hachettebnf.fr","authors":["Aigueperse P-G."],"category_codes":["1000000","1060000","1060200"],"visuals":{"large":"https:\/\/images.epagine.fr\/710\/9782013480710_1_75.jpg","medium":"https:\/\/images.epagine.fr\/710\/9782013480710_1_m.jpg","thumbnail":"https:\/\/images.epagine.fr\/710\/9782013480710_1_v.jpg"},"orderable":true,"show_badge":true,"formatted_price":"9,50&nbsp;\u20ac","formatted_published_date":"1er octobre 2014","publisher_availability_label":"Sur commande","short_details":"Aigueperse P-G. \u2014 Hachette BNF","translator":null,"weight":50,"page_count":null,"readership":null,"editor":"Hachette BNF","price":950,"published_date":"2014-09-30T22:00:00.000000Z","support":"Grand format","publisher_availability":1,"stock":0,"editions":[],"url":"https:\/\/quaidesbrumes.com\/ouvrage\/9782013480710\/eloge-de-m-jean-louis-paul-de-rancillac-de-chazelles"},{"id":"9791090280328","title":"Chemin d'enfer d'un chef de ga","description":null,"authors":["Spigarelli Lucien"],"category_codes":["1000000","1060000","1060200"],"visuals":{"large":"https:\/\/quaidesbrumes.com\/img\/book-placeholder.png","medium":"https:\/\/quaidesbrumes.com\/img\/book-placeholder.png","thumbnail":"https:\/\/quaidesbrumes.com\/img\/book-placeholder.png"},"orderable":true,"show_badge":true,"formatted_price":"11,00&nbsp;\u20ac","formatted_published_date":"18 juin 2014","publisher_availability_label":"Sur commande","short_details":"Spigarelli Lucien \u2014 Claire Lorrain","translator":null,"weight":72,"page_count":null,"readership":null,"editor":"Claire Lorrain","price":1100,"published_date":"2014-06-17T22:00:00.000000Z","support":"Grand format","publisher_availability":1,"stock":0,"editions":[],"url":"https:\/\/quaidesbrumes.com\/ouvrage\/9791090280328\/chemin-denfer-dun-chef-de-ga"},{"id":"9782013481427","title":"Ma loi d'avenir : 1833 : ouvrage posthume - suivi d'un appel d'une femme au peuple sur l'affranchiss","description":"Ma loi d'avenir : 1833 : ouvrage posthume ; suivi d'un Appel d'une femme au peuple sur l'affranchissement de la femme... \/ par Claire D\u00e9mar ; publi\u00e9 par Suzanne Date de l'\u00e9dition originale : 1834 Sujet de l'ouvrage : Femmes -- Activit\u00e9 politique -- 19e si\u00e8cle M\u00e9c\u00e9nat texte imprim\u00e9 : Cet ouvrage a \u00e9t\u00e9 num\u00e9ris\u00e9 gr\u00e2ce \u00e0 Boubekeur Benziane Ce livre est la reproduction fid\u00e8le d'une oeuvre publi\u00e9e avant 1920 et fait partie d'une collection de livres r\u00e9imprim\u00e9s \u00e0 la demande \u00e9dit\u00e9e par Hachette Livre, dans le cadre d'un partenariat avec la Biblioth\u00e8que nationale de France, offrant l'opportunit\u00e9 d'acc\u00e9der \u00e0 des ouvrages anciens et souvent rares issus des fonds patrimoniaux de la BnF.\r\nLes oeuvres faisant partie de cette collection ont \u00e9t\u00e9 num\u00e9ris\u00e9es par la BnF et sont pr\u00e9sentes sur Gallica, sa biblioth\u00e8que num\u00e9rique.\r\n\r\nEn entreprenant de redonner vie \u00e0 ces ouvrages au travers d'une collection de livres r\u00e9imprim\u00e9s \u00e0 la demande, nous leur donnons la possibilit\u00e9 de rencontrer un public \u00e9largi et participons \u00e0 la transmission de connaissances et de savoirs parfois difficilement accessibles.\r\nNous avons cherch\u00e9 \u00e0 concilier la reproduction fid\u00e8le d'un livre ancien \u00e0 partir de sa version num\u00e9ris\u00e9e avec le souci d'un confort de lecture optimal. Nous esp\u00e9rons que les ouvrages de cette nouvelle collection vous apporteront enti\u00e8re satisfaction.\r\n\r\nPour plus d'informations, rendez-vous sur www.hachettebnf.fr","authors":["Demar Claire"],"category_codes":["1000000","1060000"],"visuals":{"large":"https:\/\/images.epagine.fr\/427\/9782013481427_1_75.jpg","medium":"https:\/\/images.epagine.fr\/427\/9782013481427_1_m.jpg","thumbnail":"https:\/\/images.epagine.fr\/427\/9782013481427_1_v.jpg"},"orderable":true,"show_badge":true,"formatted_price":"16,00&nbsp;\u20ac","formatted_published_date":"1er octobre 2014","publisher_availability_label":"Sur commande","short_details":"Demar Claire \u2014 Hachette BNF","translator":null,"weight":156,"page_count":null,"readership":null,"editor":"Hachette BNF","price":1600,"published_date":"2014-09-30T22:00:00.000000Z","support":"Grand format","publisher_availability":1,"stock":0,"editions":[],"url":"https:\/\/quaidesbrumes.com\/ouvrage\/9782013481427\/ma-loi-davenir-1833-ouvrage-posthume-suivi-dun-appel-dune-femme-au-peuple-sur-laffranchiss"}]}