{"data":[{"id":"9782013251655","title":"Pratique de la charit\u00e9 envers les familles ouvri\u00e8res (\u00e9dition 1901)","description":"Pratique de la charit\u00e9 envers les familles ouvri\u00e8res \/ par l'abb\u00e9 Em. Bazin,... ; avec une lettre de Mgr l'\u00e9v\u00eaque d'Angers (Joseph Rumeau) Date de l'\u00e9dition originale : 1901 Ce livre est la reproduction fid\u00e8le d'une oeuvre publi\u00e9e avant 1920 et fait partie d'une collection de livres r\u00e9imprim\u00e9s \u00e0 la demande \u00e9dit\u00e9e par Hachette Livre, dans le cadre d'un partenariat avec la Biblioth\u00e8que nationale de France, offrant l'opportunit\u00e9 d'acc\u00e9der \u00e0 des ouvrages anciens et souvent rares issus des fonds patrimoniaux de la BnF.\r\nLes oeuvres faisant partie de cette collection ont \u00e9t\u00e9 num\u00e9ris\u00e9es par la BnF et sont pr\u00e9sentes sur Gallica, sa biblioth\u00e8que num\u00e9rique.\r\n\r\nEn entreprenant de redonner vie \u00e0 ces ouvrages au travers d'une collection de livres r\u00e9imprim\u00e9s \u00e0 la demande, nous leur donnons la possibilit\u00e9 de rencontrer un public \u00e9largi et participons \u00e0 la transmission de connaissances et de savoirs parfois difficilement accessibles.\r\nNous avons cherch\u00e9 \u00e0 concilier la reproduction fid\u00e8le d'un livre ancien \u00e0 partir de sa version num\u00e9ris\u00e9e avec le souci d'un confort de lecture optimal. Nous esp\u00e9rons que les ouvrages de cette nouvelle collection vous apporteront enti\u00e8re satisfaction.\r\n\r\nPour plus d'informations, rendez-vous sur www.hachettebnf.fr\r","authors":["Emile Bazin"],"category_codes":["1000000","1060000","1060300"],"visuals":{"large":"https:\/\/images.epagine.fr\/655\/9782013251655_1_75.jpg","medium":"https:\/\/images.epagine.fr\/655\/9782013251655_1_m.jpg","thumbnail":"https:\/\/images.epagine.fr\/655\/9782013251655_1_v.jpg"},"orderable":true,"show_badge":true,"formatted_price":"22,00&nbsp;\u20ac","formatted_published_date":"1er ao\u00fbt 2013","publisher_availability_label":"Sur commande","short_details":"Emile Bazin \u2014 Hachette BNF","translator":null,"weight":403,"page_count":null,"readership":null,"editor":"Hachette BNF","price":2200,"published_date":"2013-07-31T22:00:00.000000Z","support":"Grand format","publisher_availability":1,"stock":0,"editions":[],"url":"https:\/\/quaidesbrumes.com\/ouvrage\/9782013251655\/pratique-de-la-charite-envers-les-familles-ouvrieres-edition-1901"},{"id":"9782013251693","title":"L'avenir de Chambery","description":"L'avenir de Chamb\u00e9ry \/ [par Jh. Bazin] Date de l'\u00e9dition originale : 1892 Ce livre est la reproduction fid\u00e8le d'une oeuvre publi\u00e9e avant 1920 et fait partie d'une collection de livres r\u00e9imprim\u00e9s \u00e0 la demande \u00e9dit\u00e9e par Hachette Livre, dans le cadre d'un partenariat avec la Biblioth\u00e8que nationale de France, offrant l'opportunit\u00e9 d'acc\u00e9der \u00e0 des ouvrages anciens et souvent rares issus des fonds patrimoniaux de la BnF.\r\nLes oeuvres faisant partie de cette collection ont \u00e9t\u00e9 num\u00e9ris\u00e9es par la BnF et sont pr\u00e9sentes sur Gallica, sa biblioth\u00e8que num\u00e9rique.\r\n\r\nEn entreprenant de redonner vie \u00e0 ces ouvrages au travers d'une collection de livres r\u00e9imprim\u00e9s \u00e0 la demande, nous leur donnons la possibilit\u00e9 de rencontrer un public \u00e9largi et participons \u00e0 la transmission de connaissances et de savoirs parfois difficilement accessibles.\r\nNous avons cherch\u00e9 \u00e0 concilier la reproduction fid\u00e8le d'un livre ancien \u00e0 partir de sa version num\u00e9ris\u00e9e avec le souci d'un confort de lecture optimal. Nous esp\u00e9rons que les ouvrages de cette nouvelle collection vous apporteront enti\u00e8re satisfaction.\r\n\r\nPour plus d'informations, rendez-vous sur www.hachettebnf.fr\r","authors":["Joseph Bazin"],"category_codes":["1000000","1060000","1060300"],"visuals":{"large":"https:\/\/images.epagine.fr\/693\/9782013251693_1_75.jpg","medium":"https:\/\/images.epagine.fr\/693\/9782013251693_1_m.jpg","thumbnail":"https:\/\/images.epagine.fr\/693\/9782013251693_1_v.jpg"},"orderable":true,"show_badge":true,"formatted_price":"9,50&nbsp;\u20ac","formatted_published_date":"1er ao\u00fbt 2013","publisher_availability_label":"Sur commande","short_details":"Joseph Bazin \u2014 Hachette BNF","translator":null,"weight":70,"page_count":38,"readership":null,"editor":"Hachette BNF","price":950,"published_date":"2013-07-31T22:00:00.000000Z","support":"Grand format","publisher_availability":1,"stock":0,"editions":[],"url":"https:\/\/quaidesbrumes.com\/ouvrage\/9782013251693\/lavenir-de-chambery"},{"id":"9782013251709","title":"L'avenir de Chambery ; 2e s\u00e9rie ; testament \u00e9conomique d'un vieux lutteur","description":"L'avenir de Chamb\u00e9ry. 2e s\u00e9rie, Testament \u00e9conomique d'un vieux lutteur \/ Joseph Bazin Date de l'\u00e9dition originale : 1897 Ce livre est la reproduction fid\u00e8le d'une oeuvre publi\u00e9e avant 1920 et fait partie d'une collection de livres r\u00e9imprim\u00e9s \u00e0 la demande \u00e9dit\u00e9e par Hachette Livre, dans le cadre d'un partenariat avec la Biblioth\u00e8que nationale de France, offrant l'opportunit\u00e9 d'acc\u00e9der \u00e0 des ouvrages anciens et souvent rares issus des fonds patrimoniaux de la BnF.\r\nLes oeuvres faisant partie de cette collection ont \u00e9t\u00e9 num\u00e9ris\u00e9es par la BnF et sont pr\u00e9sentes sur Gallica, sa biblioth\u00e8que num\u00e9rique.\r\n\r\nEn entreprenant de redonner vie \u00e0 ces ouvrages au travers d'une collection de livres r\u00e9imprim\u00e9s \u00e0 la demande, nous leur donnons la possibilit\u00e9 de rencontrer un public \u00e9largi et participons \u00e0 la transmission de connaissances et de savoirs parfois difficilement accessibles.\r\nNous avons cherch\u00e9 \u00e0 concilier la reproduction fid\u00e8le d'un livre ancien \u00e0 partir de sa version num\u00e9ris\u00e9e avec le souci d'un confort de lecture optimal. Nous esp\u00e9rons que les ouvrages de cette nouvelle collection vous apporteront enti\u00e8re satisfaction.\r\n\r\nPour plus d'informations, rendez-vous sur www.hachettebnf.fr\r","authors":["Joseph Bazin"],"category_codes":["1000000","1060000","1060300"],"visuals":{"large":"https:\/\/images.epagine.fr\/709\/9782013251709_1_75.jpg","medium":"https:\/\/images.epagine.fr\/709\/9782013251709_1_m.jpg","thumbnail":"https:\/\/images.epagine.fr\/709\/9782013251709_1_v.jpg"},"orderable":true,"show_badge":true,"formatted_price":"11,00&nbsp;\u20ac","formatted_published_date":"1er ao\u00fbt 2013","publisher_availability_label":"Sur commande","short_details":"Joseph Bazin \u2014 Hachette BNF","translator":null,"weight":92,"page_count":null,"readership":null,"editor":"Hachette BNF","price":1100,"published_date":"2013-07-31T22:00:00.000000Z","support":"Grand format","publisher_availability":1,"stock":0,"editions":[],"url":"https:\/\/quaidesbrumes.com\/ouvrage\/9782013251709\/lavenir-de-chambery-2e-serie-testament-economique-dun-vieux-lutteur"},{"id":"9781784746230","title":"Leaving Home : A Memoir in Full Colour","description":"'Tender, transporting, creative and beautifully written ... Simply glorious, from start to finish' Rachel Clarke, author of Dear Life\r\nSimultaneously heart-breaking and darkly hilarious, Leaving Home is a portrait of the artist both as a child and as an adult.\r\nMark Haddon's parents were not really cut out for the job of having children. They were cut out, respectively, for the jobs of designing abattoirs and keeping a pathologically clean and tidy house. At least Mark had the consolations of The Weetabix Solar System Wallchart, walnut whips and the occasional Babycham.\r\nAstringently honest and scalpel sharp, this is a book about being different and seeing the world differently. It's about being a cartoonist and a care assistant. It's about family. It's about how art, in all its varied forms, provides a way of understanding and coming to terms with the mess of human life. And it's richly illustrated throughout with images from the author's childhood.\r\nAs bracing as it is embracing, Leaving Home is about escaping a place that never felt like home and learning to create somewhere that does.\r\n'I loved this funny, melancholy and arrestingly original memoir of an artist's coming into being' Sarah Perry, author of Enlightenment","authors":["Mark Haddon"],"category_codes":["1000000","1060000"],"visuals":{"large":"https:\/\/images.epagine.fr\/230\/9781784746230_1_75.jpg","medium":"https:\/\/images.epagine.fr\/230\/9781784746230_1_m.jpg","thumbnail":"https:\/\/images.epagine.fr\/230\/9781784746230_1_v.jpg"},"orderable":false,"show_badge":true,"formatted_price":"33,80&nbsp;\u20ac","formatted_published_date":"5 f\u00e9vrier 2026","publisher_availability_label":"Indisponible","short_details":"Mark Haddon \u2014 Chatto & Windus","translator":null,"weight":690,"page_count":224,"readership":null,"editor":"Chatto & Windus","price":3380,"published_date":"2026-02-04T23:00:00.000000Z","support":"Grand format","publisher_availability":4,"stock":0,"editions":[],"url":"https:\/\/quaidesbrumes.com\/ouvrage\/9781784746230\/leaving-home-a-memoir-in-full-colour"},{"id":"9782953669534","title":"Du fil a retordre, nous les fabricaires !","description":null,"authors":["Aines St Privat Club"],"category_codes":["1000000","1060000","1060300"],"visuals":{"large":"https:\/\/quaidesbrumes.com\/img\/book-placeholder.png","medium":"https:\/\/quaidesbrumes.com\/img\/book-placeholder.png","thumbnail":"https:\/\/quaidesbrumes.com\/img\/book-placeholder.png"},"orderable":true,"show_badge":true,"formatted_price":"25,00&nbsp;\u20ac","formatted_published_date":"31 d\u00e9cembre 2012","publisher_availability_label":"Sur commande","short_details":"Aines St Privat Club \u2014 Kallima","translator":null,"weight":500,"page_count":null,"readership":null,"editor":"Kallima","price":2500,"published_date":"2012-12-30T23:00:00.000000Z","support":"Grand format","publisher_availability":1,"stock":0,"editions":[],"url":"https:\/\/quaidesbrumes.com\/ouvrage\/9782953669534\/du-fil-a-retordre-nous-les-fabricaires"},{"id":"9791090930056","title":"La porte ouverte !","description":"Cet ouvrage est le r\u00e9cit au long cours d'une famille qui a ouvert sa porte et son coeur \u00e0 plus de vingt jeunes pendant plus de vingt ans.\r\nFamille d'accueil est aujourd'hui un feuilleton t\u00e9l\u00e9vis\u00e9 \u00e0 succ\u00e8s, Maryse et Jacques Brosse en ont \u00e9t\u00e9 les acteurs de terrain dans la r\u00e9gion st\u00e9phanoise o\u00f9 ils r\u00e9sident toujours.\r\n\"Pourquoi et comment accueillir des jeunes en difficult\u00e9 ? \".\r\nUne  question qui leur a \u00e9t\u00e9  souvent pos\u00e9e pendant toutes ces ann\u00e9es de partage. Eux-m\u00eames n'ont pas \u00e9chapp\u00e9 \u00e0 ce questionnement. La r\u00e9ponse n'est pas \u00e9vidente \u00e0 premi\u00e8re vue. En effet, pourquoi avoir envie de partager ? Comment est n\u00e9e cette envie ?\r\nDerri\u00e8re chaque jeune accueilli, il y a d'abord un \u00eatre humain. Sous la carapace qu'il donne \u00e0 voir, se cache souvent un coeur vrai et sensible et pour Maryse : \" c'est simple, nous les aimons ! \" Retrouvez dans leur t\u00e9moignage un appel \u00e0 la fraternit\u00e9 vivante, servie par un message d'ouverture et d'amour aux autres.\r\n\r\nPlusieurs rencontres ont boulevers\u00e9 leur vie, parmi lesquelles le p\u00e8re Emile Granger, pr\u00eatre-\u00e9ducateur, th\u00e9ologien reconnu et le p\u00e8re Guy Gilbert, pr\u00eatre-\u00e9ducateur auteur, entre autres, du l\u00e9gendaire livre : \" un pr\u00eatre chez les loubards \". Au fil des ann\u00e9es Guy Gilbert est devenu leur ami.\r","authors":["Jacques Brosse","Maryse Brosse"],"category_codes":["1000000","1060000","1060300"],"visuals":{"large":"https:\/\/images.epagine.fr\/056\/9791090930056_1_75.jpg","medium":"https:\/\/images.epagine.fr\/056\/9791090930056_1_m.jpg","thumbnail":"https:\/\/images.epagine.fr\/056\/9791090930056_1_v.jpg"},"orderable":true,"show_badge":true,"formatted_price":"13,00&nbsp;\u20ac","formatted_published_date":"15 mars 2012","publisher_availability_label":"Sur commande","short_details":"Jacques Brosse, Maryse Brosse \u2014 Editions De Phenicie","translator":null,"weight":0,"page_count":130,"readership":null,"editor":"Editions De Phenicie","price":1300,"published_date":"2012-03-14T23:00:00.000000Z","support":"Grand format","publisher_availability":1,"stock":0,"editions":[],"url":"https:\/\/quaidesbrumes.com\/ouvrage\/9791090930056\/la-porte-ouverte"},{"id":"9782842423445","title":"Journal posthume","description":"Aphorismes pr\u00e9cis et fulgurants, pens\u00e9es profondes et ac\u00e9r\u00e9es, r\u00e9flexions qui \u00e9clairent l'obscurit\u00e9, consid\u00e9rations qui accueillent l'harmonie du monde dans l'apparent chaos qui nous entoure. C'est le \"Journal posthume\" de Georg Simmel, livre \"m\u00e9lancolique\", g\u00e9nialement, optimiste et pessimiste en m\u00eame temps.\r","authors":["Georg Simmel","Sibylle Muller"],"category_codes":["1000000","1060000","1060100"],"visuals":{"large":"https:\/\/images.epagine.fr\/445\/9782842423445_1_75.jpg","medium":"https:\/\/images.epagine.fr\/445\/9782842423445_1_m.jpg","thumbnail":"https:\/\/images.epagine.fr\/445\/9782842423445_1_v.jpg"},"orderable":true,"show_badge":true,"formatted_price":"11,00&nbsp;\u20ac","formatted_published_date":"14 novembre 2013","publisher_availability_label":"Sur commande","short_details":"Georg Simmel, Sibylle Muller \u2014 CIRCE","translator":"SIBYLLE MULLER","weight":106,"page_count":96,"readership":null,"editor":"CIRCE","price":1100,"published_date":"2013-11-13T23:00:00.000000Z","support":"Grand format","publisher_availability":1,"stock":0,"editions":[],"url":"https:\/\/quaidesbrumes.com\/ouvrage\/9782842423445\/journal-posthume"},{"id":"9782312012674","title":"Les voies","description":"Les VOIES, qu'elles soient physiques ou mentales, sont toujours ind\u00e9chiffrables. On les choisit ou elles vous choisissent pour vous guider vers un avenir incertain. Dans les ann\u00e9es 30, un enfant juif, fils d'un employ\u00e9 de tramway \u00e0 Marseille, en rupture de ban avec la soci\u00e9t\u00e9 des adultes. Pauvret\u00e9 et handicap religieux, deux obstacles \u00e0 franchir, tout seul, pour r\u00e9ussir dans la vie aveugle. Jeune, il voyage dans le vieux tramway de son p\u00e8re et finit sa vie professionnelle sur les m\u00eames rails que ce dernier, mais dans un train de France T\u00e9l\u00e9com. d\u00e9nomm\u00e9 TRAN PARC, au service de la communication entre les hommes.Un insignifiant petit Antoine de SAINT EXUPERY, volant non dans les nuages, mais sur les VOIES ferr\u00e9es des hommes.\r","authors":["Albert Rouas"],"category_codes":["1000000","1060000","1060300"],"visuals":{"large":"https:\/\/images.epagine.fr\/674\/9782312012674_1_75.jpg","medium":"https:\/\/images.epagine.fr\/674\/9782312012674_1_m.jpg","thumbnail":"https:\/\/images.epagine.fr\/674\/9782312012674_1_v.jpg"},"orderable":true,"show_badge":true,"formatted_price":"15,00&nbsp;\u20ac","formatted_published_date":"6 ao\u00fbt 2013","publisher_availability_label":"Sur commande","short_details":"Albert Rouas \u2014 Editions du Net","translator":null,"weight":410,"page_count":null,"readership":null,"editor":"Editions du Net","price":1500,"published_date":"2013-08-05T22:00:00.000000Z","support":"Grand format","publisher_availability":1,"stock":0,"editions":[],"url":"https:\/\/quaidesbrumes.com\/ouvrage\/9782312012674\/les-voies"},{"id":"9782913319868","title":"Ma vie au service de l urgence","description":null,"authors":["Christian Virenque"],"category_codes":["1000000","1060000","1060200"],"visuals":{"large":"https:\/\/quaidesbrumes.com\/img\/book-placeholder.png","medium":"https:\/\/quaidesbrumes.com\/img\/book-placeholder.png","thumbnail":"https:\/\/quaidesbrumes.com\/img\/book-placeholder.png"},"orderable":true,"show_badge":true,"formatted_price":"19,50&nbsp;\u20ac","formatted_published_date":"7 novembre 2013","publisher_availability_label":"Sur commande","short_details":"Christian Virenque \u2014 Empreinte","translator":null,"weight":400,"page_count":null,"readership":null,"editor":"Empreinte","price":1950,"published_date":"2013-11-06T23:00:00.000000Z","support":"Grand format","publisher_availability":1,"stock":0,"editions":[],"url":"https:\/\/quaidesbrumes.com\/ouvrage\/9782913319868\/ma-vie-au-service-de-l-urgence"},{"id":"9782322032839","title":"Des mots en cafouille Tome 2","description":"L'auteur s'amuse ici de m\u00e9langer la fiction avec les \u00e9v\u00e9nements de sa vie. Ce livre est un auto-biographie adapt\u00e9 \u00e0 des historiques probables. La m\u00e9lange ainsi obtenue, est une confiture sucr\u00e9e-sal\u00e9e. \u00c0 chacune et chacun de d\u00e9guster \u00e0 sa mani\u00e8re.\r","authors":["Bertus Van den heuvel"],"category_codes":["1000000","1060000","1060100"],"visuals":{"large":"https:\/\/images.epagine.fr\/839\/9782322032839_1_75.jpg","medium":"https:\/\/images.epagine.fr\/839\/9782322032839_1_m.jpg","thumbnail":"https:\/\/images.epagine.fr\/839\/9782322032839_1_v.jpg"},"orderable":true,"show_badge":true,"formatted_price":"12,00&nbsp;\u20ac","formatted_published_date":"14 ao\u00fbt 2013","publisher_availability_label":"Sur commande","short_details":"Bertus Van den heuvel \u2014 Books on Demand","translator":null,"weight":301,"page_count":152,"readership":null,"editor":"Books on Demand","price":1200,"published_date":"2013-08-13T22:00:00.000000Z","support":"Grand format","publisher_availability":1,"stock":0,"editions":[],"url":"https:\/\/quaidesbrumes.com\/ouvrage\/9782322032839\/des-mots-en-cafouille-tome-2"},{"id":"9782823103717","title":"Pour vous il fera de m\u00eame","description":"Ce livre est une relecture de trente ans de ma vie au regard de ma foi : la vie d'une femme tr\u00e8s ordinaire. C'est alors que tout prend sens : drames, ruptures, \u00e9v\u00e9nements du quotidien. J'ai tent\u00e9, tant\u00f4t avec gravit\u00e9, tant\u00f4t avec humour, de narrer comment j'ai cherch\u00e9 Dieu, comment, cheminant p\u00e9niblement dans l'existence, pas \u00e0 pas, je L'ai d\u00e9couvert. La banalit\u00e9 m\u00eame devient aventure. Aventure passionnante, surprenante. \u00ab J'avais reni\u00e9 le dieu de mon enfance, celui qui tient le livre des bonnes et des mauvaises actions ainsi que nous le pr\u00e9sentaient, \u00e0 l'\u00e9poque, cat\u00e9chistes et parents. Dieu punisseur, dieu vengeur, dieu des ch\u00e2timents. L'oeil de Moscou, occup\u00e9 en permanence \u00e0 observer les humains jusque dans les profondeurs de leurs pens\u00e9es, \u00e0 les juger, \u00e0 les condamner. Enfant rebelle, j'\u00e9tais toujours en d\u00e9faut... Ma foi, telle qu'on me l'avait inculqu\u00e9e m'\u00e9crasait, m'\u00e9touffait, me faisait mourir... \u00bb N\u00e9e \u00e0 la fin de la seconde guerre mondiale dans l'Est de la France, Arielle Scangeli fut enseignante. Veuve depuis plus de vingt ans, c'est une retrait\u00e9e active et engag\u00e9e.","authors":["Arielle Scangeli"],"category_codes":["1000000","1060000","1060100"],"visuals":{"large":"https:\/\/images.epagine.fr\/717\/9782823103717_1_75.jpg","medium":"https:\/\/images.epagine.fr\/717\/9782823103717_1_m.jpg","thumbnail":"https:\/\/images.epagine.fr\/717\/9782823103717_1_v.jpg"},"orderable":true,"show_badge":true,"formatted_price":"17,30&nbsp;\u20ac","formatted_published_date":"14 ao\u00fbt 2013","publisher_availability_label":"Sur commande","short_details":"Arielle Scangeli \u2014 PERSEE","translator":null,"weight":242,"page_count":198,"readership":null,"editor":"PERSEE","price":1730,"published_date":"2013-08-13T22:00:00.000000Z","support":"Grand format","publisher_availability":1,"stock":0,"editions":[],"url":"https:\/\/quaidesbrumes.com\/ouvrage\/9782823103717\/pour-vous-il-fera-de-meme"},{"id":"9782363400482","title":"Camille Senon, survivante du tramway d'Oradour-sur-Glane : aurai-je assez v\u00e9cu pour tout ceux qui son morts ?","description":"Camille vient d'avoir dix-neuf ans. Comme chaque samedi, elle prend le tram gare des Charentes \u00e0 Limoges pour rentrer chez ses parents au Repaire, hameau voisin d'Oradour-sur-Glane.\r\nNous sommes le 10 juin 1944...\r\nElle ne reverra jamais son p\u00e8re, ni ses grands-parents, ni ses oncles et tantes, cousins et amis, tous massacr\u00e9s par le d\u00e9tachement de la Waffen-SS Das Reich. Avec sa m\u00e8re et les autres rares survivants, elle en est r\u00e9duite \u00e0 fouiller les d\u00e9combres du village \u00e0 la recherche de quelques restes de leur vie pass\u00e9e...\r\n\r\nDeux mois plus tard, dans l'enthousiasme g\u00e9n\u00e9r\u00e9 par la Lib\u00e9ration, Camille d\u00e9cide de s'engager comme militante. Elle int\u00e8gre l'administration des Ch\u00e8ques postaux \u00e0 Strasbourg, puis \u00e0 Paris. Membre dirigeant de la f\u00e9d\u00e9ration CGT des PTT, secr\u00e9taire g\u00e9n\u00e9rale du syndicat des Ch\u00e8ques postaux, l'entreprise f\u00e9minine la plus importante d'Europe, elle est de toutes les luttes pour l'am\u00e9lioration des conditions de travail, en particulier celles des femmes, mais aussi contre la guerre d'Indochine ou d'Alg\u00e9rie, et elle participe avec fi\u00e8vre \u00e0 Mai 68.\r\nJamais pourtant elle n'oubliera son village, militant toujours de pr\u00e8s ou de loin au sein de l'Association des familles des martyrs d'Oradour et des Familles de fusill\u00e9s et massacr\u00e9s de la R\u00e9sistance. Elle trouvera aussi la force de t\u00e9moigner lors du proc\u00e8s des auteurs du massacre, \u00e0 Bordeaux, en 1953.\r\n\r\nDepuis son retour en Limousin \u00e0 sa retraite, Camille Senon oeuvre inlassablement contre les horreurs de la guerre, pour la paix, la fraternit\u00e9 et la justice, organisant des visites dans les ruines d'Oradour.\r\nAujourd'hui, \u00e0 quatre-vingt-huit ans, ce grand t\u00e9moin a accept\u00e9 de laisser la plume de Guy Perlier parcourir sa vie.","authors":["Guy Perlier"],"category_codes":["1000000","1060000","1060200"],"visuals":{"large":"https:\/\/images.epagine.fr\/482\/9782363400482_1_75.jpg","medium":"https:\/\/images.epagine.fr\/482\/9782363400482_1_m.jpg","thumbnail":"https:\/\/images.epagine.fr\/482\/9782363400482_1_v.jpg"},"orderable":true,"show_badge":true,"formatted_price":"19,00&nbsp;\u20ac","formatted_published_date":"7 novembre 2013","publisher_availability_label":"Sur commande","short_details":"Guy Perlier \u2014 Les Monedieres","translator":null,"weight":310,"page_count":210,"readership":null,"editor":"Les Monedieres","price":1900,"published_date":"2013-11-06T23:00:00.000000Z","support":"Grand format","publisher_availability":1,"stock":0,"editions":[],"url":"https:\/\/quaidesbrumes.com\/ouvrage\/9782363400482\/camille-senon-survivante-du-tramway-doradour-sur-glane-aurai-je-assez-vecu-pour-tout-ceux-qui-son-morts"},{"id":"9780349703633","title":"Matriarch : Beyonc\u00e9's mother tells her story for the first time ever","description":"The #1 NEW YORK TIMES BESTSELLER and OPRAH'S BOOK CLUB PICK\r\n'A must-read memoir that you'll want to share with all the women in your life' MICHELLE OBAMA\r\n'A work of art' OPRAH\r\nTo understand the icons Beyonc\u00e9, Solange and Kelly, you have to understand where they came from... A deeply personal and revelatory memoir by Ms Tina Knowles - as you've never seen her before.\r\nTina Knowles, the mother of icons Beyonc\u00e9 Knowles-Carter, Solange Knowles and bonus daughter Kelly Rowland, is known the world over as a Matriarch with a capital M: the woman who raised and inspired some of the great artists of our time. But this story is about so much more than that.\r\nFor the first time ever, Tina Knowles shares her remarkable story in Matriarch. A life of grief and tragedy, love and heartbreak, the nurturing of her superstar daughters - and the perseverance and audacity it takes for a girl from Galveston, Texas to change the world.\r\nThis intimate and revealing memoir is a multigenerational family saga and a celebration of the wisdom that women, mothers and daughters pass on to each other across generations.\r\nA glorious chronicle of a life like none other and a testament to the world-changing power of Black motherhood.\r\n'The mother of all memoirs . . . An epic in the best sense' HARPER'S BAZAAR","authors":["Tina Knowles"],"category_codes":["1000000","1060000"],"visuals":{"large":"https:\/\/images.epagine.fr\/633\/9780349703633_1_75.jpg","medium":"https:\/\/images.epagine.fr\/633\/9780349703633_1_m.jpg","thumbnail":"https:\/\/images.epagine.fr\/633\/9780349703633_1_v.jpg"},"orderable":false,"show_badge":true,"formatted_price":"18,80&nbsp;\u20ac","formatted_published_date":"30 avril 2026","publisher_availability_label":"\u00c0 para\u00eetre","short_details":"Tina Knowles \u2014 Dialogue","translator":null,"weight":0,"page_count":464,"readership":null,"editor":"Dialogue","price":1880,"published_date":"2026-04-29T22:00:00.000000Z","support":"Poche","publisher_availability":2,"stock":0,"editions":[],"url":"https:\/\/quaidesbrumes.com\/ouvrage\/9780349703633\/matriarch-beyonces-mother-tells-her-story-for-the-first-time-ever"},{"id":"9782956031109","title":"Reviens grand-pere, j'ai des choses a te dire","description":"On ne peut pas cacher \"une filiation\" \u00e0 quelqu'un car tout ce qui est inscrit dans nos cellules peut se retrouver. Taire une filiation est impossible parce que la personne l'a en sensations. Nos m\u00e9moires cellulaires renferment toute l'histoire familiale d\u00e8s la conception.\r\nPar-dessus la fronti\u00e8re entre la vie et la mort, Reviens Grand-P\u00e8re, j'ai des choses \u00e0 te dire est une lettre ouverte d'une femme \u00e0 l'adresse de son grand-p\u00e8re disparu.\r\nL'enjeu de cette lettre ouverte ? La v\u00e9rit\u00e9. Sur l'enfance de plomb, sur la famille dysfonctionnelle, sur les secrets qui ont ab\u00eem\u00e9 \u00e0 jamais celle-ci. Mais encore et surtout la v\u00e9rit\u00e9 sur les origines m\u00eame de la narratrice qui effrite, tout en douceur, les murs b\u00e2tis autour de ces derni\u00e8res. De l\u00e0 cette \u00e9criture patiente, presque caressante qui apprivoise et dompte tous les non-dits et accouche, avec une d\u00e9licate fermet\u00e9, d'une v\u00e9rit\u00e9 trop longtemps tenue sous le boisseau.\r\nLa dimension th\u00e9rapeutique de ce texte, ch\u00e8re \u00e0 son auteur, lui permet aujourd'hui de partager avec les lecteurs son v\u00e9cu pour que ces derniers comprennent mieux le leur.","authors":["Chantal Saint pol"],"category_codes":["1000000","1060000","1060300"],"visuals":{"large":"https:\/\/images.epagine.fr\/109\/9782956031109_1_75.jpg","medium":"https:\/\/images.epagine.fr\/109\/9782956031109_1_m.jpg","thumbnail":"https:\/\/images.epagine.fr\/109\/9782956031109_1_v.jpg"},"orderable":true,"show_badge":true,"formatted_price":"17,00&nbsp;\u20ac","formatted_published_date":"5 mai 2017","publisher_availability_label":"Sur commande","short_details":"Chantal Saint pol \u2014 Ruth De Saint Germain","translator":null,"weight":510,"page_count":null,"readership":null,"editor":"Ruth De Saint Germain","price":1700,"published_date":"2017-05-04T22:00:00.000000Z","support":"Grand format","publisher_availability":1,"stock":0,"editions":[],"url":"https:\/\/quaidesbrumes.com\/ouvrage\/9782956031109\/reviens-grand-pere-jai-des-choses-a-te-dire"},{"id":"9782917352106","title":"Th\u00e9\u00e2tre Blabla 1998-2013","description":"Philippe Pasquini et Philip S\u00e9gura ont cr\u00e9\u00e9 le Th\u00e9\u00e2tre Blabla en 1998. Ils parlent de la       cosmogonie Blabla. Au cours de ces quinze ann\u00e9es, le mythe Blabla s'est d\u00e9velopp\u00e9 dans leurs spectacles, dans leurs performances et dans leurs films. Ce livre essaie de reproduire justement cette \u00e9volution \u00e0 travers leurs textes et leurs concepts. En 2005, Philip S\u00e9gura a publi\u00e9 chez les \u00e9ditions L'Harmattan un essai \u00ab La Marionnette-mat\u00e9riau \u00bb qui tente de d\u00e9finir une forme de th\u00e9\u00e2tre qu'il nomme le Th\u00e9\u00e2tre de la Diff\u00e9rence. Le Th\u00e9\u00e2tre Blabla en est une logique repr\u00e9sentation. \r\nBlabla est un voyage \u00e0 travers le langage et il n'y a rien d'\u00e9tonnant \u00e0 ce que le Th\u00e9\u00e2tre Blabla ait parcouru quatre continents pour pr\u00e9senter sa parole. L'aventure continue.\r\n\r\n\r\nPhilippe Pasquini vit et travaille sur Paris. Il se pla\u00eet \u00e0 dire qu'il est un artiste polymorphe, com\u00e9dien, sculpteur, peintre. \r\nPhilip S\u00e9gura vit et travaille dans le Var. Docteur en Philosophie, c'est un touche-\u00e0-tout, com\u00e9dien, clown, \u00e9diteur.\r\nIls se sont rencontr\u00e9s au conservatoire de Toulon en classe d'Art Dramatique.","authors":["Philippe Pasquini","Philip S\u00e9gura"],"category_codes":["1000000","1060000"],"visuals":{"large":"https:\/\/images.epagine.fr\/106\/9782917352106_1_75.jpg","medium":"https:\/\/images.epagine.fr\/106\/9782917352106_1_m.jpg","thumbnail":"https:\/\/images.epagine.fr\/106\/9782917352106_1_v.jpg"},"orderable":true,"show_badge":true,"formatted_price":"16,00&nbsp;\u20ac","formatted_published_date":"9 septembre 2013","publisher_availability_label":"Sur commande","short_details":"Philippe Pasquini, Philip S\u00e9gura \u2014 PROMENEURS SOLITAIRES","translator":null,"weight":170,"page_count":313,"readership":null,"editor":"PROMENEURS SOLITAIRES","price":1600,"published_date":"2013-09-08T22:00:00.000000Z","support":"Grand format","publisher_availability":1,"stock":0,"editions":[],"url":"https:\/\/quaidesbrumes.com\/ouvrage\/9782917352106\/theatre-blabla-1998-2013"},{"id":"9782806101259","title":"Parcours d'immigration ; Manuel Ramirez : un h\u00e9ros anonyme de l'histoire, un recit et un questionnement s","description":"On suit l'histoire d'un immigr\u00e9 espagnol, de sa famille, de sa communaut\u00e9 pour s'interroger sur le parcours d'immigration en g\u00e9n\u00e9ral. \u00c1 la mani\u00e8re d'une pi\u00e8ce en trois actes, on se penche sur la p\u00e9riode dans l'Espagne franquiste, sur l'exp\u00e9rience d'immigration en Belgique ainsi que sur le retour en Andalousie. Trois p\u00e9riodes pour d\u00e9rouler les fils de trois g\u00e9n\u00e9rations et donc un questionnement sur notre temps qui concerne l'immigration au sens large, y compris non-europ\u00e9enne.\r","authors":["Jos\u00e9 luis Pinilla"],"category_codes":["1000000","1060000","1060300"],"visuals":{"large":"https:\/\/images.epagine.fr\/259\/9782806101259_1_75.jpg","medium":"https:\/\/images.epagine.fr\/259\/9782806101259_1_m.jpg","thumbnail":"https:\/\/images.epagine.fr\/259\/9782806101259_1_v.jpg"},"orderable":true,"show_badge":true,"formatted_price":"39,00&nbsp;\u20ac","formatted_published_date":"26 novembre 2013","publisher_availability_label":"Sur commande","short_details":"Jos\u00e9 luis Pinilla \u2014 ACADEMIA","translator":null,"weight":430,"page_count":352,"readership":null,"editor":"ACADEMIA","price":3900,"published_date":"2013-11-25T23:00:00.000000Z","support":"Grand format","publisher_availability":1,"stock":0,"editions":[],"url":"https:\/\/quaidesbrumes.com\/ouvrage\/9782806101259\/parcours-dimmigration-manuel-ramirez-un-heros-anonyme-de-lhistoire-un-recit-et-un-questionnement-s"},{"id":"9782013339940","title":"Anniversaire : 16 mars","description":"Anniversaire : 16 mars \/ [par J. Frey] Date de l'\u00e9dition originale : 1862 Ce livre est la reproduction fid\u00e8le d'une oeuvre publi\u00e9e avant 1920 et fait partie d'une collection de livres r\u00e9imprim\u00e9s \u00e0 la demande \u00e9dit\u00e9e par Hachette Livre, dans le cadre d'un partenariat avec la Biblioth\u00e8que nationale de France, offrant l'opportunit\u00e9 d'acc\u00e9der \u00e0 des ouvrages anciens et souvent rares issus des fonds patrimoniaux de la BnF.\r\nLes oeuvres faisant partie de cette collection ont \u00e9t\u00e9 num\u00e9ris\u00e9es par la BnF et sont pr\u00e9sentes sur Gallica, sa biblioth\u00e8que num\u00e9rique.\r\n\r\nEn entreprenant de redonner vie \u00e0 ces ouvrages au travers d'une collection de livres r\u00e9imprim\u00e9s \u00e0 la demande, nous leur donnons la possibilit\u00e9 de rencontrer un public \u00e9largi et participons \u00e0 la transmission de connaissances et de savoirs parfois difficilement accessibles.\r\nNous avons cherch\u00e9 \u00e0 concilier la reproduction fid\u00e8le d'un livre ancien \u00e0 partir de sa version num\u00e9ris\u00e9e avec le souci d'un confort de lecture optimal. Nous esp\u00e9rons que les ouvrages de cette nouvelle collection vous apporteront enti\u00e8re satisfaction.\r\n\r\nPour plus d'informations, rendez-vous sur www.hachettebnf.fr\r","authors":["Jules Frey"],"category_codes":["1000000","1060000","1060300"],"visuals":{"large":"https:\/\/images.epagine.fr\/940\/9782013339940_1_75.jpg","medium":"https:\/\/images.epagine.fr\/940\/9782013339940_1_m.jpg","thumbnail":"https:\/\/images.epagine.fr\/940\/9782013339940_1_v.jpg"},"orderable":true,"show_badge":true,"formatted_price":"9,50&nbsp;\u20ac","formatted_published_date":"1er ao\u00fbt 2013","publisher_availability_label":"Sur commande","short_details":"Jules Frey \u2014 Hachette BNF","translator":null,"weight":48,"page_count":null,"readership":null,"editor":"Hachette BNF","price":950,"published_date":"2013-07-31T22:00:00.000000Z","support":"Grand format","publisher_availability":1,"stock":0,"editions":[],"url":"https:\/\/quaidesbrumes.com\/ouvrage\/9782013339940\/anniversaire-16-mars"},{"id":"9782013339957","title":"Les Femmes qui ont du chic","description":"Les femmes qui ont du chic \/ par Jules Frey...\r\nDate de l'\u00e9dition originale : 1877 Ce livre est la reproduction fid\u00e8le d'une oeuvre publi\u00e9e avant 1920 et fait partie d'une collection de livres r\u00e9imprim\u00e9s \u00e0 la demande \u00e9dit\u00e9e par Hachette Livre, dans le cadre d'un partenariat avec la Biblioth\u00e8que nationale de France, offrant l'opportunit\u00e9 d'acc\u00e9der \u00e0 des ouvrages anciens et souvent rares issus des fonds patrimoniaux de la BnF.\r\nLes oeuvres faisant partie de cette collection ont \u00e9t\u00e9 num\u00e9ris\u00e9es par la BnF et sont pr\u00e9sentes sur Gallica, sa biblioth\u00e8que num\u00e9rique.\r\n\r\nEn entreprenant de redonner vie \u00e0 ces ouvrages au travers d'une collection de livres r\u00e9imprim\u00e9s \u00e0 la demande, nous leur donnons la possibilit\u00e9 de rencontrer un public \u00e9largi et participons \u00e0 la transmission de connaissances et de savoirs parfois difficilement accessibles.\r\nNous avons cherch\u00e9 \u00e0 concilier la reproduction fid\u00e8le d'un livre ancien \u00e0 partir de sa version num\u00e9ris\u00e9e avec le souci d'un confort de lecture optimal. Nous esp\u00e9rons que les ouvrages de cette nouvelle collection vous apporteront enti\u00e8re satisfaction.\r\n\r\nPour plus d'informations, rendez-vous sur www.hachettebnf.fr\r","authors":["Jules Frey"],"category_codes":["1000000","1060000","1060300"],"visuals":{"large":"https:\/\/images.epagine.fr\/957\/9782013339957_1_75.jpg","medium":"https:\/\/images.epagine.fr\/957\/9782013339957_1_m.jpg","thumbnail":"https:\/\/images.epagine.fr\/957\/9782013339957_1_v.jpg"},"orderable":true,"show_badge":true,"formatted_price":"16,50&nbsp;\u20ac","formatted_published_date":"1er ao\u00fbt 2013","publisher_availability_label":"Sur commande","short_details":"Jules Frey \u2014 Hachette BNF","translator":null,"weight":194,"page_count":null,"readership":null,"editor":"Hachette BNF","price":1650,"published_date":"2013-07-31T22:00:00.000000Z","support":"Grand format","publisher_availability":1,"stock":0,"editions":["9782019720148"],"url":"https:\/\/quaidesbrumes.com\/ouvrage\/9782013339957\/les-femmes-qui-ont-du-chic"},{"id":"9782312015002","title":"Le fil d'ariane","description":null,"authors":["Dalery Ines"],"category_codes":["1000000","1060000","1060100"],"visuals":{"large":"https:\/\/images.epagine.fr\/002\/9782312015002_1_75.jpg","medium":"https:\/\/images.epagine.fr\/002\/9782312015002_1_m.jpg","thumbnail":"https:\/\/images.epagine.fr\/002\/9782312015002_1_v.jpg"},"orderable":true,"show_badge":true,"formatted_price":"12,00&nbsp;\u20ac","formatted_published_date":"8 novembre 2013","publisher_availability_label":"Sur commande","short_details":"Dalery Ines \u2014 Editions du Net","translator":null,"weight":53,"page_count":null,"readership":null,"editor":"Editions du Net","price":1200,"published_date":"2013-11-07T23:00:00.000000Z","support":"Poche","publisher_availability":1,"stock":0,"editions":[],"url":"https:\/\/quaidesbrumes.com\/ouvrage\/9782312015002\/le-fil-dariane"},{"id":"9782312018560","title":"Immersion d'un maton","description":null,"authors":["Jalwin Fabrice"],"category_codes":["1000000","1060000","1060100"],"visuals":{"large":"https:\/\/images.epagine.fr\/560\/9782312018560_1_75.jpg","medium":"https:\/\/images.epagine.fr\/560\/9782312018560_1_m.jpg","thumbnail":"https:\/\/images.epagine.fr\/560\/9782312018560_1_v.jpg"},"orderable":true,"show_badge":true,"formatted_price":"12,00&nbsp;\u20ac","formatted_published_date":"21 novembre 2013","publisher_availability_label":"Sur commande","short_details":"Jalwin Fabrice \u2014 Editions du Net","translator":null,"weight":187,"page_count":null,"readership":null,"editor":"Editions du Net","price":1200,"published_date":"2013-11-20T23:00:00.000000Z","support":"Poche","publisher_availability":1,"stock":0,"editions":[],"url":"https:\/\/quaidesbrumes.com\/ouvrage\/9782312018560\/immersion-dun-maton"},{"id":"9782312018461","title":"Les derniers temoins","description":null,"authors":["RHH"],"category_codes":["1000000","1060000","1060300"],"visuals":{"large":"https:\/\/images.epagine.fr\/461\/9782312018461_1_75.jpg","medium":"https:\/\/images.epagine.fr\/461\/9782312018461_1_m.jpg","thumbnail":"https:\/\/images.epagine.fr\/461\/9782312018461_1_v.jpg"},"orderable":true,"show_badge":true,"formatted_price":"13,00&nbsp;\u20ac","formatted_published_date":"21 novembre 2013","publisher_availability_label":"Sur commande","short_details":"RHH \u2014 Editions du Net","translator":null,"weight":92,"page_count":null,"readership":null,"editor":"Editions du Net","price":1300,"published_date":"2013-11-20T23:00:00.000000Z","support":"Grand format","publisher_availability":1,"stock":0,"editions":[],"url":"https:\/\/quaidesbrumes.com\/ouvrage\/9782312018461\/les-derniers-temoins"},{"id":"9782312017099","title":"Malika ou les amants de la toussaint","description":null,"authors":["Marras-Mannoni N."],"category_codes":["1000000","1060000","1060300"],"visuals":{"large":"https:\/\/images.epagine.fr\/099\/9782312017099_1_75.jpg","medium":"https:\/\/images.epagine.fr\/099\/9782312017099_1_m.jpg","thumbnail":"https:\/\/images.epagine.fr\/099\/9782312017099_1_v.jpg"},"orderable":true,"show_badge":true,"formatted_price":"13,00&nbsp;\u20ac","formatted_published_date":"15 novembre 2013","publisher_availability_label":"Sur commande","short_details":"Marras-Mannoni N. \u2014 Editions du Net","translator":null,"weight":147,"page_count":null,"readership":null,"editor":"Editions du Net","price":1300,"published_date":"2013-11-14T23:00:00.000000Z","support":"Grand format","publisher_availability":1,"stock":0,"editions":[],"url":"https:\/\/quaidesbrumes.com\/ouvrage\/9782312017099\/malika-ou-les-amants-de-la-toussaint"},{"id":"9782312017693","title":"Le feu en soi","description":null,"authors":["Nogueira Patricia"],"category_codes":["1000000","1060000","1060300"],"visuals":{"large":"https:\/\/images.epagine.fr\/693\/9782312017693_1_75.jpg","medium":"https:\/\/images.epagine.fr\/693\/9782312017693_1_m.jpg","thumbnail":"https:\/\/images.epagine.fr\/693\/9782312017693_1_v.jpg"},"orderable":true,"show_badge":true,"formatted_price":"12,00&nbsp;\u20ac","formatted_published_date":"14 novembre 2013","publisher_availability_label":"Sur commande","short_details":"Nogueira Patricia \u2014 Editions du Net","translator":null,"weight":70,"page_count":null,"readership":null,"editor":"Editions du Net","price":1200,"published_date":"2013-11-13T23:00:00.000000Z","support":"Poche","publisher_availability":1,"stock":0,"editions":[],"url":"https:\/\/quaidesbrumes.com\/ouvrage\/9782312017693\/le-feu-en-soi"},{"id":"9781785123610","title":"This Happened to Me : 'A brilliant and moving account of a journey of healing' Bessel van der Kolk","description":"For readers of Educated, The Glass Castle, and Know My Name comes a powerful memoir that is a remarkable testament of survival and resilience. At once harrowing and inspiring, Kate Price's story is testament to the power to heal.\r\nKate Price grew up in a small town in Pennsylvania with her sister and parents. In leaving, she broke one of many, unwritten rules when it came to cycles of poverty, violence, addiction, mental illness, and abuse. She started a new life in Boston where she began to experience a series of hazy, horrifying flashbacks.\r\nThrough work with Dr. Bessel van der Kolk, a trauma specialist and author of The Body Keeps the Score, Price discovered that her father had abused and trafficked her as a child. So began a 10-year quest revisiting the hometown she thought she had left forever, the two found the proof Price had been searching for. From victim to advocate, from fearful child to empowered adult, This Happened to Me is a story of astonishing resilience and breathtaking determination.","authors":["Kate Price"],"category_codes":["1000000","1060000"],"visuals":{"large":"https:\/\/images.epagine.fr\/610\/9781785123610_1_75.jpg","medium":"https:\/\/images.epagine.fr\/610\/9781785123610_1_m.jpg","thumbnail":"https:\/\/images.epagine.fr\/610\/9781785123610_1_v.jpg"},"orderable":true,"show_badge":true,"formatted_price":"16,40&nbsp;\u20ac","formatted_published_date":"9 avril 2026","publisher_availability_label":"Sur commande","short_details":"Kate Price \u2014 Zaffre Bonnier","translator":null,"weight":225,"page_count":336,"readership":null,"editor":"Zaffre Bonnier","price":1640,"published_date":"2026-04-08T22:00:00.000000Z","support":"Grand format","publisher_availability":1,"stock":0,"editions":[],"url":"https:\/\/quaidesbrumes.com\/ouvrage\/9781785123610\/this-happened-to-me-a-brilliant-and-moving-account-of-a-journey-of-healing-bessel-van-der-kolk"}]}