{"data":[{"id":"9780486406640","title":"The Wit and Wisdom of Mark Twain : A Book of Quotations","description":null,"authors":["Mark Twain"],"category_codes":["1000000","1060000"],"visuals":{"large":"https:\/\/images.epagine.fr\/640\/9780486406640_1_75.jpg","medium":"https:\/\/images.epagine.fr\/640\/9780486406640_1_m.jpg","thumbnail":"https:\/\/images.epagine.fr\/640\/9780486406640_1_v.jpg"},"orderable":true,"show_badge":true,"formatted_price":"5,60&nbsp;\u20ac","formatted_published_date":"29 octobre 1999","publisher_availability_label":"Sur commande","short_details":"Mark Twain \u2014 Dorling Kindersley Usa","translator":null,"weight":58,"page_count":64,"readership":null,"editor":"Dorling Kindersley Usa","price":560,"published_date":"1999-10-28T22:00:00.000000Z","support":"Grand format","publisher_availability":1,"stock":0,"editions":[],"url":"https:\/\/quaidesbrumes.com\/ouvrage\/9780486406640\/the-wit-and-wisdom-of-mark-twain-a-book-of-quotations"},{"id":"9782916578132","title":"Embarquement pour la chine - histoires et destinees francaises dans l empire du milieu","description":"Monseigneur Favier, Auguste Boppe, le Consul B\u00e9champ, Edith Mankiewicz, le Docteur Bussi\u00e8re, Roderick Egal, George Souli\u00e9 de Morant... Des noms qui sont tomb\u00e9s dans l'oubli. Tous, pourtant, ont eu une histoire exceptionnelle. Ils ont foul\u00e9 de leurs pieds la terre de Chine, \u00e0 une \u00e9poque o\u00f9 celle-ci n'\u00e9tait accessible qu'apr\u00e8s des mois d'une longue travers\u00e9e en bateau. Certains de ces personnages se sont m\u00eame crois\u00e9s ; d'autres ont fait face \u00e0 leurs homologues locaux, parfois des h\u00f4tes, parfois des ennemis. De ce passage en Chine, tous en ont vu leur destin profond\u00e9ment transform\u00e9s.\r\nDes premiers missionnaires j\u00e9suites aux derniers diplomates, en passant par ces hommes qui ont b\u00e2ti les concessions fran\u00e7aises, et ceux et celles qui sont all\u00e9s chercher l'exil dans cette contr\u00e9e lointaine, Embarquement pour la Chine nous invite \u00e0 un voyage au coeur de l'Empire du Milieu, \u00e0 travers les histoires et les destin\u00e9es de ces Fran\u00e7ais qui ont d\u00e9couvert la Chine entre les ann\u00e9es 1740 et 1950.\r","authors":["Christine Leang"],"category_codes":["1000000","1060000","1060300"],"visuals":{"large":"https:\/\/images.epagine.fr\/132\/9782916578132_1_75.jpg","medium":"https:\/\/images.epagine.fr\/132\/9782916578132_1_m.jpg","thumbnail":"https:\/\/images.epagine.fr\/132\/9782916578132_1_v.jpg"},"orderable":true,"show_badge":true,"formatted_price":"22,50&nbsp;\u20ac","formatted_published_date":"28 ao\u00fbt 2013","publisher_availability_label":"Sur commande","short_details":"Christine Leang \u2014 Pacifica","translator":null,"weight":360,"page_count":280,"readership":null,"editor":"Pacifica","price":2250,"published_date":"2013-08-27T22:00:00.000000Z","support":"Grand format","publisher_availability":1,"stock":0,"editions":[],"url":"https:\/\/quaidesbrumes.com\/ouvrage\/9782916578132\/embarquement-pour-la-chine-histoires-et-destinees-francaises-dans-l-empire-du-milieu"},{"id":"9782916170466","title":"Un long couloir rempli de fauteuils en haut d'un escalier en plein vent","description":null,"authors":["Claudet Philippe"],"category_codes":["1000000","1060000","1060200"],"visuals":{"large":"https:\/\/quaidesbrumes.com\/img\/book-placeholder.png","medium":"https:\/\/quaidesbrumes.com\/img\/book-placeholder.png","thumbnail":"https:\/\/quaidesbrumes.com\/img\/book-placeholder.png"},"orderable":true,"show_badge":true,"formatted_price":"25,00&nbsp;\u20ac","formatted_published_date":"1er mai 2009","publisher_availability_label":"Sur commande","short_details":"Claudet Philippe \u2014 Les Doigts Qui Revent","translator":null,"weight":400,"page_count":null,"readership":null,"editor":"Les Doigts Qui Revent","price":2500,"published_date":"2009-04-30T22:00:00.000000Z","support":"Grand format","publisher_availability":1,"stock":0,"editions":[],"url":"https:\/\/quaidesbrumes.com\/ouvrage\/9782916170466\/un-long-couloir-rempli-de-fauteuils-en-haut-dun-escalier-en-plein-vent"},{"id":"9782012940277","title":"Aimienne  ou Le d\u00e9tournement de mineure, roman","description":"Aimienne, ou Le d\u00e9tournement de mineure : roman \/ Jean de Tinan ; portrait de l'auteur d'apr\u00e8s une lithographie d'Henry Bataille ; couverture en lithographie de Maxime Dethomas Date de l'\u00e9dition originale : 1899 Ce livre est la reproduction fid\u00e8le d'une oeuvre publi\u00e9e avant 1920 et fait partie d'une collection de livres r\u00e9imprim\u00e9s \u00e0 la demande \u00e9dit\u00e9e par Hachette Livre, dans le cadre d'un partenariat avec la Biblioth\u00e8que nationale de France, offrant l'opportunit\u00e9 d'acc\u00e9der \u00e0 des ouvrages anciens et souvent rares issus des fonds patrimoniaux de la BnF.\r\nLes oeuvres faisant partie de cette collection ont \u00e9t\u00e9 num\u00e9ris\u00e9es par la BnF et sont pr\u00e9sentes sur Gallica, sa biblioth\u00e8que num\u00e9rique.\r\n\r\nEn entreprenant de redonner vie \u00e0 ces ouvrages au travers d'une collection de livres r\u00e9imprim\u00e9s \u00e0 la demande, nous leur donnons la possibilit\u00e9 de rencontrer un public \u00e9largi et participons \u00e0 la transmission de connaissances et de savoirs parfois difficilement accessibles.\r\nNous avons cherch\u00e9 \u00e0 concilier la reproduction fid\u00e8le d'un livre ancien \u00e0 partir de sa version num\u00e9ris\u00e9e avec le souci d'un confort de lecture optimal. Nous esp\u00e9rons que les ouvrages de cette nouvelle collection vous apporteront enti\u00e8re satisfaction.\r\n\r\nPour plus d'informations, rendez-vous sur www.hachettebnf.fr http:\/\/gallica.bnf.fr\/ark:\/12148\/bpt6k6266107f\r","authors":["Tinan Jean"],"category_codes":["1000000","1030000"],"visuals":{"large":"https:\/\/images.epagine.fr\/277\/9782012940277_1_75.jpg","medium":"https:\/\/images.epagine.fr\/277\/9782012940277_1_m.jpg","thumbnail":"https:\/\/images.epagine.fr\/277\/9782012940277_1_v.jpg"},"orderable":true,"show_badge":true,"formatted_price":"21,50&nbsp;\u20ac","formatted_published_date":"1er juin 2013","publisher_availability_label":"Sur commande","short_details":"Tinan Jean \u2014 Hachette BNF","translator":null,"weight":376,"page_count":null,"readership":null,"editor":"Hachette BNF","price":2150,"published_date":"2013-05-31T22:00:00.000000Z","support":"Grand format","publisher_availability":1,"stock":0,"editions":["9782329869032"],"url":"https:\/\/quaidesbrumes.com\/ouvrage\/9782012940277\/aimienne-ou-le-detournement-de-mineure-roman"},{"id":"9782930304076","title":"Hors des sentiers battus - du kivu a walibi","description":null,"authors":["Eddy Meeus"],"category_codes":["1000000","1060000","1060100"],"visuals":{"large":"https:\/\/quaidesbrumes.com\/img\/book-placeholder.png","medium":"https:\/\/quaidesbrumes.com\/img\/book-placeholder.png","thumbnail":"https:\/\/quaidesbrumes.com\/img\/book-placeholder.png"},"orderable":true,"show_badge":true,"formatted_price":"25,00&nbsp;\u20ac","formatted_published_date":"1er avril 2005","publisher_availability_label":"Sur commande","short_details":"Eddy Meeus \u2014 Clepsydre","translator":null,"weight":650,"page_count":null,"readership":null,"editor":"Clepsydre","price":2500,"published_date":"2005-03-31T22:00:00.000000Z","support":"Grand format","publisher_availability":1,"stock":0,"editions":[],"url":"https:\/\/quaidesbrumes.com\/ouvrage\/9782930304076\/hors-des-sentiers-battus-du-kivu-a-walibi"},{"id":"9782812704710","title":"En plein soleil","description":null,"authors":["Dany Lartigue"],"category_codes":["1000000","1060000","1060200"],"visuals":{"large":"https:\/\/quaidesbrumes.com\/img\/book-placeholder.png","medium":"https:\/\/quaidesbrumes.com\/img\/book-placeholder.png","thumbnail":"https:\/\/quaidesbrumes.com\/img\/book-placeholder.png"},"orderable":true,"show_badge":true,"formatted_price":"28,00&nbsp;\u20ac","formatted_published_date":"2 juillet 2013","publisher_availability_label":"Sur commande","short_details":"Dany Lartigue \u2014 Presses Du Midi","translator":null,"weight":587,"page_count":null,"readership":null,"editor":"Presses Du Midi","price":2800,"published_date":"2013-07-01T22:00:00.000000Z","support":"Grand format","publisher_availability":1,"stock":0,"editions":[],"url":"https:\/\/quaidesbrumes.com\/ouvrage\/9782812704710\/en-plein-soleil"},{"id":"9782371587588","title":"\u00c9ducation Nationale : P\u00e9dagogie d'un harc\u00e8lement moral ordinaire","description":"Ce t\u00e9moignage retrace la transformation progressive d'un environnement professionnel \u00e9panouissant au sein d'un lyc\u00e9e public en une situation de harc\u00e8lement moral orchestr\u00e9e par un sup\u00e9rieur hi\u00e9rarchique.\r\n\u00c0 travers l'accumulation de micro-agressions et de comportements nocifs isolement du groupe, disqualification, diffamations, intimidations, retrait de missions etc... l'auteur montre comment cette violence diffuse peut durablement d\u00e9stabiliser une personne ainsi que la difficult\u00e9 de la victime \u00e0 en faire la preuve et \u00e0 se d\u00e9fendre.\r\nLes retours institutionnels, marqu\u00e9s par la complaisance, le d\u00e9ni et l'\u00e9vitement syst\u00e9miques, renforcent le sentiment d'abandon.\r\nAu-del\u00e0 de son exp\u00e9rience personnelle, l'auteur interroge sur les m\u00e9canismes qui rendent le harc\u00e8lement hi\u00e9rarchique dangereux par son aspect insidieux et masqu\u00e9.\r\nIl affirme l'\u00e9criture comme un acte de v\u00e9rit\u00e9 destin\u00e9 \u00e0 briser le silence et \u00e0 alerter collectivement.","authors":["Andr\u00e9-Marc Cador"],"category_codes":["1000000","1060000","1060300"],"visuals":{"large":"https:\/\/images.epagine.fr\/588\/9782371587588_1_75.jpg","medium":"https:\/\/images.epagine.fr\/588\/9782371587588_1_m.jpg","thumbnail":"https:\/\/images.epagine.fr\/588\/9782371587588_1_v.jpg"},"orderable":false,"show_badge":true,"formatted_price":"22,00&nbsp;\u20ac","formatted_published_date":"30 avril 2026","publisher_availability_label":"\u00c0 para\u00eetre","short_details":"Andr\u00e9-Marc Cador \u2014 \u00c9ditions de l'Onde","translator":null,"weight":364,"page_count":300,"readership":null,"editor":"\u00c9ditions de l'Onde","price":2200,"published_date":"2026-04-29T22:00:00.000000Z","support":"Grand format","publisher_availability":2,"stock":0,"editions":[],"url":"https:\/\/quaidesbrumes.com\/ouvrage\/9782371587588\/education-nationale-pedagogie-dun-harcelement-moral-ordinaire"},{"id":"9782213666839","title":"Le myst\u00e8re de la chambre Jeanne Calment","description":"Journaliste au Figaro, j'ai souvent rencontr\u00e9 Jeanne Calment, notamment \u00e0 l'occasion de ses anniversaires : le 120\u00e8me, le 121\u00e8me, le 122\u00e8me... Chaque fois j'\u00e9tais sid\u00e9r\u00e9 par sa m\u00e9moire ph\u00e9nom\u00e9nale, sa vivacit\u00e9 d'esprit, son humour surprenant... et sa prodigieuse sant\u00e9 de fer. N\u00e9e le 21 f\u00e9vrier 1875 sous Mac-Mahon, disparue le 4 ao\u00fbt 1997 sous Jacques Chirac, Jeanne Calment \u00e9tait tout \u00e0 fait consciente de son statut de star plan\u00e9taire. Du monde entier, des journalistes lui consacraient articles et reportages, des scientifiques s'interrogeaient sur son exceptionnelle long\u00e9vit\u00e9, des milliers d'admirateurs lui \u00e9crivaient. Passablement sourde, presque aveugle, mais toujours parfaitement appr\u00eat\u00e9e, parfum\u00e9e, la reine Jeanne tr\u00f4nait dans son fauteuil et recevait sa cour dans sa chambre d'une maison de retraite d'Arles, la ville o\u00f9 elle \u00e9tait n\u00e9e et o\u00f9 elle avait toujours v\u00e9cu. Etait-ce de se sentir au centre de tant d'attentions qui lui permit de vivre aussi longtemps ? Tel est mon sentiment. Jeanne Calment \u00e9tait la preuve que la vitalit\u00e9 n'est pas qu'une affaire d'ADN, mais aussi de d\u00e9sir, d'optimisme, de ga\u00eet\u00e9 et de sociabilit\u00e9. A tel point que, m\u00eame \u00e0 son \u00e2ge, sa mort devint pour moi une \u00e9nigme. J.C. L.Jean-Claude Lamy a notamment \u00e9t\u00e9 r\u00e9compens\u00e9 par le Prix Goncourt de la biographie pour Pr\u00e9vert, les fr\u00e8res amis (Robert Laffont, 1997) et par le Prix Cazes-Brasserie Lipp pour Mac Orlan, l'aventurier immobile (Albin Michel, 2002). Curieux de tout, au cours de son enqu\u00eate sur le \u00ab cas \u00bb Jeanne Calment, il se livre \u00e0 de brillantes incursions dans les domaines de la peinture, de la litt\u00e9rature, des d\u00e9couvertes scientifiques. Ce sont 122 ans d'histoire qu'il revisite en compagnie de celle qui d\u00e9tient encore le record absolu de long\u00e9vit\u00e9.","authors":["Jean-Claude Lamy"],"category_codes":["1000000","1060000","1060300"],"visuals":{"large":"https:\/\/images.epagine.fr\/839\/9782213666839_1_75.jpg","medium":"https:\/\/images.epagine.fr\/839\/9782213666839_1_m.jpg","thumbnail":"https:\/\/images.epagine.fr\/839\/9782213666839_1_v.jpg"},"orderable":true,"show_badge":true,"formatted_price":"24,00&nbsp;\u20ac","formatted_published_date":"9 octobre 2013","publisher_availability_label":"Sur commande","short_details":"Jean-Claude Lamy \u2014 Fayard","translator":null,"weight":336,"page_count":272,"readership":null,"editor":"Fayard","price":2400,"published_date":"2013-10-08T22:00:00.000000Z","support":"Grand format","publisher_availability":1,"stock":0,"editions":[],"url":"https:\/\/quaidesbrumes.com\/ouvrage\/9782213666839\/le-mystere-de-la-chambre-jeanne-calment"},{"id":"9782916170435","title":"Eliska ma petite fille aveugle... et sourde","description":null,"authors":["Jarnikova Ivana"],"category_codes":["1000000","1060000","1060200"],"visuals":{"large":"https:\/\/quaidesbrumes.com\/img\/book-placeholder.png","medium":"https:\/\/quaidesbrumes.com\/img\/book-placeholder.png","thumbnail":"https:\/\/quaidesbrumes.com\/img\/book-placeholder.png"},"orderable":true,"show_badge":true,"formatted_price":"25,00&nbsp;\u20ac","formatted_published_date":"1er mai 2009","publisher_availability_label":"Sur commande","short_details":"Jarnikova Ivana \u2014 Les Doigts Qui Revent","translator":null,"weight":300,"page_count":null,"readership":null,"editor":"Les Doigts Qui Revent","price":2500,"published_date":"2009-04-30T22:00:00.000000Z","support":"Grand format","publisher_availability":1,"stock":0,"editions":[],"url":"https:\/\/quaidesbrumes.com\/ouvrage\/9782916170435\/eliska-ma-petite-fille-aveugle-et-sourde"},{"id":"9782365930222","title":"La rate au court bouillon","description":null,"authors":["Guyon Martine"],"category_codes":["1000000","1060000","1060200"],"visuals":{"large":"https:\/\/quaidesbrumes.com\/img\/book-placeholder.png","medium":"https:\/\/quaidesbrumes.com\/img\/book-placeholder.png","thumbnail":"https:\/\/quaidesbrumes.com\/img\/book-placeholder.png"},"orderable":true,"show_badge":true,"formatted_price":"25,00&nbsp;\u20ac","formatted_published_date":"1er avril 2013","publisher_availability_label":"Sur commande","short_details":"Guyon Martine \u2014 Les Doigts Qui Revent","translator":null,"weight":300,"page_count":null,"readership":null,"editor":"Les Doigts Qui Revent","price":2500,"published_date":"2013-03-31T22:00:00.000000Z","support":"Grand format","publisher_availability":1,"stock":0,"editions":[],"url":"https:\/\/quaidesbrumes.com\/ouvrage\/9782365930222\/la-rate-au-court-bouillon"},{"id":"9782386800597","title":"Lumi\u00e8re : Enfants porteurs de handicaps, Enfants porteurs de paix","description":"Pendant cinq ann\u00e9es, Sophie Della Vecchia a accompagn\u00e9, en tant qu'AESH en \u00e9cole primaire, une jeune enfant atteinte d'autisme s\u00e9v\u00e8re, non verbale. Au coeur du handicap, de ses fragilit\u00e9s, de ses incompr\u00e9hensions mais aussi de ses joies invisibles, une relation rare s'est tiss\u00e9e. Une relation d'une intensit\u00e9 telle qu'elle a ouvert un v\u00e9ritable chemin initiatique, un chemin de conscience et de paix. Plus qu'un t\u00e9moignage sur l'inclusion scolaire, Lumi\u00e8re est une travers\u00e9e int\u00e9rieure. L'autisme devient miroir. Le handicap r\u00e9v\u00e8le nos propres limites, nos r\u00e9sistances, nos peurs. Car, au fond, ne sommes-nous pas tous porteurs d'un handicap int\u00e9rieur lorsque l'ignorance nous s\u00e9pare de l'autre ? Construit comme un triptyque, \u00e0 la mani\u00e8re d'une oeuvre d'art, le livre m\u00eale r\u00e9cit autobiographique, po\u00e9sie m\u00e9ditative et r\u00e9flexion philosophique. En son centre : le coeur, lieu d'unit\u00e9 et de transformation. Nourrie par une approche humaniste et une spiritualit\u00e9 ouverte, inspir\u00e9e notamment de la Bhagavad Gita, l'autrice explore la question essentielle : Qui suis-je lorsque je rencontre v\u00e9ritablement l'autre ? Ce texte sensible et profond\u00e9ment humaniste interroge notre regard sur les enfants porteurs de handicaps, sur l'\u00e9cole inclusive, sur le sacr\u00e9 au coeur du quotidien, et sur la capacit\u00e9 de chaque \u00eatre humain \u00e0 grandir en conscience. Je voyais la lumi\u00e8re s'exprimer dans l'infime qui est infini, comme lorsque tu poses tes yeux dans l'abstrait et le rends r\u00e9el.","authors":["Sophie Della Vecchia"],"category_codes":["1000000","1060000","1060300"],"visuals":{"large":"https:\/\/images.epagine.fr\/597\/9782386800597_1_75.jpg","medium":"https:\/\/images.epagine.fr\/597\/9782386800597_1_m.jpg","thumbnail":"https:\/\/images.epagine.fr\/597\/9782386800597_1_v.jpg"},"orderable":false,"show_badge":true,"formatted_price":"15,00&nbsp;\u20ac","formatted_published_date":"19 mai 2026","publisher_availability_label":"\u00c0 para\u00eetre","short_details":"Sophie Della Vecchia \u2014 Complicites","translator":null,"weight":162,"page_count":162,"readership":null,"editor":"Complicites","price":1500,"published_date":"2026-05-18T22:00:00.000000Z","support":"Grand format","publisher_availability":2,"stock":0,"editions":[],"url":"https:\/\/quaidesbrumes.com\/ouvrage\/9782386800597\/lumiere-enfants-porteurs-de-handicaps-enfants-porteurs-de-paix"},{"id":"9782386800634","title":"Ces cailloux sur ta route : L\u00e0 o\u00f9 hurle l'invisible","description":"Il y avait ces cailloux, minuscules, invisibles \u00e0 l'oeil nu. Des cristaux log\u00e9s dans ton corps, comme autant d'\u00e9pines que personne ne voyait. Et puis, il y avait ceux sur ta route : les diagnostics manqu\u00e9s, les douleurs tues, les silences m\u00e9dicaux, les nuits blanches. Toi, mon fils, tu portais les deux. Des cailloux plein les poches, plein le ventre, plein la vie. \u00c0 chaque pas, un obstacle. \u00c0 chaque cri, un doute. Et nous, \u00e0 tes c\u00f4t\u00e9s, hurlions dans le vide : \u00ab Quelque chose ne va pas. \u00bb Mais on nous r\u00e9pondait : \u00ab Un b\u00e9b\u00e9, \u00e7a pleure. \u00bb Ce livre est un t\u00e9moignage d'amour et de lutte, sur le chemin d'un syndrome encore inconnu, qui n'a pas de nom mais toutes les cons\u00e9quences. J'\u00e9cris pour toi, pour nous, pour eux. Pour que ceux qui viendront apr\u00e8s ne soient plus seuls \u00e0 marcher sur des pierres.","authors":["Z\u00e9lya F."],"category_codes":["1000000","1060000","1060300"],"visuals":{"large":"https:\/\/images.epagine.fr\/634\/9782386800634_1_75.jpg","medium":"https:\/\/images.epagine.fr\/634\/9782386800634_1_m.jpg","thumbnail":"https:\/\/images.epagine.fr\/634\/9782386800634_1_v.jpg"},"orderable":false,"show_badge":true,"formatted_price":"13,00&nbsp;\u20ac","formatted_published_date":"19 mai 2026","publisher_availability_label":"\u00c0 para\u00eetre","short_details":"Z\u00e9lya F. \u2014 Complicites","translator":null,"weight":2230,"page_count":150,"readership":null,"editor":"Complicites","price":1300,"published_date":"2026-05-18T22:00:00.000000Z","support":"Grand format","publisher_availability":2,"stock":0,"editions":[],"url":"https:\/\/quaidesbrumes.com\/ouvrage\/9782386800634\/ces-cailloux-sur-ta-route-la-ou-hurle-linvisible"},{"id":"9782012952980","title":"Rapport","description":"Rapport \/ Expositions internationales, Londres 1872 ; France, Commission sup\u00e9rieure Date de l'\u00e9dition originale : 1873 Ce livre est la reproduction fid\u00e8le d une uvre publi\u00e9e avant 1920 et fait partie d une collection de livres r\u00e9imprim\u00e9s \u00e0 la demande \u00e9dit\u00e9e par Hachette Livre, dans le cadre d un partenariat avec la Biblioth\u00e8que nationale de France, offrant l opportunit\u00e9 d acc\u00e9der \u00e0 des ouvrages anciens et souvent rares issus des fonds patrimoniaux de la BnF.\r\nLes uvres faisant partie de cette collection ont \u00e9t\u00e9 num\u00e9ris\u00e9es par la BnF et sont pr\u00e9sentes sur Gallica, sa biblioth\u00e8que num\u00e9rique.\r\n\r\nEn entreprenant de redonner vie \u00e0 ces ouvrages au travers d une collection de livres r\u00e9imprim\u00e9s \u00e0 la demande, nous leur donnons la possibilit\u00e9 de rencontrer un public \u00e9largi et participons \u00e0 la transmission de connaissances et de savoirs parfois difficilement accessibles.\r\nNous avons cherch\u00e9 \u00e0 concilier la reproduction fid\u00e8le d un livre ancien \u00e0 partir de sa version num\u00e9ris\u00e9e avec le souci d un confort de lecture optimal. Nous esp\u00e9rons que les ouvrages de cette nouvelle collection vous apporteront enti\u00e8re satisfaction.\r\n\r\nPour plus d informations, rendez-vous sur www.hachettebnf.fr\r","authors":[],"category_codes":["9000000","9110000","9110500"],"visuals":{"large":"https:\/\/images.epagine.fr\/980\/9782012952980_1_75.jpg","medium":"https:\/\/images.epagine.fr\/980\/9782012952980_1_m.jpg","thumbnail":"https:\/\/images.epagine.fr\/980\/9782012952980_1_v.jpg"},"orderable":true,"show_badge":true,"formatted_price":"20,50&nbsp;\u20ac","formatted_published_date":"1er juin 2013","publisher_availability_label":"Sur commande","short_details":"Hachette BNF","translator":null,"weight":352,"page_count":null,"readership":null,"editor":"Hachette BNF","price":2050,"published_date":"2013-05-31T22:00:00.000000Z","support":"Grand format","publisher_availability":1,"stock":0,"editions":["9782014101690"],"url":"https:\/\/quaidesbrumes.com\/ouvrage\/9782012952980\/rapport"},{"id":"9782954392202","title":"Parfums d'Allemagne","description":"H\u00e9l\u00e8ne Lacoste nous offre ici une comparaison sociologique faite au quotidien entre les comportements allemands et fran\u00e7ais. C'est un travail d'observatrice analyste tr\u00e8s riche et un bel exercice de compr\u00e9hension mutuelle, plein de recul et d'am\u00e9nit\u00e9.\r","authors":["H\u00e9l\u00e8ne Lacoste"],"category_codes":["1000000","1060000","1060300"],"visuals":{"large":"https:\/\/images.epagine.fr\/202\/9782954392202_1_75.jpg","medium":"https:\/\/images.epagine.fr\/202\/9782954392202_1_m.jpg","thumbnail":"https:\/\/images.epagine.fr\/202\/9782954392202_1_v.jpg"},"orderable":true,"show_badge":true,"formatted_price":"12,50&nbsp;\u20ac","formatted_published_date":"6 ao\u00fbt 2013","publisher_availability_label":"Sur commande","short_details":"H\u00e9l\u00e8ne Lacoste \u2014 Books on Demand","translator":null,"weight":301,"page_count":156,"readership":null,"editor":"Books on Demand","price":1250,"published_date":"2013-08-05T22:00:00.000000Z","support":"Grand format","publisher_availability":1,"stock":0,"editions":[],"url":"https:\/\/quaidesbrumes.com\/ouvrage\/9782954392202\/parfums-dallemagne"},{"id":"9782011761026","title":"Derniere maladie et mort du r.p. lacordaire","description":"Derni\u00e8re maladie et mort du R.P. Lacordaire \/ par le R.P. Mourey,...\r\nDate de l'\u00e9dition originale : 1861 Sujet de l'ouvrage : Lacordaire, Henri-Dominique (1802-1861) -- Mort et s\u00e9pulture Ce livre est la reproduction fid\u00e8le d'une oeuvre publi\u00e9e avant 1920 et fait partie d'une collection de livres r\u00e9imprim\u00e9s \u00e0 la demande \u00e9dit\u00e9e par Hachette Livre, dans le cadre d'un partenariat avec la Biblioth\u00e8que nationale de France, offrant l'opportunit\u00e9 d'acc\u00e9der \u00e0 des ouvrages anciens et souvent rares issus des fonds patrimoniaux de la BnF.\r\nLes oeuvres faisant partie de cette collection ont \u00e9t\u00e9 num\u00e9ris\u00e9es par la BnF et sont pr\u00e9sentes sur Gallica, sa biblioth\u00e8que num\u00e9rique.\r\n\r\nEn entreprenant de redonner vie \u00e0 ces ouvrages au travers d'une collection de livres r\u00e9imprim\u00e9s \u00e0 la demande, nous leur donnons la possibilit\u00e9 de rencontrer un public \u00e9largi et participons \u00e0 la transmission de connaissances et de savoirs parfois difficilement accessibles.\r\nNous avons cherch\u00e9 \u00e0 concilier la reproduction fid\u00e8le d'un livre ancien \u00e0 partir de sa version num\u00e9ris\u00e9e avec le souci d'un confort de lecture optimal. Nous esp\u00e9rons que les ouvrages de cette nouvelle collection vous apporteront enti\u00e8re satisfaction.\r\n\r\nPour plus d'informations, rendez-vous sur www.hachettebnf.fr\r","authors":["Mourey-C"],"category_codes":["1000000","1060000","1060200"],"visuals":{"large":"https:\/\/images.epagine.fr\/026\/9782011761026_1_75.jpg","medium":"https:\/\/images.epagine.fr\/026\/9782011761026_1_m.jpg","thumbnail":"https:\/\/images.epagine.fr\/026\/9782011761026_1_v.jpg"},"orderable":true,"show_badge":true,"formatted_price":"9,50&nbsp;\u20ac","formatted_published_date":"1er juillet 2013","publisher_availability_label":"Sur commande","short_details":"Mourey-C \u2014 Hachette BNF","translator":null,"weight":70,"page_count":null,"readership":null,"editor":"Hachette BNF","price":950,"published_date":"2013-06-30T22:00:00.000000Z","support":"Grand format","publisher_availability":1,"stock":0,"editions":[],"url":"https:\/\/quaidesbrumes.com\/ouvrage\/9782011761026\/derniere-maladie-et-mort-du-rp-lacordaire"},{"id":"9782234071971","title":"Jouir, ob\u00e9ir et autres activit\u00e9s vitales","description":"\u00ab Ce recueil de chroniques publi\u00e9es dans Lib\u00e9ration a \u00e9t\u00e9 constitu\u00e9 en fonction de deux crit\u00e8res.\r\nLe premier est celui de leur esp\u00e9rance de vie. Certains papiers que l'on publie dans les journaux sont des r\u00e9ponses \u00e0 des \u00e9v\u00e9nements qui ont une vie aussi longue que celle des papillons. D'autres, en revanche, ont une vocation \u00e0 durer parce que l'actualit\u00e9 est juste une occasion pour faire \u00e9merger des pens\u00e9es qui sont comme des explorations d'id\u00e9es ou de th\u00e9ories \u00e0 venir. Des id\u00e9es et des th\u00e9ories qui auront peut-\u00eatre un jour la puissance de modifier le cours de nos existences. De devenir de la Politique. Le deuxi\u00e8me crit\u00e8re tient \u00e0 l'organisation interne de ce recueil. J'ai abandonn\u00e9 l'ordre chronologique pour en \u00e9pouser un autre : celui des activit\u00e9s vitales auxquelles nous nous adonnons : jouir, ob\u00e9ir, aimer, ha\u00efr, etc. Ces activit\u00e9s qui ont l'air d'\u00eatre \u00e9videntes et banales, et que j'ai essay\u00e9 ici de rendre myst\u00e9rieuses, complexes, fascinantes ou atroces. J'ai commenc\u00e9 par les activit\u00e9s les plus \u00e9l\u00e9mentaires et les plus abstraites comme exister, jouir, ob\u00e9ir pour aller vers d'autres qui sont plus pratiques et moins m\u00e9taphysiques comme par exemple f\u00e9miniser le pouvoir ou gouverner. Or, elles peuvent \u00eatre lues dans n'importe quel ordre. D'autant que ces chroniques sont un appel contre l'attachement servile que nous \u00e9prouvons, contre toute forme d'ordre - y compris celui qui surgit de la pagination d'un livre. \u00bb","authors":["Marcela Iacub"],"category_codes":["1000000","1060000","1060300"],"visuals":{"large":"https:\/\/images.epagine.fr\/971\/9782234071971_1_75.jpg","medium":"https:\/\/images.epagine.fr\/971\/9782234071971_1_m.jpg","thumbnail":"https:\/\/images.epagine.fr\/971\/9782234071971_1_v.jpg"},"orderable":true,"show_badge":true,"formatted_price":"20,50&nbsp;\u20ac","formatted_published_date":"9 octobre 2013","publisher_availability_label":"Sur commande","short_details":"Marcela Iacub \u2014 Stock","translator":null,"weight":240,"page_count":192,"readership":null,"editor":"Stock","price":2050,"published_date":"2013-10-08T22:00:00.000000Z","support":"Grand format","publisher_availability":1,"stock":0,"editions":[],"url":"https:\/\/quaidesbrumes.com\/ouvrage\/9782234071971\/jouir-obeir-et-autres-activites-vitales"},{"id":"9782824603636","title":"Cinq ans de cauchemar","description":"Spoliation, maltraitance, agressions sexuelles, esclavage : le terrifiant t\u00e9moignage d'un couple qui a v\u00e9cu l'enfer d'une secte.\r","authors":["Eric Martin","Julie Martin"],"category_codes":["1000000","1060000","1060300"],"visuals":{"large":"https:\/\/images.epagine.fr\/636\/9782824603636_1_75.jpg","medium":"https:\/\/images.epagine.fr\/636\/9782824603636_1_m.jpg","thumbnail":"https:\/\/images.epagine.fr\/636\/9782824603636_1_v.jpg"},"orderable":true,"show_badge":true,"formatted_price":"19,55&nbsp;\u20ac","formatted_published_date":"23 octobre 2013","publisher_availability_label":"Sur commande","short_details":"Eric Martin, Julie Martin \u2014 City \u00c9ditions","translator":null,"weight":340,"page_count":240,"readership":null,"editor":"City \u00c9ditions","price":1955,"published_date":"2013-10-22T22:00:00.000000Z","support":"Grand format","publisher_availability":1,"stock":0,"editions":[],"url":"https:\/\/quaidesbrumes.com\/ouvrage\/9782824603636\/cinq-ans-de-cauchemar"},{"id":"9782343012483","title":"An ambassador at the centre of events","description":"While the South represents a big part of humanity, why are the leading figures from these countries not at the head of the big international organisations ?\r\n\r\nCandidate for Director-General of UNESCO, Rachad Farah comes from Djibouti, a country at the crossroads of Africa and the Arab world, a region which reveals the future challenges that exist for education and development after having seen wars and fundamentalism, with its dramatic consequences such as refugees.\r\n\r\nA Diplomat, an actor in peace negotiations, Rachad Farah was posted in various Asian countries during 15 years, before being sent to Paris to represent his country at UNESCO and at the International Organisation of Francophonie, as well as in various European capitals and the Maghreb.\r\n\r\nIn An Ambassador at the Centre of Events, Rachad Farah shares with us his life story. He has driven all his efforts towards developing cooperation, in all the domains (education, health, etc.), between Djibouti and the countries to which he was posted, between the North and South, as well as among the countries of the South.","authors":["Rachad Farah"],"category_codes":["1000000","1060000","1060200"],"visuals":{"large":"https:\/\/images.epagine.fr\/483\/9782343012483_1_75.jpg","medium":"https:\/\/images.epagine.fr\/483\/9782343012483_1_m.jpg","thumbnail":"https:\/\/images.epagine.fr\/483\/9782343012483_1_v.jpg"},"orderable":true,"show_badge":true,"formatted_price":"18,00&nbsp;\u20ac","formatted_published_date":"5 juillet 2013","publisher_availability_label":"Sur commande","short_details":"Rachad Farah \u2014 \u00c9ditions L'Harmattan","translator":null,"weight":170,"page_count":106,"readership":null,"editor":"\u00c9ditions L'Harmattan","price":1800,"published_date":"2013-07-04T22:00:00.000000Z","support":"Grand format","publisher_availability":1,"stock":0,"editions":[],"url":"https:\/\/quaidesbrumes.com\/ouvrage\/9782343012483\/an-ambassador-at-the-centre-of-events"},{"id":"9782824603766","title":"Ils ont vol\u00e9 mon enfance","description":"Quand Maria a 9 ans, un des clients de sa m\u00e8re prostitu\u00e9e s'installe avec elles et devient son beau-p\u00e8re. Il va la battre r\u00e9guli\u00e8rement, l'humilier, puis abuser d'elle et la violer. Pendant des ann\u00e9es, la jeune fille, terrifi\u00e9e, se tait. Alors que ni les services sociaux, ni l'\u00e9cole, ni le voisinage ne font quoi que ce soit, elle trouve le courage de s'enfuir.\r","authors":["R Marie","Annick Pellerin"],"category_codes":["1000000","1060000","1060300"],"visuals":{"large":"https:\/\/images.epagine.fr\/766\/9782824603766_1_75.jpg","medium":"https:\/\/images.epagine.fr\/766\/9782824603766_1_m.jpg","thumbnail":"https:\/\/images.epagine.fr\/766\/9782824603766_1_v.jpg"},"orderable":true,"show_badge":true,"formatted_price":"23,34&nbsp;\u20ac","formatted_published_date":"20 novembre 2013","publisher_availability_label":"Sur commande","short_details":"R Marie, Annick Pellerin \u2014 City \u00c9ditions","translator":null,"weight":334,"page_count":240,"readership":null,"editor":"City \u00c9ditions","price":2334,"published_date":"2013-11-19T23:00:00.000000Z","support":"Grand format","publisher_availability":1,"stock":0,"editions":[],"url":"https:\/\/quaidesbrumes.com\/ouvrage\/9782824603766\/ils-ont-vole-mon-enfance"},{"id":"9782011789419","title":"Les turquoises, poesies, contes et nouvelles","description":"Les turquoises : po\u00e9sies, contes et nouvelles \/ Bibliophile Jacob Date de l'\u00e9dition originale : 1869 Ce livre est la reproduction fid\u00e8le d'une oeuvre publi\u00e9e avant 1920 et fait partie d'une collection de livres r\u00e9imprim\u00e9s \u00e0 la demande \u00e9dit\u00e9e par Hachette Livre, dans le cadre d'un partenariat avec la Biblioth\u00e8que nationale de France, offrant l'opportunit\u00e9 d'acc\u00e9der \u00e0 des ouvrages anciens et souvent rares issus des fonds patrimoniaux de la BnF.\r\nLes oeuvres faisant partie de cette collection ont \u00e9t\u00e9 num\u00e9ris\u00e9es par la BnF et sont pr\u00e9sentes sur Gallica, sa biblioth\u00e8que num\u00e9rique.\r\n\r\nEn entreprenant de redonner vie \u00e0 ces ouvrages au travers d'une collection de livres r\u00e9imprim\u00e9s \u00e0 la demande, nous leur donnons la possibilit\u00e9 de rencontrer un public \u00e9largi et participons \u00e0 la transmission de connaissances et de savoirs parfois difficilement accessibles.\r\nNous avons cherch\u00e9 \u00e0 concilier la reproduction fid\u00e8le d'un livre ancien \u00e0 partir de sa version num\u00e9ris\u00e9e avec le souci d'un confort de lecture optimal. Nous esp\u00e9rons que les ouvrages de cette nouvelle collection vous apporteront enti\u00e8re satisfaction.\r\n\r\nPour plus d'informations, rendez-vous sur www.hachettebnf.fr\r","authors":["Paul Lacroix"],"category_codes":["1000000","1030000"],"visuals":{"large":"https:\/\/images.epagine.fr\/419\/9782011789419_1_75.jpg","medium":"https:\/\/images.epagine.fr\/419\/9782011789419_1_m.jpg","thumbnail":"https:\/\/images.epagine.fr\/419\/9782011789419_1_v.jpg"},"orderable":true,"show_badge":true,"formatted_price":"19,50&nbsp;\u20ac","formatted_published_date":"1er juillet 2013","publisher_availability_label":"Sur commande","short_details":"Paul Lacroix \u2014 Hachette BNF","translator":null,"weight":308,"page_count":null,"readership":null,"editor":"Hachette BNF","price":1950,"published_date":"2013-06-30T22:00:00.000000Z","support":"Grand format","publisher_availability":1,"stock":0,"editions":["9782329590561"],"url":"https:\/\/quaidesbrumes.com\/ouvrage\/9782011789419\/les-turquoises-poesies-contes-et-nouvelles"},{"id":"9782812704161","title":"Reperes","description":"Qui suis-je, o\u00f9 suis-je, o\u00f9 vais-je et d'o\u00f9 suis-je tir\u00e9 ? \u00e9crivait Voltaire dans la pr\u00e9face de son po\u00e8me sur le d\u00e9sastre de Lisbonne. De temps \u00e0 autre cette question a donn\u00e9 \u00e0 r\u00e9fl\u00e9chir \u00e0 l'auteur qui, au cours de son existence, a essay\u00e9 de d\u00e9celer certains rep\u00e8res lui permettant de la r\u00e9soudre. Ces pages sont le r\u00e9sultat de ses m\u00e9ditations sur le sujet. .\r","authors":["Ren\u00e9 Faucon"],"category_codes":["1000000","1060000","1060200"],"visuals":{"large":"https:\/\/quaidesbrumes.com\/img\/book-placeholder.png","medium":"https:\/\/quaidesbrumes.com\/img\/book-placeholder.png","thumbnail":"https:\/\/quaidesbrumes.com\/img\/book-placeholder.png"},"orderable":true,"show_badge":true,"formatted_price":"15,00&nbsp;\u20ac","formatted_published_date":"8 ao\u00fbt 2013","publisher_availability_label":"Sur commande","short_details":"Ren\u00e9 Faucon \u2014 Presses Du Midi","translator":null,"weight":244,"page_count":null,"readership":null,"editor":"Presses Du Midi","price":1500,"published_date":"2013-08-07T22:00:00.000000Z","support":"Grand format","publisher_availability":1,"stock":0,"editions":[],"url":"https:\/\/quaidesbrumes.com\/ouvrage\/9782812704161\/reperes"},{"id":"9782357060258","title":"Francois terrasson - penseur radical de la nature","description":"Originaire du Berry, pays des sorciers, Fran\u00c3\u00a7ois TERRASSON (1939-2006) est n\u00c3\u00a9 en lisi\u00c3\u00a8re de la c\u00c3\u00a9l\u00c3\u00a8bre for\u00c3\u00aat de Tron\u00c3\u00a7ais. Ma\u00c3\u00aetre de conf\u00c3\u00a9rence au Mus\u00c3\u00a9um national d\u00e2\u20ac\u2122histoire naturelle de Paris, grand d\u00c3\u00a9fenseur du bocage, pionnier de l\u00e2\u20ac\u2122agro\u00c3\u00a9cologie, il a d\u00c3\u00a9nonc\u00c3\u00a9 les travers des espaces prot\u00c3\u00a9g\u00c3\u00a9s et milit\u00c3\u00a9 pour une gestion int\u00c3\u00a9gr\u00c3\u00a9e de la nature. L\u00e2\u20ac\u2122essai biographique de Jean-Claude G\u00c3\u00a9not fait d\u00c3\u00a9couvrir un scientifique hors norme, un esprit libre et un voyageur infatigable qui a pass\u00c3\u00a9 sa vie \u00c3\u00a0 analyser notre peur de la nature et \u00c3\u00a0 d\u00c3\u00a9noncer notre civilisation anti-nature qui m\u00c3\u00a8ne \u00c3\u00a0 l\u00e2\u20ac\u2122artificialisation de la plan\u00c3\u00a8te. F\u00c3\u00a9ru de communication, Fran\u00c3\u00a7ois Terrasson a publi\u00c3\u00a9 trois ouvrages, dont La peur de la nature qui l\u00e2\u20ac\u2122a fait conna\u00c3\u00aetre d\u00e2\u20ac\u2122un large public, quantit\u00c3\u00a9 d\u00e2\u20ac\u2122articles au style incisif m\u00c3\u00aal\u00c3\u00a9 d\u00e2\u20ac\u2122humour, et donn\u00c3\u00a9 de multiples conf\u00c3\u00a9rences. Militant dans des associations de protection de la nature, il fut un pilier des \u00e2\u20ac\u02dc\u00e2\u20ac\u02dcJournalistes \u00c3\u00a9crivains pour la nature et l\u00e2\u20ac\u2122\u00c3\u00a9cologie\u00e2\u20ac\u2122\u00e2\u20ac\u2122.\r\nJean-Claude G\u00c3\u2030NOT est \u00c3\u00a9cologue, charg\u00c3\u00a9 de la protection de la nature au Syndicat de coop\u00c3\u00a9ration pour le Parc naturel r\u00c3\u00a9gional des Vosges du Nord. Membre de l\u00e2\u20ac\u2122association \u00e2\u20ac\u02dc\u00e2\u20ac\u02dcFor\u00c3\u00aats sauvages\u00e2\u20ac\u2122\u00e2\u20ac\u2122 et des \u00e2\u20ac\u02dc\u00e2\u20ac\u02dcJournalistes \u00c3\u00a9crivains pour la nature et l\u00e2\u20ac\u2122\u00c3\u00a9cologie\u00e2\u20ac\u2122\u00e2\u20ac\u2122, il est l\u00e2\u20ac\u2122auteur de plusieurs ouvrages dont Vivre avec le lynx aux \u00c3\u00a9ditions Hesse.\r","authors":["Jean-claude Genot"],"category_codes":["1000000","1060000","1060200"],"visuals":{"large":"https:\/\/images.epagine.fr\/258\/9782357060258_1_75.jpg","medium":"https:\/\/images.epagine.fr\/258\/9782357060258_1_m.jpg","thumbnail":"https:\/\/images.epagine.fr\/258\/9782357060258_1_v.jpg"},"orderable":true,"show_badge":true,"formatted_price":"18,00&nbsp;\u20ac","formatted_published_date":"12 septembre 2013","publisher_availability_label":"Sur commande","short_details":"Jean-claude Genot \u2014 Hesse","translator":null,"weight":350,"page_count":null,"readership":null,"editor":"Hesse","price":1800,"published_date":"2013-09-11T22:00:00.000000Z","support":"Grand format","publisher_availability":1,"stock":0,"editions":[],"url":"https:\/\/quaidesbrumes.com\/ouvrage\/9782357060258\/francois-terrasson-penseur-radical-de-la-nature"},{"id":"9782847430646","title":"Parlons theatre... en dinant, aline, catherine et moi...","description":"Jean, Aline et Catherine habitent un m\u00eame immeuble - Jean depuis 60 ans -, rue Boulard, dans le 14e arrondissement de Paris. Au cours de d\u00eeners amicaux, Jean leur raconte... sa vie de th\u00e9\u00e2tre, les personnes rencontr\u00e9es, les tournages, les diff\u00e9rences entre th\u00e9\u00e2tre et cin\u00e9ma, mais aussi l'\u00e9volution du quartier et de leur maison, toute une histoire, toute une vie.\u00c0 quatre-vingt-dix ans pass\u00e9s, Jean Pommier exerce toujours son m\u00e9tier de com\u00e9dien.","authors":["Jean Pommier"],"category_codes":["1000000","1060000","1060100"],"visuals":{"large":"https:\/\/images.epagine.fr\/646\/9782847430646_1_75.jpg","medium":"https:\/\/images.epagine.fr\/646\/9782847430646_1_m.jpg","thumbnail":"https:\/\/images.epagine.fr\/646\/9782847430646_1_v.jpg"},"orderable":true,"show_badge":true,"formatted_price":"22,00&nbsp;\u20ac","formatted_published_date":"15 f\u00e9vrier 2013","publisher_availability_label":"Sur commande","short_details":"Jean Pommier \u2014 Petra","translator":null,"weight":270,"page_count":null,"readership":null,"editor":"Petra","price":2200,"published_date":"2013-02-14T23:00:00.000000Z","support":"Grand format","publisher_availability":1,"stock":0,"editions":[],"url":"https:\/\/quaidesbrumes.com\/ouvrage\/9782847430646\/parlons-theatre-en-dinant-aline-catherine-et-moi"},{"id":"9782312043074","title":"Il n'a pas voulu de moi","description":"Le 8 mars 2012, je viens tout juste d'avoir quarante ans. La maladie me tombe dessus pour ne plus me l\u00e2cher : une cirrhose aigu\u00eb et une h\u00e9patite s\u00e9v\u00e8re. Comment en \u00e9tais-je arriv\u00e9 l\u00e0 ? La drogue, l'alcool, une vie mouvement\u00e9e ? Le 4 mai 2012, \u00e0 l'h\u00f4pital de Purpan \u00e0 Toulouse, je crois bien que c'est la fin pour moi. Je fais l'exp\u00e9rience de la mort imminente. Mais en d\u00e9pit de toute attente, tout recommence sur des bases nouvelles. S'il me faut d\u00e9sormais composer avec la maladie, je suis aussi anim\u00e9 d'une foi inexpliqu\u00e9e.\r","authors":["Pascal Broquet"],"category_codes":["1000000","1060000","1060300","1060308"],"visuals":{"large":"https:\/\/images.epagine.fr\/074\/9782312043074_1_75.jpg","medium":"https:\/\/images.epagine.fr\/074\/9782312043074_1_m.jpg","thumbnail":"https:\/\/images.epagine.fr\/074\/9782312043074_1_v.jpg"},"orderable":true,"show_badge":true,"formatted_price":"12,00&nbsp;\u20ac","formatted_published_date":"15 avril 2016","publisher_availability_label":"Sur commande","short_details":"Pascal Broquet \u2014 Editions du Net","translator":null,"weight":108,"page_count":null,"readership":null,"editor":"Editions du Net","price":1200,"published_date":"2016-04-14T22:00:00.000000Z","support":"Grand format","publisher_availability":1,"stock":0,"editions":[],"url":"https:\/\/quaidesbrumes.com\/ouvrage\/9782312043074\/il-na-pas-voulu-de-moi"}]}