{"data":[{"id":"9782364520134","title":"Paroles d'un cur\u00e9 de montagne","description":"A soixante-dix ans, le P\u00e8re Alfred Rayna, dit Rayne est beaucoup plus qu'un cur\u00e9 de montagne : c'est un cur\u00e9 montagnard. Pour preuve, le 6e Bataillon des Chasseurs Alpins de Barcelonnette (04) l'a reconnu officiellement digne de porter l'Etoile bleue, une distinction envi\u00e9e par tous les chevronn\u00e9s des hauts sommets des Alpes, c'est dire ! Donc, d'une fa\u00e7on aussi naturelle que la recette de son g\u00e9n\u00e9pi, il nous raconte, sa petite enfance dans une ferme en Ubaye, ses ann\u00e9es de Petit et de Grand S\u00e9minaire \u00e0 Digne-les-Bains, son engagement dans la R\u00e9sistance, ses premi\u00e8res paroisses qu'il rejoignait \u00e0 ski ou en triporteur et - m\u00eame s'il ne faut pas trop le dire - quelques souvenirs de contrebande de sel et de riz avec l'Italie, avant d'\u00e9voquer la chasse au chamois et la p\u00eache \u00e0 la truite qu'il pratique volontiers quand son minist\u00e8re lui en laisse le temps. \r\nC'est-\u00e0-dire rarement. Car, lorsqu'il ne c\u00e9l\u00e8bre pas un office ou qu'il n'est pas en r\u00e9p\u00e9tition avec la chorale Chantubaye, le P\u00e8re Rayne accompagne des groupes en balades : la magnificence de la nature alpestre - de la flore notamment, dont il est un fin connaisseur -- lui offre tant de belles occasions de parler des Myst\u00e8res de la Cr\u00e9ation. Alors, tr\u00e8s vite, les paroles du P\u00e8re Rayne deviennent celles de tous les cur\u00e9s exer\u00e7ant dans les d\u00e9partements en voie de d\u00e9sertification et, \u00e0 l'heure de la crise des vocations, leur petit monde allant r\u00e9tr\u00e9cissant, elles finissent par devenir une source de r\u00e9flexion sur l'avenir. \r\nCe livre a \u00e9t\u00e9 r\u00e9dig\u00e9 \u00e0 partir des entretiens enregistr\u00e9s au presbyt\u00e8re de Faucon-de-Barcelonnette par Jean-Louis Giard, journaliste, documentariste, \u00e9diteur.\r","authors":["Alfred Rayma"],"category_codes":["1000000","1060000","1060200"],"visuals":{"large":"https:\/\/images.epagine.fr\/134\/9782364520134_1_75.jpg","medium":"https:\/\/images.epagine.fr\/134\/9782364520134_1_m.jpg","thumbnail":"https:\/\/images.epagine.fr\/134\/9782364520134_1_v.jpg"},"orderable":true,"show_badge":true,"formatted_price":"18,00&nbsp;\u20ac","formatted_published_date":"3 octobre 2012","publisher_availability_label":"Sur commande","short_details":"Alfred Rayma \u2014 SAINT-LEGER","translator":null,"weight":200,"page_count":120,"readership":null,"editor":"SAINT-LEGER","price":1800,"published_date":"2012-10-02T22:00:00.000000Z","support":"Grand format","publisher_availability":1,"stock":0,"editions":[],"url":"https:\/\/quaidesbrumes.com\/ouvrage\/9782364520134\/paroles-dun-cure-de-montagne"},{"id":"9782371455016","title":"Vivre debout","description":null,"authors":["Hertz Claude"],"category_codes":["1000000","1060000"],"visuals":{"large":"https:\/\/quaidesbrumes.com\/img\/book-placeholder.png","medium":"https:\/\/quaidesbrumes.com\/img\/book-placeholder.png","thumbnail":"https:\/\/quaidesbrumes.com\/img\/book-placeholder.png"},"orderable":true,"show_badge":true,"formatted_price":"25,00&nbsp;\u20ac","formatted_published_date":"1er d\u00e9cembre 2017","publisher_availability_label":"Sur commande","short_details":"Hertz Claude \u2014 Petit Vehicule","translator":null,"weight":200,"page_count":null,"readership":null,"editor":"Petit Vehicule","price":2500,"published_date":"2017-11-30T23:00:00.000000Z","support":"Grand format","publisher_availability":1,"stock":0,"editions":[],"url":"https:\/\/quaidesbrumes.com\/ouvrage\/9782371455016\/vivre-debout"},{"id":"9782354854652","title":"L'enfant d'apr\u00e8s","description":"B\u00e9a a sept ans. Autour d'elle, des angoisses impalpables, une histoire traumatique, l'engagement politique de ses parents. Et le cauchemar r\u00e9current d'un train, arr\u00eat\u00e9 quelque part en Pologne, qui ne repart pas. La seconde moiti\u00e9 du XXe si\u00e8cle commence, elle est fille et petite-fille de d\u00e9port\u00e9s. Au coeur du t\u00e9moignage intimiste et bouleversant de son enfance, Bella Mijoin-Nemirovski d\u00e9voile les incompr\u00e9hensions, les douleurs indicibles, la lutte pour entretenir une m\u00e9moire collective, mais aussi les difficult\u00e9s d'une enfant \u00e0 trouver sa place dans un nouveau monde dont elle n'a pas partag\u00e9 les s\u00e9vices. \r\nLivr\u00e9s avec pudeur, les souvenirs ravivent alors une histoire familiale qui acquiert, au-del\u00e0 d'un peuple, une r\u00e9sonance universelle.\r","authors":["Bella Mijoin-nemirovski"],"category_codes":["1000000","1060000","1060300"],"visuals":{"large":"https:\/\/images.epagine.fr\/652\/9782354854652_1_75.jpg","medium":"https:\/\/images.epagine.fr\/652\/9782354854652_1_m.jpg","thumbnail":"https:\/\/images.epagine.fr\/652\/9782354854652_1_v.jpg"},"orderable":true,"show_badge":true,"formatted_price":"14,00&nbsp;\u20ac","formatted_published_date":"1er mars 2018","publisher_availability_label":"Sur commande","short_details":"Bella Mijoin-nemirovski \u2014 JETS D'ENCRE","translator":null,"weight":112,"page_count":106,"readership":null,"editor":"JETS D'ENCRE","price":1400,"published_date":"2018-02-28T23:00:00.000000Z","support":"Grand format","publisher_availability":1,"stock":0,"editions":[],"url":"https:\/\/quaidesbrumes.com\/ouvrage\/9782354854652\/lenfant-dapres"},{"id":"9782332592910","title":"L'accident","description":"Courage ou volont\u00e9 ? Comment un trait de caract\u00e8re peut \u00eatre r\u00e9v\u00e9l\u00e9 par un banal accident de voitures !\r","authors":["Gladys Gaillard"],"category_codes":["1000000","1060000","1060100"],"visuals":{"large":"https:\/\/images.epagine.fr\/910\/9782332592910_1_75.jpg","medium":"https:\/\/images.epagine.fr\/910\/9782332592910_1_m.jpg","thumbnail":"https:\/\/images.epagine.fr\/910\/9782332592910_1_v.jpg"},"orderable":true,"show_badge":true,"formatted_price":"8,00&nbsp;\u20ac","formatted_published_date":"21 ao\u00fbt 2013","publisher_availability_label":"Sur commande","short_details":"Gladys Gaillard \u2014 Edilivre","translator":null,"weight":33,"page_count":16,"readership":null,"editor":"Edilivre","price":800,"published_date":"2013-08-20T22:00:00.000000Z","support":"Poche","publisher_availability":1,"stock":0,"editions":[],"url":"https:\/\/quaidesbrumes.com\/ouvrage\/9782332592910\/laccident"},{"id":"9782916271521","title":"Mafi Mushkila : mission au coeur du Soudan","description":null,"authors":["Marie-Eve Raguenaud"],"category_codes":["1000000","1060000","1060200"],"visuals":{"large":"https:\/\/images.epagine.fr\/521\/9782916271521_1_75.jpg","medium":"https:\/\/images.epagine.fr\/521\/9782916271521_1_m.jpg","thumbnail":"https:\/\/images.epagine.fr\/521\/9782916271521_1_v.jpg"},"orderable":true,"show_badge":true,"formatted_price":"17,00&nbsp;\u20ac","formatted_published_date":"28 novembre 2013","publisher_availability_label":"Sur commande","short_details":"Marie-Eve Raguenaud \u2014 Artisans Voyageurs","translator":null,"weight":370,"page_count":null,"readership":null,"editor":"Artisans Voyageurs","price":1700,"published_date":"2013-11-27T23:00:00.000000Z","support":"Grand format","publisher_availability":1,"stock":0,"editions":[],"url":"https:\/\/quaidesbrumes.com\/ouvrage\/9782916271521\/mafi-mushkila-mission-au-coeur-du-soudan"},{"id":"9782312013640","title":"Si j'avais su, je n'aurais rien pu faire. penser et panser le suicide autrement","description":null,"authors":["Bernd Catherine"],"category_codes":["1000000","1060000","1060100"],"visuals":{"large":"https:\/\/images.epagine.fr\/640\/9782312013640_1_75.jpg","medium":"https:\/\/images.epagine.fr\/640\/9782312013640_1_m.jpg","thumbnail":"https:\/\/images.epagine.fr\/640\/9782312013640_1_v.jpg"},"orderable":true,"show_badge":true,"formatted_price":"12,00&nbsp;\u20ac","formatted_published_date":"27 septembre 2013","publisher_availability_label":"Sur commande","short_details":"Bernd Catherine \u2014 Editions du Net","translator":null,"weight":44,"page_count":null,"readership":null,"editor":"Editions du Net","price":1200,"published_date":"2013-09-26T22:00:00.000000Z","support":"Poche","publisher_availability":1,"stock":0,"editions":[],"url":"https:\/\/quaidesbrumes.com\/ouvrage\/9782312013640\/si-javais-su-je-naurais-rien-pu-faire-penser-et-panser-le-suicide-autrement"},{"id":"9782705338589","title":"Mossadegh : pages d'histoire de l'Iran","description":null,"authors":["Mossadegh A.-M.Bayat"],"category_codes":["1000000","1060000","1060300"],"visuals":{"large":"https:\/\/images.epagine.fr\/589\/9782705338589_1_75.jpg","medium":"https:\/\/images.epagine.fr\/589\/9782705338589_1_m.jpg","thumbnail":"https:\/\/images.epagine.fr\/589\/9782705338589_1_v.jpg"},"orderable":true,"show_badge":true,"formatted_price":"31,00&nbsp;\u20ac","formatted_published_date":"1er mai 2012","publisher_availability_label":"Sur commande","short_details":"Mossadegh A.-M.Bayat \u2014 Paul Geuthner","translator":null,"weight":600,"page_count":null,"readership":null,"editor":"Paul Geuthner","price":3100,"published_date":"2012-04-30T22:00:00.000000Z","support":"Grand format","publisher_availability":1,"stock":0,"editions":[],"url":"https:\/\/quaidesbrumes.com\/ouvrage\/9782705338589\/mossadegh-pages-dhistoire-de-liran"},{"id":"9782354854898","title":"Ces morts a qui je m'adressais","description":null,"authors":["Mathurin Getchens"],"category_codes":["1000000","1060000","1060200"],"visuals":{"large":"https:\/\/quaidesbrumes.com\/img\/book-placeholder.png","medium":"https:\/\/quaidesbrumes.com\/img\/book-placeholder.png","thumbnail":"https:\/\/quaidesbrumes.com\/img\/book-placeholder.png"},"orderable":true,"show_badge":true,"formatted_price":"14,00&nbsp;\u20ac","formatted_published_date":"1er d\u00e9cembre 2013","publisher_availability_label":"Sur commande","short_details":"Mathurin Getchens \u2014 JETS D'ENCRE","translator":null,"weight":120,"page_count":null,"readership":null,"editor":"JETS D'ENCRE","price":1400,"published_date":"2013-11-30T23:00:00.000000Z","support":"Grand format","publisher_availability":1,"stock":0,"editions":[],"url":"https:\/\/quaidesbrumes.com\/ouvrage\/9782354854898\/ces-morts-a-qui-je-madressais"},{"id":"9782705338435","title":"Ignac Goldziher : un autre orientalisme ?","description":null,"authors":["Trautmann-Waller C."],"category_codes":["1000000","1060000","1060300"],"visuals":{"large":"https:\/\/images.epagine.fr\/435\/9782705338435_1_75.jpg","medium":"https:\/\/images.epagine.fr\/435\/9782705338435_1_m.jpg","thumbnail":"https:\/\/images.epagine.fr\/435\/9782705338435_1_v.jpg"},"orderable":true,"show_badge":true,"formatted_price":"35,00&nbsp;\u20ac","formatted_published_date":"1er avril 2011","publisher_availability_label":"Sur commande","short_details":"Trautmann-Waller C. \u2014 Paul Geuthner","translator":null,"weight":450,"page_count":null,"readership":null,"editor":"Paul Geuthner","price":3500,"published_date":"2011-03-31T22:00:00.000000Z","support":"Grand format","publisher_availability":1,"stock":0,"editions":[],"url":"https:\/\/quaidesbrumes.com\/ouvrage\/9782705338435\/ignac-goldziher-un-autre-orientalisme"},{"id":"9782917329450","title":"M\u00e9moire ; 1\u00e8re g\u00e9n\u00e9ration des rescap\u00e9s du g\u00e9nocide","description":"Participer \u00e0 un tel \u00e9crit fut une exp\u00e9rience d'une grande richesse charg\u00e9e d'\u00e9motion parce qu'elle m'a permis de contribuer ainsi \u00e0 la naissance d'un ouvrage o\u00f9 souffrance et pudeur se font \u00e9cho pour t\u00e9moigner, au travers des vicissitudes d'une famille, du sort d'un peuple \u00e9cartel\u00e9, d\u00e9membr\u00e9  qu'on semble vouloir enterrer vivant.\r\nLe t\u00e9moignage de Harrys Tavoukdjian, qui ne verse jamais dans le pathos, interpelle par la profondeur de l'amour qui unit sa famille et par la d\u00e9termination de l'auteur \u00e0 rendre cet hommage vibrant aux g\u00e9n\u00e9rations qui l'ont pr\u00e9c\u00e9d\u00e9 et qui lui ont ouvert une autre voie pour continuer \u00e0 vivre libre et digne. L'\u00e2me du peuple arm\u00e9nien continue ainsi \u00e0 nourrir les siens, par-del\u00e0 les fronti\u00e8res et les ann\u00e9es !\r\nAgn\u00e8s Campanerut","authors":["Harrys Tavoukdjian"],"category_codes":["1000000","1060000","1060300"],"visuals":{"large":"https:\/\/images.epagine.fr\/450\/9782917329450_1_75.jpg","medium":"https:\/\/images.epagine.fr\/450\/9782917329450_1_m.jpg","thumbnail":"https:\/\/images.epagine.fr\/450\/9782917329450_1_v.jpg"},"orderable":true,"show_badge":true,"formatted_price":"15,00&nbsp;\u20ac","formatted_published_date":"27 septembre 2012","publisher_availability_label":"Sur commande","short_details":"Harrys Tavoukdjian \u2014 Sigest","translator":null,"weight":400,"page_count":144,"readership":null,"editor":"Sigest","price":1500,"published_date":"2012-09-26T22:00:00.000000Z","support":"Grand format","publisher_availability":1,"stock":0,"editions":[],"url":"https:\/\/quaidesbrumes.com\/ouvrage\/9782917329450\/memoire-1ere-generation-des-rescapes-du-genocide"},{"id":"9782878253283","title":"Ren\u00e9 Plard (1888-1946), un d\u00e9put\u00e9-maire de Troyes : contribution \u00e0 l'histoire politique fran\u00e7aise de l'entre-deux guerres","description":"Cet ouvrage est d'abord l'histoire d'un personnage. Ren\u00e9 Plard, avocat, journaliste, homme politique, occupe \u00e0 Troyes et dans l'Aube de 1920 \u00e0 1940 tout le devant de la sc\u00e8ne publique. Conseiller municipal en 1919, conseiller g\u00e9n\u00e9ral en 1927, il est maire de Troyes de 1935 \u00e0 1940. \u00c9lu d\u00e9put\u00e9 en 1932, r\u00e9\u00e9lu en 1936, il exerce comme parlementaire une action non n\u00e9gligeable. L'itin\u00e9raire de Ren\u00e9 Plard retient \u00e9galement l'attention. Issu d'une famille ouvri\u00e8re de Nevers, pur produit des lois scolaires de Jules Ferry, il a eu la possibilit\u00e9 de \"s'instruire\". Il a commenc\u00e9 sa carri\u00e8re dans la banque avant d'entrer aux PTT ; mais il a pr\u00e9f\u00e9r\u00e9 en d\u00e9finitive pr\u00e9parer en autodidacte son baccalaur\u00e9at et faire son droit, afin de parvenir au m\u00e9tier qu'il a choisi, celui de l'avocat... Avocat communiste, il est amen\u00e9 \u00e0 plaider apr\u00e8s 1920 pour les militants poursuivis ou emprisonn\u00e9s en France, \u00e0 la demande de son parti, et \u00e0 l'\u00e9tranger pour le Secours Rouge International. Son \u00e9volution politique a aussi son originalit\u00e9. Socialiste jauressien pendant sa jeunesse \u00e0 Nevers, il est influenc\u00e9 par Jules Guesde \u00e0 son arriv\u00e9e \u00e0 Troyes \u00e0 la veille de la guerre de 1914. Chef de file des communistes jusqu'\u00e0 la fin des ann\u00e9es 20, il comprend assez t\u00f4t la n\u00e9cessit\u00e9 d'un rapprochement \u00e9lectoral avec les radicaux et les socialistes. Ayant eu raison avant l'heure, il est exclu du Parti communiste pour indiscipline une premi\u00e8re fois en 1930 puis en 1932, date o\u00f9 il forme alors son propre groupement. Il devient proche de Jacques Doriot, mais son souci de l'unit\u00e9 le fera opter finalement pour l'union des gauches et pour le Front populaire... Pacifiste de gauche, il est un \"munichois\" convaincu. Chass\u00e9 par les Allemands de son fauteuil de maire, sa carri\u00e8re politique s'arr\u00eate en 1940... Il garde toutefois son activit\u00e9 d'avocat et d\u00e9fendra apr\u00e8s la Lib\u00e9ration d'anciens amis et m\u00eame d'anciens ennemis accus\u00e9s de collaboration.\r\n\r\nEn \u00e9crivant la vie de Ren\u00e9 Plard, l'auteur a \u00e9t\u00e9 conduit \u00e0 traiter de la vie politique, \u00e9conomique et sociale d'une ville \"ouvri\u00e8re\", Troyes et son agglom\u00e9ration, \u00e0 l'\u00e9poque ou la bonneterie est la principale activit\u00e9 ; il \u00e9voque aussi les luttes sociales et \u00e9lectorales successives, les manifestations, les gr\u00e8ves, mais aussi les probl\u00e8mes municipaux et d\u00e9partementaux (construction de l'h\u00f4pital, colonies de vacances, travaux de voirie et d'assainissement, ch\u00f4mage, difficult\u00e9s financi\u00e8res, etc.). Cette \u00e9vocation d\u00e9passe le plan local. Ce sont les grands \u00e9v\u00e9nements de l'entre-deux-guerres qui ont ici leur \u00e9cho et leurs r\u00e9percussions : formation du Bloc national, cr\u00e9ation et \u00e9volution du PCF, Internationale Communiste, occupation de la Ruhr, Cartel des Gauches, crise \u00e9conomique des ann\u00e9es 30, 6 f\u00e9vrier 1934, Front populaire, guerre d'Espagne, Munich, pacte germano-sovi\u00e9tique, la D\u00e9b\u00e2cle. Il s'agit en fait d'un pan de notre histoire vue de province, o\u00f9 le probl\u00e8me social et celui de la paix et de la guerre s'entrelacent dramatiquement sans trouver alors de solution.","authors":["Denis Coton"],"category_codes":["1000000","1060000","1060200"],"visuals":{"large":"https:\/\/images.epagine.fr\/283\/9782878253283_1_75.jpg","medium":"https:\/\/images.epagine.fr\/283\/9782878253283_1_m.jpg","thumbnail":"https:\/\/images.epagine.fr\/283\/9782878253283_1_v.jpg"},"orderable":true,"show_badge":true,"formatted_price":"46,00&nbsp;\u20ac","formatted_published_date":"5 novembre 2005","publisher_availability_label":"Sur commande","short_details":"Denis Coton \u2014 DOMINIQUE GUENIOT","translator":null,"weight":940,"page_count":604,"readership":null,"editor":"DOMINIQUE GUENIOT","price":4600,"published_date":"2005-11-04T23:00:00.000000Z","support":"Grand format","publisher_availability":1,"stock":0,"editions":[],"url":"https:\/\/quaidesbrumes.com\/ouvrage\/9782878253283\/rene-plard-1888-1946-un-depute-maire-de-troyes-contribution-a-lhistoire-politique-francaise-de-lentre-deux-guerres"},{"id":"9789995254865","title":"Interventions en milieu rural et changement social au Niger ; actions et r\u00e9actions des femmes","description":"De tout temps, les femmes ont jou\u00e9 un r\u00f4le consid\u00e9rable dans les \u00e9conomies nationales. Pourtant, bien que contribuant largement aux revenus familiaux, \u00e0 l'\u00e9conomie rurale et \u00e0 l'\u00e9conomie nationale, le travail des femmes est peu reconnu. La situation des femmes varie selon les pays, les r\u00e9gions, les ethnies, l'\u00e2ge. En revanche, partout leur contribution augmente, leurs charges et leurs fonctions \u00e9conomiques s'accroissent.","authors":["Ouassa Ti\u00e9koura"],"category_codes":["1000000","1060000","1060300"],"visuals":{"large":"https:\/\/images.epagine.fr\/865\/9789995254865_1_75.jpg","medium":"https:\/\/images.epagine.fr\/865\/9789995254865_1_m.jpg","thumbnail":"https:\/\/images.epagine.fr\/865\/9789995254865_1_v.jpg"},"orderable":true,"show_badge":true,"formatted_price":"26,00&nbsp;\u20ac","formatted_published_date":"26 juillet 2013","publisher_availability_label":"Sur commande","short_details":"Ouassa Ti\u00e9koura \u2014 \u00c9ditions L'Harmattan","translator":null,"weight":365,"page_count":230,"readership":null,"editor":"\u00c9ditions L'Harmattan","price":2600,"published_date":"2013-07-25T22:00:00.000000Z","support":"Grand format","publisher_availability":1,"stock":0,"editions":[],"url":"https:\/\/quaidesbrumes.com\/ouvrage\/9789995254865\/interventions-en-milieu-rural-et-changement-social-au-niger-actions-et-reactions-des-femmes"},{"id":"9791091657037","title":"Demain je vais rencontrer ma mere","description":null,"authors":["Racine Sandra"],"category_codes":["1000000","1060000","1060100"],"visuals":{"large":"https:\/\/quaidesbrumes.com\/img\/book-placeholder.png","medium":"https:\/\/quaidesbrumes.com\/img\/book-placeholder.png","thumbnail":"https:\/\/quaidesbrumes.com\/img\/book-placeholder.png"},"orderable":true,"show_badge":true,"formatted_price":"9,50&nbsp;\u20ac","formatted_published_date":"12 ao\u00fbt 2013","publisher_availability_label":"Sur commande","short_details":"Racine Sandra \u2014 Cogito Ergo Sum","translator":null,"weight":250,"page_count":null,"readership":null,"editor":"Cogito Ergo Sum","price":950,"published_date":"2013-08-11T22:00:00.000000Z","support":"Grand format","publisher_availability":1,"stock":0,"editions":[],"url":"https:\/\/quaidesbrumes.com\/ouvrage\/9791091657037\/demain-je-vais-rencontrer-ma-mere"},{"id":"9782332634979","title":"L'\u00e9ducation libre","description":null,"authors":["James Gato"],"category_codes":["1000000","1060000","1060300"],"visuals":{"large":"https:\/\/images.epagine.fr\/979\/9782332634979_1_75.jpg","medium":"https:\/\/images.epagine.fr\/979\/9782332634979_1_m.jpg","thumbnail":"https:\/\/images.epagine.fr\/979\/9782332634979_1_v.jpg"},"orderable":true,"show_badge":true,"formatted_price":"8,50&nbsp;\u20ac","formatted_published_date":"16 d\u00e9cembre 2013","publisher_availability_label":"Sur commande","short_details":"James Gato \u2014 Edilivre","translator":null,"weight":99,"page_count":null,"readership":null,"editor":"Edilivre","price":850,"published_date":"2013-12-15T23:00:00.000000Z","support":"Grand format","publisher_availability":1,"stock":0,"editions":[],"url":"https:\/\/quaidesbrumes.com\/ouvrage\/9782332634979\/leducation-libre"},{"id":"9782866795573","title":"Missionnaire intrepide - paul seitz 1906 - 1984 eveque de komtum (vietnam)","description":"Le rayonnement de cet \u00e9v\u00eaque qui a pass\u00e9 38 ans de sa vie au service des populations pauvres du Vietnam, o\u00f9 sa m\u00e9moire est rest\u00e9e tr\u00e8s vivante, m\u00e9ritait de passer \u00e0 l'Histoire. C'est chose faite gr\u00e2ce \u00e0 cette biographie passionnante.","authors":["De Robien Jean-Louis"],"category_codes":["1000000","1060000","1060100"],"visuals":{"large":"https:\/\/images.epagine.fr\/573\/9782866795573_1_75.jpg","medium":"https:\/\/images.epagine.fr\/573\/9782866795573_1_m.jpg","thumbnail":"https:\/\/images.epagine.fr\/573\/9782866795573_1_v.jpg"},"orderable":true,"show_badge":true,"formatted_price":"24,00&nbsp;\u20ac","formatted_published_date":"1er juillet 2014","publisher_availability_label":"Sur commande","short_details":"De Robien Jean-Louis \u2014 Jubile - Le Sarment Editions","translator":null,"weight":604,"page_count":null,"readership":null,"editor":"Jubile - Le Sarment Editions","price":2400,"published_date":"2014-06-30T22:00:00.000000Z","support":"Grand format","publisher_availability":1,"stock":0,"editions":[],"url":"https:\/\/quaidesbrumes.com\/ouvrage\/9782866795573\/missionnaire-intrepide-paul-seitz-1906-1984-eveque-de-komtum-vietnam"},{"id":"9782915682335","title":"N'abandonnons jamais ! choisissons la vie","description":null,"authors":["Juliette R\u00e9gnier"],"category_codes":["1000000","1060000","1060200"],"visuals":{"large":"https:\/\/quaidesbrumes.com\/img\/book-placeholder.png","medium":"https:\/\/quaidesbrumes.com\/img\/book-placeholder.png","thumbnail":"https:\/\/quaidesbrumes.com\/img\/book-placeholder.png"},"orderable":true,"show_badge":true,"formatted_price":"20,00&nbsp;\u20ac","formatted_published_date":"18 d\u00e9cembre 2013","publisher_availability_label":"Sur commande","short_details":"Juliette R\u00e9gnier \u2014 L'Atelier De La Memoire","translator":null,"weight":375,"page_count":null,"readership":null,"editor":"L'Atelier De La Memoire","price":2000,"published_date":"2013-12-17T23:00:00.000000Z","support":"Grand format","publisher_availability":1,"stock":0,"editions":[],"url":"https:\/\/quaidesbrumes.com\/ouvrage\/9782915682335\/nabandonnons-jamais-choisissons-la-vie"},{"id":"9782762136036","title":"Voulons-nous d'un monde d\u00e9sincarn\u00e9 ? ; promesses et menaces de la cyberculture","description":"Notre \u00e9poque comporte des dangers, de nouveaux dangers. Les travaux actuels sur le corps et le d\u00e9veloppement de l'informatique modifient notre rapport au r\u00e9el. On rompt avec la mati\u00e8re, avec la \u00ab vie vivante \u00bb, on vit de plus en plus dans le virtuel. Mais si les mutations qui traversent notre monde semblent mena\u00e7antes, elles ne sont pas d\u00e9pourvues de promesses. Notre \u00e9poque nous place devant notre propre responsabilit\u00e9, notre devoir - en tant qu'hommes, en tant que femmes, en tant que citoyens - de tout faire pour qu'adviennent les promesses de notre temps et pour en conjurer les menaces. Devant ces d\u00e9fis, Jean-Claude Guillebaud nous invite \u00e0 puiser dans la tradition chr\u00e9tienne et \u00e0 red\u00e9couvrir les possibles que rec\u00e8le l'id\u00e9e d'incarnation. Fr\u00e9quenter la pens\u00e9e de Jean-Claude Guillebaud, c'est profiter d'une pens\u00e9e diff\u00e9rente, en mouvement. C'est profiter d'un regard inform\u00e9, lucide, optimiste, qui nous am\u00e8ne ailleurs.\r","authors":["Jean-claude Guillebaud"],"category_codes":["1000000","1060000","1060300"],"visuals":{"large":"https:\/\/images.epagine.fr\/036\/9782762136036_1_75.jpg","medium":"https:\/\/images.epagine.fr\/036\/9782762136036_1_m.jpg","thumbnail":"https:\/\/images.epagine.fr\/036\/9782762136036_1_v.jpg"},"orderable":true,"show_badge":true,"formatted_price":"13,00&nbsp;\u20ac","formatted_published_date":"3 juillet 2014","publisher_availability_label":"Sur commande","short_details":"Jean-claude Guillebaud \u2014 FIDES","translator":null,"weight":84,"page_count":80,"readership":null,"editor":"FIDES","price":1300,"published_date":"2014-07-02T22:00:00.000000Z","support":"Grand format","publisher_availability":1,"stock":0,"editions":[],"url":"https:\/\/quaidesbrumes.com\/ouvrage\/9782762136036\/voulons-nous-dun-monde-desincarne-promesses-et-menaces-de-la-cyberculture"},{"id":"9791093255316","title":"Charleville - dans les pas de rimbaud","description":"Ce guide - oui c'est bien de \u00e7a qu'il s'agit - se promet d'inventorier les lieux o\u00f9 Rimbaud a v\u00e9cu en compagnie de sa famille, s'est fait voleur de feu, a \u00e9crit. Ce livre nous propose entre anecdotes historiques, tranches de vie, description de lieux, extraits de po\u00e8mes et raison de leur \u00e9criture jamais gratuite, de d\u00e9couvrir une part de sa vie, d'approfondir la connaissance des \u00abtemples\u00bb d\u00e9di\u00e9s \u00e0 sa m\u00e9moire et son mythe. Charleville et le po\u00e8te Arthur Rimbaud, c'est beaucoup plus qu'un instant de recueillement sur sa tombe, une \u00e9tape devant la plaque du 1 rue Thiers, devenue - il \u00e9tait temps - B\u00e9r\u00e9govoy, un autre \u00e0 la m\u00e9diath\u00e8que portant son nom pour finir au mus\u00e9e du Vieux Moulin et \u00e0 la Maison des Ailleurs situ\u00e9e en face. Tout cela avant de pousser jusqu'\u00e0 Roche.Ce petit bouquin, abondamment illustr\u00e9, en propose beaucoup plus sur le Rimbaud de Charleville. Alors bonne d\u00e9couverte.","authors":["Germonville J-P."],"category_codes":["1000000","1060000","1060200"],"visuals":{"large":"https:\/\/images.epagine.fr\/316\/9791093255316_1_75.jpg","medium":"https:\/\/images.epagine.fr\/316\/9791093255316_1_m.jpg","thumbnail":"https:\/\/images.epagine.fr\/316\/9791093255316_1_v.jpg"},"orderable":true,"show_badge":true,"formatted_price":"20,00&nbsp;\u20ac","formatted_published_date":"20 juillet 2022","publisher_availability_label":"Sur commande","short_details":"Germonville J-P. \u2014 Nereiah","translator":null,"weight":350,"page_count":null,"readership":null,"editor":"Nereiah","price":2000,"published_date":"2022-07-19T22:00:00.000000Z","support":"Grand format","publisher_availability":1,"stock":0,"editions":[],"url":"https:\/\/quaidesbrumes.com\/ouvrage\/9791093255316\/charleville-dans-les-pas-de-rimbaud"},{"id":"9782824913056","title":"Blaise Cendrars","description":"\u00ab La vie et l'oeuvre de Cendrars sont si \u00e9troitement li\u00e9es, que la moindre \u00e9tude sur ses po\u00e8mes, sur ses romans et ses chroniques qui en r\u00e9sument le contenu spirituel, en m\u00eame temps qu'elles constituent un genre litt\u00e9raire absolument nouveau, est tenue de se reporter \u00e0 sa biographie. Sans les \u00e9claircissements que celle-ci nous apporte, bon nombre de pages risqueraient de demeurer lettre morte, ou tout au moins, de nous para\u00eetre les fruits d'une imagination excessive, alors qu'elles ne sont le plus souvent que des souvenirs \u00e0 peine romanc\u00e9s. [...] L'histoire de cette oeuvre est donc en m\u00eame temps celle de la vie multiforme, ardente et d\u00e9sordonn\u00e9e en apparence seulement, de ce po\u00e8te dont l'oeuvre grandit \u00e0 mesure qu'il recule dans le temps. \u00bb\r\nLouis Parrot","authors":["Louis Parrot"],"category_codes":["1000000","1060000"],"visuals":{"large":"https:\/\/images.epagine.fr\/056\/9782824913056_1_75.jpg","medium":"https:\/\/images.epagine.fr\/056\/9782824913056_1_m.jpg","thumbnail":"https:\/\/images.epagine.fr\/056\/9782824913056_1_v.jpg"},"orderable":true,"show_badge":true,"formatted_price":"14,00&nbsp;\u20ac","formatted_published_date":"2 avril 2024","publisher_availability_label":"Sur commande","short_details":"Louis Parrot \u2014 La Republique Des Lettres","translator":null,"weight":169,"page_count":152,"readership":null,"editor":"La Republique Des Lettres","price":1400,"published_date":"2024-04-01T22:00:00.000000Z","support":"Grand format","publisher_availability":1,"stock":0,"editions":[],"url":"https:\/\/quaidesbrumes.com\/ouvrage\/9782824913056\/blaise-cendrars"},{"id":"9782315005031","title":"Suppl\u00e9ment d'\u00e2me ; trisomie 21, le chromosome en +","description":"Jamais pareils t\u00e9moignages n'avaient \u00e9t\u00e9 recueillis et r\u00e9unis. Dix personnes trisomiques ont accept\u00e9 de nous faire partager une journ\u00e9e compl\u00e8te de leur vie.\r\nIl en ressort dix portraits sensibles, souvent surprenants, r\u00e9alis\u00e9s sur le vif et sans compassion, qui donnent \u00e0 voir les talents, la joie de vivre, les difficult\u00e9s et les espoirs d'\u00eatres diff\u00e9rents de la norme. D'\u00eatres si diff\u00e9rents entre eux. \r\nJean-Paul, 62 ans est un retrait\u00e9 combl\u00e9 ; Julien, un artiste peintre prim\u00e9 ; St\u00e9phanie, une espi\u00e8gle biblioth\u00e9caire ; \u00c9l\u00e9onore, la Porte-parole de l'association \u00e9ponyme et auteur chez Max Milo du t\u00e9moignage L\u00e2chez-moi le g\u00e8ne !...\r\nQuatre autres personnalit\u00e9s non moins \u00ab extraordinaires \u00bb (une philosophe, un \u00e9crivain, un homme d'\u00c9tat, un avocat) ont accept\u00e9, elles aussi, de se pr\u00eater au jeu. Elles nous ont autoris\u00e9s \u00e0 observer leur quotidien, sans occulter les obstacles ou les instants de doute. Leurs engagements, leurs libres propos et leurs analyses nous donnent \u00e0 r\u00e9fl\u00e9chir sur nos pr\u00e9jug\u00e9s et sur le regard que nous portons les uns sur les autres.\r\nAu total, quatorze r\u00e9cits pour accueillir avec humanit\u00e9 la trisomie 21 et toutes nos diff\u00e9rences.\r","authors":["Collectif"],"category_codes":["1000000","1060000","1060300"],"visuals":{"large":"https:\/\/images.epagine.fr\/031\/9782315005031_1_75.jpg","medium":"https:\/\/images.epagine.fr\/031\/9782315005031_1_m.jpg","thumbnail":"https:\/\/images.epagine.fr\/031\/9782315005031_1_v.jpg"},"orderable":true,"show_badge":true,"formatted_price":"30,00&nbsp;\u20ac","formatted_published_date":"20 mars 2014","publisher_availability_label":"Sur commande","short_details":"Collectif \u2014 MAX MILO","translator":null,"weight":1040,"page_count":128,"readership":null,"editor":"MAX MILO","price":3000,"published_date":"2014-03-19T23:00:00.000000Z","support":"Grand format","publisher_availability":1,"stock":0,"editions":[],"url":"https:\/\/quaidesbrumes.com\/ouvrage\/9782315005031\/supplement-dame-trisomie-21-le-chromosome-en"},{"id":"9782343017532","title":"Violences de masse, reconstruction psychique et des liens sociaux ; initiative de d\u00e9veloppement de la sant\u00e9 mentale dans la r\u00e9gion des Grands Lacs","description":"Cet ouvrage collectif d\u00e9veloppe les pr\u00e9sentations faites lors de la troisi\u00e8me conf\u00e9rence internationale de la Sant\u00e9 Mentale \u00e0 Kigali, organis\u00e9e en novembre 2012 par la Division de la Sant\u00e9 Mentale et l'Universit\u00e9 Libre de Bruxelles. Cette rencontre de haut niveau s'inscrivait dans la lign\u00e9e des r\u00e9flexions autour de la reconstruction psychique et sociale dans le contexte particulier des violences de masse perp\u00e9tu\u00e9es chez les populations de la r\u00e9gion des Grands Lacs Africains.\r","authors":["Collectif"],"category_codes":["1000000","1060000","1060300"],"visuals":{"large":"https:\/\/images.epagine.fr\/532\/9782343017532_1_75.jpg","medium":"https:\/\/images.epagine.fr\/532\/9782343017532_1_m.jpg","thumbnail":"https:\/\/images.epagine.fr\/532\/9782343017532_1_v.jpg"},"orderable":true,"show_badge":true,"formatted_price":"28,00&nbsp;\u20ac","formatted_published_date":"24 octobre 2013","publisher_availability_label":"Sur commande","short_details":"Collectif \u2014 \u00c9ditions L'Harmattan","translator":null,"weight":335,"page_count":268,"readership":null,"editor":"\u00c9ditions L'Harmattan","price":2800,"published_date":"2013-10-23T22:00:00.000000Z","support":"Grand format","publisher_availability":1,"stock":0,"editions":[],"url":"https:\/\/quaidesbrumes.com\/ouvrage\/9782343017532\/violences-de-masse-reconstruction-psychique-et-des-liens-sociaux-initiative-de-developpement-de-la-sante-mentale-dans-la-region-des-grands-lacs"},{"id":"9782806101129","title":"Canadiens en Europe ; \u00e9laboration d'un programme psychosocial d'appui \u00e0 l'adaptation","description":"La r\u00e9ussite comme l'\u00e9chec d'une affectation de Canadiens en Europe pr\u00e9sente un int\u00e9r\u00eat incontestable pour la sant\u00e9 des militaires et de leurs familles. A partir d'\u00e9tudes de terrain, cet ouvrage analyse la qualit\u00e9 de vie, la capacit\u00e9 \u00e0 g\u00e9rer les probl\u00e8mes et la part des facteurs psychologiques, culturels et environnementaux impliqu\u00e9s. Un programme de pr\u00e9paration socio\u00e9ducatif est mis au point. Riche d'enseignements, son \u00e9valuation montre qu'il peut servir de mod\u00e8le \u00e0 d'autres r\u00e9alit\u00e9s sociales.\r","authors":["Dave Blackburn"],"category_codes":["1000000","1060000","1060300"],"visuals":{"large":"https:\/\/images.epagine.fr\/129\/9782806101129_1_75.jpg","medium":"https:\/\/images.epagine.fr\/129\/9782806101129_1_m.jpg","thumbnail":"https:\/\/images.epagine.fr\/129\/9782806101129_1_v.jpg"},"orderable":true,"show_badge":true,"formatted_price":"38,00&nbsp;\u20ac","formatted_published_date":"30 septembre 2013","publisher_availability_label":"Sur commande","short_details":"Dave Blackburn \u2014 ACADEMIA","translator":null,"weight":365,"page_count":300,"readership":null,"editor":"ACADEMIA","price":3800,"published_date":"2013-09-29T22:00:00.000000Z","support":"Grand format","publisher_availability":1,"stock":0,"editions":[],"url":"https:\/\/quaidesbrumes.com\/ouvrage\/9782806101129\/canadiens-en-europe-elaboration-dun-programme-psychosocial-dappui-a-ladaptation"},{"id":"9782332604675","title":"Autobiographie d'une inconnue ou tout ce que vous ne m'avez pas demand\u00e9...","description":null,"authors":["Charlotte Pinceau"],"category_codes":["1000000","1060000","1060200"],"visuals":{"large":"https:\/\/images.epagine.fr\/675\/9782332604675_1_75.jpg","medium":"https:\/\/images.epagine.fr\/675\/9782332604675_1_m.jpg","thumbnail":"https:\/\/images.epagine.fr\/675\/9782332604675_1_v.jpg"},"orderable":true,"show_badge":true,"formatted_price":"16,00&nbsp;\u20ac","formatted_published_date":"23 d\u00e9cembre 2013","publisher_availability_label":"Sur commande","short_details":"Charlotte Pinceau \u2014 Edilivre","translator":null,"weight":240,"page_count":null,"readership":null,"editor":"Edilivre","price":1600,"published_date":"2013-12-22T23:00:00.000000Z","support":"Grand format","publisher_availability":1,"stock":0,"editions":[],"url":"https:\/\/quaidesbrumes.com\/ouvrage\/9782332604675\/autobiographie-dune-inconnue-ou-tout-ce-que-vous-ne-mavez-pas-demande"},{"id":"9782322033805","title":"La d\u00e9mocratie et moi ; un crottin de Chavignol et une trousse \u00e0 outils pour la route !","description":"Quel rapport entre les v\u00e9los et les gr\u00e8ves, entre le mouvement et l'arr\u00eat sur l'image, entre l'action et la contemplation du temps de cette action ?\r\n\r\nPuis quel rapport entre le r\u00eave de vie et la vie, entre le r\u00eave d'amour et l'amour ?\r\n\r\nL'amour de soi, pour \u00eatre capable d\u00bfaimer les autres, l'amour de son quartier, pour s'ouvrir sur le reste du territoire et du monde, l'amour pour l'autre, que l'on a choisi, directement ou indirectement, l'amour comme seule solution ?\r\n\r\nJe vous invite \u00e0 regarder \u00e7a \u00e0 travers des diff\u00e9rentes illustrations de notre vie et de notre imaginaire de tous les jours.\r","authors":["Mircea Matescot"],"category_codes":["1000000","1060000","1060300"],"visuals":{"large":"https:\/\/images.epagine.fr\/805\/9782322033805_1_75.jpg","medium":"https:\/\/images.epagine.fr\/805\/9782322033805_1_m.jpg","thumbnail":"https:\/\/images.epagine.fr\/805\/9782322033805_1_v.jpg"},"orderable":true,"show_badge":true,"formatted_price":"6,90&nbsp;\u20ac","formatted_published_date":"2 octobre 2013","publisher_availability_label":"Sur commande","short_details":"Mircea Matescot \u2014 Books on Demand","translator":null,"weight":201,"page_count":68,"readership":null,"editor":"Books on Demand","price":690,"published_date":"2013-10-01T22:00:00.000000Z","support":"Grand format","publisher_availability":1,"stock":0,"editions":[],"url":"https:\/\/quaidesbrumes.com\/ouvrage\/9782322033805\/la-democratie-et-moi-un-crottin-de-chavignol-et-une-trousse-a-outils-pour-la-route"}]}