{"data":[{"id":"9782357630147","title":"Dans les pas de Moselly","description":"\u00ff\u00fePour les plus anciens, Moselly, alias \u00c9mile Ch\u00e9nin, c'est le souvenir lointain de dict\u00e9es et d'exercices de grammaire..., il est aussi un des rares \u00e9crivains lorrains \u00e0 s'\u00eatre vu attribuer le prix Goncourt ; ce qui lui valut une reconnaissance nationale. Pour les plus jeunes et les autres, il peut \u00eatre la d\u00e9couverte d'une \u00e9criture empreinte de valeurs familiales, de l'amour de la nature et la fiert\u00e9 d'\u00eatre Lorrain. Par cet ouvrage, publi\u00e9 \u00e0 l'occasion du soixanti\u00e8me anniversaire du Prix Moselly, le Cercle d'\u00c9tudes Locales du Toulois nous convie \u00e0 une promenade dans la campagne lorraine par les chemins nostalgiques des souvenirs de l'enfance et de l'adolescence de l'\u00e9crivain pass\u00e9es \u00e0 Chaudeney-sur-Moselle et \u00e0 Toul. Chantre de la Lorraine en litt\u00e9rature, comme le fut Jules Bastien-Lepage en peinture, les extraits de l'oeuvre d'\u00c9mile Moselly s\u00e9lectionn\u00e9s sont ici richement illustr\u00e9s par des tableaux issus de diff\u00e9rents mus\u00e9es de Lorraine. S'y ajoutent trois nouvelles dont une in\u00e9dite. Red\u00e9couvrons avec lui les paysages et les gens de ce Toulois qu'il a tant aim\u00e9s. Certes, les ann\u00e9es ont pass\u00e9 mais la beaut\u00e9 de nos contr\u00e9es et le coeur des Lorrains sont rest\u00e9s les m\u00eames. Ainsi, retrouvons, au rythme deses pas, le secret d'un bonheur simple.","authors":["Celt"],"category_codes":["1000000","1060000","1060300"],"visuals":{"large":"https:\/\/images.epagine.fr\/147\/9782357630147_1_75.jpg","medium":"https:\/\/images.epagine.fr\/147\/9782357630147_1_m.jpg","thumbnail":"https:\/\/images.epagine.fr\/147\/9782357630147_1_v.jpg"},"orderable":true,"show_badge":true,"formatted_price":"9,00&nbsp;\u20ac","formatted_published_date":"4 mai 2010","publisher_availability_label":"Sur commande","short_details":"Celt \u2014 Gerard Louis","translator":null,"weight":550,"page_count":128,"readership":null,"editor":"Gerard Louis","price":900,"published_date":"2010-05-03T22:00:00.000000Z","support":"Grand format","publisher_availability":1,"stock":0,"editions":[],"url":"https:\/\/quaidesbrumes.com\/ouvrage\/9782357630147\/dans-les-pas-de-moselly"},{"id":"9782234061842","title":"Le dernier poilu ; Lazare Ponticelli (1897\/2008)","description":"Le nom de Ponticelli restera d\u00e9sormais dans l'Histoire comme celui du dernier t\u00e9moin des atrocit\u00e9s de la Premi\u00e8re Guerre mondiale. On sait moins qu'il figure, plus discr\u00e8tement il est vrai, dans les annales du monde \u00e9conomique et industriel fran\u00e7ais. Car la vie extraordinaire de Lazare Ponticelli ne se r\u00e9sume pas \u00e0 ses faits d'armes, ses six ans de mobilisation, sa \u00ab croix de guerre \u00bb italienne .Lazare ne sait ni lire ni \u00e9crire et ne parle pas fran\u00e7ais lorsque, \u00e0 l'\u00e2ge de 9 ans, il fuit la mis\u00e8re de son Italie natale pour rejoindre, seul, sa m\u00e8re et ses deux fr\u00e8res \u00e0 Paris. Apr\u00e8s l'\u00e9preuve de 14-18, les trois fr\u00e8res travaillent dur comme ramoneurs. Analphab\u00e8tes, leurs mains d\u00e9bordent d'intelligence et leurs muscles de courage. Ils cr\u00e9ent une entreprise de montage et d'entretien de chemin\u00e9es d'usine. Apr\u00e8s la seconde guerre mondiale durant laquelle les fr\u00e8res apportent leur contribution \u00e0 la R\u00e9sistance, la soci\u00e9t\u00e9 Ponticelli diversifie ses activit\u00e9s, emploie des milliers de personnes, ouvre plusieurs agences \u00e0 l'\u00e9tranger et en province dont une en 1955 \u00e0 Bassens, en Gironde, o\u00f9 le groupe emploie aujourd'hui 250 personnes. \r\nMalgr\u00e9 son ascension sociale, l'homme n'a jamais quitt\u00e9 son petit pavillon du Kremlin-Bic\u00eatre, o\u00f9 il s'\u00e9tait install\u00e9 en 1922. Plus que centenaire, il y vivait seul, faisant tous les jours son march\u00e9 et lisant les chroniques \u00e9conomiques des journaux pour boursicoter, lui qui avait veill\u00e9 \u00e0 ce que sa soci\u00e9t\u00e9 ne soit jamais cot\u00e9e en Bourse ! \r\nEn 1996, il obtient la L\u00e9gion d'honneur. Son dernier d\u00e9fi \u00e9tait d'\u00eatre \u00ab le der des ders \u00bb, il l'a r\u00e9ussi : il meurt le 12 mars 2008 \u00e0 l'\u00e2ge de 110 ans, trois semaines apr\u00e8s l'avant-dernier, Louis de Cazenave. .","authors":["V\u00e9ronique Fourcade"],"category_codes":["1000000","1060000","1060100"],"visuals":{"large":"https:\/\/images.epagine.fr\/842\/9782234061842_1_75.jpg","medium":"https:\/\/images.epagine.fr\/842\/9782234061842_1_m.jpg","thumbnail":"https:\/\/images.epagine.fr\/842\/9782234061842_1_v.jpg"},"orderable":true,"show_badge":true,"formatted_price":"22,50&nbsp;\u20ac","formatted_published_date":"22 octobre 2008","publisher_availability_label":"Sur commande","short_details":"V\u00e9ronique Fourcade \u2014 Stock","translator":null,"weight":267,"page_count":230,"readership":"Tout public","editor":"Stock","price":2250,"published_date":"2008-10-21T22:00:00.000000Z","support":"Grand format","publisher_availability":1,"stock":0,"editions":["9782848682587"],"url":"https:\/\/quaidesbrumes.com\/ouvrage\/9782234061842\/le-dernier-poilu-lazare-ponticelli-18972008"},{"id":"9782847663228","title":"Genealogie de la famille de lusignan","description":null,"authors":["Jean Delorme"],"category_codes":["1000000","1060000","1060300"],"visuals":{"large":"https:\/\/quaidesbrumes.com\/img\/book-placeholder.png","medium":"https:\/\/quaidesbrumes.com\/img\/book-placeholder.png","thumbnail":"https:\/\/quaidesbrumes.com\/img\/book-placeholder.png"},"orderable":true,"show_badge":true,"formatted_price":"20,00&nbsp;\u20ac","formatted_published_date":"14 mars 2006","publisher_availability_label":"Sur commande","short_details":"Jean Delorme \u2014 Editions Genealogiques De La Voute","translator":null,"weight":200,"page_count":null,"readership":null,"editor":"Editions Genealogiques De La Voute","price":2000,"published_date":"2006-03-13T23:00:00.000000Z","support":"Grand format","publisher_availability":1,"stock":0,"editions":[],"url":"https:\/\/quaidesbrumes.com\/ouvrage\/9782847663228\/genealogie-de-la-famille-de-lusignan"},{"id":"9782296054707","title":"Autobiographie spirituelle","description":"Autobiographie Spirituelle : \u00e9mouvant et fulgurant Dans des carnets\r\nconfi\u00e9s \u00e0 son amie Jeanne Gerval ARouff, Malcolm de Chazal retrace, en des\r\nphrases fulgurantes et souvent \u00e9mouvantes, sa vie depuis sa \u00ab pr\u00e9naissance\r\n\u00bb jusqu'\u00e0 son immersion solitaire dans l'\u00e9criture et la peinture. Il parle de sa naissance au milieu des camphriers, de son enfance \u00e0 l'\u00cele Maurice et de ses \u00e9tudes en Louisiane. Il magnifie sa d\u00e9couverte des fleurs et des paysages qui lui r\u00e9v\u00e8lent sa v\u00e9ritable identit\u00e9. Au terme d'un bilan o\u00f9 il revient sur son oeuvre et ses relations avec le milieu litt\u00e9raire parisien - dont Jean Paulhan - il s'interroge sur la n\u00e9cessit\u00e9 de se d\u00e9livrer de soi-m\u00eame et, pour l'homme d'aujourd'hui, de s'ouvrir \u00e0 nouveau sur le cosmique. Chaque page du texte\r\nest pr\u00e9sent\u00e9e en face du fac-simil\u00e9 du manuscrit correspondant.\r\nL'ouvrage s'ouvre sur une \u00ab Lettre \u00e0 Malcolm \u00bb par Jeanne Gerval ARouff. Il se conclut par une biographie, la plus compl\u00e8te \u00e0 ce jour, de l'auteur par Robert Furlong, sp\u00e9cialiste de Chazal, et une analyse, par Christophe Cassiau-Haurie, conservateur de biblioth\u00e8que \u00e0 l'Ile Maurice, de l'\u00e9cho de son oeuvre depuis sa mort.","authors":["Malcolm de Chazal"],"category_codes":["1000000","1060000","1060100"],"visuals":{"large":"https:\/\/images.epagine.fr\/707\/9782296054707_1_75.jpg","medium":"https:\/\/images.epagine.fr\/707\/9782296054707_1_m.jpg","thumbnail":"https:\/\/images.epagine.fr\/707\/9782296054707_1_v.jpg"},"orderable":true,"show_badge":true,"formatted_price":"13,00&nbsp;\u20ac","formatted_published_date":"26 juin 2008","publisher_availability_label":"Sur commande","short_details":"Malcolm de Chazal \u2014 \u00c9ditions L'Harmattan","translator":null,"weight":155,"page_count":108,"readership":null,"editor":"\u00c9ditions L'Harmattan","price":1300,"published_date":"2008-06-25T22:00:00.000000Z","support":"Grand format","publisher_availability":1,"stock":0,"editions":[],"url":"https:\/\/quaidesbrumes.com\/ouvrage\/9782296054707\/autobiographie-spirituelle"},{"id":"9782296076594","title":"L'art d'inexister","description":"C'est la couleur des r\u00eaves\r\ncela ne ressemble \u00e0 rien d'autre.\r\nUne sorte de parenth\u00e8se, \r\nune attente po\u00e9tique, \r\nen nous et au-dehors,\r\ns'\u00e9chapper de soi\r\npour se reconna\u00eetre.","authors":["Erwann Gauthier"],"category_codes":["1000000","1060000","1060300"],"visuals":{"large":"https:\/\/images.epagine.fr\/594\/9782296076594_1_75.jpg","medium":"https:\/\/images.epagine.fr\/594\/9782296076594_1_m.jpg","thumbnail":"https:\/\/images.epagine.fr\/594\/9782296076594_1_v.jpg"},"orderable":true,"show_badge":true,"formatted_price":"8,00&nbsp;\u20ac","formatted_published_date":"24 d\u00e9cembre 2008","publisher_availability_label":"Sur commande","short_details":"Erwann Gauthier \u2014 \u00c9ditions L'Harmattan","translator":null,"weight":75,"page_count":null,"readership":null,"editor":"\u00c9ditions L'Harmattan","price":800,"published_date":"2008-12-23T23:00:00.000000Z","support":"Grand format","publisher_availability":1,"stock":0,"editions":[],"url":"https:\/\/quaidesbrumes.com\/ouvrage\/9782296076594\/lart-dinexister"},{"id":"9782296112742","title":"Ce n'est pas la rue qui gouverne ; ou l'impromptu de nulle part et de n'importe o\u00f9","description":"\"L'\u00eele des esclaves\" est une sorte de R\u00e9publique ayant pour devise : \"Un pr\u00e9sident fort pour un peuple fort\". Et le fait est que chaque jour, sur tous les \u00e9crans de t\u00e9l\u00e9vision, le pr\u00e9sident est l\u00e0 plut\u00f4t deux fois qu'une ; il pr\u00e9tend notamment \u00eatre le seul \u00e0 pouvoir r\u00e9gler tous les probl\u00e8mes avec une arrogance imb\u00e9cile qui r\u00e9v\u00e8le avant tout son insignifiance\".  Comme un peu partout dans le monde, en raison de la crise, sur l'\u00eele des esclaves, c'est un peu la pagaille. Certains disent qu'il serait temps de convoquer les \u00e9tats g\u00e9n\u00e9raux pour essayer d'y voir un peu plus clair.","authors":["Karim"],"category_codes":["1000000","1060000","1060300"],"visuals":{"large":"https:\/\/images.epagine.fr\/742\/9782296112742_1_75.jpg","medium":"https:\/\/images.epagine.fr\/742\/9782296112742_1_m.jpg","thumbnail":"https:\/\/images.epagine.fr\/742\/9782296112742_1_v.jpg"},"orderable":true,"show_badge":true,"formatted_price":"12,00&nbsp;\u20ac","formatted_published_date":"27 janvier 2010","publisher_availability_label":"Sur commande","short_details":"Karim \u2014 \u00c9ditions L'Harmattan","translator":null,"weight":105,"page_count":null,"readership":null,"editor":"\u00c9ditions L'Harmattan","price":1200,"published_date":"2010-01-26T23:00:00.000000Z","support":"Grand format","publisher_availability":1,"stock":0,"editions":[],"url":"https:\/\/quaidesbrumes.com\/ouvrage\/9782296112742\/ce-nest-pas-la-rue-qui-gouverne-ou-limpromptu-de-nulle-part-et-de-nimporte-ou"},{"id":"9782912753243","title":"Sur le pessimisme ; r\u00e9ponse \u00e0 Leopardi","description":"Si le choix nous en \u00e9tait donn\u00e9, serions-nous pr\u00eats \u00e0 revivre exactement notre vie comme nous l'avons connue\u00a0oe Ou refuserions-nous, au contraire, de recommencer ce qui s'est pass\u00e9\u00a0oe Quelle autre vie voudrions-nous revivre\u00a0oe\r\nJean-Marie Guyau  (1854-1895) a \u00e9t\u00e9 qualifi\u00e9 de \u00ab\u00a0Nietzsche fran\u00e7ais\u00a0\u00bb et de \u00ab\u00a0savant au coeur d'enfant\u00a0\u00bb. Quoique boud\u00e9 par les historiens de la philosophie, il est un des \u00e9crivains, penseurs et moralistes originaux du XIX\u00b0 si\u00e8cle en France.","authors":["Jean-marie Guyau"],"category_codes":["1000000","1060000","1060300"],"visuals":{"large":"https:\/\/images.epagine.fr\/243\/9782912753243_1_75.jpg","medium":"https:\/\/images.epagine.fr\/243\/9782912753243_1_m.jpg","thumbnail":"https:\/\/images.epagine.fr\/243\/9782912753243_1_v.jpg"},"orderable":true,"show_badge":true,"formatted_price":"5,60&nbsp;\u20ac","formatted_published_date":"15 septembre 2006","publisher_availability_label":"Sur commande","short_details":"Jean-marie Guyau \u2014 Editions La Breche","translator":null,"weight":31,"page_count":21,"readership":null,"editor":"Editions La Breche","price":560,"published_date":"2006-09-14T22:00:00.000000Z","support":"Poche","publisher_availability":1,"stock":0,"editions":[],"url":"https:\/\/quaidesbrumes.com\/ouvrage\/9782912753243\/sur-le-pessimisme-reponse-a-leopardi"},{"id":"9782746612778","title":"La course aux trap\u00e8zes volants... l'exploit de Jules L\u00e9otard !","description":"Les ouvrages sur le cirque sont rares, encore plus ceux autour du trap\u00e8ze volant. Mais une petite merveille vient d'\u00eatre publi\u00e9e \u00e0 propos de l'inventeur de cette discipline, Jules L\u00e9otard. L'homme volant a \u00e9merveill\u00e9 le monde entier de New York \u00e0 Saint P\u00e9tersbourg au cours du XIX\u00e8me si\u00e8cle. Cette biographie abondante en iconographie et document\u00e9e avec richesse par son arri\u00e8re petite-fille ravira les fans de cirque.\r\nEn 2009, le cirque d'hiver a c\u00e9l\u00e9br\u00e9 les 150 ans de la cr\u00e9ation du trap\u00e8ze volant.\r\nLe livre est \u00e0 la hauteur de la carri\u00e8re de ce prodigieux acrobate.\r\nDu travail de haut-vol !","authors":["Pierre Lartigue"],"category_codes":["1000000","1060000","1060300"],"visuals":{"large":"https:\/\/quaidesbrumes.com\/img\/book-placeholder.png","medium":"https:\/\/quaidesbrumes.com\/img\/book-placeholder.png","thumbnail":"https:\/\/quaidesbrumes.com\/img\/book-placeholder.png"},"orderable":true,"show_badge":true,"formatted_price":"35,00&nbsp;\u20ac","formatted_published_date":"15 d\u00e9cembre 2009","publisher_availability_label":"Sur commande","short_details":"Pierre Lartigue \u2014 Pierre Lartigue","translator":null,"weight":600,"page_count":null,"readership":null,"editor":"Pierre Lartigue","price":3500,"published_date":"2009-12-14T23:00:00.000000Z","support":"Grand format","publisher_availability":1,"stock":0,"editions":[],"url":"https:\/\/quaidesbrumes.com\/ouvrage\/9782746612778\/la-course-aux-trapezes-volants-lexploit-de-jules-leotard"},{"id":"9782810600892","title":"Les souvenirs du deuil","description":"Lundi 17 janvier 1994.\r\nCe qui aurait d\u00fb \u00eatre un jour comme les autres devient, en quelques secondes, le jour le plus sombre de ma vie : mon p\u00e8re vient de mourir. J'ai 17 ans et demi et mon monde s'\u00e9croule. Il me faudra trois ans et demi pour effectuer le deuil de cette disparition. Ce r\u00e9cit est une plong\u00e9e au coeur de cette p\u00e9riode, au coeur de mes souvenirs de souffrance, d'errance et de reconstruction. Une reconstruction qui passera par des \u00e9pop\u00e9es amicales fabuleuses et par la d\u00e9couverte de la fureur du Rock'n'roll.\r\nCe livre est la bande originale d'une partie de ma vie.\r\n","authors":["Emmanuel Magnant"],"category_codes":["1000000","1060000","1060300"],"visuals":{"large":"https:\/\/images.epagine.fr\/892\/9782810600892_1_75.jpg","medium":"https:\/\/images.epagine.fr\/892\/9782810600892_1_m.jpg","thumbnail":"https:\/\/images.epagine.fr\/892\/9782810600892_1_v.jpg"},"orderable":true,"show_badge":true,"formatted_price":"8,00&nbsp;\u20ac","formatted_published_date":"16 juillet 2008","publisher_availability_label":"Sur commande","short_details":"Emmanuel Magnant \u2014 Books on Demand","translator":null,"weight":118,"page_count":104,"readership":null,"editor":"Books on Demand","price":800,"published_date":"2008-07-15T22:00:00.000000Z","support":"Grand format","publisher_availability":1,"stock":0,"editions":[],"url":"https:\/\/quaidesbrumes.com\/ouvrage\/9782810600892\/les-souvenirs-du-deuil"},{"id":"9782748046281","title":"Et tout commen\u00e7a par... des chansons...! ou l'histoire d'une petite fille pendant la seconde guerre mondiale","description":"L'auteur nous pr\u00e9sente ici une histoire captivante, blottie dans son coeur depuis plus de cinquante ans.\r\nPourtant la fra\u00eecheur des sentiments n'a pas pris une ride. On retrouve parfaitement la spontan\u00e9it\u00e9 et l'insouciance de la jeunesse.\r\nAu fil de la lecture, on d\u00e9couvrira que la d\u00e9sinvolture apparente de Maryvonne, est en r\u00e9alit\u00e9 la force qui lui a permis de m\u00fbrir doucement, malgr\u00e9 les rigueurs d'une \u00e9poque tourment\u00e9e.\r\nToutes ses espi\u00e8gleries, ses \u00e9clats de rire et ses sentiments spontan\u00e9s, qui \u00e9clatent en gerbes de malice, sont pour ses parents, autant de merveilleux rayons de soleil, illuminant les journ\u00e9es diffi ciles de la guerre.\r\nLes traits de caract\u00e8res des personnages qui l'entourent sont pr\u00e9sent\u00e9s d'une mani\u00e8re simple et sinc\u00e8re, au travers de la vision pure de l'enfance. L'envers de la guerre est exprim\u00e9 dans un quotidien p\u00e9tri de sensibilit\u00e9 humaine. Et m\u00eame si Maryvonne semble parfois avoir la dent dure, au travers de raccourcis spontan\u00e9s, cela reste toujours accompagn\u00e9 d'un bouquet de tendresse.\r\n\r\nAlain Lavialle","authors":["Maryvonne Gantner-brailly","Alain Lavialle"],"category_codes":["1000000","1060000","1060100"],"visuals":{"large":"https:\/\/images.epagine.fr\/281\/9782748046281_1_75.jpg","medium":"https:\/\/images.epagine.fr\/281\/9782748046281_1_m.jpg","thumbnail":"https:\/\/images.epagine.fr\/281\/9782748046281_1_v.jpg"},"orderable":true,"show_badge":true,"formatted_price":"23,00&nbsp;\u20ac","formatted_published_date":"14 juin 2010","publisher_availability_label":"Sur commande","short_details":"Maryvonne Gantner-brailly, Alain Lavialle \u2014 Societe Des Ecrivains","translator":null,"weight":916,"page_count":654,"readership":null,"editor":"Societe Des Ecrivains","price":2300,"published_date":"2010-06-13T22:00:00.000000Z","support":"Grand format","publisher_availability":1,"stock":0,"editions":[],"url":"https:\/\/quaidesbrumes.com\/ouvrage\/9782748046281\/et-tout-commenca-par-des-chansons-ou-lhistoire-dune-petite-fille-pendant-la-seconde-guerre-mondiale"},{"id":"9782312081090","title":"De la pers\u00e9v\u00e9rance na\u00eet l'espoir","description":null,"authors":["Sandrine Maymo"],"category_codes":["1000000","1060000","1060300"],"visuals":{"large":"https:\/\/images.epagine.fr\/090\/9782312081090_1_75.jpg","medium":"https:\/\/images.epagine.fr\/090\/9782312081090_1_m.jpg","thumbnail":"https:\/\/images.epagine.fr\/090\/9782312081090_1_v.jpg"},"orderable":true,"show_badge":true,"formatted_price":"15,00&nbsp;\u20ac","formatted_published_date":"18 juin 2021","publisher_availability_label":"Sur commande","short_details":"Sandrine Maymo \u2014 Editions du Net","translator":null,"weight":242,"page_count":152,"readership":null,"editor":"Editions du Net","price":1500,"published_date":"2021-06-17T22:00:00.000000Z","support":"Grand format","publisher_availability":1,"stock":0,"editions":[],"url":"https:\/\/quaidesbrumes.com\/ouvrage\/9782312081090\/de-la-perseverance-nait-lespoir"},{"id":"9782011260000","title":"De l'action finium regundorum, en droit romain : du bornage et des actions en delimitation : these","description":"De l'action \"Finium regundorum\", en droit romain : Du bornage et des actions en d\u00e9limitation et en d\u00e9placement de bornes en droit fran\u00e7ais : th\u00e8se pour le doctorat \/ soutenue par Antonin Barbe,...\r\nDate de l'\u00e9dition originale : 1868 Appartient \u00e0 l'ensemble documentaire : MidiPyren1 Ce livre est la reproduction fid\u00e8le d'une oeuvre publi\u00e9e avant 1920 et fait partie d'une collection de livres r\u00e9imprim\u00e9s \u00e0 la demande \u00e9dit\u00e9e par Hachette Livre, dans le cadre d'un partenariat avec la Biblioth\u00e8que nationale de France, offrant l'opportunit\u00e9 d'acc\u00e9der \u00e0 des ouvrages anciens et souvent rares issus des fonds patrimoniaux de la BnF.\r\nLes oeuvres faisant partie de cette collection ont \u00e9t\u00e9 num\u00e9ris\u00e9es par la BnF et sont pr\u00e9sentes sur Gallica, sa biblioth\u00e8que num\u00e9rique.\r\n\r\nEn entreprenant de redonner vie \u00e0 ces ouvrages au travers d'une collection de livres r\u00e9imprim\u00e9s \u00e0 la demande, nous leur donnons la possibilit\u00e9 de rencontrer un public \u00e9largi et participons \u00e0 la transmission de connaissances et de savoirs parfois difficilement accessibles.\r\nNous avons cherch\u00e9 \u00e0 concilier la reproduction fid\u00e8le d'un livre ancien \u00e0 partir de sa version num\u00e9ris\u00e9e avec le souci d'un confort de lecture optimal. Nous esp\u00e9rons que les ouvrages de cette nouvelle collection vous apporteront enti\u00e8re satisfaction.\r\n\r\nPour plus d'informations, rendez-vous sur www.hachettebnf.fr","authors":["Barbe"],"category_codes":["1000000","1060000","1060200"],"visuals":{"large":"https:\/\/images.epagine.fr\/000\/9782011260000_1_75.jpg","medium":"https:\/\/images.epagine.fr\/000\/9782011260000_1_m.jpg","thumbnail":"https:\/\/images.epagine.fr\/000\/9782011260000_1_v.jpg"},"orderable":true,"show_badge":true,"formatted_price":"17,00&nbsp;\u20ac","formatted_published_date":"1er d\u00e9cembre 2016","publisher_availability_label":"Sur commande","short_details":"Barbe \u2014 Hachette BNF","translator":null,"weight":208,"page_count":null,"readership":null,"editor":"Hachette BNF","price":1700,"published_date":"2016-11-30T23:00:00.000000Z","support":"Grand format","publisher_availability":1,"stock":0,"editions":[],"url":"https:\/\/quaidesbrumes.com\/ouvrage\/9782011260000\/de-laction-finium-regundorum-en-droit-romain-du-bornage-et-des-actions-en-delimitation-these"},{"id":"9782842594992","title":"Le prix de camaraderie","description":"Une ann\u00e9e 1956 peupl\u00e9e de souvenirs, de photos et d'illustrations talentueuses. Remonter le Temps, revivre les \u00e9v\u00e9nements et retrouver les \u00e9motions d'alors.","authors":["Jean Claval"],"category_codes":["1000000","1060000","1060100"],"visuals":{"large":"https:\/\/images.epagine.fr\/992\/9782842594992_1_75.jpg","medium":"https:\/\/images.epagine.fr\/992\/9782842594992_1_m.jpg","thumbnail":"https:\/\/images.epagine.fr\/992\/9782842594992_1_v.jpg"},"orderable":true,"show_badge":true,"formatted_price":"20,00&nbsp;\u20ac","formatted_published_date":"16 f\u00e9vrier 2010","publisher_availability_label":"Sur commande","short_details":"Jean Claval \u2014 AEDIS","translator":null,"weight":438,"page_count":null,"readership":null,"editor":"AEDIS","price":2000,"published_date":"2010-02-15T23:00:00.000000Z","support":"Grand format","publisher_availability":1,"stock":0,"editions":[],"url":"https:\/\/quaidesbrumes.com\/ouvrage\/9782842594992\/le-prix-de-camaraderie"},{"id":"9782810604937","title":"Alc\u00f4ve Tome 1","description":"Ici confiance rime avec confidence. Le Doc., l'ami \u00e0 qui la Dame peut tout dire, se r\u00e9v\u00e8le pour cette Dame-l\u00e0 un \"mentor\", un \u00eatre qui invite \u00e0 la r\u00e9alisation de soi.","authors":["La dame"],"category_codes":["1000000","1060000","1060100"],"visuals":{"large":"https:\/\/images.epagine.fr\/937\/9782810604937_1_75.jpg","medium":"https:\/\/images.epagine.fr\/937\/9782810604937_1_m.jpg","thumbnail":"https:\/\/images.epagine.fr\/937\/9782810604937_1_v.jpg"},"orderable":true,"show_badge":true,"formatted_price":"40,00&nbsp;\u20ac","formatted_published_date":"15 f\u00e9vrier 2010","publisher_availability_label":"Sur commande","short_details":"La dame \u2014 Books on Demand","translator":null,"weight":801,"page_count":496,"readership":null,"editor":"Books on Demand","price":4000,"published_date":"2010-02-14T23:00:00.000000Z","support":"Grand format","publisher_availability":1,"stock":0,"editions":[],"url":"https:\/\/quaidesbrumes.com\/ouvrage\/9782810604937\/alcove-tome-1"},{"id":"9782353300105","title":"Les tourterelles de l'amour","description":null,"authors":["Deniau Martine"],"category_codes":["1000000","1060000","1060300"],"visuals":{"large":"https:\/\/quaidesbrumes.com\/img\/book-placeholder.png","medium":"https:\/\/quaidesbrumes.com\/img\/book-placeholder.png","thumbnail":"https:\/\/quaidesbrumes.com\/img\/book-placeholder.png"},"orderable":true,"show_badge":true,"formatted_price":"28,00&nbsp;\u20ac","formatted_published_date":"15 juillet 2010","publisher_availability_label":"Sur commande","short_details":"Deniau Martine \u2014 Narratif","translator":null,"weight":570,"page_count":null,"readership":null,"editor":"Narratif","price":2800,"published_date":"2010-07-14T22:00:00.000000Z","support":"Grand format","publisher_availability":1,"stock":0,"editions":[],"url":"https:\/\/quaidesbrumes.com\/ouvrage\/9782353300105\/les-tourterelles-de-lamour"},{"id":"9782753901452","title":"Pour toi mon camarade... ; les combats d'Albert Moser ; ouvrier, socialiste et pacifiste (1896-1976)","description":null,"authors":["Jean-claude Dubois"],"category_codes":["1000000","1060000","1060100"],"visuals":{"large":"https:\/\/images.epagine.fr\/452\/9782753901452_1_75.jpg","medium":"https:\/\/images.epagine.fr\/452\/9782753901452_1_m.jpg","thumbnail":"https:\/\/images.epagine.fr\/452\/9782753901452_1_v.jpg"},"orderable":true,"show_badge":true,"formatted_price":"15,00&nbsp;\u20ac","formatted_published_date":"15 f\u00e9vrier 2010","publisher_availability_label":"Sur commande","short_details":"Jean-claude Dubois \u2014 Societe Des Ecrivains","translator":null,"weight":0,"page_count":241,"readership":null,"editor":"Societe Des Ecrivains","price":1500,"published_date":"2010-02-14T23:00:00.000000Z","support":"Grand format","publisher_availability":1,"stock":0,"editions":[],"url":"https:\/\/quaidesbrumes.com\/ouvrage\/9782753901452\/pour-toi-mon-camarade-les-combats-dalbert-moser-ouvrier-socialiste-et-pacifiste-1896-1976"},{"id":"9782353352333","title":"Le septennat de Jacques Chirac Tome 1 ; de l'esp\u00e9rance au d\u00e9saveu (7 mai 1995-21 avril 1997)","description":"Pour Jacques Chirac, le politique, tout commence ou presque en 1967. Il n'a pas plus de trente-quatre ans, quand, le 12 mars 1967, au second tour des \u00e9lections l\u00e9gislatives - o\u00f9 la majorit\u00e9 gaulliste va conna\u00eetre un score tr\u00e8s serr\u00e9 par rapport \u00e0 l'opposition, \u00e0 savoir une voix de majorit\u00e9 \u00e0 l'Assembl\u00e9e nationale - il devient d\u00e9put\u00e9 de Corr\u00e8ze. Une victoire acquise de haute lutte. Cela lui vaudra d'\u00eatre re\u00e7u par le g\u00e9n\u00e9ral de Gaulle \u00e0 l'Elys\u00e9e. Une entrevue qui le marquera \u00e0 vie. \u00abCe matin-l\u00e0, d\u00e9crit-il, il m'a re\u00e7u une demi-heure, avec une extraordinaire courtoisie. Il m'a fait parler de ma campagne, m'a demand\u00e9 des d\u00e9tails sur son d\u00e9roulement, m'a exprim\u00e9 ses f\u00e9licitations pour avoir \u00e9t\u00e9 \u00e9lu et s'est enquis de ma vision de la situation politique en g\u00e9n\u00e9ral. Je n'ai pas une nature impressionnable. Cela ne m'emp\u00eachait pas d'\u00eatre fier et flatt\u00e9 et de ressentir l'honneur qui m'\u00e9tait fait que je jugeais \u00e0 son juste prix. En sortant, j'ai ressentie que j'avais des choses \u00e0 dire et que je les avais dites. Cela ne va pas obligatoirement de soi.\u00bb","authors":["Daniel Pierrejean"],"category_codes":["1000000","1060000","1060200"],"visuals":{"large":"https:\/\/images.epagine.fr\/333\/9782353352333_1_75.jpg","medium":"https:\/\/images.epagine.fr\/333\/9782353352333_1_m.jpg","thumbnail":"https:\/\/images.epagine.fr\/333\/9782353352333_1_v.jpg"},"orderable":true,"show_badge":true,"formatted_price":"21,00&nbsp;\u20ac","formatted_published_date":"15 octobre 2008","publisher_availability_label":"Sur commande","short_details":"Daniel Pierrejean \u2014 Edilivre","translator":null,"weight":506,"page_count":null,"readership":null,"editor":"Edilivre","price":2100,"published_date":"2008-10-14T22:00:00.000000Z","support":"Grand format","publisher_availability":1,"stock":0,"editions":[],"url":"https:\/\/quaidesbrumes.com\/ouvrage\/9782353352333\/le-septennat-de-jacques-chirac-tome-1-de-lesperance-au-desaveu-7-mai-1995-21-avril-1997"},{"id":"9782876237254","title":"Germain Nouveau : un coeur illumin\u00e9","description":"Proven\u00e7al ayant v\u00e9cu \u00e0 Paris et voyag\u00e9 \u00e0 travers les continents, adorateur du soleil mais gouvern\u00e9 par la lune, \u00e0 la fois mystique et charnel, peintre et po\u00e8te, passant de l'allure d'un dandy \u00e0 celle d'un mendiant, Germain Nouveau (1851-1920) aura v\u00e9cu sous le signe de la contradiction, avec exc\u00e8s et d\u00e9mesure ; en tout et pour tout.\r\nIl fut l'ami des grands po\u00e8tes de son temps, notamment Rimbaud avec qui il v\u00e9cut \u00e0 Londres au moment des Illuminations ainsi que Verlaine avec qui il fr\u00e9quenta les \u00e9glises comme les d\u00e9bits de boissons.\r\nPour l'essentiel, son oeuvre fut publi\u00e9e apr\u00e8s sa mort. Louis Aragon le consid\u00e9rait \u00ab non comme un po\u00e8te mineur mais un grand po\u00e8te. Non un \u00e9pigone de Rimbaud : son \u00e9gal. \u00bb Cent ans apr\u00e8s sa mort, il est d\u00e9sormais temps de le d\u00e9couvrir.","authors":["Martin Mirabel"],"category_codes":["1000000","1060000"],"visuals":{"large":"https:\/\/images.epagine.fr\/254\/9782876237254_1_75.jpg","medium":"https:\/\/images.epagine.fr\/254\/9782876237254_1_m.jpg","thumbnail":"https:\/\/images.epagine.fr\/254\/9782876237254_1_v.jpg"},"orderable":true,"show_badge":true,"formatted_price":"18,00&nbsp;\u20ac","formatted_published_date":"29 avril 2021","publisher_availability_label":"Sur commande","short_details":"Martin Mirabel \u2014 Michel De Maule","translator":null,"weight":184,"page_count":null,"readership":null,"editor":"Michel De Maule","price":1800,"published_date":"2021-04-28T22:00:00.000000Z","support":"Grand format","publisher_availability":1,"stock":0,"editions":[],"url":"https:\/\/quaidesbrumes.com\/ouvrage\/9782876237254\/germain-nouveau-un-coeur-illumine"},{"id":"9782919536009","title":"Il \u00e9tait une fois Lepin le Lac ... narr\u00e9 par ses anciens, revisit\u00e9 par ses enfants","description":null,"authors":["F Costa","C Paquet"],"category_codes":["1000000","1060000","1060300"],"visuals":{"large":"https:\/\/quaidesbrumes.com\/img\/book-placeholder.png","medium":"https:\/\/quaidesbrumes.com\/img\/book-placeholder.png","thumbnail":"https:\/\/quaidesbrumes.com\/img\/book-placeholder.png"},"orderable":true,"show_badge":true,"formatted_price":"12,00&nbsp;\u20ac","formatted_published_date":"11 novembre 2010","publisher_availability_label":"Sur commande","short_details":"F Costa, C Paquet \u2014 Costa Ds Fernand","translator":null,"weight":100,"page_count":null,"readership":null,"editor":"Costa Ds Fernand","price":1200,"published_date":"2010-11-10T23:00:00.000000Z","support":"Grand format","publisher_availability":1,"stock":0,"editions":[],"url":"https:\/\/quaidesbrumes.com\/ouvrage\/9782919536009\/il-etait-une-fois-lepin-le-lac-narre-par-ses-anciens-revisite-par-ses-enfants"},{"id":"9782296104464","title":"Mugabe, Robert Gabriel ; \"souillure\" or nor \"souillure\" ?","description":"Dans cet ouvrage il ne s'agit pas de repeindre un Zimbabwe idyllique, rien n'est cach\u00e9. La lumi\u00e8re \u00e9claire d'une m\u00eame intensit\u00e9, la sombre p\u00e9riode coloniale britannique, la monstrueuse Rhod\u00e9sie \"blanche\" de Ian Smith et le Zimbabwe ind\u00e9pendant dirig\u00e9 par Robert Mugabe depuis 1980. M\u00e9dias aveugles ou engag\u00e9s, ONG, bras arm\u00e9s des politiques, diplomates d\u00e9lirants, tous ont sans doute une part de responsabilit\u00e9 dans le \"drame\" du Zimbabwe, et pas le seul Mugabe.","authors":["Ren\u00e9 jacques Lique"],"category_codes":["1000000","1060000","1060100"],"visuals":{"large":"https:\/\/images.epagine.fr\/464\/9782296104464_1_75.jpg","medium":"https:\/\/images.epagine.fr\/464\/9782296104464_1_m.jpg","thumbnail":"https:\/\/images.epagine.fr\/464\/9782296104464_1_v.jpg"},"orderable":true,"show_badge":true,"formatted_price":"39,00&nbsp;\u20ac","formatted_published_date":"25 mars 2010","publisher_availability_label":"Sur commande","short_details":"Ren\u00e9 jacques Lique \u2014 \u00c9ditions L'Harmattan","translator":null,"weight":750,"page_count":460,"readership":null,"editor":"\u00c9ditions L'Harmattan","price":3900,"published_date":"2010-03-24T23:00:00.000000Z","support":"Grand format","publisher_availability":1,"stock":0,"editions":[],"url":"https:\/\/quaidesbrumes.com\/ouvrage\/9782296104464\/mugabe-robert-gabriel-souillure-or-nor-souillure"},{"id":"9782296110670","title":"L'autobiographie et le mythe chez Casanova et Kierkegaard ; automythologies compar\u00e9es","description":"Casanova, Kierkegaard... D'un si\u00e8cle \u00e0 l'autre, la rencontre spirituelle des deux plus c\u00e9l\u00e8bres s\u00e9ducteurs europ\u00e9ens r\u00e9pond \u00e0 une m\u00eame interrogation ontologique : affirmer, contre les prescriptions dogmatiques de la Raison classique, puis du Moi romantique, le primat existentiel de l'Individu. A un si\u00e8cle de distance, sommes-nous les victimes plus ou moins consentantes de ces s\u00e9ducteurs mythiques ? Critiques, nous appelons cette forme d'\u00e9criture : automythologie.","authors":["Nathalie Gendrot"],"category_codes":["1000000","1060000","1060100"],"visuals":{"large":"https:\/\/images.epagine.fr\/670\/9782296110670_1_75.jpg","medium":"https:\/\/images.epagine.fr\/670\/9782296110670_1_m.jpg","thumbnail":"https:\/\/images.epagine.fr\/670\/9782296110670_1_v.jpg"},"orderable":true,"show_badge":true,"formatted_price":"19,50&nbsp;\u20ac","formatted_published_date":"25 mars 2010","publisher_availability_label":"Sur commande","short_details":"Nathalie Gendrot \u2014 \u00c9ditions L'Harmattan","translator":null,"weight":205,"page_count":189,"readership":null,"editor":"\u00c9ditions L'Harmattan","price":1950,"published_date":"2010-03-24T23:00:00.000000Z","support":"Grand format","publisher_availability":1,"stock":0,"editions":[],"url":"https:\/\/quaidesbrumes.com\/ouvrage\/9782296110670\/lautobiographie-et-le-mythe-chez-casanova-et-kierkegaard-automythologies-comparees"},{"id":"9782290022016","title":"Maman, est-ce que ta chambre te pla\u00eet ? survivre en maison de retraite","description":"\u00abJe me rends compte que la maltraitance est partout. Et qu'elle rev\u00eat des formes parfois inattendues. Pourquoi dans toutes les maisons de retraite fait-on le m\u00eame constat? Pourquoi les personnels deviennent si facilement maltraitants? Est-ce par pur sadisme? Ne serait-ce pas plut\u00f4t parce qu'on prend, avec les vieux, plus de libert\u00e9s qu'avec d'autres? Parce que dans l'esprit de tous, une fois pass\u00e9e la porte de la R\u00e9sidence, ils sont d\u00e9j\u00e0 morts? Que cachent ces manques d'effectifs? de moyens? de formations? Que se passe-t-il en France avec nos a\u00een\u00e9s? Comment a-t-on pu en arriver l\u00e0? C'est pour comprendre que j'ai d\u00e9cid\u00e9 d'\u00e9crire ce livre.\u00bb","authors":["William R\u00e9jault"],"category_codes":["1000000","1060000","1060300"],"visuals":{"large":"https:\/\/images.epagine.fr\/016\/9782290022016_1_75.jpg","medium":"https:\/\/images.epagine.fr\/016\/9782290022016_1_m.jpg","thumbnail":"https:\/\/images.epagine.fr\/016\/9782290022016_1_v.jpg"},"orderable":true,"show_badge":true,"formatted_price":"6,90&nbsp;\u20ac","formatted_published_date":"5 f\u00e9vrier 2011","publisher_availability_label":"Sur commande","short_details":"William R\u00e9jault \u2014 J'ai Lu","translator":null,"weight":173,"page_count":313,"readership":null,"editor":"J'ai Lu","price":690,"published_date":"2011-02-04T23:00:00.000000Z","support":"Poche","publisher_availability":1,"stock":0,"editions":[],"url":"https:\/\/quaidesbrumes.com\/ouvrage\/9782290022016\/maman-est-ce-que-ta-chambre-te-plait-survivre-en-maison-de-retraite"},{"id":"9782901362272","title":"Raymond Poitevin ; compagnon menuisier du devoir","description":null,"authors":["Joseph Jusselme"],"category_codes":["1000000","1060000","1060100"],"visuals":{"large":"https:\/\/images.epagine.fr\/272\/9782901362272_1_75.jpg","medium":"https:\/\/images.epagine.fr\/272\/9782901362272_1_m.jpg","thumbnail":"https:\/\/images.epagine.fr\/272\/9782901362272_1_v.jpg"},"orderable":true,"show_badge":true,"formatted_price":"12,00&nbsp;\u20ac","formatted_published_date":"1er janvier 2003","publisher_availability_label":"Sur commande","short_details":"Joseph Jusselme \u2014 Compagnonnage","translator":null,"weight":501,"page_count":null,"readership":null,"editor":"Compagnonnage","price":1200,"published_date":"2002-12-31T23:00:00.000000Z","support":"Grand format","publisher_availability":1,"stock":0,"editions":[],"url":"https:\/\/quaidesbrumes.com\/ouvrage\/9782901362272\/raymond-poitevin-compagnon-menuisier-du-devoir"},{"id":"9782901362357","title":"Ren\u00e9 Despierre ; lyonnais le bon coeur","description":null,"authors":["Guy Desprat"],"category_codes":["1000000","1060000","1060100"],"visuals":{"large":"https:\/\/quaidesbrumes.com\/img\/book-placeholder.png","medium":"https:\/\/quaidesbrumes.com\/img\/book-placeholder.png","thumbnail":"https:\/\/quaidesbrumes.com\/img\/book-placeholder.png"},"orderable":true,"show_badge":true,"formatted_price":"12,00&nbsp;\u20ac","formatted_published_date":"1er mars 2003","publisher_availability_label":"Sur commande","short_details":"Guy Desprat \u2014 Compagnonnage","translator":null,"weight":500,"page_count":null,"readership":null,"editor":"Compagnonnage","price":1200,"published_date":"2003-02-28T23:00:00.000000Z","support":"Grand format","publisher_availability":1,"stock":0,"editions":[],"url":"https:\/\/quaidesbrumes.com\/ouvrage\/9782901362357\/rene-despierre-lyonnais-le-bon-coeur"}]}