{"data":[{"id":"9782296050303","title":"Petites humeurs passag\u00e8res","description":"40 billets d'humeur et d'humour commentent les \u00e9v\u00e9nements importants ou futiles de ces dix derni\u00e8res ann\u00e9es, de la cagnotte de Lionel Jospin \u00e0 la retraite de Zin\u00e9dine Zidane. Entre r\u00e9flexions philosophiques, br\u00e8ves de comptoir et coups de gueule personnels, l'auteur nous propose un voyage original dans l'actualit\u00e9.\r","authors":["Patrick Gu\u00e8s"],"category_codes":["1000000","1060000","1060300"],"visuals":{"large":"https:\/\/images.epagine.fr\/303\/9782296050303_1_75.jpg","medium":"https:\/\/images.epagine.fr\/303\/9782296050303_1_m.jpg","thumbnail":"https:\/\/images.epagine.fr\/303\/9782296050303_1_v.jpg"},"orderable":true,"show_badge":true,"formatted_price":"13,00&nbsp;\u20ac","formatted_published_date":"5 f\u00e9vrier 2008","publisher_availability_label":"Sur commande","short_details":"Patrick Gu\u00e8s \u2014 \u00c9ditions L'Harmattan","translator":null,"weight":165,"page_count":114,"readership":null,"editor":"\u00c9ditions L'Harmattan","price":1300,"published_date":"2008-02-04T23:00:00.000000Z","support":"Grand format","publisher_availability":1,"stock":0,"editions":[],"url":"https:\/\/quaidesbrumes.com\/ouvrage\/9782296050303\/petites-humeurs-passageres"},{"id":"9782296050433","title":"Les radars et nous","description":"Le d\u00e9ploiement des radars automatiques au bord des routes fran\u00e7aises t\u00e9moigne des changements op\u00e9r\u00e9s depuis 2002 dans la politique publique de s\u00e9curit\u00e9 routi\u00e8re. Le d\u00e9ploiement de ce type de dispositif est-il accept\u00e9 par les usagers de la route, mais aussi par les agents charg\u00e9s de la mise en oeuvre du syst\u00e8me ? Ces contributions croisent des questionnements propres \u00e0 la science politique, \u00e0 la sociologie et \u00e0 la psychologie sociale autour de cette probl\u00e9matique.\r","authors":["Fabrice Hamelin"],"category_codes":["1000000","1060000","1060300"],"visuals":{"large":"https:\/\/images.epagine.fr\/433\/9782296050433_1_75.jpg","medium":"https:\/\/images.epagine.fr\/433\/9782296050433_1_m.jpg","thumbnail":"https:\/\/images.epagine.fr\/433\/9782296050433_1_v.jpg"},"orderable":true,"show_badge":true,"formatted_price":"30,00&nbsp;\u20ac","formatted_published_date":"6 f\u00e9vrier 2008","publisher_availability_label":"Sur commande","short_details":"Fabrice Hamelin \u2014 \u00c9ditions L'Harmattan","translator":null,"weight":305,"page_count":296,"readership":null,"editor":"\u00c9ditions L'Harmattan","price":3000,"published_date":"2008-02-05T23:00:00.000000Z","support":"Grand format","publisher_availability":1,"stock":0,"editions":[],"url":"https:\/\/quaidesbrumes.com\/ouvrage\/9782296050433\/les-radars-et-nous"},{"id":"9782829303074","title":"Hommes et b\u00eates en sursis (2e \u00e9dition)","description":"Un ouvrage totalement d'actualit\u00e9 avec la prise de conscience de la condition humaine, de et dans son environnement, Hommes et b\u00eates en sursis est une mise en \u00e9vidence des interrelations entre la sant\u00e9 des sols et de l'eau, des plantes, des animaux, et de l'homme : un cri d'alarme\r","authors":["Claude Jacquier"],"category_codes":["1000000","1060000","1060300"],"visuals":{"large":"https:\/\/images.epagine.fr\/074\/9782829303074_1_75.jpg","medium":"https:\/\/images.epagine.fr\/074\/9782829303074_1_m.jpg","thumbnail":"https:\/\/images.epagine.fr\/074\/9782829303074_1_v.jpg"},"orderable":true,"show_badge":true,"formatted_price":"31,50&nbsp;\u20ac","formatted_published_date":"18 mai 2009","publisher_availability_label":"Sur commande","short_details":"Claude Jacquier \u2014 Tricorne","translator":null,"weight":510,"page_count":null,"readership":null,"editor":"Tricorne","price":3150,"published_date":"2009-05-17T22:00:00.000000Z","support":"Grand format","publisher_availability":1,"stock":0,"editions":[],"url":"https:\/\/quaidesbrumes.com\/ouvrage\/9782829303074\/hommes-et-betes-en-sursis-2e-edition"},{"id":"9782013437400","title":"Relation authentique de tout ce qui s'est passe a saint-domingue avant et apres le depart - force de","description":"Relation authentique de tout ce qui s'est pass\u00e9 \u00e0 Saint-Domingue avant et apr\u00e8s le d\u00e9part forc\u00e9 de l'assembl\u00e9e coloniale... sur le vaisseau de guerre \"le L\u00e9opard\", command\u00e9 par M. de Santo-Dominguo,... avec la correspondance des sieurs de Peynier, gouverneur, Coutard et autres, commandants et officiers tant de terre que de mer... (9 ao\u00fbt 1790.) Date de l'\u00e9dition originale : 1790 Sujet de l'ouvrage : France -- Colonies -- HistoireAm\u00e9rique -- HistoireHa\u00efti (\u00eele) Ce livre est la reproduction fid\u00e8le d'une oeuvre publi\u00e9e avant 1920 et fait partie d'une collection de livres r\u00e9imprim\u00e9s \u00e0 la demande \u00e9dit\u00e9e par Hachette Livre, dans le cadre d'un partenariat avec la Biblioth\u00e8que nationale de France, offrant l'opportunit\u00e9 d'acc\u00e9der \u00e0 des ouvrages anciens et souvent rares issus des fonds patrimoniaux de la BnF.\r\nLes oeuvres faisant partie de cette collection ont \u00e9t\u00e9 num\u00e9ris\u00e9es par la BnF et sont pr\u00e9sentes sur Gallica, sa biblioth\u00e8que num\u00e9rique.\r\n\r\nEn entreprenant de redonner vie \u00e0 ces ouvrages au travers d'une collection de livres r\u00e9imprim\u00e9s \u00e0 la demande, nous leur donnons la possibilit\u00e9 de rencontrer un public \u00e9largi et participons \u00e0 la transmission de connaissances et de savoirs parfois difficilement accessibles.\r\nNous avons cherch\u00e9 \u00e0 concilier la reproduction fid\u00e8le d'un livre ancien \u00e0 partir de sa version num\u00e9ris\u00e9e avec le souci d'un confort de lecture optimal. Nous esp\u00e9rons que les ouvrages de cette nouvelle collection vous apporteront enti\u00e8re satisfaction.\r\n\r\nPour plus d'informations, rendez-vous sur www.hachettebnf.fr http:\/\/gallica.bnf.fr\/ark:\/12148\/bpt6k5783894n\r","authors":[],"category_codes":["1000000","1060000","1060200"],"visuals":{"large":"https:\/\/images.epagine.fr\/400\/9782013437400_1_75.jpg","medium":"https:\/\/images.epagine.fr\/400\/9782013437400_1_m.jpg","thumbnail":"https:\/\/images.epagine.fr\/400\/9782013437400_1_v.jpg"},"orderable":true,"show_badge":true,"formatted_price":"13,90&nbsp;\u20ac","formatted_published_date":"1er septembre 2014","publisher_availability_label":"Sur commande","short_details":"Hachette BNF","translator":null,"weight":132,"page_count":null,"readership":null,"editor":"Hachette BNF","price":1390,"published_date":"2014-08-31T22:00:00.000000Z","support":"Grand format","publisher_availability":1,"stock":0,"editions":[],"url":"https:\/\/quaidesbrumes.com\/ouvrage\/9782013437400\/relation-authentique-de-tout-ce-qui-sest-passe-a-saint-domingue-avant-et-apres-le-depart-force-de"},{"id":"9782810604906","title":"Un acte d'amour ; l'adoption ou la retrospective de 30 ans de bonheur","description":"Un acte d'amour est la r\u00e9trospective de 30 ann\u00e9es de bonheur du point de vue d'une enfant adopt\u00e9e avec ses joies, ses doutes et ses peines. Ce livre retrace le processus de r\u00e9flexion sur l'adoption men\u00e9 d\u00e8s l'\u00e2ge de 20 ans jusqu'\u00e0 sa concr\u00e9tisation par l'\u00e9crit. C'est un t\u00e9moignage positif sur l'adoption et le reflet unique de la r\u00e9alit\u00e9 de l'auteur.\r","authors":["S\u00e9phora Nicod"],"category_codes":["1000000","1060000"],"visuals":{"large":"https:\/\/images.epagine.fr\/906\/9782810604906_1_75.jpg","medium":"https:\/\/images.epagine.fr\/906\/9782810604906_1_m.jpg","thumbnail":"https:\/\/images.epagine.fr\/906\/9782810604906_1_v.jpg"},"orderable":true,"show_badge":true,"formatted_price":"13,60&nbsp;\u20ac","formatted_published_date":"21 d\u00e9cembre 2009","publisher_availability_label":"Sur commande","short_details":"S\u00e9phora Nicod \u2014 Books on Demand","translator":null,"weight":116,"page_count":76,"readership":null,"editor":"Books on Demand","price":1360,"published_date":"2009-12-20T23:00:00.000000Z","support":"Grand format","publisher_availability":1,"stock":0,"editions":[],"url":"https:\/\/quaidesbrumes.com\/ouvrage\/9782810604906\/un-acte-damour-ladoption-ou-la-retrospective-de-30-ans-de-bonheur"},{"id":"9782367901251","title":"Jean delebarre une homme dans sa ville","description":null,"authors":["Patrick Robert"],"category_codes":["1000000","1060000","1060200"],"visuals":{"large":"https:\/\/quaidesbrumes.com\/img\/book-placeholder.png","medium":"https:\/\/quaidesbrumes.com\/img\/book-placeholder.png","thumbnail":"https:\/\/quaidesbrumes.com\/img\/book-placeholder.png"},"orderable":true,"show_badge":true,"formatted_price":"20,00&nbsp;\u20ac","formatted_published_date":"18 novembre 2020","publisher_availability_label":"Sur commande","short_details":"Patrick Robert \u2014 Nord Avril","translator":null,"weight":540,"page_count":null,"readership":null,"editor":"Nord Avril","price":2000,"published_date":"2020-11-17T23:00:00.000000Z","support":"Grand format","publisher_availability":1,"stock":0,"editions":[],"url":"https:\/\/quaidesbrumes.com\/ouvrage\/9782367901251\/jean-delebarre-une-homme-dans-sa-ville"},{"id":"9782915482072","title":"D'Albert 1er \u00e0 Albert II de Monaco ; from Albert I to Albert II","description":"Un portrait crois\u00e9 original des Princes Albert Ier et Albert II de Monaco, dont les r\u00e8gnes sont un exemple d'ouverture vers les autres, de modernit\u00e9 et de souci de l'environnement. Un si\u00e8cle de moments intimes et d'images historiques o\u00f9 le lecteur peut d\u00e9couvrir les vies passionnantes et passionn\u00e9es de ces deux Princes de la dynastie des Grimaldi au m\u00eame pr\u00e9nom. Livre luxueux, bilingue fran\u00e7ais\/anglais au format 24 x 28,5 cm. Couverture cartonn\u00e9e rev\u00eatue de simili cuir et prot\u00e9g\u00e9e par une luxueuse jaquette pellicul\u00e9e en couleurs. 196 pages en papier couch\u00e9 brillant, illustr\u00e9es par plus de 200 photographies pour la plupart in\u00e9dites. Edit\u00e9 avec le soutien de la Fondation Prince Albert II de Monaco.\r","authors":["Tuna Aksoy Koprulu"],"category_codes":["1000000","1060000","1060100"],"visuals":{"large":"https:\/\/images.epagine.fr\/072\/9782915482072_1_75.jpg","medium":"https:\/\/images.epagine.fr\/072\/9782915482072_1_m.jpg","thumbnail":"https:\/\/images.epagine.fr\/072\/9782915482072_1_v.jpg"},"orderable":true,"show_badge":true,"formatted_price":"29,00&nbsp;\u20ac","formatted_published_date":"15 d\u00e9cembre 2009","publisher_availability_label":"Sur commande","short_details":"Tuna Aksoy Koprulu \u2014 Promotions Internationales","translator":null,"weight":1506,"page_count":196,"readership":null,"editor":"Promotions Internationales","price":2900,"published_date":"2009-12-14T23:00:00.000000Z","support":"Grand format","publisher_availability":1,"stock":0,"editions":[],"url":"https:\/\/quaidesbrumes.com\/ouvrage\/9782915482072\/dalbert-1er-a-albert-ii-de-monaco-from-albert-i-to-albert-ii"},{"id":"9782354850579","title":"Maman doudou","description":null,"authors":["Dory Sellin"],"category_codes":["1000000","1060000","1060300"],"visuals":{"large":"https:\/\/quaidesbrumes.com\/img\/book-placeholder.png","medium":"https:\/\/quaidesbrumes.com\/img\/book-placeholder.png","thumbnail":"https:\/\/quaidesbrumes.com\/img\/book-placeholder.png"},"orderable":true,"show_badge":true,"formatted_price":"13,00&nbsp;\u20ac","formatted_published_date":"1er novembre 2008","publisher_availability_label":"Sur commande","short_details":"Dory Sellin \u2014 JETS D'ENCRE","translator":null,"weight":75,"page_count":null,"readership":null,"editor":"JETS D'ENCRE","price":1300,"published_date":"2008-10-31T23:00:00.000000Z","support":"Grand format","publisher_availability":1,"stock":0,"editions":[],"url":"https:\/\/quaidesbrumes.com\/ouvrage\/9782354850579\/maman-doudou"},{"id":"9782070122011","title":"Gitane sans filtre","description":"\u00ab\u00c7a commence toujours comme \u00e7a. Il est cinq heures du matin. Assis sur le rebord du lit, mon p\u00e8re crache ses poumons. Une toux rauque qui r\u00e9veille toute la maison. Puis la toux s'arr\u00eate. J'entends le clapet du briquet faire son clac caract\u00e9ristique. Mon p\u00e8re tire du paquet rectangulaire bleu, sur lequel une danseuse espagnole est partiellement masqu\u00e9e par des volutes de fum\u00e9e, une gitane sans filtre dont il embrase le bout avant de la porter \u00e0 ses l\u00e8vres. Maintenant, il peut se lever. Il sort de sa chambre et passe devant la mienne, dans un nuage de fum\u00e9e bleue. Il est nu, se tient, afin de les cacher, ce qu'il appelle ses parties, puis p\u00e9n\u00e8tre dans la salle de bains. La toux reprend. Ablutions. Rasoir \u00e9lectrique. Nouvelles \u00e0 la radio. Deuxi\u00e8me cigarette de la journ\u00e9e. \u00c0 raison d'un peu plus de deux paquets par jour pendant trente ans, mon p\u00e8re aura fum\u00e9 durant sa vie cinq cent mille cigarettes. La m\u00e9moire, miroir dans lequel nous nous plaisons \u00e0 regarder les absents, exige une dose n\u00e9cessaire et suffisante de falsifications et de r\u00e9fractions. Cette pratique flibusti\u00e8re m'est indispensable, \u00e0 moi qui me penche sur cet homme qui fut mon p\u00e8re et dont la vie me rappelle celle de ce pirate anglais, lequel lance \u00e0 ses juges : Je ne suis peut-\u00eatre pas parfait, mais je suis bien r\u00e9el. Les fesses \u00e0 l'air, cigarette au bec, Ren\u00e9 Roero Marchese di Cortanze, Conte di Calosso, Signore di Crevacuore, se regarde dans le miroir de la salle de bains : Je me suis hasard\u00e9 \u00e0 allumer une nouvelle cigarette, pense-t-il, et la terreur entre silencieusement dans ma vie. Modiano a raison : un p\u00e8re, c'est celui qui donne une identit\u00e9.\u00bb G\u00e9rard de Cortanze.","authors":["G\u00e9rard de Cortanze"],"category_codes":["1000000","1060000","1060300"],"visuals":{"large":"https:\/\/images.epagine.fr\/011\/9782070122011_1_75.jpg","medium":"https:\/\/images.epagine.fr\/011\/9782070122011_1_m.jpg","thumbnail":"https:\/\/images.epagine.fr\/011\/9782070122011_1_v.jpg"},"orderable":true,"show_badge":true,"formatted_price":"21,30&nbsp;\u20ac","formatted_published_date":"2 octobre 2008","publisher_availability_label":"Sur commande","short_details":"G\u00e9rard de Cortanze \u2014 Gallimard","translator":null,"weight":384,"page_count":273,"readership":null,"editor":"Gallimard","price":2130,"published_date":"2008-10-01T22:00:00.000000Z","support":"Grand format","publisher_availability":1,"stock":0,"editions":[],"url":"https:\/\/quaidesbrumes.com\/ouvrage\/9782070122011\/gitane-sans-filtre"},{"id":"9782841865208","title":"Un voile, un certain moi de juin","description":"\u00ab Je ne cherche pas \u00e0 prouver mais \u00e0 \u00e9prouver \u00bb, \u00e9crit B\u00e9reng\u00e8re Lefranc en ouverture de ce livre \u00e9tonnant. Pendant un mois, en juin 2009, elle a v\u00e9cu et consign\u00e9 une exp\u00e9rience unique : le port du voile. Le journal de cette travers\u00e9e est une mise \u00e0 nu, au plus troublant de l'intimit\u00e9.\r\n\r\nSans aucune pr\u00e9tention sociologique ou politique, ce t\u00e9moignage n'est pas celui d'une femme musulmane, il est celui d'une femme voil\u00e9e. Que ressent-on losque les traits sont masqu\u00e9s, les formes perdues dans un v\u00eatement ample, quand la moindre expression devient invisible ? Comment affronter le regard des autres, et que vous renvoie-t-il ? Et quelle image face au miroir ?\r","authors":["B\u00e9reng\u00e8re Lefranc"],"category_codes":["1000000","1060000","1060300"],"visuals":{"large":"https:\/\/images.epagine.fr\/208\/9782841865208_1_75.jpg","medium":"https:\/\/images.epagine.fr\/208\/9782841865208_1_m.jpg","thumbnail":"https:\/\/images.epagine.fr\/208\/9782841865208_1_v.jpg"},"orderable":true,"show_badge":true,"formatted_price":"17,24&nbsp;\u20ac","formatted_published_date":"4 f\u00e9vrier 2010","publisher_availability_label":"Sur commande","short_details":"B\u00e9reng\u00e8re Lefranc \u2014 MICHALON","translator":null,"weight":205,"page_count":156,"readership":"Tout public","editor":"MICHALON","price":1724,"published_date":"2010-02-03T23:00:00.000000Z","support":"Grand format","publisher_availability":1,"stock":0,"editions":[],"url":"https:\/\/quaidesbrumes.com\/ouvrage\/9782841865208\/un-voile-un-certain-moi-de-juin"},{"id":"9782847121919","title":"Une vie pour... ici et l\u00e0-bas, solidaire","description":"En un temps de remise en cause de nombreux acquis des luttes de lib\u00e9ration individuelle et collective et alors que les engagements solidaires deviennent toujours plus urgents, le r\u00e9cit de vie d'Alain Desjardin s'impose par sa clart\u00e9. Et par sa fa\u00e7on de dire \u00ab je \u00bb tout en faisant confiance aux autres. S'y dessine une volont\u00e9 de quitter la r\u00e9signation pour \u00e9manciper la pens\u00e9e vers toujours plus d'humanit\u00e9.\r\n\r\nOriginaire de la Somme, l'auteur y fait, enfant, l'exp\u00e9rience de la Seconde Guerre mondiale et celle d'un travail de damn\u00e9 dans le monde du mara\u00eechage sous l'autorit\u00e9 de son p\u00e8re. Pour y mettre de la distance, il choisit les parachutistes mais le conflit en Alg\u00e9rie et l'exp\u00e9rience coloniale provoquent en lui un vrai s\u00e9isme. \r\n\r\nTemps de ruptures d\u00e9cisives et volont\u00e9 d'une autre vie : Alain Desjardin devient ouvrier, militant syndical et acteur de l'\u00e9ducation populaire. L'implication nourrit des choix o\u00f9 va primer le collectif : Mai 68, Larzac et Lip, Conf\u00e9d\u00e9ration paysanne, Les Verts, Accueil-Paysan (pour un tourisme plus conscient, des \u00e9changes dans l'\u00e9quit\u00e9), soutien actif aux Sahraouis et au sursaut polyn\u00e9sien contre les diktats nucl\u00e9aires. \r\n\r\nDes combats pour la dignit\u00e9 qui int\u00e8grent aussi les valeurs de l'\u00e9cologie politique. Respect de soi, respect de l'autre : le travail de m\u00e9moire, ici, \u00e9voque toute une aventure, celle d'un engagement permanent pour la vie. Un parcours jamais raisonneur, surtout pas donneur de le\u00e7on, et o\u00f9 se trame de l'espoir.\r","authors":["Alain Desjardin"],"category_codes":["1000000","1060000","1060300"],"visuals":{"large":"https:\/\/images.epagine.fr\/919\/9782847121919_1_75.jpg","medium":"https:\/\/images.epagine.fr\/919\/9782847121919_1_m.jpg","thumbnail":"https:\/\/images.epagine.fr\/919\/9782847121919_1_v.jpg"},"orderable":true,"show_badge":true,"formatted_price":"25,00&nbsp;\u20ac","formatted_published_date":"26 novembre 2008","publisher_availability_label":"Sur commande","short_details":"Alain Desjardin \u2014 Petit Pave","translator":null,"weight":700,"page_count":416,"readership":null,"editor":"Petit Pave","price":2500,"published_date":"2008-11-25T23:00:00.000000Z","support":"Grand format","publisher_availability":1,"stock":0,"editions":[],"url":"https:\/\/quaidesbrumes.com\/ouvrage\/9782847121919\/une-vie-pour-ici-et-la-bas-solidaire"},{"id":"9791043148941","title":"Anecdotes litt\u00e9raires : Des portraits spirituels et des r\u00e9cits savoureux de figures litt\u00e9raires fran\u00e7aises par Claude Henri de Fus\u00e9e de Voisenon.","description":"Anecdotes litt\u00e9raires rassemble une s\u00e9rie de courtes biographies et d'anecdotes sur des \u00e9crivains et des personnalit\u00e9s litt\u00e9raires fran\u00e7aises. Claude-Henri de Fus\u00e9e de Voisenon offre des aper\u00e7us sur la vie et l'oeuvre de figures telles que Bourdaloue, Massillon, l'abb\u00e9 de Saint-Pierre, et bien d'autres, r\u00e9v\u00e9lant des d\u00e9tails intimes et des jugements critiques.","authors":["Claude-Henri De Fus\u00e9e De Voisenon"],"category_codes":["1000000","1060000"],"visuals":{"large":"https:\/\/images.epagine.fr\/941\/9791043148941_1_75.jpg","medium":"https:\/\/images.epagine.fr\/941\/9791043148941_1_m.jpg","thumbnail":"https:\/\/images.epagine.fr\/941\/9791043148941_1_v.jpg"},"orderable":true,"show_badge":true,"formatted_price":"19,90&nbsp;\u20ac","formatted_published_date":"9 avril 2026","publisher_availability_label":"Sur commande","short_details":"Claude-Henri De Fus\u00e9e De Voisenon \u2014 Culturea","translator":null,"weight":69,"page_count":42,"readership":null,"editor":"Culturea","price":1990,"published_date":"2026-04-08T22:00:00.000000Z","support":"Grand format","publisher_availability":1,"stock":0,"editions":[],"url":"https:\/\/quaidesbrumes.com\/ouvrage\/9791043148941\/anecdotes-litteraires-des-portraits-spirituels-et-des-recits-savoureux-de-figures-litteraires-francaises-par-claude-henri-de-fusee-de-voisenon"},{"id":"9782849241103","title":"Moi, fille de pr\u00eatre ; histoire d'un secret","description":"\u00c0 l'\u00e2ge adulte, une femme apprend que son p\u00e8re \u00e9tait pr\u00eatre avant qu'il se marie.\r\nSon p\u00e8re est mort sans avoir pu partager ce secret avec ses enfants.\r\nC'est de l\u00e0 qu'ont surgi ces pages o\u00f9 inlassablement, l'auteure interroge son p\u00e8re, sa m\u00e8re, s'interroge elle-m\u00eame sur ce qui n'a pas pu \u00eatre dit...\r\nPour aller \u00e0 la rencontre de ce p\u00e8re tant aim\u00e9.\r\nPour accompagner sa m\u00e8re sur un chemin qui fut si difficile.\r\nPour rompre le silence et ne pas le transmettre \u00e0 ses propres enfants.\r\nEt m\u00eame pour approfondir sa foi...\r","authors":["Anne Oxford"],"category_codes":["1000000","1060000","1060300"],"visuals":{"large":"https:\/\/images.epagine.fr\/103\/9782849241103_1_75.jpg","medium":"https:\/\/images.epagine.fr\/103\/9782849241103_1_m.jpg","thumbnail":"https:\/\/images.epagine.fr\/103\/9782849241103_1_v.jpg"},"orderable":true,"show_badge":true,"formatted_price":"10,00&nbsp;\u20ac","formatted_published_date":"4 d\u00e9cembre 2008","publisher_availability_label":"Sur commande","short_details":"Anne Oxford \u2014 Editions Du Cygne","translator":null,"weight":120,"page_count":null,"readership":"Tout public","editor":"Editions Du Cygne","price":1000,"published_date":"2008-12-03T23:00:00.000000Z","support":"Grand format","publisher_availability":1,"stock":0,"editions":[],"url":"https:\/\/quaidesbrumes.com\/ouvrage\/9782849241103\/moi-fille-de-pretre-histoire-dun-secret"},{"id":"9782849241127","title":"La guerre d'Espagne vue de Barcelone ; m\u00e9moires d'un garde civil r\u00e9publicain","description":"Une litt\u00e9rature souvent brillante a fait conna\u00eetre la guerre civile espagnole (1936-1939) du point de vue des milices (communistes, anarchistes). Le point de vue des militaires professionnels, notamment les gardes civils rest\u00e9s fid\u00e8les \u00e0 la R\u00e9publique, est pour sa part moins diffus\u00e9 dans le grand public.\r\nLes m\u00e9moires de Jos\u00e9(-Mar\u00eda) Colera (1905-1990), un combattant qui fut d'un grand nombre de batailles d\u00e9cisives sur le front de l'Est et \u00e0 Barcelone, nous plongent dans le quotidien des soldats r\u00e9publicains en Catalogne, leur imaginaire, leurs pr\u00e9occupations, et ravivent le souvenir des occasions manqu\u00e9es et des trahisons qui les ont finalement conduits \u00e0 la d\u00e9faite et \u00e0 l'exil. Annot\u00e9 et traduit par Christophe Colera, un petit-fils de son auteur, ce texte rappelle que l'esprit de lutte n'a jamais abandonn\u00e9 ces hommes qui le perp\u00e9tu\u00e8rent apr\u00e8s 1939 dans la R\u00e9sistance fran\u00e7aise puis pendant la guerre d'Alg\u00e9rie. \r\nUne contribution vivante \u00e0 une histoire trop souvent fig\u00e9e dans des clich\u00e9s.\r","authors":["Jose Colera"],"category_codes":["1000000","1060000","1060300"],"visuals":{"large":"https:\/\/images.epagine.fr\/127\/9782849241127_1_75.jpg","medium":"https:\/\/images.epagine.fr\/127\/9782849241127_1_m.jpg","thumbnail":"https:\/\/images.epagine.fr\/127\/9782849241127_1_v.jpg"},"orderable":true,"show_badge":true,"formatted_price":"15,00&nbsp;\u20ac","formatted_published_date":"4 d\u00e9cembre 2008","publisher_availability_label":"Sur commande","short_details":"Jose Colera \u2014 Editions Du Cygne","translator":null,"weight":150,"page_count":null,"readership":"Tout public","editor":"Editions Du Cygne","price":1500,"published_date":"2008-12-03T23:00:00.000000Z","support":"Grand format","publisher_availability":1,"stock":0,"editions":[],"url":"https:\/\/quaidesbrumes.com\/ouvrage\/9782849241127\/la-guerre-despagne-vue-de-barcelone-memoires-dun-garde-civil-republicain"},{"id":"9782013437516","title":"Reponse au 'memoire pour les colonies francaises'","description":"R\u00e9ponse au \"M\u00e9moire pour les colonies fran\u00e7aises\" Date de l'\u00e9dition originale : 1822 Sujet de l'ouvrage : France -- Colonies -- Histoire Ce livre est la reproduction fid\u00e8le d'une oeuvre publi\u00e9e avant 1920 et fait partie d'une collection de livres r\u00e9imprim\u00e9s \u00e0 la demande \u00e9dit\u00e9e par Hachette Livre, dans le cadre d'un partenariat avec la Biblioth\u00e8que nationale de France, offrant l'opportunit\u00e9 d'acc\u00e9der \u00e0 des ouvrages anciens et souvent rares issus des fonds patrimoniaux de la BnF.\r\nLes oeuvres faisant partie de cette collection ont \u00e9t\u00e9 num\u00e9ris\u00e9es par la BnF et sont pr\u00e9sentes sur Gallica, sa biblioth\u00e8que num\u00e9rique.\r\n\r\nEn entreprenant de redonner vie \u00e0 ces ouvrages au travers d'une collection de livres r\u00e9imprim\u00e9s \u00e0 la demande, nous leur donnons la possibilit\u00e9 de rencontrer un public \u00e9largi et participons \u00e0 la transmission de connaissances et de savoirs parfois difficilement accessibles.\r\nNous avons cherch\u00e9 \u00e0 concilier la reproduction fid\u00e8le d'un livre ancien \u00e0 partir de sa version num\u00e9ris\u00e9e avec le souci d'un confort de lecture optimal. Nous esp\u00e9rons que les ouvrages de cette nouvelle collection vous apporteront enti\u00e8re satisfaction.\r\n\r\nPour plus d'informations, rendez-vous sur www.hachettebnf.fr http:\/\/gallica.bnf.fr\/ark:\/12148\/bpt6k5790449s\r","authors":[],"category_codes":["1000000","1060000","1060200"],"visuals":{"large":"https:\/\/images.epagine.fr\/516\/9782013437516_1_75.jpg","medium":"https:\/\/images.epagine.fr\/516\/9782013437516_1_m.jpg","thumbnail":"https:\/\/images.epagine.fr\/516\/9782013437516_1_v.jpg"},"orderable":true,"show_badge":true,"formatted_price":"9,50&nbsp;\u20ac","formatted_published_date":"1er septembre 2014","publisher_availability_label":"Sur commande","short_details":"Hachette BNF","translator":null,"weight":70,"page_count":null,"readership":null,"editor":"Hachette BNF","price":950,"published_date":"2014-08-31T22:00:00.000000Z","support":"Grand format","publisher_availability":1,"stock":0,"editions":[],"url":"https:\/\/quaidesbrumes.com\/ouvrage\/9782013437516\/reponse-au-memoire-pour-les-colonies-francaises"},{"id":"9782914481724","title":"Victor Consid\u00e9rant, d\u00e9mocrate fouri\u00e9riste","description":"\r\n            victor consid\u00e9rant (1808-1893) n'a pas eu la place qui lui revenait parmi les grands r\u00e9formateurs sociaux du xixe si\u00e8cle.\r\n ce fouri\u00e9riste tout \u00e0 la fois fid\u00e8le et indisciplin\u00e9 a pourtant une tr\u00e8s forte personnalit\u00e9.  plus qu'un philosophe.  consid\u00e9rant est un militant le premier sans doute, dans le monde contemporain.  il a pressenti ce que pouvait \u00eatre un parti politique moderne.  ce qu'il a contribu\u00e9 \u00e0 semer, s'appelle d\u00e9mocratie.  r\u00e9publique, r\u00e9forme et libert\u00e9, indissolublement unis.  derri\u00e8re les pages des livres du chef de l'ecole soci\u00e9taire, palpite une pens\u00e9e g\u00e9n\u00e9reuse.\r\n qui croit au perfectionnement continu de l'homme par le moyen de son intelligence et de sa raison.  cette pens\u00e9e a tenu son r\u00f4le, exerc\u00e9 son influence : elle peut encore nourrir les r\u00e9flexions d'aujourd'hui. \r\n        \r","authors":["Michel Vernus"],"category_codes":["1000000","1060000","1060300"],"visuals":{"large":"https:\/\/images.epagine.fr\/724\/9782914481724_1_75.jpg","medium":"https:\/\/images.epagine.fr\/724\/9782914481724_1_m.jpg","thumbnail":"https:\/\/images.epagine.fr\/724\/9782914481724_1_v.jpg"},"orderable":true,"show_badge":true,"formatted_price":"16,30&nbsp;\u20ac","formatted_published_date":"5 mars 2009","publisher_availability_label":"Sur commande","short_details":"Michel Vernus \u2014 Virgile","translator":null,"weight":310,"page_count":null,"readership":"Tout public","editor":"Virgile","price":1630,"published_date":"2009-03-04T23:00:00.000000Z","support":"Grand format","publisher_availability":1,"stock":0,"editions":[],"url":"https:\/\/quaidesbrumes.com\/ouvrage\/9782914481724\/victor-considerant-democrate-fourieriste"},{"id":"9791043149252","title":"Alfred nettement. sa vie et ses oeuvres - une biographie d'alfred nettement explorant sa vie, son oe","description":null,"authors":["Bire Edmond"],"category_codes":["1000000","1060000","1060200"],"visuals":{"large":"https:\/\/quaidesbrumes.com\/img\/book-placeholder.png","medium":"https:\/\/quaidesbrumes.com\/img\/book-placeholder.png","thumbnail":"https:\/\/quaidesbrumes.com\/img\/book-placeholder.png"},"orderable":true,"show_badge":true,"formatted_price":"26,00&nbsp;\u20ac","formatted_published_date":"10 avril 2026","publisher_availability_label":"Sur commande","short_details":"Bire Edmond \u2014 Culturea","translator":null,"weight":516,"page_count":null,"readership":null,"editor":"Culturea","price":2600,"published_date":"2026-04-09T22:00:00.000000Z","support":"Grand format","publisher_availability":1,"stock":0,"editions":[],"url":"https:\/\/quaidesbrumes.com\/ouvrage\/9791043149252\/alfred-nettement-sa-vie-et-ses-oeuvres-une-biographie-dalfred-nettement-explorant-sa-vie-son-oe"},{"id":"9782213644059","title":"France :  je t'aime, je te quitte","description":"Aucun livre navait, jusquici, donn\u00e9 la parole aux Fran\u00e7ais qui\r\nportent un regard ext\u00e9rieur sur leur propre pays : les expatri\u00e9s.\r\nT\u00e9moins privil\u00e9gi\u00e9s dun monde globalis\u00e9, les deux millions et demi\r\nde Fran\u00e7ais de l\u00e9tranger (un record) sont id\u00e9alement plac\u00e9s pour\r\nouvrir les fen\u00eatres de lHexagone. En plein d\u00e9bat sur lidentit\u00e9\r\nnationale, ce livre denqu\u00eate est aussi une utile contribution pour\r\nmieux cerner ce qui fait aujourdhui loriginalit\u00e9 de la France dans le\r\nmonde.\r\nLe miroir que nous tendent ces \"Fran\u00e7ais du dehors\" nest pas\r\ntoujours des plus flatteurs. Ils pointent des travers nationaux qui\r\napparaissent souvent plus clairement avec la distance : refus du\r\nchangement, culture du conflit, obstacles \u00e0 linitiative, rat\u00e9s de la\r\ndiversit\u00e9, poids de l\u00e9tiquette, nombrilisme cocardier\r\nMais lherbe nest pas toujours plus verte ailleurs. Loin de c\u00e9der \u00e0\r\n\"la d\u00e9clinologie\", ce livre met aussi en relief tous les bons c\u00f4t\u00e9s de\r\nla \"douce France\" : qualit\u00e9 de vie incomparable, services publics\r\nperformants, protection sociale robuste, go\u00fbt du d\u00e9bat et des belles\r\nlettres Autant daspects positifs trop souvent perdus de vue par\r\nles \"Fran\u00e7ais de lint\u00e9rieur\".\r\nCette enqu\u00eate repose sur les t\u00e9moignages de Fran\u00e7ais \u00e0 lesprit\r\naventurier partis vivre aux Etats-Unis, au Canada, en Allemagne, en\r\nGrande-Bretagne, aux Pays-Bas, en Su\u00e8de, au Japon, en Chine et\r\nen Australie. Ce livre contient aussi des interviews exclusives\r\ndexpatri\u00e9s c\u00e9l\u00e8bres (Yannick Noah, Charl\u00e9lie Couture, Marc Levy,\r\nle Pr Luc Montagnier) et dhommes politiques (Hubert V\u00e9drine,\r\nThierry Mariani).\r\n\r\n\r","authors":["Christian Roudaut"],"category_codes":["9000000","9120000","9120300"],"visuals":{"large":"https:\/\/images.epagine.fr\/059\/9782213644059_1_75.jpg","medium":"https:\/\/images.epagine.fr\/059\/9782213644059_1_m.jpg","thumbnail":"https:\/\/images.epagine.fr\/059\/9782213644059_1_v.jpg"},"orderable":true,"show_badge":true,"formatted_price":"24,00&nbsp;\u20ac","formatted_published_date":"31 mars 2010","publisher_availability_label":"Sur commande","short_details":"Christian Roudaut \u2014 Fayard","translator":null,"weight":354,"page_count":239,"readership":null,"editor":"Fayard","price":2400,"published_date":"2010-03-30T22:00:00.000000Z","support":"Grand format","publisher_availability":1,"stock":0,"editions":[],"url":"https:\/\/quaidesbrumes.com\/ouvrage\/9782213644059\/france-je-taime-je-te-quitte"},{"id":"9782847121964","title":"Vihiers, le Voide, St-Hilaire du bois ; d'hier et d'aujourd'hui","description":"L'histoire de Vihiers est ancienne : \u00e9vang\u00e9lis\u00e9 au IVe si\u00e8cle, mentionn\u00e9 pour la premi\u00e8re fois en 889 sous le nom de Viviarum, Vihiers a su tout au long de son histoire se d\u00e9velopper et devenir une place centrale : construction d'\u00e9glises, d'une forteresse, accueil de foires depuis le Moyen-Age, lieu important de la R\u00e9volution et des guerres de Vend\u00e9e, industrialisation au XIXe si\u00e8cle, puis au XXe si\u00e8cle, Vihiers confirme son r\u00f4le central en s'associant \u00e0 ses deux communes voisines : Saint-\r\nHilaire du Bois et Le Voide.\r\n\r\nSaint-Hilaire fut jusqu'au XIe si\u00e8cle la paroisse Doyenne de ses alentours. L'ancienn\u00e9t\u00e9 de son \u00e9glise, et la pr\u00e9sence du ch\u00e2teau\r\ndu Coudray-Monybault t\u00e9moignent de l'importance du village jusqu'\u00e0 son association avec Vihiers en 1974.\r\n\r\nDe m\u00eame Le Voide, dont la premi\u00e8re mention remonte au VIe si\u00e8cle, reste un village dynamique, accueillant de multiples curiosit\u00e9s (\u00e9glise, chapelle, croix de chemin, etc.). Ce livre retrace cette histoire, mais \u00e9galement la vie quotidienne des trois villages : commerces, artisanats, industries, portraits d'hommes et de femmes, sports, loisirs, etc. Un livre pour et sur les Vihiersois, les Saint-Hilairois, et les Vo\u00efdiens, d'hier et d'aujourd'hui.\r","authors":["Collectif"],"category_codes":["1000000","1060000","1060300"],"visuals":{"large":"https:\/\/images.epagine.fr\/964\/9782847121964_1_75.jpg","medium":"https:\/\/images.epagine.fr\/964\/9782847121964_1_m.jpg","thumbnail":"https:\/\/images.epagine.fr\/964\/9782847121964_1_v.jpg"},"orderable":true,"show_badge":true,"formatted_price":"20,00&nbsp;\u20ac","formatted_published_date":"11 d\u00e9cembre 2008","publisher_availability_label":"Sur commande","short_details":"Collectif \u2014 Petit Pave","translator":null,"weight":340,"page_count":null,"readership":"Tout public","editor":"Petit Pave","price":2000,"published_date":"2008-12-10T23:00:00.000000Z","support":"Grand format","publisher_availability":1,"stock":0,"editions":[],"url":"https:\/\/quaidesbrumes.com\/ouvrage\/9782847121964\/vihiers-le-voide-st-hilaire-du-bois-dhier-et-daujourdhui"},{"id":"9782910196806","title":"Nirvana, la v\u00e9ritable histoire","description":"Plus de dix ans apr\u00e8s le suicide de Kurt Cobain, Nirvana continue d'exercer un \u00e9norme pouvoir sur la musique populaire alors que les nouvelles g\u00e9n\u00e9rations d\u00e9couvrent l'intensit\u00e9 de sa musique. Pour la premi\u00e8re fois, voici l'histoire, vue de l'int\u00e9rieur, d'un des groupes rock les plus influents. Nirvana : La V\u00e9ritable Histoire est une analyse pr\u00e9cise d'un groupe dont on a maintes fois d\u00e9form\u00e9 l'histoire. L'auteur, Everett True, a \u00e9t\u00e9 le seul journaliste autoris\u00e9 \u00e0 p\u00e9n\u00e9trer dans la maison Cobain juste apr\u00e8s la mort de Kurt. Il \u00e9tait l'ami personnel de plusieurs stars du grunge, conna\u00eet toutes les histoires derri\u00e8re le mythe et, dans ce livre, il r\u00e9v\u00e8le ce que le groupe l\u00e9gendaire \u00e9tait vraiment. Il raconte ce qui est arriv\u00e9 \u00e0 Cobain dans les villes d'Olympia et Seattle, comment Kurt a rencontr\u00e9 Courtney pour la premi\u00e8re fois et l\u00e8ve le voile sur la face cach\u00e9e des situations, des r\u00e9unions, des dates de concert, des amis et des dealers de drogue qui entouraient l'explosion grunge.\r","authors":["Everett True"],"category_codes":["1000000","1060000","1060300"],"visuals":{"large":"https:\/\/images.epagine.fr\/806\/9782910196806_1_75.jpg","medium":"https:\/\/images.epagine.fr\/806\/9782910196806_1_m.jpg","thumbnail":"https:\/\/images.epagine.fr\/806\/9782910196806_1_v.jpg"},"orderable":true,"show_badge":true,"formatted_price":"32,00&nbsp;\u20ac","formatted_published_date":"2 juin 2008","publisher_availability_label":"Sur commande","short_details":"Everett True \u2014 Le Camion Blanc","translator":null,"weight":980,"page_count":687,"readership":null,"editor":"Le Camion Blanc","price":3200,"published_date":"2008-06-01T22:00:00.000000Z","support":"Grand format","publisher_availability":1,"stock":0,"editions":[],"url":"https:\/\/quaidesbrumes.com\/ouvrage\/9782910196806\/nirvana-la-veritable-histoire"},{"id":"9782342369694","title":"Les \u00e2mes corrompues","description":"D\u00e9couvrez l'histoire inspirante d'un p\u00e8re injustement emprisonn\u00e9, qui trouve la force de lutter contre l'injustice et de chercher la spiritualit\u00e9 au coeur de Rome. Un r\u00e9cit captivant entre Gen\u00e8ve, Rome et le Vatican.\r\nUn matin de 2015, victime d'une plainte calomnieuse, un p\u00e8re de deux enfants est arr\u00eat\u00e9 et emprisonn\u00e9 par la police. C'est le d\u00e9but d'une spirale infernale. Apr\u00e8s pr\u00e8s de six mois de d\u00e9tention, il parvient enfin \u00e0 recouvrer sa libert\u00e9. \u00c0 la fin de l'ann\u00e9e 2018, alors qu'il envisageait de prendre un nouveau d\u00e9part, il fait des r\u00eaves numineux qui le poussent \u00e0 lutter contre l'injustice. En 2019, il se rend \u00e0 Rome, sur la tombe de Loyola et au Vatican. En 2022, il retourne \u00e0 Rome sans pr\u00e9paration pr\u00e9alable, d\u00e9sireux de rencontrer le pape.\r\n\r\nDans un monde d\u00e9stabilis\u00e9 par des probl\u00e8mes sociaux, \u00e9conomiques, racistes, s\u00e9gr\u00e9gationnistes, mais aussi par un manque de confiance et de foi en soi, l'\u00eatre humain perd rapidement pied, parfois de mani\u00e8re irr\u00e9versible. Ces \u00e9l\u00e9ments, qui ont une influence consid\u00e9rable, accompagn\u00e9s de nombreuses interventions ext\u00e9rieures, passives et actives, peuvent jouer un r\u00f4le funeste dans notre vie et sur notre sant\u00e9 globale. Ainsi, tout devient encore plus difficile. L'histoire se d\u00e9roule entre Gen\u00e8ve, Rome et le Vatican.","authors":["Kuman Kafkas"],"category_codes":["1000000","1060000","1060300"],"visuals":{"large":"https:\/\/images.epagine.fr\/694\/9782342369694_1_75.jpg","medium":"https:\/\/images.epagine.fr\/694\/9782342369694_1_m.jpg","thumbnail":"https:\/\/images.epagine.fr\/694\/9782342369694_1_v.jpg"},"orderable":true,"show_badge":true,"formatted_price":"19,50&nbsp;\u20ac","formatted_published_date":"6 novembre 2023","publisher_availability_label":"Sur commande","short_details":"Kuman Kafkas \u2014 PUBLIBOOK","translator":null,"weight":401,"page_count":242,"readership":null,"editor":"PUBLIBOOK","price":1950,"published_date":"2023-11-05T23:00:00.000000Z","support":"Grand format","publisher_availability":1,"stock":0,"editions":[],"url":"https:\/\/quaidesbrumes.com\/ouvrage\/9782342369694\/les-ames-corrompues"},{"id":"9782081221109","title":"Maurras ; le chaos et l'ordre","description":"\r\n            en 1932, jean paulhan \u00e9crit qu'un jeune homme d\u00e9sireux de s'engager politiquement n'a de v\u00e9ritable choix qu'entre karl marx et charles maurras : alternative inconcevable aujourd'hui, tant maurras incarne \u00e0 nos yeux une france du pass\u00e9, haineuse et coupable.\r\n comment, pourtant, occulter la vie et l'oeuvre de cet homme, sans lesquelles le xxe si\u00e8cle demeure largement incompr\u00e9hensible ? comment expliquer qu'il ait influenc\u00e9 des personnalit\u00e9s aussi diff\u00e9rentes que celles de charles de gaulle, t.  s.  eliot, jacques lacan, philippe ari\u00e8s, georges dum\u00e9zil.  ? tenter de comprendre la fascination qu'il exer\u00e7a, est-ce n\u00e9cessairement verser dans l'irrationalit\u00e9 antis\u00e9mite qui entachait sa pens\u00e9e ? car maurras fut l'un des personnages les plus contrast\u00e9s de cette france dor\u00e9e et trouble de la belle epoque et de l'entre-deux-guerres.\r\n il y a le proven\u00e7al mont\u00e9 tout jeune \u00e0 paris, disciple de fr\u00e9d\u00e9ric mistral et de dante, dont les id\u00e9es f\u00e9d\u00e9ralistes sont salu\u00e9es \u00e0 gauche comme \u00e0 droite ; il y a le h\u00e9raut du royalisme, fondateur de l'action fran\u00e7aise au tournant du si\u00e8cle, d\u00e9fenseur du catholicisme, mais agnostique lui-m\u00eame ; il y a le journaliste pol\u00e9miste antis\u00e9mite et antidreyfusard, hostile au nazisme d\u00e8s 1923 ; il y a le critique litt\u00e9raire, qui salua en proust, auteur inconnu des plaisirs et des jours, un \u00e9crivain exceptionnel; il y a le po\u00e8te et prosateur, que gide, colette, val\u00e9ry et tant d'autres mettaient au pinacle de la litt\u00e9rature fran\u00e7aise.\r\n il y a aussi, bien moins connu, un maurras bon vivant, \u00e9pris des femmes et nourri de culture antique.  s'appuyant sur des correspondances, des documents et des t\u00e9moignages in\u00e9dits, cette biographie propose un portrait fouill\u00e9, qui raconte aussi l'une des \u00e9poques les plus complexes de l'histoire de france. \r\n        \r","authors":["St\u00e9phane Giocanti"],"category_codes":["1000000","1060000","1060300"],"visuals":{"large":"https:\/\/images.epagine.fr\/109\/9782081221109_1_75.jpg","medium":"https:\/\/images.epagine.fr\/109\/9782081221109_1_m.jpg","thumbnail":"https:\/\/images.epagine.fr\/109\/9782081221109_1_v.jpg"},"orderable":true,"show_badge":true,"formatted_price":"29,90&nbsp;\u20ac","formatted_published_date":"7 novembre 2008","publisher_availability_label":"Sur commande","short_details":"St\u00e9phane Giocanti \u2014 Flammarion","translator":null,"weight":715,"page_count":575,"readership":"Tout public","editor":"Flammarion","price":2990,"published_date":"2008-11-06T23:00:00.000000Z","support":"Grand format","publisher_availability":1,"stock":0,"editions":[],"url":"https:\/\/quaidesbrumes.com\/ouvrage\/9782081221109\/maurras-le-chaos-et-lordre"},{"id":"9782312124889","title":"Bab el oued - (et ses mille et une vies cachees)","description":"\u00abBab El Oued\u00bb raconte le quartier le plus embl\u00e9matique d'Alger; l\u00e0 o\u00f9 Europ\u00e9ens, Fran\u00e7ais et Alg\u00e9riens, dont les Isra\u00e9lites, ont v\u00e9cu, aim\u00e9, partag\u00e9 les plaisirs d'une vie insouciante, sereine aux pieds de la M\u00e9diterran\u00e9e. Aujourd'hui, longtemps apr\u00e8s l'Ind\u00e9pendance du pays et le d\u00e9part dans la douleur des \u00abFran\u00e7ais d'Alg\u00e9rie\u00bb, y compris la population Isra\u00e9lite, le spleen d'un pass\u00e9 r\u00e9volu hante Alger. \u00c0 Bab El Oued plus qu'ailleurs. Le seul quartier alg\u00e9rois qui avait le plus de cin\u00e9ma et le plus fantasque march\u00e9 de fruits et l\u00e9gumes du pays, le march\u00e9 des Trois Horloges. Visite guid\u00e9e intemporelle de Bab El Oued, ses cin\u00e9mas, ses plages...","authors":["Boukhalfa Mahdi"],"category_codes":["1000000","1060000","1060300"],"visuals":{"large":"https:\/\/images.epagine.fr\/889\/9782312124889_1_75.jpg","medium":"https:\/\/images.epagine.fr\/889\/9782312124889_1_m.jpg","thumbnail":"https:\/\/images.epagine.fr\/889\/9782312124889_1_v.jpg"},"orderable":true,"show_badge":true,"formatted_price":"19,00&nbsp;\u20ac","formatted_published_date":"1er septembre 2022","publisher_availability_label":"Sur commande","short_details":"Boukhalfa Mahdi \u2014 Editions du Net","translator":null,"weight":332,"page_count":null,"readership":null,"editor":"Editions du Net","price":1900,"published_date":"2022-08-31T22:00:00.000000Z","support":"Grand format","publisher_availability":1,"stock":0,"editions":[],"url":"https:\/\/quaidesbrumes.com\/ouvrage\/9782312124889\/bab-el-oued-et-ses-mille-et-une-vies-cachees"},{"id":"9782296058194","title":"Le blanchiment des noirs ; la derni\u00e8re victoire contre le racisme","description":"Le blanchiment des Noirs devrait-il \u00eatre consid\u00e9r\u00e9 comme aussi grave que le changement de religion, de nationalit\u00e9 ou de sexe ? Avec le consentement des Noirs, leur blanchiment parviendrait-il \u00e0 \u00e9liminer le racisme ? Ou continuerait-on d'exercer la s\u00e9gr\u00e9gation \u00e0 leur \u00e9gard en les traitant d'anciens Noirs ou de faux Blancs ? Ce roman raconte une exp\u00e9rience de blanchiment de Noirs, mais aussi l'aventure de cinq racistes blancs am\u00e9ricains devenus Noirs.\r","authors":["Hassan Benjelloun"],"category_codes":["1000000","1060000","1060300"],"visuals":{"large":"https:\/\/images.epagine.fr\/194\/9782296058194_1_75.jpg","medium":"https:\/\/images.epagine.fr\/194\/9782296058194_1_m.jpg","thumbnail":"https:\/\/images.epagine.fr\/194\/9782296058194_1_v.jpg"},"orderable":true,"show_badge":true,"formatted_price":"18,00&nbsp;\u20ac","formatted_published_date":"6 juin 2008","publisher_availability_label":"Sur commande","short_details":"Hassan Benjelloun \u2014 \u00c9ditions L'Harmattan","translator":null,"weight":195,"page_count":176,"readership":null,"editor":"\u00c9ditions L'Harmattan","price":1800,"published_date":"2008-06-05T22:00:00.000000Z","support":"Grand format","publisher_availability":1,"stock":0,"editions":[],"url":"https:\/\/quaidesbrumes.com\/ouvrage\/9782296058194\/le-blanchiment-des-noirs-la-derniere-victoire-contre-le-racisme"}]}