{"data":[{"id":"9782951328549","title":"L'autobus des gueules noires...\u00e0 la campagne ; ou la vie des mineurs de fond","description":"Il y a des mineurs de fond \u00e0 la campagne. Avec ma Renault 5, je suis parti \u00e0 leur rencontre.\r\nJ'emprunte la ligne d'autobus des Geules noires, \u00e0 travers le Nord et le Pas-de-Calais. Le cadre de vie bucolique, me d\u00e9payse. \r\nJe parle avec Jean-Pierre D\u00e9songnis, Louis Tonelle, passionn\u00e9s par les roses et les g\u00e9raniums. Il y a L\u00e9on Oliver, surnomm\u00e9 Ch'Roux, Octave Morel et son chien Canelle... Ils \u00e9voquent Adamo, l'mineur cinteux, Jean Corrette l'chiffloteux.\r\n\r\nLes ouvriers du charbon \u00e0 la retraite, rencontr\u00e9s ici, all\u00e8rent au puits en autocar. Les plus jeunes ont fini leurs ann\u00e9es \u00e0 l'usine automobile... Et les chauffeurs, Paul le pionnier, Louis Tellier et Ren\u00e9 V\u00e9ret, si le d\u00e9brouillard ! En parlant, chacun demandait des nouvelles de l'autre qu'il n'avait plus vu.\r\n\r\nMon r\u00eave, nous dit Patrice Dufoss\u00e9, est qu'\u00e0 travers leurs yeux, je r\u00e9ussisse \u00e0 retrouver les couleurs des autobus, gar\u00e9es dans ma m\u00e9moire.\r\n\r\nL'autobus des Gueules noires est un livre nourri de t\u00e9moignages et d'anecdotes, propos\u00e9s spontan\u00e9ment par des anciens mineurs dont le travail d\u00e9pendant du passage d'un autobus.\r","authors":["Patrice Dufoss\u00e9"],"category_codes":["1000000","1060000","1060100"],"visuals":{"large":"https:\/\/images.epagine.fr\/549\/9782951328549_1_75.jpg","medium":"https:\/\/images.epagine.fr\/549\/9782951328549_1_m.jpg","thumbnail":"https:\/\/images.epagine.fr\/549\/9782951328549_1_v.jpg"},"orderable":true,"show_badge":true,"formatted_price":"17,00&nbsp;\u20ac","formatted_published_date":"26 novembre 2002","publisher_availability_label":"Sur commande","short_details":"Patrice Dufoss\u00e9 \u2014 Nord Avril","translator":null,"weight":320,"page_count":160,"readership":null,"editor":"Nord Avril","price":1700,"published_date":"2002-11-25T23:00:00.000000Z","support":"Grand format","publisher_availability":1,"stock":0,"editions":[],"url":"https:\/\/quaidesbrumes.com\/ouvrage\/9782951328549\/lautobus-des-gueules-noiresa-la-campagne-ou-la-vie-des-mineurs-de-fond"},{"id":"9782951328532","title":"Mes douaisienneries","description":"\"Le patois \u00e9tant, d'apr\u00e8s l'Acad\u00e9mie fran\u00e7aise elle-m\u00eame, \"le langage du peuple et des paysans, particulier \u00e0 chaque province\"; et les habitants de chaque localit\u00e9 lui donnant un pur accent de terroir en le parlant et le pronon\u00e7ant \u00e0 leur fa\u00e7on, j'estime humblement qu'il ne doit \u00eatre employ\u00e9 ou appropri\u00e9 qu'\u00e0 des faits essentiellement locaux.\r\n\r\nC'est ainsi que ne traitent, dans mes \u00e9crits, que de sujets douaisiens, tout en patois de Douai -tel qu'on le parle en ville et sans addition de locutions outr\u00e9es ou invent\u00e9es- qu'en un langage usuel et familier.\r\n\r\nD\u00e9sir\u00e9 Druesne. Douai, octobre 1907.\" Les textes de D\u00e9sir\u00e9 Druesne s'accompagnent de vues de Douai, \u00e0 l'\u00e9poque et qui ne font pas partie de l'oeuvre originale.\r","authors":["D\u00e9sir\u00e9 Druesne"],"category_codes":["1000000","1060000","1060100"],"visuals":{"large":"https:\/\/images.epagine.fr\/532\/9782951328532_1_75.jpg","medium":"https:\/\/images.epagine.fr\/532\/9782951328532_1_m.jpg","thumbnail":"https:\/\/images.epagine.fr\/532\/9782951328532_1_v.jpg"},"orderable":true,"show_badge":true,"formatted_price":"17,00&nbsp;\u20ac","formatted_published_date":"26 novembre 2002","publisher_availability_label":"Sur commande","short_details":"D\u00e9sir\u00e9 Druesne \u2014 Nord Avril","translator":null,"weight":450,"page_count":202,"readership":null,"editor":"Nord Avril","price":1700,"published_date":"2002-11-25T23:00:00.000000Z","support":"Grand format","publisher_availability":1,"stock":0,"editions":[],"url":"https:\/\/quaidesbrumes.com\/ouvrage\/9782951328532\/mes-douaisienneries"},{"id":"9782844981141","title":"Mademoiselle George ; la trag\u00e9dienne de Napol\u00e9on","description":"\u00c9tonnant destin que celui de Marguerite Weimer (Bayeux, 1787-Paris, 1867). Devenue trag\u00e9dienne sous le nom de Mademoiselle George, elle allait s\u00e9duire tour \u00e0 tour Bonaparte et le tsar Alexandre Ier, Talleyrand et Metternich, avant d'entrer en r\u00e9volution aux c\u00f4t\u00e9s d'Alexandre Dumas, en juillet 1830. Car George la passionn\u00e9e, la scandaleuse, fut aussi une fervente amoureuse de la Libert\u00e9 !\r\nPassion et Libert\u00e9, c'est de ce double signe que fut marqu\u00e9e sa carri\u00e8re dramatique, particuli\u00e8rement longue et fertile. Mont\u00e9e sur les planches tout enfant, Mademoiselle George devait, en soixante ans de th\u00e9\u00e2tre, interpr\u00e9ter les plus grandes pi\u00e8ces classiques et modernes avec autant de succ\u00e8s. Apr\u00e8s s'\u00eatre illustr\u00e9e dans le r\u00e9pertoire \u00e0 la Com\u00e9die-Fran\u00e7aise, elle embrassa la cause des romantiques et se battit pour imposer Dumas, Vigny ou Hugo, \u00e0 l'Od\u00e9on, puis \u00e0 la Porte Saint-Martin. Vedette incontest\u00e9e de la sc\u00e8ne nationale elle se r\u00e9v\u00e9la \u00e9galement la premi\u00e8re artiste internationale, applaudie de Stockholm \u00e0 Constantinople, de Bruxelles \u00e0 Moscou ou Saint-P\u00e9tersbourg. Gustave Flaubert, adolescent, r\u00eava un temps de devenir acteur apr\u00e8s avoir vu jouer \u00ab la fameuse Mademoiselle George \u00bb et L\u00e9on Tolsto\u00ef lui consacra plusieurs pages \u00e9blouies de Guerre et Paix...\r\nEn m\u00eame temps qu'un personnage \u00e0 la d\u00e9mesure et au charisme exceptionnels, H\u00e9l\u00e8ne Tierchant ressuscite ici une p\u00e9riode captivante et cruciale de l'histoire de l'Europe. Un ouvrage de r\u00e9f\u00e9rence et un r\u00e9gal de lecture...\r","authors":["H\u00e9l\u00e8ne Tierchant"],"category_codes":["1000000","1060000","1060100"],"visuals":{"large":"https:\/\/images.epagine.fr\/141\/9782844981141_1_75.jpg","medium":"https:\/\/images.epagine.fr\/141\/9782844981141_1_m.jpg","thumbnail":"https:\/\/images.epagine.fr\/141\/9782844981141_1_v.jpg"},"orderable":true,"show_badge":true,"formatted_price":"19,00&nbsp;\u20ac","formatted_published_date":"26 mars 2008","publisher_availability_label":"Sur commande","short_details":"H\u00e9l\u00e8ne Tierchant \u2014 Aub\u00e9ron","translator":null,"weight":438,"page_count":328,"readership":null,"editor":"Aub\u00e9ron","price":1900,"published_date":"2008-03-25T23:00:00.000000Z","support":"Grand format","publisher_availability":1,"stock":0,"editions":[],"url":"https:\/\/quaidesbrumes.com\/ouvrage\/9782844981141\/mademoiselle-george-la-tragedienne-de-napoleon"},{"id":"9782013437127","title":"Projet de petition d'un colon aux representants du peuple francais, sur la motion de faire decreter","description":"Projet de p\u00e9tition d'un colon aux repr\u00e9sentants du peuple fran\u00e7ais, sur la motion de faire d\u00e9cr\u00e9ter le concordat pass\u00e9 \u00e0 La Croix-des-Bouquets, le 11 septembre 1791, entre les blancs de la garde nationale du Port-au-Prince et les mul\u00e2tres libres et n\u00e8gres esclaves camp\u00e9s aupr\u00e8s de cette ville Date de l'\u00e9dition originale : 1791 Sujet de l'ouvrage : France -- Colonies -- HistoireAm\u00e9rique -- HistoireHa\u00efti (\u00eele) Ce livre est la reproduction fid\u00e8le d'une oeuvre publi\u00e9e avant 1920 et fait partie d'une collection de livres r\u00e9imprim\u00e9s \u00e0 la demande \u00e9dit\u00e9e par Hachette Livre, dans le cadre d'un partenariat avec la Biblioth\u00e8que nationale de France, offrant l'opportunit\u00e9 d'acc\u00e9der \u00e0 des ouvrages anciens et souvent rares issus des fonds patrimoniaux de la BnF.\r\nLes oeuvres faisant partie de cette collection ont \u00e9t\u00e9 num\u00e9ris\u00e9es par la BnF et sont pr\u00e9sentes sur Gallica, sa biblioth\u00e8que num\u00e9rique.\r\n\r\nEn entreprenant de redonner vie \u00e0 ces ouvrages au travers d'une collection de livres r\u00e9imprim\u00e9s \u00e0 la demande, nous leur donnons la possibilit\u00e9 de rencontrer un public \u00e9largi et participons \u00e0 la transmission de connaissances et de savoirs parfois difficilement accessibles.\r\nNous avons cherch\u00e9 \u00e0 concilier la reproduction fid\u00e8le d'un livre ancien \u00e0 partir de sa version num\u00e9ris\u00e9e avec le souci d'un confort de lecture optimal. Nous esp\u00e9rons que les ouvrages de cette nouvelle collection vous apporteront enti\u00e8re satisfaction.\r\n\r\nPour plus d'informations, rendez-vous sur www.hachettebnf.fr http:\/\/gallica.bnf.fr\/ark:\/12148\/bpt6k57865222\r","authors":[],"category_codes":["1000000","1060000","1060200"],"visuals":{"large":"https:\/\/images.epagine.fr\/127\/9782013437127_1_75.jpg","medium":"https:\/\/images.epagine.fr\/127\/9782013437127_1_m.jpg","thumbnail":"https:\/\/images.epagine.fr\/127\/9782013437127_1_v.jpg"},"orderable":true,"show_badge":true,"formatted_price":"9,50&nbsp;\u20ac","formatted_published_date":"1er septembre 2014","publisher_availability_label":"Sur commande","short_details":"Hachette BNF","translator":null,"weight":43,"page_count":null,"readership":null,"editor":"Hachette BNF","price":950,"published_date":"2014-08-31T22:00:00.000000Z","support":"Grand format","publisher_availability":1,"stock":0,"editions":[],"url":"https:\/\/quaidesbrumes.com\/ouvrage\/9782013437127\/projet-de-petition-dun-colon-aux-representants-du-peuple-francais-sur-la-motion-de-faire-decreter"},{"id":"9782081205093","title":"Un b\u00e9b\u00e9 toute seule ?","description":"De plus en plus de femmes seules se lancent dans l'aventure de la maternit\u00e9 : aberration condamnable ou ph\u00e9nom\u00e8ne de soci\u00e9t\u00e9 vou\u00e9 \u00e0 se d\u00e9velopper ? Face \u00e0 un choix personnel difficile, Guillemette Faure s'est pos\u00e9 ces questions et les aborde de front dans un t\u00e9moignage-enqu\u00eate nourri et surprenant. Elle nous entra\u00eene au fil d'un parcours sem\u00e9 d'emb\u00fbches dans le monde m\u00e9connu des banques de sperme et du tourisme procr\u00e9atif. Rencontres avec des c\u00e9libataires, honteuses ou revendiqu\u00e9es, qui bricolent des solutions ou h\u00e9sitent encore \u00e0 sauter le pas ; entretiens avec des m\u00e9decins, en Europe et aux \u00c9tats-Unis, coop\u00e9ratifs ou hostiles face aux nouvelles pratiques. Faire un enfant toute seule : un choix contest\u00e9, complexe au plan moral, psychologique, mat\u00e9riel. Ce r\u00e9cit \u00e9mouvant devrait r\u00e9veiller le d\u00e9bat en France sur un sujet encore tabou : ces candidates chaque jour plus nombreuses \u00e0 la procr\u00e9ation assist\u00e9e et \u00e0 l'adoption en solo.","authors":["Guillemette Faure"],"category_codes":["1000000","1060000","1060300","1060306"],"visuals":{"large":"https:\/\/images.epagine.fr\/093\/9782081205093_1_75.jpg","medium":"https:\/\/images.epagine.fr\/093\/9782081205093_1_m.jpg","thumbnail":"https:\/\/images.epagine.fr\/093\/9782081205093_1_v.jpg"},"orderable":true,"show_badge":true,"formatted_price":"18,30&nbsp;\u20ac","formatted_published_date":"9 avril 2008","publisher_availability_label":"Sur commande","short_details":"Guillemette Faure \u2014 Flammarion","translator":null,"weight":246,"page_count":189,"readership":null,"editor":"Flammarion","price":1830,"published_date":"2008-04-08T22:00:00.000000Z","support":"Grand format","publisher_availability":1,"stock":0,"editions":[],"url":"https:\/\/quaidesbrumes.com\/ouvrage\/9782081205093\/un-bebe-toute-seule"},{"id":"9782013423434","title":"Bibliographie des travaux de m. leopold delisle,...","description":"Bibliographie des travaux de M. L\u00e9opold Delisle,... \/ par Paul Lacombe Date de l'\u00e9dition originale : 1902 Sujet de l'ouvrage : Delisle, L\u00e9opold (1826-1910) -- Bibliographie Ce livre est la reproduction fid\u00e8le d'une oeuvre publi\u00e9e avant 1920 et fait partie d'une collection de livres r\u00e9imprim\u00e9s \u00e0 la demande \u00e9dit\u00e9e par Hachette Livre, dans le cadre d'un partenariat avec la Biblioth\u00e8que nationale de France, offrant l'opportunit\u00e9 d'acc\u00e9der \u00e0 des ouvrages anciens et souvent rares issus des fonds patrimoniaux de la BnF.\r\nLes oeuvres faisant partie de cette collection ont \u00e9t\u00e9 num\u00e9ris\u00e9es par la BnF et sont pr\u00e9sentes sur Gallica, sa biblioth\u00e8que num\u00e9rique.\r\n\r\nEn entreprenant de redonner vie \u00e0 ces ouvrages au travers d'une collection de livres r\u00e9imprim\u00e9s \u00e0 la demande, nous leur donnons la possibilit\u00e9 de rencontrer un public \u00e9largi et participons \u00e0 la transmission de connaissances et de savoirs parfois difficilement accessibles.\r\nNous avons cherch\u00e9 \u00e0 concilier la reproduction fid\u00e8le d'un livre ancien \u00e0 partir de sa version num\u00e9ris\u00e9e avec le souci d'un confort de lecture optimal. Nous esp\u00e9rons que les ouvrages de cette nouvelle collection vous apporteront enti\u00e8re satisfaction.\r\n\r\nPour plus d'informations, rendez-vous sur www.hachettebnf.fr\r","authors":["Paul Lacombe"],"category_codes":["1000000","1060000","1060200"],"visuals":{"large":"https:\/\/images.epagine.fr\/434\/9782013423434_1_75.jpg","medium":"https:\/\/images.epagine.fr\/434\/9782013423434_1_m.jpg","thumbnail":"https:\/\/images.epagine.fr\/434\/9782013423434_1_v.jpg"},"orderable":true,"show_badge":true,"formatted_price":"32,50&nbsp;\u20ac","formatted_published_date":"1er septembre 2014","publisher_availability_label":"Sur commande","short_details":"Paul Lacombe \u2014 Hachette BNF","translator":null,"weight":763,"page_count":null,"readership":null,"editor":"Hachette BNF","price":3250,"published_date":"2014-08-31T22:00:00.000000Z","support":"Grand format","publisher_availability":1,"stock":0,"editions":[],"url":"https:\/\/quaidesbrumes.com\/ouvrage\/9782013423434\/bibliographie-des-travaux-de-m-leopold-delisle"},{"id":"9782912525840","title":"Mensonges et v\u00e9rit\u00e9s sur la question noire en france ; ma r\u00e9ponse \u00e0 gaston kelman","description":"La France secou\u00e9e par la r\u00e9volte des jeunes de banlieues, s'est r\u00e9veill\u00e9e avec l'amer constat de l'\u00e9chec des syst\u00e8mes pr\u00f4n\u00e9s depuis plus de trente ans par tous les politiques de droite comme de gauche. Bernard Zongo prouve ici que la soci\u00e9t\u00e9 fran\u00e7aise, quoi qu'elle veuille, ne pourrait faire l'\u00e9conomie de ses composantes culturelles. Il utilise comme fil conducteur les ouvrages de Gaston Kelman, pour expliquer et r\u00e9futer les th\u00e8ses r\u00e9ductrices et n\u00e9grophobes qui circulent dans l'opinion fran\u00e7aise, posant avec lucidit\u00e9 la question de la place des Noirs en France. La r\u00e9flexion de Bernard Zongo se nourrit d'arguments, de donn\u00e9es chiffr\u00e9es, d'analyses sociologiques, historiques et linguistiques permettant d'offrir des \u00e9l\u00e9ments de r\u00e9ponse \u00e0 la probl\u00e9matique des Noirs en France.\r","authors":["Bernard Zongo"],"category_codes":["1000000","1060000","1060300"],"visuals":{"large":"https:\/\/images.epagine.fr\/840\/9782912525840_1_75.jpg","medium":"https:\/\/images.epagine.fr\/840\/9782912525840_1_m.jpg","thumbnail":"https:\/\/images.epagine.fr\/840\/9782912525840_1_v.jpg"},"orderable":true,"show_badge":true,"formatted_price":"18,00&nbsp;\u20ac","formatted_published_date":"5 janvier 2006","publisher_availability_label":"Sur commande","short_details":"Bernard Zongo \u2014 ACORIA","translator":null,"weight":200,"page_count":227,"readership":null,"editor":"ACORIA","price":1800,"published_date":"2006-01-04T23:00:00.000000Z","support":"Grand format","publisher_availability":1,"stock":0,"editions":[],"url":"https:\/\/quaidesbrumes.com\/ouvrage\/9782912525840\/mensonges-et-verites-sur-la-question-noire-en-france-ma-reponse-a-gaston-kelman"},{"id":"9782916086132","title":"Patricia karim","description":null,"authors":["Vincent Legros"],"category_codes":["1000000","1060000","1060100"],"visuals":{"large":"https:\/\/quaidesbrumes.com\/img\/book-placeholder.png","medium":"https:\/\/quaidesbrumes.com\/img\/book-placeholder.png","thumbnail":"https:\/\/quaidesbrumes.com\/img\/book-placeholder.png"},"orderable":true,"show_badge":true,"formatted_price":"15,00&nbsp;\u20ac","formatted_published_date":"13 novembre 2006","publisher_availability_label":"Sur commande","short_details":"Vincent Legros \u2014 Galopin","translator":null,"weight":254,"page_count":null,"readership":null,"editor":"Galopin","price":1500,"published_date":"2006-11-12T23:00:00.000000Z","support":"Grand format","publisher_availability":1,"stock":0,"editions":[],"url":"https:\/\/quaidesbrumes.com\/ouvrage\/9782916086132\/patricia-karim"},{"id":"9780141012841","title":"Almost there","description":"In 'Almost There', Nuala O'Faolain begins her story from the moment her life began to change, in all manners of ways - subtle, radical, predictable and unforseen.\r","authors":["Nuala O'faolain"],"category_codes":["1000000","1060000","1060100"],"visuals":{"large":"https:\/\/quaidesbrumes.com\/img\/book-placeholder.png","medium":"https:\/\/quaidesbrumes.com\/img\/book-placeholder.png","thumbnail":"https:\/\/quaidesbrumes.com\/img\/book-placeholder.png"},"orderable":true,"show_badge":true,"formatted_price":"12,54&nbsp;\u20ac","formatted_published_date":"23 juin 2004","publisher_availability_label":"Sur commande","short_details":"Nuala O'faolain \u2014 Penguin Books Uk","translator":null,"weight":196,"page_count":null,"readership":null,"editor":"Penguin Books Uk","price":1254,"published_date":"2004-06-22T22:00:00.000000Z","support":"Poche","publisher_availability":1,"stock":0,"editions":[],"url":"https:\/\/quaidesbrumes.com\/ouvrage\/9780141012841\/almost-there"},{"id":"9782917010006","title":"Rapport sur l'homophobie (\u00e9dition 2007)","description":"Comme chaque ann\u00e9e depuis 11 ans, ce rapport informe, analyse et d\u00e9nonce les actes homophobes en France au travers des t\u00e9moignages re\u00e7us par SOS Homophobie. Conna\u00eetre, comprendre pour alerter, sensibiliser et combattre plus efficacement l'homophobie. \r\n\r","authors":["Sos homophobie"],"category_codes":["1000000","1060000","1060300"],"visuals":{"large":"https:\/\/images.epagine.fr\/006\/9782917010006_1_75.jpg","medium":"https:\/\/images.epagine.fr\/006\/9782917010006_1_m.jpg","thumbnail":"https:\/\/images.epagine.fr\/006\/9782917010006_1_v.jpg"},"orderable":true,"show_badge":true,"formatted_price":"10,00&nbsp;\u20ac","formatted_published_date":"10 mai 2007","publisher_availability_label":"Sur commande","short_details":"Sos homophobie \u2014 Sos Homophobie","translator":null,"weight":300,"page_count":200,"readership":null,"editor":"Sos Homophobie","price":1000,"published_date":"2007-05-09T22:00:00.000000Z","support":"Grand format","publisher_availability":1,"stock":0,"editions":[],"url":"https:\/\/quaidesbrumes.com\/ouvrage\/9782917010006\/rapport-sur-lhomophobie-edition-2007"},{"id":"9782882955074","title":"On m'a dit ... autour d'une tor\u00e9e ; histoires presque vraies","description":"Si la tor\u00e9e d'autrefois devait \u00eatre tout en fum\u00e9e pour que le signal d'alerte f\u00fbt bien vu de loin, celle d'hier et d'aujourd'hui devenue simplement feu de bergers ou d'amis met surtout en alerte les app\u00e9tits bien aiguis\u00e9s, les crus bien chambr\u00e9s et tout particuli\u00e8rement les diseurs de bonnes histoires qui souvent les d\u00e9voilent \u00e0 mots couverts ou dans l'all\u00e9gresse.\r\nToutes vraies ou presque, l'auteur nous les relate sur fond de bonne humeur car elles font partie de la m\u00e9moire collective et heureuse de ce pays de lacs et de montagnes.\r","authors":["Monique Mojon"],"category_codes":["1000000","1060000","1060100"],"visuals":{"large":"https:\/\/images.epagine.fr\/074\/9782882955074_1_75.jpg","medium":"https:\/\/images.epagine.fr\/074\/9782882955074_1_m.jpg","thumbnail":"https:\/\/images.epagine.fr\/074\/9782882955074_1_v.jpg"},"orderable":true,"show_badge":true,"formatted_price":"23,50&nbsp;\u20ac","formatted_published_date":"5 novembre 2007","publisher_availability_label":"Sur commande","short_details":"Monique Mojon \u2014 Cabedita","translator":null,"weight":330,"page_count":160,"readership":null,"editor":"Cabedita","price":2350,"published_date":"2007-11-04T23:00:00.000000Z","support":"Grand format","publisher_availability":1,"stock":0,"editions":[],"url":"https:\/\/quaidesbrumes.com\/ouvrage\/9782882955074\/on-ma-dit-autour-dune-toree-histoires-presque-vraies"},{"id":"9782882955098","title":"Ces vaudois ; regard amical et souriant","description":"La r\u00e9\u00e9dition de Ces Vaudois nous permet non seulement de red\u00e9couvrir tout le g\u00e9nie de l'auteur d'inoubliables \u00e9missions comme le Quart d'heure vaudois, Simple Police, La Famille Durambois, mais \u00e9galement la tendresse et l'affection qu'\u00e9prouvait Samuel Chevallier pour les petites gens de ce pays, leur petite vie et leur inlassable courage malgr\u00e9 les al\u00e9as de l'existence.\r\nCes pages, d'une r\u00e9jouissante bonne humeur bien de chez nous, sont autant de notes adress\u00e9es par l'auteur \u00e0 tout autant d'inconnus qu'il a crois\u00e9s sur son chemin, qui auraient pu \u00eatre ses amis et qui souvent l'ont \u00e9t\u00e9 sans s'en douter.\r","authors":["Samuel Chevallier"],"category_codes":["1000000","1060000","1060100"],"visuals":{"large":"https:\/\/images.epagine.fr\/098\/9782882955098_1_75.jpg","medium":"https:\/\/images.epagine.fr\/098\/9782882955098_1_m.jpg","thumbnail":"https:\/\/images.epagine.fr\/098\/9782882955098_1_v.jpg"},"orderable":true,"show_badge":true,"formatted_price":"23,50&nbsp;\u20ac","formatted_published_date":"5 novembre 2007","publisher_availability_label":"Sur commande","short_details":"Samuel Chevallier \u2014 Cabedita","translator":null,"weight":425,"page_count":160,"readership":null,"editor":"Cabedita","price":2350,"published_date":"2007-11-04T23:00:00.000000Z","support":"Grand format","publisher_availability":1,"stock":0,"editions":[],"url":"https:\/\/quaidesbrumes.com\/ouvrage\/9782882955098\/ces-vaudois-regard-amical-et-souriant"},{"id":"9782013437301","title":"Recit des evenements arrives a la martinique","description":"R\u00e9cit des \u00e9v\u00e9nements arriv\u00e9s \u00e0 la Martinique. (23 novembre 1790.) Date de l'\u00e9dition originale : 1790 Sujet de l'ouvrage : France -- Colonies -- HistoireAm\u00e9rique -- HistoireMartinique Ce livre est la reproduction fid\u00e8le d'une oeuvre publi\u00e9e avant 1920 et fait partie d'une collection de livres r\u00e9imprim\u00e9s \u00e0 la demande \u00e9dit\u00e9e par Hachette Livre, dans le cadre d'un partenariat avec la Biblioth\u00e8que nationale de France, offrant l'opportunit\u00e9 d'acc\u00e9der \u00e0 des ouvrages anciens et souvent rares issus des fonds patrimoniaux de la BnF.\r\nLes oeuvres faisant partie de cette collection ont \u00e9t\u00e9 num\u00e9ris\u00e9es par la BnF et sont pr\u00e9sentes sur Gallica, sa biblioth\u00e8que num\u00e9rique.\r\n\r\nEn entreprenant de redonner vie \u00e0 ces ouvrages au travers d'une collection de livres r\u00e9imprim\u00e9s \u00e0 la demande, nous leur donnons la possibilit\u00e9 de rencontrer un public \u00e9largi et participons \u00e0 la transmission de connaissances et de savoirs parfois difficilement accessibles.\r\nNous avons cherch\u00e9 \u00e0 concilier la reproduction fid\u00e8le d'un livre ancien \u00e0 partir de sa version num\u00e9ris\u00e9e avec le souci d'un confort de lecture optimal. Nous esp\u00e9rons que les ouvrages de cette nouvelle collection vous apporteront enti\u00e8re satisfaction.\r\n\r\nPour plus d'informations, rendez-vous sur www.hachettebnf.fr http:\/\/gallica.bnf.fr\/ark:\/12148\/bpt6k5785272m\r","authors":[],"category_codes":["1000000","1060000","1060200"],"visuals":{"large":"https:\/\/images.epagine.fr\/301\/9782013437301_1_75.jpg","medium":"https:\/\/images.epagine.fr\/301\/9782013437301_1_m.jpg","thumbnail":"https:\/\/images.epagine.fr\/301\/9782013437301_1_v.jpg"},"orderable":true,"show_badge":true,"formatted_price":"9,50&nbsp;\u20ac","formatted_published_date":"1er septembre 2014","publisher_availability_label":"Sur commande","short_details":"Hachette BNF","translator":null,"weight":45,"page_count":null,"readership":null,"editor":"Hachette BNF","price":950,"published_date":"2014-08-31T22:00:00.000000Z","support":"Grand format","publisher_availability":1,"stock":0,"editions":[],"url":"https:\/\/quaidesbrumes.com\/ouvrage\/9782013437301\/recit-des-evenements-arrives-a-la-martinique"},{"id":"9782296033405","title":"Nomades des fleuves et de la route","description":"Maurice, capitaine de remorqueur, et Th\u00e9r\u00e8se, d'origine tsigane, se rencontrent en Bourgogne dans les ann\u00e9es trente, \u00e0 l'aube de leurs vingt ans. Le \"nomade des fleuves\" et la \"nomade de la route\" bravent tous les interdits, fuyant les pr\u00e9jug\u00e9s et la x\u00e9nophobie. Ils auront six enfants, dont cinq gar\u00e7ons, tous mariniers, parmi lesquels figure Pierre Amiot. La famille \u00e9clate pendant la Seconde Guerre mondiale. Th\u00e9r\u00e8se se cache avec ses enfants m\u00e9tis. La guerre achev\u00e9e, les gar\u00e7ons apprennent aupr\u00e8s de leur p\u00e8re les valeurs du difficile m\u00e9tier de marinier : solidarit\u00e9, entraide, altruisme. Le t\u00e9moignage de Pierre rend hommage \u00e0 ceux qu'on appelait alors les \"seigneurs du fleuve\".\r","authors":["Pierre Amiot"],"category_codes":["1000000","1060000","1060100"],"visuals":{"large":"https:\/\/images.epagine.fr\/405\/9782296033405_1_75.jpg","medium":"https:\/\/images.epagine.fr\/405\/9782296033405_1_m.jpg","thumbnail":"https:\/\/images.epagine.fr\/405\/9782296033405_1_v.jpg"},"orderable":true,"show_badge":true,"formatted_price":"17,50&nbsp;\u20ac","formatted_published_date":"10 mai 2007","publisher_availability_label":"Sur commande","short_details":"Pierre Amiot \u2014 \u00c9ditions L'Harmattan","translator":null,"weight":200,"page_count":182,"readership":null,"editor":"\u00c9ditions L'Harmattan","price":1750,"published_date":"2007-05-09T22:00:00.000000Z","support":"Grand format","publisher_availability":1,"stock":0,"editions":[],"url":"https:\/\/quaidesbrumes.com\/ouvrage\/9782296033405\/nomades-des-fleuves-et-de-la-route"},{"id":"9782296034303","title":"Radio-luxembourg ; histoire d'un m\u00e9dia priv\u00e9 d'envergure europ\u00e9enne","description":"RTL Group est actuellement le num\u00e9ro 1 de l'audiovisuel en Europe. Cette entreprise dont les origines remontent \u00e0 la fin des ann\u00e9es 20 du si\u00e8cle dernier trouve ses racines au Grand-duch\u00e9 de Luxembourg. En 1933, Radio-Luxembourg prend son envol et cette station\"p\u00e9riph\u00e9rique\" au centre de l'Europe conna\u00eetra un rayonnement progressif. Quelles raisons ont pouss\u00e9 des industriels fran\u00e7ais \u00e0 cr\u00e9er une station radiophonique au Luxembourg ? Qu'est-ce qui explique son succ\u00e8s ? Quel accueil lui a r\u00e9serv\u00e9 le monde politique europ\u00e9en.\r","authors":["David Dominguez muller"],"category_codes":["1000000","1060000","1060300"],"visuals":{"large":"https:\/\/images.epagine.fr\/303\/9782296034303_1_75.jpg","medium":"https:\/\/images.epagine.fr\/303\/9782296034303_1_m.jpg","thumbnail":"https:\/\/images.epagine.fr\/303\/9782296034303_1_v.jpg"},"orderable":true,"show_badge":true,"formatted_price":"24,50&nbsp;\u20ac","formatted_published_date":"13 juin 2007","publisher_availability_label":"Sur commande","short_details":"David Dominguez muller \u2014 \u00c9ditions L'Harmattan","translator":null,"weight":360,"page_count":266,"readership":null,"editor":"\u00c9ditions L'Harmattan","price":2450,"published_date":"2007-06-12T22:00:00.000000Z","support":"Grand format","publisher_availability":1,"stock":0,"editions":[],"url":"https:\/\/quaidesbrumes.com\/ouvrage\/9782296034303\/radio-luxembourg-histoire-dun-media-prive-denvergure-europeenne"},{"id":"9782296034594","title":"Ils se sont engag\u00e9s dans les maisons familiales rurales","description":"D\u00e9s 1937, la premi\u00e8re Maison familiale, cr\u00e9\u00e9e par un groupe d'agriculteurs dans le Lot-et-Garonne, concevait une formation in\u00e9dite qui permettait de rattacher les \u00e9tudes \u00e0 une exp\u00e9rience professionnelle v\u00e9cue, d'associer le savoir \u00e0 l'intelligence en suscitant l'int\u00e9r\u00eat et la motivation. Cette formation dans la vie et par la vie faisait alors appel tout naturellement \u00e0 la responsabilit\u00e9 \u00e9ducatives des familles. A l'occasion de leur 70e anniversaire, un floril\u00e8ge de t\u00e9moignages est rassembl\u00e9 dans ce volume.\r","authors":["Collectif"],"category_codes":["1000000","1060000","1060300"],"visuals":{"large":"https:\/\/images.epagine.fr\/594\/9782296034594_1_75.jpg","medium":"https:\/\/images.epagine.fr\/594\/9782296034594_1_m.jpg","thumbnail":"https:\/\/images.epagine.fr\/594\/9782296034594_1_v.jpg"},"orderable":true,"show_badge":true,"formatted_price":"16,50&nbsp;\u20ac","formatted_published_date":"15 juin 2007","publisher_availability_label":"Sur commande","short_details":"Collectif \u2014 \u00c9ditions L'Harmattan","translator":null,"weight":310,"page_count":168,"readership":null,"editor":"\u00c9ditions L'Harmattan","price":1650,"published_date":"2007-06-14T22:00:00.000000Z","support":"Grand format","publisher_availability":1,"stock":0,"editions":[],"url":"https:\/\/quaidesbrumes.com\/ouvrage\/9782296034594\/ils-se-sont-engages-dans-les-maisons-familiales-rurales"},{"id":"9782916277219","title":"Emmanuel Barcilon","description":null,"authors":["Lionel Dax"],"category_codes":["1000000","1060000","1060100"],"visuals":{"large":"https:\/\/quaidesbrumes.com\/img\/book-placeholder.png","medium":"https:\/\/quaidesbrumes.com\/img\/book-placeholder.png","thumbnail":"https:\/\/quaidesbrumes.com\/img\/book-placeholder.png"},"orderable":true,"show_badge":true,"formatted_price":"25,00&nbsp;\u20ac","formatted_published_date":"15 septembre 2007","publisher_availability_label":"Sur commande","short_details":"Lionel Dax \u2014 COMMUNIC'ART","translator":null,"weight":500,"page_count":null,"readership":null,"editor":"COMMUNIC'ART","price":2500,"published_date":"2007-09-14T22:00:00.000000Z","support":"Grand format","publisher_availability":1,"stock":0,"editions":[],"url":"https:\/\/quaidesbrumes.com\/ouvrage\/9782916277219\/emmanuel-barcilon"},{"id":"9782916277202","title":"Giuseppe Gallo ; symphonie en trois mouvements","description":null,"authors":["Lydie Di Meo"],"category_codes":["1000000","1060000","1060100"],"visuals":{"large":"https:\/\/images.epagine.fr\/202\/9782916277202_1_75.jpg","medium":"https:\/\/images.epagine.fr\/202\/9782916277202_1_m.jpg","thumbnail":"https:\/\/images.epagine.fr\/202\/9782916277202_1_v.jpg"},"orderable":true,"show_badge":true,"formatted_price":"20,00&nbsp;\u20ac","formatted_published_date":"15 septembre 2007","publisher_availability_label":"Sur commande","short_details":"Lydie Di Meo \u2014 COMMUNIC'ART","translator":null,"weight":500,"page_count":92,"readership":null,"editor":"COMMUNIC'ART","price":2000,"published_date":"2007-09-14T22:00:00.000000Z","support":"Grand format","publisher_availability":1,"stock":0,"editions":[],"url":"https:\/\/quaidesbrumes.com\/ouvrage\/9782916277202\/giuseppe-gallo-symphonie-en-trois-mouvements"},{"id":"9782915285772","title":"Souvenirs d'edmond charlot ; entretiens avec fr\u00e9d\u00e9ric jacques temple","description":null,"authors":["Charlot Temple"],"category_codes":["1000000","1060000","1060100"],"visuals":{"large":"https:\/\/images.epagine.fr\/772\/9782915285772_1_75.jpg","medium":"https:\/\/images.epagine.fr\/772\/9782915285772_1_m.jpg","thumbnail":"https:\/\/images.epagine.fr\/772\/9782915285772_1_v.jpg"},"orderable":true,"show_badge":true,"formatted_price":"18,00&nbsp;\u20ac","formatted_published_date":"15 janvier 2007","publisher_availability_label":"Sur commande","short_details":"Charlot Temple \u2014 Domens","translator":null,"weight":158,"page_count":null,"readership":null,"editor":"Domens","price":1800,"published_date":"2007-01-14T23:00:00.000000Z","support":"Grand format","publisher_availability":1,"stock":0,"editions":[],"url":"https:\/\/quaidesbrumes.com\/ouvrage\/9782915285772\/souvenirs-dedmond-charlot-entretiens-avec-frederic-jacques-temple"},{"id":"9782865770960","title":"L'ame indienne","description":null,"authors":["Melva Lind"],"category_codes":["1000000","1060000","1060300"],"visuals":{"large":"https:\/\/quaidesbrumes.com\/img\/book-placeholder.png","medium":"https:\/\/quaidesbrumes.com\/img\/book-placeholder.png","thumbnail":"https:\/\/quaidesbrumes.com\/img\/book-placeholder.png"},"orderable":true,"show_badge":true,"formatted_price":"25,00&nbsp;\u20ac","formatted_published_date":"10 octobre 2003","publisher_availability_label":"Sur commande","short_details":"Melva Lind \u2014 Pierre Fanlac","translator":null,"weight":500,"page_count":null,"readership":null,"editor":"Pierre Fanlac","price":2500,"published_date":"2003-10-09T22:00:00.000000Z","support":"Grand format","publisher_availability":1,"stock":0,"editions":[],"url":"https:\/\/quaidesbrumes.com\/ouvrage\/9782865770960\/lame-indienne"},{"id":"9782702138052","title":"Pourquoi les femmes font-elles peur aux hommes ?","description":"\u00a0\u00a0\u00a0 \u00ab Je crois que je fais peur aux mecs ! \u00bb Ce constat, il n\u00b4y a pas que des c\u00e9libataires en panne d\u00b4\u00e2me soeur pour le faire... Pourquoi ? Laurence et Virginie - journalistes dans la presse f\u00e9minine - ont recueilli les confidences des hommes sur les fem\r","authors":["Laurence Dhorlac","Virginie Urbini"],"category_codes":["1000000","1060000","1060300"],"visuals":{"large":"https:\/\/images.epagine.fr\/052\/9782702138052_1_75.jpg","medium":"https:\/\/images.epagine.fr\/052\/9782702138052_1_m.jpg","thumbnail":"https:\/\/images.epagine.fr\/052\/9782702138052_1_v.jpg"},"orderable":true,"show_badge":true,"formatted_price":"14,90&nbsp;\u20ac","formatted_published_date":"3 octobre 2007","publisher_availability_label":"Sur commande","short_details":"Laurence Dhorlac, Virginie Urbini \u2014 Calmann-L\u00e9vy","translator":null,"weight":150,"page_count":112,"readership":null,"editor":"Calmann-L\u00e9vy","price":1490,"published_date":"2007-10-02T22:00:00.000000Z","support":"Grand format","publisher_availability":1,"stock":0,"editions":[],"url":"https:\/\/quaidesbrumes.com\/ouvrage\/9782702138052\/pourquoi-les-femmes-font-elles-peur-aux-hommes"},{"id":"9782847121360","title":"Mes deux allemagne - meine beiden deutschlands - 1944-45 \/ 1965-2007","description":"Avoir particip\u00e9 pendant une grande partie de sa vie aux \u00e9v\u00e9nements qui ont s\u00e9par\u00e9 puis rassembl\u00e9 l'Allemagne et la France, telle est la destin\u00e9e de Jean Pinon, notre ami.\r\n\r\nDestin\u00e9e commune \u00e0 bien des Fran\u00e7ais et des Allemands n\u00e9s au XXe si\u00e8cle : contre leur volont\u00e9 pour la premi\u00e8re p\u00e9riode, la plus douloureuse, et avec d\u00e9termination, joie et ferveur pour la seconde, heureusement la plus longue.\r\n\r\nCe parcours franco-allemand de Jean Pinon a fortement marqu\u00e9 son existence, il a aussi profond\u00e9ment transform\u00e9 celle de sa famille aujourd'hui binationale, que ce livre nous raconte. \r\n\r\nCe t\u00e9moignage r\u00e9-chauffera notre engagement, il nous fera peut-\u00eatre essuyer une larme et surtout il nous fera souvent sourire : la vie en somme, et un bel exemple pour tous dans les deux villes, les deux r\u00e9gions du Maine et de la Basse Saxe, dans les deux pays aujourd'hui rapproch\u00e9s.\r","authors":["Jean Pinon"],"category_codes":["1000000","1060000","1060300"],"visuals":{"large":"https:\/\/images.epagine.fr\/360\/9782847121360_1_75.jpg","medium":"https:\/\/images.epagine.fr\/360\/9782847121360_1_m.jpg","thumbnail":"https:\/\/images.epagine.fr\/360\/9782847121360_1_v.jpg"},"orderable":true,"show_badge":true,"formatted_price":"25,00&nbsp;\u20ac","formatted_published_date":"10 octobre 2007","publisher_availability_label":"Sur commande","short_details":"Jean Pinon \u2014 Petit Pave","translator":null,"weight":344,"page_count":null,"readership":null,"editor":"Petit Pave","price":2500,"published_date":"2007-10-09T22:00:00.000000Z","support":"Grand format","publisher_availability":1,"stock":0,"editions":[],"url":"https:\/\/quaidesbrumes.com\/ouvrage\/9782847121360\/mes-deux-allemagne-meine-beiden-deutschlands-1944-45-1965-2007"},{"id":"9782296037410","title":"Maurice blanchard ; l'avant-garde solitaire","description":"Cette biographie est celle d'un personnage discret qui a beaucoup v\u00e9cu. Tour \u00e0 tour ouvrier, marin, aviateur, constructeur d'hydravions, r\u00e9sistant, Maurice Blanchard \u00e9tait aussi l'un des principaux acteurs de la po\u00e9sie surr\u00e9aliste r\u00e9sistante avec le groupe de La Main \u00e0 Plume. Ami de Ren\u00e9 Char, Paul Eluard, Jo\u00eb Bousquet, Pieyre de Mandiagues... il n'aura de son vivant qu'une poign\u00e9e de lecteurs. Son \u00e9trange vie, \u00e0 peine \"litt\u00e9raire\", est un manifeste, une avant-garde qui s'ignore, un antidote contre la na\u00efvet\u00e9 et le cr\u00e9tinisme.\r","authors":["Vincent Guillier"],"category_codes":["1000000","1060000","1060100"],"visuals":{"large":"https:\/\/images.epagine.fr\/410\/9782296037410_1_75.jpg","medium":"https:\/\/images.epagine.fr\/410\/9782296037410_1_m.jpg","thumbnail":"https:\/\/images.epagine.fr\/410\/9782296037410_1_v.jpg"},"orderable":true,"show_badge":true,"formatted_price":"14,50&nbsp;\u20ac","formatted_published_date":"3 juillet 2007","publisher_availability_label":"Sur commande","short_details":"Vincent Guillier \u2014 \u00c9ditions L'Harmattan","translator":null,"weight":220,"page_count":148,"readership":null,"editor":"\u00c9ditions L'Harmattan","price":1450,"published_date":"2007-07-02T22:00:00.000000Z","support":"Grand format","publisher_availability":1,"stock":0,"editions":[],"url":"https:\/\/quaidesbrumes.com\/ouvrage\/9782296037410\/maurice-blanchard-lavant-garde-solitaire"},{"id":"9782906562608","title":"Andr\u00e9 malraux ; un \u00e9crivain singulier","description":"Une biographie originale, par son contenu et par sa pr\u00e9sentation, qui tente de r\u00e9v\u00e9ler le rapport complexe existant entre une vie aventureuse et une oeuvre \u00e9troitement li\u00e9es. En pr\u00e8s de quarante chapitre consacr\u00e9s aux rapports de Malraux avec l'art, le fascisme, le cin\u00e9ma, les femmes, De GAULLE, l'enfance, le communisme, l'Espagne, les soci\u00e9t\u00e9s modernes, la foi, les mus\u00e9es, les hommes politiques, le roman ..., j'essaie ainsi de d\u00e9barrasser l'auteur de la Condition humaine de sa l\u00e9gende.\r","authors":["Collectif"],"category_codes":["1000000","1060000","1060100"],"visuals":{"large":"https:\/\/quaidesbrumes.com\/img\/book-placeholder.png","medium":"https:\/\/quaidesbrumes.com\/img\/book-placeholder.png","thumbnail":"https:\/\/quaidesbrumes.com\/img\/book-placeholder.png"},"orderable":true,"show_badge":true,"formatted_price":"45,73&nbsp;\u20ac","formatted_published_date":"17 juin 1993","publisher_availability_label":"Sur commande","short_details":"Collectif \u2014 Tristan Mage","translator":null,"weight":901,"page_count":null,"readership":null,"editor":"Tristan Mage","price":4573,"published_date":"1993-06-16T22:00:00.000000Z","support":"Grand format","publisher_availability":1,"stock":0,"editions":[],"url":"https:\/\/quaidesbrumes.com\/ouvrage\/9782906562608\/andre-malraux-un-ecrivain-singulier"}]}