{"data":[{"id":"9782881088056","title":"Un savant s\u00e9ducteur ; Louis Agassiz (1807-1873), proph\u00e8te de la science","description":"Gravir des sommets inviol\u00e9s, p\u00e9n\u00e9trer dans la for\u00eat vierge, jouer du sabre, manger \u00e0 la cour des princes, boire avec des anarchistes, toucher les \u00e2mes, mener les hommes et faire tourner la t\u00eate des femmes: voil\u00e0 la science, telle que l'a v\u00e9cue Louis Agassiz...\r\n\r\nEnthousiaste, flambeur, d\u00e9vor\u00e9 par sa passion pour la nature, ce fils de pasteur incarne la science romantique, par sa personnalit\u00e9 comme par son destin tragique.\r\n\r\nN\u00e9 en Suisse, Louis Agassiz \u00e9tudie en Allemagne, avant de se faire un nom \u00e0 Paris. Etoile montante de la recherche internationale, il accepte un modeste poste \u00e0 Neuch\u00e2tel, o\u00f9 il jouit d'une libert\u00e9 absolue. Etablissant son laboratoire sur le glacier de l'Aar, au coeur du mythe alpin, il invente \u00abl'\u00e2ge glaciaire\u00bb, qui balaie les derni\u00e8res chim\u00e8res du D\u00e9luge biblique. A 39 ans, il part pour les Etats-Unis, o\u00f9 il est accueilli en h\u00e9ros. De la recherche, il donne une image exaltante, o\u00f9 la science contribue \u00e0 la c\u00e9l\u00e9bration de la Cr\u00e9ation. Dans ses paroles, les Am\u00e9ricains entendent un oracle qui leur permet de concilier leur ferveur religieuse avec l'avidit\u00e9 de leurs desseins terrestres. Ses conf\u00e9rences attirent des milliers d'auditeurs, les billets se vendent au march\u00e9 noir. Au sommet de sa gloire, son pouvoir est inou\u00ef : il contr\u00f4le presque toute la science am\u00e9ricaine. Un livre, cependant, ruinera sa carri\u00e8re: L'origine des esp\u00e8ces, de Charles Darwin, auquel Louis Agassiz s'est oppos\u00e9 jusqu'\u00e0 ses derniers jours. Apr\u00e8s sa mort, le triomphe de l'\u00e9volutionnisme rel\u00e8guera le savant suisse dans les oubliettes de l'histoire.","authors":["Marc-Antoine Kaeser"],"category_codes":["1000000","1060000","1060200"],"visuals":{"large":"https:\/\/quaidesbrumes.com\/img\/book-placeholder.png","medium":"https:\/\/quaidesbrumes.com\/img\/book-placeholder.png","thumbnail":"https:\/\/quaidesbrumes.com\/img\/book-placeholder.png"},"orderable":true,"show_badge":true,"formatted_price":"23,70&nbsp;\u20ac","formatted_published_date":"15 janvier 2007","publisher_availability_label":"Sur commande","short_details":"Marc-Antoine Kaeser \u2014 Editions De L'Aire","translator":null,"weight":410,"page_count":250,"readership":null,"editor":"Editions De L'Aire","price":2370,"published_date":"2007-01-14T23:00:00.000000Z","support":"Grand format","publisher_availability":1,"stock":0,"editions":[],"url":"https:\/\/quaidesbrumes.com\/ouvrage\/9782881088056\/un-savant-seducteur-louis-agassiz-1807-1873-prophete-de-la-science"},{"id":"9782296961685","title":"Hanakee - la baie des traitres - parcours d'une vie aux marquises","description":"L'auteur dresse un rapide parcours de sa vie qui l'a conduit dans ce pays idyllique revisit par les clbres navigateurs depuis Alvaro Mendana, en 1595. Il y tmoigne des essais nuclaires, sujet tabou s'il en est ! Sa vie aventureuse et sa passion pour ce pays lui ont donn une pouse, des enfants et une descendance polynsienne.","authors":["Lecordier Serge"],"category_codes":["1000000","1060000"],"visuals":{"large":"https:\/\/images.epagine.fr\/685\/9782296961685_1_75.jpg","medium":"https:\/\/images.epagine.fr\/685\/9782296961685_1_m.jpg","thumbnail":"https:\/\/images.epagine.fr\/685\/9782296961685_1_v.jpg"},"orderable":true,"show_badge":true,"formatted_price":"22,50&nbsp;\u20ac","formatted_published_date":"21 mars 2012","publisher_availability_label":"Sur commande","short_details":"Lecordier Serge \u2014 \u00c9ditions L'Harmattan","translator":null,"weight":345,"page_count":null,"readership":null,"editor":"\u00c9ditions L'Harmattan","price":2250,"published_date":"2012-03-20T23:00:00.000000Z","support":"Grand format","publisher_availability":1,"stock":0,"editions":[],"url":"https:\/\/quaidesbrumes.com\/ouvrage\/9782296961685\/hanakee-la-baie-des-traitres-parcours-dune-vie-aux-marquises"},{"id":"9782296962033","title":"Femmes du Burkina","description":"Cet ouvrage retrace sous forme de portraits le quotidien des femmes dans un des pays les plus pauvres au monde. Au hasard des rencontres, entre t\u00e9moignage sur la condition f\u00e9minine au Burkina et carnet de voyage, ces r\u00e9cits laissent \u00e9galement la place \u00e0 l'\u00e9motion.","authors":["Marie-pascale Vincent"],"category_codes":["1000000","1060000","1060300"],"visuals":{"large":"https:\/\/images.epagine.fr\/033\/9782296962033_1_75.jpg","medium":"https:\/\/images.epagine.fr\/033\/9782296962033_1_m.jpg","thumbnail":"https:\/\/images.epagine.fr\/033\/9782296962033_1_v.jpg"},"orderable":true,"show_badge":true,"formatted_price":"13,00&nbsp;\u20ac","formatted_published_date":"22 mars 2012","publisher_availability_label":"Sur commande","short_details":"Marie-pascale Vincent \u2014 \u00c9ditions L'Harmattan","translator":null,"weight":130,"page_count":96,"readership":null,"editor":"\u00c9ditions L'Harmattan","price":1300,"published_date":"2012-03-21T23:00:00.000000Z","support":"Grand format","publisher_availability":1,"stock":0,"editions":[],"url":"https:\/\/quaidesbrumes.com\/ouvrage\/9782296962033\/femmes-du-burkina"},{"id":"9782916043036","title":"Rira bien qui rira le dernier","description":null,"authors":["De Mareuil Guy Boula"],"category_codes":["1000000","1060000","1060200"],"visuals":{"large":"https:\/\/quaidesbrumes.com\/img\/book-placeholder.png","medium":"https:\/\/quaidesbrumes.com\/img\/book-placeholder.png","thumbnail":"https:\/\/quaidesbrumes.com\/img\/book-placeholder.png"},"orderable":true,"show_badge":true,"formatted_price":"17,50&nbsp;\u20ac","formatted_published_date":"10 octobre 2005","publisher_availability_label":"Sur commande","short_details":"De Mareuil Guy Boula \u2014 Hugues De Chivre","translator":null,"weight":173,"page_count":null,"readership":null,"editor":"Hugues De Chivre","price":1750,"published_date":"2005-10-09T22:00:00.000000Z","support":"Grand format","publisher_availability":1,"stock":0,"editions":[],"url":"https:\/\/quaidesbrumes.com\/ouvrage\/9782916043036\/rira-bien-qui-rira-le-dernier"},{"id":"9782917073001","title":"Trois g\u00e9n\u00e9rations de citroen","description":null,"authors":["Pierre Lafitan"],"category_codes":["1000000","1060000","1060100"],"visuals":{"large":"https:\/\/quaidesbrumes.com\/img\/book-placeholder.png","medium":"https:\/\/quaidesbrumes.com\/img\/book-placeholder.png","thumbnail":"https:\/\/quaidesbrumes.com\/img\/book-placeholder.png"},"orderable":true,"show_badge":true,"formatted_price":"14,00&nbsp;\u20ac","formatted_published_date":"26 mars 2007","publisher_availability_label":"Sur commande","short_details":"Pierre Lafitan \u2014 Proxitude","translator":null,"weight":240,"page_count":null,"readership":null,"editor":"Proxitude","price":1400,"published_date":"2007-03-25T22:00:00.000000Z","support":"Grand format","publisher_availability":1,"stock":0,"editions":[],"url":"https:\/\/quaidesbrumes.com\/ouvrage\/9782917073001\/trois-generations-de-citroen"},{"id":"9782296030985","title":"Th\u00e9odore jouffroy ; vie et oeuvre du fondateur de la psychologie spiritualiste fran\u00e7aise","description":"Th\u00e9odore Jouffroy (1796-1842) est consid\u00e9r\u00e9 comme le p\u00e8re de la psychologie spiritualiste fran\u00e7aise. Cet ouvrage comprend une biographie et une pr\u00e9sentation de la doctrine psychologique de Jouffroy r\u00e9dig\u00e9e par le philosophe Joseph Tissot qui fut un de ses amis intimes. Il constitue une r\u00e9f\u00e9rence majeure pour celui qui veut aborder et comprendre l'oeuvre de Jouffroy.\r\n\r\n","authors":["Joseph Tissot"],"category_codes":["1000000","1060000","1060100"],"visuals":{"large":"https:\/\/images.epagine.fr\/985\/9782296030985_1_75.jpg","medium":"https:\/\/images.epagine.fr\/985\/9782296030985_1_m.jpg","thumbnail":"https:\/\/images.epagine.fr\/985\/9782296030985_1_v.jpg"},"orderable":true,"show_badge":true,"formatted_price":"19,00&nbsp;\u20ac","formatted_published_date":"11 avril 2007","publisher_availability_label":"Sur commande","short_details":"Joseph Tissot \u2014 \u00c9ditions L'Harmattan","translator":null,"weight":220,"page_count":196,"readership":null,"editor":"\u00c9ditions L'Harmattan","price":1900,"published_date":"2007-04-10T22:00:00.000000Z","support":"Grand format","publisher_availability":1,"stock":0,"editions":[],"url":"https:\/\/quaidesbrumes.com\/ouvrage\/9782296030985\/theodore-jouffroy-vie-et-oeuvre-du-fondateur-de-la-psychologie-spiritualiste-francaise"},{"id":"9782296028180","title":"Carlos larronde (1888-1940) ; po\u00e8te des ondes","description":"Carlos Larronde a jou\u00e9 un r\u00f4le tr\u00e8s actif dans la vie intellectuelle du d\u00e9but du si\u00e8cle. Critique radiophonique influent, radioreporter de talent, cr\u00e9ateur d'un th\u00e9\u00e2tre sp\u00e9cifiquement radiophonique, il a voulu d\u00e9fendre ce qu'il voyait comme un \"huiti\u00e8me art, et il apportera \u00e0 la radio toute la finesse d'un po\u00e8te. Son oeuvre est ici pr\u00e9sent\u00e9e dans toute sa diversit\u00e9.","authors":["Christopher Todd"],"category_codes":["1000000","1060000","1060100"],"visuals":{"large":"https:\/\/images.epagine.fr\/180\/9782296028180_1_75.jpg","medium":"https:\/\/images.epagine.fr\/180\/9782296028180_1_m.jpg","thumbnail":"https:\/\/images.epagine.fr\/180\/9782296028180_1_v.jpg"},"orderable":true,"show_badge":true,"formatted_price":"28,50&nbsp;\u20ac","formatted_published_date":"28 mars 2007","publisher_availability_label":"Sur commande","short_details":"Christopher Todd \u2014 \u00c9ditions L'Harmattan","translator":null,"weight":330,"page_count":318,"readership":null,"editor":"\u00c9ditions L'Harmattan","price":2850,"published_date":"2007-03-27T22:00:00.000000Z","support":"Grand format","publisher_availability":1,"stock":0,"editions":[],"url":"https:\/\/quaidesbrumes.com\/ouvrage\/9782296028180\/carlos-larronde-1888-1940-poete-des-ondes"},{"id":"9782296030909","title":"La politique introuvable ? exp\u00e9riences participatives \u00e0 recife (br\u00e9sil)","description":"Dans un contexte socio-\u00e9conomique d\u00e9grad\u00e9, l'\u00e9lection \u00e0 la mairie de Recife, en 2000, de Joao Paulo, du Parti des Travailleurs, a impuls\u00e9 la tenue d'exp\u00e9riences destin\u00e9es \u00e0 dynamiser la d\u00e9mocratie : budget participatif et \u00e9conomie solidaire notamment. A partir d'enqu\u00eates de terrain, cet ouvrage montre que, malgr\u00e9 leurs avanc\u00e9es, ces exp\u00e9riences souffrent de nombreuses limites : mainmise du pouvoir ex\u00e9cutif sur leur d\u00e9roulement, port\u00e9e restreinte...","authors":["Paul Cary"],"category_codes":["1000000","1060000","1060300"],"visuals":{"large":"https:\/\/images.epagine.fr\/909\/9782296030909_1_75.jpg","medium":"https:\/\/images.epagine.fr\/909\/9782296030909_1_m.jpg","thumbnail":"https:\/\/images.epagine.fr\/909\/9782296030909_1_v.jpg"},"orderable":true,"show_badge":true,"formatted_price":"27,50&nbsp;\u20ac","formatted_published_date":"13 avril 2007","publisher_availability_label":"Sur commande","short_details":"Paul Cary \u2014 \u00c9ditions L'Harmattan","translator":null,"weight":480,"page_count":284,"readership":null,"editor":"\u00c9ditions L'Harmattan","price":2750,"published_date":"2007-04-12T22:00:00.000000Z","support":"Grand format","publisher_availability":1,"stock":0,"editions":[],"url":"https:\/\/quaidesbrumes.com\/ouvrage\/9782296030909\/la-politique-introuvable-experiences-participatives-a-recife-bresil"},{"id":"9782914958615","title":"Les pas effac\u00e9s ; m\u00e9moires Tome 3","description":"Les M\u00e9moires du comte Robert de Montesquiou, dandy, po\u00e8te et esth\u00e8te, sont comme l'\u00e9cho sonore de son si\u00e8cle.\r\nL\u00e0 r\u00e9sonnent des voix d'outre-tombe et d\u00e9file le \" bal de t\u00eates \" des idoles d'une Belle Epoque cr\u00e9pusculaire.","authors":["Montesquiou (De) R."],"category_codes":["1000000","1060000","1060100"],"visuals":{"large":"https:\/\/images.epagine.fr\/615\/9782914958615_1_75.jpg","medium":"https:\/\/images.epagine.fr\/615\/9782914958615_1_m.jpg","thumbnail":"https:\/\/images.epagine.fr\/615\/9782914958615_1_v.jpg"},"orderable":true,"show_badge":true,"formatted_price":"27,00&nbsp;\u20ac","formatted_published_date":"13 avril 2007","publisher_availability_label":"Sur commande","short_details":"Montesquiou (De) R. \u2014 EDITIONS DU SANDRE","translator":null,"weight":306,"page_count":248,"readership":null,"editor":"EDITIONS DU SANDRE","price":2700,"published_date":"2007-04-12T22:00:00.000000Z","support":"Grand format","publisher_availability":1,"stock":0,"editions":[],"url":"https:\/\/quaidesbrumes.com\/ouvrage\/9782914958615\/les-pas-effaces-memoires-tome-3"},{"id":"9782012373778","title":"Le jour ou j'ai tu\u00e9 HB ; r\u00e9v\u00e9lations d'un homme du raid","description":"Samedi 15 mai 1993, 7 heures du matin. Daniel Boulanger fait irruption dans la salle de classe de la maternelle de Neuilly. Au moment o\u00f9 \u00ab Human Bomb \u00bb ouvre un oeil, Boulanger tire trois fois sur cet homme cagoul\u00e9 et bard\u00e9 d'explosifs, qui d\u00e9tient en otages depuis maintenant 46 heures six fillettes de quatre ans. Trois coups de feu qui r\u00e9sonnent encore dans sa t\u00eate et lui ont valu d'abord les honneurs et, rapidement, les pires d\u00e9m\u00eal\u00e9s avec la justice. Daniel Boulanger, \u00ab Dan Baker \u00bb comme le surnomment ses coll\u00e8gues, a pass\u00e9 vingt ans au RAID (groupe Recherche Assistance Intervention Dissuasion). Pilier de cette unit\u00e9 d'\u00e9lite, il nous fait vivre de l'int\u00e9rieur cette intervention et nous raconte aussi ses missions \u00ab sp\u00e9ciales \u00bb, de la lutte antiterroriste - le jour o\u00f9 il a point\u00e9 son viseur laser sur la poitrine de Jean-Marc Rouillan, leader historique d'Action Directe dans la ferme de Vitry-aux-Loges ; l'arrestation du num\u00e9ro un de l'ETA-Militaire, dans une maison du Pays Basque - aux interpellations \u00e0 hauts risques de braqueurs, de forcen\u00e9s ou d'assassins, au petit jour, en silence. Daniel Boulanger raconte les \u00e9clats de rire mais aussi les trag\u00e9dies et les amis tu\u00e9s en intervention. \u00ab Dan Baker \u00bb vient de quitter la police apr\u00e8s 35 ann\u00e9es de service.","authors":["Daniel Boulanger","Dominique Rizet"],"category_codes":["1000000","1060000","1060300"],"visuals":{"large":"https:\/\/images.epagine.fr\/778\/9782012373778_1_75.jpg","medium":"https:\/\/images.epagine.fr\/778\/9782012373778_1_m.jpg","thumbnail":"https:\/\/images.epagine.fr\/778\/9782012373778_1_v.jpg"},"orderable":true,"show_badge":true,"formatted_price":"22,80&nbsp;\u20ac","formatted_published_date":"19 septembre 2007","publisher_availability_label":"Sur commande","short_details":"Daniel Boulanger, Dominique Rizet \u2014 Hachette Litteratures","translator":null,"weight":278,"page_count":224,"readership":null,"editor":"Hachette Litteratures","price":2280,"published_date":"2007-09-18T22:00:00.000000Z","support":"Grand format","publisher_availability":1,"stock":0,"editions":[],"url":"https:\/\/quaidesbrumes.com\/ouvrage\/9782012373778\/le-jour-ou-jai-tue-hb-revelations-dun-homme-du-raid"},{"id":"9782016184592","title":"Petit br\u00e9viaire de la Gourmandise","description":"Petit br\u00e9viaire de la gourmandise \/ Laurent Tailhade Date de l'\u00e9dition originale : 1914 Sujet de l'ouvrage : Gastronomie Ce livre est la reproduction fid\u00e8le d'une oeuvre publi\u00e9e avant 1920 et fait partie d'une collection de livres r\u00e9imprim\u00e9s \u00e0 la demande \u00e9dit\u00e9e par Hachette Livre, dans le cadre d'un partenariat avec la Biblioth\u00e8que nationale de France, offrant l'opportunit\u00e9 d'acc\u00e9der \u00e0 des ouvrages anciens et souvent rares issus des fonds patrimoniaux de la BnF.\r\nLes oeuvres faisant partie de cette collection ont \u00e9t\u00e9 num\u00e9ris\u00e9es par la BnF et sont pr\u00e9sentes sur Gallica, sa biblioth\u00e8que num\u00e9rique.\r\n\r\nEn entreprenant de redonner vie \u00e0 ces ouvrages au travers d'une collection de livres r\u00e9imprim\u00e9s \u00e0 la demande, nous leur donnons la possibilit\u00e9 de rencontrer un public \u00e9largi et participons \u00e0 la transmission de connaissances et de savoirs parfois difficilement accessibles.\r\nNous avons cherch\u00e9 \u00e0 concilier la reproduction fid\u00e8le d'un livre ancien \u00e0 partir de sa version num\u00e9ris\u00e9e avec le souci d'un confort de lecture optimal. Nous esp\u00e9rons que les ouvrages de cette nouvelle collection vous apporteront enti\u00e8re satisfaction.\r\n\r\nPour plus d'informations, rendez-vous sur www.hachettebnf.fr","authors":["Laurent Tailhade"],"category_codes":["10000000","10060000","10060400"],"visuals":{"large":"https:\/\/images.epagine.fr\/592\/9782016184592_1_75.jpg","medium":"https:\/\/images.epagine.fr\/592\/9782016184592_1_m.jpg","thumbnail":"https:\/\/images.epagine.fr\/592\/9782016184592_1_v.jpg"},"orderable":true,"show_badge":true,"formatted_price":"11,50&nbsp;\u20ac","formatted_published_date":"1er mars 2016","publisher_availability_label":"Sur commande","short_details":"Laurent Tailhade \u2014 Hachette BNF","translator":null,"weight":102,"page_count":null,"readership":null,"editor":"Hachette BNF","price":1150,"published_date":"2016-02-29T23:00:00.000000Z","support":"Grand format","publisher_availability":1,"stock":0,"editions":[],"url":"https:\/\/quaidesbrumes.com\/ouvrage\/9782016184592\/petit-breviaire-de-la-gourmandise"},{"id":"9782916359090","title":"J'ai 12 ans...","description":"Le parcours d'une fillette de 12 ans jusqu'\u00e0 ses 18 ans.\r\n\u00c0 Quartiertranquille, le quotidien se vit sur fond de violence.\r\nLa solitude devient refuge puis, entre mutisme et aveuglement, on apprend \u00e0 se taire et \u00e0 ne rien voir.\r\nD'ailleurs \u00e0 qui parler ?\r\nIci, l'Inacepptable prend de terribles formes : le viol, la n\u00e9gation d l'autre, la d\u00e9sesp\u00e9rance.\r\nIci, c'est \u00e0 c\u00f4t\u00e9 de chez vous...\r\n\r\n\u00c0 partir de 10 ans","authors":["Marilyn Degrenne"],"category_codes":["1000000","1060000","1060100"],"visuals":{"large":"https:\/\/images.epagine.fr\/090\/9782916359090_1_75.jpg","medium":"https:\/\/images.epagine.fr\/090\/9782916359090_1_m.jpg","thumbnail":"https:\/\/images.epagine.fr\/090\/9782916359090_1_v.jpg"},"orderable":true,"show_badge":true,"formatted_price":"4,90&nbsp;\u20ac","formatted_published_date":"31 mars 2007","publisher_availability_label":"Sur commande","short_details":"Marilyn Degrenne \u2014 Les Oiseaux De Papier","translator":null,"weight":85,"page_count":31,"readership":null,"editor":"Les Oiseaux De Papier","price":490,"published_date":"2007-03-30T22:00:00.000000Z","support":"Grand format","publisher_availability":1,"stock":0,"editions":[],"url":"https:\/\/quaidesbrumes.com\/ouvrage\/9782916359090\/jai-12-ans"},{"id":"9791041954582","title":"Conversations de madame la marquise de maintenon - les conversations spirituelles et morales de mada","description":null,"authors":["Monmerque L.J.N."],"category_codes":["1000000","1060000"],"visuals":{"large":"https:\/\/quaidesbrumes.com\/img\/book-placeholder.png","medium":"https:\/\/quaidesbrumes.com\/img\/book-placeholder.png","thumbnail":"https:\/\/quaidesbrumes.com\/img\/book-placeholder.png"},"orderable":true,"show_badge":true,"formatted_price":"19,90&nbsp;\u20ac","formatted_published_date":"7 avril 2026","publisher_availability_label":"Sur commande","short_details":"Monmerque L.J.N. \u2014 Culturea","translator":null,"weight":330,"page_count":null,"readership":null,"editor":"Culturea","price":1990,"published_date":"2026-04-06T22:00:00.000000Z","support":"Grand format","publisher_availability":1,"stock":0,"editions":[],"url":"https:\/\/quaidesbrumes.com\/ouvrage\/9791041954582\/conversations-de-madame-la-marquise-de-maintenon-les-conversations-spirituelles-et-morales-de-mada"},{"id":"9782296033511","title":"La bande \u00e0 mao","description":"Voici la chronique d'une mission m\u00e9dicale fran\u00e7aise d\u00e9barquant en Chine en 1978. elle retrace les \u00e9changes et les r\u00e9flexions de l'\u00e9quipe fran\u00e7aise, ainsi que leurs d\u00e9m\u00eal\u00e9s avec les interpr\u00e8tes qui leur ont \u00e9t\u00e9 attribu\u00e9s. L'auteur s'interroge \u00e9galement sur la R\u00e9volution culturelle et la dictature impos\u00e9e par La bande \u00e0 Mao par le biais de la propagande et de la terreur.","authors":["Philippe M\u00e9nard"],"category_codes":["1000000","1060000","1060300"],"visuals":{"large":"https:\/\/images.epagine.fr\/511\/9782296033511_1_75.jpg","medium":"https:\/\/images.epagine.fr\/511\/9782296033511_1_m.jpg","thumbnail":"https:\/\/images.epagine.fr\/511\/9782296033511_1_v.jpg"},"orderable":true,"show_badge":true,"formatted_price":"29,50&nbsp;\u20ac","formatted_published_date":"18 mai 2007","publisher_availability_label":"Sur commande","short_details":"Philippe M\u00e9nard \u2014 \u00c9ditions L'Harmattan","translator":null,"weight":360,"page_count":332,"readership":null,"editor":"\u00c9ditions L'Harmattan","price":2950,"published_date":"2007-05-17T22:00:00.000000Z","support":"Grand format","publisher_availability":1,"stock":0,"editions":[],"url":"https:\/\/quaidesbrumes.com\/ouvrage\/9782296033511\/la-bande-a-mao"},{"id":"9782296034174","title":"Sociologues dans l'action ; la pratique professionnelle de l'intervention","description":"La pratique professionnelle de la sociologie hors des milieux institutionnels (enseignement\/recherche) est largement m\u00e9connue. Cette sociologie \"hors les murs\" constitue un courant peu structur\u00e9, issu d'\u00e9coles diff\u00e9rentes, qui s'identifie et se reconna\u00eet dans le concept d'\"intervention\". Cet ouvrage se propose de recenser ses savoirs et de d\u00e9crire ses dispositifs pour fonder l'existence d'une pratique professionnelle reconnue et l\u00e9gitime.","authors":["Dominique Felder"],"category_codes":["1000000","1060000","1060300"],"visuals":{"large":"https:\/\/images.epagine.fr\/174\/9782296034174_1_75.jpg","medium":"https:\/\/images.epagine.fr\/174\/9782296034174_1_m.jpg","thumbnail":"https:\/\/images.epagine.fr\/174\/9782296034174_1_v.jpg"},"orderable":true,"show_badge":true,"formatted_price":"26,50&nbsp;\u20ac","formatted_published_date":"28 mai 2007","publisher_availability_label":"Sur commande","short_details":"Dominique Felder \u2014 \u00c9ditions L'Harmattan","translator":null,"weight":300,"page_count":286,"readership":null,"editor":"\u00c9ditions L'Harmattan","price":2650,"published_date":"2007-05-27T22:00:00.000000Z","support":"Grand format","publisher_availability":1,"stock":0,"editions":[],"url":"https:\/\/quaidesbrumes.com\/ouvrage\/9782296034174\/sociologues-dans-laction-la-pratique-professionnelle-de-lintervention"},{"id":"9782296024601","title":"Camerounais en \u00eele-de-france ; dynamiques migratoires et strat\u00e9gies d'int\u00e9gration socio-spatiale diff\u00e9renti\u00e9es","description":"Les Camerounais font partie des derni\u00e8res vagues migratoires arrivant en France, et dont la concentration en Ile-de-France constitue une des caract\u00e9ristiques majeures. Il se dessine au sein de cette population une diff\u00e9renciation assez prononc\u00e9e de l'int\u00e9gration de ses membres, qui se lit plus nettement \u00e0 travers leurs divers modes d'occupation de l'espace en Ile-de-France, qu'ils soient d'ordre \u00e9conomique ou socioculturel.","authors":["Pierre Kamdem"],"category_codes":["1000000","1060000","1060300"],"visuals":{"large":"https:\/\/images.epagine.fr\/601\/9782296024601_1_75.jpg","medium":"https:\/\/images.epagine.fr\/601\/9782296024601_1_m.jpg","thumbnail":"https:\/\/images.epagine.fr\/601\/9782296024601_1_v.jpg"},"orderable":true,"show_badge":true,"formatted_price":"29,50&nbsp;\u20ac","formatted_published_date":"18 avril 2007","publisher_availability_label":"Sur commande","short_details":"Pierre Kamdem \u2014 \u00c9ditions L'Harmattan","translator":null,"weight":544,"page_count":314,"readership":null,"editor":"\u00c9ditions L'Harmattan","price":2950,"published_date":"2007-04-17T22:00:00.000000Z","support":"Grand format","publisher_availability":1,"stock":0,"editions":[],"url":"https:\/\/quaidesbrumes.com\/ouvrage\/9782296024601\/camerounais-en-ile-de-france-dynamiques-migratoires-et-strategies-dintegration-socio-spatiale-differentiees"},{"id":"9782296032439","title":"Baigneurs et bagnards ; tourismes et prisons dans l'\u00eele de r\u00e9","description":"C'est \u00e0 Saint-Martin-de-R\u00e9, le \"Saint-Tropez\" de l'Atlantique, que se trouve la plus grosse centrale de France, une prison r\u00e9serv\u00e9e aux longues peines et le principal employeur de l'\u00eele. Comment l'administration p\u00e9nitentiaire a-t-elle sorti les autochtones de la mis\u00e8re ? Pourquoi voulaient-ils \u00eatre reli\u00e9s au continent par un pont ? Comment, people, campeurs et d\u00e9tenus cohabitent-ils, l'\u00e9t\u00e9, sur ce bout de terre ? Par quels tours de magie la prison dispara\u00eet-elle du d\u00e9cor et des discours ? Comment la presse et l'\u00e9dition ont-elles construit l'image d'excellence de R\u00e9 ?","authors":["Jean-marie Renouard"],"category_codes":["1000000","1060000","1060300"],"visuals":{"large":"https:\/\/images.epagine.fr\/439\/9782296032439_1_75.jpg","medium":"https:\/\/images.epagine.fr\/439\/9782296032439_1_m.jpg","thumbnail":"https:\/\/images.epagine.fr\/439\/9782296032439_1_v.jpg"},"orderable":true,"show_badge":true,"formatted_price":"23,00&nbsp;\u20ac","formatted_published_date":"19 avril 2007","publisher_availability_label":"Sur commande","short_details":"Jean-marie Renouard \u2014 \u00c9ditions L'Harmattan","translator":null,"weight":270,"page_count":252,"readership":null,"editor":"\u00c9ditions L'Harmattan","price":2300,"published_date":"2007-04-18T22:00:00.000000Z","support":"Grand format","publisher_availability":1,"stock":0,"editions":[],"url":"https:\/\/quaidesbrumes.com\/ouvrage\/9782296032439\/baigneurs-et-bagnards-tourismes-et-prisons-dans-lile-de-re"},{"id":"9782013437066","title":"Premiere lettre a m. le marechal bugeaud duc d'isly, gouverneur general de l'algerie","description":"Premi\u00e8re lettre \u00e0 M. le Mar\u00e9chal Bugeaud duc d'Isly, gouverneur g\u00e9n\u00e9ral de l'Alg\u00e9rie , par le baron de Vialar...\r\nDate de l'\u00e9dition originale : 1846 Sujet de l'ouvrage : Alg\u00e9rie (1830-1962)France -- Colonies Ce livre est la reproduction fid\u00e8le d'une oeuvre publi\u00e9e avant 1920 et fait partie d'une collection de livres r\u00e9imprim\u00e9s \u00e0 la demande \u00e9dit\u00e9e par Hachette Livre, dans le cadre d'un partenariat avec la Biblioth\u00e8que nationale de France, offrant l'opportunit\u00e9 d'acc\u00e9der \u00e0 des ouvrages anciens et souvent rares issus des fonds patrimoniaux de la BnF.\r\nLes oeuvres faisant partie de cette collection ont \u00e9t\u00e9 num\u00e9ris\u00e9es par la BnF et sont pr\u00e9sentes sur Gallica, sa biblioth\u00e8que num\u00e9rique.\r\n\r\nEn entreprenant de redonner vie \u00e0 ces ouvrages au travers d'une collection de livres r\u00e9imprim\u00e9s \u00e0 la demande, nous leur donnons la possibilit\u00e9 de rencontrer un public \u00e9largi et participons \u00e0 la transmission de connaissances et de savoirs parfois difficilement accessibles.\r\nNous avons cherch\u00e9 \u00e0 concilier la reproduction fid\u00e8le d'un livre ancien \u00e0 partir de sa version num\u00e9ris\u00e9e avec le souci d'un confort de lecture optimal. Nous esp\u00e9rons que les ouvrages de cette nouvelle collection vous apporteront enti\u00e8re satisfaction.\r\n\r\nPour plus d'informations, rendez-vous sur www.hachettebnf.fr http:\/\/gallica.bnf.fr\/ark:\/12148\/bpt6k5790345s","authors":["Vialar Baron"],"category_codes":["1000000","1060000","1060200"],"visuals":{"large":"https:\/\/images.epagine.fr\/066\/9782013437066_1_75.jpg","medium":"https:\/\/images.epagine.fr\/066\/9782013437066_1_m.jpg","thumbnail":"https:\/\/images.epagine.fr\/066\/9782013437066_1_v.jpg"},"orderable":true,"show_badge":true,"formatted_price":"9,50&nbsp;\u20ac","formatted_published_date":"1er septembre 2014","publisher_availability_label":"Sur commande","short_details":"Vialar Baron \u2014 Hachette BNF","translator":null,"weight":48,"page_count":null,"readership":null,"editor":"Hachette BNF","price":950,"published_date":"2014-08-31T22:00:00.000000Z","support":"Grand format","publisher_availability":1,"stock":0,"editions":[],"url":"https:\/\/quaidesbrumes.com\/ouvrage\/9782013437066\/premiere-lettre-a-m-le-marechal-bugeaud-duc-disly-gouverneur-general-de-lalgerie"},{"id":"9782849410745","title":"Le poivre et l'or noir","description":"L'expression \" mati\u00e8re premi\u00e8re \" est trompeuse. Sous son aspect banal se cache un monde empli de passions et d'aventures. Chaque objet, chaque chose qui nous entoure a \u00e9t\u00e9 mati\u00e8re premi\u00e8re : nos livres ont \u00e9t\u00e9 du bois, nos stylos du p\u00e9trole, nos v\u00eatements du coton, de la soie, ou de la laine sur le dos d'un mouton, nos voitures ont \u00e9t\u00e9 du fer, les puces de nos ordinateurs du silicium ; les p\u00e2tes que nous mangeons ont \u00e9t\u00e9 du bl\u00e9, et que dire de notre caf\u00e9 ou de notre th\u00e9 du matin... Au coeur de notre \u00e9conomie mondialis\u00e9e, les mati\u00e8res premi\u00e8res ont \u00e9t\u00e9 l'enjeu de rivalit\u00e9s et de conflits extraordinaires et restent plus que jamais la cause de relations internationales compliqu\u00e9es ou mena\u00e7antes pour l'avenir. Le poivre et l'Or noir, par ses exemples, ses analyses \u00e9conomiques et sa r\u00e9flexion vivante et actuelle, nous r\u00e9v\u00e8le une des faces les plus secr\u00e8tes de l'\u00e9conomie mondiale.","authors":["Philippe Chalmin"],"category_codes":["1000000","1060000","1060300"],"visuals":{"large":"https:\/\/images.epagine.fr\/745\/9782849410745_1_75.jpg","medium":"https:\/\/images.epagine.fr\/745\/9782849410745_1_m.jpg","thumbnail":"https:\/\/images.epagine.fr\/745\/9782849410745_1_v.jpg"},"orderable":true,"show_badge":true,"formatted_price":"18,00&nbsp;\u20ac","formatted_published_date":"11 octobre 2007","publisher_availability_label":"Sur commande","short_details":"Philippe Chalmin \u2014 \u00c9ditions Les P\u00e9r\u00e9grines","translator":null,"weight":195,"page_count":137,"readership":null,"editor":"\u00c9ditions Les P\u00e9r\u00e9grines","price":1800,"published_date":"2007-10-10T22:00:00.000000Z","support":"Grand format","publisher_availability":1,"stock":0,"editions":[],"url":"https:\/\/quaidesbrumes.com\/ouvrage\/9782849410745\/le-poivre-et-lor-noir"},{"id":"9782296028746","title":"Quand l'ambition fait perdre la raison","description":"L'ambition est une qualit\u00e9, car \u00e0 l'origine des progr\u00e8s de la science, de la technique et de la technologie. Mais pouss\u00e9e au-del\u00e0 des limites convenables, elle d\u00e9g\u00e9n\u00e8re en vice et peut avoir des cons\u00e9quences d\u00e9sastreuses. Dans les pays africains, c'est au d\u00e9veloppement de cet aspect n\u00e9gatif de l'ambition qu'il nous est donn\u00e9 d'assister de nos jours. Le d\u00e9sir immod\u00e9r\u00e9 d'\u00eatre c\u00e9l\u00e8bres ou puissants, d'acqu\u00e9rir des richesses mat\u00e9rielles ou d'acc\u00e9der au paradis pousse trop de gens \u00e0 faire des folies que l'auteur d\u00e9nonce ici.","authors":["Fodjo Kadjo Abo"],"category_codes":["1000000","1060000","1060300"],"visuals":{"large":"https:\/\/images.epagine.fr\/746\/9782296028746_1_75.jpg","medium":"https:\/\/images.epagine.fr\/746\/9782296028746_1_m.jpg","thumbnail":"https:\/\/images.epagine.fr\/746\/9782296028746_1_v.jpg"},"orderable":true,"show_badge":true,"formatted_price":"15,00&nbsp;\u20ac","formatted_published_date":"29 mars 2007","publisher_availability_label":"Sur commande","short_details":"Fodjo Kadjo Abo \u2014 \u00c9ditions L'Harmattan","translator":null,"weight":182,"page_count":162,"readership":null,"editor":"\u00c9ditions L'Harmattan","price":1500,"published_date":"2007-03-28T22:00:00.000000Z","support":"Grand format","publisher_availability":1,"stock":0,"editions":[],"url":"https:\/\/quaidesbrumes.com\/ouvrage\/9782296028746\/quand-lambition-fait-perdre-la-raison"},{"id":"9782296030787","title":"Une vie au service de la vie ; m\u00e9moires d'un m\u00e9decin albanais (1914-1997)","description":"L'Albanie, rest\u00e9e pendant des si\u00e8cles sous le joug ottoman, ne s'est (entr)ouverte \u00e0 l'Europe qu'apr\u00e8s la Premi\u00e8re Guerre mondiale. Un jeune \u00e9tudiant put alors d\u00e9couvrir en France la m\u00e9decine moderne. Surpris par la Seconde Guerre mondiale, il regagnera les Balkans pour aider ses compatriotes. Le professeur Ndroqi qui fut professeur \u00e0 la Facult\u00e9 de m\u00e9decine de Tirana et chef de service hospitalier de Pneumologie nous restitue, avec ce texte autobiographique, pr\u00e8s d'un si\u00e8cle d'une Histoire particuli\u00e8rement dramatique.","authors":["Shefqet Ndroqi"],"category_codes":["1000000","1060000","1060100"],"visuals":{"large":"https:\/\/images.epagine.fr\/787\/9782296030787_1_75.jpg","medium":"https:\/\/images.epagine.fr\/787\/9782296030787_1_m.jpg","thumbnail":"https:\/\/images.epagine.fr\/787\/9782296030787_1_v.jpg"},"orderable":true,"show_badge":true,"formatted_price":"14,00&nbsp;\u20ac","formatted_published_date":"4 avril 2007","publisher_availability_label":"Sur commande","short_details":"Shefqet Ndroqi \u2014 \u00c9ditions L'Harmattan","translator":null,"weight":160,"page_count":142,"readership":null,"editor":"\u00c9ditions L'Harmattan","price":1400,"published_date":"2007-04-03T22:00:00.000000Z","support":"Grand format","publisher_availability":1,"stock":0,"editions":[],"url":"https:\/\/quaidesbrumes.com\/ouvrage\/9782296030787\/une-vie-au-service-de-la-vie-memoires-dun-medecin-albanais-1914-1997"},{"id":"9782296032972","title":"Le couchant de la vie ; journal d'une cancereuse croyante et coriace","description":"Les histoires de fin de vie se multiplient, et heureusement, car le voisinage de la mort peut provoquer des sursauts de vie pr\u00e9cieux pour celles et ceux qui veulent entendre. Op\u00e9r\u00e9e d'un cancer du sein en 1997, avec rechutes en 2000 et 2004, Mich\u00e8le d\u00e9crit son cheminement, du choc de l'annonce \u00e0 ses p\u00e9riodes d'espoir, de doute, voire de d\u00e9sespoir. Nous la suivons dans ses diverses activit\u00e9s, sa vie au milieu de ses enfants, de ses petits-enfants et de ses groupes d'amis. Nous assistons \u00e0 sa mont\u00e9e vers une foi profonde.","authors":["Michele Peltier"],"category_codes":["1000000","1060000","1060100"],"visuals":{"large":"https:\/\/images.epagine.fr\/972\/9782296032972_1_75.jpg","medium":"https:\/\/images.epagine.fr\/972\/9782296032972_1_m.jpg","thumbnail":"https:\/\/images.epagine.fr\/972\/9782296032972_1_v.jpg"},"orderable":true,"show_badge":true,"formatted_price":"16,00&nbsp;\u20ac","formatted_published_date":"28 mai 2007","publisher_availability_label":"Sur commande","short_details":"Michele Peltier \u2014 \u00c9ditions L'Harmattan","translator":null,"weight":220,"page_count":174,"readership":null,"editor":"\u00c9ditions L'Harmattan","price":1600,"published_date":"2007-05-27T22:00:00.000000Z","support":"Grand format","publisher_availability":1,"stock":0,"editions":[],"url":"https:\/\/quaidesbrumes.com\/ouvrage\/9782296032972\/le-couchant-de-la-vie-journal-dune-cancereuse-croyante-et-coriace"},{"id":"9782952536943","title":"Comment se sortir des violences","description":null,"authors":["Judy da Silva"],"category_codes":["1000000","1060000","1060300"],"visuals":{"large":"https:\/\/quaidesbrumes.com\/img\/book-placeholder.png","medium":"https:\/\/quaidesbrumes.com\/img\/book-placeholder.png","thumbnail":"https:\/\/quaidesbrumes.com\/img\/book-placeholder.png"},"orderable":true,"show_badge":true,"formatted_price":"15,00&nbsp;\u20ac","formatted_published_date":"26 juin 2006","publisher_availability_label":"Sur commande","short_details":"Judy da Silva \u2014 Memoire De Plume","translator":null,"weight":800,"page_count":null,"readership":null,"editor":"Memoire De Plume","price":1500,"published_date":"2006-06-25T22:00:00.000000Z","support":"Grand format","publisher_availability":1,"stock":0,"editions":[],"url":"https:\/\/quaidesbrumes.com\/ouvrage\/9782952536943\/comment-se-sortir-des-violences"},{"id":"9782952536936","title":"Blessures de l'\u00e2me","description":null,"authors":["Judy da Silva"],"category_codes":["1000000","1060000","1060300"],"visuals":{"large":"https:\/\/quaidesbrumes.com\/img\/book-placeholder.png","medium":"https:\/\/quaidesbrumes.com\/img\/book-placeholder.png","thumbnail":"https:\/\/quaidesbrumes.com\/img\/book-placeholder.png"},"orderable":true,"show_badge":true,"formatted_price":"20,00&nbsp;\u20ac","formatted_published_date":"25 mai 2006","publisher_availability_label":"Sur commande","short_details":"Judy da Silva \u2014 Memoire De Plume","translator":null,"weight":1500,"page_count":null,"readership":null,"editor":"Memoire De Plume","price":2000,"published_date":"2006-05-24T22:00:00.000000Z","support":"Grand format","publisher_availability":1,"stock":0,"editions":[],"url":"https:\/\/quaidesbrumes.com\/ouvrage\/9782952536936\/blessures-de-lame"}]}