{"data":[{"id":"9782296015197","title":"Rien ne sert de parler si fort","description":"Ce livre rare est l'odyss\u00e9e po\u00e9tique d'une sir\u00e8ne tourment\u00e9e, en qu\u00eate de sa voix et de son identit\u00e9. Il nous r\u00e9v\u00e8le \"l'exp\u00e9rience du dedans\", ce qui n'a jamais \u00e9t\u00e9 dit sur la surdit\u00e9, les sensations, le sentiment d'exclusion. Son auteur trouve les mots pour exprimer ce que n'ont jamais os\u00e9 ou pu dire des \u00eatres priv\u00e9s de l'audition \u00e0 leur naissance et des sons qui donnent les clefs de l'\u00e9criture et du langage.","authors":["Aur\u00e9lie de La selle"],"category_codes":["1000000","1060000","1060300"],"visuals":{"large":"https:\/\/images.epagine.fr\/197\/9782296015197_1_75.jpg","medium":"https:\/\/images.epagine.fr\/197\/9782296015197_1_m.jpg","thumbnail":"https:\/\/images.epagine.fr\/197\/9782296015197_1_v.jpg"},"orderable":true,"show_badge":true,"formatted_price":"14,50&nbsp;\u20ac","formatted_published_date":"2 octobre 2006","publisher_availability_label":"Sur commande","short_details":"Aur\u00e9lie de La selle \u2014 \u00c9ditions L'Harmattan","translator":null,"weight":170,"page_count":150,"readership":null,"editor":"\u00c9ditions L'Harmattan","price":1450,"published_date":"2006-10-01T22:00:00.000000Z","support":"Grand format","publisher_availability":1,"stock":0,"editions":[],"url":"https:\/\/quaidesbrumes.com\/ouvrage\/9782296015197\/rien-ne-sert-de-parler-si-fort"},{"id":"9782296015302","title":"La fonction sociale des restaurants en chine","description":"Les Chinois \"prennent l'alimentation pour Dieu\". Selon eux, surveiller l'alimentation quotidienne est la meilleure fa\u00e7on de garder une bonne sant\u00e9 ; mais le fait de manger sert aussi \u00e0 assurer l'ordre social. Le restaurant joue un r\u00f4le important dans la vie des Chinois : c'est un endroit pour prendre des repas, mais aussi un endroit de communication. C'est une mise en sc\u00e8ne de la hi\u00e9rarchie familiale, sociale et professionnelle. A travers le choix du restaurant et le choix des plats se manifestent les relations interpersonnelles entre les participants.","authors":["Xiaomin Yang"],"category_codes":["1000000","1060000","1060300"],"visuals":{"large":"https:\/\/images.epagine.fr\/302\/9782296015302_1_75.jpg","medium":"https:\/\/images.epagine.fr\/302\/9782296015302_1_m.jpg","thumbnail":"https:\/\/images.epagine.fr\/302\/9782296015302_1_v.jpg"},"orderable":true,"show_badge":true,"formatted_price":"28,00&nbsp;\u20ac","formatted_published_date":"15 octobre 2006","publisher_availability_label":"Sur commande","short_details":"Xiaomin Yang \u2014 \u00c9ditions L'Harmattan","translator":null,"weight":335,"page_count":312,"readership":null,"editor":"\u00c9ditions L'Harmattan","price":2800,"published_date":"2006-10-14T22:00:00.000000Z","support":"Grand format","publisher_availability":1,"stock":0,"editions":[],"url":"https:\/\/quaidesbrumes.com\/ouvrage\/9782296015302\/la-fonction-sociale-des-restaurants-en-chine"},{"id":"9782296013889","title":"L'impasse de la r\u00e9publique ; r\u00e9cits d'enfance (1956-1962)","description":"Les souvenirs d'une fillette, install\u00e9e en banlieue parisienne, pendant la \"guerre d'Alg\u00e9rie\". Dans un quotidien ponctu\u00e9 de questionnements, de fuites, de squats, de perquisitions et de jeux, elle cherche \u00e0 comprendre la disparition de son p\u00e8re. Apr\u00e8s plus de quarante ans d'oubli, de refoulement, de silence, des impressions puis des images resurgissent. Peu \u00e0 peu se recompose un chapelet d'histoires qui montrent que les Chibanis, les vieux immigr\u00e9s d'aujourd'hui \"ne rasaient pas les murs\".","authors":["Salih Mara"],"category_codes":["1000000","1060000"],"visuals":{"large":"https:\/\/images.epagine.fr\/889\/9782296013889_1_75.jpg","medium":"https:\/\/images.epagine.fr\/889\/9782296013889_1_m.jpg","thumbnail":"https:\/\/images.epagine.fr\/889\/9782296013889_1_v.jpg"},"orderable":true,"show_badge":true,"formatted_price":"24,00&nbsp;\u20ac","formatted_published_date":"2 septembre 2006","publisher_availability_label":"Sur commande","short_details":"Salih Mara \u2014 \u00c9ditions L'Harmattan","translator":null,"weight":280,"page_count":261,"readership":null,"editor":"\u00c9ditions L'Harmattan","price":2400,"published_date":"2006-09-01T22:00:00.000000Z","support":"Grand format","publisher_availability":1,"stock":0,"editions":[],"url":"https:\/\/quaidesbrumes.com\/ouvrage\/9782296013889\/limpasse-de-la-republique-recits-denfance-1956-1962"},{"id":"9782296013933","title":"Mouvement moderniste de thessalonique 1932-1939 ; Tome 1 figures de l'intimisme","description":"\"Nous ne sommes plus seuls\" : par ces mots, Constantin Dimaras a salu\u00e9, d'Ath\u00e8nes, la naissance du centre grec de la prose d'avant-garde et du \"monologue int\u00e9rieur\" que passe pour \u00eatre \"l'Ecole de Thessalonique\". On englobe ordinairement sous ce vocable les divers aspects d'un mouvement moderniste initi\u00e9 par la revue Jours de Mac\u00e9doine qui fut, avec les Lettres Nouvelles, le plus important foyer de cr\u00e9ation de l'entre-deux-guerres en Gr\u00e8ce. En r\u00e9action \u00e0 la tradition du r\u00e9cit de moeurs et \u00e0 la mode du roman \u00e0 th\u00e8se, un groupe d'auteurs s'est r\u00e9uni autour de ce mensuel avec l'ambition de renouveler la prose n\u00e9o-hell\u00e9nique.","authors":["Jean-luc Chiappone"],"category_codes":["1000000","1060000","1060300"],"visuals":{"large":"https:\/\/images.epagine.fr\/933\/9782296013933_1_75.jpg","medium":"https:\/\/images.epagine.fr\/933\/9782296013933_1_m.jpg","thumbnail":"https:\/\/images.epagine.fr\/933\/9782296013933_1_v.jpg"},"orderable":true,"show_badge":true,"formatted_price":"30,00&nbsp;\u20ac","formatted_published_date":"1er octobre 2006","publisher_availability_label":"Sur commande","short_details":"Jean-luc Chiappone \u2014 \u00c9ditions L'Harmattan","translator":null,"weight":360,"page_count":null,"readership":null,"editor":"\u00c9ditions L'Harmattan","price":3000,"published_date":"2006-09-30T22:00:00.000000Z","support":"Grand format","publisher_availability":1,"stock":0,"editions":[],"url":"https:\/\/quaidesbrumes.com\/ouvrage\/9782296013933\/mouvement-moderniste-de-thessalonique-1932-1939-tome-1-figures-de-lintimisme"},{"id":"9782296014756","title":"Le cambodge ; t\u00e9moignages d'hier \u00e0 aujourd'hui","description":"Le livre rassemble les t\u00e9moignages d'acteurs privil\u00e9gi\u00e9s de la vie au Cambodge, explorateurs, militaires, missionnaires religieux ou humanitaires, enseignants, industriels, coop\u00e9rants scientifiques ou artistiques, r\u00e9unis par un fin connaisseur de la r\u00e9gion et de ses habitants, amoureux, comme tous ces volontaires d\u00e9vou\u00e9s \u00e0 sa reconstruction, d'un pays marqu\u00e9 par la trag\u00e9die Khmer rouge.","authors":["Claude Gilles"],"category_codes":["1000000","1060000","1060100"],"visuals":{"large":"https:\/\/images.epagine.fr\/756\/9782296014756_1_75.jpg","medium":"https:\/\/images.epagine.fr\/756\/9782296014756_1_m.jpg","thumbnail":"https:\/\/images.epagine.fr\/756\/9782296014756_1_v.jpg"},"orderable":true,"show_badge":true,"formatted_price":"30,00&nbsp;\u20ac","formatted_published_date":"1er octobre 2006","publisher_availability_label":"Sur commande","short_details":"Claude Gilles \u2014 \u00c9ditions L'Harmattan","translator":null,"weight":450,"page_count":336,"readership":null,"editor":"\u00c9ditions L'Harmattan","price":3000,"published_date":"2006-09-30T22:00:00.000000Z","support":"Grand format","publisher_availability":1,"stock":0,"editions":[],"url":"https:\/\/quaidesbrumes.com\/ouvrage\/9782296014756\/le-cambodge-temoignages-dhier-a-aujourdhui"},{"id":"9782952372237","title":"L'ombre du ceinturon ; la meutrissure d'amour","description":"Un voyage dans la m\u00e9moire pour retrouver quelques amour pour ce p\u00e8re, si d\u00e9test\u00e9, am\u00e8ne l'auteur dans un p\u00e9riple qui va de la Vend\u00e9e des ann\u00e9es cinquantes, vers les horizons africains.\r\nVoyage int\u00e9rieur r\u00e9sultat de cette recherche d'amour. \r\nSans la rencontre avec Fran\u00e7oise et de certains amis il serait \u00e0coup sur devenu une \u00e9pave... le Bouddhisme, aussi ,fut une r\u00e9v\u00e9lation.\r\n","authors":["Lionel bernard Daviet"],"category_codes":["1000000","1060000","1060100"],"visuals":{"large":"https:\/\/images.epagine.fr\/237\/9782952372237_1_75.jpg","medium":"https:\/\/images.epagine.fr\/237\/9782952372237_1_m.jpg","thumbnail":"https:\/\/images.epagine.fr\/237\/9782952372237_1_v.jpg"},"orderable":true,"show_badge":true,"formatted_price":"17,90&nbsp;\u20ac","formatted_published_date":"18 octobre 2006","publisher_availability_label":"Sur commande","short_details":"Lionel bernard Daviet \u2014 Delbe","translator":null,"weight":300,"page_count":178,"readership":null,"editor":"Delbe","price":1790,"published_date":"2006-10-17T22:00:00.000000Z","support":"Grand format","publisher_availability":1,"stock":0,"editions":[],"url":"https:\/\/quaidesbrumes.com\/ouvrage\/9782952372237\/lombre-du-ceinturon-la-meutrissure-damour"},{"id":"9782914968270","title":"La validation des acquis de l'exp\u00e9rience : la reconnaissance d'un nouveau droit","description":"Institu\u00e9e par la loi de modernisation sociale du 17 janvier 2002, la Validation des acquis de l'exp\u00e9rience (VAE) est pr\u00e9sent\u00e9e par ses promoteurs comme un dispositif correcteur des in\u00e9galit\u00e9s de formation initiale et continue, comme le moyen de prendre en compte d'autres apprentissages que les seuls apprentissages scolaires, comme un outil de gestion pr\u00e9visionnelle des emplois et des comp\u00e9tences. Elle s'inscrit dans le cadre du nouveau droit \u00e0 la formation tout au long de la vie et des projets de s\u00e9curit\u00e9 sociale professionnelle. Ainsi justifi\u00e9e, la VAE fait l'objet d'un tr\u00e8s large consensus, le gouvernement vise \u00e0 augmenter rapidement le nombre de ses b\u00e9n\u00e9ficiaires et chacun en appelle au d\u00e9veloppement de cette voie alternative d'acc\u00e8s aux dipl\u00f4mes.\r\nLe droit \u00e0 la VAE appara\u00eet pourtant probl\u00e9matique, \u00e0 la mesure m\u00eame des ambigu\u00eft\u00e9s de la notion de reconnaissance. Les contributions r\u00e9unies ici croisent les regards de sociologues, de psychologues, d'historiens, de juristes... sur ce qui est \u00e0 la fois un dispositif juridique, une politique publique et une pratique sociale.\r\nComment la VAE s'inscrit-elle dans l'histoire de la formation professionnelle et de l'\u00e9ducation permanente ? Quelle place prend-elle dans les politiques de formation tout au long de la vie ? Quels sont ses effets sur le statut juridique et l'\u00e9conomie des dipl\u00f4mes ? Et sur l'articulation entre syst\u00e8me \u00e9ducatif et march\u00e9 du travail ? Quelle est cette exp\u00e9rience dont on dit valider les acquis ? Comment s'op\u00e8re cette reconnaissance ? Sur quelles normes s'appuient les accompagnateurs et les jurys ? Quelles sont les attentes de ceux qui sollicitent cette reconnaissance ? Quelles sont les figures du d\u00e9ni de reconnaissance oe","authors":["Collectif"],"category_codes":["1000000","1060000","1060300"],"visuals":{"large":"https:\/\/images.epagine.fr\/270\/9782914968270_1_75.jpg","medium":"https:\/\/images.epagine.fr\/270\/9782914968270_1_m.jpg","thumbnail":"https:\/\/images.epagine.fr\/270\/9782914968270_1_v.jpg"},"orderable":true,"show_badge":true,"formatted_price":"28,00&nbsp;\u20ac","formatted_published_date":"11 janvier 2007","publisher_availability_label":"Sur commande","short_details":"Collectif \u2014 Croquant","translator":null,"weight":624,"page_count":477,"readership":null,"editor":"Croquant","price":2800,"published_date":"2007-01-10T23:00:00.000000Z","support":"Grand format","publisher_availability":1,"stock":0,"editions":[],"url":"https:\/\/quaidesbrumes.com\/ouvrage\/9782914968270\/la-validation-des-acquis-de-lexperience-la-reconnaissance-dun-nouveau-droit"},{"id":"9782296026025","title":"De toutes les couleurs : de l'ethnicit\u00e9 dans l'aire anglophone","description":"La diversit\u00e9 ethnique n'a jamais \u00e9t\u00e9 aussi visible. Cette richesse ind\u00e9niable soul\u00e8ve aussi des probl\u00e8mes et le mod\u00e8le multiculturel est aujourd'hui critiqu\u00e9, voir remis en cause. La France a tout int\u00e9r\u00eat \u00e0 mieux conna\u00eetre la conception des soci\u00e9t\u00e9s anglo-saxonne dans ce domaine. Cet ouvrage livre onze contributions \u00e0 la question ethnique. Tant\u00f4t historique, tant\u00f4t contemporain, ce volume a pour ambition de jeter des ponts entre les aires culturelles.","authors":["Michel Prum"],"category_codes":["1000000","1060000","1060300"],"visuals":{"large":"https:\/\/images.epagine.fr\/025\/9782296026025_1_75.jpg","medium":"https:\/\/images.epagine.fr\/025\/9782296026025_1_m.jpg","thumbnail":"https:\/\/images.epagine.fr\/025\/9782296026025_1_v.jpg"},"orderable":true,"show_badge":true,"formatted_price":"23,00&nbsp;\u20ac","formatted_published_date":"1er janvier 2007","publisher_availability_label":"Sur commande","short_details":"Michel Prum \u2014 \u00c9ditions L'Harmattan","translator":null,"weight":345,"page_count":null,"readership":null,"editor":"\u00c9ditions L'Harmattan","price":2300,"published_date":"2006-12-31T23:00:00.000000Z","support":"Grand format","publisher_availability":1,"stock":0,"editions":[],"url":"https:\/\/quaidesbrumes.com\/ouvrage\/9782296026025\/de-toutes-les-couleurs-de-lethnicite-dans-laire-anglophone"},{"id":"9781844139316","title":"MISS ANGEL - THE ART AND WORLD OF ANGELICA KAUFFMAN, EIGHTEENTH-CENTURY ICON","description":"One of the most successful women artists in history - a painter who possessed what her friend Goethe called an 'unbelievable' and 'massive' talent - Angelica Kauffman became the toast of Georgian England, captivating society with her portraits, mythological scenes and decorative compositions. This is her biography.","authors":["Angelica Goodden"],"category_codes":["1000000","1060000","1060100"],"visuals":{"large":"https:\/\/images.epagine.fr\/316\/9781844139316_1_75.jpg","medium":"https:\/\/images.epagine.fr\/316\/9781844139316_1_m.jpg","thumbnail":"https:\/\/images.epagine.fr\/316\/9781844139316_1_v.jpg"},"orderable":true,"show_badge":true,"formatted_price":"19,80&nbsp;\u20ac","formatted_published_date":"2 ao\u00fbt 2006","publisher_availability_label":"Sur commande","short_details":"Angelica Goodden \u2014 Pimlico","translator":null,"weight":541,"page_count":387,"readership":null,"editor":"Pimlico","price":1980,"published_date":"2006-08-01T22:00:00.000000Z","support":"Grand format","publisher_availability":1,"stock":0,"editions":[],"url":"https:\/\/quaidesbrumes.com\/ouvrage\/9781844139316\/miss-angel-the-art-and-world-of-angelica-kauffman-eighteenth-century-icon"},{"id":"9782296010345","title":"Valeurs et comportements dans les entreprises fran\u00e7aises","description":"Les domaines de l'\u00e9thique, de la responsabilit\u00e9 sociale et du d\u00e9veloppement durable en entreprise sont devenus des sujets de plus en plus pr\u00e9gnants. En r\u00e9ponse, les grandes entreprises ont souvent \u00e9labor\u00e9 une charte qui exprime leur souci d'un art de diriger leur conduite en r\u00e9f\u00e9rence \u00e0 des principes moraux, parall\u00e8lement \u00e0 la qu\u00eate de profit. Cet ouvrage \u00e9tudie non seulement les codes de conduite existants mais \u00e9galement les comportements effectifs des organisations, quelle qu'en soit la taille.","authors":["G\u00e9rard Regnault"],"category_codes":["1000000","1060000","1060300"],"visuals":{"large":"https:\/\/images.epagine.fr\/345\/9782296010345_1_75.jpg","medium":"https:\/\/images.epagine.fr\/345\/9782296010345_1_m.jpg","thumbnail":"https:\/\/images.epagine.fr\/345\/9782296010345_1_v.jpg"},"orderable":true,"show_badge":true,"formatted_price":"16,50&nbsp;\u20ac","formatted_published_date":"1er septembre 2006","publisher_availability_label":"Sur commande","short_details":"G\u00e9rard Regnault \u2014 \u00c9ditions L'Harmattan","translator":null,"weight":245,"page_count":176,"readership":null,"editor":"\u00c9ditions L'Harmattan","price":1650,"published_date":"2006-08-31T22:00:00.000000Z","support":"Grand format","publisher_availability":1,"stock":0,"editions":[],"url":"https:\/\/quaidesbrumes.com\/ouvrage\/9782296010345\/valeurs-et-comportements-dans-les-entreprises-francaises"},{"id":"9781582346182","title":"My Horizontal Life : A Collection of One Night Stands","description":"The author shares a collection of true-life stories about her romps through the bedrooms of a variety of suitors, documenting her brief encounters with a Vegas stripper, a well-endowed little person, and a cruise ship performer.","authors":["Chelsea Handler"],"category_codes":["1000000","1060000","1060100"],"visuals":{"large":"https:\/\/images.epagine.fr\/182\/9781582346182_1_75.jpg","medium":"https:\/\/images.epagine.fr\/182\/9781582346182_1_m.jpg","thumbnail":"https:\/\/images.epagine.fr\/182\/9781582346182_1_v.jpg"},"orderable":true,"show_badge":true,"formatted_price":"17,00&nbsp;\u20ac","formatted_published_date":"2 juin 2005","publisher_availability_label":"Sur commande","short_details":"Chelsea Handler","translator":null,"weight":285,"page_count":null,"readership":null,"editor":null,"price":1700,"published_date":"2005-06-01T22:00:00.000000Z","support":"Poche","publisher_availability":1,"stock":0,"editions":[],"url":"https:\/\/quaidesbrumes.com\/ouvrage\/9781582346182\/my-horizontal-life-a-collection-of-one-night-stands"},{"id":"9782296011779","title":"Une lettre pour te dire...","description":"\"Ce sont des instants d\u00e9rob\u00e9s au temps, sauv\u00e9s miraculeusement du pass\u00e9, et qui redonnent vie \u00e0 une famille, et quelle famille ! Une belle \u00e9nergie, puis\u00e9e dans la grandeur du quotidien, transpara\u00eet \u00e0 travers les lettres \u00e0 l'amie Th\u00eea. Une grande famille naviguant, au gr\u00e9 des contrats du p\u00e8re, d'un continent \u00e0 l'autre. Nous sommes sans cesse confront\u00e9s \u00e0 un monde qui se cherche, aux diff\u00e9rentes cultures qui tentent de s'affirmer. Par son t\u00e9moignage, l'auteur nous donne un bel exemple d'ouverture \u00e0 l'autre, d'amiti\u00e9 et de tol\u00e9rance.\" D. Rives","authors":["Jo-ann Dufleuve"],"category_codes":["1000000","1060000"],"visuals":{"large":"https:\/\/images.epagine.fr\/779\/9782296011779_1_75.jpg","medium":"https:\/\/images.epagine.fr\/779\/9782296011779_1_m.jpg","thumbnail":"https:\/\/images.epagine.fr\/779\/9782296011779_1_v.jpg"},"orderable":true,"show_badge":true,"formatted_price":"12,00&nbsp;\u20ac","formatted_published_date":"2 septembre 2006","publisher_availability_label":"Sur commande","short_details":"Jo-ann Dufleuve \u2014 \u00c9ditions L'Harmattan","translator":null,"weight":160,"page_count":106,"readership":null,"editor":"\u00c9ditions L'Harmattan","price":1200,"published_date":"2006-09-01T22:00:00.000000Z","support":"Grand format","publisher_availability":1,"stock":0,"editions":[],"url":"https:\/\/quaidesbrumes.com\/ouvrage\/9782296011779\/une-lettre-pour-te-dire"},{"id":"9782296012998","title":"Le lobby europ\u00e9en des femmes : la voie institutionnelle du f\u00e9minisme europ\u00e9en","description":"Cr\u00e9\u00e9 par la volont\u00e9 conjointe de la Commission europ\u00e9enne et des f\u00e9ministes en 1990, le Lobby europ\u00e9en des femmes est la plus grande coalition d'organisations de femmes de l'Union europ\u00e9enne. A travers des actions de lobbying et gr\u00e2ce \u00e0 un r\u00e9seau d'organisations, il veille \u00e0 ce que les droits des femmes et l'\u00e9galit\u00e9 soient pris en compte. Quels sont le r\u00f4le et la place du Lobby, par rapport aux institutions europ\u00e9ennes et f\u00e9ministes ? Doit-on voir en lui un nouveau mode de combat f\u00e9ministe plus efficace ?","authors":["Marie Ramot"],"category_codes":["9000000","9120000","9120300","9120316"],"visuals":{"large":"https:\/\/images.epagine.fr\/998\/9782296012998_1_75.jpg","medium":"https:\/\/images.epagine.fr\/998\/9782296012998_1_m.jpg","thumbnail":"https:\/\/images.epagine.fr\/998\/9782296012998_1_v.jpg"},"orderable":true,"show_badge":true,"formatted_price":"15,50&nbsp;\u20ac","formatted_published_date":"1er septembre 2006","publisher_availability_label":"Sur commande","short_details":"Marie Ramot \u2014 \u00c9ditions L'Harmattan","translator":null,"weight":180,"page_count":164,"readership":null,"editor":"\u00c9ditions L'Harmattan","price":1550,"published_date":"2006-08-31T22:00:00.000000Z","support":"Grand format","publisher_availability":1,"stock":0,"editions":[],"url":"https:\/\/quaidesbrumes.com\/ouvrage\/9782296012998\/le-lobby-europeen-des-femmes-la-voie-institutionnelle-du-feminisme-europeen"},{"id":"9782296013117","title":"Petite mythologie de nos r\u00eaves immobiliers","description":"L'ouvrage d\u00e9crypte avec finesse et un humour corrosif le discours, souvent pauvre et st\u00e9r\u00e9otyp\u00e9, tenu dans les \"gratuits immobiliers\" abondamment offerts dans nos villes. Interrogeant les mots et les formules, l'ouvrage dessine une topographie de nos d\u00e9sirs et des images d'Epinal qui le nourrissent.Voici une cartographie de nos d\u00e9sirs collectifs , format\u00e9s par des normes tacites qui assignent les diff\u00e9rentes cat\u00e9gories sociales \u00e0 leurs places respectives et aux r\u00eaves qui peuvent leur correspondre.","authors":["Fran\u00e7oise Weck"],"category_codes":["1000000","1060000","1060300"],"visuals":{"large":"https:\/\/images.epagine.fr\/117\/9782296013117_1_75.jpg","medium":"https:\/\/images.epagine.fr\/117\/9782296013117_1_m.jpg","thumbnail":"https:\/\/images.epagine.fr\/117\/9782296013117_1_v.jpg"},"orderable":true,"show_badge":true,"formatted_price":"13,50&nbsp;\u20ac","formatted_published_date":"1er septembre 2006","publisher_availability_label":"Sur commande","short_details":"Fran\u00e7oise Weck \u2014 \u00c9ditions L'Harmattan","translator":null,"weight":186,"page_count":134,"readership":null,"editor":"\u00c9ditions L'Harmattan","price":1350,"published_date":"2006-08-31T22:00:00.000000Z","support":"Grand format","publisher_availability":1,"stock":0,"editions":[],"url":"https:\/\/quaidesbrumes.com\/ouvrage\/9782296013117\/petite-mythologie-de-nos-reves-immobiliers"},{"id":"9782914958486","title":"Mes souvenirs","description":"Jules Massenet (1842-1912) est pour chacun le compositeur de Manon Lescaut, op\u00e9ra qui donna corps et voix \u00e0 l'\u00e9vanescente Manon de l'abb\u00e9 Pr\u00e9vost. Ses souvenirs racont\u00e9s avec un regard encore frais retracent le parcours d'un virtuose : du Conservatoire \u00e0 l'Institut se d\u00e9roule une carri\u00e8re merveilleuse dans le monde des musiciens fran\u00e7ais et europ\u00e9ens.","authors":["Jules Massenet"],"category_codes":["1000000","1060000","1060100"],"visuals":{"large":"https:\/\/images.epagine.fr\/486\/9782914958486_1_75.jpg","medium":"https:\/\/images.epagine.fr\/486\/9782914958486_1_m.jpg","thumbnail":"https:\/\/images.epagine.fr\/486\/9782914958486_1_v.jpg"},"orderable":true,"show_badge":true,"formatted_price":"28,00&nbsp;\u20ac","formatted_published_date":"1er septembre 2006","publisher_availability_label":"Sur commande","short_details":"Jules Massenet \u2014 EDITIONS DU SANDRE","translator":null,"weight":350,"page_count":262,"readership":null,"editor":"EDITIONS DU SANDRE","price":2800,"published_date":"2006-08-31T22:00:00.000000Z","support":"Grand format","publisher_availability":1,"stock":0,"editions":[],"url":"https:\/\/quaidesbrumes.com\/ouvrage\/9782914958486\/mes-souvenirs"},{"id":"9782747567886","title":"Chemins de banlieue, chemin de vie","description":"Destin\u00e9 \u00e0 tous ceux qui s'int\u00e9ressent aux probl\u00e9matiques des banlieues, cet ouvrage permet, gr\u00e2ce \u00e0 une \u00e9criture aussi sensible que pr\u00e9cise, de comprendre les attitudes et motivations de jeunes qui se mobilisent pour leurs quartiers et leurs proches. C'est sous une forme libre que l'auteur, sociologue et formateur, choisit de nous introduire au coeur de ses rencontres avec des jeunes dont les familles sont originaires du Maghreb.","authors":["Bertrand Dubrueil"],"category_codes":["1000000","1060000","1060300"],"visuals":{"large":"https:\/\/images.epagine.fr\/886\/9782747567886_1_75.jpg","medium":"https:\/\/images.epagine.fr\/886\/9782747567886_1_m.jpg","thumbnail":"https:\/\/images.epagine.fr\/886\/9782747567886_1_v.jpg"},"orderable":true,"show_badge":true,"formatted_price":"17,00&nbsp;\u20ac","formatted_published_date":"1er septembre 2006","publisher_availability_label":"Sur commande","short_details":"Bertrand Dubrueil \u2014 \u00c9ditions L'Harmattan","translator":null,"weight":208,"page_count":144,"readership":null,"editor":"\u00c9ditions L'Harmattan","price":1700,"published_date":"2006-08-31T22:00:00.000000Z","support":"Grand format","publisher_availability":1,"stock":0,"editions":[],"url":"https:\/\/quaidesbrumes.com\/ouvrage\/9782747567886\/chemins-de-banlieue-chemin-de-vie"},{"id":"9781405091602","title":"THE MIGHTY AND THE ALMIGHTY","description":"Examines religion and foreign affairs through the lens of American history as well as the author's personal experiences in public office. This work offers a critique of US policy, condemnation for those who exploit religious fervor for violent ends, and praise for leaders who seek to harness the values of faith to bring people together.","authors":["Madeleine Albright"],"category_codes":["1000000","1060000","1060100"],"visuals":{"large":"https:\/\/quaidesbrumes.com\/img\/book-placeholder.png","medium":"https:\/\/quaidesbrumes.com\/img\/book-placeholder.png","thumbnail":"https:\/\/quaidesbrumes.com\/img\/book-placeholder.png"},"orderable":true,"show_badge":true,"formatted_price":"26,90&nbsp;\u20ac","formatted_published_date":"4 mai 2006","publisher_availability_label":"Sur commande","short_details":"Madeleine Albright \u2014 MACMILLAN","translator":null,"weight":568,"page_count":null,"readership":null,"editor":"MACMILLAN","price":2690,"published_date":"2006-05-03T22:00:00.000000Z","support":"Grand format","publisher_availability":1,"stock":0,"editions":[],"url":"https:\/\/quaidesbrumes.com\/ouvrage\/9781405091602\/the-mighty-and-the-almighty"},{"id":"9782013422093","title":"Collection de materiaux pour l'histoire de la revolution de france, depuis 1787 jusqu'a ce jour","description":"Collection de mat\u00e9riaux pour l'histoire de la r\u00e9volution de France, depuis 1787 jusqu'\u00e0 ce jour . Bibliographie des journaux, par M. D.......s Date de l'\u00e9dition originale : 1829 Sujet de l'ouvrage : France -- 1789-1799 (R\u00e9volution) -- P\u00e9riodiques -- Bibliographie Ce livre est la reproduction fid\u00e8le d'une oeuvre publi\u00e9e avant 1920 et fait partie d'une collection de livres r\u00e9imprim\u00e9s \u00e0 la demande \u00e9dit\u00e9e par Hachette Livre, dans le cadre d'un partenariat avec la Biblioth\u00e8que nationale de France, offrant l'opportunit\u00e9 d'acc\u00e9der \u00e0 des ouvrages anciens et souvent rares issus des fonds patrimoniaux de la BnF.\r\nLes oeuvres faisant partie de cette collection ont \u00e9t\u00e9 num\u00e9ris\u00e9es par la BnF et sont pr\u00e9sentes sur Gallica, sa biblioth\u00e8que num\u00e9rique.\r\n\r\nEn entreprenant de redonner vie \u00e0 ces ouvrages au travers d'une collection de livres r\u00e9imprim\u00e9s \u00e0 la demande, nous leur donnons la possibilit\u00e9 de rencontrer un public \u00e9largi et participons \u00e0 la transmission de connaissances et de savoirs parfois difficilement accessibles.\r\nNous avons cherch\u00e9 \u00e0 concilier la reproduction fid\u00e8le d'un livre ancien \u00e0 partir de sa version num\u00e9ris\u00e9e avec le souci d'un confort de lecture optimal. Nous esp\u00e9rons que les ouvrages de cette nouvelle collection vous apporteront enti\u00e8re satisfaction.\r\n\r\nPour plus d'informations, rendez-vous sur www.hachettebnf.fr","authors":["Deschiens F-J."],"category_codes":["1000000","1060000","1060200"],"visuals":{"large":"https:\/\/images.epagine.fr\/093\/9782013422093_1_75.jpg","medium":"https:\/\/images.epagine.fr\/093\/9782013422093_1_m.jpg","thumbnail":"https:\/\/images.epagine.fr\/093\/9782013422093_1_v.jpg"},"orderable":true,"show_badge":true,"formatted_price":"35,40&nbsp;\u20ac","formatted_published_date":"1er septembre 2014","publisher_availability_label":"Sur commande","short_details":"Deschiens F-J. \u2014 Hachette BNF","translator":null,"weight":925,"page_count":null,"readership":null,"editor":"Hachette BNF","price":3540,"published_date":"2014-08-31T22:00:00.000000Z","support":"Grand format","publisher_availability":1,"stock":0,"editions":[],"url":"https:\/\/quaidesbrumes.com\/ouvrage\/9782013422093\/collection-de-materiaux-pour-lhistoire-de-la-revolution-de-france-depuis-1787-jusqua-ce-jour"},{"id":"9782913678293","title":"1962 la France m'a oubli\u00e9","description":"\r\n            \" un jour, la france est partie.\r\n toute la france.  l'arm\u00e9e, les colons, les politiques, les administrations, les documents de premi\u00e8re importance, les r\u00e9sidents, les pieds-noirs, les harkis, les familles et leurs enfants, les meubles et les animaux.  en 1962, tous les fran\u00e7ais qui l'ont souhait\u00e9 sont partis pour la france, sauf moi et d'autres orphelins laiss\u00e9s \u00e0 l'orphelinat, \u00e0 ses murs, \u00e0 ses nouveaux occupants.  je suis n\u00e9 un soir de juillet 1955 \u00e0 l'h\u00f4pital d'aumale o\u00fa ma m\u00e8re, apr\u00e8s m'avoir donn\u00e9 un nom, m'a abandonn\u00e9.\r\n c'\u00e9tait au lendemain de ma naissance, et c'\u00e9tait la guerre en alg\u00e9rie fran\u00e7aise.  je suis robert palmade.  et, puisque vous me lisez, je vais vous prendre par la main, et vous dire ce qu'il en est.  \" dans un t\u00e9moignage surprenant, robert palmade se livre \u00e0 travers les mots de l'enfant abandonn\u00e9, puis oubli\u00e9 par sa patrie.  il raconte \" sans lamentations obsc\u00e8nes, sans larmes impudiques, sans rancune, ni rancoeur \", les jours d'un orphelin ch\u00e9tif, ballott\u00e9 d'une famille d'accueil \u00e0 une autre.\r\n il plonge le lecteur clans le quotidien d'un adolescent qui transporte du fumier chez les riches fran\u00e7ais d'alger, et dont les seuls moments de gr\u00e2ce sont le cin\u00e9ma et la musique.  il confesse le combat qu'il m\u00e8ne pour survivre \u00e0 la mis\u00e8re et sortir de la d\u00e9ch\u00e9ance.  mais ce que nous r\u00e9v\u00e8le robert palmade, au-del\u00e0 de sa propre vie, c'est une v\u00e9rit\u00e9 historique bouleversante.  son histoire, in\u00e9dite, n'est pas unique, nous dit-t-il.\r\n la france a aussi oubli\u00e9 paulette lignette, julien ruffet, ren\u00e9 tenguy et d'autres orphelins dont on ne conna\u00eet ni les noms, ni le nombre.  ainsi, en filigrane, robert palmade, interroge la r\u00e9publique, il interpelle les fran\u00e7ais, et appelle \u00e0 la reconnaissance des pupilles de la nation oubli\u00e9s en alg\u00e9rie.  \" 1962, la france m'a oubli\u00e9 \", c'est une lecture poignante et troublante.  c'est un destin qui nous concerne tous.\r\n\r\n        ","authors":["Palmade Robert"],"category_codes":["1000000","1060000","1060300"],"visuals":{"large":"https:\/\/images.epagine.fr\/293\/9782913678293_1_75.jpg","medium":"https:\/\/images.epagine.fr\/293\/9782913678293_1_m.jpg","thumbnail":"https:\/\/images.epagine.fr\/293\/9782913678293_1_v.jpg"},"orderable":true,"show_badge":true,"formatted_price":"18,00&nbsp;\u20ac","formatted_published_date":"1er septembre 2006","publisher_availability_label":"Sur commande","short_details":"Palmade Robert \u2014 Bachari","translator":null,"weight":323,"page_count":null,"readership":null,"editor":"Bachari","price":1800,"published_date":"2006-08-31T22:00:00.000000Z","support":"Grand format","publisher_availability":1,"stock":0,"editions":[],"url":"https:\/\/quaidesbrumes.com\/ouvrage\/9782913678293\/1962-la-france-ma-oublie"},{"id":"9782013436755","title":"Observations sur l'article du rapport de la commission du budget des depenses relatif aux colonies -","description":"Observations sur l'article du Rapport de la commission du budget des d\u00e9penses relatif aux colonies, pour l'ann\u00e9e 1817 Date de l'\u00e9dition originale : 1817 Sujet de l'ouvrage : France -- Colonies -- Histoire Ce livre est la reproduction fid\u00e8le d'une oeuvre publi\u00e9e avant 1920 et fait partie d'une collection de livres r\u00e9imprim\u00e9s \u00e0 la demande \u00e9dit\u00e9e par Hachette Livre, dans le cadre d'un partenariat avec la Biblioth\u00e8que nationale de France, offrant l'opportunit\u00e9 d'acc\u00e9der \u00e0 des ouvrages anciens et souvent rares issus des fonds patrimoniaux de la BnF.\r\nLes oeuvres faisant partie de cette collection ont \u00e9t\u00e9 num\u00e9ris\u00e9es par la BnF et sont pr\u00e9sentes sur Gallica, sa biblioth\u00e8que num\u00e9rique.\r\n\r\nEn entreprenant de redonner vie \u00e0 ces ouvrages au travers d'une collection de livres r\u00e9imprim\u00e9s \u00e0 la demande, nous leur donnons la possibilit\u00e9 de rencontrer un public \u00e9largi et participons \u00e0 la transmission de connaissances et de savoirs parfois difficilement accessibles.\r\nNous avons cherch\u00e9 \u00e0 concilier la reproduction fid\u00e8le d'un livre ancien \u00e0 partir de sa version num\u00e9ris\u00e9e avec le souci d'un confort de lecture optimal. Nous esp\u00e9rons que les ouvrages de cette nouvelle collection vous apporteront enti\u00e8re satisfaction.\r\n\r\nPour plus d'informations, rendez-vous sur www.hachettebnf.fr http:\/\/gallica.bnf.fr\/ark:\/12148\/bpt6k57910593","authors":[],"category_codes":["1000000","1060000","1060200"],"visuals":{"large":"https:\/\/images.epagine.fr\/755\/9782013436755_1_75.jpg","medium":"https:\/\/images.epagine.fr\/755\/9782013436755_1_m.jpg","thumbnail":"https:\/\/images.epagine.fr\/755\/9782013436755_1_v.jpg"},"orderable":true,"show_badge":true,"formatted_price":"9,50&nbsp;\u20ac","formatted_published_date":"1er septembre 2014","publisher_availability_label":"Sur commande","short_details":"Hachette BNF","translator":null,"weight":48,"page_count":null,"readership":null,"editor":"Hachette BNF","price":950,"published_date":"2014-08-31T22:00:00.000000Z","support":"Grand format","publisher_availability":1,"stock":0,"editions":[],"url":"https:\/\/quaidesbrumes.com\/ouvrage\/9782013436755\/observations-sur-larticle-du-rapport-de-la-commission-du-budget-des-depenses-relatif-aux-colonies"},{"id":"9782296024649","title":"L'info radio... recto verso","description":"Une voix, des mots, c'est de la radio. Un m\u00e9dia, qui fait parler, de lui, en bien et en mal, et parler les autres, les auditeurs, de ce qu'ils vivent. Bref, un m\u00e9tier, un milieu, des choix, des contraintes, des contradictions aussi. Celles du journaliste, celles de l'auditeur. Le recto et le verso, d'une m\u00eame ambition ; se construire une id\u00e9e du monde citoyen \u00e0 partir de l'info. C'est de cela dont parle ce livre. L'id\u00e9e clef ? Que la critique des m\u00e9dias ne tue ni la confiance ni le besoin d'informations, sans quoi la d\u00e9mocratie n'est qu'un mot.","authors":["Fr\u00e9d\u00e9ric Bourgade"],"category_codes":["1000000","1060000","1060300"],"visuals":{"large":"https:\/\/images.epagine.fr\/649\/9782296024649_1_75.jpg","medium":"https:\/\/images.epagine.fr\/649\/9782296024649_1_m.jpg","thumbnail":"https:\/\/images.epagine.fr\/649\/9782296024649_1_v.jpg"},"orderable":true,"show_badge":true,"formatted_price":"15,50&nbsp;\u20ac","formatted_published_date":"1er janvier 2007","publisher_availability_label":"Sur commande","short_details":"Fr\u00e9d\u00e9ric Bourgade \u2014 \u00c9ditions L'Harmattan","translator":null,"weight":180,"page_count":160,"readership":null,"editor":"\u00c9ditions L'Harmattan","price":1550,"published_date":"2006-12-31T23:00:00.000000Z","support":"Grand format","publisher_availability":1,"stock":0,"editions":[],"url":"https:\/\/quaidesbrumes.com\/ouvrage\/9782296024649\/linfo-radio-recto-verso"},{"id":"9781862078024","title":"SHARON AND MY MOTHER-IN-LAW - RAMALLAH DIARIES","description":"Surprisingly funny, and refreshingly different from any other writings on the Palestinian-Israeli conflict, Sharon and My Mother- in-Law, describes Suad Amiry's experience of living on the West Bank from the early eighties to the present.","authors":["Suad Amiry"],"category_codes":["1000000","1060000","1060100"],"visuals":{"large":"https:\/\/quaidesbrumes.com\/img\/book-placeholder.png","medium":"https:\/\/quaidesbrumes.com\/img\/book-placeholder.png","thumbnail":"https:\/\/quaidesbrumes.com\/img\/book-placeholder.png"},"orderable":true,"show_badge":true,"formatted_price":"12,90&nbsp;\u20ac","formatted_published_date":"22 d\u00e9cembre 2004","publisher_availability_label":"Sur commande","short_details":"Suad Amiry \u2014 Granta Books","translator":null,"weight":163,"page_count":194,"readership":null,"editor":"Granta Books","price":1290,"published_date":"2004-12-21T23:00:00.000000Z","support":"Poche","publisher_availability":1,"stock":0,"editions":[],"url":"https:\/\/quaidesbrumes.com\/ouvrage\/9781862078024\/sharon-and-my-mother-in-law-ramallah-diaries"},{"id":"9780091906108","title":"MY LIFE SO FAR","description":"'There are always regrets in life, among them things we've done that we wish we could take back and erase. I have significant ones that will haunt me forever and which I hope I have been brave enough to confront in this book.' So says Jane Fonda in the preface to 'My Life So Far', a powerful account of an extraordinary woman.","authors":["Jane Fonda"],"category_codes":["1000000","1060000","1060100"],"visuals":{"large":"https:\/\/images.epagine.fr\/108\/9780091906108_1_75.jpg","medium":"https:\/\/images.epagine.fr\/108\/9780091906108_1_m.jpg","thumbnail":"https:\/\/images.epagine.fr\/108\/9780091906108_1_v.jpg"},"orderable":true,"show_badge":true,"formatted_price":"29,90&nbsp;\u20ac","formatted_published_date":"26 mai 2005","publisher_availability_label":"Sur commande","short_details":"Jane Fonda \u2014 Ebury Press","translator":null,"weight":943,"page_count":null,"readership":null,"editor":"Ebury Press","price":2990,"published_date":"2005-05-25T22:00:00.000000Z","support":"Grand format","publisher_availability":1,"stock":0,"editions":["9780091906139"],"url":"https:\/\/quaidesbrumes.com\/ouvrage\/9780091906108\/my-life-so-far"},{"id":"9782915841213","title":"Rose combe, la romanci\u00e8re garde-barri\u00e8re de la vall\u00e9e de la dore","description":null,"authors":["Claudine Combe-ponvert"],"category_codes":["1000000","1060000","1060100"],"visuals":{"large":"https:\/\/images.epagine.fr\/213\/9782915841213_1_75.jpg","medium":"https:\/\/images.epagine.fr\/213\/9782915841213_1_m.jpg","thumbnail":"https:\/\/images.epagine.fr\/213\/9782915841213_1_v.jpg"},"orderable":true,"show_badge":true,"formatted_price":"20,00&nbsp;\u20ac","formatted_published_date":"2 mars 2007","publisher_availability_label":"Sur commande","short_details":"Claudine Combe-ponvert \u2014 Montmarie","translator":null,"weight":500,"page_count":180,"readership":null,"editor":"Montmarie","price":2000,"published_date":"2007-03-01T23:00:00.000000Z","support":"Grand format","publisher_availability":1,"stock":0,"editions":[],"url":"https:\/\/quaidesbrumes.com\/ouvrage\/9782915841213\/rose-combe-la-romanciere-garde-barriere-de-la-vallee-de-la-dore"}]}