{"data":[{"id":"9782082105866","title":"La barbarie journalistique","description":"\r\nActuellement une partie de la profession journalistique semble ne jamais \u00e9mettre la moindre autocritique, notamment suite \u00e0 l'affaire All\u00e8gre ou l'affaire d'Outreau. D'apr\u00e8s l'auteur la presse fran\u00e7aise a tendance \u00e0 se substituer \u00e0 la justice et s'est d\u00e9consid\u00e9r\u00e9e. Il s'interroge sur le rapport de confiance entre la presse et les citoyens en France et sur la possiblit\u00e9 de r\u00e9tablir cette confiance.\r\n\r\n\r","authors":["Antoine Perraud"],"category_codes":["1000000","1060000","1060300"],"visuals":{"large":"https:\/\/images.epagine.fr\/866\/9782082105866_1_75.jpg","medium":"https:\/\/images.epagine.fr\/866\/9782082105866_1_m.jpg","thumbnail":"https:\/\/images.epagine.fr\/866\/9782082105866_1_v.jpg"},"orderable":true,"show_badge":true,"formatted_price":"17,30&nbsp;\u20ac","formatted_published_date":"30 janvier 2007","publisher_availability_label":"Sur commande","short_details":"Antoine Perraud \u2014 Flammarion","translator":null,"weight":210,"page_count":193,"readership":null,"editor":"Flammarion","price":1730,"published_date":"2007-01-29T23:00:00.000000Z","support":"Grand format","publisher_availability":1,"stock":0,"editions":[],"url":"https:\/\/quaidesbrumes.com\/ouvrage\/9782082105866\/la-barbarie-journalistique"},{"id":"9782322597963","title":"Le parapluie","description":"VOUS PENSEZ QUE CERTAINES BLESSURES NE GU\u00c9RISSENT JAMAIS ? CE LIVRE VA VOUS PROUVER LE CONTRAIRE.\r\nAline avait tout pour \u00e9chouer dans la vie. Violences, abandon, manipulations... Son enfance ressemble \u00e0 un catalogue de l'horreur. Pourtant aujourd'hui, elle dirige une entreprise prosp\u00e8re et vit un mariage heureux.\r\nComment a-t-elle fait ?\r\nDans ce t\u00e9moignage bouleversant mais profond\u00e9ment lumineux, Aline vous livre sans filtre son parcours de reconstruction. Pas de le\u00e7ons moralisatrices, pas de m\u00e9thodes miracles : juste la v\u00e9rit\u00e9 brute d'une femme qui a choisi de se relever.\r\nCE QUE VOUS ALLEZ D\u00c9COUVRIR :\r\nComment transformer sa douleur en force motrice\r\nLes choix concrets qui font la diff\u00e9rence entre survivre et vivre\r\nL'art de briser les cha\u00eenes du pass\u00e9 sans le renier\r\nLe chemin vers un amour authentique apr\u00e8s les traumatismes\r\nComment entreprendre quand on part de z\u00e9ro (\u00e9motionnellement et financi\u00e8rement)\r\n\"Le Parapluie\" ne s'arr\u00eate pas au drame. Il vous accompagne jusqu'au bout : la reconstruction compl\u00e8te, le mariage d'amour, la r\u00e9ussite professionnelle. C'est la preuve vivante que m\u00eame les destins les plus sombres peuvent basculer vers la lumi\u00e8re.\r\nVous traversez une p\u00e9riode difficile et cherchez de l'espoir concret\r\nVous \u00eates un(e) survivant(e) de traumatismes et voulez voir qu'une vie normale est possible\r\nVous accompagnez quelqu'un dans sa reconstruction\r\nVous aimez les t\u00e9moignages authentiques qui changent la vie\r\nAVERTISSEMENT BIENVEILLANT :\r\nCe livre aborde des sujets sensibles (violences, abus). Il est \u00e9crit avec respect et dans un objectif de gu\u00e9rison. Si vous \u00eates actuellement en d\u00e9tresse, nous vous encourageons \u00e0 vous faire accompagner par un professionnel.\r\nIci on parlera de t\u00e9moignage sur la r\u00e9silience, de reconstruction personnelle, celui d'une survivante face \u00e0 un traumatisme qui a d\u00e9cid\u00e9 d'utiliser la th\u00e9rapie par l'\u00e9criture pour acc\u00e9der \u00e0 la gu\u00e9rison \u00e9motionnelle. Vous souhaitant d'y trouver inspiration et motivation","authors":["Aline Dagan"],"category_codes":["1000000","1060000","1060100"],"visuals":{"large":"https:\/\/images.epagine.fr\/963\/9782322597963_1_75.jpg","medium":"https:\/\/images.epagine.fr\/963\/9782322597963_1_m.jpg","thumbnail":"https:\/\/images.epagine.fr\/963\/9782322597963_1_v.jpg"},"orderable":true,"show_badge":true,"formatted_price":"14,99&nbsp;\u20ac","formatted_published_date":"3 septembre 2025","publisher_availability_label":"Sur commande","short_details":"Aline Dagan \u2014 Books on Demand","translator":null,"weight":214,"page_count":196,"readership":null,"editor":"Books on Demand","price":1499,"published_date":"2025-09-02T22:00:00.000000Z","support":"Grand format","publisher_availability":1,"stock":0,"editions":[],"url":"https:\/\/quaidesbrumes.com\/ouvrage\/9782322597963\/le-parapluie"},{"id":"9782296013537","title":"Le pseudonyme sur internet, une nomination situ\u00e9e au carrefour de l'anonymat  et de la sph\u00e8re priv\u00e9e","description":"Cet ouvrage \u00e9voque le pseudonyme consid\u00e9r\u00e9 dans une dimension sociale bien sp\u00e9cifique, soit la nomination sur Internet. En effet, si dans la soci\u00e9t\u00e9 civile c'est la lex faciendi qui donne son existence au sujet \u00e0 travers le nomen proprium et le pr\u00e9nom, dans cette soci\u00e9t\u00e9 num\u00e9rique qu'est l'Internet, la r\u00e8gle consiste \u00e0 prendre un nomen falsum qui sera l'identit\u00e9 virtuelle de l'usager de ce m\u00e9dia. Marqueur identitaire certes, le pseudonyme est-il uniquement corr\u00e9l\u00e9 au jeu et au masque\r","authors":["Marcienne Martin"],"category_codes":["1000000","1060000","1060300"],"visuals":{"large":"https:\/\/images.epagine.fr\/537\/9782296013537_1_75.jpg","medium":"https:\/\/images.epagine.fr\/537\/9782296013537_1_m.jpg","thumbnail":"https:\/\/images.epagine.fr\/537\/9782296013537_1_v.jpg"},"orderable":true,"show_badge":true,"formatted_price":"19,50&nbsp;\u20ac","formatted_published_date":"15 septembre 2006","publisher_availability_label":"Sur commande","short_details":"Marcienne Martin \u2014 \u00c9ditions L'Harmattan","translator":null,"weight":245,"page_count":188,"readership":null,"editor":"\u00c9ditions L'Harmattan","price":1950,"published_date":"2006-09-14T22:00:00.000000Z","support":"Grand format","publisher_availability":1,"stock":0,"editions":[],"url":"https:\/\/quaidesbrumes.com\/ouvrage\/9782296013537\/le-pseudonyme-sur-internet-une-nomination-situee-au-carrefour-de-lanonymat-et-de-la-sphere-privee"},{"id":"9782296013605","title":"Aventures humaines ; chroniques de rencontres privil\u00e9gi\u00e9es","description":"Ces nombreux r\u00e9cits, graves ou tendres, disent les rencontres de b\u00e9n\u00e9voles du Secours Catholique avec nos proches, des hommes, des femmes, des enfants, des \u00eatres de chair. Ces t\u00e9moignages d'amour disent la foi de leurs auteurs, ce qui les pousse \u00e0 aller vers les plus pauvres, ce qui les soutient dans leur aventure au quotidien.\r","authors":["Odile Le ber","Robert Wettstein"],"category_codes":["1000000","1060000","1060300"],"visuals":{"large":"https:\/\/images.epagine.fr\/605\/9782296013605_1_75.jpg","medium":"https:\/\/images.epagine.fr\/605\/9782296013605_1_m.jpg","thumbnail":"https:\/\/images.epagine.fr\/605\/9782296013605_1_v.jpg"},"orderable":true,"show_badge":true,"formatted_price":"21,50&nbsp;\u20ac","formatted_published_date":"15 septembre 2006","publisher_availability_label":"Sur commande","short_details":"Odile Le ber, Robert Wettstein \u2014 \u00c9ditions L'Harmattan","translator":null,"weight":310,"page_count":256,"readership":null,"editor":"\u00c9ditions L'Harmattan","price":2150,"published_date":"2006-09-14T22:00:00.000000Z","support":"Grand format","publisher_availability":1,"stock":0,"editions":[],"url":"https:\/\/quaidesbrumes.com\/ouvrage\/9782296013605\/aventures-humaines-chroniques-de-rencontres-privilegiees"},{"id":"9782296018020","title":"Trajectoires d'immigrants maghr\u00e9bins ; r\u00e9seaux, fratrie et mobilit\u00e9 sociale","description":"Ce livre est l'\u00e9tude de la mobilit\u00e9 sociale d'individus immigrants maghr\u00e9bins vivant en France, \u00e0 partir d'une enqu\u00eate approfondie portant sur une famille de trois g\u00e9n\u00e9rations. La question principale est de savoir comment les parcours individuels varient suivant les strat\u00e9gies mises en oeuvre, selon la place occup\u00e9e dans la fratrie et selon le sexe. Cette d\u00e9marche propose de r\u00e9ins\u00e9rer l'individu dans son groupe familial, afin de comprendre les strat\u00e9gies sociales ou professionnelles.\r","authors":["Abdelali Kerroumi"],"category_codes":["1000000","1060000","1060300"],"visuals":{"large":"https:\/\/images.epagine.fr\/020\/9782296018020_1_75.jpg","medium":"https:\/\/images.epagine.fr\/020\/9782296018020_1_m.jpg","thumbnail":"https:\/\/images.epagine.fr\/020\/9782296018020_1_v.jpg"},"orderable":true,"show_badge":true,"formatted_price":"32,00&nbsp;\u20ac","formatted_published_date":"1er d\u00e9cembre 2006","publisher_availability_label":"Sur commande","short_details":"Abdelali Kerroumi \u2014 \u00c9ditions L'Harmattan","translator":null,"weight":575,"page_count":338,"readership":null,"editor":"\u00c9ditions L'Harmattan","price":3200,"published_date":"2006-11-30T23:00:00.000000Z","support":"Grand format","publisher_availability":1,"stock":0,"editions":[],"url":"https:\/\/quaidesbrumes.com\/ouvrage\/9782296018020\/trajectoires-dimmigrants-maghrebins-reseaux-fratrie-et-mobilite-sociale"},{"id":"9782296011113","title":"Albert bouche (1909-1999) - un frontalier en liberte","description":"T\u00e9moin actif et engag\u00e9 de bien des \u00e9v\u00e9nements du XXe si\u00e8cle, Albert Bouche a connu une destin\u00e9e inhabituelle. N\u00e9 dans une famille ouvri\u00e8re du textile install\u00e9e dans la banlieue de Roubaix et profond\u00e9ment catholique, il va faire des \u00e9tudes sup\u00e9rieures pouss\u00e9es et se tourner vers l'Ordre dominicain. Id\u00e9al chr\u00e9tien et \u00e9mancipation ouvri\u00e8re sont ses chevaux de bataille pendant longtemps. Mais \u00e0 45 ans, devant les obstacles mis sur sa route par la hi\u00e9rarchie catholique, il quitte l'Eglise. Cette rupture va lui ouvrir de nouveaux horizons.\r","authors":["Monique Bouche"],"category_codes":["1000000","1060000"],"visuals":{"large":"https:\/\/images.epagine.fr\/113\/9782296011113_1_75.jpg","medium":"https:\/\/images.epagine.fr\/113\/9782296011113_1_m.jpg","thumbnail":"https:\/\/images.epagine.fr\/113\/9782296011113_1_v.jpg"},"orderable":true,"show_badge":true,"formatted_price":"33,50&nbsp;\u20ac","formatted_published_date":"1er septembre 2006","publisher_availability_label":"Sur commande","short_details":"Monique Bouche \u2014 \u00c9ditions L'Harmattan","translator":null,"weight":675,"page_count":378,"readership":null,"editor":"\u00c9ditions L'Harmattan","price":3350,"published_date":"2006-08-31T22:00:00.000000Z","support":"Grand format","publisher_availability":1,"stock":0,"editions":[],"url":"https:\/\/quaidesbrumes.com\/ouvrage\/9782296011113\/albert-bouche-1909-1999-un-frontalier-en-liberte"},{"id":"9782336297538","title":"Des m\u00e9decins Francais et le VIH en Afrique de l'ouest","description":"Dans le sillon humanitaire, des m\u00e9decins fran\u00e7ais partent sur le continent africain soigner des personnes infect\u00e9es par le VIH. Sept d'entre eux d\u00e9voilent leurs d\u00e9sirs, leurs difficult\u00e9s et leurs questionnements. Au fil des mots, nous d\u00e9couvrons les strat\u00e9gies adopt\u00e9es par les personnes malades pour \u00e9chapper \u00e0 la mort, physique et sociale, et nous appr\u00e9hendons la biom\u00e9decine aux c\u00f4t\u00e9s des m\u00e9decines traditionnelles.\r","authors":["Myriam Legenne-fulchiron"],"category_codes":["1000000","1060000","1060300"],"visuals":{"large":"https:\/\/images.epagine.fr\/538\/9782336297538_1_75.jpg","medium":"https:\/\/images.epagine.fr\/538\/9782336297538_1_m.jpg","thumbnail":"https:\/\/images.epagine.fr\/538\/9782336297538_1_v.jpg"},"orderable":true,"show_badge":true,"formatted_price":"25,00&nbsp;\u20ac","formatted_published_date":"12 avril 2013","publisher_availability_label":"Sur commande","short_details":"Myriam Legenne-fulchiron \u2014 \u00c9ditions L'Harmattan","translator":null,"weight":275,"page_count":158,"readership":null,"editor":"\u00c9ditions L'Harmattan","price":2500,"published_date":"2013-04-11T22:00:00.000000Z","support":"Grand format","publisher_availability":1,"stock":0,"editions":[],"url":"https:\/\/quaidesbrumes.com\/ouvrage\/9782336297538\/des-medecins-francais-et-le-vih-en-afrique-de-louest"},{"id":"9782912300485","title":"Tiburce Joseph : tu seras m\u00e9decin mon fils","description":null,"authors":["Etzol R."],"category_codes":["1000000","1060000","1060300"],"visuals":{"large":"https:\/\/quaidesbrumes.com\/img\/book-placeholder.png","medium":"https:\/\/quaidesbrumes.com\/img\/book-placeholder.png","thumbnail":"https:\/\/quaidesbrumes.com\/img\/book-placeholder.png"},"orderable":true,"show_badge":true,"formatted_price":"10,00&nbsp;\u20ac","formatted_published_date":"30 septembre 2002","publisher_availability_label":"Sur commande","short_details":"Etzol R. \u2014 Plb","translator":null,"weight":450,"page_count":null,"readership":null,"editor":"Plb","price":1000,"published_date":"2002-09-29T22:00:00.000000Z","support":"Grand format","publisher_availability":1,"stock":0,"editions":[],"url":"https:\/\/quaidesbrumes.com\/ouvrage\/9782912300485\/tiburce-joseph-tu-seras-medecin-mon-fils"},{"id":"9782912300492","title":"Man sonson dormeuse","description":null,"authors":["Werther  G"],"category_codes":["1000000","1060000","1060300"],"visuals":{"large":"https:\/\/quaidesbrumes.com\/img\/book-placeholder.png","medium":"https:\/\/quaidesbrumes.com\/img\/book-placeholder.png","thumbnail":"https:\/\/quaidesbrumes.com\/img\/book-placeholder.png"},"orderable":true,"show_badge":true,"formatted_price":"10,00&nbsp;\u20ac","formatted_published_date":"30 octobre 2002","publisher_availability_label":"Sur commande","short_details":"Werther  G \u2014 Plb","translator":null,"weight":375,"page_count":null,"readership":null,"editor":"Plb","price":1000,"published_date":"2002-10-29T23:00:00.000000Z","support":"Grand format","publisher_availability":1,"stock":0,"editions":[],"url":"https:\/\/quaidesbrumes.com\/ouvrage\/9782912300492\/man-sonson-dormeuse"},{"id":"9782013436748","title":"Observations sur la replique de l'auteur du pour et du contre","description":"Observations sur la r\u00e9plique de l'auteur du Pour et du contre...\r\nDate de l'\u00e9dition originale : 1785 Sujet de l'ouvrage : France -- Colonies -- Histoire Ce livre est la reproduction fid\u00e8le d'une oeuvre publi\u00e9e avant 1920 et fait partie d'une collection de livres r\u00e9imprim\u00e9s \u00e0 la demande \u00e9dit\u00e9e par Hachette Livre, dans le cadre d'un partenariat avec la Biblioth\u00e8que nationale de France, offrant l'opportunit\u00e9 d'acc\u00e9der \u00e0 des ouvrages anciens et souvent rares issus des fonds patrimoniaux de la BnF.\r\nLes oeuvres faisant partie de cette collection ont \u00e9t\u00e9 num\u00e9ris\u00e9es par la BnF et sont pr\u00e9sentes sur Gallica, sa biblioth\u00e8que num\u00e9rique.\r\n\r\nEn entreprenant de redonner vie \u00e0 ces ouvrages au travers d'une collection de livres r\u00e9imprim\u00e9s \u00e0 la demande, nous leur donnons la possibilit\u00e9 de rencontrer un public \u00e9largi et participons \u00e0 la transmission de connaissances et de savoirs parfois difficilement accessibles.\r\nNous avons cherch\u00e9 \u00e0 concilier la reproduction fid\u00e8le d'un livre ancien \u00e0 partir de sa version num\u00e9ris\u00e9e avec le souci d'un confort de lecture optimal. Nous esp\u00e9rons que les ouvrages de cette nouvelle collection vous apporteront enti\u00e8re satisfaction.\r\n\r\nPour plus d'informations, rendez-vous sur www.hachettebnf.fr http:\/\/gallica.bnf.fr\/ark:\/12148\/bpt6k57906059\r","authors":[],"category_codes":["1000000","1060000","1060200"],"visuals":{"large":"https:\/\/images.epagine.fr\/748\/9782013436748_1_75.jpg","medium":"https:\/\/images.epagine.fr\/748\/9782013436748_1_m.jpg","thumbnail":"https:\/\/images.epagine.fr\/748\/9782013436748_1_v.jpg"},"orderable":true,"show_badge":true,"formatted_price":"10,90&nbsp;\u20ac","formatted_published_date":"1er septembre 2014","publisher_availability_label":"Sur commande","short_details":"Hachette BNF","translator":null,"weight":80,"page_count":null,"readership":null,"editor":"Hachette BNF","price":1090,"published_date":"2014-08-31T22:00:00.000000Z","support":"Grand format","publisher_availability":1,"stock":0,"editions":[],"url":"https:\/\/quaidesbrumes.com\/ouvrage\/9782013436748\/observations-sur-la-replique-de-lauteur-du-pour-et-du-contre"},{"id":"9782843737329","title":"Magnier de loisy (les). quatre cents ans de vie agricole en pays laonnois","description":null,"authors":["L'Abbe A. Rocoulet"],"category_codes":["1000000","1060000","1060100"],"visuals":{"large":"https:\/\/quaidesbrumes.com\/img\/book-placeholder.png","medium":"https:\/\/quaidesbrumes.com\/img\/book-placeholder.png","thumbnail":"https:\/\/quaidesbrumes.com\/img\/book-placeholder.png"},"orderable":true,"show_badge":true,"formatted_price":"36,51&nbsp;\u20ac","formatted_published_date":"27 septembre 2006","publisher_availability_label":"Sur commande","short_details":"L'Abbe A. Rocoulet \u2014 Livre D'Histoire","translator":null,"weight":701,"page_count":null,"readership":null,"editor":"Livre D'Histoire","price":3651,"published_date":"2006-09-26T22:00:00.000000Z","support":"Grand format","publisher_availability":1,"stock":0,"editions":[],"url":"https:\/\/quaidesbrumes.com\/ouvrage\/9782843737329\/magnier-de-loisy-les-quatre-cents-ans-de-vie-agricole-en-pays-laonnois"},{"id":"9782013421935","title":"Manuel de l'amateur de livres du xixe siecle, 1801-1893 t. vi (na-ry)","description":"Manuel de l'amateur de livres du XIXe si\u00e8cle, 1801-1893 : \u00e9ditions originales, ouvrages et p\u00e9riodiques illustr\u00e9s, romantiques, r\u00e9impressions critiques de textes anciens ou classiques, biblioth\u00e8ques et collections diverses, publications des soci\u00e9t\u00e9s de bibliophiles de Paris et des d\u00e9partements, curiosit\u00e9s bibliographiques, etc.. T. VI (NA-RY) 1907 \/ par Georges Vicaire ; pr\u00e9face de Maurice Tourneux Date de l'\u00e9dition originale : 1894-1920 Sujet de l'ouvrage : Imprim\u00e9s fran\u00e7ais -- 19e si\u00e8cle -- BibliographieLitt\u00e9rature fran\u00e7aise -- 19e si\u00e8cle -- Bibliographie Ce livre est la reproduction fid\u00e8le d'une oeuvre publi\u00e9e avant 1920 et fait partie d'une collection de livres r\u00e9imprim\u00e9s \u00e0 la demande \u00e9dit\u00e9e par Hachette Livre, dans le cadre d'un partenariat avec la Biblioth\u00e8que nationale de France, offrant l'opportunit\u00e9 d'acc\u00e9der \u00e0 des ouvrages anciens et souvent rares issus des fonds patrimoniaux de la BnF.\r\nLes oeuvres faisant partie de cette collection ont \u00e9t\u00e9 num\u00e9ris\u00e9es par la BnF et sont pr\u00e9sentes sur Gallica, sa biblioth\u00e8que num\u00e9rique.\r\n\r\nEn entreprenant de redonner vie \u00e0 ces ouvrages au travers d'une collection de livres r\u00e9imprim\u00e9s \u00e0 la demande, nous leur donnons la possibilit\u00e9 de rencontrer un public \u00e9largi et participons \u00e0 la transmission de connaissances et de savoirs parfois difficilement accessibles.\r\nNous avons cherch\u00e9 \u00e0 concilier la reproduction fid\u00e8le d'un livre ancien \u00e0 partir de sa version num\u00e9ris\u00e9e avec le souci d'un confort de lecture optimal. Nous esp\u00e9rons que les ouvrages de cette nouvelle collection vous apporteront enti\u00e8re satisfaction.\r\n\r\nPour plus d'informations, rendez-vous sur www.hachettebnf.fr\r","authors":["Vicaire Georges"],"category_codes":["1000000","1060000","1060200"],"visuals":{"large":"https:\/\/images.epagine.fr\/935\/9782013421935_1_75.jpg","medium":"https:\/\/images.epagine.fr\/935\/9782013421935_1_m.jpg","thumbnail":"https:\/\/images.epagine.fr\/935\/9782013421935_1_v.jpg"},"orderable":true,"show_badge":true,"formatted_price":"33,50&nbsp;\u20ac","formatted_published_date":"1er septembre 2014","publisher_availability_label":"Sur commande","short_details":"Vicaire Georges \u2014 Hachette BNF","translator":null,"weight":863,"page_count":null,"readership":null,"editor":"Hachette BNF","price":3350,"published_date":"2014-08-31T22:00:00.000000Z","support":"Grand format","publisher_availability":1,"stock":0,"editions":[],"url":"https:\/\/quaidesbrumes.com\/ouvrage\/9782013421935\/manuel-de-lamateur-de-livres-du-xixe-siecle-1801-1893-t-vi-na-ry"},{"id":"9782864961468","title":"Ich bin ein berliner ; Berlin, Paris, Bonn : la voie d'un interpr\u00e8te","description":null,"authors":["Paul Falkenburger"],"category_codes":["1000000","1060000","1060100"],"visuals":{"large":"https:\/\/images.epagine.fr\/468\/9782864961468_1_75.jpg","medium":"https:\/\/images.epagine.fr\/468\/9782864961468_1_m.jpg","thumbnail":"https:\/\/images.epagine.fr\/468\/9782864961468_1_v.jpg"},"orderable":true,"show_badge":true,"formatted_price":"25,00&nbsp;\u20ac","formatted_published_date":"1er janvier 2008","publisher_availability_label":"Sur commande","short_details":"Paul Falkenburger \u2014 CHRISTIAN","translator":null,"weight":300,"page_count":null,"readership":null,"editor":"CHRISTIAN","price":2500,"published_date":"2007-12-31T23:00:00.000000Z","support":"Grand format","publisher_availability":1,"stock":0,"editions":[],"url":"https:\/\/quaidesbrumes.com\/ouvrage\/9782864961468\/ich-bin-ein-berliner-berlin-paris-bonn-la-voie-dun-interprete"},{"id":"9782916068114","title":"L'exclusion a change de visage : quels regards porter sur cette realite ? (cahiers mas carles n 4)","description":null,"authors":["Asso Mas De Carles"],"category_codes":["1000000","1060000","1060100"],"visuals":{"large":"https:\/\/images.epagine.fr\/114\/9782916068114_1_75.jpg","medium":"https:\/\/images.epagine.fr\/114\/9782916068114_1_m.jpg","thumbnail":"https:\/\/images.epagine.fr\/114\/9782916068114_1_v.jpg"},"orderable":true,"show_badge":true,"formatted_price":"6,00&nbsp;\u20ac","formatted_published_date":"26 septembre 2006","publisher_availability_label":"Sur commande","short_details":"Asso Mas De Carles \u2014 L'Ephemere","translator":null,"weight":125,"page_count":null,"readership":null,"editor":"L'Ephemere","price":600,"published_date":"2006-09-25T22:00:00.000000Z","support":"Grand format","publisher_availability":1,"stock":0,"editions":[],"url":"https:\/\/quaidesbrumes.com\/ouvrage\/9782916068114\/lexclusion-a-change-de-visage-quels-regards-porter-sur-cette-realite-cahiers-mas-carles-n-4"},{"id":"9782916068121","title":"Dans la lutte contre la pauvrete : places et roles respectifs des institutions et des associations.","description":null,"authors":["Asso Mas De Carles"],"category_codes":["1000000","1060000","1060100"],"visuals":{"large":"https:\/\/images.epagine.fr\/121\/9782916068121_1_75.jpg","medium":"https:\/\/images.epagine.fr\/121\/9782916068121_1_m.jpg","thumbnail":"https:\/\/images.epagine.fr\/121\/9782916068121_1_v.jpg"},"orderable":true,"show_badge":true,"formatted_price":"6,00&nbsp;\u20ac","formatted_published_date":"26 septembre 2006","publisher_availability_label":"Sur commande","short_details":"Asso Mas De Carles \u2014 L'Ephemere","translator":null,"weight":125,"page_count":null,"readership":null,"editor":"L'Ephemere","price":600,"published_date":"2006-09-25T22:00:00.000000Z","support":"Grand format","publisher_availability":1,"stock":0,"editions":[],"url":"https:\/\/quaidesbrumes.com\/ouvrage\/9782916068121\/dans-la-lutte-contre-la-pauvrete-places-et-roles-respectifs-des-institutions-et-des-associations"},{"id":"9782296018235","title":"Le gouverneur et son miroir ; marcel de coppet (1881-1968)","description":"Marcel de Coppet a \u00e9t\u00e9 un Gouverneur de colonie original et controvers\u00e9. A la crois\u00e9e de l'action coloniale et de la vie intellectuelle et litt\u00e9raire, proche de Gide et intime de Roger Martin du Gard, il appara\u00eet \u00e0 diverses reprises sous les projecteurs de l'Histoire. Connu pour ses luttes contre les abus coloniaux, il fut \u00e9galement l'artisan de la politique du Front Populaire en Afrique Noire, le t\u00e9moin privil\u00e9gi\u00e9 de la mainmise de Vichy sur Madagascar et un acteur de premier plan dans les p\u00e9rip\u00e9ties de l'insurrection de la grande \u00eele en 1947.\r","authors":["Alain Couturier"],"category_codes":["1000000","1060000"],"visuals":{"large":"https:\/\/images.epagine.fr\/235\/9782296018235_1_75.jpg","medium":"https:\/\/images.epagine.fr\/235\/9782296018235_1_m.jpg","thumbnail":"https:\/\/images.epagine.fr\/235\/9782296018235_1_v.jpg"},"orderable":true,"show_badge":true,"formatted_price":"19,00&nbsp;\u20ac","formatted_published_date":"2 d\u00e9cembre 2006","publisher_availability_label":"Sur commande","short_details":"Alain Couturier \u2014 \u00c9ditions L'Harmattan","translator":null,"weight":225,"page_count":null,"readership":null,"editor":"\u00c9ditions L'Harmattan","price":1900,"published_date":"2006-12-01T23:00:00.000000Z","support":"Grand format","publisher_availability":1,"stock":0,"editions":[],"url":"https:\/\/quaidesbrumes.com\/ouvrage\/9782296018235\/le-gouverneur-et-son-miroir-marcel-de-coppet-1881-1968"},{"id":"9782296018440","title":"L'aube de l'\u00e2ge teilhardien ; l'\u00e8re nouvelle de la coresponsabilit\u00e9","description":"L'ouvrage rassemble les textes politiques de Teilhard de Chardin, injustement m\u00e9connus. A tort, puisque s'y trouvent d\u00e9crits avant l'heure nos maux contemporains et prescrites ses directives confiantes pour la \"Construction de la Terre\" et l'\u00e9dification d'une \"Civilisation de l'Universel\" centr\u00e9e sur la Personne humaine, gr\u00e2ce \u00e0 une coresponsabilit\u00e9 garantissant \u00e0 chacun espoir et dignit\u00e9.\r","authors":["Georges Ordonnaud"],"category_codes":["1000000","1060000","1060100"],"visuals":{"large":"https:\/\/images.epagine.fr\/440\/9782296018440_1_75.jpg","medium":"https:\/\/images.epagine.fr\/440\/9782296018440_1_m.jpg","thumbnail":"https:\/\/images.epagine.fr\/440\/9782296018440_1_v.jpg"},"orderable":true,"show_badge":true,"formatted_price":"19,50&nbsp;\u20ac","formatted_published_date":"1er d\u00e9cembre 2006","publisher_availability_label":"Sur commande","short_details":"Georges Ordonnaud \u2014 \u00c9ditions L'Harmattan","translator":null,"weight":245,"page_count":null,"readership":null,"editor":"\u00c9ditions L'Harmattan","price":1950,"published_date":"2006-11-30T23:00:00.000000Z","support":"Grand format","publisher_availability":1,"stock":0,"editions":[],"url":"https:\/\/quaidesbrumes.com\/ouvrage\/9782296018440\/laube-de-lage-teilhardien-lere-nouvelle-de-la-coresponsabilite"},{"id":"9782296018730","title":"L'aviateur","description":"\"Ce livre d\u00e9crit la naissance et l'aboutissement d'une passion qui a conduit l'auteur \u00e0 devenir pilote de chasse, puis pilote de ligne, commandant de bord. De l'exigente \u00e9cole de chasse aux Etats-Unis \u00e0 la guerre a\u00e9rienne en Alg\u00e9rie, rien n'est laiss\u00e9 dans l'ombre des \u00e9cueils, des \u00e9preuves, des drames. L'aviation de ligne vient ensuite r\u00e9tablir la paix dans l'\u00e2me du pilote, accompagn\u00e9 du souvenir des grands anciens, au long de ses p\u00e9r\u00e9grinations autour du monde.\" Tito Maulandi (pilote d'essai)\r","authors":["Francis Ducrest"],"category_codes":["1000000","1060000","1060100"],"visuals":{"large":"https:\/\/images.epagine.fr\/730\/9782296018730_1_75.jpg","medium":"https:\/\/images.epagine.fr\/730\/9782296018730_1_m.jpg","thumbnail":"https:\/\/images.epagine.fr\/730\/9782296018730_1_v.jpg"},"orderable":true,"show_badge":true,"formatted_price":"13,00&nbsp;\u20ac","formatted_published_date":"2 d\u00e9cembre 2006","publisher_availability_label":"Sur commande","short_details":"Francis Ducrest \u2014 \u00c9ditions L'Harmattan","translator":null,"weight":150,"page_count":null,"readership":null,"editor":"\u00c9ditions L'Harmattan","price":1300,"published_date":"2006-12-01T23:00:00.000000Z","support":"Grand format","publisher_availability":1,"stock":0,"editions":[],"url":"https:\/\/quaidesbrumes.com\/ouvrage\/9782296018730\/laviateur"},{"id":"9782296019348","title":"Un enfant des isles ; histoire d'un cheminement guin\u00e9en","description":"Ce r\u00e9cit de vie nous plonge \u00e0 Marara, village natal de l'auteur, dans le Rio-Pongo en Guin\u00e9e. A la mort de son p\u00e8re, l'\"enfant des Isles\" se retrouve avec ses oncles, sa m\u00e8re et ses soeurs \u00e0 Dorib\u00e9. Ainsi suivrons-nous son parcours \u00e0 K\u00e9bo, puis dans le pays Sitemu, et enfin \u00e0 Fabo au pensionnat des gar\u00e7ons de Saint Joseph sous la f\u00e9rule impitoyable des plus grands et le diktat du R. P. Balez. Beaucoup d'anciens \u00e9l\u00e8ves des missions de Bok\u00e9 et de Boffa pourront se retrouver dans ce livre, m\u00e9moire vivante des conditions d'\u00e9ducation d'une \u00e9poque.\r","authors":["Jean-marie Tour\u00e9"],"category_codes":["1000000","1060000","1060100"],"visuals":{"large":"https:\/\/images.epagine.fr\/348\/9782296019348_1_75.jpg","medium":"https:\/\/images.epagine.fr\/348\/9782296019348_1_m.jpg","thumbnail":"https:\/\/images.epagine.fr\/348\/9782296019348_1_v.jpg"},"orderable":true,"show_badge":true,"formatted_price":"17,50&nbsp;\u20ac","formatted_published_date":"2 d\u00e9cembre 2006","publisher_availability_label":"Sur commande","short_details":"Jean-marie Tour\u00e9 \u2014 \u00c9ditions L'Harmattan","translator":null,"weight":200,"page_count":null,"readership":null,"editor":"\u00c9ditions L'Harmattan","price":1750,"published_date":"2006-12-01T23:00:00.000000Z","support":"Grand format","publisher_availability":1,"stock":0,"editions":[],"url":"https:\/\/quaidesbrumes.com\/ouvrage\/9782296019348\/un-enfant-des-isles-histoire-dun-cheminement-guineen"},{"id":"9782296019669","title":"Catherine paysan, une marginalit\u00e9 flamboyante","description":"Cet ouvrage met l'accent sur le lyrisme flamboyant de l'\u00e9crivain mais aussi sur la puissance d'envo\u00fbtement de son oeuvre fictionnelle qui lui a valu d\u00e8s la publication de son premier roman, Nous autres les Sanchez, en 1962, une foudroyante c\u00e9l\u00e9brit\u00e9. Le lecteur de cet ouvrage se familiarisera avec le courant d'inspiration fondamental de l'oeuvre qui \u00e9voque de fa\u00e7on r\u00e9currente les d\u00e9chirures culturelles du si\u00e8cle. Violemment hostile \u00e0 toute forme d'intol\u00e9rance, Catherine Paysan met fr\u00e9quemment en sc\u00e8ne des \"couples mixtes\" qui affrontent de douloureuses situations conflictuelles et parfois les transcendent.\r","authors":["Mich\u00e8le Raclot"],"category_codes":["1000000","1060000","1060100"],"visuals":{"large":"https:\/\/images.epagine.fr\/669\/9782296019669_1_75.jpg","medium":"https:\/\/images.epagine.fr\/669\/9782296019669_1_m.jpg","thumbnail":"https:\/\/images.epagine.fr\/669\/9782296019669_1_v.jpg"},"orderable":true,"show_badge":true,"formatted_price":"19,00&nbsp;\u20ac","formatted_published_date":"2 d\u00e9cembre 2006","publisher_availability_label":"Sur commande","short_details":"Mich\u00e8le Raclot \u2014 \u00c9ditions L'Harmattan","translator":null,"weight":230,"page_count":null,"readership":null,"editor":"\u00c9ditions L'Harmattan","price":1900,"published_date":"2006-12-01T23:00:00.000000Z","support":"Grand format","publisher_availability":1,"stock":0,"editions":[],"url":"https:\/\/quaidesbrumes.com\/ouvrage\/9782296019669\/catherine-paysan-une-marginalite-flamboyante"},{"id":"9782906405394","title":"Domicile fixe : la rue","description":null,"authors":["Christophe Boumard"],"category_codes":["1000000","1060000","1060200"],"visuals":{"large":"https:\/\/quaidesbrumes.com\/img\/book-placeholder.png","medium":"https:\/\/quaidesbrumes.com\/img\/book-placeholder.png","thumbnail":"https:\/\/quaidesbrumes.com\/img\/book-placeholder.png"},"orderable":true,"show_badge":true,"formatted_price":"9,00&nbsp;\u20ac","formatted_published_date":"1er janvier 1999","publisher_availability_label":"Sur commande","short_details":"Christophe Boumard \u2014 Empreinte Temps Present","translator":null,"weight":140,"page_count":null,"readership":null,"editor":"Empreinte Temps Present","price":900,"published_date":"1998-12-31T23:00:00.000000Z","support":"Grand format","publisher_availability":1,"stock":0,"editions":["9782356140760"],"url":"https:\/\/quaidesbrumes.com\/ouvrage\/9782906405394\/domicile-fixe-la-rue"},{"id":"9782904255656","title":"Terres d'un amour illusoire","description":null,"authors":["Charles Jeantelot"],"category_codes":["1000000","1060000","1060100"],"visuals":{"large":"https:\/\/quaidesbrumes.com\/img\/book-placeholder.png","medium":"https:\/\/quaidesbrumes.com\/img\/book-placeholder.png","thumbnail":"https:\/\/quaidesbrumes.com\/img\/book-placeholder.png"},"orderable":true,"show_badge":true,"formatted_price":"32,00&nbsp;\u20ac","formatted_published_date":"16 octobre 2006","publisher_availability_label":"Sur commande","short_details":"Charles Jeantelot \u2014 MULLER","translator":null,"weight":0,"page_count":444,"readership":null,"editor":"MULLER","price":3200,"published_date":"2006-10-15T22:00:00.000000Z","support":"Grand format","publisher_availability":1,"stock":0,"editions":[],"url":"https:\/\/quaidesbrumes.com\/ouvrage\/9782904255656\/terres-dun-amour-illusoire"},{"id":"9782013421942","title":"Les manuscrits du Roman de la Rose : description et classement","description":"Les manuscrits du Roman de la Rose : description et classement \/ par Ernest Langlois,...\r\nDate de l'\u00e9dition originale : 1910\r\nSujet de l'ouvrage : Jean de Meung (124.?-1304?) -- ManuscritsGuillaume de Lorris (1200?-1260?) -- ManuscritsJean de Meung (124.?-1304?). Le roman de la roseGuillaume de Lorris (1200?-1260?). Le roman de la rose\r\nCollection : Travaux et m\u00e9moires de l'Universit\u00e9 de Lille ; 7\r\n\r\nLe pr\u00e9sent ouvrage s'inscrit dans une politique de conservation patrimoniale des ouvrages de la litt\u00e9rature Fran\u00e7aise mise en place avec la BNF.\r\nHACHETTE LIVRE et la BNF proposent ainsi un catalogue de titres indisponibles, la BNF ayant num\u00e9ris\u00e9 ces oeuvres et HACHETTE LIVRE les imprimant \u00e0 la demande.\r\nCertains de ces ouvrages refl\u00e8tent des courants de pens\u00e9e caract\u00e9ristiques de leur \u00e9poque, mais qui seraient aujourd'hui jug\u00e9s condamnables.\r\nIls n'en appartiennent pas moins \u00e0 l'histoire des id\u00e9es en France et sont susceptibles de pr\u00e9senter un int\u00e9r\u00eat scientifique ou historique.\r\nLe sens de notre d\u00e9marche \u00e9ditoriale consiste ainsi \u00e0 permettre l'acc\u00e8s \u00e0 ces oeuvres sans pour autant que nous en cautionnions en aucune fa\u00e7on le contenu.\r\n\r\nPour plus d'informations, rendez-vous sur www.hachettebnf.fr","authors":["Ernest Langlois"],"category_codes":["1000000","1060000"],"visuals":{"large":"https:\/\/images.epagine.fr\/942\/9782013421942_1_75.jpg","medium":"https:\/\/images.epagine.fr\/942\/9782013421942_1_m.jpg","thumbnail":"https:\/\/images.epagine.fr\/942\/9782013421942_1_v.jpg"},"orderable":true,"show_badge":true,"formatted_price":"32,50&nbsp;\u20ac","formatted_published_date":"1er septembre 2014","publisher_availability_label":"Sur commande","short_details":"Ernest Langlois \u2014 Hachette BNF","translator":null,"weight":768,"page_count":552,"readership":null,"editor":"Hachette BNF","price":3250,"published_date":"2014-08-31T22:00:00.000000Z","support":"Grand format","publisher_availability":1,"stock":0,"editions":[],"url":"https:\/\/quaidesbrumes.com\/ouvrage\/9782013421942\/les-manuscrits-du-roman-de-la-rose-description-et-classement"},{"id":"9782843100857","title":"\u00e9mile zola au pays de l'anarchie","description":"La vie et la carri\u00e8re d'\u00c9mile Zola, intellectuel public par excellence, ont \u00e9t\u00e9 suivies avec un m\u00e9lange de fascination et de m\u00e9fiance par les militants anarchistes de son temps. Des grands succ\u00e8s romanesques \u00e0 l'affaire Dreyfus, et de l\u00e0 jusqu'\u00e0 sa mort impr\u00e9vue, son parcours a \u00e9t\u00e9 comment\u00e9, critiqu\u00e9, admir\u00e9, par ces r\u00e9volutionnaires intransigeants qui auraient aim\u00e9 pouvoir compter sur un \u00e9crivain c\u00e9l\u00e8bre parmi les fervents de leur cause. L'ouvrage propose vingt-six articles parus dans la presse libertaire, pr\u00e9c\u00e9d\u00e9s d'une \u00e9tude historique, qui nous renvoient l'image d'un autre Zola que celui qui nous a \u00e9t\u00e9 l\u00e9gu\u00e9 par l'histoire litt\u00e9raire. Un Zola plus grand dans les d\u00e9fauts comme dans les qualit\u00e9s, un Zola tel qu'on a pu le lire, tel qu'on a pu le voir, le conna\u00eetre, dans bien des cas lui parler, l'entendre. Un Zola tel qu'on a su l'imaginer et aussi un Zola qui a exist\u00e9, \u00e0 c\u00f4t\u00e9 des autres qu'on conna\u00eet ou qu'on croyait conna\u00eetre.\r\n\r\n\r","authors":["Vittorio Frigerio"],"category_codes":["1000000","1060000","1060100"],"visuals":{"large":"https:\/\/images.epagine.fr\/857\/9782843100857_1_75.jpg","medium":"https:\/\/images.epagine.fr\/857\/9782843100857_1_m.jpg","thumbnail":"https:\/\/images.epagine.fr\/857\/9782843100857_1_v.jpg"},"orderable":true,"show_badge":true,"formatted_price":"15,00&nbsp;\u20ac","formatted_published_date":"25 septembre 2006","publisher_availability_label":"Sur commande","short_details":"Vittorio Frigerio \u2014 Universite Grenoble Alpes","translator":null,"weight":212,"page_count":160,"readership":null,"editor":"Universite Grenoble Alpes","price":1500,"published_date":"2006-09-24T22:00:00.000000Z","support":"Grand format","publisher_availability":1,"stock":0,"editions":[],"url":"https:\/\/quaidesbrumes.com\/ouvrage\/9782843100857\/emile-zola-au-pays-de-lanarchie"}]}