{"data":[{"id":"9782013421850","title":"Manuel de l'amateur de livres du xixe siecle, 1801-1893 t. vii (sa-zu)","description":"Manuel de l'amateur de livres du XIXe si\u00e8cle, 1801-1893 : \u00e9ditions originales, ouvrages et p\u00e9riodiques illustr\u00e9s, romantiques, r\u00e9impressions critiques de textes anciens ou classiques, biblioth\u00e8ques et collections diverses, publications des soci\u00e9t\u00e9s de bibliophiles de Paris et des d\u00e9partements, curiosit\u00e9s bibliographiques, etc.. T. VII (SA-ZU) 1910 \/ par Georges Vicaire ; pr\u00e9face de Maurice Tourneux Date de l'\u00e9dition originale : 1894-1920 Sujet de l'ouvrage : Imprim\u00e9s fran\u00e7ais -- 19e si\u00e8cle -- BibliographieLitt\u00e9rature fran\u00e7aise -- 19e si\u00e8cle -- Bibliographie Ce livre est la reproduction fid\u00e8le d'une oeuvre publi\u00e9e avant 1920 et fait partie d'une collection de livres r\u00e9imprim\u00e9s \u00e0 la demande \u00e9dit\u00e9e par Hachette Livre, dans le cadre d'un partenariat avec la Biblioth\u00e8que nationale de France, offrant l'opportunit\u00e9 d'acc\u00e9der \u00e0 des ouvrages anciens et souvent rares issus des fonds patrimoniaux de la BnF.\r\nLes oeuvres faisant partie de cette collection ont \u00e9t\u00e9 num\u00e9ris\u00e9es par la BnF et sont pr\u00e9sentes sur Gallica, sa biblioth\u00e8que num\u00e9rique.\r\n\r\nEn entreprenant de redonner vie \u00e0 ces ouvrages au travers d'une collection de livres r\u00e9imprim\u00e9s \u00e0 la demande, nous leur donnons la possibilit\u00e9 de rencontrer un public \u00e9largi et participons \u00e0 la transmission de connaissances et de savoirs parfois difficilement accessibles.\r\nNous avons cherch\u00e9 \u00e0 concilier la reproduction fid\u00e8le d'un livre ancien \u00e0 partir de sa version num\u00e9ris\u00e9e avec le souci d'un confort de lecture optimal. Nous esp\u00e9rons que les ouvrages de cette nouvelle collection vous apporteront enti\u00e8re satisfaction.\r\n\r\nPour plus d'informations, rendez-vous sur www.hachettebnf.fr\r","authors":["Vicaire Georges"],"category_codes":["1000000","1060000","1060200"],"visuals":{"large":"https:\/\/images.epagine.fr\/850\/9782013421850_1_75.jpg","medium":"https:\/\/images.epagine.fr\/850\/9782013421850_1_m.jpg","thumbnail":"https:\/\/images.epagine.fr\/850\/9782013421850_1_v.jpg"},"orderable":true,"show_badge":true,"formatted_price":"33,50&nbsp;\u20ac","formatted_published_date":"1er septembre 2014","publisher_availability_label":"Sur commande","short_details":"Vicaire Georges \u2014 Hachette BNF","translator":null,"weight":857,"page_count":null,"readership":null,"editor":"Hachette BNF","price":3350,"published_date":"2014-08-31T22:00:00.000000Z","support":"Grand format","publisher_availability":1,"stock":0,"editions":[],"url":"https:\/\/quaidesbrumes.com\/ouvrage\/9782013421850\/manuel-de-lamateur-de-livres-du-xixe-siecle-1801-1893-t-vii-sa-zu"},{"id":"9782296003033","title":"Familles contemporaines et temporalites","description":"Comment expliquer les \u00e9volutions familiales observ\u00e9es depuis les ann\u00e9es 1965 et le maintien durable de ces nouvelles tendances dans les pays d'Europe occidentale ? Quelles sont les logiques qui sous-tendent ces transformations ? L'auteur essaie de saisir la place de la famille dans l'\u00e9volution sociale, de replacer l'acteur social au sein de ces transformations. Voici des entretiens biographiques men\u00e9s avec des femmes d\u00e9sireuses d'adopter une attitude r\u00e9flexive par rapport \u00e0 leur v\u00e9cu familial.\r","authors":["Laurence Charton"],"category_codes":["9000000","9120000","9120200"],"visuals":{"large":"https:\/\/images.epagine.fr\/033\/9782296003033_1_75.jpg","medium":"https:\/\/images.epagine.fr\/033\/9782296003033_1_m.jpg","thumbnail":"https:\/\/images.epagine.fr\/033\/9782296003033_1_v.jpg"},"orderable":true,"show_badge":true,"formatted_price":"25,00&nbsp;\u20ac","formatted_published_date":"1er avril 2006","publisher_availability_label":"Sur commande","short_details":"Laurence Charton \u2014 \u00c9ditions L'Harmattan","translator":null,"weight":356,"page_count":262,"readership":null,"editor":"\u00c9ditions L'Harmattan","price":2500,"published_date":"2006-03-31T22:00:00.000000Z","support":"Grand format","publisher_availability":1,"stock":0,"editions":[],"url":"https:\/\/quaidesbrumes.com\/ouvrage\/9782296003033\/familles-contemporaines-et-temporalites"},{"id":"9782296004566","title":"Chroniques d'une jeune fille derangee...","description":"Priv\u00e9e de sa m\u00e8re abattue \"rue d'Isly\" le 26 mars 1962 \u00e0 Alger, chass\u00e9e de son pays avec p\u00e8re et soeurs, mal accueillie par la France profonde, Fran\u00e7oise cherche alors amiti\u00e9s et rencontres aupr\u00e8s de vaches, mouches, frelons, \u00eatres imaginaires, Dieu... Elle cherche seule son chemin \u00e0 travers les interdits et raconte, entre humour et angoisse, son parcours de jeune fille \"d\u00e9rang\u00e9e et d\u00e9rangeante\".\r","authors":["Francoise Mesquida"],"category_codes":["1000000","1060000"],"visuals":{"large":"https:\/\/images.epagine.fr\/566\/9782296004566_1_75.jpg","medium":"https:\/\/images.epagine.fr\/566\/9782296004566_1_m.jpg","thumbnail":"https:\/\/images.epagine.fr\/566\/9782296004566_1_v.jpg"},"orderable":true,"show_badge":true,"formatted_price":"17,50&nbsp;\u20ac","formatted_published_date":"2 avril 2006","publisher_availability_label":"Sur commande","short_details":"Francoise Mesquida \u2014 \u00c9ditions L'Harmattan","translator":null,"weight":194,"page_count":177,"readership":null,"editor":"\u00c9ditions L'Harmattan","price":1750,"published_date":"2006-04-01T22:00:00.000000Z","support":"Grand format","publisher_availability":1,"stock":0,"editions":[],"url":"https:\/\/quaidesbrumes.com\/ouvrage\/9782296004566\/chroniques-dune-jeune-fille-derangee"},{"id":"9782952381925","title":"Au maquis de Barr\u00eame ; souvenirs en vrac","description":"Oxent Miesseroff nous livre ses souvenirs en vrac ce qui, mieux qu'une \u00e9tude normalis\u00e9e, rend compte de l'ambiance du maquis, du travail quelque peu aveugle du gu\u00e9rillero, entre ob\u00e9issance aux ordres et improvisation n\u00e9cessaire.\r\nIl voulait r\u00e9tablir la v\u00e9rit\u00e9 sans chercher \u00e0 se glorifier de combats. Il voulait aussi \u00e9crire sa philosophie de pessimiste joyeux. Mais il ne renie pas ses compagnons de combat et dit bien quel fut le r\u00f4le important du maquis, ce grain de sable indispensable. Le lendemain de cette premi\u00e8re bataille, chacun de nous f\u00eatait la victoire sur lui-m\u00eame, car qu'est-ce qu'un h\u00e9ros sinon celui qui sait serrer ses fesses mieux que les autres ? L'embuscade aurait fait trente-sept morts.\r\nCe chiffre est probablement exact. Il n'y a pas d'inconv\u00e9nient \u00e0 l'augmenter un peu mais il faut se souvenir que, quand la mortalit\u00e9 des troupes allemandes d\u00e9passe cent pour cent, le lecteur commence \u00e0 tiquer. Apr\u00e8s la Lib\u00e9ration le bruit de la fusillade a \u00e9t\u00e9 remplac\u00e9 par un bruit encore plus grand : celui de l'op\u00e9rette, de la grosse farce et de l'imposture qui enveloppa les faits de la R\u00e9sistance...\r\nSi tu nous laisses tomber, que deviendra notre \u00e9pop\u00e9e ?\r","authors":["Oxent Miesseroff"],"category_codes":["1000000","1060000","1060100"],"visuals":{"large":"https:\/\/images.epagine.fr\/925\/9782952381925_1_75.jpg","medium":"https:\/\/images.epagine.fr\/925\/9782952381925_1_m.jpg","thumbnail":"https:\/\/images.epagine.fr\/925\/9782952381925_1_v.jpg"},"orderable":true,"show_badge":true,"formatted_price":"9,00&nbsp;\u20ac","formatted_published_date":"1er juin 2006","publisher_availability_label":"Sur commande","short_details":"Oxent Miesseroff \u2014 Le Flibustier","translator":null,"weight":301,"page_count":160,"readership":null,"editor":"Le Flibustier","price":900,"published_date":"2006-05-31T22:00:00.000000Z","support":"Grand format","publisher_availability":1,"stock":0,"editions":[],"url":"https:\/\/quaidesbrumes.com\/ouvrage\/9782952381925\/au-maquis-de-barreme-souvenirs-en-vrac"},{"id":"9782829003042","title":"Dimitri le clown en moi","description":null,"authors":["Hanspeter Gschwend"],"category_codes":["1000000","1060000","1060100"],"visuals":{"large":"https:\/\/images.epagine.fr\/042\/9782829003042_1_75.jpg","medium":"https:\/\/images.epagine.fr\/042\/9782829003042_1_m.jpg","thumbnail":"https:\/\/images.epagine.fr\/042\/9782829003042_1_v.jpg"},"orderable":true,"show_badge":true,"formatted_price":"30,00&nbsp;\u20ac","formatted_published_date":"1er janvier 2004","publisher_availability_label":"Sur commande","short_details":"Hanspeter Gschwend \u2014 Presses Universitaires Romandes","translator":null,"weight":634,"page_count":null,"readership":null,"editor":"Presses Universitaires Romandes","price":3000,"published_date":"2003-12-31T23:00:00.000000Z","support":"Grand format","publisher_availability":1,"stock":0,"editions":[],"url":"https:\/\/quaidesbrumes.com\/ouvrage\/9782829003042\/dimitri-le-clown-en-moi"},{"id":"9782283021880","title":"Coupables","description":"B\u00e9dira, Ch\u00e9rifa, Safia... n'ont qu'un tort, celui d'\u00eatre n\u00e9es filles en Alg\u00e9rie. Sous-citoyennes, mineures \u00e0 vie, coupables par nature, telle est leur condition. Leila Aslaoui donne la parole \u00e0 douze d'entre elles, \u00e0 travers des r\u00e9cits dont les personnages pr\u00e9sentent \u00e0 coup s\u00fbr des similitudes avec des personnes vivantes ou ayant exist\u00e9. Ces femmes ont des histoires diff\u00e9rentes, mais elles partagent le m\u00eame destin d'otages, de la loi d'abord, leur principale ennemie, des traditions, des mentalit\u00e9s et des tabous ensuite. \u00c0 travers ces r\u00e9cits, l'auteur fait entendre le cri de douleur et de r\u00e9volte de ses compatriotes. En restituant cette parole confisqu\u00e9e, elle permet \u00e0 ces femmes de dire \u00ab je \u00bb, alors qu'elles disparaissent habituellement dans le \u00ab nous \u00bb autoritaire de la famille et de la soci\u00e9t\u00e9. Si ces destins sont dramatiques, ce livre est cependant habit\u00e9 par la certitude qu'un jour le combat des Alg\u00e9riennes aboutira, parce que les deux \u00e9pith\u00e8tes qui leur conviennent le mieux sont : battantes et r\u00e9sistantes.\r","authors":["Le\u00efla Aslaoui"],"category_codes":["1000000","1060000","1060300"],"visuals":{"large":"https:\/\/images.epagine.fr\/880\/9782283021880_1_75.jpg","medium":"https:\/\/images.epagine.fr\/880\/9782283021880_1_m.jpg","thumbnail":"https:\/\/images.epagine.fr\/880\/9782283021880_1_v.jpg"},"orderable":true,"show_badge":true,"formatted_price":"16,25&nbsp;\u20ac","formatted_published_date":"14 septembre 2006","publisher_availability_label":"Sur commande","short_details":"Le\u00efla Aslaoui \u2014 \u00c9ditions Buchet\/Chastel","translator":null,"weight":282,"page_count":188,"readership":null,"editor":"\u00c9ditions Buchet\/Chastel","price":1625,"published_date":"2006-09-13T22:00:00.000000Z","support":"Grand format","publisher_availability":1,"stock":0,"editions":[],"url":"https:\/\/quaidesbrumes.com\/ouvrage\/9782283021880\/coupables"},{"id":"9782913319196","title":"Siecle de banlieue toulousaine (un)","description":null,"authors":["Bernard\/Jungblut"],"category_codes":["1000000","1060000","1060100"],"visuals":{"large":"https:\/\/quaidesbrumes.com\/img\/book-placeholder.png","medium":"https:\/\/quaidesbrumes.com\/img\/book-placeholder.png","thumbnail":"https:\/\/quaidesbrumes.com\/img\/book-placeholder.png"},"orderable":true,"show_badge":true,"formatted_price":"11,90&nbsp;\u20ac","formatted_published_date":"1er novembre 2002","publisher_availability_label":"Sur commande","short_details":"Bernard\/Jungblut \u2014 Empreinte","translator":null,"weight":992,"page_count":null,"readership":null,"editor":"Empreinte","price":1190,"published_date":"2002-10-31T23:00:00.000000Z","support":"Grand format","publisher_availability":1,"stock":0,"editions":[],"url":"https:\/\/quaidesbrumes.com\/ouvrage\/9782913319196\/siecle-de-banlieue-toulousaine-un"},{"id":"9782958806804","title":"Applause","description":"Je m'appelle YOUPICHOU , J'ai 21 ans quand je commence la r\u00e9daction de ce r\u00e9cit et  24 ans quand je le termine.\r\nJe suis n\u00e9 \u00e0 Paris et je d\u00e9m\u00e9nage dans les Hauts-de-France \u00e0 l'\u00e2ge de 5 ans : malgr\u00e9 mon jeune \u00e2ge, j'en garde des souvenirs profonds et les relations sociales ont commenc\u00e9 \u00e0 changer avec les personnes que je rencontrais dans ma vie.\r\nD\u00e9goutt\u00e9 du monde qui n'\u00e9tait pas r\u00e9ellement ce que je pensais, j'ai d\u00e9cid\u00e9 de m'enfermer dans ma bulle toute mon enfance et mon adolescence laissant derri\u00e8re moi d'immenses regrets.","authors":["L'Original Youpichou"],"category_codes":["1000000","1060000","1060100"],"visuals":{"large":"https:\/\/images.epagine.fr\/804\/9782958806804_1_75.jpg","medium":"https:\/\/images.epagine.fr\/804\/9782958806804_1_m.jpg","thumbnail":"https:\/\/images.epagine.fr\/804\/9782958806804_1_v.jpg"},"orderable":true,"show_badge":true,"formatted_price":"40,00&nbsp;\u20ac","formatted_published_date":"3 mai 2023","publisher_availability_label":"Sur commande","short_details":"L'Original Youpichou \u2014 Edition Youpi","translator":null,"weight":200,"page_count":30,"readership":"\u00e0 partir de 13 ANS","editor":"Edition Youpi","price":4000,"published_date":"2023-05-02T22:00:00.000000Z","support":"Grand format","publisher_availability":1,"stock":0,"editions":[],"url":"https:\/\/quaidesbrumes.com\/ouvrage\/9782958806804\/applause"},{"id":"9782705666170","title":"Saint-John Perse","description":"L'imag\u00e9n\u00e9tion cr\u00e9atrice n'est pour Saint-John Perse ni une \u00ab puissance trompeuse \u00bb ni une fuite dans un ailleurs imaginaire : elle permet d'explorer les profondeurs psychologiques de l'individu et l'infinie vari\u00e9t\u00e9 des hommes \u00ab en leurs voies et fa\u00e7ons \u00bb. L'imaginition est une facult\u00e9 lib\u00e9ratrice, elle relie l'individu aux puissances de la nature et \u00e0 la communaut\u00e9 des hommes. Aussi le motif d'attribution du Prix Nobel de litt\u00e9rature \u00e0 Saint-John Perse en 1960 pourrait se r\u00e9sum\u00e9r par ces mots : \u00ab cette imagination au d\u00e9ploiement magistral est sa force \u00bb. Les po\u00e8mes, par des analogies ouvertes, des images saisissantes et un rythme puissant, accroissent le d\u00e9sir de vivre, l'exigence intellectuelle, l'\u00e9merveillement face au r\u00e9el et l'amour du monde. Confront\u00e9e \u00e0 l'\u00e9volution scientifique du vingti\u00e8me si\u00e8cle et au \u00ab tr\u00e8s grand d\u00e9sordre \u00bb de l'histoire, la po\u00e9sie se dote \u00ab d'un peu de magie pour s'\u00e9clairer elle-m\u00eame \u00e0 la fronti\u00e8re de l'insaisissable \u00bb.\r\nC'est sur la dimension cr\u00e9atrice et po\u00e9tique de l'imag\u00e9n\u00e9tion que Colette Camelin concentre son attention dans ce livre.\r\n\u00ab L'inertie seule est mena\u00e7ante. Po\u00e8te est celui-l\u00e0 qui rompt pour nous l'accoutumance \u00bb. Saint-Jonh Perse (1887-1975)","authors":["Colette Camelin"],"category_codes":["1000000","1060000","1060100"],"visuals":{"large":"https:\/\/images.epagine.fr\/170\/9782705666170_1_75.jpg","medium":"https:\/\/images.epagine.fr\/170\/9782705666170_1_m.jpg","thumbnail":"https:\/\/images.epagine.fr\/170\/9782705666170_1_v.jpg"},"orderable":true,"show_badge":true,"formatted_price":"28,00&nbsp;\u20ac","formatted_published_date":"20 janvier 2007","publisher_availability_label":"Sur commande","short_details":"Colette Camelin \u2014 Hermann","translator":null,"weight":244,"page_count":200,"readership":null,"editor":"Hermann","price":2800,"published_date":"2007-01-19T23:00:00.000000Z","support":"Grand format","publisher_availability":1,"stock":0,"editions":[],"url":"https:\/\/quaidesbrumes.com\/ouvrage\/9782705666170\/saint-john-perse"},{"id":"9782296010000","title":"C\u00e9saire et Senghor, un pont sur l'Atlantique","description":"L'auteur rapproche ici le destin de deux hommes : L. S. Senghor et A. C\u00e9saire, les deux chefs de file du Mouvement de la n\u00e9gritude qui fut \u00e0 l'origine de la litt\u00e9rature n\u00e9gro-africaine \u00e9crite et qui rappelle une histoire aujourd'hui oubli\u00e9e : celle qui mobilisa les intellectuels noirs d'Afrique et d'Am\u00e9rique  entre 1932 et 1960, pour protester contre le racisme, la s\u00e9gr\u00e9gation et la colonisation. Le pont sur l'Atlantique fut alors virtuellement r\u00e9alis\u00e9, reliant l'Afrique \u00e0 ses diasporas de l'autre rive, dans la prise de conscience de leur destin par les intellectuels noirs de toute provenance. Cette \u00e9tude se propose d'\u00e9lucider certains points de cette d\u00e9marche historique \u00e0 travers quelques textes.\r","authors":["Lylian Kesteloot"],"category_codes":["1000000","1060000","1060100"],"visuals":{"large":"https:\/\/images.epagine.fr\/000\/9782296010000_1_75.jpg","medium":"https:\/\/images.epagine.fr\/000\/9782296010000_1_m.jpg","thumbnail":"https:\/\/images.epagine.fr\/000\/9782296010000_1_v.jpg"},"orderable":true,"show_badge":true,"formatted_price":"20,00&nbsp;\u20ac","formatted_published_date":"2 juin 2006","publisher_availability_label":"Sur commande","short_details":"Lylian Kesteloot \u2014 \u00c9ditions L'Harmattan","translator":null,"weight":275,"page_count":200,"readership":null,"editor":"\u00c9ditions L'Harmattan","price":2000,"published_date":"2006-06-01T22:00:00.000000Z","support":"Grand format","publisher_availability":1,"stock":0,"editions":[],"url":"https:\/\/quaidesbrumes.com\/ouvrage\/9782296010000\/cesaire-et-senghor-un-pont-sur-latlantique"},{"id":"9782013421911","title":"Manuel de l'amateur de livres du xixe siecle, 1801-1893 t. v (la met-my)","description":"Manuel de l'amateur de livres du XIXe si\u00e8cle, 1801-1893 : \u00e9ditions originales, ouvrages et p\u00e9riodiques illustr\u00e9s, romantiques, r\u00e9impressions critiques de textes anciens ou classiques, biblioth\u00e8ques et collections diverses, publications des soci\u00e9t\u00e9s de bibliophiles de Paris et des d\u00e9partements, curiosit\u00e9s bibliographiques, etc.. T. V (LA MET-MY) 1904 \/ par Georges Vicaire ; pr\u00e9face de Maurice Tourneux Date de l'\u00e9dition originale : 1894-1920 Sujet de l'ouvrage : Imprim\u00e9s fran\u00e7ais -- 19e si\u00e8cle -- BibliographieLitt\u00e9rature fran\u00e7aise -- 19e si\u00e8cle -- Bibliographie Ce livre est la reproduction fid\u00e8le d'une oeuvre publi\u00e9e avant 1920 et fait partie d'une collection de livres r\u00e9imprim\u00e9s \u00e0 la demande \u00e9dit\u00e9e par Hachette Livre, dans le cadre d'un partenariat avec la Biblioth\u00e8que nationale de France, offrant l'opportunit\u00e9 d'acc\u00e9der \u00e0 des ouvrages anciens et souvent rares issus des fonds patrimoniaux de la BnF.\r\nLes oeuvres faisant partie de cette collection ont \u00e9t\u00e9 num\u00e9ris\u00e9es par la BnF et sont pr\u00e9sentes sur Gallica, sa biblioth\u00e8que num\u00e9rique.\r\n\r\nEn entreprenant de redonner vie \u00e0 ces ouvrages au travers d'une collection de livres r\u00e9imprim\u00e9s \u00e0 la demande, nous leur donnons la possibilit\u00e9 de rencontrer un public \u00e9largi et participons \u00e0 la transmission de connaissances et de savoirs parfois difficilement accessibles.\r\nNous avons cherch\u00e9 \u00e0 concilier la reproduction fid\u00e8le d'un livre ancien \u00e0 partir de sa version num\u00e9ris\u00e9e avec le souci d'un confort de lecture optimal. Nous esp\u00e9rons que les ouvrages de cette nouvelle collection vous apporteront enti\u00e8re satisfaction.\r\n\r\nPour plus d'informations, rendez-vous sur www.hachettebnf.fr\r","authors":["Vicaire Georges"],"category_codes":["1000000","1060000","1060200"],"visuals":{"large":"https:\/\/images.epagine.fr\/911\/9782013421911_1_75.jpg","medium":"https:\/\/images.epagine.fr\/911\/9782013421911_1_m.jpg","thumbnail":"https:\/\/images.epagine.fr\/911\/9782013421911_1_v.jpg"},"orderable":true,"show_badge":true,"formatted_price":"35,40&nbsp;\u20ac","formatted_published_date":"1er septembre 2014","publisher_availability_label":"Sur commande","short_details":"Vicaire Georges \u2014 Hachette BNF","translator":null,"weight":920,"page_count":null,"readership":null,"editor":"Hachette BNF","price":3540,"published_date":"2014-08-31T22:00:00.000000Z","support":"Grand format","publisher_availability":1,"stock":0,"editions":[],"url":"https:\/\/quaidesbrumes.com\/ouvrage\/9782013421911\/manuel-de-lamateur-de-livres-du-xixe-siecle-1801-1893-t-v-la-met-my"},{"id":"9782855397405","title":"Les aventures de jean-baptiste chevalier dans l'inde orientale (1752-1765). memoire hist et journal","description":null,"authors":["Deloche Jean (Ed.)"],"category_codes":["1000000","1060000","1060100"],"visuals":{"large":"https:\/\/quaidesbrumes.com\/img\/book-placeholder.png","medium":"https:\/\/quaidesbrumes.com\/img\/book-placeholder.png","thumbnail":"https:\/\/quaidesbrumes.com\/img\/book-placeholder.png"},"orderable":true,"show_badge":true,"formatted_price":"27,00&nbsp;\u20ac","formatted_published_date":"31 d\u00e9cembre 1984","publisher_availability_label":"Sur commande","short_details":"Deloche Jean (Ed.) \u2014 Ecole Francaise Extreme Orient","translator":null,"weight":680,"page_count":null,"readership":null,"editor":"Ecole Francaise Extreme Orient","price":2700,"published_date":"1984-12-30T23:00:00.000000Z","support":"Grand format","publisher_availability":1,"stock":0,"editions":[],"url":"https:\/\/quaidesbrumes.com\/ouvrage\/9782855397405\/les-aventures-de-jean-baptiste-chevalier-dans-linde-orientale-1752-1765-memoire-hist-et-journal"},{"id":"9782296005921","title":"Albert Gazier ; autour d'une vie de militant ; hommages de Pierre Mauroy, Lionel Jospin et Marc Blondel","description":"De la SFIO \u00e0 la CGT des ann\u00e9es 1930 au PS et \u00e0 FO dans les ann\u00e9es 1980, les \u00e9crits autobiographiques d'Albert Gazier \u00e9clairent d'un jour nouveau bien des \u00e9pisodes de notre histoire politique et sociale : le Front populaire, la r\u00e9sistance syndicale, la reconstruction du pays, la d\u00e9colonisation, la crise de mai 1958 ou encore la r\u00e9novation de la gauche dans les ann\u00e9es 1960. Issu d'une lign\u00e9e marqu\u00e9e par le jans\u00e9nisme, avec laquelle il rompt, homme d'action et de culture, il a choisi de se mettre au service de la collectivit\u00e9 ; mais il est aussi soucieux de la trace de son action. Une personnalit\u00e9 \u00e0 red\u00e9couvrir.\r","authors":["Collectif"],"category_codes":["1000000","1060000","1060100"],"visuals":{"large":"https:\/\/images.epagine.fr\/921\/9782296005921_1_75.jpg","medium":"https:\/\/images.epagine.fr\/921\/9782296005921_1_m.jpg","thumbnail":"https:\/\/images.epagine.fr\/921\/9782296005921_1_v.jpg"},"orderable":true,"show_badge":true,"formatted_price":"21,50&nbsp;\u20ac","formatted_published_date":"1er juillet 2006","publisher_availability_label":"Sur commande","short_details":"Collectif \u2014 \u00c9ditions L'Harmattan","translator":null,"weight":450,"page_count":328,"readership":null,"editor":"\u00c9ditions L'Harmattan","price":2150,"published_date":"2006-06-30T22:00:00.000000Z","support":"Grand format","publisher_availability":1,"stock":0,"editions":[],"url":"https:\/\/quaidesbrumes.com\/ouvrage\/9782296005921\/albert-gazier-autour-dune-vie-de-militant-hommages-de-pierre-mauroy-lionel-jospin-et-marc-blondel"},{"id":"9782296010390","title":"L'Afrique doit se refaire une sant\u00e9 ; t\u00e9moignage et r\u00e9flexion sur 4 d\u00e9cennies de d\u00e9veloppement sanitaire","description":"Au travers d'une analyse de situation, l'auteur fait un constat du d\u00e9veloppement sanitaire cahotant de l'Afrique. Il importe de revisiter les performances des syst\u00e8mes nationaux de sant\u00e9, de baliser la m\u00e9decine traditionnelle africaine, de r\u00e9agir aux nouveaux enjeux du march\u00e9 du m\u00e9dicament (acc\u00e8s aux g\u00e9n\u00e9riques et aux mol\u00e9cules innovantes), de repositionner la Sant\u00e9 en Afrique comme une exigence forte au coeur du d\u00e9veloppement du continent.","authors":["Emmanuel Eben-moussi"],"category_codes":["1000000","1060000","1060300"],"visuals":{"large":"https:\/\/images.epagine.fr\/390\/9782296010390_1_75.jpg","medium":"https:\/\/images.epagine.fr\/390\/9782296010390_1_m.jpg","thumbnail":"https:\/\/images.epagine.fr\/390\/9782296010390_1_v.jpg"},"orderable":true,"show_badge":true,"formatted_price":"17,50&nbsp;\u20ac","formatted_published_date":"1er juillet 2006","publisher_availability_label":"Sur commande","short_details":"Emmanuel Eben-moussi \u2014 \u00c9ditions L'Harmattan","translator":null,"weight":203,"page_count":178,"readership":null,"editor":"\u00c9ditions L'Harmattan","price":1750,"published_date":"2006-06-30T22:00:00.000000Z","support":"Grand format","publisher_availability":1,"stock":0,"editions":[],"url":"https:\/\/quaidesbrumes.com\/ouvrage\/9782296010390\/lafrique-doit-se-refaire-une-sante-temoignage-et-reflexion-sur-4-decennies-de-developpement-sanitaire"},{"id":"9782013436663","title":"Observations d'un habitant des colonies sur le 'memoire en faveur des gens de couleur...' - adresse","description":"Observations d'un habitant des colonies sur le \"M\u00e9moire en faveur des gens de couleur...\" adress\u00e9 \u00e0 l'Assembl\u00e9e nationale par M. Gr\u00e9goire,... (Sign\u00e9 : P. U. C. P. D. D. L. M. [16 d\u00e9c. 1789.]) Date de l'\u00e9dition originale : 1789 Sujet de l'ouvrage : France -- Colonies -- Histoire Ce livre est la reproduction fid\u00e8le d'une oeuvre publi\u00e9e avant 1920 et fait partie d'une collection de livres r\u00e9imprim\u00e9s \u00e0 la demande \u00e9dit\u00e9e par Hachette Livre, dans le cadre d'un partenariat avec la Biblioth\u00e8que nationale de France, offrant l'opportunit\u00e9 d'acc\u00e9der \u00e0 des ouvrages anciens et souvent rares issus des fonds patrimoniaux de la BnF.\r\nLes oeuvres faisant partie de cette collection ont \u00e9t\u00e9 num\u00e9ris\u00e9es par la BnF et sont pr\u00e9sentes sur Gallica, sa biblioth\u00e8que num\u00e9rique.\r\n\r\nEn entreprenant de redonner vie \u00e0 ces ouvrages au travers d'une collection de livres r\u00e9imprim\u00e9s \u00e0 la demande, nous leur donnons la possibilit\u00e9 de rencontrer un public \u00e9largi et participons \u00e0 la transmission de connaissances et de savoirs parfois difficilement accessibles.\r\nNous avons cherch\u00e9 \u00e0 concilier la reproduction fid\u00e8le d'un livre ancien \u00e0 partir de sa version num\u00e9ris\u00e9e avec le souci d'un confort de lecture optimal. Nous esp\u00e9rons que les ouvrages de cette nouvelle collection vous apporteront enti\u00e8re satisfaction.\r\n\r\nPour plus d'informations, rendez-vous sur www.hachettebnf.fr http:\/\/gallica.bnf.fr\/ark:\/12148\/bpt6k57904669\r","authors":[],"category_codes":["1000000","1060000","1060200"],"visuals":{"large":"https:\/\/images.epagine.fr\/663\/9782013436663_1_75.jpg","medium":"https:\/\/images.epagine.fr\/663\/9782013436663_1_m.jpg","thumbnail":"https:\/\/images.epagine.fr\/663\/9782013436663_1_v.jpg"},"orderable":true,"show_badge":true,"formatted_price":"11,90&nbsp;\u20ac","formatted_published_date":"1er septembre 2014","publisher_availability_label":"Sur commande","short_details":"Hachette BNF","translator":null,"weight":118,"page_count":null,"readership":null,"editor":"Hachette BNF","price":1190,"published_date":"2014-08-31T22:00:00.000000Z","support":"Grand format","publisher_availability":1,"stock":0,"editions":[],"url":"https:\/\/quaidesbrumes.com\/ouvrage\/9782013436663\/observations-dun-habitant-des-colonies-sur-le-memoire-en-faveur-des-gens-de-couleur-adresse"},{"id":"9782747599269","title":"Les in\u00e9galit\u00e9s socio-culturelles au Br\u00e9sil XVIe-XXe si\u00e8cles","description":"Cet ouvrage manifeste les cheminements et parcours du d\u00e9veloppement des recherches franco-br\u00e9siliennes en histoire, une marche si fructueuse qu'il e\u00fbt peut-\u00eatre \u00e9t\u00e9 dommage de ne pas en \u00e9clairer les coh\u00e9rences. Ces textes pr\u00e9sent\u00e9s dans l'ordre chronologique touchent \u00e0 cinq si\u00e8cles d'histoire du Br\u00e9sil : cependant, le premier et le dernier sont des hommages \u00e0 des personnalit\u00e9s exemplaires, Celso Furtado et Ma\u00eetre Didi Alapini. Une le\u00e7on magistrale d'histoire du Br\u00e9sil.\r","authors":["Katia de Queiros mattoso"],"category_codes":["1000000","1060000","1060300"],"visuals":{"large":"https:\/\/images.epagine.fr\/269\/9782747599269_1_75.jpg","medium":"https:\/\/images.epagine.fr\/269\/9782747599269_1_m.jpg","thumbnail":"https:\/\/images.epagine.fr\/269\/9782747599269_1_v.jpg"},"orderable":true,"show_badge":true,"formatted_price":"22,50&nbsp;\u20ac","formatted_published_date":"1er juillet 2006","publisher_availability_label":"Sur commande","short_details":"Katia de Queiros mattoso \u2014 \u00c9ditions L'Harmattan","translator":null,"weight":259,"page_count":240,"readership":null,"editor":"\u00c9ditions L'Harmattan","price":2250,"published_date":"2006-06-30T22:00:00.000000Z","support":"Grand format","publisher_availability":1,"stock":0,"editions":[],"url":"https:\/\/quaidesbrumes.com\/ouvrage\/9782747599269\/les-inegalites-socio-culturelles-au-bresil-xvie-xxe-siecles"},{"id":"9782296008472","title":"Fran\u00e7ois Faber, du tour de France au champ d'honneur","description":"Le 1er ao\u00fbt 1909, Fran\u00e7ois Faber remporte la septi\u00e8me \u00e9dition du tour de France cycliste. Le \"G\u00e9ant des Colombes\" entre dans la l\u00e9gende, mais bien plus qu'un parcours sportif exemplaire son itin\u00e9raire est un condens\u00e9 de la France de la Belle \u00e9poque. En s'appuyant sur la presse d'\u00e9poque et sur de nombreux documents in\u00e9dits, ce livre retrace le destin romanesque de ce champion attachant, l'un des plus populaires de son temps.\r","authors":["Pascal Leroy"],"category_codes":["1000000","1060000","1060100"],"visuals":{"large":"https:\/\/images.epagine.fr\/472\/9782296008472_1_75.jpg","medium":"https:\/\/images.epagine.fr\/472\/9782296008472_1_m.jpg","thumbnail":"https:\/\/images.epagine.fr\/472\/9782296008472_1_v.jpg"},"orderable":true,"show_badge":true,"formatted_price":"13,50&nbsp;\u20ac","formatted_published_date":"1er juin 2006","publisher_availability_label":"Sur commande","short_details":"Pascal Leroy \u2014 \u00c9ditions L'Harmattan","translator":null,"weight":174,"page_count":136,"readership":null,"editor":"\u00c9ditions L'Harmattan","price":1350,"published_date":"2006-05-31T22:00:00.000000Z","support":"Grand format","publisher_availability":1,"stock":0,"editions":[],"url":"https:\/\/quaidesbrumes.com\/ouvrage\/9782296008472\/francois-faber-du-tour-de-france-au-champ-dhonneur"},{"id":"9782847361940","title":"Le dissident","description":"Dans la soir\u00e9e du 31 d\u00e9cembre 1967, peu apr\u00e8s avoir quitt\u00e9 le Drugstore Champs-Elys\u00e9es o\u00f9 elle travaillait, Marie-Fran\u00e7oise, fille a\u00een\u00e9e de Marcel Bleustein-Blanchet, fondateur de Publicis, fut victime d'un accident mortel \u00e0 l'\u00e2ge de vingt-sept ans. Pr\u00e8s de quarante ans apr\u00e8s, son fils d\u00e9roule ici le fil d'une existence \u00e0 jamais marqu\u00e9e par cette trag\u00e9die. Ses grands-parents ont \u00e0 leur tour quitt\u00e9 ce monde et Publicis, unique passion de Marcel, se place d\u00e9sormais au quatri\u00e8me rang mondial des groupes de communication. Incroyable destin que celui de cet h\u00e9ritier hors norme : des kibboutz isra\u00e9liens au New York des ann\u00e9es 1970 o\u00f9 l'on croisait Andy Warhol au mythique Studio 54, entre aisance et difficult\u00e9, Nicolas Rachline a connu mille vies. Cofondateur de TV6, producteur pour Canal + de Supermodel of the World, aujourd'hui entrepreneur, ce globe-trotter curieux de tout a refus\u00e9 les chemins balis\u00e9s par un grand-p\u00e8re ambivalent, mentor fascinant mais aussi homme de peu de concessions. S\u00e9ducteur p\u00e9nitent, il a partag\u00e9 la vie de plusieurs femmes parmi les plus courtis\u00e9es. La distance qui le s\u00e9pare d\u00e9sormais de son destin programm\u00e9 est inimaginable. A sa propre mesure et avec le souci constant de gagner son respect et son approbation, Nicolas Rachline crut un temps pouvoir suivre la voie de son grand-p\u00e8re - celle d'un novateur et d'un libre-penseur - aupr\u00e8s de lui dans Publicis. Chim\u00e8re ! Ce r\u00e9cit pudique et touchant, teint\u00e9 d'autod\u00e9rision, raconte comment il s'est construit une vie d'homme libre, au prix de nombreux sacrifices mais au b\u00e9n\u00e9fice de tr\u00e8s belles rencontres.","authors":["Nicolas Rachline"],"category_codes":["1000000","1060000","1060300"],"visuals":{"large":"https:\/\/images.epagine.fr\/940\/9782847361940_1_75.jpg","medium":"https:\/\/images.epagine.fr\/940\/9782847361940_1_m.jpg","thumbnail":"https:\/\/images.epagine.fr\/940\/9782847361940_1_v.jpg"},"orderable":true,"show_badge":true,"formatted_price":"20,99&nbsp;\u20ac","formatted_published_date":"25 janvier 2007","publisher_availability_label":"Sur commande","short_details":"Nicolas Rachline \u2014 Nouveau Monde \u00c9ditions","translator":null,"weight":456,"page_count":350,"readership":null,"editor":"Nouveau Monde \u00c9ditions","price":2099,"published_date":"2007-01-24T23:00:00.000000Z","support":"Grand format","publisher_availability":1,"stock":0,"editions":[],"url":"https:\/\/quaidesbrumes.com\/ouvrage\/9782847361940\/le-dissident"},{"id":"9782296011137","title":"Communication et violence symbolique - une autre approche de la societe est-allemande","description":"N\u00e9 du refus de d\u00e9finir la soci\u00e9t\u00e9 de RDA comme \"dictatoriale\" et \"totalitaire\", comme s'il existait un continuum entre le nazisme et le socialisme, il s'agit d'\u00e9tudier cette soci\u00e9t\u00e9 avec les outils de la sociologie de Pierre Bourdieu et de l'anthropologie de Maurice Godelier. L'approche choisie est communicationnelle, permettant de mettre en oeuvre des logiques sociales portant aussi bien sur des processus de production que sur des articulations production-consommation ou des m\u00e9canismes de formation des usages.\r","authors":["Delbarre Roger"],"category_codes":["9000000","9120000","9120200"],"visuals":{"large":"https:\/\/images.epagine.fr\/137\/9782296011137_1_75.jpg","medium":"https:\/\/images.epagine.fr\/137\/9782296011137_1_m.jpg","thumbnail":"https:\/\/images.epagine.fr\/137\/9782296011137_1_v.jpg"},"orderable":true,"show_badge":true,"formatted_price":"32,50&nbsp;\u20ac","formatted_published_date":"1er juillet 2006","publisher_availability_label":"Sur commande","short_details":"Delbarre Roger \u2014 \u00c9ditions L'Harmattan","translator":null,"weight":405,"page_count":282,"readership":null,"editor":"\u00c9ditions L'Harmattan","price":3250,"published_date":"2006-06-30T22:00:00.000000Z","support":"Grand format","publisher_availability":1,"stock":0,"editions":[],"url":"https:\/\/quaidesbrumes.com\/ouvrage\/9782296011137\/communication-et-violence-symbolique-une-autre-approche-de-la-societe-est-allemande"},{"id":"9782226171030","title":"L'Histoire est mon combat : Entretiens avec Dominique Bourel et H\u00e9l\u00e8ne Monsacr\u00e9","description":"En explorant inlassablement le chemin et ses d\u00e9tours qui, depuis la Gr\u00e8ce ancienne, m\u00e8nent au monde dans lequel nous vivons, Pierre Vidal-Naquet a construit une oeuvre singuli\u00e8re aux facettes multiples. Personnalit\u00e9 complexe, se d\u00e9finissant lui-m\u00eame comme \u00ab double \u00bb - historien et philosophe, historien et philologue, historien et citoyen -, il n'a cess\u00e9 d'intervenir dans les affaires de la cit\u00e9. Ses combats - la torture, la \u00ab raison d'\u00c9tat \u00bb, le n\u00e9gationnisme -, il a toujours voulu les mener en historien qui cherche les documents, \u00e9tablit les faits, d\u00e9monte les mythes, anciens comme contemporains, confond les falsificateurs et les imposteurs. Une enqu\u00eate qui, selon ses mots, lui a donn\u00e9 le sentiment d'engager sa propre existence. \r\n Dans ces entretiens, interrompus par la mort, Pierre Vidal-Naquet exprime, avec la force de la simplicit\u00e9, l'ardeur et la constance de ses convictions, sa passion pour la v\u00e9rit\u00e9, sa foi en l'amiti\u00e9.","authors":["Pierre Vidal-Naquet"],"category_codes":["1000000","1060000","1060100"],"visuals":{"large":"https:\/\/images.epagine.fr\/030\/9782226171030_1_75.jpg","medium":"https:\/\/images.epagine.fr\/030\/9782226171030_1_m.jpg","thumbnail":"https:\/\/images.epagine.fr\/030\/9782226171030_1_v.jpg"},"orderable":true,"show_badge":true,"formatted_price":"17,25&nbsp;\u20ac","formatted_published_date":"8 novembre 2006","publisher_availability_label":"Sur commande","short_details":"Pierre Vidal-Naquet \u2014 Albin Michel","translator":null,"weight":312,"page_count":224,"readership":null,"editor":"Albin Michel","price":1725,"published_date":"2006-11-07T23:00:00.000000Z","support":"Grand format","publisher_availability":1,"stock":0,"editions":[],"url":"https:\/\/quaidesbrumes.com\/ouvrage\/9782226171030\/lhistoire-est-mon-combat-entretiens-avec-dominique-bourel-et-helene-monsacre"},{"id":"9782855397207","title":"Les m\u00e9moires de Wendel sur les Jat, les Pathan et les Sikh","description":null,"authors":["Deloche Jean (Ed.)"],"category_codes":["1000000","1060000","1060300"],"visuals":{"large":"https:\/\/quaidesbrumes.com\/img\/book-placeholder.png","medium":"https:\/\/quaidesbrumes.com\/img\/book-placeholder.png","thumbnail":"https:\/\/quaidesbrumes.com\/img\/book-placeholder.png"},"orderable":true,"show_badge":true,"formatted_price":"30,00&nbsp;\u20ac","formatted_published_date":"31 d\u00e9cembre 1979","publisher_availability_label":"Sur commande","short_details":"Deloche Jean (Ed.) \u2014 Ecole Francaise Extreme Orient","translator":null,"weight":715,"page_count":null,"readership":null,"editor":"Ecole Francaise Extreme Orient","price":3000,"published_date":"1979-12-30T23:00:00.000000Z","support":"Grand format","publisher_availability":1,"stock":0,"editions":[],"url":"https:\/\/quaidesbrumes.com\/ouvrage\/9782855397207\/les-memoires-de-wendel-sur-les-jat-les-pathan-et-les-sikh"},{"id":"9782952209113","title":"Katherine mansfiled ; le r\u00eave inachev\u00e9","description":"Inondant de lumi\u00e8re l'humanit\u00e9, Kathie ne fut pas martyre de la vie, mais \u00e9clat solaire.\r\nElle n'atteignit pas seule ment les sommets du d\u00e9sespoir par sa douleur. Elle s'\u00e9leva sur les cimes sensationnelles, l\u00e0 o\u00f9 la beaut\u00e9 devient mythe. Ne transcendait-elle pas la moindre fleur, le moindre insecte, ou le petit oiseau au rang de l'art et de la plus pure beaut\u00e9 Papillon elle-m\u00eame, elle voltigeait par-dessus les champs, le long des sillons de lumi\u00e8re, se m\u00e9tamorphosant la nuit en luciole vagabonde, prisonni\u00e8re de sa propre lueur.\r\nIl me souvient d'un soir d'\u00e9t\u00e9 marchant le long des haies du cimeti\u00e8re d'Avon, d'avoir rencontr\u00e9 cette luciole, avant d'atteindre la tombe de Katherine Mansfield.\r","authors":["Joseph Giudi"],"category_codes":["1000000","1060000","1060100"],"visuals":{"large":"https:\/\/images.epagine.fr\/113\/9782952209113_1_75.jpg","medium":"https:\/\/images.epagine.fr\/113\/9782952209113_1_m.jpg","thumbnail":"https:\/\/images.epagine.fr\/113\/9782952209113_1_v.jpg"},"orderable":true,"show_badge":true,"formatted_price":"17,00&nbsp;\u20ac","formatted_published_date":"31 mai 2006","publisher_availability_label":"Sur commande","short_details":"Joseph Giudi \u2014 L'Infini","translator":null,"weight":250,"page_count":null,"readership":null,"editor":"L'Infini","price":1700,"published_date":"2006-05-30T22:00:00.000000Z","support":"Grand format","publisher_availability":1,"stock":0,"editions":[],"url":"https:\/\/quaidesbrumes.com\/ouvrage\/9782952209113\/katherine-mansfiled-le-reve-inacheve"},{"id":"9782873070212","title":"Djebel","description":null,"authors":["Claude Dumont"],"category_codes":["1000000","1060000","1060100"],"visuals":{"large":"https:\/\/quaidesbrumes.com\/img\/book-placeholder.png","medium":"https:\/\/quaidesbrumes.com\/img\/book-placeholder.png","thumbnail":"https:\/\/quaidesbrumes.com\/img\/book-placeholder.png"},"orderable":true,"show_badge":true,"formatted_price":"12,95&nbsp;\u20ac","formatted_published_date":"1er avril 1996","publisher_availability_label":"Sur commande","short_details":"Claude Dumont \u2014 Rencontres","translator":null,"weight":300,"page_count":null,"readership":null,"editor":"Rencontres","price":1295,"published_date":"1996-03-31T22:00:00.000000Z","support":"Grand format","publisher_availability":1,"stock":0,"editions":[],"url":"https:\/\/quaidesbrumes.com\/ouvrage\/9782873070212\/djebel"},{"id":"9782013421874","title":"Manuel de l'amateur de livres du xixe siecle, 1801-1893 t. iv (h-la mes)","description":"Manuel de l'amateur de livres du XIXe si\u00e8cle, 1801-1893 : \u00e9ditions originales, ouvrages et p\u00e9riodiques illustr\u00e9s, romantiques, r\u00e9impressions critiques de textes anciens ou classiques, biblioth\u00e8ques et collections diverses, publications des soci\u00e9t\u00e9s de bibliophiles de Paris et des d\u00e9partements, curiosit\u00e9s bibliographiques, etc.. T. IV (H-LA MES) 1900 \/ par Georges Vicaire ; pr\u00e9face de Maurice Tourneux Date de l'\u00e9dition originale : 1894-1920 Sujet de l'ouvrage : Imprim\u00e9s fran\u00e7ais -- 19e si\u00e8cle -- BibliographieLitt\u00e9rature fran\u00e7aise -- 19e si\u00e8cle -- Bibliographie Ce livre est la reproduction fid\u00e8le d'une oeuvre publi\u00e9e avant 1920 et fait partie d'une collection de livres r\u00e9imprim\u00e9s \u00e0 la demande \u00e9dit\u00e9e par Hachette Livre, dans le cadre d'un partenariat avec la Biblioth\u00e8que nationale de France, offrant l'opportunit\u00e9 d'acc\u00e9der \u00e0 des ouvrages anciens et souvent rares issus des fonds patrimoniaux de la BnF.\r\nLes oeuvres faisant partie de cette collection ont \u00e9t\u00e9 num\u00e9ris\u00e9es par la BnF et sont pr\u00e9sentes sur Gallica, sa biblioth\u00e8que num\u00e9rique.\r\n\r\nEn entreprenant de redonner vie \u00e0 ces ouvrages au travers d'une collection de livres r\u00e9imprim\u00e9s \u00e0 la demande, nous leur donnons la possibilit\u00e9 de rencontrer un public \u00e9largi et participons \u00e0 la transmission de connaissances et de savoirs parfois difficilement accessibles.\r\nNous avons cherch\u00e9 \u00e0 concilier la reproduction fid\u00e8le d'un livre ancien \u00e0 partir de sa version num\u00e9ris\u00e9e avec le souci d'un confort de lecture optimal. Nous esp\u00e9rons que les ouvrages de cette nouvelle collection vous apporteront enti\u00e8re satisfaction.\r\n\r\nPour plus d'informations, rendez-vous sur www.hachettebnf.fr\r","authors":["Vicaire Georges"],"category_codes":["1000000","1060000","1060200"],"visuals":{"large":"https:\/\/images.epagine.fr\/874\/9782013421874_1_75.jpg","medium":"https:\/\/images.epagine.fr\/874\/9782013421874_1_m.jpg","thumbnail":"https:\/\/images.epagine.fr\/874\/9782013421874_1_v.jpg"},"orderable":true,"show_badge":true,"formatted_price":"36,00&nbsp;\u20ac","formatted_published_date":"1er septembre 2014","publisher_availability_label":"Sur commande","short_details":"Vicaire Georges \u2014 Hachette BNF","translator":null,"weight":947,"page_count":null,"readership":null,"editor":"Hachette BNF","price":3600,"published_date":"2014-08-31T22:00:00.000000Z","support":"Grand format","publisher_availability":1,"stock":0,"editions":[],"url":"https:\/\/quaidesbrumes.com\/ouvrage\/9782013421874\/manuel-de-lamateur-de-livres-du-xixe-siecle-1801-1893-t-iv-h-la-mes"}]}