{"data":[{"id":"9782012528840","title":"Catalogue de la ville de Limoges. Polygraphie, belles-lettres (\u00c9d.1858-1863)","description":"Catalogue m\u00e9thodique de la Biblioth\u00e8que communale de la ville de Limoges. Polygraphie, belles-lettres \/ par Emile Ruben,...\r\nDate de l'\u00e9dition originale : 1858-1863\r\n\r\nLe pr\u00e9sent ouvrage s'inscrit dans une politique de conservation patrimoniale des ouvrages de la litt\u00e9rature Fran\u00e7aise mise en place avec la BNF.\r\nHACHETTE LIVRE et la BNF proposent ainsi un catalogue de titres indisponibles, la BNF ayant num\u00e9ris\u00e9 ces oeuvres et HACHETTE LIVRE les imprimant \u00e0 la demande.\r\nCertains de ces ouvrages refl\u00e8tent des courants de pens\u00e9e caract\u00e9ristiques de leur \u00e9poque, mais qui seraient aujourd'hui jug\u00e9s condamnables.\r\nIls n'en appartiennent pas moins \u00e0 l'histoire des id\u00e9es en France et sont susceptibles de pr\u00e9senter un int\u00e9r\u00eat scientifique ou historique.\r\nLe sens de notre d\u00e9marche \u00e9ditoriale consiste ainsi \u00e0 permettre l'acc\u00e8s \u00e0 ces oeuvres sans pour autant que nous en cautionnions en aucune fa\u00e7on le contenu.\r\n\r\nPour plus d'informations, rendez-vous sur www.hachettebnf.fr","authors":["Collectif"],"category_codes":["1000000","1060000","1060200"],"visuals":{"large":"https:\/\/images.epagine.fr\/840\/9782012528840_1_75.jpg","medium":"https:\/\/images.epagine.fr\/840\/9782012528840_1_m.jpg","thumbnail":"https:\/\/images.epagine.fr\/840\/9782012528840_1_v.jpg"},"orderable":true,"show_badge":true,"formatted_price":"32,50&nbsp;\u20ac","formatted_published_date":"1er juin 2012","publisher_availability_label":"Sur commande","short_details":"Collectif \u2014 Hachette BNF","translator":null,"weight":760,"page_count":546,"readership":null,"editor":"Hachette BNF","price":3250,"published_date":"2012-05-31T22:00:00.000000Z","support":"Grand format","publisher_availability":1,"stock":0,"editions":[],"url":"https:\/\/quaidesbrumes.com\/ouvrage\/9782012528840\/catalogue-de-la-ville-de-limoges-polygraphie-belles-lettres-ed1858-1863"},{"id":"9782012528857","title":"Catalogue de la ville de Limoges. Sciences, arts (\u00c9d.1858-1863)","description":"Catalogue m\u00e9thodique de la Biblioth\u00e8que communale de la ville de Limoges. Sciences, arts \/ par Emile Ruben,...\r\nDate de l'\u00e9dition originale : 1858-1863\r\n\r\nLe pr\u00e9sent ouvrage s'inscrit dans une politique de conservation patrimoniale des ouvrages de la litt\u00e9rature Fran\u00e7aise mise en place avec la BNF.\r\nHACHETTE LIVRE et la BNF proposent ainsi un catalogue de titres indisponibles, la BNF ayant num\u00e9ris\u00e9 ces oeuvres et HACHETTE LIVRE les imprimant \u00e0 la demande.\r\nCertains de ces ouvrages refl\u00e8tent des courants de pens\u00e9e caract\u00e9ristiques de leur \u00e9poque, mais qui seraient aujourd'hui jug\u00e9s condamnables.\r\nIls n'en appartiennent pas moins \u00e0 l'histoire des id\u00e9es en France et sont susceptibles de pr\u00e9senter un int\u00e9r\u00eat scientifique ou historique.\r\nLe sens de notre d\u00e9marche \u00e9ditoriale consiste ainsi \u00e0 permettre l'acc\u00e8s \u00e0 ces oeuvres sans pour autant que nous en cautionnions en aucune fa\u00e7on le contenu.\r\n\r\nPour plus d'informations, rendez-vous sur www.hachettebnf.fr","authors":["Collectif"],"category_codes":["1000000","1060000","1060200"],"visuals":{"large":"https:\/\/images.epagine.fr\/857\/9782012528857_1_75.jpg","medium":"https:\/\/images.epagine.fr\/857\/9782012528857_1_m.jpg","thumbnail":"https:\/\/images.epagine.fr\/857\/9782012528857_1_v.jpg"},"orderable":true,"show_badge":true,"formatted_price":"42,50&nbsp;\u20ac","formatted_published_date":"1er juin 2012","publisher_availability_label":"Sur commande","short_details":"Collectif \u2014 Hachette BNF","translator":null,"weight":1134,"page_count":822,"readership":null,"editor":"Hachette BNF","price":4250,"published_date":"2012-05-31T22:00:00.000000Z","support":"Grand format","publisher_availability":1,"stock":0,"editions":[],"url":"https:\/\/quaidesbrumes.com\/ouvrage\/9782012528857\/catalogue-de-la-ville-de-limoges-sciences-arts-ed1858-1863"},{"id":"9782290349649","title":"Les ressucit\u00e9s","description":"Victimes d'accidents ou de maladies graves, ils ont fr\u00f4l\u00e9 la mort. Face \u00e0 l'\u00e9preuve, ils ont gagn\u00e9, mais la m\u00e9decine n'explique pas tout. Des personnalit\u00e9s et des anonymes l\u00e8vent le voile sur le myst\u00e8re de leur gu\u00e9rison : Lance Armstrong, Mireille Darc, Jean-Fran\u00e7ois Deniau, Guy Roux, Hermann Maier, Patrick Segal... Leurs t\u00e9moignages montrent \u00e0 quel point le temp\u00e9rament, les raisons de vivre, l'entourage, la capacit\u00e9 \u00e0 faire le deuil du pass\u00e9, la foi, ont jou\u00e9 un r\u00f4le dans leur retour \u00e0 la vie. Ils nous offrent une vraie le\u00e7on de bonheur, de sagesse et d'espoir. ","authors":["Christine Kerdellant"],"category_codes":["1000000","1060000","1060300"],"visuals":{"large":"https:\/\/images.epagine.fr\/649\/9782290349649_1_75.jpg","medium":"https:\/\/images.epagine.fr\/649\/9782290349649_1_m.jpg","thumbnail":"https:\/\/images.epagine.fr\/649\/9782290349649_1_v.jpg"},"orderable":true,"show_badge":true,"formatted_price":"6,70&nbsp;\u20ac","formatted_published_date":"5 octobre 2006","publisher_availability_label":"Sur commande","short_details":"Christine Kerdellant \u2014 J'ai Lu","translator":null,"weight":338,"page_count":349,"readership":null,"editor":"J'ai Lu","price":670,"published_date":"2006-10-04T22:00:00.000000Z","support":"Grand format","publisher_availability":1,"stock":0,"editions":[],"url":"https:\/\/quaidesbrumes.com\/ouvrage\/9782290349649\/les-ressucites"},{"id":"9782296000735","title":"Vers une \u00e9ducation \u00e0 la paix","description":"Ce livre rassemble les d\u00e9bats de six pratiquants de diff\u00e9rentes traditions religieuses autour de questions li\u00e9es \u00e0 l'\u00e9ducation : La paix est-elle une utopie ? Comment la parole ou le message de Dieu pourrait r\u00e9concilier celui qui ne doute pas avec celui qui doute ? Les hommes ont-ils la capacit\u00e9 de s'ouvrir \u00e0 la paix sur la base du dialogue et de l'\u00e9ducation ? Comment d\u00e9velopper humanisme et solidarit\u00e9 ? Un dialogue entre des personnes aux fortes convictions permettra-t-il de vaincre l'intol\u00e9rance ? L'\u00e9ducation, notamment religieuse, peut-elle conduire \u00e0 la compr\u00e9hension et la coop\u00e9ration oe","authors":["Laurent Dervieu"],"category_codes":["1000000","1060000","1060300"],"visuals":{"large":"https:\/\/images.epagine.fr\/735\/9782296000735_1_75.jpg","medium":"https:\/\/images.epagine.fr\/735\/9782296000735_1_m.jpg","thumbnail":"https:\/\/images.epagine.fr\/735\/9782296000735_1_v.jpg"},"orderable":true,"show_badge":true,"formatted_price":"12,00&nbsp;\u20ac","formatted_published_date":"15 f\u00e9vrier 2006","publisher_availability_label":"Sur commande","short_details":"Laurent Dervieu \u2014 \u00c9ditions L'Harmattan","translator":null,"weight":130,"page_count":88,"readership":null,"editor":"\u00c9ditions L'Harmattan","price":1200,"published_date":"2006-02-14T23:00:00.000000Z","support":"Grand format","publisher_availability":1,"stock":0,"editions":[],"url":"https:\/\/quaidesbrumes.com\/ouvrage\/9782296000735\/vers-une-education-a-la-paix"},{"id":"9782296002272","title":"Le vert et le rouge ; souvenirs","description":"Pierre Fauchon a conquis des mandats \u00e9lectoraux, fait campagne pour lui-m\u00eame ou pour d'autres, exerc\u00e9 des fonctions importantes, attach\u00e9 son nom \u00e0 des textes de loi. Ce faux r\u00eaveur n'a cess\u00e9 de faire preuve de qualit\u00e9s d'homme d'action: d\u00e8s l'\u00e2ge de treize ans n'arrachait-il pas les affiches de la collaboration \u00e0 la barbe de l'occupantoe ou encore durant cet \u00e9pisode marocain, presque seul et sans moyen, o\u00f9 il a tenu t\u00eate \u00e0 une \u00e9meute. Tant par son intuition  premi\u00e8re que par ses initiatives, il est sans aucun doute l'un des artisans du ballotage du g\u00e9n\u00e9ral de Gaulle. C'est cet ensemble de souvenirs, que Pierre Fauchon a voulu partager.","authors":["Pierre Fauchon"],"category_codes":["1000000","1060000","1060100"],"visuals":{"large":"https:\/\/images.epagine.fr\/272\/9782296002272_1_75.jpg","medium":"https:\/\/images.epagine.fr\/272\/9782296002272_1_m.jpg","thumbnail":"https:\/\/images.epagine.fr\/272\/9782296002272_1_v.jpg"},"orderable":true,"show_badge":true,"formatted_price":"33,50&nbsp;\u20ac","formatted_published_date":"2 f\u00e9vrier 2006","publisher_availability_label":"Sur commande","short_details":"Pierre Fauchon \u2014 \u00c9ditions L'Harmattan","translator":null,"weight":500,"page_count":351,"readership":null,"editor":"\u00c9ditions L'Harmattan","price":3350,"published_date":"2006-02-01T23:00:00.000000Z","support":"Grand format","publisher_availability":1,"stock":0,"editions":[],"url":"https:\/\/quaidesbrumes.com\/ouvrage\/9782296002272\/le-vert-et-le-rouge-souvenirs"},{"id":"9782747598729","title":"A l'ecole de la vie - mutations et lecons","description":"L'auteur raconte l'histoire d'Obangui qui aura connu \u00e0 la fois l'ivresse du pouvoir, les douleurs de l'exil et le plaisir de devenir un grand promoteur du d\u00e9veloppement. Jean-Fran\u00e7ois Obembe entreprend ici une grande r\u00e9flexion sur le pouvoir, sur la vie apr\u00e8s le pouvoir, sur la bonne gouvernance, sur la formation spirituelle et sur les principaux probl\u00e8mes auxquels est confront\u00e9e l'humanit\u00e9 aujourd'hui. Il met en relief certaines conceptions et pratiques qui illustrent le cercle vicieux du sous-d\u00e9veloppement de certains pays.","authors":["Jean-fran\u00e7ois Obembe"],"category_codes":["1000000","1060000"],"visuals":{"large":"https:\/\/images.epagine.fr\/729\/9782747598729_1_75.jpg","medium":"https:\/\/images.epagine.fr\/729\/9782747598729_1_m.jpg","thumbnail":"https:\/\/images.epagine.fr\/729\/9782747598729_1_v.jpg"},"orderable":true,"show_badge":true,"formatted_price":"24,50&nbsp;\u20ac","formatted_published_date":"15 f\u00e9vrier 2006","publisher_availability_label":"Sur commande","short_details":"Jean-fran\u00e7ois Obembe \u2014 \u00c9ditions L'Harmattan","translator":null,"weight":288,"page_count":274,"readership":null,"editor":"\u00c9ditions L'Harmattan","price":2450,"published_date":"2006-02-14T23:00:00.000000Z","support":"Grand format","publisher_availability":1,"stock":0,"editions":[],"url":"https:\/\/quaidesbrumes.com\/ouvrage\/9782747598729\/a-lecole-de-la-vie-mutations-et-lecons"},{"id":"9782876734456","title":"Andr\u00e9 gill, correspondance et m\u00e9moires d'un caricaturiste","description":"A la suite d'Honor\u00e9 Daumier, Andr\u00e9 Gill (1840-1885) fut sans conteste le caricaturiste le plus f\u00e9cond du XIXe si\u00e8cle, actif des derni\u00e8res ann\u00e9es du second Empire aux d\u00e9buts de la Troisi\u00e8me R\u00e9publique. On lui doit une oeuvre riche de plusieurs milliers de dessins, parus dans Le Hanneton. La Lune, L'Eclipse ou Les Hommes d'aujourd'hui, dont certains resteront associ\u00e9s aux combats men\u00e9s pour l'instauration de la R\u00e9publique. Haute figure de la boh\u00e8me du Quartier Latin et de Montmartre, rapin excentrique proche de Vall\u00e8s et Courbet, d\u00e9l\u00e9gu\u00e9 de la Commune au mus\u00e9e du Luxembourg pendant le printemps 1871, membre des Hydropathes d'Emile Goudeau et du Chat noir (le Rodolphe Salis, Andr\u00e9 Gill \u00e9tait li\u00e9 au Tout-Paris des d\u00e9cennies 1860 et 1870, dont il a raill\u00e9 sans rel\u00e2che le monde des arts, des lettres et de la politique, de m\u00eame que le demi-monde, dans des charges f\u00e9roces ou admiratives. Patron de presse, illustrateur de romans (notamment pour Zola), homme de th\u00e9\u00e2tre, po\u00e8te et chansonnier, il est aussi un parodiste, un peintre, un panoramiste... que les derni\u00e8res ann\u00e9es de sa vie, hant\u00e9es par la possession du \" Million \" et marqu\u00e9es par des crises de folie, conduiront \u00e0 l'asile d'ali\u00e9n\u00e9s de Charenton o\u00f9 il mourra, intern\u00e9 et oubli\u00e9, sauf de quelques proches. Le pr\u00e9sent volume reprend les souvenirs d'Andr\u00e9 Gill, Vingt ann\u00e9es de Paris, parus en 1883 chez Marpon et Flammarion et publi\u00e9s \u00e0 l'initiative d'Alphonse Daudet qui les pr\u00e9fa\u00e7a. A ces m\u00e9moires qui n'avaient jamais \u00e9t\u00e9 r\u00e9\u00e9dit\u00e9s est adjointe la correspondance de Gill, r\u00e9unissant plus de 150 lettres retrouv\u00e9es et g\u00e9n\u00e9ralement in\u00e9dites, issues de collections priv\u00e9es et publiques, fran\u00e7aises ou \u00e9trang\u00e8res. Adress\u00e9es \u00e0 sa famille, ses collaborateurs ou ses proches (Nadir, Vall\u00e8s, Courbet, Hugo, Zola...), \u00e0 ses mod\u00e8les ou ses confr\u00e8res, ces lettres viennent compl\u00e9ter l'autobiographie de Gill et parfois en contredire les in\u00e9vitables arrangements. Echelonn\u00e9es tout au long De sa vie et De sa carri\u00e8re, elles \u00e9clairent aussi la personnalit\u00e9 et les multiples activit\u00e9s professionnelles de Gill, tout en offrant la possibilit\u00e9 de mieux p\u00e9n\u00e9trer les n\u00e9buleuses de la boh\u00e8me et de la petite presse parisienne, leurs figures, leurs pratiques et leurs projets, leurs d\u00e9m\u00eal\u00e9s et leurs \u00e9checs. Introduit par Bertrand Tillier qui restitue le parcours et la post\u00e9rit\u00e9 de Gill, le volume est augment\u00e9 d'un appareil de notes et d'annexes comprenant des documents compl\u00e9mentaires, un index des correspondants, une chronologie et une s\u00e9lection iconographique.","authors":["Andr\u00e9 Gill"],"category_codes":["1000000","1060000"],"visuals":{"large":"https:\/\/images.epagine.fr\/456\/9782876734456_1_75.jpg","medium":"https:\/\/images.epagine.fr\/456\/9782876734456_1_m.jpg","thumbnail":"https:\/\/images.epagine.fr\/456\/9782876734456_1_v.jpg"},"orderable":true,"show_badge":true,"formatted_price":"27,00&nbsp;\u20ac","formatted_published_date":"15 septembre 2006","publisher_availability_label":"Sur commande","short_details":"Andr\u00e9 Gill \u2014 CHAMP VALLON","translator":null,"weight":544,"page_count":409,"readership":null,"editor":"CHAMP VALLON","price":2700,"published_date":"2006-09-14T22:00:00.000000Z","support":"Grand format","publisher_availability":1,"stock":0,"editions":[],"url":"https:\/\/quaidesbrumes.com\/ouvrage\/9782876734456\/andre-gill-correspondance-et-memoires-dun-caricaturiste"},{"id":"9788899283254","title":"Coluche l'accident. Contre-enqu\u00eate","description":"Que faisiez-vous le 19 juin 1986, le jour o\u00f9 vous avez appris la mort de Coluche?\r\nFaites ce test aujourd'hui, vous verrez que les gens, s?ils se souviennent tous de leur activit\u00e9 du moment, n'ont qu'un souvenir diffus des circonstances de l'accident.\r\nMais tous finissent par vous parler de Coluche \u00e0 moto roulant comme un dingue sur une petite route de l'arri\u00e8re-pays cannois. De la sortie d'un virage, du camion, qui manoeuvrait et donc lui barrait la route comme un mur d'acier.\r\nColuche, \u00e0 fond, \u00e0 la sortie d'un virage, n'avait rien pu faire. Il allait trop vite...\r\nAu lendemain du drame, personne n'a pris la peine de consulter les t\u00e9moins.\r\nLes journaux se sont content\u00e9s de reprendre les infos diffus\u00e9es par l'AFP.\r\nOr, il se trouve que Coluche roulait \u00e0 soixante kilom\u00e8tres \u00e0 l'heure dans une ligne droite. Le camion arrivait en sens inverse pratiquement au pas et au dernier moment, il a vir\u00e9 \u00e0 gauche. \u00c0 partir de l\u00e0, bien des questions se posent sur la th\u00e8se de l'accident et l'enqu\u00eate qui a suivi.\r\nCe livre est la r\u00e9\u00e9dition du livre sorti en 2006 (ISBN: 9782350760261 \/ 235076026X)","authors":["Jean Depuss\u00e9","Antoine Casubolo"],"category_codes":["9000000","9120000"],"visuals":{"large":"https:\/\/images.epagine.fr\/254\/9788899283254_1_75.jpg","medium":"https:\/\/images.epagine.fr\/254\/9788899283254_1_m.jpg","thumbnail":"https:\/\/images.epagine.fr\/254\/9788899283254_1_v.jpg"},"orderable":true,"show_badge":true,"formatted_price":"19,90&nbsp;\u20ac","formatted_published_date":"15 janvier 2026","publisher_availability_label":"Sur commande","short_details":"Jean Depuss\u00e9, Antoine Casubolo \u2014 Books on Demand","translator":null,"weight":307,"page_count":222,"readership":null,"editor":"Books on Demand","price":1990,"published_date":"2026-01-14T23:00:00.000000Z","support":"Grand format","publisher_availability":1,"stock":0,"editions":[],"url":"https:\/\/quaidesbrumes.com\/ouvrage\/9788899283254\/coluche-laccident-contre-enquete"},{"id":"9791041950607","title":"Comment travaillait le play - une analyse des methodes de travail de le play par francois escard, of","description":null,"authors":["Escard Francois"],"category_codes":["1000000","1060000","1060200"],"visuals":{"large":"https:\/\/quaidesbrumes.com\/img\/book-placeholder.png","medium":"https:\/\/quaidesbrumes.com\/img\/book-placeholder.png","thumbnail":"https:\/\/quaidesbrumes.com\/img\/book-placeholder.png"},"orderable":true,"show_badge":true,"formatted_price":"19,90&nbsp;\u20ac","formatted_published_date":"10 avril 2026","publisher_availability_label":"Sur commande","short_details":"Escard Francois \u2014 Culturea","translator":null,"weight":47,"page_count":null,"readership":null,"editor":"Culturea","price":1990,"published_date":"2026-04-09T22:00:00.000000Z","support":"Grand format","publisher_availability":1,"stock":0,"editions":[],"url":"https:\/\/quaidesbrumes.com\/ouvrage\/9791041950607\/comment-travaillait-le-play-une-analyse-des-methodes-de-travail-de-le-play-par-francois-escard-of"},{"id":"9782296006898","title":"La chine a l'horizon 2020","description":"La Chine, dirig\u00e9e par un parti unique communiste, impressionne par la rapidit\u00e9 de sa croissance \u00e9conomique. Les dirigeants chinois ont arr\u00eat\u00e9 leurs objectifs pour la Chine \u00e0 l'horizon 2020. Ces objectifs seront-ils atteints malgr\u00e9 les \u00e9cueils et difficult\u00e9s qui pourraient y faire obstacle ? La \"mont\u00e9e en puissance pacifique\" de la Chine inqui\u00e8te les pays voisins m\u00eame lorsqu'ils profitent de la croissance chinoise. Quel sera le r\u00f4le de la chine dans sa r\u00e9gion \u00e0 l'horizon 2020, ainsi qu'au niveau de la g\u00e9opolitique mondiale.","authors":["Philippe Delalande"],"category_codes":["9000000","9110000","9110600"],"visuals":{"large":"https:\/\/images.epagine.fr\/898\/9782296006898_1_75.jpg","medium":"https:\/\/images.epagine.fr\/898\/9782296006898_1_m.jpg","thumbnail":"https:\/\/images.epagine.fr\/898\/9782296006898_1_v.jpg"},"orderable":true,"show_badge":true,"formatted_price":"21,00&nbsp;\u20ac","formatted_published_date":"15 mai 2006","publisher_availability_label":"Sur commande","short_details":"Philippe Delalande \u2014 \u00c9ditions L'Harmattan","translator":null,"weight":225,"page_count":218,"readership":null,"editor":"\u00c9ditions L'Harmattan","price":2100,"published_date":"2006-05-14T22:00:00.000000Z","support":"Grand format","publisher_availability":1,"stock":0,"editions":[],"url":"https:\/\/quaidesbrumes.com\/ouvrage\/9782296006898\/la-chine-a-lhorizon-2020"},{"id":"9782866794309","title":"Mere sainte marie : henriette le forestier d'osseville - une educatrice pour aujourd'hui","description":"Voici enfin r\u00e9v\u00e9l\u00e9e au public la vie extraordinaire d'une fondatrice bien m\u00e9connue, Henriette Le Forestier d'Osseville. N\u00e9e en plein XIXe dans une famille bien install\u00e9e, elle quitte tout pour se consacrer aux plus pauvres, particuli\u00e8rement aux enfants or","authors":["Joachim Bouflet"],"category_codes":["1000000","1060000","1060200"],"visuals":{"large":"https:\/\/images.epagine.fr\/309\/9782866794309_1_75.jpg","medium":"https:\/\/images.epagine.fr\/309\/9782866794309_1_m.jpg","thumbnail":"https:\/\/images.epagine.fr\/309\/9782866794309_1_v.jpg"},"orderable":true,"show_badge":true,"formatted_price":"19,00&nbsp;\u20ac","formatted_published_date":"21 juin 2006","publisher_availability_label":"Sur commande","short_details":"Joachim Bouflet \u2014 Jubile - Le Sarment Editions","translator":null,"weight":436,"page_count":350,"readership":null,"editor":"Jubile - Le Sarment Editions","price":1900,"published_date":"2006-06-20T22:00:00.000000Z","support":"Grand format","publisher_availability":1,"stock":0,"editions":[],"url":"https:\/\/quaidesbrumes.com\/ouvrage\/9782866794309\/mere-sainte-marie-henriette-le-forestier-dosseville-une-educatrice-pour-aujourdhui"},{"id":"9782915806090","title":"Paroles d'ouvri\u00e8res et d'ouvriers","description":null,"authors":["Bernard Gardin"],"category_codes":["1000000","1060000","1060300"],"visuals":{"large":"https:\/\/images.epagine.fr\/090\/9782915806090_1_75.jpg","medium":"https:\/\/images.epagine.fr\/090\/9782915806090_1_m.jpg","thumbnail":"https:\/\/images.epagine.fr\/090\/9782915806090_1_v.jpg"},"orderable":true,"show_badge":true,"formatted_price":"30,00&nbsp;\u20ac","formatted_published_date":"1er novembre 2005","publisher_availability_label":"Sur commande","short_details":"Bernard Gardin \u2014 LAMBERT-LUCAS","translator":null,"weight":547,"page_count":null,"readership":null,"editor":"LAMBERT-LUCAS","price":3000,"published_date":"2005-10-31T23:00:00.000000Z","support":"Grand format","publisher_availability":1,"stock":0,"editions":[],"url":"https:\/\/quaidesbrumes.com\/ouvrage\/9782915806090\/paroles-douvrieres-et-douvriers"},{"id":"9782930342733","title":"Do you speak television ? apprentissages m\u00e9diatiques et comp\u00e9tence sociale","description":"\"Si la t\u00e9l\u00e9 nous parle, c'est que nous la parlons. Expliquer la ko\u00efn\u00e9 m\u00e9diatique, cette langue universelle de la t\u00e9l\u00e9vision, ce ne peut \u00eatre en aucun cas mettre en oeuvre une sorte d'h\u00e9raldique de la pens\u00e9e \u00ab infraordinaire \u00bb o\u00f9 le discours s'\u00e9puiserait dans un projet insens\u00e9 de cartographie s\u00e9miotique des s\u00e8mes t\u00e9l\u00e9visuels et de leurs occurrences, et o\u00f9 l'on pourrait reconstituer le \u00ab g\u00e9nome \u00bb s\u00e9mantique d'un message t\u00e9l\u00e9visuel en cartographiant ses \u00ab blasons \u00bb...\"","authors":["Yves Chevalier"],"category_codes":["1000000","1060000","1060300"],"visuals":{"large":"https:\/\/images.epagine.fr\/733\/9782930342733_1_75.jpg","medium":"https:\/\/images.epagine.fr\/733\/9782930342733_1_m.jpg","thumbnail":"https:\/\/images.epagine.fr\/733\/9782930342733_1_v.jpg"},"orderable":true,"show_badge":true,"formatted_price":"26,00&nbsp;\u20ac","formatted_published_date":"1er mars 2006","publisher_availability_label":"Sur commande","short_details":"Yves Chevalier \u2014 EME EDITIONS","translator":null,"weight":295,"page_count":214,"readership":null,"editor":"EME EDITIONS","price":2600,"published_date":"2006-02-28T23:00:00.000000Z","support":"Grand format","publisher_availability":1,"stock":0,"editions":[],"url":"https:\/\/quaidesbrumes.com\/ouvrage\/9782930342733\/do-you-speak-television-apprentissages-mediatiques-et-competence-sociale"},{"id":"9782930342702","title":"Saturnin Fabre, homme tourment\u00e9, com\u00e9dien inclassable, acteur g\u00e9nial","description":"\"Tourment\u00e9, g\u00e9nial, hallucinant quand ce n'est hallucin\u00e9, multiples et vari\u00e9s ont \u00e9t\u00e9 les adjectifs utilis\u00e9s pour cerner le talent, assur\u00e9ment inclassable, du grand acteur fran\u00e7ais Saturnin Fabre (1884-1961). Celui-ci, apr\u00e8s avoir fait fureur au th\u00e9\u00e2tre avec les plus grands producteurs et metteurs en sc\u00e8ne des ann\u00e9es 1910 et 1920, a figur\u00e9 pendant pr\u00e8s de vingt-cinq ans parmi les acteurs les plus populaires et les plus originaux de notre production cin\u00e9matographique parlante et en noir et blanc....\"","authors":["Roland Granier"],"category_codes":["1000000","1060000","1060100"],"visuals":{"large":"https:\/\/images.epagine.fr\/702\/9782930342702_1_75.jpg","medium":"https:\/\/images.epagine.fr\/702\/9782930342702_1_m.jpg","thumbnail":"https:\/\/images.epagine.fr\/702\/9782930342702_1_v.jpg"},"orderable":true,"show_badge":true,"formatted_price":"19,50&nbsp;\u20ac","formatted_published_date":"1er f\u00e9vrier 2006","publisher_availability_label":"Sur commande","short_details":"Roland Granier \u2014 EME EDITIONS","translator":null,"weight":215,"page_count":182,"readership":null,"editor":"EME EDITIONS","price":1950,"published_date":"2006-01-31T23:00:00.000000Z","support":"Grand format","publisher_availability":1,"stock":0,"editions":[],"url":"https:\/\/quaidesbrumes.com\/ouvrage\/9782930342702\/saturnin-fabre-homme-tourmente-comedien-inclassable-acteur-genial"},{"id":"9782930342580","title":"L'homme qui voulait changer d'\u00e9toile","description":"\"Ce livre aurait pu s'appeler \"\"Pension alimentaire\"\". En effet, quand l'acharnement \u00e0 en exiger le paiement va jusqu'\u00e0 l'incarc\u00e9ration du p\u00e8re, et le contraint finalement \u00e0 l'exil - endommageant, au passage, des liens filiaux et parentaux, d\u00e9j\u00e0 compromis par la s\u00e9paration d'un couple mal assorti d\u00e8s l'origine -, on en vient \u00e0 se demander si le rem\u00e8de n'est pas pire que le mal. C'est, en tout cas, ce que pense l'auteur, qui a longtemps gard\u00e9 le silence sur ce saccage, avant de se d\u00e9cider \u00e0 le relater...\"","authors":["Claude Miranda"],"category_codes":["1000000","1060000","1060100"],"visuals":{"large":"https:\/\/images.epagine.fr\/580\/9782930342580_1_75.jpg","medium":"https:\/\/images.epagine.fr\/580\/9782930342580_1_m.jpg","thumbnail":"https:\/\/images.epagine.fr\/580\/9782930342580_1_v.jpg"},"orderable":true,"show_badge":true,"formatted_price":"28,00&nbsp;\u20ac","formatted_published_date":"1er f\u00e9vrier 2007","publisher_availability_label":"Sur commande","short_details":"Claude Miranda \u2014 EME EDITIONS","translator":null,"weight":480,"page_count":340,"readership":"Tout public","editor":"EME EDITIONS","price":2800,"published_date":"2007-01-31T23:00:00.000000Z","support":"Grand format","publisher_availability":1,"stock":0,"editions":[],"url":"https:\/\/quaidesbrumes.com\/ouvrage\/9782930342580\/lhomme-qui-voulait-changer-detoile"},{"id":"9782296002364","title":"Peurs et risques contemporains - une approche pluridisciplinaire","description":"Comment penser les risques et les peurs contemporains ? Sociologue, psychanalyste, biochimiste, hydrologue, philosophe, anthropologue et historien se sont interrog\u00e9s, parcourant des th\u00e8mes aussi vari\u00e9s que la pr\u00e9visibilit\u00e9 des conflits internationaux, le risque pluvial, la question du rapport entre \u00e9thique et d\u00e9mocratie, les peurs dans l'espace public, etc.","authors":["Emmanuel Gleyze"],"category_codes":["9000000","9050000","9050700"],"visuals":{"large":"https:\/\/images.epagine.fr\/364\/9782296002364_1_75.jpg","medium":"https:\/\/images.epagine.fr\/364\/9782296002364_1_m.jpg","thumbnail":"https:\/\/images.epagine.fr\/364\/9782296002364_1_v.jpg"},"orderable":true,"show_badge":true,"formatted_price":"18,00&nbsp;\u20ac","formatted_published_date":"1er avril 2006","publisher_availability_label":"Sur commande","short_details":"Emmanuel Gleyze \u2014 \u00c9ditions L'Harmattan","translator":null,"weight":210,"page_count":190,"readership":null,"editor":"\u00c9ditions L'Harmattan","price":1800,"published_date":"2006-03-31T22:00:00.000000Z","support":"Grand format","publisher_availability":1,"stock":0,"editions":[],"url":"https:\/\/quaidesbrumes.com\/ouvrage\/9782296002364\/peurs-et-risques-contemporains-une-approche-pluridisciplinaire"},{"id":"9782930342382","title":"Le Japon et l'Europe, tissage interculturel","description":"\"Les Actes du colloque \u00ab Le Japon et l'Europe, tissage interculturel \u00bb s'adressent \u00e0 tous ceux que la diversit\u00e9 culturelle int\u00e9resse ou intrigue. Abord\u00e9es par des sp\u00e9cialistes, d'une fa\u00e7on accessible \u00e0 tout public cultiv\u00e9, les contributions dont plusieurs sont accompagn\u00e9es d'illustrations en couleurs traitent de sujets extr\u00eamement vari\u00e9s : philosophie, religion, histoire, droit, litt\u00e9rature, probl\u00e8mes de traduction, architecture, histoire de l'art, musique et ethnographie...\"","authors":["Jean-ren\u00e9 Klein","Francine Thyrion"],"category_codes":["1000000","1060000","1060300"],"visuals":{"large":"https:\/\/images.epagine.fr\/382\/9782930342382_1_75.jpg","medium":"https:\/\/images.epagine.fr\/382\/9782930342382_1_m.jpg","thumbnail":"https:\/\/images.epagine.fr\/382\/9782930342382_1_v.jpg"},"orderable":true,"show_badge":true,"formatted_price":"34,50&nbsp;\u20ac","formatted_published_date":"1er octobre 2004","publisher_availability_label":"Sur commande","short_details":"Jean-ren\u00e9 Klein, Francine Thyrion \u2014 EME EDITIONS","translator":null,"weight":460,"page_count":398,"readership":null,"editor":"EME EDITIONS","price":3450,"published_date":"2004-09-30T22:00:00.000000Z","support":"Grand format","publisher_availability":1,"stock":0,"editions":[],"url":"https:\/\/quaidesbrumes.com\/ouvrage\/9782930342382\/le-japon-et-leurope-tissage-interculturel"},{"id":"9782296003279","title":"Un economiste sous les cocotiers","description":"Cet ouvrage, faisant suite \u00e0 Aventures et m\u00e9saventures en montagne (L'Harmattan, 2003), concerne cette fois les aventures de l'auteur sous les Tropiques. Recrut\u00e9 par le Fonds mon\u00e9taire international \u00e0 la fin de ses \u00e9tudes, Yves-Marie Laulan a effectu\u00e9 de nombreuses missions dans les Cara\u00efbes (Ha\u00efti en particulier) puis en Afrique. Il restitue ici avec humour les anecdotes marquantes qui ont \u00e9maill\u00e9 ses voyages.","authors":["Yves-marie Laulan"],"category_codes":["1000000","1060000"],"visuals":{"large":"https:\/\/images.epagine.fr\/279\/9782296003279_1_75.jpg","medium":"https:\/\/images.epagine.fr\/279\/9782296003279_1_m.jpg","thumbnail":"https:\/\/images.epagine.fr\/279\/9782296003279_1_v.jpg"},"orderable":true,"show_badge":true,"formatted_price":"12,00&nbsp;\u20ac","formatted_published_date":"2 avril 2006","publisher_availability_label":"Sur commande","short_details":"Yves-marie Laulan \u2014 \u00c9ditions L'Harmattan","translator":null,"weight":98,"page_count":77,"readership":null,"editor":"\u00c9ditions L'Harmattan","price":1200,"published_date":"2006-04-01T22:00:00.000000Z","support":"Grand format","publisher_availability":1,"stock":0,"editions":[],"url":"https:\/\/quaidesbrumes.com\/ouvrage\/9782296003279\/un-economiste-sous-les-cocotiers"},{"id":"9782296003293","title":"Guillaume Apollinaire ; les incertitudes de l'identit\u00e9","description":"Anne Clancier, gr\u00e2ce \u00e0 sa double formation psychanalytique et litt\u00e9raire, d\u00e9c\u00e8le dans les oeuvres des \u00e9crivains les traces de leurs fantasmes inconscients et de leur mythe personnel, selon sa m\u00e9thode fond\u00e9e sur le contre-texte et sur la psychocritique de Charles Mauron. Ses \u00e9tudes \u00e9clairent singuli\u00e8rement l'oeuvre et la psychologie de Guillaume Apollinaire.","authors":["Anne Clancier"],"category_codes":["1000000","1060000","1060100"],"visuals":{"large":"https:\/\/images.epagine.fr\/293\/9782296003293_1_75.jpg","medium":"https:\/\/images.epagine.fr\/293\/9782296003293_1_m.jpg","thumbnail":"https:\/\/images.epagine.fr\/293\/9782296003293_1_v.jpg"},"orderable":true,"show_badge":true,"formatted_price":"16,50&nbsp;\u20ac","formatted_published_date":"2 avril 2006","publisher_availability_label":"Sur commande","short_details":"Anne Clancier \u2014 \u00c9ditions L'Harmattan","translator":null,"weight":218,"page_count":170,"readership":null,"editor":"\u00c9ditions L'Harmattan","price":1650,"published_date":"2006-04-01T22:00:00.000000Z","support":"Grand format","publisher_availability":1,"stock":0,"editions":[],"url":"https:\/\/quaidesbrumes.com\/ouvrage\/9782296003293\/guillaume-apollinaire-les-incertitudes-de-lidentite"},{"id":"9782013436540","title":"Notice sur le soudan francais et le tonkin, apercu de l'agriculture, animaux domestiques - , hygiene","description":"Notice sur le Soudan fran\u00e7ais et le Tonkin, par J. Bourg\u00e8s,... Climatologue, aper\u00e7u de l'agriculture, animaux domestiques, hygi\u00e8ne des \u00e9quid\u00e9s d'importation, pathog\u00e9nie Date de l'\u00e9dition originale : 1893 Sujet de l'ouvrage : TonkinFrance -- Colonies -- Histoire Ce livre est la reproduction fid\u00e8le d'une oeuvre publi\u00e9e avant 1920 et fait partie d'une collection de livres r\u00e9imprim\u00e9s \u00e0 la demande \u00e9dit\u00e9e par Hachette Livre, dans le cadre d'un partenariat avec la Biblioth\u00e8que nationale de France, offrant l'opportunit\u00e9 d'acc\u00e9der \u00e0 des ouvrages anciens et souvent rares issus des fonds patrimoniaux de la BnF.\r\nLes oeuvres faisant partie de cette collection ont \u00e9t\u00e9 num\u00e9ris\u00e9es par la BnF et sont pr\u00e9sentes sur Gallica, sa biblioth\u00e8que num\u00e9rique.\r\n\r\nEn entreprenant de redonner vie \u00e0 ces ouvrages au travers d'une collection de livres r\u00e9imprim\u00e9s \u00e0 la demande, nous leur donnons la possibilit\u00e9 de rencontrer un public \u00e9largi et participons \u00e0 la transmission de connaissances et de savoirs parfois difficilement accessibles.\r\nNous avons cherch\u00e9 \u00e0 concilier la reproduction fid\u00e8le d'un livre ancien \u00e0 partir de sa version num\u00e9ris\u00e9e avec le souci d'un confort de lecture optimal. Nous esp\u00e9rons que les ouvrages de cette nouvelle collection vous apporteront enti\u00e8re satisfaction.\r\n\r\nPour plus d'informations, rendez-vous sur www.hachettebnf.fr http:\/\/gallica.bnf.fr\/ark:\/12148\/bpt6k5781437m","authors":["Bourges J."],"category_codes":["1000000","1060000","1060200"],"visuals":{"large":"https:\/\/images.epagine.fr\/540\/9782013436540_1_75.jpg","medium":"https:\/\/images.epagine.fr\/540\/9782013436540_1_m.jpg","thumbnail":"https:\/\/images.epagine.fr\/540\/9782013436540_1_v.jpg"},"orderable":true,"show_badge":true,"formatted_price":"19,00&nbsp;\u20ac","formatted_published_date":"1er septembre 2014","publisher_availability_label":"Sur commande","short_details":"Bourges J. \u2014 Hachette BNF","translator":null,"weight":278,"page_count":null,"readership":null,"editor":"Hachette BNF","price":1900,"published_date":"2014-08-31T22:00:00.000000Z","support":"Grand format","publisher_availability":1,"stock":0,"editions":[],"url":"https:\/\/quaidesbrumes.com\/ouvrage\/9782013436540\/notice-sur-le-soudan-francais-et-le-tonkin-apercu-de-lagriculture-animaux-domestiques-hygiene"},{"id":"9782296004634","title":"\u00eatre noir africain en suisse ; int\u00e9gration, identit\u00e9, perception et perspectives d'avenir d'une minorit\u00e9 visible","description":"L'immigration noire africaine en Suisse est rotatoire et r\u00e9cente. Elle est accept\u00e9e, tol\u00e9r\u00e9e ou non d\u00e9sir\u00e9e. Un des th\u00e8mes au centre des pr\u00e9occupations de la soci\u00e9t\u00e9 suisse actuelle reste l'image n\u00e9gative des Noirs africains. Ce livre tente d'en analyser les causes, et de faire valoir les facettes inconnues de cette communaut\u00e9 qui laissent d'ordinaire l'opinion indiff\u00e9rente. L'auteur dessine les contours d'une pr\u00e9sence \u00e0 travers quelques caract\u00e9ristiques d'int\u00e9gration, d'identit\u00e9, de liens affectifs ou d'actions avec l'Afrique et des perspectives d'avenir.","authors":["Cikuru Batumike"],"category_codes":["1000000","1060000","1060300"],"visuals":{"large":"https:\/\/images.epagine.fr\/634\/9782296004634_1_75.jpg","medium":"https:\/\/images.epagine.fr\/634\/9782296004634_1_m.jpg","thumbnail":"https:\/\/images.epagine.fr\/634\/9782296004634_1_v.jpg"},"orderable":true,"show_badge":true,"formatted_price":"22,50&nbsp;\u20ac","formatted_published_date":"1er avril 2006","publisher_availability_label":"Sur commande","short_details":"Cikuru Batumike \u2014 \u00c9ditions L'Harmattan","translator":null,"weight":258,"page_count":238,"readership":null,"editor":"\u00c9ditions L'Harmattan","price":2250,"published_date":"2006-03-31T22:00:00.000000Z","support":"Grand format","publisher_availability":1,"stock":0,"editions":[],"url":"https:\/\/quaidesbrumes.com\/ouvrage\/9782296004634\/etre-noir-africain-en-suisse-integration-identite-perception-et-perspectives-davenir-dune-minorite-visible"},{"id":"9782296005280","title":"Facettes de la realite mauritanienne","description":"L'auteur analyse les aspects cruciaux de la vie nationale mauritanienne au cours des trois derni\u00e8res ann\u00e9es du r\u00e8gne du colonel Ould Taya (2003-2005). Des questions centrales comme l'exercice de la d\u00e9mocratie, la justice, l'\u00e9ducation, sont abord\u00e9es sur un ton incisif. Les tares et les dysfonctionnements r\u00e9v\u00e9l\u00e9s ici montrent leur impact n\u00e9gatif sur la bonne marche des institutions du pays, sur son d\u00e9veloppement \u00e9conomique, son \u00e9volution sociale et son essor culturel.","authors":["Ould El Kettab M L."],"category_codes":["9000000","9110000","9110900","9110905"],"visuals":{"large":"https:\/\/images.epagine.fr\/280\/9782296005280_1_75.jpg","medium":"https:\/\/images.epagine.fr\/280\/9782296005280_1_m.jpg","thumbnail":"https:\/\/images.epagine.fr\/280\/9782296005280_1_v.jpg"},"orderable":true,"show_badge":true,"formatted_price":"14,00&nbsp;\u20ac","formatted_published_date":"1er avril 2006","publisher_availability_label":"Sur commande","short_details":"Ould El Kettab M L. \u2014 \u00c9ditions L'Harmattan","translator":null,"weight":194,"page_count":142,"readership":null,"editor":"\u00c9ditions L'Harmattan","price":1400,"published_date":"2006-03-31T22:00:00.000000Z","support":"Grand format","publisher_availability":1,"stock":0,"editions":[],"url":"https:\/\/quaidesbrumes.com\/ouvrage\/9782296005280\/facettes-de-la-realite-mauritanienne"},{"id":"9782847841596","title":"La 107e minute","description":"A la 107e minute de la finale de la coupe du monde de football, l'impensable se produisit. Mais que s'est-il donc pass\u00e9 dans la t\u00eate ( !) de Zin\u00e9dine Zidane pour qu'il prenne le risque de compromettre, \u00e0 dix minutes de la fin de sa carri\u00e8re, son image de Dieu du stade si doux et si \u00e9l\u00e9gantoe Personne, et sans doute pas m\u00eame lui, ne pourra r\u00e9pondre \u00e0 cette question. Cela n'emp\u00eache pas la pol\u00e9mique d'enfler entre ceux que ce geste horrifie au nom de la morale  et ceux qui le comprennent au nom de l'honneur. Quoiqu'on en pense ce geste a eu lieu et il oblige \u00e0 s'interroger sur le spectacle, le jeu, l'honneur et les femmes. Anne Delb\u00e9e n'est ni sportive, ni fan des \" bleus \", ni journaliste \u00e0 l'Equipe. Alors pourquoi elle ? Parce que c'est une femme de th\u00e9\u00e2tre. Or cette finale est peut-\u00eatre le plus grand spectacle de tous les temps si on prend en compte la dimension de la sc\u00e8ne et le nombre de spectateurs.  Spectacle moderne et si traditionnel \u00e0 la fois, car des sportifs dans une ar\u00e8ne, on conna\u00eet cela depuis l'antiquit\u00e9. Parce qu'il fut atteint  dans son honneur, parce que les mots valent plus que les gestes, \u00e0 la 107e minute Zin\u00e9dine Zidane  arr\u00eata -litt\u00e9ralement- de jouer le jeu.   Ce soir l\u00e0 rejoignant Hector et Antigone, les h\u00e9ros tragiques, il nous rappelle que chacun d'entre nous, \u00e0 un instant de sa vie, est  confront\u00e9 \u00e0 son destin. Il doit alors choisir entre la loi des hommes et sa V\u00e9rit\u00e9. C'est de tout cela dont parle Anne Delb\u00e9e, avec des mots simples, dans un texte dense destin\u00e9 au grand public.","authors":["Anne Delb\u00e9e"],"category_codes":["1000000","1060000","1060300"],"visuals":{"large":"https:\/\/images.epagine.fr\/596\/9782847841596_1_75.jpg","medium":"https:\/\/images.epagine.fr\/596\/9782847841596_1_m.jpg","thumbnail":"https:\/\/images.epagine.fr\/596\/9782847841596_1_v.jpg"},"orderable":true,"show_badge":true,"formatted_price":"12,00&nbsp;\u20ac","formatted_published_date":"5 octobre 2006","publisher_availability_label":"Sur commande","short_details":"Anne Delb\u00e9e \u2014 Les Quatre Chemins","translator":null,"weight":116,"page_count":109,"readership":null,"editor":"Les Quatre Chemins","price":1200,"published_date":"2006-10-04T22:00:00.000000Z","support":"Grand format","publisher_availability":1,"stock":0,"editions":[],"url":"https:\/\/quaidesbrumes.com\/ouvrage\/9782847841596\/la-107e-minute"},{"id":"9782825709283","title":"Prisons et mutations p\u00e9nales","description":null,"authors":["Collectif"],"category_codes":["1000000","1060000","1060300"],"visuals":{"large":"https:\/\/images.epagine.fr\/283\/9782825709283_1_75.jpg","medium":"https:\/\/images.epagine.fr\/283\/9782825709283_1_m.jpg","thumbnail":"https:\/\/images.epagine.fr\/283\/9782825709283_1_v.jpg"},"orderable":true,"show_badge":true,"formatted_price":"20,00&nbsp;\u20ac","formatted_published_date":"11 octobre 2006","publisher_availability_label":"Sur commande","short_details":"Collectif \u2014 Georg","translator":null,"weight":302,"page_count":150,"readership":null,"editor":"Georg","price":2000,"published_date":"2006-10-10T22:00:00.000000Z","support":"Grand format","publisher_availability":1,"stock":0,"editions":[],"url":"https:\/\/quaidesbrumes.com\/ouvrage\/9782825709283\/prisons-et-mutations-penales"}]}