{"data":[{"id":"9782747598354","title":"Renaissance africaine - une experience d'adoption au cameroun","description":"Bertrand et Marie-Jo d\u00e9barquent \u00e0 Yaound\u00e9. Ils sont venus adopter un enfant. Ce sera Juliette. Cette Afrique, ce Cameroun aux mille couleurs, o\u00f9 est n\u00e9e Juliette, viendra au fil des pages bouleverser une vie, faire chavirer une histoire. L'auteur, malgr\u00e9 lui, explorera le coeur de cette terre, pour que d'un lieu d'un autre temps, d'un autre continent, naisse une amiti\u00e9. Pour que surgisse, douloureusement, la fin d'une r\u00e9alit\u00e9 de parents, qui avaient cru serrer leur enfant dans un monde inconnu fait d'amour et de haine.\r","authors":["Bertrand Rigagneau"],"category_codes":["1000000","1060000"],"visuals":{"large":"https:\/\/images.epagine.fr\/354\/9782747598354_1_75.jpg","medium":"https:\/\/images.epagine.fr\/354\/9782747598354_1_m.jpg","thumbnail":"https:\/\/images.epagine.fr\/354\/9782747598354_1_v.jpg"},"orderable":true,"show_badge":true,"formatted_price":"25,00&nbsp;\u20ac","formatted_published_date":"15 janvier 2006","publisher_availability_label":"Sur commande","short_details":"Bertrand Rigagneau \u2014 \u00c9ditions L'Harmattan","translator":null,"weight":365,"page_count":260,"readership":null,"editor":"\u00c9ditions L'Harmattan","price":2500,"published_date":"2006-01-14T23:00:00.000000Z","support":"Grand format","publisher_availability":1,"stock":0,"editions":[],"url":"https:\/\/quaidesbrumes.com\/ouvrage\/9782747598354\/renaissance-africaine-une-experience-dadoption-au-cameroun"},{"id":"9782846981736","title":"Fran\u00e7ois coty ; pionnier de la parfumerie sous la IIIe r\u00e9publique","description":"N\u00e9 Fran\u00e7ois Spoturno, Fran\u00e7ois Coty, ce capitaine d.industrie vers\u00e9 dans la politique fut l'inventeur de la parfumerie moderne industrielle. D\u00e8s 1919, sa fortune est immense. Il va la mettre au service de la politique et de la Corse, jusqu'\u00e0 acc\u00e9der \u00e0 la mairie d.Ajaccio en 1933. Premier magnat de la presse fran\u00e7aise, il prend le\r\ncontr\u00f4le du Figaro et du Gaulois, cr\u00e9e l'Ami du Peuple et aide la revue autonomiste A Muvra dans l'entre-deux-guerres. Ses prises de positions politiques le situent \u00e0 droite (bonapariste) et \u00e0 l'extr\u00eame-droite, ce qui ne l'emp\u00eache pas d'aider certains hommes de gauche. Son itin\u00e9raire est retrac\u00e9 ici, dans le contexte des ann\u00e9es d'effervescence d'apr\u00e8s-guerre, dans le cadre d.un travail rigoureux d.historien.\r","authors":["Sicard-Picchiottino"],"category_codes":["1000000","1060000","1060100"],"visuals":{"large":"https:\/\/images.epagine.fr\/736\/9782846981736_1_75.jpg","medium":"https:\/\/images.epagine.fr\/736\/9782846981736_1_m.jpg","thumbnail":"https:\/\/images.epagine.fr\/736\/9782846981736_1_v.jpg"},"orderable":true,"show_badge":true,"formatted_price":"19,00&nbsp;\u20ac","formatted_published_date":"7 septembre 2006","publisher_availability_label":"Sur commande","short_details":"Sicard-Picchiottino \u2014 Albiana","translator":null,"weight":652,"page_count":313,"readership":null,"editor":"Albiana","price":1900,"published_date":"2006-09-06T22:00:00.000000Z","support":"Grand format","publisher_availability":1,"stock":0,"editions":[],"url":"https:\/\/quaidesbrumes.com\/ouvrage\/9782846981736\/francois-coty-pionnier-de-la-parfumerie-sous-la-iiie-republique"},{"id":"9782702136560","title":"Sur le dos des hippopotames ; une vie de n\u00e8gre","description":"Comment \u00eatre noir dans la France d'aujourd'hui ? \u00c0 travers son propre parcours, Serge Bil\u00e9 propose des \u00e9l\u00e9ments de r\u00e9ponses aux questions que tout le monde se pose.   De la C\u00f4te d'Ivoire de son enfance au chaos actuel de ce pays, de la province fran\u00e7aise des ann\u00e9es soixante-dix o\u00f9 il a grandi \u00e0 l'embrasement des cit\u00e9s, des probl\u00e8mes de carte de s\u00e9jour \u00e0 la recherche de sa vraie place dans la France actuelle... , Sur le dos des hippopotames est d'abord un r\u00e9cit dont chaque \u00e9tape (l'\u00e9cole de journalisme de Lille, la prison \u00e0 Poitiers et \u00e0 Abidjan, les rencontres avec Houphou\u00ebt-Boigny ou Aim\u00e9 C\u00e9saire... ) permet de mesurer les bouleversements de la communaut\u00e9 noire depuis trente ans.    Citant leurs interrogations : \u00ab Les Noirs sont-ils des Fran\u00e7ais \u00e0 part enti\u00e8re, ou des Fran\u00e7ais enti\u00e8rement \u00e0 part ? \u00bb, Serge Bil\u00e9 affirme que la France ne peut aujourd'hui choisir qu'une seule voie, celle d'une r\u00e9volution pacifique des mentalit\u00e9s, respectant l'histoire de chacun et permettant \u00e0 tous de vivre ensemble. C'est la conviction qu'exprime avec force Sur le dos des hippopotames. ?","authors":["Serge Bil\u00e9"],"category_codes":["1000000","1060000","1060100"],"visuals":{"large":"https:\/\/images.epagine.fr\/560\/9782702136560_1_75.jpg","medium":"https:\/\/images.epagine.fr\/560\/9782702136560_1_m.jpg","thumbnail":"https:\/\/images.epagine.fr\/560\/9782702136560_1_v.jpg"},"orderable":true,"show_badge":true,"formatted_price":"19,20&nbsp;\u20ac","formatted_published_date":"19 avril 2006","publisher_availability_label":"Sur commande","short_details":"Serge Bil\u00e9 \u2014 Calmann-L\u00e9vy","translator":null,"weight":260,"page_count":212,"readership":null,"editor":"Calmann-L\u00e9vy","price":1920,"published_date":"2006-04-18T22:00:00.000000Z","support":"Grand format","publisher_availability":1,"stock":0,"editions":[],"url":"https:\/\/quaidesbrumes.com\/ouvrage\/9782702136560\/sur-le-dos-des-hippopotames-une-vie-de-negre"},{"id":"9782296000605","title":"Dieu aime-t-il l'argent ? don, pi\u00e9t\u00e9 et utopie sociale chez les catholiques en France","description":"Depuis la s\u00e9paration de 1905, les paroisses catholiques subsistent gr\u00e2ce aux dons des fid\u00e8les : s'agit-il d'acheter la bienveillance de Dieu ? De r\u00e9mun\u00e9rer le clerg\u00e9 oe. A partir d'une enqu\u00eate sur les finances de six paroisses catholiques en France, l'auteur pr\u00e9sente une analyse sociologique originale des fid\u00e8les croyants. Dans une deuxi\u00e8me partie, l'auteur montre comment  le don d'argent porte la dimension contestataire de la soci\u00e9t\u00e9 mon\u00e9taire et peut incarner la dimension utopique.\r","authors":["Nicolas de Bremond d'ars"],"category_codes":["1000000","1060000","1060300"],"visuals":{"large":"https:\/\/images.epagine.fr\/605\/9782296000605_1_75.jpg","medium":"https:\/\/images.epagine.fr\/605\/9782296000605_1_m.jpg","thumbnail":"https:\/\/images.epagine.fr\/605\/9782296000605_1_v.jpg"},"orderable":true,"show_badge":true,"formatted_price":"29,50&nbsp;\u20ac","formatted_published_date":"1er f\u00e9vrier 2006","publisher_availability_label":"Sur commande","short_details":"Nicolas de Bremond d'ars \u2014 \u00c9ditions L'Harmattan","translator":null,"weight":410,"page_count":322,"readership":null,"editor":"\u00c9ditions L'Harmattan","price":2950,"published_date":"2006-01-31T23:00:00.000000Z","support":"Grand format","publisher_availability":1,"stock":0,"editions":[],"url":"https:\/\/quaidesbrumes.com\/ouvrage\/9782296000605\/dieu-aime-t-il-largent-don-piete-et-utopie-sociale-chez-les-catholiques-en-france"},{"id":"9782296003217","title":"De smara a smara - sur les traces de michel vieuchange - hors serie n  4","description":"Le 1er novembre 1930, Michel Vieuchange p\u00e9n\u00e9trait dans Smara, la cit\u00e9 interdite du vieux cheikh de l'Ouest saharien, Ma el A\u00efnin. Le 30 novembre, terrass\u00e9 par la dysenterie, il mourait dans les bras de son fr\u00e8re Jean. Deux ans plus tard, Jean Vieuchange assurait la publication de ses notes de voyages. Rapidement, le texte fait le tout du monde avant de tomber dans l'oubli. Ce t\u00e9moignage relate le parcours entrepris par Patrick Adam et Mohamed Ayoubi pour aller au-devant de ce vieux livre et remonter le cours d'une aventure toujours inscrite dans la poussi\u00e8re du d\u00e9sert.\r","authors":["Patrick Adam"],"category_codes":["1000000","1060000"],"visuals":{"large":"https:\/\/images.epagine.fr\/217\/9782296003217_1_75.jpg","medium":"https:\/\/images.epagine.fr\/217\/9782296003217_1_m.jpg","thumbnail":"https:\/\/images.epagine.fr\/217\/9782296003217_1_v.jpg"},"orderable":true,"show_badge":true,"formatted_price":"19,50&nbsp;\u20ac","formatted_published_date":"1er mars 2006","publisher_availability_label":"Sur commande","short_details":"Patrick Adam \u2014 \u00c9ditions L'Harmattan","translator":null,"weight":212,"page_count":210,"readership":null,"editor":"\u00c9ditions L'Harmattan","price":1950,"published_date":"2006-02-28T23:00:00.000000Z","support":"Grand format","publisher_availability":1,"stock":0,"editions":[],"url":"https:\/\/quaidesbrumes.com\/ouvrage\/9782296003217\/de-smara-a-smara-sur-les-traces-de-michel-vieuchange-hors-serie-n-4"},{"id":"9782747598866","title":"Reflexions et scenes de vie d'un artiste contemporain - l'atelier selon luc","description":"Yves Alca\u00efs tente ici de clarifier le rapport intime qu'entretient l'artiste avec son art et de s'interroger sur ce que pourrait \u00eatre l'acte de cr\u00e9ation. Une approche simple en apparence pour quelqu'un qui vit quotidiennement de l'int\u00e9rieur cette exp\u00e9rience. Un t\u00e9moignage vivant de ce qu'est la vie d'un atelier d'artiste en France \u00e0 l'or\u00e9e du XXI\u00e8me si\u00e8cle.\r","authors":["Yves Alca\u00efs"],"category_codes":["1000000","1060000"],"visuals":{"large":"https:\/\/images.epagine.fr\/866\/9782747598866_1_75.jpg","medium":"https:\/\/images.epagine.fr\/866\/9782747598866_1_m.jpg","thumbnail":"https:\/\/images.epagine.fr\/866\/9782747598866_1_v.jpg"},"orderable":true,"show_badge":true,"formatted_price":"24,00&nbsp;\u20ac","formatted_published_date":"1er f\u00e9vrier 2006","publisher_availability_label":"Sur commande","short_details":"Yves Alca\u00efs \u2014 \u00c9ditions L'Harmattan","translator":null,"weight":258,"page_count":null,"readership":null,"editor":"\u00c9ditions L'Harmattan","price":2400,"published_date":"2006-01-31T23:00:00.000000Z","support":"Grand format","publisher_availability":1,"stock":0,"editions":[],"url":"https:\/\/quaidesbrumes.com\/ouvrage\/9782747598866\/reflexions-et-scenes-de-vie-dun-artiste-contemporain-latelier-selon-luc"},{"id":"9782296015937","title":"Les communaut\u00e9s eccl\u00e9siales de base au br\u00e9sil","description":"Les Communaut\u00e9s eccl\u00e9siales de base (Ceb) au Br\u00e9sil sont n\u00e9es dans une des p\u00e9riodes les plus f\u00e9condes du catholicisme latino-am\u00e9ricain (autour du concile Vatican II). L'ouvrage aborde les racines historiques des Ceb qui furent \u00e0 l'origine de l'\u00e9mergence d'une s\u00e9rie de mouvements sociaux jouant un r\u00f4le important dans les luttes socio-politiques \u00e0 l'int\u00e9rieur de la soci\u00e9t\u00e9 br\u00e9silienne. Les Ceb sont devenues un mod\u00e8le alternatif o\u00f9 les la\u00efcs deviennent les protagonistes de l'action de l'Eglise. Voici un exemple d'interaction entre religion et soci\u00e9t\u00e9.\r","authors":["Maurice Alv\u00e8s rodrigu\u00e8s"],"category_codes":["1000000","1060000","1060300"],"visuals":{"large":"https:\/\/images.epagine.fr\/937\/9782296015937_1_75.jpg","medium":"https:\/\/images.epagine.fr\/937\/9782296015937_1_m.jpg","thumbnail":"https:\/\/images.epagine.fr\/937\/9782296015937_1_v.jpg"},"orderable":true,"show_badge":true,"formatted_price":"24,50&nbsp;\u20ac","formatted_published_date":"15 novembre 2006","publisher_availability_label":"Sur commande","short_details":"Maurice Alv\u00e8s rodrigu\u00e8s \u2014 \u00c9ditions L'Harmattan","translator":null,"weight":410,"page_count":254,"readership":null,"editor":"\u00c9ditions L'Harmattan","price":2450,"published_date":"2006-11-14T23:00:00.000000Z","support":"Grand format","publisher_availability":1,"stock":0,"editions":[],"url":"https:\/\/quaidesbrumes.com\/ouvrage\/9782296015937\/les-communautes-ecclesiales-de-base-au-bresil"},{"id":"9782296001015","title":"Television francaise la saison 2006 - une analyse des programmes du 1er septembre 2004 au 31 aout 20","description":"La Saison 2006 propose un panorama raisonn\u00e9 et critique d'une ann\u00e9e de t\u00e9l\u00e9vision \u00e0 travers fictions et documentaires, avec de nombreuses photos en noir et blanc. On y trouve aussi une rubrique t\u00e9l\u00e9vision en livres, revues et DVD, un index des r\u00e9alisateurs, auteurs et compositeurs, les listes compl\u00e8tes des fictions et documentaires et des fiches et notes les concernant.\r","authors":["Christian Boss\u00e9no"],"category_codes":["9000000","9100000","9100400"],"visuals":{"large":"https:\/\/images.epagine.fr\/015\/9782296001015_1_75.jpg","medium":"https:\/\/images.epagine.fr\/015\/9782296001015_1_m.jpg","thumbnail":"https:\/\/images.epagine.fr\/015\/9782296001015_1_v.jpg"},"orderable":true,"show_badge":true,"formatted_price":"35,50&nbsp;\u20ac","formatted_published_date":"1er f\u00e9vrier 2006","publisher_availability_label":"Sur commande","short_details":"Christian Boss\u00e9no \u2014 \u00c9ditions L'Harmattan","translator":null,"weight":970,"page_count":300,"readership":null,"editor":"\u00c9ditions L'Harmattan","price":3550,"published_date":"2006-01-31T23:00:00.000000Z","support":"Grand format","publisher_availability":1,"stock":0,"editions":[],"url":"https:\/\/quaidesbrumes.com\/ouvrage\/9782296001015\/television-francaise-la-saison-2006-une-analyse-des-programmes-du-1er-septembre-2004-au-31-aout-20"},{"id":"9782296002661","title":"Associations la\u00efques et confessionnelles ; identit\u00e9s et valeurs","description":"Que deviennent les associations la\u00efques ou confessionnelles lorsqu'elles tendent \u00e0 promouvoir des valeurs de plus en plus convergentes, telles que la solidarit\u00e9, la tol\u00e9rance, l'\u00e9galit\u00e9 et la libert\u00e9 individuelleoe Ces convergences impliquent-elles un affaiblissement de leur identit\u00e9 sp\u00e9cifique ou s'appuient-elles au contraire sur leur valorisationoe Le pluralisme religieux et culturel de la soci\u00e9t\u00e9 fran\u00e7aise constitue pour ces associations un cadre oblig\u00e9 \u00e0 partir duquel se recomposent les identit\u00e9s individuelles et collectives.uu\r","authors":["Martine Cohen"],"category_codes":["1000000","1060000","1060300"],"visuals":{"large":"https:\/\/images.epagine.fr\/661\/9782296002661_1_75.jpg","medium":"https:\/\/images.epagine.fr\/661\/9782296002661_1_m.jpg","thumbnail":"https:\/\/images.epagine.fr\/661\/9782296002661_1_v.jpg"},"orderable":true,"show_badge":true,"formatted_price":"17,50&nbsp;\u20ac","formatted_published_date":"1er mai 2006","publisher_availability_label":"Sur commande","short_details":"Martine Cohen \u2014 \u00c9ditions L'Harmattan","translator":null,"weight":264,"page_count":192,"readership":null,"editor":"\u00c9ditions L'Harmattan","price":1750,"published_date":"2006-04-30T22:00:00.000000Z","support":"Grand format","publisher_availability":1,"stock":0,"editions":[],"url":"https:\/\/quaidesbrumes.com\/ouvrage\/9782296002661\/associations-laiques-et-confessionnelles-identites-et-valeurs"},{"id":"9782296005082","title":"Naitre et grandir au mali - tacharane","description":"Annick Castan-Pons est infirmi\u00e8re depuis 25 ans. Au cours d'un s\u00e9jour dans un village malien en 2004, la rencontre avec Bouchira, une petite fille \u00e2g\u00e9e de 2 ans, hospitalis\u00e9e dans un \u00e9tat grave, va bouleverser sa vie. Elle raconte ici les diff\u00e9rents s\u00e9jours qu'elle a effectu\u00e9s \u00e0 Tacharane. Suite \u00e0 des exp\u00e9riences parfois p\u00e9nibles, confront\u00e9e au probl\u00e8me de la malnutrition infantile, l'auteur fondera l'association Ka Hagna qui veut dire \"Vient manger\" en Songha\u00ef, afin d'am\u00e9liorer les conditions sanitaires et alimentaires de ces enfants.\r","authors":["Annick Castan-Pons"],"category_codes":["1000000","1060000"],"visuals":{"large":"https:\/\/images.epagine.fr\/082\/9782296005082_1_75.jpg","medium":"https:\/\/images.epagine.fr\/082\/9782296005082_1_m.jpg","thumbnail":"https:\/\/images.epagine.fr\/082\/9782296005082_1_v.jpg"},"orderable":true,"show_badge":true,"formatted_price":"14,50&nbsp;\u20ac","formatted_published_date":"2 mai 2006","publisher_availability_label":"Sur commande","short_details":"Annick Castan-Pons \u2014 \u00c9ditions L'Harmattan","translator":null,"weight":170,"page_count":147,"readership":null,"editor":"\u00c9ditions L'Harmattan","price":1450,"published_date":"2006-05-01T22:00:00.000000Z","support":"Grand format","publisher_availability":1,"stock":0,"editions":[],"url":"https:\/\/quaidesbrumes.com\/ouvrage\/9782296005082\/naitre-et-grandir-au-mali-tacharane"},{"id":"9782296006768","title":"Federico garcia lorca - images de feu, images de sang","description":"Le monde de Lorca est domin\u00e9 par les passions. Le feu illumine l'oeuvre du po\u00e8te. Il enflamme les personnages saisis par la passion, consume ceux qui se d\u00e9battent dans la prison des conventions sociales et devient fleur de sang lorsque la mort, souvent violente, vient d\u00e9nouer les trag\u00e9dies. Les images de feu et de sang rattachent l'oeuvre du po\u00e8te \u00e0 la tradition espagnole mais elles transcendent cette particularit\u00e9 pour atteindre l'universel \u00e0 travers le mythe de l'union des contraires, clef de l'oeuvre lorquienne.\r","authors":["Lebuisson Claude"],"category_codes":["9000000","9070000","9070200"],"visuals":{"large":"https:\/\/images.epagine.fr\/768\/9782296006768_1_75.jpg","medium":"https:\/\/images.epagine.fr\/768\/9782296006768_1_m.jpg","thumbnail":"https:\/\/images.epagine.fr\/768\/9782296006768_1_v.jpg"},"orderable":true,"show_badge":true,"formatted_price":"12,00&nbsp;\u20ac","formatted_published_date":"2 mai 2006","publisher_availability_label":"Sur commande","short_details":"Lebuisson Claude \u2014 \u00c9ditions L'Harmattan","translator":null,"weight":100,"page_count":81,"readership":null,"editor":"\u00c9ditions L'Harmattan","price":1200,"published_date":"2006-05-01T22:00:00.000000Z","support":"Grand format","publisher_availability":1,"stock":0,"editions":[],"url":"https:\/\/quaidesbrumes.com\/ouvrage\/9782296006768\/federico-garcia-lorca-images-de-feu-images-de-sang"},{"id":"9782296003842","title":"Vagabondages a travers le congo, la centrafrique et ailleurs...","description":"A travers ce texte, l'auteur nous conte les suites de ses aventures pittoresques \u00e0 travers le monde en s'attardant sur la partie souvent anecdotique des voyages. C'est ainsi que le lecteur navigue sur les cours d'eau les plus recul\u00e9s de l'Afrique \u00e9quatoriale (Haut-Oubangui, U\u00e9l\u00e9, Mbomou...) pour se retrouver quelques pages plus loin \u00e0 Moscou en 1961, ou en discussion avec l'Afrika Korps en Tunisie en 1942.Le lecteur devient \"acteur\" de l'Ind\u00e9pendance du Congo, navigateur en Extr\u00eame Orient. R\u00e9cits piquants, vari\u00e9s, teint\u00e9s d'humour.\r","authors":["Jacques Charpentier"],"category_codes":["1000000","1060000"],"visuals":{"large":"https:\/\/images.epagine.fr\/842\/9782296003842_1_75.jpg","medium":"https:\/\/images.epagine.fr\/842\/9782296003842_1_m.jpg","thumbnail":"https:\/\/images.epagine.fr\/842\/9782296003842_1_v.jpg"},"orderable":true,"show_badge":true,"formatted_price":"14,50&nbsp;\u20ac","formatted_published_date":"2 mars 2006","publisher_availability_label":"Sur commande","short_details":"Jacques Charpentier \u2014 \u00c9ditions L'Harmattan","translator":null,"weight":206,"page_count":null,"readership":null,"editor":"\u00c9ditions L'Harmattan","price":1450,"published_date":"2006-03-01T23:00:00.000000Z","support":"Grand format","publisher_availability":1,"stock":0,"editions":[],"url":"https:\/\/quaidesbrumes.com\/ouvrage\/9782296003842\/vagabondages-a-travers-le-congo-la-centrafrique-et-ailleurs"},{"id":"9782747592482","title":"A corps et a cris","description":"B\u00e9b\u00e9 cyanos\u00e9, enfant dyslexique, illettr\u00e9 et fugueur, l'auteur tombe ensuite dans la spirale de l'alcoolisme et de la folie. Entre une m\u00e8re trop t\u00f4t disparue et un p\u00e8re violent, la volont\u00e9 de se d\u00e9truire a pris le pas sur son envie de vivre. Il a beaucoup cri\u00e9 sans se faire entendre, il \u00e9crit aujourd'hui : lorsqu'il y a eu les cris, la dyslexie, l'alcool et l'illettrisme, sans pr\u00e9tention, \u00e9crire sa vie, c'est possible.\r","authors":["Fran\u00e7ois Chaput"],"category_codes":["1000000","1060000"],"visuals":{"large":"https:\/\/images.epagine.fr\/482\/9782747592482_1_75.jpg","medium":"https:\/\/images.epagine.fr\/482\/9782747592482_1_m.jpg","thumbnail":"https:\/\/images.epagine.fr\/482\/9782747592482_1_v.jpg"},"orderable":true,"show_badge":true,"formatted_price":"13,00&nbsp;\u20ac","formatted_published_date":"2 mai 2006","publisher_availability_label":"Sur commande","short_details":"Fran\u00e7ois Chaput \u2014 \u00c9ditions L'Harmattan","translator":null,"weight":134,"page_count":119,"readership":null,"editor":"\u00c9ditions L'Harmattan","price":1300,"published_date":"2006-05-01T22:00:00.000000Z","support":"Grand format","publisher_availability":1,"stock":0,"editions":[],"url":"https:\/\/quaidesbrumes.com\/ouvrage\/9782747592482\/a-corps-et-a-cris"},{"id":"9782296006133","title":"Communication et medias en france et en allemagne","description":"Ce livre fait le point de la recherche dans les sciences de l'information, de la communication et des m\u00e9dias en France et en Allemagne. Les textes propos\u00e9s par des grands noms de la discipline de chaque c\u00f4t\u00e9 du Rhin ont une dimension souvent \u00e0 la fois historique et synth\u00e9tique et permettent de voir la similarit\u00e9, la compl\u00e9mentarit\u00e9, les diff\u00e9rences, voire l'opposition des approches dans les deux pays. Voici un pont jet\u00e9 entre deux cultures scientifiques.\r","authors":["Philippe Viallon"],"category_codes":["9000000","9100000","9100400"],"visuals":{"large":"https:\/\/images.epagine.fr\/133\/9782296006133_1_75.jpg","medium":"https:\/\/images.epagine.fr\/133\/9782296006133_1_m.jpg","thumbnail":"https:\/\/images.epagine.fr\/133\/9782296006133_1_v.jpg"},"orderable":true,"show_badge":true,"formatted_price":"33,50&nbsp;\u20ac","formatted_published_date":"1er mai 2006","publisher_availability_label":"Sur commande","short_details":"Philippe Viallon \u2014 \u00c9ditions L'Harmattan","translator":null,"weight":502,"page_count":368,"readership":null,"editor":"\u00c9ditions L'Harmattan","price":3350,"published_date":"2006-04-30T22:00:00.000000Z","support":"Grand format","publisher_availability":1,"stock":0,"editions":[],"url":"https:\/\/quaidesbrumes.com\/ouvrage\/9782296006133\/communication-et-medias-en-france-et-en-allemagne"},{"id":"9782012528765","title":"Catalogue g\u00e9n\u00e9ral des manuscrits des biblioth\u00e8ques publiques des d\u00e9partements. T I.Autun, (\u00c9d.1849)","description":"Catalogue g\u00e9n\u00e9ral des manuscrits des biblioth\u00e8ques publiques des d\u00e9partements, publi\u00e9 sous les auspices du ministre de l'Instruction publique. Tome I. [Autun, par G. Libri, revu par M. Ravaisson. Laon, par F\u00e9lix Ravaisson. Montpellier, par G. Libri. Albi, par G. Libri.]. Tome 1\r\nDate de l'\u00e9dition originale : 1849\r\n\r\nLe pr\u00e9sent ouvrage s'inscrit dans une politique de conservation patrimoniale des ouvrages de la litt\u00e9rature Fran\u00e7aise mise en place avec la BNF.\r\nHACHETTE LIVRE et la BNF proposent ainsi un catalogue de titres indisponibles, la BNF ayant num\u00e9ris\u00e9 ces oeuvres et HACHETTE LIVRE les imprimant \u00e0 la demande.\r\nCertains de ces ouvrages refl\u00e8tent des courants de pens\u00e9e caract\u00e9ristiques de leur \u00e9poque, mais qui seraient aujourd'hui jug\u00e9s condamnables.\r\nIls n'en appartiennent pas moins \u00e0 l'histoire des id\u00e9es en France et sont susceptibles de pr\u00e9senter un int\u00e9r\u00eat scientifique ou historique.\r\nLe sens de notre d\u00e9marche \u00e9ditoriale consiste ainsi \u00e0 permettre l'acc\u00e8s \u00e0 ces oeuvres sans pour autant que nous en cautionnions en aucune fa\u00e7on le contenu.\r\n\r\nPour plus d'informations, rendez-vous sur www.hachettebnf.fr","authors":["F\u00e9lix Ravaisson"],"category_codes":["1000000","1060000","1060200"],"visuals":{"large":"https:\/\/images.epagine.fr\/765\/9782012528765_1_75.jpg","medium":"https:\/\/images.epagine.fr\/765\/9782012528765_1_m.jpg","thumbnail":"https:\/\/images.epagine.fr\/765\/9782012528765_1_v.jpg"},"orderable":true,"show_badge":true,"formatted_price":"46,00&nbsp;\u20ac","formatted_published_date":"1er juin 2012","publisher_availability_label":"Sur commande","short_details":"F\u00e9lix Ravaisson \u2014 Hachette BNF","translator":null,"weight":1274,"page_count":927,"readership":null,"editor":"Hachette BNF","price":4600,"published_date":"2012-05-31T22:00:00.000000Z","support":"Grand format","publisher_availability":1,"stock":0,"editions":[],"url":"https:\/\/quaidesbrumes.com\/ouvrage\/9782012528765\/catalogue-general-des-manuscrits-des-bibliotheques-publiques-des-departements-t-iautun-ed1849"},{"id":"9782296004429","title":"Les sillons d'une endurance","description":"Pour surmonter les obstacles qui s'opposent \u00e0 lui dans sa qu\u00eate du bonheur, Ti\u00e8gu\u00e9l\u00e9 doit se battre contre un conglom\u00e9rat de conspirateurs diaboliques... L'auteur d\u00e9nonce ici l'une des faces cach\u00e9es de la vie sociale en milieu traditionnel dioula d'Afrique occidentale subsaharienne : le sort impitoyable r\u00e9serv\u00e9 aux enfants orphelins, qu'on laisse v\u00e9g\u00e9ter dans la mis\u00e8re sociale. Cette satire est aussi le moyen d'aborder d'autres fl\u00e9aux (l\u00e9virat, mariage par troc, charlatanisme, polygamie...) qui minent la soci\u00e9t\u00e9 africaine.\r","authors":["Arouna Diabate"],"category_codes":["1000000","1010000"],"visuals":{"large":"https:\/\/images.epagine.fr\/429\/9782296004429_1_75.jpg","medium":"https:\/\/images.epagine.fr\/429\/9782296004429_1_m.jpg","thumbnail":"https:\/\/images.epagine.fr\/429\/9782296004429_1_v.jpg"},"orderable":true,"show_badge":true,"formatted_price":"19,50&nbsp;\u20ac","formatted_published_date":"2 avril 2006","publisher_availability_label":"Sur commande","short_details":"Arouna Diabate \u2014 \u00c9ditions L'Harmattan","translator":null,"weight":274,"page_count":191,"readership":null,"editor":"\u00c9ditions L'Harmattan","price":1950,"published_date":"2006-04-01T22:00:00.000000Z","support":"Grand format","publisher_availability":1,"stock":0,"editions":[],"url":"https:\/\/quaidesbrumes.com\/ouvrage\/9782296004429\/les-sillons-dune-endurance"},{"id":"9782012528772","title":"Catalogue g\u00e9n\u00e9ral des manuscrits fran\u00e7ais : Ancien Saint-Germain fran\u00e7ais (\u00c9d.1898-1900)","description":"Catalogue g\u00e9n\u00e9ral des manuscrits fran\u00e7ais : Ancien Saint-Germain fran\u00e7ais \/ Biblioth\u00e8que nationale ; par Henri Omont... ; avec la collab. de C. Couderc, L. Auvray et Ch. de La Ronci\u00e8re\r\nDate de l'\u00e9dition originale : 1898-1900\r\nSujet de l'ouvrage : Manuscrits fran\u00e7ais -- CataloguesBiblioth\u00e8que nationale de France. D\u00e9partement des manuscrits -- Catalogues\r\n\r\nLe pr\u00e9sent ouvrage s'inscrit dans une politique de conservation patrimoniale des ouvrages de la litt\u00e9rature Fran\u00e7aise mise en place avec la BNF.\r\nHACHETTE LIVRE et la BNF proposent ainsi un catalogue de titres indisponibles, la BNF ayant num\u00e9ris\u00e9 ces oeuvres et HACHETTE LIVRE les imprimant \u00e0 la demande.\r\nCertains de ces ouvrages refl\u00e8tent des courants de pens\u00e9e caract\u00e9ristiques de leur \u00e9poque, mais qui seraient aujourd'hui jug\u00e9s condamnables.\r\nIls n'en appartiennent pas moins \u00e0 l'histoire des id\u00e9es en France et sont susceptibles de pr\u00e9senter un int\u00e9r\u00eat scientifique ou historique.\r\nLe sens de notre d\u00e9marche \u00e9ditoriale consiste ainsi \u00e0 permettre l'acc\u00e8s \u00e0 ces oeuvres sans pour autant que nous en cautionnions en aucune fa\u00e7on le contenu.\r\n\r\nPour plus d'informations, rendez-vous sur www.hachettebnf.fr","authors":["Bibliotheque Nationa"],"category_codes":["1000000","1060000"],"visuals":{"large":"https:\/\/images.epagine.fr\/772\/9782012528772_1_75.jpg","medium":"https:\/\/images.epagine.fr\/772\/9782012528772_1_m.jpg","thumbnail":"https:\/\/images.epagine.fr\/772\/9782012528772_1_v.jpg"},"orderable":true,"show_badge":true,"formatted_price":"33,00&nbsp;\u20ac","formatted_published_date":"1er juin 2012","publisher_availability_label":"Sur commande","short_details":"Bibliotheque Nationa \u2014 Hachette BNF","translator":null,"weight":798,"page_count":574,"readership":null,"editor":"Hachette BNF","price":3300,"published_date":"2012-05-31T22:00:00.000000Z","support":"Grand format","publisher_availability":1,"stock":0,"editions":[],"url":"https:\/\/quaidesbrumes.com\/ouvrage\/9782012528772\/catalogue-general-des-manuscrits-francais-ancien-saint-germain-francais-ed1898-1900"},{"id":"9782013436441","title":"Note sur les travaux du port de saint-pierre par un creole de l'ile de la reunion","description":"Note sur les travaux du port de Saint-Pierre ; par un cr\u00e9ole de l'\u00eele de la R\u00e9union Date de l'\u00e9dition originale : 1862 Sujet de l'ouvrage : R\u00e9unionFrance -- Colonies -- HistoireAfrique -- Histoire Ce livre est la reproduction fid\u00e8le d'une oeuvre publi\u00e9e avant 1920 et fait partie d'une collection de livres r\u00e9imprim\u00e9s \u00e0 la demande \u00e9dit\u00e9e par Hachette Livre, dans le cadre d'un partenariat avec la Biblioth\u00e8que nationale de France, offrant l'opportunit\u00e9 d'acc\u00e9der \u00e0 des ouvrages anciens et souvent rares issus des fonds patrimoniaux de la BnF.\r\nLes oeuvres faisant partie de cette collection ont \u00e9t\u00e9 num\u00e9ris\u00e9es par la BnF et sont pr\u00e9sentes sur Gallica, sa biblioth\u00e8que num\u00e9rique.\r\n\r\nEn entreprenant de redonner vie \u00e0 ces ouvrages au travers d'une collection de livres r\u00e9imprim\u00e9s \u00e0 la demande, nous leur donnons la possibilit\u00e9 de rencontrer un public \u00e9largi et participons \u00e0 la transmission de connaissances et de savoirs parfois difficilement accessibles.\r\nNous avons cherch\u00e9 \u00e0 concilier la reproduction fid\u00e8le d'un livre ancien \u00e0 partir de sa version num\u00e9ris\u00e9e avec le souci d'un confort de lecture optimal. Nous esp\u00e9rons que les ouvrages de cette nouvelle collection vous apporteront enti\u00e8re satisfaction.\r\n\r\nPour plus d'informations, rendez-vous sur www.hachettebnf.fr http:\/\/gallica.bnf.fr\/ark:\/12148\/bpt6k5784202n\r","authors":[],"category_codes":["1000000","1060000","1060200"],"visuals":{"large":"https:\/\/images.epagine.fr\/441\/9782013436441_1_75.jpg","medium":"https:\/\/images.epagine.fr\/441\/9782013436441_1_m.jpg","thumbnail":"https:\/\/images.epagine.fr\/441\/9782013436441_1_v.jpg"},"orderable":true,"show_badge":true,"formatted_price":"9,50&nbsp;\u20ac","formatted_published_date":"1er septembre 2014","publisher_availability_label":"Sur commande","short_details":"Hachette BNF","translator":null,"weight":50,"page_count":null,"readership":null,"editor":"Hachette BNF","price":950,"published_date":"2014-08-31T22:00:00.000000Z","support":"Grand format","publisher_availability":1,"stock":0,"editions":[],"url":"https:\/\/quaidesbrumes.com\/ouvrage\/9782013436441\/note-sur-les-travaux-du-port-de-saint-pierre-par-un-creole-de-lile-de-la-reunion"},{"id":"9782915056402","title":"D\u00e9shonor\u00e9e","description":"\r\n            mukhtar mai a 28 ans, elle vit dans un village de l'est du pakistan.\r\n son plus jeune fr\u00e8re, \u00e2g\u00e9 de douze ans, aurait \u00e9t\u00e9 vu avec une fille d'un autre clan.  le tribunal du village se r\u00e9unit imm\u00e9diatement.  pour la premi\u00e8re fois au monde, un tribunal prononce cette terrifiante sentence : mukhtar mai est condamn\u00e9e \u00e0 \u00eatre viol\u00e9e en r\u00e9paration de la pr\u00e9tendue faute de son fr\u00e8re.  la peine est ex\u00e9cut\u00e9e.  viol\u00e9e, humili\u00e9e, d\u00e9shonor\u00e9e, elle aurait pu se suicider comme tant d'autres femmes.\r\n au risque de sa vie elle a d\u00e9cid\u00e9 de parler.  du fin fond du pakistan sa voix va \u00e9mouvoir le monde entier.  son appel est entendu et entra\u00eene un immense \u00e9lan de solidarit\u00e9.  alors elle d\u00e9cide de construire une \u00e9cole.  \" c'est par l'\u00e9ducation que nous pourrons faire reculer ces pratiques barbares \", r\u00e9p\u00e8te-t-elle.  d\u00e9shonor\u00e9e est un t\u00e9moignage bouleversant.  aujourd'hui mukhtar mai vit toujours dans son village, elle est devenue une ic\u00f4ne pour tous ceux qui luttent, au pakistan et dans le monde, contre toutes les violences faites aux femmes.\r\n\r\n        \r","authors":["Mukhtar Mai"],"category_codes":["1000000","1060000","1060300"],"visuals":{"large":"https:\/\/images.epagine.fr\/402\/9782915056402_1_75.jpg","medium":"https:\/\/images.epagine.fr\/402\/9782915056402_1_m.jpg","thumbnail":"https:\/\/images.epagine.fr\/402\/9782915056402_1_v.jpg"},"orderable":true,"show_badge":true,"formatted_price":"18,90&nbsp;\u20ac","formatted_published_date":"12 janvier 2006","publisher_availability_label":"Sur commande","short_details":"Mukhtar Mai \u2014 Oh !","translator":null,"weight":320,"page_count":195,"readership":null,"editor":"Oh !","price":1890,"published_date":"2006-01-11T23:00:00.000000Z","support":"Grand format","publisher_availability":1,"stock":0,"editions":[],"url":"https:\/\/quaidesbrumes.com\/ouvrage\/9782915056402\/deshonoree"},{"id":"9782080687265","title":"De Gaulle : De l'enfance \u00e0 l'appel du 18 juin","description":"Aucun Fran\u00e7ais, sinon de sang royal, ne fut jamais autant que Charles de Gaulle persuad\u00e9 d'\u00eatre n\u00e9 sous le sceau d'une destin\u00e9e nationale. Son p\u00e8re lui ayant l\u00e9gu\u00e9 la honte de la d\u00e9faite de 1870, adolescent, il se voyait d\u00e9j\u00e0 chasser de France les Allemands \u00e0 la t\u00eate d'une arm\u00e9e de deux cent mille hommes ! Partag\u00e9 entre la passion de l'\u00e9criture et l'envie de servir son pays, il a choisi l'\u00e9p\u00e9e sans oublier la plume. Jeune capitaine bless\u00e9, fait prisonnier \u00e0 Douaumont en mars 1916, il a subi la captivit\u00e9 comme une insulte dont, malgr\u00e9 plusieurs tentatives d'\u00e9vasion, il mettra tr\u00e8s longtemps \u00e0 se d\u00e9barrasser. Conscient comme peu de ses compatriotes de l'in\u00e9luctabilit\u00e9 d'un nouveau conflit avec l'Allemagne vaincue en 1918 et alors que tout le monde vante les m\u00e9rites d\u00e9fensifs de la ligne Maginot, Charles de Gaulle s'\u00e9vertue en vain \u00e0 persuader le haut commandement fran\u00e7ais et les politiques que la France doit imp\u00e9rativement se doter de grandes unit\u00e9s m\u00e9canis\u00e9es et autonomes. Faute d'un tel effort, r\u00e9p\u00e8te-t-il sans \u00eatre entendu, elle sera en cas de conflit immanquablement envahie par les divisions blind\u00e9es du IIIe Reich nazi. Promu g\u00e9n\u00e9ral en juin 1940, \u00e0 quarante-neuf ans, il r\u00e9ussit \u00e0 contenir quelques jours dans l'Aisne les colonnes blind\u00e9es du g\u00e9n\u00e9ral Guderian. Il est appel\u00e9 au gouvernement de Paul Reynaud, mais celui-ci c\u00e8de la place \u00e0 son ancien mentor, le mar\u00e9chal P\u00e9tain. Bient\u00f4t c'est l'armistice, contre lequel il s'\u00e9rige sans h\u00e9siter, et il se r\u00e9fugie en Angleterre. Et voici que, le 18juin 1940, il lance sur les ondes de la BBC l'appel qui rend \u00e0 la France sa dignit\u00e9, son espoir et son Histoire. En retra\u00e7ant cette premi\u00e8re partie du parcours de De Gaulle, Georges Fleury r\u00e9v\u00e8le des aspects m\u00e9connus de la fa\u00e7on dont le chef de la R\u00e9sistance s'est impos\u00e9 au sein de la France Libre. Surtout, il d\u00e9peint de fa\u00e7on vivante, claire et magistrale l'essence du personnage et la construction d'un destin coh\u00e9rent et in\u00e9gal\u00e9.","authors":["Georges Fleury"],"category_codes":["1000000","1060000","1060200"],"visuals":{"large":"https:\/\/images.epagine.fr\/265\/9782080687265_1_75.jpg","medium":"https:\/\/images.epagine.fr\/265\/9782080687265_1_m.jpg","thumbnail":"https:\/\/images.epagine.fr\/265\/9782080687265_1_v.jpg"},"orderable":true,"show_badge":true,"formatted_price":"25,30&nbsp;\u20ac","formatted_published_date":"16 octobre 2007","publisher_availability_label":"Sur commande","short_details":"Georges Fleury \u2014 Flammarion","translator":null,"weight":615,"page_count":512,"readership":null,"editor":"Flammarion","price":2530,"published_date":"2007-10-15T22:00:00.000000Z","support":"Grand format","publisher_availability":1,"stock":0,"editions":[],"url":"https:\/\/quaidesbrumes.com\/ouvrage\/9782080687265\/de-gaulle-de-lenfance-a-lappel-du-18-juin"},{"id":"9782080689764","title":"Un juge assassin\u00e9","description":"\u00c0 l'aube du 19octobre 1995, le cadavre d'un homme est d\u00e9couvert dans des rochers, \u00e0 80km de Djibouti. Le corps en partie carbonis\u00e9 est celui d'un magistrat fran\u00e7ais de 39 ans, coop\u00e9rant depuis un an au minist\u00e8re de la Justice djiboutien. Son nom : Bernard Borrel. Alors que le corps du juge est toujours \u00e0 l'endroit o\u00f9 on l'a retrouv\u00e9, un t\u00e9l\u00e9gramme part de l'ambassade de France \u00e0 Djibouti vers le Quai d'Orsay \u00e0 Paris : \u00abBernard Borrel s'est donn\u00e9 la mort\u00bb. Sa femme, \u00c9lisabeth, est inform\u00e9e du suicide de son mari. On lui promet une autopsie \u00e0 Djibouti ; elle n'aura jamais lieu. Quand elle demande des documents m\u00e9dicaux, comme les radiographies du corps de Bernard, on lui annonce qu'ils ont disparu. Des amis, des parents tentent de la convaincre que le suicide ne tient pas. \u00c9lisabeth, elle-m\u00eame magistrate, a du mal \u00e0 admettre qu'on lui cache les vraies raisons de la disparition de son mari. Peu \u00e0 peu pourtant, elle se rend \u00e0 l'\u00e9vidence : elle a \u00e9t\u00e9 manipul\u00e9e. Elle d\u00e9pose finalement plainte pour assassinat en 1997, \u00e0 Toulouse. Et l\u00e0, tout commence. Ce livre est l'histoire engag\u00e9e et passionnante, documents et r\u00e9v\u00e9lations \u00e0 l'appui, du long combat d'une femme contre une version fabriqu\u00e9e \u00e0 la h\u00e2te, contre la raison d'\u00c9tat et avec un seul objectif : la v\u00e9rit\u00e9.","authors":["Borrel Elisabeth"],"category_codes":["1000000","1060000","1060200"],"visuals":{"large":"https:\/\/images.epagine.fr\/764\/9782080689764_1_75.jpg","medium":"https:\/\/images.epagine.fr\/764\/9782080689764_1_m.jpg","thumbnail":"https:\/\/images.epagine.fr\/764\/9782080689764_1_v.jpg"},"orderable":true,"show_badge":true,"formatted_price":"22,00&nbsp;\u20ac","formatted_published_date":"10 octobre 2006","publisher_availability_label":"Sur commande","short_details":"Borrel Elisabeth \u2014 Flammarion","translator":null,"weight":492,"page_count":383,"readership":null,"editor":"Flammarion","price":2200,"published_date":"2006-10-09T22:00:00.000000Z","support":"Grand format","publisher_availability":1,"stock":0,"editions":[],"url":"https:\/\/quaidesbrumes.com\/ouvrage\/9782080689764\/un-juge-assassine"},{"id":"9782013436458","title":"Notes sur l'algerie par un ancien officier de l'armee d'afrique en retraite","description":"Notes sur l'Alg\u00e9rie ; par un ancien officier de l'arm\u00e9e d'Afrique en retraite. (15 juin 1841.) Date de l'\u00e9dition originale : 1841 Sujet de l'ouvrage : Alg\u00e9rie (1830-1962)France -- Colonies Ce livre est la reproduction fid\u00e8le d'une oeuvre publi\u00e9e avant 1920 et fait partie d'une collection de livres r\u00e9imprim\u00e9s \u00e0 la demande \u00e9dit\u00e9e par Hachette Livre, dans le cadre d'un partenariat avec la Biblioth\u00e8que nationale de France, offrant l'opportunit\u00e9 d'acc\u00e9der \u00e0 des ouvrages anciens et souvent rares issus des fonds patrimoniaux de la BnF.\r\nLes oeuvres faisant partie de cette collection ont \u00e9t\u00e9 num\u00e9ris\u00e9es par la BnF et sont pr\u00e9sentes sur Gallica, sa biblioth\u00e8que num\u00e9rique.\r\n\r\nEn entreprenant de redonner vie \u00e0 ces ouvrages au travers d'une collection de livres r\u00e9imprim\u00e9s \u00e0 la demande, nous leur donnons la possibilit\u00e9 de rencontrer un public \u00e9largi et participons \u00e0 la transmission de connaissances et de savoirs parfois difficilement accessibles.\r\nNous avons cherch\u00e9 \u00e0 concilier la reproduction fid\u00e8le d'un livre ancien \u00e0 partir de sa version num\u00e9ris\u00e9e avec le souci d'un confort de lecture optimal. Nous esp\u00e9rons que les ouvrages de cette nouvelle collection vous apporteront enti\u00e8re satisfaction.\r\n\r\nPour plus d'informations, rendez-vous sur www.hachettebnf.fr http:\/\/gallica.bnf.fr\/ark:\/12148\/bpt6k5788422b\r","authors":[],"category_codes":["1000000","1060000","1060200"],"visuals":{"large":"https:\/\/images.epagine.fr\/458\/9782013436458_1_75.jpg","medium":"https:\/\/images.epagine.fr\/458\/9782013436458_1_m.jpg","thumbnail":"https:\/\/images.epagine.fr\/458\/9782013436458_1_v.jpg"},"orderable":true,"show_badge":true,"formatted_price":"11,50&nbsp;\u20ac","formatted_published_date":"1er septembre 2014","publisher_availability_label":"Sur commande","short_details":"Hachette BNF","translator":null,"weight":108,"page_count":null,"readership":null,"editor":"Hachette BNF","price":1150,"published_date":"2014-08-31T22:00:00.000000Z","support":"Grand format","publisher_availability":1,"stock":0,"editions":[],"url":"https:\/\/quaidesbrumes.com\/ouvrage\/9782013436458\/notes-sur-lalgerie-par-un-ancien-officier-de-larmee-dafrique-en-retraite"},{"id":"9782012528833","title":"Catalogue m\u00e9thodique de la Biblioth\u00e8que communale de la ville de Limoges. Histoire (\u00c9d.1858-1863)","description":"Catalogue m\u00e9thodique de la Biblioth\u00e8que communale de la ville de Limoges. Histoire \/ par Emile Ruben,...\r\nDate de l'\u00e9dition originale : 1858-1863\r\n\r\nLe pr\u00e9sent ouvrage s'inscrit dans une politique de conservation patrimoniale des ouvrages de la litt\u00e9rature Fran\u00e7aise mise en place avec la BNF.\r\nHACHETTE LIVRE et la BNF proposent ainsi un catalogue de titres indisponibles, la BNF ayant num\u00e9ris\u00e9 ces oeuvres et HACHETTE LIVRE les imprimant \u00e0 la demande.\r\nCertains de ces ouvrages refl\u00e8tent des courants de pens\u00e9e caract\u00e9ristiques de leur \u00e9poque, mais qui seraient aujourd'hui jug\u00e9s condamnables.\r\nIls n'en appartiennent pas moins \u00e0 l'histoire des id\u00e9es en France et sont susceptibles de pr\u00e9senter un int\u00e9r\u00eat scientifique ou historique.\r\nLe sens de notre d\u00e9marche \u00e9ditoriale consiste ainsi \u00e0 permettre l'acc\u00e8s \u00e0 ces oeuvres sans pour autant que nous en cautionnions en aucune fa\u00e7on le contenu.\r\n\r\nPour plus d'informations, rendez-vous sur www.hachettebnf.fr","authors":["Collectif"],"category_codes":["1000000","1060000","1060200"],"visuals":{"large":"https:\/\/images.epagine.fr\/833\/9782012528833_1_75.jpg","medium":"https:\/\/images.epagine.fr\/833\/9782012528833_1_m.jpg","thumbnail":"https:\/\/images.epagine.fr\/833\/9782012528833_1_v.jpg"},"orderable":true,"show_badge":true,"formatted_price":"31,50&nbsp;\u20ac","formatted_published_date":"1er juin 2012","publisher_availability_label":"Sur commande","short_details":"Collectif \u2014 Hachette BNF","translator":null,"weight":728,"page_count":522,"readership":null,"editor":"Hachette BNF","price":3150,"published_date":"2012-05-31T22:00:00.000000Z","support":"Grand format","publisher_availability":1,"stock":0,"editions":[],"url":"https:\/\/quaidesbrumes.com\/ouvrage\/9782012528833\/catalogue-methodique-de-la-bibliotheque-communale-de-la-ville-de-limoges-histoire-ed1858-1863"},{"id":"9782841113460","title":"Ma vie rebelle","description":"En 2005, Ayaan Hirsi Ali a \u00e9t\u00e9 nomm\u00e9e par Time Magazine une des personnalit\u00e9s les plus importantes dans le monde.\r\nEn novembre 2004, le r\u00e9alisateur Th\u00e9o Van Gogh \u00e9tait assassin\u00e9 dans les rues d'Amsterdam. Il avait collabor\u00e9 \u00e0 un film avec Ayaan Hirsi Ali intitul\u00e9 Soumission. Son meurtrier avait attach\u00e9 \u00e0 son corps une menace de mort contre Ayaan. De ce jour, Ayaan en est venue \u00e0 incarner pour le monde entier l'image d'une femme pour qui la libert\u00e9 n'a pas de prix.\r\nApr\u00e8s Insoumise, son volume d'essais (vendu \u00e0 pr\u00e8s de 20 000 exemplaires en France), et alors qu'elle se trouve aujourd'hui au coeur d'une nouvelle pol\u00e9mique (voir dossier), voici l'autobiographie d'Ayaan Hirsi Ali : itin\u00e9raire d'une rebelle.\r\nAyaan raconte dans Une vie rebelle son extraordinaire parcours de vie - depuis la mis\u00e8re de Mogadiscio jusqu'au parlement hollandais, de la jeune exalt\u00e9e qui br\u00fblait Les Versets sataniques  \u00e0 celle qui aujourd'hui vit entour\u00e9e du gardes de corps parce qu'elle ose mettre en question certain dogmes de l'islam. \r\nUne vie plus aventureuse qu'un roman.\r\n\u00c0 trente-cinq ans, Ayaan a d\u00e9j\u00e0 v\u00e9cu de quoi remplir quelques volumes... Fille d'un opposant c\u00e9l\u00e8bre \u00e0 la dictature somalienne, elle a connu l'exil tr\u00e8s jeune, puis les camps de r\u00e9fugi\u00e9s. Forc\u00e9e \u00e0 l'excision, vou\u00e9e \u00e0 un mariage forc\u00e9, elle n'a d\u00fb qu'\u00e0 son courage de s'\u00e9chapper pour trouver asile en Hollande. Femme de m\u00e9nage, puis interpr\u00e8te, elle a finalement d\u00e9fi\u00e9 les barri\u00e8res politiques et raciales pour devenir une figure de stature internationale. \r\nDe l'Islam aux Lumi\u00e8res...\r\nUne vie rebelle est aussi un itin\u00e9raire intellectuel o\u00f9 Ayaan reconna\u00eet sa dette culturelle profonde envers une religion dont le nomadisme et la po\u00e9sie l'ont profond\u00e9ment marqu\u00e9e, mais elle r\u00e9clame avec force que cette religion connaisse sa R\u00e9forme, ou ses Lumi\u00e8res, en s'arrachant, notamment, \u00e0 sa tradition de violence et d'oppression des femmes.  \r\n\r","authors":["Ayaan Hirsi ali"],"category_codes":["1000000","1060000","1060300"],"visuals":{"large":"https:\/\/images.epagine.fr\/460\/9782841113460_1_75.jpg","medium":"https:\/\/images.epagine.fr\/460\/9782841113460_1_m.jpg","thumbnail":"https:\/\/images.epagine.fr\/460\/9782841113460_1_v.jpg"},"orderable":true,"show_badge":true,"formatted_price":"23,50&nbsp;\u20ac","formatted_published_date":"19 octobre 2006","publisher_availability_label":"Sur commande","short_details":"Ayaan Hirsi ali \u2014 NIL","translator":"CLAUDE FARNY","weight":986,"page_count":519,"readership":null,"editor":"NIL","price":2350,"published_date":"2006-10-18T22:00:00.000000Z","support":"Grand format","publisher_availability":1,"stock":0,"editions":[],"url":"https:\/\/quaidesbrumes.com\/ouvrage\/9782841113460\/ma-vie-rebelle"}]}