{"data":[{"id":"9782012528628","title":"Catalogue de la Biblioth\u00e8que nationale : les monnaies carolingiennes (\u00c9d.1896)","description":"Catalogue des monnaies fran\u00e7aises de la Biblioth\u00e8que nationale : les monnaies carolingiennes \/ par M. Maurice Prou,...\r\nDate de l'\u00e9dition originale : 1896\r\n\u00c9tude historique des diff\u00e9rentes monnaies carolingiennes : leur chronologie, leur type, leur fabrication ainsi que le droit carolingien de la monnaie.\r\n\r\nLe pr\u00e9sent ouvrage s'inscrit dans une politique de conservation patrimoniale des ouvrages de la litt\u00e9rature Fran\u00e7aise mise en place avec la BNF.\r\nHACHETTE LIVRE et la BNF proposent ainsi un catalogue de titres indisponibles, la BNF ayant num\u00e9ris\u00e9 ces oeuvres et HACHETTE LIVRE les imprimant \u00e0 la demande.\r\nCertains de ces ouvrages refl\u00e8tent des courants de pens\u00e9e caract\u00e9ristiques de leur \u00e9poque, mais qui seraient aujourd'hui jug\u00e9s condamnables.\r\nIls n'en appartiennent pas moins \u00e0 l'histoire des id\u00e9es en France et sont susceptibles de pr\u00e9senter un int\u00e9r\u00eat scientifique ou historique.\r\nLe sens de notre d\u00e9marche \u00e9ditoriale consiste ainsi \u00e0 permettre l'acc\u00e8s \u00e0 ces oeuvres sans pour autant que nous en cautionnions en aucune fa\u00e7on le contenu.\r\n\r\nPour plus d'informations, rendez-vous sur www.hachettebnf.fr","authors":["Prou Maurice"],"category_codes":["1000000","1060000","1060200"],"visuals":{"large":"https:\/\/images.epagine.fr\/628\/9782012528628_1_75.jpg","medium":"https:\/\/images.epagine.fr\/628\/9782012528628_1_m.jpg","thumbnail":"https:\/\/images.epagine.fr\/628\/9782012528628_1_v.jpg"},"orderable":true,"show_badge":true,"formatted_price":"23,00&nbsp;\u20ac","formatted_published_date":"1er juin 2012","publisher_availability_label":"Sur commande","short_details":"Prou Maurice \u2014 Hachette BNF","translator":null,"weight":435,"page_count":307,"readership":null,"editor":"Hachette BNF","price":2300,"published_date":"2012-05-31T22:00:00.000000Z","support":"Grand format","publisher_availability":1,"stock":0,"editions":[],"url":"https:\/\/quaidesbrumes.com\/ouvrage\/9782012528628\/catalogue-de-la-bibliotheque-nationale-les-monnaies-carolingiennes-ed1896"},{"id":"9782747596107","title":"L'urbanisme \u00e0 la lumi\u00e8re de la doctrine sociale de l'Eglise","description":"Pouvoir habiter un pavillon lorsqu'on est un jeune m\u00e9nage avec des enfants, ou d\u00e9sirant en avoir, mais ne disposant pas de gros revenus est-ce possible? Pouvoir d\u00e9velopper sa petite entreprise en gardant son personnel et en embaucher d'autres, parce que des locaux existent \u00e0 des prix accessibles. Des dizaines d'entrepreneurs ont rencontr\u00e9 cette possibilit\u00e9. Tout cela ne rel\u00e8ve-t-il pas d'un r\u00eave : \"Alice au pays des merveilles\". Et pourtant  un \u00e9lu local, un maire, peut en toute l\u00e9galit\u00e9 faire que ces r\u00eaves deviennent r\u00e9alit\u00e9.","authors":["Michel Lucas"],"category_codes":["1000000","1060000"],"visuals":{"large":"https:\/\/images.epagine.fr\/107\/9782747596107_1_75.jpg","medium":"https:\/\/images.epagine.fr\/107\/9782747596107_1_m.jpg","thumbnail":"https:\/\/images.epagine.fr\/107\/9782747596107_1_v.jpg"},"orderable":true,"show_badge":true,"formatted_price":"12,50&nbsp;\u20ac","formatted_published_date":"2 d\u00e9cembre 2005","publisher_availability_label":"Sur commande","short_details":"Michel Lucas \u2014 \u00c9ditions L'Harmattan","translator":null,"weight":160,"page_count":110,"readership":null,"editor":"\u00c9ditions L'Harmattan","price":1250,"published_date":"2005-12-01T23:00:00.000000Z","support":"Grand format","publisher_availability":1,"stock":0,"editions":[],"url":"https:\/\/quaidesbrumes.com\/ouvrage\/9782747596107\/lurbanisme-a-la-lumiere-de-la-doctrine-sociale-de-leglise"},{"id":"9782747597555","title":"Les grands-parents sont eternels","description":"Maurice Monnoyer cherche \u00e0 ressuciter, par l'\u00e9criture, ses grands-parents qui vivaient dans le village de Spy et \u00e0 Namur, sa ville natale. Cette autofiction, qui se veut aussi pr\u00e8s que possible de la v\u00e9rit\u00e9, restitue fid\u00e8lement la vie des anc\u00eatres de l'auteur. Travail de m\u00e9moire qui se double d'une \u00e9tude sociologique sur les habitants des campagnes francophones du si\u00e8cle dernier. Le travail \u00e9tait leur premi\u00e8re valeur. Traumatis\u00e9s par la premi\u00e8re guerre mondiale qu'ils ont v\u00e9cue douloureusement, ils r\u00eavaient d'une paix universelle.\r","authors":["Maurice Monnoyer"],"category_codes":["9000000","9050000","9050700","9050702"],"visuals":{"large":"https:\/\/images.epagine.fr\/555\/9782747597555_1_75.jpg","medium":"https:\/\/images.epagine.fr\/555\/9782747597555_1_m.jpg","thumbnail":"https:\/\/images.epagine.fr\/555\/9782747597555_1_v.jpg"},"orderable":true,"show_badge":true,"formatted_price":"17,50&nbsp;\u20ac","formatted_published_date":"2 d\u00e9cembre 2005","publisher_availability_label":"Sur commande","short_details":"Maurice Monnoyer \u2014 \u00c9ditions L'Harmattan","translator":null,"weight":240,"page_count":null,"readership":null,"editor":"\u00c9ditions L'Harmattan","price":1750,"published_date":"2005-12-01T23:00:00.000000Z","support":"Grand format","publisher_availability":1,"stock":0,"editions":[],"url":"https:\/\/quaidesbrumes.com\/ouvrage\/9782747597555\/les-grands-parents-sont-eternels"},{"id":"9782383710592","title":"La reine Marie-Antoinette","description":"Tout un univers d'images, d'\u00e9motions, de fantaisie et d'imaginaire jaillit au seul \u00e9nonc\u00e9 de son pr\u00e9nom : Marie-Antoinette. Et c'est le grand m\u00e9rite de l'auteur d'avoir su \u00e9carter ce r\u00eave pour r\u00e9v\u00e9ler derri\u00e8re lui la belle et simple r\u00e9alit\u00e9 qu'il travestissait : une Femme. \u00c9lev\u00e9e par son statut au plus haut rang de l'\u00e9chelle sociale, elle choisit de se battre pour le seul droit qui lui \u00e9tait refus\u00e9 : \u00eatre elle-m\u00eame. Jusqu'\u00e0 l'holocauste supr\u00eame. Elle y aura gagn\u00e9 l'\u00e9ternit\u00e9. (\u00c9dition annot\u00e9e.)","authors":["Pierre de Nolhac"],"category_codes":["9000000","9050000","9050200"],"visuals":{"large":"https:\/\/images.epagine.fr\/592\/9782383710592_1_75.jpg","medium":"https:\/\/images.epagine.fr\/592\/9782383710592_1_m.jpg","thumbnail":"https:\/\/images.epagine.fr\/592\/9782383710592_1_v.jpg"},"orderable":true,"show_badge":true,"formatted_price":"19,50&nbsp;\u20ac","formatted_published_date":"29 ao\u00fbt 2022","publisher_availability_label":"Sur commande","short_details":"Pierre de Nolhac \u2014 MON AUTRE LIBRAIRIE","translator":null,"weight":407,"page_count":244,"readership":null,"editor":"MON AUTRE LIBRAIRIE","price":1950,"published_date":"2022-08-28T22:00:00.000000Z","support":"Grand format","publisher_availability":1,"stock":0,"editions":["9782492714597"],"url":"https:\/\/quaidesbrumes.com\/ouvrage\/9782383710592\/la-reine-marie-antoinette"},{"id":"9782844980960","title":"La sauterelle bleue ; fragments d'enfance girondine","description":"Jean-Marie Darmian d\u00e9roule le fil de l'\u00e9cheveau de son enfance. Petit-fils d'immigr\u00e9s italiens arriv\u00e9s en Aquitaine dans les ann\u00e9es 20, Jean-Marie Darmian est n\u00e9 \u00e0 Sadirac en 1947 dans un milieu tr\u00e8s modeste. Son p\u00e8re devenu garde champ\u00eatre et sa m\u00e8re secr\u00e9taire de mairie l'\u00e9l\u00e8vent \u00e0 Sadirac dans les valeurs de la R\u00e9publique dont il sera pour toujours impr\u00e9gn\u00e9. De page en page, d'anecdote en anecdote, il nous raconte ses jeux avec ses camarades, sa vie \u00e0 la maison, en famille, dans cette classe sociale o\u00f9, l'argent \u00e9tant plut\u00f4t rare, les difficult\u00e9s pour mener une existence d\u00e9cente se r\u00e9v\u00e9laient, elles, bien nombreuses. L'homme public qu'il deviendra plus tard nous confie ses joies quotidiennes mais aussi ses chagrins d'enfant. Nous partageons ses passe-temps, ses \u00e9tudes au coll\u00e8ge de Cr\u00e9on, son d\u00e9sir de devenir un jour instituteur et nous d\u00e9couvrons les r\u00eaves du jeune gar\u00e7on qui, \u00e0 dix ans, se promet de pouvoir un jour commander un verre de limonade au caf\u00e9 du village ! Nous assistons avec lui au progr\u00e8s des ann\u00e9es 50 et 60, \u00e0 l'arriv\u00e9e de la premi\u00e8re voiture dans la famille comme \u00e0 l'installation du premier poste de t\u00e9l\u00e9vision. Jean-Marie Darmian nous livre ses souvenirs d'enfance dans une langue ample et savoureuse qui d\u00e9crit comme un film une p\u00e9riode aujourd'hui bien r\u00e9volue. Mais, en homme d'action, il les confronte sans cesse \u00e0 la r\u00e9alit\u00e9 d'aujourd'hui et, quand il nous fait part des difficult\u00e9s d'int\u00e9gration des immigr\u00e9s italiens en France, de la citoyennet\u00e9, du go\u00fbt de l'apprentissage, de la fraternit\u00e9, de l'amiti\u00e9, nous sentons \u00e0 quel point notre \u00e9poque a besoin de t\u00e9moignages comme le sien pour mieux trouver ses rep\u00e8res.  \r","authors":["Jean-Marie Darmian"],"category_codes":["1000000","1060000","1060100"],"visuals":{"large":"https:\/\/images.epagine.fr\/960\/9782844980960_1_75.jpg","medium":"https:\/\/images.epagine.fr\/960\/9782844980960_1_m.jpg","thumbnail":"https:\/\/images.epagine.fr\/960\/9782844980960_1_v.jpg"},"orderable":true,"show_badge":true,"formatted_price":"18,00&nbsp;\u20ac","formatted_published_date":"29 mars 2006","publisher_availability_label":"Sur commande","short_details":"Jean-Marie Darmian \u2014 Aub\u00e9ron","translator":null,"weight":250,"page_count":219,"readership":null,"editor":"Aub\u00e9ron","price":1800,"published_date":"2006-03-28T22:00:00.000000Z","support":"Grand format","publisher_availability":1,"stock":0,"editions":[],"url":"https:\/\/quaidesbrumes.com\/ouvrage\/9782844980960\/la-sauterelle-bleue-fragments-denfance-girondine"},{"id":"9782747591447","title":"Itineraire d'un cooperant - madagascar, la grande ile - le tiers-mondiste 1970-1973","description":"Cette autobiographie \"professionnelle\" est un t\u00e9moignage d'un mode de vie et de coop\u00e9ration en voie de disparition. Le \"petit soldat du d\u00e9veloppement\", comme il se nomme, narre des tranches de vie o\u00f9 se m\u00ealent descriptions des lieux, r\u00e9cits de voyages, anecdotes et r\u00e9flexions personnelles. Ses convictions se trouvent confront\u00e9es aux r\u00e9alit\u00e9s des \u00e9v\u00e9nements politiques malgaches et \u00e0 la politique fran\u00e7aise de coop\u00e9ration dans les ann\u00e9es 70.\r","authors":["Joel Dine"],"category_codes":["1000000","1060000"],"visuals":{"large":"https:\/\/images.epagine.fr\/447\/9782747591447_1_75.jpg","medium":"https:\/\/images.epagine.fr\/447\/9782747591447_1_m.jpg","thumbnail":"https:\/\/images.epagine.fr\/447\/9782747591447_1_v.jpg"},"orderable":true,"show_badge":true,"formatted_price":"17,50&nbsp;\u20ac","formatted_published_date":"2 octobre 2005","publisher_availability_label":"Sur commande","short_details":"Joel Dine \u2014 \u00c9ditions L'Harmattan","translator":null,"weight":200,"page_count":180,"readership":null,"editor":"\u00c9ditions L'Harmattan","price":1750,"published_date":"2005-10-01T22:00:00.000000Z","support":"Grand format","publisher_availability":1,"stock":0,"editions":[],"url":"https:\/\/quaidesbrumes.com\/ouvrage\/9782747591447\/itineraire-dun-cooperant-madagascar-la-grande-ile-le-tiers-mondiste-1970-1973"},{"id":"9782747591645","title":"Brocante : ... en Bigorre, vers 1950","description":"Six textes sur l'enfance \u00e9crits \u00e0 la premi\u00e8re personne par la m\u00eame narratrice, une fillette puis, quelques ann\u00e9es plus tard, une tr\u00e8s jeune fille. A partir d'objets domestiques et familiers, intimes, l'auteur effectue une remont\u00e9e dans le temps : chaise, lit, cuvette, banc, robe, pendule, une \"brocante\" qui donne son titre \u00e0 l'ouvrage. Reprennent vie des grands-parents d'un autre temps, d'une autre \u00e9poque, celle des ann\u00e9es 1950-1960, dans cette r\u00e9gion si particuli\u00e8re et si mal connue: la Bigorre\r","authors":["Janine Fourrier-Drouilhet"],"category_codes":["1000000","1060000"],"visuals":{"large":"https:\/\/images.epagine.fr\/645\/9782747591645_1_75.jpg","medium":"https:\/\/images.epagine.fr\/645\/9782747591645_1_m.jpg","thumbnail":"https:\/\/images.epagine.fr\/645\/9782747591645_1_v.jpg"},"orderable":true,"show_badge":true,"formatted_price":"16,00&nbsp;\u20ac","formatted_published_date":"2 octobre 2005","publisher_availability_label":"Sur commande","short_details":"Janine Fourrier-Drouilhet \u2014 \u00c9ditions L'Harmattan","translator":null,"weight":185,"page_count":165,"readership":null,"editor":"\u00c9ditions L'Harmattan","price":1600,"published_date":"2005-10-01T22:00:00.000000Z","support":"Grand format","publisher_availability":1,"stock":0,"editions":[],"url":"https:\/\/quaidesbrumes.com\/ouvrage\/9782747591645\/brocante-en-bigorre-vers-1950"},{"id":"9782747592147","title":"G\u00e9rard Althabe : Une biographie entre ailleurs et ici","description":"Apr\u00e8s avoir men\u00e9 des recherches d'anthropologie politique en Afrique centrale et \u00e0 Madagascar, G\u00e9rard Althabe a initi\u00e9 un courant de recherches anthropologiques dans les lieux centraux de la soci\u00e9t\u00e9 fran\u00e7aise (p\u00e9riph\u00e9ries urbaines, administrations et entreprises). Il a ensuite \u00e9tendu ses investigations en Argentine et en Roumanie. G\u00e9rard Althabe raconte son cheminement \u00e0 R\u00e9mi Hess, disciple de Ren\u00e9 Lourau (1933-2000), son ami d'enfance. A travers sa m\u00e9ditation, ce sont tous les probl\u00e8mes des sciences humaines qui se sont pos\u00e9s \u00e0 sa g\u00e9n\u00e9ration qui se trouvent r\u00e9fl\u00e9chis et expos\u00e9s \u00e0 la g\u00e9n\u00e9ration suivante.","authors":["R\u00e9mi Hess"],"category_codes":["1000000","1060000"],"visuals":{"large":"https:\/\/images.epagine.fr\/147\/9782747592147_1_75.jpg","medium":"https:\/\/images.epagine.fr\/147\/9782747592147_1_m.jpg","thumbnail":"https:\/\/images.epagine.fr\/147\/9782747592147_1_v.jpg"},"orderable":true,"show_badge":true,"formatted_price":"20,00&nbsp;\u20ac","formatted_published_date":"1er octobre 2005","publisher_availability_label":"Sur commande","short_details":"R\u00e9mi Hess \u2014 \u00c9ditions L'Harmattan","translator":null,"weight":235,"page_count":216,"readership":null,"editor":"\u00c9ditions L'Harmattan","price":2000,"published_date":"2005-09-30T22:00:00.000000Z","support":"Grand format","publisher_availability":1,"stock":0,"editions":[],"url":"https:\/\/quaidesbrumes.com\/ouvrage\/9782747592147\/gerard-althabe-une-biographie-entre-ailleurs-et-ici"},{"id":"9782747592185","title":"Dans la tourmente de l'\u00e9pilepsie","description":"Depuis longtemps, Mich\u00e8le Viallet tenait un journal relatant les \u00e9v\u00e9nements douloureux qui ponctuaient la vie de sa fille Amelina, chez qui on d\u00e9couvre, \u00e0 l'\u00e2ge de 5 ans, une tumeur au cerveau accompagn\u00e9e d'\u00e9pilepsie. Aujourd'hui, elle a rassembl\u00e9 ces t\u00e9moignages pour que le monde en bonne sant\u00e9 d\u00e9couvre l'univers difficile des personnes \u00e9pileptiques et pour que les \u00e9pileptiques s'y retrouvent et, par l\u00e0 m\u00eame, se sentent moins seuls.\r","authors":["Michele Viallet"],"category_codes":["1000000","1060000"],"visuals":{"large":"https:\/\/images.epagine.fr\/185\/9782747592185_1_75.jpg","medium":"https:\/\/images.epagine.fr\/185\/9782747592185_1_m.jpg","thumbnail":"https:\/\/images.epagine.fr\/185\/9782747592185_1_v.jpg"},"orderable":true,"show_badge":true,"formatted_price":"12,00&nbsp;\u20ac","formatted_published_date":"1er octobre 2005","publisher_availability_label":"Sur commande","short_details":"Michele Viallet \u2014 \u00c9ditions L'Harmattan","translator":null,"weight":120,"page_count":98,"readership":null,"editor":"\u00c9ditions L'Harmattan","price":1200,"published_date":"2005-09-30T22:00:00.000000Z","support":"Grand format","publisher_availability":1,"stock":0,"editions":[],"url":"https:\/\/quaidesbrumes.com\/ouvrage\/9782747592185\/dans-la-tourmente-de-lepilepsie"},{"id":"9782748017199","title":"Televisions nouvelles","description":null,"authors":["Gurunhuel"],"category_codes":["1000000","1060000","1060300"],"visuals":{"large":"https:\/\/quaidesbrumes.com\/img\/book-placeholder.png","medium":"https:\/\/quaidesbrumes.com\/img\/book-placeholder.png","thumbnail":"https:\/\/quaidesbrumes.com\/img\/book-placeholder.png"},"orderable":true,"show_badge":true,"formatted_price":"21,00&nbsp;\u20ac","formatted_published_date":"5 juillet 2004","publisher_availability_label":"Sur commande","short_details":"Gurunhuel \u2014 Societe Des Ecrivains","translator":null,"weight":0,"page_count":null,"readership":null,"editor":"Societe Des Ecrivains","price":2100,"published_date":"2004-07-04T22:00:00.000000Z","support":"Grand format","publisher_availability":1,"stock":0,"editions":[],"url":"https:\/\/quaidesbrumes.com\/ouvrage\/9782748017199\/televisions-nouvelles"},{"id":"9782748017809","title":"L'ere du cancre-roi","description":null,"authors":["Francis Penin"],"category_codes":["1000000","1060000","1060300"],"visuals":{"large":"https:\/\/quaidesbrumes.com\/img\/book-placeholder.png","medium":"https:\/\/quaidesbrumes.com\/img\/book-placeholder.png","thumbnail":"https:\/\/quaidesbrumes.com\/img\/book-placeholder.png"},"orderable":true,"show_badge":true,"formatted_price":"21,00&nbsp;\u20ac","formatted_published_date":"5 juillet 2004","publisher_availability_label":"Sur commande","short_details":"Francis Penin \u2014 Societe Des Ecrivains","translator":null,"weight":0,"page_count":null,"readership":null,"editor":"Societe Des Ecrivains","price":2100,"published_date":"2004-07-04T22:00:00.000000Z","support":"Grand format","publisher_availability":1,"stock":0,"editions":[],"url":"https:\/\/quaidesbrumes.com\/ouvrage\/9782748017809\/lere-du-cancre-roi"},{"id":"9782748018707","title":"Hommage a leone bontemps","description":null,"authors":["Toussaint Lentin"],"category_codes":["1000000","1060000","1060100"],"visuals":{"large":"https:\/\/quaidesbrumes.com\/img\/book-placeholder.png","medium":"https:\/\/quaidesbrumes.com\/img\/book-placeholder.png","thumbnail":"https:\/\/quaidesbrumes.com\/img\/book-placeholder.png"},"orderable":true,"show_badge":true,"formatted_price":"14,00&nbsp;\u20ac","formatted_published_date":"28 juillet 2004","publisher_availability_label":"Sur commande","short_details":"Toussaint Lentin \u2014 Societe Des Ecrivains","translator":null,"weight":0,"page_count":null,"readership":null,"editor":"Societe Des Ecrivains","price":1400,"published_date":"2004-07-27T22:00:00.000000Z","support":"Grand format","publisher_availability":1,"stock":0,"editions":[],"url":"https:\/\/quaidesbrumes.com\/ouvrage\/9782748018707\/hommage-a-leone-bontemps"},{"id":"9782283021842","title":"JOURNAL DES LOINTAINS","description":"Comme il s'en est fix\u00e9 l'objectif d\u00e8s son premier num\u00e9ro, le Journal des Lointains poursuit son entreprise de rendre compte du monde contemporain tel qu'il va \u00e0 l'ext\u00e9rieur des fronti\u00e8res de notre pays via le regard d'\u00e9crivains choisis pour la sensibilit\u00e9 de leurs univers respectifs. Recueil semestriel de r\u00e9cits de voyage et de reportages d'auteur, il reste aujourd'hui la seule r\u00e9f\u00e9rence du genre sur le secteur des publications p\u00e9riodiques.\r","authors":["Collectif"],"category_codes":["1000000","1060000","1060100"],"visuals":{"large":"https:\/\/images.epagine.fr\/842\/9782283021842_1_75.jpg","medium":"https:\/\/images.epagine.fr\/842\/9782283021842_1_m.jpg","thumbnail":"https:\/\/images.epagine.fr\/842\/9782283021842_1_v.jpg"},"orderable":true,"show_badge":true,"formatted_price":"17,25&nbsp;\u20ac","formatted_published_date":"18 mai 2006","publisher_availability_label":"Sur commande","short_details":"Collectif \u2014 \u00c9ditions Buchet\/Chastel","translator":null,"weight":395,"page_count":null,"readership":null,"editor":"\u00c9ditions Buchet\/Chastel","price":1725,"published_date":"2006-05-17T22:00:00.000000Z","support":"Grand format","publisher_availability":1,"stock":0,"editions":[],"url":"https:\/\/quaidesbrumes.com\/ouvrage\/9782283021842\/journal-des-lointains"},{"id":"9782702136812","title":"Une vie de routard","description":"Son p\u00e8re, instituteur breton, l'aurait voulu professeur agr\u00e9g\u00e9, comme un m\u00e9daill\u00e9 d'argent r\u00eave de l'or Lui voulait courir le monde \u00e0 sa fa\u00e7on : sac \u00e0 dos, hors des sentiers battus et archibattus avec d\u00e9j\u00e0 la rage du partage : donner aux autres les bonnes boussoles, les conseils d'initi\u00e9s. Et voil\u00e0 comment le Guide du Routard est devenu un ph\u00e9nom\u00e8ne \u00e9ditorial.\r\nTrente ans plus tard, 2,5 millions d'exemplaires sont vendus par an. Mais au-del\u00e0 du r\u00e9cit tr\u00e8s personnel d'un fabuleux succ\u00e8s, ces m\u00e9moires de Philippe Gloaguen r\u00e9v\u00e8lent la face cach\u00e9e d'une personnalit\u00e9 fa\u00e7onn\u00e9e par la rencontre pr\u00e9coce avec la mort, par la fid\u00e9lit\u00e9 \u00e0 des valeurs o\u00f9 l'amiti\u00e9 triomphe, par des convictions de solidarit\u00e9 et de fraternit\u00e9 qui font de lui le militant d'un autre monde.\r\nCe d\u00e9couvreur infatigable, ce voyageur partageur est un homme au coeur bless\u00e9. Blessures intimes des ricochets auxquels le succ\u00e8s expose, entre jalousie et calomnie ; blessures physiques des s\u00e9quelles des risques courus. Et pourtant, quels que soient les tourments, br\u00fble en lui la flamme intacte d'une croyance d'enfant : \u00ab Le bonheur existe, je vais \u00e0 sa rencontre. \u00bb\r","authors":["Philippe Gloaguen"],"category_codes":["1000000","1060000","1060100"],"visuals":{"large":"https:\/\/images.epagine.fr\/812\/9782702136812_1_75.jpg","medium":"https:\/\/images.epagine.fr\/812\/9782702136812_1_m.jpg","thumbnail":"https:\/\/images.epagine.fr\/812\/9782702136812_1_v.jpg"},"orderable":true,"show_badge":true,"formatted_price":"19,90&nbsp;\u20ac","formatted_published_date":"15 mars 2006","publisher_availability_label":"Sur commande","short_details":"Philippe Gloaguen \u2014 Calmann-L\u00e9vy","translator":null,"weight":390,"page_count":280,"readership":null,"editor":"Calmann-L\u00e9vy","price":1990,"published_date":"2006-03-14T23:00:00.000000Z","support":"Grand format","publisher_availability":1,"stock":0,"editions":[],"url":"https:\/\/quaidesbrumes.com\/ouvrage\/9782702136812\/une-vie-de-routard"},{"id":"9782296000698","title":"De la mixit\u00e9 dans les \u00e9coles d'ing\u00e9nieurs ; le cas de l'ex-\u00e9cole polytechnique f\u00e9minine","description":"En 1994, l'Ecole Polytechnique f\u00e9minine conna\u00eet une \u00e9volution originale : elle devient mixte en s'ouvrant aux gar\u00e7ons. Pourquoi cette \u00e9cole d'ing\u00e9nieur a-t-elle d\u00e9cid\u00e9 de s'ouvrir aux gar\u00e7ons et pourquoi apr\u00e8s l'ouverture de l'\u00e9cole \u00e0 la mixit\u00e9 la proportion des filles a-t-elle baiss\u00e9 consid\u00e9rablement (34% de filles en 2000). Quelles attitudes ont les \u00e9l\u00e8ves face \u00e0 cette mixit\u00e9 r\u00e9cente de l'\u00e9cole et comment analyser cette \u00e9volution ?","authors":["Biljana Stevanovic"],"category_codes":["1000000","1060000","1060300"],"visuals":{"large":"https:\/\/images.epagine.fr\/698\/9782296000698_1_75.jpg","medium":"https:\/\/images.epagine.fr\/698\/9782296000698_1_m.jpg","thumbnail":"https:\/\/images.epagine.fr\/698\/9782296000698_1_v.jpg"},"orderable":true,"show_badge":true,"formatted_price":"21,50&nbsp;\u20ac","formatted_published_date":"15 janvier 2006","publisher_availability_label":"Sur commande","short_details":"Biljana Stevanovic \u2014 \u00c9ditions L'Harmattan","translator":null,"weight":295,"page_count":234,"readership":null,"editor":"\u00c9ditions L'Harmattan","price":2150,"published_date":"2006-01-14T23:00:00.000000Z","support":"Grand format","publisher_availability":1,"stock":0,"editions":[],"url":"https:\/\/quaidesbrumes.com\/ouvrage\/9782296000698\/de-la-mixite-dans-les-ecoles-dingenieurs-le-cas-de-lex-ecole-polytechnique-feminine"},{"id":"9782296001060","title":"Indiscipline et violence \u00e0 l'\u00e9cole ; \u00e9tudes europ\u00e9ennes","description":"Indiscipline, agressivit\u00e9, violence, d\u00e9linquance sont des mots qui \u00e9voquent des ph\u00e9nom\u00e8nes pouvant caract\u00e9riser le climat de certaines \u00e9coles des pays occidentaux. C'est cette situation qu'analyse cet ouvrage, cherchant \u00e0 d\u00e9finir plus pr\u00e9cis\u00e9ment le sens de la violence, \u00e0 montrer les interrelations entre violence scolaire et intention d\u00e9mocratique, \u00e0 mieux mesurer aussi, \u00e0 partir de son \u00e9tude dans trois pays - Espagne, France, Portugal, - les capacit\u00e9s d'une recherche en la mati\u00e8re.\r","authors":["Teresa Estrela","Louis Marmoz"],"category_codes":["1000000","1060000","1060300"],"visuals":{"large":"https:\/\/images.epagine.fr\/060\/9782296001060_1_75.jpg","medium":"https:\/\/images.epagine.fr\/060\/9782296001060_1_m.jpg","thumbnail":"https:\/\/images.epagine.fr\/060\/9782296001060_1_v.jpg"},"orderable":true,"show_badge":true,"formatted_price":"23,00&nbsp;\u20ac","formatted_published_date":"15 janvier 2006","publisher_availability_label":"Sur commande","short_details":"Teresa Estrela, Louis Marmoz \u2014 \u00c9ditions L'Harmattan","translator":null,"weight":310,"page_count":248,"readership":null,"editor":"\u00c9ditions L'Harmattan","price":2300,"published_date":"2006-01-14T23:00:00.000000Z","support":"Grand format","publisher_availability":1,"stock":0,"editions":[],"url":"https:\/\/quaidesbrumes.com\/ouvrage\/9782296001060\/indiscipline-et-violence-a-lecole-etudes-europeennes"},{"id":"9782012528758","title":"Catalogue gal[1], [Tome I-XI]. Table des mati\u00e8res tomes IX et X, 1876-1885 (\u00c9d.1867-1888)","description":"Catalogue g\u00e9n\u00e9ral de la librairie fran\u00e7aise.... [1], [Tome I-XI]. Table des mati\u00e8res des tomes IX et X, 1876-1885 \/ par Otto Lorenz...\r\nDate de l'\u00e9dition originale : 1867-1888\r\n\r\nLe pr\u00e9sent ouvrage s'inscrit dans une politique de conservation patrimoniale des ouvrages de la litt\u00e9rature Fran\u00e7aise mise en place avec la BNF.\r\nHACHETTE LIVRE et la BNF proposent ainsi un catalogue de titres indisponibles, la BNF ayant num\u00e9ris\u00e9 ces oeuvres et HACHETTE LIVRE les imprimant \u00e0 la demande.\r\nCertains de ces ouvrages refl\u00e8tent des courants de pens\u00e9e caract\u00e9ristiques de leur \u00e9poque, mais qui seraient aujourd'hui jug\u00e9s condamnables.\r\nIls n'en appartiennent pas moins \u00e0 l'histoire des id\u00e9es en France et sont susceptibles de pr\u00e9senter un int\u00e9r\u00eat scientifique ou historique.\r\nLe sens de notre d\u00e9marche \u00e9ditoriale consiste ainsi \u00e0 permettre l'acc\u00e8s \u00e0 ces oeuvres sans pour autant que nous en cautionnions en aucune fa\u00e7on le contenu.\r\n\r\nPour plus d'informations, rendez-vous sur www.hachettebnf.fr","authors":["Lorenz Otto"],"category_codes":["1000000","1060000","1060200"],"visuals":{"large":"https:\/\/images.epagine.fr\/758\/9782012528758_1_75.jpg","medium":"https:\/\/images.epagine.fr\/758\/9782012528758_1_m.jpg","thumbnail":"https:\/\/images.epagine.fr\/758\/9782012528758_1_v.jpg"},"orderable":true,"show_badge":true,"formatted_price":"34,40&nbsp;\u20ac","formatted_published_date":"1er mai 2012","publisher_availability_label":"Sur commande","short_details":"Lorenz Otto \u2014 Hachette BNF","translator":null,"weight":887,"page_count":640,"readership":null,"editor":"Hachette BNF","price":3440,"published_date":"2012-04-30T22:00:00.000000Z","support":"Grand format","publisher_availability":1,"stock":0,"editions":[],"url":"https:\/\/quaidesbrumes.com\/ouvrage\/9782012528758\/catalogue-gal1-tome-i-xi-table-des-matieres-tomes-ix-et-x-1876-1885-ed1867-1888"},{"id":"9782200269395","title":"Comment mesurer la d\u00e9linquance ?","description":"Dire que la criminalit\u00e9 augmente ou diminue, c'est bien. Pouvoir l'affirmer sur des bases incontestables, ce serait mieux... Que la police et la justice agissent, c'est bien. Qu'elles le fassent en pleine ma\u00eetrise du sujet, sans porter le handicap d'une mauvaise connaissance de la d\u00e9linquance, ce serait mieux...\r\nOr, on constate un hiatus entre la n\u00e9cessit\u00e9 pour la soci\u00e9t\u00e9 de se doter, sur une base exp\u00e9rimentale fiable, des moyens ad\u00e9quats de lutte contre le crime et la d\u00e9linquance, et la valeur souvent relative, voire approximative des proc\u00e9dures d'appr\u00e9ciation de ces ph\u00e9nom\u00e8nes. Un hiatus qui laisse libre cours soit \u00e0 la d\u00e9magogie r\u00e9pressive, soit au laisser-aller aveugle, et dans lequel s'enracinent bien des erreurs d'orientation des politiques de s\u00e9curit\u00e9.\r\nMais est-il vraiment possible de mesurer la criminalit\u00e9 ? Sur quelles donn\u00e9es doit-on s'appuyer, et comment ? Le pr\u00e9sent ouvrage apporte de pr\u00e9cieux \u00e9l\u00e9ments de r\u00e9ponse. Sur la base d'une enqu\u00eate de terrain de nature in\u00e9dite en Europe, portant sur l'implication dans la d\u00e9linquance d'un groupe de toxicomanes, Marcelo F. Aebi fait jouer les grands indicateurs que sont les ant\u00e9c\u00e9dents policiers, les condamnations judiciaires et les donn\u00e9es d'enqu\u00eate sur les d\u00e9lits commis et sur les d\u00e9lits subis, et en tire des conclusions significatives.\r\nCe livre, qui s'adresse \u00e0 tous les professionnels et futurs professionnels des m\u00e9tiers de s\u00e9curit\u00e9, retiendra aussi l'attention des d\u00e9cideurs politiques et administratifs et de tous ceux qui entendent aborder la probl\u00e9matique de la d\u00e9linquance sur des bases mieux assur\u00e9es.\r\n\r\nMarcelo F. AEBI est professeur de criminologie \u00e0 l'Universit\u00e9 de Lausanne et \u00e0 l'Universit\u00e9 Autonome de Barcelone. Il est \u00e9galement expert scientifique aupr\u00e8s du Conseil de l'Europe et secr\u00e9taire ex\u00e9cutif de la Soci\u00e9t\u00e9 europ\u00e9enne de criminologie.\r\nPr\u00e9face de Martin Killias.\r\nOuvrage publi\u00e9 avec le concours de l'Office f\u00e9d\u00e9ral de la sant\u00e9 publique (OFSP) Suisse.","authors":["Aebi M F."],"category_codes":["9000000","9120000","9120200"],"visuals":{"large":"https:\/\/images.epagine.fr\/395\/9782200269395_1_75.jpg","medium":"https:\/\/images.epagine.fr\/395\/9782200269395_1_m.jpg","thumbnail":"https:\/\/images.epagine.fr\/395\/9782200269395_1_v.jpg"},"orderable":true,"show_badge":true,"formatted_price":"42,00&nbsp;\u20ac","formatted_published_date":"5 mai 2006","publisher_availability_label":"Sur commande","short_details":"Aebi M F. \u2014 Armand Colin","translator":null,"weight":450,"page_count":352,"readership":null,"editor":"Armand Colin","price":4200,"published_date":"2006-05-04T22:00:00.000000Z","support":"Grand format","publisher_availability":1,"stock":0,"editions":[],"url":"https:\/\/quaidesbrumes.com\/ouvrage\/9782200269395\/comment-mesurer-la-delinquance"},{"id":"3455281307053","title":"Les cahiers de la securite n.57 ; incivilites dans les espaces publics et commerciaux","description":"Gare, bureau de poste, parc, grand magasin ou galerie marchande : un espace ouvert au public n'est pas seulement le lieu de possibles incivilit\u00e9s. Il est aussi un r\u00e9servoir de civilit\u00e9 : la fa\u00e7on dont ses usagers - clients, employ\u00e9s, gestionnaires - l'occupent contribue \u00e0 sa \" qualit\u00e9 \", donc \u00e0 sa s\u00e9curit\u00e9. C'est l'objet et toute l'originalit\u00e9 de cette \u00e9tude pr\u00e9sent\u00e9e comme un dialogue in\u00e9dit entre chercheurs et responsables d'espaces accueillant un large public.\r\nSommaire d\u00e9taill\u00e9 de ce num\u00e9ro :\r\n\r\n- Incivilit\u00e9s et travail de civilit\u00e9 (Pierre Vidal-Naquet, Sophie Ti\u00e9vant)\r\n- La gestion identitaire des incivilit\u00e9s par les agents de la SNCF et de la Poste (Christophe Castano, Elena Sautkina, Sarah Amador, Aim\u00e9e Casal)\r\n- Les incivilit\u00e9s dans les bureaux de poste (Catherine M\u00e9vel, Thierry Oblet, Agn\u00e8s Villechaise-Dupont)\r\n- D\u00e9bat citoyen sur les incivilit\u00e9s et la relation-client dans les bureaux de poste (Avis du groupe de clients-citoyens)\r\n- Concilier service et s\u00fbret\u00e9. Une nouvelle exigence pour la SNCF (Pascal Andr\u00e9)\r\n- Repenser la s\u00e9curit\u00e9 dans un grand magasin parisien (Entretien avec Pascal Depoortere, r\u00e9alis\u00e9 par Anne Wyvekens)\r\n- Le parc de la Villette, \u00eelot de civilit\u00e9 (Sophie Ti\u00e9vant)\r\nRep\u00e8res\r\nArr\u00eat sur Archives\r\nChronique internationale\r\n- Les services de renseignement am\u00e9ricains sont-ils r\u00e9formables ? (Thierry Vircoulon)\r\nDu 11 septembre au National Security and Intelligence Act (James Sheptycki)\r\n- Dans la machine construite sur la criminalit\u00e9 transnationale. R\u00e9flexions sur les transformations des paysages policiers nationaux (Franck Gregory)\r\n- \u00c9largissement de l'Union europ\u00e9enne en 2004 et alignement sur l'acquis communautaire en mati\u00e8re de Justice et Affaires int\u00e9rieures. Adh\u00e9sion des \u00c9tats Baltes.\r\nVers des polices europ\u00e9ennes oe\r\nPar le Groupe de diagnostic de s\u00e9curit\u00e9 e la 15e session (2003-2004) de l'IHESI\r\n- Vers des polices europ\u00e9ennes oe\r\nActualit\u00e9s\r\nColloques et rencontres\r\n- Nomination ; \u00e9tat civil, identit\u00e9. Colloque, Toulouse-I, 5-6 avril 2005 (Pierre Piazza)\r\nNote bibliographique (Fr\u00e9d\u00e9ric Ocqueteau)\r\nR\u00e9sum\u00e9s en anglais\r","authors":["Collectif"],"category_codes":["1000000","1060000","1060300"],"visuals":{"large":"https:\/\/images.epagine.fr\/053\/3455281307053_1_75.jpg","medium":"https:\/\/images.epagine.fr\/053\/3455281307053_1_m.jpg","thumbnail":"https:\/\/images.epagine.fr\/053\/3455281307053_1_v.jpg"},"orderable":true,"show_badge":true,"formatted_price":"18,00&nbsp;\u20ac","formatted_published_date":"4 octobre 2005","publisher_availability_label":"Sur commande","short_details":"Collectif \u2014 Documentation Fran\u00e7aise","translator":null,"weight":0,"page_count":null,"readership":null,"editor":"Documentation Fran\u00e7aise","price":1800,"published_date":"2005-10-03T22:00:00.000000Z","support":"Grand format","publisher_availability":1,"stock":0,"editions":[],"url":"https:\/\/quaidesbrumes.com\/ouvrage\/3455281307053\/les-cahiers-de-la-securite-n57-incivilites-dans-les-espaces-publics-et-commerciaux"},{"id":"9782914699136","title":"De grande comore","description":null,"authors":["Collectif"],"category_codes":["1000000","1060000","1060100"],"visuals":{"large":"https:\/\/quaidesbrumes.com\/img\/book-placeholder.png","medium":"https:\/\/quaidesbrumes.com\/img\/book-placeholder.png","thumbnail":"https:\/\/quaidesbrumes.com\/img\/book-placeholder.png"},"orderable":true,"show_badge":true,"formatted_price":"21,00&nbsp;\u20ac","formatted_published_date":"30 novembre 2004","publisher_availability_label":"Sur commande","short_details":"Collectif \u2014 Khiasma Sud","translator":null,"weight":501,"page_count":null,"readership":null,"editor":"Khiasma Sud","price":2100,"published_date":"2004-11-29T23:00:00.000000Z","support":"Grand format","publisher_availability":1,"stock":0,"editions":[],"url":"https:\/\/quaidesbrumes.com\/ouvrage\/9782914699136\/de-grande-comore"},{"id":"9782862764450","title":"Marseille porte du sud - ne","description":"En 1926, au retour d'un reportage en pologne, albert londres se lance dans un projet qui lui tenait \u00e0 coeur depuis tr\u00e8s longtemps : s'arr\u00eater - pour une fois - \u00e0 marseille, et faire le portrait de cette ville d\u00e9j\u00e0 cosmopolite, ouverte sur le monde, et qui n'a \u00e9t\u00e9 jusqu'ici pour lui qu'une br\u00e8ve \u00e9tape.\r\n Con\u00e7us d\u00e8s le d\u00e9part pour aboutir \u00e0 un livre, les douze articles qui constituent ce reportage seront publi\u00e9s dans l'\u00e9t\u00e9 1926\r","authors":["Londres"],"category_codes":["1000000","1060000","1060100"],"visuals":{"large":"https:\/\/images.epagine.fr\/450\/9782862764450_1_75.jpg","medium":"https:\/\/images.epagine.fr\/450\/9782862764450_1_m.jpg","thumbnail":"https:\/\/images.epagine.fr\/450\/9782862764450_1_v.jpg"},"orderable":true,"show_badge":true,"formatted_price":"17,00&nbsp;\u20ac","formatted_published_date":"16 mai 2006","publisher_availability_label":"Sur commande","short_details":"Londres \u2014 Jeanne Laffitte","translator":null,"weight":322,"page_count":165,"readership":null,"editor":"Jeanne Laffitte","price":1700,"published_date":"2006-05-15T22:00:00.000000Z","support":"Grand format","publisher_availability":1,"stock":0,"editions":[],"url":"https:\/\/quaidesbrumes.com\/ouvrage\/9782862764450\/marseille-porte-du-sud-ne"},{"id":"9782296001268","title":"La terre de berrouaghia","description":"L'auteur, n\u00e9 en 1928 \u00e0 Berrouaghia, nous livre ici ses m\u00e9moires qui retracent l'histoire d'une famille de pieds-noirs en Alg\u00e9rie. Le r\u00e9cit commence en 1946 pour se terminer en 1962 en s'attardant plus sp\u00e9cifiquement sur la p\u00e9riode 1954-1962. Cet ouvrage, tr\u00e8s document\u00e9, illustre bien l'itin\u00e9raire qui a conduit un jeune pied-noir - n'ayant rien d'un va-t-en guerre - \u00e0 s'engager, pour ce qu'il a estim\u00e9 \u00eatre un devoir, dans un combat qu'il ne souhaitait pas mais qu'il assume.\r","authors":["Garnier-Grizot P."],"category_codes":["1000000","1060000"],"visuals":{"large":"https:\/\/images.epagine.fr\/268\/9782296001268_1_75.jpg","medium":"https:\/\/images.epagine.fr\/268\/9782296001268_1_m.jpg","thumbnail":"https:\/\/images.epagine.fr\/268\/9782296001268_1_v.jpg"},"orderable":true,"show_badge":true,"formatted_price":"26,00&nbsp;\u20ac","formatted_published_date":"2 f\u00e9vrier 2006","publisher_availability_label":"Sur commande","short_details":"Garnier-Grizot P. \u2014 \u00c9ditions L'Harmattan","translator":null,"weight":382,"page_count":280,"readership":null,"editor":"\u00c9ditions L'Harmattan","price":2600,"published_date":"2006-02-01T23:00:00.000000Z","support":"Grand format","publisher_availability":1,"stock":0,"editions":[],"url":"https:\/\/quaidesbrumes.com\/ouvrage\/9782296001268\/la-terre-de-berrouaghia"},{"id":"9782296002128","title":"Une petite mal elevee","description":"La vie d'une presque centenaire pr\u00e9sente tout naturellement de la diversit\u00e9. Au d\u00e9part, deux familles qui ont un point commun : la bourgeoisie, mais que tout le reste s\u00e9pare : l'origine, l'\u00e9ducation, le \"rang\". Ce livre essaie de donner le point de vue de la petite fille issue de ces deux alliances. L'ab\u00eeme est bien difficile \u00e0 combler pour cet enfant de dix ans. Elle ne le comblera pas et c'est de ce foss\u00e9 infranchissable qu'est n\u00e9 le livre.\r","authors":["Raymonde Weil"],"category_codes":["1000000","1060000","1060100"],"visuals":{"large":"https:\/\/images.epagine.fr\/128\/9782296002128_1_75.jpg","medium":"https:\/\/images.epagine.fr\/128\/9782296002128_1_m.jpg","thumbnail":"https:\/\/images.epagine.fr\/128\/9782296002128_1_v.jpg"},"orderable":true,"show_badge":true,"formatted_price":"15,00&nbsp;\u20ac","formatted_published_date":"2 f\u00e9vrier 2006","publisher_availability_label":"Sur commande","short_details":"Raymonde Weil \u2014 \u00c9ditions L'Harmattan","translator":null,"weight":176,"page_count":145,"readership":null,"editor":"\u00c9ditions L'Harmattan","price":1500,"published_date":"2006-02-01T23:00:00.000000Z","support":"Grand format","publisher_availability":1,"stock":0,"editions":[],"url":"https:\/\/quaidesbrumes.com\/ouvrage\/9782296002128\/une-petite-mal-elevee"},{"id":"9782296022997","title":"Une croisi\u00e8re africaine","description":"Diplomate suisse en poste \u00e0 Yaound\u00e9 dans les ann\u00e9es 1980, jacques Rial a profit\u00e9 de ses rares moments de libert\u00e9 pour explorer l'un des plus beaux fleuves du sud du pays: le Nyong, qui fend la for\u00eat \u00e9quatoriale sur 700 kilom\u00e8tres avant de se jeter dans le golfe de Guin\u00e9e. Ce livre est le r\u00e9cit de la d\u00e9couverte de ces eaux sauvages, dans lequel se m\u00ealent des sc\u00e8nes de la vie quotidienne ou professionnelle, des souvenirs amusants et parfois plus dramatiques.\r","authors":["Jacques Rial"],"category_codes":["1000000","1060000","1060100"],"visuals":{"large":"https:\/\/images.epagine.fr\/997\/9782296022997_1_75.jpg","medium":"https:\/\/images.epagine.fr\/997\/9782296022997_1_m.jpg","thumbnail":"https:\/\/images.epagine.fr\/997\/9782296022997_1_v.jpg"},"orderable":true,"show_badge":true,"formatted_price":"18,00&nbsp;\u20ac","formatted_published_date":"1er f\u00e9vrier 2007","publisher_availability_label":"Sur commande","short_details":"Jacques Rial \u2014 \u00c9ditions L'Harmattan","translator":null,"weight":230,"page_count":160,"readership":null,"editor":"\u00c9ditions L'Harmattan","price":1800,"published_date":"2007-01-31T23:00:00.000000Z","support":"Grand format","publisher_availability":1,"stock":0,"editions":[],"url":"https:\/\/quaidesbrumes.com\/ouvrage\/9782296022997\/une-croisiere-africaine"}]}