{"data":[{"id":"9782747596367","title":"Le baya","description":"Exil\u00e9e de Guin\u00e9e, Aldianna, apr\u00e8s une longue odyss\u00e9e, parvient finalement en C\u00f4te d'Ivoire o\u00f9 un riche ministre r\u00e9alise ses lubies. Elle va bient\u00f4t devenir l'objet de convoitises et susciter une lutte sans merci entre deux pr\u00e9tendants, se retrouvant ainsi au centre d'enjeux qui vont vite la d\u00e9passer. Cette fiction-r\u00e9alit\u00e9 m\u00eale habilement autobiographie et hommage \u00e0 toutes les apatrides d\u00e9racin\u00e9es de la plan\u00e8te, en particulier une compatriote de l'auteur qui connut, apr\u00e8s un mariage pr\u00e9sidentiel, un tragique destin en C\u00f4te d'Ivoire.","authors":["Bali de Yeimb\u00e9rein"],"category_codes":["1000000","1010000"],"visuals":{"large":"https:\/\/images.epagine.fr\/367\/9782747596367_1_75.jpg","medium":"https:\/\/images.epagine.fr\/367\/9782747596367_1_m.jpg","thumbnail":"https:\/\/images.epagine.fr\/367\/9782747596367_1_v.jpg"},"orderable":true,"show_badge":true,"formatted_price":"24,00&nbsp;\u20ac","formatted_published_date":"2 d\u00e9cembre 2005","publisher_availability_label":"Sur commande","short_details":"Bali de Yeimb\u00e9rein \u2014 \u00c9ditions L'Harmattan","translator":null,"weight":310,"page_count":290,"readership":null,"editor":"\u00c9ditions L'Harmattan","price":2400,"published_date":"2005-12-01T23:00:00.000000Z","support":"Grand format","publisher_availability":1,"stock":0,"editions":[],"url":"https:\/\/quaidesbrumes.com\/ouvrage\/9782747596367\/le-baya"},{"id":"9782747591959","title":"La vallee de memoire - chronique d'un pays et de gens qui y ont vecu","description":"Apr\u00e8s un survol des premi\u00e8res traces de l'histoire dans la p\u00e9ninsule armoricaine et de l'arriv\u00e9e des immigrants de Grande-Bretagne et d'Irlande, l'auteur expose les dures conditions de vie apr\u00e8s le Moyen Age, dues aux invasions normandes, au brigandage, aux guerres et aux \u00e9pid\u00e9mies. Puis c'est la r\u00e9volution qui bouleverse la physionomie du pays, qui va \u00eatre accentu\u00e9e par l'arriv\u00e9e du train et de l'electricit\u00e9. Une histoire qui est celle de nombreuses communes de la Bretagne int\u00e9rieure, dans laquelle beaucoup de lecteurs reconna\u00eetront leurs racines.","authors":["Paul Georgelin"],"category_codes":["1000000","1060000"],"visuals":{"large":"https:\/\/images.epagine.fr\/959\/9782747591959_1_75.jpg","medium":"https:\/\/images.epagine.fr\/959\/9782747591959_1_m.jpg","thumbnail":"https:\/\/images.epagine.fr\/959\/9782747591959_1_v.jpg"},"orderable":true,"show_badge":true,"formatted_price":"17,50&nbsp;\u20ac","formatted_published_date":"2 septembre 2005","publisher_availability_label":"Sur commande","short_details":"Paul Georgelin \u2014 \u00c9ditions L'Harmattan","translator":null,"weight":200,"page_count":177,"readership":null,"editor":"\u00c9ditions L'Harmattan","price":1750,"published_date":"2005-09-01T22:00:00.000000Z","support":"Grand format","publisher_availability":1,"stock":0,"editions":[],"url":"https:\/\/quaidesbrumes.com\/ouvrage\/9782747591959\/la-vallee-de-memoire-chronique-dun-pays-et-de-gens-qui-y-ont-vecu"},{"id":"9782916010052","title":"Sept ecrivians pour mozart","description":"Pour Mozart des \u00e9crivains et des traducteurs donnent la parole \u00e0 quelques grands auteurs de la litt\u00e9rature europ\u00e9enne que ce g\u00e9nie de la musique a habit\u00e9s et inspir\u00e9s.\r\nMozart, ce compositeur aim\u00e9 de moi comme nul autre. Thomas Bernhard","authors":["Collectif"],"category_codes":["1000000","1060000","1060100"],"visuals":{"large":"https:\/\/images.epagine.fr\/052\/9782916010052_1_75.jpg","medium":"https:\/\/images.epagine.fr\/052\/9782916010052_1_m.jpg","thumbnail":"https:\/\/images.epagine.fr\/052\/9782916010052_1_v.jpg"},"orderable":true,"show_badge":true,"formatted_price":"10,00&nbsp;\u20ac","formatted_published_date":"5 janvier 2006","publisher_availability_label":"Sur commande","short_details":"Collectif \u2014 Corlevour","translator":null,"weight":105,"page_count":92,"readership":null,"editor":"Corlevour","price":1000,"published_date":"2006-01-04T23:00:00.000000Z","support":"Grand format","publisher_availability":1,"stock":0,"editions":[],"url":"https:\/\/quaidesbrumes.com\/ouvrage\/9782916010052\/sept-ecrivians-pour-mozart"},{"id":"9782952407410","title":"Tofino beach","description":"\r\n            \" ibiza ou tofino ? tr\u00e8s vite la question a \u00e9t\u00e9 ibiza ou marc ? ibiza, ses nuits, ses bo\u00eetes, ses mecs beaux, bronz\u00e9s, excit\u00e9s et excitants, julio.\r\n ou marc.  qui m'avait laiss\u00e9 tomber, abandonn\u00e9.  j'ai h\u00e9sit\u00e9.  et puis, sans trop savoir pourquoi, j'ai choisi marc.  \" c'est bien connu : l'amour vous tombe dessus au moment o\u00fa vous vous y attendez le moins, et c'est peu dire que jean-christophe ne s'y attend pas, absorb\u00e9 par les mille et un plaisirs qui font le quotidien d'un c\u00e9libataire gay.  quand il d\u00e9barque sur l'\u00eele de vancouver o\u00fa son meilleur ami a refait sa vie, jean-christophe ignore que le meilleur reste \u00e0 venir, \u00e0 quelques pas de l\u00e0, sur la plage de tofino.\r\n entre \u00e9rotisme truculent et humour d\u00e9cal\u00e9, tofino beach est une r\u00e9flexion sur ce qui pourrait bien \u00eatre l'irr\u00e9sistible tentation d'aimer.  et si le meilleur moyen de r\u00e9sister \u00e0 la tentation, c'\u00e9tait pr\u00e9cis\u00e9ment d'y succomber ? r\u00e9ponse d\u00e9tonante dans l'autobiographie imaginaire de jean-christophe dardenne. \r\n        ","authors":["Dardenne J-C"],"category_codes":["1000000","1060000","1060100"],"visuals":{"large":"https:\/\/images.epagine.fr\/410\/9782952407410_1_75.jpg","medium":"https:\/\/images.epagine.fr\/410\/9782952407410_1_m.jpg","thumbnail":"https:\/\/images.epagine.fr\/410\/9782952407410_1_v.jpg"},"orderable":true,"show_badge":true,"formatted_price":"14,50&nbsp;\u20ac","formatted_published_date":"6 f\u00e9vrier 2006","publisher_availability_label":"Sur commande","short_details":"Dardenne J-C \u2014 Adventice","translator":null,"weight":240,"page_count":257,"readership":null,"editor":"Adventice","price":1450,"published_date":"2006-02-05T23:00:00.000000Z","support":"Grand format","publisher_availability":1,"stock":0,"editions":[],"url":"https:\/\/quaidesbrumes.com\/ouvrage\/9782952407410\/tofino-beach"},{"id":"9782012528611","title":"Catalogue des manuscrits et documents originaux relatifs \u00e0 l'histoire de la ville de Metz (\u00c9d.1850)","description":"Catalogue des manuscrits et documents originaux relatifs \u00e0 l'histoire de la ville de Metz et du pays messin : provenant du cabinet de feu M. le Cte Emmery \/ [par \u00c9.-J. Lecouteux]\r\nDate de l'\u00e9dition originale : 1850\r\n\r\nLe pr\u00e9sent ouvrage s'inscrit dans une politique de conservation patrimoniale des ouvrages de la litt\u00e9rature Fran\u00e7aise mise en place avec la BNF.\r\nHACHETTE LIVRE et la BNF proposent ainsi un catalogue de titres indisponibles, la BNF ayant num\u00e9ris\u00e9 ces oeuvres et HACHETTE LIVRE les imprimant \u00e0 la demande.\r\nCertains de ces ouvrages refl\u00e8tent des courants de pens\u00e9e caract\u00e9ristiques de leur \u00e9poque, mais qui seraient aujourd'hui jug\u00e9s condamnables.\r\nIls n'en appartiennent pas moins \u00e0 l'histoire des id\u00e9es en France et sont susceptibles de pr\u00e9senter un int\u00e9r\u00eat scientifique ou historique.\r\nLe sens de notre d\u00e9marche \u00e9ditoriale consiste ainsi \u00e0 permettre l'acc\u00e8s \u00e0 ces oeuvres sans pour autant que nous en cautionnions en aucune fa\u00e7on le contenu.\r\n\r\nPour plus d'informations, rendez-vous sur www.hachettebnf.fr","authors":["Lecouteux Etienne-J."],"category_codes":["1000000","1060000","1060200"],"visuals":{"large":"https:\/\/images.epagine.fr\/611\/9782012528611_1_75.jpg","medium":"https:\/\/images.epagine.fr\/611\/9782012528611_1_m.jpg","thumbnail":"https:\/\/images.epagine.fr\/611\/9782012528611_1_v.jpg"},"orderable":true,"show_badge":true,"formatted_price":"21,50&nbsp;\u20ac","formatted_published_date":"1er mai 2012","publisher_availability_label":"Sur commande","short_details":"Lecouteux Etienne-J. \u2014 Hachette BNF","translator":null,"weight":395,"page_count":278,"readership":null,"editor":"Hachette BNF","price":2150,"published_date":"2012-04-30T22:00:00.000000Z","support":"Grand format","publisher_availability":1,"stock":0,"editions":[],"url":"https:\/\/quaidesbrumes.com\/ouvrage\/9782012528611\/catalogue-des-manuscrits-et-documents-originaux-relatifs-a-lhistoire-de-la-ville-de-metz-ed1850"},{"id":"9782747591348","title":"Gautier et le secret cathare","description":"Au d\u00e9but du XIII\u00e8me si\u00e8cle, dans le sud de la France encore domin\u00e9 par la Catalogne et les Comt\u00e9s de Foix et de Toulouse, commence l'histoire d'amour qui va donner naissance \u00e0 un enfant extraordinaire. Gautier va grandir et se pr\u00e9parer \u00e0 un destin fabuleux. Dans son premier roman, Daniel Brienne, passionn\u00e9 d'histoire et d'arch\u00e9ologie, ressucite l'empeinte des Romains et des Templiers en terres Cathares.","authors":["Daniel Brienne"],"category_codes":["1000000","1060000"],"visuals":{"large":"https:\/\/images.epagine.fr\/348\/9782747591348_1_75.jpg","medium":"https:\/\/images.epagine.fr\/348\/9782747591348_1_m.jpg","thumbnail":"https:\/\/images.epagine.fr\/348\/9782747591348_1_v.jpg"},"orderable":true,"show_badge":true,"formatted_price":"20,00&nbsp;\u20ac","formatted_published_date":"2 octobre 2005","publisher_availability_label":"Sur commande","short_details":"Daniel Brienne \u2014 \u00c9ditions L'Harmattan","translator":null,"weight":240,"page_count":210,"readership":null,"editor":"\u00c9ditions L'Harmattan","price":2000,"published_date":"2005-10-01T22:00:00.000000Z","support":"Grand format","publisher_availability":1,"stock":0,"editions":[],"url":"https:\/\/quaidesbrumes.com\/ouvrage\/9782747591348\/gautier-et-le-secret-cathare"},{"id":"9782747592253","title":"La vie ordinaire ou quand le destin s'emmele","description":"\"En Juin 2001, alors que j'\u00e9tais assistante sociale dans un office HLM, mon univers a bascul\u00e9 suite \u00e0 une grave agression dans le cadre de mon travail. Agress\u00e9e par un locataire avec une hache et bless\u00e9e gri\u00e8vement, je raconte le parcours du combattant pour se reconstruire, affronter les administrations, la justice et comment petit \u00e0 petit je retrouve le go\u00fbt de vivre.L'\u00e9motion et l'humour se c\u00f4toient dans une courte promenade pour raconter, la violence physique et morale, les blessures visibles et invisibles\".","authors":["Anne Passot"],"category_codes":["1000000","1060000"],"visuals":{"large":"https:\/\/images.epagine.fr\/253\/9782747592253_1_75.jpg","medium":"https:\/\/images.epagine.fr\/253\/9782747592253_1_m.jpg","thumbnail":"https:\/\/images.epagine.fr\/253\/9782747592253_1_v.jpg"},"orderable":true,"show_badge":true,"formatted_price":"12,00&nbsp;\u20ac","formatted_published_date":"2 octobre 2005","publisher_availability_label":"Sur commande","short_details":"Anne Passot \u2014 \u00c9ditions L'Harmattan","translator":null,"weight":120,"page_count":102,"readership":null,"editor":"\u00c9ditions L'Harmattan","price":1200,"published_date":"2005-10-01T22:00:00.000000Z","support":"Grand format","publisher_availability":1,"stock":0,"editions":[],"url":"https:\/\/quaidesbrumes.com\/ouvrage\/9782747592253\/la-vie-ordinaire-ou-quand-le-destin-semmele"},{"id":"9782013421287","title":"Bibliographie de la ville de colmar","description":"Bibliographie de la ville de Colmar \/ par Andr\u00e9 Waltz,...\r\nDate de l'\u00e9dition originale : 1902 Sujet de l'ouvrage : Colmar (Haut-Rhin) -- Bibliographie Ce livre est la reproduction fid\u00e8le d'une oeuvre publi\u00e9e avant 1920 et fait partie d'une collection de livres r\u00e9imprim\u00e9s \u00e0 la demande \u00e9dit\u00e9e par Hachette Livre, dans le cadre d'un partenariat avec la Biblioth\u00e8que nationale de France, offrant l'opportunit\u00e9 d'acc\u00e9der \u00e0 des ouvrages anciens et souvent rares issus des fonds patrimoniaux de la BnF.\r\nLes oeuvres faisant partie de cette collection ont \u00e9t\u00e9 num\u00e9ris\u00e9es par la BnF et sont pr\u00e9sentes sur Gallica, sa biblioth\u00e8que num\u00e9rique.\r\n\r\nEn entreprenant de redonner vie \u00e0 ces ouvrages au travers d'une collection de livres r\u00e9imprim\u00e9s \u00e0 la demande, nous leur donnons la possibilit\u00e9 de rencontrer un public \u00e9largi et participons \u00e0 la transmission de connaissances et de savoirs parfois difficilement accessibles.\r\nNous avons cherch\u00e9 \u00e0 concilier la reproduction fid\u00e8le d'un livre ancien \u00e0 partir de sa version num\u00e9ris\u00e9e avec le souci d'un confort de lecture optimal. Nous esp\u00e9rons que les ouvrages de cette nouvelle collection vous apporteront enti\u00e8re satisfaction.\r\n\r\nPour plus d'informations, rendez-vous sur www.hachettebnf.fr","authors":["Waltz"],"category_codes":["1000000","1060000","1060200"],"visuals":{"large":"https:\/\/images.epagine.fr\/287\/9782013421287_1_75.jpg","medium":"https:\/\/images.epagine.fr\/287\/9782013421287_1_m.jpg","thumbnail":"https:\/\/images.epagine.fr\/287\/9782013421287_1_v.jpg"},"orderable":true,"show_badge":true,"formatted_price":"33,00&nbsp;\u20ac","formatted_published_date":"1er septembre 2014","publisher_availability_label":"Sur commande","short_details":"Waltz \u2014 Hachette BNF","translator":null,"weight":792,"page_count":null,"readership":null,"editor":"Hachette BNF","price":3300,"published_date":"2014-08-31T22:00:00.000000Z","support":"Grand format","publisher_availability":1,"stock":0,"editions":[],"url":"https:\/\/quaidesbrumes.com\/ouvrage\/9782013421287\/bibliographie-de-la-ville-de-colmar"},{"id":"9782915056372","title":"J'ai commence par un joint","description":"H\u00e9l\u00e8ne est n\u00e9e en banlieue parisienne, elle vit avec sa soeur et ses parents. Son p\u00e8re est commer\u00e7ant, sa m\u00e8re, femme au foyer. Elle m\u00e8ne une vie \" normale \" dans un environnement classique, sans heurt du moins.Comme beaucoup d'adolescentes, le monde des adultes la rebute, elle le voit noir, petit, difficile, repoussant. C'est l'alcool qui sera le point de d\u00e9part d'une spirale qui la m\u00e8nera aux enfers.A 12 ans, elle finit les verres, le soir, quand sa famille est partie se coucher. Tr\u00e8s vite, elle sombre dans l'alcool et fume de l'herbe. Personne ne s'en rend compte, ni sa famille ni ses professeurs. En quelques ann\u00e9es, elle est devenue junkie, elle vit de squat en squat, ses amis ou compagnons de route meurent les uns apr\u00e8s les autres d'overdoses ; chaque jour est une course effr\u00e9n\u00e9e apr\u00e8s sa dose... jusqu'\u00e0 la premi\u00e8re tentative de suicide qui la m\u00e8ne de force au centre anti-drogue. Mais \u00e0 nouveau dehors, c'est la drogue qui l'emporte et la spirale qui reprend.H\u00e9l\u00e8ne s'en sort \u00e0 l'\u00e2ge de 18 ans apr\u00e8s six ann\u00e9es g\u00e2ch\u00e9es qui ont failli lui co\u00fbter la vie.","authors":["Helene De Com2filles"],"category_codes":["1000000","1060000"],"visuals":{"large":"https:\/\/images.epagine.fr\/372\/9782915056372_1_75.jpg","medium":"https:\/\/images.epagine.fr\/372\/9782915056372_1_m.jpg","thumbnail":"https:\/\/images.epagine.fr\/372\/9782915056372_1_v.jpg"},"orderable":true,"show_badge":true,"formatted_price":"18,90&nbsp;\u20ac","formatted_published_date":"27 avril 2006","publisher_availability_label":"Sur commande","short_details":"Helene De Com2filles \u2014 Oh !","translator":null,"weight":364,"page_count":240,"readership":null,"editor":"Oh !","price":1890,"published_date":"2006-04-26T22:00:00.000000Z","support":"Grand format","publisher_availability":1,"stock":0,"editions":[],"url":"https:\/\/quaidesbrumes.com\/ouvrage\/9782915056372\/jai-commence-par-un-joint"},{"id":"9782350040356","title":"Indira gandhi","description":"Indira Gandhi a \u00e9t\u00e9 une des femmes les plus puissantes du monde, parmi les premi\u00e8res \u00e0 diriger une d\u00e9mocratie moderne.\r\nEt pas n'importe laquelle : la plus grande de notre plan\u00e8te, bient\u00f4t peut-\u00eatre la premi\u00e8re \u00e9conomiquement ! Elle a h\u00e9rit\u00e9 de la sagesse de traditions mill\u00e9naires, montr\u00e9 autant d'intuition politique que de passion maternelle. Vingt ans apr\u00e8s sa mort, la dynastie qu'elle a contribu\u00e9 \u00e0 cr\u00e9er continue \u00e0 influencer la destin\u00e9e de l'Inde.","authors":["La Borie G D."],"category_codes":["1000000","1060000"],"visuals":{"large":"https:\/\/images.epagine.fr\/356\/9782350040356_1_75.jpg","medium":"https:\/\/images.epagine.fr\/356\/9782350040356_1_m.jpg","thumbnail":"https:\/\/images.epagine.fr\/356\/9782350040356_1_v.jpg"},"orderable":true,"show_badge":true,"formatted_price":"12,15&nbsp;\u20ac","formatted_published_date":"13 avril 2006","publisher_availability_label":"Sur commande","short_details":"La Borie G D. \u2014 \u00c9ditions Buchet\/Chastel","translator":null,"weight":180,"page_count":140,"readership":null,"editor":"\u00c9ditions Buchet\/Chastel","price":1215,"published_date":"2006-04-12T22:00:00.000000Z","support":"Grand format","publisher_availability":1,"stock":0,"editions":[],"url":"https:\/\/quaidesbrumes.com\/ouvrage\/9782350040356\/indira-gandhi"},{"id":"9782747595018","title":"Agir pour l'\u00e9ducation des filles en Afrique subsaharienne francophone","description":"Cet ouvrage pr\u00e9sente une synth\u00e8se des politiques et des mesures prises en faveur de l'\u00e9ducation des filles et s'efforce d'\u00e9valuer leurs r\u00e9sultats. Il analyse un large \u00e9ventail d'initiatives et dresse un panorama statistique de la situation dans cette r\u00e9gion. Il identifie les approches les plus prometteuses et les domaines prioritaires pour le d\u00e9veloppement de l'\u00e9ducation des filles en Afrique subsaharienne francophone.","authors":["Vittoria Cavicchioni"],"category_codes":["8000000","8010000","8010800"],"visuals":{"large":"https:\/\/images.epagine.fr\/018\/9782747595018_1_75.jpg","medium":"https:\/\/images.epagine.fr\/018\/9782747595018_1_m.jpg","thumbnail":"https:\/\/images.epagine.fr\/018\/9782747595018_1_v.jpg"},"orderable":true,"show_badge":true,"formatted_price":"19,00&nbsp;\u20ac","formatted_published_date":"1er d\u00e9cembre 2005","publisher_availability_label":"Sur commande","short_details":"Vittoria Cavicchioni \u2014 \u00c9ditions L'Harmattan","translator":null,"weight":260,"page_count":208,"readership":null,"editor":"\u00c9ditions L'Harmattan","price":1900,"published_date":"2005-11-30T23:00:00.000000Z","support":"Grand format","publisher_availability":1,"stock":0,"editions":[],"url":"https:\/\/quaidesbrumes.com\/ouvrage\/9782747595018\/agir-pour-leducation-des-filles-en-afrique-subsaharienne-francophone"},{"id":"9782747590778","title":"C'est ma ville ! : De l'appropriation et du d\u00e9tournement de l'espace public","description":"La ville est un espace de vie mais aussi un lieu de passage qui pr\u00f4ne la mobilit\u00e9 des individus. L'espace urbain offre un univers d'images et de messages, d'usages et d'expressions de soi, et ne manque pas d'\u00eatre d\u00e9tourn\u00e9 par ceux qui tentent de sortir du bien fameux \"anonymat des grandes villes\". Cet ouvrage s'int\u00e9resse aux mani\u00e8res dont les habitants de m\u00e9tropoles europ\u00e9ennes, africaines et am\u00e9ricaines se repr\u00e9sentent l'espace urbain et nous il interpelle sur les modes d'appropriation et de d\u00e9tournement de la ville.","authors":["Nicolas Hossard"],"category_codes":["9000000","9120000","9120200"],"visuals":{"large":"https:\/\/images.epagine.fr\/778\/9782747590778_1_75.jpg","medium":"https:\/\/images.epagine.fr\/778\/9782747590778_1_m.jpg","thumbnail":"https:\/\/images.epagine.fr\/778\/9782747590778_1_v.jpg"},"orderable":true,"show_badge":true,"formatted_price":"28,00&nbsp;\u20ac","formatted_published_date":"1er octobre 2005","publisher_availability_label":"Sur commande","short_details":"Nicolas Hossard \u2014 \u00c9ditions L'Harmattan","translator":null,"weight":295,"page_count":286,"readership":null,"editor":"\u00c9ditions L'Harmattan","price":2800,"published_date":"2005-09-30T22:00:00.000000Z","support":"Grand format","publisher_availability":1,"stock":0,"editions":[],"url":"https:\/\/quaidesbrumes.com\/ouvrage\/9782747590778\/cest-ma-ville-de-lappropriation-et-du-detournement-de-lespace-public"},{"id":"9782747591362","title":"M\u00e9moires","description":"Robert Verdier incarne un demi-si\u00e8cle d'histoire socialiste fran\u00e7aise et surtout une esp\u00e8ce rare d'homme politique: peu soucieux de faire carri\u00e8re et pourtant tr\u00e8s pr\u00e9sent, toute une g\u00e9n\u00e9ration durant, sur un terrain capital mais m\u00e9connu, la social-d\u00e9mocratie \u00e0 la fran\u00e7aise. Loyal \u00e0 la social-d\u00e9mocratie et \u00e0 quelques hommes choisis qui, \u00e0 ses yeux, l'incarnent, son exp\u00e9rience des \"all\u00e9es du pouvoir\" nous vaut quelques portraits d\u00e9finitifs. Un grand apport de ces M\u00e9moires tient dans la reconstitution de toute une soci\u00e9t\u00e9 social-d\u00e9mocrate trop longtemps laiss\u00e9e dans l'ombre.","authors":["Robert Verdier"],"category_codes":["9000000","9050000","9050200"],"visuals":{"large":"https:\/\/images.epagine.fr\/362\/9782747591362_1_75.jpg","medium":"https:\/\/images.epagine.fr\/362\/9782747591362_1_m.jpg","thumbnail":"https:\/\/images.epagine.fr\/362\/9782747591362_1_v.jpg"},"orderable":true,"show_badge":true,"formatted_price":"24,00&nbsp;\u20ac","formatted_published_date":"1er octobre 2005","publisher_availability_label":"Sur commande","short_details":"Robert Verdier \u2014 \u00c9ditions L'Harmattan","translator":null,"weight":330,"page_count":240,"readership":null,"editor":"\u00c9ditions L'Harmattan","price":2400,"published_date":"2005-09-30T22:00:00.000000Z","support":"Grand format","publisher_availability":1,"stock":0,"editions":[],"url":"https:\/\/quaidesbrumes.com\/ouvrage\/9782747591362\/memoires"},{"id":"9782012528727","title":"Catalogue g\u00e9n\u00e9ral de la librairie fran\u00e7aise. Tome V. 1866-1875, A-H (\u00c9d.1867-1888)","description":"Catalogue g\u00e9n\u00e9ral de la librairie fran\u00e7aise.... [1], [Tome I-XI]. 1866-1875, A-H \/ par Otto Lorenz...\r\nDate de l'\u00e9dition originale : 1867-1888\r\n\r\nLe pr\u00e9sent ouvrage s'inscrit dans une politique de conservation patrimoniale des ouvrages de la litt\u00e9rature Fran\u00e7aise mise en place avec la BNF.\r\nHACHETTE LIVRE et la BNF proposent ainsi un catalogue de titres indisponibles, la BNF ayant num\u00e9ris\u00e9 ces oeuvres et HACHETTE LIVRE les imprimant \u00e0 la demande.\r\nCertains de ces ouvrages refl\u00e8tent des courants de pens\u00e9e caract\u00e9ristiques de leur \u00e9poque, mais qui seraient aujourd'hui jug\u00e9s condamnables.\r\nIls n'en appartiennent pas moins \u00e0 l'histoire des id\u00e9es en France et sont susceptibles de pr\u00e9senter un int\u00e9r\u00eat scientifique ou historique.\r\nLe sens de notre d\u00e9marche \u00e9ditoriale consiste ainsi \u00e0 permettre l'acc\u00e8s \u00e0 ces oeuvres sans pour autant que nous en cautionnions en aucune fa\u00e7on le contenu.\r\n\r\nPour plus d'informations, rendez-vous sur www.hachettebnf.fr","authors":["Lorenz Otto"],"category_codes":["1000000","1060000","1060200"],"visuals":{"large":"https:\/\/images.epagine.fr\/727\/9782012528727_1_75.jpg","medium":"https:\/\/images.epagine.fr\/727\/9782012528727_1_m.jpg","thumbnail":"https:\/\/images.epagine.fr\/727\/9782012528727_1_v.jpg"},"orderable":true,"show_badge":true,"formatted_price":"36,00&nbsp;\u20ac","formatted_published_date":"1er mai 2012","publisher_availability_label":"Sur commande","short_details":"Lorenz Otto \u2014 Hachette BNF","translator":null,"weight":940,"page_count":680,"readership":null,"editor":"Hachette BNF","price":3600,"published_date":"2012-04-30T22:00:00.000000Z","support":"Grand format","publisher_availability":1,"stock":0,"editions":[],"url":"https:\/\/quaidesbrumes.com\/ouvrage\/9782012528727\/catalogue-general-de-la-librairie-francaise-tome-v-1866-1875-a-h-ed1867-1888"},{"id":"9782747586986","title":"Une adolescence a alger - (1958-1962)","description":"Apr\u00e8s avoir d\u00e9crit, dans Une enfance kabyle, la souffrance et la pauvret\u00e9 dans son village de Kabylie de 1955 \u00e0 1958, l'auteur nous emm\u00e8ne \u00e0 Alger. Adolescent, il d\u00e9couvre la jungle citadine. Pendant quatre ans, il vivra des exp\u00e9riences novatrices, exercera divers m\u00e9tiers, avant que la guerre ne transforme sa vie \u00e0 jamais.","authors":["Kheffache M-A."],"category_codes":["1000000","1060000"],"visuals":{"large":"https:\/\/images.epagine.fr\/986\/9782747586986_1_75.jpg","medium":"https:\/\/images.epagine.fr\/986\/9782747586986_1_m.jpg","thumbnail":"https:\/\/images.epagine.fr\/986\/9782747586986_1_v.jpg"},"orderable":true,"show_badge":true,"formatted_price":"19,00&nbsp;\u20ac","formatted_published_date":"1er janvier 2006","publisher_availability_label":"Sur commande","short_details":"Kheffache M-A. \u2014 \u00c9ditions L'Harmattan","translator":null,"weight":285,"page_count":198,"readership":null,"editor":"\u00c9ditions L'Harmattan","price":1900,"published_date":"2005-12-31T23:00:00.000000Z","support":"Grand format","publisher_availability":1,"stock":0,"editions":[],"url":"https:\/\/quaidesbrumes.com\/ouvrage\/9782747586986\/une-adolescence-a-alger-1958-1962"},{"id":"9782747596688","title":"Pierre Hamp : Inspecteur du travail et \u00e9crivain humaniste - 1876-1962","description":"Henri Bourrillon fut cuisinier en Angleterre et en Espagne, employ\u00e9 \u00e0 la Cie des chemins de fer, sous-chef de gare, inspecteur du travail, journaliste, directeur d'une usine textile, directeur d'un centre d'apprentissage... Autodidacte connaissant trois langues, il fut aussi militant syndicaliste et politique et soutint l'Arm\u00e9e du Salut. Sous le pseudonyme de Pierre Hamp, il est l'auteur d'une quarantaine d'ouvrages sur la condition ouvri\u00e8re, de pi\u00e8ces de th\u00e9\u00e2tre et de nombreux articles. Ses \u00e9crits portent t\u00e9moignage de la r\u00e9alit\u00e9 sociale d'une \u00e9poque et conservent une surprenante r\u00e9alit\u00e9.","authors":["Dominique Guyot"],"category_codes":["1000000","1060000"],"visuals":{"large":"https:\/\/images.epagine.fr\/688\/9782747596688_1_75.jpg","medium":"https:\/\/images.epagine.fr\/688\/9782747596688_1_m.jpg","thumbnail":"https:\/\/images.epagine.fr\/688\/9782747596688_1_v.jpg"},"orderable":true,"show_badge":true,"formatted_price":"21,00&nbsp;\u20ac","formatted_published_date":"1er janvier 2006","publisher_availability_label":"Sur commande","short_details":"Dominique Guyot \u2014 \u00c9ditions L'Harmattan","translator":null,"weight":340,"page_count":254,"readership":null,"editor":"\u00c9ditions L'Harmattan","price":2100,"published_date":"2005-12-31T23:00:00.000000Z","support":"Grand format","publisher_availability":1,"stock":0,"editions":[],"url":"https:\/\/quaidesbrumes.com\/ouvrage\/9782747596688\/pierre-hamp-inspecteur-du-travail-et-ecrivain-humaniste-1876-1962"},{"id":"9782747596701","title":"Militant \u00e0 15 ans au Parti du Peuple Alg\u00e9rien (PPA) : Le pont de la Libert\u00e9","description":"Dans un petit livre, document\u00e9, pr\u00e9cis et vivant, Hachemi Baghriche parle de sa jeunesse, celle d'un adolescent de Constantine, devenu militant \u00e0 15 ans des \"Amis d'El Ouma\". Il s'agit l\u00e0 d'un document pr\u00e9cieux et unique sur l'histoire du PPA \u00e0 ses d\u00e9buts, dans le Constantinois qui fut l'\u00e9picentre de la r\u00e9volution manqu\u00e9e de Mai 1945. Ce r\u00e9cit est aussi celui de la jeunesse alg\u00e9rienne dont l'h\u00e9ro\u00efsme et la soif de libert\u00e9 suscitent respect et admiration.","authors":["Baghriche Hachemi"],"category_codes":["1000000","1060000"],"visuals":{"large":"https:\/\/images.epagine.fr\/701\/9782747596701_1_75.jpg","medium":"https:\/\/images.epagine.fr\/701\/9782747596701_1_m.jpg","thumbnail":"https:\/\/images.epagine.fr\/701\/9782747596701_1_v.jpg"},"orderable":true,"show_badge":true,"formatted_price":"20,00&nbsp;\u20ac","formatted_published_date":"1er janvier 2006","publisher_availability_label":"Sur commande","short_details":"Baghriche Hachemi \u2014 \u00c9ditions L'Harmattan","translator":null,"weight":270,"page_count":186,"readership":null,"editor":"\u00c9ditions L'Harmattan","price":2000,"published_date":"2005-12-31T23:00:00.000000Z","support":"Grand format","publisher_availability":1,"stock":0,"editions":[],"url":"https:\/\/quaidesbrumes.com\/ouvrage\/9782747596701\/militant-a-15-ans-au-parti-du-peuple-algerien-ppa-le-pont-de-la-liberte"},{"id":"9782747597265","title":"J'avais huit ans en 1940","description":"Petite fille, elle a v\u00e9cu la guerre, la g\u00eane, les humiliations, la mort du p\u00e8re et la maladie. Plus tard, elle a connu la ferveur des engagements militants pour la justice, la paix, la dignit\u00e9, pour le pain et pour une \u00e9cole plus \u00e9mancipatrice. Aujourd'hui grand-m\u00e8re, elle livre en termes simples une chronique de la vie quotidienne \u00e0 l'\u00e9poque de la guerre et de l'apr\u00e8s-guerre. Les d\u00e9ceptions et amertumes de la vie personnelle et militante n'ont pas alt\u00e9r\u00e9 ses convictions premi\u00e8res. Elle ne renie pas ses choix et ses combats humanistes.","authors":["Jeannette Rumin-thom\u00e9"],"category_codes":["1000000","1060000","1060100"],"visuals":{"large":"https:\/\/images.epagine.fr\/265\/9782747597265_1_75.jpg","medium":"https:\/\/images.epagine.fr\/265\/9782747597265_1_m.jpg","thumbnail":"https:\/\/images.epagine.fr\/265\/9782747597265_1_v.jpg"},"orderable":true,"show_badge":true,"formatted_price":"19,00&nbsp;\u20ac","formatted_published_date":"1er janvier 2006","publisher_availability_label":"Sur commande","short_details":"Jeannette Rumin-thom\u00e9 \u2014 \u00c9ditions L'Harmattan","translator":null,"weight":300,"page_count":200,"readership":null,"editor":"\u00c9ditions L'Harmattan","price":1900,"published_date":"2005-12-31T23:00:00.000000Z","support":"Grand format","publisher_availability":1,"stock":0,"editions":[],"url":"https:\/\/quaidesbrumes.com\/ouvrage\/9782747597265\/javais-huit-ans-en-1940"},{"id":"9782747597289","title":"Aventure N\u00e9pal : Livre 1","description":"Un homme se d\u00e9cide pour un voyage, ce sera le N\u00e9pal : mars 2001, randonn\u00e9e Annapurna, 280 km pour 24 jours, avec l'agence Club Aventure. A peine atterri \u00e0 Katmandou, cet homme s'entend r\u00e9clamer : \"Qu'est-ce que ton corps est venu faire ici ?\" Les livres 1 et 2 d'Aventure N\u00e9pal sont les r\u00e9ponses \u00e0 cette question. \"Quel est l'anagramme de N\u00e9pal ?\" r\u00e9clamera m\u00eame le r\u00eave, prouvant s'il en est que l'Aventure en question avait d\u00e8s le d\u00e9part un objectif imp\u00e9ratif, obliger le corps \u00e0 se retourner sur lui-m\u00eame par un ouvert, celui de la Loi.","authors":["Andr\u00e9 Drean"],"category_codes":["1000000","1060000"],"visuals":{"large":"https:\/\/images.epagine.fr\/289\/9782747597289_1_75.jpg","medium":"https:\/\/images.epagine.fr\/289\/9782747597289_1_m.jpg","thumbnail":"https:\/\/images.epagine.fr\/289\/9782747597289_1_v.jpg"},"orderable":true,"show_badge":true,"formatted_price":"25,00&nbsp;\u20ac","formatted_published_date":"1er janvier 2006","publisher_availability_label":"Sur commande","short_details":"Andr\u00e9 Drean \u2014 \u00c9ditions L'Harmattan","translator":null,"weight":445,"page_count":256,"readership":null,"editor":"\u00c9ditions L'Harmattan","price":2500,"published_date":"2005-12-31T23:00:00.000000Z","support":"Grand format","publisher_availability":1,"stock":0,"editions":[],"url":"https:\/\/quaidesbrumes.com\/ouvrage\/9782747597289\/aventure-nepal-livre-1"},{"id":"9782747597531","title":"Quai du soleil","description":"Lyon et son agglom\u00e9ration ont \u00e9t\u00e9, \u00e0 toutes les \u00e9poques, terres de migration et d'accueil. Dans ce r\u00e9cit personnel, souvent autobiographique, qui prend la forme d'un rep\u00e9rage destin\u00e9 au tournage d'un film entre documentaire et fiction, l'auteur d\u00e9crit la ville comme le quai d'un port charg\u00e9 de toutes les \u00e9pices de l'Orient  mais aussi de toutes les d\u00e9rives du monde actuel; il prend plaisir \u00e0 jouer avec l'authentique et l'imaginaire, \u00e0 m\u00ealer souvenirs et fictions. Entre humour grin\u00e7ant et tendresse pour une ville \u00e0 nulle autre pareille.","authors":["Daniel Pelligra"],"category_codes":["1000000","1060000"],"visuals":{"large":"https:\/\/images.epagine.fr\/531\/9782747597531_1_75.jpg","medium":"https:\/\/images.epagine.fr\/531\/9782747597531_1_m.jpg","thumbnail":"https:\/\/images.epagine.fr\/531\/9782747597531_1_v.jpg"},"orderable":true,"show_badge":true,"formatted_price":"13,00&nbsp;\u20ac","formatted_published_date":"1er janvier 2006","publisher_availability_label":"Sur commande","short_details":"Daniel Pelligra \u2014 \u00c9ditions L'Harmattan","translator":null,"weight":135,"page_count":115,"readership":null,"editor":"\u00c9ditions L'Harmattan","price":1300,"published_date":"2005-12-31T23:00:00.000000Z","support":"Grand format","publisher_availability":1,"stock":0,"editions":[],"url":"https:\/\/quaidesbrumes.com\/ouvrage\/9782747597531\/quai-du-soleil"},{"id":"9782012528734","title":"Catalogue g\u00e9n\u00e9ral de la librairie fran\u00e7aise. Tome VI. 1866-1875, I-Z (\u00c9d.1867-1888)","description":"Catalogue g\u00e9n\u00e9ral de la librairie fran\u00e7aise.... [1], [Tome I-XI]. 1866-1875, I-Z \/ par Otto Lorenz...\r\nDate de l'\u00e9dition originale : 1867-1888\r\n\r\nLe pr\u00e9sent ouvrage s'inscrit dans une politique de conservation patrimoniale des ouvrages de la litt\u00e9rature Fran\u00e7aise mise en place avec la BNF.\r\nHACHETTE LIVRE et la BNF proposent ainsi un catalogue de titres indisponibles, la BNF ayant num\u00e9ris\u00e9 ces oeuvres et HACHETTE LIVRE les imprimant \u00e0 la demande.\r\nCertains de ces ouvrages refl\u00e8tent des courants de pens\u00e9e caract\u00e9ristiques de leur \u00e9poque, mais qui seraient aujourd'hui jug\u00e9s condamnables.\r\nIls n'en appartiennent pas moins \u00e0 l'histoire des id\u00e9es en France et sont susceptibles de pr\u00e9senter un int\u00e9r\u00eat scientifique ou historique.\r\nLe sens de notre d\u00e9marche \u00e9ditoriale consiste ainsi \u00e0 permettre l'acc\u00e8s \u00e0 ces oeuvres sans pour autant que nous en cautionnions en aucune fa\u00e7on le contenu.\r\n\r\nPour plus d'informations, rendez-vous sur www.hachettebnf.fr","authors":["Lorenz Otto"],"category_codes":["1000000","1060000","1060200"],"visuals":{"large":"https:\/\/images.epagine.fr\/734\/9782012528734_1_75.jpg","medium":"https:\/\/images.epagine.fr\/734\/9782012528734_1_m.jpg","thumbnail":"https:\/\/images.epagine.fr\/734\/9782012528734_1_v.jpg"},"orderable":true,"show_badge":true,"formatted_price":"38,00&nbsp;\u20ac","formatted_published_date":"1er mai 2012","publisher_availability_label":"Sur commande","short_details":"Lorenz Otto \u2014 Hachette BNF","translator":null,"weight":1000,"page_count":724,"readership":null,"editor":"Hachette BNF","price":3800,"published_date":"2012-04-30T22:00:00.000000Z","support":"Grand format","publisher_availability":1,"stock":0,"editions":[],"url":"https:\/\/quaidesbrumes.com\/ouvrage\/9782012528734\/catalogue-general-de-la-librairie-francaise-tome-vi-1866-1875-i-z-ed1867-1888"},{"id":"9782747597678","title":"La foi et les jeunes - jeunes filles musulmanes et chretiennes en dialogue interreligieux","description":"L'auteur, animateur de rue en banlieue parisienne, rencontre r\u00e9guli\u00e8rement des adolescents. Dans cet ouvrage, il explore les ann\u00e9es d\u00e9cisives de construction progressive de la personnalit\u00e9 des pr\u00e9-adolescentes immigr\u00e9es. Bien plus que les gar\u00e7ons, elles n'\u00e9vacuent pas leur dimension religieuse, elles sont \"les t\u00eates chercheuses\" de l'humanit\u00e9 de demain.","authors":["Louis Seguier"],"category_codes":["7000000","7010000","7010600"],"visuals":{"large":"https:\/\/images.epagine.fr\/678\/9782747597678_1_75.jpg","medium":"https:\/\/images.epagine.fr\/678\/9782747597678_1_m.jpg","thumbnail":"https:\/\/images.epagine.fr\/678\/9782747597678_1_v.jpg"},"orderable":true,"show_badge":true,"formatted_price":"12,50&nbsp;\u20ac","formatted_published_date":"1er janvier 2006","publisher_availability_label":"Sur commande","short_details":"Louis Seguier \u2014 \u00c9ditions L'Harmattan","translator":null,"weight":130,"page_count":114,"readership":null,"editor":"\u00c9ditions L'Harmattan","price":1250,"published_date":"2005-12-31T23:00:00.000000Z","support":"Grand format","publisher_availability":1,"stock":0,"editions":[],"url":"https:\/\/quaidesbrumes.com\/ouvrage\/9782747597678\/la-foi-et-les-jeunes-jeunes-filles-musulmanes-et-chretiennes-en-dialogue-interreligieux"},{"id":"9782012528741","title":"Catalogue g\u00e9n\u00e9ral de la librairie fran\u00e7aise. Tome X. 1876-1885, I-Z (\u00c9d.1867-1888)","description":"Catalogue g\u00e9n\u00e9ral de la librairie fran\u00e7aise.... [1], [Tome I-XI]. 1876-1885, I-Z \/ par Otto Lorenz...\r\nDate de l'\u00e9dition originale : 1867-1888\r\n\r\nLe pr\u00e9sent ouvrage s'inscrit dans une politique de conservation patrimoniale des ouvrages de la litt\u00e9rature Fran\u00e7aise mise en place avec la BNF.\r\nHACHETTE LIVRE et la BNF proposent ainsi un catalogue de titres indisponibles, la BNF ayant num\u00e9ris\u00e9 ces oeuvres et HACHETTE LIVRE les imprimant \u00e0 la demande.\r\nCertains de ces ouvrages refl\u00e8tent des courants de pens\u00e9e caract\u00e9ristiques de leur \u00e9poque, mais qui seraient aujourd'hui jug\u00e9s condamnables.\r\nIls n'en appartiennent pas moins \u00e0 l'histoire des id\u00e9es en France et sont susceptibles de pr\u00e9senter un int\u00e9r\u00eat scientifique ou historique.\r\nLe sens de notre d\u00e9marche \u00e9ditoriale consiste ainsi \u00e0 permettre l'acc\u00e8s \u00e0 ces oeuvres sans pour autant que nous en cautionnions en aucune fa\u00e7on le contenu.\r\n\r\nPour plus d'informations, rendez-vous sur www.hachettebnf.fr","authors":["Lorenz Otto"],"category_codes":["1000000","1060000","1060200"],"visuals":{"large":"https:\/\/images.epagine.fr\/741\/9782012528741_1_75.jpg","medium":"https:\/\/images.epagine.fr\/741\/9782012528741_1_m.jpg","thumbnail":"https:\/\/images.epagine.fr\/741\/9782012528741_1_v.jpg"},"orderable":true,"show_badge":true,"formatted_price":"39,50&nbsp;\u20ac","formatted_published_date":"1er mai 2012","publisher_availability_label":"Sur commande","short_details":"Lorenz Otto \u2014 Hachette BNF","translator":null,"weight":1070,"page_count":776,"readership":null,"editor":"Hachette BNF","price":3950,"published_date":"2012-04-30T22:00:00.000000Z","support":"Grand format","publisher_availability":1,"stock":0,"editions":[],"url":"https:\/\/quaidesbrumes.com\/ouvrage\/9782012528741\/catalogue-general-de-la-librairie-francaise-tome-x-1876-1885-i-z-ed1867-1888"},{"id":"9782747599757","title":"Enfants dans le commerce du sexe : Etat des lieux, \u00e9tat d'urgence","description":"Ph\u00e9nom\u00e8ne mondial qui semble conna\u00eetre un d\u00e9veloppement sans pr\u00e9c\u00e9dent, la prostitution appara\u00eet comme une des pires formes d'exploitation des enfants. Quels sont ses diff\u00e9rents visages selon les pays ? Quelles en sont les causes ? Comment est organis\u00e9 le trafic ? Y a-t-il un lien entre prostitution des enfants et celle des adultes ? Qui sont les hommes qui paient ces enfants ? Un ouvrage clair et complet pour amener \u00e0 une v\u00e9ritable mobilisation.","authors":["Florence Hodan"],"category_codes":["9000000","9120000","9120400"],"visuals":{"large":"https:\/\/images.epagine.fr\/757\/9782747599757_1_75.jpg","medium":"https:\/\/images.epagine.fr\/757\/9782747599757_1_m.jpg","thumbnail":"https:\/\/images.epagine.fr\/757\/9782747599757_1_v.jpg"},"orderable":true,"show_badge":true,"formatted_price":"16,00&nbsp;\u20ac","formatted_published_date":"1er janvier 2006","publisher_availability_label":"Sur commande","short_details":"Florence Hodan \u2014 \u00c9ditions L'Harmattan","translator":null,"weight":190,"page_count":172,"readership":null,"editor":"\u00c9ditions L'Harmattan","price":1600,"published_date":"2005-12-31T23:00:00.000000Z","support":"Grand format","publisher_availability":1,"stock":0,"editions":[],"url":"https:\/\/quaidesbrumes.com\/ouvrage\/9782747599757\/enfants-dans-le-commerce-du-sexe-etat-des-lieux-etat-durgence"}]}