{"data":[{"id":"9782747590327","title":"D\u00e9livr\u00e9e du vaudou et de la schizophr\u00e9nie","description":null,"authors":["No\u00e9mie Mampuya"],"category_codes":["1000000","1060000","1060100"],"visuals":{"large":"https:\/\/images.epagine.fr\/327\/9782747590327_1_75.jpg","medium":"https:\/\/images.epagine.fr\/327\/9782747590327_1_m.jpg","thumbnail":"https:\/\/images.epagine.fr\/327\/9782747590327_1_v.jpg"},"orderable":true,"show_badge":true,"formatted_price":"12,00&nbsp;\u20ac","formatted_published_date":"15 septembre 2005","publisher_availability_label":"Sur commande","short_details":"No\u00e9mie Mampuya \u2014 \u00c9ditions L'Harmattan","translator":null,"weight":115,"page_count":92,"readership":null,"editor":"\u00c9ditions L'Harmattan","price":1200,"published_date":"2005-09-14T22:00:00.000000Z","support":"Grand format","publisher_availability":1,"stock":0,"editions":[],"url":"https:\/\/quaidesbrumes.com\/ouvrage\/9782747590327\/delivree-du-vaudou-et-de-la-schizophrenie"},{"id":"9782747595247","title":"Des ambulanci\u00e8res dans les combats de la Lib\u00e9ration : Avec les soldats de la 9e Division d'Infanterie Coloniale","description":"Elles ont c\u00f4toy\u00e9 la souffrance des bless\u00e9s, entendu le dernier r\u00e2le des mourants, ferm\u00e9 les yeux de ceux qui n'avaient pu tenir jusqu'\u00e0 la table du chirurgien. Au volant de leurs ambulances, de jour comme de nuit, leur mission \u00e9tait de transporter les victimes du champ de bataille, dans les meilleurs d\u00e9lais, sur toutes les routes, par tous les temps. Pour jalonner leur course contre la mort : l'ennemi embusqu\u00e9, les mines, les \u00e9clats d'obus, les balles perdues... Elles \u00e9taient une trentaine. Leur chef, l'auteur, t\u00e9moigne de leur odyss\u00e9e.\r","authors":["Suzanne Lefort-Rouquette"],"category_codes":["1000000","1060000"],"visuals":{"large":"https:\/\/images.epagine.fr\/247\/9782747595247_1_75.jpg","medium":"https:\/\/images.epagine.fr\/247\/9782747595247_1_m.jpg","thumbnail":"https:\/\/images.epagine.fr\/247\/9782747595247_1_v.jpg"},"orderable":true,"show_badge":true,"formatted_price":"18,00&nbsp;\u20ac","formatted_published_date":"15 novembre 2005","publisher_availability_label":"Sur commande","short_details":"Suzanne Lefort-Rouquette \u2014 \u00c9ditions L'Harmattan","translator":null,"weight":200,"page_count":186,"readership":null,"editor":"\u00c9ditions L'Harmattan","price":1800,"published_date":"2005-11-14T23:00:00.000000Z","support":"Grand format","publisher_availability":1,"stock":0,"editions":[],"url":"https:\/\/quaidesbrumes.com\/ouvrage\/9782747595247\/des-ambulancieres-dans-les-combats-de-la-liberation-avec-les-soldats-de-la-9e-division-dinfanterie-coloniale"},{"id":"9782747595155","title":"40 ans qui ont transform\u00e9 le monde","description":"Ce livre de souvenirs porte sur les 40 ann\u00e9es que l'auteur, diplomate \u00e9gyptien de culture fran\u00e7aise, a pass\u00e9es au service des Nations Unies et de l'UNESCO.  Cet ouvrage est le r\u00e9cit d'une vie de service qui refl\u00e8te tous les changements d'un monde, \u00e0 la lumi\u00e8re maintes fois \u00e9voqu\u00e9e de l'appartenance jamais oubli\u00e9e de l'auteur \u00e0 l'Orient de sa jeunesse.\r","authors":["Hanna Saba"],"category_codes":["1000000","1060000"],"visuals":{"large":"https:\/\/images.epagine.fr\/155\/9782747595155_1_75.jpg","medium":"https:\/\/images.epagine.fr\/155\/9782747595155_1_m.jpg","thumbnail":"https:\/\/images.epagine.fr\/155\/9782747595155_1_v.jpg"},"orderable":true,"show_badge":true,"formatted_price":"26,50&nbsp;\u20ac","formatted_published_date":"2 novembre 2005","publisher_availability_label":"Sur commande","short_details":"Hanna Saba \u2014 \u00c9ditions L'Harmattan","translator":null,"weight":310,"page_count":286,"readership":null,"editor":"\u00c9ditions L'Harmattan","price":2650,"published_date":"2005-11-01T23:00:00.000000Z","support":"Grand format","publisher_availability":1,"stock":0,"editions":[],"url":"https:\/\/quaidesbrumes.com\/ouvrage\/9782747595155\/40-ans-qui-ont-transforme-le-monde"},{"id":"9782716506687","title":"Rosalie, un amour pour la vie","description":"Quand elle quitte sa ferme natale pour \u00e9tudier \u00e0 la ville, la vie de Rosalie bascule dans l'inconnue. La Lib\u00e9ration vient de passer par l\u00e0 et l'amour frappe \u00e0 la porte sous les traits du myst\u00e9rieux fils de sa logeuse.\r\nD\u00e8s le premier regard, la jeune paysanne reconna\u00eet en lui le futur compagnon de ses bonheurs et de ses peines. L'affaire n'est pourtant pas gagn\u00e9e : en ce temps-l\u00e0, ce sont les parents qui choisissent un mari pour leur fille...\r\nCe livre s'adresse \u00e0 un large public amateur de \u00ab litt\u00e9rature de terroir \u00bb\r","authors":["Rosalie Firholz"],"category_codes":["1000000","1060000","1060200"],"visuals":{"large":"https:\/\/images.epagine.fr\/687\/9782716506687_1_75.jpg","medium":"https:\/\/images.epagine.fr\/687\/9782716506687_1_m.jpg","thumbnail":"https:\/\/images.epagine.fr\/687\/9782716506687_1_v.jpg"},"orderable":true,"show_badge":true,"formatted_price":"15,00&nbsp;\u20ac","formatted_published_date":"9 septembre 2005","publisher_availability_label":"Sur commande","short_details":"Rosalie Firholz \u2014 La Nu\u00e9e Bleue","translator":null,"weight":250,"page_count":176,"readership":null,"editor":"La Nu\u00e9e Bleue","price":1500,"published_date":"2005-09-08T22:00:00.000000Z","support":"Grand format","publisher_availability":1,"stock":0,"editions":[],"url":"https:\/\/quaidesbrumes.com\/ouvrage\/9782716506687\/rosalie-un-amour-pour-la-vie"},{"id":"9782747594981","title":"Passager sans bagage ; de la R\u00e9volution russe de 1917 \u00e0 la Deuxi\u00e8me Guerre mondiale 1939-1945","description":"Le jour suivant l'arrestation de ma m\u00e8re, mes deux fr\u00e8res avaient \u00e9t\u00e9 pr\u00e9venus que, sur un ordre de L\u00e9nine, en provenance de Moscou, les veuves et les enfants des otages ex\u00e9cut\u00e9s devaient \u00eatre \u00e9galement supprim\u00e9s. La veille, les amis et voisins avaient rapport\u00e9 \u00e0 Madame Miquel, devenue chef de famille que des listes se trouvaient  placard\u00e9es en ville, avec les noms et les pr\u00e9noms de ceux qui \u00e9taient condamn\u00e9s \u00e0 mort. Y figuraient en bonne place les trois fr\u00e8res Kapnist, Dimitry, Pavel et Serge. Aussi pas un instant \u00e0 perdre, en cette grande urgence.\r","authors":["Serge Kapnist"],"category_codes":["1000000","1060000"],"visuals":{"large":"https:\/\/images.epagine.fr\/981\/9782747594981_1_75.jpg","medium":"https:\/\/images.epagine.fr\/981\/9782747594981_1_m.jpg","thumbnail":"https:\/\/images.epagine.fr\/981\/9782747594981_1_v.jpg"},"orderable":true,"show_badge":true,"formatted_price":"22,50&nbsp;\u20ac","formatted_published_date":"2 novembre 2005","publisher_availability_label":"Sur commande","short_details":"Serge Kapnist \u2014 \u00c9ditions L'Harmattan","translator":null,"weight":310,"page_count":222,"readership":null,"editor":"\u00c9ditions L'Harmattan","price":2250,"published_date":"2005-11-01T23:00:00.000000Z","support":"Grand format","publisher_availability":1,"stock":0,"editions":[],"url":"https:\/\/quaidesbrumes.com\/ouvrage\/9782747594981\/passager-sans-bagage-de-la-revolution-russe-de-1917-a-la-deuxieme-guerre-mondiale-1939-1945"},{"id":"9782747595209","title":"La tasse de the","description":"A Paris le narrateur, fils d'\u00e9migr\u00e9 russe, raconte l'occupation allemande avec un collabo pour voisin. Son p\u00e8re et ses compagnons relatent les aventures qui les ont conduits de la Mer Noire \u00e0 la France \u00e0 travers deux guerres mondiales et une guerre civile. Chez ses parents, au milieu de la table tr\u00f4nait une bouilloire bien chaude. Elle rempla\u00e7ait le samovar. Dans la vapeur qui en sortait, chacun retrouvait un visage lointain, une bataille, une steppe, un bois de bouleaux. Alors s'\u00e9levaient ces chansons de la terre russe qui viennent du fond des tripes, comme un sacrifice ou un chant d'espoir.\r","authors":["Tikhomiroff A."],"category_codes":["1000000","1060000"],"visuals":{"large":"https:\/\/images.epagine.fr\/209\/9782747595209_1_75.jpg","medium":"https:\/\/images.epagine.fr\/209\/9782747595209_1_m.jpg","thumbnail":"https:\/\/images.epagine.fr\/209\/9782747595209_1_v.jpg"},"orderable":true,"show_badge":true,"formatted_price":"15,00&nbsp;\u20ac","formatted_published_date":"2 novembre 2005","publisher_availability_label":"Sur commande","short_details":"Tikhomiroff A. \u2014 \u00c9ditions L'Harmattan","translator":null,"weight":170,"page_count":null,"readership":null,"editor":"\u00c9ditions L'Harmattan","price":1500,"published_date":"2005-11-01T23:00:00.000000Z","support":"Grand format","publisher_availability":1,"stock":0,"editions":[],"url":"https:\/\/quaidesbrumes.com\/ouvrage\/9782747595209\/la-tasse-de-the"},{"id":"9782296000803","title":"Souvenirs germano-francais des annees brunes - des ponts par-dessus l'abime","description":"Cet ouvrage, r\u00e9dig\u00e9 peu avant la mort de Henri Brunswic (allemand d'origine juive), retrace les multiples aventures d'un \"banni de Hitler\". On y apprend \u00e9norm\u00e9ment sur la vie quotidienne des Juifs \u00e0 l'\u00e9poque de la R\u00e9publique de Weimar, durant l'\u00e9migration, dans la France p\u00e9tainiste et post-p\u00e9tainiste o\u00f9 l'antis\u00e9mitisme restait encore virulent. Voici un \u00e9clairage important sur des aspects souvent n\u00e9glig\u00e9s de l'historie des \"ann\u00e9es brunes\".\r","authors":["Henri Brunswic"],"category_codes":["1000000","1060000"],"visuals":{"large":"https:\/\/images.epagine.fr\/803\/9782296000803_1_75.jpg","medium":"https:\/\/images.epagine.fr\/803\/9782296000803_1_m.jpg","thumbnail":"https:\/\/images.epagine.fr\/803\/9782296000803_1_v.jpg"},"orderable":true,"show_badge":true,"formatted_price":"21,50&nbsp;\u20ac","formatted_published_date":"1er f\u00e9vrier 2006","publisher_availability_label":"Sur commande","short_details":"Henri Brunswic \u2014 \u00c9ditions L'Harmattan","translator":null,"weight":320,"page_count":null,"readership":null,"editor":"\u00c9ditions L'Harmattan","price":2150,"published_date":"2006-01-31T23:00:00.000000Z","support":"Grand format","publisher_availability":1,"stock":0,"editions":[],"url":"https:\/\/quaidesbrumes.com\/ouvrage\/9782296000803\/souvenirs-germano-francais-des-annees-brunes-des-ponts-par-dessus-labime"},{"id":"9782747593809","title":"Thierry D. confessions d'un hooligan","description":"Gar\u00e7on renferm\u00e9, solitaire avec cette impression tenace d'\u00eatre un perp\u00e9tuel incompris, Thierry s'est d\u00e9couvert des amis en empruntant des chemins d'infamie. Dans cette histoire vraie, des premi\u00e8res r\u00e9unions entre nazillons, il se forge un personnage de m\u00e9chant qui trouve un terrain de jeu id\u00e9al dans les stades de football.  Une lente mais terrible descente aux enfers qui amorce sa d\u00e9crue le jour o\u00f9 il d\u00e9couvre \u00e0 la t\u00e9l\u00e9vision les images du gendarme Nivel \u00e9tendu sur le trottoir de Lens. Suivront une d\u00e9pression puis une th\u00e9rapie qui l'am\u00e8neront \u00e0 d\u00e9couvrir une autre fa\u00e7on de voir la vie.\r","authors":["David Justet"],"category_codes":["1000000","1060000"],"visuals":{"large":"https:\/\/images.epagine.fr\/809\/9782747593809_1_75.jpg","medium":"https:\/\/images.epagine.fr\/809\/9782747593809_1_m.jpg","thumbnail":"https:\/\/images.epagine.fr\/809\/9782747593809_1_v.jpg"},"orderable":true,"show_badge":true,"formatted_price":"12,00&nbsp;\u20ac","formatted_published_date":"15 novembre 2005","publisher_availability_label":"Sur commande","short_details":"David Justet \u2014 \u00c9ditions L'Harmattan","translator":null,"weight":120,"page_count":88,"readership":null,"editor":"\u00c9ditions L'Harmattan","price":1200,"published_date":"2005-11-14T23:00:00.000000Z","support":"Grand format","publisher_availability":1,"stock":0,"editions":[],"url":"https:\/\/quaidesbrumes.com\/ouvrage\/9782747593809\/thierry-d-confessions-dun-hooligan"},{"id":"9782012528574","title":"Catalogue des livres rares, singuliers et tr\u00e8s bien conditionn\u00e9s de feu le C. Bonnier (\u00c9d.1800)","description":"Catalogue des livres rares, singuliers et tr\u00e8s bien conditionn\u00e9s de feu le C. Bonnier... Dont la vente se fera en la salle du citoyen Silvestre (le 1 flor\u00e9al an VIII)\r\nDate de l'\u00e9dition originale : 1800\r\n[Vente (Livres). 1800-04-21. Paris, Maison Silvestre][Collection (Livres). Bonnier, C. (ministre pl\u00e9nipotentiaire de la r\u00e9publique fran\u00e7aise au congr\u00e8s de Rastadt). 1800]\r\n\r\nLe pr\u00e9sent ouvrage s'inscrit dans une politique de conservation patrimoniale des ouvrages de la litt\u00e9rature Fran\u00e7aise mise en place avec la BNF.\r\nHACHETTE LIVRE et la BNF proposent ainsi un catalogue de titres indisponibles, la BNF ayant num\u00e9ris\u00e9 ces oeuvres et HACHETTE LIVRE les imprimant \u00e0 la demande.\r\nCertains de ces ouvrages refl\u00e8tent des courants de pens\u00e9e caract\u00e9ristiques de leur \u00e9poque, mais qui seraient aujourd'hui jug\u00e9s condamnables.\r\nIls n'en appartiennent pas moins \u00e0 l'histoire des id\u00e9es en France et sont susceptibles de pr\u00e9senter un int\u00e9r\u00eat scientifique ou historique.\r\nLe sens de notre d\u00e9marche \u00e9ditoriale consiste ainsi \u00e0 permettre l'acc\u00e8s \u00e0 ces oeuvres sans pour autant que nous en cautionnions en aucune fa\u00e7on le contenu.\r\n\r\nPour plus d'informations, rendez-vous sur www.hachettebnf.fr","authors":["Collectif"],"category_codes":["1000000","1060000","1060200"],"visuals":{"large":"https:\/\/images.epagine.fr\/574\/9782012528574_1_75.jpg","medium":"https:\/\/images.epagine.fr\/574\/9782012528574_1_m.jpg","thumbnail":"https:\/\/images.epagine.fr\/574\/9782012528574_1_v.jpg"},"orderable":true,"show_badge":true,"formatted_price":"25,50&nbsp;\u20ac","formatted_published_date":"1er juin 2012","publisher_availability_label":"Sur commande","short_details":"Collectif \u2014 Hachette BNF","translator":null,"weight":524,"page_count":374,"readership":null,"editor":"Hachette BNF","price":2550,"published_date":"2012-05-31T22:00:00.000000Z","support":"Grand format","publisher_availability":1,"stock":0,"editions":[],"url":"https:\/\/quaidesbrumes.com\/ouvrage\/9782012528574\/catalogue-des-livres-rares-singuliers-et-tres-bien-conditionnes-de-feu-le-c-bonnier-ed1800"},{"id":"9782702136058","title":"Une poup\u00e9e qui dit non","description":"Enlev\u00e9e \u00e0 dix-huit ans par des Tsiganes dans sa Bulgarie natale, Galina Valkova devient loeesclave doeun clan mafieux. Prostitution, racket, trafic doe\u00eatres humainsoe Pendant quatre longues ann\u00e9es, contrainte et forc\u00e9e, elle partage leur quotidien et devient la favorite de leur chef. Dans un pays gangren\u00e9 par la corruption, celui-ci impose sa loi et fait r\u00e9gner la terreur. \u00ab Quand je regarde en arri\u00e8re, ce dont je suis stup\u00e9faite, coeest de loeinsensibilit\u00e9 que cette vie avait d\u00e9velopp\u00e9e en moi. Joe\u00e9tais devenue comme lui. Je noe\u00e9prouvais plus rien. Et coeest cela qui me fait le plus mal, aujourdoehui encore. Il ne moea pas seulement battue, viol\u00e9e, vendue et priv\u00e9e de ma dignit\u00e9 en me prostituant. Il moea aussi d\u00e9pouill\u00e9e de tout ce que joeavais doehumain. Il a fait de moi un monstre. Il moea fa\u00e7onn\u00e9e \u00e0 son image. \u00bb \r\nApr\u00e8s plusieurs tentatives de fuite, la chance lui sourit enfin \u00e0 la faveur doeun s\u00e9jour en France. En t\u00e9moignant devant la justice fran\u00e7aise, elle fait lourdement condamner deux de ses prox\u00e9n\u00e8tes. Va-t-elle pouvoir enfin vivre libre ? Et de quoi ? On la f\u00e9licite et on la laisse quitter seule, sans ressources ni protection, le palais de justice de Toulouse. La voil\u00e0 abandonn\u00e9e \u00e0 elle-m\u00eame, en situation pr\u00e9caire sur le territoire fran\u00e7ais alors que son t\u00e9moignage lui interdit tout retour en Bulgarie de crainte de repr\u00e9saillesoe\r\nPendant deux ans encore, la prostitution, loealcool, la drogue la retiennent prise au pi\u00e8ge jusquoe\u00e0 ce que, au prix doeun effort surhumain, gr\u00e2ce \u00e0 une association et \u00e0 quelques amis, elle parvienne \u00e0 soeen extraire et \u00e0 t\u00e9moigner par ce livre. \r\nUne Poup\u00e9e qui dit non relate loeincroyable parcours doeune jeune femme fragile et combative, r\u00e9solue \u00e0 tout braver pour enfin vivre libre et dans la dignit\u00e9.\r","authors":["Galina Valkova"],"category_codes":["1000000","1060000","1060100"],"visuals":{"large":"https:\/\/images.epagine.fr\/058\/9782702136058_1_75.jpg","medium":"https:\/\/images.epagine.fr\/058\/9782702136058_1_m.jpg","thumbnail":"https:\/\/images.epagine.fr\/058\/9782702136058_1_v.jpg"},"orderable":true,"show_badge":true,"formatted_price":"19,90&nbsp;\u20ac","formatted_published_date":"8 mars 2006","publisher_availability_label":"Sur commande","short_details":"Galina Valkova \u2014 Calmann-L\u00e9vy","translator":null,"weight":390,"page_count":265,"readership":null,"editor":"Calmann-L\u00e9vy","price":1990,"published_date":"2006-03-07T23:00:00.000000Z","support":"Grand format","publisher_availability":1,"stock":0,"editions":[],"url":"https:\/\/quaidesbrumes.com\/ouvrage\/9782702136058\/une-poupee-qui-dit-non"},{"id":"9782846121682","title":"Qui c'est celui-l\u00e0 ?","description":"Qui c?est celui-l\u00e0 ? Un po\u00e8te qui manie les notes et les mots comme le faisait Brassens, son parrain dans le m\u00e9tier ! Oui, mais pas seulement. Dans cette ballade autobiographique, l?ami Vassiliu revisite son enfance chaotique, marqu\u00e9e par sa passion pour les chevaux et pour le jazz. Il revient sur son exp\u00e9rience militaire en Alg\u00e9rie o\u00f9, jeune appel\u00e9, il se trouve propuls\u00e9 sans transition dans le monde des adultes.Depuis toujours, la musique est pour lui une alli\u00e9e, une confidente. Elle apaise les douleurs et panse les blessures. Elle lui sert aussi \u00e0 user et abuser de la provoc?.  Et il ne s?en privera pas ! La Femme du sergent, chanson antimilitariste, lui vaut quelques d\u00e9convenues mais l?admiration des copains. Et pour Pierre, l?amiti\u00e9, \u00e7a compte. Apr\u00e8s un passage au fameux Petit Conservatoire de Mireille, il entreprend une tourn\u00e9e des cabarets o\u00f9 il rencontre quelques futures \u00ab pointures \u00bb : Bobby Lapointe, Barbara?Engag\u00e9 sur les tourn\u00e9es des y\u00e9-y\u00e9, il assure les premi\u00e8res parties \u00e0 l?Olympia et croise les mythes de demain : Claude Fran\u00e7ois, Johnny Hallyday, Sylvie Vartan, Julien Clerc, Otis Redding, Ray Charles, les Beatles, Jacques Brel, L\u00e9o Ferr\u00e9, Charles Trenet !  Ce troubadour atypique n?a pas son pareil pour d\u00e9goter un bon plan. Toujours \u00e0 l?aff\u00fbt de bons moments \u00e0 partager avec les amis, de nouvelles rencontres insolites ou improbables), d?exp\u00e9riences in\u00e9dites, Vassiliu est un gourmet de la vie. Et pas question d?en perdre une seule miette !","authors":["Pierre Vassiliu"],"category_codes":["1000000","1060000","1060100"],"visuals":{"large":"https:\/\/images.epagine.fr\/682\/9782846121682_1_75.jpg","medium":"https:\/\/images.epagine.fr\/682\/9782846121682_1_m.jpg","thumbnail":"https:\/\/images.epagine.fr\/682\/9782846121682_1_v.jpg"},"orderable":true,"show_badge":true,"formatted_price":"21,60&nbsp;\u20ac","formatted_published_date":"2 novembre 2005","publisher_availability_label":"Sur commande","short_details":"Pierre Vassiliu \u2014 EDITIONS 1","translator":null,"weight":336,"page_count":235,"readership":null,"editor":"EDITIONS 1","price":2160,"published_date":"2005-11-01T23:00:00.000000Z","support":"Grand format","publisher_availability":1,"stock":0,"editions":[],"url":"https:\/\/quaidesbrumes.com\/ouvrage\/9782846121682\/qui-cest-celui-la"},{"id":"9782013436373","title":"Memoires pour les hommes de couleur. ve partie. annee 1828","description":"M\u00e9moires pour les hommes de couleur. Ve partie. Ann\u00e9e 1828 Date de l'\u00e9dition originale : 1829 Sujet de l'ouvrage : France -- Colonies -- Histoire Ce livre est la reproduction fid\u00e8le d'une oeuvre publi\u00e9e avant 1920 et fait partie d'une collection de livres r\u00e9imprim\u00e9s \u00e0 la demande \u00e9dit\u00e9e par Hachette Livre, dans le cadre d'un partenariat avec la Biblioth\u00e8que nationale de France, offrant l'opportunit\u00e9 d'acc\u00e9der \u00e0 des ouvrages anciens et souvent rares issus des fonds patrimoniaux de la BnF.\r\nLes oeuvres faisant partie de cette collection ont \u00e9t\u00e9 num\u00e9ris\u00e9es par la BnF et sont pr\u00e9sentes sur Gallica, sa biblioth\u00e8que num\u00e9rique.\r\n\r\nEn entreprenant de redonner vie \u00e0 ces ouvrages au travers d'une collection de livres r\u00e9imprim\u00e9s \u00e0 la demande, nous leur donnons la possibilit\u00e9 de rencontrer un public \u00e9largi et participons \u00e0 la transmission de connaissances et de savoirs parfois difficilement accessibles.\r\nNous avons cherch\u00e9 \u00e0 concilier la reproduction fid\u00e8le d'un livre ancien \u00e0 partir de sa version num\u00e9ris\u00e9e avec le souci d'un confort de lecture optimal. Nous esp\u00e9rons que les ouvrages de cette nouvelle collection vous apporteront enti\u00e8re satisfaction.\r\n\r\nPour plus d'informations, rendez-vous sur www.hachettebnf.fr http:\/\/gallica.bnf.fr\/ark:\/12148\/bpt6k5790622t\r","authors":[],"category_codes":["1000000","1060000","1060200"],"visuals":{"large":"https:\/\/images.epagine.fr\/373\/9782013436373_1_75.jpg","medium":"https:\/\/images.epagine.fr\/373\/9782013436373_1_m.jpg","thumbnail":"https:\/\/images.epagine.fr\/373\/9782013436373_1_v.jpg"},"orderable":true,"show_badge":true,"formatted_price":"22,00&nbsp;\u20ac","formatted_published_date":"1er septembre 2014","publisher_availability_label":"Sur commande","short_details":"Hachette BNF","translator":null,"weight":406,"page_count":null,"readership":null,"editor":"Hachette BNF","price":2200,"published_date":"2014-08-31T22:00:00.000000Z","support":"Grand format","publisher_availability":1,"stock":0,"editions":[],"url":"https:\/\/quaidesbrumes.com\/ouvrage\/9782013436373\/memoires-pour-les-hommes-de-couleur-ve-partie-annee-1828"},{"id":"9782747588249","title":"Revue g\u00e9ographie et cultures : les cin\u00e9mas multiplexes ; de nouveaux territoires culturels ?","description":"En moins d'une d\u00e9cennie, les cin\u00e9mas multiplexes se sont impos\u00e9s dans tout le territoire fran\u00e7ais. Objet de toutes les critiques, des plus flatteuses aux plus acerbes, les multiplexes sont d\u00e9sign\u00e9s tant\u00f4t comme les sauveurs du cin\u00e9ma en salles, tant\u00f4t comme les fossoyeurs de l'exception culturelle... Ce num\u00e9ro entend en d\u00e9voiler les ressorts par l'exploration de leurs liens avec le territoire. De l'Angleterre au Qu\u00e9bec et \u00e0 la Lorraine, le multiplexe agit comme un r\u00e9v\u00e9lateur des territoires contemporains, de leurs tensions, de leur mutation et leur r\u00e9sistance sous l'action des logiques \u00e9conomiques et culturelles uniformisantes.\r","authors":["Collectif"],"category_codes":["1000000","1060000","1060300"],"visuals":{"large":"https:\/\/images.epagine.fr\/249\/9782747588249_1_75.jpg","medium":"https:\/\/images.epagine.fr\/249\/9782747588249_1_m.jpg","thumbnail":"https:\/\/images.epagine.fr\/249\/9782747588249_1_v.jpg"},"orderable":true,"show_badge":true,"formatted_price":"19,50&nbsp;\u20ac","formatted_published_date":"15 octobre 2005","publisher_availability_label":"Sur commande","short_details":"Collectif \u2014 \u00c9ditions L'Harmattan","translator":null,"weight":205,"page_count":null,"readership":null,"editor":"\u00c9ditions L'Harmattan","price":1950,"published_date":"2005-10-14T22:00:00.000000Z","support":"Grand format","publisher_availability":1,"stock":0,"editions":[],"url":"https:\/\/quaidesbrumes.com\/ouvrage\/9782747588249\/revue-geographie-et-cultures-les-cinemas-multiplexes-de-nouveaux-territoires-culturels"},{"id":"9782012528673","title":"Catalogue des publications du Mercure de France : d\u00e9cembre 1889 (\u00c9d.1899)","description":"Catalogue des publications du Mercure de France : d\u00e9cembre 1889\r\nDate de l'\u00e9dition originale : 1899\r\nSujet de l'ouvrage : Mercure de France -- Bibliographie -- Catalogues\r\n\r\nLe pr\u00e9sent ouvrage s'inscrit dans une politique de conservation patrimoniale des ouvrages de la litt\u00e9rature Fran\u00e7aise mise en place avec la BNF.\r\nHACHETTE LIVRE et la BNF proposent ainsi un catalogue de titres indisponibles, la BNF ayant num\u00e9ris\u00e9 ces oeuvres et HACHETTE LIVRE les imprimant \u00e0 la demande.\r\nCertains de ces ouvrages refl\u00e8tent des courants de pens\u00e9e caract\u00e9ristiques de leur \u00e9poque, mais qui seraient aujourd'hui jug\u00e9s condamnables.\r\nIls n'en appartiennent pas moins \u00e0 l'histoire des id\u00e9es en France et sont susceptibles de pr\u00e9senter un int\u00e9r\u00eat scientifique ou historique.\r\nLe sens de notre d\u00e9marche \u00e9ditoriale consiste ainsi \u00e0 permettre l'acc\u00e8s \u00e0 ces oeuvres sans pour autant que nous en cautionnions en aucune fa\u00e7on le contenu.\r\n\r\nPour plus d'informations, rendez-vous sur www.hachettebnf.fr","authors":["Collectif"],"category_codes":["1000000","1060000","1060200"],"visuals":{"large":"https:\/\/images.epagine.fr\/673\/9782012528673_1_75.jpg","medium":"https:\/\/images.epagine.fr\/673\/9782012528673_1_m.jpg","thumbnail":"https:\/\/images.epagine.fr\/673\/9782012528673_1_v.jpg"},"orderable":true,"show_badge":true,"formatted_price":"11,00&nbsp;\u20ac","formatted_published_date":"1er mai 2012","publisher_availability_label":"Sur commande","short_details":"Collectif \u2014 Hachette BNF","translator":null,"weight":86,"page_count":49,"readership":null,"editor":"Hachette BNF","price":1100,"published_date":"2012-04-30T22:00:00.000000Z","support":"Grand format","publisher_availability":1,"stock":0,"editions":[],"url":"https:\/\/quaidesbrumes.com\/ouvrage\/9782012528673\/catalogue-des-publications-du-mercure-de-france-decembre-1889-ed1899"},{"id":"9782012528581","title":"Catalogue des livres relatifs \u00e0 l'histoire de la ville de Paris et de ses environs (\u00c9d.1888)","description":"Catalogue des livres relatifs \u00e0 l'histoire de la ville de Paris et de ses environs composant la biblioth\u00e8que de l'abb\u00e9 L. A. N. Bossuet,...\r\nDate de l'\u00e9dition originale : 1888\r\n[Vente (Livres). 1888-04-09 - 1888-04-21. Paris][Collection (Livres). Bossuet, L. A. N. (abb\u00e9). 1888]\r\n\r\nLe pr\u00e9sent ouvrage s'inscrit dans une politique de conservation patrimoniale des ouvrages de la litt\u00e9rature Fran\u00e7aise mise en place avec la BNF.\r\nHACHETTE LIVRE et la BNF proposent ainsi un catalogue de titres indisponibles, la BNF ayant num\u00e9ris\u00e9 ces oeuvres et HACHETTE LIVRE les imprimant \u00e0 la demande.\r\nCertains de ces ouvrages refl\u00e8tent des courants de pens\u00e9e caract\u00e9ristiques de leur \u00e9poque, mais qui seraient aujourd'hui jug\u00e9s condamnables.\r\nIls n'en appartiennent pas moins \u00e0 l'histoire des id\u00e9es en France et sont susceptibles de pr\u00e9senter un int\u00e9r\u00eat scientifique ou historique.\r\nLe sens de notre d\u00e9marche \u00e9ditoriale consiste ainsi \u00e0 permettre l'acc\u00e8s \u00e0 ces oeuvres sans pour autant que nous en cautionnions en aucune fa\u00e7on le contenu.\r\n\r\nPour plus d'informations, rendez-vous sur www.hachettebnf.fr","authors":["Collectif"],"category_codes":["1000000","1060000","1060200"],"visuals":{"large":"https:\/\/images.epagine.fr\/581\/9782012528581_1_75.jpg","medium":"https:\/\/images.epagine.fr\/581\/9782012528581_1_m.jpg","thumbnail":"https:\/\/images.epagine.fr\/581\/9782012528581_1_v.jpg"},"orderable":true,"show_badge":true,"formatted_price":"26,00&nbsp;\u20ac","formatted_published_date":"1er juin 2012","publisher_availability_label":"Sur commande","short_details":"Collectif \u2014 Hachette BNF","translator":null,"weight":552,"page_count":392,"readership":null,"editor":"Hachette BNF","price":2600,"published_date":"2012-05-31T22:00:00.000000Z","support":"Grand format","publisher_availability":1,"stock":0,"editions":[],"url":"https:\/\/quaidesbrumes.com\/ouvrage\/9782012528581\/catalogue-des-livres-relatifs-a-lhistoire-de-la-ville-de-paris-et-de-ses-environs-ed1888"},{"id":"9782747590426","title":"Le fabuleux destin de l'enfant aux pieds nus : La vie d'un pr\u00e9curseur de la m\u00e9decine traditionnelle scientifique","description":"Pr\u00e9curseur dans les domaines du d\u00e9veloppement durable, des plantes m\u00e9dicinales, de la biodiversit\u00e9, la vie du professeur Ratsimamanga laissera dans les esprits qui le c\u00f4toy\u00e8rent une trace ind\u00e9l\u00e9bile d'humanit\u00e9. Elev\u00e9 dans la plus profonde mis\u00e8re, son intelligence alli\u00e9e \u00e0 une volont\u00e9 in\u00e9branlable lui permettent de franchir toutes les \u00e9tapes jusqu'\u00e0 atteindre le CNRS o\u00f9 il mettra au point quatre m\u00e9dicaments majeurs dont le chef de file des cortico\u00efdes. Revenu \u00e0 Madagascar, il allie son savoir scientifique \u00e0 celui des gu\u00e9risseurs dont la pratique s'appuie sur une flore exceptionnelle.\r","authors":["Hai viet Ho"],"category_codes":["1000000","1060000"],"visuals":{"large":"https:\/\/images.epagine.fr\/426\/9782747590426_1_75.jpg","medium":"https:\/\/images.epagine.fr\/426\/9782747590426_1_m.jpg","thumbnail":"https:\/\/images.epagine.fr\/426\/9782747590426_1_v.jpg"},"orderable":true,"show_badge":true,"formatted_price":"23,00&nbsp;\u20ac","formatted_published_date":"15 septembre 2005","publisher_availability_label":"Sur commande","short_details":"Hai viet Ho \u2014 \u00c9ditions L'Harmattan","translator":null,"weight":280,"page_count":252,"readership":null,"editor":"\u00c9ditions L'Harmattan","price":2300,"published_date":"2005-09-14T22:00:00.000000Z","support":"Grand format","publisher_availability":1,"stock":0,"editions":[],"url":"https:\/\/quaidesbrumes.com\/ouvrage\/9782747590426\/le-fabuleux-destin-de-lenfant-aux-pieds-nus-la-vie-dun-precurseur-de-la-medecine-traditionnelle-scientifique"},{"id":"9782226169792","title":"Le Privil\u00e8ge des jonquilles : Journal 7","description":"\u00ab Christophe, le nouveau jardinier, est all\u00e9 ramasser les premi\u00e8res fleurs dans le parc, sous les bois. Il a pos\u00e9 sur le rebord de la fen\u00eatre un bouquet d'or pour moi. Il n'y a jamais eu qu'un jeune homme ici avant lui pour cueillir les fleurs. St\u00e9phane avait le privil\u00e8ge des jonquilles. \u00bb \u00ab Des livres d\u00e9sinvoltes et graves, mani\u00e8res de chefs-d'oeuvre \u00e0 l'allure alti\u00e8re et aux parfums de nostalgie. Un style impeccable, une langue classique qui impose son rythme avec ce qu'il faut de d\u00e9tachement. Sevran est un \u00e9crivain n\u00e9. \u00bb Christian Authier, L'Opinion","authors":["Pascal Sevran"],"category_codes":["1000000","1060000","1060100"],"visuals":{"large":"https:\/\/images.epagine.fr\/792\/9782226169792_1_75.jpg","medium":"https:\/\/images.epagine.fr\/792\/9782226169792_1_m.jpg","thumbnail":"https:\/\/images.epagine.fr\/792\/9782226169792_1_v.jpg"},"orderable":true,"show_badge":true,"formatted_price":"19,80&nbsp;\u20ac","formatted_published_date":"4 janvier 2006","publisher_availability_label":"Sur commande","short_details":"Pascal Sevran \u2014 Albin Michel","translator":null,"weight":430,"page_count":300,"readership":null,"editor":"Albin Michel","price":1980,"published_date":"2006-01-03T23:00:00.000000Z","support":"Grand format","publisher_availability":1,"stock":0,"editions":[],"url":"https:\/\/quaidesbrumes.com\/ouvrage\/9782226169792\/le-privilege-des-jonquilles-journal-7"},{"id":"9782234057678","title":"Comme deux fr\u00e8res ; m\u00e9moire et visions crois\u00e9es","description":"Axel, le m\u00e9decin biologiste, engag\u00e9 depuis longtemps dans la r\u00e9flexion \u00e9thique, Jean-Fran\u00e7ois, le journaliste, homme de m\u00e9dia et agitateur d'id\u00e9es. Ils sont fr\u00e8res mais se connaissaient peu avant ce livre. Elev\u00e9s l'un et l'autre dans la religion catholique, ils sont devenus farouchement agnostiques, mais demeurent tous deux obs\u00e9d\u00e9s par la qu\u00eate de sens. Ils croisent ici leurs souvenirs, avec la tendresse de l'\u00e9loignement et la lucidit\u00e9 des intellectuels qu'ils sont : deux enfances s\u00e9par\u00e9es \u00e0 cause de la guerre, une adolescence dans la France de la TSF et de la reconstruction, le couple de leurs parents et leur fr\u00e8re Olivier, les premiers choix politiques, les grandes d\u00e9sillusions de l'\u00e2ge adulte. Mais le genre humain n'est pas leur ennemi, tout au contraire. M\u00eame si on ne croit ni au Grand Horloger de l'univers, ni \u00e0 la R\u00e9demption, ni non plus aux lendemains qui chantent, la place est immense pour l'engagement de deux hommes qui n'ont pas cess\u00e9 de croire qu'aujourd'hui peut \u00eatre meilleur qu'il n'est, et demain meilleur qu'aujourd'hui : \u00e0 la condition d'oser le vouloir. Etre capable d'enthousiasme, voil\u00e0 qui les r\u00e9unit, qu'il s'agisse de dire leur \u00e9motion devant un air d'op\u00e9ra, leur admiration devant le personnage de De Gaulle, leur go\u00fbt pour la cuisine - qu'ils font eux-m\u00eames-, ou de c\u00e9l\u00e9brer les grandes avanc\u00e9es de la d\u00e9mocratie. D\u00e9gris\u00e9s des illusions confortables, sans concession pour les mensonges d'o\u00f9 qu'ils viennent, ils montrent que le m\u00e9tier d'homme n'est pas un vain mot.","authors":["Axel Kahn","Jean-Fran\u00e7ois Kahn"],"category_codes":["1000000","1060000","1060300"],"visuals":{"large":"https:\/\/images.epagine.fr\/678\/9782234057678_1_75.jpg","medium":"https:\/\/images.epagine.fr\/678\/9782234057678_1_m.jpg","thumbnail":"https:\/\/images.epagine.fr\/678\/9782234057678_1_v.jpg"},"orderable":true,"show_badge":true,"formatted_price":"23,00&nbsp;\u20ac","formatted_published_date":"18 janvier 2006","publisher_availability_label":"Sur commande","short_details":"Axel Kahn, Jean-Fran\u00e7ois Kahn \u2014 Stock","translator":null,"weight":370,"page_count":300,"readership":null,"editor":"Stock","price":2300,"published_date":"2006-01-17T23:00:00.000000Z","support":"Grand format","publisher_availability":1,"stock":0,"editions":[],"url":"https:\/\/quaidesbrumes.com\/ouvrage\/9782234057678\/comme-deux-freres-memoire-et-visions-croisees"},{"id":"9782012528598","title":"Catalogue des livres, tableaux, dessins et estampes de feu M. le comte de Vence (\u00c9d.1760)","description":"Catalogue des livres, tableaux, dessins et estampes de feu M. le comte de Vence\r\nDate de l'\u00e9dition originale : 1760\r\n[Collection (Livres). Vence (Cte de, lieutenant g\u00e9n\u00e9ral des arm\u00e9es du Roi). 1760]\r\n\r\nLe pr\u00e9sent ouvrage s'inscrit dans une politique de conservation patrimoniale des ouvrages de la litt\u00e9rature Fran\u00e7aise mise en place avec la BNF.\r\nHACHETTE LIVRE et la BNF proposent ainsi un catalogue de titres indisponibles, la BNF ayant num\u00e9ris\u00e9 ces oeuvres et HACHETTE LIVRE les imprimant \u00e0 la demande.\r\nCertains de ces ouvrages refl\u00e8tent des courants de pens\u00e9e caract\u00e9ristiques de leur \u00e9poque, mais qui seraient aujourd'hui jug\u00e9s condamnables.\r\nIls n'en appartiennent pas moins \u00e0 l'histoire des id\u00e9es en France et sont susceptibles de pr\u00e9senter un int\u00e9r\u00eat scientifique ou historique.\r\nLe sens de notre d\u00e9marche \u00e9ditoriale consiste ainsi \u00e0 permettre l'acc\u00e8s \u00e0 ces oeuvres sans pour autant que nous en cautionnions en aucune fa\u00e7on le contenu.\r\n\r\nPour plus d'informations, rendez-vous sur www.hachettebnf.fr","authors":["Collectif"],"category_codes":["1000000","1060000","1060200"],"visuals":{"large":"https:\/\/images.epagine.fr\/598\/9782012528598_1_75.jpg","medium":"https:\/\/images.epagine.fr\/598\/9782012528598_1_m.jpg","thumbnail":"https:\/\/images.epagine.fr\/598\/9782012528598_1_v.jpg"},"orderable":true,"show_badge":true,"formatted_price":"20,00&nbsp;\u20ac","formatted_published_date":"1er mai 2012","publisher_availability_label":"Sur commande","short_details":"Collectif \u2014 Hachette BNF","translator":null,"weight":327,"page_count":226,"readership":null,"editor":"Hachette BNF","price":2000,"published_date":"2012-04-30T22:00:00.000000Z","support":"Grand format","publisher_availability":1,"stock":0,"editions":[],"url":"https:\/\/quaidesbrumes.com\/ouvrage\/9782012528598\/catalogue-des-livres-tableaux-dessins-et-estampes-de-feu-m-le-comte-de-vence-ed1760"},{"id":"9782322104895","title":"Chants du peuple juif","description":"Avec cet ouvrage, l'auteur, Pierre L\u00e9outre, a voulu c\u00e9l\u00e9brer la permanence de l'histoire du peuple  juif au travers de trois chants qui lui sont d\u00e9di\u00e9s. Le premier chant est celui du troubadour Mordeca\u00ef Gebirtig qui, au coeur du ghetto de Cracovie, et durant ses pires souffrances, a fait entendre un chant d'espoir et de lucidit\u00e9. Des po\u00e8mes, traduits pour la premi\u00e8re fois en langue fran\u00e7aise par Gil Pressnitzer, \u00e9clairent cette histoire moins connue que celle du ghetto de Varsovie et une analyse historique replace ces po\u00e8mes dans leur contexte tragique. Un deuxi\u00e8me chant est consacr\u00e9 \u00e0 un peintre, Pierre Lachkar, dont les oeuvres sont impr\u00e9gn\u00e9es de la mystique juive. Enfin un troisi\u00e8me chant d'esp\u00e9rance est le r\u00e9cit d'un voyage en Isra\u00ebl, qui fut un v\u00e9ritable voyage initiatique. Ces trois chants, allant des t\u00e9n\u00e8bres \u00e0 la lumi\u00e8re, sont un acte d'amiti\u00e9 profonde pour le peuple juif.\r","authors":["Pierre L\u00e9outre"],"category_codes":["6000000","6030000","6030800"],"visuals":{"large":"https:\/\/images.epagine.fr\/895\/9782322104895_1_75.jpg","medium":"https:\/\/images.epagine.fr\/895\/9782322104895_1_m.jpg","thumbnail":"https:\/\/images.epagine.fr\/895\/9782322104895_1_v.jpg"},"orderable":true,"show_badge":true,"formatted_price":"17,00&nbsp;\u20ac","formatted_published_date":"6 mars 2018","publisher_availability_label":"Sur commande","short_details":"Pierre L\u00e9outre \u2014 Books on Demand","translator":null,"weight":401,"page_count":null,"readership":null,"editor":"Books on Demand","price":1700,"published_date":"2018-03-05T23:00:00.000000Z","support":"Grand format","publisher_availability":1,"stock":0,"editions":[],"url":"https:\/\/quaidesbrumes.com\/ouvrage\/9782322104895\/chants-du-peuple-juif"},{"id":"9782332990723","title":"Le huron blanc","description":"1756.\r\n\r\nLa France est en guerre contre l'Angleterre sur le continent europ\u00e9en ; elle ne dispose pas de moyens maritimes et militaires suffisants pour s'opposer \u00e0 l'invasion anglaise de ses colonies d'Inde et d'Am\u00e9rique. Le \u00ab Kannada \u00bb des Indiens et des colons fran\u00e7ais doit apprendre \u00e0 devenir autonome...\r\n\r\nCharles de Blanchefort d\u00e9cide de mettre sa peau au bout de ses id\u00e9es pour d\u00e9fendre les terres de Nouvelle-France conquises par nos anciens, devenant ainsi le Huron blanc. Au travers de son aventure am\u00e9rindienne, c'est l'odyss\u00e9e de la nation qu\u00e9becoise en train de na\u00eetre qu'il nous fait d\u00e9couvrir.\r\n\r\nCe roman nous propose un voyage dans notre pass\u00e9 en partageant les valeurs de ceux qui voulurent fa\u00e7onner le Nouveau Monde selon leur conception de la libert\u00e9...\r","authors":["Paul Vallin"],"category_codes":["1000000","1020000","1021200"],"visuals":{"large":"https:\/\/images.epagine.fr\/723\/9782332990723_1_75.jpg","medium":"https:\/\/images.epagine.fr\/723\/9782332990723_1_m.jpg","thumbnail":"https:\/\/images.epagine.fr\/723\/9782332990723_1_v.jpg"},"orderable":true,"show_badge":true,"formatted_price":"31,00&nbsp;\u20ac","formatted_published_date":"4 d\u00e9cembre 2015","publisher_availability_label":"Sur commande","short_details":"Paul Vallin \u2014 Edilivre","translator":null,"weight":600,"page_count":344,"readership":null,"editor":"Edilivre","price":3100,"published_date":"2015-12-03T23:00:00.000000Z","support":"Grand format","publisher_availability":1,"stock":0,"editions":[],"url":"https:\/\/quaidesbrumes.com\/ouvrage\/9782332990723\/le-huron-blanc"},{"id":"9782012528604","title":"Catalogue des manuscrits de la biblioth\u00e8que de la ville d'Arras (\u00c9d.1860)","description":"Catalogue des manuscrits de la biblioth\u00e8que de la ville d'Arras \/ [par Z.-F.-C. Caron]\r\nDate de l'\u00e9dition originale : 1860\r\n\r\nLe pr\u00e9sent ouvrage s'inscrit dans une politique de conservation patrimoniale des ouvrages de la litt\u00e9rature Fran\u00e7aise mise en place avec la BNF.\r\nHACHETTE LIVRE et la BNF proposent ainsi un catalogue de titres indisponibles, la BNF ayant num\u00e9ris\u00e9 ces oeuvres et HACHETTE LIVRE les imprimant \u00e0 la demande.\r\nCertains de ces ouvrages refl\u00e8tent des courants de pens\u00e9e caract\u00e9ristiques de leur \u00e9poque, mais qui seraient aujourd'hui jug\u00e9s condamnables.\r\nIls n'en appartiennent pas moins \u00e0 l'histoire des id\u00e9es en France et sont susceptibles de pr\u00e9senter un int\u00e9r\u00eat scientifique ou historique.\r\nLe sens de notre d\u00e9marche \u00e9ditoriale consiste ainsi \u00e0 permettre l'acc\u00e8s \u00e0 ces oeuvres sans pour autant que nous en cautionnions en aucune fa\u00e7on le contenu.\r\n\r\nPour plus d'informations, rendez-vous sur www.hachettebnf.fr","authors":["Caron Z F C."],"category_codes":["1000000","1060000"],"visuals":{"large":"https:\/\/images.epagine.fr\/604\/9782012528604_1_75.jpg","medium":"https:\/\/images.epagine.fr\/604\/9782012528604_1_m.jpg","thumbnail":"https:\/\/images.epagine.fr\/604\/9782012528604_1_v.jpg"},"orderable":true,"show_badge":true,"formatted_price":"39,40&nbsp;\u20ac","formatted_published_date":"1er juin 2012","publisher_availability_label":"Sur commande","short_details":"Caron Z F C. \u2014 Hachette BNF","translator":null,"weight":1036,"page_count":751,"readership":null,"editor":"Hachette BNF","price":3940,"published_date":"2012-05-31T22:00:00.000000Z","support":"Grand format","publisher_availability":1,"stock":0,"editions":[],"url":"https:\/\/quaidesbrumes.com\/ouvrage\/9782012528604\/catalogue-des-manuscrits-de-la-bibliotheque-de-la-ville-darras-ed1860"},{"id":"9782844980892","title":"L'homme allong\u00e9","description":"Un quart d'heure apr\u00e8s mon arriv\u00e9e au scanner et quelques minutes \u00e0 la radio et tout est termin\u00e9. Et me voil\u00e0 en attente, de je ne sais quoi, dans un couloir sordide attach\u00e9 comme une ch\u00e8vre \u00e0 mon bocal \u00e0 roulettes qui me suit depuis six heures du matin. Malgr\u00e9 plusieurs relances, l'attente durera deux heures...\r\nJ'ai crois\u00e9 une blouse blanche \u00e0 l'\u00e9chographie. La manipulatrice avait identifi\u00e9 un calcul. J'ai interrog\u00e9 la blouse blanche m\u00e2le de passage sur la fa\u00e7on d'\u00e9liminer MON calcul. Avec ce l\u00e9ger voile dans le regard qui vous signale que le savoir (lui) va condescendre \u00e0 s'adresser \u00e0 l'ignorance (vous), la blouse blanche m'a r\u00e9pondu \"avec la machine \u00e0 casser les cailloux\". Je r\u00eave qu'un jour, le g\u00e9nie des hommes invente la machine \u00e0 casser les cons. Ce voile dans le regard de celui qui sait est en m\u00e9pris, esp\u00e8ce de tissu transparent, imperm\u00e9able \u00e0 la souffrance et \u00e0 la peur de l'autre. Il est s\u00e9cr\u00e9t\u00e9 par l'homme lui-m\u00eame... Le plus \u00e2g\u00e9 s'est lev\u00e9 et a pris ses responsabilit\u00e9s (un sur dix ce sera donc la note que je donne \u00e0 votre \u00e9tablissement). Il a fait plusieurs bureaux et est venu me dire que les choses \u00e9taient r\u00e9gl\u00e9es. Le radiologue est venu, dans la minute, me dire que son rapport \u00e9tait termin\u00e9, qu'il partait \u00e0 la frappe. Il m'a avec pr\u00e9cision, simplement, humainement, dit ses conclusions.\r\nC'est Byzance, je suis revenu dans la soci\u00e9t\u00e9 des hommes. Un dernier conseil, monsieur le directeur. Savez-vous une des questions que pose la direction d'Airbus \u00e0 son personnel d'encadrement sur les critiques des clientsoe\r\n- Qu'est-ce que la critique d'un clientoe\r\n- C'est un cadeau pour progresser !\r\nLe mien vous est livr\u00e9, sans faveur, le jour pr\u00e9vu pour cela, No\u00ebl.\r\nEnfin, si vous n'avez pas les moyens de r\u00e9gler administrativement cette question, centrale pour une m\u00e9decine humaine, des vingt morceaux de pain quotidiens, vous pouvez, en achetant votre journal, le matin, prendre une baguette et la poser sur une chaise dans le couloir qui conduit \u00e0 votre scanner. Les citoyens Lambdas ne sont pas des chiens, ils ne tireront pas sur leurs tubes pour se disputer. Nous partagerons le pain. Ce sera No\u00ebl !\r\nSur votre personnel, je veux noter un grand professionnalisme. Un professionnalisme pr\u00e9cis, sobre des gestes et surtout de mots. Il semble qu'\u00e0 Ducuing, ils pensent que les mots aussi participent de la gu\u00e9rison. Il semble qu'ils soignent des individus et pas seulement des organes. Certains parleront de probl\u00e8mes de \"dimension d'\u00e9tablissement\", mais je pense que la raison\r\nest ailleurs. Peut-\u00eatre dans l'attention constante que les \"patrons\" des services publics doivent accorder \u00e0 la formation citoyenne de leurs employ\u00e9s et au respect des malades. Votre job, monsieur le directeur!\r","authors":["Claude Llabres"],"category_codes":["1000000","1060000","1060100"],"visuals":{"large":"https:\/\/images.epagine.fr\/892\/9782844980892_1_75.jpg","medium":"https:\/\/images.epagine.fr\/892\/9782844980892_1_m.jpg","thumbnail":"https:\/\/images.epagine.fr\/892\/9782844980892_1_v.jpg"},"orderable":true,"show_badge":true,"formatted_price":"15,00&nbsp;\u20ac","formatted_published_date":"25 octobre 2005","publisher_availability_label":"Sur commande","short_details":"Claude Llabres \u2014 Aub\u00e9ron","translator":null,"weight":180,"page_count":200,"readership":null,"editor":"Aub\u00e9ron","price":1500,"published_date":"2005-10-24T22:00:00.000000Z","support":"Grand format","publisher_availability":1,"stock":0,"editions":[],"url":"https:\/\/quaidesbrumes.com\/ouvrage\/9782844980892\/lhomme-allonge"},{"id":"9782012528710","title":"Catalogue g\u00e9n\u00e9ral de la librairie fran\u00e7aise. Tome IV. 1840-1865, P-Z (\u00c9d.1867-1888)","description":"Catalogue g\u00e9n\u00e9ral de la librairie fran\u00e7aise.... [1], [Tome I-XI]. 1840-1865, P-Z \/ par Otto Lorenz...\r\nDate de l'\u00e9dition originale : 1867-1888\r\n\r\nLe pr\u00e9sent ouvrage s'inscrit dans une politique de conservation patrimoniale des ouvrages de la litt\u00e9rature Fran\u00e7aise mise en place avec la BNF.\r\nHACHETTE LIVRE et la BNF proposent ainsi un catalogue de titres indisponibles, la BNF ayant num\u00e9ris\u00e9 ces oeuvres et HACHETTE LIVRE les imprimant \u00e0 la demande.\r\nCertains de ces ouvrages refl\u00e8tent des courants de pens\u00e9e caract\u00e9ristiques de leur \u00e9poque, mais qui seraient aujourd'hui jug\u00e9s condamnables.\r\nIls n'en appartiennent pas moins \u00e0 l'histoire des id\u00e9es en France et sont susceptibles de pr\u00e9senter un int\u00e9r\u00eat scientifique ou historique.\r\nLe sens de notre d\u00e9marche \u00e9ditoriale consiste ainsi \u00e0 permettre l'acc\u00e8s \u00e0 ces oeuvres sans pour autant que nous en cautionnions en aucune fa\u00e7on le contenu.\r\n\r\nPour plus d'informations, rendez-vous sur www.hachettebnf.fr","authors":["Lorenz Otto"],"category_codes":["1000000","1060000","1060200"],"visuals":{"large":"https:\/\/images.epagine.fr\/710\/9782012528710_1_75.jpg","medium":"https:\/\/images.epagine.fr\/710\/9782012528710_1_m.jpg","thumbnail":"https:\/\/images.epagine.fr\/710\/9782012528710_1_v.jpg"},"orderable":true,"show_badge":true,"formatted_price":"36,00&nbsp;\u20ac","formatted_published_date":"1er mai 2012","publisher_availability_label":"Sur commande","short_details":"Lorenz Otto \u2014 Hachette BNF","translator":null,"weight":947,"page_count":684,"readership":null,"editor":"Hachette BNF","price":3600,"published_date":"2012-04-30T22:00:00.000000Z","support":"Grand format","publisher_availability":1,"stock":0,"editions":[],"url":"https:\/\/quaidesbrumes.com\/ouvrage\/9782012528710\/catalogue-general-de-la-librairie-francaise-tome-iv-1840-1865-p-z-ed1867-1888"}]}