{"data":[{"id":"9782876790544","title":"Rene jadfard ou l'eclair  de vie","description":null,"authors":["Othily"],"category_codes":["1000000","1060000","1060100"],"visuals":{"large":"https:\/\/quaidesbrumes.com\/img\/book-placeholder.png","medium":"https:\/\/quaidesbrumes.com\/img\/book-placeholder.png","thumbnail":"https:\/\/quaidesbrumes.com\/img\/book-placeholder.png"},"orderable":true,"show_badge":true,"formatted_price":"13,35&nbsp;\u20ac","formatted_published_date":"1er d\u00e9cembre 2004","publisher_availability_label":"Sur commande","short_details":"Othily \u2014 \u00c9ditions L'Harmattan","translator":null,"weight":220,"page_count":null,"readership":null,"editor":"\u00c9ditions L'Harmattan","price":1335,"published_date":"2004-11-30T23:00:00.000000Z","support":"Grand format","publisher_availability":1,"stock":0,"editions":[],"url":"https:\/\/quaidesbrumes.com\/ouvrage\/9782876790544\/rene-jadfard-ou-leclair-de-vie"},{"id":"9782738406644","title":"Paroles pour un continent ; la vie et l'oeuvre d'Ibrahima Ly","description":"Ce n'est pas seulement par la m\u00e9moire que nous voulons rappeler un \u00eatre cher. C'est aussi par la r\u00e9flexion sur l'\u00e9nergie spirituelle qui jaillit de son itin\u00e9raire, par l'esp\u00e9rance \u00e9manant de sa lutte exemplaire (...). Il ne s'agit pas de r\u00e9citer la vie d'Ibrahima Ly, mais de la faire reverdir. Ibrahima Ly est du petit nombre des meilleurs (...). Il faudra bien un jour, sans c\u00e9der au culte de la personnalit\u00e9, \u00e9tablir ce panth\u00e9on africain, non pas des hommes et des femmes qui auraient surclass\u00e9 le commun des mortels, mais plut\u00f4t un panth\u00e9on des vertus qui les ont illustr\u00e9s et qu'ils ont illustr\u00e9es. Ces vertus-l\u00e0 m\u00e9ritent d'\u00eatre grav\u00e9es dans le granit, dans le marbre et dans le bronze africains, avec les noms de ceux qui les ont exalt\u00e9es : cela servirait, non comme une r\u00e9f\u00e9rence mais comme un t\u00e9moignage incontest\u00e9, et comme un flambeau.","authors":["Collectif"],"category_codes":["1000000","1060000"],"visuals":{"large":"https:\/\/images.epagine.fr\/644\/9782738406644_1_75.jpg","medium":"https:\/\/images.epagine.fr\/644\/9782738406644_1_m.jpg","thumbnail":"https:\/\/images.epagine.fr\/644\/9782738406644_1_v.jpg"},"orderable":true,"show_badge":true,"formatted_price":"21,50&nbsp;\u20ac","formatted_published_date":"3 mai 2000","publisher_availability_label":"Sur commande","short_details":"Collectif \u2014 \u00c9ditions L'Harmattan","translator":null,"weight":362,"page_count":245,"readership":null,"editor":"\u00c9ditions L'Harmattan","price":2150,"published_date":"2000-05-02T22:00:00.000000Z","support":"Grand format","publisher_availability":1,"stock":0,"editions":[],"url":"https:\/\/quaidesbrumes.com\/ouvrage\/9782738406644\/paroles-pour-un-continent-la-vie-et-loeuvre-dibrahima-ly"},{"id":"9782747573689","title":"L'Europe au Miroir Africain : Lettres \u00e0 Olu","description":"A travers une correspondance imaginaire \u00e0 un ami nig\u00e9rian, l'auteur utilise sa double exp\u00e9rience de citoyen ancr\u00e9 dans la Communaut\u00e9 Europ\u00e9enne et de visiteur r\u00e9gulier du terrain africain, comme un outil biface pour tenter de briser le mythe paradisiaque et d\u00e9chirer le chant des sir\u00e8nes. Emp\u00eatr\u00e9e dans ses grandeurs fan\u00e9es, que peut encore faire miroiter une Europe timor\u00e9e face \u00e0 une Am\u00e9rique du Nord triomphante ? L'auteur s'attache \u00e0 faire d\u00e9couvrir et partager \"sa v\u00e9rit\u00e9\" \u00e0 l'ami Olu.","authors":["Alfred Bosch"],"category_codes":["1000000","1060000"],"visuals":{"large":"https:\/\/images.epagine.fr\/689\/9782747573689_1_75.jpg","medium":"https:\/\/images.epagine.fr\/689\/9782747573689_1_m.jpg","thumbnail":"https:\/\/images.epagine.fr\/689\/9782747573689_1_v.jpg"},"orderable":true,"show_badge":true,"formatted_price":"11,00&nbsp;\u20ac","formatted_published_date":"2 mars 2005","publisher_availability_label":"Sur commande","short_details":"Alfred Bosch \u2014 \u00c9ditions L'Harmattan","translator":null,"weight":100,"page_count":106,"readership":null,"editor":"\u00c9ditions L'Harmattan","price":1100,"published_date":"2005-03-01T23:00:00.000000Z","support":"Grand format","publisher_availability":1,"stock":0,"editions":[],"url":"https:\/\/quaidesbrumes.com\/ouvrage\/9782747573689\/leurope-au-miroir-africain-lettres-a-olu"},{"id":"9782749103877","title":"Michel Hollard, le fran\u00e7ais qui a sauv\u00e9 Londres","description":"Michel Hollard est l'homme qui, litt\u00e9ralement, a sauv\u00e9 Londres. \r\n(G\u00e9n\u00e9ral de corps d'arm\u00e9e Sir Brian Horrocks, premier collaborateur du mar\u00e9chal Montgomery) Si les Allemands avaient r\u00e9ussi \u00e0 perfectionner et \u00e0 utiliser ces armes nouvelles six mois plus t\u00f4t, notre d\u00e9barquement se serait r\u00e9v\u00e9l\u00e9 excessivement difficile, voire impossible. \r\n(G\u00e9n\u00e9ral Eisenhower) Michel Hollard fut r\u00e9sistant parce qu'il ne concevait pas son pays soumis \u00e0 la botte nazie. L'\u00e9thique et le patriotisme commandaient d'agir \u00e0 ce cousin de Th\u00e9odore Monod. Ce qu'il fit en constituant un r\u00e9seau d'une redoutable efficacit\u00e9 qui lui permit d'informer les services anglais en Suisse.\r\n\r\nEn 1943, Michel Hollard, ing\u00e9nieur de formation, apprit que les Allemands proc\u00e9daient \u00e0 d'\u00e9tranges pr\u00e9paratifs au nord-ouest de la France. Gr\u00e2ce \u00e0 une enqu\u00eate rigoureuse dans les r\u00e9gions concern\u00e9es, il d\u00e9couvrit les principaux composants de l' arme de vengeance V1 , point\u00e9e sur Londres. La pr\u00e9cision de ses renseignements \u00e9vita le pire \u00e0 la capitale britannique. Les rampes de V1 furent bombard\u00e9es par l'aviation alli\u00e9e \u00e0 partir du 22 d\u00e9cembre 1943, avant d'avoir pu entreprendre leur oeuvre de mort.\r\n\r\nD\u00e9nonc\u00e9, Michel Hollard fut arr\u00eat\u00e9 par la police allemande. Tortur\u00e9, d\u00e9port\u00e9 au bagne de Neuengamme puis jet\u00e9 dans la cale d'un navire promis au naufrage, il surv\u00e9cut \u00e0 toutes les \u00e9preuves.\r\n\r\nUn Eurostar porte maintenant son nom. Michel Hollard reste m\u00e9connu en France. Ce livre r\u00e9pare cette injustice.","authors":["Florian Hollard"],"category_codes":["9000000","9050000","9050700","9050704"],"visuals":{"large":"https:\/\/images.epagine.fr\/877\/9782749103877_1_75.jpg","medium":"https:\/\/images.epagine.fr\/877\/9782749103877_1_m.jpg","thumbnail":"https:\/\/images.epagine.fr\/877\/9782749103877_1_v.jpg"},"orderable":true,"show_badge":true,"formatted_price":"21,00&nbsp;\u20ac","formatted_published_date":"21 avril 2005","publisher_availability_label":"Sur commande","short_details":"Florian Hollard \u2014 Le Cherche Midi","translator":null,"weight":457,"page_count":315,"readership":null,"editor":"Le Cherche Midi","price":2100,"published_date":"2005-04-20T22:00:00.000000Z","support":"Grand format","publisher_availability":1,"stock":0,"editions":[],"url":"https:\/\/quaidesbrumes.com\/ouvrage\/9782749103877\/michel-hollard-le-francais-qui-a-sauve-londres"},{"id":"9782747591713","title":"Un m\u00e9decin \u00e0 Sfax","description":"Le narrateur, jeune m\u00e9decin, revient en 1952 dans sa ville natale de Sfax au moment o\u00f9 la Tunisie est en \u00e9bullition. Il raconte la vie de l'homme, du m\u00e9decin, en ville et \u00e0 l'h\u00f4pital, du citoyen d'un pays qui conquiert son ind\u00e9pendance et se transforme profond\u00e9ment.","authors":["Georges Khaiat"],"category_codes":["1000000","1060000"],"visuals":{"large":"https:\/\/images.epagine.fr\/713\/9782747591713_1_75.jpg","medium":"https:\/\/images.epagine.fr\/713\/9782747591713_1_m.jpg","thumbnail":"https:\/\/images.epagine.fr\/713\/9782747591713_1_v.jpg"},"orderable":true,"show_badge":true,"formatted_price":"27,00&nbsp;\u20ac","formatted_published_date":"2 novembre 2005","publisher_availability_label":"Sur commande","short_details":"Georges Khaiat \u2014 \u00c9ditions L'Harmattan","translator":null,"weight":440,"page_count":328,"readership":null,"editor":"\u00c9ditions L'Harmattan","price":2700,"published_date":"2005-11-01T23:00:00.000000Z","support":"Grand format","publisher_availability":1,"stock":0,"editions":[],"url":"https:\/\/quaidesbrumes.com\/ouvrage\/9782747591713\/un-medecin-a-sfax"},{"id":"9782013436274","title":"Memoire pour louis timagene houat, proprietaire electeur, neveu du noir lislet geoffroy - , membre a","description":"M\u00e9moire pour Louis Timag\u00e8ne Houat, propri\u00e9taire \u00e9lecteur, neveu du noir Lislet Geoffroy, membre associ\u00e9 de l'Acad\u00e9mie des Sciences ; et pour ses compagnons d'infortune tous hommes de couleur ill\u00e9galement d\u00e9port\u00e9s de l'\u00cele Bourbon, au m\u00e9pris de l'amnistie royale de 1837 Date de l'\u00e9dition originale : 1838 Sujet de l'ouvrage : R\u00e9unionFrance -- Colonies -- Histoire Ce livre est la reproduction fid\u00e8le d'une oeuvre publi\u00e9e avant 1920 et fait partie d'une collection de livres r\u00e9imprim\u00e9s \u00e0 la demande \u00e9dit\u00e9e par Hachette Livre, dans le cadre d'un partenariat avec la Biblioth\u00e8que nationale de France, offrant l'opportunit\u00e9 d'acc\u00e9der \u00e0 des ouvrages anciens et souvent rares issus des fonds patrimoniaux de la BnF.\r\nLes oeuvres faisant partie de cette collection ont \u00e9t\u00e9 num\u00e9ris\u00e9es par la BnF et sont pr\u00e9sentes sur Gallica, sa biblioth\u00e8que num\u00e9rique.\r\n\r\nEn entreprenant de redonner vie \u00e0 ces ouvrages au travers d'une collection de livres r\u00e9imprim\u00e9s \u00e0 la demande, nous leur donnons la possibilit\u00e9 de rencontrer un public \u00e9largi et participons \u00e0 la transmission de connaissances et de savoirs parfois difficilement accessibles.\r\nNous avons cherch\u00e9 \u00e0 concilier la reproduction fid\u00e8le d'un livre ancien \u00e0 partir de sa version num\u00e9ris\u00e9e avec le souci d'un confort de lecture optimal. Nous esp\u00e9rons que les ouvrages de cette nouvelle collection vous apporteront enti\u00e8re satisfaction.\r\n\r\nPour plus d'informations, rendez-vous sur www.hachettebnf.fr http:\/\/gallica.bnf.fr\/ark:\/12148\/bpt6k57836924","authors":[],"category_codes":["1000000","1060000","1060200"],"visuals":{"large":"https:\/\/images.epagine.fr\/274\/9782013436274_1_75.jpg","medium":"https:\/\/images.epagine.fr\/274\/9782013436274_1_m.jpg","thumbnail":"https:\/\/images.epagine.fr\/274\/9782013436274_1_v.jpg"},"orderable":true,"show_badge":true,"formatted_price":"9,50&nbsp;\u20ac","formatted_published_date":"1er septembre 2014","publisher_availability_label":"Sur commande","short_details":"Hachette BNF","translator":null,"weight":67,"page_count":null,"readership":null,"editor":"Hachette BNF","price":950,"published_date":"2014-08-31T22:00:00.000000Z","support":"Grand format","publisher_availability":1,"stock":0,"editions":[],"url":"https:\/\/quaidesbrumes.com\/ouvrage\/9782013436274\/memoire-pour-louis-timagene-houat-proprietaire-electeur-neveu-du-noir-lislet-geoffroy-membre-a"},{"id":"9782747574891","title":"Le ch\u00e2teau de nulle part","description":"\"Il pointa l'index en direction du Grand Meaulnes qui avait repris sa place dans la biblioth\u00e8que et, de m\u00e9moire, d\u00e9roula cette phrase si simple, si lumineuse qui d\u00e9bute la seconde partie de la F\u00eate Etrange (...) Il conclut : Ce sont d'\u00e9ternelles noces que nous a offertes Alain Fournier!\" Apr\u00e8s bien des ann\u00e9es, l'image de cet homme est toujours pr\u00e9sente en moi. Plus que le savoir, elle symbolise le go\u00fbt des choses sup\u00e9rieures de l'esprit, la sagesse et cette force r\u00e9manente qu'enveloppe la beaut\u00e9.","authors":["Jacques Taurand"],"category_codes":["1000000","1060000"],"visuals":{"large":"https:\/\/images.epagine.fr\/891\/9782747574891_1_75.jpg","medium":"https:\/\/images.epagine.fr\/891\/9782747574891_1_m.jpg","thumbnail":"https:\/\/images.epagine.fr\/891\/9782747574891_1_v.jpg"},"orderable":true,"show_badge":true,"formatted_price":"12,00&nbsp;\u20ac","formatted_published_date":"2 d\u00e9cembre 2004","publisher_availability_label":"Sur commande","short_details":"Jacques Taurand \u2014 \u00c9ditions L'Harmattan","translator":null,"weight":125,"page_count":104,"readership":null,"editor":"\u00c9ditions L'Harmattan","price":1200,"published_date":"2004-12-01T23:00:00.000000Z","support":"Grand format","publisher_availability":1,"stock":0,"editions":[],"url":"https:\/\/quaidesbrumes.com\/ouvrage\/9782747574891\/le-chateau-de-nulle-part"},{"id":"9782911757075","title":"Un homme de plume ; Andr\u00e9 Griffon, \u00e9crivain, journaliste, conteur","description":"Textes rassembl\u00e9s par Jean-Pierre Gelly et photographies d'Helmut Krackenberger et Michel Massi. Andr\u00e9 Griffon \u00e9tait un visage embl\u00e9matique de l'Ard\u00e8che, aux talents divers, professeur, journaliste au journal \u00ab le Monde \u00bb, conteur, \u00e9crivain...","authors":["Griffon","Krackenberge"],"category_codes":["1000000","1060000","1060300"],"visuals":{"large":"https:\/\/images.epagine.fr\/075\/9782911757075_1_75.jpg","medium":"https:\/\/images.epagine.fr\/075\/9782911757075_1_m.jpg","thumbnail":"https:\/\/images.epagine.fr\/075\/9782911757075_1_v.jpg"},"orderable":true,"show_badge":true,"formatted_price":"32,00&nbsp;\u20ac","formatted_published_date":"1er janvier 2001","publisher_availability_label":"Sur commande","short_details":"Griffon, Krackenberge \u2014 Federation Des Oeuvres Laiques Ardeche","translator":null,"weight":700,"page_count":null,"readership":null,"editor":"Federation Des Oeuvres Laiques Ardeche","price":3200,"published_date":"2000-12-31T23:00:00.000000Z","support":"Grand format","publisher_availability":1,"stock":0,"editions":[],"url":"https:\/\/quaidesbrumes.com\/ouvrage\/9782911757075\/un-homme-de-plume-andre-griffon-ecrivain-journaliste-conteur"},{"id":"9782747584975","title":"Agir ensemble dans un monde partage - lien social et democratie","description":"Agir ensemble dans un monde partag\u00e9 requiert que le lien social soit pacifi\u00e9. Mais les diff\u00e9rents registres de la coh\u00e9sion sociale sont contradictoires en eux-m\u00eames et font l'objet de controverses et de disputes entre les diff\u00e9rents acteurs de la soci\u00e9t\u00e9 civile. Seul le registre politique peut r\u00e9guler les conflits qui agitent la soci\u00e9t\u00e9. Mais le faire ensemble de fa\u00e7on participative et \u00e9quilibr\u00e9e n\u00e9cessite que l'ordre politique soit d\u00e9mocratiquement \u00e9tabli. Or la d\u00e9mocratie ne fonctionne plus, et cela pour des raisons de fond...","authors":["Jacques Langlois"],"category_codes":["9000000","9120000","9120300","9120301"],"visuals":{"large":"https:\/\/images.epagine.fr\/975\/9782747584975_1_75.jpg","medium":"https:\/\/images.epagine.fr\/975\/9782747584975_1_m.jpg","thumbnail":"https:\/\/images.epagine.fr\/975\/9782747584975_1_v.jpg"},"orderable":true,"show_badge":true,"formatted_price":"20,00&nbsp;\u20ac","formatted_published_date":"2 juin 2005","publisher_availability_label":"Sur commande","short_details":"Jacques Langlois \u2014 \u00c9ditions L'Harmattan","translator":null,"weight":240,"page_count":212,"readership":null,"editor":"\u00c9ditions L'Harmattan","price":2000,"published_date":"2005-06-01T22:00:00.000000Z","support":"Grand format","publisher_availability":1,"stock":0,"editions":[],"url":"https:\/\/quaidesbrumes.com\/ouvrage\/9782747584975\/agir-ensemble-dans-un-monde-partage-lien-social-et-democratie"},{"id":"9782747585019","title":"Olaudah equiano ou gustavus vassa l'africain ; la passionnante autobiographie d'un esclave affranchi","description":"Olaudah Equiano, esclave affranchi, est incontestablement l'un des auteurs africains \u00e0 avoir suscit\u00e9 un grand int\u00e9r\u00eat chez ses contemporains britanniques, gr\u00e2ce \u00e0 son autobiographie parue en 1789. En effet, premier best-seller \u00e9crit par un Africain habitant l'Europe du Si\u00e8cle des Lumi\u00e8res, ce livre t\u00e9moigne d'une vie d'esclave puis de marin, mais aussi des conditions de vie dans les colonies anglaises \u00e0 cette \u00e9poque. Cette version raccourcie s'adresse \u00e0 un large public et notamment \u00e0 la jeunesse africaine ou d'origine africaine pour qui Olaudah\/Vassa pourrait constituer un exemple.","authors":["Olaudah Equiano"],"category_codes":["1000000","1060000","1060100"],"visuals":{"large":"https:\/\/images.epagine.fr\/019\/9782747585019_1_75.jpg","medium":"https:\/\/images.epagine.fr\/019\/9782747585019_1_m.jpg","thumbnail":"https:\/\/images.epagine.fr\/019\/9782747585019_1_v.jpg"},"orderable":true,"show_badge":true,"formatted_price":"18,00&nbsp;\u20ac","formatted_published_date":"2 juin 2005","publisher_availability_label":"Sur commande","short_details":"Olaudah Equiano \u2014 \u00c9ditions L'Harmattan","translator":null,"weight":225,"page_count":202,"readership":null,"editor":"\u00c9ditions L'Harmattan","price":1800,"published_date":"2005-06-01T22:00:00.000000Z","support":"Grand format","publisher_availability":1,"stock":0,"editions":[],"url":"https:\/\/quaidesbrumes.com\/ouvrage\/9782747585019\/olaudah-equiano-ou-gustavus-vassa-lafricain-la-passionnante-autobiographie-dun-esclave-affranchi"},{"id":"9782916068060","title":"J'ai r\u00eav\u00e9 mon p\u00e8re ; itin\u00e9raire d'un Ard\u00e9chois","description":"\u00ab J'ai toujours aim\u00e9 la comp\u00e9tition, celle qui oblige \u00e0 se d\u00e9passer, celle qui nous situe par rapport aux autres, celle qui nous fait exister dans la conqu\u00eate de l'inutile. \u00bb Quelle belle expression, la conqu\u00eate de l'inutile ! Au contraire de la guerre, que Marcel Tauleigne vit et d\u00e9crit avec r\u00e9volte et indignation, un homme qui grandit dispose de moyens lumineux pour se confronter \u00e0 l'humain sans le d\u00e9truire, pour aller \u00e0 sa rencontre sans passer pour une femmelette, tout en go\u00fbtant le plaisir de la curiosit\u00e9, celui de la d\u00e9couverte, et les pr\u00e9sents d'humanit\u00e9 qu'il en r\u00e9colte (amour, amiti\u00e9...). C'est ce plaisir qui guide le petit Marcel quand, \u00e0 neuf ans, il fait son apprentissage comme vacher en haute Ard\u00e8che. \u00c9videmment, son p\u00e8re l'abandonne ! \u00e9videmment, il lui en veut de son d\u00e9faut de tendresse, mais quelle merveilleuse \u00e9cole que celle de la vie ! Et finalement, son p\u00e8re ne lui a-t-il pas fait le cadeau que l'on attend d'un p\u00e8re : le chemin de l'autonomie et la transmission de ses racines ? Tout bourru ait-il \u00e9t\u00e9... Marcel Tauleigne \u00e9crit son enfance avec la m\u00eame ing\u00e9nuit\u00e9 que s'il n'avait pas grandi, sans chercher \u00e0 comprendre, sans analyser. Et l'\u00e9criture n'en est que plus juste, bien centr\u00e9e sur le personnage : c'est vraiment l'enfant qui raconte, dans toute sa na\u00efvet\u00e9. Le ton est plus grave lorsqu'il aborde sa p\u00e9riode adolescente et la guerre d'Alg\u00e9rie (qu'il fait comme infirmier...). Mais la r\u00e9volte et la compassion ne sont pas celles d'un grand-p\u00e8re qui se souvient, c'est le jeune homme qui s'exprime. Cette impression que la plume de Marcel Tauleigne grandit avec lui au fil des pages, donne au r\u00e9cit toute sa justesse, toute sa fluidit\u00e9, son originalit\u00e9, pour le plus grand plaisir du lecteur.","authors":["Marcel Tauleigne"],"category_codes":["1000000","1060000","1060300"],"visuals":{"large":"https:\/\/images.epagine.fr\/060\/9782916068060_1_75.jpg","medium":"https:\/\/images.epagine.fr\/060\/9782916068060_1_m.jpg","thumbnail":"https:\/\/images.epagine.fr\/060\/9782916068060_1_v.jpg"},"orderable":true,"show_badge":true,"formatted_price":"17,00&nbsp;\u20ac","formatted_published_date":"1er juin 2005","publisher_availability_label":"Sur commande","short_details":"Marcel Tauleigne \u2014 L'Ephemere","translator":null,"weight":280,"page_count":224,"readership":null,"editor":"L'Ephemere","price":1700,"published_date":"2005-05-31T22:00:00.000000Z","support":"Grand format","publisher_availability":1,"stock":0,"editions":[],"url":"https:\/\/quaidesbrumes.com\/ouvrage\/9782916068060\/jai-reve-mon-pere-itineraire-dun-ardechois"},{"id":"9782747588805","title":"Deux si\u00e8cles et demi de l'histoire d'une famille r\u00e9unionnaise (deuxi\u00e8me volume) : L'aventure du sucre ou la volont\u00e9 d'\u00e9mergence (1730-1915)","description":"Apr\u00e8s la terrible \u00e9pid\u00e9mie de variole de 1729, les descendants de Jacques Henry Montbel Fontaine, vivent, pendant deux g\u00e9n\u00e9rations, sans la volont\u00e9 de r\u00e9agir. Pourtant le r\u00eave du Sud, d\u00e9j\u00e0 port\u00e9 par Gilles, les habite toujours. Elie Fontaine du Rempart le r\u00e9alise en s'installant au Baril en 1804, un lieu sauvage o\u00f9 commence l'aventure du sucre. Ce livre raconte la vie de Jacques Henri Montbel Fontaine, son petit fils, qui, parti de rien, accumule en deux d\u00e9cennies une fortune consid\u00e9rable. En 1863, il construit l'usine \u00e0 sucre du Baril, l'une des plus performantes de l'\u00eele. Tout semblait lui offrir fortune et puissance. Pourtant...","authors":["Jean-Claude Fontaine"],"category_codes":["1000000","1060000"],"visuals":{"large":"https:\/\/images.epagine.fr\/805\/9782747588805_1_75.jpg","medium":"https:\/\/images.epagine.fr\/805\/9782747588805_1_m.jpg","thumbnail":"https:\/\/images.epagine.fr\/805\/9782747588805_1_v.jpg"},"orderable":true,"show_badge":true,"formatted_price":"31,50&nbsp;\u20ac","formatted_published_date":"1er septembre 2005","publisher_availability_label":"Sur commande","short_details":"Jean-Claude Fontaine \u2014 \u00c9ditions L'Harmattan","translator":null,"weight":355,"page_count":322,"readership":null,"editor":"\u00c9ditions L'Harmattan","price":3150,"published_date":"2005-08-31T22:00:00.000000Z","support":"Grand format","publisher_availability":1,"stock":0,"editions":[],"url":"https:\/\/quaidesbrumes.com\/ouvrage\/9782747588805\/deux-siecles-et-demi-de-lhistoire-dune-famille-reunionnaise-deuxieme-volume-laventure-du-sucre-ou-la-volonte-demergence-1730-1915"},{"id":"9782747588997","title":"La porte-paroles : De Elles \u00e0... Elle","description":"Chacun porte en soi ses secrets, mais aussi parfois sans le savoir quelques r\u00e9sonances familiales lointaines. L'auteur n'a cess\u00e9 de vouloir comprendre et entendre les r\u00e9p\u00e9titions dramatiques et violentes de sa propre lign\u00e9e, afin de s'en lib\u00e9rer, ainsi que toute sa descendance. Dans son parcours de vie, elle conna\u00eetra depuis l'enfance des exp\u00e9riences hors du commun dont celle qui n'est pas des moindres de ces trois ann\u00e9es pass\u00e9es chez sa m\u00e8re dans un caf\u00e9 alg\u00e9rien encore sous les affres de la guerre... Il s'agit d'un r\u00e9cit autobiographique reli\u00e9 intens\u00e9ment aux histoires de vie des trois g\u00e9n\u00e9rations pr\u00e9c\u00e9dentes.","authors":["Daniele Cedre"],"category_codes":["1000000","1060000"],"visuals":{"large":"https:\/\/images.epagine.fr\/997\/9782747588997_1_75.jpg","medium":"https:\/\/images.epagine.fr\/997\/9782747588997_1_m.jpg","thumbnail":"https:\/\/images.epagine.fr\/997\/9782747588997_1_v.jpg"},"orderable":true,"show_badge":true,"formatted_price":"16,00&nbsp;\u20ac","formatted_published_date":"1er septembre 2005","publisher_availability_label":"Sur commande","short_details":"Daniele Cedre \u2014 \u00c9ditions L'Harmattan","translator":null,"weight":220,"page_count":162,"readership":null,"editor":"\u00c9ditions L'Harmattan","price":1600,"published_date":"2005-08-31T22:00:00.000000Z","support":"Grand format","publisher_availability":1,"stock":0,"editions":[],"url":"https:\/\/quaidesbrumes.com\/ouvrage\/9782747588997\/la-porte-paroles-de-elles-a-elle"},{"id":"9782747594493","title":"46669 - (auschwitz-allers\/retours)","description":"Comment transmettre l'Histoire de sa famille d\u00e9cim\u00e9e dans les camps de la mortoe Apr\u00e8s un voyage \u00e0 Auschwitz, l'auteur reprend le flambeau de la m\u00e9moire au moment o\u00f9 sa m\u00e8re, rescap\u00e9e de l'Holocauste, perd la sienne.","authors":["Dany Choukroun"],"category_codes":["1000000","1060000"],"visuals":{"large":"https:\/\/images.epagine.fr\/493\/9782747594493_1_75.jpg","medium":"https:\/\/images.epagine.fr\/493\/9782747594493_1_m.jpg","thumbnail":"https:\/\/images.epagine.fr\/493\/9782747594493_1_v.jpg"},"orderable":true,"show_badge":true,"formatted_price":"14,00&nbsp;\u20ac","formatted_published_date":"2 novembre 2005","publisher_availability_label":"Sur commande","short_details":"Dany Choukroun \u2014 \u00c9ditions L'Harmattan","translator":null,"weight":150,"page_count":131,"readership":null,"editor":"\u00c9ditions L'Harmattan","price":1400,"published_date":"2005-11-01T23:00:00.000000Z","support":"Grand format","publisher_availability":1,"stock":0,"editions":[],"url":"https:\/\/quaidesbrumes.com\/ouvrage\/9782747594493\/46669-auschwitz-allersretours"},{"id":"9782747591065","title":"Mes camarades de barbeles","description":"Ils \u00e9taient deux millions de prisonniers fran\u00e7ais dans les camps de l'Allemagne nazie. Daniel Richez \u00e9tait l'un d'eux. Prisonnier, il passe cinq ann\u00e9es d'esclavage en Prusse orientale puis au Stalag XI A, o\u00f9 il devient interpr\u00e8te du camp. D\u00e9nonc\u00e9 pour aide \u00e0 l'\u00e9vasion de Juifs, interrog\u00e9 par la Gestapo, il s'\u00e9chappe lors de son transfert \u00e0 Mauthausen. Remarquable par sa valeur de document et sa qualit\u00e9 d'\u00e9criture, ce texte, bouleversant de v\u00e9rit\u00e9, montre une existence, qu'on dirait croqu\u00e9e sur le vif, tour \u00e0 tour tragique, nostalgique ou cocasse.","authors":["Daniel Richez"],"category_codes":["1000000","1060000"],"visuals":{"large":"https:\/\/images.epagine.fr\/065\/9782747591065_1_75.jpg","medium":"https:\/\/images.epagine.fr\/065\/9782747591065_1_m.jpg","thumbnail":"https:\/\/images.epagine.fr\/065\/9782747591065_1_v.jpg"},"orderable":true,"show_badge":true,"formatted_price":"24,00&nbsp;\u20ac","formatted_published_date":"1er septembre 2005","publisher_availability_label":"Sur commande","short_details":"Daniel Richez \u2014 \u00c9ditions L'Harmattan","translator":null,"weight":280,"page_count":260,"readership":null,"editor":"\u00c9ditions L'Harmattan","price":2400,"published_date":"2005-08-31T22:00:00.000000Z","support":"Grand format","publisher_availability":1,"stock":0,"editions":[],"url":"https:\/\/quaidesbrumes.com\/ouvrage\/9782747591065\/mes-camarades-de-barbeles"},{"id":"9782747594318","title":"Communiquer dans un monde en crise ; images, repr\u00e9sentations et m\u00e9dias","description":"Quel r\u00f4le jouent les relais m\u00e9diatiques dans l'av\u00e8nement d'une crise ? L'analyse de plusieurs situations permet de comprendre comment les acteurs utilisent les m\u00e9dias ou sont manipul\u00e9s par eux. Comment une campagne de communication \u00e0 l'occasion d'\u00e9lections europ\u00e9ennes conditionne les spots t\u00e9l\u00e9 ? Comment des documentaires traitent et mettent en sc\u00e8ne les prises d'otage ? Comment les journalistes \u00e9conomiques ont-ils d\u00e9velopp\u00e9 une forme de mutisme masqu\u00e9 lors de la crise boursi\u00e8re de 2000 en France ? Comment expliquer le recours massif au coaching dans les organisations : quel ph\u00e9nom\u00e8ne identitaire cache-t-il ?","authors":["Collectif","Michele Gabay"],"category_codes":["1000000","1060000","1060300"],"visuals":{"large":"https:\/\/images.epagine.fr\/318\/9782747594318_1_75.jpg","medium":"https:\/\/images.epagine.fr\/318\/9782747594318_1_m.jpg","thumbnail":"https:\/\/images.epagine.fr\/318\/9782747594318_1_v.jpg"},"orderable":true,"show_badge":true,"formatted_price":"15,00&nbsp;\u20ac","formatted_published_date":"15 octobre 2005","publisher_availability_label":"Sur commande","short_details":"Collectif, Michele Gabay \u2014 \u00c9ditions L'Harmattan","translator":null,"weight":205,"page_count":156,"readership":null,"editor":"\u00c9ditions L'Harmattan","price":1500,"published_date":"2005-10-14T22:00:00.000000Z","support":"Grand format","publisher_availability":1,"stock":0,"editions":[],"url":"https:\/\/quaidesbrumes.com\/ouvrage\/9782747594318\/communiquer-dans-un-monde-en-crise-images-representations-et-medias"},{"id":"9782013436335","title":"Memoire sur le senegal, dans lequel on traite de la proximite et de l'etendue de cette colonie - et","description":"M\u00e9moire sur le S\u00e9n\u00e9gal, dans lequel on traite de la proximit\u00e9 et de l'\u00e9tendue de cette colonie... et des \u00e9tablissements qu'on peut et qu'on doit faire pour rendre cette colonie agricole Date de l'\u00e9dition originale : 1817 Sujet de l'ouvrage : France -- Colonies -- HistoireAfrique -- HistoireS\u00e9n\u00e9gal Ce livre est la reproduction fid\u00e8le d'une oeuvre publi\u00e9e avant 1920 et fait partie d'une collection de livres r\u00e9imprim\u00e9s \u00e0 la demande \u00e9dit\u00e9e par Hachette Livre, dans le cadre d'un partenariat avec la Biblioth\u00e8que nationale de France, offrant l'opportunit\u00e9 d'acc\u00e9der \u00e0 des ouvrages anciens et souvent rares issus des fonds patrimoniaux de la BnF.\r\nLes oeuvres faisant partie de cette collection ont \u00e9t\u00e9 num\u00e9ris\u00e9es par la BnF et sont pr\u00e9sentes sur Gallica, sa biblioth\u00e8que num\u00e9rique.\r\n\r\nEn entreprenant de redonner vie \u00e0 ces ouvrages au travers d'une collection de livres r\u00e9imprim\u00e9s \u00e0 la demande, nous leur donnons la possibilit\u00e9 de rencontrer un public \u00e9largi et participons \u00e0 la transmission de connaissances et de savoirs parfois difficilement accessibles.\r\nNous avons cherch\u00e9 \u00e0 concilier la reproduction fid\u00e8le d'un livre ancien \u00e0 partir de sa version num\u00e9ris\u00e9e avec le souci d'un confort de lecture optimal. Nous esp\u00e9rons que les ouvrages de cette nouvelle collection vous apporteront enti\u00e8re satisfaction.\r\n\r\nPour plus d'informations, rendez-vous sur www.hachettebnf.fr http:\/\/gallica.bnf.fr\/ark:\/12148\/bpt6k57836494","authors":[],"category_codes":["1000000","1060000","1060200"],"visuals":{"large":"https:\/\/images.epagine.fr\/335\/9782013436335_1_75.jpg","medium":"https:\/\/images.epagine.fr\/335\/9782013436335_1_m.jpg","thumbnail":"https:\/\/images.epagine.fr\/335\/9782013436335_1_v.jpg"},"orderable":true,"show_badge":true,"formatted_price":"9,50&nbsp;\u20ac","formatted_published_date":"1er septembre 2014","publisher_availability_label":"Sur commande","short_details":"Hachette BNF","translator":null,"weight":59,"page_count":null,"readership":null,"editor":"Hachette BNF","price":950,"published_date":"2014-08-31T22:00:00.000000Z","support":"Grand format","publisher_availability":1,"stock":0,"editions":[],"url":"https:\/\/quaidesbrumes.com\/ouvrage\/9782013436335\/memoire-sur-le-senegal-dans-lequel-on-traite-de-la-proximite-et-de-letendue-de-cette-colonie-et"},{"id":"9782747585545","title":"Mimi dans la tourmente - 1939-1945 a calais","description":"Du 23 au 26 mai 1940, Calais-Nord a \u00e9t\u00e9 en grande partie d\u00e9truite par les bombardements allemands. En quelques heures, des centaines de foyer ont perdu leurs biens, et pour beaucoup, leurs moyens d'existence. Ce fut le cas pour la famille de Mimi, qui avait dix ans au d\u00e9but de la tourmente. Fid\u00e8le \u00e0 l'Histoire, l'auteur d\u00e9gage, \u00e0 travers ses yeux d'enfant, puis d'adolescente, des situations souvent gaies, parfois cocasses, au milieu des \u00e9v\u00e9nements tragiques qui ont frapp\u00e9 le Calaisis.","authors":["Canonne Bedrine M."],"category_codes":["1000000","1060000"],"visuals":{"large":"https:\/\/images.epagine.fr\/545\/9782747585545_1_75.jpg","medium":"https:\/\/images.epagine.fr\/545\/9782747585545_1_m.jpg","thumbnail":"https:\/\/images.epagine.fr\/545\/9782747585545_1_v.jpg"},"orderable":true,"show_badge":true,"formatted_price":"12,00&nbsp;\u20ac","formatted_published_date":"2 juin 2005","publisher_availability_label":"Sur commande","short_details":"Canonne Bedrine M. \u2014 \u00c9ditions L'Harmattan","translator":null,"weight":115,"page_count":91,"readership":null,"editor":"\u00c9ditions L'Harmattan","price":1200,"published_date":"2005-06-01T22:00:00.000000Z","support":"Grand format","publisher_availability":1,"stock":0,"editions":[],"url":"https:\/\/quaidesbrumes.com\/ouvrage\/9782747585545\/mimi-dans-la-tourmente-1939-1945-a-calais"},{"id":"9782013436359","title":"Memoire sur les negres pour servir de materiaux aux cahiers des colonies","description":"M\u00e9moire sur les n\u00e8gres ; pour servir de mat\u00e9riaux aux cahiers des colonies . (Sign\u00e9 : Un propri\u00e9taire \u00e0 St-Domingue, d\u00e9put\u00e9 suppl\u00e9ant \u00e0 l'Assembl\u00e9e nationale.) Date de l'\u00e9dition originale : 1790 Sujet de l'ouvrage : France -- Colonies -- Histoire Ce livre est la reproduction fid\u00e8le d'une oeuvre publi\u00e9e avant 1920 et fait partie d'une collection de livres r\u00e9imprim\u00e9s \u00e0 la demande \u00e9dit\u00e9e par Hachette Livre, dans le cadre d'un partenariat avec la Biblioth\u00e8que nationale de France, offrant l'opportunit\u00e9 d'acc\u00e9der \u00e0 des ouvrages anciens et souvent rares issus des fonds patrimoniaux de la BnF.\r\nLes oeuvres faisant partie de cette collection ont \u00e9t\u00e9 num\u00e9ris\u00e9es par la BnF et sont pr\u00e9sentes sur Gallica, sa biblioth\u00e8que num\u00e9rique.\r\n\r\nEn entreprenant de redonner vie \u00e0 ces ouvrages au travers d'une collection de livres r\u00e9imprim\u00e9s \u00e0 la demande, nous leur donnons la possibilit\u00e9 de rencontrer un public \u00e9largi et participons \u00e0 la transmission de connaissances et de savoirs parfois difficilement accessibles.\r\nNous avons cherch\u00e9 \u00e0 concilier la reproduction fid\u00e8le d'un livre ancien \u00e0 partir de sa version num\u00e9ris\u00e9e avec le souci d'un confort de lecture optimal. Nous esp\u00e9rons que les ouvrages de cette nouvelle collection vous apporteront enti\u00e8re satisfaction.\r\n\r\nPour plus d'informations, rendez-vous sur www.hachettebnf.fr http:\/\/gallica.bnf.fr\/ark:\/12148\/bpt6k57903481","authors":[],"category_codes":["1000000","1060000","1060200"],"visuals":{"large":"https:\/\/images.epagine.fr\/359\/9782013436359_1_75.jpg","medium":"https:\/\/images.epagine.fr\/359\/9782013436359_1_m.jpg","thumbnail":"https:\/\/images.epagine.fr\/359\/9782013436359_1_v.jpg"},"orderable":true,"show_badge":true,"formatted_price":"10,90&nbsp;\u20ac","formatted_published_date":"1er septembre 2014","publisher_availability_label":"Sur commande","short_details":"Hachette BNF","translator":null,"weight":80,"page_count":null,"readership":null,"editor":"Hachette BNF","price":1090,"published_date":"2014-08-31T22:00:00.000000Z","support":"Grand format","publisher_availability":1,"stock":0,"editions":[],"url":"https:\/\/quaidesbrumes.com\/ouvrage\/9782013436359\/memoire-sur-les-negres-pour-servir-de-materiaux-aux-cahiers-des-colonies"},{"id":"9782747586337","title":"La figue de l'oncle, l'Alg\u00e9rie de Grand-Papa","description":"L'Alg\u00e9rie de la fin du XIXe si\u00e8cle, apr\u00e8s la chute du Second Empire. Les Europ\u00e9ens y sont en proie aux m\u00eames luttes politiques qu'en M\u00e9tropole. On est au temps de Drumont, du scandale de Panama, des d\u00e9put\u00e9s \"ch\u00e9quards\". A Sidi-Lhassen, le maire est un ancien gendarme et son principal adversaire, un minotier local. Tous les moyens sont bons pour remporter les \u00e9lections municipales. Ce serait presque Clochemerle au Sahel si le tragique n'\u00e9tait trop souvent proche de la com\u00e9die. On assiste ici, \u00e0 travers une histoire de famille, \u00e0 la naissance d'une soci\u00e9t\u00e9 nouvelle.","authors":["Pierre Counillon"],"category_codes":["1000000","1010000"],"visuals":{"large":"https:\/\/images.epagine.fr\/337\/9782747586337_1_75.jpg","medium":"https:\/\/images.epagine.fr\/337\/9782747586337_1_m.jpg","thumbnail":"https:\/\/images.epagine.fr\/337\/9782747586337_1_v.jpg"},"orderable":true,"show_badge":true,"formatted_price":"13,50&nbsp;\u20ac","formatted_published_date":"2 juin 2005","publisher_availability_label":"Sur commande","short_details":"Pierre Counillon \u2014 \u00c9ditions L'Harmattan","translator":null,"weight":160,"page_count":136,"readership":null,"editor":"\u00c9ditions L'Harmattan","price":1350,"published_date":"2005-06-01T22:00:00.000000Z","support":"Grand format","publisher_availability":1,"stock":0,"editions":[],"url":"https:\/\/quaidesbrumes.com\/ouvrage\/9782747586337\/la-figue-de-loncle-lalgerie-de-grand-papa"},{"id":"9782080688101","title":"Anne d'Autriche","description":"M\u00e8re de LouisXIV, r\u00e9gente du royaume durant la minorit\u00e9 du Roi Soleil, Anne d'Autriche a d'abord \u00e9t\u00e9 infante d'Espagne, avant de devenir, adolescente, reine de France, puis souveraine. De son enfance, l'\u00e9pouse de LouisXIII a longtemps conserv\u00e9 une certaine rigidit\u00e9 d'apparence, vite interpr\u00e9t\u00e9e par ses contemporains comme condescendance. De ses parents, Anne d'Autriche a h\u00e9rit\u00e9 un attachement visc\u00e9ral aux valeurs familiales. De sa naissance, de la filiation la plus prestigieuse qui soit en ce d\u00e9but de XVIIesi\u00e8cle, Anne d'Autriche a gard\u00e9 une vive conscience, parfois au d\u00e9triment des int\u00e9r\u00eats \u00e9l\u00e9mentaires de la couronne qu'elle ceint en 1615. Anne d'Autriche, la jeunesse d'une souveraine retrace l'apprentissage d'une reine de France : plus qu'un m\u00e9tier - dont elle doit assimiler les rudiments bien souvent \u00e0 son corps et \u00e0 son coeur d\u00e9fendant-, toute une existence se dessine, souvent ponctu\u00e9e de d\u00e9sillusions, d'amertume et d'humiliations, jusqu'\u00e0 la maternit\u00e9 salvatrice et l'acc\u00e8s au pouvoir, pour son fils.","authors":["Marie-Catherine Souleyreau"],"category_codes":["1000000","1060000"],"visuals":{"large":"https:\/\/images.epagine.fr\/101\/9782080688101_1_75.jpg","medium":"https:\/\/images.epagine.fr\/101\/9782080688101_1_m.jpg","thumbnail":"https:\/\/images.epagine.fr\/101\/9782080688101_1_v.jpg"},"orderable":true,"show_badge":true,"formatted_price":"18,30&nbsp;\u20ac","formatted_published_date":"5 octobre 2006","publisher_availability_label":"Sur commande","short_details":"Marie-Catherine Souleyreau \u2014 Flammarion","translator":null,"weight":245,"page_count":244,"readership":null,"editor":"Flammarion","price":1830,"published_date":"2006-10-04T22:00:00.000000Z","support":"Grand format","publisher_availability":1,"stock":0,"editions":[],"url":"https:\/\/quaidesbrumes.com\/ouvrage\/9782080688101\/anne-dautriche"},{"id":"9782702136041","title":"Innocents ; le calvaire des accus\u00e9s d'Outreau","description":"Ils \u00e9taient chauffeur de taxi, serrurier, gardien d?immeuble, boulang\u00e8re, pr\u00eatre-ouvrier? Ils menaient des vies sans histoires, avant d?\u00eatre happ\u00e9s par une machine judiciaire devenue folle. Accus\u00e9s par Myriam Badaoui, une voisine pour les uns, une inconnue totale pour les autres, d?actes insens\u00e9s de p\u00e9dophilie et de barbarie sur de nombreux enfants, tous protestent de leur innocence. En vain.    Le juge d?instruction, persuad\u00e9 que \u00ab l?affaire d?Outreau \u00bb est l?affaire du si\u00e8cle, ne les \u00e9coute m\u00eame pas, subjugu\u00e9 qu?il est par la logorrh\u00e9e de son accusatrice principale dont il fait la star de toutes les confrontations. Ni le procureur, ni le juge des libert\u00e9s, ni les magistrats de la cour d?appel n?auront le courage ou la clairvoyance d?arr\u00eater la machine infernale, et leur d\u00e9faillance scellera, pour chacun des accus\u00e9s, une \u00e9tape de leur descente aux enfers : la garde \u00e0 vue, la d\u00e9tention pr\u00e9ventive, l?infamie, la ruine, la destruction du lien familial et, pour au moins l?un d?entre eux, la mort.    C?est \u00e0 croire qu?en France s?est reconstitu\u00e9e une justice d?Ancien R\u00e9gime, autiste, arbitraire, mur\u00e9e dans ses certitudes et surtout m\u00e9prisante \u00e0 l?\u00e9gard de ceux qu?elle a pour mission de juger, d\u00e8s lors qu?ils viennent de la \u00ab France d?en bas \u00bb.    Ce livre r\u00e9pare cette injustice en restituant dans toute leur \u00e9paisseur ces vies bris\u00e9es. Des vies de petits plaisirs et de grandes \u00e9preuves, des vies de lutte quotidienne pour joindre les deux bouts et maintenir ses enfants dans le droit chemin, des vies marqu\u00e9es par la dignit\u00e9 et le courage dans l?adversit\u00e9 la plus extr\u00eame.","authors":["Anne-laure Barret","Patrice Trapier"],"category_codes":["1000000","1060000","1060300"],"visuals":{"large":"https:\/\/images.epagine.fr\/041\/9782702136041_1_75.jpg","medium":"https:\/\/images.epagine.fr\/041\/9782702136041_1_m.jpg","thumbnail":"https:\/\/images.epagine.fr\/041\/9782702136041_1_v.jpg"},"orderable":true,"show_badge":true,"formatted_price":"28,00&nbsp;\u20ac","formatted_published_date":"12 octobre 2005","publisher_availability_label":"Sur commande","short_details":"Anne-laure Barret, Patrice Trapier \u2014 Calmann-L\u00e9vy","translator":null,"weight":640,"page_count":545,"readership":null,"editor":"Calmann-L\u00e9vy","price":2800,"published_date":"2005-10-11T22:00:00.000000Z","support":"Grand format","publisher_availability":1,"stock":0,"editions":[],"url":"https:\/\/quaidesbrumes.com\/ouvrage\/9782702136041\/innocents-le-calvaire-des-accuses-doutreau"},{"id":"9782012528642","title":"Catalogue des ouvrages \u00e9crits et dessins de toute nature poursuivis, supprim\u00e9s, condamn\u00e9s (\u00c9d.1879)","description":"Catalogue des ouvrages \u00e9crits et dessins de toute nature poursuivis, supprim\u00e9s ou condamn\u00e9s : depuis le 21 octobre 1814 jusqu'au 31 juillet 1877 (\u00c9dition enti\u00e8rement nouvelle, consid\u00e9rablement augment\u00e9e) \/ par Fernand Drujon\r\nDate de l'\u00e9dition originale : 1879\r\n\r\nLe pr\u00e9sent ouvrage s'inscrit dans une politique de conservation patrimoniale des ouvrages de la litt\u00e9rature Fran\u00e7aise mise en place avec la BNF.\r\nHACHETTE LIVRE et la BNF proposent ainsi un catalogue de titres indisponibles, la BNF ayant num\u00e9ris\u00e9 ces oeuvres et HACHETTE LIVRE les imprimant \u00e0 la demande.\r\nCertains de ces ouvrages refl\u00e8tent des courants de pens\u00e9e caract\u00e9ristiques de leur \u00e9poque, mais qui seraient aujourd'hui jug\u00e9s condamnables.\r\nIls n'en appartiennent pas moins \u00e0 l'histoire des id\u00e9es en France et sont susceptibles de pr\u00e9senter un int\u00e9r\u00eat scientifique ou historique.\r\nLe sens de notre d\u00e9marche \u00e9ditoriale consiste ainsi \u00e0 permettre l'acc\u00e8s \u00e0 ces oeuvres sans pour autant que nous en cautionnions en aucune fa\u00e7on le contenu.\r\n\r\nPour plus d'informations, rendez-vous sur www.hachettebnf.fr","authors":["Drujon Fernand"],"category_codes":["1000000","1060000","1060200"],"visuals":{"large":"https:\/\/images.epagine.fr\/642\/9782012528642_1_75.jpg","medium":"https:\/\/images.epagine.fr\/642\/9782012528642_1_m.jpg","thumbnail":"https:\/\/images.epagine.fr\/642\/9782012528642_1_v.jpg"},"orderable":true,"show_badge":true,"formatted_price":"29,50&nbsp;\u20ac","formatted_published_date":"1er juin 2012","publisher_availability_label":"Sur commande","short_details":"Drujon Fernand \u2014 Hachette BNF","translator":null,"weight":655,"page_count":469,"readership":null,"editor":"Hachette BNF","price":2950,"published_date":"2012-05-31T22:00:00.000000Z","support":"Grand format","publisher_availability":1,"stock":0,"editions":[],"url":"https:\/\/quaidesbrumes.com\/ouvrage\/9782012528642\/catalogue-des-ouvrages-ecrits-et-dessins-de-toute-nature-poursuivis-supprimes-condamnes-ed1879"},{"id":"9782226159960","title":"Jean-edern hallier - ou le narcissique parfait","description":"\u00ab Beaucoup plus qu'un enfant, Jean-Edern a \u00e9t\u00e9 une divinit\u00e9 de l'enfance, un Centaure cruel en proie au d\u00e9mon de la destruction, un animal ludique, gratuit, amoral, qui pratiquait le mal en somnambule, moiti\u00e9 sauvage, moiti\u00e9 olympien, l'\u00e9ph\u00e9m\u00e8re dieu Pan d'un monde qui a transform\u00e9 ses dieux en clowns. \u00bb S'il y a eu dans le si\u00e8cle un g\u00e9nie de la farce, c'est Jean-Edern Hallier. Tour \u00e0 tour transformiste, magicien, show-man prodigieux, il a interpr\u00e9t\u00e9 tous les r\u00f4les, sauf le sien en d\u00e9finitive : \u00e9crivain. \u00c0 trop vouloir passer \u00e0 la t\u00e9l\u00e9vision, il a s\u00fbrement sacrifi\u00e9 sa post\u00e9rit\u00e9 litt\u00e9raire aux exigences m\u00e9diatiques. Dans cette transaction narcissique, on a perdu des livres et gagn\u00e9 un clown d'exception, qui a incarn\u00e9 comme personne la soci\u00e9t\u00e9 du spectacle... \u00c0 la crois\u00e9e de la biographie et du portrait d'humeur, Fran\u00e7ois Bousquet apporte des \u00e9clairages crus sur les divers avatars de Jean-Edern Hallier dans l'essai brillant d'un admirateur lucide.","authors":["Fran\u00e7ois Bousquet"],"category_codes":["1000000","1060000","1060200"],"visuals":{"large":"https:\/\/images.epagine.fr\/960\/9782226159960_1_75.jpg","medium":"https:\/\/images.epagine.fr\/960\/9782226159960_1_m.jpg","thumbnail":"https:\/\/images.epagine.fr\/960\/9782226159960_1_v.jpg"},"orderable":true,"show_badge":true,"formatted_price":"13,20&nbsp;\u20ac","formatted_published_date":"31 ao\u00fbt 2005","publisher_availability_label":"Sur commande","short_details":"Fran\u00e7ois Bousquet \u2014 Albin Michel","translator":null,"weight":158,"page_count":132,"readership":null,"editor":"Albin Michel","price":1320,"published_date":"2005-08-30T22:00:00.000000Z","support":"Grand format","publisher_availability":1,"stock":0,"editions":[],"url":"https:\/\/quaidesbrumes.com\/ouvrage\/9782226159960\/jean-edern-hallier-ou-le-narcissique-parfait"}]}