{"data":[{"id":"9782716506601","title":"Un merveilleux voyage de Mademoiselle de Mortemart ; le journal d'une enfant pendant l\u00e9t\u00e9 1769","description":"\r\n            paris, metz, nancy, strasbourg, besan\u00e7on.\r\n dans le carrosse qui, le 16 mai 1769, vient la chercher \u00e0 la fin de ses vacances, un p\u00e9riple inattendu attend\r\nvicturnienne de mortemart, dans la fra\u00eecheur de ses\r\ndix ans.  au lieu de la renvoyer au couvent parisien\r\nqu'elle fr\u00e9quente pour son \u00e9ducation, ses parents, issus de la noblesse d'\u00e9p\u00e9e parisienne, l'emm\u00e8nent en voyage dans l'est de la france, afin de rendre visite \u00e0 ses fr\u00e8res, \u00e9l\u00e8ves \u00e0 l'ecole d'artillerie de strasbourg.\r\n avec l'aide de ses parents et d'un pr\u00e9cepteur, elle r\u00e9dige le r\u00e9cit de ce circuit de trois mois \u00e0 travers la champagne, la lorraine, l'alsace, les vosges et la franche-comt\u00e9.  d\u00e9crivant en d\u00e9tail toutes ses visites, la jeune voyageuse s'\u00e9merveille de ce qu'elle voit - citadelles et ch\u00e2teaux, manufactures et machines, parades et exercices militaires, curiosit\u00e9s naturelles, f\u00eates, d\u00eeners et bals, mani\u00e8res de vivre qui la confrontent pour la premi\u00e8re fois au sentiment de l'alt\u00e9rit\u00e9.\r\n a mi-chemin du carnet de voyage et du cahier d'\u00e9coli\u00e8re, ce r\u00e9cit offre un pr\u00e9cieux document historique sur les codes du voyage \u00e9ducatif et mondain au xviiie si\u00e8cle.  mademoiselle de mortemart se familiarise avec les impressions et les \u00e9motions que l'on attend d'une jeune fille au si\u00e8cle des lumi\u00e8res, au coeur d'une france en pleine m\u00e9tamorphose, qui vit les derni\u00e8res heures de l'ancien r\u00e9gime. \r\n        \r","authors":["La\u00ebtitia Gigault"],"category_codes":["1000000","1060000","1060200"],"visuals":{"large":"https:\/\/images.epagine.fr\/601\/9782716506601_1_75.jpg","medium":"https:\/\/images.epagine.fr\/601\/9782716506601_1_m.jpg","thumbnail":"https:\/\/images.epagine.fr\/601\/9782716506601_1_v.jpg"},"orderable":true,"show_badge":true,"formatted_price":"17,00&nbsp;\u20ac","formatted_published_date":"8 f\u00e9vrier 2006","publisher_availability_label":"Sur commande","short_details":"La\u00ebtitia Gigault \u2014 La Nu\u00e9e Bleue","translator":null,"weight":250,"page_count":192,"readership":null,"editor":"La Nu\u00e9e Bleue","price":1700,"published_date":"2006-02-07T23:00:00.000000Z","support":"Grand format","publisher_availability":1,"stock":0,"editions":[],"url":"https:\/\/quaidesbrumes.com\/ouvrage\/9782716506601\/un-merveilleux-voyage-de-mademoiselle-de-mortemart-le-journal-dune-enfant-pendant-lete-1769"},{"id":"9782738449887","title":"Bou-bou","description":null,"authors":["Henri Keller"],"category_codes":["9000000","9120000","9120200"],"visuals":{"large":"https:\/\/images.epagine.fr\/887\/9782738449887_1_75.jpg","medium":"https:\/\/images.epagine.fr\/887\/9782738449887_1_m.jpg","thumbnail":"https:\/\/images.epagine.fr\/887\/9782738449887_1_v.jpg"},"orderable":true,"show_badge":true,"formatted_price":"15,50&nbsp;\u20ac","formatted_published_date":"1er janvier 1997","publisher_availability_label":"Sur commande","short_details":"Henri Keller \u2014 \u00c9ditions L'Harmattan","translator":null,"weight":240,"page_count":184,"readership":null,"editor":"\u00c9ditions L'Harmattan","price":1550,"published_date":"1996-12-31T23:00:00.000000Z","support":"Grand format","publisher_availability":1,"stock":0,"editions":[],"url":"https:\/\/quaidesbrumes.com\/ouvrage\/9782738449887\/bou-bou"},{"id":"9782738452023","title":"Les tribulations d'un resistantauvergnat ordinaire","description":null,"authors":["Jean Sanitas"],"category_codes":["1000000","1060000","1060100"],"visuals":{"large":"https:\/\/images.epagine.fr\/023\/9782738452023_1_75.jpg","medium":"https:\/\/images.epagine.fr\/023\/9782738452023_1_m.jpg","thumbnail":"https:\/\/images.epagine.fr\/023\/9782738452023_1_v.jpg"},"orderable":true,"show_badge":true,"formatted_price":"14,50&nbsp;\u20ac","formatted_published_date":"27 mai 1997","publisher_availability_label":"Sur commande","short_details":"Jean Sanitas \u2014 \u00c9ditions L'Harmattan","translator":null,"weight":214,"page_count":126,"readership":null,"editor":"\u00c9ditions L'Harmattan","price":1450,"published_date":"1997-05-26T22:00:00.000000Z","support":"Grand format","publisher_availability":1,"stock":0,"editions":[],"url":"https:\/\/quaidesbrumes.com\/ouvrage\/9782738452023\/les-tribulations-dun-resistantauvergnat-ordinaire"},{"id":"9782878676105","title":"La marche a l etoile","description":null,"authors":["Clotilde de Valmente"],"category_codes":["1000000","1060000","1060200"],"visuals":{"large":"https:\/\/quaidesbrumes.com\/img\/book-placeholder.png","medium":"https:\/\/quaidesbrumes.com\/img\/book-placeholder.png","thumbnail":"https:\/\/quaidesbrumes.com\/img\/book-placeholder.png"},"orderable":true,"show_badge":true,"formatted_price":"22,00&nbsp;\u20ac","formatted_published_date":"23 mai 2005","publisher_availability_label":"Sur commande","short_details":"Clotilde de Valmente \u2014 Presses Du Midi","translator":null,"weight":334,"page_count":null,"readership":null,"editor":"Presses Du Midi","price":2200,"published_date":"2005-05-22T22:00:00.000000Z","support":"Grand format","publisher_availability":1,"stock":0,"editions":[],"url":"https:\/\/quaidesbrumes.com\/ouvrage\/9782878676105\/la-marche-a-l-etoile"},{"id":"9782738474865","title":"Enfin rompue la cha\u00eene de  la mort...premi\u00e8re gr\u00e8ve de la faim au monde pour une autre t\u00e9l\u00e9vision. Journal de bord...","description":"45 jours de gr\u00e8ve de la faim de la cin\u00e9aste Maria KOLEVA pour que des films libres et ind\u00e9pendants, en fran\u00e7ais, puissent passer \u00e0 la t\u00e9l\u00e9vision. Le livre refl\u00e8te l'\u00e9tat des consciences \u00e0 Paris. Ce que le monde entier ignore : la France est pleine de gens exceptionnels. Ce livre est pour eux ! Mais aussi parce que depuis la fin de la gr\u00e8ve, le 1er d\u00e9cembre 1989, rien n'a chang\u00e9 \u00e0 Paris, dans ce domaine\r","authors":["Maria Koleva"],"category_codes":["1000000","1060000","1060300"],"visuals":{"large":"https:\/\/images.epagine.fr\/865\/9782738474865_1_75.jpg","medium":"https:\/\/images.epagine.fr\/865\/9782738474865_1_m.jpg","thumbnail":"https:\/\/images.epagine.fr\/865\/9782738474865_1_v.jpg"},"orderable":true,"show_badge":true,"formatted_price":"21,00&nbsp;\u20ac","formatted_published_date":"15 janvier 1999","publisher_availability_label":"Sur commande","short_details":"Maria Koleva \u2014 \u00c9ditions L'Harmattan","translator":null,"weight":358,"page_count":null,"readership":null,"editor":"\u00c9ditions L'Harmattan","price":2100,"published_date":"1999-01-14T23:00:00.000000Z","support":"Grand format","publisher_availability":1,"stock":0,"editions":[],"url":"https:\/\/quaidesbrumes.com\/ouvrage\/9782738474865\/enfin-rompue-la-chaine-de-la-mortpremiere-greve-de-la-faim-au-monde-pour-une-autre-television-journal-de-bord"},{"id":"9782747580229","title":"Une vie : Autobiographie sociale - politique - philosophique","description":"Fils d'une famille ouvri\u00e8re de la r\u00e9gion lilloise, agr\u00e9g\u00e9 de philosophie, ancien professeur d'universit\u00e9, j'ai toujours men\u00e9 parall\u00e8lement \u00e0 mes activit\u00e9s d'enseignement et de recherche une activit\u00e9 politique importante par le temps que j'y ai consacr\u00e9, d'abord comme compagnon de route du PC puis comme membre de ce parti auquel j'ai fini par adh\u00e9rer sans en partager ni l'esprit stalinien, ni la philosophie officielle: le mat\u00e9rialisme.\r","authors":["Robert Lamblin"],"category_codes":["1000000","1060000"],"visuals":{"large":"https:\/\/images.epagine.fr\/229\/9782747580229_1_75.jpg","medium":"https:\/\/images.epagine.fr\/229\/9782747580229_1_m.jpg","thumbnail":"https:\/\/images.epagine.fr\/229\/9782747580229_1_v.jpg"},"orderable":true,"show_badge":true,"formatted_price":"27,00&nbsp;\u20ac","formatted_published_date":"2 f\u00e9vrier 2005","publisher_availability_label":"Sur commande","short_details":"Robert Lamblin \u2014 \u00c9ditions L'Harmattan","translator":null,"weight":400,"page_count":286,"readership":null,"editor":"\u00c9ditions L'Harmattan","price":2700,"published_date":"2005-02-01T23:00:00.000000Z","support":"Grand format","publisher_availability":1,"stock":0,"editions":[],"url":"https:\/\/quaidesbrumes.com\/ouvrage\/9782747580229\/une-vie-autobiographie-sociale-politique-philosophique"},{"id":"9782747500463","title":"Smyrne 1922 entre le feu leglaive et l'eau les epreuve","description":"Le docteur Hatch\u00e9rian, m\u00e9decin arm\u00e9nien \u00e0 Smyrne, tient un journal relatant l'incendie qui d\u00e9truit une grande partie de la ville en 1922, ainsi que les massacres qui d\u00e9ciment les communaut\u00e9s chr\u00e9tiennes. M\u00e9decin militaire dans l'arm\u00e9e turque pendant la Premi\u00e8re Guerre mondiale, il se retrouve brusquement menac\u00e9 de mort par l'\u00c9tat m\u00eame qu'il a si loyalement servi. Il r\u00e9ussi, tout en peignant l'horreur omnipr\u00e9sente, \u00e0 donner \u00e0 la situation sa dimension politique et internationale.\r","authors":["Sakayan Dora"],"category_codes":["1000000","1060000","1060100"],"visuals":{"large":"https:\/\/images.epagine.fr\/463\/9782747500463_1_75.jpg","medium":"https:\/\/images.epagine.fr\/463\/9782747500463_1_m.jpg","thumbnail":"https:\/\/images.epagine.fr\/463\/9782747500463_1_v.jpg"},"orderable":true,"show_badge":true,"formatted_price":"14,50&nbsp;\u20ac","formatted_published_date":"1er novembre 2003","publisher_availability_label":"Sur commande","short_details":"Sakayan Dora \u2014 \u00c9ditions L'Harmattan","translator":null,"weight":202,"page_count":130,"readership":null,"editor":"\u00c9ditions L'Harmattan","price":1450,"published_date":"2003-10-31T23:00:00.000000Z","support":"Grand format","publisher_availability":1,"stock":0,"editions":[],"url":"https:\/\/quaidesbrumes.com\/ouvrage\/9782747500463\/smyrne-1922-entre-le-feu-leglaive-et-leau-les-epreuve"},{"id":"9782858021390","title":"Le Cambodge et la colonisation fran\u00e7aise (1897-1920) : Histoire d'une colonisation sans heurts","description":null,"authors":["Alain Forest"],"category_codes":["9000000","9050000","9050200"],"visuals":{"large":"https:\/\/images.epagine.fr\/390\/9782858021390_1_75.jpg","medium":"https:\/\/images.epagine.fr\/390\/9782858021390_1_m.jpg","thumbnail":"https:\/\/images.epagine.fr\/390\/9782858021390_1_v.jpg"},"orderable":true,"show_badge":true,"formatted_price":"51,00&nbsp;\u20ac","formatted_published_date":"1er mars 1993","publisher_availability_label":"Sur commande","short_details":"Alain Forest \u2014 \u00c9ditions L'Harmattan","translator":null,"weight":820,"page_count":554,"readership":null,"editor":"\u00c9ditions L'Harmattan","price":5100,"published_date":"1993-02-28T23:00:00.000000Z","support":"Grand format","publisher_availability":1,"stock":0,"editions":[],"url":"https:\/\/quaidesbrumes.com\/ouvrage\/9782858021390\/le-cambodge-et-la-colonisation-francaise-1897-1920-histoire-dune-colonisation-sans-heurts"},{"id":"9782747583800","title":"Pr\u00e9venir l'illettrisme : Comment la recherche peut-elle servir l'Ecole ?","description":"Ignorer ou sous-estimer les difficult\u00e9s dans l'apprentissage du lire-\u00e9crire pr\u00e9sente le risque d'installer l'\u00e9l\u00e8ve dans une spirale de l'\u00e9chec qui pourrait le conduire sur la voie de l'illettrisme. La situation dans laquelle se trouvent aujourd'hui ces adultes, qualifi\u00e9s d'\"illettr\u00e9s\", ne peut qu'interroger, en amont, le r\u00f4le d'une institution qu'ils ont pourtant fr\u00e9quent\u00e9e. Comment concevoir et mettre en pratique le d\u00e9pistage et la pr\u00e9vention des difficult\u00e9s d'acc\u00e8s \u00e0 l'\u00e9crit, en associant de mani\u00e8re plus concert\u00e9e les diff\u00e9rents acteurs de la situation \u00e9ducative : enseignants, \u00e9l\u00e8ves, parents, personnels sp\u00e9cialis\u00e9s ?","authors":["Jean-pierre Gat\u00e9"],"category_codes":["9000000","9100000","9100500"],"visuals":{"large":"https:\/\/images.epagine.fr\/800\/9782747583800_1_75.jpg","medium":"https:\/\/images.epagine.fr\/800\/9782747583800_1_m.jpg","thumbnail":"https:\/\/images.epagine.fr\/800\/9782747583800_1_v.jpg"},"orderable":true,"show_badge":true,"formatted_price":"22,50&nbsp;\u20ac","formatted_published_date":"15 mai 2005","publisher_availability_label":"Sur commande","short_details":"Jean-pierre Gat\u00e9 \u2014 \u00c9ditions L'Harmattan","translator":null,"weight":270,"page_count":250,"readership":null,"editor":"\u00c9ditions L'Harmattan","price":2250,"published_date":"2005-05-14T22:00:00.000000Z","support":"Grand format","publisher_availability":1,"stock":0,"editions":[],"url":"https:\/\/quaidesbrumes.com\/ouvrage\/9782747583800\/prevenir-lillettrisme-comment-la-recherche-peut-elle-servir-lecole"},{"id":"9782747584685","title":"Sociologie critique de la politique de la ville : Une action publique sous influence","description":"Pour avoir \u00e9t\u00e9 longtemps au centre des discours officiels, la politique de la ville n'en a pas moins \u00e9t\u00e9 m\u00e9connue. Ses origines et ses finalit\u00e9s r\u00e9elles sont rest\u00e9es d'autant plus opaques qu'elle a r\u00e9ussi \u00e0 faire parler ceux qui l'ont \u00e9tudi\u00e9e avec son propre langage. La posture critique de l'auteur lui permet d'\u00e9viter cet \u00e9cueil en renouvelant les interpr\u00e9tations et en se d\u00e9marquant de toute vis\u00e9e \u00e9valuative. La mise en oeuvre des dispositifs locaux ont \u00e9t\u00e9 laiss\u00e9s de c\u00f4t\u00e9 au profit du mouvement d'ensemble de cette action publique.\r","authors":["G\u00e9rard Chevalier"],"category_codes":["9000000","9120000","9120200"],"visuals":{"large":"https:\/\/images.epagine.fr\/685\/9782747584685_1_75.jpg","medium":"https:\/\/images.epagine.fr\/685\/9782747584685_1_m.jpg","thumbnail":"https:\/\/images.epagine.fr\/685\/9782747584685_1_v.jpg"},"orderable":true,"show_badge":true,"formatted_price":"23,00&nbsp;\u20ac","formatted_published_date":"15 mai 2005","publisher_availability_label":"Sur commande","short_details":"G\u00e9rard Chevalier \u2014 \u00c9ditions L'Harmattan","translator":null,"weight":280,"page_count":256,"readership":null,"editor":"\u00c9ditions L'Harmattan","price":2300,"published_date":"2005-05-14T22:00:00.000000Z","support":"Grand format","publisher_availability":1,"stock":0,"editions":[],"url":"https:\/\/quaidesbrumes.com\/ouvrage\/9782747584685\/sociologie-critique-de-la-politique-de-la-ville-une-action-publique-sous-influence"},{"id":"9782702135976","title":"M\u00e9moires d'otages","description":"20 ao\u00fbt 2004 ? 21 d\u00e9cembre 2004. Pendant 124 jours, la France a v\u00e9cu au rythme des annonces quotidiennes qui scandaient les noms de Christian Chesnot et Georges Malbrunot. Pendant ces m\u00eames 124 jours, dans un Irak d\u00e9chir\u00e9, les deux hommes souffrent, connaissent peur et espoir, tentent de saisir dans les yeux et la voix de leurs gardiens le sort qui leur est r\u00e9serv\u00e9. Ballott\u00e9s de cache en cache, les deux otages vont vivre durant quatre mois une exp\u00e9rience singuli\u00e8re et douloureuse.    Dans ce livre, ils nous confient les \u00e9motions et les pr\u00e9occupations les plus intimes de leur captivit\u00e9. Soucieux de dire ce qui n?a que peu \u00e9t\u00e9 exprim\u00e9 jusqu?alors, ils abordent les nombreuses questions que l'on se pose : suffit-il de recouvrer la libert\u00e9 et de rejoindre les siens pour quitter le statut d?otage ? De quel prix un journaliste de terrain paie-t-il cette libert\u00e9 ? Quelles sont les limites du fameux syndrome de Stockholm ? Comment s?op\u00e8re le retour \u00e0 cette vie qu?on dit normale ? Revient-on indemne d?un tel choc psychologique ?       Mais au-del\u00e0 de leur propre histoire, aussi forte soit-elle, ils ont tenu \u00e0 mener, d\u00e8s leur retour en France, leur propre contre-enqu\u00eate aupr\u00e8s des principaux acteurs de l'ombre.  Dans cet ouvrage, Christian Chesnot et Georges Malbrunot nous r\u00e9v\u00e8lent au quotidien les n\u00e9gociations souterraines, l'action des services sp\u00e9ciaux comme celle des politiques, les secrets du processus qui a abouti \u00e0 leur lib\u00e9ration.","authors":["Christian Chesnot","Georges Malbrunot"],"category_codes":["1000000","1060000","1060300"],"visuals":{"large":"https:\/\/images.epagine.fr\/976\/9782702135976_1_75.jpg","medium":"https:\/\/images.epagine.fr\/976\/9782702135976_1_m.jpg","thumbnail":"https:\/\/images.epagine.fr\/976\/9782702135976_1_v.jpg"},"orderable":true,"show_badge":true,"formatted_price":"24,20&nbsp;\u20ac","formatted_published_date":"4 mai 2005","publisher_availability_label":"Sur commande","short_details":"Christian Chesnot, Georges Malbrunot \u2014 Calmann-L\u00e9vy","translator":null,"weight":335,"page_count":260,"readership":null,"editor":"Calmann-L\u00e9vy","price":2420,"published_date":"2005-05-03T22:00:00.000000Z","support":"Grand format","publisher_availability":1,"stock":0,"editions":[],"url":"https:\/\/quaidesbrumes.com\/ouvrage\/9782702135976\/memoires-dotages"},{"id":"9782013436267","title":"Memoire pour les deportes de la martinique","description":"M\u00e9moire pour les d\u00e9port\u00e9s de la Martinique. (Sign\u00e9 : Isambert, avocat aux conseils du Roi. [29 juin 1824.]) Date de l'\u00e9dition originale : 1824 Sujet de l'ouvrage : MartiniqueFrance -- Colonies -- Histoire Ce livre est la reproduction fid\u00e8le d'une oeuvre publi\u00e9e avant 1920 et fait partie d'une collection de livres r\u00e9imprim\u00e9s \u00e0 la demande \u00e9dit\u00e9e par Hachette Livre, dans le cadre d'un partenariat avec la Biblioth\u00e8que nationale de France, offrant l'opportunit\u00e9 d'acc\u00e9der \u00e0 des ouvrages anciens et souvent rares issus des fonds patrimoniaux de la BnF.\r\nLes oeuvres faisant partie de cette collection ont \u00e9t\u00e9 num\u00e9ris\u00e9es par la BnF et sont pr\u00e9sentes sur Gallica, sa biblioth\u00e8que num\u00e9rique.\r\n\r\nEn entreprenant de redonner vie \u00e0 ces ouvrages au travers d'une collection de livres r\u00e9imprim\u00e9s \u00e0 la demande, nous leur donnons la possibilit\u00e9 de rencontrer un public \u00e9largi et participons \u00e0 la transmission de connaissances et de savoirs parfois difficilement accessibles.\r\nNous avons cherch\u00e9 \u00e0 concilier la reproduction fid\u00e8le d'un livre ancien \u00e0 partir de sa version num\u00e9ris\u00e9e avec le souci d'un confort de lecture optimal. Nous esp\u00e9rons que les ouvrages de cette nouvelle collection vous apporteront enti\u00e8re satisfaction.\r\n\r\nPour plus d'informations, rendez-vous sur www.hachettebnf.fr http:\/\/gallica.bnf.fr\/ark:\/12148\/bpt6k5800678z\r","authors":["Isambert"],"category_codes":["1000000","1060000","1060200"],"visuals":{"large":"https:\/\/images.epagine.fr\/267\/9782013436267_1_75.jpg","medium":"https:\/\/images.epagine.fr\/267\/9782013436267_1_m.jpg","thumbnail":"https:\/\/images.epagine.fr\/267\/9782013436267_1_v.jpg"},"orderable":true,"show_badge":true,"formatted_price":"11,50&nbsp;\u20ac","formatted_published_date":"1er septembre 2014","publisher_availability_label":"Sur commande","short_details":"Isambert \u2014 Hachette BNF","translator":null,"weight":110,"page_count":null,"readership":null,"editor":"Hachette BNF","price":1150,"published_date":"2014-08-31T22:00:00.000000Z","support":"Grand format","publisher_availability":1,"stock":0,"editions":[],"url":"https:\/\/quaidesbrumes.com\/ouvrage\/9782013436267\/memoire-pour-les-deportes-de-la-martinique"},{"id":"9782747579254","title":"Souvenirs d'un coupeur de bois : Gabon-Congo - 1946-1960","description":"L'aventure d'un jeune fran\u00e7ais plong\u00e9 dans la for\u00eat \u00e9quatoriale pour y pratiquer le rude m\u00e9tier de \"coupeur de bois\". Il d\u00e9couvre une nature luxuriante, une faune abondante qui l'\u00e9merveille, mais surtout des hommes \u00e0 former et \u00e0 diriger en respectant les personnes et les coutumes. Les difficult\u00e9s sont nombreuses et il n'y pas de place pour la faiblesse. Les amiti\u00e9s cr\u00e9\u00e9es sont aussi solides que les caract\u00e8res fa\u00e7onn\u00e9s \u00e0 l'\u00e9cole de la brousse. Un livre qui nous fait partager une tranche de vie hors du commun, dans un style alerte, vif et plein d'humour.\r","authors":["Jacques De Hillerin"],"category_codes":["1000000","1060000"],"visuals":{"large":"https:\/\/images.epagine.fr\/254\/9782747579254_1_75.jpg","medium":"https:\/\/images.epagine.fr\/254\/9782747579254_1_m.jpg","thumbnail":"https:\/\/images.epagine.fr\/254\/9782747579254_1_v.jpg"},"orderable":true,"show_badge":true,"formatted_price":"32,50&nbsp;\u20ac","formatted_published_date":"2 avril 2005","publisher_availability_label":"Sur commande","short_details":"Jacques De Hillerin \u2014 \u00c9ditions L'Harmattan","translator":null,"weight":410,"page_count":382,"readership":null,"editor":"\u00c9ditions L'Harmattan","price":3250,"published_date":"2005-04-01T22:00:00.000000Z","support":"Grand format","publisher_availability":1,"stock":0,"editions":[],"url":"https:\/\/quaidesbrumes.com\/ouvrage\/9782747579254\/souvenirs-dun-coupeur-de-bois-gabon-congo-1946-1960"},{"id":"9782738412188","title":"Ma main a la parole","description":"Le 18 juillet 1962, mon arriv\u00e9e s'est mal pass\u00e9e ; une h\u00e9morragie c\u00e9r\u00e9brale a d\u00e9truit en totalit\u00e9 mes cellules motrices. Me voil\u00e0 donc atteint d'infirmit\u00e9 motrice c\u00e9r\u00e9brale importante. En un mot, je ne peux pratiquement rien faire de mes membres ni de mon corps, si ce n'est me servir avec difficult\u00e9, de ma main gauche. Mais ce qui est le plus dur : \" Je ne parle pas. \" Quand j'ai commenc\u00e9 \u00e0 comprendre, vous imaginez ma t\u00eate ! Lorsque j'ai appris que mon avenir serait : Rien, mon probl\u00e8me fut : prouver que j'arriverai \u00e0 faire quelque chose. Un jour, gr\u00e2ce \u00e0 mes appareillages, j'ai trouv\u00e9 j'\u00e9crirai pour expliquer combien il est important pour ceux qui, comme moi, ne parlent pas ou mal, de savoir lire. Comment donner un sens \u00e0 sa vie quand on n'a jamais eu l'usage de ses jambes, ni de ses mains, ni de la parole mais que l'on est pr\u00e9sent au monde en pleine lucidit\u00e9 ? C'est ce que Gilles Sala essaye de nous dire dans ces pages pleines de sensibilit\u00e9 et d'humour o\u00f9 vous trouverez la force de vivre, le besoin d'aimer et d'\u00eatre aim\u00e9, l'amour de la nature et des animaux, mais aussi les moments de solitude et de d\u00e9sespoir, la difficult\u00e9 d'\u00eatre d\u00e9pendant des autres pour les actes \u00e9l\u00e9mentaires de la vie courante. Par son t\u00e9moignage, Gilles nous donne une grande le\u00e7on de courage. Docteur Joseph Cadoux P\u00e9diatre, Maladie des Enfants.\r","authors":["Gilles Sala"],"category_codes":["9000000","9120000","9120400","9120406"],"visuals":{"large":"https:\/\/images.epagine.fr\/188\/9782738412188_1_75.jpg","medium":"https:\/\/images.epagine.fr\/188\/9782738412188_1_m.jpg","thumbnail":"https:\/\/images.epagine.fr\/188\/9782738412188_1_v.jpg"},"orderable":true,"show_badge":true,"formatted_price":"13,50&nbsp;\u20ac","formatted_published_date":"3 mai 2000","publisher_availability_label":"Sur commande","short_details":"Gilles Sala \u2014 \u00c9ditions L'Harmattan","translator":null,"weight":170,"page_count":null,"readership":null,"editor":"\u00c9ditions L'Harmattan","price":1350,"published_date":"2000-05-02T22:00:00.000000Z","support":"Grand format","publisher_availability":1,"stock":0,"editions":[],"url":"https:\/\/quaidesbrumes.com\/ouvrage\/9782738412188\/ma-main-a-la-parole"},{"id":"9782013465298","title":"Lettre au ministre de la marine et des colonies. arreter la reaction aux antilles francaises","description":"Lettre au ministre de la Marine et des colonies sur la n\u00e9cessit\u00e9 d'arr\u00eater la r\u00e9action aux Antilles fran\u00e7aises, par Bissette Date de l'\u00e9dition originale : 1831 Ce livre est la reproduction fid\u00e8le d'une oeuvre publi\u00e9e avant 1920 et fait partie d'une collection de livres r\u00e9imprim\u00e9s \u00e0 la demande \u00e9dit\u00e9e par Hachette Livre, dans le cadre d'un partenariat avec la Biblioth\u00e8que nationale de France, offrant l'opportunit\u00e9 d'acc\u00e9der \u00e0 des ouvrages anciens et souvent rares issus des fonds patrimoniaux de la BnF.\r\nLes oeuvres faisant partie de cette collection ont \u00e9t\u00e9 num\u00e9ris\u00e9es par la BnF et sont pr\u00e9sentes sur Gallica, sa biblioth\u00e8que num\u00e9rique.\r\n\r\nEn entreprenant de redonner vie \u00e0 ces ouvrages au travers d'une collection de livres r\u00e9imprim\u00e9s \u00e0 la demande, nous leur donnons la possibilit\u00e9 de rencontrer un public \u00e9largi et participons \u00e0 la transmission de connaissances et de savoirs parfois difficilement accessibles.\r\nNous avons cherch\u00e9 \u00e0 concilier la reproduction fid\u00e8le d'un livre ancien \u00e0 partir de sa version num\u00e9ris\u00e9e avec le souci d'un confort de lecture optimal. Nous esp\u00e9rons que les ouvrages de cette nouvelle collection vous apporteront enti\u00e8re satisfaction.\r\n\r\nPour plus d'informations, rendez-vous sur www.hachettebnf.fr\r","authors":["Bissette C-C-A."],"category_codes":["1000000","1060000","1060200"],"visuals":{"large":"https:\/\/images.epagine.fr\/298\/9782013465298_1_75.jpg","medium":"https:\/\/images.epagine.fr\/298\/9782013465298_1_m.jpg","thumbnail":"https:\/\/images.epagine.fr\/298\/9782013465298_1_v.jpg"},"orderable":true,"show_badge":true,"formatted_price":"9,50&nbsp;\u20ac","formatted_published_date":"1er octobre 2014","publisher_availability_label":"Sur commande","short_details":"Bissette C-C-A. \u2014 Hachette BNF","translator":null,"weight":48,"page_count":null,"readership":null,"editor":"Hachette BNF","price":950,"published_date":"2014-09-30T22:00:00.000000Z","support":"Grand format","publisher_availability":1,"stock":0,"editions":[],"url":"https:\/\/quaidesbrumes.com\/ouvrage\/9782013465298\/lettre-au-ministre-de-la-marine-et-des-colonies-arreter-la-reaction-aux-antilles-francaises"},{"id":"9782738472861","title":"Le petit carnet","description":"J'ai toujours aim\u00e9 la po\u00e9sie... J'ai eu 20 ans. C'\u00e9tait en 1940. Contraint au travail en pays ennemi selon la formule officielle, j'ai fait un s\u00e9jour forc\u00e9 en Allemagne et en Tch\u00e9coslovaquie. J'ai trouv\u00e9 du temps disponible pour \u00e9crire quelques po\u00e9sies. Elles sont consign\u00e9es dans le petit carnet sur lequel j'ai relat\u00e9 mes aventures de mars 1943 \u00e0 mai 1945. Ce carnet est rest\u00e9 dans ma biblioth\u00e8que pendant plus de 50 ans. Aujourd'hui, je vais essayer de faire revivre les po\u00e9sies de mes 20 ans \u00e0 travers les souvenirs de 26 mois difficiles de ma jeunesse.\r","authors":["Henri Court"],"category_codes":["1000000","1060000","1060200"],"visuals":{"large":"https:\/\/images.epagine.fr\/861\/9782738472861_1_75.jpg","medium":"https:\/\/images.epagine.fr\/861\/9782738472861_1_m.jpg","thumbnail":"https:\/\/images.epagine.fr\/861\/9782738472861_1_v.jpg"},"orderable":true,"show_badge":true,"formatted_price":"13,00&nbsp;\u20ac","formatted_published_date":"1er d\u00e9cembre 1998","publisher_availability_label":"Sur commande","short_details":"Henri Court \u2014 \u00c9ditions L'Harmattan","translator":null,"weight":226,"page_count":null,"readership":null,"editor":"\u00c9ditions L'Harmattan","price":1300,"published_date":"1998-11-30T23:00:00.000000Z","support":"Grand format","publisher_availability":1,"stock":0,"editions":[],"url":"https:\/\/quaidesbrumes.com\/ouvrage\/9782738472861\/le-petit-carnet"},{"id":"9782738473707","title":"Musulmanes fran\u00e7aises ; des pratiquantes voil\u00e9es \u00e0 l'universit\u00e9","description":"En nous faisant toucher du doigt les multiples mani\u00e8res par lesquelles ces jeunes femmes articulent identit\u00e9 individuelle, histoire familiale, projection dans l'avenir, et bien souvent les paradoxes de leurs positions, voire leurs contradictions, ce travail permet d'aller au-del\u00e0 des clich\u00e9s faciles et des dichotomies rassurantes.\r","authors":["Nancy Venel"],"category_codes":["1000000","1060000","1060300"],"visuals":{"large":"https:\/\/images.epagine.fr\/707\/9782738473707_1_75.jpg","medium":"https:\/\/images.epagine.fr\/707\/9782738473707_1_m.jpg","thumbnail":"https:\/\/images.epagine.fr\/707\/9782738473707_1_v.jpg"},"orderable":true,"show_badge":true,"formatted_price":"14,50&nbsp;\u20ac","formatted_published_date":"3 mai 2000","publisher_availability_label":"Sur commande","short_details":"Nancy Venel \u2014 \u00c9ditions L'Harmattan","translator":null,"weight":182,"page_count":144,"readership":null,"editor":"\u00c9ditions L'Harmattan","price":1450,"published_date":"2000-05-02T22:00:00.000000Z","support":"Grand format","publisher_availability":1,"stock":0,"editions":[],"url":"https:\/\/quaidesbrumes.com\/ouvrage\/9782738473707\/musulmanes-francaises-des-pratiquantes-voilees-a-luniversite"},{"id":"9782747517485","title":"Une m\u00e8re","description":"C'est le r\u00e9cit de la vie d'une m\u00e8re qui a souffert toute sa vie de ne pas avoir connu la sienne. Au-del\u00e0 des mis\u00e8res de l'Histoire, sa fille nous raconte le long travail de deuil que fit sa m\u00e8re, t\u00f4t orpheline, et les efforts que sa fille dut r\u00e9aliser pour la comprendre, la stimuler, parvenir \u00e0 l'aimer et \u00e0 en \u00eatre aim\u00e9e de mani\u00e8re apais\u00e9e.\r","authors":["Anne Martin"],"category_codes":["1000000","1060000","1060100"],"visuals":{"large":"https:\/\/images.epagine.fr\/485\/9782747517485_1_75.jpg","medium":"https:\/\/images.epagine.fr\/485\/9782747517485_1_m.jpg","thumbnail":"https:\/\/images.epagine.fr\/485\/9782747517485_1_v.jpg"},"orderable":true,"show_badge":true,"formatted_price":"13,00&nbsp;\u20ac","formatted_published_date":"1er novembre 2003","publisher_availability_label":"Sur commande","short_details":"Anne Martin \u2014 \u00c9ditions L'Harmattan","translator":null,"weight":182,"page_count":null,"readership":null,"editor":"\u00c9ditions L'Harmattan","price":1300,"published_date":"2003-10-31T23:00:00.000000Z","support":"Grand format","publisher_availability":1,"stock":0,"editions":[],"url":"https:\/\/quaidesbrumes.com\/ouvrage\/9782747517485\/une-mere"},{"id":"9782858022823","title":"Sa'id atba de n'goussa  histoire et etat ...","description":null,"authors":["Romey Alain"],"category_codes":["1000000","1060000","1060100"],"visuals":{"large":"https:\/\/quaidesbrumes.com\/img\/book-placeholder.png","medium":"https:\/\/quaidesbrumes.com\/img\/book-placeholder.png","thumbnail":"https:\/\/quaidesbrumes.com\/img\/book-placeholder.png"},"orderable":true,"show_badge":true,"formatted_price":"17,80&nbsp;\u20ac","formatted_published_date":"1er d\u00e9cembre 2004","publisher_availability_label":"Sur commande","short_details":"Romey Alain \u2014 \u00c9ditions L'Harmattan","translator":null,"weight":308,"page_count":null,"readership":null,"editor":"\u00c9ditions L'Harmattan","price":1780,"published_date":"2004-11-30T23:00:00.000000Z","support":"Grand format","publisher_availability":1,"stock":0,"editions":[],"url":"https:\/\/quaidesbrumes.com\/ouvrage\/9782858022823\/said-atba-de-ngoussa-histoire-et-etat"},{"id":"9782858027576","title":"S\u00e9n\u00e9gal, du temps de","description":"Les souvenirs d'un m\u00e9decin-v\u00e9t\u00e9rinaire s\u00e9n\u00e9galais qui est devenu l'un des principaux repr\u00e9sentants de la litt\u00e9rature africaine.","authors":["Amadou sarr Diop"],"category_codes":["9000000","9050000","9050200"],"visuals":{"large":"https:\/\/images.epagine.fr\/576\/9782858027576_1_75.jpg","medium":"https:\/\/images.epagine.fr\/576\/9782858027576_1_m.jpg","thumbnail":"https:\/\/images.epagine.fr\/576\/9782858027576_1_v.jpg"},"orderable":true,"show_badge":true,"formatted_price":"19,30&nbsp;\u20ac","formatted_published_date":"3 mai 2000","publisher_availability_label":"Sur commande","short_details":"Amadou sarr Diop \u2014 \u00c9ditions L'Harmattan","translator":null,"weight":286,"page_count":220,"readership":null,"editor":"\u00c9ditions L'Harmattan","price":1930,"published_date":"2000-05-02T22:00:00.000000Z","support":"Grand format","publisher_availability":1,"stock":0,"editions":[],"url":"https:\/\/quaidesbrumes.com\/ouvrage\/9782858027576\/senegal-du-temps-de"},{"id":"9782858029860","title":"Les migrants en Europe ; quel avenir \u00e9ducatif et culturel ?","description":null,"authors":["R. Benattig"],"category_codes":["1000000","1060000","1060300"],"visuals":{"large":"https:\/\/images.epagine.fr\/860\/9782858029860_1_75.jpg","medium":"https:\/\/images.epagine.fr\/860\/9782858029860_1_m.jpg","thumbnail":"https:\/\/images.epagine.fr\/860\/9782858029860_1_v.jpg"},"orderable":true,"show_badge":true,"formatted_price":"13,50&nbsp;\u20ac","formatted_published_date":"3 mai 2000","publisher_availability_label":"Sur commande","short_details":"R. Benattig \u2014 \u00c9ditions L'Harmattan","translator":null,"weight":176,"page_count":null,"readership":null,"editor":"\u00c9ditions L'Harmattan","price":1350,"published_date":"2000-05-02T22:00:00.000000Z","support":"Grand format","publisher_availability":1,"stock":0,"editions":[],"url":"https:\/\/quaidesbrumes.com\/ouvrage\/9782858029860\/les-migrants-en-europe-quel-avenir-educatif-et-culturel"},{"id":"9782878676044","title":"Mon enfance en algerie","description":null,"authors":["Jean Miche Rodriguez"],"category_codes":["1000000","1060000","1060200"],"visuals":{"large":"https:\/\/quaidesbrumes.com\/img\/book-placeholder.png","medium":"https:\/\/quaidesbrumes.com\/img\/book-placeholder.png","thumbnail":"https:\/\/quaidesbrumes.com\/img\/book-placeholder.png"},"orderable":true,"show_badge":true,"formatted_price":"20,00&nbsp;\u20ac","formatted_published_date":"22 f\u00e9vrier 2005","publisher_availability_label":"Sur commande","short_details":"Jean Miche Rodriguez \u2014 Presses Du Midi","translator":null,"weight":374,"page_count":null,"readership":null,"editor":"Presses Du Midi","price":2000,"published_date":"2005-02-21T23:00:00.000000Z","support":"Grand format","publisher_availability":1,"stock":0,"editions":[],"url":"https:\/\/quaidesbrumes.com\/ouvrage\/9782878676044\/mon-enfance-en-algerie"},{"id":"9782738442215","title":"La litt\u00e9rature d'enfance et de jeunesse en C\u00f4te-d'Ivoire ; structures de production et de distribution du livre pour enfants","description":"Apr\u00e8s plus de trente ann\u00e9es d'ind\u00e9pendance, le continent africain est encore aujourd'hui \u00e0 la recherche de sa propre identit\u00e9.\r\nL'Afrique s'interroge sur son avenir culturel, \u00e9conomique et politique. Sur le plan culturel, la quasi-totalit\u00e9 des pays africains restent largement tributaires des importations ; ces importations ne r\u00e9solvent qu'en partie la carence et la difficult\u00e9 des jeunes nations francophones d'Afrique. Il y a v\u00e9ritablement de quoi s'inqui\u00e9ter, lorsqu'on observe la faiblesse des structures de production, de distribution de livres en Afrique.\r\nLes Etats qui en ont les moyens r\u00e9solvent leur d\u00e9ficit par l'importation massive de livres \u00e9trangers ; solution qui n'est que du court terme. En C\u00f4te-d'Ivoire, le livre pour enfants repr\u00e9sente moins de 2 % des productions locales. On ne lui accorde gu\u00e8re un meilleur sort dans les importations. En fait, les conclusions auxquelles l'auteur est parvenu \u00e9taient pr\u00e9visibles. Ce que l'on savait moins, c'\u00e9tait le degr\u00e9 de la d\u00e9pendance et le poids de cette carence sur les syst\u00e8mes \u00e9ducatifs des pays au sud du Sahara.\r\nA l'examen des structures de production (maisons d'\u00e9dition, imprimeries, services d'\u00e9dition des universit\u00e9s, etc.), de distribution (librairies, biblioth\u00e8ques publiques et priv\u00e9es et autres centres de distribution, etc.), l'auteur note une d\u00e9pendance quantitative et qualitative du livre pour enfants en Afrique noire francophone et sp\u00e9cifiquement en C\u00f4te-d'Ivoire. La d\u00e9pendance s'explique aussi par les apports d'organisations internationales, dont l'ACCT et l'UNESCO.\r\nUne contribution \u00e0 l'avancement de la bibliologie moderne sur le continent africain.\r","authors":["Si\u00e9 Konate"],"category_codes":["1000000","1060000","1060300"],"visuals":{"large":"https:\/\/images.epagine.fr\/215\/9782738442215_1_75.jpg","medium":"https:\/\/images.epagine.fr\/215\/9782738442215_1_m.jpg","thumbnail":"https:\/\/images.epagine.fr\/215\/9782738442215_1_v.jpg"},"orderable":true,"show_badge":true,"formatted_price":"14,25&nbsp;\u20ac","formatted_published_date":"3 mai 2000","publisher_availability_label":"Sur commande","short_details":"Si\u00e9 Konate \u2014 \u00c9ditions L'Harmattan","translator":null,"weight":208,"page_count":160,"readership":null,"editor":"\u00c9ditions L'Harmattan","price":1425,"published_date":"2000-05-02T22:00:00.000000Z","support":"Grand format","publisher_availability":1,"stock":0,"editions":[],"url":"https:\/\/quaidesbrumes.com\/ouvrage\/9782738442215\/la-litterature-denfance-et-de-jeunesse-en-cote-divoire-structures-de-production-et-de-distribution-du-livre-pour-enfants"},{"id":"9791023616606","title":"Lever l'encre","description":"Assign\u00e9s \u00e0 douce r\u00e9sidence, ils ont repris la plume, pour \u00e9changer quotidiennement, dans le silence d'un monde subitement \u00e9teint, leurs sentiments, leurs \u00e9motions, color\u00e9e par leur regard sur le pr\u00e9sent dans la lumi\u00e8re de leurs souvenirs.\r\nDans cette correspondance crois\u00e9e, duo sucr\u00e9-sal\u00e9, ils nous font voyager dans une histoire dr\u00f4le, \u00e9mouvante, tendre et violente.\r\nUne lecture r\u00e9jouissante entre Aix-en-Provence et M\u00e9diterran\u00e9e, pleine de surprises, o\u00f9 la pand\u00e9mie sert de pr\u00e9texte \u00e0 une promenade, au jour le jour, sur les chemins suivis par leur existence.\r","authors":["Jacques Peronne","Jacques Roure"],"category_codes":["1000000","1060000","1060300"],"visuals":{"large":"https:\/\/images.epagine.fr\/606\/9791023616606_1_75.jpg","medium":"https:\/\/images.epagine.fr\/606\/9791023616606_1_m.jpg","thumbnail":"https:\/\/images.epagine.fr\/606\/9791023616606_1_v.jpg"},"orderable":true,"show_badge":true,"formatted_price":"15,00&nbsp;\u20ac","formatted_published_date":"19 novembre 2020","publisher_availability_label":"Sur commande","short_details":"Jacques Peronne, Jacques Roure \u2014 Publishroom Factory","translator":null,"weight":460,"page_count":349,"readership":null,"editor":"Publishroom Factory","price":1500,"published_date":"2020-11-18T23:00:00.000000Z","support":"Grand format","publisher_availability":1,"stock":0,"editions":[],"url":"https:\/\/quaidesbrumes.com\/ouvrage\/9791023616606\/lever-lencre"}]}